{"id":9996,"date":"2017-08-17T18:34:53","date_gmt":"2017-08-17T21:34:53","guid":{"rendered":"http:\/\/vamosporlaliberacion.org\/crpmlm\/?p=9996"},"modified":"2020-10-12T21:06:39","modified_gmt":"2020-10-13T00:06:39","slug":"la-renga-en-huracan-rompio-10-anos-de-proscripcion","status":"publish","type":"post","link":"https:\/\/vamosporlaliberacion.org\/crpmlm\/la-renga-en-huracan-rompio-10-anos-de-proscripcion\/","title":{"rendered":"La Renga en Hurac\u00e1n rompi\u00f3 10 a\u00f1os de proscripci\u00f3n"},"content":{"rendered":"<p class=\"Parrafo-inicial\"><span class=\"char-style-override-6\">H<\/span>ace 10 a\u00f1os el gobierno de Macri y del PRO en la Ciudad decretaba una proscripci\u00f3n al Rock Nacional, prohibiendo las actuaciones de La Renga y muchas otras bandas. Tambi\u00e9n cerraron centenares de centros culturales donde se manifestaban todos los g\u00e9neros y la juventud.<\/p>\n<p class=\"Texto-base\">Como contrapartida dieron v\u00eda libre las fiestas electr\u00f3nicas fashion, como la de Time Warp en Costa Salguero, el bunker de campa\u00f1a del PRO donde el \u201cnegocio\u201d del \u00e9xtasis y las botellitas de agua a $100 mataron a 10 pibes.<\/p>\n<p class=\"Texto-base\">Nosotros, los que luchamos por verdadera justicia para los pibes muertos en Croma\u00f1\u00f3n producto de la corrupci\u00f3n gubernamental, policial y empresarial, hoy seguimos luchando por lo mismo, para que en todos estos casos no haya impunidad. Porque el problema est\u00e1 claro que no era el rock: era la corrupci\u00f3n y el negocio, sea con la m\u00fasica, el f\u00fatbol o los remedios del PAMI.<\/p>\n<p class=\"Subt-tulo\"><strong>La vuelta<\/strong><\/p>\n<p class=\"Texto-base\">Tras un nuevo intento del gobierno de Larreta para continuar no autorizando las presentaciones de La Renga tampoco en 2017, se realiz\u00f3 el banderazo nacional en repudio a esa prohibici\u00f3n donde miles de seguidores de la banda se manifestaron en distintos puntos del pa\u00eds.<\/p>\n<p class=\"Texto-base\">La situaci\u00f3n de discriminaci\u00f3n no dio para m\u00e1s y as\u00ed se habilitaron cuatro fechas en Hurac\u00e1n, que se acaban de hacer a estadio lleno, con unas 38.000 personas por noche. Y ahora se sumaron dos fechas m\u00e1s para el 26 y el 30 de agosto.<\/p>\n<p class=\"Texto-base\">Durante la \u00faltima presentaci\u00f3n el 9 de agosto La Renga se sum\u00f3 a la lucha por la aparici\u00f3n con vida de Santiago Maldonado, reclamo que fue acompa\u00f1ado por la proyecci\u00f3n de su rostro en las pantallas gigantes del estadio.<\/p>\n<p class=\"Texto-base\">En medio del contexto de esta vuelta de la Renga a CABA, el s\u00e1bado 5 un grupo de compa\u00f1eras y compa\u00f1eros de la Juventud del CR repartieron en las inmediaciones de Hurac\u00e1n m\u00e1s de 5.000 volantes saludando la derrota de esta proscripci\u00f3n al rock nacional que se dio junto al cierre de cientos de culturales, y desde all\u00ed llamando a seguir luchando y a castigarlos con el voto en las elecciones.<\/p>\n<p class=\"Texto-base\">El compromiso de La Renga siempre fue los que lo distingui\u00f3, desde el asesinato de Walter Bulacio en los \u201890 hasta el presente. Y a los que en 2002 organizamos aquel recital en el Obelisco en repudio a la invasi\u00f3n yanqui a Irak, con la participaci\u00f3n de mucha bandas, no se nos borrar\u00e1 nunca de la mente lo que fue el cierre de La Renga en aquella jornada.<\/p>\n<p class=\"Autor para-style-override-8\">Corresponsal<\/p>\n<!-- AddThis Advanced Settings generic via filter on the_content --><!-- AddThis Share Buttons generic via filter on the_content -->","protected":false},"excerpt":{"rendered":"<p>Hace 10 a\u00f1os el gobierno de Macri y del PRO en la Ciudad decretaba una proscripci\u00f3n al Rock Nacional, prohibiendo las actuaciones de La Renga y muchas otras bandas. Tambi\u00e9n cerraron centenares de centros culturales donde se manifestaban todos los g\u00e9neros y la juventud. Como contrapartida dieron v\u00eda libre las fiestas electr\u00f3nicas fashion, como la [&hellip;]<!-- AddThis Advanced Settings generic via filter on get_the_excerpt --><!-- AddThis Share Buttons generic via filter on get_the_excerpt --><\/p>\n","protected":false},"author":5,"featured_media":9997,"comment_status":"open","ping_status":"open","sticky":false,"template":"","format":"standard","meta":{"_jetpack_memberships_contains_paid_content":false,"footnotes":""},"categories":[1850],"tags":[1062,221,1060],"class_list":{"0":"post-9996","1":"post","2":"type-post","3":"status-publish","4":"format-standard","5":"has-post-thumbnail","7":"category-cultura","8":"tag-la-renga","9":"tag-rock","10":"tag-vxl-103"},"yoast_head":"<!-- This site is optimized with the Yoast SEO plugin v27.4 - https:\/\/yoast.com\/product\/yoast-seo-wordpress\/ -->\n<title>La Renga en Hurac\u00e1n rompi\u00f3 10 a\u00f1os de proscripci\u00f3n - Vamos por la Liberaci\u00f3n<\/title>\n<meta name=\"robots\" content=\"index, follow, max-snippet:-1, max-image-preview:large, max-video-preview:-1\" \/>\n<link rel=\"canonical\" href=\"https:\/\/vamosporlaliberacion.org\/crpmlm\/la-renga-en-huracan-rompio-10-anos-de-proscripcion\/\" \/>\n<meta name=\"twitter:label1\" content=\"Escrito por\" \/>\n\t<meta name=\"twitter:data1\" content=\"\" \/>\n\t<meta name=\"twitter:label2\" content=\"Tiempo de lectura\" \/>\n\t<meta name=\"twitter:data2\" content=\"2 minutos\" \/>\n<script type=\"application\/ld+json\" class=\"yoast-schema-graph\">{\"@context\":\"https:\\\/\\\/schema.org\",\"@graph\":[{\"@type\":\"Article\",\"@id\":\"https:\\\/\\\/vamosporlaliberacion.org\\\/crpmlm\\\/la-renga-en-huracan-rompio-10-anos-de-proscripcion\\\/#article\",\"isPartOf\":{\"@id\":\"https:\\\/\\\/vamosporlaliberacion.org\\\/crpmlm\\\/la-renga-en-huracan-rompio-10-anos-de-proscripcion\\\/\"},\"author\":{\"name\":\"\",\"@id\":\"\"},\"headline\":\"La Renga en Hurac\u00e1n rompi\u00f3 10 a\u00f1os de proscripci\u00f3n\",\"datePublished\":\"2017-08-17T21:34:53+00:00\",\"dateModified\":\"2020-10-13T00:06:39+00:00\",\"mainEntityOfPage\":{\"@id\":\"https:\\\/\\\/vamosporlaliberacion.org\\\/crpmlm\\\/la-renga-en-huracan-rompio-10-anos-de-proscripcion\\\/\"},\"wordCount\":446,\"commentCount\":0,\"image\":{\"@id\":\"https:\\\/\\\/vamosporlaliberacion.org\\\/crpmlm\\\/la-renga-en-huracan-rompio-10-anos-de-proscripcion\\\/#primaryimage\"},\"thumbnailUrl\":\"https:\\\/\\\/i0.wp.com\\\/vamosporlaliberacion.org\\\/crpmlm\\\/wp-content\\\/uploads\\\/2017\\\/08\\\/image593c68eb6cab46.72889839.jpg?fit=1000%2C664&ssl=1\",\"keywords\":[\"La Renga\",\"Rock\",\"vxl 103\"],\"articleSection\":[\"cultura\"],\"inLanguage\":\"es\",\"potentialAction\":[{\"@type\":\"CommentAction\",\"name\":\"Comment\",\"target\":[\"https:\\\/\\\/vamosporlaliberacion.org\\\/crpmlm\\\/la-renga-en-huracan-rompio-10-anos-de-proscripcion\\\/#respond\"]}]},{\"@type\":\"WebPage\",\"@id\":\"https:\\\/\\\/vamosporlaliberacion.org\\\/crpmlm\\\/la-renga-en-huracan-rompio-10-anos-de-proscripcion\\\/\",\"url\":\"https:\\\/\\\/vamosporlaliberacion.org\\\/crpmlm\\\/la-renga-en-huracan-rompio-10-anos-de-proscripcion\\\/\",\"name\":\"La Renga en Hurac\u00e1n rompi\u00f3 10 a\u00f1os de proscripci\u00f3n - Vamos por la Liberaci\u00f3n\",\"isPartOf\":{\"@id\":\"https:\\\/\\\/vamosporlaliberacion.org\\\/crpmlm\\\/#website\"},\"primaryImageOfPage\":{\"@id\":\"https:\\\/\\\/vamosporlaliberacion.org\\\/crpmlm\\\/la-renga-en-huracan-rompio-10-anos-de-proscripcion\\\/#primaryimage\"},\"image\":{\"@id\":\"https:\\\/\\\/vamosporlaliberacion.org\\\/crpmlm\\\/la-renga-en-huracan-rompio-10-anos-de-proscripcion\\\/#primaryimage\"},\"thumbnailUrl\":\"https:\\\/\\\/i0.wp.com\\\/vamosporlaliberacion.org\\\/crpmlm\\\/wp-content\\\/uploads\\\/2017\\\/08\\\/image593c68eb6cab46.72889839.jpg?fit=1000%2C664&ssl=1\",\"datePublished\":\"2017-08-17T21:34:53+00:00\",\"dateModified\":\"2020-10-13T00:06:39+00:00\",\"author\":{\"@id\":\"\"},\"breadcrumb\":{\"@id\":\"https:\\\/\\\/vamosporlaliberacion.org\\\/crpmlm\\\/la-renga-en-huracan-rompio-10-anos-de-proscripcion\\\/#breadcrumb\"},\"inLanguage\":\"es\",\"potentialAction\":[{\"@type\":\"ReadAction\",\"target\":[\"https:\\\/\\\/vamosporlaliberacion.org\\\/crpmlm\\\/la-renga-en-huracan-rompio-10-anos-de-proscripcion\\\/\"]}]},{\"@type\":\"ImageObject\",\"inLanguage\":\"es\",\"@id\":\"https:\\\/\\\/vamosporlaliberacion.org\\\/crpmlm\\\/la-renga-en-huracan-rompio-10-anos-de-proscripcion\\\/#primaryimage\",\"url\":\"https:\\\/\\\/i0.wp.com\\\/vamosporlaliberacion.org\\\/crpmlm\\\/wp-content\\\/uploads\\\/2017\\\/08\\\/image593c68eb6cab46.72889839.jpg?fit=1000%2C664&ssl=1\",\"contentUrl\":\"https:\\\/\\\/i0.wp.com\\\/vamosporlaliberacion.org\\\/crpmlm\\\/wp-content\\\/uploads\\\/2017\\\/08\\\/image593c68eb6cab46.72889839.jpg?fit=1000%2C664&ssl=1\",\"width\":1000,\"height\":664},{\"@type\":\"BreadcrumbList\",\"@id\":\"https:\\\/\\\/vamosporlaliberacion.org\\\/crpmlm\\\/la-renga-en-huracan-rompio-10-anos-de-proscripcion\\\/#breadcrumb\",\"itemListElement\":[{\"@type\":\"ListItem\",\"position\":1,\"name\":\"Portada\",\"item\":\"https:\\\/\\\/vamosporlaliberacion.org\\\/crpmlm\\\/\"},{\"@type\":\"ListItem\",\"position\":2,\"name\":\"La Renga en Hurac\u00e1n rompi\u00f3 10 a\u00f1os de proscripci\u00f3n\"}]},{\"@type\":\"WebSite\",\"@id\":\"https:\\\/\\\/vamosporlaliberacion.org\\\/crpmlm\\\/#website\",\"url\":\"https:\\\/\\\/vamosporlaliberacion.org\\\/crpmlm\\\/\",\"name\":\"Vamos por la Liberaci\u00f3n\",\"description\":\"Prensa CR\",\"potentialAction\":[{\"@type\":\"SearchAction\",\"target\":{\"@type\":\"EntryPoint\",\"urlTemplate\":\"https:\\\/\\\/vamosporlaliberacion.org\\\/crpmlm\\\/?s={search_term_string}\"},\"query-input\":{\"@type\":\"PropertyValueSpecification\",\"valueRequired\":true,\"valueName\":\"search_term_string\"}}],\"inLanguage\":\"es\"},{\"@type\":\"Person\",\"@id\":\"\",\"url\":\"https:\\\/\\\/vamosporlaliberacion.org\\\/crpmlm\\\/author\\\/\"}]}<\/script>\n<!-- \/ Yoast SEO plugin. -->","yoast_head_json":{"title":"La Renga en Hurac\u00e1n rompi\u00f3 10 a\u00f1os de proscripci\u00f3n - Vamos por la Liberaci\u00f3n","robots":{"index":"index","follow":"follow","max-snippet":"max-snippet:-1","max-image-preview":"max-image-preview:large","max-video-preview":"max-video-preview:-1"},"canonical":"https:\/\/vamosporlaliberacion.org\/crpmlm\/la-renga-en-huracan-rompio-10-anos-de-proscripcion\/","twitter_misc":{"Escrito por":"","Tiempo de lectura":"2 minutos"},"schema":{"@context":"https:\/\/schema.org","@graph":[{"@type":"Article","@id":"https:\/\/vamosporlaliberacion.org\/crpmlm\/la-renga-en-huracan-rompio-10-anos-de-proscripcion\/#article","isPartOf":{"@id":"https:\/\/vamosporlaliberacion.org\/crpmlm\/la-renga-en-huracan-rompio-10-anos-de-proscripcion\/"},"author":{"name":"","@id":""},"headline":"La Renga en Hurac\u00e1n rompi\u00f3 10 a\u00f1os de proscripci\u00f3n","datePublished":"2017-08-17T21:34:53+00:00","dateModified":"2020-10-13T00:06:39+00:00","mainEntityOfPage":{"@id":"https:\/\/vamosporlaliberacion.org\/crpmlm\/la-renga-en-huracan-rompio-10-anos-de-proscripcion\/"},"wordCount":446,"commentCount":0,"image":{"@id":"https:\/\/vamosporlaliberacion.org\/crpmlm\/la-renga-en-huracan-rompio-10-anos-de-proscripcion\/#primaryimage"},"thumbnailUrl":"https:\/\/i0.wp.com\/vamosporlaliberacion.org\/crpmlm\/wp-content\/uploads\/2017\/08\/image593c68eb6cab46.72889839.jpg?fit=1000%2C664&ssl=1","keywords":["La Renga","Rock","vxl 103"],"articleSection":["cultura"],"inLanguage":"es","potentialAction":[{"@type":"CommentAction","name":"Comment","target":["https:\/\/vamosporlaliberacion.org\/crpmlm\/la-renga-en-huracan-rompio-10-anos-de-proscripcion\/#respond"]}]},{"@type":"WebPage","@id":"https:\/\/vamosporlaliberacion.org\/crpmlm\/la-renga-en-huracan-rompio-10-anos-de-proscripcion\/","url":"https:\/\/vamosporlaliberacion.org\/crpmlm\/la-renga-en-huracan-rompio-10-anos-de-proscripcion\/","name":"La Renga en Hurac\u00e1n rompi\u00f3 10 a\u00f1os de proscripci\u00f3n - Vamos por la Liberaci\u00f3n","isPartOf":{"@id":"https:\/\/vamosporlaliberacion.org\/crpmlm\/#website"},"primaryImageOfPage":{"@id":"https:\/\/vamosporlaliberacion.org\/crpmlm\/la-renga-en-huracan-rompio-10-anos-de-proscripcion\/#primaryimage"},"image":{"@id":"https:\/\/vamosporlaliberacion.org\/crpmlm\/la-renga-en-huracan-rompio-10-anos-de-proscripcion\/#primaryimage"},"thumbnailUrl":"https:\/\/i0.wp.com\/vamosporlaliberacion.org\/crpmlm\/wp-content\/uploads\/2017\/08\/image593c68eb6cab46.72889839.jpg?fit=1000%2C664&ssl=1","datePublished":"2017-08-17T21:34:53+00:00","dateModified":"2020-10-13T00:06:39+00:00","author":{"@id":""},"breadcrumb":{"@id":"https:\/\/vamosporlaliberacion.org\/crpmlm\/la-renga-en-huracan-rompio-10-anos-de-proscripcion\/#breadcrumb"},"inLanguage":"es","potentialAction":[{"@type":"ReadAction","target":["https:\/\/vamosporlaliberacion.org\/crpmlm\/la-renga-en-huracan-rompio-10-anos-de-proscripcion\/"]}]},{"@type":"ImageObject","inLanguage":"es","@id":"https:\/\/vamosporlaliberacion.org\/crpmlm\/la-renga-en-huracan-rompio-10-anos-de-proscripcion\/#primaryimage","url":"https:\/\/i0.wp.com\/vamosporlaliberacion.org\/crpmlm\/wp-content\/uploads\/2017\/08\/image593c68eb6cab46.72889839.jpg?fit=1000%2C664&ssl=1","contentUrl":"https:\/\/i0.wp.com\/vamosporlaliberacion.org\/crpmlm\/wp-content\/uploads\/2017\/08\/image593c68eb6cab46.72889839.jpg?fit=1000%2C664&ssl=1","width":1000,"height":664},{"@type":"BreadcrumbList","@id":"https:\/\/vamosporlaliberacion.org\/crpmlm\/la-renga-en-huracan-rompio-10-anos-de-proscripcion\/#breadcrumb","itemListElement":[{"@type":"ListItem","position":1,"name":"Portada","item":"https:\/\/vamosporlaliberacion.org\/crpmlm\/"},{"@type":"ListItem","position":2,"name":"La Renga en Hurac\u00e1n rompi\u00f3 10 a\u00f1os de proscripci\u00f3n"}]},{"@type":"WebSite","@id":"https:\/\/vamosporlaliberacion.org\/crpmlm\/#website","url":"https:\/\/vamosporlaliberacion.org\/crpmlm\/","name":"Vamos por la Liberaci\u00f3n","description":"Prensa CR","potentialAction":[{"@type":"SearchAction","target":{"@type":"EntryPoint","urlTemplate":"https:\/\/vamosporlaliberacion.org\/crpmlm\/?s={search_term_string}"},"query-input":{"@type":"PropertyValueSpecification","valueRequired":true,"valueName":"search_term_string"}}],"inLanguage":"es"},{"@type":"Person","@id":"","url":"https:\/\/vamosporlaliberacion.org\/crpmlm\/author\/"}]}},"jetpack_featured_media_url":"https:\/\/i0.wp.com\/vamosporlaliberacion.org\/crpmlm\/wp-content\/uploads\/2017\/08\/image593c68eb6cab46.72889839.jpg?fit=1000%2C664&ssl=1","jetpack_sharing_enabled":true,"_links":{"self":[{"href":"https:\/\/vamosporlaliberacion.org\/crpmlm\/wp-json\/wp\/v2\/posts\/9996","targetHints":{"allow":["GET"]}}],"collection":[{"href":"https:\/\/vamosporlaliberacion.org\/crpmlm\/wp-json\/wp\/v2\/posts"}],"about":[{"href":"https:\/\/vamosporlaliberacion.org\/crpmlm\/wp-json\/wp\/v2\/types\/post"}],"author":[{"embeddable":true,"href":"https:\/\/vamosporlaliberacion.org\/crpmlm\/wp-json\/wp\/v2\/users\/5"}],"replies":[{"embeddable":true,"href":"https:\/\/vamosporlaliberacion.org\/crpmlm\/wp-json\/wp\/v2\/comments?post=9996"}],"version-history":[{"count":1,"href":"https:\/\/vamosporlaliberacion.org\/crpmlm\/wp-json\/wp\/v2\/posts\/9996\/revisions"}],"predecessor-version":[{"id":20019,"href":"https:\/\/vamosporlaliberacion.org\/crpmlm\/wp-json\/wp\/v2\/posts\/9996\/revisions\/20019"}],"wp:featuredmedia":[{"embeddable":true,"href":"https:\/\/vamosporlaliberacion.org\/crpmlm\/wp-json\/wp\/v2\/media\/9997"}],"wp:attachment":[{"href":"https:\/\/vamosporlaliberacion.org\/crpmlm\/wp-json\/wp\/v2\/media?parent=9996"}],"wp:term":[{"taxonomy":"category","embeddable":true,"href":"https:\/\/vamosporlaliberacion.org\/crpmlm\/wp-json\/wp\/v2\/categories?post=9996"},{"taxonomy":"post_tag","embeddable":true,"href":"https:\/\/vamosporlaliberacion.org\/crpmlm\/wp-json\/wp\/v2\/tags?post=9996"}],"curies":[{"name":"wp","href":"https:\/\/api.w.org\/{rel}","templated":true}]}}