{"id":9885,"date":"2017-07-28T20:53:00","date_gmt":"2017-07-28T23:53:00","guid":{"rendered":"http:\/\/vamosporlaliberacion.org\/crpmlm\/?p=9885"},"modified":"2017-07-28T20:53:00","modified_gmt":"2017-07-28T23:53:00","slug":"avanza-la-colecta-financiera-2","status":"publish","type":"post","link":"https:\/\/vamosporlaliberacion.org\/crpmlm\/avanza-la-colecta-financiera-2\/","title":{"rendered":"Avanza la Colecta Financiera"},"content":{"rendered":"<p>Entramos en la segunda mitad de la colecta financiera llevando realizado 57,5% de dinero, donde las la mayor\u00eda de los zonales han proclamado. Las zonas que han cerrado como Capital Federal (63%), C\u00f3rdoba (67%), La Plata (53,4%), Bah\u00eda Blanca (48,5%), Chascom\u00fas que superaron (150%), Zona Norte (41,5%), R\u00edo Negro (40%) y las comisiones nacionales (65%) est\u00e1n llevando adelante diversas iniciativas como en el subterr\u00e1neo de Capital, en ATE (donde ya lleg\u00f3 al 101%), no docentes, bancarios, en el movimiento territorial, docentes, as\u00ed como la juventud. En Bah\u00eda Blanca se desarrolla en Qu\u00edmicos, estudiantes y los barrios, en C\u00f3rdoba en los barrios y asalariados; en R\u00edo Negro principalmente en docentes, as\u00ed como en Chascom\u00fas en los barrios y estatales.<\/p>\n<p>En general los compa\u00f1eros\/ras son muy bien recibidos y hay gran avidez en discutir las posiciones electorales y sobre todo la necesidad de castigar fuerte al gobierno nacional y provinciales para que frenar el ajuste.<\/p>\n<p>Los buenos resultados que vamos obteniendo en el abordaje en los procesos nos tienen que empujar a garantizar el \u00faltimo tramo de la colecta asegurando toda la lista de aportistas esperando a\u00fan a los que vuelven de vacaciones para llegar a los objetivos junto con el trabajo de la declaraci\u00f3n frente a las elecciones del CR en cada lugar.<\/p>\n<!-- AddThis Advanced Settings generic via filter on the_content --><!-- AddThis Share Buttons generic via filter on the_content -->","protected":false},"excerpt":{"rendered":"<p>Entramos en la segunda mitad de la colecta financiera llevando realizado 57,5% de dinero, donde las la mayor\u00eda de los zonales han proclamado. Las zonas que han cerrado como Capital Federal (63%), C\u00f3rdoba (67%), La Plata (53,4%), Bah\u00eda Blanca (48,5%), Chascom\u00fas que superaron (150%), Zona Norte (41,5%), R\u00edo Negro (40%) y las comisiones nacionales (65%) [&hellip;]<!-- AddThis Advanced Settings generic via filter on get_the_excerpt --><!-- AddThis Share Buttons generic via filter on get_the_excerpt --><\/p>\n","protected":false},"author":5,"featured_media":9886,"comment_status":"open","ping_status":"open","sticky":false,"template":"","format":"standard","meta":{"_jetpack_memberships_contains_paid_content":false,"footnotes":""},"categories":[1699],"tags":[62,519,1044],"class_list":{"0":"post-9885","1":"post","2":"type-post","3":"status-publish","4":"format-standard","5":"has-post-thumbnail","7":"category-noticias","8":"tag-colecta-financiera","9":"tag-destacado","10":"tag-vxl-102"},"yoast_head":"<!-- This site is optimized with the Yoast SEO plugin v27.4 - https:\/\/yoast.com\/product\/yoast-seo-wordpress\/ -->\n<title>Avanza la Colecta Financiera - Vamos por la Liberaci\u00f3n<\/title>\n<meta name=\"robots\" content=\"index, follow, max-snippet:-1, max-image-preview:large, max-video-preview:-1\" \/>\n<link rel=\"canonical\" href=\"http:\/\/vamosporlaliberacion.org\/crpmlm\/avanza-la-colecta-financiera-2\/\" \/>\n<meta name=\"twitter:label1\" content=\"Escrito por\" \/>\n\t<meta name=\"twitter:data1\" content=\"\" \/>\n\t<meta name=\"twitter:label2\" content=\"Tiempo de lectura\" \/>\n\t<meta name=\"twitter:data2\" content=\"1 minuto\" \/>\n<script type=\"application\/ld+json\" class=\"yoast-schema-graph\">{\"@context\":\"https:\\\/\\\/schema.org\",\"@graph\":[{\"@type\":\"Article\",\"@id\":\"http:\\\/\\\/vamosporlaliberacion.org\\\/crpmlm\\\/avanza-la-colecta-financiera-2\\\/#article\",\"isPartOf\":{\"@id\":\"http:\\\/\\\/vamosporlaliberacion.org\\\/crpmlm\\\/avanza-la-colecta-financiera-2\\\/\"},\"author\":{\"name\":\"\",\"@id\":\"\"},\"headline\":\"Avanza la Colecta Financiera\",\"datePublished\":\"2017-07-28T23:53:00+00:00\",\"mainEntityOfPage\":{\"@id\":\"http:\\\/\\\/vamosporlaliberacion.org\\\/crpmlm\\\/avanza-la-colecta-financiera-2\\\/\"},\"wordCount\":222,\"commentCount\":0,\"image\":{\"@id\":\"http:\\\/\\\/vamosporlaliberacion.org\\\/crpmlm\\\/avanza-la-colecta-financiera-2\\\/#primaryimage\"},\"thumbnailUrl\":\"https:\\\/\\\/i0.wp.com\\\/vamosporlaliberacion.org\\\/crpmlm\\\/wp-content\\\/uploads\\\/2017\\\/07\\\/IMG-20170724-WA0003.jpg?fit=716%2C538&ssl=1\",\"keywords\":[\"Colecta financiera\",\"destacado\",\"vxl 102\"],\"articleSection\":[\"Noticias\"],\"inLanguage\":\"es\",\"potentialAction\":[{\"@type\":\"CommentAction\",\"name\":\"Comment\",\"target\":[\"http:\\\/\\\/vamosporlaliberacion.org\\\/crpmlm\\\/avanza-la-colecta-financiera-2\\\/#respond\"]}]},{\"@type\":\"WebPage\",\"@id\":\"http:\\\/\\\/vamosporlaliberacion.org\\\/crpmlm\\\/avanza-la-colecta-financiera-2\\\/\",\"url\":\"http:\\\/\\\/vamosporlaliberacion.org\\\/crpmlm\\\/avanza-la-colecta-financiera-2\\\/\",\"name\":\"Avanza la Colecta Financiera - Vamos por la Liberaci\u00f3n\",\"isPartOf\":{\"@id\":\"https:\\\/\\\/vamosporlaliberacion.org\\\/crpmlm\\\/#website\"},\"primaryImageOfPage\":{\"@id\":\"http:\\\/\\\/vamosporlaliberacion.org\\\/crpmlm\\\/avanza-la-colecta-financiera-2\\\/#primaryimage\"},\"image\":{\"@id\":\"http:\\\/\\\/vamosporlaliberacion.org\\\/crpmlm\\\/avanza-la-colecta-financiera-2\\\/#primaryimage\"},\"thumbnailUrl\":\"https:\\\/\\\/i0.wp.com\\\/vamosporlaliberacion.org\\\/crpmlm\\\/wp-content\\\/uploads\\\/2017\\\/07\\\/IMG-20170724-WA0003.jpg?fit=716%2C538&ssl=1\",\"datePublished\":\"2017-07-28T23:53:00+00:00\",\"author\":{\"@id\":\"\"},\"breadcrumb\":{\"@id\":\"http:\\\/\\\/vamosporlaliberacion.org\\\/crpmlm\\\/avanza-la-colecta-financiera-2\\\/#breadcrumb\"},\"inLanguage\":\"es\",\"potentialAction\":[{\"@type\":\"ReadAction\",\"target\":[\"http:\\\/\\\/vamosporlaliberacion.org\\\/crpmlm\\\/avanza-la-colecta-financiera-2\\\/\"]}]},{\"@type\":\"ImageObject\",\"inLanguage\":\"es\",\"@id\":\"http:\\\/\\\/vamosporlaliberacion.org\\\/crpmlm\\\/avanza-la-colecta-financiera-2\\\/#primaryimage\",\"url\":\"https:\\\/\\\/i0.wp.com\\\/vamosporlaliberacion.org\\\/crpmlm\\\/wp-content\\\/uploads\\\/2017\\\/07\\\/IMG-20170724-WA0003.jpg?fit=716%2C538&ssl=1\",\"contentUrl\":\"https:\\\/\\\/i0.wp.com\\\/vamosporlaliberacion.org\\\/crpmlm\\\/wp-content\\\/uploads\\\/2017\\\/07\\\/IMG-20170724-WA0003.jpg?fit=716%2C538&ssl=1\",\"width\":716,\"height\":538},{\"@type\":\"BreadcrumbList\",\"@id\":\"http:\\\/\\\/vamosporlaliberacion.org\\\/crpmlm\\\/avanza-la-colecta-financiera-2\\\/#breadcrumb\",\"itemListElement\":[{\"@type\":\"ListItem\",\"position\":1,\"name\":\"Portada\",\"item\":\"https:\\\/\\\/vamosporlaliberacion.org\\\/crpmlm\\\/\"},{\"@type\":\"ListItem\",\"position\":2,\"name\":\"Avanza la Colecta Financiera\"}]},{\"@type\":\"WebSite\",\"@id\":\"https:\\\/\\\/vamosporlaliberacion.org\\\/crpmlm\\\/#website\",\"url\":\"https:\\\/\\\/vamosporlaliberacion.org\\\/crpmlm\\\/\",\"name\":\"Vamos por la Liberaci\u00f3n\",\"description\":\"Prensa CR\",\"potentialAction\":[{\"@type\":\"SearchAction\",\"target\":{\"@type\":\"EntryPoint\",\"urlTemplate\":\"https:\\\/\\\/vamosporlaliberacion.org\\\/crpmlm\\\/?s={search_term_string}\"},\"query-input\":{\"@type\":\"PropertyValueSpecification\",\"valueRequired\":true,\"valueName\":\"search_term_string\"}}],\"inLanguage\":\"es\"},{\"@type\":\"Person\",\"@id\":\"\",\"url\":\"https:\\\/\\\/vamosporlaliberacion.org\\\/crpmlm\\\/author\\\/\"}]}<\/script>\n<!-- \/ Yoast SEO plugin. -->","yoast_head_json":{"title":"Avanza la Colecta Financiera - Vamos por la Liberaci\u00f3n","robots":{"index":"index","follow":"follow","max-snippet":"max-snippet:-1","max-image-preview":"max-image-preview:large","max-video-preview":"max-video-preview:-1"},"canonical":"http:\/\/vamosporlaliberacion.org\/crpmlm\/avanza-la-colecta-financiera-2\/","twitter_misc":{"Escrito por":"","Tiempo de lectura":"1 minuto"},"schema":{"@context":"https:\/\/schema.org","@graph":[{"@type":"Article","@id":"http:\/\/vamosporlaliberacion.org\/crpmlm\/avanza-la-colecta-financiera-2\/#article","isPartOf":{"@id":"http:\/\/vamosporlaliberacion.org\/crpmlm\/avanza-la-colecta-financiera-2\/"},"author":{"name":"","@id":""},"headline":"Avanza la Colecta Financiera","datePublished":"2017-07-28T23:53:00+00:00","mainEntityOfPage":{"@id":"http:\/\/vamosporlaliberacion.org\/crpmlm\/avanza-la-colecta-financiera-2\/"},"wordCount":222,"commentCount":0,"image":{"@id":"http:\/\/vamosporlaliberacion.org\/crpmlm\/avanza-la-colecta-financiera-2\/#primaryimage"},"thumbnailUrl":"https:\/\/i0.wp.com\/vamosporlaliberacion.org\/crpmlm\/wp-content\/uploads\/2017\/07\/IMG-20170724-WA0003.jpg?fit=716%2C538&ssl=1","keywords":["Colecta financiera","destacado","vxl 102"],"articleSection":["Noticias"],"inLanguage":"es","potentialAction":[{"@type":"CommentAction","name":"Comment","target":["http:\/\/vamosporlaliberacion.org\/crpmlm\/avanza-la-colecta-financiera-2\/#respond"]}]},{"@type":"WebPage","@id":"http:\/\/vamosporlaliberacion.org\/crpmlm\/avanza-la-colecta-financiera-2\/","url":"http:\/\/vamosporlaliberacion.org\/crpmlm\/avanza-la-colecta-financiera-2\/","name":"Avanza la Colecta Financiera - Vamos por la Liberaci\u00f3n","isPartOf":{"@id":"https:\/\/vamosporlaliberacion.org\/crpmlm\/#website"},"primaryImageOfPage":{"@id":"http:\/\/vamosporlaliberacion.org\/crpmlm\/avanza-la-colecta-financiera-2\/#primaryimage"},"image":{"@id":"http:\/\/vamosporlaliberacion.org\/crpmlm\/avanza-la-colecta-financiera-2\/#primaryimage"},"thumbnailUrl":"https:\/\/i0.wp.com\/vamosporlaliberacion.org\/crpmlm\/wp-content\/uploads\/2017\/07\/IMG-20170724-WA0003.jpg?fit=716%2C538&ssl=1","datePublished":"2017-07-28T23:53:00+00:00","author":{"@id":""},"breadcrumb":{"@id":"http:\/\/vamosporlaliberacion.org\/crpmlm\/avanza-la-colecta-financiera-2\/#breadcrumb"},"inLanguage":"es","potentialAction":[{"@type":"ReadAction","target":["http:\/\/vamosporlaliberacion.org\/crpmlm\/avanza-la-colecta-financiera-2\/"]}]},{"@type":"ImageObject","inLanguage":"es","@id":"http:\/\/vamosporlaliberacion.org\/crpmlm\/avanza-la-colecta-financiera-2\/#primaryimage","url":"https:\/\/i0.wp.com\/vamosporlaliberacion.org\/crpmlm\/wp-content\/uploads\/2017\/07\/IMG-20170724-WA0003.jpg?fit=716%2C538&ssl=1","contentUrl":"https:\/\/i0.wp.com\/vamosporlaliberacion.org\/crpmlm\/wp-content\/uploads\/2017\/07\/IMG-20170724-WA0003.jpg?fit=716%2C538&ssl=1","width":716,"height":538},{"@type":"BreadcrumbList","@id":"http:\/\/vamosporlaliberacion.org\/crpmlm\/avanza-la-colecta-financiera-2\/#breadcrumb","itemListElement":[{"@type":"ListItem","position":1,"name":"Portada","item":"https:\/\/vamosporlaliberacion.org\/crpmlm\/"},{"@type":"ListItem","position":2,"name":"Avanza la Colecta Financiera"}]},{"@type":"WebSite","@id":"https:\/\/vamosporlaliberacion.org\/crpmlm\/#website","url":"https:\/\/vamosporlaliberacion.org\/crpmlm\/","name":"Vamos por la Liberaci\u00f3n","description":"Prensa CR","potentialAction":[{"@type":"SearchAction","target":{"@type":"EntryPoint","urlTemplate":"https:\/\/vamosporlaliberacion.org\/crpmlm\/?s={search_term_string}"},"query-input":{"@type":"PropertyValueSpecification","valueRequired":true,"valueName":"search_term_string"}}],"inLanguage":"es"},{"@type":"Person","@id":"","url":"https:\/\/vamosporlaliberacion.org\/crpmlm\/author\/"}]}},"jetpack_featured_media_url":"https:\/\/i0.wp.com\/vamosporlaliberacion.org\/crpmlm\/wp-content\/uploads\/2017\/07\/IMG-20170724-WA0003.jpg?fit=716%2C538&ssl=1","jetpack_sharing_enabled":true,"_links":{"self":[{"href":"https:\/\/vamosporlaliberacion.org\/crpmlm\/wp-json\/wp\/v2\/posts\/9885","targetHints":{"allow":["GET"]}}],"collection":[{"href":"https:\/\/vamosporlaliberacion.org\/crpmlm\/wp-json\/wp\/v2\/posts"}],"about":[{"href":"https:\/\/vamosporlaliberacion.org\/crpmlm\/wp-json\/wp\/v2\/types\/post"}],"author":[{"embeddable":true,"href":"https:\/\/vamosporlaliberacion.org\/crpmlm\/wp-json\/wp\/v2\/users\/5"}],"replies":[{"embeddable":true,"href":"https:\/\/vamosporlaliberacion.org\/crpmlm\/wp-json\/wp\/v2\/comments?post=9885"}],"version-history":[{"count":0,"href":"https:\/\/vamosporlaliberacion.org\/crpmlm\/wp-json\/wp\/v2\/posts\/9885\/revisions"}],"wp:featuredmedia":[{"embeddable":true,"href":"https:\/\/vamosporlaliberacion.org\/crpmlm\/wp-json\/wp\/v2\/media\/9886"}],"wp:attachment":[{"href":"https:\/\/vamosporlaliberacion.org\/crpmlm\/wp-json\/wp\/v2\/media?parent=9885"}],"wp:term":[{"taxonomy":"category","embeddable":true,"href":"https:\/\/vamosporlaliberacion.org\/crpmlm\/wp-json\/wp\/v2\/categories?post=9885"},{"taxonomy":"post_tag","embeddable":true,"href":"https:\/\/vamosporlaliberacion.org\/crpmlm\/wp-json\/wp\/v2\/tags?post=9885"}],"curies":[{"name":"wp","href":"https:\/\/api.w.org\/{rel}","templated":true}]}}