{"id":9878,"date":"2017-07-28T16:44:14","date_gmt":"2017-07-28T19:44:14","guid":{"rendered":"http:\/\/vamosporlaliberacion.org\/crpmlm\/?p=9878"},"modified":"2020-11-05T19:37:21","modified_gmt":"2020-11-05T22:37:21","slug":"encuentro-de-recuperadas-en-el-bauen","status":"publish","type":"post","link":"https:\/\/vamosporlaliberacion.org\/crpmlm\/encuentro-de-recuperadas-en-el-bauen\/","title":{"rendered":"Encuentro de recuperadas en el Bauen"},"content":{"rendered":"<p>Los trabajadores del hotel recuperado Bauen \u2013situado en las avenidas c\u00e9ntricas porte\u00f1as de Callao y Entre R\u00edos\u2013 fueron anfitriones del encuentro nacional de empresas y f\u00e1bricas recuperadas que se realiz\u00f3 el s\u00e1bado 15 de julio. Esta cooperativa, que re\u00fane 120 trabajadores y hab\u00eda logrado la sanci\u00f3n en el Congreso de la expropiaci\u00f3n de las instalaciones pero que luego fue vetada por el presidente Macri, es una muestra de la dif\u00edcil situaci\u00f3n que atraviesan en general las recuperadas. Desde Vamos! conversamos con M\u00f3nica Acosta, tambi\u00e9n promotora del encuentro y presidenta de otra cooperativa emblem\u00e1tica: Renacer, que funciona en las instalaciones de lo que alguna vez fue Aurora Grundig en Ushuaia. Renacer tiene la ventaja de haber logrado la expropiaci\u00f3n, aunque su situaci\u00f3n tampoco es sencilla. El encuentro fue un resultado de la necesidad de unir fuerzas y reuni\u00f3 alrededor de un centenar de organizaciones.<\/p>\n<p><strong>\u2013\u00bfC\u00f3mo surgi\u00f3 el encuentro?<\/strong><\/p>\n<p>\u2013Como producto de la situaci\u00f3n acuciante que viv\u00edan los compa\u00f1eros del Bauen, detr\u00e1s del tema del desalojo, nosotros en aquella oportunidad pudimos garantizar que viajaran cinco compa\u00f1eros a entregar la solidaridad. En aquel momento se abri\u00f3 una instancia de negociaci\u00f3n por el desalojo. Y entend\u00edamos que por ah\u00ed la pelea era mucho m\u00e1s general, que nosotros necesit\u00e1bamos una agenda propia que estableciera todos estos lineamientos donde poder compartir en qu\u00e9 situaci\u00f3n real est\u00e1bamos, que iba desde la seguridad jur\u00eddica de los inmuebles o las unidades productivas, que ten\u00eda ver con el alcance de la apertura de la importaci\u00f3n, el tema de las tarifas, la falta de financiamiento, la recesi\u00f3n econ\u00f3mica&#8230; Y bueno, como en otras oportunidades lo hemos querido hacer, buscar la afinidad con algunas de las recuperadas. Nos propusimos buscar esa confluencia, por lo menos empezar con un grupo y despu\u00e9s tratar de llegar a m\u00e1s alcance. En el encuentro compartimos las realidades de cada recuperada y tambi\u00e9n nos propusimos un plan de lucha a largo plazo. Y poder abordar una agenda nacional que plantee reuniones con distintos funcionarios de los distintos entes, pero que haya cierta cohesi\u00f3n en las acciones. Cada uno desde su lugar. Y as\u00ed surgi\u00f3. La verdad que volvemos muy contentos.<\/p>\n<p><strong>\u2013\u00bfQu\u00e9 identifica a este movimiento de recuperadas que se junt\u00f3?<\/strong><\/p>\n<p>\u2013En su gran mayor\u00eda son procesos industriales. Hay muchas que son metal\u00fargicas. Hay otros que est\u00e1n vinculados al rubro de la gastronom\u00eda. Pero tambi\u00e9n dentro de esta composici\u00f3n se agregaron las que son cooperativas de servicios, que por ah\u00ed no parten de un patr\u00f3n anterior o una raz\u00f3n social anterior y que se formaron en el \u00faltimo per\u00edodo. La verdad que me gust\u00f3 enterarme de que hay nueve emprendimientos que est\u00e1n en lucha por ser una recuperada, durante estos \u00faltimos a\u00f1os de macrismo. Porque parec\u00eda que frente a los sucesos de Pepsico y de todas las otras f\u00e1bricas que est\u00e1n despidiendo masivamente entraban en un punto de frustraci\u00f3n, como que no val\u00eda la pena realmente la ocupaci\u00f3n de la f\u00e1brica y que no queda otra m\u00e1s que aceptar la indemnizaci\u00f3n. Yo creo que la disputa est\u00e1 en dos cuestiones: ser una opci\u00f3n frente a la crisis ya sea cuando se recibe el telegrama y hay posibilidad de cobrar indemnizaci\u00f3n pero se pelea por la continuidad laboral. Es una lucha para poder dar de cara al estado. Y la otra cuando es un proceso consumado. Es fundamental que nosotros tengamos en claro que somos parte del movimiento obrero ocupado, que necesitamos confluir en la lucha con direcciones gremiales afines y el movimiento obrero en general, porque todos estamos pele\u00e1ndola. Si bien nosotros tenemos condiciones especiales, somos incluso m\u00e1s superexplotados que cualquier obrero ocupado. Estamos en una franja en d\u00f3nde no se termina de definir en d\u00f3nde situarte frente a la precarizaci\u00f3n. Lo que s\u00ed sabemos es que frente a esa avanzada si no la peleamos en conjunto y no tenemos un plan de lucha activo para poder reagrupar obviamente estamos perdidos.<\/p>\n<p><strong>\u2013\u00bfQu\u00e9 evaluaci\u00f3n hicieron del momento actual y la pol\u00edtica del gobierno?<\/strong><\/p>\n<p>\u2013En estos momentos la situaci\u00f3n se ha agravado m\u00e1s que en otros. Hubo contextos un tanto m\u00e1s favorables, pero en definitiva para recuperadas no ha habido una pol\u00edtica clara ni del gobierno anterior ni del que estamos mucho menos. En el anterior, como planteamos en muchas oportunidades, tampoco \u00e9ramos sujeto de cr\u00e9dito. Y el propio Estado nos empujaba a que dependi\u00e9ramos de alguna empresa grande y no que tuvi\u00e9ramos vida propia. En parte lo que estamos discutiendo es eso. Y hoy est\u00e1 mucho m\u00e1s agravada la situaci\u00f3n. Para el gobierno no somos visibles bajo ning\u00fan punto de vista. Lo qu\u00e9 me dio mucho gusto saber es que si bien muchas estamos en estado de precariedad hay voluntad de pelea. Aunque los tarifazos como as\u00ed tambi\u00e9n la apertura de importaciones pusieron en jaque la continuidad de gran parte de las recuperadas. Y, en estado de precariedad o no, durante todos estos a\u00f1os no s\u00f3lo se han mantenido las recuperadas sino que en algunos de los casos se ha logrado ampliar el n\u00famero de trabajadores. Ac\u00e1, por ejemplo, conocimos a los compa\u00f1eros de La Casona, de Capital, que fueron los que trajeron todo el servicio de catering al encuentro. Tuve el agrado de ir a almorzar ah\u00ed, que nos invitaron. Me qued\u00e9 maravillada no solamente por c\u00f3mo lo hacen producir al restaurante sino la atenci\u00f3n del lugar. Estaba lleno de gente. Y eso es lo que nos pasa a muchos de los lugares. El consumidor final sabe que vos hac\u00e9s miles de esfuerzos para poder sostener la actividad. Si tiene que elegir a una empresa recuperada porque sabe que le vas a cuidar el bolsillo, que le vas a proveer de un buen servicio, nos va a elegir mil veces a nosotros. Y contribuir a una causa social antes que ir a otro lugar. Pero a la vez, ante cada escenario que nos plantea cada gobierno sabemos que no solamente estamos en lo acertado, sino que reafirmamos el mismo camino a pesar de todas las piedras que tenemos en el camino. Porque la verdad que no nos cost\u00f3 mucho un m\u00ednimo de independencia. Nunca la ten\u00e9s y menos en este sistema. No acced\u00e9s con facilidad a un cr\u00e9dito, aun teniendo los t\u00edtulos de propiedad como es en el caso nuestro. Ten\u00e9s que soportar los embates de grupos econ\u00f3micos que te consideran una amenaza. Sabemos lo que es que permanentemente te boicoteen. Y frente a eso no te queda otro camino m\u00e1s que la lucha colectiva.<\/p>\n<p><strong>\u2013\u00bfCu\u00e1les son los problemas m\u00e1s acuciantes de las recuperadas?<\/strong><\/p>\n<p>\u2013La carencia, despu\u00e9s de 17 a\u00f1os, de no haber logrado una estabilidad a trav\u00e9s de las leyes de expropiaci\u00f3n. Es un problema grave. Tambi\u00e9n est\u00e1 la recesi\u00f3n econ\u00f3mica, que nos ha atravesado no solamente a las recuperadas sino a todos los argentinos. La suba intempestiva del d\u00f3lar, que nos gener\u00f3 trepadas en gran parte de nuestras estructuras de costos. La apertura de importaciones, que provoca la destrucci\u00f3n masiva que se le est\u00e1 haciendo a la industria en general. Por supuesto, las tarifas.<\/p>\n<p><strong>\u2013\u00bfCu\u00e1les son los reclamos que estuvieron discutiendo de llevarle al gobierno?<\/strong><\/p>\n<p>\u2013Todo lo que te acabo de detallar como una cuesti\u00f3n fundamental, pero a la vez peticionar l\u00edneas de acceso a cr\u00e9dito blando a trav\u00e9s del Banco Naci\u00f3n. Tambi\u00e9n, la inscripci\u00f3n a todas estableciendo ser proveedores del Estado. Porque nosotros, si bien producimos electrodom\u00e9sticos, hemos hecho la experiencia de que el Estado provincial con el IPV [Instituto Provincial de Vivienda] compre nuestros lavarropas y entregue las casas con lavarropas de Renacer. Gran parte de los que tienen una producci\u00f3n a trav\u00e9s de un producto terminado pueden ofrecer esa capacidad como as\u00ed tambi\u00e9n la prestaci\u00f3n de servicios. Y otra de las cuestiones es tarifa diferenciada o un proyecto de ley que nos beneficie con eso.<\/p>\n<p><strong>\u2013\u00bfTienen planteadas iniciativas?<\/strong><\/p>\n<p>\u2013En principio una movilizaci\u00f3n. Pero tambi\u00e9n pedir formalmente las reuniones donde correspondan. Si no son atendidas, l\u00f3gicamente tratar de confluir con otros sectores en lucha en una marcha, ac\u00e1 en Capital. Adem\u00e1s, la idea es marchar a un congreso m\u00e1s general ah\u00ed en Pihu\u00e9, donde se van a reagupar cooperativas, distintas dirigencias gremiales, pol\u00edticas. Se van a plantear tambi\u00e9n muchas de las cosas que se discutieron ac\u00e1, para tratar de ampliar ese horizonte, y se va a tratar de poner una fecha a una futura movilizaci\u00f3n. Y desde luego nosotros estuvimos con el ofrecimiento de poner sede a Tierra del Fuego para el pr\u00f3ximo encuentro nacional de recuperadas.<\/p>\n<p><strong>\u2013\u00bfC\u00f3mo se est\u00e1n organizando?<\/strong><\/p>\n<p>\u2013Hay una comisi\u00f3n conformada en Capital, que nos van a estar informando y haciendo una consulta permanente para los que somos del interior. Para que cada punto que est\u00e9 en el documento sea con el aval de todos los presentes, para poder ampliar el movimiento y hac\u00e9rselo llegar a m\u00e1s.<\/p>\n<!-- AddThis Advanced Settings generic via filter on the_content --><!-- AddThis Share Buttons generic via filter on the_content -->","protected":false},"excerpt":{"rendered":"<p>Los trabajadores del hotel recuperado Bauen \u2013situado en las avenidas c\u00e9ntricas porte\u00f1as de Callao y Entre R\u00edos\u2013 fueron anfitriones del encuentro nacional de empresas y f\u00e1bricas recuperadas que se realiz\u00f3 el s\u00e1bado 15 de julio. Esta cooperativa, que re\u00fane 120 trabajadores y hab\u00eda logrado la sanci\u00f3n en el Congreso de la expropiaci\u00f3n de las instalaciones [&hellip;]<!-- AddThis Advanced Settings generic via filter on get_the_excerpt --><!-- AddThis Share Buttons generic via filter on get_the_excerpt --><\/p>\n","protected":false},"author":5,"featured_media":9879,"comment_status":"open","ping_status":"open","sticky":false,"template":"","format":"standard","meta":{"_jetpack_memberships_contains_paid_content":false,"footnotes":""},"categories":[1520],"tags":[971,695,520,1044],"class_list":{"0":"post-9878","1":"post","2":"type-post","3":"status-publish","4":"format-standard","5":"has-post-thumbnail","7":"category-entrevista","8":"tag-bauen","9":"tag-cooperativa-renacer","10":"tag-destacado-2","11":"tag-vxl-102"},"yoast_head":"<!-- This site is optimized with the Yoast SEO plugin v27.4 - https:\/\/yoast.com\/product\/yoast-seo-wordpress\/ -->\n<title>Encuentro de recuperadas en el Bauen - Vamos por la Liberaci\u00f3n<\/title>\n<meta name=\"robots\" content=\"index, follow, max-snippet:-1, max-image-preview:large, max-video-preview:-1\" \/>\n<link rel=\"canonical\" href=\"https:\/\/vamosporlaliberacion.org\/crpmlm\/encuentro-de-recuperadas-en-el-bauen\/\" \/>\n<meta name=\"twitter:label1\" content=\"Escrito por\" \/>\n\t<meta name=\"twitter:data1\" content=\"\" \/>\n\t<meta name=\"twitter:label2\" content=\"Tiempo de lectura\" \/>\n\t<meta name=\"twitter:data2\" content=\"8 minutos\" \/>\n<script type=\"application\/ld+json\" class=\"yoast-schema-graph\">{\"@context\":\"https:\\\/\\\/schema.org\",\"@graph\":[{\"@type\":\"Article\",\"@id\":\"https:\\\/\\\/vamosporlaliberacion.org\\\/crpmlm\\\/encuentro-de-recuperadas-en-el-bauen\\\/#article\",\"isPartOf\":{\"@id\":\"https:\\\/\\\/vamosporlaliberacion.org\\\/crpmlm\\\/encuentro-de-recuperadas-en-el-bauen\\\/\"},\"author\":{\"name\":\"\",\"@id\":\"\"},\"headline\":\"Encuentro de recuperadas en el Bauen\",\"datePublished\":\"2017-07-28T19:44:14+00:00\",\"dateModified\":\"2020-11-05T22:37:21+00:00\",\"mainEntityOfPage\":{\"@id\":\"https:\\\/\\\/vamosporlaliberacion.org\\\/crpmlm\\\/encuentro-de-recuperadas-en-el-bauen\\\/\"},\"wordCount\":1580,\"commentCount\":0,\"image\":{\"@id\":\"https:\\\/\\\/vamosporlaliberacion.org\\\/crpmlm\\\/encuentro-de-recuperadas-en-el-bauen\\\/#primaryimage\"},\"thumbnailUrl\":\"https:\\\/\\\/i0.wp.com\\\/vamosporlaliberacion.org\\\/crpmlm\\\/wp-content\\\/uploads\\\/2017\\\/07\\\/DSC00114-copia.jpg?fit=800%2C600&ssl=1\",\"keywords\":[\"Bauen\",\"Cooperativa Renacer\",\"destacado 2\",\"vxl 102\"],\"articleSection\":[\"Entrevista\"],\"inLanguage\":\"es\",\"potentialAction\":[{\"@type\":\"CommentAction\",\"name\":\"Comment\",\"target\":[\"https:\\\/\\\/vamosporlaliberacion.org\\\/crpmlm\\\/encuentro-de-recuperadas-en-el-bauen\\\/#respond\"]}]},{\"@type\":\"WebPage\",\"@id\":\"https:\\\/\\\/vamosporlaliberacion.org\\\/crpmlm\\\/encuentro-de-recuperadas-en-el-bauen\\\/\",\"url\":\"https:\\\/\\\/vamosporlaliberacion.org\\\/crpmlm\\\/encuentro-de-recuperadas-en-el-bauen\\\/\",\"name\":\"Encuentro de recuperadas en el Bauen - Vamos por la Liberaci\u00f3n\",\"isPartOf\":{\"@id\":\"https:\\\/\\\/vamosporlaliberacion.org\\\/crpmlm\\\/#website\"},\"primaryImageOfPage\":{\"@id\":\"https:\\\/\\\/vamosporlaliberacion.org\\\/crpmlm\\\/encuentro-de-recuperadas-en-el-bauen\\\/#primaryimage\"},\"image\":{\"@id\":\"https:\\\/\\\/vamosporlaliberacion.org\\\/crpmlm\\\/encuentro-de-recuperadas-en-el-bauen\\\/#primaryimage\"},\"thumbnailUrl\":\"https:\\\/\\\/i0.wp.com\\\/vamosporlaliberacion.org\\\/crpmlm\\\/wp-content\\\/uploads\\\/2017\\\/07\\\/DSC00114-copia.jpg?fit=800%2C600&ssl=1\",\"datePublished\":\"2017-07-28T19:44:14+00:00\",\"dateModified\":\"2020-11-05T22:37:21+00:00\",\"author\":{\"@id\":\"\"},\"breadcrumb\":{\"@id\":\"https:\\\/\\\/vamosporlaliberacion.org\\\/crpmlm\\\/encuentro-de-recuperadas-en-el-bauen\\\/#breadcrumb\"},\"inLanguage\":\"es\",\"potentialAction\":[{\"@type\":\"ReadAction\",\"target\":[\"https:\\\/\\\/vamosporlaliberacion.org\\\/crpmlm\\\/encuentro-de-recuperadas-en-el-bauen\\\/\"]}]},{\"@type\":\"ImageObject\",\"inLanguage\":\"es\",\"@id\":\"https:\\\/\\\/vamosporlaliberacion.org\\\/crpmlm\\\/encuentro-de-recuperadas-en-el-bauen\\\/#primaryimage\",\"url\":\"https:\\\/\\\/i0.wp.com\\\/vamosporlaliberacion.org\\\/crpmlm\\\/wp-content\\\/uploads\\\/2017\\\/07\\\/DSC00114-copia.jpg?fit=800%2C600&ssl=1\",\"contentUrl\":\"https:\\\/\\\/i0.wp.com\\\/vamosporlaliberacion.org\\\/crpmlm\\\/wp-content\\\/uploads\\\/2017\\\/07\\\/DSC00114-copia.jpg?fit=800%2C600&ssl=1\",\"width\":800,\"height\":600},{\"@type\":\"BreadcrumbList\",\"@id\":\"https:\\\/\\\/vamosporlaliberacion.org\\\/crpmlm\\\/encuentro-de-recuperadas-en-el-bauen\\\/#breadcrumb\",\"itemListElement\":[{\"@type\":\"ListItem\",\"position\":1,\"name\":\"Portada\",\"item\":\"https:\\\/\\\/vamosporlaliberacion.org\\\/crpmlm\\\/\"},{\"@type\":\"ListItem\",\"position\":2,\"name\":\"Encuentro de recuperadas en el Bauen\"}]},{\"@type\":\"WebSite\",\"@id\":\"https:\\\/\\\/vamosporlaliberacion.org\\\/crpmlm\\\/#website\",\"url\":\"https:\\\/\\\/vamosporlaliberacion.org\\\/crpmlm\\\/\",\"name\":\"Vamos por la Liberaci\u00f3n\",\"description\":\"Prensa CR\",\"potentialAction\":[{\"@type\":\"SearchAction\",\"target\":{\"@type\":\"EntryPoint\",\"urlTemplate\":\"https:\\\/\\\/vamosporlaliberacion.org\\\/crpmlm\\\/?s={search_term_string}\"},\"query-input\":{\"@type\":\"PropertyValueSpecification\",\"valueRequired\":true,\"valueName\":\"search_term_string\"}}],\"inLanguage\":\"es\"},{\"@type\":\"Person\",\"@id\":\"\",\"url\":\"https:\\\/\\\/vamosporlaliberacion.org\\\/crpmlm\\\/author\\\/\"}]}<\/script>\n<!-- \/ Yoast SEO plugin. -->","yoast_head_json":{"title":"Encuentro de recuperadas en el Bauen - Vamos por la Liberaci\u00f3n","robots":{"index":"index","follow":"follow","max-snippet":"max-snippet:-1","max-image-preview":"max-image-preview:large","max-video-preview":"max-video-preview:-1"},"canonical":"https:\/\/vamosporlaliberacion.org\/crpmlm\/encuentro-de-recuperadas-en-el-bauen\/","twitter_misc":{"Escrito por":"","Tiempo de lectura":"8 minutos"},"schema":{"@context":"https:\/\/schema.org","@graph":[{"@type":"Article","@id":"https:\/\/vamosporlaliberacion.org\/crpmlm\/encuentro-de-recuperadas-en-el-bauen\/#article","isPartOf":{"@id":"https:\/\/vamosporlaliberacion.org\/crpmlm\/encuentro-de-recuperadas-en-el-bauen\/"},"author":{"name":"","@id":""},"headline":"Encuentro de recuperadas en el Bauen","datePublished":"2017-07-28T19:44:14+00:00","dateModified":"2020-11-05T22:37:21+00:00","mainEntityOfPage":{"@id":"https:\/\/vamosporlaliberacion.org\/crpmlm\/encuentro-de-recuperadas-en-el-bauen\/"},"wordCount":1580,"commentCount":0,"image":{"@id":"https:\/\/vamosporlaliberacion.org\/crpmlm\/encuentro-de-recuperadas-en-el-bauen\/#primaryimage"},"thumbnailUrl":"https:\/\/i0.wp.com\/vamosporlaliberacion.org\/crpmlm\/wp-content\/uploads\/2017\/07\/DSC00114-copia.jpg?fit=800%2C600&ssl=1","keywords":["Bauen","Cooperativa Renacer","destacado 2","vxl 102"],"articleSection":["Entrevista"],"inLanguage":"es","potentialAction":[{"@type":"CommentAction","name":"Comment","target":["https:\/\/vamosporlaliberacion.org\/crpmlm\/encuentro-de-recuperadas-en-el-bauen\/#respond"]}]},{"@type":"WebPage","@id":"https:\/\/vamosporlaliberacion.org\/crpmlm\/encuentro-de-recuperadas-en-el-bauen\/","url":"https:\/\/vamosporlaliberacion.org\/crpmlm\/encuentro-de-recuperadas-en-el-bauen\/","name":"Encuentro de recuperadas en el Bauen - Vamos por la Liberaci\u00f3n","isPartOf":{"@id":"https:\/\/vamosporlaliberacion.org\/crpmlm\/#website"},"primaryImageOfPage":{"@id":"https:\/\/vamosporlaliberacion.org\/crpmlm\/encuentro-de-recuperadas-en-el-bauen\/#primaryimage"},"image":{"@id":"https:\/\/vamosporlaliberacion.org\/crpmlm\/encuentro-de-recuperadas-en-el-bauen\/#primaryimage"},"thumbnailUrl":"https:\/\/i0.wp.com\/vamosporlaliberacion.org\/crpmlm\/wp-content\/uploads\/2017\/07\/DSC00114-copia.jpg?fit=800%2C600&ssl=1","datePublished":"2017-07-28T19:44:14+00:00","dateModified":"2020-11-05T22:37:21+00:00","author":{"@id":""},"breadcrumb":{"@id":"https:\/\/vamosporlaliberacion.org\/crpmlm\/encuentro-de-recuperadas-en-el-bauen\/#breadcrumb"},"inLanguage":"es","potentialAction":[{"@type":"ReadAction","target":["https:\/\/vamosporlaliberacion.org\/crpmlm\/encuentro-de-recuperadas-en-el-bauen\/"]}]},{"@type":"ImageObject","inLanguage":"es","@id":"https:\/\/vamosporlaliberacion.org\/crpmlm\/encuentro-de-recuperadas-en-el-bauen\/#primaryimage","url":"https:\/\/i0.wp.com\/vamosporlaliberacion.org\/crpmlm\/wp-content\/uploads\/2017\/07\/DSC00114-copia.jpg?fit=800%2C600&ssl=1","contentUrl":"https:\/\/i0.wp.com\/vamosporlaliberacion.org\/crpmlm\/wp-content\/uploads\/2017\/07\/DSC00114-copia.jpg?fit=800%2C600&ssl=1","width":800,"height":600},{"@type":"BreadcrumbList","@id":"https:\/\/vamosporlaliberacion.org\/crpmlm\/encuentro-de-recuperadas-en-el-bauen\/#breadcrumb","itemListElement":[{"@type":"ListItem","position":1,"name":"Portada","item":"https:\/\/vamosporlaliberacion.org\/crpmlm\/"},{"@type":"ListItem","position":2,"name":"Encuentro de recuperadas en el Bauen"}]},{"@type":"WebSite","@id":"https:\/\/vamosporlaliberacion.org\/crpmlm\/#website","url":"https:\/\/vamosporlaliberacion.org\/crpmlm\/","name":"Vamos por la Liberaci\u00f3n","description":"Prensa CR","potentialAction":[{"@type":"SearchAction","target":{"@type":"EntryPoint","urlTemplate":"https:\/\/vamosporlaliberacion.org\/crpmlm\/?s={search_term_string}"},"query-input":{"@type":"PropertyValueSpecification","valueRequired":true,"valueName":"search_term_string"}}],"inLanguage":"es"},{"@type":"Person","@id":"","url":"https:\/\/vamosporlaliberacion.org\/crpmlm\/author\/"}]}},"jetpack_featured_media_url":"https:\/\/i0.wp.com\/vamosporlaliberacion.org\/crpmlm\/wp-content\/uploads\/2017\/07\/DSC00114-copia.jpg?fit=800%2C600&ssl=1","jetpack_sharing_enabled":true,"_links":{"self":[{"href":"https:\/\/vamosporlaliberacion.org\/crpmlm\/wp-json\/wp\/v2\/posts\/9878","targetHints":{"allow":["GET"]}}],"collection":[{"href":"https:\/\/vamosporlaliberacion.org\/crpmlm\/wp-json\/wp\/v2\/posts"}],"about":[{"href":"https:\/\/vamosporlaliberacion.org\/crpmlm\/wp-json\/wp\/v2\/types\/post"}],"author":[{"embeddable":true,"href":"https:\/\/vamosporlaliberacion.org\/crpmlm\/wp-json\/wp\/v2\/users\/5"}],"replies":[{"embeddable":true,"href":"https:\/\/vamosporlaliberacion.org\/crpmlm\/wp-json\/wp\/v2\/comments?post=9878"}],"version-history":[{"count":1,"href":"https:\/\/vamosporlaliberacion.org\/crpmlm\/wp-json\/wp\/v2\/posts\/9878\/revisions"}],"predecessor-version":[{"id":21704,"href":"https:\/\/vamosporlaliberacion.org\/crpmlm\/wp-json\/wp\/v2\/posts\/9878\/revisions\/21704"}],"wp:featuredmedia":[{"embeddable":true,"href":"https:\/\/vamosporlaliberacion.org\/crpmlm\/wp-json\/wp\/v2\/media\/9879"}],"wp:attachment":[{"href":"https:\/\/vamosporlaliberacion.org\/crpmlm\/wp-json\/wp\/v2\/media?parent=9878"}],"wp:term":[{"taxonomy":"category","embeddable":true,"href":"https:\/\/vamosporlaliberacion.org\/crpmlm\/wp-json\/wp\/v2\/categories?post=9878"},{"taxonomy":"post_tag","embeddable":true,"href":"https:\/\/vamosporlaliberacion.org\/crpmlm\/wp-json\/wp\/v2\/tags?post=9878"}],"curies":[{"name":"wp","href":"https:\/\/api.w.org\/{rel}","templated":true}]}}