{"id":9728,"date":"2017-07-03T21:59:34","date_gmt":"2017-07-04T00:59:34","guid":{"rendered":"http:\/\/vamosporlaliberacion.org\/crpmlm\/?p=9728"},"modified":"2020-10-26T13:49:38","modified_gmt":"2020-10-26T16:49:38","slug":"brasil-temer-sigue-manteniendo-en-pie-su-gobernabilidad","status":"publish","type":"post","link":"https:\/\/vamosporlaliberacion.org\/crpmlm\/brasil-temer-sigue-manteniendo-en-pie-su-gobernabilidad\/","title":{"rendered":"Brasil: Temer sigue manteniendo  en pie su \u201cgobernabilidad\u201d"},"content":{"rendered":"<p>La \u201cdemocracia\u201d brasile\u00f1a sigue, impert\u00e9rrita a trav\u00e9s de la profunda crisis econ\u00f3mica y pol\u00edtica, su marcha de descomposici\u00f3n y podredumbre. El presidente golpista Michel Temer sigue haciendo piruetas para esquivar la denuncia de la Procuradur\u00eda General por \u201cintento de obstrucci\u00f3n de la justicia, corrupci\u00f3n pasiva y asociaci\u00f3n il\u00edcita\u201d. La denuncia se origin\u00f3 en la grabaci\u00f3n de una conversaci\u00f3n telef\u00f3nica de Temer en marzo con el due\u00f1o de la cadena frigor\u00edfica JBS, donde el presidente alentaba al empresario a que coimeara en la c\u00e1rcel al detenido ex presidente de la C\u00e1mara de Diputados Eduardo Cunha para que no diga todo lo que sabe sobre los chanchullos del propio presidente. Cunha, de la misma fuerza que Temer -el Partido del Movimiento Democr\u00e1tico Brasile\u00f1o (PMDB), antes aliado al PT de \u201cLula\u201d y Dilma Rousseff- fue el m\u00e1ximo impulsor del juicio pol\u00edtico inventado contra su ex aliada Dilma y que posibilit\u00f3 la trepada de Temer al sill\u00f3n presidencial.<\/p>\n<p>Temer contraatac\u00f3 alegando que la denuncia se deb\u00eda a que su gobierno \u201cacab\u00f3 con los privilegios\u201d que ten\u00edan algunas empresas \u201cque crec\u00edan a la sombra de los il\u00edcitos y del dinero p\u00fablico\u201d. En Brasil es p\u00fablico y notorio que el propio Temer y sus compinches son socios o protegidos de esas empresas, y que engordaron sus bolsillos recibiendo de ellas millones de d\u00f3lares a cambio de contratos \u201cil\u00edcitos\u201d del estado pagados con el \u201cdinero p\u00fablico\u201d.<\/p>\n<p>Entretanto, en sus piruetas de equilibrista y al no haber sido volteado por el repudio popular, Temer fue recomponiendo posiciones. La Justicia brasile\u00f1a -tan elogiada como \u201cindependiente\u201d por la prensa olig\u00e1rquica en la Argentina- le dio una gran mano para que no fuera destituido, al absolverlo -junto con su ex cabeza de f\u00f3rmula, Dilma Rousseff-en el juicio electoral por corrupci\u00f3n (l\u00e9ase otra vez: coimas) en el financiamiento de la campa\u00f1a presidencial de 2014, y a ra\u00edz de la cual salt\u00f3 la llamada \u201cOperaci\u00f3n Lava Jato\u201d, que revel\u00f3 que de las empresas estatales salieron tambi\u00e9n millones de d\u00f3lares durante la campa\u00f1a para las cajas del PT y el PMDB, los partidos de la f\u00f3rmula presidencial. El diario O Estado de Sao Paulo inform\u00f3, en base a las planillas entregadas por los hermanos Batista due\u00f1os de JBS a la justicia, que en aquellas elecciones 28 senadores electos (35% del total), y 166 diputados (32%) recibieron dinero de JBS para sus campa\u00f1as.<\/p>\n<p>El otro escollo que Temer pudo sortear es el del Partido de la Social Democracia Brasile\u00f1a (PSDB), principal aliado del PMDB, que despu\u00e9s de haber tomado prudente distancia cuando Temer parec\u00eda acabado decidi\u00f3 permanecer por ahora en el gobierno, donde ocupa posiciones claves como gobernadores, senadores y cuatro ministerios (Secretar\u00eda de Gobierno, Relaciones Exteriores, Ciudades, y Derechos Humanos). La bancada del PSDB ser\u00eda clave para bloquear en el Congreso la destituci\u00f3n de Temer si la Procuradur\u00eda avanzara esta semana en su denuncia. Para lograrlo, Temer chantajea a los muy comprables l\u00edderes del PSDB con que, si no lo apoyan, en las elecciones de octubre de 2018 la bancada peemedebista no apoyar\u00e1 al eventual candidato del PSDB. Todos amigos y c\u00f3mplices; o como cant\u00f3 Disc\u00e9polo, \u201cen el mismo lodo, todos manoseaos\u201d.<\/p>\n<p>Por las dudas, y para que no falte nada, Temer chantaje\u00f3 tambi\u00e9n a los gobernadores de los estados brasile\u00f1os pidi\u00e9ndoles que sostengan al Ejecutivo a cambio de refinanciar las deudas de sus gobernaciones con el gobierno federal. Al menos siete estados est\u00e1n financieramente asfixiados, al punto de que dos de los m\u00e1s importantes -R\u00edo de Janeiro y Minas Gerais- decretaron el a\u00f1o pasado el estado de emergencia exigiendo apoyo del gobierno federal para poder pagar los salarios a empleados p\u00fablicos, m\u00e9dicos, polic\u00edas y maestros.<\/p>\n<p><strong>\u201cContinuidad jur\u00eddica\u201d y pacto de \u201cgobernabilidad\u201d<\/strong><\/p>\n<p>A contramano del reclamo de las grandes movilizaciones populares que se prolongaron durante meses en todo el pa\u00eds con la consigna \u201cFuera Temer!\u201d y \u201cElecciones directas ya!\u201d, el penoso cuadro de la anti-democracia brasile\u00f1a se completa con el virtual \u201cpacto de gobernabilidad\u201d que, seg\u00fan inform\u00f3 Folha de Sao Paulo, habr\u00edan sellado los tres \u201ccaciques\u201d pol\u00edticos del Brasil: el ex presidente socialdem\u00f3crata y ultraliberal Fernando Henrique Cardoso (PSDB), Lula da Silva (PT) y el tambi\u00e9n ex presidente Jos\u00e9 Sarney (PMDB). El vocero p\u00fablico del acuerdo, el peemedebista Renan Calheiros, propuso que se formase una comisi\u00f3n de senadores para convencer a Temer de que renuncie para posibilitar un \u201cacuerdo amplio\u201d e ir despu\u00e9s no a elecciones directas, limpias y democr\u00e1ticas -como podr\u00eda esperarse- sino a \u201cuna transici\u00f3n negociada y r\u00e1pida: elijamos un presidente y un vicepresidente garantizando elecciones directas en 2018, con asamblea nacional constituyente\u201d.<\/p>\n<p>Pero ni siquiera esta \u201csalida condicionada\u201d tiene perspectivas claras. Las dirigencias partidarias -casi todas convertidas en representaciones de grupos terratenientes y de burgues\u00eda industrial, comercial y financiera asociadas a distintos imperialismos-, disputan sobre el modo que tendr\u00e1 esa \u201csalida\u201d, sobre todo si el futuro presidente se designar\u00e1 por v\u00eda indirecta, es decir en el Parlamento como establece la constituci\u00f3n vigente, o lo ser\u00e1 en elecciones directas, que es lo que abrumadoramente reclaman los sectores populares pero que requerir\u00eda una reforma constitucional. Y al igual que Temer, todos temen que en cualquier consulta popular se desborde el enorme repudio que han cosechado y se manifieste el \u201cQue se vayan todos!\u201d que ya se volc\u00f3 masivamente en las calles.<\/p>\n<p>Mientras tanto Temer, sabedor de que toda la dirigencia pol\u00edtica y parlamentaria est\u00e1 enchastrada en el mismo barro -desde la que lo apoya hasta la que quiere abandonar su barco y la que pretende reemplazarlo manteniendo la \u201ccontinuidad institucional\u201d-, ya adelant\u00f3: \u201cNo renunciar\u00e9. Si quieren, que me derriben\u201d.<\/p>\n<!-- AddThis Advanced Settings generic via filter on the_content --><!-- AddThis Share Buttons generic via filter on the_content -->","protected":false},"excerpt":{"rendered":"<p>La \u201cdemocracia\u201d brasile\u00f1a sigue, impert\u00e9rrita a trav\u00e9s de la profunda crisis econ\u00f3mica y pol\u00edtica, su marcha de descomposici\u00f3n y podredumbre. El presidente golpista Michel Temer sigue haciendo piruetas para esquivar la denuncia de la Procuradur\u00eda General por \u201cintento de obstrucci\u00f3n de la justicia, corrupci\u00f3n pasiva y asociaci\u00f3n il\u00edcita\u201d. La denuncia se origin\u00f3 en la grabaci\u00f3n [&hellip;]<!-- AddThis Advanced Settings generic via filter on get_the_excerpt --><!-- AddThis Share Buttons generic via filter on get_the_excerpt --><\/p>\n","protected":false},"author":5,"featured_media":9729,"comment_status":"open","ping_status":"open","sticky":false,"template":"","format":"standard","meta":{"_jetpack_memberships_contains_paid_content":false,"footnotes":""},"categories":[1878],"tags":[103,750,222,1020],"class_list":{"0":"post-9728","1":"post","2":"type-post","3":"status-publish","4":"format-standard","5":"has-post-thumbnail","7":"category-internacional","8":"tag-eeuu","9":"tag-medio-oriente","10":"tag-rusia","11":"tag-vxl-100"},"yoast_head":"<!-- This site is optimized with the Yoast SEO plugin v27.4 - https:\/\/yoast.com\/product\/yoast-seo-wordpress\/ -->\n<title>Brasil: Temer sigue manteniendo en pie su \u201cgobernabilidad\u201d - Vamos por la Liberaci\u00f3n<\/title>\n<meta name=\"robots\" content=\"index, follow, max-snippet:-1, max-image-preview:large, max-video-preview:-1\" \/>\n<link rel=\"canonical\" href=\"http:\/\/vamosporlaliberacion.org\/crpmlm\/brasil-temer-sigue-manteniendo-en-pie-su-gobernabilidad\/\" \/>\n<meta name=\"twitter:label1\" content=\"Escrito por\" \/>\n\t<meta name=\"twitter:data1\" content=\"\" \/>\n\t<meta name=\"twitter:label2\" content=\"Tiempo de lectura\" \/>\n\t<meta name=\"twitter:data2\" content=\"5 minutos\" \/>\n<script type=\"application\/ld+json\" class=\"yoast-schema-graph\">{\"@context\":\"https:\\\/\\\/schema.org\",\"@graph\":[{\"@type\":\"Article\",\"@id\":\"http:\\\/\\\/vamosporlaliberacion.org\\\/crpmlm\\\/brasil-temer-sigue-manteniendo-en-pie-su-gobernabilidad\\\/#article\",\"isPartOf\":{\"@id\":\"http:\\\/\\\/vamosporlaliberacion.org\\\/crpmlm\\\/brasil-temer-sigue-manteniendo-en-pie-su-gobernabilidad\\\/\"},\"author\":{\"name\":\"\",\"@id\":\"\"},\"headline\":\"Brasil: Temer sigue manteniendo en pie su \u201cgobernabilidad\u201d\",\"datePublished\":\"2017-07-04T00:59:34+00:00\",\"dateModified\":\"2020-10-26T16:49:38+00:00\",\"mainEntityOfPage\":{\"@id\":\"http:\\\/\\\/vamosporlaliberacion.org\\\/crpmlm\\\/brasil-temer-sigue-manteniendo-en-pie-su-gobernabilidad\\\/\"},\"wordCount\":1004,\"commentCount\":0,\"image\":{\"@id\":\"http:\\\/\\\/vamosporlaliberacion.org\\\/crpmlm\\\/brasil-temer-sigue-manteniendo-en-pie-su-gobernabilidad\\\/#primaryimage\"},\"thumbnailUrl\":\"https:\\\/\\\/i0.wp.com\\\/vamosporlaliberacion.org\\\/crpmlm\\\/wp-content\\\/uploads\\\/2017\\\/07\\\/temer-1024x717.jpg?fit=1024%2C717&ssl=1\",\"keywords\":[\"EEUU\",\"Medio Oriente\",\"Rusia\",\"vxl 100\"],\"articleSection\":[\"Internacional\"],\"inLanguage\":\"es\",\"potentialAction\":[{\"@type\":\"CommentAction\",\"name\":\"Comment\",\"target\":[\"http:\\\/\\\/vamosporlaliberacion.org\\\/crpmlm\\\/brasil-temer-sigue-manteniendo-en-pie-su-gobernabilidad\\\/#respond\"]}]},{\"@type\":\"WebPage\",\"@id\":\"http:\\\/\\\/vamosporlaliberacion.org\\\/crpmlm\\\/brasil-temer-sigue-manteniendo-en-pie-su-gobernabilidad\\\/\",\"url\":\"http:\\\/\\\/vamosporlaliberacion.org\\\/crpmlm\\\/brasil-temer-sigue-manteniendo-en-pie-su-gobernabilidad\\\/\",\"name\":\"Brasil: Temer sigue manteniendo en pie su \u201cgobernabilidad\u201d - Vamos por la Liberaci\u00f3n\",\"isPartOf\":{\"@id\":\"https:\\\/\\\/vamosporlaliberacion.org\\\/crpmlm\\\/#website\"},\"primaryImageOfPage\":{\"@id\":\"http:\\\/\\\/vamosporlaliberacion.org\\\/crpmlm\\\/brasil-temer-sigue-manteniendo-en-pie-su-gobernabilidad\\\/#primaryimage\"},\"image\":{\"@id\":\"http:\\\/\\\/vamosporlaliberacion.org\\\/crpmlm\\\/brasil-temer-sigue-manteniendo-en-pie-su-gobernabilidad\\\/#primaryimage\"},\"thumbnailUrl\":\"https:\\\/\\\/i0.wp.com\\\/vamosporlaliberacion.org\\\/crpmlm\\\/wp-content\\\/uploads\\\/2017\\\/07\\\/temer-1024x717.jpg?fit=1024%2C717&ssl=1\",\"datePublished\":\"2017-07-04T00:59:34+00:00\",\"dateModified\":\"2020-10-26T16:49:38+00:00\",\"author\":{\"@id\":\"\"},\"breadcrumb\":{\"@id\":\"http:\\\/\\\/vamosporlaliberacion.org\\\/crpmlm\\\/brasil-temer-sigue-manteniendo-en-pie-su-gobernabilidad\\\/#breadcrumb\"},\"inLanguage\":\"es\",\"potentialAction\":[{\"@type\":\"ReadAction\",\"target\":[\"http:\\\/\\\/vamosporlaliberacion.org\\\/crpmlm\\\/brasil-temer-sigue-manteniendo-en-pie-su-gobernabilidad\\\/\"]}]},{\"@type\":\"ImageObject\",\"inLanguage\":\"es\",\"@id\":\"http:\\\/\\\/vamosporlaliberacion.org\\\/crpmlm\\\/brasil-temer-sigue-manteniendo-en-pie-su-gobernabilidad\\\/#primaryimage\",\"url\":\"https:\\\/\\\/i0.wp.com\\\/vamosporlaliberacion.org\\\/crpmlm\\\/wp-content\\\/uploads\\\/2017\\\/07\\\/temer-1024x717.jpg?fit=1024%2C717&ssl=1\",\"contentUrl\":\"https:\\\/\\\/i0.wp.com\\\/vamosporlaliberacion.org\\\/crpmlm\\\/wp-content\\\/uploads\\\/2017\\\/07\\\/temer-1024x717.jpg?fit=1024%2C717&ssl=1\",\"width\":1024,\"height\":717},{\"@type\":\"BreadcrumbList\",\"@id\":\"http:\\\/\\\/vamosporlaliberacion.org\\\/crpmlm\\\/brasil-temer-sigue-manteniendo-en-pie-su-gobernabilidad\\\/#breadcrumb\",\"itemListElement\":[{\"@type\":\"ListItem\",\"position\":1,\"name\":\"Portada\",\"item\":\"https:\\\/\\\/vamosporlaliberacion.org\\\/crpmlm\\\/\"},{\"@type\":\"ListItem\",\"position\":2,\"name\":\"Brasil: Temer sigue manteniendo en pie su \u201cgobernabilidad\u201d\"}]},{\"@type\":\"WebSite\",\"@id\":\"https:\\\/\\\/vamosporlaliberacion.org\\\/crpmlm\\\/#website\",\"url\":\"https:\\\/\\\/vamosporlaliberacion.org\\\/crpmlm\\\/\",\"name\":\"Vamos por la Liberaci\u00f3n\",\"description\":\"Prensa CR\",\"potentialAction\":[{\"@type\":\"SearchAction\",\"target\":{\"@type\":\"EntryPoint\",\"urlTemplate\":\"https:\\\/\\\/vamosporlaliberacion.org\\\/crpmlm\\\/?s={search_term_string}\"},\"query-input\":{\"@type\":\"PropertyValueSpecification\",\"valueRequired\":true,\"valueName\":\"search_term_string\"}}],\"inLanguage\":\"es\"},{\"@type\":\"Person\",\"@id\":\"\",\"url\":\"https:\\\/\\\/vamosporlaliberacion.org\\\/crpmlm\\\/author\\\/\"}]}<\/script>\n<!-- \/ Yoast SEO plugin. -->","yoast_head_json":{"title":"Brasil: Temer sigue manteniendo en pie su \u201cgobernabilidad\u201d - Vamos por la Liberaci\u00f3n","robots":{"index":"index","follow":"follow","max-snippet":"max-snippet:-1","max-image-preview":"max-image-preview:large","max-video-preview":"max-video-preview:-1"},"canonical":"http:\/\/vamosporlaliberacion.org\/crpmlm\/brasil-temer-sigue-manteniendo-en-pie-su-gobernabilidad\/","twitter_misc":{"Escrito por":"","Tiempo de lectura":"5 minutos"},"schema":{"@context":"https:\/\/schema.org","@graph":[{"@type":"Article","@id":"http:\/\/vamosporlaliberacion.org\/crpmlm\/brasil-temer-sigue-manteniendo-en-pie-su-gobernabilidad\/#article","isPartOf":{"@id":"http:\/\/vamosporlaliberacion.org\/crpmlm\/brasil-temer-sigue-manteniendo-en-pie-su-gobernabilidad\/"},"author":{"name":"","@id":""},"headline":"Brasil: Temer sigue manteniendo en pie su \u201cgobernabilidad\u201d","datePublished":"2017-07-04T00:59:34+00:00","dateModified":"2020-10-26T16:49:38+00:00","mainEntityOfPage":{"@id":"http:\/\/vamosporlaliberacion.org\/crpmlm\/brasil-temer-sigue-manteniendo-en-pie-su-gobernabilidad\/"},"wordCount":1004,"commentCount":0,"image":{"@id":"http:\/\/vamosporlaliberacion.org\/crpmlm\/brasil-temer-sigue-manteniendo-en-pie-su-gobernabilidad\/#primaryimage"},"thumbnailUrl":"https:\/\/i0.wp.com\/vamosporlaliberacion.org\/crpmlm\/wp-content\/uploads\/2017\/07\/temer-1024x717.jpg?fit=1024%2C717&ssl=1","keywords":["EEUU","Medio Oriente","Rusia","vxl 100"],"articleSection":["Internacional"],"inLanguage":"es","potentialAction":[{"@type":"CommentAction","name":"Comment","target":["http:\/\/vamosporlaliberacion.org\/crpmlm\/brasil-temer-sigue-manteniendo-en-pie-su-gobernabilidad\/#respond"]}]},{"@type":"WebPage","@id":"http:\/\/vamosporlaliberacion.org\/crpmlm\/brasil-temer-sigue-manteniendo-en-pie-su-gobernabilidad\/","url":"http:\/\/vamosporlaliberacion.org\/crpmlm\/brasil-temer-sigue-manteniendo-en-pie-su-gobernabilidad\/","name":"Brasil: Temer sigue manteniendo en pie su \u201cgobernabilidad\u201d - Vamos por la Liberaci\u00f3n","isPartOf":{"@id":"https:\/\/vamosporlaliberacion.org\/crpmlm\/#website"},"primaryImageOfPage":{"@id":"http:\/\/vamosporlaliberacion.org\/crpmlm\/brasil-temer-sigue-manteniendo-en-pie-su-gobernabilidad\/#primaryimage"},"image":{"@id":"http:\/\/vamosporlaliberacion.org\/crpmlm\/brasil-temer-sigue-manteniendo-en-pie-su-gobernabilidad\/#primaryimage"},"thumbnailUrl":"https:\/\/i0.wp.com\/vamosporlaliberacion.org\/crpmlm\/wp-content\/uploads\/2017\/07\/temer-1024x717.jpg?fit=1024%2C717&ssl=1","datePublished":"2017-07-04T00:59:34+00:00","dateModified":"2020-10-26T16:49:38+00:00","author":{"@id":""},"breadcrumb":{"@id":"http:\/\/vamosporlaliberacion.org\/crpmlm\/brasil-temer-sigue-manteniendo-en-pie-su-gobernabilidad\/#breadcrumb"},"inLanguage":"es","potentialAction":[{"@type":"ReadAction","target":["http:\/\/vamosporlaliberacion.org\/crpmlm\/brasil-temer-sigue-manteniendo-en-pie-su-gobernabilidad\/"]}]},{"@type":"ImageObject","inLanguage":"es","@id":"http:\/\/vamosporlaliberacion.org\/crpmlm\/brasil-temer-sigue-manteniendo-en-pie-su-gobernabilidad\/#primaryimage","url":"https:\/\/i0.wp.com\/vamosporlaliberacion.org\/crpmlm\/wp-content\/uploads\/2017\/07\/temer-1024x717.jpg?fit=1024%2C717&ssl=1","contentUrl":"https:\/\/i0.wp.com\/vamosporlaliberacion.org\/crpmlm\/wp-content\/uploads\/2017\/07\/temer-1024x717.jpg?fit=1024%2C717&ssl=1","width":1024,"height":717},{"@type":"BreadcrumbList","@id":"http:\/\/vamosporlaliberacion.org\/crpmlm\/brasil-temer-sigue-manteniendo-en-pie-su-gobernabilidad\/#breadcrumb","itemListElement":[{"@type":"ListItem","position":1,"name":"Portada","item":"https:\/\/vamosporlaliberacion.org\/crpmlm\/"},{"@type":"ListItem","position":2,"name":"Brasil: Temer sigue manteniendo en pie su \u201cgobernabilidad\u201d"}]},{"@type":"WebSite","@id":"https:\/\/vamosporlaliberacion.org\/crpmlm\/#website","url":"https:\/\/vamosporlaliberacion.org\/crpmlm\/","name":"Vamos por la Liberaci\u00f3n","description":"Prensa CR","potentialAction":[{"@type":"SearchAction","target":{"@type":"EntryPoint","urlTemplate":"https:\/\/vamosporlaliberacion.org\/crpmlm\/?s={search_term_string}"},"query-input":{"@type":"PropertyValueSpecification","valueRequired":true,"valueName":"search_term_string"}}],"inLanguage":"es"},{"@type":"Person","@id":"","url":"https:\/\/vamosporlaliberacion.org\/crpmlm\/author\/"}]}},"jetpack_featured_media_url":"https:\/\/i0.wp.com\/vamosporlaliberacion.org\/crpmlm\/wp-content\/uploads\/2017\/07\/temer-1024x717.jpg?fit=1024%2C717&ssl=1","jetpack_sharing_enabled":true,"_links":{"self":[{"href":"https:\/\/vamosporlaliberacion.org\/crpmlm\/wp-json\/wp\/v2\/posts\/9728","targetHints":{"allow":["GET"]}}],"collection":[{"href":"https:\/\/vamosporlaliberacion.org\/crpmlm\/wp-json\/wp\/v2\/posts"}],"about":[{"href":"https:\/\/vamosporlaliberacion.org\/crpmlm\/wp-json\/wp\/v2\/types\/post"}],"author":[{"embeddable":true,"href":"https:\/\/vamosporlaliberacion.org\/crpmlm\/wp-json\/wp\/v2\/users\/5"}],"replies":[{"embeddable":true,"href":"https:\/\/vamosporlaliberacion.org\/crpmlm\/wp-json\/wp\/v2\/comments?post=9728"}],"version-history":[{"count":1,"href":"https:\/\/vamosporlaliberacion.org\/crpmlm\/wp-json\/wp\/v2\/posts\/9728\/revisions"}],"predecessor-version":[{"id":20764,"href":"https:\/\/vamosporlaliberacion.org\/crpmlm\/wp-json\/wp\/v2\/posts\/9728\/revisions\/20764"}],"wp:featuredmedia":[{"embeddable":true,"href":"https:\/\/vamosporlaliberacion.org\/crpmlm\/wp-json\/wp\/v2\/media\/9729"}],"wp:attachment":[{"href":"https:\/\/vamosporlaliberacion.org\/crpmlm\/wp-json\/wp\/v2\/media?parent=9728"}],"wp:term":[{"taxonomy":"category","embeddable":true,"href":"https:\/\/vamosporlaliberacion.org\/crpmlm\/wp-json\/wp\/v2\/categories?post=9728"},{"taxonomy":"post_tag","embeddable":true,"href":"https:\/\/vamosporlaliberacion.org\/crpmlm\/wp-json\/wp\/v2\/tags?post=9728"}],"curies":[{"name":"wp","href":"https:\/\/api.w.org\/{rel}","templated":true}]}}