{"id":9648,"date":"2017-06-20T20:29:37","date_gmt":"2017-06-20T23:29:37","guid":{"rendered":"http:\/\/vamosporlaliberacion.org\/crpmlm\/?p=9648"},"modified":"2020-09-14T11:45:12","modified_gmt":"2020-09-14T14:45:12","slug":"belgrano-de-la-rebelion-de-las-trenzas-a-la-creacion-de-la-bandera","status":"publish","type":"post","link":"https:\/\/vamosporlaliberacion.org\/crpmlm\/belgrano-de-la-rebelion-de-las-trenzas-a-la-creacion-de-la-bandera\/","title":{"rendered":"Belgrano, de la Rebeli\u00f3n de las Trenzas a la creaci\u00f3n de la bandera"},"content":{"rendered":"<p>La Revoluci\u00f3n de Mayo de 1810 dio inicio a una prolongada guerra de independencia contra el colonialismo espa\u00f1ol, y tambi\u00e9n puso a foco las disputas al interior del frente anticolonial. Ya en la Primera Junta esta pugna se plasm\u00f3 en las figuras de Mariano Moreno, expresi\u00f3n del sector m\u00e1s consecuentemente independentista y partidario de cambios sociales y econ\u00f3micos, y de Cornelio Saavedra, expresi\u00f3n de la aristocracia criolla que pretend\u00eda dejar de ser colonia pero sin que eso implicara grandes cambios sociales que afectaran sus privilegios.<\/p>\n<p>Saavedra hab\u00eda sido designado Presidente de la Junta producto de su poder militar. Comandaba el Regimiento de Patricios, el m\u00e1s numeroso de los que se hab\u00edan con formado para resistir la segunda invasi\u00f3n inglesa en 1807, y clave tambi\u00e9n en los acontecimientos de mayo de 1810. Moreno, Secretario de la Junta, dirig\u00eda el peri\u00f3dico oficial La Gazeta de Buenos Aires, y con \u00e9l se alineaban Castelli y Belgrano, que comandaban los dos ej\u00e9rcitos independentistas en operaciones. Pero, a fines de 1810, con la incorporaci\u00f3n a la Junta de los diputados de las provincias del interior, en su mayor\u00eda conservadores, Saavedra logr\u00f3 desplazar a Moreno, que morir\u00eda sospechosamente en altamar durante un viaje a Londres.<\/p>\n<p>Pero ah\u00ed no termin\u00f3 la lucha entre los partidarios de Saavedra y los de Moreno. Estos \u00faltimos fundaron la Sociedad Patri\u00f3tica, integrada entre otros por Manuel Moreno (hermano de Mariano) y Bernardo de Monteagudo, junto a los comandantes del Regimiento de la Estrella Domingo French y Antonio Luis Beruti, que fue duramente perseguida. El 5 de abril de 1811, los saavedristas Joaqu\u00edn Campana y Tom\u00e1s Grigera, apoyados por el Regimiento de Patricios y los habitantes \u201corilleros\u201d de la ciudad, realizaron un levantamiento en contra del ala morenista. Finalmente, lograron el destierro de los miembros de la Junta Vieytes, Rodr\u00edguez Pe\u00f1a, Larrea y Azcu\u00e9naga, la disoluci\u00f3n del Regimiento de la Estrella y la prisi\u00f3n de French y Beruti. As\u00ed, Saavedra llegaba a la cima de su poder pol\u00edtico.<\/p>\n<p>Pero la derrota del Ej\u00e9rcito del Norte en Huaqui en junio cambi\u00f3 la situaci\u00f3n. Saavedra march\u00f3 al norte y distintos sectores opositores de Buenos Aires aprovecharon para destituirlo y conformar el Primer Triunvirato, integrado por Chiclana, Paso y Sarratea, donde su Secretario Bernardino Rivadavia ir\u00eda adquiriendo cada vez mayor poder.<\/p>\n<p><strong><\/p>\n<h3>Los patricios y la rebeli\u00f3n de las trenzas<\/h3>\n<p><\/strong><br \/>\nEn este marco es que se produjo la \u201cRebeli\u00f3n de las Trenzas\u201d del Regimiento de Patricios. Consciente del poder de esta fuerza militar, el Triunvirato tom\u00f3 la decisi\u00f3n de nombrar como comandante a Manuel Belgrano y transformar a este cuerpo de milicias a regimiento de l\u00ednea, y por tanto obligarlo a prestar servicio en donde se lo destinara.<\/p>\n<p>El detonante del levantamiento fueron una serie de medidas disciplinarias dictadas por Belgrano, que inclu\u00edan el corte de la tradicional trenza que llevaban los patricios como s\u00edmbolo de distinci\u00f3n. Los soldados se alzaron en armas pidiendo la destituci\u00f3n de Belgrano y el regreso de Saavedra. Uno de los amotinados, de origen ingl\u00e9s, dispar\u00f3 un ca\u00f1onazo contra las tropas del Triunvirato que hab\u00edan rodeado el cuartel, lo que desat\u00f3 la represi\u00f3n, con un saldo de 8 muertos y 35 heridos. Tras esto, veinte de los implicados fueron condenados a prisi\u00f3n y once sargentos, cabos y soldados fueron fusilados.<\/p>\n<p>La derrota del mot\u00edn marc\u00f3 el fin de las aspiraciones pol\u00edticas de Saavedra, que escap\u00f3 hacia Chile. Pero tambi\u00e9n fue aprovechada por el Triunvirato para profundizar su pol\u00edtica cada vez m\u00e1s centralista y conservadora, que postergaba sin fecha la declaraci\u00f3n de independencia y, a tono con las pretensiones de Inglaterra, prefer\u00eda la negociaci\u00f3n antes que el enfrentamiento con los espa\u00f1oles.<\/p>\n<p><strong><\/p>\n<h3>Los patricios y la bandera celeste y blanca<\/h3>\n<p><\/strong><br \/>\nTras el sometimiento de la Rebeli\u00f3n de las Trenzas, el Regimiento de Patricios fue dispersado en varios frentes de batalla. Parte de este march\u00f3 en 1812 junto con Belgrano hacia Rosario a combatir las agresiones espa\u00f1olas desde la Banda Oriental.<\/p>\n<p>All\u00ed fue que Belgrano dio cuenta de su decisi\u00f3n independentista enarbolando por primera vez la futura bandera argentina. Ante el absurdo de que sus soldados combatieran a los ej\u00e9rcitos realistas usando distintivos espa\u00f1oles, obtuvo primero la autorizaci\u00f3n para que usaran unas escarapelas celestes y blancas, denomin\u00f3 a sus bater\u00edas de artiller\u00eda \u201cLibertad\u201d e \u201cIndependencia\u201d e hizo jurar a sus tropas frente a la nueva bandera con el siguiente lema: \u201cJuremos vencer a los enemigos interiores y exteriores, y la Am\u00e9rica del Sur ser\u00e1 el templo de la Independencia y<br \/>\nde la Libertad\u201d.<\/p>\n<p>Esto le vali\u00f3 una fuerte reprimenda del Triunvirato rivadaviano, que le orden\u00f3 eliminar la bandera. Belgrano respondi\u00f3 con una indignada iron\u00eda: \u201cLa deshar\u00e9 para que no haya ni memoria de ella. Si acaso me preguntan responder\u00e9 que se reserva para el d\u00eda de una gran victoria y como est\u00e1 muy lejos, todos la habr\u00e1n olvidado\u201d. El siguiente destino de Belgrano ser\u00eda el mando del Ej\u00e9rcito del Norte, que resist\u00eda el avance realista, donde una vez m\u00e1s este deber\u00eda desobedecer las \u00f3rdenes derrotistas del Triunvirato, dando batalla en Tucum\u00e1n (ver Vamos! N\u00b053). Poco despu\u00e9s caer\u00eda el Primer Triunvirato.<\/p>\n<p>Ya con la Asamblea del A\u00f1o 13, hizo jurar la bandera al Ej\u00e9rcito del Norte sobre el r\u00edo Juramento. Luego, con esta bandera por primera vez al frente de las tropas en una batalla, aplastar\u00eda a los espa\u00f1oles en Salta.<\/p>\n<p>La lucha de l\u00edneas y proyectos fue desde el inicio parte esencial de nuestra Revoluci\u00f3n de Independencia, como ocurre en toda verdadera revoluci\u00f3n. Fue una lucha feroz, sin cuartel y fundamental: de fondo, hac\u00eda a la posibilidad de llevar adelante consecuentemente la guerra de independencia contra los espa\u00f1oles y de concretar cambios econ\u00f3micos y sociales profundos junto con la liberaci\u00f3n del colonialismo.<\/p>\n<!-- AddThis Advanced Settings generic via filter on the_content --><!-- AddThis Share Buttons generic via filter on the_content -->","protected":false},"excerpt":{"rendered":"<p>La Revoluci\u00f3n de Mayo de 1810 dio inicio a una prolongada guerra de independencia contra el colonialismo espa\u00f1ol, y tambi\u00e9n puso a foco las disputas al interior del frente anticolonial. Ya en la Primera Junta esta pugna se plasm\u00f3 en las figuras de Mariano Moreno, expresi\u00f3n del sector m\u00e1s consecuentemente independentista y partidario de cambios [&hellip;]<!-- AddThis Advanced Settings generic via filter on get_the_excerpt --><!-- AddThis Share Buttons generic via filter on get_the_excerpt --><\/p>\n","protected":false},"author":6,"featured_media":9564,"comment_status":"open","ping_status":"open","sticky":false,"template":"","format":"standard","meta":{"_jetpack_memberships_contains_paid_content":false,"footnotes":""},"categories":[1853],"tags":[40,520,131,678,1003],"class_list":{"0":"post-9648","1":"post","2":"type-post","3":"status-publish","4":"format-standard","5":"has-post-thumbnail","7":"category-historia","8":"tag-belgrano","9":"tag-destacado-2","10":"tag-historia","11":"tag-revolucion-de-independencia","12":"tag-vxl-99"},"yoast_head":"<!-- This site is optimized with the Yoast SEO plugin v27.4 - https:\/\/yoast.com\/product\/yoast-seo-wordpress\/ -->\n<title>Belgrano, de la Rebeli\u00f3n de las Trenzas a la creaci\u00f3n de la bandera - Vamos por la Liberaci\u00f3n<\/title>\n<meta name=\"robots\" content=\"index, follow, max-snippet:-1, max-image-preview:large, max-video-preview:-1\" \/>\n<link rel=\"canonical\" href=\"https:\/\/vamosporlaliberacion.org\/crpmlm\/belgrano-de-la-rebelion-de-las-trenzas-a-la-creacion-de-la-bandera\/\" \/>\n<meta name=\"twitter:label1\" content=\"Escrito por\" \/>\n\t<meta name=\"twitter:data1\" content=\"vamos!\" \/>\n\t<meta name=\"twitter:label2\" content=\"Tiempo de lectura\" \/>\n\t<meta name=\"twitter:data2\" content=\"5 minutos\" \/>\n<script type=\"application\/ld+json\" class=\"yoast-schema-graph\">{\"@context\":\"https:\\\/\\\/schema.org\",\"@graph\":[{\"@type\":\"Article\",\"@id\":\"https:\\\/\\\/vamosporlaliberacion.org\\\/crpmlm\\\/belgrano-de-la-rebelion-de-las-trenzas-a-la-creacion-de-la-bandera\\\/#article\",\"isPartOf\":{\"@id\":\"https:\\\/\\\/vamosporlaliberacion.org\\\/crpmlm\\\/belgrano-de-la-rebelion-de-las-trenzas-a-la-creacion-de-la-bandera\\\/\"},\"author\":{\"name\":\"vamos!\",\"@id\":\"https:\\\/\\\/vamosporlaliberacion.org\\\/crpmlm\\\/#\\\/schema\\\/person\\\/d6eac7758df3770dae9cd9eb104d615c\"},\"headline\":\"Belgrano, de la Rebeli\u00f3n de las Trenzas a la creaci\u00f3n de la bandera\",\"datePublished\":\"2017-06-20T23:29:37+00:00\",\"dateModified\":\"2020-09-14T14:45:12+00:00\",\"mainEntityOfPage\":{\"@id\":\"https:\\\/\\\/vamosporlaliberacion.org\\\/crpmlm\\\/belgrano-de-la-rebelion-de-las-trenzas-a-la-creacion-de-la-bandera\\\/\"},\"wordCount\":1028,\"commentCount\":0,\"image\":{\"@id\":\"https:\\\/\\\/vamosporlaliberacion.org\\\/crpmlm\\\/belgrano-de-la-rebelion-de-las-trenzas-a-la-creacion-de-la-bandera\\\/#primaryimage\"},\"thumbnailUrl\":\"https:\\\/\\\/i0.wp.com\\\/vamosporlaliberacion.org\\\/crpmlm\\\/wp-content\\\/uploads\\\/2015\\\/06\\\/Untitled-1.jpg?fit=696%2C392&ssl=1\",\"keywords\":[\"Belgrano\",\"destacado 2\",\"historia\",\"Revoluci\u00f3n de Independencia\",\"vxl 99\"],\"articleSection\":[\"Historia \\\/ Teor\u00eda\"],\"inLanguage\":\"es\",\"potentialAction\":[{\"@type\":\"CommentAction\",\"name\":\"Comment\",\"target\":[\"https:\\\/\\\/vamosporlaliberacion.org\\\/crpmlm\\\/belgrano-de-la-rebelion-de-las-trenzas-a-la-creacion-de-la-bandera\\\/#respond\"]}]},{\"@type\":\"WebPage\",\"@id\":\"https:\\\/\\\/vamosporlaliberacion.org\\\/crpmlm\\\/belgrano-de-la-rebelion-de-las-trenzas-a-la-creacion-de-la-bandera\\\/\",\"url\":\"https:\\\/\\\/vamosporlaliberacion.org\\\/crpmlm\\\/belgrano-de-la-rebelion-de-las-trenzas-a-la-creacion-de-la-bandera\\\/\",\"name\":\"Belgrano, de la Rebeli\u00f3n de las Trenzas a la creaci\u00f3n de la bandera - Vamos por la Liberaci\u00f3n\",\"isPartOf\":{\"@id\":\"https:\\\/\\\/vamosporlaliberacion.org\\\/crpmlm\\\/#website\"},\"primaryImageOfPage\":{\"@id\":\"https:\\\/\\\/vamosporlaliberacion.org\\\/crpmlm\\\/belgrano-de-la-rebelion-de-las-trenzas-a-la-creacion-de-la-bandera\\\/#primaryimage\"},\"image\":{\"@id\":\"https:\\\/\\\/vamosporlaliberacion.org\\\/crpmlm\\\/belgrano-de-la-rebelion-de-las-trenzas-a-la-creacion-de-la-bandera\\\/#primaryimage\"},\"thumbnailUrl\":\"https:\\\/\\\/i0.wp.com\\\/vamosporlaliberacion.org\\\/crpmlm\\\/wp-content\\\/uploads\\\/2015\\\/06\\\/Untitled-1.jpg?fit=696%2C392&ssl=1\",\"datePublished\":\"2017-06-20T23:29:37+00:00\",\"dateModified\":\"2020-09-14T14:45:12+00:00\",\"author\":{\"@id\":\"https:\\\/\\\/vamosporlaliberacion.org\\\/crpmlm\\\/#\\\/schema\\\/person\\\/d6eac7758df3770dae9cd9eb104d615c\"},\"breadcrumb\":{\"@id\":\"https:\\\/\\\/vamosporlaliberacion.org\\\/crpmlm\\\/belgrano-de-la-rebelion-de-las-trenzas-a-la-creacion-de-la-bandera\\\/#breadcrumb\"},\"inLanguage\":\"es\",\"potentialAction\":[{\"@type\":\"ReadAction\",\"target\":[\"https:\\\/\\\/vamosporlaliberacion.org\\\/crpmlm\\\/belgrano-de-la-rebelion-de-las-trenzas-a-la-creacion-de-la-bandera\\\/\"]}]},{\"@type\":\"ImageObject\",\"inLanguage\":\"es\",\"@id\":\"https:\\\/\\\/vamosporlaliberacion.org\\\/crpmlm\\\/belgrano-de-la-rebelion-de-las-trenzas-a-la-creacion-de-la-bandera\\\/#primaryimage\",\"url\":\"https:\\\/\\\/i0.wp.com\\\/vamosporlaliberacion.org\\\/crpmlm\\\/wp-content\\\/uploads\\\/2015\\\/06\\\/Untitled-1.jpg?fit=696%2C392&ssl=1\",\"contentUrl\":\"https:\\\/\\\/i0.wp.com\\\/vamosporlaliberacion.org\\\/crpmlm\\\/wp-content\\\/uploads\\\/2015\\\/06\\\/Untitled-1.jpg?fit=696%2C392&ssl=1\",\"width\":696,\"height\":392},{\"@type\":\"BreadcrumbList\",\"@id\":\"https:\\\/\\\/vamosporlaliberacion.org\\\/crpmlm\\\/belgrano-de-la-rebelion-de-las-trenzas-a-la-creacion-de-la-bandera\\\/#breadcrumb\",\"itemListElement\":[{\"@type\":\"ListItem\",\"position\":1,\"name\":\"Portada\",\"item\":\"https:\\\/\\\/vamosporlaliberacion.org\\\/crpmlm\\\/\"},{\"@type\":\"ListItem\",\"position\":2,\"name\":\"Belgrano, de la Rebeli\u00f3n de las Trenzas a la creaci\u00f3n de la bandera\"}]},{\"@type\":\"WebSite\",\"@id\":\"https:\\\/\\\/vamosporlaliberacion.org\\\/crpmlm\\\/#website\",\"url\":\"https:\\\/\\\/vamosporlaliberacion.org\\\/crpmlm\\\/\",\"name\":\"Vamos por la Liberaci\u00f3n\",\"description\":\"Prensa CR\",\"potentialAction\":[{\"@type\":\"SearchAction\",\"target\":{\"@type\":\"EntryPoint\",\"urlTemplate\":\"https:\\\/\\\/vamosporlaliberacion.org\\\/crpmlm\\\/?s={search_term_string}\"},\"query-input\":{\"@type\":\"PropertyValueSpecification\",\"valueRequired\":true,\"valueName\":\"search_term_string\"}}],\"inLanguage\":\"es\"},{\"@type\":\"Person\",\"@id\":\"https:\\\/\\\/vamosporlaliberacion.org\\\/crpmlm\\\/#\\\/schema\\\/person\\\/d6eac7758df3770dae9cd9eb104d615c\",\"name\":\"vamos!\",\"url\":\"https:\\\/\\\/vamosporlaliberacion.org\\\/crpmlm\\\/author\\\/adminvxl\\\/\"}]}<\/script>\n<!-- \/ Yoast SEO plugin. -->","yoast_head_json":{"title":"Belgrano, de la Rebeli\u00f3n de las Trenzas a la creaci\u00f3n de la bandera - Vamos por la Liberaci\u00f3n","robots":{"index":"index","follow":"follow","max-snippet":"max-snippet:-1","max-image-preview":"max-image-preview:large","max-video-preview":"max-video-preview:-1"},"canonical":"https:\/\/vamosporlaliberacion.org\/crpmlm\/belgrano-de-la-rebelion-de-las-trenzas-a-la-creacion-de-la-bandera\/","twitter_misc":{"Escrito por":"vamos!","Tiempo de lectura":"5 minutos"},"schema":{"@context":"https:\/\/schema.org","@graph":[{"@type":"Article","@id":"https:\/\/vamosporlaliberacion.org\/crpmlm\/belgrano-de-la-rebelion-de-las-trenzas-a-la-creacion-de-la-bandera\/#article","isPartOf":{"@id":"https:\/\/vamosporlaliberacion.org\/crpmlm\/belgrano-de-la-rebelion-de-las-trenzas-a-la-creacion-de-la-bandera\/"},"author":{"name":"vamos!","@id":"https:\/\/vamosporlaliberacion.org\/crpmlm\/#\/schema\/person\/d6eac7758df3770dae9cd9eb104d615c"},"headline":"Belgrano, de la Rebeli\u00f3n de las Trenzas a la creaci\u00f3n de la bandera","datePublished":"2017-06-20T23:29:37+00:00","dateModified":"2020-09-14T14:45:12+00:00","mainEntityOfPage":{"@id":"https:\/\/vamosporlaliberacion.org\/crpmlm\/belgrano-de-la-rebelion-de-las-trenzas-a-la-creacion-de-la-bandera\/"},"wordCount":1028,"commentCount":0,"image":{"@id":"https:\/\/vamosporlaliberacion.org\/crpmlm\/belgrano-de-la-rebelion-de-las-trenzas-a-la-creacion-de-la-bandera\/#primaryimage"},"thumbnailUrl":"https:\/\/i0.wp.com\/vamosporlaliberacion.org\/crpmlm\/wp-content\/uploads\/2015\/06\/Untitled-1.jpg?fit=696%2C392&ssl=1","keywords":["Belgrano","destacado 2","historia","Revoluci\u00f3n de Independencia","vxl 99"],"articleSection":["Historia \/ Teor\u00eda"],"inLanguage":"es","potentialAction":[{"@type":"CommentAction","name":"Comment","target":["https:\/\/vamosporlaliberacion.org\/crpmlm\/belgrano-de-la-rebelion-de-las-trenzas-a-la-creacion-de-la-bandera\/#respond"]}]},{"@type":"WebPage","@id":"https:\/\/vamosporlaliberacion.org\/crpmlm\/belgrano-de-la-rebelion-de-las-trenzas-a-la-creacion-de-la-bandera\/","url":"https:\/\/vamosporlaliberacion.org\/crpmlm\/belgrano-de-la-rebelion-de-las-trenzas-a-la-creacion-de-la-bandera\/","name":"Belgrano, de la Rebeli\u00f3n de las Trenzas a la creaci\u00f3n de la bandera - Vamos por la Liberaci\u00f3n","isPartOf":{"@id":"https:\/\/vamosporlaliberacion.org\/crpmlm\/#website"},"primaryImageOfPage":{"@id":"https:\/\/vamosporlaliberacion.org\/crpmlm\/belgrano-de-la-rebelion-de-las-trenzas-a-la-creacion-de-la-bandera\/#primaryimage"},"image":{"@id":"https:\/\/vamosporlaliberacion.org\/crpmlm\/belgrano-de-la-rebelion-de-las-trenzas-a-la-creacion-de-la-bandera\/#primaryimage"},"thumbnailUrl":"https:\/\/i0.wp.com\/vamosporlaliberacion.org\/crpmlm\/wp-content\/uploads\/2015\/06\/Untitled-1.jpg?fit=696%2C392&ssl=1","datePublished":"2017-06-20T23:29:37+00:00","dateModified":"2020-09-14T14:45:12+00:00","author":{"@id":"https:\/\/vamosporlaliberacion.org\/crpmlm\/#\/schema\/person\/d6eac7758df3770dae9cd9eb104d615c"},"breadcrumb":{"@id":"https:\/\/vamosporlaliberacion.org\/crpmlm\/belgrano-de-la-rebelion-de-las-trenzas-a-la-creacion-de-la-bandera\/#breadcrumb"},"inLanguage":"es","potentialAction":[{"@type":"ReadAction","target":["https:\/\/vamosporlaliberacion.org\/crpmlm\/belgrano-de-la-rebelion-de-las-trenzas-a-la-creacion-de-la-bandera\/"]}]},{"@type":"ImageObject","inLanguage":"es","@id":"https:\/\/vamosporlaliberacion.org\/crpmlm\/belgrano-de-la-rebelion-de-las-trenzas-a-la-creacion-de-la-bandera\/#primaryimage","url":"https:\/\/i0.wp.com\/vamosporlaliberacion.org\/crpmlm\/wp-content\/uploads\/2015\/06\/Untitled-1.jpg?fit=696%2C392&ssl=1","contentUrl":"https:\/\/i0.wp.com\/vamosporlaliberacion.org\/crpmlm\/wp-content\/uploads\/2015\/06\/Untitled-1.jpg?fit=696%2C392&ssl=1","width":696,"height":392},{"@type":"BreadcrumbList","@id":"https:\/\/vamosporlaliberacion.org\/crpmlm\/belgrano-de-la-rebelion-de-las-trenzas-a-la-creacion-de-la-bandera\/#breadcrumb","itemListElement":[{"@type":"ListItem","position":1,"name":"Portada","item":"https:\/\/vamosporlaliberacion.org\/crpmlm\/"},{"@type":"ListItem","position":2,"name":"Belgrano, de la Rebeli\u00f3n de las Trenzas a la creaci\u00f3n de la bandera"}]},{"@type":"WebSite","@id":"https:\/\/vamosporlaliberacion.org\/crpmlm\/#website","url":"https:\/\/vamosporlaliberacion.org\/crpmlm\/","name":"Vamos por la Liberaci\u00f3n","description":"Prensa CR","potentialAction":[{"@type":"SearchAction","target":{"@type":"EntryPoint","urlTemplate":"https:\/\/vamosporlaliberacion.org\/crpmlm\/?s={search_term_string}"},"query-input":{"@type":"PropertyValueSpecification","valueRequired":true,"valueName":"search_term_string"}}],"inLanguage":"es"},{"@type":"Person","@id":"https:\/\/vamosporlaliberacion.org\/crpmlm\/#\/schema\/person\/d6eac7758df3770dae9cd9eb104d615c","name":"vamos!","url":"https:\/\/vamosporlaliberacion.org\/crpmlm\/author\/adminvxl\/"}]}},"jetpack_featured_media_url":"https:\/\/i0.wp.com\/vamosporlaliberacion.org\/crpmlm\/wp-content\/uploads\/2015\/06\/Untitled-1.jpg?fit=696%2C392&ssl=1","jetpack_sharing_enabled":true,"_links":{"self":[{"href":"https:\/\/vamosporlaliberacion.org\/crpmlm\/wp-json\/wp\/v2\/posts\/9648","targetHints":{"allow":["GET"]}}],"collection":[{"href":"https:\/\/vamosporlaliberacion.org\/crpmlm\/wp-json\/wp\/v2\/posts"}],"about":[{"href":"https:\/\/vamosporlaliberacion.org\/crpmlm\/wp-json\/wp\/v2\/types\/post"}],"author":[{"embeddable":true,"href":"https:\/\/vamosporlaliberacion.org\/crpmlm\/wp-json\/wp\/v2\/users\/6"}],"replies":[{"embeddable":true,"href":"https:\/\/vamosporlaliberacion.org\/crpmlm\/wp-json\/wp\/v2\/comments?post=9648"}],"version-history":[{"count":1,"href":"https:\/\/vamosporlaliberacion.org\/crpmlm\/wp-json\/wp\/v2\/posts\/9648\/revisions"}],"predecessor-version":[{"id":19464,"href":"https:\/\/vamosporlaliberacion.org\/crpmlm\/wp-json\/wp\/v2\/posts\/9648\/revisions\/19464"}],"wp:featuredmedia":[{"embeddable":true,"href":"https:\/\/vamosporlaliberacion.org\/crpmlm\/wp-json\/wp\/v2\/media\/9564"}],"wp:attachment":[{"href":"https:\/\/vamosporlaliberacion.org\/crpmlm\/wp-json\/wp\/v2\/media?parent=9648"}],"wp:term":[{"taxonomy":"category","embeddable":true,"href":"https:\/\/vamosporlaliberacion.org\/crpmlm\/wp-json\/wp\/v2\/categories?post=9648"},{"taxonomy":"post_tag","embeddable":true,"href":"https:\/\/vamosporlaliberacion.org\/crpmlm\/wp-json\/wp\/v2\/tags?post=9648"}],"curies":[{"name":"wp","href":"https:\/\/api.w.org\/{rel}","templated":true}]}}