{"id":9546,"date":"2017-06-13T18:17:56","date_gmt":"2017-06-13T21:17:56","guid":{"rendered":"http:\/\/vamosporlaliberacion.org\/crpmlm\/?p=9546"},"modified":"2020-10-30T10:19:43","modified_gmt":"2020-10-30T13:19:43","slug":"6-anos-sin-martires-lopez","status":"publish","type":"post","link":"https:\/\/vamosporlaliberacion.org\/crpmlm\/6-anos-sin-martires-lopez\/","title":{"rendered":"M\u00e1rtires L\u00f3pez, presente!"},"content":{"rendered":"<p>Campesino, dirigente qom y comunista revolucionario, M\u00e1rtires L\u00f3pez dedic\u00f3 su vida a la organizaci\u00f3n de su pueblo y su clase, olvidados y despreciados en el Chaco por los gobiernos y terratenientes. Seg\u00fan la Polic\u00eda en un \u201caccidente\u201d, pero que sigue sin esclarecerse. S\u00ed se comprob\u00f3 la destrucci\u00f3n de pruebas sobre su posible asesinato. Su ejemplo vive en la lucha por la tierra y en todos los campesinos que se ponen de pie junto a la clase obrera por un camino liberador.<\/p>\n<!-- AddThis Advanced Settings generic via filter on the_content --><!-- AddThis Share Buttons generic via filter on the_content -->","protected":false},"excerpt":{"rendered":"<p>Campesino, dirigente qom y comunista revolucionario, M\u00e1rtires L\u00f3pez dedic\u00f3 su vida a la organizaci\u00f3n de su pueblo y su clase, olvidados y despreciados en el Chaco por los gobiernos y terratenientes. Seg\u00fan la Polic\u00eda en un \u201caccidente\u201d, pero que sigue sin esclarecerse. S\u00ed se comprob\u00f3 la destrucci\u00f3n de pruebas sobre su posible asesinato. Su ejemplo [&hellip;]<!-- AddThis Advanced Settings generic via filter on get_the_excerpt --><!-- AddThis Share Buttons generic via filter on get_the_excerpt --><\/p>\n","protected":false},"author":5,"featured_media":9559,"comment_status":"open","ping_status":"open","sticky":false,"template":"","format":"standard","meta":{"_jetpack_memberships_contains_paid_content":false,"footnotes":""},"categories":[1879],"tags":[1006,168,1315,1003],"class_list":{"0":"post-9546","1":"post","2":"type-post","3":"status-publish","4":"format-standard","5":"has-post-thumbnail","7":"category-nuestro-ejemplo","8":"tag-detenidos-desaparecidos-y-asesindos","9":"tag-martires-lopez","10":"tag-vxl-142","11":"tag-vxl-99"},"yoast_head":"<!-- This site is optimized with the Yoast SEO plugin v27.4 - https:\/\/yoast.com\/product\/yoast-seo-wordpress\/ -->\n<title>M\u00e1rtires L\u00f3pez, presente! - Vamos por la Liberaci\u00f3n<\/title>\n<meta name=\"robots\" content=\"index, follow, max-snippet:-1, max-image-preview:large, max-video-preview:-1\" \/>\n<link rel=\"canonical\" href=\"https:\/\/vamosporlaliberacion.org\/crpmlm\/6-anos-sin-martires-lopez\/\" \/>\n<meta name=\"twitter:label1\" content=\"Escrito por\" \/>\n\t<meta name=\"twitter:data1\" content=\"\" \/>\n<script type=\"application\/ld+json\" class=\"yoast-schema-graph\">{\"@context\":\"https:\\\/\\\/schema.org\",\"@graph\":[{\"@type\":\"Article\",\"@id\":\"https:\\\/\\\/vamosporlaliberacion.org\\\/crpmlm\\\/6-anos-sin-martires-lopez\\\/#article\",\"isPartOf\":{\"@id\":\"https:\\\/\\\/vamosporlaliberacion.org\\\/crpmlm\\\/6-anos-sin-martires-lopez\\\/\"},\"author\":{\"name\":\"\",\"@id\":\"\"},\"headline\":\"M\u00e1rtires L\u00f3pez, presente!\",\"datePublished\":\"2017-06-13T21:17:56+00:00\",\"dateModified\":\"2020-10-30T13:19:43+00:00\",\"mainEntityOfPage\":{\"@id\":\"https:\\\/\\\/vamosporlaliberacion.org\\\/crpmlm\\\/6-anos-sin-martires-lopez\\\/\"},\"wordCount\":92,\"commentCount\":0,\"image\":{\"@id\":\"https:\\\/\\\/vamosporlaliberacion.org\\\/crpmlm\\\/6-anos-sin-martires-lopez\\\/#primaryimage\"},\"thumbnailUrl\":\"https:\\\/\\\/i0.wp.com\\\/vamosporlaliberacion.org\\\/crpmlm\\\/wp-content\\\/uploads\\\/2017\\\/06\\\/martires.jpg?fit=696%2C392&ssl=1\",\"keywords\":[\"detenidos -desaparecidos y asesindos\",\"M\u00e1rtires L\u00f3pez\",\"vxl 142\",\"vxl 99\"],\"articleSection\":[\"Nuestro ejemplo\"],\"inLanguage\":\"es\",\"potentialAction\":[{\"@type\":\"CommentAction\",\"name\":\"Comment\",\"target\":[\"https:\\\/\\\/vamosporlaliberacion.org\\\/crpmlm\\\/6-anos-sin-martires-lopez\\\/#respond\"]}]},{\"@type\":\"WebPage\",\"@id\":\"https:\\\/\\\/vamosporlaliberacion.org\\\/crpmlm\\\/6-anos-sin-martires-lopez\\\/\",\"url\":\"https:\\\/\\\/vamosporlaliberacion.org\\\/crpmlm\\\/6-anos-sin-martires-lopez\\\/\",\"name\":\"M\u00e1rtires L\u00f3pez, presente! - Vamos por la Liberaci\u00f3n\",\"isPartOf\":{\"@id\":\"https:\\\/\\\/vamosporlaliberacion.org\\\/crpmlm\\\/#website\"},\"primaryImageOfPage\":{\"@id\":\"https:\\\/\\\/vamosporlaliberacion.org\\\/crpmlm\\\/6-anos-sin-martires-lopez\\\/#primaryimage\"},\"image\":{\"@id\":\"https:\\\/\\\/vamosporlaliberacion.org\\\/crpmlm\\\/6-anos-sin-martires-lopez\\\/#primaryimage\"},\"thumbnailUrl\":\"https:\\\/\\\/i0.wp.com\\\/vamosporlaliberacion.org\\\/crpmlm\\\/wp-content\\\/uploads\\\/2017\\\/06\\\/martires.jpg?fit=696%2C392&ssl=1\",\"datePublished\":\"2017-06-13T21:17:56+00:00\",\"dateModified\":\"2020-10-30T13:19:43+00:00\",\"author\":{\"@id\":\"\"},\"breadcrumb\":{\"@id\":\"https:\\\/\\\/vamosporlaliberacion.org\\\/crpmlm\\\/6-anos-sin-martires-lopez\\\/#breadcrumb\"},\"inLanguage\":\"es\",\"potentialAction\":[{\"@type\":\"ReadAction\",\"target\":[\"https:\\\/\\\/vamosporlaliberacion.org\\\/crpmlm\\\/6-anos-sin-martires-lopez\\\/\"]}]},{\"@type\":\"ImageObject\",\"inLanguage\":\"es\",\"@id\":\"https:\\\/\\\/vamosporlaliberacion.org\\\/crpmlm\\\/6-anos-sin-martires-lopez\\\/#primaryimage\",\"url\":\"https:\\\/\\\/i0.wp.com\\\/vamosporlaliberacion.org\\\/crpmlm\\\/wp-content\\\/uploads\\\/2017\\\/06\\\/martires.jpg?fit=696%2C392&ssl=1\",\"contentUrl\":\"https:\\\/\\\/i0.wp.com\\\/vamosporlaliberacion.org\\\/crpmlm\\\/wp-content\\\/uploads\\\/2017\\\/06\\\/martires.jpg?fit=696%2C392&ssl=1\",\"width\":696,\"height\":392},{\"@type\":\"BreadcrumbList\",\"@id\":\"https:\\\/\\\/vamosporlaliberacion.org\\\/crpmlm\\\/6-anos-sin-martires-lopez\\\/#breadcrumb\",\"itemListElement\":[{\"@type\":\"ListItem\",\"position\":1,\"name\":\"Portada\",\"item\":\"https:\\\/\\\/vamosporlaliberacion.org\\\/crpmlm\\\/\"},{\"@type\":\"ListItem\",\"position\":2,\"name\":\"M\u00e1rtires L\u00f3pez, presente!\"}]},{\"@type\":\"WebSite\",\"@id\":\"https:\\\/\\\/vamosporlaliberacion.org\\\/crpmlm\\\/#website\",\"url\":\"https:\\\/\\\/vamosporlaliberacion.org\\\/crpmlm\\\/\",\"name\":\"Vamos por la Liberaci\u00f3n\",\"description\":\"Prensa CR\",\"potentialAction\":[{\"@type\":\"SearchAction\",\"target\":{\"@type\":\"EntryPoint\",\"urlTemplate\":\"https:\\\/\\\/vamosporlaliberacion.org\\\/crpmlm\\\/?s={search_term_string}\"},\"query-input\":{\"@type\":\"PropertyValueSpecification\",\"valueRequired\":true,\"valueName\":\"search_term_string\"}}],\"inLanguage\":\"es\"},{\"@type\":\"Person\",\"@id\":\"\",\"url\":\"https:\\\/\\\/vamosporlaliberacion.org\\\/crpmlm\\\/author\\\/\"}]}<\/script>\n<!-- \/ Yoast SEO plugin. -->","yoast_head_json":{"title":"M\u00e1rtires L\u00f3pez, presente! - Vamos por la Liberaci\u00f3n","robots":{"index":"index","follow":"follow","max-snippet":"max-snippet:-1","max-image-preview":"max-image-preview:large","max-video-preview":"max-video-preview:-1"},"canonical":"https:\/\/vamosporlaliberacion.org\/crpmlm\/6-anos-sin-martires-lopez\/","twitter_misc":{"Escrito por":""},"schema":{"@context":"https:\/\/schema.org","@graph":[{"@type":"Article","@id":"https:\/\/vamosporlaliberacion.org\/crpmlm\/6-anos-sin-martires-lopez\/#article","isPartOf":{"@id":"https:\/\/vamosporlaliberacion.org\/crpmlm\/6-anos-sin-martires-lopez\/"},"author":{"name":"","@id":""},"headline":"M\u00e1rtires L\u00f3pez, presente!","datePublished":"2017-06-13T21:17:56+00:00","dateModified":"2020-10-30T13:19:43+00:00","mainEntityOfPage":{"@id":"https:\/\/vamosporlaliberacion.org\/crpmlm\/6-anos-sin-martires-lopez\/"},"wordCount":92,"commentCount":0,"image":{"@id":"https:\/\/vamosporlaliberacion.org\/crpmlm\/6-anos-sin-martires-lopez\/#primaryimage"},"thumbnailUrl":"https:\/\/i0.wp.com\/vamosporlaliberacion.org\/crpmlm\/wp-content\/uploads\/2017\/06\/martires.jpg?fit=696%2C392&ssl=1","keywords":["detenidos -desaparecidos y asesindos","M\u00e1rtires L\u00f3pez","vxl 142","vxl 99"],"articleSection":["Nuestro ejemplo"],"inLanguage":"es","potentialAction":[{"@type":"CommentAction","name":"Comment","target":["https:\/\/vamosporlaliberacion.org\/crpmlm\/6-anos-sin-martires-lopez\/#respond"]}]},{"@type":"WebPage","@id":"https:\/\/vamosporlaliberacion.org\/crpmlm\/6-anos-sin-martires-lopez\/","url":"https:\/\/vamosporlaliberacion.org\/crpmlm\/6-anos-sin-martires-lopez\/","name":"M\u00e1rtires L\u00f3pez, presente! - Vamos por la Liberaci\u00f3n","isPartOf":{"@id":"https:\/\/vamosporlaliberacion.org\/crpmlm\/#website"},"primaryImageOfPage":{"@id":"https:\/\/vamosporlaliberacion.org\/crpmlm\/6-anos-sin-martires-lopez\/#primaryimage"},"image":{"@id":"https:\/\/vamosporlaliberacion.org\/crpmlm\/6-anos-sin-martires-lopez\/#primaryimage"},"thumbnailUrl":"https:\/\/i0.wp.com\/vamosporlaliberacion.org\/crpmlm\/wp-content\/uploads\/2017\/06\/martires.jpg?fit=696%2C392&ssl=1","datePublished":"2017-06-13T21:17:56+00:00","dateModified":"2020-10-30T13:19:43+00:00","author":{"@id":""},"breadcrumb":{"@id":"https:\/\/vamosporlaliberacion.org\/crpmlm\/6-anos-sin-martires-lopez\/#breadcrumb"},"inLanguage":"es","potentialAction":[{"@type":"ReadAction","target":["https:\/\/vamosporlaliberacion.org\/crpmlm\/6-anos-sin-martires-lopez\/"]}]},{"@type":"ImageObject","inLanguage":"es","@id":"https:\/\/vamosporlaliberacion.org\/crpmlm\/6-anos-sin-martires-lopez\/#primaryimage","url":"https:\/\/i0.wp.com\/vamosporlaliberacion.org\/crpmlm\/wp-content\/uploads\/2017\/06\/martires.jpg?fit=696%2C392&ssl=1","contentUrl":"https:\/\/i0.wp.com\/vamosporlaliberacion.org\/crpmlm\/wp-content\/uploads\/2017\/06\/martires.jpg?fit=696%2C392&ssl=1","width":696,"height":392},{"@type":"BreadcrumbList","@id":"https:\/\/vamosporlaliberacion.org\/crpmlm\/6-anos-sin-martires-lopez\/#breadcrumb","itemListElement":[{"@type":"ListItem","position":1,"name":"Portada","item":"https:\/\/vamosporlaliberacion.org\/crpmlm\/"},{"@type":"ListItem","position":2,"name":"M\u00e1rtires L\u00f3pez, presente!"}]},{"@type":"WebSite","@id":"https:\/\/vamosporlaliberacion.org\/crpmlm\/#website","url":"https:\/\/vamosporlaliberacion.org\/crpmlm\/","name":"Vamos por la Liberaci\u00f3n","description":"Prensa CR","potentialAction":[{"@type":"SearchAction","target":{"@type":"EntryPoint","urlTemplate":"https:\/\/vamosporlaliberacion.org\/crpmlm\/?s={search_term_string}"},"query-input":{"@type":"PropertyValueSpecification","valueRequired":true,"valueName":"search_term_string"}}],"inLanguage":"es"},{"@type":"Person","@id":"","url":"https:\/\/vamosporlaliberacion.org\/crpmlm\/author\/"}]}},"jetpack_featured_media_url":"https:\/\/i0.wp.com\/vamosporlaliberacion.org\/crpmlm\/wp-content\/uploads\/2017\/06\/martires.jpg?fit=696%2C392&ssl=1","jetpack_sharing_enabled":true,"_links":{"self":[{"href":"https:\/\/vamosporlaliberacion.org\/crpmlm\/wp-json\/wp\/v2\/posts\/9546","targetHints":{"allow":["GET"]}}],"collection":[{"href":"https:\/\/vamosporlaliberacion.org\/crpmlm\/wp-json\/wp\/v2\/posts"}],"about":[{"href":"https:\/\/vamosporlaliberacion.org\/crpmlm\/wp-json\/wp\/v2\/types\/post"}],"author":[{"embeddable":true,"href":"https:\/\/vamosporlaliberacion.org\/crpmlm\/wp-json\/wp\/v2\/users\/5"}],"replies":[{"embeddable":true,"href":"https:\/\/vamosporlaliberacion.org\/crpmlm\/wp-json\/wp\/v2\/comments?post=9546"}],"version-history":[{"count":1,"href":"https:\/\/vamosporlaliberacion.org\/crpmlm\/wp-json\/wp\/v2\/posts\/9546\/revisions"}],"predecessor-version":[{"id":21375,"href":"https:\/\/vamosporlaliberacion.org\/crpmlm\/wp-json\/wp\/v2\/posts\/9546\/revisions\/21375"}],"wp:featuredmedia":[{"embeddable":true,"href":"https:\/\/vamosporlaliberacion.org\/crpmlm\/wp-json\/wp\/v2\/media\/9559"}],"wp:attachment":[{"href":"https:\/\/vamosporlaliberacion.org\/crpmlm\/wp-json\/wp\/v2\/media?parent=9546"}],"wp:term":[{"taxonomy":"category","embeddable":true,"href":"https:\/\/vamosporlaliberacion.org\/crpmlm\/wp-json\/wp\/v2\/categories?post=9546"},{"taxonomy":"post_tag","embeddable":true,"href":"https:\/\/vamosporlaliberacion.org\/crpmlm\/wp-json\/wp\/v2\/tags?post=9546"}],"curies":[{"name":"wp","href":"https:\/\/api.w.org\/{rel}","templated":true}]}}