{"id":9449,"date":"2017-06-01T21:22:02","date_gmt":"2017-06-02T00:22:02","guid":{"rendered":"http:\/\/vamosporlaliberacion.org\/crpmlm\/?p=9449"},"modified":"2020-10-12T20:29:42","modified_gmt":"2020-10-12T23:29:42","slug":"niunamenos-cada-vez-mas-fuerte","status":"publish","type":"post","link":"https:\/\/vamosporlaliberacion.org\/crpmlm\/niunamenos-cada-vez-mas-fuerte\/","title":{"rendered":"#NiUnaMenos: Cada vez m\u00e1s fuerte"},"content":{"rendered":"<p class=\"Parrafo-inicial\"><span class=\"char-style-override-4\">E<\/span>l 3 de junio ya se ha instalado como una fecha de lucha por los derechos de las mujeres.Nos seguimos movilizando porque no pasa un d\u00eda sin que nos enteremos de un nuevo femicidio. No pasa un d\u00eda sin que tengamos que compartir la foto de una o m\u00e1s pibas desaparecidas buscadas por sus amigos, amigas y familiares, mientras la polic\u00eda y la Justicia no toman en cuenta la denuncia o encubren a los responsables.<\/p>\n<p class=\"Texto-base\">Por eso, desde las grandes movilizaciones por \u201cNi Una Menos\u201d seguimos denunciando que el Estado es responsable. Porque detr\u00e1s de muchos casos de femicidios, ya hay una denuncia previa por violencia, una orden de restricci\u00f3n incumplida; o como el caso de Micaela, un violador suelto.Tambi\u00e9n es evidente la responsabilidad del Estado en la alevosaconnivencia de gobierno, jueces y comisarios con las redes de trata y narcotr\u00e1fico. Mientras matan una mujer por d\u00eda,el gobierno de Macri ajusta, despide, recorta\u2013hasta intent\u00f3 recortar el presupuesto del Consejo de la Mujer\u2013 y mira para otro.<\/p>\n<p class=\"Texto-base\">Las trabajadoras seguimos siendo las principales afectadas por la pol\u00edtica de ajuste: ganamos un 37% menos que los hombres y ocupamos los puestos m\u00e1s precarios. Muchas no podemos trabajar porque no se cumple con la reglamentaci\u00f3n sobre jardines en los lugares de trabajo. Mientras tanto, el peso de las tareas dom\u00e9sticasno remuneradas sigue recayendo sobre nosotras.<\/p>\n<p class=\"Texto-base\">Tambi\u00e9n nos movilizamos porque sigue sin implementarse la Ley de Educaci\u00f3n Sexual Integral y sin cumplirse los abortos no punibles. Y sigue cajoneado el proyecto de ley de la Campa\u00f1a Nacional por el Derecho al aborto.<\/p>\n<p class=\"Texto-base\">Todas estas luchas contra la opresi\u00f3n de las mujeres son m\u00e1s que una batalla cultural, son mucho m\u00e1s que derechos que mentes retrogradas se niegan a concedernos. Tienen su ra\u00edz en la divisi\u00f3n de la sociedad en clases sociales, el surgimiento de la propiedad privada y la crisis manifiesta de la familia patriarcal, que hoy se expresa en la doble opresi\u00f3n de las mujeres (por ser parte del pueblo y por ser mujer) y la doble jornada laboral (trabajo asalariado y trabajo dom\u00e9stico).<\/p>\n<p class=\"Texto-base\">De manera, esta lucha es parte la lucha por la liberaci\u00f3n nacional y social del conjunto del pueblo. As\u00ed debemos asumirlo desde todas las organizaciones populares, abordando de forma espec\u00edfica en cada lugar estas reivindicaciones con comisiones de mujeres y tomando esa lucha desde el conjunto del pueblo.<\/p>\n<p class=\"Texto-base\">Por eso este 3 de junio nos volvemos a movilizar en todo el pa\u00eds y de Congreso a Plaza de Mayo con las consignas: \u00a1Ni una Menos! \u00a1Vivas nos queremos! El estado es responsable.<\/p>\n<p class=\"Texto-base\">\n<!-- AddThis Advanced Settings generic via filter on the_content --><!-- AddThis Share Buttons generic via filter on the_content -->","protected":false},"excerpt":{"rendered":"<p>El 3 de junio ya se ha instalado como una fecha de lucha por los derechos de las mujeres.Nos seguimos movilizando porque no pasa un d\u00eda sin que nos enteremos de un nuevo femicidio. No pasa un d\u00eda sin que tengamos que compartir la foto de una o m\u00e1s pibas desaparecidas buscadas por sus amigos, [&hellip;]<!-- AddThis Advanced Settings generic via filter on get_the_excerpt --><!-- AddThis Share Buttons generic via filter on get_the_excerpt --><\/p>\n","protected":false},"author":5,"featured_media":9486,"comment_status":"open","ping_status":"open","sticky":false,"template":"","format":"standard","meta":{"_jetpack_memberships_contains_paid_content":false,"footnotes":""},"categories":[1875],"tags":[967,519,992],"class_list":{"0":"post-9449","1":"post","2":"type-post","3":"status-publish","4":"format-standard","5":"has-post-thumbnail","7":"category-genero","8":"tag-niunamenos","9":"tag-destacado","10":"tag-vxl-98"},"yoast_head":"<!-- This site is optimized with the Yoast SEO plugin v27.4 - https:\/\/yoast.com\/product\/yoast-seo-wordpress\/ -->\n<title>#NiUnaMenos: Cada vez m\u00e1s fuerte - Vamos por la Liberaci\u00f3n<\/title>\n<meta name=\"robots\" content=\"index, follow, max-snippet:-1, max-image-preview:large, max-video-preview:-1\" \/>\n<link rel=\"canonical\" href=\"http:\/\/vamosporlaliberacion.org\/crpmlm\/niunamenos-cada-vez-mas-fuerte\/\" \/>\n<meta name=\"twitter:label1\" content=\"Escrito por\" \/>\n\t<meta name=\"twitter:data1\" content=\"\" \/>\n\t<meta name=\"twitter:label2\" content=\"Tiempo de lectura\" \/>\n\t<meta name=\"twitter:data2\" content=\"2 minutos\" \/>\n<script type=\"application\/ld+json\" class=\"yoast-schema-graph\">{\"@context\":\"https:\\\/\\\/schema.org\",\"@graph\":[{\"@type\":\"Article\",\"@id\":\"http:\\\/\\\/vamosporlaliberacion.org\\\/crpmlm\\\/niunamenos-cada-vez-mas-fuerte\\\/#article\",\"isPartOf\":{\"@id\":\"http:\\\/\\\/vamosporlaliberacion.org\\\/crpmlm\\\/niunamenos-cada-vez-mas-fuerte\\\/\"},\"author\":{\"name\":\"\",\"@id\":\"\"},\"headline\":\"#NiUnaMenos: Cada vez m\u00e1s fuerte\",\"datePublished\":\"2017-06-02T00:22:02+00:00\",\"dateModified\":\"2020-10-12T23:29:42+00:00\",\"mainEntityOfPage\":{\"@id\":\"http:\\\/\\\/vamosporlaliberacion.org\\\/crpmlm\\\/niunamenos-cada-vez-mas-fuerte\\\/\"},\"wordCount\":456,\"commentCount\":0,\"image\":{\"@id\":\"http:\\\/\\\/vamosporlaliberacion.org\\\/crpmlm\\\/niunamenos-cada-vez-mas-fuerte\\\/#primaryimage\"},\"thumbnailUrl\":\"https:\\\/\\\/i0.wp.com\\\/vamosporlaliberacion.org\\\/crpmlm\\\/wp-content\\\/uploads\\\/2017\\\/06\\\/vxl4.jpg?fit=696%2C403&ssl=1\",\"keywords\":[\"#NiUnaMenos\",\"destacado\",\"vxl 98\"],\"articleSection\":[\"Genero\"],\"inLanguage\":\"es\",\"potentialAction\":[{\"@type\":\"CommentAction\",\"name\":\"Comment\",\"target\":[\"http:\\\/\\\/vamosporlaliberacion.org\\\/crpmlm\\\/niunamenos-cada-vez-mas-fuerte\\\/#respond\"]}]},{\"@type\":\"WebPage\",\"@id\":\"http:\\\/\\\/vamosporlaliberacion.org\\\/crpmlm\\\/niunamenos-cada-vez-mas-fuerte\\\/\",\"url\":\"http:\\\/\\\/vamosporlaliberacion.org\\\/crpmlm\\\/niunamenos-cada-vez-mas-fuerte\\\/\",\"name\":\"#NiUnaMenos: Cada vez m\u00e1s fuerte - Vamos por la Liberaci\u00f3n\",\"isPartOf\":{\"@id\":\"https:\\\/\\\/vamosporlaliberacion.org\\\/crpmlm\\\/#website\"},\"primaryImageOfPage\":{\"@id\":\"http:\\\/\\\/vamosporlaliberacion.org\\\/crpmlm\\\/niunamenos-cada-vez-mas-fuerte\\\/#primaryimage\"},\"image\":{\"@id\":\"http:\\\/\\\/vamosporlaliberacion.org\\\/crpmlm\\\/niunamenos-cada-vez-mas-fuerte\\\/#primaryimage\"},\"thumbnailUrl\":\"https:\\\/\\\/i0.wp.com\\\/vamosporlaliberacion.org\\\/crpmlm\\\/wp-content\\\/uploads\\\/2017\\\/06\\\/vxl4.jpg?fit=696%2C403&ssl=1\",\"datePublished\":\"2017-06-02T00:22:02+00:00\",\"dateModified\":\"2020-10-12T23:29:42+00:00\",\"author\":{\"@id\":\"\"},\"breadcrumb\":{\"@id\":\"http:\\\/\\\/vamosporlaliberacion.org\\\/crpmlm\\\/niunamenos-cada-vez-mas-fuerte\\\/#breadcrumb\"},\"inLanguage\":\"es\",\"potentialAction\":[{\"@type\":\"ReadAction\",\"target\":[\"http:\\\/\\\/vamosporlaliberacion.org\\\/crpmlm\\\/niunamenos-cada-vez-mas-fuerte\\\/\"]}]},{\"@type\":\"ImageObject\",\"inLanguage\":\"es\",\"@id\":\"http:\\\/\\\/vamosporlaliberacion.org\\\/crpmlm\\\/niunamenos-cada-vez-mas-fuerte\\\/#primaryimage\",\"url\":\"https:\\\/\\\/i0.wp.com\\\/vamosporlaliberacion.org\\\/crpmlm\\\/wp-content\\\/uploads\\\/2017\\\/06\\\/vxl4.jpg?fit=696%2C403&ssl=1\",\"contentUrl\":\"https:\\\/\\\/i0.wp.com\\\/vamosporlaliberacion.org\\\/crpmlm\\\/wp-content\\\/uploads\\\/2017\\\/06\\\/vxl4.jpg?fit=696%2C403&ssl=1\",\"width\":696,\"height\":403},{\"@type\":\"BreadcrumbList\",\"@id\":\"http:\\\/\\\/vamosporlaliberacion.org\\\/crpmlm\\\/niunamenos-cada-vez-mas-fuerte\\\/#breadcrumb\",\"itemListElement\":[{\"@type\":\"ListItem\",\"position\":1,\"name\":\"Portada\",\"item\":\"https:\\\/\\\/vamosporlaliberacion.org\\\/crpmlm\\\/\"},{\"@type\":\"ListItem\",\"position\":2,\"name\":\"#NiUnaMenos: Cada vez m\u00e1s fuerte\"}]},{\"@type\":\"WebSite\",\"@id\":\"https:\\\/\\\/vamosporlaliberacion.org\\\/crpmlm\\\/#website\",\"url\":\"https:\\\/\\\/vamosporlaliberacion.org\\\/crpmlm\\\/\",\"name\":\"Vamos por la Liberaci\u00f3n\",\"description\":\"Prensa CR\",\"potentialAction\":[{\"@type\":\"SearchAction\",\"target\":{\"@type\":\"EntryPoint\",\"urlTemplate\":\"https:\\\/\\\/vamosporlaliberacion.org\\\/crpmlm\\\/?s={search_term_string}\"},\"query-input\":{\"@type\":\"PropertyValueSpecification\",\"valueRequired\":true,\"valueName\":\"search_term_string\"}}],\"inLanguage\":\"es\"},{\"@type\":\"Person\",\"@id\":\"\",\"url\":\"https:\\\/\\\/vamosporlaliberacion.org\\\/crpmlm\\\/author\\\/\"}]}<\/script>\n<!-- \/ Yoast SEO plugin. -->","yoast_head_json":{"title":"#NiUnaMenos: Cada vez m\u00e1s fuerte - Vamos por la Liberaci\u00f3n","robots":{"index":"index","follow":"follow","max-snippet":"max-snippet:-1","max-image-preview":"max-image-preview:large","max-video-preview":"max-video-preview:-1"},"canonical":"http:\/\/vamosporlaliberacion.org\/crpmlm\/niunamenos-cada-vez-mas-fuerte\/","twitter_misc":{"Escrito por":"","Tiempo de lectura":"2 minutos"},"schema":{"@context":"https:\/\/schema.org","@graph":[{"@type":"Article","@id":"http:\/\/vamosporlaliberacion.org\/crpmlm\/niunamenos-cada-vez-mas-fuerte\/#article","isPartOf":{"@id":"http:\/\/vamosporlaliberacion.org\/crpmlm\/niunamenos-cada-vez-mas-fuerte\/"},"author":{"name":"","@id":""},"headline":"#NiUnaMenos: Cada vez m\u00e1s fuerte","datePublished":"2017-06-02T00:22:02+00:00","dateModified":"2020-10-12T23:29:42+00:00","mainEntityOfPage":{"@id":"http:\/\/vamosporlaliberacion.org\/crpmlm\/niunamenos-cada-vez-mas-fuerte\/"},"wordCount":456,"commentCount":0,"image":{"@id":"http:\/\/vamosporlaliberacion.org\/crpmlm\/niunamenos-cada-vez-mas-fuerte\/#primaryimage"},"thumbnailUrl":"https:\/\/i0.wp.com\/vamosporlaliberacion.org\/crpmlm\/wp-content\/uploads\/2017\/06\/vxl4.jpg?fit=696%2C403&ssl=1","keywords":["#NiUnaMenos","destacado","vxl 98"],"articleSection":["Genero"],"inLanguage":"es","potentialAction":[{"@type":"CommentAction","name":"Comment","target":["http:\/\/vamosporlaliberacion.org\/crpmlm\/niunamenos-cada-vez-mas-fuerte\/#respond"]}]},{"@type":"WebPage","@id":"http:\/\/vamosporlaliberacion.org\/crpmlm\/niunamenos-cada-vez-mas-fuerte\/","url":"http:\/\/vamosporlaliberacion.org\/crpmlm\/niunamenos-cada-vez-mas-fuerte\/","name":"#NiUnaMenos: Cada vez m\u00e1s fuerte - Vamos por la Liberaci\u00f3n","isPartOf":{"@id":"https:\/\/vamosporlaliberacion.org\/crpmlm\/#website"},"primaryImageOfPage":{"@id":"http:\/\/vamosporlaliberacion.org\/crpmlm\/niunamenos-cada-vez-mas-fuerte\/#primaryimage"},"image":{"@id":"http:\/\/vamosporlaliberacion.org\/crpmlm\/niunamenos-cada-vez-mas-fuerte\/#primaryimage"},"thumbnailUrl":"https:\/\/i0.wp.com\/vamosporlaliberacion.org\/crpmlm\/wp-content\/uploads\/2017\/06\/vxl4.jpg?fit=696%2C403&ssl=1","datePublished":"2017-06-02T00:22:02+00:00","dateModified":"2020-10-12T23:29:42+00:00","author":{"@id":""},"breadcrumb":{"@id":"http:\/\/vamosporlaliberacion.org\/crpmlm\/niunamenos-cada-vez-mas-fuerte\/#breadcrumb"},"inLanguage":"es","potentialAction":[{"@type":"ReadAction","target":["http:\/\/vamosporlaliberacion.org\/crpmlm\/niunamenos-cada-vez-mas-fuerte\/"]}]},{"@type":"ImageObject","inLanguage":"es","@id":"http:\/\/vamosporlaliberacion.org\/crpmlm\/niunamenos-cada-vez-mas-fuerte\/#primaryimage","url":"https:\/\/i0.wp.com\/vamosporlaliberacion.org\/crpmlm\/wp-content\/uploads\/2017\/06\/vxl4.jpg?fit=696%2C403&ssl=1","contentUrl":"https:\/\/i0.wp.com\/vamosporlaliberacion.org\/crpmlm\/wp-content\/uploads\/2017\/06\/vxl4.jpg?fit=696%2C403&ssl=1","width":696,"height":403},{"@type":"BreadcrumbList","@id":"http:\/\/vamosporlaliberacion.org\/crpmlm\/niunamenos-cada-vez-mas-fuerte\/#breadcrumb","itemListElement":[{"@type":"ListItem","position":1,"name":"Portada","item":"https:\/\/vamosporlaliberacion.org\/crpmlm\/"},{"@type":"ListItem","position":2,"name":"#NiUnaMenos: Cada vez m\u00e1s fuerte"}]},{"@type":"WebSite","@id":"https:\/\/vamosporlaliberacion.org\/crpmlm\/#website","url":"https:\/\/vamosporlaliberacion.org\/crpmlm\/","name":"Vamos por la Liberaci\u00f3n","description":"Prensa CR","potentialAction":[{"@type":"SearchAction","target":{"@type":"EntryPoint","urlTemplate":"https:\/\/vamosporlaliberacion.org\/crpmlm\/?s={search_term_string}"},"query-input":{"@type":"PropertyValueSpecification","valueRequired":true,"valueName":"search_term_string"}}],"inLanguage":"es"},{"@type":"Person","@id":"","url":"https:\/\/vamosporlaliberacion.org\/crpmlm\/author\/"}]}},"jetpack_featured_media_url":"https:\/\/i0.wp.com\/vamosporlaliberacion.org\/crpmlm\/wp-content\/uploads\/2017\/06\/vxl4.jpg?fit=696%2C403&ssl=1","jetpack_sharing_enabled":true,"_links":{"self":[{"href":"https:\/\/vamosporlaliberacion.org\/crpmlm\/wp-json\/wp\/v2\/posts\/9449","targetHints":{"allow":["GET"]}}],"collection":[{"href":"https:\/\/vamosporlaliberacion.org\/crpmlm\/wp-json\/wp\/v2\/posts"}],"about":[{"href":"https:\/\/vamosporlaliberacion.org\/crpmlm\/wp-json\/wp\/v2\/types\/post"}],"author":[{"embeddable":true,"href":"https:\/\/vamosporlaliberacion.org\/crpmlm\/wp-json\/wp\/v2\/users\/5"}],"replies":[{"embeddable":true,"href":"https:\/\/vamosporlaliberacion.org\/crpmlm\/wp-json\/wp\/v2\/comments?post=9449"}],"version-history":[{"count":1,"href":"https:\/\/vamosporlaliberacion.org\/crpmlm\/wp-json\/wp\/v2\/posts\/9449\/revisions"}],"predecessor-version":[{"id":19999,"href":"https:\/\/vamosporlaliberacion.org\/crpmlm\/wp-json\/wp\/v2\/posts\/9449\/revisions\/19999"}],"wp:featuredmedia":[{"embeddable":true,"href":"https:\/\/vamosporlaliberacion.org\/crpmlm\/wp-json\/wp\/v2\/media\/9486"}],"wp:attachment":[{"href":"https:\/\/vamosporlaliberacion.org\/crpmlm\/wp-json\/wp\/v2\/media?parent=9449"}],"wp:term":[{"taxonomy":"category","embeddable":true,"href":"https:\/\/vamosporlaliberacion.org\/crpmlm\/wp-json\/wp\/v2\/categories?post=9449"},{"taxonomy":"post_tag","embeddable":true,"href":"https:\/\/vamosporlaliberacion.org\/crpmlm\/wp-json\/wp\/v2\/tags?post=9449"}],"curies":[{"name":"wp","href":"https:\/\/api.w.org\/{rel}","templated":true}]}}