{"id":8868,"date":"2017-03-27T17:05:07","date_gmt":"2017-03-27T20:05:07","guid":{"rendered":"http:\/\/vamosporlaliberacion.org\/crpmlm\/?p=8868"},"modified":"2017-04-02T16:56:49","modified_gmt":"2017-04-02T19:56:49","slug":"son-30-000-grito-el-pueblo-en-todo-el-pais","status":"publish","type":"post","link":"https:\/\/vamosporlaliberacion.org\/crpmlm\/son-30-000-grito-el-pueblo-en-todo-el-pais\/","title":{"rendered":"\u201cSon 30.000\u201d, grit\u00f3 el pueblo en todo el pa\u00eds"},"content":{"rendered":"<p>En un nuevo aniversario del golpe de 1976, una marea popular se volc\u00f3 a las calles de todo el pa\u00eds. Desde temprano el centro porte\u00f1o y la Plaza de Mayo se colmaron de gente, haciendo casi imposible caminar. En C\u00f3rdoba, Rosario, Mendoza y otras ciudades tambi\u00e9n se juntaron centenares de miles. La extraordinaria masividad fue una contundente respuesta a la campa\u00f1a negacionista del gobierno que relativiza la cantidad de v\u00edctimas de la represi\u00f3n y relanza la teor\u00eda de los dos demonios. Campa\u00f1a que es sustentada hoy por quienes fueron promotores, c\u00f3mplices y beneficiarios de la represi\u00f3n dictatorial. Es que el macrismo sigue haciendo explotar las calles, pero en su contra, reflejando un creciente descontento hacia sus pol\u00edticas.<\/p>\n<h2>Campa\u00f1a oficial negacionista<\/h2>\n<p>A la campa\u00f1a oficialista \u2013que incluy\u00f3 las declaraciones de Macri, Lop\u00e9rfido, Avruj y G\u00f3mez Centuri\u00f3n\u2013 negando el n\u00famero de 30.000 desaparecidos y relativizando el genocidio, el intento de hacer al 24 de Marzo feriado trasladable, el reflote de la teor\u00eda de los dos demonios y muchos otros, el macrismo no tuvo empacho en sumar nuevas provocaciones el mismo 24 de Marzo. Los legisladores del PRO se fotografiaron sosteniendo carteles con las frases \u201cLos derechos humanos no tienen due\u00f1os\u201d, \u201cNunca m\u00e1s a los negocios con los derechos humanos\u201d y \u201cNunca m\u00e1s la interrupci\u00f3n del orden democr\u00e1tico\u201d. As\u00ed pretenden reducir los derechos humanos a los intentos de utilizaci\u00f3n pol\u00edtica por parte del kirchnerismo y utilizan una frase tan difusa que no solo omite hablar de genocidio, o al menos de dictadura, sino que incluso podr\u00eda incluir al Argentinazo del 2001.<\/p>\n<p>Por si esto no era suficiente, el propio Macri reprodujo en su cuenta de Facebook una frase del pr\u00f3logo del \u201cNunca M\u00e1s\u201d, el texto fundacional de la teor\u00eda de los dos demonios. Y, junto a Juliana Awada, march\u00f3 a Holanda a reunirse con los reyes William Alexander y M\u00e1xima Zorreguieta, esta \u00faltima hija de Jorge Zorreguieta, ex funcionario de la dictadura. Como muestra de que se trata de una campa\u00f1a bien orquestada, las cloacas de <em>Clar\u00edn<\/em> y<em> La Naci\u00f3n<\/em> se sumaron publicando editoriales y notas en los que reclaman \u201cque se cuente toda la historia\u201d y piden reparaci\u00f3n para \u201clas v\u00edctimas de los grupos terroristas\u201d, alimentando no tan solapadamente la idea de una \u201cguerra sucia\u201d.<\/p>\n<h2>En Plaza de Mayo<\/h2>\n<p>El primer acto que se hizo fue el promovido por Abuelas de Plaza de Mayo, Madres de Plaza de Mayo L\u00ednea Fundadora y otros organismos de derechos humanos. All\u00ed, el documento le\u00eddo por Estela de Carlotto \u2013de Abuelas\u2013 fustig\u00f3 contra las pol\u00edticas del macrismo comparando su plan econ\u00f3mico con el de la dictadura y se reivindicaron los gobiernos de N\u00e9stor y Cristina Kirchner. A diferencia de los actos realizados desde el 2006 \u2013cuando estas organizaciones rompieron la convocatoria \u00fanica del Encuentro Memoria, Verdad y Justicia\u2013, ahora se mencion\u00f3 el reclamo por la aparici\u00f3n de Jorge Julio L\u00f3pez, se reivindicaron luchas como la de AGR-Clar\u00edn, se conden\u00f3 la represi\u00f3n a los mapuches en Neuqu\u00e9n e incluso se celebr\u00f3 la investigaci\u00f3n a Milani. Aunque no hubo autocr\u00edtica por el silencio de todo este tiempo frente a esos temas, as\u00ed como las represiones a luchas obreras o los asesinatos de originarios y campesinos.<\/p>\n<p>Inmediatamente despu\u00e9s, casi apurando la finalizaci\u00f3n del primer acto, entr\u00f3 al grito de \u201cvamos a volver\u201d el cami\u00f3n que llevaba a Hebe de Bonafini, de Madres de Plaza de Mayo, acompa\u00f1ada por figuras como An\u00edbal Fern\u00e1ndez, Roberto Baradel (SUTEBA) y Segovia (subte) y el diputado Edgardo Depetri. D\u00edas atr\u00e1s hab\u00eda acusado de \u201ctraidora\u201d a Carlotto por reunirse y firmar un convenio con la gobernadora Mar\u00eda Eugenia Vidal. Desde el cami\u00f3n, Bonafini sostuvo que Macri \u201ces un reverendo hijo del mil putas y un dictador\u00bb, y cerr\u00f3: \u201cLas Madres nunca jam\u00e1s vamos a dejar de ser leales al proyecto nacional y popular que Cristina y N\u00e9stor dejaron en nuestras manos.\u201d<\/p>\n<p><img data-recalc-dims=\"1\" loading=\"lazy\" decoding=\"async\" class=\"aligncenter wp-image-8875 size-full\" src=\"https:\/\/i0.wp.com\/vamosporlaliberacion.org\/crpmlm\/wp-content\/uploads\/2017\/03\/bandera.jpg?resize=696%2C392\" alt=\"\" width=\"696\" height=\"392\" srcset=\"https:\/\/i0.wp.com\/vamosporlaliberacion.org\/crpmlm\/wp-content\/uploads\/2017\/03\/bandera.jpg?w=696&amp;ssl=1 696w, https:\/\/i0.wp.com\/vamosporlaliberacion.org\/crpmlm\/wp-content\/uploads\/2017\/03\/bandera.jpg?resize=300%2C169&amp;ssl=1 300w, https:\/\/i0.wp.com\/vamosporlaliberacion.org\/crpmlm\/wp-content\/uploads\/2017\/03\/bandera.jpg?resize=500%2C282&amp;ssl=1 500w\" sizes=\"auto, (max-width: 696px) 100vw, 696px\" \/><\/p>\n<p>Por la tarde se llev\u00f3 a cabo la movilizaci\u00f3n y el acto convocado por el EMVyJ, que tuvo como consigna principal \u201cSon 30.000. Fue genocidio\u201d. Este cont\u00f3 la participaci\u00f3n de Nora Corti\u00f1as, Patricia Walsh y Osvaldo Bayer, y fue encabezada entre otros por la Asociaci\u00f3n de ex Detenidos Desaparecidos, CORREPI, HIJOS de zona oeste y otras organizaciones de derechos humanos. Tras \u00e9stos se encolumnaron organizaciones sindicales, estudiantiles, sociales y partidos pol\u00edticos, entre ellos la columna del Comunismo Revolucionario y la Corriente Clasista Ren\u00e9 Salamanca.<\/p>\n<p>El documento del Encuentro (<a href=\"https:\/\/drive.google.com\/file\/d\/0Byzvsqf026OdQnNCZC13RnNxZXc\/view\">ver completo<\/a>) repudi\u00f3 el golpe del \u201876 y la dictadura que \u201ca costa de la sangre de nuestro pueblo, impuso la entrega y el endeudamiento, la explotaci\u00f3n y el hambre\u201d y se denunci\u00f3 que \u201choy enfrentamos una ofensiva del Gobierno a favor de la impunidad de los genocidas de la dictadura\u00bb y de negaci\u00f3n del plan sistem\u00e1tico de desaparici\u00f3n de personas.<\/p>\n<p>Se reivindicaron las d\u00e9cadas de lucha que permitieron juzgar a los genocidas, pero se se\u00f1al\u00f3 que \u201ca 14 a\u00f1os de la anulaci\u00f3n de las leyes de impunidad y en 11 a\u00f1os de juicios orales s\u00f3lo se logr\u00f3 la condena de 737 genocidas, menos de la mitad de los represores procesados\u201d, lo que significa poco m\u00e1s de un genocida por campo de concentraci\u00f3n, y que \u201c40 % de los represores con causas abiertas (m\u00e1s de 520) gozan del beneficio de la prisi\u00f3n domiciliaria\u201d. Adem\u00e1s, los empresarios, jueces y pol\u00edticos que fueron socios y c\u00f3mplices civiles de la dictadura siguen impunes, y miles de militares, polic\u00edas, jueces, fiscales, miembros del aparato de inteligencia, que actuaron bajo la dictadura contin\u00faan en funciones. Se reclam\u00f3 por la desaparici\u00f3n de Jorge Julio L\u00f3pez y se denunciaron las leyes \u201cantiterroristas\u201d aprobadas por el gobierno kirchnerista, el Proyecto X y la designaci\u00f3n de Milani al frente del Ej\u00e9rcito, reclamando la prisi\u00f3n perpetua para este.<\/p>\n<p>Como parte de la tradici\u00f3n del EMVyJ de unir las banderas de los 30.000 a las luchas contra la represi\u00f3n y la impunidad de hoy, se denunciaron los protocolos antipiquetes sancionados por el macrismo, la prisi\u00f3n de Milagro Sala, la exoneraci\u00f3n a la direcci\u00f3n del SUTEF y 17 docentes de Tierra del Fuego, las amenazas de desalojo con barrabravas en AGR, el gatillo f\u00e1cil que solo en 2016 se cobr\u00f3 la vida de 216 personas, la demonizaci\u00f3n de los inmigrantes y muchos otros ejemplos. \u201cDesde esta Plaza repudiamos la pol\u00edtica de entrega y ajuste de Macri y los gobernadores que descargan la crisis sobre los trabajadores y el pueblo\u201d, sentenci\u00f3 el Documento, denunciando el endeudamiento, los tarifazos, los despidos, el aumento de la pobreza y los esc\u00e1ndalos de corrupci\u00f3n.<\/p>\n<p>Por m\u00e1s campa\u00f1a negacionista que se haga desde el gobierno y sus socios, el 24 de Marzo una vez m\u00e1s atron\u00f3 el grito de \u00a130.000 detenidos-desaparecidos, presentes! \u00a1Ahora y siempre!<\/p>\n<p><img data-recalc-dims=\"1\" loading=\"lazy\" decoding=\"async\" class=\"aligncenter wp-image-8877 size-full\" src=\"https:\/\/i0.wp.com\/vamosporlaliberacion.org\/crpmlm\/wp-content\/uploads\/2017\/03\/columna.jpg?resize=696%2C392\" alt=\"\" width=\"696\" height=\"392\" srcset=\"https:\/\/i0.wp.com\/vamosporlaliberacion.org\/crpmlm\/wp-content\/uploads\/2017\/03\/columna.jpg?w=696&amp;ssl=1 696w, https:\/\/i0.wp.com\/vamosporlaliberacion.org\/crpmlm\/wp-content\/uploads\/2017\/03\/columna.jpg?resize=300%2C169&amp;ssl=1 300w, https:\/\/i0.wp.com\/vamosporlaliberacion.org\/crpmlm\/wp-content\/uploads\/2017\/03\/columna.jpg?resize=500%2C282&amp;ssl=1 500w\" sizes=\"auto, (max-width: 696px) 100vw, 696px\" \/><\/p>\n<!-- AddThis Advanced Settings generic via filter on the_content --><!-- AddThis Share Buttons generic via filter on the_content -->","protected":false},"excerpt":{"rendered":"<p>En un nuevo aniversario del golpe de 1976, una marea popular se volc\u00f3 a las calles de todo el pa\u00eds. Desde temprano el centro porte\u00f1o y la Plaza de Mayo se colmaron de gente, haciendo casi imposible caminar. En C\u00f3rdoba, Rosario, Mendoza y otras ciudades tambi\u00e9n se juntaron centenares de miles. La extraordinaria masividad fue [&hellip;]<!-- AddThis Advanced Settings generic via filter on get_the_excerpt --><!-- AddThis Share Buttons generic via filter on get_the_excerpt --><\/p>\n","protected":false},"author":5,"featured_media":8874,"comment_status":"open","ping_status":"open","sticky":false,"template":"","format":"standard","meta":{"_jetpack_memberships_contains_paid_content":false,"footnotes":""},"categories":[1699],"tags":[306,519,537],"class_list":{"0":"post-8868","1":"post","2":"type-post","3":"status-publish","4":"format-standard","5":"has-post-thumbnail","7":"category-noticias","8":"tag-24-de-marzo","9":"tag-destacado","10":"tag-libertades-democraticas"},"yoast_head":"<!-- This site is optimized with the Yoast SEO plugin v27.4 - https:\/\/yoast.com\/product\/yoast-seo-wordpress\/ -->\n<title>\u201cSon 30.000\u201d, grit\u00f3 el pueblo en todo el pa\u00eds - Vamos por la Liberaci\u00f3n<\/title>\n<meta name=\"robots\" content=\"index, follow, max-snippet:-1, max-image-preview:large, max-video-preview:-1\" \/>\n<link rel=\"canonical\" href=\"http:\/\/vamosporlaliberacion.org\/crpmlm\/son-30-000-grito-el-pueblo-en-todo-el-pais\/\" \/>\n<meta name=\"twitter:label1\" content=\"Escrito por\" \/>\n\t<meta name=\"twitter:data1\" content=\"\" \/>\n\t<meta name=\"twitter:label2\" content=\"Tiempo de lectura\" \/>\n\t<meta name=\"twitter:data2\" content=\"6 minutos\" \/>\n<script type=\"application\/ld+json\" class=\"yoast-schema-graph\">{\"@context\":\"https:\\\/\\\/schema.org\",\"@graph\":[{\"@type\":\"Article\",\"@id\":\"http:\\\/\\\/vamosporlaliberacion.org\\\/crpmlm\\\/son-30-000-grito-el-pueblo-en-todo-el-pais\\\/#article\",\"isPartOf\":{\"@id\":\"http:\\\/\\\/vamosporlaliberacion.org\\\/crpmlm\\\/son-30-000-grito-el-pueblo-en-todo-el-pais\\\/\"},\"author\":{\"name\":\"\",\"@id\":\"\"},\"headline\":\"\u201cSon 30.000\u201d, grit\u00f3 el pueblo en todo el pa\u00eds\",\"datePublished\":\"2017-03-27T20:05:07+00:00\",\"dateModified\":\"2017-04-02T19:56:49+00:00\",\"mainEntityOfPage\":{\"@id\":\"http:\\\/\\\/vamosporlaliberacion.org\\\/crpmlm\\\/son-30-000-grito-el-pueblo-en-todo-el-pais\\\/\"},\"wordCount\":1193,\"commentCount\":0,\"image\":{\"@id\":\"http:\\\/\\\/vamosporlaliberacion.org\\\/crpmlm\\\/son-30-000-grito-el-pueblo-en-todo-el-pais\\\/#primaryimage\"},\"thumbnailUrl\":\"https:\\\/\\\/i0.wp.com\\\/vamosporlaliberacion.org\\\/crpmlm\\\/wp-content\\\/uploads\\\/2017\\\/03\\\/emvyj.jpg?fit=696%2C392&ssl=1\",\"keywords\":[\"24 de marzo\",\"destacado\",\"Libertades democr\u00e1ticas\"],\"articleSection\":[\"Noticias\"],\"inLanguage\":\"es\",\"potentialAction\":[{\"@type\":\"CommentAction\",\"name\":\"Comment\",\"target\":[\"http:\\\/\\\/vamosporlaliberacion.org\\\/crpmlm\\\/son-30-000-grito-el-pueblo-en-todo-el-pais\\\/#respond\"]}]},{\"@type\":\"WebPage\",\"@id\":\"http:\\\/\\\/vamosporlaliberacion.org\\\/crpmlm\\\/son-30-000-grito-el-pueblo-en-todo-el-pais\\\/\",\"url\":\"http:\\\/\\\/vamosporlaliberacion.org\\\/crpmlm\\\/son-30-000-grito-el-pueblo-en-todo-el-pais\\\/\",\"name\":\"\u201cSon 30.000\u201d, grit\u00f3 el pueblo en todo el pa\u00eds - Vamos por la Liberaci\u00f3n\",\"isPartOf\":{\"@id\":\"https:\\\/\\\/vamosporlaliberacion.org\\\/crpmlm\\\/#website\"},\"primaryImageOfPage\":{\"@id\":\"http:\\\/\\\/vamosporlaliberacion.org\\\/crpmlm\\\/son-30-000-grito-el-pueblo-en-todo-el-pais\\\/#primaryimage\"},\"image\":{\"@id\":\"http:\\\/\\\/vamosporlaliberacion.org\\\/crpmlm\\\/son-30-000-grito-el-pueblo-en-todo-el-pais\\\/#primaryimage\"},\"thumbnailUrl\":\"https:\\\/\\\/i0.wp.com\\\/vamosporlaliberacion.org\\\/crpmlm\\\/wp-content\\\/uploads\\\/2017\\\/03\\\/emvyj.jpg?fit=696%2C392&ssl=1\",\"datePublished\":\"2017-03-27T20:05:07+00:00\",\"dateModified\":\"2017-04-02T19:56:49+00:00\",\"author\":{\"@id\":\"\"},\"breadcrumb\":{\"@id\":\"http:\\\/\\\/vamosporlaliberacion.org\\\/crpmlm\\\/son-30-000-grito-el-pueblo-en-todo-el-pais\\\/#breadcrumb\"},\"inLanguage\":\"es\",\"potentialAction\":[{\"@type\":\"ReadAction\",\"target\":[\"http:\\\/\\\/vamosporlaliberacion.org\\\/crpmlm\\\/son-30-000-grito-el-pueblo-en-todo-el-pais\\\/\"]}]},{\"@type\":\"ImageObject\",\"inLanguage\":\"es\",\"@id\":\"http:\\\/\\\/vamosporlaliberacion.org\\\/crpmlm\\\/son-30-000-grito-el-pueblo-en-todo-el-pais\\\/#primaryimage\",\"url\":\"https:\\\/\\\/i0.wp.com\\\/vamosporlaliberacion.org\\\/crpmlm\\\/wp-content\\\/uploads\\\/2017\\\/03\\\/emvyj.jpg?fit=696%2C392&ssl=1\",\"contentUrl\":\"https:\\\/\\\/i0.wp.com\\\/vamosporlaliberacion.org\\\/crpmlm\\\/wp-content\\\/uploads\\\/2017\\\/03\\\/emvyj.jpg?fit=696%2C392&ssl=1\",\"width\":696,\"height\":392},{\"@type\":\"BreadcrumbList\",\"@id\":\"http:\\\/\\\/vamosporlaliberacion.org\\\/crpmlm\\\/son-30-000-grito-el-pueblo-en-todo-el-pais\\\/#breadcrumb\",\"itemListElement\":[{\"@type\":\"ListItem\",\"position\":1,\"name\":\"Portada\",\"item\":\"https:\\\/\\\/vamosporlaliberacion.org\\\/crpmlm\\\/\"},{\"@type\":\"ListItem\",\"position\":2,\"name\":\"\u201cSon 30.000\u201d, grit\u00f3 el pueblo en todo el pa\u00eds\"}]},{\"@type\":\"WebSite\",\"@id\":\"https:\\\/\\\/vamosporlaliberacion.org\\\/crpmlm\\\/#website\",\"url\":\"https:\\\/\\\/vamosporlaliberacion.org\\\/crpmlm\\\/\",\"name\":\"Vamos por la Liberaci\u00f3n\",\"description\":\"Prensa CR\",\"potentialAction\":[{\"@type\":\"SearchAction\",\"target\":{\"@type\":\"EntryPoint\",\"urlTemplate\":\"https:\\\/\\\/vamosporlaliberacion.org\\\/crpmlm\\\/?s={search_term_string}\"},\"query-input\":{\"@type\":\"PropertyValueSpecification\",\"valueRequired\":true,\"valueName\":\"search_term_string\"}}],\"inLanguage\":\"es\"},{\"@type\":\"Person\",\"@id\":\"\",\"url\":\"https:\\\/\\\/vamosporlaliberacion.org\\\/crpmlm\\\/author\\\/\"}]}<\/script>\n<!-- \/ Yoast SEO plugin. -->","yoast_head_json":{"title":"\u201cSon 30.000\u201d, grit\u00f3 el pueblo en todo el pa\u00eds - Vamos por la Liberaci\u00f3n","robots":{"index":"index","follow":"follow","max-snippet":"max-snippet:-1","max-image-preview":"max-image-preview:large","max-video-preview":"max-video-preview:-1"},"canonical":"http:\/\/vamosporlaliberacion.org\/crpmlm\/son-30-000-grito-el-pueblo-en-todo-el-pais\/","twitter_misc":{"Escrito por":"","Tiempo de lectura":"6 minutos"},"schema":{"@context":"https:\/\/schema.org","@graph":[{"@type":"Article","@id":"http:\/\/vamosporlaliberacion.org\/crpmlm\/son-30-000-grito-el-pueblo-en-todo-el-pais\/#article","isPartOf":{"@id":"http:\/\/vamosporlaliberacion.org\/crpmlm\/son-30-000-grito-el-pueblo-en-todo-el-pais\/"},"author":{"name":"","@id":""},"headline":"\u201cSon 30.000\u201d, grit\u00f3 el pueblo en todo el pa\u00eds","datePublished":"2017-03-27T20:05:07+00:00","dateModified":"2017-04-02T19:56:49+00:00","mainEntityOfPage":{"@id":"http:\/\/vamosporlaliberacion.org\/crpmlm\/son-30-000-grito-el-pueblo-en-todo-el-pais\/"},"wordCount":1193,"commentCount":0,"image":{"@id":"http:\/\/vamosporlaliberacion.org\/crpmlm\/son-30-000-grito-el-pueblo-en-todo-el-pais\/#primaryimage"},"thumbnailUrl":"https:\/\/i0.wp.com\/vamosporlaliberacion.org\/crpmlm\/wp-content\/uploads\/2017\/03\/emvyj.jpg?fit=696%2C392&ssl=1","keywords":["24 de marzo","destacado","Libertades democr\u00e1ticas"],"articleSection":["Noticias"],"inLanguage":"es","potentialAction":[{"@type":"CommentAction","name":"Comment","target":["http:\/\/vamosporlaliberacion.org\/crpmlm\/son-30-000-grito-el-pueblo-en-todo-el-pais\/#respond"]}]},{"@type":"WebPage","@id":"http:\/\/vamosporlaliberacion.org\/crpmlm\/son-30-000-grito-el-pueblo-en-todo-el-pais\/","url":"http:\/\/vamosporlaliberacion.org\/crpmlm\/son-30-000-grito-el-pueblo-en-todo-el-pais\/","name":"\u201cSon 30.000\u201d, grit\u00f3 el pueblo en todo el pa\u00eds - Vamos por la Liberaci\u00f3n","isPartOf":{"@id":"https:\/\/vamosporlaliberacion.org\/crpmlm\/#website"},"primaryImageOfPage":{"@id":"http:\/\/vamosporlaliberacion.org\/crpmlm\/son-30-000-grito-el-pueblo-en-todo-el-pais\/#primaryimage"},"image":{"@id":"http:\/\/vamosporlaliberacion.org\/crpmlm\/son-30-000-grito-el-pueblo-en-todo-el-pais\/#primaryimage"},"thumbnailUrl":"https:\/\/i0.wp.com\/vamosporlaliberacion.org\/crpmlm\/wp-content\/uploads\/2017\/03\/emvyj.jpg?fit=696%2C392&ssl=1","datePublished":"2017-03-27T20:05:07+00:00","dateModified":"2017-04-02T19:56:49+00:00","author":{"@id":""},"breadcrumb":{"@id":"http:\/\/vamosporlaliberacion.org\/crpmlm\/son-30-000-grito-el-pueblo-en-todo-el-pais\/#breadcrumb"},"inLanguage":"es","potentialAction":[{"@type":"ReadAction","target":["http:\/\/vamosporlaliberacion.org\/crpmlm\/son-30-000-grito-el-pueblo-en-todo-el-pais\/"]}]},{"@type":"ImageObject","inLanguage":"es","@id":"http:\/\/vamosporlaliberacion.org\/crpmlm\/son-30-000-grito-el-pueblo-en-todo-el-pais\/#primaryimage","url":"https:\/\/i0.wp.com\/vamosporlaliberacion.org\/crpmlm\/wp-content\/uploads\/2017\/03\/emvyj.jpg?fit=696%2C392&ssl=1","contentUrl":"https:\/\/i0.wp.com\/vamosporlaliberacion.org\/crpmlm\/wp-content\/uploads\/2017\/03\/emvyj.jpg?fit=696%2C392&ssl=1","width":696,"height":392},{"@type":"BreadcrumbList","@id":"http:\/\/vamosporlaliberacion.org\/crpmlm\/son-30-000-grito-el-pueblo-en-todo-el-pais\/#breadcrumb","itemListElement":[{"@type":"ListItem","position":1,"name":"Portada","item":"https:\/\/vamosporlaliberacion.org\/crpmlm\/"},{"@type":"ListItem","position":2,"name":"\u201cSon 30.000\u201d, grit\u00f3 el pueblo en todo el pa\u00eds"}]},{"@type":"WebSite","@id":"https:\/\/vamosporlaliberacion.org\/crpmlm\/#website","url":"https:\/\/vamosporlaliberacion.org\/crpmlm\/","name":"Vamos por la Liberaci\u00f3n","description":"Prensa CR","potentialAction":[{"@type":"SearchAction","target":{"@type":"EntryPoint","urlTemplate":"https:\/\/vamosporlaliberacion.org\/crpmlm\/?s={search_term_string}"},"query-input":{"@type":"PropertyValueSpecification","valueRequired":true,"valueName":"search_term_string"}}],"inLanguage":"es"},{"@type":"Person","@id":"","url":"https:\/\/vamosporlaliberacion.org\/crpmlm\/author\/"}]}},"jetpack_featured_media_url":"https:\/\/i0.wp.com\/vamosporlaliberacion.org\/crpmlm\/wp-content\/uploads\/2017\/03\/emvyj.jpg?fit=696%2C392&ssl=1","jetpack_sharing_enabled":true,"_links":{"self":[{"href":"https:\/\/vamosporlaliberacion.org\/crpmlm\/wp-json\/wp\/v2\/posts\/8868","targetHints":{"allow":["GET"]}}],"collection":[{"href":"https:\/\/vamosporlaliberacion.org\/crpmlm\/wp-json\/wp\/v2\/posts"}],"about":[{"href":"https:\/\/vamosporlaliberacion.org\/crpmlm\/wp-json\/wp\/v2\/types\/post"}],"author":[{"embeddable":true,"href":"https:\/\/vamosporlaliberacion.org\/crpmlm\/wp-json\/wp\/v2\/users\/5"}],"replies":[{"embeddable":true,"href":"https:\/\/vamosporlaliberacion.org\/crpmlm\/wp-json\/wp\/v2\/comments?post=8868"}],"version-history":[{"count":0,"href":"https:\/\/vamosporlaliberacion.org\/crpmlm\/wp-json\/wp\/v2\/posts\/8868\/revisions"}],"wp:featuredmedia":[{"embeddable":true,"href":"https:\/\/vamosporlaliberacion.org\/crpmlm\/wp-json\/wp\/v2\/media\/8874"}],"wp:attachment":[{"href":"https:\/\/vamosporlaliberacion.org\/crpmlm\/wp-json\/wp\/v2\/media?parent=8868"}],"wp:term":[{"taxonomy":"category","embeddable":true,"href":"https:\/\/vamosporlaliberacion.org\/crpmlm\/wp-json\/wp\/v2\/categories?post=8868"},{"taxonomy":"post_tag","embeddable":true,"href":"https:\/\/vamosporlaliberacion.org\/crpmlm\/wp-json\/wp\/v2\/tags?post=8868"}],"curies":[{"name":"wp","href":"https:\/\/api.w.org\/{rel}","templated":true}]}}