{"id":8486,"date":"2017-02-14T12:51:09","date_gmt":"2017-02-14T15:51:09","guid":{"rendered":"http:\/\/vamosporlaliberacion.org\/crpmlm\/?p=8486"},"modified":"2017-02-14T13:49:38","modified_gmt":"2017-02-14T16:49:38","slug":"agr-clarin-un-mes-de-toma","status":"publish","type":"post","link":"https:\/\/vamosporlaliberacion.org\/crpmlm\/agr-clarin-un-mes-de-toma\/","title":{"rendered":"AGR-Clar\u00edn: Un mes de toma"},"content":{"rendered":"<p>Una gran jornada de lucha encabezada por los trabajadores de AGR-Clar\u00edn y la Comisi\u00f3n de Mujeres y Familiares paraliz\u00f3 los principales accesos a la ciudad de Buenos Aires (Puente Pueyrred\u00f3n, Acceso Oeste y Panamericana\u00ac) el pasado jueves 9, lo que adem\u00e1s fue acompa\u00f1ado por acciones en 14 provincias. Ni los enormes operativos de Gendarmer\u00eda e Infanter\u00eda montados pudieron impedir los cortes. Ante esto, el gobierno nacional se vio obligado a convocar a una reuni\u00f3n en el Ministerio de Trabajo a la Comisi\u00f3n Interna de AGR y a la FGB. All\u00ed, los funcionarios se comprometieron a organizar una audiencia con el Ministro de Trabajo Jorge Triaca, como reclamaban los trabajadores. En la reuni\u00f3n del d\u00eda anterior, los funcionarios del Ministerio hab\u00edan dicho c\u00ednicamente que \u201cel problema los excede\u201d.<\/p>\n<p>La jornada de lucha se hab\u00eda decidido en el Segundo Plenario Obrero en las puertas de AGR realizado el 6\/2, tras la provocaci\u00f3n que mont\u00f3 la Gendarmer\u00eda dos d\u00edas antes en las inmediaciones de la planta. All\u00ed, los obreros de AGR hab\u00edan difundido una \u201cCarta a los trabajadores y la CGT\u201d en la que nuevamente llamaron a \u201cevitar los vaciamientos y ocupar toda fabrica que cierre o despida\u201d, criticaron lo tard\u00edo de la marcha resuelta por la CGT para 7 de marzo y reclamaron a la FGB que convoque a un plenario de delegados para decidir nuevas medidas e impedir que se hagan los trabajos de AGR en otras plantas.<\/p>\n<figure id=\"attachment_8488\" aria-describedby=\"caption-attachment-8488\" style=\"width: 800px\" class=\"wp-caption alignnone\"><a href=\"https:\/\/i0.wp.com\/vamosporlaliberacion.org\/crpmlm\/wp-content\/uploads\/2017\/02\/Catena-en-AGR.jpg\"><img data-recalc-dims=\"1\" loading=\"lazy\" decoding=\"async\" class=\"size-full wp-image-8488\" src=\"https:\/\/i0.wp.com\/vamosporlaliberacion.org\/crpmlm\/wp-content\/uploads\/2017\/02\/Catena-en-AGR.jpg?resize=696%2C522\" alt=\"\" width=\"696\" height=\"522\" srcset=\"https:\/\/i0.wp.com\/vamosporlaliberacion.org\/crpmlm\/wp-content\/uploads\/2017\/02\/Catena-en-AGR.jpg?w=800&amp;ssl=1 800w, https:\/\/i0.wp.com\/vamosporlaliberacion.org\/crpmlm\/wp-content\/uploads\/2017\/02\/Catena-en-AGR.jpg?resize=300%2C225&amp;ssl=1 300w, https:\/\/i0.wp.com\/vamosporlaliberacion.org\/crpmlm\/wp-content\/uploads\/2017\/02\/Catena-en-AGR.jpg?resize=768%2C576&amp;ssl=1 768w, https:\/\/i0.wp.com\/vamosporlaliberacion.org\/crpmlm\/wp-content\/uploads\/2017\/02\/Catena-en-AGR.jpg?resize=80%2C60&amp;ssl=1 80w, https:\/\/i0.wp.com\/vamosporlaliberacion.org\/crpmlm\/wp-content\/uploads\/2017\/02\/Catena-en-AGR.jpg?resize=265%2C198&amp;ssl=1 265w, https:\/\/i0.wp.com\/vamosporlaliberacion.org\/crpmlm\/wp-content\/uploads\/2017\/02\/Catena-en-AGR.jpg?resize=696%2C522&amp;ssl=1 696w, https:\/\/i0.wp.com\/vamosporlaliberacion.org\/crpmlm\/wp-content\/uploads\/2017\/02\/Catena-en-AGR.jpg?resize=560%2C420&amp;ssl=1 560w, https:\/\/i0.wp.com\/vamosporlaliberacion.org\/crpmlm\/wp-content\/uploads\/2017\/02\/Catena-en-AGR.jpg?resize=500%2C375&amp;ssl=1 500w\" sizes=\"auto, (max-width: 696px) 100vw, 696px\" \/><\/a><figcaption id=\"caption-attachment-8488\" class=\"wp-caption-text\">Horacio Catena del SUTEF y la CTA Tierra del Fuego en la planta de AGR apoyando la lucha contra los despidos<\/figcaption><\/figure>\n<h2>Resistir el desgaste<\/h2>\n<p>Cumplido un mes de la toma de la planta, Clar\u00edn y el gobierno apuntan a quebrar la lucha mediante el desgaste. De manera completamente ilegal, la patronal no pag\u00f3 siquiera la primera quincena de enero, intentando quebrar a las familias por el hambre. Por otra parte, la empresa y el gobierno profundizan las presiones y amenazas. En di\u00e1logo con Vamos!, Sebasti\u00e1n, uno de los obreros que est\u00e1n ocupando AGR, nos coment\u00f3: \u201cEst\u00e1n llamando permanentemente a nuestros familiares, mandando cartas mentirosas, usan los tel\u00e9fonos alternativos que dimos en las empresas para llamar a parientes, amenazan con que nos van a hacer juicios\u201d. Esto se suma a las tareas ilegales de inteligencia que ya denunciaron judicialmente los trabajadores.<\/p>\n<p>Pero ni todas estas vergonzosas maniobras han logrado quebrar a los gr\u00e1ficos y sus familias: \u201cNuestras familias est\u00e1n en la vereda, trabajando junto con nosotros. Por supuesto que es angustioso, nosotros querr\u00edamos que esto se termine, pero las relaciones son excelentes, nos sorprende hasta a nosotros. Hubiera imaginado que el desgaste fuera mayor, pero incre\u00edblemente est\u00e1 todo muy bien con nuestras familias\u201d, sostuvo Sebasti\u00e1n. \u201cEstamos mentalizados para una lucha larga, nos preparamos para eso\u201d, cerr\u00f3.<\/p>\n<p>En estas circunstancias, cobra mayor importancia a\u00fan la extensi\u00f3n del fondo de huelga, que viene recabando la solidaridad de los trabajadores, estudiantes y sectores en lucha de todo el pa\u00eds. Y acompa\u00f1ar todas las medidas que den visibilidad a este conflicto, v\u00edctima de un cerco medi\u00e1tico pocas veces visto.<\/p>\n<figure id=\"attachment_8489\" aria-describedby=\"caption-attachment-8489\" style=\"width: 800px\" class=\"wp-caption alignnone\"><a href=\"https:\/\/i0.wp.com\/vamosporlaliberacion.org\/crpmlm\/wp-content\/uploads\/2017\/02\/AGR-en-FADU.jpg\"><img data-recalc-dims=\"1\" loading=\"lazy\" decoding=\"async\" class=\"size-full wp-image-8489\" src=\"https:\/\/i0.wp.com\/vamosporlaliberacion.org\/crpmlm\/wp-content\/uploads\/2017\/02\/AGR-en-FADU.jpg?resize=696%2C392\" alt=\"\" width=\"696\" height=\"392\" srcset=\"https:\/\/i0.wp.com\/vamosporlaliberacion.org\/crpmlm\/wp-content\/uploads\/2017\/02\/AGR-en-FADU.jpg?w=800&amp;ssl=1 800w, https:\/\/i0.wp.com\/vamosporlaliberacion.org\/crpmlm\/wp-content\/uploads\/2017\/02\/AGR-en-FADU.jpg?resize=300%2C169&amp;ssl=1 300w, https:\/\/i0.wp.com\/vamosporlaliberacion.org\/crpmlm\/wp-content\/uploads\/2017\/02\/AGR-en-FADU.jpg?resize=768%2C432&amp;ssl=1 768w, https:\/\/i0.wp.com\/vamosporlaliberacion.org\/crpmlm\/wp-content\/uploads\/2017\/02\/AGR-en-FADU.jpg?resize=696%2C392&amp;ssl=1 696w, https:\/\/i0.wp.com\/vamosporlaliberacion.org\/crpmlm\/wp-content\/uploads\/2017\/02\/AGR-en-FADU.jpg?resize=747%2C420&amp;ssl=1 747w, https:\/\/i0.wp.com\/vamosporlaliberacion.org\/crpmlm\/wp-content\/uploads\/2017\/02\/AGR-en-FADU.jpg?resize=500%2C281&amp;ssl=1 500w\" sizes=\"auto, (max-width: 696px) 100vw, 696px\" \/><\/a><figcaption id=\"caption-attachment-8489\" class=\"wp-caption-text\">Para contribuir al fondo de lucha y difundir el conflicto, el Centro de Estudiantes de Arquitectura y Dise\u00f1o de la UBA (CEADIG) organiz\u00f3 pasadas por cursos con trabajadores de AGR-Clar\u00edn. Se pas\u00f3 por 15 cursos (todos los del verano), recab\u00e1ndose la solidaridad de muchos estudiantes, y se juntaron $2.538. La unidad lograda entre los estudiantes y los trabajadores se replicar\u00e1 el pr\u00f3ximo s\u00e1bado 18 con una jornada gr\u00e1fica en la puerta de AGR.<\/figcaption><\/figure>\n<h2>Pr\u00f3ximas medidas<\/h2>\n<p>En el Tercer Plenario Obrero realizado el 11\/2 en AGR se resolvieron una serie de iniciativas para continuar la lucha por la reapertura de la planta y la reincorporaci\u00f3n de todos los obreros. Se llam\u00f3 a reforzar la campa\u00f1a del No Compre Clar\u00edn, a fortalecer el fondo de lucha y se anunci\u00f3 que se realizar\u00e1 una reuni\u00f3n con la FGB para evaluar nuevas medidas. La iniciativa central ser\u00e1 una Jornada de Protesta y Propaganda para el mi\u00e9rcoles 15\/2 durante todo el d\u00eda, con centro a las 17hs en el Obelisco, y replicada en otras provincias.<\/p>\n<p>&nbsp;<\/p>\n<!-- AddThis Advanced Settings generic via filter on the_content --><!-- AddThis Share Buttons generic via filter on the_content -->","protected":false},"excerpt":{"rendered":"<p>Una gran jornada de lucha encabezada por los trabajadores de AGR-Clar\u00edn y la Comisi\u00f3n de Mujeres y Familiares paraliz\u00f3 los principales accesos a la ciudad de Buenos Aires (Puente Pueyrred\u00f3n, Acceso Oeste y Panamericana\u00ac) el pasado jueves 9, lo que adem\u00e1s fue acompa\u00f1ado por acciones en 14 provincias. Ni los enormes operativos de Gendarmer\u00eda e [&hellip;]<!-- AddThis Advanced Settings generic via filter on get_the_excerpt --><!-- AddThis Share Buttons generic via filter on get_the_excerpt --><\/p>\n","protected":false},"author":5,"featured_media":8502,"comment_status":"open","ping_status":"open","sticky":false,"template":"","format":"standard","meta":{"_jetpack_memberships_contains_paid_content":false,"footnotes":""},"categories":[1699],"tags":[901,45,519,620,915],"class_list":{"0":"post-8486","1":"post","2":"type-post","3":"status-publish","4":"format-standard","5":"has-post-thumbnail","7":"category-noticias","8":"tag-agr-clarin","9":"tag-caba","10":"tag-destacado","11":"tag-paro-nacional","12":"tag-vxl-91"},"yoast_head":"<!-- This site is optimized with the Yoast SEO plugin v27.4 - https:\/\/yoast.com\/product\/yoast-seo-wordpress\/ -->\n<title>AGR-Clar\u00edn: Un mes de toma - Vamos por la Liberaci\u00f3n<\/title>\n<meta name=\"robots\" content=\"index, follow, max-snippet:-1, max-image-preview:large, max-video-preview:-1\" \/>\n<link rel=\"canonical\" href=\"http:\/\/vamosporlaliberacion.org\/crpmlm\/agr-clarin-un-mes-de-toma\/\" \/>\n<meta name=\"twitter:label1\" content=\"Escrito por\" \/>\n\t<meta name=\"twitter:data1\" content=\"\" \/>\n\t<meta name=\"twitter:label2\" content=\"Tiempo de lectura\" \/>\n\t<meta name=\"twitter:data2\" content=\"4 minutos\" \/>\n<script type=\"application\/ld+json\" class=\"yoast-schema-graph\">{\"@context\":\"https:\\\/\\\/schema.org\",\"@graph\":[{\"@type\":\"Article\",\"@id\":\"http:\\\/\\\/vamosporlaliberacion.org\\\/crpmlm\\\/agr-clarin-un-mes-de-toma\\\/#article\",\"isPartOf\":{\"@id\":\"http:\\\/\\\/vamosporlaliberacion.org\\\/crpmlm\\\/agr-clarin-un-mes-de-toma\\\/\"},\"author\":{\"name\":\"\",\"@id\":\"\"},\"headline\":\"AGR-Clar\u00edn: Un mes de toma\",\"datePublished\":\"2017-02-14T15:51:09+00:00\",\"dateModified\":\"2017-02-14T16:49:38+00:00\",\"mainEntityOfPage\":{\"@id\":\"http:\\\/\\\/vamosporlaliberacion.org\\\/crpmlm\\\/agr-clarin-un-mes-de-toma\\\/\"},\"wordCount\":732,\"commentCount\":0,\"image\":{\"@id\":\"http:\\\/\\\/vamosporlaliberacion.org\\\/crpmlm\\\/agr-clarin-un-mes-de-toma\\\/#primaryimage\"},\"thumbnailUrl\":\"https:\\\/\\\/i0.wp.com\\\/vamosporlaliberacion.org\\\/crpmlm\\\/wp-content\\\/uploads\\\/2017\\\/02\\\/agr.jpg?fit=696%2C393&ssl=1\",\"keywords\":[\"AGR-Clar\u00edn\",\"CABA\",\"destacado\",\"paro nacional\",\"vxl 91\"],\"articleSection\":[\"Noticias\"],\"inLanguage\":\"es\",\"potentialAction\":[{\"@type\":\"CommentAction\",\"name\":\"Comment\",\"target\":[\"http:\\\/\\\/vamosporlaliberacion.org\\\/crpmlm\\\/agr-clarin-un-mes-de-toma\\\/#respond\"]}]},{\"@type\":\"WebPage\",\"@id\":\"http:\\\/\\\/vamosporlaliberacion.org\\\/crpmlm\\\/agr-clarin-un-mes-de-toma\\\/\",\"url\":\"http:\\\/\\\/vamosporlaliberacion.org\\\/crpmlm\\\/agr-clarin-un-mes-de-toma\\\/\",\"name\":\"AGR-Clar\u00edn: Un mes de toma - Vamos por la Liberaci\u00f3n\",\"isPartOf\":{\"@id\":\"https:\\\/\\\/vamosporlaliberacion.org\\\/crpmlm\\\/#website\"},\"primaryImageOfPage\":{\"@id\":\"http:\\\/\\\/vamosporlaliberacion.org\\\/crpmlm\\\/agr-clarin-un-mes-de-toma\\\/#primaryimage\"},\"image\":{\"@id\":\"http:\\\/\\\/vamosporlaliberacion.org\\\/crpmlm\\\/agr-clarin-un-mes-de-toma\\\/#primaryimage\"},\"thumbnailUrl\":\"https:\\\/\\\/i0.wp.com\\\/vamosporlaliberacion.org\\\/crpmlm\\\/wp-content\\\/uploads\\\/2017\\\/02\\\/agr.jpg?fit=696%2C393&ssl=1\",\"datePublished\":\"2017-02-14T15:51:09+00:00\",\"dateModified\":\"2017-02-14T16:49:38+00:00\",\"author\":{\"@id\":\"\"},\"breadcrumb\":{\"@id\":\"http:\\\/\\\/vamosporlaliberacion.org\\\/crpmlm\\\/agr-clarin-un-mes-de-toma\\\/#breadcrumb\"},\"inLanguage\":\"es\",\"potentialAction\":[{\"@type\":\"ReadAction\",\"target\":[\"http:\\\/\\\/vamosporlaliberacion.org\\\/crpmlm\\\/agr-clarin-un-mes-de-toma\\\/\"]}]},{\"@type\":\"ImageObject\",\"inLanguage\":\"es\",\"@id\":\"http:\\\/\\\/vamosporlaliberacion.org\\\/crpmlm\\\/agr-clarin-un-mes-de-toma\\\/#primaryimage\",\"url\":\"https:\\\/\\\/i0.wp.com\\\/vamosporlaliberacion.org\\\/crpmlm\\\/wp-content\\\/uploads\\\/2017\\\/02\\\/agr.jpg?fit=696%2C393&ssl=1\",\"contentUrl\":\"https:\\\/\\\/i0.wp.com\\\/vamosporlaliberacion.org\\\/crpmlm\\\/wp-content\\\/uploads\\\/2017\\\/02\\\/agr.jpg?fit=696%2C393&ssl=1\",\"width\":696,\"height\":393,\"caption\":\"AGR Corte Pte Pueyrredon\"},{\"@type\":\"BreadcrumbList\",\"@id\":\"http:\\\/\\\/vamosporlaliberacion.org\\\/crpmlm\\\/agr-clarin-un-mes-de-toma\\\/#breadcrumb\",\"itemListElement\":[{\"@type\":\"ListItem\",\"position\":1,\"name\":\"Portada\",\"item\":\"https:\\\/\\\/vamosporlaliberacion.org\\\/crpmlm\\\/\"},{\"@type\":\"ListItem\",\"position\":2,\"name\":\"AGR-Clar\u00edn: Un mes de toma\"}]},{\"@type\":\"WebSite\",\"@id\":\"https:\\\/\\\/vamosporlaliberacion.org\\\/crpmlm\\\/#website\",\"url\":\"https:\\\/\\\/vamosporlaliberacion.org\\\/crpmlm\\\/\",\"name\":\"Vamos por la Liberaci\u00f3n\",\"description\":\"Prensa CR\",\"potentialAction\":[{\"@type\":\"SearchAction\",\"target\":{\"@type\":\"EntryPoint\",\"urlTemplate\":\"https:\\\/\\\/vamosporlaliberacion.org\\\/crpmlm\\\/?s={search_term_string}\"},\"query-input\":{\"@type\":\"PropertyValueSpecification\",\"valueRequired\":true,\"valueName\":\"search_term_string\"}}],\"inLanguage\":\"es\"},{\"@type\":\"Person\",\"@id\":\"\",\"url\":\"https:\\\/\\\/vamosporlaliberacion.org\\\/crpmlm\\\/author\\\/\"}]}<\/script>\n<!-- \/ Yoast SEO plugin. -->","yoast_head_json":{"title":"AGR-Clar\u00edn: Un mes de toma - Vamos por la Liberaci\u00f3n","robots":{"index":"index","follow":"follow","max-snippet":"max-snippet:-1","max-image-preview":"max-image-preview:large","max-video-preview":"max-video-preview:-1"},"canonical":"http:\/\/vamosporlaliberacion.org\/crpmlm\/agr-clarin-un-mes-de-toma\/","twitter_misc":{"Escrito por":"","Tiempo de lectura":"4 minutos"},"schema":{"@context":"https:\/\/schema.org","@graph":[{"@type":"Article","@id":"http:\/\/vamosporlaliberacion.org\/crpmlm\/agr-clarin-un-mes-de-toma\/#article","isPartOf":{"@id":"http:\/\/vamosporlaliberacion.org\/crpmlm\/agr-clarin-un-mes-de-toma\/"},"author":{"name":"","@id":""},"headline":"AGR-Clar\u00edn: Un mes de toma","datePublished":"2017-02-14T15:51:09+00:00","dateModified":"2017-02-14T16:49:38+00:00","mainEntityOfPage":{"@id":"http:\/\/vamosporlaliberacion.org\/crpmlm\/agr-clarin-un-mes-de-toma\/"},"wordCount":732,"commentCount":0,"image":{"@id":"http:\/\/vamosporlaliberacion.org\/crpmlm\/agr-clarin-un-mes-de-toma\/#primaryimage"},"thumbnailUrl":"https:\/\/i0.wp.com\/vamosporlaliberacion.org\/crpmlm\/wp-content\/uploads\/2017\/02\/agr.jpg?fit=696%2C393&ssl=1","keywords":["AGR-Clar\u00edn","CABA","destacado","paro nacional","vxl 91"],"articleSection":["Noticias"],"inLanguage":"es","potentialAction":[{"@type":"CommentAction","name":"Comment","target":["http:\/\/vamosporlaliberacion.org\/crpmlm\/agr-clarin-un-mes-de-toma\/#respond"]}]},{"@type":"WebPage","@id":"http:\/\/vamosporlaliberacion.org\/crpmlm\/agr-clarin-un-mes-de-toma\/","url":"http:\/\/vamosporlaliberacion.org\/crpmlm\/agr-clarin-un-mes-de-toma\/","name":"AGR-Clar\u00edn: Un mes de toma - Vamos por la Liberaci\u00f3n","isPartOf":{"@id":"https:\/\/vamosporlaliberacion.org\/crpmlm\/#website"},"primaryImageOfPage":{"@id":"http:\/\/vamosporlaliberacion.org\/crpmlm\/agr-clarin-un-mes-de-toma\/#primaryimage"},"image":{"@id":"http:\/\/vamosporlaliberacion.org\/crpmlm\/agr-clarin-un-mes-de-toma\/#primaryimage"},"thumbnailUrl":"https:\/\/i0.wp.com\/vamosporlaliberacion.org\/crpmlm\/wp-content\/uploads\/2017\/02\/agr.jpg?fit=696%2C393&ssl=1","datePublished":"2017-02-14T15:51:09+00:00","dateModified":"2017-02-14T16:49:38+00:00","author":{"@id":""},"breadcrumb":{"@id":"http:\/\/vamosporlaliberacion.org\/crpmlm\/agr-clarin-un-mes-de-toma\/#breadcrumb"},"inLanguage":"es","potentialAction":[{"@type":"ReadAction","target":["http:\/\/vamosporlaliberacion.org\/crpmlm\/agr-clarin-un-mes-de-toma\/"]}]},{"@type":"ImageObject","inLanguage":"es","@id":"http:\/\/vamosporlaliberacion.org\/crpmlm\/agr-clarin-un-mes-de-toma\/#primaryimage","url":"https:\/\/i0.wp.com\/vamosporlaliberacion.org\/crpmlm\/wp-content\/uploads\/2017\/02\/agr.jpg?fit=696%2C393&ssl=1","contentUrl":"https:\/\/i0.wp.com\/vamosporlaliberacion.org\/crpmlm\/wp-content\/uploads\/2017\/02\/agr.jpg?fit=696%2C393&ssl=1","width":696,"height":393,"caption":"AGR Corte Pte Pueyrredon"},{"@type":"BreadcrumbList","@id":"http:\/\/vamosporlaliberacion.org\/crpmlm\/agr-clarin-un-mes-de-toma\/#breadcrumb","itemListElement":[{"@type":"ListItem","position":1,"name":"Portada","item":"https:\/\/vamosporlaliberacion.org\/crpmlm\/"},{"@type":"ListItem","position":2,"name":"AGR-Clar\u00edn: Un mes de toma"}]},{"@type":"WebSite","@id":"https:\/\/vamosporlaliberacion.org\/crpmlm\/#website","url":"https:\/\/vamosporlaliberacion.org\/crpmlm\/","name":"Vamos por la Liberaci\u00f3n","description":"Prensa CR","potentialAction":[{"@type":"SearchAction","target":{"@type":"EntryPoint","urlTemplate":"https:\/\/vamosporlaliberacion.org\/crpmlm\/?s={search_term_string}"},"query-input":{"@type":"PropertyValueSpecification","valueRequired":true,"valueName":"search_term_string"}}],"inLanguage":"es"},{"@type":"Person","@id":"","url":"https:\/\/vamosporlaliberacion.org\/crpmlm\/author\/"}]}},"jetpack_featured_media_url":"https:\/\/i0.wp.com\/vamosporlaliberacion.org\/crpmlm\/wp-content\/uploads\/2017\/02\/agr.jpg?fit=696%2C393&ssl=1","jetpack_sharing_enabled":true,"_links":{"self":[{"href":"https:\/\/vamosporlaliberacion.org\/crpmlm\/wp-json\/wp\/v2\/posts\/8486","targetHints":{"allow":["GET"]}}],"collection":[{"href":"https:\/\/vamosporlaliberacion.org\/crpmlm\/wp-json\/wp\/v2\/posts"}],"about":[{"href":"https:\/\/vamosporlaliberacion.org\/crpmlm\/wp-json\/wp\/v2\/types\/post"}],"author":[{"embeddable":true,"href":"https:\/\/vamosporlaliberacion.org\/crpmlm\/wp-json\/wp\/v2\/users\/5"}],"replies":[{"embeddable":true,"href":"https:\/\/vamosporlaliberacion.org\/crpmlm\/wp-json\/wp\/v2\/comments?post=8486"}],"version-history":[{"count":0,"href":"https:\/\/vamosporlaliberacion.org\/crpmlm\/wp-json\/wp\/v2\/posts\/8486\/revisions"}],"wp:featuredmedia":[{"embeddable":true,"href":"https:\/\/vamosporlaliberacion.org\/crpmlm\/wp-json\/wp\/v2\/media\/8502"}],"wp:attachment":[{"href":"https:\/\/vamosporlaliberacion.org\/crpmlm\/wp-json\/wp\/v2\/media?parent=8486"}],"wp:term":[{"taxonomy":"category","embeddable":true,"href":"https:\/\/vamosporlaliberacion.org\/crpmlm\/wp-json\/wp\/v2\/categories?post=8486"},{"taxonomy":"post_tag","embeddable":true,"href":"https:\/\/vamosporlaliberacion.org\/crpmlm\/wp-json\/wp\/v2\/tags?post=8486"}],"curies":[{"name":"wp","href":"https:\/\/api.w.org\/{rel}","templated":true}]}}