{"id":8483,"date":"2017-02-14T12:41:59","date_gmt":"2017-02-14T15:41:59","guid":{"rendered":"http:\/\/vamosporlaliberacion.org\/crpmlm\/?p=8483"},"modified":"2017-02-14T13:30:27","modified_gmt":"2017-02-14T16:30:27","slug":"las-ctas-en-la-unidad-de-accion","status":"publish","type":"post","link":"https:\/\/vamosporlaliberacion.org\/crpmlm\/las-ctas-en-la-unidad-de-accion\/","title":{"rendered":"Las CTA\u2019s en la unidad de acci\u00f3n"},"content":{"rendered":"<p>La CTA Aut\u00f3noma y la CTA de los Trabajadores mantuvieron un encuentro para acordar un pliego reivindicativo y algunas medidas conjuntas. Contra el ajuste y hacia la reunificaci\u00f3n.<\/p>\n<p>Las direcciones nacionales de las CTA\u2019s primero se reunieron en simult\u00e1neo \u2013aunque por separado\u2013 y debatieron sobre el borrador de un \u201cPlan de Acci\u00f3n\u201d de ambas centrales (8\/2). Al d\u00eda siguiente, representantes de las dos centrales compartieron un encuentro para concluir este documento (9\/2). Se formaliz\u00f3 as\u00ed la unidad de acci\u00f3n contra el ajuste, con la perspectiva de reunificar org\u00e1nicamente ambas centrales hacia el final de los mandatos directivos en 2018. El secretario general de la CTA-A, Pablo Micheli, destac\u00f3 \u201cesta unidad en la acci\u00f3n para despu\u00e9s so\u00f1ar, cuando sea el momento en que haya elecciones, poder discutir con todos los compa\u00f1eros afiliados a nuestra central de la manera m\u00e1s democr\u00e1tica que podamos encontrar entre las dos conducciones, discutir si volvemos a ser la central\u2026\u201d<\/p>\n<p>El documento no ocupa m\u00e1s de una p\u00e1gina y consta de 6 puntos program\u00e1ticos: salario y empleo; democracia, libertad sindical y criminalizaci\u00f3n de las luchas; jubilaciones y pensiones; impuesto a las ganancias; derechos socioecon\u00f3micos; y modelo productivo. Adem\u00e1s, incluye ocho iniciativas, entre ellas un paro nacional en marzo. Por otra parte, se hizo p\u00fablica la decisi\u00f3n de confluir en la movilizaci\u00f3n que la CGT prepara para el 7 de marzo.<\/p>\n<p>La CTA se hab\u00eda dividido (en CTA Aut\u00f3noma y de los Trabajadores) durante el gobierno kirchnerista en 2010, cuando Hugo Yasky se neg\u00f3 a aceptar su derrota en la elecci\u00f3n de la Central. Hoy, frente al gobierno macrista, las distancias se acortan. Durante el 2016 varias jornadas mostraron la necesidad y la voluntad de los trabajadores para la unidad: el paro de ATE (24\/2), la movilizaci\u00f3n CTA-CGT (29\/4), la Marcha Federal (2\/9) y la jornada nacional con movilizaci\u00f3n a Plaza de Mayo (4\/11).<\/p>\n<p>Esta reunificaci\u00f3n de centrales es una buena noticia para los trabajadores frente a la ofensiva macrista y los gobernadores ajustadores. Aunque si bien en s\u00ed misma no garantiza esa unidad necesaria ni un plan de lucha a la altura de las necesidades, es un paso necesario para estos objetivos. Por delante est\u00e1 en curso el conflicto paritario docente, que derivar\u00eda en un no inicio de clases. El pr\u00f3ximo desaf\u00edo que tiene esta \u201cunidad de acci\u00f3n\u201d ser\u00e1 entonces contribuir efectivamente a la lucha docente. Hay un inter\u00e9s com\u00fan en enfrentar el ajuste macrista; aunque habr\u00e1 que ver hasta qu\u00e9 punto el yaskismo har\u00e1 frente a los gobiernos provinciales ajustadores vinculados al FpV. Otro punto clave es la lucha contra la exoneraci\u00f3n de los dirigentes sindicales aprobada en el documento.<\/p>\n<p>Por parte de la CTA Aut\u00f3noma estuvieron en el encuentro Pablo Micheli, Jos\u00e9 Rigane (secretario adjunto de CTA-A), Hugo Blasco (secretario de Derechos Humanos de CTA-A) y una cantidad de dirigentes nacionales, entre ellos Horacio Catena (SUTEF y CTA-A fueguinos). El d\u00eda anterior, en la reuni\u00f3n de secretarios de la CTA-A que hab\u00eda debatido el documento, hab\u00edan estado presentes representantes de 16 seccionales: Jujuy, Salta, Catamarca, La Rioja, Mendoza, San Luis, La Pampa, Neuqu\u00e9n, Tierra del Fuego, Chaco, Misiones, Corrientes, Entre R\u00edos, Chubut, Capital Federal y Santa Fe.<\/p>\n<p>Pasada esta reuni\u00f3n, ahora qued\u00f3 convocado un plenario conjunto de 1.500 delegados a fines de febrero para ratificar el pliego de reivindicaciones. Y luego se ir\u00eda a plenarios de delegados en \u201ctodas las provincias y ciudades posibles\u201d. Tambi\u00e9n se convoc\u00f3 al paro internacional de mujeres para el 8 de Marzo; una jornada de lucha con movilizaci\u00f3n al Ministerio de Trabajo a mediados de marzo; paro nacional con movilizaci\u00f3n en marzo; actividades para el 1\u00ba de Mayo, entre otras medidas.<\/p>\n<!-- AddThis Advanced Settings generic via filter on the_content --><!-- AddThis Share Buttons generic via filter on the_content -->","protected":false},"excerpt":{"rendered":"<p>La CTA Aut\u00f3noma y la CTA de los Trabajadores mantuvieron un encuentro para acordar un pliego reivindicativo y algunas medidas conjuntas. Contra el ajuste y hacia la reunificaci\u00f3n. Las direcciones nacionales de las CTA\u2019s primero se reunieron en simult\u00e1neo \u2013aunque por separado\u2013 y debatieron sobre el borrador de un \u201cPlan de Acci\u00f3n\u201d de ambas centrales [&hellip;]<!-- AddThis Advanced Settings generic via filter on get_the_excerpt --><!-- AddThis Share Buttons generic via filter on get_the_excerpt --><\/p>\n","protected":false},"author":5,"featured_media":8501,"comment_status":"open","ping_status":"open","sticky":false,"template":"","format":"standard","meta":{"_jetpack_memberships_contains_paid_content":false,"footnotes":""},"categories":[1699],"tags":[316,519,620,915],"class_list":{"0":"post-8483","1":"post","2":"type-post","3":"status-publish","4":"format-standard","5":"has-post-thumbnail","7":"category-noticias","8":"tag-cta","9":"tag-destacado","10":"tag-paro-nacional","11":"tag-vxl-91"},"yoast_head":"<!-- This site is optimized with the Yoast SEO plugin v27.4 - https:\/\/yoast.com\/product\/yoast-seo-wordpress\/ -->\n<title>Las CTA\u2019s en la unidad de acci\u00f3n - Vamos por la Liberaci\u00f3n<\/title>\n<meta name=\"robots\" content=\"index, follow, max-snippet:-1, max-image-preview:large, max-video-preview:-1\" \/>\n<link rel=\"canonical\" href=\"http:\/\/vamosporlaliberacion.org\/crpmlm\/las-ctas-en-la-unidad-de-accion\/\" \/>\n<meta name=\"twitter:label1\" content=\"Escrito por\" \/>\n\t<meta name=\"twitter:data1\" content=\"\" \/>\n\t<meta name=\"twitter:label2\" content=\"Tiempo de lectura\" \/>\n\t<meta name=\"twitter:data2\" content=\"3 minutos\" \/>\n<script type=\"application\/ld+json\" class=\"yoast-schema-graph\">{\"@context\":\"https:\\\/\\\/schema.org\",\"@graph\":[{\"@type\":\"Article\",\"@id\":\"http:\\\/\\\/vamosporlaliberacion.org\\\/crpmlm\\\/las-ctas-en-la-unidad-de-accion\\\/#article\",\"isPartOf\":{\"@id\":\"http:\\\/\\\/vamosporlaliberacion.org\\\/crpmlm\\\/las-ctas-en-la-unidad-de-accion\\\/\"},\"author\":{\"name\":\"\",\"@id\":\"\"},\"headline\":\"Las CTA\u2019s en la unidad de acci\u00f3n\",\"datePublished\":\"2017-02-14T15:41:59+00:00\",\"dateModified\":\"2017-02-14T16:30:27+00:00\",\"mainEntityOfPage\":{\"@id\":\"http:\\\/\\\/vamosporlaliberacion.org\\\/crpmlm\\\/las-ctas-en-la-unidad-de-accion\\\/\"},\"wordCount\":643,\"commentCount\":0,\"image\":{\"@id\":\"http:\\\/\\\/vamosporlaliberacion.org\\\/crpmlm\\\/las-ctas-en-la-unidad-de-accion\\\/#primaryimage\"},\"thumbnailUrl\":\"https:\\\/\\\/i0.wp.com\\\/vamosporlaliberacion.org\\\/crpmlm\\\/wp-content\\\/uploads\\\/2017\\\/02\\\/cta.jpg?fit=696%2C393&ssl=1\",\"keywords\":[\"CTA\",\"destacado\",\"paro nacional\",\"vxl 91\"],\"articleSection\":[\"Noticias\"],\"inLanguage\":\"es\",\"potentialAction\":[{\"@type\":\"CommentAction\",\"name\":\"Comment\",\"target\":[\"http:\\\/\\\/vamosporlaliberacion.org\\\/crpmlm\\\/las-ctas-en-la-unidad-de-accion\\\/#respond\"]}]},{\"@type\":\"WebPage\",\"@id\":\"http:\\\/\\\/vamosporlaliberacion.org\\\/crpmlm\\\/las-ctas-en-la-unidad-de-accion\\\/\",\"url\":\"http:\\\/\\\/vamosporlaliberacion.org\\\/crpmlm\\\/las-ctas-en-la-unidad-de-accion\\\/\",\"name\":\"Las CTA\u2019s en la unidad de acci\u00f3n - Vamos por la Liberaci\u00f3n\",\"isPartOf\":{\"@id\":\"https:\\\/\\\/vamosporlaliberacion.org\\\/crpmlm\\\/#website\"},\"primaryImageOfPage\":{\"@id\":\"http:\\\/\\\/vamosporlaliberacion.org\\\/crpmlm\\\/las-ctas-en-la-unidad-de-accion\\\/#primaryimage\"},\"image\":{\"@id\":\"http:\\\/\\\/vamosporlaliberacion.org\\\/crpmlm\\\/las-ctas-en-la-unidad-de-accion\\\/#primaryimage\"},\"thumbnailUrl\":\"https:\\\/\\\/i0.wp.com\\\/vamosporlaliberacion.org\\\/crpmlm\\\/wp-content\\\/uploads\\\/2017\\\/02\\\/cta.jpg?fit=696%2C393&ssl=1\",\"datePublished\":\"2017-02-14T15:41:59+00:00\",\"dateModified\":\"2017-02-14T16:30:27+00:00\",\"author\":{\"@id\":\"\"},\"breadcrumb\":{\"@id\":\"http:\\\/\\\/vamosporlaliberacion.org\\\/crpmlm\\\/las-ctas-en-la-unidad-de-accion\\\/#breadcrumb\"},\"inLanguage\":\"es\",\"potentialAction\":[{\"@type\":\"ReadAction\",\"target\":[\"http:\\\/\\\/vamosporlaliberacion.org\\\/crpmlm\\\/las-ctas-en-la-unidad-de-accion\\\/\"]}]},{\"@type\":\"ImageObject\",\"inLanguage\":\"es\",\"@id\":\"http:\\\/\\\/vamosporlaliberacion.org\\\/crpmlm\\\/las-ctas-en-la-unidad-de-accion\\\/#primaryimage\",\"url\":\"https:\\\/\\\/i0.wp.com\\\/vamosporlaliberacion.org\\\/crpmlm\\\/wp-content\\\/uploads\\\/2017\\\/02\\\/cta.jpg?fit=696%2C393&ssl=1\",\"contentUrl\":\"https:\\\/\\\/i0.wp.com\\\/vamosporlaliberacion.org\\\/crpmlm\\\/wp-content\\\/uploads\\\/2017\\\/02\\\/cta.jpg?fit=696%2C393&ssl=1\",\"width\":696,\"height\":393,\"caption\":\"Reuni\u00f3n de CTA Aut\u00f3noma previo al encuentro conjunto con la CTA de los Trabajadores.\"},{\"@type\":\"BreadcrumbList\",\"@id\":\"http:\\\/\\\/vamosporlaliberacion.org\\\/crpmlm\\\/las-ctas-en-la-unidad-de-accion\\\/#breadcrumb\",\"itemListElement\":[{\"@type\":\"ListItem\",\"position\":1,\"name\":\"Portada\",\"item\":\"https:\\\/\\\/vamosporlaliberacion.org\\\/crpmlm\\\/\"},{\"@type\":\"ListItem\",\"position\":2,\"name\":\"Las CTA\u2019s en la unidad de acci\u00f3n\"}]},{\"@type\":\"WebSite\",\"@id\":\"https:\\\/\\\/vamosporlaliberacion.org\\\/crpmlm\\\/#website\",\"url\":\"https:\\\/\\\/vamosporlaliberacion.org\\\/crpmlm\\\/\",\"name\":\"Vamos por la Liberaci\u00f3n\",\"description\":\"Prensa CR\",\"potentialAction\":[{\"@type\":\"SearchAction\",\"target\":{\"@type\":\"EntryPoint\",\"urlTemplate\":\"https:\\\/\\\/vamosporlaliberacion.org\\\/crpmlm\\\/?s={search_term_string}\"},\"query-input\":{\"@type\":\"PropertyValueSpecification\",\"valueRequired\":true,\"valueName\":\"search_term_string\"}}],\"inLanguage\":\"es\"},{\"@type\":\"Person\",\"@id\":\"\",\"url\":\"https:\\\/\\\/vamosporlaliberacion.org\\\/crpmlm\\\/author\\\/\"}]}<\/script>\n<!-- \/ Yoast SEO plugin. -->","yoast_head_json":{"title":"Las CTA\u2019s en la unidad de acci\u00f3n - Vamos por la Liberaci\u00f3n","robots":{"index":"index","follow":"follow","max-snippet":"max-snippet:-1","max-image-preview":"max-image-preview:large","max-video-preview":"max-video-preview:-1"},"canonical":"http:\/\/vamosporlaliberacion.org\/crpmlm\/las-ctas-en-la-unidad-de-accion\/","twitter_misc":{"Escrito por":"","Tiempo de lectura":"3 minutos"},"schema":{"@context":"https:\/\/schema.org","@graph":[{"@type":"Article","@id":"http:\/\/vamosporlaliberacion.org\/crpmlm\/las-ctas-en-la-unidad-de-accion\/#article","isPartOf":{"@id":"http:\/\/vamosporlaliberacion.org\/crpmlm\/las-ctas-en-la-unidad-de-accion\/"},"author":{"name":"","@id":""},"headline":"Las CTA\u2019s en la unidad de acci\u00f3n","datePublished":"2017-02-14T15:41:59+00:00","dateModified":"2017-02-14T16:30:27+00:00","mainEntityOfPage":{"@id":"http:\/\/vamosporlaliberacion.org\/crpmlm\/las-ctas-en-la-unidad-de-accion\/"},"wordCount":643,"commentCount":0,"image":{"@id":"http:\/\/vamosporlaliberacion.org\/crpmlm\/las-ctas-en-la-unidad-de-accion\/#primaryimage"},"thumbnailUrl":"https:\/\/i0.wp.com\/vamosporlaliberacion.org\/crpmlm\/wp-content\/uploads\/2017\/02\/cta.jpg?fit=696%2C393&ssl=1","keywords":["CTA","destacado","paro nacional","vxl 91"],"articleSection":["Noticias"],"inLanguage":"es","potentialAction":[{"@type":"CommentAction","name":"Comment","target":["http:\/\/vamosporlaliberacion.org\/crpmlm\/las-ctas-en-la-unidad-de-accion\/#respond"]}]},{"@type":"WebPage","@id":"http:\/\/vamosporlaliberacion.org\/crpmlm\/las-ctas-en-la-unidad-de-accion\/","url":"http:\/\/vamosporlaliberacion.org\/crpmlm\/las-ctas-en-la-unidad-de-accion\/","name":"Las CTA\u2019s en la unidad de acci\u00f3n - Vamos por la Liberaci\u00f3n","isPartOf":{"@id":"https:\/\/vamosporlaliberacion.org\/crpmlm\/#website"},"primaryImageOfPage":{"@id":"http:\/\/vamosporlaliberacion.org\/crpmlm\/las-ctas-en-la-unidad-de-accion\/#primaryimage"},"image":{"@id":"http:\/\/vamosporlaliberacion.org\/crpmlm\/las-ctas-en-la-unidad-de-accion\/#primaryimage"},"thumbnailUrl":"https:\/\/i0.wp.com\/vamosporlaliberacion.org\/crpmlm\/wp-content\/uploads\/2017\/02\/cta.jpg?fit=696%2C393&ssl=1","datePublished":"2017-02-14T15:41:59+00:00","dateModified":"2017-02-14T16:30:27+00:00","author":{"@id":""},"breadcrumb":{"@id":"http:\/\/vamosporlaliberacion.org\/crpmlm\/las-ctas-en-la-unidad-de-accion\/#breadcrumb"},"inLanguage":"es","potentialAction":[{"@type":"ReadAction","target":["http:\/\/vamosporlaliberacion.org\/crpmlm\/las-ctas-en-la-unidad-de-accion\/"]}]},{"@type":"ImageObject","inLanguage":"es","@id":"http:\/\/vamosporlaliberacion.org\/crpmlm\/las-ctas-en-la-unidad-de-accion\/#primaryimage","url":"https:\/\/i0.wp.com\/vamosporlaliberacion.org\/crpmlm\/wp-content\/uploads\/2017\/02\/cta.jpg?fit=696%2C393&ssl=1","contentUrl":"https:\/\/i0.wp.com\/vamosporlaliberacion.org\/crpmlm\/wp-content\/uploads\/2017\/02\/cta.jpg?fit=696%2C393&ssl=1","width":696,"height":393,"caption":"Reuni\u00f3n de CTA Aut\u00f3noma previo al encuentro conjunto con la CTA de los Trabajadores."},{"@type":"BreadcrumbList","@id":"http:\/\/vamosporlaliberacion.org\/crpmlm\/las-ctas-en-la-unidad-de-accion\/#breadcrumb","itemListElement":[{"@type":"ListItem","position":1,"name":"Portada","item":"https:\/\/vamosporlaliberacion.org\/crpmlm\/"},{"@type":"ListItem","position":2,"name":"Las CTA\u2019s en la unidad de acci\u00f3n"}]},{"@type":"WebSite","@id":"https:\/\/vamosporlaliberacion.org\/crpmlm\/#website","url":"https:\/\/vamosporlaliberacion.org\/crpmlm\/","name":"Vamos por la Liberaci\u00f3n","description":"Prensa CR","potentialAction":[{"@type":"SearchAction","target":{"@type":"EntryPoint","urlTemplate":"https:\/\/vamosporlaliberacion.org\/crpmlm\/?s={search_term_string}"},"query-input":{"@type":"PropertyValueSpecification","valueRequired":true,"valueName":"search_term_string"}}],"inLanguage":"es"},{"@type":"Person","@id":"","url":"https:\/\/vamosporlaliberacion.org\/crpmlm\/author\/"}]}},"jetpack_featured_media_url":"https:\/\/i0.wp.com\/vamosporlaliberacion.org\/crpmlm\/wp-content\/uploads\/2017\/02\/cta.jpg?fit=696%2C393&ssl=1","jetpack_sharing_enabled":true,"_links":{"self":[{"href":"https:\/\/vamosporlaliberacion.org\/crpmlm\/wp-json\/wp\/v2\/posts\/8483","targetHints":{"allow":["GET"]}}],"collection":[{"href":"https:\/\/vamosporlaliberacion.org\/crpmlm\/wp-json\/wp\/v2\/posts"}],"about":[{"href":"https:\/\/vamosporlaliberacion.org\/crpmlm\/wp-json\/wp\/v2\/types\/post"}],"author":[{"embeddable":true,"href":"https:\/\/vamosporlaliberacion.org\/crpmlm\/wp-json\/wp\/v2\/users\/5"}],"replies":[{"embeddable":true,"href":"https:\/\/vamosporlaliberacion.org\/crpmlm\/wp-json\/wp\/v2\/comments?post=8483"}],"version-history":[{"count":0,"href":"https:\/\/vamosporlaliberacion.org\/crpmlm\/wp-json\/wp\/v2\/posts\/8483\/revisions"}],"wp:featuredmedia":[{"embeddable":true,"href":"https:\/\/vamosporlaliberacion.org\/crpmlm\/wp-json\/wp\/v2\/media\/8501"}],"wp:attachment":[{"href":"https:\/\/vamosporlaliberacion.org\/crpmlm\/wp-json\/wp\/v2\/media?parent=8483"}],"wp:term":[{"taxonomy":"category","embeddable":true,"href":"https:\/\/vamosporlaliberacion.org\/crpmlm\/wp-json\/wp\/v2\/categories?post=8483"},{"taxonomy":"post_tag","embeddable":true,"href":"https:\/\/vamosporlaliberacion.org\/crpmlm\/wp-json\/wp\/v2\/tags?post=8483"}],"curies":[{"name":"wp","href":"https:\/\/api.w.org\/{rel}","templated":true}]}}