{"id":844,"date":"2013-05-21T20:16:25","date_gmt":"2013-05-21T23:16:25","guid":{"rendered":"http:\/\/m8000370.ferozo.com\/crpmlm\/?p=844"},"modified":"2020-10-25T20:35:18","modified_gmt":"2020-10-25T23:35:18","slug":"dos-epocas-de-revolucion-social","status":"publish","type":"post","link":"https:\/\/vamosporlaliberacion.org\/crpmlm\/dos-epocas-de-revolucion-social\/","title":{"rendered":"Dos \u00e9pocas de revoluci\u00f3n social"},"content":{"rendered":"<p>La Revoluci\u00f3n de Mayo de 1810 se dio en un marco mundial convulsionado por la lucha, en particular en Europa, de la burgues\u00eda ascendente y las masas populares contra las viejas relaciones de producci\u00f3n y el poder feudal. Era una \u201c\u00e9poca de revoluci\u00f3n social\u201d, como analiz\u00f3 Marx: la \u00e9poca de la crisis del r\u00e9gimen feudal y las revoluciones burguesas, como la Revoluci\u00f3n Francesa de 1789. As\u00ed fue c\u00f3mo la burgues\u00eda, luego de varios siglos de lucha antifeudal, logr\u00f3 conquistar el poder y desarrollar plenamente las relaciones de producci\u00f3n capitalistas.<\/p>\n<p>Las revoluciones de independencia en Am\u00e9rica Latina se dieron en la \u00e9poca de las revoluciones burguesas, pero no fueron de igual tipo: la hegemon\u00eda de terratenientes y comerciantes termin\u00f3 condicionando el desarrollo posterior de nuestras naciones.<\/p>\n<p>A comienzos del siglo XX, como analiz\u00f3 Lenin, se abri\u00f3 una nueva \u00e9poca de revoluci\u00f3n social: la \u00e9poca del imperialismo y la revoluci\u00f3n proletaria. Del libre comercio se pas\u00f3 a los monopolios, y las burgues\u00edas monopolistas de los pa\u00edses imperialistas pasaron a explotar no solo a la clase obrera de sus propios pa\u00edses, sino a los pueblos de todo el mundo, ali\u00e1ndose y subordinando a las clases dominantes nativas. El mundo qued\u00f3 desde entonces dividido en dos tipos de pa\u00edses: un pu\u00f1ado de potencias imperialistas y una gran mayor\u00eda de pa\u00edses coloniales, semicoloniales y dependientes, entre \u00e9stos los de Am\u00e9rica Latina. Y esta contradicci\u00f3n se entrelaz\u00f3 con otras dos: la que existe entre la burgues\u00eda y el proletariado, y las contradicciones interimperialistas. Tres grandes contradicciones que caracterizan a esta \u00e9poca, a\u00fan vigente.<\/p>\n<p>En la \u00e9poca del imperialismo se profundizaron las crisis econ\u00f3micas y llevaron a permanentes agresiones a los pa\u00edses oprimidos y hasta dos guerras mundiales. Pero tambi\u00e9n motiv\u00f3 el surgimiento de sucesivas oleadas de luchas nacionales en los pa\u00edses oprimidos por el imperialismo junto con el triunfo de revoluciones socialistas.<\/p>\n<p>En esta nueva \u00e9poca \u201c\u2026cambian cualitativamente los protagonistas y la clase que necesariamente debe dirigir a las amplias masas en la revoluci\u00f3n para que pueda triunfar. La clase obrera, y esto fue ampliamente fundamentado por el marxismo, es la \u00fanica clase en condiciones de dirigir las revoluciones, tanto en los pa\u00edses imperialistas en que se plantea la revoluci\u00f3n socialista directa, como en los pa\u00edses oprimidos; en que es imprescindible, dada su estructura econ\u00f3mica social y el car\u00e1cter del Estado a destruir revolucionariamente, una etapa previa de liberaci\u00f3n nacional y social, que es de nuevo tipo, cuyo triunfo abra curso ininterrumpidamente a la revoluci\u00f3n socialista.<\/p>\n<p>\u201cComo ya esboz\u00f3 Lenin y desarroll\u00f3 ampliamente Mao, en la teor\u00eda y en la pr\u00e1ctica de la Revoluci\u00f3n China, en la nueva \u00e9poca revolucionaria abierta con la fase imperialista, las revoluciones de liberaci\u00f3n nacional son ya parte de la revoluci\u00f3n proletaria y no de la revoluci\u00f3n burguesa. Por lo que la clase obrera es la llamada a dirigir el amplio frente interesado en la liberaci\u00f3n nacional y social en los pa\u00edses oprimidos por el imperialismo.\u201d (1)<br \/>\nLas revoluciones en Rusia, China, Cuba y otros pa\u00edses \u2013cada una con sus distintas condiciones particulares- comprobaron en la pr\u00e1ctica estos desarrollos.<\/p>\n<p>Por pertenecer a una naci\u00f3n oprimida por el imperialismo, los comunistas revolucionarios de la Argentina somos patriotas y somos internacionalistas. Luchamos contra la explotaci\u00f3n y la opresi\u00f3n. Luchamos por la liberaci\u00f3n nacional y social en marcha ininterrumpida al socialismo. Nuestro sentimiento patri\u00f3tico y el odio a los imperialismos y sus socios locales no nos a\u00edslan sino que nos hermanan con todos los pueblos oprimidos y todos los explotados del mundo. Como el Che Guevara, que dec\u00eda que era tan argentino como boliviano, peruano o cubano y tan patriota de Am\u00e9rica Latina como el que m\u00e1s.<\/p>\n<p>(1) Comit\u00e9 de Reconstrucci\u00f3n del Comunismo Revolucionario, \u201cNuestra ruptura con el PCR y la reconstrucci\u00f3n del comunismo revolucionario\u201d, 10 de marzo de 2013.<\/p>\n<!-- AddThis Advanced Settings generic via filter on the_content --><!-- AddThis Share Buttons generic via filter on the_content -->","protected":false},"excerpt":{"rendered":"<p>La Revoluci\u00f3n de Mayo de 1810 se dio en un marco mundial convulsionado por la lucha, en particular en Europa, de la burgues\u00eda ascendente y las masas populares contra las viejas relaciones de producci\u00f3n y el poder feudal. Era una \u201c\u00e9poca de revoluci\u00f3n social\u201d, como analiz\u00f3 Marx: la \u00e9poca de la crisis del r\u00e9gimen feudal [&hellip;]<!-- AddThis Advanced Settings generic via filter on get_the_excerpt --><!-- AddThis Share Buttons generic via filter on get_the_excerpt --><\/p>\n","protected":false},"author":6,"featured_media":0,"comment_status":"open","ping_status":"open","sticky":false,"template":"","format":"standard","meta":{"_jetpack_memberships_contains_paid_content":false,"footnotes":""},"categories":[1853],"tags":[733,170,267],"class_list":{"0":"post-844","1":"post","2":"type-post","3":"status-publish","4":"format-standard","6":"category-historia","7":"tag-bicentenario-de-la-independencia","8":"tag-marxismo-leninismo-maoismo","9":"tag-vxl-05"},"yoast_head":"<!-- This site is optimized with the Yoast SEO plugin v27.4 - https:\/\/yoast.com\/product\/yoast-seo-wordpress\/ -->\n<title>Dos \u00e9pocas de revoluci\u00f3n social - Vamos por la Liberaci\u00f3n<\/title>\n<meta name=\"robots\" content=\"index, follow, max-snippet:-1, max-image-preview:large, max-video-preview:-1\" \/>\n<link rel=\"canonical\" href=\"http:\/\/vamosporlaliberacion.org\/crpmlm\/dos-epocas-de-revolucion-social\/\" \/>\n<meta name=\"twitter:label1\" content=\"Escrito por\" \/>\n\t<meta name=\"twitter:data1\" content=\"vamos!\" \/>\n\t<meta name=\"twitter:label2\" content=\"Tiempo de lectura\" \/>\n\t<meta name=\"twitter:data2\" content=\"3 minutos\" \/>\n<script type=\"application\/ld+json\" class=\"yoast-schema-graph\">{\"@context\":\"https:\\\/\\\/schema.org\",\"@graph\":[{\"@type\":\"Article\",\"@id\":\"http:\\\/\\\/vamosporlaliberacion.org\\\/crpmlm\\\/dos-epocas-de-revolucion-social\\\/#article\",\"isPartOf\":{\"@id\":\"http:\\\/\\\/vamosporlaliberacion.org\\\/crpmlm\\\/dos-epocas-de-revolucion-social\\\/\"},\"author\":{\"name\":\"vamos!\",\"@id\":\"https:\\\/\\\/vamosporlaliberacion.org\\\/crpmlm\\\/#\\\/schema\\\/person\\\/d6eac7758df3770dae9cd9eb104d615c\"},\"headline\":\"Dos \u00e9pocas de revoluci\u00f3n social\",\"datePublished\":\"2013-05-21T23:16:25+00:00\",\"dateModified\":\"2020-10-25T23:35:18+00:00\",\"mainEntityOfPage\":{\"@id\":\"http:\\\/\\\/vamosporlaliberacion.org\\\/crpmlm\\\/dos-epocas-de-revolucion-social\\\/\"},\"wordCount\":684,\"commentCount\":0,\"keywords\":[\"Bicentenario de la Independencia\",\"Marxismo Leninismo Mao\u00edsmo\",\"vxl 05\"],\"articleSection\":[\"Historia \\\/ Teor\u00eda\"],\"inLanguage\":\"es\",\"potentialAction\":[{\"@type\":\"CommentAction\",\"name\":\"Comment\",\"target\":[\"http:\\\/\\\/vamosporlaliberacion.org\\\/crpmlm\\\/dos-epocas-de-revolucion-social\\\/#respond\"]}]},{\"@type\":\"WebPage\",\"@id\":\"http:\\\/\\\/vamosporlaliberacion.org\\\/crpmlm\\\/dos-epocas-de-revolucion-social\\\/\",\"url\":\"http:\\\/\\\/vamosporlaliberacion.org\\\/crpmlm\\\/dos-epocas-de-revolucion-social\\\/\",\"name\":\"Dos \u00e9pocas de revoluci\u00f3n social - Vamos por la Liberaci\u00f3n\",\"isPartOf\":{\"@id\":\"https:\\\/\\\/vamosporlaliberacion.org\\\/crpmlm\\\/#website\"},\"datePublished\":\"2013-05-21T23:16:25+00:00\",\"dateModified\":\"2020-10-25T23:35:18+00:00\",\"author\":{\"@id\":\"https:\\\/\\\/vamosporlaliberacion.org\\\/crpmlm\\\/#\\\/schema\\\/person\\\/d6eac7758df3770dae9cd9eb104d615c\"},\"breadcrumb\":{\"@id\":\"http:\\\/\\\/vamosporlaliberacion.org\\\/crpmlm\\\/dos-epocas-de-revolucion-social\\\/#breadcrumb\"},\"inLanguage\":\"es\",\"potentialAction\":[{\"@type\":\"ReadAction\",\"target\":[\"http:\\\/\\\/vamosporlaliberacion.org\\\/crpmlm\\\/dos-epocas-de-revolucion-social\\\/\"]}]},{\"@type\":\"BreadcrumbList\",\"@id\":\"http:\\\/\\\/vamosporlaliberacion.org\\\/crpmlm\\\/dos-epocas-de-revolucion-social\\\/#breadcrumb\",\"itemListElement\":[{\"@type\":\"ListItem\",\"position\":1,\"name\":\"Portada\",\"item\":\"https:\\\/\\\/vamosporlaliberacion.org\\\/crpmlm\\\/\"},{\"@type\":\"ListItem\",\"position\":2,\"name\":\"Dos \u00e9pocas de revoluci\u00f3n social\"}]},{\"@type\":\"WebSite\",\"@id\":\"https:\\\/\\\/vamosporlaliberacion.org\\\/crpmlm\\\/#website\",\"url\":\"https:\\\/\\\/vamosporlaliberacion.org\\\/crpmlm\\\/\",\"name\":\"Vamos por la Liberaci\u00f3n\",\"description\":\"Prensa CR\",\"potentialAction\":[{\"@type\":\"SearchAction\",\"target\":{\"@type\":\"EntryPoint\",\"urlTemplate\":\"https:\\\/\\\/vamosporlaliberacion.org\\\/crpmlm\\\/?s={search_term_string}\"},\"query-input\":{\"@type\":\"PropertyValueSpecification\",\"valueRequired\":true,\"valueName\":\"search_term_string\"}}],\"inLanguage\":\"es\"},{\"@type\":\"Person\",\"@id\":\"https:\\\/\\\/vamosporlaliberacion.org\\\/crpmlm\\\/#\\\/schema\\\/person\\\/d6eac7758df3770dae9cd9eb104d615c\",\"name\":\"vamos!\",\"url\":\"https:\\\/\\\/vamosporlaliberacion.org\\\/crpmlm\\\/author\\\/adminvxl\\\/\"}]}<\/script>\n<!-- \/ Yoast SEO plugin. -->","yoast_head_json":{"title":"Dos \u00e9pocas de revoluci\u00f3n social - Vamos por la Liberaci\u00f3n","robots":{"index":"index","follow":"follow","max-snippet":"max-snippet:-1","max-image-preview":"max-image-preview:large","max-video-preview":"max-video-preview:-1"},"canonical":"http:\/\/vamosporlaliberacion.org\/crpmlm\/dos-epocas-de-revolucion-social\/","twitter_misc":{"Escrito por":"vamos!","Tiempo de lectura":"3 minutos"},"schema":{"@context":"https:\/\/schema.org","@graph":[{"@type":"Article","@id":"http:\/\/vamosporlaliberacion.org\/crpmlm\/dos-epocas-de-revolucion-social\/#article","isPartOf":{"@id":"http:\/\/vamosporlaliberacion.org\/crpmlm\/dos-epocas-de-revolucion-social\/"},"author":{"name":"vamos!","@id":"https:\/\/vamosporlaliberacion.org\/crpmlm\/#\/schema\/person\/d6eac7758df3770dae9cd9eb104d615c"},"headline":"Dos \u00e9pocas de revoluci\u00f3n social","datePublished":"2013-05-21T23:16:25+00:00","dateModified":"2020-10-25T23:35:18+00:00","mainEntityOfPage":{"@id":"http:\/\/vamosporlaliberacion.org\/crpmlm\/dos-epocas-de-revolucion-social\/"},"wordCount":684,"commentCount":0,"keywords":["Bicentenario de la Independencia","Marxismo Leninismo Mao\u00edsmo","vxl 05"],"articleSection":["Historia \/ Teor\u00eda"],"inLanguage":"es","potentialAction":[{"@type":"CommentAction","name":"Comment","target":["http:\/\/vamosporlaliberacion.org\/crpmlm\/dos-epocas-de-revolucion-social\/#respond"]}]},{"@type":"WebPage","@id":"http:\/\/vamosporlaliberacion.org\/crpmlm\/dos-epocas-de-revolucion-social\/","url":"http:\/\/vamosporlaliberacion.org\/crpmlm\/dos-epocas-de-revolucion-social\/","name":"Dos \u00e9pocas de revoluci\u00f3n social - Vamos por la Liberaci\u00f3n","isPartOf":{"@id":"https:\/\/vamosporlaliberacion.org\/crpmlm\/#website"},"datePublished":"2013-05-21T23:16:25+00:00","dateModified":"2020-10-25T23:35:18+00:00","author":{"@id":"https:\/\/vamosporlaliberacion.org\/crpmlm\/#\/schema\/person\/d6eac7758df3770dae9cd9eb104d615c"},"breadcrumb":{"@id":"http:\/\/vamosporlaliberacion.org\/crpmlm\/dos-epocas-de-revolucion-social\/#breadcrumb"},"inLanguage":"es","potentialAction":[{"@type":"ReadAction","target":["http:\/\/vamosporlaliberacion.org\/crpmlm\/dos-epocas-de-revolucion-social\/"]}]},{"@type":"BreadcrumbList","@id":"http:\/\/vamosporlaliberacion.org\/crpmlm\/dos-epocas-de-revolucion-social\/#breadcrumb","itemListElement":[{"@type":"ListItem","position":1,"name":"Portada","item":"https:\/\/vamosporlaliberacion.org\/crpmlm\/"},{"@type":"ListItem","position":2,"name":"Dos \u00e9pocas de revoluci\u00f3n social"}]},{"@type":"WebSite","@id":"https:\/\/vamosporlaliberacion.org\/crpmlm\/#website","url":"https:\/\/vamosporlaliberacion.org\/crpmlm\/","name":"Vamos por la Liberaci\u00f3n","description":"Prensa CR","potentialAction":[{"@type":"SearchAction","target":{"@type":"EntryPoint","urlTemplate":"https:\/\/vamosporlaliberacion.org\/crpmlm\/?s={search_term_string}"},"query-input":{"@type":"PropertyValueSpecification","valueRequired":true,"valueName":"search_term_string"}}],"inLanguage":"es"},{"@type":"Person","@id":"https:\/\/vamosporlaliberacion.org\/crpmlm\/#\/schema\/person\/d6eac7758df3770dae9cd9eb104d615c","name":"vamos!","url":"https:\/\/vamosporlaliberacion.org\/crpmlm\/author\/adminvxl\/"}]}},"jetpack_featured_media_url":"","jetpack_sharing_enabled":true,"_links":{"self":[{"href":"https:\/\/vamosporlaliberacion.org\/crpmlm\/wp-json\/wp\/v2\/posts\/844","targetHints":{"allow":["GET"]}}],"collection":[{"href":"https:\/\/vamosporlaliberacion.org\/crpmlm\/wp-json\/wp\/v2\/posts"}],"about":[{"href":"https:\/\/vamosporlaliberacion.org\/crpmlm\/wp-json\/wp\/v2\/types\/post"}],"author":[{"embeddable":true,"href":"https:\/\/vamosporlaliberacion.org\/crpmlm\/wp-json\/wp\/v2\/users\/6"}],"replies":[{"embeddable":true,"href":"https:\/\/vamosporlaliberacion.org\/crpmlm\/wp-json\/wp\/v2\/comments?post=844"}],"version-history":[{"count":1,"href":"https:\/\/vamosporlaliberacion.org\/crpmlm\/wp-json\/wp\/v2\/posts\/844\/revisions"}],"predecessor-version":[{"id":20673,"href":"https:\/\/vamosporlaliberacion.org\/crpmlm\/wp-json\/wp\/v2\/posts\/844\/revisions\/20673"}],"wp:attachment":[{"href":"https:\/\/vamosporlaliberacion.org\/crpmlm\/wp-json\/wp\/v2\/media?parent=844"}],"wp:term":[{"taxonomy":"category","embeddable":true,"href":"https:\/\/vamosporlaliberacion.org\/crpmlm\/wp-json\/wp\/v2\/categories?post=844"},{"taxonomy":"post_tag","embeddable":true,"href":"https:\/\/vamosporlaliberacion.org\/crpmlm\/wp-json\/wp\/v2\/tags?post=844"}],"curies":[{"name":"wp","href":"https:\/\/api.w.org\/{rel}","templated":true}]}}