{"id":8405,"date":"2017-02-02T20:54:50","date_gmt":"2017-02-02T23:54:50","guid":{"rendered":"http:\/\/vamosporlaliberacion.org\/crpmlm\/?p=8405"},"modified":"2020-10-12T20:35:45","modified_gmt":"2020-10-12T23:35:45","slug":"eeuu-millones-marcharon-por-los-derechos-de-las-mujeres","status":"publish","type":"post","link":"https:\/\/vamosporlaliberacion.org\/crpmlm\/eeuu-millones-marcharon-por-los-derechos-de-las-mujeres\/","title":{"rendered":"EEUU: Millones marcharon por los  derechos de las mujeres"},"content":{"rendered":"<p>Las expresiones mis\u00f3ginas del flamante Trump contrastaron con las gigantescas movilizaciones que se produjeron en Washington y otras 300 ciudades por los derechos de las mujeres el pasado s\u00e1bado 21 de enero: igualdad salarial, derecho de trabajadoras y trabajadores a organizarse, contra toda discriminaci\u00f3n y contra la brutalidad policial racista, por la defensa del derecho al aborto, entre otros puntos. Fue una jornada n\u00edtidamente opositora.<\/p>\n<p>Por otra parte, el vicepresidente Mike Pencer hizo uso de la palabra en la movilizaci\u00f3n llamada \u201cMarcha por la vida\u201d, que ya va por su n\u00famero 44, el viernes siguiente. Tambi\u00e9n recibieron un \u201cc\u00e1lido saludo\u201d del Papa Francisco enviado por escrito. Miles participaron en esta marcha, aunque muy lejos de masividad de la jornada anterior.<\/p>\n<p>Si bien el derecho al aborto tiene a su favor un fallo de la Corte Suprema yanqui de 1973, la v\u00eda que se dan los republicanos es la de erosionar y obstaculizar este derecho. Una de las formas es desfinanciando la red de cl\u00ednicas Planned Parenthood, que brinda salud reproductiva y en particular la interrupci\u00f3n de embarazos. Como suele ocurrir, las medidas \u201cpro vida\u201d terminan por condenar a la muerte a las mujeres de bajos ingresos que se ver\u00e1n impedidas de acceder a esta cobertura de salud.<\/p>\n<!-- AddThis Advanced Settings generic via filter on the_content --><!-- AddThis Share Buttons generic via filter on the_content -->","protected":false},"excerpt":{"rendered":"<p>Las expresiones mis\u00f3ginas del flamante Trump contrastaron con las gigantescas movilizaciones que se produjeron en Washington y otras 300 ciudades por los derechos de las mujeres el pasado s\u00e1bado 21 de enero: igualdad salarial, derecho de trabajadoras y trabajadores a organizarse, contra toda discriminaci\u00f3n y contra la brutalidad policial racista, por la defensa del derecho [&hellip;]<!-- AddThis Advanced Settings generic via filter on get_the_excerpt --><!-- AddThis Share Buttons generic via filter on get_the_excerpt --><\/p>\n","protected":false},"author":5,"featured_media":8406,"comment_status":"open","ping_status":"open","sticky":false,"template":"","format":"standard","meta":{"_jetpack_memberships_contains_paid_content":false,"footnotes":""},"categories":[1875],"tags":[103,887,905],"class_list":{"0":"post-8405","1":"post","2":"type-post","3":"status-publish","4":"format-standard","5":"has-post-thumbnail","7":"category-genero","8":"tag-eeuu","9":"tag-mujeres","10":"tag-vxl-90"},"yoast_head":"<!-- This site is optimized with the Yoast SEO plugin v27.4 - https:\/\/yoast.com\/product\/yoast-seo-wordpress\/ -->\n<title>EEUU: Millones marcharon por los derechos de las mujeres - Vamos por la Liberaci\u00f3n<\/title>\n<meta name=\"robots\" content=\"index, follow, max-snippet:-1, max-image-preview:large, max-video-preview:-1\" \/>\n<link rel=\"canonical\" href=\"http:\/\/vamosporlaliberacion.org\/crpmlm\/eeuu-millones-marcharon-por-los-derechos-de-las-mujeres\/\" \/>\n<meta name=\"twitter:label1\" content=\"Escrito por\" \/>\n\t<meta name=\"twitter:data1\" content=\"\" \/>\n\t<meta name=\"twitter:label2\" content=\"Tiempo de lectura\" \/>\n\t<meta name=\"twitter:data2\" content=\"1 minuto\" \/>\n<script type=\"application\/ld+json\" class=\"yoast-schema-graph\">{\"@context\":\"https:\\\/\\\/schema.org\",\"@graph\":[{\"@type\":\"Article\",\"@id\":\"http:\\\/\\\/vamosporlaliberacion.org\\\/crpmlm\\\/eeuu-millones-marcharon-por-los-derechos-de-las-mujeres\\\/#article\",\"isPartOf\":{\"@id\":\"http:\\\/\\\/vamosporlaliberacion.org\\\/crpmlm\\\/eeuu-millones-marcharon-por-los-derechos-de-las-mujeres\\\/\"},\"author\":{\"name\":\"\",\"@id\":\"\"},\"headline\":\"EEUU: Millones marcharon por los derechos de las mujeres\",\"datePublished\":\"2017-02-02T23:54:50+00:00\",\"dateModified\":\"2020-10-12T23:35:45+00:00\",\"mainEntityOfPage\":{\"@id\":\"http:\\\/\\\/vamosporlaliberacion.org\\\/crpmlm\\\/eeuu-millones-marcharon-por-los-derechos-de-las-mujeres\\\/\"},\"wordCount\":224,\"commentCount\":0,\"image\":{\"@id\":\"http:\\\/\\\/vamosporlaliberacion.org\\\/crpmlm\\\/eeuu-millones-marcharon-por-los-derechos-de-las-mujeres\\\/#primaryimage\"},\"thumbnailUrl\":\"https:\\\/\\\/i0.wp.com\\\/vamosporlaliberacion.org\\\/crpmlm\\\/wp-content\\\/uploads\\\/2017\\\/02\\\/las-imagenes-de-la-marcha-de-las-mujeres-en-washington-contra-trump.jpg?fit=1338%2C752&ssl=1\",\"keywords\":[\"EEUU\",\"mujeres\",\"vxl 90\"],\"articleSection\":[\"Genero\"],\"inLanguage\":\"es\",\"potentialAction\":[{\"@type\":\"CommentAction\",\"name\":\"Comment\",\"target\":[\"http:\\\/\\\/vamosporlaliberacion.org\\\/crpmlm\\\/eeuu-millones-marcharon-por-los-derechos-de-las-mujeres\\\/#respond\"]}]},{\"@type\":\"WebPage\",\"@id\":\"http:\\\/\\\/vamosporlaliberacion.org\\\/crpmlm\\\/eeuu-millones-marcharon-por-los-derechos-de-las-mujeres\\\/\",\"url\":\"http:\\\/\\\/vamosporlaliberacion.org\\\/crpmlm\\\/eeuu-millones-marcharon-por-los-derechos-de-las-mujeres\\\/\",\"name\":\"EEUU: Millones marcharon por los derechos de las mujeres - Vamos por la Liberaci\u00f3n\",\"isPartOf\":{\"@id\":\"https:\\\/\\\/vamosporlaliberacion.org\\\/crpmlm\\\/#website\"},\"primaryImageOfPage\":{\"@id\":\"http:\\\/\\\/vamosporlaliberacion.org\\\/crpmlm\\\/eeuu-millones-marcharon-por-los-derechos-de-las-mujeres\\\/#primaryimage\"},\"image\":{\"@id\":\"http:\\\/\\\/vamosporlaliberacion.org\\\/crpmlm\\\/eeuu-millones-marcharon-por-los-derechos-de-las-mujeres\\\/#primaryimage\"},\"thumbnailUrl\":\"https:\\\/\\\/i0.wp.com\\\/vamosporlaliberacion.org\\\/crpmlm\\\/wp-content\\\/uploads\\\/2017\\\/02\\\/las-imagenes-de-la-marcha-de-las-mujeres-en-washington-contra-trump.jpg?fit=1338%2C752&ssl=1\",\"datePublished\":\"2017-02-02T23:54:50+00:00\",\"dateModified\":\"2020-10-12T23:35:45+00:00\",\"author\":{\"@id\":\"\"},\"breadcrumb\":{\"@id\":\"http:\\\/\\\/vamosporlaliberacion.org\\\/crpmlm\\\/eeuu-millones-marcharon-por-los-derechos-de-las-mujeres\\\/#breadcrumb\"},\"inLanguage\":\"es\",\"potentialAction\":[{\"@type\":\"ReadAction\",\"target\":[\"http:\\\/\\\/vamosporlaliberacion.org\\\/crpmlm\\\/eeuu-millones-marcharon-por-los-derechos-de-las-mujeres\\\/\"]}]},{\"@type\":\"ImageObject\",\"inLanguage\":\"es\",\"@id\":\"http:\\\/\\\/vamosporlaliberacion.org\\\/crpmlm\\\/eeuu-millones-marcharon-por-los-derechos-de-las-mujeres\\\/#primaryimage\",\"url\":\"https:\\\/\\\/i0.wp.com\\\/vamosporlaliberacion.org\\\/crpmlm\\\/wp-content\\\/uploads\\\/2017\\\/02\\\/las-imagenes-de-la-marcha-de-las-mujeres-en-washington-contra-trump.jpg?fit=1338%2C752&ssl=1\",\"contentUrl\":\"https:\\\/\\\/i0.wp.com\\\/vamosporlaliberacion.org\\\/crpmlm\\\/wp-content\\\/uploads\\\/2017\\\/02\\\/las-imagenes-de-la-marcha-de-las-mujeres-en-washington-contra-trump.jpg?fit=1338%2C752&ssl=1\",\"width\":1338,\"height\":752},{\"@type\":\"BreadcrumbList\",\"@id\":\"http:\\\/\\\/vamosporlaliberacion.org\\\/crpmlm\\\/eeuu-millones-marcharon-por-los-derechos-de-las-mujeres\\\/#breadcrumb\",\"itemListElement\":[{\"@type\":\"ListItem\",\"position\":1,\"name\":\"Portada\",\"item\":\"https:\\\/\\\/vamosporlaliberacion.org\\\/crpmlm\\\/\"},{\"@type\":\"ListItem\",\"position\":2,\"name\":\"EEUU: Millones marcharon por los derechos de las mujeres\"}]},{\"@type\":\"WebSite\",\"@id\":\"https:\\\/\\\/vamosporlaliberacion.org\\\/crpmlm\\\/#website\",\"url\":\"https:\\\/\\\/vamosporlaliberacion.org\\\/crpmlm\\\/\",\"name\":\"Vamos por la Liberaci\u00f3n\",\"description\":\"Prensa CR\",\"potentialAction\":[{\"@type\":\"SearchAction\",\"target\":{\"@type\":\"EntryPoint\",\"urlTemplate\":\"https:\\\/\\\/vamosporlaliberacion.org\\\/crpmlm\\\/?s={search_term_string}\"},\"query-input\":{\"@type\":\"PropertyValueSpecification\",\"valueRequired\":true,\"valueName\":\"search_term_string\"}}],\"inLanguage\":\"es\"},{\"@type\":\"Person\",\"@id\":\"\",\"url\":\"https:\\\/\\\/vamosporlaliberacion.org\\\/crpmlm\\\/author\\\/\"}]}<\/script>\n<!-- \/ Yoast SEO plugin. -->","yoast_head_json":{"title":"EEUU: Millones marcharon por los derechos de las mujeres - Vamos por la Liberaci\u00f3n","robots":{"index":"index","follow":"follow","max-snippet":"max-snippet:-1","max-image-preview":"max-image-preview:large","max-video-preview":"max-video-preview:-1"},"canonical":"http:\/\/vamosporlaliberacion.org\/crpmlm\/eeuu-millones-marcharon-por-los-derechos-de-las-mujeres\/","twitter_misc":{"Escrito por":"","Tiempo de lectura":"1 minuto"},"schema":{"@context":"https:\/\/schema.org","@graph":[{"@type":"Article","@id":"http:\/\/vamosporlaliberacion.org\/crpmlm\/eeuu-millones-marcharon-por-los-derechos-de-las-mujeres\/#article","isPartOf":{"@id":"http:\/\/vamosporlaliberacion.org\/crpmlm\/eeuu-millones-marcharon-por-los-derechos-de-las-mujeres\/"},"author":{"name":"","@id":""},"headline":"EEUU: Millones marcharon por los derechos de las mujeres","datePublished":"2017-02-02T23:54:50+00:00","dateModified":"2020-10-12T23:35:45+00:00","mainEntityOfPage":{"@id":"http:\/\/vamosporlaliberacion.org\/crpmlm\/eeuu-millones-marcharon-por-los-derechos-de-las-mujeres\/"},"wordCount":224,"commentCount":0,"image":{"@id":"http:\/\/vamosporlaliberacion.org\/crpmlm\/eeuu-millones-marcharon-por-los-derechos-de-las-mujeres\/#primaryimage"},"thumbnailUrl":"https:\/\/i0.wp.com\/vamosporlaliberacion.org\/crpmlm\/wp-content\/uploads\/2017\/02\/las-imagenes-de-la-marcha-de-las-mujeres-en-washington-contra-trump.jpg?fit=1338%2C752&ssl=1","keywords":["EEUU","mujeres","vxl 90"],"articleSection":["Genero"],"inLanguage":"es","potentialAction":[{"@type":"CommentAction","name":"Comment","target":["http:\/\/vamosporlaliberacion.org\/crpmlm\/eeuu-millones-marcharon-por-los-derechos-de-las-mujeres\/#respond"]}]},{"@type":"WebPage","@id":"http:\/\/vamosporlaliberacion.org\/crpmlm\/eeuu-millones-marcharon-por-los-derechos-de-las-mujeres\/","url":"http:\/\/vamosporlaliberacion.org\/crpmlm\/eeuu-millones-marcharon-por-los-derechos-de-las-mujeres\/","name":"EEUU: Millones marcharon por los derechos de las mujeres - Vamos por la Liberaci\u00f3n","isPartOf":{"@id":"https:\/\/vamosporlaliberacion.org\/crpmlm\/#website"},"primaryImageOfPage":{"@id":"http:\/\/vamosporlaliberacion.org\/crpmlm\/eeuu-millones-marcharon-por-los-derechos-de-las-mujeres\/#primaryimage"},"image":{"@id":"http:\/\/vamosporlaliberacion.org\/crpmlm\/eeuu-millones-marcharon-por-los-derechos-de-las-mujeres\/#primaryimage"},"thumbnailUrl":"https:\/\/i0.wp.com\/vamosporlaliberacion.org\/crpmlm\/wp-content\/uploads\/2017\/02\/las-imagenes-de-la-marcha-de-las-mujeres-en-washington-contra-trump.jpg?fit=1338%2C752&ssl=1","datePublished":"2017-02-02T23:54:50+00:00","dateModified":"2020-10-12T23:35:45+00:00","author":{"@id":""},"breadcrumb":{"@id":"http:\/\/vamosporlaliberacion.org\/crpmlm\/eeuu-millones-marcharon-por-los-derechos-de-las-mujeres\/#breadcrumb"},"inLanguage":"es","potentialAction":[{"@type":"ReadAction","target":["http:\/\/vamosporlaliberacion.org\/crpmlm\/eeuu-millones-marcharon-por-los-derechos-de-las-mujeres\/"]}]},{"@type":"ImageObject","inLanguage":"es","@id":"http:\/\/vamosporlaliberacion.org\/crpmlm\/eeuu-millones-marcharon-por-los-derechos-de-las-mujeres\/#primaryimage","url":"https:\/\/i0.wp.com\/vamosporlaliberacion.org\/crpmlm\/wp-content\/uploads\/2017\/02\/las-imagenes-de-la-marcha-de-las-mujeres-en-washington-contra-trump.jpg?fit=1338%2C752&ssl=1","contentUrl":"https:\/\/i0.wp.com\/vamosporlaliberacion.org\/crpmlm\/wp-content\/uploads\/2017\/02\/las-imagenes-de-la-marcha-de-las-mujeres-en-washington-contra-trump.jpg?fit=1338%2C752&ssl=1","width":1338,"height":752},{"@type":"BreadcrumbList","@id":"http:\/\/vamosporlaliberacion.org\/crpmlm\/eeuu-millones-marcharon-por-los-derechos-de-las-mujeres\/#breadcrumb","itemListElement":[{"@type":"ListItem","position":1,"name":"Portada","item":"https:\/\/vamosporlaliberacion.org\/crpmlm\/"},{"@type":"ListItem","position":2,"name":"EEUU: Millones marcharon por los derechos de las mujeres"}]},{"@type":"WebSite","@id":"https:\/\/vamosporlaliberacion.org\/crpmlm\/#website","url":"https:\/\/vamosporlaliberacion.org\/crpmlm\/","name":"Vamos por la Liberaci\u00f3n","description":"Prensa CR","potentialAction":[{"@type":"SearchAction","target":{"@type":"EntryPoint","urlTemplate":"https:\/\/vamosporlaliberacion.org\/crpmlm\/?s={search_term_string}"},"query-input":{"@type":"PropertyValueSpecification","valueRequired":true,"valueName":"search_term_string"}}],"inLanguage":"es"},{"@type":"Person","@id":"","url":"https:\/\/vamosporlaliberacion.org\/crpmlm\/author\/"}]}},"jetpack_featured_media_url":"https:\/\/i0.wp.com\/vamosporlaliberacion.org\/crpmlm\/wp-content\/uploads\/2017\/02\/las-imagenes-de-la-marcha-de-las-mujeres-en-washington-contra-trump.jpg?fit=1338%2C752&ssl=1","jetpack_sharing_enabled":true,"_links":{"self":[{"href":"https:\/\/vamosporlaliberacion.org\/crpmlm\/wp-json\/wp\/v2\/posts\/8405","targetHints":{"allow":["GET"]}}],"collection":[{"href":"https:\/\/vamosporlaliberacion.org\/crpmlm\/wp-json\/wp\/v2\/posts"}],"about":[{"href":"https:\/\/vamosporlaliberacion.org\/crpmlm\/wp-json\/wp\/v2\/types\/post"}],"author":[{"embeddable":true,"href":"https:\/\/vamosporlaliberacion.org\/crpmlm\/wp-json\/wp\/v2\/users\/5"}],"replies":[{"embeddable":true,"href":"https:\/\/vamosporlaliberacion.org\/crpmlm\/wp-json\/wp\/v2\/comments?post=8405"}],"version-history":[{"count":1,"href":"https:\/\/vamosporlaliberacion.org\/crpmlm\/wp-json\/wp\/v2\/posts\/8405\/revisions"}],"predecessor-version":[{"id":20002,"href":"https:\/\/vamosporlaliberacion.org\/crpmlm\/wp-json\/wp\/v2\/posts\/8405\/revisions\/20002"}],"wp:featuredmedia":[{"embeddable":true,"href":"https:\/\/vamosporlaliberacion.org\/crpmlm\/wp-json\/wp\/v2\/media\/8406"}],"wp:attachment":[{"href":"https:\/\/vamosporlaliberacion.org\/crpmlm\/wp-json\/wp\/v2\/media?parent=8405"}],"wp:term":[{"taxonomy":"category","embeddable":true,"href":"https:\/\/vamosporlaliberacion.org\/crpmlm\/wp-json\/wp\/v2\/categories?post=8405"},{"taxonomy":"post_tag","embeddable":true,"href":"https:\/\/vamosporlaliberacion.org\/crpmlm\/wp-json\/wp\/v2\/tags?post=8405"}],"curies":[{"name":"wp","href":"https:\/\/api.w.org\/{rel}","templated":true}]}}