{"id":8210,"date":"2016-12-15T22:43:01","date_gmt":"2016-12-16T01:43:01","guid":{"rendered":"http:\/\/vamosporlaliberacion.org\/crpmlm\/?p=8210"},"modified":"2016-12-16T11:57:36","modified_gmt":"2016-12-16T14:57:36","slug":"estudiantes-x-la-liberacion-e-insurrectas-cierre-del-ano-exitoso-asado-fiesta","status":"publish","type":"post","link":"https:\/\/vamosporlaliberacion.org\/crpmlm\/estudiantes-x-la-liberacion-e-insurrectas-cierre-del-ano-exitoso-asado-fiesta\/","title":{"rendered":"Estudiantes x la liberaci\u00f3n e Insurrectas: Cierre del a\u00f1o con un exitoso asado-fiesta"},"content":{"rendered":"<p><span class=\"char-style-override-1\">A<\/span>lrededor de 300 personas festejamos el fin de a\u00f1o en la terraza de la Facultad de Ingenier\u00eda, en el Asado-Fiesta organizado por Estudiantes por la Liberaci\u00f3n e Insurrectas. Hace a\u00f1os realizamos este evento para encontrarnos con nuestros amigos, con compa\u00f1eros de cursada y de lucha, con los que organizamos al movimiento estudiantil. Convocamos desde La Corriente (Arquitectura y Dise\u00f1o \/ FADU, Filosof\u00eda y Letras y Medicina), UxI (Ingenier\u00eda), Lista Unidad (Exactas), La 28 (Joaqu\u00edn V. Gonz\u00e1lez), Desde las Aulas (Alicia M. de Justo) y ExL Secundarios (Pellegrini).<\/p>\n<div class=\"Marco-de-texto-b-sico\">\n<p class=\"Texto-base\">Este a\u00f1o en particular enfrentamos la profundizaci\u00f3n del ajuste y la dependencia con la pol\u00edtica del Gobierno de Macri y los gobernadores ajustadores. Fue un a\u00f1o muy duro para los estudiantes y el pueblo, pero mostramos que no nos quedamos paralizados y salimos a luchar ante cada medida de ajuste o entrega.<\/p>\n<p class=\"Texto-base\">Pudimos festejar el avance del movimiento estudiantil en la lucha educativa junto a los docentes, el movimiento de mujeres que sigue creciendo; la lucha contra la exoneraci\u00f3n y los despidos de los trabajadores de Tierra del Fuego; la lucha contra los tarifazos; la conformaci\u00f3n de la mesa de urbanizaci\u00f3n de la Villa 20, y los triunfos de la elecci\u00f3n de Centro de Estudiantes en FADU, y avances en las del JVG e Ingenier\u00eda, entre otras cosas.<\/p>\n<p class=\"Texto-base\">El \u00e9xito y masividad del evento se dio gracias a la coordinaci\u00f3n colectiva de los lugares en la mesa regional, el protagonismo de nuevos compa\u00f1eros en las tareas, y una invitaci\u00f3n amplia en la mayor\u00eda de los lugares, reflejo de la l\u00ednea de masas con que abordamos cada iniciativa.<\/p>\n<p class=\"Texto-base\">Armamos una exposici\u00f3n de fotos y videos con la lucha educativa, Ni Una Menos, Tierra del Fuego, y tambi\u00e9n invitamos estudiantes, docentes y profesionales del Taller Libre de Proyecto Social (c\u00e1tedra libre de la FADU) a formar parte de la misma, desde la vinculaci\u00f3n entre la Universidad y las necesidades y luchas de nuestro pueblo. Adem\u00e1s realizamos un video, al cual sumamos el campamento 2017 y otras actividades que vivimos como estudiantes: torneos deportivos y festivales en los lugares, juntarse a estudiar, fiestas con amigos, etc.<\/p>\n<p class=\"Texto-base\">Tambi\u00e9n intentamos expresar el contenido pol\u00edtico y nuestro programa de forma recreativa a trav\u00e9s de juegos, como el \u201cTiro al Garca\u201d, donde surgieron debates acerca de c\u00f3mo se puede reflejar en este formato el blanco a golpear por la lucha popular, y las luchas del 2016. Esto nos sirve para seguir avanzando y fortaleciendo la agrupaci\u00f3n, con el desaf\u00edo de poder sintetizar correctamente lo que protagonizamos todo el a\u00f1o.<\/p>\n<p class=\"Texto-base\">Para esto adem\u00e1s difundimos distintos materiales: desde stickers gr\u00e1ficos con los principales ejes y tambi\u00e9n frases del Che, Ren\u00e9 Salamanca y Jorge Rocha, hasta plataformas de los lugares, el programa constitutivo de la agrupaci\u00f3n, el documento del \u00faltimo Plenario y otros.<\/p>\n<p class=\"Texto-base\">Bailamos toda la noche al ritmo de \u201cSin Tempo ni Espacio\u201d -folclore (con clase y todo)-, y \u201cGente de Am\u00e9rica\u201d -cumbia y ritmos latinoamericanos-, dos bandas amigas que nos hicieron el aguante ya desde el asado anterior.<\/p>\n<p class=\"Texto-base\">Pudimos mostrar que, as\u00ed como tenemos l\u00ednea e iniciativa ante cada hecho de la pol\u00edtica, apostamos a construir una cultura popular que aporte a los cambios revolucionarios en la Argentina y Latinoam\u00e9rica, distinta a la que imponen las clases dominantes de reviente y consumo desenfrenado de alcohol y drogas -que muchas veces terminan en sucesos como Time Warp-, de denigraci\u00f3n hacia la mujer, de \u201ccultura for export\u201d.<\/p>\n<p class=\"Texto-base\">La repercusi\u00f3n post-fiesta en los lugares fue mucha alegr\u00eda y entusiasmo, lo que nos deja en buenas condiciones para realizar un buen campamento, para seguir creciendo en los lugares al calor de la lucha y nos ratifica el excelente trabajo que realizamos durante todo el a\u00f1o, impulsando el protagonismo de masas, enfrentando el ajuste y la dependencia, y construyendo d\u00eda a d\u00eda el camino hacia la liberaci\u00f3n nacional y social, con los estudiantes y el pueblo a la cabeza<\/p>\n<\/div>\n<!-- AddThis Advanced Settings generic via filter on the_content --><!-- AddThis Share Buttons generic via filter on the_content -->","protected":false},"excerpt":{"rendered":"<p>Alrededor de 300 personas festejamos el fin de a\u00f1o en la terraza de la Facultad de Ingenier\u00eda, en el Asado-Fiesta organizado por Estudiantes por la Liberaci\u00f3n e Insurrectas. Hace a\u00f1os realizamos este evento para encontrarnos con nuestros amigos, con compa\u00f1eros de cursada y de lucha, con los que organizamos al movimiento estudiantil. Convocamos desde La [&hellip;]<!-- AddThis Advanced Settings generic via filter on get_the_excerpt --><!-- AddThis Share Buttons generic via filter on get_the_excerpt --><\/p>\n","protected":false},"author":5,"featured_media":8243,"comment_status":"open","ping_status":"open","sticky":false,"template":"","format":"standard","meta":{"_jetpack_memberships_contains_paid_content":false,"footnotes":""},"categories":[1699],"tags":[520,890],"class_list":{"0":"post-8210","1":"post","2":"type-post","3":"status-publish","4":"format-standard","5":"has-post-thumbnail","7":"category-noticias","8":"tag-destacado-2","9":"tag-vxl-89"},"yoast_head":"<!-- This site is optimized with the Yoast SEO plugin v27.4 - https:\/\/yoast.com\/product\/yoast-seo-wordpress\/ -->\n<title>Estudiantes x la liberaci\u00f3n e Insurrectas: Cierre del a\u00f1o con un exitoso asado-fiesta - Vamos por la Liberaci\u00f3n<\/title>\n<meta name=\"robots\" content=\"index, follow, max-snippet:-1, max-image-preview:large, max-video-preview:-1\" \/>\n<link rel=\"canonical\" href=\"http:\/\/vamosporlaliberacion.org\/crpmlm\/estudiantes-x-la-liberacion-e-insurrectas-cierre-del-ano-exitoso-asado-fiesta\/\" \/>\n<meta name=\"twitter:label1\" content=\"Escrito por\" \/>\n\t<meta name=\"twitter:data1\" content=\"\" \/>\n\t<meta name=\"twitter:label2\" content=\"Tiempo de lectura\" \/>\n\t<meta name=\"twitter:data2\" content=\"3 minutos\" \/>\n<script type=\"application\/ld+json\" class=\"yoast-schema-graph\">{\"@context\":\"https:\\\/\\\/schema.org\",\"@graph\":[{\"@type\":\"Article\",\"@id\":\"http:\\\/\\\/vamosporlaliberacion.org\\\/crpmlm\\\/estudiantes-x-la-liberacion-e-insurrectas-cierre-del-ano-exitoso-asado-fiesta\\\/#article\",\"isPartOf\":{\"@id\":\"http:\\\/\\\/vamosporlaliberacion.org\\\/crpmlm\\\/estudiantes-x-la-liberacion-e-insurrectas-cierre-del-ano-exitoso-asado-fiesta\\\/\"},\"author\":{\"name\":\"\",\"@id\":\"\"},\"headline\":\"Estudiantes x la liberaci\u00f3n e Insurrectas: Cierre del a\u00f1o con un exitoso asado-fiesta\",\"datePublished\":\"2016-12-16T01:43:01+00:00\",\"dateModified\":\"2016-12-16T14:57:36+00:00\",\"mainEntityOfPage\":{\"@id\":\"http:\\\/\\\/vamosporlaliberacion.org\\\/crpmlm\\\/estudiantes-x-la-liberacion-e-insurrectas-cierre-del-ano-exitoso-asado-fiesta\\\/\"},\"wordCount\":704,\"commentCount\":0,\"image\":{\"@id\":\"http:\\\/\\\/vamosporlaliberacion.org\\\/crpmlm\\\/estudiantes-x-la-liberacion-e-insurrectas-cierre-del-ano-exitoso-asado-fiesta\\\/#primaryimage\"},\"thumbnailUrl\":\"https:\\\/\\\/i0.wp.com\\\/vamosporlaliberacion.org\\\/crpmlm\\\/wp-content\\\/uploads\\\/2016\\\/12\\\/asado.jpg?fit=696%2C392&ssl=1\",\"keywords\":[\"destacado 2\",\"vxl 89\"],\"articleSection\":[\"Noticias\"],\"inLanguage\":\"es\",\"potentialAction\":[{\"@type\":\"CommentAction\",\"name\":\"Comment\",\"target\":[\"http:\\\/\\\/vamosporlaliberacion.org\\\/crpmlm\\\/estudiantes-x-la-liberacion-e-insurrectas-cierre-del-ano-exitoso-asado-fiesta\\\/#respond\"]}]},{\"@type\":\"WebPage\",\"@id\":\"http:\\\/\\\/vamosporlaliberacion.org\\\/crpmlm\\\/estudiantes-x-la-liberacion-e-insurrectas-cierre-del-ano-exitoso-asado-fiesta\\\/\",\"url\":\"http:\\\/\\\/vamosporlaliberacion.org\\\/crpmlm\\\/estudiantes-x-la-liberacion-e-insurrectas-cierre-del-ano-exitoso-asado-fiesta\\\/\",\"name\":\"Estudiantes x la liberaci\u00f3n e Insurrectas: Cierre del a\u00f1o con un exitoso asado-fiesta - Vamos por la Liberaci\u00f3n\",\"isPartOf\":{\"@id\":\"https:\\\/\\\/vamosporlaliberacion.org\\\/crpmlm\\\/#website\"},\"primaryImageOfPage\":{\"@id\":\"http:\\\/\\\/vamosporlaliberacion.org\\\/crpmlm\\\/estudiantes-x-la-liberacion-e-insurrectas-cierre-del-ano-exitoso-asado-fiesta\\\/#primaryimage\"},\"image\":{\"@id\":\"http:\\\/\\\/vamosporlaliberacion.org\\\/crpmlm\\\/estudiantes-x-la-liberacion-e-insurrectas-cierre-del-ano-exitoso-asado-fiesta\\\/#primaryimage\"},\"thumbnailUrl\":\"https:\\\/\\\/i0.wp.com\\\/vamosporlaliberacion.org\\\/crpmlm\\\/wp-content\\\/uploads\\\/2016\\\/12\\\/asado.jpg?fit=696%2C392&ssl=1\",\"datePublished\":\"2016-12-16T01:43:01+00:00\",\"dateModified\":\"2016-12-16T14:57:36+00:00\",\"author\":{\"@id\":\"\"},\"breadcrumb\":{\"@id\":\"http:\\\/\\\/vamosporlaliberacion.org\\\/crpmlm\\\/estudiantes-x-la-liberacion-e-insurrectas-cierre-del-ano-exitoso-asado-fiesta\\\/#breadcrumb\"},\"inLanguage\":\"es\",\"potentialAction\":[{\"@type\":\"ReadAction\",\"target\":[\"http:\\\/\\\/vamosporlaliberacion.org\\\/crpmlm\\\/estudiantes-x-la-liberacion-e-insurrectas-cierre-del-ano-exitoso-asado-fiesta\\\/\"]}]},{\"@type\":\"ImageObject\",\"inLanguage\":\"es\",\"@id\":\"http:\\\/\\\/vamosporlaliberacion.org\\\/crpmlm\\\/estudiantes-x-la-liberacion-e-insurrectas-cierre-del-ano-exitoso-asado-fiesta\\\/#primaryimage\",\"url\":\"https:\\\/\\\/i0.wp.com\\\/vamosporlaliberacion.org\\\/crpmlm\\\/wp-content\\\/uploads\\\/2016\\\/12\\\/asado.jpg?fit=696%2C392&ssl=1\",\"contentUrl\":\"https:\\\/\\\/i0.wp.com\\\/vamosporlaliberacion.org\\\/crpmlm\\\/wp-content\\\/uploads\\\/2016\\\/12\\\/asado.jpg?fit=696%2C392&ssl=1\",\"width\":696,\"height\":392},{\"@type\":\"BreadcrumbList\",\"@id\":\"http:\\\/\\\/vamosporlaliberacion.org\\\/crpmlm\\\/estudiantes-x-la-liberacion-e-insurrectas-cierre-del-ano-exitoso-asado-fiesta\\\/#breadcrumb\",\"itemListElement\":[{\"@type\":\"ListItem\",\"position\":1,\"name\":\"Portada\",\"item\":\"https:\\\/\\\/vamosporlaliberacion.org\\\/crpmlm\\\/\"},{\"@type\":\"ListItem\",\"position\":2,\"name\":\"Estudiantes x la liberaci\u00f3n e Insurrectas: Cierre del a\u00f1o con un exitoso asado-fiesta\"}]},{\"@type\":\"WebSite\",\"@id\":\"https:\\\/\\\/vamosporlaliberacion.org\\\/crpmlm\\\/#website\",\"url\":\"https:\\\/\\\/vamosporlaliberacion.org\\\/crpmlm\\\/\",\"name\":\"Vamos por la Liberaci\u00f3n\",\"description\":\"Prensa CR\",\"potentialAction\":[{\"@type\":\"SearchAction\",\"target\":{\"@type\":\"EntryPoint\",\"urlTemplate\":\"https:\\\/\\\/vamosporlaliberacion.org\\\/crpmlm\\\/?s={search_term_string}\"},\"query-input\":{\"@type\":\"PropertyValueSpecification\",\"valueRequired\":true,\"valueName\":\"search_term_string\"}}],\"inLanguage\":\"es\"},{\"@type\":\"Person\",\"@id\":\"\",\"url\":\"https:\\\/\\\/vamosporlaliberacion.org\\\/crpmlm\\\/author\\\/\"}]}<\/script>\n<!-- \/ Yoast SEO plugin. -->","yoast_head_json":{"title":"Estudiantes x la liberaci\u00f3n e Insurrectas: Cierre del a\u00f1o con un exitoso asado-fiesta - Vamos por la Liberaci\u00f3n","robots":{"index":"index","follow":"follow","max-snippet":"max-snippet:-1","max-image-preview":"max-image-preview:large","max-video-preview":"max-video-preview:-1"},"canonical":"http:\/\/vamosporlaliberacion.org\/crpmlm\/estudiantes-x-la-liberacion-e-insurrectas-cierre-del-ano-exitoso-asado-fiesta\/","twitter_misc":{"Escrito por":"","Tiempo de lectura":"3 minutos"},"schema":{"@context":"https:\/\/schema.org","@graph":[{"@type":"Article","@id":"http:\/\/vamosporlaliberacion.org\/crpmlm\/estudiantes-x-la-liberacion-e-insurrectas-cierre-del-ano-exitoso-asado-fiesta\/#article","isPartOf":{"@id":"http:\/\/vamosporlaliberacion.org\/crpmlm\/estudiantes-x-la-liberacion-e-insurrectas-cierre-del-ano-exitoso-asado-fiesta\/"},"author":{"name":"","@id":""},"headline":"Estudiantes x la liberaci\u00f3n e Insurrectas: Cierre del a\u00f1o con un exitoso asado-fiesta","datePublished":"2016-12-16T01:43:01+00:00","dateModified":"2016-12-16T14:57:36+00:00","mainEntityOfPage":{"@id":"http:\/\/vamosporlaliberacion.org\/crpmlm\/estudiantes-x-la-liberacion-e-insurrectas-cierre-del-ano-exitoso-asado-fiesta\/"},"wordCount":704,"commentCount":0,"image":{"@id":"http:\/\/vamosporlaliberacion.org\/crpmlm\/estudiantes-x-la-liberacion-e-insurrectas-cierre-del-ano-exitoso-asado-fiesta\/#primaryimage"},"thumbnailUrl":"https:\/\/i0.wp.com\/vamosporlaliberacion.org\/crpmlm\/wp-content\/uploads\/2016\/12\/asado.jpg?fit=696%2C392&ssl=1","keywords":["destacado 2","vxl 89"],"articleSection":["Noticias"],"inLanguage":"es","potentialAction":[{"@type":"CommentAction","name":"Comment","target":["http:\/\/vamosporlaliberacion.org\/crpmlm\/estudiantes-x-la-liberacion-e-insurrectas-cierre-del-ano-exitoso-asado-fiesta\/#respond"]}]},{"@type":"WebPage","@id":"http:\/\/vamosporlaliberacion.org\/crpmlm\/estudiantes-x-la-liberacion-e-insurrectas-cierre-del-ano-exitoso-asado-fiesta\/","url":"http:\/\/vamosporlaliberacion.org\/crpmlm\/estudiantes-x-la-liberacion-e-insurrectas-cierre-del-ano-exitoso-asado-fiesta\/","name":"Estudiantes x la liberaci\u00f3n e Insurrectas: Cierre del a\u00f1o con un exitoso asado-fiesta - Vamos por la Liberaci\u00f3n","isPartOf":{"@id":"https:\/\/vamosporlaliberacion.org\/crpmlm\/#website"},"primaryImageOfPage":{"@id":"http:\/\/vamosporlaliberacion.org\/crpmlm\/estudiantes-x-la-liberacion-e-insurrectas-cierre-del-ano-exitoso-asado-fiesta\/#primaryimage"},"image":{"@id":"http:\/\/vamosporlaliberacion.org\/crpmlm\/estudiantes-x-la-liberacion-e-insurrectas-cierre-del-ano-exitoso-asado-fiesta\/#primaryimage"},"thumbnailUrl":"https:\/\/i0.wp.com\/vamosporlaliberacion.org\/crpmlm\/wp-content\/uploads\/2016\/12\/asado.jpg?fit=696%2C392&ssl=1","datePublished":"2016-12-16T01:43:01+00:00","dateModified":"2016-12-16T14:57:36+00:00","author":{"@id":""},"breadcrumb":{"@id":"http:\/\/vamosporlaliberacion.org\/crpmlm\/estudiantes-x-la-liberacion-e-insurrectas-cierre-del-ano-exitoso-asado-fiesta\/#breadcrumb"},"inLanguage":"es","potentialAction":[{"@type":"ReadAction","target":["http:\/\/vamosporlaliberacion.org\/crpmlm\/estudiantes-x-la-liberacion-e-insurrectas-cierre-del-ano-exitoso-asado-fiesta\/"]}]},{"@type":"ImageObject","inLanguage":"es","@id":"http:\/\/vamosporlaliberacion.org\/crpmlm\/estudiantes-x-la-liberacion-e-insurrectas-cierre-del-ano-exitoso-asado-fiesta\/#primaryimage","url":"https:\/\/i0.wp.com\/vamosporlaliberacion.org\/crpmlm\/wp-content\/uploads\/2016\/12\/asado.jpg?fit=696%2C392&ssl=1","contentUrl":"https:\/\/i0.wp.com\/vamosporlaliberacion.org\/crpmlm\/wp-content\/uploads\/2016\/12\/asado.jpg?fit=696%2C392&ssl=1","width":696,"height":392},{"@type":"BreadcrumbList","@id":"http:\/\/vamosporlaliberacion.org\/crpmlm\/estudiantes-x-la-liberacion-e-insurrectas-cierre-del-ano-exitoso-asado-fiesta\/#breadcrumb","itemListElement":[{"@type":"ListItem","position":1,"name":"Portada","item":"https:\/\/vamosporlaliberacion.org\/crpmlm\/"},{"@type":"ListItem","position":2,"name":"Estudiantes x la liberaci\u00f3n e Insurrectas: Cierre del a\u00f1o con un exitoso asado-fiesta"}]},{"@type":"WebSite","@id":"https:\/\/vamosporlaliberacion.org\/crpmlm\/#website","url":"https:\/\/vamosporlaliberacion.org\/crpmlm\/","name":"Vamos por la Liberaci\u00f3n","description":"Prensa CR","potentialAction":[{"@type":"SearchAction","target":{"@type":"EntryPoint","urlTemplate":"https:\/\/vamosporlaliberacion.org\/crpmlm\/?s={search_term_string}"},"query-input":{"@type":"PropertyValueSpecification","valueRequired":true,"valueName":"search_term_string"}}],"inLanguage":"es"},{"@type":"Person","@id":"","url":"https:\/\/vamosporlaliberacion.org\/crpmlm\/author\/"}]}},"jetpack_featured_media_url":"https:\/\/i0.wp.com\/vamosporlaliberacion.org\/crpmlm\/wp-content\/uploads\/2016\/12\/asado.jpg?fit=696%2C392&ssl=1","jetpack_sharing_enabled":true,"_links":{"self":[{"href":"https:\/\/vamosporlaliberacion.org\/crpmlm\/wp-json\/wp\/v2\/posts\/8210","targetHints":{"allow":["GET"]}}],"collection":[{"href":"https:\/\/vamosporlaliberacion.org\/crpmlm\/wp-json\/wp\/v2\/posts"}],"about":[{"href":"https:\/\/vamosporlaliberacion.org\/crpmlm\/wp-json\/wp\/v2\/types\/post"}],"author":[{"embeddable":true,"href":"https:\/\/vamosporlaliberacion.org\/crpmlm\/wp-json\/wp\/v2\/users\/5"}],"replies":[{"embeddable":true,"href":"https:\/\/vamosporlaliberacion.org\/crpmlm\/wp-json\/wp\/v2\/comments?post=8210"}],"version-history":[{"count":0,"href":"https:\/\/vamosporlaliberacion.org\/crpmlm\/wp-json\/wp\/v2\/posts\/8210\/revisions"}],"wp:featuredmedia":[{"embeddable":true,"href":"https:\/\/vamosporlaliberacion.org\/crpmlm\/wp-json\/wp\/v2\/media\/8243"}],"wp:attachment":[{"href":"https:\/\/vamosporlaliberacion.org\/crpmlm\/wp-json\/wp\/v2\/media?parent=8210"}],"wp:term":[{"taxonomy":"category","embeddable":true,"href":"https:\/\/vamosporlaliberacion.org\/crpmlm\/wp-json\/wp\/v2\/categories?post=8210"},{"taxonomy":"post_tag","embeddable":true,"href":"https:\/\/vamosporlaliberacion.org\/crpmlm\/wp-json\/wp\/v2\/tags?post=8210"}],"curies":[{"name":"wp","href":"https:\/\/api.w.org\/{rel}","templated":true}]}}