{"id":8189,"date":"2016-12-15T22:03:36","date_gmt":"2016-12-16T01:03:36","guid":{"rendered":"http:\/\/vamosporlaliberacion.org\/crpmlm\/?p=8189"},"modified":"2020-10-25T19:20:25","modified_gmt":"2020-10-25T22:20:25","slug":"miles-firmas-despido-los-desafueros-los-dirigentes-del-sutef","status":"publish","type":"post","link":"https:\/\/vamosporlaliberacion.org\/crpmlm\/miles-firmas-despido-los-desafueros-los-dirigentes-del-sutef\/","title":{"rendered":"Miles de firmas contra el despido y los desafueros de los dirigentes del SUTEF"},"content":{"rendered":"<p><span class=\"char-style-override-4\">E<\/span>l Sindicato Unificado de la Educaci\u00f3n Fueguina present\u00f3 miles de firmas ante el Superior Tribunal Provincial acompa\u00f1ados por delegaciones de sindicatos docentes que llegaron desde distintos lugares del pa\u00eds.<\/p>\n<div class=\"Marco-de-texto-b-sico\">\n<p class=\"Texto-base\">La campa\u00f1a nacional \u201cParemos el despido contra los dirigentes sindicales del SUTEF\u201d cerr\u00f3 su primera etapa mediante la presentaci\u00f3n de un petitorio acompa\u00f1ado por miles de personas de muchas provincias argentinas y tambi\u00e9n de otros pa\u00edses.<\/p>\n<p class=\"Texto-base\">Una delegaci\u00f3n compuesta por los representantes docentes Jorge Adaro (secretario General de ADEMyS Capital Federal), Gladys Rubinich (secretaria Adjunta de Cultura de AMSAFE Rosario), Miguel Osuma (secretario de Finanazas AMSAFE Rosario), Alfredo C\u00e1ceres (Secretario General de SUTEBA Tigre), Pedro Cormack (Secretario General de ADOSAC Santa Cruz), Cristobal Salina (Autonvocados Formosa), Guillermina Castillo (subsecretaria gremial de SUTEBA La Plata), Daniel Sierra (congresal de SUTEBA), Luis Tiscornia (secretario General de CONADU Hist\u00f3rica), Ileana Celotto (secretaria General AGD UBA), Gabriel Delisio (secretario Adjunto AGD UBA) junto a dirigentes de la Uni\u00f3n de Gremios Estatales de Tierra del Fuego y representantes de la Cooperativa Renacer brindaron los detalles de la actividades realizadas para reclamar el cese de la persecuci\u00f3n contra los docentes fueguinos y y luego se desplazaron al Superior Tribunal de Justicia para presentar las firmas recolectadas en todo el pa\u00eds.<\/p>\n<p class=\"Texto-base\">La campa\u00f1a se inici\u00f3 el primero de septiembre con una Conferencia de Prensa en el anexo de la C\u00e1mara de Diputados de la Naci\u00f3n que cont\u00f3 con la participaci\u00f3n de la presidenta de la Asociaci\u00f3n Madres de Plaza de Mayo L\u00ednea fundadora Nora Corti\u00f1as, el secretario general de la CTA Aut\u00f3noma Pablo Micheli, el secretario general de ATE Hugo Godoy, diputados de diversos bloques y m\u00e1s de cien dirigentes sindicales que se hicieron presentes en el lanzamiento.<\/p>\n<p class=\"Texto-base\">El SUTEF y las organizaciones que los acompa\u00f1an lograron nacionalizar la campa\u00f1a. Participaron de asambleas, reuniones y encuentro en sindicatos de distintos lugares del pa\u00eds. Ocuparon un lugar central en la agenda de los medios nacionales mediante cortes de calle realizados en la Ciudad de Buenos Aires, fueron recibidos por diputados y senadores nacionales de diversos bloques, participaron de la comisiones de Legislaci\u00f3n del Trabajo y de Educaci\u00f3n de la C\u00e1mara de Diputados de la Naci\u00f3n, fueron parte de la Marcha Federal convocada por las dos CTA, mantuvieron encuentros con dirigentes de la CGT y recibieron la adhesi\u00f3n de su secretario General Hector Daer.<\/p>\n<p class=\"Texto-base\">Se reunieron con el ministro de Trabajo Jorge Triaca para contarle la situaci\u00f3n que a atraviesan los docentes, dialogaron con el Centro de Estudios Legales y Sociales y \u00e9ste decidi\u00f3 presentarse como Amigo del Tribunal del Superior Tribunal Provincial por las m\u00faltiples irregularidades que existieron en la condenas que recibieron los dirigentes sindicales fueguinos.<\/p>\n<p class=\"Texto-base\">La OIT acept\u00f3 una denuncia presentada por el Sindicato Docente de Tierra del Fuego y le solicit\u00f3 una repuesta al Gobierno Provincial por sus actuaciones.<\/p>\n<p class=\"Texto-base\">El secretario General del SUTEF Horacio Catena cerr\u00f3 la jornada con un agradecimiento especial \u201ca todos los docentes de la provincia porque en estos meses se mantuvieron firmes frente a todos los ataques del gobierno\u201d<\/p>\n<\/div>\n<!-- AddThis Advanced Settings generic via filter on the_content --><!-- AddThis Share Buttons generic via filter on the_content -->","protected":false},"excerpt":{"rendered":"<p>El Sindicato Unificado de la Educaci\u00f3n Fueguina present\u00f3 miles de firmas ante el Superior Tribunal Provincial acompa\u00f1ados por delegaciones de sindicatos docentes que llegaron desde distintos lugares del pa\u00eds. La campa\u00f1a nacional \u201cParemos el despido contra los dirigentes sindicales del SUTEF\u201d cerr\u00f3 su primera etapa mediante la presentaci\u00f3n de un petitorio acompa\u00f1ado por miles de [&hellip;]<!-- AddThis Advanced Settings generic via filter on get_the_excerpt --><!-- AddThis Share Buttons generic via filter on get_the_excerpt --><\/p>\n","protected":false},"author":5,"featured_media":8190,"comment_status":"open","ping_status":"open","sticky":false,"template":"","format":"standard","meta":{"_jetpack_memberships_contains_paid_content":false,"footnotes":""},"categories":[1877],"tags":[519,242,251,890],"class_list":{"0":"post-8189","1":"post","2":"type-post","3":"status-publish","4":"format-standard","5":"has-post-thumbnail","7":"category-gremiales","8":"tag-destacado","9":"tag-sutef","10":"tag-tierra-del-fuego","11":"tag-vxl-89"},"yoast_head":"<!-- This site is optimized with the Yoast SEO plugin v27.4 - https:\/\/yoast.com\/product\/yoast-seo-wordpress\/ -->\n<title>Miles de firmas contra el despido y los desafueros de los dirigentes del SUTEF - Vamos por la Liberaci\u00f3n<\/title>\n<meta name=\"robots\" content=\"index, follow, max-snippet:-1, max-image-preview:large, max-video-preview:-1\" \/>\n<link rel=\"canonical\" href=\"https:\/\/vamosporlaliberacion.org\/crpmlm\/miles-firmas-despido-los-desafueros-los-dirigentes-del-sutef\/\" \/>\n<meta name=\"twitter:label1\" content=\"Escrito por\" \/>\n\t<meta name=\"twitter:data1\" content=\"\" \/>\n\t<meta name=\"twitter:label2\" content=\"Tiempo de lectura\" \/>\n\t<meta name=\"twitter:data2\" content=\"3 minutos\" \/>\n<script type=\"application\/ld+json\" class=\"yoast-schema-graph\">{\"@context\":\"https:\\\/\\\/schema.org\",\"@graph\":[{\"@type\":\"Article\",\"@id\":\"https:\\\/\\\/vamosporlaliberacion.org\\\/crpmlm\\\/miles-firmas-despido-los-desafueros-los-dirigentes-del-sutef\\\/#article\",\"isPartOf\":{\"@id\":\"https:\\\/\\\/vamosporlaliberacion.org\\\/crpmlm\\\/miles-firmas-despido-los-desafueros-los-dirigentes-del-sutef\\\/\"},\"author\":{\"name\":\"\",\"@id\":\"\"},\"headline\":\"Miles de firmas contra el despido y los desafueros de los dirigentes del SUTEF\",\"datePublished\":\"2016-12-16T01:03:36+00:00\",\"dateModified\":\"2020-10-25T22:20:25+00:00\",\"mainEntityOfPage\":{\"@id\":\"https:\\\/\\\/vamosporlaliberacion.org\\\/crpmlm\\\/miles-firmas-despido-los-desafueros-los-dirigentes-del-sutef\\\/\"},\"wordCount\":545,\"commentCount\":0,\"image\":{\"@id\":\"https:\\\/\\\/vamosporlaliberacion.org\\\/crpmlm\\\/miles-firmas-despido-los-desafueros-los-dirigentes-del-sutef\\\/#primaryimage\"},\"thumbnailUrl\":\"https:\\\/\\\/i0.wp.com\\\/vamosporlaliberacion.org\\\/crpmlm\\\/wp-content\\\/uploads\\\/2016\\\/12\\\/TDF-firmas_opt.jpeg?fit=1200%2C675&ssl=1\",\"keywords\":[\"destacado\",\"Sutef\",\"Tierra del Fuego\",\"vxl 89\"],\"articleSection\":[\"Actualidad e historia del movimiento obrero\"],\"inLanguage\":\"es\",\"potentialAction\":[{\"@type\":\"CommentAction\",\"name\":\"Comment\",\"target\":[\"https:\\\/\\\/vamosporlaliberacion.org\\\/crpmlm\\\/miles-firmas-despido-los-desafueros-los-dirigentes-del-sutef\\\/#respond\"]}]},{\"@type\":\"WebPage\",\"@id\":\"https:\\\/\\\/vamosporlaliberacion.org\\\/crpmlm\\\/miles-firmas-despido-los-desafueros-los-dirigentes-del-sutef\\\/\",\"url\":\"https:\\\/\\\/vamosporlaliberacion.org\\\/crpmlm\\\/miles-firmas-despido-los-desafueros-los-dirigentes-del-sutef\\\/\",\"name\":\"Miles de firmas contra el despido y los desafueros de los dirigentes del SUTEF - Vamos por la Liberaci\u00f3n\",\"isPartOf\":{\"@id\":\"https:\\\/\\\/vamosporlaliberacion.org\\\/crpmlm\\\/#website\"},\"primaryImageOfPage\":{\"@id\":\"https:\\\/\\\/vamosporlaliberacion.org\\\/crpmlm\\\/miles-firmas-despido-los-desafueros-los-dirigentes-del-sutef\\\/#primaryimage\"},\"image\":{\"@id\":\"https:\\\/\\\/vamosporlaliberacion.org\\\/crpmlm\\\/miles-firmas-despido-los-desafueros-los-dirigentes-del-sutef\\\/#primaryimage\"},\"thumbnailUrl\":\"https:\\\/\\\/i0.wp.com\\\/vamosporlaliberacion.org\\\/crpmlm\\\/wp-content\\\/uploads\\\/2016\\\/12\\\/TDF-firmas_opt.jpeg?fit=1200%2C675&ssl=1\",\"datePublished\":\"2016-12-16T01:03:36+00:00\",\"dateModified\":\"2020-10-25T22:20:25+00:00\",\"author\":{\"@id\":\"\"},\"breadcrumb\":{\"@id\":\"https:\\\/\\\/vamosporlaliberacion.org\\\/crpmlm\\\/miles-firmas-despido-los-desafueros-los-dirigentes-del-sutef\\\/#breadcrumb\"},\"inLanguage\":\"es\",\"potentialAction\":[{\"@type\":\"ReadAction\",\"target\":[\"https:\\\/\\\/vamosporlaliberacion.org\\\/crpmlm\\\/miles-firmas-despido-los-desafueros-los-dirigentes-del-sutef\\\/\"]}]},{\"@type\":\"ImageObject\",\"inLanguage\":\"es\",\"@id\":\"https:\\\/\\\/vamosporlaliberacion.org\\\/crpmlm\\\/miles-firmas-despido-los-desafueros-los-dirigentes-del-sutef\\\/#primaryimage\",\"url\":\"https:\\\/\\\/i0.wp.com\\\/vamosporlaliberacion.org\\\/crpmlm\\\/wp-content\\\/uploads\\\/2016\\\/12\\\/TDF-firmas_opt.jpeg?fit=1200%2C675&ssl=1\",\"contentUrl\":\"https:\\\/\\\/i0.wp.com\\\/vamosporlaliberacion.org\\\/crpmlm\\\/wp-content\\\/uploads\\\/2016\\\/12\\\/TDF-firmas_opt.jpeg?fit=1200%2C675&ssl=1\",\"width\":1200,\"height\":675},{\"@type\":\"BreadcrumbList\",\"@id\":\"https:\\\/\\\/vamosporlaliberacion.org\\\/crpmlm\\\/miles-firmas-despido-los-desafueros-los-dirigentes-del-sutef\\\/#breadcrumb\",\"itemListElement\":[{\"@type\":\"ListItem\",\"position\":1,\"name\":\"Portada\",\"item\":\"https:\\\/\\\/vamosporlaliberacion.org\\\/crpmlm\\\/\"},{\"@type\":\"ListItem\",\"position\":2,\"name\":\"Miles de firmas contra el despido y los desafueros de los dirigentes del SUTEF\"}]},{\"@type\":\"WebSite\",\"@id\":\"https:\\\/\\\/vamosporlaliberacion.org\\\/crpmlm\\\/#website\",\"url\":\"https:\\\/\\\/vamosporlaliberacion.org\\\/crpmlm\\\/\",\"name\":\"Vamos por la Liberaci\u00f3n\",\"description\":\"Prensa CR\",\"potentialAction\":[{\"@type\":\"SearchAction\",\"target\":{\"@type\":\"EntryPoint\",\"urlTemplate\":\"https:\\\/\\\/vamosporlaliberacion.org\\\/crpmlm\\\/?s={search_term_string}\"},\"query-input\":{\"@type\":\"PropertyValueSpecification\",\"valueRequired\":true,\"valueName\":\"search_term_string\"}}],\"inLanguage\":\"es\"},{\"@type\":\"Person\",\"@id\":\"\",\"url\":\"https:\\\/\\\/vamosporlaliberacion.org\\\/crpmlm\\\/author\\\/\"}]}<\/script>\n<!-- \/ Yoast SEO plugin. -->","yoast_head_json":{"title":"Miles de firmas contra el despido y los desafueros de los dirigentes del SUTEF - Vamos por la Liberaci\u00f3n","robots":{"index":"index","follow":"follow","max-snippet":"max-snippet:-1","max-image-preview":"max-image-preview:large","max-video-preview":"max-video-preview:-1"},"canonical":"https:\/\/vamosporlaliberacion.org\/crpmlm\/miles-firmas-despido-los-desafueros-los-dirigentes-del-sutef\/","twitter_misc":{"Escrito por":"","Tiempo de lectura":"3 minutos"},"schema":{"@context":"https:\/\/schema.org","@graph":[{"@type":"Article","@id":"https:\/\/vamosporlaliberacion.org\/crpmlm\/miles-firmas-despido-los-desafueros-los-dirigentes-del-sutef\/#article","isPartOf":{"@id":"https:\/\/vamosporlaliberacion.org\/crpmlm\/miles-firmas-despido-los-desafueros-los-dirigentes-del-sutef\/"},"author":{"name":"","@id":""},"headline":"Miles de firmas contra el despido y los desafueros de los dirigentes del SUTEF","datePublished":"2016-12-16T01:03:36+00:00","dateModified":"2020-10-25T22:20:25+00:00","mainEntityOfPage":{"@id":"https:\/\/vamosporlaliberacion.org\/crpmlm\/miles-firmas-despido-los-desafueros-los-dirigentes-del-sutef\/"},"wordCount":545,"commentCount":0,"image":{"@id":"https:\/\/vamosporlaliberacion.org\/crpmlm\/miles-firmas-despido-los-desafueros-los-dirigentes-del-sutef\/#primaryimage"},"thumbnailUrl":"https:\/\/i0.wp.com\/vamosporlaliberacion.org\/crpmlm\/wp-content\/uploads\/2016\/12\/TDF-firmas_opt.jpeg?fit=1200%2C675&ssl=1","keywords":["destacado","Sutef","Tierra del Fuego","vxl 89"],"articleSection":["Actualidad e historia del movimiento obrero"],"inLanguage":"es","potentialAction":[{"@type":"CommentAction","name":"Comment","target":["https:\/\/vamosporlaliberacion.org\/crpmlm\/miles-firmas-despido-los-desafueros-los-dirigentes-del-sutef\/#respond"]}]},{"@type":"WebPage","@id":"https:\/\/vamosporlaliberacion.org\/crpmlm\/miles-firmas-despido-los-desafueros-los-dirigentes-del-sutef\/","url":"https:\/\/vamosporlaliberacion.org\/crpmlm\/miles-firmas-despido-los-desafueros-los-dirigentes-del-sutef\/","name":"Miles de firmas contra el despido y los desafueros de los dirigentes del SUTEF - Vamos por la Liberaci\u00f3n","isPartOf":{"@id":"https:\/\/vamosporlaliberacion.org\/crpmlm\/#website"},"primaryImageOfPage":{"@id":"https:\/\/vamosporlaliberacion.org\/crpmlm\/miles-firmas-despido-los-desafueros-los-dirigentes-del-sutef\/#primaryimage"},"image":{"@id":"https:\/\/vamosporlaliberacion.org\/crpmlm\/miles-firmas-despido-los-desafueros-los-dirigentes-del-sutef\/#primaryimage"},"thumbnailUrl":"https:\/\/i0.wp.com\/vamosporlaliberacion.org\/crpmlm\/wp-content\/uploads\/2016\/12\/TDF-firmas_opt.jpeg?fit=1200%2C675&ssl=1","datePublished":"2016-12-16T01:03:36+00:00","dateModified":"2020-10-25T22:20:25+00:00","author":{"@id":""},"breadcrumb":{"@id":"https:\/\/vamosporlaliberacion.org\/crpmlm\/miles-firmas-despido-los-desafueros-los-dirigentes-del-sutef\/#breadcrumb"},"inLanguage":"es","potentialAction":[{"@type":"ReadAction","target":["https:\/\/vamosporlaliberacion.org\/crpmlm\/miles-firmas-despido-los-desafueros-los-dirigentes-del-sutef\/"]}]},{"@type":"ImageObject","inLanguage":"es","@id":"https:\/\/vamosporlaliberacion.org\/crpmlm\/miles-firmas-despido-los-desafueros-los-dirigentes-del-sutef\/#primaryimage","url":"https:\/\/i0.wp.com\/vamosporlaliberacion.org\/crpmlm\/wp-content\/uploads\/2016\/12\/TDF-firmas_opt.jpeg?fit=1200%2C675&ssl=1","contentUrl":"https:\/\/i0.wp.com\/vamosporlaliberacion.org\/crpmlm\/wp-content\/uploads\/2016\/12\/TDF-firmas_opt.jpeg?fit=1200%2C675&ssl=1","width":1200,"height":675},{"@type":"BreadcrumbList","@id":"https:\/\/vamosporlaliberacion.org\/crpmlm\/miles-firmas-despido-los-desafueros-los-dirigentes-del-sutef\/#breadcrumb","itemListElement":[{"@type":"ListItem","position":1,"name":"Portada","item":"https:\/\/vamosporlaliberacion.org\/crpmlm\/"},{"@type":"ListItem","position":2,"name":"Miles de firmas contra el despido y los desafueros de los dirigentes del SUTEF"}]},{"@type":"WebSite","@id":"https:\/\/vamosporlaliberacion.org\/crpmlm\/#website","url":"https:\/\/vamosporlaliberacion.org\/crpmlm\/","name":"Vamos por la Liberaci\u00f3n","description":"Prensa CR","potentialAction":[{"@type":"SearchAction","target":{"@type":"EntryPoint","urlTemplate":"https:\/\/vamosporlaliberacion.org\/crpmlm\/?s={search_term_string}"},"query-input":{"@type":"PropertyValueSpecification","valueRequired":true,"valueName":"search_term_string"}}],"inLanguage":"es"},{"@type":"Person","@id":"","url":"https:\/\/vamosporlaliberacion.org\/crpmlm\/author\/"}]}},"jetpack_featured_media_url":"https:\/\/i0.wp.com\/vamosporlaliberacion.org\/crpmlm\/wp-content\/uploads\/2016\/12\/TDF-firmas_opt.jpeg?fit=1200%2C675&ssl=1","jetpack_sharing_enabled":true,"_links":{"self":[{"href":"https:\/\/vamosporlaliberacion.org\/crpmlm\/wp-json\/wp\/v2\/posts\/8189","targetHints":{"allow":["GET"]}}],"collection":[{"href":"https:\/\/vamosporlaliberacion.org\/crpmlm\/wp-json\/wp\/v2\/posts"}],"about":[{"href":"https:\/\/vamosporlaliberacion.org\/crpmlm\/wp-json\/wp\/v2\/types\/post"}],"author":[{"embeddable":true,"href":"https:\/\/vamosporlaliberacion.org\/crpmlm\/wp-json\/wp\/v2\/users\/5"}],"replies":[{"embeddable":true,"href":"https:\/\/vamosporlaliberacion.org\/crpmlm\/wp-json\/wp\/v2\/comments?post=8189"}],"version-history":[{"count":1,"href":"https:\/\/vamosporlaliberacion.org\/crpmlm\/wp-json\/wp\/v2\/posts\/8189\/revisions"}],"predecessor-version":[{"id":20515,"href":"https:\/\/vamosporlaliberacion.org\/crpmlm\/wp-json\/wp\/v2\/posts\/8189\/revisions\/20515"}],"wp:featuredmedia":[{"embeddable":true,"href":"https:\/\/vamosporlaliberacion.org\/crpmlm\/wp-json\/wp\/v2\/media\/8190"}],"wp:attachment":[{"href":"https:\/\/vamosporlaliberacion.org\/crpmlm\/wp-json\/wp\/v2\/media?parent=8189"}],"wp:term":[{"taxonomy":"category","embeddable":true,"href":"https:\/\/vamosporlaliberacion.org\/crpmlm\/wp-json\/wp\/v2\/categories?post=8189"},{"taxonomy":"post_tag","embeddable":true,"href":"https:\/\/vamosporlaliberacion.org\/crpmlm\/wp-json\/wp\/v2\/tags?post=8189"}],"curies":[{"name":"wp","href":"https:\/\/api.w.org\/{rel}","templated":true}]}}