{"id":813,"date":"2013-05-21T19:33:24","date_gmt":"2013-05-21T22:33:24","guid":{"rendered":"http:\/\/m8000370.ferozo.com\/crpmlm\/?p=813"},"modified":"2020-10-26T14:03:54","modified_gmt":"2020-10-26T17:03:54","slug":"1969-el-cordobazo","status":"publish","type":"post","link":"https:\/\/vamosporlaliberacion.org\/crpmlm\/1969-el-cordobazo\/","title":{"rendered":"1969: El Cordobazo"},"content":{"rendered":"<p>El atardecer del 29 de mayo de 1969 cay\u00f3 sobre un paisaje impensado en C\u00f3rdoba: aqu\u00ed y all\u00e1 columnas de humo, el Jockey Club y las oficinas del monopolio Xerox destrozados, autos quemados, grupos reuni\u00e9ndose o dispers\u00e1ndose en una ciudad paralizada, acompasados por un silencio cargado de tensi\u00f3n ante el avance de las tropas por sus calles. Era el saldo de una jornada que se prolongar\u00eda en el estampido de disparos nocturnos y la lucha de los estudiantes del Barrio Cl\u00ednicas hasta entrada la ma\u00f1ana del 30.<\/p>\n<p>Tambi\u00e9n impensados para el pa\u00eds eran los sucesos vividos. Tras los primeros enfrentamientos estudiantiles, la dictadura de Ongan\u00eda parec\u00eda transitar una meseta donde \u201cno pasaba nada\u201d y tener garantizados los a\u00f1os venideros para quedarse.<\/p>\n<p>Pero el odio que se hab\u00eda ido incubando \u2013el \u201cpolvor\u00edn\u201d dispuesto a arder a la primera chispa, como hab\u00edan anunciado los comunistas revolucionarios\u2013 emergi\u00f3 ese mayo ya en los d\u00edas previos. En Corrientes y Rosario, tras los asesinatos de los estudiantes Juan Jos\u00e9 Cabral y Adolfo Ram\u00f3n Bello, se hab\u00edan reunido en el repudio obreros y estudiantes en multitudinarias marchas. Y la chispa hab\u00eda prendido tambi\u00e9n en Tucum\u00e1n.<\/p>\n<p>Sin embargo, el Cordobazo fue m\u00e1s lejos: hizo de la ciudad un campo de batalla contra la dictadura y sacudi\u00f3 las entra\u00f1as de \u00e9sta con una herida mortal. Y fue la hegemon\u00eda de la clase obrera en el estallido lo que hizo la diferencia.<\/p>\n<p>Hegemon\u00eda que naci\u00f3 no s\u00f3lo del odio hacia la pol\u00edtica antiobrera del onganiato, sino del debate y el trabajo previos en las f\u00e1bricas y talleres, y en las herramientas imprescindibles de la clase obrera para su lucha: los cuerpos de delegados y las comisiones internas, as\u00ed como los sindicatos, cuya direcci\u00f3n el clasismo empezaba a disputar desde las f\u00e1bricas.<\/p>\n<p>La masiva participaci\u00f3n y la combatividad del proletariado y el pueblo cordob\u00e9s desbord\u00f3 y fue m\u00e1s all\u00e1 de los planes de los sectores de las clases dominantes que quer\u00edan instrumentar la jornada para un recambio de Ongan\u00eda por Lanusse, en el marco de la disputa de los yanquis y el socialimperialismo sovi\u00e9tico por el control del pa\u00eds.<br \/>\nUn proletariado, el mejor pago de la Argentina por entonces, que discut\u00eda las reivindicaciones sindicales sin desvincularlas de la pol\u00edtica. Al que el golpe dictatorial y la proscripci\u00f3n del peronismo en el pa\u00eds, y el auge de las luchas obreras y estudiantiles a nivel mundial serv\u00edan de marco y est\u00edmulo en la batalla. (La Revoluci\u00f3n Cultural Proletaria en China, la Revoluci\u00f3n Cubana, el Mayo Franc\u00e9s eran seguidos y comentados en la Universidad y en las f\u00e1bricas).<\/p>\n<p>Las columnas que hab\u00edan salido desde distintos puntos fabriles el 29 por la ma\u00f1ana, hab\u00edan avanzado librando puntuales batallas contra la polic\u00eda, y pensaban reunirse en el centro, iban preparadas y dispuestas a la lucha. Por eso, cuando la noticia de que en uno de esos enfrentamientos M\u00e1ximo Mena hab\u00eda ca\u00eddo asesinado recorri\u00f3 las filas, la indignaci\u00f3n fue la chispa que hizo arder el polvor\u00edn y cambi\u00f3 el curso de la batalla. Con la polic\u00eda derrotada, obreros, estudiantes y todo el pueblo fueron due\u00f1os de la cuidad.<\/p>\n<p>El Cordobazo, hegemonizado por la clase obrera, mostr\u00f3 posible lo que parec\u00eda imposible. Y fue mucho m\u00e1s all\u00e1 de la jornada: estimul\u00f3 el crecimiento de la lucha, no para cambiar a un dictador por otro, sino para terminar con la dictadura, y alumbr\u00f3 el camino para la revoluci\u00f3n. La chispa se mantuvo encendida en las f\u00e1bricas, desarroll\u00f3 el clasismo y fragu\u00f3 en organizaci\u00f3n, abriendo en C\u00f3rdoba procesos como los de Perdriel, Sitrac-Sitram y el triunfo de la Lista Marr\u00f3n que con Ren\u00e9 Salamanca llev\u00f3 al clasismo a la conducci\u00f3n del SMATA.<\/p>\n<p>El Cordobazo es historia, pero es tambi\u00e9n presente como ense\u00f1anza y experiencia acumulada de una clase que todav\u00eda no alcanz\u00f3 sus objetivos.<\/p>\n<h3><strong>Los d\u00edas previos<\/strong><\/h3>\n<p>El 12 de mayo de 1969 la dictadura de Ongan\u00eda decretaba la eliminaci\u00f3n del s\u00e1bado ingl\u00e9s, beneficio por el cual los obreros cobraban la jornada entera los s\u00e1bados y trabajaban medio d\u00eda. Medida antiobrera que se sumaba a la pol\u00edtica antipopular y represiva que la dictadura ven\u00eda aplicando desde su asunci\u00f3n en 1966, en beneficio de la concentraci\u00f3n del capital, de los terratenientes y de los capitales extranjeros.<\/p>\n<p>Dos d\u00edas despu\u00e9s, el 14, una asamblea de m\u00e1s de 6.000 trabajadores mec\u00e1nicos cordobeses apuraba el paro. Elpidio Torres (SMATA) aval\u00f3 la movilizaci\u00f3n; las disputas dentro de la dictadura y las clases dominantes, que impulsaban un recambio de Ongan\u00eda por Lanusse, aventaron el calor que ven\u00eda desde abajo. La asamblea termin\u00f3 con la represi\u00f3n policial y una prolongada batalla callejera que anticip\u00f3 la jornada venidera.<\/p>\n<p>Finalmente en C\u00f3rdoba se resolvi\u00f3 un paro para el 29 con movilizaci\u00f3n, anticip\u00e1ndose un d\u00eda al paro nacional convocado por la CGT y la CGTA. Desde las bases se exig\u00eda que fuera activo, como fue el caso de los obreros de Perdriel. Agust\u00edn Tosco (Luz y Fuerza) tuvo entre sus tareas la coordinaci\u00f3n con el movimiento estudiantil.<\/p>\n<p>Los d\u00edas previos fueron de intensa actividad. Decenas de movilizaciones de obreros y de estudiantes recorrieron la ciudad, mientras en las f\u00e1bricas se preparaban para enfrentar cualquier acci\u00f3n represiva el d\u00eda de la marcha. Una asamblea de 10.000 estudiantes en la noche del 28, con impulso de los comunistas revolucionarios, resolv\u00eda confluir dentro de las columnas obreras al d\u00eda siguiente. La FUA, dirigida por Jorge Rocha, hab\u00eda dispuesto paro estudiantil para el 29.<\/p>\n<p>El 29 de mayo estall\u00f3 el polvor\u00edn reseco bajo los pies de la dictadura y se convirti\u00f3 en una jornada que hizo historia.<\/p>\n<!-- AddThis Advanced Settings generic via filter on the_content --><!-- AddThis Share Buttons generic via filter on the_content -->","protected":false},"excerpt":{"rendered":"<p>El atardecer del 29 de mayo de 1969 cay\u00f3 sobre un paisaje impensado en C\u00f3rdoba: aqu\u00ed y all\u00e1 columnas de humo, el Jockey Club y las oficinas del monopolio Xerox destrozados, autos quemados, grupos reuni\u00e9ndose o dispers\u00e1ndose en una ciudad paralizada, acompasados por un silencio cargado de tensi\u00f3n ante el avance de las tropas por [&hellip;]<!-- AddThis Advanced Settings generic via filter on get_the_excerpt --><!-- AddThis Share Buttons generic via filter on get_the_excerpt --><\/p>\n","protected":false},"author":6,"featured_media":814,"comment_status":"open","ping_status":"open","sticky":false,"template":"","format":"standard","meta":{"_jetpack_memberships_contains_paid_content":false,"footnotes":""},"categories":[1853],"tags":[69,267],"class_list":{"0":"post-813","1":"post","2":"type-post","3":"status-publish","4":"format-standard","5":"has-post-thumbnail","7":"category-historia","8":"tag-cordobazo","9":"tag-vxl-05"},"yoast_head":"<!-- This site is optimized with the Yoast SEO plugin v27.4 - https:\/\/yoast.com\/product\/yoast-seo-wordpress\/ -->\n<title>1969: El Cordobazo - Vamos por la Liberaci\u00f3n<\/title>\n<meta name=\"robots\" content=\"index, follow, max-snippet:-1, max-image-preview:large, max-video-preview:-1\" \/>\n<link rel=\"canonical\" href=\"https:\/\/vamosporlaliberacion.org\/crpmlm\/1969-el-cordobazo\/\" \/>\n<meta name=\"twitter:label1\" content=\"Escrito por\" \/>\n\t<meta name=\"twitter:data1\" content=\"vamos!\" \/>\n\t<meta name=\"twitter:label2\" content=\"Tiempo de lectura\" \/>\n\t<meta name=\"twitter:data2\" content=\"5 minutos\" \/>\n<script type=\"application\/ld+json\" class=\"yoast-schema-graph\">{\"@context\":\"https:\\\/\\\/schema.org\",\"@graph\":[{\"@type\":\"Article\",\"@id\":\"https:\\\/\\\/vamosporlaliberacion.org\\\/crpmlm\\\/1969-el-cordobazo\\\/#article\",\"isPartOf\":{\"@id\":\"https:\\\/\\\/vamosporlaliberacion.org\\\/crpmlm\\\/1969-el-cordobazo\\\/\"},\"author\":{\"name\":\"vamos!\",\"@id\":\"https:\\\/\\\/vamosporlaliberacion.org\\\/crpmlm\\\/#\\\/schema\\\/person\\\/d6eac7758df3770dae9cd9eb104d615c\"},\"headline\":\"1969: El Cordobazo\",\"datePublished\":\"2013-05-21T22:33:24+00:00\",\"dateModified\":\"2020-10-26T17:03:54+00:00\",\"mainEntityOfPage\":{\"@id\":\"https:\\\/\\\/vamosporlaliberacion.org\\\/crpmlm\\\/1969-el-cordobazo\\\/\"},\"wordCount\":1005,\"commentCount\":0,\"image\":{\"@id\":\"https:\\\/\\\/vamosporlaliberacion.org\\\/crpmlm\\\/1969-el-cordobazo\\\/#primaryimage\"},\"thumbnailUrl\":\"https:\\\/\\\/i0.wp.com\\\/vamosporlaliberacion.org\\\/crpmlm\\\/wp-content\\\/uploads\\\/2015\\\/10\\\/vxl5-05.jpg?fit=696%2C469&ssl=1\",\"keywords\":[\"Cordobazo\",\"vxl 05\"],\"articleSection\":[\"Historia \\\/ Teor\u00eda\"],\"inLanguage\":\"es\",\"potentialAction\":[{\"@type\":\"CommentAction\",\"name\":\"Comment\",\"target\":[\"https:\\\/\\\/vamosporlaliberacion.org\\\/crpmlm\\\/1969-el-cordobazo\\\/#respond\"]}]},{\"@type\":\"WebPage\",\"@id\":\"https:\\\/\\\/vamosporlaliberacion.org\\\/crpmlm\\\/1969-el-cordobazo\\\/\",\"url\":\"https:\\\/\\\/vamosporlaliberacion.org\\\/crpmlm\\\/1969-el-cordobazo\\\/\",\"name\":\"1969: El Cordobazo - Vamos por la Liberaci\u00f3n\",\"isPartOf\":{\"@id\":\"https:\\\/\\\/vamosporlaliberacion.org\\\/crpmlm\\\/#website\"},\"primaryImageOfPage\":{\"@id\":\"https:\\\/\\\/vamosporlaliberacion.org\\\/crpmlm\\\/1969-el-cordobazo\\\/#primaryimage\"},\"image\":{\"@id\":\"https:\\\/\\\/vamosporlaliberacion.org\\\/crpmlm\\\/1969-el-cordobazo\\\/#primaryimage\"},\"thumbnailUrl\":\"https:\\\/\\\/i0.wp.com\\\/vamosporlaliberacion.org\\\/crpmlm\\\/wp-content\\\/uploads\\\/2015\\\/10\\\/vxl5-05.jpg?fit=696%2C469&ssl=1\",\"datePublished\":\"2013-05-21T22:33:24+00:00\",\"dateModified\":\"2020-10-26T17:03:54+00:00\",\"author\":{\"@id\":\"https:\\\/\\\/vamosporlaliberacion.org\\\/crpmlm\\\/#\\\/schema\\\/person\\\/d6eac7758df3770dae9cd9eb104d615c\"},\"breadcrumb\":{\"@id\":\"https:\\\/\\\/vamosporlaliberacion.org\\\/crpmlm\\\/1969-el-cordobazo\\\/#breadcrumb\"},\"inLanguage\":\"es\",\"potentialAction\":[{\"@type\":\"ReadAction\",\"target\":[\"https:\\\/\\\/vamosporlaliberacion.org\\\/crpmlm\\\/1969-el-cordobazo\\\/\"]}]},{\"@type\":\"ImageObject\",\"inLanguage\":\"es\",\"@id\":\"https:\\\/\\\/vamosporlaliberacion.org\\\/crpmlm\\\/1969-el-cordobazo\\\/#primaryimage\",\"url\":\"https:\\\/\\\/i0.wp.com\\\/vamosporlaliberacion.org\\\/crpmlm\\\/wp-content\\\/uploads\\\/2015\\\/10\\\/vxl5-05.jpg?fit=696%2C469&ssl=1\",\"contentUrl\":\"https:\\\/\\\/i0.wp.com\\\/vamosporlaliberacion.org\\\/crpmlm\\\/wp-content\\\/uploads\\\/2015\\\/10\\\/vxl5-05.jpg?fit=696%2C469&ssl=1\",\"width\":696,\"height\":469},{\"@type\":\"BreadcrumbList\",\"@id\":\"https:\\\/\\\/vamosporlaliberacion.org\\\/crpmlm\\\/1969-el-cordobazo\\\/#breadcrumb\",\"itemListElement\":[{\"@type\":\"ListItem\",\"position\":1,\"name\":\"Portada\",\"item\":\"https:\\\/\\\/vamosporlaliberacion.org\\\/crpmlm\\\/\"},{\"@type\":\"ListItem\",\"position\":2,\"name\":\"1969: El Cordobazo\"}]},{\"@type\":\"WebSite\",\"@id\":\"https:\\\/\\\/vamosporlaliberacion.org\\\/crpmlm\\\/#website\",\"url\":\"https:\\\/\\\/vamosporlaliberacion.org\\\/crpmlm\\\/\",\"name\":\"Vamos por la Liberaci\u00f3n\",\"description\":\"Prensa CR\",\"potentialAction\":[{\"@type\":\"SearchAction\",\"target\":{\"@type\":\"EntryPoint\",\"urlTemplate\":\"https:\\\/\\\/vamosporlaliberacion.org\\\/crpmlm\\\/?s={search_term_string}\"},\"query-input\":{\"@type\":\"PropertyValueSpecification\",\"valueRequired\":true,\"valueName\":\"search_term_string\"}}],\"inLanguage\":\"es\"},{\"@type\":\"Person\",\"@id\":\"https:\\\/\\\/vamosporlaliberacion.org\\\/crpmlm\\\/#\\\/schema\\\/person\\\/d6eac7758df3770dae9cd9eb104d615c\",\"name\":\"vamos!\",\"url\":\"https:\\\/\\\/vamosporlaliberacion.org\\\/crpmlm\\\/author\\\/adminvxl\\\/\"}]}<\/script>\n<!-- \/ Yoast SEO plugin. -->","yoast_head_json":{"title":"1969: El Cordobazo - Vamos por la Liberaci\u00f3n","robots":{"index":"index","follow":"follow","max-snippet":"max-snippet:-1","max-image-preview":"max-image-preview:large","max-video-preview":"max-video-preview:-1"},"canonical":"https:\/\/vamosporlaliberacion.org\/crpmlm\/1969-el-cordobazo\/","twitter_misc":{"Escrito por":"vamos!","Tiempo de lectura":"5 minutos"},"schema":{"@context":"https:\/\/schema.org","@graph":[{"@type":"Article","@id":"https:\/\/vamosporlaliberacion.org\/crpmlm\/1969-el-cordobazo\/#article","isPartOf":{"@id":"https:\/\/vamosporlaliberacion.org\/crpmlm\/1969-el-cordobazo\/"},"author":{"name":"vamos!","@id":"https:\/\/vamosporlaliberacion.org\/crpmlm\/#\/schema\/person\/d6eac7758df3770dae9cd9eb104d615c"},"headline":"1969: El Cordobazo","datePublished":"2013-05-21T22:33:24+00:00","dateModified":"2020-10-26T17:03:54+00:00","mainEntityOfPage":{"@id":"https:\/\/vamosporlaliberacion.org\/crpmlm\/1969-el-cordobazo\/"},"wordCount":1005,"commentCount":0,"image":{"@id":"https:\/\/vamosporlaliberacion.org\/crpmlm\/1969-el-cordobazo\/#primaryimage"},"thumbnailUrl":"https:\/\/i0.wp.com\/vamosporlaliberacion.org\/crpmlm\/wp-content\/uploads\/2015\/10\/vxl5-05.jpg?fit=696%2C469&ssl=1","keywords":["Cordobazo","vxl 05"],"articleSection":["Historia \/ Teor\u00eda"],"inLanguage":"es","potentialAction":[{"@type":"CommentAction","name":"Comment","target":["https:\/\/vamosporlaliberacion.org\/crpmlm\/1969-el-cordobazo\/#respond"]}]},{"@type":"WebPage","@id":"https:\/\/vamosporlaliberacion.org\/crpmlm\/1969-el-cordobazo\/","url":"https:\/\/vamosporlaliberacion.org\/crpmlm\/1969-el-cordobazo\/","name":"1969: El Cordobazo - Vamos por la Liberaci\u00f3n","isPartOf":{"@id":"https:\/\/vamosporlaliberacion.org\/crpmlm\/#website"},"primaryImageOfPage":{"@id":"https:\/\/vamosporlaliberacion.org\/crpmlm\/1969-el-cordobazo\/#primaryimage"},"image":{"@id":"https:\/\/vamosporlaliberacion.org\/crpmlm\/1969-el-cordobazo\/#primaryimage"},"thumbnailUrl":"https:\/\/i0.wp.com\/vamosporlaliberacion.org\/crpmlm\/wp-content\/uploads\/2015\/10\/vxl5-05.jpg?fit=696%2C469&ssl=1","datePublished":"2013-05-21T22:33:24+00:00","dateModified":"2020-10-26T17:03:54+00:00","author":{"@id":"https:\/\/vamosporlaliberacion.org\/crpmlm\/#\/schema\/person\/d6eac7758df3770dae9cd9eb104d615c"},"breadcrumb":{"@id":"https:\/\/vamosporlaliberacion.org\/crpmlm\/1969-el-cordobazo\/#breadcrumb"},"inLanguage":"es","potentialAction":[{"@type":"ReadAction","target":["https:\/\/vamosporlaliberacion.org\/crpmlm\/1969-el-cordobazo\/"]}]},{"@type":"ImageObject","inLanguage":"es","@id":"https:\/\/vamosporlaliberacion.org\/crpmlm\/1969-el-cordobazo\/#primaryimage","url":"https:\/\/i0.wp.com\/vamosporlaliberacion.org\/crpmlm\/wp-content\/uploads\/2015\/10\/vxl5-05.jpg?fit=696%2C469&ssl=1","contentUrl":"https:\/\/i0.wp.com\/vamosporlaliberacion.org\/crpmlm\/wp-content\/uploads\/2015\/10\/vxl5-05.jpg?fit=696%2C469&ssl=1","width":696,"height":469},{"@type":"BreadcrumbList","@id":"https:\/\/vamosporlaliberacion.org\/crpmlm\/1969-el-cordobazo\/#breadcrumb","itemListElement":[{"@type":"ListItem","position":1,"name":"Portada","item":"https:\/\/vamosporlaliberacion.org\/crpmlm\/"},{"@type":"ListItem","position":2,"name":"1969: El Cordobazo"}]},{"@type":"WebSite","@id":"https:\/\/vamosporlaliberacion.org\/crpmlm\/#website","url":"https:\/\/vamosporlaliberacion.org\/crpmlm\/","name":"Vamos por la Liberaci\u00f3n","description":"Prensa CR","potentialAction":[{"@type":"SearchAction","target":{"@type":"EntryPoint","urlTemplate":"https:\/\/vamosporlaliberacion.org\/crpmlm\/?s={search_term_string}"},"query-input":{"@type":"PropertyValueSpecification","valueRequired":true,"valueName":"search_term_string"}}],"inLanguage":"es"},{"@type":"Person","@id":"https:\/\/vamosporlaliberacion.org\/crpmlm\/#\/schema\/person\/d6eac7758df3770dae9cd9eb104d615c","name":"vamos!","url":"https:\/\/vamosporlaliberacion.org\/crpmlm\/author\/adminvxl\/"}]}},"jetpack_featured_media_url":"https:\/\/i0.wp.com\/vamosporlaliberacion.org\/crpmlm\/wp-content\/uploads\/2015\/10\/vxl5-05.jpg?fit=696%2C469&ssl=1","jetpack_sharing_enabled":true,"_links":{"self":[{"href":"https:\/\/vamosporlaliberacion.org\/crpmlm\/wp-json\/wp\/v2\/posts\/813","targetHints":{"allow":["GET"]}}],"collection":[{"href":"https:\/\/vamosporlaliberacion.org\/crpmlm\/wp-json\/wp\/v2\/posts"}],"about":[{"href":"https:\/\/vamosporlaliberacion.org\/crpmlm\/wp-json\/wp\/v2\/types\/post"}],"author":[{"embeddable":true,"href":"https:\/\/vamosporlaliberacion.org\/crpmlm\/wp-json\/wp\/v2\/users\/6"}],"replies":[{"embeddable":true,"href":"https:\/\/vamosporlaliberacion.org\/crpmlm\/wp-json\/wp\/v2\/comments?post=813"}],"version-history":[{"count":1,"href":"https:\/\/vamosporlaliberacion.org\/crpmlm\/wp-json\/wp\/v2\/posts\/813\/revisions"}],"predecessor-version":[{"id":20805,"href":"https:\/\/vamosporlaliberacion.org\/crpmlm\/wp-json\/wp\/v2\/posts\/813\/revisions\/20805"}],"wp:featuredmedia":[{"embeddable":true,"href":"https:\/\/vamosporlaliberacion.org\/crpmlm\/wp-json\/wp\/v2\/media\/814"}],"wp:attachment":[{"href":"https:\/\/vamosporlaliberacion.org\/crpmlm\/wp-json\/wp\/v2\/media?parent=813"}],"wp:term":[{"taxonomy":"category","embeddable":true,"href":"https:\/\/vamosporlaliberacion.org\/crpmlm\/wp-json\/wp\/v2\/categories?post=813"},{"taxonomy":"post_tag","embeddable":true,"href":"https:\/\/vamosporlaliberacion.org\/crpmlm\/wp-json\/wp\/v2\/tags?post=813"}],"curies":[{"name":"wp","href":"https:\/\/api.w.org\/{rel}","templated":true}]}}