{"id":7800,"date":"2016-11-01T22:24:49","date_gmt":"2016-11-02T01:24:49","guid":{"rendered":"http:\/\/vamosporlaliberacion.org\/crpmlm\/?p=7800"},"modified":"2020-11-05T18:09:11","modified_gmt":"2020-11-05T21:09:11","slug":"la-represion-no-logro-quebrar-la-lucha-los-choferes","status":"publish","type":"post","link":"https:\/\/vamosporlaliberacion.org\/crpmlm\/la-represion-no-logro-quebrar-la-lucha-los-choferes\/","title":{"rendered":"La represi\u00f3n no logr\u00f3 quebrar la lucha de los choferes"},"content":{"rendered":"<p>L\u00edneas Este y 520 en La Plata<\/p>\n<p>Los choferes de las l\u00edneas Este y 520 llevan dos semanas de retenci\u00f3n de tareas en la mayor\u00eda de los ramales en respuesta a los despidos disciplinarios efectuados por el directorio de Uni\u00f3n Platense, propiedad de Osmar Corbelli (quien administra el 80% de las l\u00edneas de colectivos de la ciudad de La Plata). La medida de fuerza es llevada por m\u00e1s de 200 choferes que exigen la inmediata reincorporaci\u00f3n de los 17 trabajadores despedidos, el cese de suspensiones injustificadas \u2013m\u00e1s de 80 suspensiones en el mes de agosto\u2013 y que se termine con la precarizaci\u00f3n laboral: jornadas de m\u00e1s de 8 horas (inclusive 16 horas por d\u00eda), el no pago de horas extras, feriados en negro, y falta de infraestructura.<\/p>\n<p>El Ministerio de Trabajo provincial convoc\u00f3 a una primera audiencia en la que ni la parte empresaria ni los representantes gremiales de UTA se hicieron presentes. En una segunda audiencia, donde los trabajadores lograron participar, la empresa acept\u00f3 dejar sin efecto cinco despidos, discutir la situaci\u00f3n del resto de los despedidos y dejar sin efecto las suspensiones acumulativas. Por su parte la UTA no acept\u00f3 la propuesta de que los trabajadores puedan convocar a elecci\u00f3n interna de delegados.<\/p>\n<p>Mientras los trabajadores esperaban la tercera audiencia acampando en la terminal sufrieron una brutal represi\u00f3n de la Polic\u00eda Bonaerense y municipal, con trabajadores heridos, tres hospitalizados y 27 choferes encarcelados en la Comisar\u00eda 3\u00ba de Los Hornos. La represi\u00f3n fue ordenada por el juez de Garant\u00edas Masi y avalada por el intendente Garro, de Cambiemos. Por su parte la gobernadora Mar\u00eda Eugenia Vidal justifico la represi\u00f3n.<\/p>\n<p>Como respuesta a la represi\u00f3n se convoc\u00f3 un corte en las calles 7 y 50 de familiares, vecinos, organizaciones gremiales, estudiantiles y pol\u00edticas que permiti\u00f3 que en el transcurso de esa noche fueran liberados todos los trabajadores. Luego volvieron a realizarse cortes sobre la ruta 11 y a bloquear la salida de colectivos, mientras un sector de choferes se concentraba en la sede del Ministerio de Trabajo para la audiencia de conciliaci\u00f3n convocada antes de la represi\u00f3n. Pero en la cartera laboral cerraron el canal de di\u00e1logo desconociendo la legitimidad de los choferes no siendo \u00e9stos reconocidos por la UTA.<\/p>\n<p>La empresa Uni\u00f3n Platense y el secretario general de UTA La Plata Oscar Pedroza, en acuerdo con el municipio y el gobierno provincial de Vidal, buscan quebrar la lucha de los trabajadores. Con custodia de la Polic\u00eda Local del intendente han dispuesto que empiecen a salir unidades de colectivos, con carneros, presionando e intimidando a choferes de otras l\u00edneas para que tomen servicio amenazados a ser despedidos sino lo hac\u00edan.<\/p>\n<p>Ni la represi\u00f3n ni los acuerdos entre empresa, sindicato o gobierno doblegan la lucha de los choferes, que cuentan con el apoyo de otras l\u00edneas de colectivos y se extiende la solidaridad a los usuarios y vecinos -que han realizado piquetes en apoyo-. Apostamos a la unidad y solidaridad activa para que los trabajadores de las l\u00edneas Este y 520 triunfen.<\/p>\n<p>Corresponsal<\/p>\n<!-- AddThis Advanced Settings generic via filter on the_content --><!-- AddThis Share Buttons generic via filter on the_content -->","protected":false},"excerpt":{"rendered":"<p>L\u00edneas Este y 520 en La Plata Los choferes de las l\u00edneas Este y 520 llevan dos semanas de retenci\u00f3n de tareas en la mayor\u00eda de los ramales en respuesta a los despidos disciplinarios efectuados por el directorio de Uni\u00f3n Platense, propiedad de Osmar Corbelli (quien administra el 80% de las l\u00edneas de colectivos de [&hellip;]<!-- AddThis Advanced Settings generic via filter on get_the_excerpt --><!-- AddThis Share Buttons generic via filter on get_the_excerpt --><\/p>\n","protected":false},"author":5,"featured_media":7801,"comment_status":"open","ping_status":"open","sticky":false,"template":"","format":"standard","meta":{"_jetpack_memberships_contains_paid_content":false,"footnotes":""},"categories":[1877],"tags":[395,81,521,152,839],"class_list":{"0":"post-7800","1":"post","2":"type-post","3":"status-publish","4":"format-standard","5":"has-post-thumbnail","7":"category-gremiales","8":"tag-buenos-aires","9":"tag-despidos","10":"tag-destacado-1","11":"tag-la-plata","12":"tag-vxl-86"},"yoast_head":"<!-- This site is optimized with the Yoast SEO plugin v27.4 - https:\/\/yoast.com\/product\/yoast-seo-wordpress\/ -->\n<title>La represi\u00f3n no logr\u00f3 quebrar la lucha de los choferes - Vamos por la Liberaci\u00f3n<\/title>\n<meta name=\"robots\" content=\"index, follow, max-snippet:-1, max-image-preview:large, max-video-preview:-1\" \/>\n<link rel=\"canonical\" href=\"http:\/\/vamosporlaliberacion.org\/crpmlm\/la-represion-no-logro-quebrar-la-lucha-los-choferes\/\" \/>\n<meta name=\"twitter:label1\" content=\"Escrito por\" \/>\n\t<meta name=\"twitter:data1\" content=\"\" \/>\n\t<meta name=\"twitter:label2\" content=\"Tiempo de lectura\" \/>\n\t<meta name=\"twitter:data2\" content=\"3 minutos\" \/>\n<script type=\"application\/ld+json\" class=\"yoast-schema-graph\">{\"@context\":\"https:\\\/\\\/schema.org\",\"@graph\":[{\"@type\":\"Article\",\"@id\":\"http:\\\/\\\/vamosporlaliberacion.org\\\/crpmlm\\\/la-represion-no-logro-quebrar-la-lucha-los-choferes\\\/#article\",\"isPartOf\":{\"@id\":\"http:\\\/\\\/vamosporlaliberacion.org\\\/crpmlm\\\/la-represion-no-logro-quebrar-la-lucha-los-choferes\\\/\"},\"author\":{\"name\":\"\",\"@id\":\"\"},\"headline\":\"La represi\u00f3n no logr\u00f3 quebrar la lucha de los choferes\",\"datePublished\":\"2016-11-02T01:24:49+00:00\",\"dateModified\":\"2020-11-05T21:09:11+00:00\",\"mainEntityOfPage\":{\"@id\":\"http:\\\/\\\/vamosporlaliberacion.org\\\/crpmlm\\\/la-represion-no-logro-quebrar-la-lucha-los-choferes\\\/\"},\"wordCount\":533,\"commentCount\":0,\"image\":{\"@id\":\"http:\\\/\\\/vamosporlaliberacion.org\\\/crpmlm\\\/la-represion-no-logro-quebrar-la-lucha-los-choferes\\\/#primaryimage\"},\"thumbnailUrl\":\"https:\\\/\\\/i0.wp.com\\\/vamosporlaliberacion.org\\\/crpmlm\\\/wp-content\\\/uploads\\\/2016\\\/11\\\/FOTO-LINEA-ESTE.jpg?fit=960%2C538&ssl=1\",\"keywords\":[\"Buenos Aires\",\"Despidos\",\"destacado 1\",\"La Plata\",\"vxl 86\"],\"articleSection\":[\"Actualidad e historia del movimiento obrero\"],\"inLanguage\":\"es\",\"potentialAction\":[{\"@type\":\"CommentAction\",\"name\":\"Comment\",\"target\":[\"http:\\\/\\\/vamosporlaliberacion.org\\\/crpmlm\\\/la-represion-no-logro-quebrar-la-lucha-los-choferes\\\/#respond\"]}]},{\"@type\":\"WebPage\",\"@id\":\"http:\\\/\\\/vamosporlaliberacion.org\\\/crpmlm\\\/la-represion-no-logro-quebrar-la-lucha-los-choferes\\\/\",\"url\":\"http:\\\/\\\/vamosporlaliberacion.org\\\/crpmlm\\\/la-represion-no-logro-quebrar-la-lucha-los-choferes\\\/\",\"name\":\"La represi\u00f3n no logr\u00f3 quebrar la lucha de los choferes - Vamos por la Liberaci\u00f3n\",\"isPartOf\":{\"@id\":\"https:\\\/\\\/vamosporlaliberacion.org\\\/crpmlm\\\/#website\"},\"primaryImageOfPage\":{\"@id\":\"http:\\\/\\\/vamosporlaliberacion.org\\\/crpmlm\\\/la-represion-no-logro-quebrar-la-lucha-los-choferes\\\/#primaryimage\"},\"image\":{\"@id\":\"http:\\\/\\\/vamosporlaliberacion.org\\\/crpmlm\\\/la-represion-no-logro-quebrar-la-lucha-los-choferes\\\/#primaryimage\"},\"thumbnailUrl\":\"https:\\\/\\\/i0.wp.com\\\/vamosporlaliberacion.org\\\/crpmlm\\\/wp-content\\\/uploads\\\/2016\\\/11\\\/FOTO-LINEA-ESTE.jpg?fit=960%2C538&ssl=1\",\"datePublished\":\"2016-11-02T01:24:49+00:00\",\"dateModified\":\"2020-11-05T21:09:11+00:00\",\"author\":{\"@id\":\"\"},\"breadcrumb\":{\"@id\":\"http:\\\/\\\/vamosporlaliberacion.org\\\/crpmlm\\\/la-represion-no-logro-quebrar-la-lucha-los-choferes\\\/#breadcrumb\"},\"inLanguage\":\"es\",\"potentialAction\":[{\"@type\":\"ReadAction\",\"target\":[\"http:\\\/\\\/vamosporlaliberacion.org\\\/crpmlm\\\/la-represion-no-logro-quebrar-la-lucha-los-choferes\\\/\"]}]},{\"@type\":\"ImageObject\",\"inLanguage\":\"es\",\"@id\":\"http:\\\/\\\/vamosporlaliberacion.org\\\/crpmlm\\\/la-represion-no-logro-quebrar-la-lucha-los-choferes\\\/#primaryimage\",\"url\":\"https:\\\/\\\/i0.wp.com\\\/vamosporlaliberacion.org\\\/crpmlm\\\/wp-content\\\/uploads\\\/2016\\\/11\\\/FOTO-LINEA-ESTE.jpg?fit=960%2C538&ssl=1\",\"contentUrl\":\"https:\\\/\\\/i0.wp.com\\\/vamosporlaliberacion.org\\\/crpmlm\\\/wp-content\\\/uploads\\\/2016\\\/11\\\/FOTO-LINEA-ESTE.jpg?fit=960%2C538&ssl=1\",\"width\":960,\"height\":538},{\"@type\":\"BreadcrumbList\",\"@id\":\"http:\\\/\\\/vamosporlaliberacion.org\\\/crpmlm\\\/la-represion-no-logro-quebrar-la-lucha-los-choferes\\\/#breadcrumb\",\"itemListElement\":[{\"@type\":\"ListItem\",\"position\":1,\"name\":\"Portada\",\"item\":\"https:\\\/\\\/vamosporlaliberacion.org\\\/crpmlm\\\/\"},{\"@type\":\"ListItem\",\"position\":2,\"name\":\"La represi\u00f3n no logr\u00f3 quebrar la lucha de los choferes\"}]},{\"@type\":\"WebSite\",\"@id\":\"https:\\\/\\\/vamosporlaliberacion.org\\\/crpmlm\\\/#website\",\"url\":\"https:\\\/\\\/vamosporlaliberacion.org\\\/crpmlm\\\/\",\"name\":\"Vamos por la Liberaci\u00f3n\",\"description\":\"Prensa CR\",\"potentialAction\":[{\"@type\":\"SearchAction\",\"target\":{\"@type\":\"EntryPoint\",\"urlTemplate\":\"https:\\\/\\\/vamosporlaliberacion.org\\\/crpmlm\\\/?s={search_term_string}\"},\"query-input\":{\"@type\":\"PropertyValueSpecification\",\"valueRequired\":true,\"valueName\":\"search_term_string\"}}],\"inLanguage\":\"es\"},{\"@type\":\"Person\",\"@id\":\"\",\"url\":\"https:\\\/\\\/vamosporlaliberacion.org\\\/crpmlm\\\/author\\\/\"}]}<\/script>\n<!-- \/ Yoast SEO plugin. -->","yoast_head_json":{"title":"La represi\u00f3n no logr\u00f3 quebrar la lucha de los choferes - Vamos por la Liberaci\u00f3n","robots":{"index":"index","follow":"follow","max-snippet":"max-snippet:-1","max-image-preview":"max-image-preview:large","max-video-preview":"max-video-preview:-1"},"canonical":"http:\/\/vamosporlaliberacion.org\/crpmlm\/la-represion-no-logro-quebrar-la-lucha-los-choferes\/","twitter_misc":{"Escrito por":"","Tiempo de lectura":"3 minutos"},"schema":{"@context":"https:\/\/schema.org","@graph":[{"@type":"Article","@id":"http:\/\/vamosporlaliberacion.org\/crpmlm\/la-represion-no-logro-quebrar-la-lucha-los-choferes\/#article","isPartOf":{"@id":"http:\/\/vamosporlaliberacion.org\/crpmlm\/la-represion-no-logro-quebrar-la-lucha-los-choferes\/"},"author":{"name":"","@id":""},"headline":"La represi\u00f3n no logr\u00f3 quebrar la lucha de los choferes","datePublished":"2016-11-02T01:24:49+00:00","dateModified":"2020-11-05T21:09:11+00:00","mainEntityOfPage":{"@id":"http:\/\/vamosporlaliberacion.org\/crpmlm\/la-represion-no-logro-quebrar-la-lucha-los-choferes\/"},"wordCount":533,"commentCount":0,"image":{"@id":"http:\/\/vamosporlaliberacion.org\/crpmlm\/la-represion-no-logro-quebrar-la-lucha-los-choferes\/#primaryimage"},"thumbnailUrl":"https:\/\/i0.wp.com\/vamosporlaliberacion.org\/crpmlm\/wp-content\/uploads\/2016\/11\/FOTO-LINEA-ESTE.jpg?fit=960%2C538&ssl=1","keywords":["Buenos Aires","Despidos","destacado 1","La Plata","vxl 86"],"articleSection":["Actualidad e historia del movimiento obrero"],"inLanguage":"es","potentialAction":[{"@type":"CommentAction","name":"Comment","target":["http:\/\/vamosporlaliberacion.org\/crpmlm\/la-represion-no-logro-quebrar-la-lucha-los-choferes\/#respond"]}]},{"@type":"WebPage","@id":"http:\/\/vamosporlaliberacion.org\/crpmlm\/la-represion-no-logro-quebrar-la-lucha-los-choferes\/","url":"http:\/\/vamosporlaliberacion.org\/crpmlm\/la-represion-no-logro-quebrar-la-lucha-los-choferes\/","name":"La represi\u00f3n no logr\u00f3 quebrar la lucha de los choferes - Vamos por la Liberaci\u00f3n","isPartOf":{"@id":"https:\/\/vamosporlaliberacion.org\/crpmlm\/#website"},"primaryImageOfPage":{"@id":"http:\/\/vamosporlaliberacion.org\/crpmlm\/la-represion-no-logro-quebrar-la-lucha-los-choferes\/#primaryimage"},"image":{"@id":"http:\/\/vamosporlaliberacion.org\/crpmlm\/la-represion-no-logro-quebrar-la-lucha-los-choferes\/#primaryimage"},"thumbnailUrl":"https:\/\/i0.wp.com\/vamosporlaliberacion.org\/crpmlm\/wp-content\/uploads\/2016\/11\/FOTO-LINEA-ESTE.jpg?fit=960%2C538&ssl=1","datePublished":"2016-11-02T01:24:49+00:00","dateModified":"2020-11-05T21:09:11+00:00","author":{"@id":""},"breadcrumb":{"@id":"http:\/\/vamosporlaliberacion.org\/crpmlm\/la-represion-no-logro-quebrar-la-lucha-los-choferes\/#breadcrumb"},"inLanguage":"es","potentialAction":[{"@type":"ReadAction","target":["http:\/\/vamosporlaliberacion.org\/crpmlm\/la-represion-no-logro-quebrar-la-lucha-los-choferes\/"]}]},{"@type":"ImageObject","inLanguage":"es","@id":"http:\/\/vamosporlaliberacion.org\/crpmlm\/la-represion-no-logro-quebrar-la-lucha-los-choferes\/#primaryimage","url":"https:\/\/i0.wp.com\/vamosporlaliberacion.org\/crpmlm\/wp-content\/uploads\/2016\/11\/FOTO-LINEA-ESTE.jpg?fit=960%2C538&ssl=1","contentUrl":"https:\/\/i0.wp.com\/vamosporlaliberacion.org\/crpmlm\/wp-content\/uploads\/2016\/11\/FOTO-LINEA-ESTE.jpg?fit=960%2C538&ssl=1","width":960,"height":538},{"@type":"BreadcrumbList","@id":"http:\/\/vamosporlaliberacion.org\/crpmlm\/la-represion-no-logro-quebrar-la-lucha-los-choferes\/#breadcrumb","itemListElement":[{"@type":"ListItem","position":1,"name":"Portada","item":"https:\/\/vamosporlaliberacion.org\/crpmlm\/"},{"@type":"ListItem","position":2,"name":"La represi\u00f3n no logr\u00f3 quebrar la lucha de los choferes"}]},{"@type":"WebSite","@id":"https:\/\/vamosporlaliberacion.org\/crpmlm\/#website","url":"https:\/\/vamosporlaliberacion.org\/crpmlm\/","name":"Vamos por la Liberaci\u00f3n","description":"Prensa CR","potentialAction":[{"@type":"SearchAction","target":{"@type":"EntryPoint","urlTemplate":"https:\/\/vamosporlaliberacion.org\/crpmlm\/?s={search_term_string}"},"query-input":{"@type":"PropertyValueSpecification","valueRequired":true,"valueName":"search_term_string"}}],"inLanguage":"es"},{"@type":"Person","@id":"","url":"https:\/\/vamosporlaliberacion.org\/crpmlm\/author\/"}]}},"jetpack_featured_media_url":"https:\/\/i0.wp.com\/vamosporlaliberacion.org\/crpmlm\/wp-content\/uploads\/2016\/11\/FOTO-LINEA-ESTE.jpg?fit=960%2C538&ssl=1","jetpack_sharing_enabled":true,"_links":{"self":[{"href":"https:\/\/vamosporlaliberacion.org\/crpmlm\/wp-json\/wp\/v2\/posts\/7800","targetHints":{"allow":["GET"]}}],"collection":[{"href":"https:\/\/vamosporlaliberacion.org\/crpmlm\/wp-json\/wp\/v2\/posts"}],"about":[{"href":"https:\/\/vamosporlaliberacion.org\/crpmlm\/wp-json\/wp\/v2\/types\/post"}],"author":[{"embeddable":true,"href":"https:\/\/vamosporlaliberacion.org\/crpmlm\/wp-json\/wp\/v2\/users\/5"}],"replies":[{"embeddable":true,"href":"https:\/\/vamosporlaliberacion.org\/crpmlm\/wp-json\/wp\/v2\/comments?post=7800"}],"version-history":[{"count":1,"href":"https:\/\/vamosporlaliberacion.org\/crpmlm\/wp-json\/wp\/v2\/posts\/7800\/revisions"}],"predecessor-version":[{"id":21600,"href":"https:\/\/vamosporlaliberacion.org\/crpmlm\/wp-json\/wp\/v2\/posts\/7800\/revisions\/21600"}],"wp:featuredmedia":[{"embeddable":true,"href":"https:\/\/vamosporlaliberacion.org\/crpmlm\/wp-json\/wp\/v2\/media\/7801"}],"wp:attachment":[{"href":"https:\/\/vamosporlaliberacion.org\/crpmlm\/wp-json\/wp\/v2\/media?parent=7800"}],"wp:term":[{"taxonomy":"category","embeddable":true,"href":"https:\/\/vamosporlaliberacion.org\/crpmlm\/wp-json\/wp\/v2\/categories?post=7800"},{"taxonomy":"post_tag","embeddable":true,"href":"https:\/\/vamosporlaliberacion.org\/crpmlm\/wp-json\/wp\/v2\/tags?post=7800"}],"curies":[{"name":"wp","href":"https:\/\/api.w.org\/{rel}","templated":true}]}}