{"id":7797,"date":"2016-11-01T22:15:28","date_gmt":"2016-11-02T01:15:28","guid":{"rendered":"http:\/\/vamosporlaliberacion.org\/crpmlm\/?p=7797"},"modified":"2020-11-05T18:10:12","modified_gmt":"2020-11-05T21:10:12","slug":"sobre-el-confederal-de-ate","status":"publish","type":"post","link":"https:\/\/vamosporlaliberacion.org\/crpmlm\/sobre-el-confederal-de-ate\/","title":{"rendered":"Sobre el Confederal de ATE"},"content":{"rendered":"<p>Repudiamos los actos de violencia entre trabajadores ocurridos en el Plenario Confederal de ATE en el que varios delegados y compa\u00f1eros estatales sufrieron heridas y debieron ser hospitalizados.<\/p>\n<p>Lamentablemente la disputa pol\u00edtica ente la direcci\u00f3n de ATE Capital (Catalano) y otros sectores, por un lado, y la direcci\u00f3n de ATE Nacional (Godoy), por el otro, llev\u00f3 a estos enfrentamientos por razones pol\u00edticas. En el Confederal (que luego continu\u00f3 en otra sede), se aprob\u00f3 iniciar el proceso de nueva modificaci\u00f3n de estatuto, que incluye la posibilidad de subdivisi\u00f3n de seccionales como la de Capital. Esto ocurr\u00eda en un contexto de cuestionamiento a la direcci\u00f3n nacional por no haber participado de la Marcha Federal -que agrup\u00f3 un amplisimo arco de fuerzas contra la pol\u00edtica de Macri- y por no participar tampoco de la convocatoria de las CTA\u00b4s para el 4\/11. Por otro lado, en el Confederal ATE Nacional puso seguridad con persona ajenas a la estructura de ATE.<\/p>\n<p>Hoy es necesaria una amplia unidad de los trabajadores para enfrentar la pol\u00edtica de Macri y lo gobernadores ajustadores, sin ataduras con ning\u00fan sector del poder que condicione o pretenda instrumentarnos.<\/p>\n<!-- AddThis Advanced Settings generic via filter on the_content --><!-- AddThis Share Buttons generic via filter on the_content -->","protected":false},"excerpt":{"rendered":"<p>Repudiamos los actos de violencia entre trabajadores ocurridos en el Plenario Confederal de ATE en el que varios delegados y compa\u00f1eros estatales sufrieron heridas y debieron ser hospitalizados. Lamentablemente la disputa pol\u00edtica ente la direcci\u00f3n de ATE Capital (Catalano) y otros sectores, por un lado, y la direcci\u00f3n de ATE Nacional (Godoy), por el otro, [&hellip;]<!-- AddThis Advanced Settings generic via filter on get_the_excerpt --><!-- AddThis Share Buttons generic via filter on get_the_excerpt --><\/p>\n","protected":false},"author":5,"featured_media":7798,"comment_status":"open","ping_status":"open","sticky":false,"template":"","format":"standard","meta":{"_jetpack_memberships_contains_paid_content":false,"footnotes":""},"categories":[1877],"tags":[35,520,839],"class_list":{"0":"post-7797","1":"post","2":"type-post","3":"status-publish","4":"format-standard","5":"has-post-thumbnail","7":"category-gremiales","8":"tag-ate","9":"tag-destacado-2","10":"tag-vxl-86"},"yoast_head":"<!-- This site is optimized with the Yoast SEO plugin v27.4 - https:\/\/yoast.com\/product\/yoast-seo-wordpress\/ -->\n<title>Sobre el Confederal de ATE - Vamos por la Liberaci\u00f3n<\/title>\n<meta name=\"robots\" content=\"index, follow, max-snippet:-1, max-image-preview:large, max-video-preview:-1\" \/>\n<link rel=\"canonical\" href=\"https:\/\/vamosporlaliberacion.org\/crpmlm\/sobre-el-confederal-de-ate\/\" \/>\n<meta name=\"twitter:label1\" content=\"Escrito por\" \/>\n\t<meta name=\"twitter:data1\" content=\"\" \/>\n\t<meta name=\"twitter:label2\" content=\"Tiempo de lectura\" \/>\n\t<meta name=\"twitter:data2\" content=\"1 minuto\" \/>\n<script type=\"application\/ld+json\" class=\"yoast-schema-graph\">{\"@context\":\"https:\\\/\\\/schema.org\",\"@graph\":[{\"@type\":\"Article\",\"@id\":\"https:\\\/\\\/vamosporlaliberacion.org\\\/crpmlm\\\/sobre-el-confederal-de-ate\\\/#article\",\"isPartOf\":{\"@id\":\"https:\\\/\\\/vamosporlaliberacion.org\\\/crpmlm\\\/sobre-el-confederal-de-ate\\\/\"},\"author\":{\"name\":\"\",\"@id\":\"\"},\"headline\":\"Sobre el Confederal de ATE\",\"datePublished\":\"2016-11-02T01:15:28+00:00\",\"dateModified\":\"2020-11-05T21:10:12+00:00\",\"mainEntityOfPage\":{\"@id\":\"https:\\\/\\\/vamosporlaliberacion.org\\\/crpmlm\\\/sobre-el-confederal-de-ate\\\/\"},\"wordCount\":204,\"commentCount\":0,\"image\":{\"@id\":\"https:\\\/\\\/vamosporlaliberacion.org\\\/crpmlm\\\/sobre-el-confederal-de-ate\\\/#primaryimage\"},\"thumbnailUrl\":\"https:\\\/\\\/i0.wp.com\\\/vamosporlaliberacion.org\\\/crpmlm\\\/wp-content\\\/uploads\\\/2016\\\/11\\\/5810ea186108a_645x362.jpg?fit=645%2C362&ssl=1\",\"keywords\":[\"ATE\",\"destacado 2\",\"vxl 86\"],\"articleSection\":[\"Actualidad e historia del movimiento obrero\"],\"inLanguage\":\"es\",\"potentialAction\":[{\"@type\":\"CommentAction\",\"name\":\"Comment\",\"target\":[\"https:\\\/\\\/vamosporlaliberacion.org\\\/crpmlm\\\/sobre-el-confederal-de-ate\\\/#respond\"]}]},{\"@type\":\"WebPage\",\"@id\":\"https:\\\/\\\/vamosporlaliberacion.org\\\/crpmlm\\\/sobre-el-confederal-de-ate\\\/\",\"url\":\"https:\\\/\\\/vamosporlaliberacion.org\\\/crpmlm\\\/sobre-el-confederal-de-ate\\\/\",\"name\":\"Sobre el Confederal de ATE - Vamos por la Liberaci\u00f3n\",\"isPartOf\":{\"@id\":\"https:\\\/\\\/vamosporlaliberacion.org\\\/crpmlm\\\/#website\"},\"primaryImageOfPage\":{\"@id\":\"https:\\\/\\\/vamosporlaliberacion.org\\\/crpmlm\\\/sobre-el-confederal-de-ate\\\/#primaryimage\"},\"image\":{\"@id\":\"https:\\\/\\\/vamosporlaliberacion.org\\\/crpmlm\\\/sobre-el-confederal-de-ate\\\/#primaryimage\"},\"thumbnailUrl\":\"https:\\\/\\\/i0.wp.com\\\/vamosporlaliberacion.org\\\/crpmlm\\\/wp-content\\\/uploads\\\/2016\\\/11\\\/5810ea186108a_645x362.jpg?fit=645%2C362&ssl=1\",\"datePublished\":\"2016-11-02T01:15:28+00:00\",\"dateModified\":\"2020-11-05T21:10:12+00:00\",\"author\":{\"@id\":\"\"},\"breadcrumb\":{\"@id\":\"https:\\\/\\\/vamosporlaliberacion.org\\\/crpmlm\\\/sobre-el-confederal-de-ate\\\/#breadcrumb\"},\"inLanguage\":\"es\",\"potentialAction\":[{\"@type\":\"ReadAction\",\"target\":[\"https:\\\/\\\/vamosporlaliberacion.org\\\/crpmlm\\\/sobre-el-confederal-de-ate\\\/\"]}]},{\"@type\":\"ImageObject\",\"inLanguage\":\"es\",\"@id\":\"https:\\\/\\\/vamosporlaliberacion.org\\\/crpmlm\\\/sobre-el-confederal-de-ate\\\/#primaryimage\",\"url\":\"https:\\\/\\\/i0.wp.com\\\/vamosporlaliberacion.org\\\/crpmlm\\\/wp-content\\\/uploads\\\/2016\\\/11\\\/5810ea186108a_645x362.jpg?fit=645%2C362&ssl=1\",\"contentUrl\":\"https:\\\/\\\/i0.wp.com\\\/vamosporlaliberacion.org\\\/crpmlm\\\/wp-content\\\/uploads\\\/2016\\\/11\\\/5810ea186108a_645x362.jpg?fit=645%2C362&ssl=1\",\"width\":645,\"height\":362},{\"@type\":\"BreadcrumbList\",\"@id\":\"https:\\\/\\\/vamosporlaliberacion.org\\\/crpmlm\\\/sobre-el-confederal-de-ate\\\/#breadcrumb\",\"itemListElement\":[{\"@type\":\"ListItem\",\"position\":1,\"name\":\"Portada\",\"item\":\"https:\\\/\\\/vamosporlaliberacion.org\\\/crpmlm\\\/\"},{\"@type\":\"ListItem\",\"position\":2,\"name\":\"Sobre el Confederal de ATE\"}]},{\"@type\":\"WebSite\",\"@id\":\"https:\\\/\\\/vamosporlaliberacion.org\\\/crpmlm\\\/#website\",\"url\":\"https:\\\/\\\/vamosporlaliberacion.org\\\/crpmlm\\\/\",\"name\":\"Vamos por la Liberaci\u00f3n\",\"description\":\"Prensa CR\",\"potentialAction\":[{\"@type\":\"SearchAction\",\"target\":{\"@type\":\"EntryPoint\",\"urlTemplate\":\"https:\\\/\\\/vamosporlaliberacion.org\\\/crpmlm\\\/?s={search_term_string}\"},\"query-input\":{\"@type\":\"PropertyValueSpecification\",\"valueRequired\":true,\"valueName\":\"search_term_string\"}}],\"inLanguage\":\"es\"},{\"@type\":\"Person\",\"@id\":\"\",\"url\":\"https:\\\/\\\/vamosporlaliberacion.org\\\/crpmlm\\\/author\\\/\"}]}<\/script>\n<!-- \/ Yoast SEO plugin. -->","yoast_head_json":{"title":"Sobre el Confederal de ATE - Vamos por la Liberaci\u00f3n","robots":{"index":"index","follow":"follow","max-snippet":"max-snippet:-1","max-image-preview":"max-image-preview:large","max-video-preview":"max-video-preview:-1"},"canonical":"https:\/\/vamosporlaliberacion.org\/crpmlm\/sobre-el-confederal-de-ate\/","twitter_misc":{"Escrito por":"","Tiempo de lectura":"1 minuto"},"schema":{"@context":"https:\/\/schema.org","@graph":[{"@type":"Article","@id":"https:\/\/vamosporlaliberacion.org\/crpmlm\/sobre-el-confederal-de-ate\/#article","isPartOf":{"@id":"https:\/\/vamosporlaliberacion.org\/crpmlm\/sobre-el-confederal-de-ate\/"},"author":{"name":"","@id":""},"headline":"Sobre el Confederal de ATE","datePublished":"2016-11-02T01:15:28+00:00","dateModified":"2020-11-05T21:10:12+00:00","mainEntityOfPage":{"@id":"https:\/\/vamosporlaliberacion.org\/crpmlm\/sobre-el-confederal-de-ate\/"},"wordCount":204,"commentCount":0,"image":{"@id":"https:\/\/vamosporlaliberacion.org\/crpmlm\/sobre-el-confederal-de-ate\/#primaryimage"},"thumbnailUrl":"https:\/\/i0.wp.com\/vamosporlaliberacion.org\/crpmlm\/wp-content\/uploads\/2016\/11\/5810ea186108a_645x362.jpg?fit=645%2C362&ssl=1","keywords":["ATE","destacado 2","vxl 86"],"articleSection":["Actualidad e historia del movimiento obrero"],"inLanguage":"es","potentialAction":[{"@type":"CommentAction","name":"Comment","target":["https:\/\/vamosporlaliberacion.org\/crpmlm\/sobre-el-confederal-de-ate\/#respond"]}]},{"@type":"WebPage","@id":"https:\/\/vamosporlaliberacion.org\/crpmlm\/sobre-el-confederal-de-ate\/","url":"https:\/\/vamosporlaliberacion.org\/crpmlm\/sobre-el-confederal-de-ate\/","name":"Sobre el Confederal de ATE - Vamos por la Liberaci\u00f3n","isPartOf":{"@id":"https:\/\/vamosporlaliberacion.org\/crpmlm\/#website"},"primaryImageOfPage":{"@id":"https:\/\/vamosporlaliberacion.org\/crpmlm\/sobre-el-confederal-de-ate\/#primaryimage"},"image":{"@id":"https:\/\/vamosporlaliberacion.org\/crpmlm\/sobre-el-confederal-de-ate\/#primaryimage"},"thumbnailUrl":"https:\/\/i0.wp.com\/vamosporlaliberacion.org\/crpmlm\/wp-content\/uploads\/2016\/11\/5810ea186108a_645x362.jpg?fit=645%2C362&ssl=1","datePublished":"2016-11-02T01:15:28+00:00","dateModified":"2020-11-05T21:10:12+00:00","author":{"@id":""},"breadcrumb":{"@id":"https:\/\/vamosporlaliberacion.org\/crpmlm\/sobre-el-confederal-de-ate\/#breadcrumb"},"inLanguage":"es","potentialAction":[{"@type":"ReadAction","target":["https:\/\/vamosporlaliberacion.org\/crpmlm\/sobre-el-confederal-de-ate\/"]}]},{"@type":"ImageObject","inLanguage":"es","@id":"https:\/\/vamosporlaliberacion.org\/crpmlm\/sobre-el-confederal-de-ate\/#primaryimage","url":"https:\/\/i0.wp.com\/vamosporlaliberacion.org\/crpmlm\/wp-content\/uploads\/2016\/11\/5810ea186108a_645x362.jpg?fit=645%2C362&ssl=1","contentUrl":"https:\/\/i0.wp.com\/vamosporlaliberacion.org\/crpmlm\/wp-content\/uploads\/2016\/11\/5810ea186108a_645x362.jpg?fit=645%2C362&ssl=1","width":645,"height":362},{"@type":"BreadcrumbList","@id":"https:\/\/vamosporlaliberacion.org\/crpmlm\/sobre-el-confederal-de-ate\/#breadcrumb","itemListElement":[{"@type":"ListItem","position":1,"name":"Portada","item":"https:\/\/vamosporlaliberacion.org\/crpmlm\/"},{"@type":"ListItem","position":2,"name":"Sobre el Confederal de ATE"}]},{"@type":"WebSite","@id":"https:\/\/vamosporlaliberacion.org\/crpmlm\/#website","url":"https:\/\/vamosporlaliberacion.org\/crpmlm\/","name":"Vamos por la Liberaci\u00f3n","description":"Prensa CR","potentialAction":[{"@type":"SearchAction","target":{"@type":"EntryPoint","urlTemplate":"https:\/\/vamosporlaliberacion.org\/crpmlm\/?s={search_term_string}"},"query-input":{"@type":"PropertyValueSpecification","valueRequired":true,"valueName":"search_term_string"}}],"inLanguage":"es"},{"@type":"Person","@id":"","url":"https:\/\/vamosporlaliberacion.org\/crpmlm\/author\/"}]}},"jetpack_featured_media_url":"https:\/\/i0.wp.com\/vamosporlaliberacion.org\/crpmlm\/wp-content\/uploads\/2016\/11\/5810ea186108a_645x362.jpg?fit=645%2C362&ssl=1","jetpack_sharing_enabled":true,"_links":{"self":[{"href":"https:\/\/vamosporlaliberacion.org\/crpmlm\/wp-json\/wp\/v2\/posts\/7797","targetHints":{"allow":["GET"]}}],"collection":[{"href":"https:\/\/vamosporlaliberacion.org\/crpmlm\/wp-json\/wp\/v2\/posts"}],"about":[{"href":"https:\/\/vamosporlaliberacion.org\/crpmlm\/wp-json\/wp\/v2\/types\/post"}],"author":[{"embeddable":true,"href":"https:\/\/vamosporlaliberacion.org\/crpmlm\/wp-json\/wp\/v2\/users\/5"}],"replies":[{"embeddable":true,"href":"https:\/\/vamosporlaliberacion.org\/crpmlm\/wp-json\/wp\/v2\/comments?post=7797"}],"version-history":[{"count":1,"href":"https:\/\/vamosporlaliberacion.org\/crpmlm\/wp-json\/wp\/v2\/posts\/7797\/revisions"}],"predecessor-version":[{"id":21601,"href":"https:\/\/vamosporlaliberacion.org\/crpmlm\/wp-json\/wp\/v2\/posts\/7797\/revisions\/21601"}],"wp:featuredmedia":[{"embeddable":true,"href":"https:\/\/vamosporlaliberacion.org\/crpmlm\/wp-json\/wp\/v2\/media\/7798"}],"wp:attachment":[{"href":"https:\/\/vamosporlaliberacion.org\/crpmlm\/wp-json\/wp\/v2\/media?parent=7797"}],"wp:term":[{"taxonomy":"category","embeddable":true,"href":"https:\/\/vamosporlaliberacion.org\/crpmlm\/wp-json\/wp\/v2\/categories?post=7797"},{"taxonomy":"post_tag","embeddable":true,"href":"https:\/\/vamosporlaliberacion.org\/crpmlm\/wp-json\/wp\/v2\/tags?post=7797"}],"curies":[{"name":"wp","href":"https:\/\/api.w.org\/{rel}","templated":true}]}}