{"id":7794,"date":"2016-11-01T22:09:48","date_gmt":"2016-11-02T01:09:48","guid":{"rendered":"http:\/\/vamosporlaliberacion.org\/crpmlm\/?p=7794"},"modified":"2020-11-05T18:13:01","modified_gmt":"2020-11-05T21:13:01","slug":"la-reforma-la-ley-arts","status":"publish","type":"post","link":"https:\/\/vamosporlaliberacion.org\/crpmlm\/la-reforma-la-ley-arts\/","title":{"rendered":"La reforma de la ley de ART\u2019s"},"content":{"rendered":"<p>El gobierno envi\u00f3 al Congreso Nacional un proyecto de reforma de la Ley de ART\u2019s. La iniciativa est\u00e1 enmarcada dentro del objetivo que se traz\u00f3 el macrismo de reducir el \u201ccosto laboral\u201d en la Argentina, asegurando una mayor renta a los monopolios bajo la bandera de seducir la inversi\u00f3n extranjera.<\/p>\n<p>El \u201cproblema\u201d para el gobierno y las empresas es que en los \u00faltimos tres a\u00f1os se acumularon 350.000 juicios laborales por enfermedades y accidentes sufridos por los trabajadores producto de las condiciones de explotaci\u00f3n que en muchos casos provocaron muertes obreras. As\u00ed ocurri\u00f3, por ejemplo, recientemente en la L\u00ednea 60 de colectivos.<\/p>\n<p>Con cinismo, se quejan que todo esto les provoca un costo de 5.000 millones de d\u00f3lares y que aumentaron las cuotas que cobran las empresas aseguradoras, prestadoras de los servicios por accidentes laborales.<\/p>\n<p>\u201cNo se pueden seguir trasladando m\u00e1s costos laborales\u201d, declar\u00f3 Gustavo Mor\u00f3n, de la Superintendencia de Riesgos del Trabajo. As\u00ed impulsan una reforma para \u201cpara resolver los factores negativos de la litigiosidad\u201d\u2026 desde el punto de vista de los monopolios.<\/p>\n<p>Pretenden que sea el Fuero Federal de la Seguridad Social en reemplazo del Fuero Laboral el \u00e1mbito en el que se diriman los conflictos, seg\u00fan anunci\u00f3 Mor\u00f3n, y crea Comisiones M\u00e9dicas \u2013manejadas por las ART\u2013 que evaluar\u00e1n los resarcimientos por accidentes y enfermedades asociadas al trabajo como \u201cinstancia administrativa previa, con car\u00e1cter obligatorio y excluyente de toda otra intervenci\u00f3n para que el trabajador afectado solicite u homologue el otorgamiento de las prestaciones dinerarias\u201d.<\/p>\n<!-- AddThis Advanced Settings generic via filter on the_content --><!-- AddThis Share Buttons generic via filter on the_content -->","protected":false},"excerpt":{"rendered":"<p>El gobierno envi\u00f3 al Congreso Nacional un proyecto de reforma de la Ley de ART\u2019s. La iniciativa est\u00e1 enmarcada dentro del objetivo que se traz\u00f3 el macrismo de reducir el \u201ccosto laboral\u201d en la Argentina, asegurando una mayor renta a los monopolios bajo la bandera de seducir la inversi\u00f3n extranjera. El \u201cproblema\u201d para el gobierno [&hellip;]<!-- AddThis Advanced Settings generic via filter on get_the_excerpt --><!-- AddThis Share Buttons generic via filter on get_the_excerpt --><\/p>\n","protected":false},"author":5,"featured_media":7857,"comment_status":"open","ping_status":"open","sticky":false,"template":"","format":"standard","meta":{"_jetpack_memberships_contains_paid_content":false,"footnotes":""},"categories":[1877],"tags":[845,322,839],"class_list":{"0":"post-7794","1":"post","2":"type-post","3":"status-publish","4":"format-standard","5":"has-post-thumbnail","7":"category-gremiales","8":"tag-art","9":"tag-precarizacion","10":"tag-vxl-86"},"yoast_head":"<!-- This site is optimized with the Yoast SEO plugin v27.4 - https:\/\/yoast.com\/product\/yoast-seo-wordpress\/ -->\n<title>La reforma de la ley de ART\u2019s<\/title>\n<meta name=\"description\" content=\"Iniciativa enmarcada dentro del objetivo trazado por el macrismo de reducir el \u201ccosto laboral\u201d en la Argentina, asegurando una mayor renta a los monopolios.\" \/>\n<meta name=\"robots\" content=\"index, follow, max-snippet:-1, max-image-preview:large, max-video-preview:-1\" \/>\n<link rel=\"canonical\" href=\"https:\/\/vamosporlaliberacion.org\/crpmlm\/la-reforma-la-ley-arts\/\" \/>\n<meta name=\"twitter:label1\" content=\"Escrito por\" \/>\n\t<meta name=\"twitter:data1\" content=\"\" \/>\n\t<meta name=\"twitter:label2\" content=\"Tiempo de lectura\" \/>\n\t<meta name=\"twitter:data2\" content=\"1 minuto\" \/>\n<script type=\"application\/ld+json\" class=\"yoast-schema-graph\">{\"@context\":\"https:\\\/\\\/schema.org\",\"@graph\":[{\"@type\":\"Article\",\"@id\":\"https:\\\/\\\/vamosporlaliberacion.org\\\/crpmlm\\\/la-reforma-la-ley-arts\\\/#article\",\"isPartOf\":{\"@id\":\"https:\\\/\\\/vamosporlaliberacion.org\\\/crpmlm\\\/la-reforma-la-ley-arts\\\/\"},\"author\":{\"name\":\"\",\"@id\":\"\"},\"headline\":\"La reforma de la ley de ART\u2019s\",\"datePublished\":\"2016-11-02T01:09:48+00:00\",\"dateModified\":\"2020-11-05T21:13:01+00:00\",\"mainEntityOfPage\":{\"@id\":\"https:\\\/\\\/vamosporlaliberacion.org\\\/crpmlm\\\/la-reforma-la-ley-arts\\\/\"},\"wordCount\":266,\"commentCount\":0,\"image\":{\"@id\":\"https:\\\/\\\/vamosporlaliberacion.org\\\/crpmlm\\\/la-reforma-la-ley-arts\\\/#primaryimage\"},\"thumbnailUrl\":\"https:\\\/\\\/i0.wp.com\\\/vamosporlaliberacion.org\\\/crpmlm\\\/wp-content\\\/uploads\\\/2016\\\/11\\\/art.jpg?fit=696%2C392&ssl=1\",\"keywords\":[\"ART\",\"Precarizaci\u00f3n\",\"vxl 86\"],\"articleSection\":[\"Actualidad e historia del movimiento obrero\"],\"inLanguage\":\"es\",\"potentialAction\":[{\"@type\":\"CommentAction\",\"name\":\"Comment\",\"target\":[\"https:\\\/\\\/vamosporlaliberacion.org\\\/crpmlm\\\/la-reforma-la-ley-arts\\\/#respond\"]}]},{\"@type\":\"WebPage\",\"@id\":\"https:\\\/\\\/vamosporlaliberacion.org\\\/crpmlm\\\/la-reforma-la-ley-arts\\\/\",\"url\":\"https:\\\/\\\/vamosporlaliberacion.org\\\/crpmlm\\\/la-reforma-la-ley-arts\\\/\",\"name\":\"La reforma de la ley de ART\u2019s\",\"isPartOf\":{\"@id\":\"https:\\\/\\\/vamosporlaliberacion.org\\\/crpmlm\\\/#website\"},\"primaryImageOfPage\":{\"@id\":\"https:\\\/\\\/vamosporlaliberacion.org\\\/crpmlm\\\/la-reforma-la-ley-arts\\\/#primaryimage\"},\"image\":{\"@id\":\"https:\\\/\\\/vamosporlaliberacion.org\\\/crpmlm\\\/la-reforma-la-ley-arts\\\/#primaryimage\"},\"thumbnailUrl\":\"https:\\\/\\\/i0.wp.com\\\/vamosporlaliberacion.org\\\/crpmlm\\\/wp-content\\\/uploads\\\/2016\\\/11\\\/art.jpg?fit=696%2C392&ssl=1\",\"datePublished\":\"2016-11-02T01:09:48+00:00\",\"dateModified\":\"2020-11-05T21:13:01+00:00\",\"author\":{\"@id\":\"\"},\"description\":\"Iniciativa enmarcada dentro del objetivo trazado por el macrismo de reducir el \u201ccosto laboral\u201d en la Argentina, asegurando una mayor renta a los monopolios.\",\"breadcrumb\":{\"@id\":\"https:\\\/\\\/vamosporlaliberacion.org\\\/crpmlm\\\/la-reforma-la-ley-arts\\\/#breadcrumb\"},\"inLanguage\":\"es\",\"potentialAction\":[{\"@type\":\"ReadAction\",\"target\":[\"https:\\\/\\\/vamosporlaliberacion.org\\\/crpmlm\\\/la-reforma-la-ley-arts\\\/\"]}]},{\"@type\":\"ImageObject\",\"inLanguage\":\"es\",\"@id\":\"https:\\\/\\\/vamosporlaliberacion.org\\\/crpmlm\\\/la-reforma-la-ley-arts\\\/#primaryimage\",\"url\":\"https:\\\/\\\/i0.wp.com\\\/vamosporlaliberacion.org\\\/crpmlm\\\/wp-content\\\/uploads\\\/2016\\\/11\\\/art.jpg?fit=696%2C392&ssl=1\",\"contentUrl\":\"https:\\\/\\\/i0.wp.com\\\/vamosporlaliberacion.org\\\/crpmlm\\\/wp-content\\\/uploads\\\/2016\\\/11\\\/art.jpg?fit=696%2C392&ssl=1\",\"width\":696,\"height\":392},{\"@type\":\"BreadcrumbList\",\"@id\":\"https:\\\/\\\/vamosporlaliberacion.org\\\/crpmlm\\\/la-reforma-la-ley-arts\\\/#breadcrumb\",\"itemListElement\":[{\"@type\":\"ListItem\",\"position\":1,\"name\":\"Portada\",\"item\":\"https:\\\/\\\/vamosporlaliberacion.org\\\/crpmlm\\\/\"},{\"@type\":\"ListItem\",\"position\":2,\"name\":\"La reforma de la ley de ART\u2019s\"}]},{\"@type\":\"WebSite\",\"@id\":\"https:\\\/\\\/vamosporlaliberacion.org\\\/crpmlm\\\/#website\",\"url\":\"https:\\\/\\\/vamosporlaliberacion.org\\\/crpmlm\\\/\",\"name\":\"Vamos por la Liberaci\u00f3n\",\"description\":\"Prensa CR\",\"potentialAction\":[{\"@type\":\"SearchAction\",\"target\":{\"@type\":\"EntryPoint\",\"urlTemplate\":\"https:\\\/\\\/vamosporlaliberacion.org\\\/crpmlm\\\/?s={search_term_string}\"},\"query-input\":{\"@type\":\"PropertyValueSpecification\",\"valueRequired\":true,\"valueName\":\"search_term_string\"}}],\"inLanguage\":\"es\"},{\"@type\":\"Person\",\"@id\":\"\",\"url\":\"https:\\\/\\\/vamosporlaliberacion.org\\\/crpmlm\\\/author\\\/\"}]}<\/script>\n<!-- \/ Yoast SEO plugin. -->","yoast_head_json":{"title":"La reforma de la ley de ART\u2019s","description":"Iniciativa enmarcada dentro del objetivo trazado por el macrismo de reducir el \u201ccosto laboral\u201d en la Argentina, asegurando una mayor renta a los monopolios.","robots":{"index":"index","follow":"follow","max-snippet":"max-snippet:-1","max-image-preview":"max-image-preview:large","max-video-preview":"max-video-preview:-1"},"canonical":"https:\/\/vamosporlaliberacion.org\/crpmlm\/la-reforma-la-ley-arts\/","twitter_misc":{"Escrito por":"","Tiempo de lectura":"1 minuto"},"schema":{"@context":"https:\/\/schema.org","@graph":[{"@type":"Article","@id":"https:\/\/vamosporlaliberacion.org\/crpmlm\/la-reforma-la-ley-arts\/#article","isPartOf":{"@id":"https:\/\/vamosporlaliberacion.org\/crpmlm\/la-reforma-la-ley-arts\/"},"author":{"name":"","@id":""},"headline":"La reforma de la ley de ART\u2019s","datePublished":"2016-11-02T01:09:48+00:00","dateModified":"2020-11-05T21:13:01+00:00","mainEntityOfPage":{"@id":"https:\/\/vamosporlaliberacion.org\/crpmlm\/la-reforma-la-ley-arts\/"},"wordCount":266,"commentCount":0,"image":{"@id":"https:\/\/vamosporlaliberacion.org\/crpmlm\/la-reforma-la-ley-arts\/#primaryimage"},"thumbnailUrl":"https:\/\/i0.wp.com\/vamosporlaliberacion.org\/crpmlm\/wp-content\/uploads\/2016\/11\/art.jpg?fit=696%2C392&ssl=1","keywords":["ART","Precarizaci\u00f3n","vxl 86"],"articleSection":["Actualidad e historia del movimiento obrero"],"inLanguage":"es","potentialAction":[{"@type":"CommentAction","name":"Comment","target":["https:\/\/vamosporlaliberacion.org\/crpmlm\/la-reforma-la-ley-arts\/#respond"]}]},{"@type":"WebPage","@id":"https:\/\/vamosporlaliberacion.org\/crpmlm\/la-reforma-la-ley-arts\/","url":"https:\/\/vamosporlaliberacion.org\/crpmlm\/la-reforma-la-ley-arts\/","name":"La reforma de la ley de ART\u2019s","isPartOf":{"@id":"https:\/\/vamosporlaliberacion.org\/crpmlm\/#website"},"primaryImageOfPage":{"@id":"https:\/\/vamosporlaliberacion.org\/crpmlm\/la-reforma-la-ley-arts\/#primaryimage"},"image":{"@id":"https:\/\/vamosporlaliberacion.org\/crpmlm\/la-reforma-la-ley-arts\/#primaryimage"},"thumbnailUrl":"https:\/\/i0.wp.com\/vamosporlaliberacion.org\/crpmlm\/wp-content\/uploads\/2016\/11\/art.jpg?fit=696%2C392&ssl=1","datePublished":"2016-11-02T01:09:48+00:00","dateModified":"2020-11-05T21:13:01+00:00","author":{"@id":""},"description":"Iniciativa enmarcada dentro del objetivo trazado por el macrismo de reducir el \u201ccosto laboral\u201d en la Argentina, asegurando una mayor renta a los monopolios.","breadcrumb":{"@id":"https:\/\/vamosporlaliberacion.org\/crpmlm\/la-reforma-la-ley-arts\/#breadcrumb"},"inLanguage":"es","potentialAction":[{"@type":"ReadAction","target":["https:\/\/vamosporlaliberacion.org\/crpmlm\/la-reforma-la-ley-arts\/"]}]},{"@type":"ImageObject","inLanguage":"es","@id":"https:\/\/vamosporlaliberacion.org\/crpmlm\/la-reforma-la-ley-arts\/#primaryimage","url":"https:\/\/i0.wp.com\/vamosporlaliberacion.org\/crpmlm\/wp-content\/uploads\/2016\/11\/art.jpg?fit=696%2C392&ssl=1","contentUrl":"https:\/\/i0.wp.com\/vamosporlaliberacion.org\/crpmlm\/wp-content\/uploads\/2016\/11\/art.jpg?fit=696%2C392&ssl=1","width":696,"height":392},{"@type":"BreadcrumbList","@id":"https:\/\/vamosporlaliberacion.org\/crpmlm\/la-reforma-la-ley-arts\/#breadcrumb","itemListElement":[{"@type":"ListItem","position":1,"name":"Portada","item":"https:\/\/vamosporlaliberacion.org\/crpmlm\/"},{"@type":"ListItem","position":2,"name":"La reforma de la ley de ART\u2019s"}]},{"@type":"WebSite","@id":"https:\/\/vamosporlaliberacion.org\/crpmlm\/#website","url":"https:\/\/vamosporlaliberacion.org\/crpmlm\/","name":"Vamos por la Liberaci\u00f3n","description":"Prensa CR","potentialAction":[{"@type":"SearchAction","target":{"@type":"EntryPoint","urlTemplate":"https:\/\/vamosporlaliberacion.org\/crpmlm\/?s={search_term_string}"},"query-input":{"@type":"PropertyValueSpecification","valueRequired":true,"valueName":"search_term_string"}}],"inLanguage":"es"},{"@type":"Person","@id":"","url":"https:\/\/vamosporlaliberacion.org\/crpmlm\/author\/"}]}},"jetpack_featured_media_url":"https:\/\/i0.wp.com\/vamosporlaliberacion.org\/crpmlm\/wp-content\/uploads\/2016\/11\/art.jpg?fit=696%2C392&ssl=1","jetpack_sharing_enabled":true,"_links":{"self":[{"href":"https:\/\/vamosporlaliberacion.org\/crpmlm\/wp-json\/wp\/v2\/posts\/7794","targetHints":{"allow":["GET"]}}],"collection":[{"href":"https:\/\/vamosporlaliberacion.org\/crpmlm\/wp-json\/wp\/v2\/posts"}],"about":[{"href":"https:\/\/vamosporlaliberacion.org\/crpmlm\/wp-json\/wp\/v2\/types\/post"}],"author":[{"embeddable":true,"href":"https:\/\/vamosporlaliberacion.org\/crpmlm\/wp-json\/wp\/v2\/users\/5"}],"replies":[{"embeddable":true,"href":"https:\/\/vamosporlaliberacion.org\/crpmlm\/wp-json\/wp\/v2\/comments?post=7794"}],"version-history":[{"count":1,"href":"https:\/\/vamosporlaliberacion.org\/crpmlm\/wp-json\/wp\/v2\/posts\/7794\/revisions"}],"predecessor-version":[{"id":21602,"href":"https:\/\/vamosporlaliberacion.org\/crpmlm\/wp-json\/wp\/v2\/posts\/7794\/revisions\/21602"}],"wp:featuredmedia":[{"embeddable":true,"href":"https:\/\/vamosporlaliberacion.org\/crpmlm\/wp-json\/wp\/v2\/media\/7857"}],"wp:attachment":[{"href":"https:\/\/vamosporlaliberacion.org\/crpmlm\/wp-json\/wp\/v2\/media?parent=7794"}],"wp:term":[{"taxonomy":"category","embeddable":true,"href":"https:\/\/vamosporlaliberacion.org\/crpmlm\/wp-json\/wp\/v2\/categories?post=7794"},{"taxonomy":"post_tag","embeddable":true,"href":"https:\/\/vamosporlaliberacion.org\/crpmlm\/wp-json\/wp\/v2\/tags?post=7794"}],"curies":[{"name":"wp","href":"https:\/\/api.w.org\/{rel}","templated":true}]}}