{"id":7791,"date":"2016-11-01T21:42:41","date_gmt":"2016-11-02T00:42:41","guid":{"rendered":"http:\/\/vamosporlaliberacion.org\/crpmlm\/?p=7791"},"modified":"2020-10-24T18:24:19","modified_gmt":"2020-10-24T21:24:19","slug":"los-despidos-defensa-la-produccion-nacional","status":"publish","type":"post","link":"https:\/\/vamosporlaliberacion.org\/crpmlm\/los-despidos-defensa-la-produccion-nacional\/","title":{"rendered":"Contra los despidos y en defensa de la producci\u00f3n nacional"},"content":{"rendered":"<p>Alrededor de 6.000 trabajadores marcharon en R\u00edo Grande en defensa de la Ley de Promoci\u00f3n Industrial N\u00ba19.640 de Tierra del Fuego, de la soberan\u00eda y contra los despidos. La masiva jornada fue convocada por la UOM local y garantizada con un paro total entre las 12hs a las 17hs el pasado mi\u00e9rcoles 26. Es en respuesta a la grave situaci\u00f3n de los obreros ante el planteo del gobierno nacional de apertura de importaciones y eliminaci\u00f3n del r\u00e9gimen de promoci\u00f3n industrial que rige desde 1972. En el acto, el secretario general de la UOM de R\u00edo Grande Oscar Mart\u00ednez expres\u00f3: \u201cQuieren desalojarnos del suelo que hemos elegido hace much\u00edsimos a\u00f1os\u201d.<\/p>\n<p>Participaron de la movilizaci\u00f3n tambi\u00e9n los docentes del SUTEF \u2013que tambi\u00e9n pararon desde las 12hs\u2013, CTA Aut\u00f3noma, Camioneros, el Centro Empleados de Comercio (CEC), textiles de SOIVA y SETIA, Pl\u00e1sticos, Choferes de Taxis, trabajadores de la ADUANA (SUPARA), de ANSES (SECASFPI), organismo de control (APOC), municipales de ASOEM, Petroleros Privados, municipales de ATM, del SATSAID, Seguridad Privada (UPSRA), Asociaci\u00f3n de Personal Aeron\u00e1utico, no docentes de la UNTDF, ASIMRA, ATE-ANUSATE, Agrupaci\u00f3n Petroleros Unidos, trabajadores de prensa (SIPREN), Petroleros Jer\u00e1rquicos, entre otros.<\/p>\n<p>En Ushuaia la movilizaci\u00f3n fue acompa\u00f1ada por los obreros de la Metal\u00fargica Renacer, quienes tambi\u00e9n dependen del sostenimiento de la promoci\u00f3n industrial y volvieron a cortar la ruta con una volanteada.<\/p>\n<p>El gobierno nacional habla de \u201creconversi\u00f3n\u201d de la industria fueguina y viene insistiendo en la apertura de las importaciones \u2013quitando el arancel del 35% para productos que se fabriquen en la isla\u2013 como primer paso para eliminar el r\u00e9gimen de promoci\u00f3n. Argumenta que ser\u00eda la forma de bajar los precios de los productos electr\u00f3nicos. A su vez, el gobierno provincial de la justicialista Rosana Bertone, que mantiene un fuerte acuerdo con el gobierno nacional, no rechaza la propuesta macrista sino que ya desde el a\u00f1o pasado ha planteado un inter\u00e9s especial en las energ\u00edas renovables, que ser\u00eda precisamente la actividad hacia donde el gobierno nacional dice que \u201creconvertir\u00eda\u201d la producci\u00f3n industrial en la provincia (Infobae, 24\/10\/2016).<\/p>\n<p>Sin embargo, esto trae como consecuencia miles de despidos en la isla, que ya se est\u00e1n sintiendo. Visteon ya dej\u00f3 de producir en R\u00edo Grande dejando 35 familias en la calle. En Comercio, se denunci\u00f3 que hay un despido por d\u00eda en esa ciudad. En definitiva, esos precios m\u00e1s bajos se sostienen con desocupaci\u00f3n en la isla y con la precarizaci\u00f3n laboral de la clase obrera en los pa\u00edses desde donde se importar\u00edan los productos.<\/p>\n<p>La situaci\u00f3n social se torna m\u00e1s grave a\u00fan si se tiene en cuenta que quedarse sin trabajo en Tierra del Fuego equivale pr\u00e1cticamente a tener que emigrar. Por eso, diversas empresas vienen analizando la procedencia de cada obrero para estudiar el impacto social que tendr\u00edan nuevos despidos. Hoy en la isla hay alrededor de 18.000 obreros industriales.<\/p>\n<p>Por otro lado, la defensa de la Ley N\u00ba19.640 no s\u00f3lo tiene un objetivo productivo sino tambi\u00e9n generar condiciones adecuadas para el asentamiento poblacional de la isla. Por eso, la pelea no es s\u00f3lo por trabajo e industria nacional, sino tambi\u00e9n en defensa de la soberan\u00eda.<\/p>\n<p>La jornada mostr\u00f3 la unidad lograda entre trabajadores privados y estatales, que vienen protagonizando un fuerte conflicto contra el ajuste del gobierno provincial. Horacio Catena del SUTEF sintetiz\u00f3: \u201cAhora este espacio de unidad hay que cuidarlo, hay que tratar de engrandecerlo, y hay que tratar de dejar las mezquindades de lados para poder darle una salida a favor del pueblo y de los trabajadores. Apostamos a esta unidad, vamos a formar parte de todas las convocatorias, aportando lo que podamos aportar nosotros, y aprendiendo del resto; no es f\u00e1cil, pero el inter\u00e9s de los trabajadores est\u00e1 por encima de algunas cuestiones dirigenciales\u201d.<\/p>\n<!-- AddThis Advanced Settings generic via filter on the_content --><!-- AddThis Share Buttons generic via filter on the_content -->","protected":false},"excerpt":{"rendered":"<p>Alrededor de 6.000 trabajadores marcharon en R\u00edo Grande en defensa de la Ley de Promoci\u00f3n Industrial N\u00ba19.640 de Tierra del Fuego, de la soberan\u00eda y contra los despidos. La masiva jornada fue convocada por la UOM local y garantizada con un paro total entre las 12hs a las 17hs el pasado mi\u00e9rcoles 26. Es en [&hellip;]<!-- AddThis Advanced Settings generic via filter on get_the_excerpt --><!-- AddThis Share Buttons generic via filter on get_the_excerpt --><\/p>\n","protected":false},"author":5,"featured_media":7859,"comment_status":"open","ping_status":"open","sticky":false,"template":"","format":"standard","meta":{"_jetpack_memberships_contains_paid_content":false,"footnotes":""},"categories":[1877],"tags":[81,176,810,251,839],"class_list":{"0":"post-7791","1":"post","2":"type-post","3":"status-publish","4":"format-standard","5":"has-post-thumbnail","7":"category-gremiales","8":"tag-despidos","9":"tag-metalurgicos","10":"tag-rio-grande","11":"tag-tierra-del-fuego","12":"tag-vxl-86"},"yoast_head":"<!-- This site is optimized with the Yoast SEO plugin v27.4 - https:\/\/yoast.com\/product\/yoast-seo-wordpress\/ -->\n<title>Contra los despidos y en defensa de la producci\u00f3n nacional<\/title>\n<meta name=\"description\" content=\"6.000 trabajadores marcharon en R\u00edo Grande en defensa de la Ley de Promoci\u00f3n Industrial N\u00ba19.640 de Tierra del Fuego, de la soberan\u00eda y contra los despidos.\" \/>\n<meta name=\"robots\" content=\"index, follow, max-snippet:-1, max-image-preview:large, max-video-preview:-1\" \/>\n<link rel=\"canonical\" href=\"https:\/\/vamosporlaliberacion.org\/crpmlm\/los-despidos-defensa-la-produccion-nacional\/\" \/>\n<meta name=\"twitter:label1\" content=\"Escrito por\" \/>\n\t<meta name=\"twitter:data1\" content=\"\" \/>\n\t<meta name=\"twitter:label2\" content=\"Tiempo de lectura\" \/>\n\t<meta name=\"twitter:data2\" content=\"3 minutos\" \/>\n<script type=\"application\/ld+json\" class=\"yoast-schema-graph\">{\"@context\":\"https:\\\/\\\/schema.org\",\"@graph\":[{\"@type\":\"Article\",\"@id\":\"https:\\\/\\\/vamosporlaliberacion.org\\\/crpmlm\\\/los-despidos-defensa-la-produccion-nacional\\\/#article\",\"isPartOf\":{\"@id\":\"https:\\\/\\\/vamosporlaliberacion.org\\\/crpmlm\\\/los-despidos-defensa-la-produccion-nacional\\\/\"},\"author\":{\"name\":\"\",\"@id\":\"\"},\"headline\":\"Contra los despidos y en defensa de la producci\u00f3n nacional\",\"datePublished\":\"2016-11-02T00:42:41+00:00\",\"dateModified\":\"2020-10-24T21:24:19+00:00\",\"mainEntityOfPage\":{\"@id\":\"https:\\\/\\\/vamosporlaliberacion.org\\\/crpmlm\\\/los-despidos-defensa-la-produccion-nacional\\\/\"},\"wordCount\":677,\"commentCount\":0,\"image\":{\"@id\":\"https:\\\/\\\/vamosporlaliberacion.org\\\/crpmlm\\\/los-despidos-defensa-la-produccion-nacional\\\/#primaryimage\"},\"thumbnailUrl\":\"https:\\\/\\\/i0.wp.com\\\/vamosporlaliberacion.org\\\/crpmlm\\\/wp-content\\\/uploads\\\/2016\\\/11\\\/tierra-del-fuego.jpg?fit=696%2C392&ssl=1\",\"keywords\":[\"Despidos\",\"Metal\u00fargicos\",\"R\u00edo Grande\",\"Tierra del Fuego\",\"vxl 86\"],\"articleSection\":[\"Actualidad e historia del movimiento obrero\"],\"inLanguage\":\"es\",\"potentialAction\":[{\"@type\":\"CommentAction\",\"name\":\"Comment\",\"target\":[\"https:\\\/\\\/vamosporlaliberacion.org\\\/crpmlm\\\/los-despidos-defensa-la-produccion-nacional\\\/#respond\"]}]},{\"@type\":\"WebPage\",\"@id\":\"https:\\\/\\\/vamosporlaliberacion.org\\\/crpmlm\\\/los-despidos-defensa-la-produccion-nacional\\\/\",\"url\":\"https:\\\/\\\/vamosporlaliberacion.org\\\/crpmlm\\\/los-despidos-defensa-la-produccion-nacional\\\/\",\"name\":\"Contra los despidos y en defensa de la producci\u00f3n nacional\",\"isPartOf\":{\"@id\":\"https:\\\/\\\/vamosporlaliberacion.org\\\/crpmlm\\\/#website\"},\"primaryImageOfPage\":{\"@id\":\"https:\\\/\\\/vamosporlaliberacion.org\\\/crpmlm\\\/los-despidos-defensa-la-produccion-nacional\\\/#primaryimage\"},\"image\":{\"@id\":\"https:\\\/\\\/vamosporlaliberacion.org\\\/crpmlm\\\/los-despidos-defensa-la-produccion-nacional\\\/#primaryimage\"},\"thumbnailUrl\":\"https:\\\/\\\/i0.wp.com\\\/vamosporlaliberacion.org\\\/crpmlm\\\/wp-content\\\/uploads\\\/2016\\\/11\\\/tierra-del-fuego.jpg?fit=696%2C392&ssl=1\",\"datePublished\":\"2016-11-02T00:42:41+00:00\",\"dateModified\":\"2020-10-24T21:24:19+00:00\",\"author\":{\"@id\":\"\"},\"description\":\"6.000 trabajadores marcharon en R\u00edo Grande en defensa de la Ley de Promoci\u00f3n Industrial N\u00ba19.640 de Tierra del Fuego, de la soberan\u00eda y contra los despidos.\",\"breadcrumb\":{\"@id\":\"https:\\\/\\\/vamosporlaliberacion.org\\\/crpmlm\\\/los-despidos-defensa-la-produccion-nacional\\\/#breadcrumb\"},\"inLanguage\":\"es\",\"potentialAction\":[{\"@type\":\"ReadAction\",\"target\":[\"https:\\\/\\\/vamosporlaliberacion.org\\\/crpmlm\\\/los-despidos-defensa-la-produccion-nacional\\\/\"]}]},{\"@type\":\"ImageObject\",\"inLanguage\":\"es\",\"@id\":\"https:\\\/\\\/vamosporlaliberacion.org\\\/crpmlm\\\/los-despidos-defensa-la-produccion-nacional\\\/#primaryimage\",\"url\":\"https:\\\/\\\/i0.wp.com\\\/vamosporlaliberacion.org\\\/crpmlm\\\/wp-content\\\/uploads\\\/2016\\\/11\\\/tierra-del-fuego.jpg?fit=696%2C392&ssl=1\",\"contentUrl\":\"https:\\\/\\\/i0.wp.com\\\/vamosporlaliberacion.org\\\/crpmlm\\\/wp-content\\\/uploads\\\/2016\\\/11\\\/tierra-del-fuego.jpg?fit=696%2C392&ssl=1\",\"width\":696,\"height\":392},{\"@type\":\"BreadcrumbList\",\"@id\":\"https:\\\/\\\/vamosporlaliberacion.org\\\/crpmlm\\\/los-despidos-defensa-la-produccion-nacional\\\/#breadcrumb\",\"itemListElement\":[{\"@type\":\"ListItem\",\"position\":1,\"name\":\"Portada\",\"item\":\"https:\\\/\\\/vamosporlaliberacion.org\\\/crpmlm\\\/\"},{\"@type\":\"ListItem\",\"position\":2,\"name\":\"Contra los despidos y en defensa de la producci\u00f3n nacional\"}]},{\"@type\":\"WebSite\",\"@id\":\"https:\\\/\\\/vamosporlaliberacion.org\\\/crpmlm\\\/#website\",\"url\":\"https:\\\/\\\/vamosporlaliberacion.org\\\/crpmlm\\\/\",\"name\":\"Vamos por la Liberaci\u00f3n\",\"description\":\"Prensa CR\",\"potentialAction\":[{\"@type\":\"SearchAction\",\"target\":{\"@type\":\"EntryPoint\",\"urlTemplate\":\"https:\\\/\\\/vamosporlaliberacion.org\\\/crpmlm\\\/?s={search_term_string}\"},\"query-input\":{\"@type\":\"PropertyValueSpecification\",\"valueRequired\":true,\"valueName\":\"search_term_string\"}}],\"inLanguage\":\"es\"},{\"@type\":\"Person\",\"@id\":\"\",\"url\":\"https:\\\/\\\/vamosporlaliberacion.org\\\/crpmlm\\\/author\\\/\"}]}<\/script>\n<!-- \/ Yoast SEO plugin. -->","yoast_head_json":{"title":"Contra los despidos y en defensa de la producci\u00f3n nacional","description":"6.000 trabajadores marcharon en R\u00edo Grande en defensa de la Ley de Promoci\u00f3n Industrial N\u00ba19.640 de Tierra del Fuego, de la soberan\u00eda y contra los despidos.","robots":{"index":"index","follow":"follow","max-snippet":"max-snippet:-1","max-image-preview":"max-image-preview:large","max-video-preview":"max-video-preview:-1"},"canonical":"https:\/\/vamosporlaliberacion.org\/crpmlm\/los-despidos-defensa-la-produccion-nacional\/","twitter_misc":{"Escrito por":"","Tiempo de lectura":"3 minutos"},"schema":{"@context":"https:\/\/schema.org","@graph":[{"@type":"Article","@id":"https:\/\/vamosporlaliberacion.org\/crpmlm\/los-despidos-defensa-la-produccion-nacional\/#article","isPartOf":{"@id":"https:\/\/vamosporlaliberacion.org\/crpmlm\/los-despidos-defensa-la-produccion-nacional\/"},"author":{"name":"","@id":""},"headline":"Contra los despidos y en defensa de la producci\u00f3n nacional","datePublished":"2016-11-02T00:42:41+00:00","dateModified":"2020-10-24T21:24:19+00:00","mainEntityOfPage":{"@id":"https:\/\/vamosporlaliberacion.org\/crpmlm\/los-despidos-defensa-la-produccion-nacional\/"},"wordCount":677,"commentCount":0,"image":{"@id":"https:\/\/vamosporlaliberacion.org\/crpmlm\/los-despidos-defensa-la-produccion-nacional\/#primaryimage"},"thumbnailUrl":"https:\/\/i0.wp.com\/vamosporlaliberacion.org\/crpmlm\/wp-content\/uploads\/2016\/11\/tierra-del-fuego.jpg?fit=696%2C392&ssl=1","keywords":["Despidos","Metal\u00fargicos","R\u00edo Grande","Tierra del Fuego","vxl 86"],"articleSection":["Actualidad e historia del movimiento obrero"],"inLanguage":"es","potentialAction":[{"@type":"CommentAction","name":"Comment","target":["https:\/\/vamosporlaliberacion.org\/crpmlm\/los-despidos-defensa-la-produccion-nacional\/#respond"]}]},{"@type":"WebPage","@id":"https:\/\/vamosporlaliberacion.org\/crpmlm\/los-despidos-defensa-la-produccion-nacional\/","url":"https:\/\/vamosporlaliberacion.org\/crpmlm\/los-despidos-defensa-la-produccion-nacional\/","name":"Contra los despidos y en defensa de la producci\u00f3n nacional","isPartOf":{"@id":"https:\/\/vamosporlaliberacion.org\/crpmlm\/#website"},"primaryImageOfPage":{"@id":"https:\/\/vamosporlaliberacion.org\/crpmlm\/los-despidos-defensa-la-produccion-nacional\/#primaryimage"},"image":{"@id":"https:\/\/vamosporlaliberacion.org\/crpmlm\/los-despidos-defensa-la-produccion-nacional\/#primaryimage"},"thumbnailUrl":"https:\/\/i0.wp.com\/vamosporlaliberacion.org\/crpmlm\/wp-content\/uploads\/2016\/11\/tierra-del-fuego.jpg?fit=696%2C392&ssl=1","datePublished":"2016-11-02T00:42:41+00:00","dateModified":"2020-10-24T21:24:19+00:00","author":{"@id":""},"description":"6.000 trabajadores marcharon en R\u00edo Grande en defensa de la Ley de Promoci\u00f3n Industrial N\u00ba19.640 de Tierra del Fuego, de la soberan\u00eda y contra los despidos.","breadcrumb":{"@id":"https:\/\/vamosporlaliberacion.org\/crpmlm\/los-despidos-defensa-la-produccion-nacional\/#breadcrumb"},"inLanguage":"es","potentialAction":[{"@type":"ReadAction","target":["https:\/\/vamosporlaliberacion.org\/crpmlm\/los-despidos-defensa-la-produccion-nacional\/"]}]},{"@type":"ImageObject","inLanguage":"es","@id":"https:\/\/vamosporlaliberacion.org\/crpmlm\/los-despidos-defensa-la-produccion-nacional\/#primaryimage","url":"https:\/\/i0.wp.com\/vamosporlaliberacion.org\/crpmlm\/wp-content\/uploads\/2016\/11\/tierra-del-fuego.jpg?fit=696%2C392&ssl=1","contentUrl":"https:\/\/i0.wp.com\/vamosporlaliberacion.org\/crpmlm\/wp-content\/uploads\/2016\/11\/tierra-del-fuego.jpg?fit=696%2C392&ssl=1","width":696,"height":392},{"@type":"BreadcrumbList","@id":"https:\/\/vamosporlaliberacion.org\/crpmlm\/los-despidos-defensa-la-produccion-nacional\/#breadcrumb","itemListElement":[{"@type":"ListItem","position":1,"name":"Portada","item":"https:\/\/vamosporlaliberacion.org\/crpmlm\/"},{"@type":"ListItem","position":2,"name":"Contra los despidos y en defensa de la producci\u00f3n nacional"}]},{"@type":"WebSite","@id":"https:\/\/vamosporlaliberacion.org\/crpmlm\/#website","url":"https:\/\/vamosporlaliberacion.org\/crpmlm\/","name":"Vamos por la Liberaci\u00f3n","description":"Prensa CR","potentialAction":[{"@type":"SearchAction","target":{"@type":"EntryPoint","urlTemplate":"https:\/\/vamosporlaliberacion.org\/crpmlm\/?s={search_term_string}"},"query-input":{"@type":"PropertyValueSpecification","valueRequired":true,"valueName":"search_term_string"}}],"inLanguage":"es"},{"@type":"Person","@id":"","url":"https:\/\/vamosporlaliberacion.org\/crpmlm\/author\/"}]}},"jetpack_featured_media_url":"https:\/\/i0.wp.com\/vamosporlaliberacion.org\/crpmlm\/wp-content\/uploads\/2016\/11\/tierra-del-fuego.jpg?fit=696%2C392&ssl=1","jetpack_sharing_enabled":true,"_links":{"self":[{"href":"https:\/\/vamosporlaliberacion.org\/crpmlm\/wp-json\/wp\/v2\/posts\/7791","targetHints":{"allow":["GET"]}}],"collection":[{"href":"https:\/\/vamosporlaliberacion.org\/crpmlm\/wp-json\/wp\/v2\/posts"}],"about":[{"href":"https:\/\/vamosporlaliberacion.org\/crpmlm\/wp-json\/wp\/v2\/types\/post"}],"author":[{"embeddable":true,"href":"https:\/\/vamosporlaliberacion.org\/crpmlm\/wp-json\/wp\/v2\/users\/5"}],"replies":[{"embeddable":true,"href":"https:\/\/vamosporlaliberacion.org\/crpmlm\/wp-json\/wp\/v2\/comments?post=7791"}],"version-history":[{"count":1,"href":"https:\/\/vamosporlaliberacion.org\/crpmlm\/wp-json\/wp\/v2\/posts\/7791\/revisions"}],"predecessor-version":[{"id":20436,"href":"https:\/\/vamosporlaliberacion.org\/crpmlm\/wp-json\/wp\/v2\/posts\/7791\/revisions\/20436"}],"wp:featuredmedia":[{"embeddable":true,"href":"https:\/\/vamosporlaliberacion.org\/crpmlm\/wp-json\/wp\/v2\/media\/7859"}],"wp:attachment":[{"href":"https:\/\/vamosporlaliberacion.org\/crpmlm\/wp-json\/wp\/v2\/media?parent=7791"}],"wp:term":[{"taxonomy":"category","embeddable":true,"href":"https:\/\/vamosporlaliberacion.org\/crpmlm\/wp-json\/wp\/v2\/categories?post=7791"},{"taxonomy":"post_tag","embeddable":true,"href":"https:\/\/vamosporlaliberacion.org\/crpmlm\/wp-json\/wp\/v2\/tags?post=7791"}],"curies":[{"name":"wp","href":"https:\/\/api.w.org\/{rel}","templated":true}]}}