{"id":7788,"date":"2016-11-01T21:37:47","date_gmt":"2016-11-02T00:37:47","guid":{"rendered":"http:\/\/vamosporlaliberacion.org\/crpmlm\/?p=7788"},"modified":"2020-10-25T19:21:00","modified_gmt":"2020-10-25T22:21:00","slug":"continua-la-campana-los-desafueros-los-dirigentes-del-sutef","status":"publish","type":"post","link":"https:\/\/vamosporlaliberacion.org\/crpmlm\/continua-la-campana-los-desafueros-los-dirigentes-del-sutef\/","title":{"rendered":"Contin\u00faa la campa\u00f1a contra los desafueros a los dirigentes del SUTEF"},"content":{"rendered":"<p>La iniciativa nacional e internacional para frenar la persecuci\u00f3n contra los docentes fueguinos se expande por distintos lugares del pa\u00eds.<\/p>\n<p>El secretario general del Sindicato Docente y de la CTA de Tierra del Fuego, Horacio Catena, particip\u00f3 de la mesa nacional de la CTA Aut\u00f3noma y luego form\u00f3 parte del encuentro que defini\u00f3 una jornada nacional de lucha de las dos centrales para el pr\u00f3ximo cuatro de noviembre.<\/p>\n<p>Es importante remarcar que, tras la apelaci\u00f3n por parte de los abogados que representan al SUTEF y la presi\u00f3n de la campa\u00f1a nacional y la movilizaci\u00f3n docente en la isla, el juez dio lugar a que quede en suspenso las exoneraciones hasta tanto quede en firme la medida judicial.<\/p>\n<p>Por otro lado y como parte de esta campa\u00f1a, el Centro de Estudios Legales y Sociales present\u00f3 un Amicus Curiae con el objetivo de solicitar la nulidad de las condenas contra los docentes.<\/p>\n<p>La campa\u00f1a contin\u00faa con la elaboraci\u00f3n de materiales audiovisuales con el objetivo de difundir mediante las redes sociales la problem\u00e1tica planteada a partir de la persecuci\u00f3n contra los dirigentes sindicales.<\/p>\n<p>En estos d\u00edas Catena estuvo por la Capital Federal y particip\u00f3 de actividades dando a conocer el estado de la causa convocando a redoblar el trabajo de solidaridad y denuncia, ya que es un golpe a todos los trabajadores\/as. En este sentido particip\u00f3 en la charla organizada por la agrupaci\u00f3n La 28 en el profesorado Joaqu\u00edn V. Gonzalez. Durante el encuentro se debati\u00f3 con estudiantes y docentes del terciario sobre la necesidad de profundizar las luchas que se est\u00e1n dando en cuanto a lo salarial, lo previsional y lo pedag\u00f3gico.<\/p>\n<p>Avanza la recolecci\u00f3n de firmas como lo hacen los Docentes Autoconvocados de Santiago del Estero con una juntada masiva de firmas en la peatonal. Lo mismo que los pronunciamientos de diversos gremios del interior que se suman a la campa\u00f1a de fotos y en las redes sociales.<\/p>\n<p>Por \u00faltimo se est\u00e1 trabajando para organizar el viaje de una delegaci\u00f3n de dirigentes pol\u00edticos y sindicales para el 7 de diciembre a la provincia de Tierra del Fuego con el objetivo de presentar las firmas ante las autoridades y realizar un encuentro sindical y pedag\u00f3gico.<\/p>\n<p>Corresponsal<\/p>\n<!-- AddThis Advanced Settings generic via filter on the_content --><!-- AddThis Share Buttons generic via filter on the_content -->","protected":false},"excerpt":{"rendered":"<p>La iniciativa nacional e internacional para frenar la persecuci\u00f3n contra los docentes fueguinos se expande por distintos lugares del pa\u00eds. El secretario general del Sindicato Docente y de la CTA de Tierra del Fuego, Horacio Catena, particip\u00f3 de la mesa nacional de la CTA Aut\u00f3noma y luego form\u00f3 parte del encuentro que defini\u00f3 una jornada [&hellip;]<!-- AddThis Advanced Settings generic via filter on get_the_excerpt --><!-- AddThis Share Buttons generic via filter on get_the_excerpt --><\/p>\n","protected":false},"author":5,"featured_media":7789,"comment_status":"open","ping_status":"open","sticky":false,"template":"","format":"standard","meta":{"_jetpack_memberships_contains_paid_content":false,"footnotes":""},"categories":[1877],"tags":[519,786,251,839],"class_list":{"0":"post-7788","1":"post","2":"type-post","3":"status-publish","4":"format-standard","5":"has-post-thumbnail","7":"category-gremiales","8":"tag-destacado","9":"tag-no-al-despido-de-los-17-dirigentes-docentes-fueguinos","10":"tag-tierra-del-fuego","11":"tag-vxl-86"},"yoast_head":"<!-- This site is optimized with the Yoast SEO plugin v27.4 - https:\/\/yoast.com\/product\/yoast-seo-wordpress\/ -->\n<title>Contin\u00faa la campa\u00f1a contra los desafueros a los dirigentes del SUTEF<\/title>\n<meta name=\"description\" content=\"La iniciativa nacional e internacional para frenar la persecuci\u00f3n contra los docentes fueguinos se expande por distintos lugares del pa\u00eds.\" \/>\n<meta name=\"robots\" content=\"index, follow, max-snippet:-1, max-image-preview:large, max-video-preview:-1\" \/>\n<link rel=\"canonical\" href=\"https:\/\/vamosporlaliberacion.org\/crpmlm\/continua-la-campana-los-desafueros-los-dirigentes-del-sutef\/\" \/>\n<meta name=\"twitter:label1\" content=\"Escrito por\" \/>\n\t<meta name=\"twitter:data1\" content=\"\" \/>\n\t<meta name=\"twitter:label2\" content=\"Tiempo de lectura\" \/>\n\t<meta name=\"twitter:data2\" content=\"2 minutos\" \/>\n<script type=\"application\/ld+json\" class=\"yoast-schema-graph\">{\"@context\":\"https:\\\/\\\/schema.org\",\"@graph\":[{\"@type\":\"Article\",\"@id\":\"https:\\\/\\\/vamosporlaliberacion.org\\\/crpmlm\\\/continua-la-campana-los-desafueros-los-dirigentes-del-sutef\\\/#article\",\"isPartOf\":{\"@id\":\"https:\\\/\\\/vamosporlaliberacion.org\\\/crpmlm\\\/continua-la-campana-los-desafueros-los-dirigentes-del-sutef\\\/\"},\"author\":{\"name\":\"\",\"@id\":\"\"},\"headline\":\"Contin\u00faa la campa\u00f1a contra los desafueros a los dirigentes del SUTEF\",\"datePublished\":\"2016-11-02T00:37:47+00:00\",\"dateModified\":\"2020-10-25T22:21:00+00:00\",\"mainEntityOfPage\":{\"@id\":\"https:\\\/\\\/vamosporlaliberacion.org\\\/crpmlm\\\/continua-la-campana-los-desafueros-los-dirigentes-del-sutef\\\/\"},\"wordCount\":400,\"commentCount\":0,\"image\":{\"@id\":\"https:\\\/\\\/vamosporlaliberacion.org\\\/crpmlm\\\/continua-la-campana-los-desafueros-los-dirigentes-del-sutef\\\/#primaryimage\"},\"thumbnailUrl\":\"https:\\\/\\\/i0.wp.com\\\/vamosporlaliberacion.org\\\/crpmlm\\\/wp-content\\\/uploads\\\/2016\\\/11\\\/autoconvocados-firmas.jpg?fit=720%2C960&ssl=1\",\"keywords\":[\"destacado\",\"No al despido de los 17 dirigentes docentes fueguinos\",\"Tierra del Fuego\",\"vxl 86\"],\"articleSection\":[\"Actualidad e historia del movimiento obrero\"],\"inLanguage\":\"es\",\"potentialAction\":[{\"@type\":\"CommentAction\",\"name\":\"Comment\",\"target\":[\"https:\\\/\\\/vamosporlaliberacion.org\\\/crpmlm\\\/continua-la-campana-los-desafueros-los-dirigentes-del-sutef\\\/#respond\"]}]},{\"@type\":\"WebPage\",\"@id\":\"https:\\\/\\\/vamosporlaliberacion.org\\\/crpmlm\\\/continua-la-campana-los-desafueros-los-dirigentes-del-sutef\\\/\",\"url\":\"https:\\\/\\\/vamosporlaliberacion.org\\\/crpmlm\\\/continua-la-campana-los-desafueros-los-dirigentes-del-sutef\\\/\",\"name\":\"Contin\u00faa la campa\u00f1a contra los desafueros a los dirigentes del SUTEF\",\"isPartOf\":{\"@id\":\"https:\\\/\\\/vamosporlaliberacion.org\\\/crpmlm\\\/#website\"},\"primaryImageOfPage\":{\"@id\":\"https:\\\/\\\/vamosporlaliberacion.org\\\/crpmlm\\\/continua-la-campana-los-desafueros-los-dirigentes-del-sutef\\\/#primaryimage\"},\"image\":{\"@id\":\"https:\\\/\\\/vamosporlaliberacion.org\\\/crpmlm\\\/continua-la-campana-los-desafueros-los-dirigentes-del-sutef\\\/#primaryimage\"},\"thumbnailUrl\":\"https:\\\/\\\/i0.wp.com\\\/vamosporlaliberacion.org\\\/crpmlm\\\/wp-content\\\/uploads\\\/2016\\\/11\\\/autoconvocados-firmas.jpg?fit=720%2C960&ssl=1\",\"datePublished\":\"2016-11-02T00:37:47+00:00\",\"dateModified\":\"2020-10-25T22:21:00+00:00\",\"author\":{\"@id\":\"\"},\"description\":\"La iniciativa nacional e internacional para frenar la persecuci\u00f3n contra los docentes fueguinos se expande por distintos lugares del pa\u00eds.\",\"breadcrumb\":{\"@id\":\"https:\\\/\\\/vamosporlaliberacion.org\\\/crpmlm\\\/continua-la-campana-los-desafueros-los-dirigentes-del-sutef\\\/#breadcrumb\"},\"inLanguage\":\"es\",\"potentialAction\":[{\"@type\":\"ReadAction\",\"target\":[\"https:\\\/\\\/vamosporlaliberacion.org\\\/crpmlm\\\/continua-la-campana-los-desafueros-los-dirigentes-del-sutef\\\/\"]}]},{\"@type\":\"ImageObject\",\"inLanguage\":\"es\",\"@id\":\"https:\\\/\\\/vamosporlaliberacion.org\\\/crpmlm\\\/continua-la-campana-los-desafueros-los-dirigentes-del-sutef\\\/#primaryimage\",\"url\":\"https:\\\/\\\/i0.wp.com\\\/vamosporlaliberacion.org\\\/crpmlm\\\/wp-content\\\/uploads\\\/2016\\\/11\\\/autoconvocados-firmas.jpg?fit=720%2C960&ssl=1\",\"contentUrl\":\"https:\\\/\\\/i0.wp.com\\\/vamosporlaliberacion.org\\\/crpmlm\\\/wp-content\\\/uploads\\\/2016\\\/11\\\/autoconvocados-firmas.jpg?fit=720%2C960&ssl=1\",\"width\":720,\"height\":960},{\"@type\":\"BreadcrumbList\",\"@id\":\"https:\\\/\\\/vamosporlaliberacion.org\\\/crpmlm\\\/continua-la-campana-los-desafueros-los-dirigentes-del-sutef\\\/#breadcrumb\",\"itemListElement\":[{\"@type\":\"ListItem\",\"position\":1,\"name\":\"Portada\",\"item\":\"https:\\\/\\\/vamosporlaliberacion.org\\\/crpmlm\\\/\"},{\"@type\":\"ListItem\",\"position\":2,\"name\":\"Contin\u00faa la campa\u00f1a contra los desafueros a los dirigentes del SUTEF\"}]},{\"@type\":\"WebSite\",\"@id\":\"https:\\\/\\\/vamosporlaliberacion.org\\\/crpmlm\\\/#website\",\"url\":\"https:\\\/\\\/vamosporlaliberacion.org\\\/crpmlm\\\/\",\"name\":\"Vamos por la Liberaci\u00f3n\",\"description\":\"Prensa CR\",\"potentialAction\":[{\"@type\":\"SearchAction\",\"target\":{\"@type\":\"EntryPoint\",\"urlTemplate\":\"https:\\\/\\\/vamosporlaliberacion.org\\\/crpmlm\\\/?s={search_term_string}\"},\"query-input\":{\"@type\":\"PropertyValueSpecification\",\"valueRequired\":true,\"valueName\":\"search_term_string\"}}],\"inLanguage\":\"es\"},{\"@type\":\"Person\",\"@id\":\"\",\"url\":\"https:\\\/\\\/vamosporlaliberacion.org\\\/crpmlm\\\/author\\\/\"}]}<\/script>\n<!-- \/ Yoast SEO plugin. -->","yoast_head_json":{"title":"Contin\u00faa la campa\u00f1a contra los desafueros a los dirigentes del SUTEF","description":"La iniciativa nacional e internacional para frenar la persecuci\u00f3n contra los docentes fueguinos se expande por distintos lugares del pa\u00eds.","robots":{"index":"index","follow":"follow","max-snippet":"max-snippet:-1","max-image-preview":"max-image-preview:large","max-video-preview":"max-video-preview:-1"},"canonical":"https:\/\/vamosporlaliberacion.org\/crpmlm\/continua-la-campana-los-desafueros-los-dirigentes-del-sutef\/","twitter_misc":{"Escrito por":"","Tiempo de lectura":"2 minutos"},"schema":{"@context":"https:\/\/schema.org","@graph":[{"@type":"Article","@id":"https:\/\/vamosporlaliberacion.org\/crpmlm\/continua-la-campana-los-desafueros-los-dirigentes-del-sutef\/#article","isPartOf":{"@id":"https:\/\/vamosporlaliberacion.org\/crpmlm\/continua-la-campana-los-desafueros-los-dirigentes-del-sutef\/"},"author":{"name":"","@id":""},"headline":"Contin\u00faa la campa\u00f1a contra los desafueros a los dirigentes del SUTEF","datePublished":"2016-11-02T00:37:47+00:00","dateModified":"2020-10-25T22:21:00+00:00","mainEntityOfPage":{"@id":"https:\/\/vamosporlaliberacion.org\/crpmlm\/continua-la-campana-los-desafueros-los-dirigentes-del-sutef\/"},"wordCount":400,"commentCount":0,"image":{"@id":"https:\/\/vamosporlaliberacion.org\/crpmlm\/continua-la-campana-los-desafueros-los-dirigentes-del-sutef\/#primaryimage"},"thumbnailUrl":"https:\/\/i0.wp.com\/vamosporlaliberacion.org\/crpmlm\/wp-content\/uploads\/2016\/11\/autoconvocados-firmas.jpg?fit=720%2C960&ssl=1","keywords":["destacado","No al despido de los 17 dirigentes docentes fueguinos","Tierra del Fuego","vxl 86"],"articleSection":["Actualidad e historia del movimiento obrero"],"inLanguage":"es","potentialAction":[{"@type":"CommentAction","name":"Comment","target":["https:\/\/vamosporlaliberacion.org\/crpmlm\/continua-la-campana-los-desafueros-los-dirigentes-del-sutef\/#respond"]}]},{"@type":"WebPage","@id":"https:\/\/vamosporlaliberacion.org\/crpmlm\/continua-la-campana-los-desafueros-los-dirigentes-del-sutef\/","url":"https:\/\/vamosporlaliberacion.org\/crpmlm\/continua-la-campana-los-desafueros-los-dirigentes-del-sutef\/","name":"Contin\u00faa la campa\u00f1a contra los desafueros a los dirigentes del SUTEF","isPartOf":{"@id":"https:\/\/vamosporlaliberacion.org\/crpmlm\/#website"},"primaryImageOfPage":{"@id":"https:\/\/vamosporlaliberacion.org\/crpmlm\/continua-la-campana-los-desafueros-los-dirigentes-del-sutef\/#primaryimage"},"image":{"@id":"https:\/\/vamosporlaliberacion.org\/crpmlm\/continua-la-campana-los-desafueros-los-dirigentes-del-sutef\/#primaryimage"},"thumbnailUrl":"https:\/\/i0.wp.com\/vamosporlaliberacion.org\/crpmlm\/wp-content\/uploads\/2016\/11\/autoconvocados-firmas.jpg?fit=720%2C960&ssl=1","datePublished":"2016-11-02T00:37:47+00:00","dateModified":"2020-10-25T22:21:00+00:00","author":{"@id":""},"description":"La iniciativa nacional e internacional para frenar la persecuci\u00f3n contra los docentes fueguinos se expande por distintos lugares del pa\u00eds.","breadcrumb":{"@id":"https:\/\/vamosporlaliberacion.org\/crpmlm\/continua-la-campana-los-desafueros-los-dirigentes-del-sutef\/#breadcrumb"},"inLanguage":"es","potentialAction":[{"@type":"ReadAction","target":["https:\/\/vamosporlaliberacion.org\/crpmlm\/continua-la-campana-los-desafueros-los-dirigentes-del-sutef\/"]}]},{"@type":"ImageObject","inLanguage":"es","@id":"https:\/\/vamosporlaliberacion.org\/crpmlm\/continua-la-campana-los-desafueros-los-dirigentes-del-sutef\/#primaryimage","url":"https:\/\/i0.wp.com\/vamosporlaliberacion.org\/crpmlm\/wp-content\/uploads\/2016\/11\/autoconvocados-firmas.jpg?fit=720%2C960&ssl=1","contentUrl":"https:\/\/i0.wp.com\/vamosporlaliberacion.org\/crpmlm\/wp-content\/uploads\/2016\/11\/autoconvocados-firmas.jpg?fit=720%2C960&ssl=1","width":720,"height":960},{"@type":"BreadcrumbList","@id":"https:\/\/vamosporlaliberacion.org\/crpmlm\/continua-la-campana-los-desafueros-los-dirigentes-del-sutef\/#breadcrumb","itemListElement":[{"@type":"ListItem","position":1,"name":"Portada","item":"https:\/\/vamosporlaliberacion.org\/crpmlm\/"},{"@type":"ListItem","position":2,"name":"Contin\u00faa la campa\u00f1a contra los desafueros a los dirigentes del SUTEF"}]},{"@type":"WebSite","@id":"https:\/\/vamosporlaliberacion.org\/crpmlm\/#website","url":"https:\/\/vamosporlaliberacion.org\/crpmlm\/","name":"Vamos por la Liberaci\u00f3n","description":"Prensa CR","potentialAction":[{"@type":"SearchAction","target":{"@type":"EntryPoint","urlTemplate":"https:\/\/vamosporlaliberacion.org\/crpmlm\/?s={search_term_string}"},"query-input":{"@type":"PropertyValueSpecification","valueRequired":true,"valueName":"search_term_string"}}],"inLanguage":"es"},{"@type":"Person","@id":"","url":"https:\/\/vamosporlaliberacion.org\/crpmlm\/author\/"}]}},"jetpack_featured_media_url":"https:\/\/i0.wp.com\/vamosporlaliberacion.org\/crpmlm\/wp-content\/uploads\/2016\/11\/autoconvocados-firmas.jpg?fit=720%2C960&ssl=1","jetpack_sharing_enabled":true,"_links":{"self":[{"href":"https:\/\/vamosporlaliberacion.org\/crpmlm\/wp-json\/wp\/v2\/posts\/7788","targetHints":{"allow":["GET"]}}],"collection":[{"href":"https:\/\/vamosporlaliberacion.org\/crpmlm\/wp-json\/wp\/v2\/posts"}],"about":[{"href":"https:\/\/vamosporlaliberacion.org\/crpmlm\/wp-json\/wp\/v2\/types\/post"}],"author":[{"embeddable":true,"href":"https:\/\/vamosporlaliberacion.org\/crpmlm\/wp-json\/wp\/v2\/users\/5"}],"replies":[{"embeddable":true,"href":"https:\/\/vamosporlaliberacion.org\/crpmlm\/wp-json\/wp\/v2\/comments?post=7788"}],"version-history":[{"count":1,"href":"https:\/\/vamosporlaliberacion.org\/crpmlm\/wp-json\/wp\/v2\/posts\/7788\/revisions"}],"predecessor-version":[{"id":20516,"href":"https:\/\/vamosporlaliberacion.org\/crpmlm\/wp-json\/wp\/v2\/posts\/7788\/revisions\/20516"}],"wp:featuredmedia":[{"embeddable":true,"href":"https:\/\/vamosporlaliberacion.org\/crpmlm\/wp-json\/wp\/v2\/media\/7789"}],"wp:attachment":[{"href":"https:\/\/vamosporlaliberacion.org\/crpmlm\/wp-json\/wp\/v2\/media?parent=7788"}],"wp:term":[{"taxonomy":"category","embeddable":true,"href":"https:\/\/vamosporlaliberacion.org\/crpmlm\/wp-json\/wp\/v2\/categories?post=7788"},{"taxonomy":"post_tag","embeddable":true,"href":"https:\/\/vamosporlaliberacion.org\/crpmlm\/wp-json\/wp\/v2\/tags?post=7788"}],"curies":[{"name":"wp","href":"https:\/\/api.w.org\/{rel}","templated":true}]}}