{"id":7639,"date":"2016-10-19T01:25:03","date_gmt":"2016-10-19T04:25:03","guid":{"rendered":"http:\/\/vamosporlaliberacion.org\/crpmlm\/?p=7639"},"modified":"2020-11-05T19:37:01","modified_gmt":"2020-11-05T22:37:01","slug":"la-cta-a-fueguina-ante-la-prostitucion","status":"publish","type":"post","link":"https:\/\/vamosporlaliberacion.org\/crpmlm\/la-cta-a-fueguina-ante-la-prostitucion\/","title":{"rendered":"La CTA-A fueguina ante la prostituci\u00f3n"},"content":{"rendered":"<p class=\"TXT-Recuadro para-style-override-17\">Durante el Encuentro entrevistamos a Florencia Villarreal, secretaria de Prensa del SUTEF que se encontraba en Rosario impulsando la campa\u00f1a contra la exoneraci\u00f3n de los 17 docentes. Le preguntamos sobre la situaci\u00f3n de Alika Kinan, v\u00edctima y querellante en una causa por trata de personas en Tierra del Fuego.<\/p>\n<p class=\"TXT-Recuadro\">\u201cLa Central de Trabajadores de Tierra del Fuego es una de las pocas centrales que trabaja completamente y profundamente por la abolici\u00f3n de esta esclavitud moderna que es la prostituci\u00f3n. Entendemos que no hay t\u00e9rminos medios. No hay posibilidades de contemplar la explotaci\u00f3n sexual o la prostituci\u00f3n como un trabajo, como un medio para sustentarse, sino que se utiliza a mujeres en estado de vulnerabilidad de alg\u00fan tipo. Puede ser de pobreza y necesidades econ\u00f3micas como de vulnerabilidad afectiva o de compa\u00f1eras que han tenido alg\u00fan abuso en su adolescencia o su ni\u00f1ez. Entendemos que no es parte del mundo laboral y militamos para eso.\u201d<\/p>\n<p class=\"TXT-Recuadro\">\u201cEn Tierra del Fuego hay un alto nivel de trata de personas para el fin de explotaci\u00f3n sexual. Hay un alto tr\u00e1nsito de mujeres que son llevadas ante la necesidad de alg\u00fan trabajo, enga\u00f1adas, y una vez en la isla se les retiene el documento y se recurre a varias tretas para no poder salir de la isla. Y son explotadas sexualmente.\u201d<\/p>\n<p class=\"TXT-Recuadro\">\u201cNosotras, desde la CTA de Tierra del Fuego, trabajamos militamos y luchamos para que ese flagelo termine y entendemos que es muy importante poder acompa\u00f1ar tambi\u00e9n en el juicio que se lleva adelante a partir del 7 de noviembre, donde con Alika es la primera vez que una v\u00edctima es querellante en la causa; por eso es un hecho importante en todo el pa\u00eds. Y Alika ha denunciado todo el sistema que es necesario para que una mujer sea explotada sexualmente. Y en esto tiene que ver la Municipalidad, el hospital, las fuerzas policiales, la Justicia\u2026 Entonces es un juicio que para nosotros va a ser emblem\u00e1tico. Entendemos que todas las organizaciones que militamos para acabar con la prostituci\u00f3n tienen que estar presentes acompa\u00f1ando ese proceso, porque va a marcar un antes y un despu\u00e9s para la trata de personas con el fin de explotaci\u00f3n sexual.\u201d<\/p>\n<p class=\"TXT-Recuadro\">\n<!-- AddThis Advanced Settings generic via filter on the_content --><!-- AddThis Share Buttons generic via filter on the_content -->","protected":false},"excerpt":{"rendered":"<p>Durante el Encuentro entrevistamos a Florencia Villarreal, secretaria de Prensa del SUTEF que se encontraba en Rosario impulsando la campa\u00f1a contra la exoneraci\u00f3n de los 17 docentes. Le preguntamos sobre la situaci\u00f3n de Alika Kinan, v\u00edctima y querellante en una causa por trata de personas en Tierra del Fuego. \u201cLa Central de Trabajadores de Tierra [&hellip;]<!-- AddThis Advanced Settings generic via filter on get_the_excerpt --><!-- AddThis Share Buttons generic via filter on get_the_excerpt --><\/p>\n","protected":false},"author":5,"featured_media":7572,"comment_status":"open","ping_status":"open","sticky":false,"template":"","format":"standard","meta":{"_jetpack_memberships_contains_paid_content":false,"footnotes":""},"categories":[1877,1520,1875],"tags":[832,108,242,823],"class_list":{"0":"post-7639","1":"post","2":"type-post","3":"status-publish","4":"format-standard","5":"has-post-thumbnail","7":"category-gremiales","8":"category-entrevista","9":"category-genero","10":"tag-cta-a-de-tierra-del-fuego","11":"tag-encuentro-nacional-de-mujeres","12":"tag-sutef","13":"tag-vxl-85"},"yoast_head":"<!-- This site is optimized with the Yoast SEO plugin v27.4 - https:\/\/yoast.com\/product\/yoast-seo-wordpress\/ -->\n<title>La CTA-A fueguina ante la prostituci\u00f3n - Vamos por la Liberaci\u00f3n<\/title>\n<meta name=\"robots\" content=\"index, follow, max-snippet:-1, max-image-preview:large, max-video-preview:-1\" \/>\n<link rel=\"canonical\" href=\"http:\/\/vamosporlaliberacion.org\/crpmlm\/la-cta-a-fueguina-ante-la-prostitucion\/\" \/>\n<meta name=\"twitter:label1\" content=\"Escrito por\" \/>\n\t<meta name=\"twitter:data1\" content=\"\" \/>\n\t<meta name=\"twitter:label2\" content=\"Tiempo de lectura\" \/>\n\t<meta name=\"twitter:data2\" content=\"2 minutos\" \/>\n<script type=\"application\/ld+json\" class=\"yoast-schema-graph\">{\"@context\":\"https:\\\/\\\/schema.org\",\"@graph\":[{\"@type\":\"Article\",\"@id\":\"http:\\\/\\\/vamosporlaliberacion.org\\\/crpmlm\\\/la-cta-a-fueguina-ante-la-prostitucion\\\/#article\",\"isPartOf\":{\"@id\":\"http:\\\/\\\/vamosporlaliberacion.org\\\/crpmlm\\\/la-cta-a-fueguina-ante-la-prostitucion\\\/\"},\"author\":{\"name\":\"\",\"@id\":\"\"},\"headline\":\"La CTA-A fueguina ante la prostituci\u00f3n\",\"datePublished\":\"2016-10-19T04:25:03+00:00\",\"dateModified\":\"2020-11-05T22:37:01+00:00\",\"mainEntityOfPage\":{\"@id\":\"http:\\\/\\\/vamosporlaliberacion.org\\\/crpmlm\\\/la-cta-a-fueguina-ante-la-prostitucion\\\/\"},\"wordCount\":394,\"commentCount\":0,\"image\":{\"@id\":\"http:\\\/\\\/vamosporlaliberacion.org\\\/crpmlm\\\/la-cta-a-fueguina-ante-la-prostitucion\\\/#primaryimage\"},\"thumbnailUrl\":\"https:\\\/\\\/i0.wp.com\\\/vamosporlaliberacion.org\\\/crpmlm\\\/wp-content\\\/uploads\\\/2016\\\/10\\\/DSC00238.jpg?fit=640%2C480&ssl=1\",\"keywords\":[\"CTA-A de Tierra del Fuego\",\"Encuentro Nacional de Mujeres\",\"Sutef\",\"vxl 85\"],\"articleSection\":[\"Actualidad e historia del movimiento obrero\",\"Entrevista\",\"Genero\"],\"inLanguage\":\"es\",\"potentialAction\":[{\"@type\":\"CommentAction\",\"name\":\"Comment\",\"target\":[\"http:\\\/\\\/vamosporlaliberacion.org\\\/crpmlm\\\/la-cta-a-fueguina-ante-la-prostitucion\\\/#respond\"]}]},{\"@type\":\"WebPage\",\"@id\":\"http:\\\/\\\/vamosporlaliberacion.org\\\/crpmlm\\\/la-cta-a-fueguina-ante-la-prostitucion\\\/\",\"url\":\"http:\\\/\\\/vamosporlaliberacion.org\\\/crpmlm\\\/la-cta-a-fueguina-ante-la-prostitucion\\\/\",\"name\":\"La CTA-A fueguina ante la prostituci\u00f3n - Vamos por la Liberaci\u00f3n\",\"isPartOf\":{\"@id\":\"https:\\\/\\\/vamosporlaliberacion.org\\\/crpmlm\\\/#website\"},\"primaryImageOfPage\":{\"@id\":\"http:\\\/\\\/vamosporlaliberacion.org\\\/crpmlm\\\/la-cta-a-fueguina-ante-la-prostitucion\\\/#primaryimage\"},\"image\":{\"@id\":\"http:\\\/\\\/vamosporlaliberacion.org\\\/crpmlm\\\/la-cta-a-fueguina-ante-la-prostitucion\\\/#primaryimage\"},\"thumbnailUrl\":\"https:\\\/\\\/i0.wp.com\\\/vamosporlaliberacion.org\\\/crpmlm\\\/wp-content\\\/uploads\\\/2016\\\/10\\\/DSC00238.jpg?fit=640%2C480&ssl=1\",\"datePublished\":\"2016-10-19T04:25:03+00:00\",\"dateModified\":\"2020-11-05T22:37:01+00:00\",\"author\":{\"@id\":\"\"},\"breadcrumb\":{\"@id\":\"http:\\\/\\\/vamosporlaliberacion.org\\\/crpmlm\\\/la-cta-a-fueguina-ante-la-prostitucion\\\/#breadcrumb\"},\"inLanguage\":\"es\",\"potentialAction\":[{\"@type\":\"ReadAction\",\"target\":[\"http:\\\/\\\/vamosporlaliberacion.org\\\/crpmlm\\\/la-cta-a-fueguina-ante-la-prostitucion\\\/\"]}]},{\"@type\":\"ImageObject\",\"inLanguage\":\"es\",\"@id\":\"http:\\\/\\\/vamosporlaliberacion.org\\\/crpmlm\\\/la-cta-a-fueguina-ante-la-prostitucion\\\/#primaryimage\",\"url\":\"https:\\\/\\\/i0.wp.com\\\/vamosporlaliberacion.org\\\/crpmlm\\\/wp-content\\\/uploads\\\/2016\\\/10\\\/DSC00238.jpg?fit=640%2C480&ssl=1\",\"contentUrl\":\"https:\\\/\\\/i0.wp.com\\\/vamosporlaliberacion.org\\\/crpmlm\\\/wp-content\\\/uploads\\\/2016\\\/10\\\/DSC00238.jpg?fit=640%2C480&ssl=1\",\"width\":640,\"height\":480},{\"@type\":\"BreadcrumbList\",\"@id\":\"http:\\\/\\\/vamosporlaliberacion.org\\\/crpmlm\\\/la-cta-a-fueguina-ante-la-prostitucion\\\/#breadcrumb\",\"itemListElement\":[{\"@type\":\"ListItem\",\"position\":1,\"name\":\"Portada\",\"item\":\"https:\\\/\\\/vamosporlaliberacion.org\\\/crpmlm\\\/\"},{\"@type\":\"ListItem\",\"position\":2,\"name\":\"La CTA-A fueguina ante la prostituci\u00f3n\"}]},{\"@type\":\"WebSite\",\"@id\":\"https:\\\/\\\/vamosporlaliberacion.org\\\/crpmlm\\\/#website\",\"url\":\"https:\\\/\\\/vamosporlaliberacion.org\\\/crpmlm\\\/\",\"name\":\"Vamos por la Liberaci\u00f3n\",\"description\":\"Prensa CR\",\"potentialAction\":[{\"@type\":\"SearchAction\",\"target\":{\"@type\":\"EntryPoint\",\"urlTemplate\":\"https:\\\/\\\/vamosporlaliberacion.org\\\/crpmlm\\\/?s={search_term_string}\"},\"query-input\":{\"@type\":\"PropertyValueSpecification\",\"valueRequired\":true,\"valueName\":\"search_term_string\"}}],\"inLanguage\":\"es\"},{\"@type\":\"Person\",\"@id\":\"\",\"url\":\"https:\\\/\\\/vamosporlaliberacion.org\\\/crpmlm\\\/author\\\/\"}]}<\/script>\n<!-- \/ Yoast SEO plugin. -->","yoast_head_json":{"title":"La CTA-A fueguina ante la prostituci\u00f3n - Vamos por la Liberaci\u00f3n","robots":{"index":"index","follow":"follow","max-snippet":"max-snippet:-1","max-image-preview":"max-image-preview:large","max-video-preview":"max-video-preview:-1"},"canonical":"http:\/\/vamosporlaliberacion.org\/crpmlm\/la-cta-a-fueguina-ante-la-prostitucion\/","twitter_misc":{"Escrito por":"","Tiempo de lectura":"2 minutos"},"schema":{"@context":"https:\/\/schema.org","@graph":[{"@type":"Article","@id":"http:\/\/vamosporlaliberacion.org\/crpmlm\/la-cta-a-fueguina-ante-la-prostitucion\/#article","isPartOf":{"@id":"http:\/\/vamosporlaliberacion.org\/crpmlm\/la-cta-a-fueguina-ante-la-prostitucion\/"},"author":{"name":"","@id":""},"headline":"La CTA-A fueguina ante la prostituci\u00f3n","datePublished":"2016-10-19T04:25:03+00:00","dateModified":"2020-11-05T22:37:01+00:00","mainEntityOfPage":{"@id":"http:\/\/vamosporlaliberacion.org\/crpmlm\/la-cta-a-fueguina-ante-la-prostitucion\/"},"wordCount":394,"commentCount":0,"image":{"@id":"http:\/\/vamosporlaliberacion.org\/crpmlm\/la-cta-a-fueguina-ante-la-prostitucion\/#primaryimage"},"thumbnailUrl":"https:\/\/i0.wp.com\/vamosporlaliberacion.org\/crpmlm\/wp-content\/uploads\/2016\/10\/DSC00238.jpg?fit=640%2C480&ssl=1","keywords":["CTA-A de Tierra del Fuego","Encuentro Nacional de Mujeres","Sutef","vxl 85"],"articleSection":["Actualidad e historia del movimiento obrero","Entrevista","Genero"],"inLanguage":"es","potentialAction":[{"@type":"CommentAction","name":"Comment","target":["http:\/\/vamosporlaliberacion.org\/crpmlm\/la-cta-a-fueguina-ante-la-prostitucion\/#respond"]}]},{"@type":"WebPage","@id":"http:\/\/vamosporlaliberacion.org\/crpmlm\/la-cta-a-fueguina-ante-la-prostitucion\/","url":"http:\/\/vamosporlaliberacion.org\/crpmlm\/la-cta-a-fueguina-ante-la-prostitucion\/","name":"La CTA-A fueguina ante la prostituci\u00f3n - Vamos por la Liberaci\u00f3n","isPartOf":{"@id":"https:\/\/vamosporlaliberacion.org\/crpmlm\/#website"},"primaryImageOfPage":{"@id":"http:\/\/vamosporlaliberacion.org\/crpmlm\/la-cta-a-fueguina-ante-la-prostitucion\/#primaryimage"},"image":{"@id":"http:\/\/vamosporlaliberacion.org\/crpmlm\/la-cta-a-fueguina-ante-la-prostitucion\/#primaryimage"},"thumbnailUrl":"https:\/\/i0.wp.com\/vamosporlaliberacion.org\/crpmlm\/wp-content\/uploads\/2016\/10\/DSC00238.jpg?fit=640%2C480&ssl=1","datePublished":"2016-10-19T04:25:03+00:00","dateModified":"2020-11-05T22:37:01+00:00","author":{"@id":""},"breadcrumb":{"@id":"http:\/\/vamosporlaliberacion.org\/crpmlm\/la-cta-a-fueguina-ante-la-prostitucion\/#breadcrumb"},"inLanguage":"es","potentialAction":[{"@type":"ReadAction","target":["http:\/\/vamosporlaliberacion.org\/crpmlm\/la-cta-a-fueguina-ante-la-prostitucion\/"]}]},{"@type":"ImageObject","inLanguage":"es","@id":"http:\/\/vamosporlaliberacion.org\/crpmlm\/la-cta-a-fueguina-ante-la-prostitucion\/#primaryimage","url":"https:\/\/i0.wp.com\/vamosporlaliberacion.org\/crpmlm\/wp-content\/uploads\/2016\/10\/DSC00238.jpg?fit=640%2C480&ssl=1","contentUrl":"https:\/\/i0.wp.com\/vamosporlaliberacion.org\/crpmlm\/wp-content\/uploads\/2016\/10\/DSC00238.jpg?fit=640%2C480&ssl=1","width":640,"height":480},{"@type":"BreadcrumbList","@id":"http:\/\/vamosporlaliberacion.org\/crpmlm\/la-cta-a-fueguina-ante-la-prostitucion\/#breadcrumb","itemListElement":[{"@type":"ListItem","position":1,"name":"Portada","item":"https:\/\/vamosporlaliberacion.org\/crpmlm\/"},{"@type":"ListItem","position":2,"name":"La CTA-A fueguina ante la prostituci\u00f3n"}]},{"@type":"WebSite","@id":"https:\/\/vamosporlaliberacion.org\/crpmlm\/#website","url":"https:\/\/vamosporlaliberacion.org\/crpmlm\/","name":"Vamos por la Liberaci\u00f3n","description":"Prensa CR","potentialAction":[{"@type":"SearchAction","target":{"@type":"EntryPoint","urlTemplate":"https:\/\/vamosporlaliberacion.org\/crpmlm\/?s={search_term_string}"},"query-input":{"@type":"PropertyValueSpecification","valueRequired":true,"valueName":"search_term_string"}}],"inLanguage":"es"},{"@type":"Person","@id":"","url":"https:\/\/vamosporlaliberacion.org\/crpmlm\/author\/"}]}},"jetpack_featured_media_url":"https:\/\/i0.wp.com\/vamosporlaliberacion.org\/crpmlm\/wp-content\/uploads\/2016\/10\/DSC00238.jpg?fit=640%2C480&ssl=1","jetpack_sharing_enabled":true,"_links":{"self":[{"href":"https:\/\/vamosporlaliberacion.org\/crpmlm\/wp-json\/wp\/v2\/posts\/7639","targetHints":{"allow":["GET"]}}],"collection":[{"href":"https:\/\/vamosporlaliberacion.org\/crpmlm\/wp-json\/wp\/v2\/posts"}],"about":[{"href":"https:\/\/vamosporlaliberacion.org\/crpmlm\/wp-json\/wp\/v2\/types\/post"}],"author":[{"embeddable":true,"href":"https:\/\/vamosporlaliberacion.org\/crpmlm\/wp-json\/wp\/v2\/users\/5"}],"replies":[{"embeddable":true,"href":"https:\/\/vamosporlaliberacion.org\/crpmlm\/wp-json\/wp\/v2\/comments?post=7639"}],"version-history":[{"count":1,"href":"https:\/\/vamosporlaliberacion.org\/crpmlm\/wp-json\/wp\/v2\/posts\/7639\/revisions"}],"predecessor-version":[{"id":20540,"href":"https:\/\/vamosporlaliberacion.org\/crpmlm\/wp-json\/wp\/v2\/posts\/7639\/revisions\/20540"}],"wp:featuredmedia":[{"embeddable":true,"href":"https:\/\/vamosporlaliberacion.org\/crpmlm\/wp-json\/wp\/v2\/media\/7572"}],"wp:attachment":[{"href":"https:\/\/vamosporlaliberacion.org\/crpmlm\/wp-json\/wp\/v2\/media?parent=7639"}],"wp:term":[{"taxonomy":"category","embeddable":true,"href":"https:\/\/vamosporlaliberacion.org\/crpmlm\/wp-json\/wp\/v2\/categories?post=7639"},{"taxonomy":"post_tag","embeddable":true,"href":"https:\/\/vamosporlaliberacion.org\/crpmlm\/wp-json\/wp\/v2\/tags?post=7639"}],"curies":[{"name":"wp","href":"https:\/\/api.w.org\/{rel}","templated":true}]}}