{"id":7557,"date":"2016-10-18T16:44:18","date_gmt":"2016-10-18T19:44:18","guid":{"rendered":"http:\/\/vamosporlaliberacion.org\/crpmlm\/?p=7557"},"modified":"2020-10-25T19:41:27","modified_gmt":"2020-10-25T22:41:27","slug":"no-me-va-a-correr-de-la-calle","status":"publish","type":"post","link":"https:\/\/vamosporlaliberacion.org\/crpmlm\/no-me-va-a-correr-de-la-calle\/","title":{"rendered":"\u201cNo me va a correr de la calle\u201d"},"content":{"rendered":"<p>Hace casi 20 a\u00f1os se fue a vivir a Ushuaia y nunca m\u00e1s quiso irse. Aunque por unos a\u00f1os debi\u00f3 regresar a Puerto Tirol, su pueblo natal en Chaco, asegura que Ushuaia es su \u201clugar en el mundo\u201d. Pero ahora Ver\u00f3nica Alfonso lleva a cuestas una resoluci\u00f3n de exoneraci\u00f3n que la puede dejar afuera del sistema educativo p\u00fablico, en una isla donde lo que crece son los despidos. Es bibliotecaria, archivista y especialista en archivos hist\u00f3ricos, recibida en la Universidad Nacional del Nordeste. Trabaja en el Colegio Kloketen, una escuela secundaria, y en el Instituto Provincial de Educaci\u00f3n Superior (IPES), para la formaci\u00f3n docente.<\/p>\n<p>Su exoneraci\u00f3n y la de otros 16 docentes hab\u00edan sido aprobadas primero por la ex gobernadora Fabiana R\u00edos, por haber participado de la permanencia en Casa de Gobierno resuelta por los docentes en la lucha paritaria de 2013 que arranc\u00f3 un 43% de aumento salarial. Luego, la actual gobernadora Rosana Bertone hizo aprobar por la Legislatura en enero de este a\u00f1o un paquete de ajuste que desat\u00f3 un fuerte conflicto con los estatales y jubilados. Entonces continu\u00f3 con el procedimiento de despido de los 17 docentes, para lo cual pidi\u00f3 el desafuero sindical ya que se trata de representantes sindicales del SUTEF.<\/p>\n<p>Sobre su profesi\u00f3n de bibliotecaria Ver\u00f3nica analiza que \u201cdesde ah\u00ed arranca mi compromiso social de generar conciencia, de ver qu\u00e9 leen los pibes\u201d porque \u201cno hay texto ingenuo\u201d. \u201cCon mis compa\u00f1eros \u2013agrega\u2013 buscamos que la bibliograf\u00eda que est\u00e9 dentro de nuestra biblioteca sea cr\u00edtica, sea constructiva y que apunte a la liberaci\u00f3n pedag\u00f3gica.\u201d\u00a0Como parte de la campa\u00f1a contra su exoneraci\u00f3n, viaj\u00f3 junto a una delegaci\u00f3n de docentes al 31\u00ba Encuentro Nacional de Mujeres en Rosario. All\u00ed la entrevistamos.<\/p>\n<p>\u2013\u00bfCu\u00e1ndo fuiste a vivir a la isla?<\/p>\n<p>\u2013Me cas\u00e9 y me vine a Ushuaia. Era estudiante de agronom\u00eda; en tercer a\u00f1o se nos ocurri\u00f3 dejar y nos vinimos. Despu\u00e9s nos agarr\u00f3 Menem, De la R\u00faa. Se complico m\u00e1s Tierra del Fuego, las f\u00e1bricas, los comercios cerraban\u2026 era todo un caos terrible, una malaria total y tuvimos que volver. Despu\u00e9s que me divorcio, mis viejos me proponen que vuelva a estudiar y que ellos me cuidaban a mi hijo, que era chiquitito. La universidad est\u00e1 a 15 km de mi pueblo. Yo soy de Puerto Tirol. Me recib\u00ed y me volv\u00ed a Ushuaia. Yo ten\u00eda mi vida en Ushuaia. Es mi lugar en el mundo. Es el lugar que eleg\u00ed hace much\u00edsimo tiempo, m\u00e1s all\u00e1 de que quiero mucho a mi Tirol, hoy por hoy esa es mi tierra. Mi hijo es fueguino.<br \/>\nHoy vivo con mi hijo y con mi pareja. Mi compa\u00f1ero tambi\u00e9n es un militante, es parte del sindicato. Nuestro gremio trata de darle una mejor condici\u00f3n de vida a sus afiliados en serio. En todo sentido, entonces tiene pol\u00edticas de vivienda, deportes, de g\u00e9nero, de acci\u00f3n social en general. Y en ese marco hizo convenios, para poder darnos un pedazo de tierra porque no hab\u00eda desde el Estado una pol\u00edtica de tierra y vivienda. Y a trav\u00e9s del sindicato hoy muchos docentes como yo hemos tenido acceso a la tierra, all\u00ed edificamos hace tres a\u00f1os, ahora va a hacer un a\u00f1o que estamos en nuestra casa, en un barrio docente, donde est\u00e1n todos nuestros compa\u00f1eros y nuestros hijos se conocen, es una gran familia. Alrededor est\u00e1n otros sindicatos.<\/p>\n<p>\u2013\u00bfC\u00f3mo sent\u00eds que fue recibida la campa\u00f1a contra la exoneraci\u00f3n de los docentes fueguinos?<\/p>\n<p>\u2013La verdad que sorprenderme no me sorprendi\u00f3 pero fue emocionante. Porque yo s\u00e9 de la solidaridad que tenemos las mujeres. Las mujeres tenemos ese plus aparte, m\u00e1s si sos mam\u00e1 y\/o docente o est\u00e1s dentro del sistema educativo ah\u00ed: sos mam\u00e1, sos psic\u00f3loga, sos un contenedor de un mont\u00f3n de problematicas afectivas, socioecon\u00f3micas, que se generan a partir del v\u00ednculo con el chico. Y cuando sos militante de la vida, sab\u00e9s de esa solidaridad. Es emocionante; porque no te conocen pero se reconocen en la lucha, la hacen propia. Fue una cosa magn\u00edfica. Reconocen ese ajuste que est\u00e1 pasando por tu espalda y que a ellas no les es ajeno. Es emocionante ver tanta mujer luchadora, tanta fuerza junta.<\/p>\n<p>\u2013\u00bfC\u00f3mo cambia tu situaci\u00f3n si el gobierno logra imponer tu exoneraci\u00f3n?<\/p>\n<p>\u2013Hay que tragar saliva porque la impotencia que te da es grande. Primero porque uno se reconoce en su condici\u00f3n de trabajadora en su condici\u00f3n de clase. Y soy consciente de que es un precedente muy da\u00f1ino para nosotros. Porque no soy ni yo ni mis compa\u00f1eros. Es todo el movimiento obrero el que est\u00e1 en juego, y eso es peligros\u00edsimo. Porque despu\u00e9s resulta que \u00bfc\u00f3mo vas a hacer? \u00bfSal\u00eds a la calle a luchar y te qued\u00e1s sin laburo? Y siendo que ese laburo es la fuente de sustento de tu familia, es el pan de nuestros hijos. Porque los trabajadores no tenemos otro capital, otra riqueza m\u00e1s que nuestro laburo.<br \/>\nDa mucha impotencia porque en Tierra del Fuego tenemos el partido judicial hoy por hoy: una connivencia terrible entre los tres poderes. No hay independencia. Entonces no hay justicia, hay una Justicia adicta. Y para la clase nuestra es muy jodido el precedente que sienta.<br \/>\nComo luchadora no me va a correr de la calle. (\u2026) lo que duele es que vos hayas elegido y laburado para poder vivir y trabajar donde est\u00e1s. Ushuaia es mi lugar en el mundo. Entonces eso es lo que me jode; porque vos ten\u00e9s que garantizar el pan de tus hijos y te vas a tener que mover a donde est\u00e9 ese pan; vas a tener que ir a laburar donde se pueda. Y a lo mejor es en Ushuaia pero sino te cambia la vida que vos elegiste. Ese es el dolor m\u00e1s grande que tengo.<\/p>\n<p>\u2013\u00bfPor qu\u00e9 tanta sa\u00f1a por parte del gobierno contra los docentes?<\/p>\n<p>\u2013Principalmente porque nuestro sindicato organizado siempre fue punta de lanza de cualquier lucha. Principalmente las de nuestro sector pero siempre se hizo cargo de distintas problem\u00e1ticas sociales, el hospital regional, los jubilados, los discapacitados cuando fueron avasallados en sus derechos y les recortaron la pensi\u00f3n que ten\u00edan. Siempre que hubo una problem\u00e1tica nuestro sindicato fue a la cabeza del reclamo por la defensa de los derechos.<br \/>\nPasaron muchos gobiernos y nuestro sindicato siempre fue oposici\u00f3n a los que quisieron avasallarnos y llevarse nuestros derechos. Antes era R\u00edos del PSP, hoy es Bertone FpV que intentan desarmar nuestro sindicato, porque siempre fue oposici\u00f3n, siempre fue luchador, no se cas\u00f3 con ning\u00fan gobierno. No hizo como otros gremios que se sent\u00f3, tranz\u00f3, acomod\u00f3, se puso en una posici\u00f3n m\u00e1s c\u00f3moda, y m\u00e1s tibia\u2026<br \/>\nA Horacio [Catena], nuestro secretario general, donde haya una causa que puedan armar, se la arman porque lo necesitan fuera de juego. Porque tiene un peso pol\u00edtico m\u00e1s que importante, es muy referente de su sector y de otros. No en vano vienen a buscarnos los dem\u00e1s sindicatos. Fue un esfuerzo enorme, lograr y sostener la Uni\u00f3n de Gremios; el paquete de leyes colaboro bastante. Despu\u00e9s nos tomaban como referentes de la lucha y (\u2026) ven\u00edan a preguntarnos, c\u00f3mo hac\u00edamos las asambleas. (\u2026) te ten\u00edas que sentar con los compa\u00f1eros de otros sectores con otras legislaciones a encontrarle la vuelta, a contarle tu experiencia. Y lo hicimos, fijate como habr\u00e1 funcionado que tuvo que venir la polic\u00eda sin orden judicial a levantarnos y a los palazos, con gases y a prender fuego todo. Porque si no, no nos sacaban. Hubiera seguido el acampe ah\u00ed.<\/p>\n<p>\u2013\u00bfC\u00f3mo logran tanta participaci\u00f3n de los docentes?<\/p>\n<p>\u2013Porque nuestro sindicato tiene su motorcito que es el Cuerpo de Delegados. El coraz\u00f3n del sindicato es el cuerpo de delegados. Yo he sido Comisi\u00f3n Directiva en su momento y, terminada mi funci\u00f3n, la idea es que vos vuelvas a tu escuela y haya un cambio: un cambio con los dem\u00e1s delegados que quieren participar de la organizaci\u00f3n para que puedan hacer esa experiencia. Y siempre que est\u00e1s dentro de la Comisi\u00f3n que trates de estar en un cargo y en el otro laburando, para tener un pie en la escuela y saber la realidad. (\u2026)<br \/>\nDespu\u00e9s que termin\u00f3 el mandato me volv\u00ed a la escuela como delegada. La funci\u00f3n m\u00e1s fuerte, la voz m\u00e1s importante, es la de tu delegado. Porque tu delegado est\u00e1 en la escuela, es el v\u00ednculo estrecho con el sindicato. Tenemos plenarios de delegados y el delegado viene con toda confianza a traer lo que la escuela dice. M\u00e1s de una vez mis compa\u00f1eros no me han apoyado y consideraron que no hab\u00eda que ir al paro. Y tengo que poner mi mejor carita e ir al plenario con un mont\u00f3n de delegados s\u00faper combativos de primaria sobre todo, y decirles bueno: \u2018Educaci\u00f3n Superior no quiere ir al paro\u2019. Y se arma el debate. Pero un debate rico, sin faltarte el respeto. Cada uno fundamenta su posici\u00f3n y se puede hablar con absoluta confianza; pod\u00e9s hablar y pod\u00e9s plantearlo. Y ver entre todos c\u00f3mo hacemos con esa escuela que no est\u00e1 queriendo paro y por qu\u00e9 no quiere paro. No es que vas contra esos compa\u00f1eros. Los delegados son muy activos dentro de su escuela, son referentes, son los que se ponen el colegio a sus espaldas. Son los que tienen ese plus de responsabilidad, porque saben que van a laburar y a la vez tienen que hacer un relevamiento de la problem\u00e1tica que est\u00e1n teniendo sus compa\u00f1eros. (\u2026) Y el que no es afiliado termina \u00e9l buscando su fichita porque es un sindicato que funciona, que responde a sus necesidades.<\/p>\n<p>\u2013\u00bfC\u00f3mo se resuelve el trabajo dom\u00e9stico en tu casa?<\/p>\n<p>\u2013Uh! Es dif\u00edcil la militancia en ese punto por ah\u00ed. Pero mi hijo se crio conmigo en la lucha (\u2026). Porque tiene que adaptarse a la realidad (&#8230;) y tiene que ver que hay otra situaci\u00f3n. Porque sino viven en una nube de nada. Entonces acompa\u00f1a. Y mi compa\u00f1ero de vida tambi\u00e9n es un luchador, un militante comprometido. A pesar de eso tenemos un mont\u00f3n de rispideces, pero generalmente comemos todos juntos en las movilizaciones o en la carpa o volvemos todos tarde y terminamos comiendo todos tarde.<br \/>\nMi compa\u00f1ero es paritario y por ejemplo nos han agarrado paritarias en Semana Santa en R\u00edo Grande, lejos de casa, amanec\u00edamos all\u00e1. Pero en esto de vivir en solidaridad con mis compa\u00f1eros, otro de los compa\u00f1eros te retira el pibe de la escuela porque vos no est\u00e1s en la ciudad. Y en las cuestiones dom\u00e9sticas nos vamos tratando de acomodar generalmente los fines de semana tratamos de dejar todo ordenado para cuando arranca la semana. Las cuestiones dom\u00e9sticas te cuestan, la limpieza de la casa, acomodarte para ir al supermercado\u2026 generalmente vamos y venimos con mi compa\u00f1ero, con berrinches en el medio, es as\u00ed, per eso no nos impide estar siempre en la calle con nuestros compa\u00f1eros.<\/p>\n<!-- AddThis Advanced Settings generic via filter on the_content --><!-- AddThis Share Buttons generic via filter on the_content -->","protected":false},"excerpt":{"rendered":"<p>Hace casi 20 a\u00f1os se fue a vivir a Ushuaia y nunca m\u00e1s quiso irse. Aunque por unos a\u00f1os debi\u00f3 regresar a Puerto Tirol, su pueblo natal en Chaco, asegura que Ushuaia es su \u201clugar en el mundo\u201d. Pero ahora Ver\u00f3nica Alfonso lleva a cuestas una resoluci\u00f3n de exoneraci\u00f3n que la puede dejar afuera del [&hellip;]<!-- AddThis Advanced Settings generic via filter on get_the_excerpt --><!-- AddThis Share Buttons generic via filter on get_the_excerpt --><\/p>\n","protected":false},"author":5,"featured_media":7558,"comment_status":"open","ping_status":"open","sticky":false,"template":"","format":"standard","meta":{"_jetpack_memberships_contains_paid_content":false,"footnotes":""},"categories":[1520,1875],"tags":[521,108,1210,786,824,823],"class_list":{"0":"post-7557","1":"post","2":"type-post","3":"status-publish","4":"format-standard","5":"has-post-thumbnail","7":"category-entrevista","8":"category-genero","9":"tag-destacado-1","10":"tag-encuentro-nacional-de-mujeres","11":"tag-entrevista","12":"tag-no-al-despido-de-los-17-dirigentes-docentes-fueguinos","13":"tag-veronica-alfonso","14":"tag-vxl-85"},"yoast_head":"<!-- This site is optimized with the Yoast SEO plugin v27.4 - https:\/\/yoast.com\/product\/yoast-seo-wordpress\/ -->\n<title>\u201cNo me va a correr de la calle\u201d - Vamos por la Liberaci\u00f3n<\/title>\n<meta name=\"robots\" content=\"index, follow, max-snippet:-1, max-image-preview:large, max-video-preview:-1\" \/>\n<link rel=\"canonical\" href=\"http:\/\/vamosporlaliberacion.org\/crpmlm\/no-me-va-a-correr-de-la-calle\/\" \/>\n<meta name=\"twitter:label1\" content=\"Escrito por\" \/>\n\t<meta name=\"twitter:data1\" content=\"\" \/>\n\t<meta name=\"twitter:label2\" content=\"Tiempo de lectura\" \/>\n\t<meta name=\"twitter:data2\" content=\"10 minutos\" \/>\n<script type=\"application\/ld+json\" class=\"yoast-schema-graph\">{\"@context\":\"https:\\\/\\\/schema.org\",\"@graph\":[{\"@type\":\"Article\",\"@id\":\"http:\\\/\\\/vamosporlaliberacion.org\\\/crpmlm\\\/no-me-va-a-correr-de-la-calle\\\/#article\",\"isPartOf\":{\"@id\":\"http:\\\/\\\/vamosporlaliberacion.org\\\/crpmlm\\\/no-me-va-a-correr-de-la-calle\\\/\"},\"author\":{\"name\":\"\",\"@id\":\"\"},\"headline\":\"\u201cNo me va a correr de la calle\u201d\",\"datePublished\":\"2016-10-18T19:44:18+00:00\",\"dateModified\":\"2020-10-25T22:41:27+00:00\",\"mainEntityOfPage\":{\"@id\":\"http:\\\/\\\/vamosporlaliberacion.org\\\/crpmlm\\\/no-me-va-a-correr-de-la-calle\\\/\"},\"wordCount\":1940,\"commentCount\":0,\"image\":{\"@id\":\"http:\\\/\\\/vamosporlaliberacion.org\\\/crpmlm\\\/no-me-va-a-correr-de-la-calle\\\/#primaryimage\"},\"thumbnailUrl\":\"https:\\\/\\\/i0.wp.com\\\/vamosporlaliberacion.org\\\/crpmlm\\\/wp-content\\\/uploads\\\/2016\\\/10\\\/WhatsApp-Image-2016-10-11-at-8.31.53-PM.jpeg?fit=640%2C480&ssl=1\",\"keywords\":[\"destacado 1\",\"Encuentro Nacional de Mujeres\",\"entrevista\",\"No al despido de los 17 dirigentes docentes fueguinos\",\"Ver\u00f3nica Alfonso\",\"vxl 85\"],\"articleSection\":[\"Entrevista\",\"Genero\"],\"inLanguage\":\"es\",\"potentialAction\":[{\"@type\":\"CommentAction\",\"name\":\"Comment\",\"target\":[\"http:\\\/\\\/vamosporlaliberacion.org\\\/crpmlm\\\/no-me-va-a-correr-de-la-calle\\\/#respond\"]}]},{\"@type\":\"WebPage\",\"@id\":\"http:\\\/\\\/vamosporlaliberacion.org\\\/crpmlm\\\/no-me-va-a-correr-de-la-calle\\\/\",\"url\":\"http:\\\/\\\/vamosporlaliberacion.org\\\/crpmlm\\\/no-me-va-a-correr-de-la-calle\\\/\",\"name\":\"\u201cNo me va a correr de la calle\u201d - Vamos por la Liberaci\u00f3n\",\"isPartOf\":{\"@id\":\"https:\\\/\\\/vamosporlaliberacion.org\\\/crpmlm\\\/#website\"},\"primaryImageOfPage\":{\"@id\":\"http:\\\/\\\/vamosporlaliberacion.org\\\/crpmlm\\\/no-me-va-a-correr-de-la-calle\\\/#primaryimage\"},\"image\":{\"@id\":\"http:\\\/\\\/vamosporlaliberacion.org\\\/crpmlm\\\/no-me-va-a-correr-de-la-calle\\\/#primaryimage\"},\"thumbnailUrl\":\"https:\\\/\\\/i0.wp.com\\\/vamosporlaliberacion.org\\\/crpmlm\\\/wp-content\\\/uploads\\\/2016\\\/10\\\/WhatsApp-Image-2016-10-11-at-8.31.53-PM.jpeg?fit=640%2C480&ssl=1\",\"datePublished\":\"2016-10-18T19:44:18+00:00\",\"dateModified\":\"2020-10-25T22:41:27+00:00\",\"author\":{\"@id\":\"\"},\"breadcrumb\":{\"@id\":\"http:\\\/\\\/vamosporlaliberacion.org\\\/crpmlm\\\/no-me-va-a-correr-de-la-calle\\\/#breadcrumb\"},\"inLanguage\":\"es\",\"potentialAction\":[{\"@type\":\"ReadAction\",\"target\":[\"http:\\\/\\\/vamosporlaliberacion.org\\\/crpmlm\\\/no-me-va-a-correr-de-la-calle\\\/\"]}]},{\"@type\":\"ImageObject\",\"inLanguage\":\"es\",\"@id\":\"http:\\\/\\\/vamosporlaliberacion.org\\\/crpmlm\\\/no-me-va-a-correr-de-la-calle\\\/#primaryimage\",\"url\":\"https:\\\/\\\/i0.wp.com\\\/vamosporlaliberacion.org\\\/crpmlm\\\/wp-content\\\/uploads\\\/2016\\\/10\\\/WhatsApp-Image-2016-10-11-at-8.31.53-PM.jpeg?fit=640%2C480&ssl=1\",\"contentUrl\":\"https:\\\/\\\/i0.wp.com\\\/vamosporlaliberacion.org\\\/crpmlm\\\/wp-content\\\/uploads\\\/2016\\\/10\\\/WhatsApp-Image-2016-10-11-at-8.31.53-PM.jpeg?fit=640%2C480&ssl=1\",\"width\":640,\"height\":480},{\"@type\":\"BreadcrumbList\",\"@id\":\"http:\\\/\\\/vamosporlaliberacion.org\\\/crpmlm\\\/no-me-va-a-correr-de-la-calle\\\/#breadcrumb\",\"itemListElement\":[{\"@type\":\"ListItem\",\"position\":1,\"name\":\"Portada\",\"item\":\"https:\\\/\\\/vamosporlaliberacion.org\\\/crpmlm\\\/\"},{\"@type\":\"ListItem\",\"position\":2,\"name\":\"\u201cNo me va a correr de la calle\u201d\"}]},{\"@type\":\"WebSite\",\"@id\":\"https:\\\/\\\/vamosporlaliberacion.org\\\/crpmlm\\\/#website\",\"url\":\"https:\\\/\\\/vamosporlaliberacion.org\\\/crpmlm\\\/\",\"name\":\"Vamos por la Liberaci\u00f3n\",\"description\":\"Prensa CR\",\"potentialAction\":[{\"@type\":\"SearchAction\",\"target\":{\"@type\":\"EntryPoint\",\"urlTemplate\":\"https:\\\/\\\/vamosporlaliberacion.org\\\/crpmlm\\\/?s={search_term_string}\"},\"query-input\":{\"@type\":\"PropertyValueSpecification\",\"valueRequired\":true,\"valueName\":\"search_term_string\"}}],\"inLanguage\":\"es\"},{\"@type\":\"Person\",\"@id\":\"\",\"url\":\"https:\\\/\\\/vamosporlaliberacion.org\\\/crpmlm\\\/author\\\/\"}]}<\/script>\n<!-- \/ Yoast SEO plugin. -->","yoast_head_json":{"title":"\u201cNo me va a correr de la calle\u201d - Vamos por la Liberaci\u00f3n","robots":{"index":"index","follow":"follow","max-snippet":"max-snippet:-1","max-image-preview":"max-image-preview:large","max-video-preview":"max-video-preview:-1"},"canonical":"http:\/\/vamosporlaliberacion.org\/crpmlm\/no-me-va-a-correr-de-la-calle\/","twitter_misc":{"Escrito por":"","Tiempo de lectura":"10 minutos"},"schema":{"@context":"https:\/\/schema.org","@graph":[{"@type":"Article","@id":"http:\/\/vamosporlaliberacion.org\/crpmlm\/no-me-va-a-correr-de-la-calle\/#article","isPartOf":{"@id":"http:\/\/vamosporlaliberacion.org\/crpmlm\/no-me-va-a-correr-de-la-calle\/"},"author":{"name":"","@id":""},"headline":"\u201cNo me va a correr de la calle\u201d","datePublished":"2016-10-18T19:44:18+00:00","dateModified":"2020-10-25T22:41:27+00:00","mainEntityOfPage":{"@id":"http:\/\/vamosporlaliberacion.org\/crpmlm\/no-me-va-a-correr-de-la-calle\/"},"wordCount":1940,"commentCount":0,"image":{"@id":"http:\/\/vamosporlaliberacion.org\/crpmlm\/no-me-va-a-correr-de-la-calle\/#primaryimage"},"thumbnailUrl":"https:\/\/i0.wp.com\/vamosporlaliberacion.org\/crpmlm\/wp-content\/uploads\/2016\/10\/WhatsApp-Image-2016-10-11-at-8.31.53-PM.jpeg?fit=640%2C480&ssl=1","keywords":["destacado 1","Encuentro Nacional de Mujeres","entrevista","No al despido de los 17 dirigentes docentes fueguinos","Ver\u00f3nica Alfonso","vxl 85"],"articleSection":["Entrevista","Genero"],"inLanguage":"es","potentialAction":[{"@type":"CommentAction","name":"Comment","target":["http:\/\/vamosporlaliberacion.org\/crpmlm\/no-me-va-a-correr-de-la-calle\/#respond"]}]},{"@type":"WebPage","@id":"http:\/\/vamosporlaliberacion.org\/crpmlm\/no-me-va-a-correr-de-la-calle\/","url":"http:\/\/vamosporlaliberacion.org\/crpmlm\/no-me-va-a-correr-de-la-calle\/","name":"\u201cNo me va a correr de la calle\u201d - Vamos por la Liberaci\u00f3n","isPartOf":{"@id":"https:\/\/vamosporlaliberacion.org\/crpmlm\/#website"},"primaryImageOfPage":{"@id":"http:\/\/vamosporlaliberacion.org\/crpmlm\/no-me-va-a-correr-de-la-calle\/#primaryimage"},"image":{"@id":"http:\/\/vamosporlaliberacion.org\/crpmlm\/no-me-va-a-correr-de-la-calle\/#primaryimage"},"thumbnailUrl":"https:\/\/i0.wp.com\/vamosporlaliberacion.org\/crpmlm\/wp-content\/uploads\/2016\/10\/WhatsApp-Image-2016-10-11-at-8.31.53-PM.jpeg?fit=640%2C480&ssl=1","datePublished":"2016-10-18T19:44:18+00:00","dateModified":"2020-10-25T22:41:27+00:00","author":{"@id":""},"breadcrumb":{"@id":"http:\/\/vamosporlaliberacion.org\/crpmlm\/no-me-va-a-correr-de-la-calle\/#breadcrumb"},"inLanguage":"es","potentialAction":[{"@type":"ReadAction","target":["http:\/\/vamosporlaliberacion.org\/crpmlm\/no-me-va-a-correr-de-la-calle\/"]}]},{"@type":"ImageObject","inLanguage":"es","@id":"http:\/\/vamosporlaliberacion.org\/crpmlm\/no-me-va-a-correr-de-la-calle\/#primaryimage","url":"https:\/\/i0.wp.com\/vamosporlaliberacion.org\/crpmlm\/wp-content\/uploads\/2016\/10\/WhatsApp-Image-2016-10-11-at-8.31.53-PM.jpeg?fit=640%2C480&ssl=1","contentUrl":"https:\/\/i0.wp.com\/vamosporlaliberacion.org\/crpmlm\/wp-content\/uploads\/2016\/10\/WhatsApp-Image-2016-10-11-at-8.31.53-PM.jpeg?fit=640%2C480&ssl=1","width":640,"height":480},{"@type":"BreadcrumbList","@id":"http:\/\/vamosporlaliberacion.org\/crpmlm\/no-me-va-a-correr-de-la-calle\/#breadcrumb","itemListElement":[{"@type":"ListItem","position":1,"name":"Portada","item":"https:\/\/vamosporlaliberacion.org\/crpmlm\/"},{"@type":"ListItem","position":2,"name":"\u201cNo me va a correr de la calle\u201d"}]},{"@type":"WebSite","@id":"https:\/\/vamosporlaliberacion.org\/crpmlm\/#website","url":"https:\/\/vamosporlaliberacion.org\/crpmlm\/","name":"Vamos por la Liberaci\u00f3n","description":"Prensa CR","potentialAction":[{"@type":"SearchAction","target":{"@type":"EntryPoint","urlTemplate":"https:\/\/vamosporlaliberacion.org\/crpmlm\/?s={search_term_string}"},"query-input":{"@type":"PropertyValueSpecification","valueRequired":true,"valueName":"search_term_string"}}],"inLanguage":"es"},{"@type":"Person","@id":"","url":"https:\/\/vamosporlaliberacion.org\/crpmlm\/author\/"}]}},"jetpack_featured_media_url":"https:\/\/i0.wp.com\/vamosporlaliberacion.org\/crpmlm\/wp-content\/uploads\/2016\/10\/WhatsApp-Image-2016-10-11-at-8.31.53-PM.jpeg?fit=640%2C480&ssl=1","jetpack_sharing_enabled":true,"_links":{"self":[{"href":"https:\/\/vamosporlaliberacion.org\/crpmlm\/wp-json\/wp\/v2\/posts\/7557","targetHints":{"allow":["GET"]}}],"collection":[{"href":"https:\/\/vamosporlaliberacion.org\/crpmlm\/wp-json\/wp\/v2\/posts"}],"about":[{"href":"https:\/\/vamosporlaliberacion.org\/crpmlm\/wp-json\/wp\/v2\/types\/post"}],"author":[{"embeddable":true,"href":"https:\/\/vamosporlaliberacion.org\/crpmlm\/wp-json\/wp\/v2\/users\/5"}],"replies":[{"embeddable":true,"href":"https:\/\/vamosporlaliberacion.org\/crpmlm\/wp-json\/wp\/v2\/comments?post=7557"}],"version-history":[{"count":1,"href":"https:\/\/vamosporlaliberacion.org\/crpmlm\/wp-json\/wp\/v2\/posts\/7557\/revisions"}],"predecessor-version":[{"id":20543,"href":"https:\/\/vamosporlaliberacion.org\/crpmlm\/wp-json\/wp\/v2\/posts\/7557\/revisions\/20543"}],"wp:featuredmedia":[{"embeddable":true,"href":"https:\/\/vamosporlaliberacion.org\/crpmlm\/wp-json\/wp\/v2\/media\/7558"}],"wp:attachment":[{"href":"https:\/\/vamosporlaliberacion.org\/crpmlm\/wp-json\/wp\/v2\/media?parent=7557"}],"wp:term":[{"taxonomy":"category","embeddable":true,"href":"https:\/\/vamosporlaliberacion.org\/crpmlm\/wp-json\/wp\/v2\/categories?post=7557"},{"taxonomy":"post_tag","embeddable":true,"href":"https:\/\/vamosporlaliberacion.org\/crpmlm\/wp-json\/wp\/v2\/tags?post=7557"}],"curies":[{"name":"wp","href":"https:\/\/api.w.org\/{rel}","templated":true}]}}