{"id":7489,"date":"2016-10-06T13:08:29","date_gmt":"2016-10-06T16:08:29","guid":{"rendered":"http:\/\/vamosporlaliberacion.org\/crpmlm\/?p=7489"},"modified":"2020-10-25T19:47:15","modified_gmt":"2020-10-25T22:47:15","slug":"muchisimas-companeras-sufren-de-violencia-en-el-hogar-y-en-el-ambito-laboral","status":"publish","type":"post","link":"https:\/\/vamosporlaliberacion.org\/crpmlm\/muchisimas-companeras-sufren-de-violencia-en-el-hogar-y-en-el-ambito-laboral\/","title":{"rendered":"\u201cMuch\u00edsimas compa\u00f1eras sufren de violencia en el hogar y en el \u00e1mbito laboral\u201d"},"content":{"rendered":"<p class=\"Parrafo-inicial\">Entrevistamos a Ver\u00f3nica Andino, secretaria adjunta del sindicato docente SUTEF de Tierra del Fuego.<\/p>\n<p class=\"Parrafo-inicial\"><span class=\"char-style-override-3\">E<\/span>n su paso por Buenos Aires para continuar con la campa\u00f1a contra la exoneraci\u00f3n de 17 docentes de Tierra del Fuego, entrevistamos a Ver\u00f3nica Andino. Docente cordobesa, que dej\u00f3 el calor intenso de su provincia para instalarse junto a su compa\u00f1ero en el crudo fr\u00edo de R\u00edo Grande, en Tierra del Fuego. Su firmeza en la defensa de los derechos laborales la llev\u00f3 al frente de la seccional del SUTEF, el sindicato docente provincial.<\/p>\n<p class=\"Texto-base\">Hoy, el SUTEF viene desplegando una amplia campa\u00f1a contra la exoneraci\u00f3n de 17 docentes por parte de Fabiana R\u00edos, ex gobernadora, y Rosana Bertone, actual gobernadora; y contra la exclusi\u00f3n de la tutela sindical resuelta en primera instancia por la \u201cJusticia\u201d Laboral, paso necesario para efectivizar el despido ya que se trata de dirigentes sindicales. El 31\u00ba Encuentro Nacional de Mujeres ser\u00e1 otro \u00e1mbito de denuncia contra esta persecuci\u00f3n, para lo cual viajar\u00e1 a Rosario una nutrida delegaci\u00f3n de docentes fueguinas.<\/p>\n<p class=\"Entrevistador\"><strong>\u2013\u00bfPor qu\u00e9 escracharon a la ex gobernadora Fabiana R\u00edos en el pre encuentro de mujeres que se hizo en la isla?<\/strong><\/p>\n<p class=\"Texto-base para-style-override-19\">\u2013Como en nuestra organizaci\u00f3n venimos trabajando en pol\u00edticas de g\u00e9nero fuimos parte organizadora del pre encuentro en conjunto con otras organizaciones. Repudiamos su presencia porque entendemos que no se puede usar el reclamo de las mujeres para pretender reinsertarse pol\u00edticamente mientras que, cuando fue gobernadora, resolvi\u00f3 exonerar a 17 delegados docentes. Entre ellos a nuestra compa\u00f1era Ver\u00f3nica Alfonso, sost\u00e9n de familia. Luego, en la comisi\u00f3n, Fabiana R\u00edos no pudo dar ning\u00fan argumento de por qu\u00e9 cuando fue gobernadora, en vez de hacer uso de ese poder para pensar pol\u00edticas de g\u00e9nero orientadas a mejorar la vida y las condiciones laborales de las trabajadoras, por el contrario tom\u00f3 definiciones en contra y persigui\u00f3 a los docentes. Es la primera vez despu\u00e9s de la vuelta de la democracia que se toman definiciones contra 17 dirigentes sindicales.<\/p>\n<p class=\"Entrevistador\"><strong>\u2013\u00bfQu\u00e9 funci\u00f3n docente tiene Ver\u00f3nica Alfonso?<\/strong><\/p>\n<p class=\"Texto-base para-style-override-19\">\u2013Ver\u00f3nica es docente y bibliotecaria de nuestra provincia. En 2013 era la secretaria de prensa de nuestra organizaci\u00f3n y obviamente estaba cumpliendo sus tareas. Por ese hecho, por haber estado cumpliendo sus funciones, fue exonerada del sistema con la posibilidad no s\u00f3lo de perder su trabajo sino de cambiar su elecci\u00f3n de vida. Porque ella es de una provincia del norte del pa\u00eds y defini\u00f3 ir a vivir a Tierra del Fuego, puso all\u00ed sus proyectos y sus sue\u00f1os, y ahora lamentablemente la est\u00e1n empujando a volverse.<\/p>\n<p class=\"Entrevistador\"><strong>\u2013\u00bfQu\u00e9 opini\u00f3n te merece el hecho que tanto la gobernadora saliente como Bertone, la entrante, sean mujeres y est\u00e9n llevando adelante las exoneraciones?<\/strong><\/p>\n<p class=\"Texto-base para-style-override-19\">\u2013Eso tambi\u00e9n form\u00f3 parte del an\u00e1lisis y debate en el pre encuentro. La verdad es que R\u00edos y Bertone nada han hecho para pensar y trabajar sobre pol\u00edticas inclusivas de g\u00e9nero, en la prevenci\u00f3n, en la difusi\u00f3n de la problem\u00e1ticas de las mujeres sino todo lo contrario. No s\u00f3lo por lo que pas\u00f3 con nuestra compa\u00f1era en particular, sino que las dos han atacado al sector docente, que mayoritariamente est\u00e1 compuesto por mujeres. Y seguimos sufriendo persecuciones de todo tipo en lo laboral, en el armado de causas; y las seis supervisoras que fueron separadas de sus cargos tambi\u00e9n son todas mujeres. Despu\u00e9s, a la hora de transmitir a la opini\u00f3n p\u00fablica, tanto la ex gobernadora R\u00edos como la actual Bertone hacen uso de su condici\u00f3n de mujer para sensibilizar a la poblaci\u00f3n. Nuestra experiencia con las mujeres en el gobierno es que sus resoluciones tienen que ver m\u00e1s con las clases opresoras que expresan que con una cuesti\u00f3n de g\u00e9nero.<\/p>\n<p class=\"Entrevistador\"><strong>\u2013\u00bfQu\u00e9 balance hac\u00e9s sobre la campa\u00f1a nacional contra la exoneraci\u00f3n y el despido de los 15 delegados docentes?<\/strong><\/p>\n<p class=\"Texto-base para-style-override-19\">\u2013Hemos recibido una gran solidaridad pero fundamentalmente se va trabajando la conciencia que el desafuero y despido de los 17 compa\u00f1eros definitivamente no es s\u00f3lo una cuesti\u00f3n s\u00f3lo de los docentes y estatales de Tierra del Fuego sino que es un problema grav\u00edsimo para todos los trabajadores del pa\u00eds. Porque implicar\u00eda un antecedente muy serio para todos.<\/p>\n<p class=\"Entrevistador\"><strong>\u2013\u00bfEn qu\u00e9 situaci\u00f3n se encuentran ahora las paritarias docentes?<\/strong><\/p>\n<p class=\"Texto-base para-style-override-19\">\u2013En todas las provincias y el reclamo a nivel nacional tiene que ver con la reapertura de la paritaria. En el caso nuestro es la apertura, porque nosotros tuvimos s\u00f3lo un encuentro paritario en el mes de febrero donde hubo un ofrecimiento del cero por ciento para este a\u00f1o. Y que adem\u00e1s, producto de las leyes que se aprobaron en el mes de enero, tenemos reducci\u00f3n de salario por el aumento de los aportes personales, por el mal llamado aporte solidario, ese descuento compulsivo\u2026 Por lo tanto un docente hoy est\u00e1 cobrando menos que en diciembre del a\u00f1o pasado. La discusi\u00f3n paritaria no se dio. Nosotros hemos hecho todos los reclamos porque se est\u00e1 incumpliendo la ley 424, que es la que establece la regularidad de los encuentros paritarios y dem\u00e1s. No tuvimos respuesta en el Ministerio de Trabajo por lo que llevamos a la Justicia este pedido.<\/p>\n<p class=\"Entrevistador\"><strong>\u2013\u00bfCu\u00e1ndo fuiste elegida como secretaria general del SUTEF de R\u00edo Grande?<\/strong><\/p>\n<p class=\"Texto-base para-style-override-19\">\u2013Despu\u00e9s de la permanencia en Casa de Gobierno en 2013, y como consecuencia de un reclamo de los docentes de R\u00edo Grande, la conducci\u00f3n Celeste de la seccional fue destituida como conducci\u00f3n por un Congreso Extraordinario; pero no se los expuls\u00f3 como afiliados. Porque mientras los docentes est\u00e1bamos en conflicto con el gobierno definieron que acataban la conciliaci\u00f3n obligatoria. Hicieron una conferencia de prensa donde manifestaron que no estaban de acuerdo con la permanencia en la Casa de Gobierno y nos dejaron solos en R\u00edo Grande. A partir de ah\u00ed se hicieron much\u00edsimas asambleas que pidieron que fueran destituidos. Se siguieron todos los pasos estatutarios que corresponden, intervino la Junta de Disciplina y finalmente se hizo ese Congreso Extraordinario. En la siguiente elecci\u00f3n no se presentaron como opci\u00f3n. Nosotros presentamos la Lista Lila, que ganamos por una ampl\u00edsima mayor\u00eda en junio de 2015 y yo asum\u00ed el 11 de septiembre de 2015 como secretaria general de la seccional R\u00edo Grande.<\/p>\n<p class=\"Entrevistador\"><strong>\u2013\u00bfC\u00f3mo es la participaci\u00f3n de las mujeres en el SUTEF?<\/strong><\/p>\n<p class=\"Texto-base para-style-override-19\">\u2013M\u00e1s del 90% de los docentes somos mujeres. Esto hace que trabajemos a la par de cada uno de nuestros compa\u00f1eros pero que adem\u00e1s tengamos miradas particulares con respecto a la funci\u00f3n y el trabajo de la mujer. Llevamos adelante una pol\u00edtica de g\u00e9nero clara con un posicionamiento en defensa de derechos y de las particularidades que tiene el hecho de ser mujer en un sistema machista y patriarcal, que entendemos se vive a\u00fan hoy y se pelea todos los d\u00edas. Tambi\u00e9n en Tierra del Fuego han sucedido femicidios, lamentablemente el \u00faltimo fue el de Nilda N\u00fa\u00f1ez en el mes de julio. Lamentablemente estas situaciones de dolor y extremas hacen que los mecanismos del Estado por lo menos intenten ocuparse. Pero las pol\u00edticas p\u00fablicas de prevenci\u00f3n no est\u00e1n orientadas lamentablemente a dar difusi\u00f3n, ni a contener a las v\u00edctimas, sino que s\u00f3lo resuelven el emergente. Nosotros trabajamos en pol\u00edticas m\u00e1s profundas que esperamos se lleven adelante y lo seguimos haciendo y militando en cada una de nuestras escuelas. Hay much\u00edsimas compa\u00f1eras que sufren de violencia en el hogar y en el \u00e1mbito laboral tambi\u00e9n. Y sobre eso trabajamos desde el sector justamente porque somos mayor\u00eda de mujeres.<\/p>\n<p class=\"Entrevistador\"><strong>\u2013\u00bfC\u00f3mo abordan los casos de violencia de g\u00e9nero contra una docente?<\/strong><\/p>\n<p class=\"Texto-base para-style-override-19\">\u2013Por un lado la contenci\u00f3n tiene que ver con demandar al Estado y los organismos que cumplan con los diferentes mecanismos para contener. Hay una Secretar\u00eda de Pol\u00edticas de G\u00e9nero dentro de la CTA que tiene a una compa\u00f1era a cargo. Y en los espacios que tenemos en las escuelas, lo primero que podemos hacer es justamente abrir la discusi\u00f3n, el debate y la formaci\u00f3n de las compa\u00f1eras, en conocer cu\u00e1les son sus derechos. Nos falta much\u00edsimo por supuesto, sobre todo en la cuesti\u00f3n de dar respuesta urgente a situaciones concretas. Una compa\u00f1era necesita o est\u00e1 siendo golpeada en su casa y necesita una respuesta urgente para poder denunciar y salir de ese hogar. Frente a esas cosas lo primero que hacemos es ocuparnos y demandar los caminos necesarios para que eso se resuelva. Despu\u00e9s, por supuesto, el apoyo jur\u00eddico de parte de nuestros abogados en caso de ser necesario y el acompa\u00f1amiento de las compa\u00f1eras que est\u00e1n trabajando en este tema.<\/p>\n<p class=\"Entrevistador\"><strong>\u2013\u00bfC\u00f3mo se resuelve en general el trabajo dom\u00e9stico en los hogares de las docentes?<\/strong><\/p>\n<p class=\"Texto-base para-style-override-19\">\u2013La mayor\u00eda de los compa\u00f1eros y compa\u00f1eras tienen que trabajar dos turnos para poder estar un poco cerca de la canasta familiar, que est\u00e1 por encima de los 30 mil pesos. Y un docente o una compa\u00f1era est\u00e1 ganando 12.400 mil pesos si trabaja en un cargo y tiene hasta cuatro a\u00f1os de antig\u00fcedad. Muchas de las compa\u00f1eras que viven en Tierra del Fuego son sost\u00e9n de familia. Por la composici\u00f3n de la sociedad en ese sentido somos muchos los que hemos viajado desde otros lugares del pa\u00eds a vivir en esta provincia, lo que implica tambi\u00e9n que en muchos casos son mujeres que est\u00e1n solas, sin familia cerca para contener y acompa\u00f1ar. Por lo tanto el trabajo es realmente doble. Por un lado el trabajo en las escuelas, y por otro lado sostener el trabajo en la casa, la mayor\u00eda de las veces solas. En ese sentido desde la organizaci\u00f3n fomentamos el acompa\u00f1amiento entre nosotras porque es muy duro: la cantidad de horas que se trabaja en la escuela, por lo menos nueve; m\u00e1s el trabajo se lleva uno desde la escuela a la casa; m\u00e1s el trabajo dentro de la casa, muchas veces mujeres solas sin su familia.<\/p>\n<p class=\"Entrevistador\"><strong>\u2013\u00bfY en tu caso c\u00f3mo lo resolv\u00e9s, siendo adem\u00e1s dirigente gremial?<\/strong><\/p>\n<p class=\"Texto-base para-style-override-19\">\u2013La verdad es que tengo un compa\u00f1ero con quien nos repartimos muy bien las tareas. Tenemos una visi\u00f3n clara que no hay tareas de la mujer y tareas del hombre. As\u00ed es en nuestra casa. Lo llevamos muy bien porque tanto \u00e9l como mis hijos, que son grandes, se ocupan de las tareas. Tiene que ver con una concepci\u00f3n que uno tiene del trabajo.<\/p>\n<p class=\"Entrevistador\"><strong>\u2013\u00bfQu\u00e9 alcance tiene la educaci\u00f3n sexual integral dentro de las instituciones educativas?<\/strong><\/p>\n<p class=\"Texto-base para-style-override-19\">\u2013A pesar de ser parte de la curr\u00edcula y que deber\u00eda trabajarse en todas las instituciones, nunca han tenido la continuidad necesaria. Hubo como un surgimiento hace unos a\u00f1os de trabajarlo dentro de los gabinetes escolares. Hab\u00eda programas nacionales espec\u00edficos. Pero nunca forman parte concreta en el aula con una continuidad que les permita a los ni\u00f1os y a los j\u00f3venes tener un trabajo serio y sostenido en relaci\u00f3n a la sexualidad.<\/p>\n<p class=\"Entrevistador\"><strong>\u2013Este a\u00f1o tambi\u00e9n en la isla se realizaron las movilizaciones de Ni Una Menos. \u00bfQu\u00e9 problem\u00e1ticas se expresaron en esa jornada?<\/strong><\/p>\n<p class=\"Texto-base para-style-override-19\">\u2013En Tierra del Fuego se hizo el a\u00f1o pasado el primer juicio de trata; que tiene ahora una continuidad en el mes de noviembre, que precisamente es la primera vez que una v\u00edctima de trata denuncia a sus victimarios. La compa\u00f1era Alika Kinan, qui\u00e9n es la principal querellante en este juicio, ha trabajado much\u00edsimo en este juicio y ha contribuido mucho su experiencia personal a debatir mucho m\u00e1s, a que se conozca. Pero faltan pol\u00edticas p\u00fablicas espec\u00edficas de contenci\u00f3n real. Alika lo dice siempre, lo que hace falta son respuestas concretas.<\/p>\n<!-- AddThis Advanced Settings generic via filter on the_content --><!-- AddThis Share Buttons generic via filter on the_content -->","protected":false},"excerpt":{"rendered":"<p>Entrevistamos a Ver\u00f3nica Andino, secretaria adjunta del sindicato docente SUTEF de Tierra del Fuego. En su paso por Buenos Aires para continuar con la campa\u00f1a contra la exoneraci\u00f3n de 17 docentes de Tierra del Fuego, entrevistamos a Ver\u00f3nica Andino. Docente cordobesa, que dej\u00f3 el calor intenso de su provincia para instalarse junto a su compa\u00f1ero [&hellip;]<!-- AddThis Advanced Settings generic via filter on get_the_excerpt --><!-- AddThis Share Buttons generic via filter on get_the_excerpt --><\/p>\n","protected":false},"author":5,"featured_media":7502,"comment_status":"open","ping_status":"open","sticky":false,"template":"","format":"standard","meta":{"_jetpack_memberships_contains_paid_content":false,"footnotes":""},"categories":[1520,1875],"tags":[108,1210,786,740,815],"class_list":{"0":"post-7489","1":"post","2":"type-post","3":"status-publish","4":"format-standard","5":"has-post-thumbnail","7":"category-entrevista","8":"category-genero","9":"tag-encuentro-nacional-de-mujeres","10":"tag-entrevista","11":"tag-no-al-despido-de-los-17-dirigentes-docentes-fueguinos","12":"tag-veronica-andino","13":"tag-vxl-84"},"yoast_head":"<!-- This site is optimized with the Yoast SEO plugin v27.4 - https:\/\/yoast.com\/product\/yoast-seo-wordpress\/ -->\n<title>\u201cMuch\u00edsimas compa\u00f1eras sufren de violencia en el hogar y en el \u00e1mbito laboral\u201d - Vamos por la Liberaci\u00f3n<\/title>\n<meta name=\"robots\" content=\"index, follow, max-snippet:-1, max-image-preview:large, max-video-preview:-1\" \/>\n<link rel=\"canonical\" href=\"http:\/\/vamosporlaliberacion.org\/crpmlm\/muchisimas-companeras-sufren-de-violencia-en-el-hogar-y-en-el-ambito-laboral\/\" \/>\n<meta name=\"twitter:label1\" content=\"Escrito por\" \/>\n\t<meta name=\"twitter:data1\" content=\"\" \/>\n\t<meta name=\"twitter:label2\" content=\"Tiempo de lectura\" \/>\n\t<meta name=\"twitter:data2\" content=\"10 minutos\" \/>\n<script type=\"application\/ld+json\" class=\"yoast-schema-graph\">{\"@context\":\"https:\\\/\\\/schema.org\",\"@graph\":[{\"@type\":\"Article\",\"@id\":\"http:\\\/\\\/vamosporlaliberacion.org\\\/crpmlm\\\/muchisimas-companeras-sufren-de-violencia-en-el-hogar-y-en-el-ambito-laboral\\\/#article\",\"isPartOf\":{\"@id\":\"http:\\\/\\\/vamosporlaliberacion.org\\\/crpmlm\\\/muchisimas-companeras-sufren-de-violencia-en-el-hogar-y-en-el-ambito-laboral\\\/\"},\"author\":{\"name\":\"\",\"@id\":\"\"},\"headline\":\"\u201cMuch\u00edsimas compa\u00f1eras sufren de violencia en el hogar y en el \u00e1mbito laboral\u201d\",\"datePublished\":\"2016-10-06T16:08:29+00:00\",\"dateModified\":\"2020-10-25T22:47:15+00:00\",\"mainEntityOfPage\":{\"@id\":\"http:\\\/\\\/vamosporlaliberacion.org\\\/crpmlm\\\/muchisimas-companeras-sufren-de-violencia-en-el-hogar-y-en-el-ambito-laboral\\\/\"},\"wordCount\":2051,\"commentCount\":0,\"image\":{\"@id\":\"http:\\\/\\\/vamosporlaliberacion.org\\\/crpmlm\\\/muchisimas-companeras-sufren-de-violencia-en-el-hogar-y-en-el-ambito-laboral\\\/#primaryimage\"},\"thumbnailUrl\":\"https:\\\/\\\/i0.wp.com\\\/vamosporlaliberacion.org\\\/crpmlm\\\/wp-content\\\/uploads\\\/2016\\\/10\\\/img5.jpg?fit=696%2C392&ssl=1\",\"keywords\":[\"Encuentro Nacional de Mujeres\",\"entrevista\",\"No al despido de los 17 dirigentes docentes fueguinos\",\"Ver\u00f3nica Andino\",\"vxl 84\"],\"articleSection\":[\"Entrevista\",\"Genero\"],\"inLanguage\":\"es\",\"potentialAction\":[{\"@type\":\"CommentAction\",\"name\":\"Comment\",\"target\":[\"http:\\\/\\\/vamosporlaliberacion.org\\\/crpmlm\\\/muchisimas-companeras-sufren-de-violencia-en-el-hogar-y-en-el-ambito-laboral\\\/#respond\"]}]},{\"@type\":\"WebPage\",\"@id\":\"http:\\\/\\\/vamosporlaliberacion.org\\\/crpmlm\\\/muchisimas-companeras-sufren-de-violencia-en-el-hogar-y-en-el-ambito-laboral\\\/\",\"url\":\"http:\\\/\\\/vamosporlaliberacion.org\\\/crpmlm\\\/muchisimas-companeras-sufren-de-violencia-en-el-hogar-y-en-el-ambito-laboral\\\/\",\"name\":\"\u201cMuch\u00edsimas compa\u00f1eras sufren de violencia en el hogar y en el \u00e1mbito laboral\u201d - Vamos por la Liberaci\u00f3n\",\"isPartOf\":{\"@id\":\"https:\\\/\\\/vamosporlaliberacion.org\\\/crpmlm\\\/#website\"},\"primaryImageOfPage\":{\"@id\":\"http:\\\/\\\/vamosporlaliberacion.org\\\/crpmlm\\\/muchisimas-companeras-sufren-de-violencia-en-el-hogar-y-en-el-ambito-laboral\\\/#primaryimage\"},\"image\":{\"@id\":\"http:\\\/\\\/vamosporlaliberacion.org\\\/crpmlm\\\/muchisimas-companeras-sufren-de-violencia-en-el-hogar-y-en-el-ambito-laboral\\\/#primaryimage\"},\"thumbnailUrl\":\"https:\\\/\\\/i0.wp.com\\\/vamosporlaliberacion.org\\\/crpmlm\\\/wp-content\\\/uploads\\\/2016\\\/10\\\/img5.jpg?fit=696%2C392&ssl=1\",\"datePublished\":\"2016-10-06T16:08:29+00:00\",\"dateModified\":\"2020-10-25T22:47:15+00:00\",\"author\":{\"@id\":\"\"},\"breadcrumb\":{\"@id\":\"http:\\\/\\\/vamosporlaliberacion.org\\\/crpmlm\\\/muchisimas-companeras-sufren-de-violencia-en-el-hogar-y-en-el-ambito-laboral\\\/#breadcrumb\"},\"inLanguage\":\"es\",\"potentialAction\":[{\"@type\":\"ReadAction\",\"target\":[\"http:\\\/\\\/vamosporlaliberacion.org\\\/crpmlm\\\/muchisimas-companeras-sufren-de-violencia-en-el-hogar-y-en-el-ambito-laboral\\\/\"]}]},{\"@type\":\"ImageObject\",\"inLanguage\":\"es\",\"@id\":\"http:\\\/\\\/vamosporlaliberacion.org\\\/crpmlm\\\/muchisimas-companeras-sufren-de-violencia-en-el-hogar-y-en-el-ambito-laboral\\\/#primaryimage\",\"url\":\"https:\\\/\\\/i0.wp.com\\\/vamosporlaliberacion.org\\\/crpmlm\\\/wp-content\\\/uploads\\\/2016\\\/10\\\/img5.jpg?fit=696%2C392&ssl=1\",\"contentUrl\":\"https:\\\/\\\/i0.wp.com\\\/vamosporlaliberacion.org\\\/crpmlm\\\/wp-content\\\/uploads\\\/2016\\\/10\\\/img5.jpg?fit=696%2C392&ssl=1\",\"width\":696,\"height\":392},{\"@type\":\"BreadcrumbList\",\"@id\":\"http:\\\/\\\/vamosporlaliberacion.org\\\/crpmlm\\\/muchisimas-companeras-sufren-de-violencia-en-el-hogar-y-en-el-ambito-laboral\\\/#breadcrumb\",\"itemListElement\":[{\"@type\":\"ListItem\",\"position\":1,\"name\":\"Portada\",\"item\":\"https:\\\/\\\/vamosporlaliberacion.org\\\/crpmlm\\\/\"},{\"@type\":\"ListItem\",\"position\":2,\"name\":\"\u201cMuch\u00edsimas compa\u00f1eras sufren de violencia en el hogar y en el \u00e1mbito laboral\u201d\"}]},{\"@type\":\"WebSite\",\"@id\":\"https:\\\/\\\/vamosporlaliberacion.org\\\/crpmlm\\\/#website\",\"url\":\"https:\\\/\\\/vamosporlaliberacion.org\\\/crpmlm\\\/\",\"name\":\"Vamos por la Liberaci\u00f3n\",\"description\":\"Prensa CR\",\"potentialAction\":[{\"@type\":\"SearchAction\",\"target\":{\"@type\":\"EntryPoint\",\"urlTemplate\":\"https:\\\/\\\/vamosporlaliberacion.org\\\/crpmlm\\\/?s={search_term_string}\"},\"query-input\":{\"@type\":\"PropertyValueSpecification\",\"valueRequired\":true,\"valueName\":\"search_term_string\"}}],\"inLanguage\":\"es\"},{\"@type\":\"Person\",\"@id\":\"\",\"url\":\"https:\\\/\\\/vamosporlaliberacion.org\\\/crpmlm\\\/author\\\/\"}]}<\/script>\n<!-- \/ Yoast SEO plugin. -->","yoast_head_json":{"title":"\u201cMuch\u00edsimas compa\u00f1eras sufren de violencia en el hogar y en el \u00e1mbito laboral\u201d - Vamos por la Liberaci\u00f3n","robots":{"index":"index","follow":"follow","max-snippet":"max-snippet:-1","max-image-preview":"max-image-preview:large","max-video-preview":"max-video-preview:-1"},"canonical":"http:\/\/vamosporlaliberacion.org\/crpmlm\/muchisimas-companeras-sufren-de-violencia-en-el-hogar-y-en-el-ambito-laboral\/","twitter_misc":{"Escrito por":"","Tiempo de lectura":"10 minutos"},"schema":{"@context":"https:\/\/schema.org","@graph":[{"@type":"Article","@id":"http:\/\/vamosporlaliberacion.org\/crpmlm\/muchisimas-companeras-sufren-de-violencia-en-el-hogar-y-en-el-ambito-laboral\/#article","isPartOf":{"@id":"http:\/\/vamosporlaliberacion.org\/crpmlm\/muchisimas-companeras-sufren-de-violencia-en-el-hogar-y-en-el-ambito-laboral\/"},"author":{"name":"","@id":""},"headline":"\u201cMuch\u00edsimas compa\u00f1eras sufren de violencia en el hogar y en el \u00e1mbito laboral\u201d","datePublished":"2016-10-06T16:08:29+00:00","dateModified":"2020-10-25T22:47:15+00:00","mainEntityOfPage":{"@id":"http:\/\/vamosporlaliberacion.org\/crpmlm\/muchisimas-companeras-sufren-de-violencia-en-el-hogar-y-en-el-ambito-laboral\/"},"wordCount":2051,"commentCount":0,"image":{"@id":"http:\/\/vamosporlaliberacion.org\/crpmlm\/muchisimas-companeras-sufren-de-violencia-en-el-hogar-y-en-el-ambito-laboral\/#primaryimage"},"thumbnailUrl":"https:\/\/i0.wp.com\/vamosporlaliberacion.org\/crpmlm\/wp-content\/uploads\/2016\/10\/img5.jpg?fit=696%2C392&ssl=1","keywords":["Encuentro Nacional de Mujeres","entrevista","No al despido de los 17 dirigentes docentes fueguinos","Ver\u00f3nica Andino","vxl 84"],"articleSection":["Entrevista","Genero"],"inLanguage":"es","potentialAction":[{"@type":"CommentAction","name":"Comment","target":["http:\/\/vamosporlaliberacion.org\/crpmlm\/muchisimas-companeras-sufren-de-violencia-en-el-hogar-y-en-el-ambito-laboral\/#respond"]}]},{"@type":"WebPage","@id":"http:\/\/vamosporlaliberacion.org\/crpmlm\/muchisimas-companeras-sufren-de-violencia-en-el-hogar-y-en-el-ambito-laboral\/","url":"http:\/\/vamosporlaliberacion.org\/crpmlm\/muchisimas-companeras-sufren-de-violencia-en-el-hogar-y-en-el-ambito-laboral\/","name":"\u201cMuch\u00edsimas compa\u00f1eras sufren de violencia en el hogar y en el \u00e1mbito laboral\u201d - Vamos por la Liberaci\u00f3n","isPartOf":{"@id":"https:\/\/vamosporlaliberacion.org\/crpmlm\/#website"},"primaryImageOfPage":{"@id":"http:\/\/vamosporlaliberacion.org\/crpmlm\/muchisimas-companeras-sufren-de-violencia-en-el-hogar-y-en-el-ambito-laboral\/#primaryimage"},"image":{"@id":"http:\/\/vamosporlaliberacion.org\/crpmlm\/muchisimas-companeras-sufren-de-violencia-en-el-hogar-y-en-el-ambito-laboral\/#primaryimage"},"thumbnailUrl":"https:\/\/i0.wp.com\/vamosporlaliberacion.org\/crpmlm\/wp-content\/uploads\/2016\/10\/img5.jpg?fit=696%2C392&ssl=1","datePublished":"2016-10-06T16:08:29+00:00","dateModified":"2020-10-25T22:47:15+00:00","author":{"@id":""},"breadcrumb":{"@id":"http:\/\/vamosporlaliberacion.org\/crpmlm\/muchisimas-companeras-sufren-de-violencia-en-el-hogar-y-en-el-ambito-laboral\/#breadcrumb"},"inLanguage":"es","potentialAction":[{"@type":"ReadAction","target":["http:\/\/vamosporlaliberacion.org\/crpmlm\/muchisimas-companeras-sufren-de-violencia-en-el-hogar-y-en-el-ambito-laboral\/"]}]},{"@type":"ImageObject","inLanguage":"es","@id":"http:\/\/vamosporlaliberacion.org\/crpmlm\/muchisimas-companeras-sufren-de-violencia-en-el-hogar-y-en-el-ambito-laboral\/#primaryimage","url":"https:\/\/i0.wp.com\/vamosporlaliberacion.org\/crpmlm\/wp-content\/uploads\/2016\/10\/img5.jpg?fit=696%2C392&ssl=1","contentUrl":"https:\/\/i0.wp.com\/vamosporlaliberacion.org\/crpmlm\/wp-content\/uploads\/2016\/10\/img5.jpg?fit=696%2C392&ssl=1","width":696,"height":392},{"@type":"BreadcrumbList","@id":"http:\/\/vamosporlaliberacion.org\/crpmlm\/muchisimas-companeras-sufren-de-violencia-en-el-hogar-y-en-el-ambito-laboral\/#breadcrumb","itemListElement":[{"@type":"ListItem","position":1,"name":"Portada","item":"https:\/\/vamosporlaliberacion.org\/crpmlm\/"},{"@type":"ListItem","position":2,"name":"\u201cMuch\u00edsimas compa\u00f1eras sufren de violencia en el hogar y en el \u00e1mbito laboral\u201d"}]},{"@type":"WebSite","@id":"https:\/\/vamosporlaliberacion.org\/crpmlm\/#website","url":"https:\/\/vamosporlaliberacion.org\/crpmlm\/","name":"Vamos por la Liberaci\u00f3n","description":"Prensa CR","potentialAction":[{"@type":"SearchAction","target":{"@type":"EntryPoint","urlTemplate":"https:\/\/vamosporlaliberacion.org\/crpmlm\/?s={search_term_string}"},"query-input":{"@type":"PropertyValueSpecification","valueRequired":true,"valueName":"search_term_string"}}],"inLanguage":"es"},{"@type":"Person","@id":"","url":"https:\/\/vamosporlaliberacion.org\/crpmlm\/author\/"}]}},"jetpack_featured_media_url":"https:\/\/i0.wp.com\/vamosporlaliberacion.org\/crpmlm\/wp-content\/uploads\/2016\/10\/img5.jpg?fit=696%2C392&ssl=1","jetpack_sharing_enabled":true,"_links":{"self":[{"href":"https:\/\/vamosporlaliberacion.org\/crpmlm\/wp-json\/wp\/v2\/posts\/7489","targetHints":{"allow":["GET"]}}],"collection":[{"href":"https:\/\/vamosporlaliberacion.org\/crpmlm\/wp-json\/wp\/v2\/posts"}],"about":[{"href":"https:\/\/vamosporlaliberacion.org\/crpmlm\/wp-json\/wp\/v2\/types\/post"}],"author":[{"embeddable":true,"href":"https:\/\/vamosporlaliberacion.org\/crpmlm\/wp-json\/wp\/v2\/users\/5"}],"replies":[{"embeddable":true,"href":"https:\/\/vamosporlaliberacion.org\/crpmlm\/wp-json\/wp\/v2\/comments?post=7489"}],"version-history":[{"count":1,"href":"https:\/\/vamosporlaliberacion.org\/crpmlm\/wp-json\/wp\/v2\/posts\/7489\/revisions"}],"predecessor-version":[{"id":20565,"href":"https:\/\/vamosporlaliberacion.org\/crpmlm\/wp-json\/wp\/v2\/posts\/7489\/revisions\/20565"}],"wp:featuredmedia":[{"embeddable":true,"href":"https:\/\/vamosporlaliberacion.org\/crpmlm\/wp-json\/wp\/v2\/media\/7502"}],"wp:attachment":[{"href":"https:\/\/vamosporlaliberacion.org\/crpmlm\/wp-json\/wp\/v2\/media?parent=7489"}],"wp:term":[{"taxonomy":"category","embeddable":true,"href":"https:\/\/vamosporlaliberacion.org\/crpmlm\/wp-json\/wp\/v2\/categories?post=7489"},{"taxonomy":"post_tag","embeddable":true,"href":"https:\/\/vamosporlaliberacion.org\/crpmlm\/wp-json\/wp\/v2\/tags?post=7489"}],"curies":[{"name":"wp","href":"https:\/\/api.w.org\/{rel}","templated":true}]}}