{"id":7307,"date":"2016-09-19T04:59:48","date_gmt":"2016-09-19T04:59:48","guid":{"rendered":"http:\/\/vamosporlaliberacion.org\/crpmlm\/?p=7307"},"modified":"2016-09-19T17:39:54","modified_gmt":"2016-09-19T17:39:54","slug":"el-gobierno-insiste-con-un-tarifazo-de-al-menos-740","status":"publish","type":"post","link":"https:\/\/vamosporlaliberacion.org\/crpmlm\/el-gobierno-insiste-con-un-tarifazo-de-al-menos-740\/","title":{"rendered":"El tarifazo del gobierno alcanzar\u00e1 el 740%"},"content":{"rendered":"<p>En la audiencia p\u00fablica el ministro Aranguren afirm\u00f3 que aumentar\u00e1 el gas residencial \u00abgradualmente y previsiblemente\u00bb en un 203% en pesos para octubre de este a\u00f1o y en un 425% en d\u00f3lares para octubre de 2019. Traducido esto \u00faltimo en pesos, significar\u00eda para ese a\u00f1o un aumento del 740% si consideramos la devaluaci\u00f3n ya anunciada en el presupuesto 2017 (que seguramente ser\u00e1 mayor, aunque tambi\u00e9n\u00a0habr\u00e1 que considerar el salario real tras futuras paritarias). De paso, el gobierno reafirm\u00f3 la dolarizaci\u00f3n de la tarifa energ\u00e9tica.<\/p>\n<p>El argumento de semejante tarifazo \u2013cuya \u00abprevisibilidad\u00bb no hace m\u00e1s que preanunciar\u00a0nuevas movilizaciones\u2013 es que se deber\u00eda pagar a las petroleras\u00a0el precio de \u00abmercado\u00bb del gas en boca de pozo, considerando como si fuera el que corresponder\u00eda al precio del gas natural licuado que se importa por barco. Seg\u00fan la diapositiva N\u00ba23 de la presentaci\u00f3n del shellista Juan Jos\u00e9 Aranguren, este precio se ubica en 6,78 d\u00f3lares por mill\u00f3n de BTU (cada mill\u00f3n de BTU equivale a 27 metros c\u00fabicos de gas).\u00a0El valor del gas que se paga hoy en los hogares no supera los 1,52 d\u00f3lares por mill\u00f3n de BTU (que representa el 65% de la tarifa final ya que debe sumarse el transporte y la distribuci\u00f3n). De este modo, el aumento para octubre de 2019 alcanza el 425% en d\u00f3lares. En el caso de la Patagonia y otras zonas con precios especiales, el aumento se completar\u00eda en 2022 representando \u00a1un aumento del 4100% en d\u00f3lares!<\/p>\n<h2>\u00bf\u00bbM\u00e1s justo\u00bb?<\/h2>\n<p>Esta tarifa supera ampliamente la tarifa de gas en otros pa\u00edses productores de gas como Canad\u00e1 \u2013donde el valor del gas a boca de pozo\u00a0es de 2,0 d\u00f3lares por MMBTU\u2013 o Estados Unidos \u2013d\u00f3nde sale 2,1 d\u00f3lares por MMBTU\u2013 (estos tambi\u00e9n son precios \u00abinternacionales\u00bb de referencia, pero que el gobierno prefiere ocultar). En Canad\u00e1 la tarifa de gas (sumando adem\u00e1s transporte y distribuci\u00f3n) representa en promedio un 2,5% del salario (datos de <span style=\"text-decoration: underline;\"><span style=\"color: #0000ff;\"><a style=\"color: #0000ff; text-decoration: underline;\" href=\"http:\/\/www.fundacionbariloche.org.ar\/wp-content\/uploads\/2015\/12\/El-gas-Natural-bien-suntuario-o-necesario-1-7-16.pdf\">Fundaci\u00f3n Bariloche<\/a><\/span><\/span>). En nuestro pa\u00eds, las tarifas a las que quiere llegar el gobierno superan\u00a0ampliamente el 10% del salario.<\/p>\n<p>Si Argentina produce gas y puede recuperar su autoabastecimiento, \u00bfpor qu\u00e9 deber\u00edamos pagar el precio de importaci\u00f3n como si todo el gas fuera importado? Evidentemente, el coraz\u00f3n de Aranguren sigue con la Shell, que vende a Chile el gas natural licuado (GNL) que luego nos vende a 7,09 d\u00f3lares (dicho sea de paso: el gas m\u00e1s caro que pagaremos en 2016, seg\u00fan constat\u00f3 el propio ministro en su diapositiva N\u00ba17).<\/p>\n<p>Incluso,\u00a0el propio informe presentado por el ministro ese mismo d\u00eda calcula en 5,22 d\u00f3lares por MMBTU al precio promedio del gas y gasoil que se pagar\u00e1 este a\u00f1o. Y el precio promedio baja a 4,45 d\u00f3lares si s\u00f3lo se considera el gas (el gasoil se utiliza en industria y usinas para reemplazar la falta de gas). Por otro lado, este promedio incluye el precio incentivo a la llamada \u00abProducci\u00f3n Incremental\u00bb (en nuevos pozos) de 7,33 d\u00f3lares por MMBTU. Si quedara a cargo del Estado nacional este incentivo a la producci\u00f3n, el precio promedio del gas a boca de pozo ser\u00eda de 3,15 d\u00f3lares. Esto propone por ejemplo el <span style=\"text-decoration: underline;\"><span style=\"color: #0000ff;\"><a style=\"color: #0000ff; text-decoration: underline;\" href=\"https:\/\/www.facebook.com\/notes\/instituto-de-energ%C3%ADa-scalabrini-ort%C3%ADz-ieso\/propuesta-para-la-audiencia-p%C3%BAblica-del-dia-16-9\/959817234140090\">Instituto de Energ\u00eda Scalabrini Ortiz<\/a>\u00a0(IESO)<\/span><\/span>, que curiosamente fue excluido de la audiencia p\u00fablica.<\/p>\n<p>Pero adem\u00e1s, el costo de producci\u00f3n de gas convencional ya descubiertos en boca de pozo no supera los 2 d\u00f3lares por MMBTU. Esto indican tanto la Fundaci\u00f3n Bariloche como el IESO. \u00bfPor qu\u00e9 pagar 6,78 algo que cuesta tres veces menos?<\/p>\n<p>Aranguren se ha negado reiteradamente\u00a0en dar alguna informaci\u00f3n sobre el costo del gas en boca de pozo. En cambio cerr\u00f3 su locuci\u00f3n asegurando intenciones de un \u00absuministro energ\u00e9tico m\u00e1s justo\u00bb. Pero su\u00a0cifra de 6,78 d\u00f3lares por mill\u00f3n de BTU es caprichosa, arbitraria&#8230; e interesada.<\/p>\n<h2>Subsidios&#8230;<\/h2>\n<p>Todo para eliminar los subsidios, dice. Pero, en realidad, no se eliminan sino que ahora los usuarios vamos a pasar a sostener en\u00a0nuestras boletas el precio subsidiado para los monopolios gas\u00edferos de 6,78 d\u00f3lares por MMBTU aun cuando el costo en boca de pozo convencional no supera los 2 d\u00f3lares.\u00a0En el diario <span style=\"text-decoration: underline;\"><span style=\"color: #0000ff;\"><a style=\"color: #0000ff; text-decoration: underline;\" href=\"http:\/\/www.ambito.com\/854339-gas-plan-oficial-ahora-gradual-pero-con-errores-estrategicos\">\u00c1mbito Financiero<\/a><\/span><\/span> sali\u00f3 publicado un art\u00edculo que calcula en 3700 millones d\u00f3lares al a\u00f1o el sobreprecio anual para beneficio de las petroleras que estaremos pagando todos (considera que hay un exceso de 2,3 d\u00f3lares por mill\u00f3n de BTU porque considera un valor pormedio de 4,4 d\u00f3lares, sin contar al gas oil en el c\u00e1lculo). Se evidencia\u00a0as\u00ed los intereses que defiende este ministro sostenido por el presidente.<\/p>\n<p>Esta tremenda transferencia de recursos no s\u00f3lo afecta\u00a0a los usuarios residenciales, sino tambi\u00e9n a la industria y los comercios. \u00bfQu\u00e9 desarrollo industrial puede haber con una energ\u00eda tan cara?<\/p>\n<h2>\u00bf\u00bbCuidado ambiental\u00bb?<\/h2>\n<p>Otra dosis de su cinismo es argumentar el tarifazo como una forma de cuidar el medio ambiente. Insiste en que consumimos un 60% m\u00e1s per c\u00e1pita que nuestros vecinos. Es decir: el pueblo ser\u00eda culpable de la crisis energ\u00e9tica debido a su derroche energ\u00e9tico.<\/p>\n<p>Pero seg\u00fan la propia presentaci\u00f3n oficial s\u00f3lo el 25% del consumo corresponde al residencial (diapositiva N\u00ba16). O sea, aunque ning\u00fan hogar prenda m\u00e1s su estufa o su horno, igual seguir\u00edamos consumiendo m\u00e1s gas que nuestros pa\u00edses vecinos. \u00bfHabr\u00e1 que cerrar f\u00e1bricas adem\u00e1s?<\/p>\n<p>En realidad, seg\u00fan el IESO, el consumo promedio por hogar actual sigue siendo el mismo que en 2000, que ronda los mil metros c\u00fabicos al a\u00f1o. Y si de comparaciones se trata, debe analizarse el consumo en pa\u00edses y zonas que tengan necesidades de calefacci\u00f3n semejantes a la nuestra (como es el caso de Canad\u00e1, por ejemplo). Por otro lado, \u00bfpor qu\u00e9 el gobierno no empieza por cuidar el medio ambiente en San Juan, donde acaba de producirse otro derrame de soluci\u00f3n cianurada?<\/p>\n<h2>Inversiones&#8230;<\/h2>\n<p>Aun pagando estas cifras siderales, nada asegura que a los monopolios petroleros les interese invertir en Argentina. Porque sus inversiones no dependen de los intereses nacionales ni de los deseos de un presidente, sino de si les es m\u00e1s rentable o no invertir en cualquier otro lugar del planeta. Quiz\u00e1s por esto el ministro no hizo ninguna estimaci\u00f3n sobre cu\u00e1nto aumentar\u00eda la producci\u00f3n local (sino que m\u00e1s bien hizo un plan para importar gas \u00absin subsidios\u00bb).<\/p>\n<p>M\u00e1s a\u00fan en un pa\u00eds dependiente como el nuestro, la \u00fanica garant\u00eda de desarrollo energ\u00e9tico sustentable es con una pol\u00edtica de Estado soberana, que planifique el aumento de producci\u00f3n con tarifas que contemplen las necesidades populares y nacionales. Naturalmente que para esto es necesario re-estatizar los servicios y la producci\u00f3n hidrocarbur\u00edfera, con control de los trabajadores y el pueblo. El ocultamiento sobre los costos de producci\u00f3n, los acuerdos secretos que se mantienen con Chevron y el tarifazo PRO claramente sirven para adecuar la pol\u00edtica energ\u00e9tica del pa\u00eds a las necesidades de los monopolios petroleros. Esta pol\u00edtica entreguista no s\u00f3lo la sufrimos en cada hogar sino que es tambi\u00e9n una traba para nuestro desarrollo productivo.\u00a0Por eso, as\u00ed como nos movilizamos el 16, las organizaciones populares seguiremos en la calle.<\/p>\n<p>&nbsp;<\/p>\n<p>&nbsp;<\/p>\n<p>&nbsp;<\/p>\n<!-- AddThis Advanced Settings generic via filter on the_content --><!-- AddThis Share Buttons generic via filter on the_content -->","protected":false},"excerpt":{"rendered":"<p>En la audiencia p\u00fablica el ministro Aranguren afirm\u00f3 que aumentar\u00e1 el gas residencial \u00abgradualmente y previsiblemente\u00bb en un 203% en pesos para octubre de este a\u00f1o y en un 425% en d\u00f3lares para octubre de 2019. Traducido esto \u00faltimo en pesos, significar\u00eda para ese a\u00f1o un aumento del 740% si consideramos la devaluaci\u00f3n ya anunciada [&hellip;]<!-- AddThis Advanced Settings generic via filter on get_the_excerpt --><!-- AddThis Share Buttons generic via filter on get_the_excerpt --><\/p>\n","protected":false},"author":5,"featured_media":7310,"comment_status":"open","ping_status":"open","sticky":false,"template":"","format":"standard","meta":{"_jetpack_memberships_contains_paid_content":false,"footnotes":""},"categories":[1],"tags":[520,570,524],"class_list":{"0":"post-7307","1":"post","2":"type-post","3":"status-publish","4":"format-standard","5":"has-post-thumbnail","7":"category-sin-categoria","8":"tag-destacado-2","9":"tag-juan-jose-aranguren","10":"tag-tarifazo"},"yoast_head":"<!-- This site is optimized with the Yoast SEO plugin v27.4 - https:\/\/yoast.com\/product\/yoast-seo-wordpress\/ -->\n<title>El tarifazo del gobierno alcanzar\u00e1 el 740% - Vamos por la Liberaci\u00f3n<\/title>\n<meta name=\"robots\" content=\"index, follow, max-snippet:-1, max-image-preview:large, max-video-preview:-1\" \/>\n<link rel=\"canonical\" href=\"http:\/\/vamosporlaliberacion.org\/crpmlm\/el-gobierno-insiste-con-un-tarifazo-de-al-menos-740\/\" \/>\n<meta name=\"twitter:label1\" content=\"Escrito por\" \/>\n\t<meta name=\"twitter:data1\" content=\"\" \/>\n\t<meta name=\"twitter:label2\" content=\"Tiempo de lectura\" \/>\n\t<meta name=\"twitter:data2\" content=\"6 minutos\" \/>\n<script type=\"application\/ld+json\" class=\"yoast-schema-graph\">{\"@context\":\"https:\\\/\\\/schema.org\",\"@graph\":[{\"@type\":\"Article\",\"@id\":\"http:\\\/\\\/vamosporlaliberacion.org\\\/crpmlm\\\/el-gobierno-insiste-con-un-tarifazo-de-al-menos-740\\\/#article\",\"isPartOf\":{\"@id\":\"http:\\\/\\\/vamosporlaliberacion.org\\\/crpmlm\\\/el-gobierno-insiste-con-un-tarifazo-de-al-menos-740\\\/\"},\"author\":{\"name\":\"\",\"@id\":\"\"},\"headline\":\"El tarifazo del gobierno alcanzar\u00e1 el 740%\",\"datePublished\":\"2016-09-19T04:59:48+00:00\",\"dateModified\":\"2016-09-19T17:39:54+00:00\",\"mainEntityOfPage\":{\"@id\":\"http:\\\/\\\/vamosporlaliberacion.org\\\/crpmlm\\\/el-gobierno-insiste-con-un-tarifazo-de-al-menos-740\\\/\"},\"wordCount\":1242,\"commentCount\":0,\"image\":{\"@id\":\"http:\\\/\\\/vamosporlaliberacion.org\\\/crpmlm\\\/el-gobierno-insiste-con-un-tarifazo-de-al-menos-740\\\/#primaryimage\"},\"thumbnailUrl\":\"https:\\\/\\\/i0.wp.com\\\/vamosporlaliberacion.org\\\/crpmlm\\\/wp-content\\\/uploads\\\/2016\\\/09\\\/Aranguren-audiencia-p%C3%BAblica.jpg?fit=1950%2C1097&ssl=1\",\"keywords\":[\"destacado 2\",\"Juan Jos\u00e9 Aranguren\",\"tarifazo\"],\"inLanguage\":\"es\",\"potentialAction\":[{\"@type\":\"CommentAction\",\"name\":\"Comment\",\"target\":[\"http:\\\/\\\/vamosporlaliberacion.org\\\/crpmlm\\\/el-gobierno-insiste-con-un-tarifazo-de-al-menos-740\\\/#respond\"]}]},{\"@type\":\"WebPage\",\"@id\":\"http:\\\/\\\/vamosporlaliberacion.org\\\/crpmlm\\\/el-gobierno-insiste-con-un-tarifazo-de-al-menos-740\\\/\",\"url\":\"http:\\\/\\\/vamosporlaliberacion.org\\\/crpmlm\\\/el-gobierno-insiste-con-un-tarifazo-de-al-menos-740\\\/\",\"name\":\"El tarifazo del gobierno alcanzar\u00e1 el 740% - Vamos por la Liberaci\u00f3n\",\"isPartOf\":{\"@id\":\"https:\\\/\\\/vamosporlaliberacion.org\\\/crpmlm\\\/#website\"},\"primaryImageOfPage\":{\"@id\":\"http:\\\/\\\/vamosporlaliberacion.org\\\/crpmlm\\\/el-gobierno-insiste-con-un-tarifazo-de-al-menos-740\\\/#primaryimage\"},\"image\":{\"@id\":\"http:\\\/\\\/vamosporlaliberacion.org\\\/crpmlm\\\/el-gobierno-insiste-con-un-tarifazo-de-al-menos-740\\\/#primaryimage\"},\"thumbnailUrl\":\"https:\\\/\\\/i0.wp.com\\\/vamosporlaliberacion.org\\\/crpmlm\\\/wp-content\\\/uploads\\\/2016\\\/09\\\/Aranguren-audiencia-p%C3%BAblica.jpg?fit=1950%2C1097&ssl=1\",\"datePublished\":\"2016-09-19T04:59:48+00:00\",\"dateModified\":\"2016-09-19T17:39:54+00:00\",\"author\":{\"@id\":\"\"},\"breadcrumb\":{\"@id\":\"http:\\\/\\\/vamosporlaliberacion.org\\\/crpmlm\\\/el-gobierno-insiste-con-un-tarifazo-de-al-menos-740\\\/#breadcrumb\"},\"inLanguage\":\"es\",\"potentialAction\":[{\"@type\":\"ReadAction\",\"target\":[\"http:\\\/\\\/vamosporlaliberacion.org\\\/crpmlm\\\/el-gobierno-insiste-con-un-tarifazo-de-al-menos-740\\\/\"]}]},{\"@type\":\"ImageObject\",\"inLanguage\":\"es\",\"@id\":\"http:\\\/\\\/vamosporlaliberacion.org\\\/crpmlm\\\/el-gobierno-insiste-con-un-tarifazo-de-al-menos-740\\\/#primaryimage\",\"url\":\"https:\\\/\\\/i0.wp.com\\\/vamosporlaliberacion.org\\\/crpmlm\\\/wp-content\\\/uploads\\\/2016\\\/09\\\/Aranguren-audiencia-p%C3%BAblica.jpg?fit=1950%2C1097&ssl=1\",\"contentUrl\":\"https:\\\/\\\/i0.wp.com\\\/vamosporlaliberacion.org\\\/crpmlm\\\/wp-content\\\/uploads\\\/2016\\\/09\\\/Aranguren-audiencia-p%C3%BAblica.jpg?fit=1950%2C1097&ssl=1\",\"width\":1950,\"height\":1097},{\"@type\":\"BreadcrumbList\",\"@id\":\"http:\\\/\\\/vamosporlaliberacion.org\\\/crpmlm\\\/el-gobierno-insiste-con-un-tarifazo-de-al-menos-740\\\/#breadcrumb\",\"itemListElement\":[{\"@type\":\"ListItem\",\"position\":1,\"name\":\"Portada\",\"item\":\"https:\\\/\\\/vamosporlaliberacion.org\\\/crpmlm\\\/\"},{\"@type\":\"ListItem\",\"position\":2,\"name\":\"El tarifazo del gobierno alcanzar\u00e1 el 740%\"}]},{\"@type\":\"WebSite\",\"@id\":\"https:\\\/\\\/vamosporlaliberacion.org\\\/crpmlm\\\/#website\",\"url\":\"https:\\\/\\\/vamosporlaliberacion.org\\\/crpmlm\\\/\",\"name\":\"Vamos por la Liberaci\u00f3n\",\"description\":\"Prensa CR\",\"potentialAction\":[{\"@type\":\"SearchAction\",\"target\":{\"@type\":\"EntryPoint\",\"urlTemplate\":\"https:\\\/\\\/vamosporlaliberacion.org\\\/crpmlm\\\/?s={search_term_string}\"},\"query-input\":{\"@type\":\"PropertyValueSpecification\",\"valueRequired\":true,\"valueName\":\"search_term_string\"}}],\"inLanguage\":\"es\"},{\"@type\":\"Person\",\"@id\":\"\",\"url\":\"https:\\\/\\\/vamosporlaliberacion.org\\\/crpmlm\\\/author\\\/\"}]}<\/script>\n<!-- \/ Yoast SEO plugin. -->","yoast_head_json":{"title":"El tarifazo del gobierno alcanzar\u00e1 el 740% - Vamos por la Liberaci\u00f3n","robots":{"index":"index","follow":"follow","max-snippet":"max-snippet:-1","max-image-preview":"max-image-preview:large","max-video-preview":"max-video-preview:-1"},"canonical":"http:\/\/vamosporlaliberacion.org\/crpmlm\/el-gobierno-insiste-con-un-tarifazo-de-al-menos-740\/","twitter_misc":{"Escrito por":"","Tiempo de lectura":"6 minutos"},"schema":{"@context":"https:\/\/schema.org","@graph":[{"@type":"Article","@id":"http:\/\/vamosporlaliberacion.org\/crpmlm\/el-gobierno-insiste-con-un-tarifazo-de-al-menos-740\/#article","isPartOf":{"@id":"http:\/\/vamosporlaliberacion.org\/crpmlm\/el-gobierno-insiste-con-un-tarifazo-de-al-menos-740\/"},"author":{"name":"","@id":""},"headline":"El tarifazo del gobierno alcanzar\u00e1 el 740%","datePublished":"2016-09-19T04:59:48+00:00","dateModified":"2016-09-19T17:39:54+00:00","mainEntityOfPage":{"@id":"http:\/\/vamosporlaliberacion.org\/crpmlm\/el-gobierno-insiste-con-un-tarifazo-de-al-menos-740\/"},"wordCount":1242,"commentCount":0,"image":{"@id":"http:\/\/vamosporlaliberacion.org\/crpmlm\/el-gobierno-insiste-con-un-tarifazo-de-al-menos-740\/#primaryimage"},"thumbnailUrl":"https:\/\/i0.wp.com\/vamosporlaliberacion.org\/crpmlm\/wp-content\/uploads\/2016\/09\/Aranguren-audiencia-p%C3%BAblica.jpg?fit=1950%2C1097&ssl=1","keywords":["destacado 2","Juan Jos\u00e9 Aranguren","tarifazo"],"inLanguage":"es","potentialAction":[{"@type":"CommentAction","name":"Comment","target":["http:\/\/vamosporlaliberacion.org\/crpmlm\/el-gobierno-insiste-con-un-tarifazo-de-al-menos-740\/#respond"]}]},{"@type":"WebPage","@id":"http:\/\/vamosporlaliberacion.org\/crpmlm\/el-gobierno-insiste-con-un-tarifazo-de-al-menos-740\/","url":"http:\/\/vamosporlaliberacion.org\/crpmlm\/el-gobierno-insiste-con-un-tarifazo-de-al-menos-740\/","name":"El tarifazo del gobierno alcanzar\u00e1 el 740% - Vamos por la Liberaci\u00f3n","isPartOf":{"@id":"https:\/\/vamosporlaliberacion.org\/crpmlm\/#website"},"primaryImageOfPage":{"@id":"http:\/\/vamosporlaliberacion.org\/crpmlm\/el-gobierno-insiste-con-un-tarifazo-de-al-menos-740\/#primaryimage"},"image":{"@id":"http:\/\/vamosporlaliberacion.org\/crpmlm\/el-gobierno-insiste-con-un-tarifazo-de-al-menos-740\/#primaryimage"},"thumbnailUrl":"https:\/\/i0.wp.com\/vamosporlaliberacion.org\/crpmlm\/wp-content\/uploads\/2016\/09\/Aranguren-audiencia-p%C3%BAblica.jpg?fit=1950%2C1097&ssl=1","datePublished":"2016-09-19T04:59:48+00:00","dateModified":"2016-09-19T17:39:54+00:00","author":{"@id":""},"breadcrumb":{"@id":"http:\/\/vamosporlaliberacion.org\/crpmlm\/el-gobierno-insiste-con-un-tarifazo-de-al-menos-740\/#breadcrumb"},"inLanguage":"es","potentialAction":[{"@type":"ReadAction","target":["http:\/\/vamosporlaliberacion.org\/crpmlm\/el-gobierno-insiste-con-un-tarifazo-de-al-menos-740\/"]}]},{"@type":"ImageObject","inLanguage":"es","@id":"http:\/\/vamosporlaliberacion.org\/crpmlm\/el-gobierno-insiste-con-un-tarifazo-de-al-menos-740\/#primaryimage","url":"https:\/\/i0.wp.com\/vamosporlaliberacion.org\/crpmlm\/wp-content\/uploads\/2016\/09\/Aranguren-audiencia-p%C3%BAblica.jpg?fit=1950%2C1097&ssl=1","contentUrl":"https:\/\/i0.wp.com\/vamosporlaliberacion.org\/crpmlm\/wp-content\/uploads\/2016\/09\/Aranguren-audiencia-p%C3%BAblica.jpg?fit=1950%2C1097&ssl=1","width":1950,"height":1097},{"@type":"BreadcrumbList","@id":"http:\/\/vamosporlaliberacion.org\/crpmlm\/el-gobierno-insiste-con-un-tarifazo-de-al-menos-740\/#breadcrumb","itemListElement":[{"@type":"ListItem","position":1,"name":"Portada","item":"https:\/\/vamosporlaliberacion.org\/crpmlm\/"},{"@type":"ListItem","position":2,"name":"El tarifazo del gobierno alcanzar\u00e1 el 740%"}]},{"@type":"WebSite","@id":"https:\/\/vamosporlaliberacion.org\/crpmlm\/#website","url":"https:\/\/vamosporlaliberacion.org\/crpmlm\/","name":"Vamos por la Liberaci\u00f3n","description":"Prensa CR","potentialAction":[{"@type":"SearchAction","target":{"@type":"EntryPoint","urlTemplate":"https:\/\/vamosporlaliberacion.org\/crpmlm\/?s={search_term_string}"},"query-input":{"@type":"PropertyValueSpecification","valueRequired":true,"valueName":"search_term_string"}}],"inLanguage":"es"},{"@type":"Person","@id":"","url":"https:\/\/vamosporlaliberacion.org\/crpmlm\/author\/"}]}},"jetpack_featured_media_url":"https:\/\/i0.wp.com\/vamosporlaliberacion.org\/crpmlm\/wp-content\/uploads\/2016\/09\/Aranguren-audiencia-p%C3%BAblica.jpg?fit=1950%2C1097&ssl=1","jetpack_sharing_enabled":true,"_links":{"self":[{"href":"https:\/\/vamosporlaliberacion.org\/crpmlm\/wp-json\/wp\/v2\/posts\/7307","targetHints":{"allow":["GET"]}}],"collection":[{"href":"https:\/\/vamosporlaliberacion.org\/crpmlm\/wp-json\/wp\/v2\/posts"}],"about":[{"href":"https:\/\/vamosporlaliberacion.org\/crpmlm\/wp-json\/wp\/v2\/types\/post"}],"author":[{"embeddable":true,"href":"https:\/\/vamosporlaliberacion.org\/crpmlm\/wp-json\/wp\/v2\/users\/5"}],"replies":[{"embeddable":true,"href":"https:\/\/vamosporlaliberacion.org\/crpmlm\/wp-json\/wp\/v2\/comments?post=7307"}],"version-history":[{"count":0,"href":"https:\/\/vamosporlaliberacion.org\/crpmlm\/wp-json\/wp\/v2\/posts\/7307\/revisions"}],"wp:featuredmedia":[{"embeddable":true,"href":"https:\/\/vamosporlaliberacion.org\/crpmlm\/wp-json\/wp\/v2\/media\/7310"}],"wp:attachment":[{"href":"https:\/\/vamosporlaliberacion.org\/crpmlm\/wp-json\/wp\/v2\/media?parent=7307"}],"wp:term":[{"taxonomy":"category","embeddable":true,"href":"https:\/\/vamosporlaliberacion.org\/crpmlm\/wp-json\/wp\/v2\/categories?post=7307"},{"taxonomy":"post_tag","embeddable":true,"href":"https:\/\/vamosporlaliberacion.org\/crpmlm\/wp-json\/wp\/v2\/tags?post=7307"}],"curies":[{"name":"wp","href":"https:\/\/api.w.org\/{rel}","templated":true}]}}