{"id":6722,"date":"2016-08-03T01:39:23","date_gmt":"2016-08-03T04:39:23","guid":{"rendered":"http:\/\/vamosporlaliberacion.org\/crpmlm\/?p=6722"},"modified":"2020-11-05T18:41:05","modified_gmt":"2020-11-05T21:41:05","slug":"molesta-la-teta-que-no-vende","status":"publish","type":"post","link":"https:\/\/vamosporlaliberacion.org\/crpmlm\/molesta-la-teta-que-no-vende\/","title":{"rendered":"\u201cMolesta la teta que no vende\u201d"},"content":{"rendered":"<p>Se realiz\u00f3 en m\u00e1s de 30 plazas de todo el pa\u00eds, el #PiqueTetazo o #TeteadaMasiva, una jornada de lucha por el derecho a amamantar luego de que dos mujeres polic\u00edas le dijeron a Constanza Santos, una joven madre de 22 a\u00f1os de la localidad de San Isidro, que ten\u00eda que retirarse ya que \u201cest\u00e1 prohibido amamantar en lugares p\u00fablicos\u201d, y amenazaron con llevarla detenida por resistencia a la autoridad, cuando no existe ning\u00fan tipo de legislaci\u00f3n nacional, provincial o municipal que proh\u00edba amamantar en la v\u00eda p\u00fablica.<\/p>\n<p>Participaron de la jornada, que se realiz\u00f3 el s\u00e1bado 23 de julio, miles de mujeres con sus beb\u00e9s, hombres, ni\u00f1os, ni\u00f1as, familias, organizaciones de mujeres, feministas, grupos de apoyo a la lactancia, profesionales de la salud, partidos pol\u00edticos, etc., que se autoconvocaron por medio de las redes sociales y llevaron distintos reclamos: el derecho a amamantar en espacios p\u00fablicos, en los lugares de trabajo, el respeto y el cuidado de la maternidad en general. El municipio a cargo de Posse debi\u00f3 publicar un comunicado en el que se solidariz\u00f3 con la joven y el Ministerio de Seguridad bonaerense les abri\u00f3 un sumario administrativo a las dos mujeres polic\u00edas.<\/p>\n<p>La jornada tambi\u00e9n sirvi\u00f3 para cuestionar el lugar que tienen asignado los cuerpos de las mujeres en esta sociedad. Con la consigna \u201cMolesta la teta que no vende\u201d, se puso en debate la doble moral que hace que el mismo cuerpo femenino hipersexualizado y totalmente expuesto en los medios masivos de comunicaci\u00f3n, es censurado y castigado cuando no se trata de un acto er\u00f3tico para el placer masculino.<\/p>\n<p>En relaci\u00f3n a esto se hizo viral el poema del escritor Juan Sol\u00e1: \u201c\u2026La teta apropiada es la teta que vende lencer\u00eda, celulares, autos, pero nunca la que da de comer. Qu\u00e9 sabe la cr\u00eda de momentos adecuados para llorar de hambre. Qu\u00e9 sabe la cr\u00eda del furioso marketing que conden\u00f3 a la teta a ser p\u00fablica para vender, pero nunca para amar\u201d.<\/p>\n<!-- AddThis Advanced Settings generic via filter on the_content --><!-- AddThis Share Buttons generic via filter on the_content -->","protected":false},"excerpt":{"rendered":"<p>Se realiz\u00f3 en m\u00e1s de 30 plazas de todo el pa\u00eds, el #PiqueTetazo o #TeteadaMasiva, una jornada de lucha por el derecho a amamantar luego de que dos mujeres polic\u00edas le dijeron a Constanza Santos, una joven madre de 22 a\u00f1os de la localidad de San Isidro, que ten\u00eda que retirarse ya que \u201cest\u00e1 prohibido [&hellip;]<!-- AddThis Advanced Settings generic via filter on get_the_excerpt --><!-- AddThis Share Buttons generic via filter on get_the_excerpt --><\/p>\n","protected":false},"author":5,"featured_media":6769,"comment_status":"open","ping_status":"open","sticky":false,"template":"","format":"standard","meta":{"_jetpack_memberships_contains_paid_content":false,"footnotes":""},"categories":[1875],"tags":[752,744],"class_list":{"0":"post-6722","1":"post","2":"type-post","3":"status-publish","4":"format-standard","5":"has-post-thumbnail","7":"category-genero","8":"tag-piquetetazo","9":"tag-vxl-80"},"yoast_head":"<!-- This site is optimized with the Yoast SEO plugin v27.4 - https:\/\/yoast.com\/product\/yoast-seo-wordpress\/ -->\n<title>\u201cMolesta la teta que no vende\u201d - Vamos por la Liberaci\u00f3n<\/title>\n<meta name=\"robots\" content=\"index, follow, max-snippet:-1, max-image-preview:large, max-video-preview:-1\" \/>\n<link rel=\"canonical\" href=\"https:\/\/vamosporlaliberacion.org\/crpmlm\/molesta-la-teta-que-no-vende\/\" \/>\n<meta name=\"twitter:label1\" content=\"Escrito por\" \/>\n\t<meta name=\"twitter:data1\" content=\"\" \/>\n\t<meta name=\"twitter:label2\" content=\"Tiempo de lectura\" \/>\n\t<meta name=\"twitter:data2\" content=\"2 minutos\" \/>\n<script type=\"application\/ld+json\" class=\"yoast-schema-graph\">{\"@context\":\"https:\\\/\\\/schema.org\",\"@graph\":[{\"@type\":\"Article\",\"@id\":\"https:\\\/\\\/vamosporlaliberacion.org\\\/crpmlm\\\/molesta-la-teta-que-no-vende\\\/#article\",\"isPartOf\":{\"@id\":\"https:\\\/\\\/vamosporlaliberacion.org\\\/crpmlm\\\/molesta-la-teta-que-no-vende\\\/\"},\"author\":{\"name\":\"\",\"@id\":\"\"},\"headline\":\"\u201cMolesta la teta que no vende\u201d\",\"datePublished\":\"2016-08-03T04:39:23+00:00\",\"dateModified\":\"2020-11-05T21:41:05+00:00\",\"mainEntityOfPage\":{\"@id\":\"https:\\\/\\\/vamosporlaliberacion.org\\\/crpmlm\\\/molesta-la-teta-que-no-vende\\\/\"},\"wordCount\":355,\"commentCount\":0,\"image\":{\"@id\":\"https:\\\/\\\/vamosporlaliberacion.org\\\/crpmlm\\\/molesta-la-teta-que-no-vende\\\/#primaryimage\"},\"thumbnailUrl\":\"https:\\\/\\\/i0.wp.com\\\/vamosporlaliberacion.org\\\/crpmlm\\\/wp-content\\\/uploads\\\/2016\\\/08\\\/tetazo.jpg?fit=696%2C385&ssl=1\",\"keywords\":[\"piquetetazo\",\"vxl 80\"],\"articleSection\":[\"Genero\"],\"inLanguage\":\"es\",\"potentialAction\":[{\"@type\":\"CommentAction\",\"name\":\"Comment\",\"target\":[\"https:\\\/\\\/vamosporlaliberacion.org\\\/crpmlm\\\/molesta-la-teta-que-no-vende\\\/#respond\"]}]},{\"@type\":\"WebPage\",\"@id\":\"https:\\\/\\\/vamosporlaliberacion.org\\\/crpmlm\\\/molesta-la-teta-que-no-vende\\\/\",\"url\":\"https:\\\/\\\/vamosporlaliberacion.org\\\/crpmlm\\\/molesta-la-teta-que-no-vende\\\/\",\"name\":\"\u201cMolesta la teta que no vende\u201d - Vamos por la Liberaci\u00f3n\",\"isPartOf\":{\"@id\":\"https:\\\/\\\/vamosporlaliberacion.org\\\/crpmlm\\\/#website\"},\"primaryImageOfPage\":{\"@id\":\"https:\\\/\\\/vamosporlaliberacion.org\\\/crpmlm\\\/molesta-la-teta-que-no-vende\\\/#primaryimage\"},\"image\":{\"@id\":\"https:\\\/\\\/vamosporlaliberacion.org\\\/crpmlm\\\/molesta-la-teta-que-no-vende\\\/#primaryimage\"},\"thumbnailUrl\":\"https:\\\/\\\/i0.wp.com\\\/vamosporlaliberacion.org\\\/crpmlm\\\/wp-content\\\/uploads\\\/2016\\\/08\\\/tetazo.jpg?fit=696%2C385&ssl=1\",\"datePublished\":\"2016-08-03T04:39:23+00:00\",\"dateModified\":\"2020-11-05T21:41:05+00:00\",\"author\":{\"@id\":\"\"},\"breadcrumb\":{\"@id\":\"https:\\\/\\\/vamosporlaliberacion.org\\\/crpmlm\\\/molesta-la-teta-que-no-vende\\\/#breadcrumb\"},\"inLanguage\":\"es\",\"potentialAction\":[{\"@type\":\"ReadAction\",\"target\":[\"https:\\\/\\\/vamosporlaliberacion.org\\\/crpmlm\\\/molesta-la-teta-que-no-vende\\\/\"]}]},{\"@type\":\"ImageObject\",\"inLanguage\":\"es\",\"@id\":\"https:\\\/\\\/vamosporlaliberacion.org\\\/crpmlm\\\/molesta-la-teta-que-no-vende\\\/#primaryimage\",\"url\":\"https:\\\/\\\/i0.wp.com\\\/vamosporlaliberacion.org\\\/crpmlm\\\/wp-content\\\/uploads\\\/2016\\\/08\\\/tetazo.jpg?fit=696%2C385&ssl=1\",\"contentUrl\":\"https:\\\/\\\/i0.wp.com\\\/vamosporlaliberacion.org\\\/crpmlm\\\/wp-content\\\/uploads\\\/2016\\\/08\\\/tetazo.jpg?fit=696%2C385&ssl=1\",\"width\":696,\"height\":385},{\"@type\":\"BreadcrumbList\",\"@id\":\"https:\\\/\\\/vamosporlaliberacion.org\\\/crpmlm\\\/molesta-la-teta-que-no-vende\\\/#breadcrumb\",\"itemListElement\":[{\"@type\":\"ListItem\",\"position\":1,\"name\":\"Portada\",\"item\":\"https:\\\/\\\/vamosporlaliberacion.org\\\/crpmlm\\\/\"},{\"@type\":\"ListItem\",\"position\":2,\"name\":\"\u201cMolesta la teta que no vende\u201d\"}]},{\"@type\":\"WebSite\",\"@id\":\"https:\\\/\\\/vamosporlaliberacion.org\\\/crpmlm\\\/#website\",\"url\":\"https:\\\/\\\/vamosporlaliberacion.org\\\/crpmlm\\\/\",\"name\":\"Vamos por la Liberaci\u00f3n\",\"description\":\"Prensa CR\",\"potentialAction\":[{\"@type\":\"SearchAction\",\"target\":{\"@type\":\"EntryPoint\",\"urlTemplate\":\"https:\\\/\\\/vamosporlaliberacion.org\\\/crpmlm\\\/?s={search_term_string}\"},\"query-input\":{\"@type\":\"PropertyValueSpecification\",\"valueRequired\":true,\"valueName\":\"search_term_string\"}}],\"inLanguage\":\"es\"},{\"@type\":\"Person\",\"@id\":\"\",\"url\":\"https:\\\/\\\/vamosporlaliberacion.org\\\/crpmlm\\\/author\\\/\"}]}<\/script>\n<!-- \/ Yoast SEO plugin. -->","yoast_head_json":{"title":"\u201cMolesta la teta que no vende\u201d - Vamos por la Liberaci\u00f3n","robots":{"index":"index","follow":"follow","max-snippet":"max-snippet:-1","max-image-preview":"max-image-preview:large","max-video-preview":"max-video-preview:-1"},"canonical":"https:\/\/vamosporlaliberacion.org\/crpmlm\/molesta-la-teta-que-no-vende\/","twitter_misc":{"Escrito por":"","Tiempo de lectura":"2 minutos"},"schema":{"@context":"https:\/\/schema.org","@graph":[{"@type":"Article","@id":"https:\/\/vamosporlaliberacion.org\/crpmlm\/molesta-la-teta-que-no-vende\/#article","isPartOf":{"@id":"https:\/\/vamosporlaliberacion.org\/crpmlm\/molesta-la-teta-que-no-vende\/"},"author":{"name":"","@id":""},"headline":"\u201cMolesta la teta que no vende\u201d","datePublished":"2016-08-03T04:39:23+00:00","dateModified":"2020-11-05T21:41:05+00:00","mainEntityOfPage":{"@id":"https:\/\/vamosporlaliberacion.org\/crpmlm\/molesta-la-teta-que-no-vende\/"},"wordCount":355,"commentCount":0,"image":{"@id":"https:\/\/vamosporlaliberacion.org\/crpmlm\/molesta-la-teta-que-no-vende\/#primaryimage"},"thumbnailUrl":"https:\/\/i0.wp.com\/vamosporlaliberacion.org\/crpmlm\/wp-content\/uploads\/2016\/08\/tetazo.jpg?fit=696%2C385&ssl=1","keywords":["piquetetazo","vxl 80"],"articleSection":["Genero"],"inLanguage":"es","potentialAction":[{"@type":"CommentAction","name":"Comment","target":["https:\/\/vamosporlaliberacion.org\/crpmlm\/molesta-la-teta-que-no-vende\/#respond"]}]},{"@type":"WebPage","@id":"https:\/\/vamosporlaliberacion.org\/crpmlm\/molesta-la-teta-que-no-vende\/","url":"https:\/\/vamosporlaliberacion.org\/crpmlm\/molesta-la-teta-que-no-vende\/","name":"\u201cMolesta la teta que no vende\u201d - Vamos por la Liberaci\u00f3n","isPartOf":{"@id":"https:\/\/vamosporlaliberacion.org\/crpmlm\/#website"},"primaryImageOfPage":{"@id":"https:\/\/vamosporlaliberacion.org\/crpmlm\/molesta-la-teta-que-no-vende\/#primaryimage"},"image":{"@id":"https:\/\/vamosporlaliberacion.org\/crpmlm\/molesta-la-teta-que-no-vende\/#primaryimage"},"thumbnailUrl":"https:\/\/i0.wp.com\/vamosporlaliberacion.org\/crpmlm\/wp-content\/uploads\/2016\/08\/tetazo.jpg?fit=696%2C385&ssl=1","datePublished":"2016-08-03T04:39:23+00:00","dateModified":"2020-11-05T21:41:05+00:00","author":{"@id":""},"breadcrumb":{"@id":"https:\/\/vamosporlaliberacion.org\/crpmlm\/molesta-la-teta-que-no-vende\/#breadcrumb"},"inLanguage":"es","potentialAction":[{"@type":"ReadAction","target":["https:\/\/vamosporlaliberacion.org\/crpmlm\/molesta-la-teta-que-no-vende\/"]}]},{"@type":"ImageObject","inLanguage":"es","@id":"https:\/\/vamosporlaliberacion.org\/crpmlm\/molesta-la-teta-que-no-vende\/#primaryimage","url":"https:\/\/i0.wp.com\/vamosporlaliberacion.org\/crpmlm\/wp-content\/uploads\/2016\/08\/tetazo.jpg?fit=696%2C385&ssl=1","contentUrl":"https:\/\/i0.wp.com\/vamosporlaliberacion.org\/crpmlm\/wp-content\/uploads\/2016\/08\/tetazo.jpg?fit=696%2C385&ssl=1","width":696,"height":385},{"@type":"BreadcrumbList","@id":"https:\/\/vamosporlaliberacion.org\/crpmlm\/molesta-la-teta-que-no-vende\/#breadcrumb","itemListElement":[{"@type":"ListItem","position":1,"name":"Portada","item":"https:\/\/vamosporlaliberacion.org\/crpmlm\/"},{"@type":"ListItem","position":2,"name":"\u201cMolesta la teta que no vende\u201d"}]},{"@type":"WebSite","@id":"https:\/\/vamosporlaliberacion.org\/crpmlm\/#website","url":"https:\/\/vamosporlaliberacion.org\/crpmlm\/","name":"Vamos por la Liberaci\u00f3n","description":"Prensa CR","potentialAction":[{"@type":"SearchAction","target":{"@type":"EntryPoint","urlTemplate":"https:\/\/vamosporlaliberacion.org\/crpmlm\/?s={search_term_string}"},"query-input":{"@type":"PropertyValueSpecification","valueRequired":true,"valueName":"search_term_string"}}],"inLanguage":"es"},{"@type":"Person","@id":"","url":"https:\/\/vamosporlaliberacion.org\/crpmlm\/author\/"}]}},"jetpack_featured_media_url":"https:\/\/i0.wp.com\/vamosporlaliberacion.org\/crpmlm\/wp-content\/uploads\/2016\/08\/tetazo.jpg?fit=696%2C385&ssl=1","jetpack_sharing_enabled":true,"_links":{"self":[{"href":"https:\/\/vamosporlaliberacion.org\/crpmlm\/wp-json\/wp\/v2\/posts\/6722","targetHints":{"allow":["GET"]}}],"collection":[{"href":"https:\/\/vamosporlaliberacion.org\/crpmlm\/wp-json\/wp\/v2\/posts"}],"about":[{"href":"https:\/\/vamosporlaliberacion.org\/crpmlm\/wp-json\/wp\/v2\/types\/post"}],"author":[{"embeddable":true,"href":"https:\/\/vamosporlaliberacion.org\/crpmlm\/wp-json\/wp\/v2\/users\/5"}],"replies":[{"embeddable":true,"href":"https:\/\/vamosporlaliberacion.org\/crpmlm\/wp-json\/wp\/v2\/comments?post=6722"}],"version-history":[{"count":1,"href":"https:\/\/vamosporlaliberacion.org\/crpmlm\/wp-json\/wp\/v2\/posts\/6722\/revisions"}],"predecessor-version":[{"id":21639,"href":"https:\/\/vamosporlaliberacion.org\/crpmlm\/wp-json\/wp\/v2\/posts\/6722\/revisions\/21639"}],"wp:featuredmedia":[{"embeddable":true,"href":"https:\/\/vamosporlaliberacion.org\/crpmlm\/wp-json\/wp\/v2\/media\/6769"}],"wp:attachment":[{"href":"https:\/\/vamosporlaliberacion.org\/crpmlm\/wp-json\/wp\/v2\/media?parent=6722"}],"wp:term":[{"taxonomy":"category","embeddable":true,"href":"https:\/\/vamosporlaliberacion.org\/crpmlm\/wp-json\/wp\/v2\/categories?post=6722"},{"taxonomy":"post_tag","embeddable":true,"href":"https:\/\/vamosporlaliberacion.org\/crpmlm\/wp-json\/wp\/v2\/tags?post=6722"}],"curies":[{"name":"wp","href":"https:\/\/api.w.org\/{rel}","templated":true}]}}