{"id":6678,"date":"2016-08-02T22:26:45","date_gmt":"2016-08-03T01:26:45","guid":{"rendered":"http:\/\/vamosporlaliberacion.org\/crpmlm\/?p=6678"},"modified":"2020-11-06T14:05:41","modified_gmt":"2020-11-06T17:05:41","slug":"editorial-hay-que-pararlos-y-no-volver-atras","status":"publish","type":"post","link":"https:\/\/vamosporlaliberacion.org\/crpmlm\/editorial-hay-que-pararlos-y-no-volver-atras\/","title":{"rendered":"Hay que pararlos y no volver atr\u00e1s"},"content":{"rendered":"<p>En el marco de una econom\u00eda en crisis, el gobierno se agarra de las mediciones de una inflaci\u00f3n que disminuye tenuemente por efecto de la recesi\u00f3n y la ca\u00edda del consumo, junto con el anuncio de medidas de dudoso resultados como el blanqueo para pagarles los juicios a jubilados. Usan una necesidad sentida para blanquear millones de la corrupci\u00f3n y el narcotr\u00e1fico, como ya ocurri\u00f3 durante el kirchnerismo, aunque con escaso resultado.<\/p>\n<p>Luego de sortear un pico de las luchas con centro en los petroleros y estatales patag\u00f3nicos, que tuvo su expresi\u00f3n en la masiva jornada y acto de las CGT\u2019s y las CTA\u2019s el 29 de abril, el gobierno registr\u00f3 que si el centro era controlar el d\u00e9ficit la situaci\u00f3n se desmadraba y peg\u00f3 el \u201cvolantazo\u201d. As\u00ed ubic\u00f3 la proa hacia una inyecci\u00f3n de dinero en lo social, la obra p\u00fablica, mand\u00f3 el proyecto de blanqueo para pagar a los jubilados y acord\u00f3 el pago del 3% de la deuda a las provincias. Esto le alcanz\u00f3 a Macri para vetar la ley que prohib\u00eda los despidos aprobada en el Congreso. Los jerarcas optaron por la tregua a cambio de asegurarse la caja de las obras sociales.<\/p>\n<p>El \u201cefecto L\u00f3pez\u201d, L\u00e1zaro B\u00e1ez y CFK recorriendo los juzgados le sirvi\u00f3 al gobierno para desarmar al kirchnerismo, ganar tiempo con la obscenidad de la corrupci\u00f3n y remarcarle a millones a donde no deben volver. Pero no le resuelve el problema de fondo al gobierno. Es una campa\u00f1a de \u201cpaliativos\u201d pero no resuelve una realidad con muchos anuncios y promesas pero sin sus ansiadas inversiones y con la dura realidad de la ca\u00edda del consumo, de la industria al 6,8% y la construcci\u00f3n a un 19,5% con m\u00e1s de 40 mil despidos.<\/p>\n<p>La \u201cherencia\u201d y las tarifas \u201catrasadas\u201d no le alcanzaron para hacer pasar los tarifazos brutales en los servicios p\u00fablicos e hicieron estallar los cacerolazos en todo el pa\u00eds, obligando a la Justicia a aceptar los amparos y suspender las medidas. Esto se transform\u00f3 en una pulseada popular frente al gobierno donde se expresa la bronca y el descontento que excede el tarifazo y apunta hacia la pol\u00edtica ajustadora en su conjunto.<\/p>\n<p>El gobierno cuenta a su favor con dos factores muy importante. En primer lugar, en el terreno pol\u00edtico, el aislamiento del FpV dentro del PJ y la posterior fractura deja aislado al kirchnerismo m\u00e1s duro, que es blanco del gobierno y grupos como Clar\u00edn y La Naci\u00f3n. La ficticia \u201cunidad\u201d del Congreso del PJ no pudo parar la \u201cautonom\u00eda\u201d de varios gobernadores y legisladores donde unos ensayan acercamientos con el Ejecutivo, en el marco de la asfixia econ\u00f3mica de las provincias y otros acuerdos con el frente Renovador de Sergio Massa. Por otro lado, el reagrupamiento de sectores dominantes liderado por Sergio Massa \u2013con acercamientos y acuerdos con Margarita Stolbitzer, sectores de la Iglesia y kirchneristas (Movimiento Evita) y otros como Lousteau\u2013 a\u00fan no se ha consolidado, factor que el gobierno aprovecha para avanzar.<\/p>\n<p>En segundo lugar, la tregua de los jerarcas de la CGT\u2019s que marchan al Congreso de \u201cunidad\u201d el 22 de agosto (donde reci\u00e9n all\u00ed tomar\u00edan una posici\u00f3n m\u00e1s consolidada y \u201cunificada\u201d con respecto al gobierno nacional). Mientras tanto, ser\u00e1n llamados por el Ejecutivo para el anuncio de medidas que endulzaran sus o\u00eddos y \u201cablandar\u00e1n\u201d sus corazones, donde pagar\u00e1 de inmediato $2.700 millones a obras sociales y dar\u00e1n otros $30 mil millones en bonos. Sumado a la atenci\u00f3n a discapacitados, liberando un costo menos para los sindicatos. Mientras la inflaci\u00f3n se come los salarios, avanzan los despidos y suspensiones en la industria y se arremete contra los derechos laborales.<\/p>\n<p><strong>Agosto cargado de lucha<br \/>\n<\/strong><br \/>\nEl masivo paro de los ferroviarios del Sarmiento, precedido por masivas asambleas, marca una avanzada del movimiento obrero que enfrenta una pol\u00edtica donde se pretende avasallar los derechos de los trabajadores, a\u00fan al costo de vidas: como el ferroviario Sergio Garay que fue arrollado por un tren mientras trabajaba sobre las v\u00edas. El paro fue contundente y fue acompa\u00f1ado por cortes de v\u00edas. La Justicia y el gobierno abrieron causas penales y pretenden limitar los derechos sindicales y constitucionales al \u201cPollo\u201d Sobrero, secretario general de la Seccional Oeste de Buenos Aires de la Uni\u00f3n Ferroviaria. A la salida de este peri\u00f3dico se discut\u00eda en asamblea los pasos a seguir.<\/p>\n<p>La realidad de los ferroviarios est\u00e1 en la mayor\u00eda de las f\u00e1bricas, comercios y el Estado. Pero no en todos lados se desarrollan luchas, ya que en la mayor\u00eda predomina frente a los sindicatos y Cuerpos de Delegados los sectores traidores o conciliadores. Las luchas trascienden cuando se sostienen, como los estatales de Tierra del Fuego o Santa Cruz y otras seccionales, como la de los sindicatos docentes que no iniciar\u00e1n las clases luego de las vacaciones, exigiendo la reapertura de las paritarias.<\/p>\n<p>Los trabajadores de cooperativas y organismos sociales que bancan los merenderos y comedores, que se multiplican evidenciando como ha crecido la pobreza y el hambre en estos \u00faltimos meses, vienen llevando adelante ocupaciones, acampes y marchas. Cuando este peri\u00f3dico est\u00e9 en la calle el 2 de agosto se estar\u00e1 llevando adelante un acampe de organizaciones sociales en la avenida 9 de Julio de la Capital Federal en reclamo de puestos de trabajo y partidas presupuestarias.<\/p>\n<p>El 4 de agosto se realizar\u00e1 nuevamente el cacerolazo y ruidazo contra los tarifazos. Ya est\u00e1n anunciados a trav\u00e9s de los distintos agrupamientos m\u00e1s de 180 lugares en todo el pa\u00eds.<\/p>\n<p>El domingo 7 de agosto se har\u00e1 una marcha de organizaciones sociales de San Cayetano (Liniers) a Plaza de Mayo contra el hambre.<\/p>\n<p>Por otro lado el 9 de agosto se llevar\u00e1 adelante una marcha de los sindicatos, comisiones internas y dirigentes combativos desde el Obelisco a Plaza de Mayo por reapertura de paritarias, contra los despidos y los tarifazos.<\/p>\n<p><strong>Hay que pararlos<\/strong><\/p>\n<p>No es una casualidad que el 24 de Marzo haya venido Barack Obama, el 9 de Julio el rey em\u00e9rito de Espa\u00f1a y el 29 de julio \u2013aniversario de la Noche de los Bastones Largos\u2013 haya venido el asesino de maestros y estudiantes mexicanos Enrique Pe\u00f1a Nieto.<\/p>\n<p>No es casualidad que en la versi\u00f3n oficial el gobierno avance contra los derechos humanos populares al cuestionar a los 30 mil detenidos-desaparecidos, negar el papel de Madres y Abuelas de Plaza de Mayo y apuntalar el otorgamiento de prisi\u00f3n domiciliaria a los genocidas como Etchecolatz y otros.<\/p>\n<p>No es casualidad que se avance con causas penales y condenas a miles de luchadores populares y tambi\u00e9n exoneraciones a los docentes de Tierra del Fuego, encabezados por Horacio Catena, secretario general del SUTEF.<\/p>\n<p>Tampoco es casual que se pretenda avanzar sobre los derechos laborales y conquistas democr\u00e1ticas que costaron vidas en la lucha del movimiento obrero.<\/p>\n<p>Y no es casualidad que se pretenda instalar una base del imperialismo yanqui en Tierra del Fuego, mientras se mantiene la del imperialismo chino en Neuqu\u00e9n y los ingleses en nuestras Malvinas.<\/p>\n<p>Son objetivos de un gobierno que se adecua a una realidad internacional de gran ofensiva antipopular con ajustes de tipo ortodoxos como los que padecemos.<\/p>\n<p>La clausura de la muestra en la Sociedad Rural Argentina el pasado s\u00e1bado muestra la esencia de la alianza que gobierna y los enemigos que el pueblo tiene en frente. \u201cEstamos todos\u201d, murmur\u00f3 Miguel Etchevehere, mandam\u00e1s de la SRA, y era cierto: estaba lo m\u00e1s granado de la clase terrateniente, ganaderos, empresarios de monopolios imperialistas y banqueros. Todos coincidieron en el excelente momento que est\u00e1n pasando y en el apoyo a Mauricio.<\/p>\n<p>Por esto es una gran necesidad de los sectores populares fortalecer el camino de la lucha y un reagrupamiento que pueda arrancar desde abajo un paro nacional activo que le pare la mano a esta pol\u00edtica ajustadora y entreguista del gobierno de los ceo\u2019s imperialistas, terratenientes y banqueros. Una unidad que desnude la maniobra del gobierno y los medios adscriptos que, mientras muestran la obscenidad de la corrupci\u00f3n K, la utilizan para arrasar con conquistas que el pueblo le arranc\u00f3 con la lucha al kirchnerismo y otras que tuvo que conceder de entrada luego del Argentinazo del 2001.<\/p>\n<p>Por eso, frente a los tarifazos, despidos y recesi\u00f3n, con paros, marcha y cacerola: hay que pararlos, y no volver atr\u00e1s, sino avanzar en el camino de la liberaci\u00f3n nacional y social.<\/p>\n<!-- AddThis Advanced Settings generic via filter on the_content --><!-- AddThis Share Buttons generic via filter on the_content -->","protected":false},"excerpt":{"rendered":"<p>En el marco de una econom\u00eda en crisis, el gobierno se agarra de las mediciones de una inflaci\u00f3n que disminuye tenuemente por efecto de la recesi\u00f3n y la ca\u00edda del consumo, junto con el anuncio de medidas de dudoso resultados como el blanqueo para pagarles los juicios a jubilados. Usan una necesidad sentida para blanquear [&hellip;]<!-- AddThis Advanced Settings generic via filter on get_the_excerpt --><!-- AddThis Share Buttons generic via filter on get_the_excerpt --><\/p>\n","protected":false},"author":5,"featured_media":6679,"comment_status":"open","ping_status":"open","sticky":false,"template":"","format":"standard","meta":{"_jetpack_memberships_contains_paid_content":false,"footnotes":""},"categories":[1881],"tags":[519,763,542],"class_list":{"0":"post-6678","1":"post","2":"type-post","3":"status-publish","4":"format-standard","5":"has-post-thumbnail","7":"category-editoriales","8":"tag-destacado","9":"tag-editorial-80","10":"tag-paritarias"},"yoast_head":"<!-- This site is optimized with the Yoast SEO plugin v27.4 - https:\/\/yoast.com\/product\/yoast-seo-wordpress\/ -->\n<title>Hay que pararlos y no volver atr\u00e1s - Vamos por la Liberaci\u00f3n<\/title>\n<meta name=\"robots\" content=\"index, follow, max-snippet:-1, max-image-preview:large, max-video-preview:-1\" \/>\n<link rel=\"canonical\" href=\"https:\/\/vamosporlaliberacion.org\/crpmlm\/editorial-hay-que-pararlos-y-no-volver-atras\/\" \/>\n<meta name=\"twitter:label1\" content=\"Escrito por\" \/>\n\t<meta name=\"twitter:data1\" content=\"\" \/>\n\t<meta name=\"twitter:label2\" content=\"Tiempo de lectura\" \/>\n\t<meta name=\"twitter:data2\" content=\"7 minutos\" \/>\n<script type=\"application\/ld+json\" class=\"yoast-schema-graph\">{\"@context\":\"https:\\\/\\\/schema.org\",\"@graph\":[{\"@type\":\"Article\",\"@id\":\"https:\\\/\\\/vamosporlaliberacion.org\\\/crpmlm\\\/editorial-hay-que-pararlos-y-no-volver-atras\\\/#article\",\"isPartOf\":{\"@id\":\"https:\\\/\\\/vamosporlaliberacion.org\\\/crpmlm\\\/editorial-hay-que-pararlos-y-no-volver-atras\\\/\"},\"author\":{\"name\":\"\",\"@id\":\"\"},\"headline\":\"Hay que pararlos y no volver atr\u00e1s\",\"datePublished\":\"2016-08-03T01:26:45+00:00\",\"dateModified\":\"2020-11-06T17:05:41+00:00\",\"mainEntityOfPage\":{\"@id\":\"https:\\\/\\\/vamosporlaliberacion.org\\\/crpmlm\\\/editorial-hay-que-pararlos-y-no-volver-atras\\\/\"},\"wordCount\":1446,\"commentCount\":0,\"image\":{\"@id\":\"https:\\\/\\\/vamosporlaliberacion.org\\\/crpmlm\\\/editorial-hay-que-pararlos-y-no-volver-atras\\\/#primaryimage\"},\"thumbnailUrl\":\"https:\\\/\\\/i0.wp.com\\\/vamosporlaliberacion.org\\\/crpmlm\\\/wp-content\\\/uploads\\\/2016\\\/08\\\/asamblea_julio_2016_20.jpg?fit=800%2C450&ssl=1\",\"keywords\":[\"destacado\",\"editorial 80\",\"paritarias\"],\"articleSection\":[\"Editoriales\"],\"inLanguage\":\"es\",\"potentialAction\":[{\"@type\":\"CommentAction\",\"name\":\"Comment\",\"target\":[\"https:\\\/\\\/vamosporlaliberacion.org\\\/crpmlm\\\/editorial-hay-que-pararlos-y-no-volver-atras\\\/#respond\"]}]},{\"@type\":\"WebPage\",\"@id\":\"https:\\\/\\\/vamosporlaliberacion.org\\\/crpmlm\\\/editorial-hay-que-pararlos-y-no-volver-atras\\\/\",\"url\":\"https:\\\/\\\/vamosporlaliberacion.org\\\/crpmlm\\\/editorial-hay-que-pararlos-y-no-volver-atras\\\/\",\"name\":\"Hay que pararlos y no volver atr\u00e1s - Vamos por la Liberaci\u00f3n\",\"isPartOf\":{\"@id\":\"https:\\\/\\\/vamosporlaliberacion.org\\\/crpmlm\\\/#website\"},\"primaryImageOfPage\":{\"@id\":\"https:\\\/\\\/vamosporlaliberacion.org\\\/crpmlm\\\/editorial-hay-que-pararlos-y-no-volver-atras\\\/#primaryimage\"},\"image\":{\"@id\":\"https:\\\/\\\/vamosporlaliberacion.org\\\/crpmlm\\\/editorial-hay-que-pararlos-y-no-volver-atras\\\/#primaryimage\"},\"thumbnailUrl\":\"https:\\\/\\\/i0.wp.com\\\/vamosporlaliberacion.org\\\/crpmlm\\\/wp-content\\\/uploads\\\/2016\\\/08\\\/asamblea_julio_2016_20.jpg?fit=800%2C450&ssl=1\",\"datePublished\":\"2016-08-03T01:26:45+00:00\",\"dateModified\":\"2020-11-06T17:05:41+00:00\",\"author\":{\"@id\":\"\"},\"breadcrumb\":{\"@id\":\"https:\\\/\\\/vamosporlaliberacion.org\\\/crpmlm\\\/editorial-hay-que-pararlos-y-no-volver-atras\\\/#breadcrumb\"},\"inLanguage\":\"es\",\"potentialAction\":[{\"@type\":\"ReadAction\",\"target\":[\"https:\\\/\\\/vamosporlaliberacion.org\\\/crpmlm\\\/editorial-hay-que-pararlos-y-no-volver-atras\\\/\"]}]},{\"@type\":\"ImageObject\",\"inLanguage\":\"es\",\"@id\":\"https:\\\/\\\/vamosporlaliberacion.org\\\/crpmlm\\\/editorial-hay-que-pararlos-y-no-volver-atras\\\/#primaryimage\",\"url\":\"https:\\\/\\\/i0.wp.com\\\/vamosporlaliberacion.org\\\/crpmlm\\\/wp-content\\\/uploads\\\/2016\\\/08\\\/asamblea_julio_2016_20.jpg?fit=800%2C450&ssl=1\",\"contentUrl\":\"https:\\\/\\\/i0.wp.com\\\/vamosporlaliberacion.org\\\/crpmlm\\\/wp-content\\\/uploads\\\/2016\\\/08\\\/asamblea_julio_2016_20.jpg?fit=800%2C450&ssl=1\",\"width\":800,\"height\":450,\"caption\":\"Asamblea de ferroviarios en Haedo momentos previos a resolver el paro de la l\u00ednea Sarmiento.\"},{\"@type\":\"BreadcrumbList\",\"@id\":\"https:\\\/\\\/vamosporlaliberacion.org\\\/crpmlm\\\/editorial-hay-que-pararlos-y-no-volver-atras\\\/#breadcrumb\",\"itemListElement\":[{\"@type\":\"ListItem\",\"position\":1,\"name\":\"Portada\",\"item\":\"https:\\\/\\\/vamosporlaliberacion.org\\\/crpmlm\\\/\"},{\"@type\":\"ListItem\",\"position\":2,\"name\":\"Hay que pararlos y no volver atr\u00e1s\"}]},{\"@type\":\"WebSite\",\"@id\":\"https:\\\/\\\/vamosporlaliberacion.org\\\/crpmlm\\\/#website\",\"url\":\"https:\\\/\\\/vamosporlaliberacion.org\\\/crpmlm\\\/\",\"name\":\"Vamos por la Liberaci\u00f3n\",\"description\":\"Prensa CR\",\"potentialAction\":[{\"@type\":\"SearchAction\",\"target\":{\"@type\":\"EntryPoint\",\"urlTemplate\":\"https:\\\/\\\/vamosporlaliberacion.org\\\/crpmlm\\\/?s={search_term_string}\"},\"query-input\":{\"@type\":\"PropertyValueSpecification\",\"valueRequired\":true,\"valueName\":\"search_term_string\"}}],\"inLanguage\":\"es\"},{\"@type\":\"Person\",\"@id\":\"\",\"url\":\"https:\\\/\\\/vamosporlaliberacion.org\\\/crpmlm\\\/author\\\/\"}]}<\/script>\n<!-- \/ Yoast SEO plugin. -->","yoast_head_json":{"title":"Hay que pararlos y no volver atr\u00e1s - Vamos por la Liberaci\u00f3n","robots":{"index":"index","follow":"follow","max-snippet":"max-snippet:-1","max-image-preview":"max-image-preview:large","max-video-preview":"max-video-preview:-1"},"canonical":"https:\/\/vamosporlaliberacion.org\/crpmlm\/editorial-hay-que-pararlos-y-no-volver-atras\/","twitter_misc":{"Escrito por":"","Tiempo de lectura":"7 minutos"},"schema":{"@context":"https:\/\/schema.org","@graph":[{"@type":"Article","@id":"https:\/\/vamosporlaliberacion.org\/crpmlm\/editorial-hay-que-pararlos-y-no-volver-atras\/#article","isPartOf":{"@id":"https:\/\/vamosporlaliberacion.org\/crpmlm\/editorial-hay-que-pararlos-y-no-volver-atras\/"},"author":{"name":"","@id":""},"headline":"Hay que pararlos y no volver atr\u00e1s","datePublished":"2016-08-03T01:26:45+00:00","dateModified":"2020-11-06T17:05:41+00:00","mainEntityOfPage":{"@id":"https:\/\/vamosporlaliberacion.org\/crpmlm\/editorial-hay-que-pararlos-y-no-volver-atras\/"},"wordCount":1446,"commentCount":0,"image":{"@id":"https:\/\/vamosporlaliberacion.org\/crpmlm\/editorial-hay-que-pararlos-y-no-volver-atras\/#primaryimage"},"thumbnailUrl":"https:\/\/i0.wp.com\/vamosporlaliberacion.org\/crpmlm\/wp-content\/uploads\/2016\/08\/asamblea_julio_2016_20.jpg?fit=800%2C450&ssl=1","keywords":["destacado","editorial 80","paritarias"],"articleSection":["Editoriales"],"inLanguage":"es","potentialAction":[{"@type":"CommentAction","name":"Comment","target":["https:\/\/vamosporlaliberacion.org\/crpmlm\/editorial-hay-que-pararlos-y-no-volver-atras\/#respond"]}]},{"@type":"WebPage","@id":"https:\/\/vamosporlaliberacion.org\/crpmlm\/editorial-hay-que-pararlos-y-no-volver-atras\/","url":"https:\/\/vamosporlaliberacion.org\/crpmlm\/editorial-hay-que-pararlos-y-no-volver-atras\/","name":"Hay que pararlos y no volver atr\u00e1s - Vamos por la Liberaci\u00f3n","isPartOf":{"@id":"https:\/\/vamosporlaliberacion.org\/crpmlm\/#website"},"primaryImageOfPage":{"@id":"https:\/\/vamosporlaliberacion.org\/crpmlm\/editorial-hay-que-pararlos-y-no-volver-atras\/#primaryimage"},"image":{"@id":"https:\/\/vamosporlaliberacion.org\/crpmlm\/editorial-hay-que-pararlos-y-no-volver-atras\/#primaryimage"},"thumbnailUrl":"https:\/\/i0.wp.com\/vamosporlaliberacion.org\/crpmlm\/wp-content\/uploads\/2016\/08\/asamblea_julio_2016_20.jpg?fit=800%2C450&ssl=1","datePublished":"2016-08-03T01:26:45+00:00","dateModified":"2020-11-06T17:05:41+00:00","author":{"@id":""},"breadcrumb":{"@id":"https:\/\/vamosporlaliberacion.org\/crpmlm\/editorial-hay-que-pararlos-y-no-volver-atras\/#breadcrumb"},"inLanguage":"es","potentialAction":[{"@type":"ReadAction","target":["https:\/\/vamosporlaliberacion.org\/crpmlm\/editorial-hay-que-pararlos-y-no-volver-atras\/"]}]},{"@type":"ImageObject","inLanguage":"es","@id":"https:\/\/vamosporlaliberacion.org\/crpmlm\/editorial-hay-que-pararlos-y-no-volver-atras\/#primaryimage","url":"https:\/\/i0.wp.com\/vamosporlaliberacion.org\/crpmlm\/wp-content\/uploads\/2016\/08\/asamblea_julio_2016_20.jpg?fit=800%2C450&ssl=1","contentUrl":"https:\/\/i0.wp.com\/vamosporlaliberacion.org\/crpmlm\/wp-content\/uploads\/2016\/08\/asamblea_julio_2016_20.jpg?fit=800%2C450&ssl=1","width":800,"height":450,"caption":"Asamblea de ferroviarios en Haedo momentos previos a resolver el paro de la l\u00ednea Sarmiento."},{"@type":"BreadcrumbList","@id":"https:\/\/vamosporlaliberacion.org\/crpmlm\/editorial-hay-que-pararlos-y-no-volver-atras\/#breadcrumb","itemListElement":[{"@type":"ListItem","position":1,"name":"Portada","item":"https:\/\/vamosporlaliberacion.org\/crpmlm\/"},{"@type":"ListItem","position":2,"name":"Hay que pararlos y no volver atr\u00e1s"}]},{"@type":"WebSite","@id":"https:\/\/vamosporlaliberacion.org\/crpmlm\/#website","url":"https:\/\/vamosporlaliberacion.org\/crpmlm\/","name":"Vamos por la Liberaci\u00f3n","description":"Prensa CR","potentialAction":[{"@type":"SearchAction","target":{"@type":"EntryPoint","urlTemplate":"https:\/\/vamosporlaliberacion.org\/crpmlm\/?s={search_term_string}"},"query-input":{"@type":"PropertyValueSpecification","valueRequired":true,"valueName":"search_term_string"}}],"inLanguage":"es"},{"@type":"Person","@id":"","url":"https:\/\/vamosporlaliberacion.org\/crpmlm\/author\/"}]}},"jetpack_featured_media_url":"https:\/\/i0.wp.com\/vamosporlaliberacion.org\/crpmlm\/wp-content\/uploads\/2016\/08\/asamblea_julio_2016_20.jpg?fit=800%2C450&ssl=1","jetpack_sharing_enabled":true,"_links":{"self":[{"href":"https:\/\/vamosporlaliberacion.org\/crpmlm\/wp-json\/wp\/v2\/posts\/6678","targetHints":{"allow":["GET"]}}],"collection":[{"href":"https:\/\/vamosporlaliberacion.org\/crpmlm\/wp-json\/wp\/v2\/posts"}],"about":[{"href":"https:\/\/vamosporlaliberacion.org\/crpmlm\/wp-json\/wp\/v2\/types\/post"}],"author":[{"embeddable":true,"href":"https:\/\/vamosporlaliberacion.org\/crpmlm\/wp-json\/wp\/v2\/users\/5"}],"replies":[{"embeddable":true,"href":"https:\/\/vamosporlaliberacion.org\/crpmlm\/wp-json\/wp\/v2\/comments?post=6678"}],"version-history":[{"count":1,"href":"https:\/\/vamosporlaliberacion.org\/crpmlm\/wp-json\/wp\/v2\/posts\/6678\/revisions"}],"predecessor-version":[{"id":21862,"href":"https:\/\/vamosporlaliberacion.org\/crpmlm\/wp-json\/wp\/v2\/posts\/6678\/revisions\/21862"}],"wp:featuredmedia":[{"embeddable":true,"href":"https:\/\/vamosporlaliberacion.org\/crpmlm\/wp-json\/wp\/v2\/media\/6679"}],"wp:attachment":[{"href":"https:\/\/vamosporlaliberacion.org\/crpmlm\/wp-json\/wp\/v2\/media?parent=6678"}],"wp:term":[{"taxonomy":"category","embeddable":true,"href":"https:\/\/vamosporlaliberacion.org\/crpmlm\/wp-json\/wp\/v2\/categories?post=6678"},{"taxonomy":"post_tag","embeddable":true,"href":"https:\/\/vamosporlaliberacion.org\/crpmlm\/wp-json\/wp\/v2\/tags?post=6678"}],"curies":[{"name":"wp","href":"https:\/\/api.w.org\/{rel}","templated":true}]}}