{"id":6555,"date":"2016-07-19T23:22:38","date_gmt":"2016-07-19T23:22:38","guid":{"rendered":"http:\/\/vamosporlaliberacion.org\/crpmlm\/?p=6555"},"modified":"2016-07-19T23:58:29","modified_gmt":"2016-07-19T23:58:29","slug":"jornada-patagonica-contra-el-ajuste","status":"publish","type":"post","link":"https:\/\/vamosporlaliberacion.org\/crpmlm\/jornada-patagonica-contra-el-ajuste\/","title":{"rendered":"Jornada patag\u00f3nica contra el ajuste"},"content":{"rendered":"<p class=\"Parrafo-inicial\"><span class=\"char-style-override-6\">E<\/span>l jueves 14 de julio se cumpli\u00f3 con la jornada de paro y movilizaci\u00f3n convocada desde el Encuentro Patag\u00f3nico (realizado el 2 y 3 en Tierra del Fuego). En R\u00edo Gallegos la Mesa de Unidad Sindical march\u00f3 hasta Casa de Gobierno y la marcha se replic\u00f3 en distintas localidades de la provincia. En Tierra del Fuego, la Uni\u00f3n de Gremios y Jubilados Estatales se moviliz\u00f3 en cada localidad.<\/p>\n<p class=\"Texto-base\">Tal como public\u00f3 gremialesdelsur.com.ar, la MUS santacruce\u00f1a reclama el no pago del aguinaldo en tiempo y forma, la defensa de la Caja de Previsi\u00f3n y el pedido de normalizaci\u00f3n de la Caja de Servicios Sociales. Asimismo se suma el reclamo por la resoluci\u00f3n de las denuncias realizadas contra magistrados y funcionarios (judiciales), el reconocimiento de los gremios que han sido excluidos de la paritaria (APROSA en salud) y a los que se les adeuda la ampliaci\u00f3n del \u00e1mbito de actuaci\u00f3n (SITRAIC), al igual que el pago urgente de aportes sindicales retenidos (ADOSAC y ATE).<\/p>\n<p class=\"Texto-base\">Tambi\u00e9n se march\u00f3 en Ushuaia a la Legislatura provincial y en R\u00edo Grande. Un d\u00eda antes, el Plenario de Delegados del SUTEF hab\u00eda ratificado el paro hasta el 15 de julio y resuelto un paro de 48hs para el inicio del segundo semestre (luego del receso invernal). Tambi\u00e9n contin\u00faa el acampe en R\u00edo Grande, donde se realizar\u00e1 una asamblea el 2 de agosto para resolver pasos a seguir. La respuesta de los legisladores de la UCR-Cambiemos y el FpV fue pasar a archivo el proyecto de modificaci\u00f3n del paquete de leyes presentado por la Uni\u00f3n de Gremios y Jubilados, por lo que se descarta que seguir\u00e1 el conflicto.<\/p>\n<p class=\"Texto-base\">Entre los puntos generales de la jornada estaban: paritarias abiertas y libres; contra el impuesto al salario; contra los tarifazos, impuestazos y pol\u00edticas de ajuste; contra la criminalizaci\u00f3n de la protesta social y sindical; defensa de los recursos naturales y soberan\u00eda; contra la precarizaci\u00f3n laboral en el Estado nacional, provincial y municipal, por el pase a planta y la estabilidad laboral; contra las leyes de endeudamiento y leyes de emergencia; por el funcionamiento efectivo de los organismos de control del Estado con participaci\u00f3n social.<\/p>\n<!-- AddThis Advanced Settings generic via filter on the_content --><!-- AddThis Share Buttons generic via filter on the_content -->","protected":false},"excerpt":{"rendered":"<p>El jueves 14 de julio se cumpli\u00f3 con la jornada de paro y movilizaci\u00f3n convocada desde el Encuentro Patag\u00f3nico (realizado el 2 y 3 en Tierra del Fuego). En R\u00edo Gallegos la Mesa de Unidad Sindical march\u00f3 hasta Casa de Gobierno y la marcha se replic\u00f3 en distintas localidades de la provincia. En Tierra del [&hellip;]<!-- AddThis Advanced Settings generic via filter on get_the_excerpt --><!-- AddThis Share Buttons generic via filter on get_the_excerpt --><\/p>\n","protected":false},"author":5,"featured_media":6556,"comment_status":"open","ping_status":"open","sticky":false,"template":"","format":"standard","meta":{"_jetpack_memberships_contains_paid_content":false,"footnotes":""},"categories":[1699],"tags":[514,521,542,464,251,732],"class_list":{"0":"post-6555","1":"post","2":"type-post","3":"status-publish","4":"format-standard","5":"has-post-thumbnail","7":"category-noticias","8":"tag-ajuste","9":"tag-destacado-1","10":"tag-paritarias","11":"tag-santa-cruz","12":"tag-tierra-del-fuego","13":"tag-vxl-79"},"yoast_head":"<!-- This site is optimized with the Yoast SEO plugin v27.4 - https:\/\/yoast.com\/product\/yoast-seo-wordpress\/ -->\n<title>Jornada patag\u00f3nica contra el ajuste - Vamos por la Liberaci\u00f3n<\/title>\n<meta name=\"robots\" content=\"index, follow, max-snippet:-1, max-image-preview:large, max-video-preview:-1\" \/>\n<link rel=\"canonical\" href=\"http:\/\/vamosporlaliberacion.org\/crpmlm\/jornada-patagonica-contra-el-ajuste\/\" \/>\n<meta name=\"twitter:label1\" content=\"Escrito por\" \/>\n\t<meta name=\"twitter:data1\" content=\"\" \/>\n\t<meta name=\"twitter:label2\" content=\"Tiempo de lectura\" \/>\n\t<meta name=\"twitter:data2\" content=\"2 minutos\" \/>\n<script type=\"application\/ld+json\" class=\"yoast-schema-graph\">{\"@context\":\"https:\\\/\\\/schema.org\",\"@graph\":[{\"@type\":\"Article\",\"@id\":\"http:\\\/\\\/vamosporlaliberacion.org\\\/crpmlm\\\/jornada-patagonica-contra-el-ajuste\\\/#article\",\"isPartOf\":{\"@id\":\"http:\\\/\\\/vamosporlaliberacion.org\\\/crpmlm\\\/jornada-patagonica-contra-el-ajuste\\\/\"},\"author\":{\"name\":\"\",\"@id\":\"\"},\"headline\":\"Jornada patag\u00f3nica contra el ajuste\",\"datePublished\":\"2016-07-19T23:22:38+00:00\",\"dateModified\":\"2016-07-19T23:58:29+00:00\",\"mainEntityOfPage\":{\"@id\":\"http:\\\/\\\/vamosporlaliberacion.org\\\/crpmlm\\\/jornada-patagonica-contra-el-ajuste\\\/\"},\"wordCount\":381,\"commentCount\":0,\"image\":{\"@id\":\"http:\\\/\\\/vamosporlaliberacion.org\\\/crpmlm\\\/jornada-patagonica-contra-el-ajuste\\\/#primaryimage\"},\"thumbnailUrl\":\"https:\\\/\\\/i0.wp.com\\\/vamosporlaliberacion.org\\\/crpmlm\\\/wp-content\\\/uploads\\\/2016\\\/07\\\/8926.jpg?fit=816%2C414&ssl=1\",\"keywords\":[\"ajuste\",\"destacado 1\",\"paritarias\",\"Santa Cruz\",\"Tierra del Fuego\",\"VXL 79\"],\"articleSection\":[\"Noticias\"],\"inLanguage\":\"es\",\"potentialAction\":[{\"@type\":\"CommentAction\",\"name\":\"Comment\",\"target\":[\"http:\\\/\\\/vamosporlaliberacion.org\\\/crpmlm\\\/jornada-patagonica-contra-el-ajuste\\\/#respond\"]}]},{\"@type\":\"WebPage\",\"@id\":\"http:\\\/\\\/vamosporlaliberacion.org\\\/crpmlm\\\/jornada-patagonica-contra-el-ajuste\\\/\",\"url\":\"http:\\\/\\\/vamosporlaliberacion.org\\\/crpmlm\\\/jornada-patagonica-contra-el-ajuste\\\/\",\"name\":\"Jornada patag\u00f3nica contra el ajuste - Vamos por la Liberaci\u00f3n\",\"isPartOf\":{\"@id\":\"https:\\\/\\\/vamosporlaliberacion.org\\\/crpmlm\\\/#website\"},\"primaryImageOfPage\":{\"@id\":\"http:\\\/\\\/vamosporlaliberacion.org\\\/crpmlm\\\/jornada-patagonica-contra-el-ajuste\\\/#primaryimage\"},\"image\":{\"@id\":\"http:\\\/\\\/vamosporlaliberacion.org\\\/crpmlm\\\/jornada-patagonica-contra-el-ajuste\\\/#primaryimage\"},\"thumbnailUrl\":\"https:\\\/\\\/i0.wp.com\\\/vamosporlaliberacion.org\\\/crpmlm\\\/wp-content\\\/uploads\\\/2016\\\/07\\\/8926.jpg?fit=816%2C414&ssl=1\",\"datePublished\":\"2016-07-19T23:22:38+00:00\",\"dateModified\":\"2016-07-19T23:58:29+00:00\",\"author\":{\"@id\":\"\"},\"breadcrumb\":{\"@id\":\"http:\\\/\\\/vamosporlaliberacion.org\\\/crpmlm\\\/jornada-patagonica-contra-el-ajuste\\\/#breadcrumb\"},\"inLanguage\":\"es\",\"potentialAction\":[{\"@type\":\"ReadAction\",\"target\":[\"http:\\\/\\\/vamosporlaliberacion.org\\\/crpmlm\\\/jornada-patagonica-contra-el-ajuste\\\/\"]}]},{\"@type\":\"ImageObject\",\"inLanguage\":\"es\",\"@id\":\"http:\\\/\\\/vamosporlaliberacion.org\\\/crpmlm\\\/jornada-patagonica-contra-el-ajuste\\\/#primaryimage\",\"url\":\"https:\\\/\\\/i0.wp.com\\\/vamosporlaliberacion.org\\\/crpmlm\\\/wp-content\\\/uploads\\\/2016\\\/07\\\/8926.jpg?fit=816%2C414&ssl=1\",\"contentUrl\":\"https:\\\/\\\/i0.wp.com\\\/vamosporlaliberacion.org\\\/crpmlm\\\/wp-content\\\/uploads\\\/2016\\\/07\\\/8926.jpg?fit=816%2C414&ssl=1\",\"width\":816,\"height\":414,\"caption\":\"En R\u00edo Gallegos frente a Casa de Gobierno. La jornada reafirm\u00f3 la unidad.\"},{\"@type\":\"BreadcrumbList\",\"@id\":\"http:\\\/\\\/vamosporlaliberacion.org\\\/crpmlm\\\/jornada-patagonica-contra-el-ajuste\\\/#breadcrumb\",\"itemListElement\":[{\"@type\":\"ListItem\",\"position\":1,\"name\":\"Portada\",\"item\":\"https:\\\/\\\/vamosporlaliberacion.org\\\/crpmlm\\\/\"},{\"@type\":\"ListItem\",\"position\":2,\"name\":\"Jornada patag\u00f3nica contra el ajuste\"}]},{\"@type\":\"WebSite\",\"@id\":\"https:\\\/\\\/vamosporlaliberacion.org\\\/crpmlm\\\/#website\",\"url\":\"https:\\\/\\\/vamosporlaliberacion.org\\\/crpmlm\\\/\",\"name\":\"Vamos por la Liberaci\u00f3n\",\"description\":\"Prensa CR\",\"potentialAction\":[{\"@type\":\"SearchAction\",\"target\":{\"@type\":\"EntryPoint\",\"urlTemplate\":\"https:\\\/\\\/vamosporlaliberacion.org\\\/crpmlm\\\/?s={search_term_string}\"},\"query-input\":{\"@type\":\"PropertyValueSpecification\",\"valueRequired\":true,\"valueName\":\"search_term_string\"}}],\"inLanguage\":\"es\"},{\"@type\":\"Person\",\"@id\":\"\",\"url\":\"https:\\\/\\\/vamosporlaliberacion.org\\\/crpmlm\\\/author\\\/\"}]}<\/script>\n<!-- \/ Yoast SEO plugin. -->","yoast_head_json":{"title":"Jornada patag\u00f3nica contra el ajuste - Vamos por la Liberaci\u00f3n","robots":{"index":"index","follow":"follow","max-snippet":"max-snippet:-1","max-image-preview":"max-image-preview:large","max-video-preview":"max-video-preview:-1"},"canonical":"http:\/\/vamosporlaliberacion.org\/crpmlm\/jornada-patagonica-contra-el-ajuste\/","twitter_misc":{"Escrito por":"","Tiempo de lectura":"2 minutos"},"schema":{"@context":"https:\/\/schema.org","@graph":[{"@type":"Article","@id":"http:\/\/vamosporlaliberacion.org\/crpmlm\/jornada-patagonica-contra-el-ajuste\/#article","isPartOf":{"@id":"http:\/\/vamosporlaliberacion.org\/crpmlm\/jornada-patagonica-contra-el-ajuste\/"},"author":{"name":"","@id":""},"headline":"Jornada patag\u00f3nica contra el ajuste","datePublished":"2016-07-19T23:22:38+00:00","dateModified":"2016-07-19T23:58:29+00:00","mainEntityOfPage":{"@id":"http:\/\/vamosporlaliberacion.org\/crpmlm\/jornada-patagonica-contra-el-ajuste\/"},"wordCount":381,"commentCount":0,"image":{"@id":"http:\/\/vamosporlaliberacion.org\/crpmlm\/jornada-patagonica-contra-el-ajuste\/#primaryimage"},"thumbnailUrl":"https:\/\/i0.wp.com\/vamosporlaliberacion.org\/crpmlm\/wp-content\/uploads\/2016\/07\/8926.jpg?fit=816%2C414&ssl=1","keywords":["ajuste","destacado 1","paritarias","Santa Cruz","Tierra del Fuego","VXL 79"],"articleSection":["Noticias"],"inLanguage":"es","potentialAction":[{"@type":"CommentAction","name":"Comment","target":["http:\/\/vamosporlaliberacion.org\/crpmlm\/jornada-patagonica-contra-el-ajuste\/#respond"]}]},{"@type":"WebPage","@id":"http:\/\/vamosporlaliberacion.org\/crpmlm\/jornada-patagonica-contra-el-ajuste\/","url":"http:\/\/vamosporlaliberacion.org\/crpmlm\/jornada-patagonica-contra-el-ajuste\/","name":"Jornada patag\u00f3nica contra el ajuste - Vamos por la Liberaci\u00f3n","isPartOf":{"@id":"https:\/\/vamosporlaliberacion.org\/crpmlm\/#website"},"primaryImageOfPage":{"@id":"http:\/\/vamosporlaliberacion.org\/crpmlm\/jornada-patagonica-contra-el-ajuste\/#primaryimage"},"image":{"@id":"http:\/\/vamosporlaliberacion.org\/crpmlm\/jornada-patagonica-contra-el-ajuste\/#primaryimage"},"thumbnailUrl":"https:\/\/i0.wp.com\/vamosporlaliberacion.org\/crpmlm\/wp-content\/uploads\/2016\/07\/8926.jpg?fit=816%2C414&ssl=1","datePublished":"2016-07-19T23:22:38+00:00","dateModified":"2016-07-19T23:58:29+00:00","author":{"@id":""},"breadcrumb":{"@id":"http:\/\/vamosporlaliberacion.org\/crpmlm\/jornada-patagonica-contra-el-ajuste\/#breadcrumb"},"inLanguage":"es","potentialAction":[{"@type":"ReadAction","target":["http:\/\/vamosporlaliberacion.org\/crpmlm\/jornada-patagonica-contra-el-ajuste\/"]}]},{"@type":"ImageObject","inLanguage":"es","@id":"http:\/\/vamosporlaliberacion.org\/crpmlm\/jornada-patagonica-contra-el-ajuste\/#primaryimage","url":"https:\/\/i0.wp.com\/vamosporlaliberacion.org\/crpmlm\/wp-content\/uploads\/2016\/07\/8926.jpg?fit=816%2C414&ssl=1","contentUrl":"https:\/\/i0.wp.com\/vamosporlaliberacion.org\/crpmlm\/wp-content\/uploads\/2016\/07\/8926.jpg?fit=816%2C414&ssl=1","width":816,"height":414,"caption":"En R\u00edo Gallegos frente a Casa de Gobierno. La jornada reafirm\u00f3 la unidad."},{"@type":"BreadcrumbList","@id":"http:\/\/vamosporlaliberacion.org\/crpmlm\/jornada-patagonica-contra-el-ajuste\/#breadcrumb","itemListElement":[{"@type":"ListItem","position":1,"name":"Portada","item":"https:\/\/vamosporlaliberacion.org\/crpmlm\/"},{"@type":"ListItem","position":2,"name":"Jornada patag\u00f3nica contra el ajuste"}]},{"@type":"WebSite","@id":"https:\/\/vamosporlaliberacion.org\/crpmlm\/#website","url":"https:\/\/vamosporlaliberacion.org\/crpmlm\/","name":"Vamos por la Liberaci\u00f3n","description":"Prensa CR","potentialAction":[{"@type":"SearchAction","target":{"@type":"EntryPoint","urlTemplate":"https:\/\/vamosporlaliberacion.org\/crpmlm\/?s={search_term_string}"},"query-input":{"@type":"PropertyValueSpecification","valueRequired":true,"valueName":"search_term_string"}}],"inLanguage":"es"},{"@type":"Person","@id":"","url":"https:\/\/vamosporlaliberacion.org\/crpmlm\/author\/"}]}},"jetpack_featured_media_url":"https:\/\/i0.wp.com\/vamosporlaliberacion.org\/crpmlm\/wp-content\/uploads\/2016\/07\/8926.jpg?fit=816%2C414&ssl=1","jetpack_sharing_enabled":true,"_links":{"self":[{"href":"https:\/\/vamosporlaliberacion.org\/crpmlm\/wp-json\/wp\/v2\/posts\/6555","targetHints":{"allow":["GET"]}}],"collection":[{"href":"https:\/\/vamosporlaliberacion.org\/crpmlm\/wp-json\/wp\/v2\/posts"}],"about":[{"href":"https:\/\/vamosporlaliberacion.org\/crpmlm\/wp-json\/wp\/v2\/types\/post"}],"author":[{"embeddable":true,"href":"https:\/\/vamosporlaliberacion.org\/crpmlm\/wp-json\/wp\/v2\/users\/5"}],"replies":[{"embeddable":true,"href":"https:\/\/vamosporlaliberacion.org\/crpmlm\/wp-json\/wp\/v2\/comments?post=6555"}],"version-history":[{"count":0,"href":"https:\/\/vamosporlaliberacion.org\/crpmlm\/wp-json\/wp\/v2\/posts\/6555\/revisions"}],"wp:featuredmedia":[{"embeddable":true,"href":"https:\/\/vamosporlaliberacion.org\/crpmlm\/wp-json\/wp\/v2\/media\/6556"}],"wp:attachment":[{"href":"https:\/\/vamosporlaliberacion.org\/crpmlm\/wp-json\/wp\/v2\/media?parent=6555"}],"wp:term":[{"taxonomy":"category","embeddable":true,"href":"https:\/\/vamosporlaliberacion.org\/crpmlm\/wp-json\/wp\/v2\/categories?post=6555"},{"taxonomy":"post_tag","embeddable":true,"href":"https:\/\/vamosporlaliberacion.org\/crpmlm\/wp-json\/wp\/v2\/tags?post=6555"}],"curies":[{"name":"wp","href":"https:\/\/api.w.org\/{rel}","templated":true}]}}