{"id":6549,"date":"2016-07-19T23:13:38","date_gmt":"2016-07-19T23:13:38","guid":{"rendered":"http:\/\/vamosporlaliberacion.org\/crpmlm\/?p=6549"},"modified":"2016-07-20T00:22:26","modified_gmt":"2016-07-20T00:22:26","slug":"que-la-muerte-de-walter-no-quede-impune","status":"publish","type":"post","link":"https:\/\/vamosporlaliberacion.org\/crpmlm\/que-la-muerte-de-walter-no-quede-impune\/","title":{"rendered":"Que la muerte de Walter no quede impune"},"content":{"rendered":"<p class=\"Parrafo-inicial\">El jueves 7 m\u00e1s de mil trabajadores de Volkswagen Pachecho recib\u00edan en sus manos la carta que escribi\u00f3 Nancy para denunciar la muerte de su hermano Walter Ag\u00fcero, quien sufri\u00f3 un accidente y luego de tres d\u00edas hospitalizado falleci\u00f3.<\/p>\n<p class=\"Texto-base\">M\u00e1s tarde familiares, amigos y compa\u00f1eros de Walter cortaron colectora de Panamericana a la altura de Henry Ford para exigir justicia. Nancy, dec\u00eda que \u201chasta el d\u00eda de hoy los de la f\u00e1brica no dijeron nada, no se acerc\u00f3 a la familia ni nada. Una notificaci\u00f3n diciendo lo sentimos, nada m\u00e1s que eso. Entonces queremos que no quede en la nada lo de \u00e9l, que se cambien las reglas de ah\u00ed adentro, tanta inseguridad porque esto fue negligencia de ellos\u201d.<\/p>\n<p class=\"Texto-base\">Al grito de \u201cVolkswagen culpable, justicia por Walter\u201d se march\u00f3 hasta las puertas de la f\u00e1brica donde se guard\u00f3 un minuto de silencio en memoria y respeto por Walter.<\/p>\n<p class=\"Subt-tulo\"><strong>La inseguridad laboral<\/strong><\/p>\n<p class=\"Texto-base\">La noche del jueves 16, Walter se encontraba transportando tanques de solvente con un autoelevador, cuando se produjo una explosi\u00f3n que lo hiri\u00f3 severamente, dejando el 75% de su cuerpo con quemaduras de tercer grado. Fue ayudado por sus compa\u00f1eros, y debi\u00f3 esperar 50 minutos que llegue una ambulancia. Luego de tres d\u00edas falleci\u00f3 en el hospital.<\/p>\n<p class=\"Texto-base\">Su muerte no fue casual. No fue por un error o imprudencia de su parte. Walter se encontraba trabajando con las condiciones que le impone la empresa Linser, condiciones permitidas por Volkswagen que promueve las tercerizadas para abaratar gastos, realizando tareas de operario, encuadrado en una empresa de maestranza y sin ninguna protecci\u00f3n para realizar un trabajo que es insalubre.<\/p>\n<p class=\"Texto-base\">El compa\u00f1ero se encontraba trabajando sin ropa ignifuga, con un autoelevador en mal estado (que hac\u00eda chispas), transportando un solvente altamente inflamable durante la noche, en un lugar casi sin iluminaci\u00f3n. No se cumplieron los protocolos de incendio, no hab\u00edan matafuegos suficientes y la empresa no habilit\u00f3 a la ambulancia para que saliera del predio de la planta por lo que el compa\u00f1ero estuvo alrededor de una hora esperando para ser trasladado. Condiciones en las que hoy siguen trabajando sus compa\u00f1eros.<\/p>\n<p class=\"Subt-tulo\"><strong>Mentiras y amenazas para tapar todo<\/strong><\/p>\n<p class=\"Texto-base\">Los que estuvieron presentes aquella noche tienen prohibido hablar del tema y se hacen correr versiones mentirosas que apuntan a ensuciar a Walter y responsabilizarlo por el accidente que termin\u00f3 con su vida.<\/p>\n<p class=\"Texto-base\">En el mismo sentido fue el ataque sufrido por Javier \u201cMancha\u201d Aparicio, trabajador de Volkswagen (ex delegado opositor al oficialismo del SMATA y militante del PTS). El jueves 14 a la salida del turno ma\u00f1ana se dirigi\u00f3 a su autom\u00f3vil que se estaba en el estacionamiento privado de la empresa y se encontr\u00f3 con un claro mensaje mafioso: las cuatro cubiertas tajeadas y todo el contorno del auto rayado. Esto sucedi\u00f3 al d\u00eda siguiente de que el compa\u00f1ero denunciara el hecho en una nota televisiva.<\/p>\n<p class=\"Subt-tulo\"><strong>Superganancias y precarizaci\u00f3n<\/strong><\/p>\n<p class=\"Texto-base\">Este a\u00f1o Volkswagen volvi\u00f3 a quedar n\u00famero 1 en ventas mundiales facturando sumas millonarias, mientras tienen operarios tercerizados con sueldos miserables y en terribles condiciones de trabajo. No satisfechos con esto exigen m\u00e1s. As\u00ed su CEO en Argentina en una nota para La Naci\u00f3n, a la vez que anuncia inversiones millonarias, dice que hay que \u201cmejorar la productividad\u201d de las plantas locales.<\/p>\n<p class=\"Subt-tulo\"><strong>SMATA: m\u00e1s que sindicato, jefe de recursos humanos<\/strong><\/p>\n<p class=\"Texto-base\">En el mismo sentido que el CEO de la empresa, el sindicato apret\u00f3 en asamblea general a los laburantes planteando frente a las suspensiones que hab\u00eda que dejarse de joder y ponerse las pilas con el laburo, haci\u00e9ndolos responsables por la situaci\u00f3n de la f\u00e1brica. <span class=\"char-style-override-7\">Con la muerte de Walter no fueron capaces de hacer ni una hora de paro. As\u00ed muestran lo que vale para ellos la vida de un compa\u00f1ero: nada.<\/span><\/p>\n<p class=\"Texto-base\">Mientras movilizaron con bombos y platillos para acompa\u00f1ar el tratamiento de la \u201cLey de Autopartes\u201d en el Congreso, una ley hecha a la medida de los monopolios imperialistas. Como siempre, trabajando para sus verdaderos patrones.<\/p>\n<p class=\"Autor para-style-override-7\">Corresponsal<\/p>\n<!-- AddThis Advanced Settings generic via filter on the_content --><!-- AddThis Share Buttons generic via filter on the_content -->","protected":false},"excerpt":{"rendered":"<p>El jueves 7 m\u00e1s de mil trabajadores de Volkswagen Pachecho recib\u00edan en sus manos la carta que escribi\u00f3 Nancy para denunciar la muerte de su hermano Walter Ag\u00fcero, quien sufri\u00f3 un accidente y luego de tres d\u00edas hospitalizado falleci\u00f3. M\u00e1s tarde familiares, amigos y compa\u00f1eros de Walter cortaron colectora de Panamericana a la altura de [&hellip;]<!-- AddThis Advanced Settings generic via filter on get_the_excerpt --><!-- AddThis Share Buttons generic via filter on get_the_excerpt --><\/p>\n","protected":false},"author":5,"featured_media":6593,"comment_status":"open","ping_status":"open","sticky":false,"template":"","format":"standard","meta":{"_jetpack_memberships_contains_paid_content":false,"footnotes":""},"categories":[1699],"tags":[395,628,732,735],"class_list":{"0":"post-6549","1":"post","2":"type-post","3":"status-publish","4":"format-standard","5":"has-post-thumbnail","7":"category-noticias","8":"tag-buenos-aires","9":"tag-volkswagen","10":"tag-vxl-79","11":"tag-walter-aguero"},"yoast_head":"<!-- This site is optimized with the Yoast SEO plugin v27.4 - https:\/\/yoast.com\/product\/yoast-seo-wordpress\/ -->\n<title>Que la muerte de Walter no quede impune - Vamos por la Liberaci\u00f3n<\/title>\n<meta name=\"robots\" content=\"index, follow, max-snippet:-1, max-image-preview:large, max-video-preview:-1\" \/>\n<link rel=\"canonical\" href=\"http:\/\/vamosporlaliberacion.org\/crpmlm\/que-la-muerte-de-walter-no-quede-impune\/\" \/>\n<meta name=\"twitter:label1\" content=\"Escrito por\" \/>\n\t<meta name=\"twitter:data1\" content=\"\" \/>\n\t<meta name=\"twitter:label2\" content=\"Tiempo de lectura\" \/>\n\t<meta name=\"twitter:data2\" content=\"3 minutos\" \/>\n<script type=\"application\/ld+json\" class=\"yoast-schema-graph\">{\"@context\":\"https:\\\/\\\/schema.org\",\"@graph\":[{\"@type\":\"Article\",\"@id\":\"http:\\\/\\\/vamosporlaliberacion.org\\\/crpmlm\\\/que-la-muerte-de-walter-no-quede-impune\\\/#article\",\"isPartOf\":{\"@id\":\"http:\\\/\\\/vamosporlaliberacion.org\\\/crpmlm\\\/que-la-muerte-de-walter-no-quede-impune\\\/\"},\"author\":{\"name\":\"\",\"@id\":\"\"},\"headline\":\"Que la muerte de Walter no quede impune\",\"datePublished\":\"2016-07-19T23:13:38+00:00\",\"dateModified\":\"2016-07-20T00:22:26+00:00\",\"mainEntityOfPage\":{\"@id\":\"http:\\\/\\\/vamosporlaliberacion.org\\\/crpmlm\\\/que-la-muerte-de-walter-no-quede-impune\\\/\"},\"wordCount\":695,\"commentCount\":0,\"image\":{\"@id\":\"http:\\\/\\\/vamosporlaliberacion.org\\\/crpmlm\\\/que-la-muerte-de-walter-no-quede-impune\\\/#primaryimage\"},\"thumbnailUrl\":\"https:\\\/\\\/i0.wp.com\\\/vamosporlaliberacion.org\\\/crpmlm\\\/wp-content\\\/uploads\\\/2016\\\/07\\\/justicia-para-walter.jpg?fit=696%2C392&ssl=1\",\"keywords\":[\"Buenos Aires\",\"Volkswagen\",\"VXL 79\",\"Walter Ag\u00fcero\"],\"articleSection\":[\"Noticias\"],\"inLanguage\":\"es\",\"potentialAction\":[{\"@type\":\"CommentAction\",\"name\":\"Comment\",\"target\":[\"http:\\\/\\\/vamosporlaliberacion.org\\\/crpmlm\\\/que-la-muerte-de-walter-no-quede-impune\\\/#respond\"]}]},{\"@type\":\"WebPage\",\"@id\":\"http:\\\/\\\/vamosporlaliberacion.org\\\/crpmlm\\\/que-la-muerte-de-walter-no-quede-impune\\\/\",\"url\":\"http:\\\/\\\/vamosporlaliberacion.org\\\/crpmlm\\\/que-la-muerte-de-walter-no-quede-impune\\\/\",\"name\":\"Que la muerte de Walter no quede impune - Vamos por la Liberaci\u00f3n\",\"isPartOf\":{\"@id\":\"https:\\\/\\\/vamosporlaliberacion.org\\\/crpmlm\\\/#website\"},\"primaryImageOfPage\":{\"@id\":\"http:\\\/\\\/vamosporlaliberacion.org\\\/crpmlm\\\/que-la-muerte-de-walter-no-quede-impune\\\/#primaryimage\"},\"image\":{\"@id\":\"http:\\\/\\\/vamosporlaliberacion.org\\\/crpmlm\\\/que-la-muerte-de-walter-no-quede-impune\\\/#primaryimage\"},\"thumbnailUrl\":\"https:\\\/\\\/i0.wp.com\\\/vamosporlaliberacion.org\\\/crpmlm\\\/wp-content\\\/uploads\\\/2016\\\/07\\\/justicia-para-walter.jpg?fit=696%2C392&ssl=1\",\"datePublished\":\"2016-07-19T23:13:38+00:00\",\"dateModified\":\"2016-07-20T00:22:26+00:00\",\"author\":{\"@id\":\"\"},\"breadcrumb\":{\"@id\":\"http:\\\/\\\/vamosporlaliberacion.org\\\/crpmlm\\\/que-la-muerte-de-walter-no-quede-impune\\\/#breadcrumb\"},\"inLanguage\":\"es\",\"potentialAction\":[{\"@type\":\"ReadAction\",\"target\":[\"http:\\\/\\\/vamosporlaliberacion.org\\\/crpmlm\\\/que-la-muerte-de-walter-no-quede-impune\\\/\"]}]},{\"@type\":\"ImageObject\",\"inLanguage\":\"es\",\"@id\":\"http:\\\/\\\/vamosporlaliberacion.org\\\/crpmlm\\\/que-la-muerte-de-walter-no-quede-impune\\\/#primaryimage\",\"url\":\"https:\\\/\\\/i0.wp.com\\\/vamosporlaliberacion.org\\\/crpmlm\\\/wp-content\\\/uploads\\\/2016\\\/07\\\/justicia-para-walter.jpg?fit=696%2C392&ssl=1\",\"contentUrl\":\"https:\\\/\\\/i0.wp.com\\\/vamosporlaliberacion.org\\\/crpmlm\\\/wp-content\\\/uploads\\\/2016\\\/07\\\/justicia-para-walter.jpg?fit=696%2C392&ssl=1\",\"width\":696,\"height\":392},{\"@type\":\"BreadcrumbList\",\"@id\":\"http:\\\/\\\/vamosporlaliberacion.org\\\/crpmlm\\\/que-la-muerte-de-walter-no-quede-impune\\\/#breadcrumb\",\"itemListElement\":[{\"@type\":\"ListItem\",\"position\":1,\"name\":\"Portada\",\"item\":\"https:\\\/\\\/vamosporlaliberacion.org\\\/crpmlm\\\/\"},{\"@type\":\"ListItem\",\"position\":2,\"name\":\"Que la muerte de Walter no quede impune\"}]},{\"@type\":\"WebSite\",\"@id\":\"https:\\\/\\\/vamosporlaliberacion.org\\\/crpmlm\\\/#website\",\"url\":\"https:\\\/\\\/vamosporlaliberacion.org\\\/crpmlm\\\/\",\"name\":\"Vamos por la Liberaci\u00f3n\",\"description\":\"Prensa CR\",\"potentialAction\":[{\"@type\":\"SearchAction\",\"target\":{\"@type\":\"EntryPoint\",\"urlTemplate\":\"https:\\\/\\\/vamosporlaliberacion.org\\\/crpmlm\\\/?s={search_term_string}\"},\"query-input\":{\"@type\":\"PropertyValueSpecification\",\"valueRequired\":true,\"valueName\":\"search_term_string\"}}],\"inLanguage\":\"es\"},{\"@type\":\"Person\",\"@id\":\"\",\"url\":\"https:\\\/\\\/vamosporlaliberacion.org\\\/crpmlm\\\/author\\\/\"}]}<\/script>\n<!-- \/ Yoast SEO plugin. -->","yoast_head_json":{"title":"Que la muerte de Walter no quede impune - Vamos por la Liberaci\u00f3n","robots":{"index":"index","follow":"follow","max-snippet":"max-snippet:-1","max-image-preview":"max-image-preview:large","max-video-preview":"max-video-preview:-1"},"canonical":"http:\/\/vamosporlaliberacion.org\/crpmlm\/que-la-muerte-de-walter-no-quede-impune\/","twitter_misc":{"Escrito por":"","Tiempo de lectura":"3 minutos"},"schema":{"@context":"https:\/\/schema.org","@graph":[{"@type":"Article","@id":"http:\/\/vamosporlaliberacion.org\/crpmlm\/que-la-muerte-de-walter-no-quede-impune\/#article","isPartOf":{"@id":"http:\/\/vamosporlaliberacion.org\/crpmlm\/que-la-muerte-de-walter-no-quede-impune\/"},"author":{"name":"","@id":""},"headline":"Que la muerte de Walter no quede impune","datePublished":"2016-07-19T23:13:38+00:00","dateModified":"2016-07-20T00:22:26+00:00","mainEntityOfPage":{"@id":"http:\/\/vamosporlaliberacion.org\/crpmlm\/que-la-muerte-de-walter-no-quede-impune\/"},"wordCount":695,"commentCount":0,"image":{"@id":"http:\/\/vamosporlaliberacion.org\/crpmlm\/que-la-muerte-de-walter-no-quede-impune\/#primaryimage"},"thumbnailUrl":"https:\/\/i0.wp.com\/vamosporlaliberacion.org\/crpmlm\/wp-content\/uploads\/2016\/07\/justicia-para-walter.jpg?fit=696%2C392&ssl=1","keywords":["Buenos Aires","Volkswagen","VXL 79","Walter Ag\u00fcero"],"articleSection":["Noticias"],"inLanguage":"es","potentialAction":[{"@type":"CommentAction","name":"Comment","target":["http:\/\/vamosporlaliberacion.org\/crpmlm\/que-la-muerte-de-walter-no-quede-impune\/#respond"]}]},{"@type":"WebPage","@id":"http:\/\/vamosporlaliberacion.org\/crpmlm\/que-la-muerte-de-walter-no-quede-impune\/","url":"http:\/\/vamosporlaliberacion.org\/crpmlm\/que-la-muerte-de-walter-no-quede-impune\/","name":"Que la muerte de Walter no quede impune - Vamos por la Liberaci\u00f3n","isPartOf":{"@id":"https:\/\/vamosporlaliberacion.org\/crpmlm\/#website"},"primaryImageOfPage":{"@id":"http:\/\/vamosporlaliberacion.org\/crpmlm\/que-la-muerte-de-walter-no-quede-impune\/#primaryimage"},"image":{"@id":"http:\/\/vamosporlaliberacion.org\/crpmlm\/que-la-muerte-de-walter-no-quede-impune\/#primaryimage"},"thumbnailUrl":"https:\/\/i0.wp.com\/vamosporlaliberacion.org\/crpmlm\/wp-content\/uploads\/2016\/07\/justicia-para-walter.jpg?fit=696%2C392&ssl=1","datePublished":"2016-07-19T23:13:38+00:00","dateModified":"2016-07-20T00:22:26+00:00","author":{"@id":""},"breadcrumb":{"@id":"http:\/\/vamosporlaliberacion.org\/crpmlm\/que-la-muerte-de-walter-no-quede-impune\/#breadcrumb"},"inLanguage":"es","potentialAction":[{"@type":"ReadAction","target":["http:\/\/vamosporlaliberacion.org\/crpmlm\/que-la-muerte-de-walter-no-quede-impune\/"]}]},{"@type":"ImageObject","inLanguage":"es","@id":"http:\/\/vamosporlaliberacion.org\/crpmlm\/que-la-muerte-de-walter-no-quede-impune\/#primaryimage","url":"https:\/\/i0.wp.com\/vamosporlaliberacion.org\/crpmlm\/wp-content\/uploads\/2016\/07\/justicia-para-walter.jpg?fit=696%2C392&ssl=1","contentUrl":"https:\/\/i0.wp.com\/vamosporlaliberacion.org\/crpmlm\/wp-content\/uploads\/2016\/07\/justicia-para-walter.jpg?fit=696%2C392&ssl=1","width":696,"height":392},{"@type":"BreadcrumbList","@id":"http:\/\/vamosporlaliberacion.org\/crpmlm\/que-la-muerte-de-walter-no-quede-impune\/#breadcrumb","itemListElement":[{"@type":"ListItem","position":1,"name":"Portada","item":"https:\/\/vamosporlaliberacion.org\/crpmlm\/"},{"@type":"ListItem","position":2,"name":"Que la muerte de Walter no quede impune"}]},{"@type":"WebSite","@id":"https:\/\/vamosporlaliberacion.org\/crpmlm\/#website","url":"https:\/\/vamosporlaliberacion.org\/crpmlm\/","name":"Vamos por la Liberaci\u00f3n","description":"Prensa CR","potentialAction":[{"@type":"SearchAction","target":{"@type":"EntryPoint","urlTemplate":"https:\/\/vamosporlaliberacion.org\/crpmlm\/?s={search_term_string}"},"query-input":{"@type":"PropertyValueSpecification","valueRequired":true,"valueName":"search_term_string"}}],"inLanguage":"es"},{"@type":"Person","@id":"","url":"https:\/\/vamosporlaliberacion.org\/crpmlm\/author\/"}]}},"jetpack_featured_media_url":"https:\/\/i0.wp.com\/vamosporlaliberacion.org\/crpmlm\/wp-content\/uploads\/2016\/07\/justicia-para-walter.jpg?fit=696%2C392&ssl=1","jetpack_sharing_enabled":true,"_links":{"self":[{"href":"https:\/\/vamosporlaliberacion.org\/crpmlm\/wp-json\/wp\/v2\/posts\/6549","targetHints":{"allow":["GET"]}}],"collection":[{"href":"https:\/\/vamosporlaliberacion.org\/crpmlm\/wp-json\/wp\/v2\/posts"}],"about":[{"href":"https:\/\/vamosporlaliberacion.org\/crpmlm\/wp-json\/wp\/v2\/types\/post"}],"author":[{"embeddable":true,"href":"https:\/\/vamosporlaliberacion.org\/crpmlm\/wp-json\/wp\/v2\/users\/5"}],"replies":[{"embeddable":true,"href":"https:\/\/vamosporlaliberacion.org\/crpmlm\/wp-json\/wp\/v2\/comments?post=6549"}],"version-history":[{"count":0,"href":"https:\/\/vamosporlaliberacion.org\/crpmlm\/wp-json\/wp\/v2\/posts\/6549\/revisions"}],"wp:featuredmedia":[{"embeddable":true,"href":"https:\/\/vamosporlaliberacion.org\/crpmlm\/wp-json\/wp\/v2\/media\/6593"}],"wp:attachment":[{"href":"https:\/\/vamosporlaliberacion.org\/crpmlm\/wp-json\/wp\/v2\/media?parent=6549"}],"wp:term":[{"taxonomy":"category","embeddable":true,"href":"https:\/\/vamosporlaliberacion.org\/crpmlm\/wp-json\/wp\/v2\/categories?post=6549"},{"taxonomy":"post_tag","embeddable":true,"href":"https:\/\/vamosporlaliberacion.org\/crpmlm\/wp-json\/wp\/v2\/tags?post=6549"}],"curies":[{"name":"wp","href":"https:\/\/api.w.org\/{rel}","templated":true}]}}