{"id":6320,"date":"2016-06-22T21:53:27","date_gmt":"2016-06-23T00:53:27","guid":{"rendered":"http:\/\/vamosporlaliberacion.org\/crpmlm\/?p=6320"},"modified":"2020-11-05T18:52:27","modified_gmt":"2020-11-05T21:52:27","slug":"protestas-en-clarin-y-pagina12","status":"publish","type":"post","link":"https:\/\/vamosporlaliberacion.org\/crpmlm\/protestas-en-clarin-y-pagina12\/","title":{"rendered":"Protestas en Clar\u00edn y P\u00e1gina\/12"},"content":{"rendered":"<p class=\"Parrafo-inicial\"><span class=\"char-style-override-4\">E<\/span>n la foto, el segundo \u201cApag\u00f3n de Monitores\u201d en <span class=\"char-style-override-29\">Clar\u00edn<\/span> realizado el 16\/6 y extraida del video publicado en el facebook de Delegados Clar\u00edn. En el comunicado, firmado tambi\u00e9n por la Comisi\u00f3n Interna de<span class=\"char-style-override-29\">P\u00e1gina\/12<\/span>, denuncian la \u201cpeor paritaria del pa\u00eds\u201d firmada por la c\u00e1mara empresarial que integran AGEA-Clar\u00edn y Editorial La P\u00e1gina con el \u201csindicato fantasma\u201d UTPBA: un 24,9% de aumento anual.<\/p>\n<p class=\"Texto-base\">\u201cEn P\u00e1gina\/12, \u2013contin\u00faa el comunicado\u2013 donde los due\u00f1os acudieron al gobierno de Mauricio Macri en busca de una \u2018conciliaci\u00f3n\u2019 para frustrar medidas de fuerza, ayer nos sacamos una foto para exigir \u2018Salarios dignos\u2019&#8230;\u201d<\/p>\n<p class=\"Texto-base\">\u201cEn Clar\u00edn, la empresa insiste con el argumento de que hay una paritaria cerrada. No han alcanzado las advertencias previas de los trabajadores denunciando que no \u00e9ramos parte de esa negociaci\u00f3n y que, por lo tanto, no era v\u00e1lida.\u201d<\/p>\n<p class=\"Texto-base\">\u201cLejos de la idea de \u201cgrieta\u201d instalada en los \u00faltimos a\u00f1os, los trabajadores de P\u00e1gina\/12 y de Clar\u00edn tenemos bien claro que la \u00fanica grieta real es la que nos separa de empresarios habituados a llorar miseria y enriquecerse con el esfuerzo ajeno\u201d, concluye el comunicado.<\/p>\n<!-- AddThis Advanced Settings generic via filter on the_content --><!-- AddThis Share Buttons generic via filter on the_content -->","protected":false},"excerpt":{"rendered":"<p>En la foto, el segundo \u201cApag\u00f3n de Monitores\u201d en Clar\u00edn realizado el 16\/6 y extraida del video publicado en el facebook de Delegados Clar\u00edn. En el comunicado, firmado tambi\u00e9n por la Comisi\u00f3n Interna deP\u00e1gina\/12, denuncian la \u201cpeor paritaria del pa\u00eds\u201d firmada por la c\u00e1mara empresarial que integran AGEA-Clar\u00edn y Editorial La P\u00e1gina con el \u201csindicato [&hellip;]<!-- AddThis Advanced Settings generic via filter on get_the_excerpt --><!-- AddThis Share Buttons generic via filter on get_the_excerpt --><\/p>\n","protected":false},"author":5,"featured_media":6321,"comment_status":"open","ping_status":"open","sticky":false,"template":"","format":"standard","meta":{"_jetpack_memberships_contains_paid_content":false,"footnotes":""},"categories":[1877],"tags":[715,716,714,706],"class_list":{"0":"post-6320","1":"post","2":"type-post","3":"status-publish","4":"format-standard","5":"has-post-thumbnail","7":"category-gremiales","8":"tag-clarin","9":"tag-pagina12","10":"tag-utpba","11":"tag-vxl-77"},"yoast_head":"<!-- This site is optimized with the Yoast SEO plugin v27.4 - https:\/\/yoast.com\/product\/yoast-seo-wordpress\/ -->\n<title>Protestas en Clar\u00edn y P\u00e1gina\/12 - Vamos por la Liberaci\u00f3n<\/title>\n<meta name=\"robots\" content=\"index, follow, max-snippet:-1, max-image-preview:large, max-video-preview:-1\" \/>\n<link rel=\"canonical\" href=\"https:\/\/vamosporlaliberacion.org\/crpmlm\/protestas-en-clarin-y-pagina12\/\" \/>\n<meta name=\"twitter:label1\" content=\"Escrito por\" \/>\n\t<meta name=\"twitter:data1\" content=\"\" \/>\n\t<meta name=\"twitter:label2\" content=\"Tiempo de lectura\" \/>\n\t<meta name=\"twitter:data2\" content=\"1 minuto\" \/>\n<script type=\"application\/ld+json\" class=\"yoast-schema-graph\">{\"@context\":\"https:\\\/\\\/schema.org\",\"@graph\":[{\"@type\":\"Article\",\"@id\":\"https:\\\/\\\/vamosporlaliberacion.org\\\/crpmlm\\\/protestas-en-clarin-y-pagina12\\\/#article\",\"isPartOf\":{\"@id\":\"https:\\\/\\\/vamosporlaliberacion.org\\\/crpmlm\\\/protestas-en-clarin-y-pagina12\\\/\"},\"author\":{\"name\":\"\",\"@id\":\"\"},\"headline\":\"Protestas en Clar\u00edn y P\u00e1gina\\\/12\",\"datePublished\":\"2016-06-23T00:53:27+00:00\",\"dateModified\":\"2020-11-05T21:52:27+00:00\",\"mainEntityOfPage\":{\"@id\":\"https:\\\/\\\/vamosporlaliberacion.org\\\/crpmlm\\\/protestas-en-clarin-y-pagina12\\\/\"},\"wordCount\":205,\"commentCount\":0,\"image\":{\"@id\":\"https:\\\/\\\/vamosporlaliberacion.org\\\/crpmlm\\\/protestas-en-clarin-y-pagina12\\\/#primaryimage\"},\"thumbnailUrl\":\"https:\\\/\\\/i0.wp.com\\\/vamosporlaliberacion.org\\\/crpmlm\\\/wp-content\\\/uploads\\\/2016\\\/06\\\/Sin-t%C3%ADtulo2.jpg?fit=372%2C202&ssl=1\",\"keywords\":[\"Clar\u00edn\",\"P\u00e1gina\\\/12\",\"UTPBA\",\"vxl 77\"],\"articleSection\":[\"Actualidad e historia del movimiento obrero\"],\"inLanguage\":\"es\",\"potentialAction\":[{\"@type\":\"CommentAction\",\"name\":\"Comment\",\"target\":[\"https:\\\/\\\/vamosporlaliberacion.org\\\/crpmlm\\\/protestas-en-clarin-y-pagina12\\\/#respond\"]}]},{\"@type\":\"WebPage\",\"@id\":\"https:\\\/\\\/vamosporlaliberacion.org\\\/crpmlm\\\/protestas-en-clarin-y-pagina12\\\/\",\"url\":\"https:\\\/\\\/vamosporlaliberacion.org\\\/crpmlm\\\/protestas-en-clarin-y-pagina12\\\/\",\"name\":\"Protestas en Clar\u00edn y P\u00e1gina\\\/12 - Vamos por la Liberaci\u00f3n\",\"isPartOf\":{\"@id\":\"https:\\\/\\\/vamosporlaliberacion.org\\\/crpmlm\\\/#website\"},\"primaryImageOfPage\":{\"@id\":\"https:\\\/\\\/vamosporlaliberacion.org\\\/crpmlm\\\/protestas-en-clarin-y-pagina12\\\/#primaryimage\"},\"image\":{\"@id\":\"https:\\\/\\\/vamosporlaliberacion.org\\\/crpmlm\\\/protestas-en-clarin-y-pagina12\\\/#primaryimage\"},\"thumbnailUrl\":\"https:\\\/\\\/i0.wp.com\\\/vamosporlaliberacion.org\\\/crpmlm\\\/wp-content\\\/uploads\\\/2016\\\/06\\\/Sin-t%C3%ADtulo2.jpg?fit=372%2C202&ssl=1\",\"datePublished\":\"2016-06-23T00:53:27+00:00\",\"dateModified\":\"2020-11-05T21:52:27+00:00\",\"author\":{\"@id\":\"\"},\"breadcrumb\":{\"@id\":\"https:\\\/\\\/vamosporlaliberacion.org\\\/crpmlm\\\/protestas-en-clarin-y-pagina12\\\/#breadcrumb\"},\"inLanguage\":\"es\",\"potentialAction\":[{\"@type\":\"ReadAction\",\"target\":[\"https:\\\/\\\/vamosporlaliberacion.org\\\/crpmlm\\\/protestas-en-clarin-y-pagina12\\\/\"]}]},{\"@type\":\"ImageObject\",\"inLanguage\":\"es\",\"@id\":\"https:\\\/\\\/vamosporlaliberacion.org\\\/crpmlm\\\/protestas-en-clarin-y-pagina12\\\/#primaryimage\",\"url\":\"https:\\\/\\\/i0.wp.com\\\/vamosporlaliberacion.org\\\/crpmlm\\\/wp-content\\\/uploads\\\/2016\\\/06\\\/Sin-t%C3%ADtulo2.jpg?fit=372%2C202&ssl=1\",\"contentUrl\":\"https:\\\/\\\/i0.wp.com\\\/vamosporlaliberacion.org\\\/crpmlm\\\/wp-content\\\/uploads\\\/2016\\\/06\\\/Sin-t%C3%ADtulo2.jpg?fit=372%2C202&ssl=1\",\"width\":372,\"height\":202},{\"@type\":\"BreadcrumbList\",\"@id\":\"https:\\\/\\\/vamosporlaliberacion.org\\\/crpmlm\\\/protestas-en-clarin-y-pagina12\\\/#breadcrumb\",\"itemListElement\":[{\"@type\":\"ListItem\",\"position\":1,\"name\":\"Portada\",\"item\":\"https:\\\/\\\/vamosporlaliberacion.org\\\/crpmlm\\\/\"},{\"@type\":\"ListItem\",\"position\":2,\"name\":\"Protestas en Clar\u00edn y P\u00e1gina\\\/12\"}]},{\"@type\":\"WebSite\",\"@id\":\"https:\\\/\\\/vamosporlaliberacion.org\\\/crpmlm\\\/#website\",\"url\":\"https:\\\/\\\/vamosporlaliberacion.org\\\/crpmlm\\\/\",\"name\":\"Vamos por la Liberaci\u00f3n\",\"description\":\"Prensa CR\",\"potentialAction\":[{\"@type\":\"SearchAction\",\"target\":{\"@type\":\"EntryPoint\",\"urlTemplate\":\"https:\\\/\\\/vamosporlaliberacion.org\\\/crpmlm\\\/?s={search_term_string}\"},\"query-input\":{\"@type\":\"PropertyValueSpecification\",\"valueRequired\":true,\"valueName\":\"search_term_string\"}}],\"inLanguage\":\"es\"},{\"@type\":\"Person\",\"@id\":\"\",\"url\":\"https:\\\/\\\/vamosporlaliberacion.org\\\/crpmlm\\\/author\\\/\"}]}<\/script>\n<!-- \/ Yoast SEO plugin. -->","yoast_head_json":{"title":"Protestas en Clar\u00edn y P\u00e1gina\/12 - Vamos por la Liberaci\u00f3n","robots":{"index":"index","follow":"follow","max-snippet":"max-snippet:-1","max-image-preview":"max-image-preview:large","max-video-preview":"max-video-preview:-1"},"canonical":"https:\/\/vamosporlaliberacion.org\/crpmlm\/protestas-en-clarin-y-pagina12\/","twitter_misc":{"Escrito por":"","Tiempo de lectura":"1 minuto"},"schema":{"@context":"https:\/\/schema.org","@graph":[{"@type":"Article","@id":"https:\/\/vamosporlaliberacion.org\/crpmlm\/protestas-en-clarin-y-pagina12\/#article","isPartOf":{"@id":"https:\/\/vamosporlaliberacion.org\/crpmlm\/protestas-en-clarin-y-pagina12\/"},"author":{"name":"","@id":""},"headline":"Protestas en Clar\u00edn y P\u00e1gina\/12","datePublished":"2016-06-23T00:53:27+00:00","dateModified":"2020-11-05T21:52:27+00:00","mainEntityOfPage":{"@id":"https:\/\/vamosporlaliberacion.org\/crpmlm\/protestas-en-clarin-y-pagina12\/"},"wordCount":205,"commentCount":0,"image":{"@id":"https:\/\/vamosporlaliberacion.org\/crpmlm\/protestas-en-clarin-y-pagina12\/#primaryimage"},"thumbnailUrl":"https:\/\/i0.wp.com\/vamosporlaliberacion.org\/crpmlm\/wp-content\/uploads\/2016\/06\/Sin-t%C3%ADtulo2.jpg?fit=372%2C202&ssl=1","keywords":["Clar\u00edn","P\u00e1gina\/12","UTPBA","vxl 77"],"articleSection":["Actualidad e historia del movimiento obrero"],"inLanguage":"es","potentialAction":[{"@type":"CommentAction","name":"Comment","target":["https:\/\/vamosporlaliberacion.org\/crpmlm\/protestas-en-clarin-y-pagina12\/#respond"]}]},{"@type":"WebPage","@id":"https:\/\/vamosporlaliberacion.org\/crpmlm\/protestas-en-clarin-y-pagina12\/","url":"https:\/\/vamosporlaliberacion.org\/crpmlm\/protestas-en-clarin-y-pagina12\/","name":"Protestas en Clar\u00edn y P\u00e1gina\/12 - Vamos por la Liberaci\u00f3n","isPartOf":{"@id":"https:\/\/vamosporlaliberacion.org\/crpmlm\/#website"},"primaryImageOfPage":{"@id":"https:\/\/vamosporlaliberacion.org\/crpmlm\/protestas-en-clarin-y-pagina12\/#primaryimage"},"image":{"@id":"https:\/\/vamosporlaliberacion.org\/crpmlm\/protestas-en-clarin-y-pagina12\/#primaryimage"},"thumbnailUrl":"https:\/\/i0.wp.com\/vamosporlaliberacion.org\/crpmlm\/wp-content\/uploads\/2016\/06\/Sin-t%C3%ADtulo2.jpg?fit=372%2C202&ssl=1","datePublished":"2016-06-23T00:53:27+00:00","dateModified":"2020-11-05T21:52:27+00:00","author":{"@id":""},"breadcrumb":{"@id":"https:\/\/vamosporlaliberacion.org\/crpmlm\/protestas-en-clarin-y-pagina12\/#breadcrumb"},"inLanguage":"es","potentialAction":[{"@type":"ReadAction","target":["https:\/\/vamosporlaliberacion.org\/crpmlm\/protestas-en-clarin-y-pagina12\/"]}]},{"@type":"ImageObject","inLanguage":"es","@id":"https:\/\/vamosporlaliberacion.org\/crpmlm\/protestas-en-clarin-y-pagina12\/#primaryimage","url":"https:\/\/i0.wp.com\/vamosporlaliberacion.org\/crpmlm\/wp-content\/uploads\/2016\/06\/Sin-t%C3%ADtulo2.jpg?fit=372%2C202&ssl=1","contentUrl":"https:\/\/i0.wp.com\/vamosporlaliberacion.org\/crpmlm\/wp-content\/uploads\/2016\/06\/Sin-t%C3%ADtulo2.jpg?fit=372%2C202&ssl=1","width":372,"height":202},{"@type":"BreadcrumbList","@id":"https:\/\/vamosporlaliberacion.org\/crpmlm\/protestas-en-clarin-y-pagina12\/#breadcrumb","itemListElement":[{"@type":"ListItem","position":1,"name":"Portada","item":"https:\/\/vamosporlaliberacion.org\/crpmlm\/"},{"@type":"ListItem","position":2,"name":"Protestas en Clar\u00edn y P\u00e1gina\/12"}]},{"@type":"WebSite","@id":"https:\/\/vamosporlaliberacion.org\/crpmlm\/#website","url":"https:\/\/vamosporlaliberacion.org\/crpmlm\/","name":"Vamos por la Liberaci\u00f3n","description":"Prensa CR","potentialAction":[{"@type":"SearchAction","target":{"@type":"EntryPoint","urlTemplate":"https:\/\/vamosporlaliberacion.org\/crpmlm\/?s={search_term_string}"},"query-input":{"@type":"PropertyValueSpecification","valueRequired":true,"valueName":"search_term_string"}}],"inLanguage":"es"},{"@type":"Person","@id":"","url":"https:\/\/vamosporlaliberacion.org\/crpmlm\/author\/"}]}},"jetpack_featured_media_url":"https:\/\/i0.wp.com\/vamosporlaliberacion.org\/crpmlm\/wp-content\/uploads\/2016\/06\/Sin-t%C3%ADtulo2.jpg?fit=372%2C202&ssl=1","jetpack_sharing_enabled":true,"_links":{"self":[{"href":"https:\/\/vamosporlaliberacion.org\/crpmlm\/wp-json\/wp\/v2\/posts\/6320","targetHints":{"allow":["GET"]}}],"collection":[{"href":"https:\/\/vamosporlaliberacion.org\/crpmlm\/wp-json\/wp\/v2\/posts"}],"about":[{"href":"https:\/\/vamosporlaliberacion.org\/crpmlm\/wp-json\/wp\/v2\/types\/post"}],"author":[{"embeddable":true,"href":"https:\/\/vamosporlaliberacion.org\/crpmlm\/wp-json\/wp\/v2\/users\/5"}],"replies":[{"embeddable":true,"href":"https:\/\/vamosporlaliberacion.org\/crpmlm\/wp-json\/wp\/v2\/comments?post=6320"}],"version-history":[{"count":1,"href":"https:\/\/vamosporlaliberacion.org\/crpmlm\/wp-json\/wp\/v2\/posts\/6320\/revisions"}],"predecessor-version":[{"id":21649,"href":"https:\/\/vamosporlaliberacion.org\/crpmlm\/wp-json\/wp\/v2\/posts\/6320\/revisions\/21649"}],"wp:featuredmedia":[{"embeddable":true,"href":"https:\/\/vamosporlaliberacion.org\/crpmlm\/wp-json\/wp\/v2\/media\/6321"}],"wp:attachment":[{"href":"https:\/\/vamosporlaliberacion.org\/crpmlm\/wp-json\/wp\/v2\/media?parent=6320"}],"wp:term":[{"taxonomy":"category","embeddable":true,"href":"https:\/\/vamosporlaliberacion.org\/crpmlm\/wp-json\/wp\/v2\/categories?post=6320"},{"taxonomy":"post_tag","embeddable":true,"href":"https:\/\/vamosporlaliberacion.org\/crpmlm\/wp-json\/wp\/v2\/tags?post=6320"}],"curies":[{"name":"wp","href":"https:\/\/api.w.org\/{rel}","templated":true}]}}