{"id":6313,"date":"2016-06-22T21:43:44","date_gmt":"2016-06-23T00:43:44","guid":{"rendered":"http:\/\/vamosporlaliberacion.org\/crpmlm\/?p=6313"},"modified":"2020-11-05T18:53:58","modified_gmt":"2020-11-05T21:53:58","slug":"paro-y-masiva-movilizacion-de-trabajadores-del-sector-nuclear","status":"publish","type":"post","link":"https:\/\/vamosporlaliberacion.org\/crpmlm\/paro-y-masiva-movilizacion-de-trabajadores-del-sector-nuclear\/","title":{"rendered":"Paro y masiva movilizaci\u00f3n de trabajadores del sector nuclear"},"content":{"rendered":"<div class=\"Marco-de-texto-b-sico\">\n<p class=\"Volanta\">En CNEA y otros organismos<\/p>\n<\/div>\n<div class=\"Marco-de-texto-b-sico\">\n<p class=\"Parrafo-inicial\"><span class=\"char-style-override-1\">E<\/span>l mi\u00e9rcoles 8\/6 los trabajadores y trabajadoras de Comisi\u00f3n Nacional de Energ\u00eda At\u00f3mica (CNEA), junto a otros organismos y empresas del sector nuclear, realizamos un paro y movilizaci\u00f3n en las sedes y centros at\u00f3micos en reclamo del pase a planta de los precarizados y la apertura de la paritaria sectorial del organismo. La medida comenz\u00f3 a gestarse luego de que el gobierno de Macri y UPCN impusieran por la fuerza a todos los trabajadores una paritaria a la baja y en 3 cuotas no acumulativas: 7% en junio, 10% en julio y 14% en agosto. As\u00ed, en la CNEA fue avanzando en cada sector de trabajo la necesidad de tomar con fuerza los reclamos sectoriales para superar y mejorar en el propio organismo el deterioro que deja la situaci\u00f3n econ\u00f3mica con la inflaci\u00f3n, los tarifazos y las paritarias nacionales a la baja.<\/p>\n<p class=\"Texto-base\">El conjunto de reclamos de CNEA se condens\u00f3 en la apertura de las paritarias sectoriales para discutir un convenio colectivo de trabajo acorde a las tareas desarrolladas y el pase a planta permanente de todos los trabajadores precarizados que alcanza al 48% del plantel. Y en este camino dar soluci\u00f3n inmediata al comedor gratuito, el bono anual adeudado de 2015 y la aprobaci\u00f3n definitiva de los 500 expedientes de pase a planta permanente y contrato a plazo fijo que se encuentran trabados. Adem\u00e1s, los confluyeron con los del resto del sector nuclear que exig\u00edan la re-apertura de la planta industrial de Dioxitek en C\u00f3rdoba \u2013que produce el di\u00f3xido de uranio para las centrales nucleares\u2013 y que comience la construcci\u00f3n de la Cuarta Central Nuclear con la tecnolog\u00eda de uranio natural y agua pesada que produce la Planta Industrial de Agua Pesada (PIAP) en Neuqu\u00e9n, entre otros. As\u00ed desde la Junta Interna de ATE-CNEA-BsAs se fue impulsando el paro y movilizaci\u00f3n de todo el Sector Nuclear el 8 de junio, confluyendo con otras juntas internas de ATE y trabajadores de la Autoridad Regulatoria Nuclear (ARN), Nucleoel\u00e9ctrica Argentina (NA-SA), PIAP y Dioxitek, y las asociaciones gremiales ATCNEA y APCNEAN de t\u00e9cnicos y profesionales de CNEA.<\/p>\n<p class=\"Texto-base\"><span class=\"char-style-override-6\">La primera conquista lleg\u00f3 dos d\u00edas antes. <\/span>As\u00ed lleg\u00f3 el bono no remunerativo de $8.000 para todos en CNEA, las autoridades lo acreditaron dos d\u00edas antes del paro. Lejos de desactivar o calmar los \u00e1nimos, la lectura de muchos fue que con s\u00f3lo comenzar a organizarnos ya hab\u00edamos conseguido el bono, y ahora ir\u00edamos con m\u00e1s fuerza por todo lo que nos faltaba. Y la medida tom\u00f3 m\u00e1s fuerza.<\/p>\n<p class=\"Texto-base\">En CNEA la jornada comenz\u00f3 con la concentraci\u00f3n en la puerta del Centro At\u00f3mico Ezeiza (CAE) y del Centro At\u00f3mico Constituyentes (CAC) con corte de colectora de Av. Gral. Paz junto a trabajadores del INTI. Los trabajadores de Dioxitek y de NA-SA concentraron y bloquearon los accesos a las Sedes de CNEA y de NA-SA. Sobre el mediod\u00eda alrededor de 500 trabajadores de todo el sector nuclear nos movilizamos y concentramos en las puertas de la Sede Central de CNEA cortando Av. Libertador y llevamos nuestro pliego de reclamos ante las autoridades.<\/p>\n<p class=\"Texto-base\"><span class=\"char-style-override-6\">Durante las semanas previas a la medida, fueron fundamentales las reuniones y asambleas en cada sector de trabajo. <\/span>As\u00ed fue creciendo la organizaci\u00f3n y el protagonismo de todos, analizando la situaci\u00f3n y resolviendo colectivamente c\u00f3mo organizarnos, c\u00f3mo garantizar la medida en cada lugar de trabajo y llegar organizados con fuerza para la jornada. En este camino tambi\u00e9n muchos compa\u00f1eros y compa\u00f1eras comenzaron a jugar un rol importante en sus propios sectores, dejando planteada la necesidad de profundizar la organizaci\u00f3n de delegados por sector, y avanzar con la conformaci\u00f3n del cuerpo de delegados por sector en el CAE. Incluso esto permiti\u00f3 que algunos sectores y plantas de producci\u00f3n en CAE y CAC \u2013como la de fisi\u00f3n asociada a la producci\u00f3n de radiois\u00f3topos y la de elementos combustibles para reactores de investigaci\u00f3n\u2013 pudieran parar y retrasar la producci\u00f3n d\u00e1ndole mayor contundencia a toda la medida.<\/p>\n<p class=\"Texto-base\">La jornada de lucha arranc\u00f3 a las autoridades de CNEA una reuni\u00f3n con delegados donde sentarse a discutir el conjunto de reclamos. La semana pasada, en una nueva reuni\u00f3n, <span class=\"char-style-override-6\">se logr\u00f3 que las autoridades se comprometieran \u2013entre otras cosas\u2013 a comenzar a enviar al Ministerio de Modernizaci\u00f3n los expedientes de ingreso de monotributistas para que pasen a contrato<\/span> \u2013que implicar\u00eda que la totalidad de los 650 monotributistas en CNEA pasen a contrato\u2013 para luego continuar con los expedientes trabados de pase a planta permanente. Con respecto al comedor gratuito las autoridades accedieron a conformar una comisi\u00f3n de trabajo conjunta para elaborar una propuesta de implementaci\u00f3n.<\/p>\n<p class=\"Texto-base\">Los trabajadores y trabajadoras de CNEA venimos avanzando. La organizaci\u00f3n y el protagonismo de todos es el camino en el que vamos reagrup\u00e1ndonos en la lucha todos los que queremos seguir avanzando y enfrentar los planes de ajuste, por aumento salarial, contra la precarizaci\u00f3n, por la continuidad de los proyectos en curso en la CNEA y por un desarrollo integrado e independiente de la tecnolog\u00eda nuclear.<\/p>\n<p class=\"Autor para-style-override-6\">Corresponsal<\/p>\n<\/div>\n<!-- AddThis Advanced Settings generic via filter on the_content --><!-- AddThis Share Buttons generic via filter on the_content -->","protected":false},"excerpt":{"rendered":"<p>En CNEA y otros organismos El mi\u00e9rcoles 8\/6 los trabajadores y trabajadoras de Comisi\u00f3n Nacional de Energ\u00eda At\u00f3mica (CNEA), junto a otros organismos y empresas del sector nuclear, realizamos un paro y movilizaci\u00f3n en las sedes y centros at\u00f3micos en reclamo del pase a planta de los precarizados y la apertura de la paritaria sectorial [&hellip;]<!-- AddThis Advanced Settings generic via filter on get_the_excerpt --><!-- AddThis Share Buttons generic via filter on get_the_excerpt --><\/p>\n","protected":false},"author":5,"featured_media":6314,"comment_status":"open","ping_status":"open","sticky":false,"template":"","format":"standard","meta":{"_jetpack_memberships_contains_paid_content":false,"footnotes":""},"categories":[1877],"tags":[61,542,322,706],"class_list":{"0":"post-6313","1":"post","2":"type-post","3":"status-publish","4":"format-standard","5":"has-post-thumbnail","7":"category-gremiales","8":"tag-cnea","9":"tag-paritarias","10":"tag-precarizacion","11":"tag-vxl-77"},"yoast_head":"<!-- This site is optimized with the Yoast SEO plugin v27.4 - https:\/\/yoast.com\/product\/yoast-seo-wordpress\/ -->\n<title>Paro y masiva movilizaci\u00f3n de trabajadores del sector nuclear - Vamos por la Liberaci\u00f3n<\/title>\n<meta name=\"robots\" content=\"index, follow, max-snippet:-1, max-image-preview:large, max-video-preview:-1\" \/>\n<link rel=\"canonical\" href=\"https:\/\/vamosporlaliberacion.org\/crpmlm\/paro-y-masiva-movilizacion-de-trabajadores-del-sector-nuclear\/\" \/>\n<meta name=\"twitter:label1\" content=\"Escrito por\" \/>\n\t<meta name=\"twitter:data1\" content=\"\" \/>\n\t<meta name=\"twitter:label2\" content=\"Tiempo de lectura\" \/>\n\t<meta name=\"twitter:data2\" content=\"4 minutos\" \/>\n<script type=\"application\/ld+json\" class=\"yoast-schema-graph\">{\"@context\":\"https:\\\/\\\/schema.org\",\"@graph\":[{\"@type\":\"Article\",\"@id\":\"https:\\\/\\\/vamosporlaliberacion.org\\\/crpmlm\\\/paro-y-masiva-movilizacion-de-trabajadores-del-sector-nuclear\\\/#article\",\"isPartOf\":{\"@id\":\"https:\\\/\\\/vamosporlaliberacion.org\\\/crpmlm\\\/paro-y-masiva-movilizacion-de-trabajadores-del-sector-nuclear\\\/\"},\"author\":{\"name\":\"\",\"@id\":\"\"},\"headline\":\"Paro y masiva movilizaci\u00f3n de trabajadores del sector nuclear\",\"datePublished\":\"2016-06-23T00:43:44+00:00\",\"dateModified\":\"2020-11-05T21:53:58+00:00\",\"mainEntityOfPage\":{\"@id\":\"https:\\\/\\\/vamosporlaliberacion.org\\\/crpmlm\\\/paro-y-masiva-movilizacion-de-trabajadores-del-sector-nuclear\\\/\"},\"wordCount\":882,\"commentCount\":0,\"image\":{\"@id\":\"https:\\\/\\\/vamosporlaliberacion.org\\\/crpmlm\\\/paro-y-masiva-movilizacion-de-trabajadores-del-sector-nuclear\\\/#primaryimage\"},\"thumbnailUrl\":\"https:\\\/\\\/i0.wp.com\\\/vamosporlaliberacion.org\\\/crpmlm\\\/wp-content\\\/uploads\\\/2016\\\/06\\\/cnea-sede.jpg?fit=960%2C540&ssl=1\",\"keywords\":[\"CNEA\",\"paritarias\",\"Precarizaci\u00f3n\",\"vxl 77\"],\"articleSection\":[\"Actualidad e historia del movimiento obrero\"],\"inLanguage\":\"es\",\"potentialAction\":[{\"@type\":\"CommentAction\",\"name\":\"Comment\",\"target\":[\"https:\\\/\\\/vamosporlaliberacion.org\\\/crpmlm\\\/paro-y-masiva-movilizacion-de-trabajadores-del-sector-nuclear\\\/#respond\"]}]},{\"@type\":\"WebPage\",\"@id\":\"https:\\\/\\\/vamosporlaliberacion.org\\\/crpmlm\\\/paro-y-masiva-movilizacion-de-trabajadores-del-sector-nuclear\\\/\",\"url\":\"https:\\\/\\\/vamosporlaliberacion.org\\\/crpmlm\\\/paro-y-masiva-movilizacion-de-trabajadores-del-sector-nuclear\\\/\",\"name\":\"Paro y masiva movilizaci\u00f3n de trabajadores del sector nuclear - Vamos por la Liberaci\u00f3n\",\"isPartOf\":{\"@id\":\"https:\\\/\\\/vamosporlaliberacion.org\\\/crpmlm\\\/#website\"},\"primaryImageOfPage\":{\"@id\":\"https:\\\/\\\/vamosporlaliberacion.org\\\/crpmlm\\\/paro-y-masiva-movilizacion-de-trabajadores-del-sector-nuclear\\\/#primaryimage\"},\"image\":{\"@id\":\"https:\\\/\\\/vamosporlaliberacion.org\\\/crpmlm\\\/paro-y-masiva-movilizacion-de-trabajadores-del-sector-nuclear\\\/#primaryimage\"},\"thumbnailUrl\":\"https:\\\/\\\/i0.wp.com\\\/vamosporlaliberacion.org\\\/crpmlm\\\/wp-content\\\/uploads\\\/2016\\\/06\\\/cnea-sede.jpg?fit=960%2C540&ssl=1\",\"datePublished\":\"2016-06-23T00:43:44+00:00\",\"dateModified\":\"2020-11-05T21:53:58+00:00\",\"author\":{\"@id\":\"\"},\"breadcrumb\":{\"@id\":\"https:\\\/\\\/vamosporlaliberacion.org\\\/crpmlm\\\/paro-y-masiva-movilizacion-de-trabajadores-del-sector-nuclear\\\/#breadcrumb\"},\"inLanguage\":\"es\",\"potentialAction\":[{\"@type\":\"ReadAction\",\"target\":[\"https:\\\/\\\/vamosporlaliberacion.org\\\/crpmlm\\\/paro-y-masiva-movilizacion-de-trabajadores-del-sector-nuclear\\\/\"]}]},{\"@type\":\"ImageObject\",\"inLanguage\":\"es\",\"@id\":\"https:\\\/\\\/vamosporlaliberacion.org\\\/crpmlm\\\/paro-y-masiva-movilizacion-de-trabajadores-del-sector-nuclear\\\/#primaryimage\",\"url\":\"https:\\\/\\\/i0.wp.com\\\/vamosporlaliberacion.org\\\/crpmlm\\\/wp-content\\\/uploads\\\/2016\\\/06\\\/cnea-sede.jpg?fit=960%2C540&ssl=1\",\"contentUrl\":\"https:\\\/\\\/i0.wp.com\\\/vamosporlaliberacion.org\\\/crpmlm\\\/wp-content\\\/uploads\\\/2016\\\/06\\\/cnea-sede.jpg?fit=960%2C540&ssl=1\",\"width\":960,\"height\":540},{\"@type\":\"BreadcrumbList\",\"@id\":\"https:\\\/\\\/vamosporlaliberacion.org\\\/crpmlm\\\/paro-y-masiva-movilizacion-de-trabajadores-del-sector-nuclear\\\/#breadcrumb\",\"itemListElement\":[{\"@type\":\"ListItem\",\"position\":1,\"name\":\"Portada\",\"item\":\"https:\\\/\\\/vamosporlaliberacion.org\\\/crpmlm\\\/\"},{\"@type\":\"ListItem\",\"position\":2,\"name\":\"Paro y masiva movilizaci\u00f3n de trabajadores del sector nuclear\"}]},{\"@type\":\"WebSite\",\"@id\":\"https:\\\/\\\/vamosporlaliberacion.org\\\/crpmlm\\\/#website\",\"url\":\"https:\\\/\\\/vamosporlaliberacion.org\\\/crpmlm\\\/\",\"name\":\"Vamos por la Liberaci\u00f3n\",\"description\":\"Prensa CR\",\"potentialAction\":[{\"@type\":\"SearchAction\",\"target\":{\"@type\":\"EntryPoint\",\"urlTemplate\":\"https:\\\/\\\/vamosporlaliberacion.org\\\/crpmlm\\\/?s={search_term_string}\"},\"query-input\":{\"@type\":\"PropertyValueSpecification\",\"valueRequired\":true,\"valueName\":\"search_term_string\"}}],\"inLanguage\":\"es\"},{\"@type\":\"Person\",\"@id\":\"\",\"url\":\"https:\\\/\\\/vamosporlaliberacion.org\\\/crpmlm\\\/author\\\/\"}]}<\/script>\n<!-- \/ Yoast SEO plugin. -->","yoast_head_json":{"title":"Paro y masiva movilizaci\u00f3n de trabajadores del sector nuclear - Vamos por la Liberaci\u00f3n","robots":{"index":"index","follow":"follow","max-snippet":"max-snippet:-1","max-image-preview":"max-image-preview:large","max-video-preview":"max-video-preview:-1"},"canonical":"https:\/\/vamosporlaliberacion.org\/crpmlm\/paro-y-masiva-movilizacion-de-trabajadores-del-sector-nuclear\/","twitter_misc":{"Escrito por":"","Tiempo de lectura":"4 minutos"},"schema":{"@context":"https:\/\/schema.org","@graph":[{"@type":"Article","@id":"https:\/\/vamosporlaliberacion.org\/crpmlm\/paro-y-masiva-movilizacion-de-trabajadores-del-sector-nuclear\/#article","isPartOf":{"@id":"https:\/\/vamosporlaliberacion.org\/crpmlm\/paro-y-masiva-movilizacion-de-trabajadores-del-sector-nuclear\/"},"author":{"name":"","@id":""},"headline":"Paro y masiva movilizaci\u00f3n de trabajadores del sector nuclear","datePublished":"2016-06-23T00:43:44+00:00","dateModified":"2020-11-05T21:53:58+00:00","mainEntityOfPage":{"@id":"https:\/\/vamosporlaliberacion.org\/crpmlm\/paro-y-masiva-movilizacion-de-trabajadores-del-sector-nuclear\/"},"wordCount":882,"commentCount":0,"image":{"@id":"https:\/\/vamosporlaliberacion.org\/crpmlm\/paro-y-masiva-movilizacion-de-trabajadores-del-sector-nuclear\/#primaryimage"},"thumbnailUrl":"https:\/\/i0.wp.com\/vamosporlaliberacion.org\/crpmlm\/wp-content\/uploads\/2016\/06\/cnea-sede.jpg?fit=960%2C540&ssl=1","keywords":["CNEA","paritarias","Precarizaci\u00f3n","vxl 77"],"articleSection":["Actualidad e historia del movimiento obrero"],"inLanguage":"es","potentialAction":[{"@type":"CommentAction","name":"Comment","target":["https:\/\/vamosporlaliberacion.org\/crpmlm\/paro-y-masiva-movilizacion-de-trabajadores-del-sector-nuclear\/#respond"]}]},{"@type":"WebPage","@id":"https:\/\/vamosporlaliberacion.org\/crpmlm\/paro-y-masiva-movilizacion-de-trabajadores-del-sector-nuclear\/","url":"https:\/\/vamosporlaliberacion.org\/crpmlm\/paro-y-masiva-movilizacion-de-trabajadores-del-sector-nuclear\/","name":"Paro y masiva movilizaci\u00f3n de trabajadores del sector nuclear - Vamos por la Liberaci\u00f3n","isPartOf":{"@id":"https:\/\/vamosporlaliberacion.org\/crpmlm\/#website"},"primaryImageOfPage":{"@id":"https:\/\/vamosporlaliberacion.org\/crpmlm\/paro-y-masiva-movilizacion-de-trabajadores-del-sector-nuclear\/#primaryimage"},"image":{"@id":"https:\/\/vamosporlaliberacion.org\/crpmlm\/paro-y-masiva-movilizacion-de-trabajadores-del-sector-nuclear\/#primaryimage"},"thumbnailUrl":"https:\/\/i0.wp.com\/vamosporlaliberacion.org\/crpmlm\/wp-content\/uploads\/2016\/06\/cnea-sede.jpg?fit=960%2C540&ssl=1","datePublished":"2016-06-23T00:43:44+00:00","dateModified":"2020-11-05T21:53:58+00:00","author":{"@id":""},"breadcrumb":{"@id":"https:\/\/vamosporlaliberacion.org\/crpmlm\/paro-y-masiva-movilizacion-de-trabajadores-del-sector-nuclear\/#breadcrumb"},"inLanguage":"es","potentialAction":[{"@type":"ReadAction","target":["https:\/\/vamosporlaliberacion.org\/crpmlm\/paro-y-masiva-movilizacion-de-trabajadores-del-sector-nuclear\/"]}]},{"@type":"ImageObject","inLanguage":"es","@id":"https:\/\/vamosporlaliberacion.org\/crpmlm\/paro-y-masiva-movilizacion-de-trabajadores-del-sector-nuclear\/#primaryimage","url":"https:\/\/i0.wp.com\/vamosporlaliberacion.org\/crpmlm\/wp-content\/uploads\/2016\/06\/cnea-sede.jpg?fit=960%2C540&ssl=1","contentUrl":"https:\/\/i0.wp.com\/vamosporlaliberacion.org\/crpmlm\/wp-content\/uploads\/2016\/06\/cnea-sede.jpg?fit=960%2C540&ssl=1","width":960,"height":540},{"@type":"BreadcrumbList","@id":"https:\/\/vamosporlaliberacion.org\/crpmlm\/paro-y-masiva-movilizacion-de-trabajadores-del-sector-nuclear\/#breadcrumb","itemListElement":[{"@type":"ListItem","position":1,"name":"Portada","item":"https:\/\/vamosporlaliberacion.org\/crpmlm\/"},{"@type":"ListItem","position":2,"name":"Paro y masiva movilizaci\u00f3n de trabajadores del sector nuclear"}]},{"@type":"WebSite","@id":"https:\/\/vamosporlaliberacion.org\/crpmlm\/#website","url":"https:\/\/vamosporlaliberacion.org\/crpmlm\/","name":"Vamos por la Liberaci\u00f3n","description":"Prensa CR","potentialAction":[{"@type":"SearchAction","target":{"@type":"EntryPoint","urlTemplate":"https:\/\/vamosporlaliberacion.org\/crpmlm\/?s={search_term_string}"},"query-input":{"@type":"PropertyValueSpecification","valueRequired":true,"valueName":"search_term_string"}}],"inLanguage":"es"},{"@type":"Person","@id":"","url":"https:\/\/vamosporlaliberacion.org\/crpmlm\/author\/"}]}},"jetpack_featured_media_url":"https:\/\/i0.wp.com\/vamosporlaliberacion.org\/crpmlm\/wp-content\/uploads\/2016\/06\/cnea-sede.jpg?fit=960%2C540&ssl=1","jetpack_sharing_enabled":true,"_links":{"self":[{"href":"https:\/\/vamosporlaliberacion.org\/crpmlm\/wp-json\/wp\/v2\/posts\/6313","targetHints":{"allow":["GET"]}}],"collection":[{"href":"https:\/\/vamosporlaliberacion.org\/crpmlm\/wp-json\/wp\/v2\/posts"}],"about":[{"href":"https:\/\/vamosporlaliberacion.org\/crpmlm\/wp-json\/wp\/v2\/types\/post"}],"author":[{"embeddable":true,"href":"https:\/\/vamosporlaliberacion.org\/crpmlm\/wp-json\/wp\/v2\/users\/5"}],"replies":[{"embeddable":true,"href":"https:\/\/vamosporlaliberacion.org\/crpmlm\/wp-json\/wp\/v2\/comments?post=6313"}],"version-history":[{"count":1,"href":"https:\/\/vamosporlaliberacion.org\/crpmlm\/wp-json\/wp\/v2\/posts\/6313\/revisions"}],"predecessor-version":[{"id":21651,"href":"https:\/\/vamosporlaliberacion.org\/crpmlm\/wp-json\/wp\/v2\/posts\/6313\/revisions\/21651"}],"wp:featuredmedia":[{"embeddable":true,"href":"https:\/\/vamosporlaliberacion.org\/crpmlm\/wp-json\/wp\/v2\/media\/6314"}],"wp:attachment":[{"href":"https:\/\/vamosporlaliberacion.org\/crpmlm\/wp-json\/wp\/v2\/media?parent=6313"}],"wp:term":[{"taxonomy":"category","embeddable":true,"href":"https:\/\/vamosporlaliberacion.org\/crpmlm\/wp-json\/wp\/v2\/categories?post=6313"},{"taxonomy":"post_tag","embeddable":true,"href":"https:\/\/vamosporlaliberacion.org\/crpmlm\/wp-json\/wp\/v2\/tags?post=6313"}],"curies":[{"name":"wp","href":"https:\/\/api.w.org\/{rel}","templated":true}]}}