{"id":6310,"date":"2016-06-22T21:39:37","date_gmt":"2016-06-23T00:39:37","guid":{"rendered":"http:\/\/vamosporlaliberacion.org\/crpmlm\/?p=6310"},"modified":"2020-11-05T18:54:34","modified_gmt":"2020-11-05T21:54:34","slug":"incertidumbre-y-bronca","status":"publish","type":"post","link":"https:\/\/vamosporlaliberacion.org\/crpmlm\/incertidumbre-y-bronca\/","title":{"rendered":"\u201cIncertidumbre y bronca\u201d"},"content":{"rendered":"<p class=\"Parrafo-inicial\"><span class=\"char-style-override-1\">E<\/span>ntrevistamos a M., uno de los trabajadores de la av\u00edcola Cresta Roja que hace siete meses que se mantiene en la lucha y espera la reincorporaci\u00f3n, sobreviviendo solo con un REPRO de $6.000 para mantener a su familia. La mayor\u00eda de los trabajadores a\u00fan no fueron reincorporados, y los que s\u00ed lo fueron, lo hicieron bajo condiciones de precarizaci\u00f3n laboral. Estos son los puestos de trabajo que promueve el macrismo.<\/p>\n<p class=\"Entrevistador\">\u2013\u00bfCu\u00e1ndo comenzaste a trabajar en Cresta Roja?<\/p>\n<p class=\"Autor para-style-override-39\">\u2013Empec\u00e9 a trabajar en noviembre 2009 en Planta 2 con un contrato de tres meses, que al finalizar se extendi\u00f3 por un mes. Cuando termin\u00f3 el contrato qued\u00e9 afuera por una semana hasta que me llamaron para empezar a trabajar en la Planta 1. Empec\u00e9 de cero en abril del 2010. Lo que me llam\u00f3 la atenci\u00f3n es que en mientras que en el recibo figuraba inicio de actividades en abril del 2010, el certificado de trabajo constata la relaci\u00f3n laboral como diciembre del 2009.<\/p>\n<p class=\"Entrevistador\">\u2013\u00bfC\u00f3mo han sido estos \u00faltimos meses con el cierre de la planta?<\/p>\n<p class=\"Autor para-style-override-39\">\u2013Incertidumbre y bronca, desde diciembre del 2015 que ya no cobramos las quincenas, aguinaldo, vacaciones o premios. En ese momento nos dieron s\u00f3lo un REPRO de $4.000.<\/p>\n<p class=\"Autor para-style-override-39\">El 22 de diciembre nosotros hab\u00edamos decidido levantar el corte que manten\u00edamos en la autopista Riccheri, en v\u00edspera de las fiestas. Pero Gendarmer\u00eda Nacional reprimi\u00f3 con disparos de balas de goma y carros hidrantes porque ten\u00eda orden de desalojar el acampe que nosotros manten\u00edamos al costado de la autopista. En el acampe hab\u00eda familias, muchos chicos que s\u00f3lo quer\u00edamos recuperar nuestro trabajo y por eso recibimos balazos.<\/p>\n<p class=\"Autor para-style-override-39\">Despu\u00e9s de la represi\u00f3n, la jueza Valeria P\u00e9rez Casado dict\u00f3 la quiebra, con las promesas de un nuevo comprador que se iba a encargar de tomar a todos los trabajadores, cobrar los sueldos adeudados y nuestra antig\u00fcedad por el 100%. S\u00f3lo ten\u00edamos que esperar que se reactiven las granjas para que la rueda empiece a girar otra vez. Pero con el REPRO de $6.000 la espera se hizo larga, con los aumentos de precios y los tarifazos. En dos oportunidades fuimos a buscar mercader\u00eda a la empresa.<\/p>\n<p class=\"Autor para-style-override-39\">En el mes de abril reabri\u00f3 la planta 2 y en este momento hay 800 empleados de planta trabajando, de los empleados que est\u00e1n en granja no tengo los n\u00fameros.<\/p>\n<p class=\"Entrevistador\">\u2013\u00bfC\u00f3mo lo vive tu familia?<\/p>\n<p class=\"Autor para-style-override-39\">\u2013Mi viejo trabaj\u00f3 en Cresta Roja toda su vida. Ahora est\u00e1 cobrando su segundo sueldo como jubilado pero le toc\u00f3 vivir la crisis. En gratificaci\u00f3n por toda una vida de trabajo tuvo la amargura de pasar una de las peores fiestas: mi hermana tambi\u00e9n hab\u00eda quedado desocupada porque su trabajo dio quiebra. No vivimos juntos pero compartimos el terreno y nos ayudamos para tratar de salir de esta crisis impensada.<\/p>\n<p class=\"Entrevistador\">\u2013\u00bfC\u00f3mo fueron los actos que hizo Macri en Cresta Roja?<\/p>\n<p class=\"Autor para-style-override-39\">\u2013En Cresta Roja recibimos la visita del presidente Macri en dos ocasiones, y en la \u00faltima la hizo m\u00e1s pol\u00edtica vetando una ley del Congreso que beneficiaba a los trabajadores. Es as\u00ed que en la puerta de la planta se produc\u00eda un escrache. Hay descontento de la gente porque hasta sin obra social nos quedamos, aunque al parecer esto ahora estar\u00eda solucionado.<\/p>\n<p class=\"Entrevistador\">\u2013\u00bfEl gobierno ha dado alguna soluci\u00f3n?<\/p>\n<p class=\"Autor para-style-override-39\">\u2013El aporte del gobierno es para cubrir los $6.000 de sueldo si todav\u00eda no volvimos a trabajar. Pero esto no es un regalo, cuando la empresa se venda y cobremos nuestra liquidaciones tenemos que devolver los sueldos percibidos. Adem\u00e1s, se toman por contratos temporales a nuevo convenio, ya no tenemos antig\u00fcedad y la relaci\u00f3n de trabajo con Cresta Roja se termin\u00f3.<\/p>\n<p class=\"Entrevistador\">\u2013\u00bfCu\u00e1ntos obreros trabajaban y cu\u00e1ntos pasar\u00edan a trabajar en Cresta Roja en estas condiciones?<\/p>\n<p class=\"Autor para-style-override-39\">\u2013Antes de la quiebra \u00e9ramos 3.500 operarios entre las granjas y las 2 plantas de producci\u00f3n, faenas. En este momento hay 800 operarios en Planta 2 de Esteban Echeverr\u00eda (Monte Grande) y a partir del 21 de junio empezar\u00eda a faenar la Planta 1 de Ezeiza (La Uni\u00f3n) con alrededor de 200 trabajadores, pero faltar\u00edan entrar alrededor de 900. En mi caso soy empleado de faenas y en esta tanda volver\u00eda a trabajar, despu\u00e9s de siete meses me siento contento y a la vez la vez triste por mis compa\u00f1eros que est\u00e1n a la espera de volver a recuperar la dignidad.<\/p>\n<!-- AddThis Advanced Settings generic via filter on the_content --><!-- AddThis Share Buttons generic via filter on the_content -->","protected":false},"excerpt":{"rendered":"<p>Entrevistamos a M., uno de los trabajadores de la av\u00edcola Cresta Roja que hace siete meses que se mantiene en la lucha y espera la reincorporaci\u00f3n, sobreviviendo solo con un REPRO de $6.000 para mantener a su familia. La mayor\u00eda de los trabajadores a\u00fan no fueron reincorporados, y los que s\u00ed lo fueron, lo hicieron [&hellip;]<!-- AddThis Advanced Settings generic via filter on get_the_excerpt --><!-- AddThis Share Buttons generic via filter on get_the_excerpt --><\/p>\n","protected":false},"author":5,"featured_media":6311,"comment_status":"open","ping_status":"open","sticky":false,"template":"","format":"standard","meta":{"_jetpack_memberships_contains_paid_content":false,"footnotes":""},"categories":[1877,1520],"tags":[395,73,591,706],"class_list":{"0":"post-6310","1":"post","2":"type-post","3":"status-publish","4":"format-standard","5":"has-post-thumbnail","7":"category-gremiales","8":"category-entrevista","9":"tag-buenos-aires","10":"tag-cresta-roja","11":"tag-mauricio-macri","12":"tag-vxl-77"},"yoast_head":"<!-- This site is optimized with the Yoast SEO plugin v27.4 - https:\/\/yoast.com\/product\/yoast-seo-wordpress\/ -->\n<title>\u201cIncertidumbre y bronca\u201d - Vamos por la Liberaci\u00f3n<\/title>\n<meta name=\"robots\" content=\"index, follow, max-snippet:-1, max-image-preview:large, max-video-preview:-1\" \/>\n<link rel=\"canonical\" href=\"http:\/\/vamosporlaliberacion.org\/crpmlm\/incertidumbre-y-bronca\/\" \/>\n<meta name=\"twitter:label1\" content=\"Escrito por\" \/>\n\t<meta name=\"twitter:data1\" content=\"\" \/>\n\t<meta name=\"twitter:label2\" content=\"Tiempo de lectura\" \/>\n\t<meta name=\"twitter:data2\" content=\"4 minutos\" \/>\n<script type=\"application\/ld+json\" class=\"yoast-schema-graph\">{\"@context\":\"https:\\\/\\\/schema.org\",\"@graph\":[{\"@type\":\"Article\",\"@id\":\"http:\\\/\\\/vamosporlaliberacion.org\\\/crpmlm\\\/incertidumbre-y-bronca\\\/#article\",\"isPartOf\":{\"@id\":\"http:\\\/\\\/vamosporlaliberacion.org\\\/crpmlm\\\/incertidumbre-y-bronca\\\/\"},\"author\":{\"name\":\"\",\"@id\":\"\"},\"headline\":\"\u201cIncertidumbre y bronca\u201d\",\"datePublished\":\"2016-06-23T00:39:37+00:00\",\"dateModified\":\"2020-11-05T21:54:34+00:00\",\"mainEntityOfPage\":{\"@id\":\"http:\\\/\\\/vamosporlaliberacion.org\\\/crpmlm\\\/incertidumbre-y-bronca\\\/\"},\"wordCount\":748,\"commentCount\":0,\"image\":{\"@id\":\"http:\\\/\\\/vamosporlaliberacion.org\\\/crpmlm\\\/incertidumbre-y-bronca\\\/#primaryimage\"},\"thumbnailUrl\":\"https:\\\/\\\/i0.wp.com\\\/vamosporlaliberacion.org\\\/crpmlm\\\/wp-content\\\/uploads\\\/2016\\\/06\\\/12049695_1657576791145036_2872112360992165062_n.jpg?fit=960%2C539&ssl=1\",\"keywords\":[\"Buenos Aires\",\"Cresta Roja\",\"Mauricio Macri\",\"vxl 77\"],\"articleSection\":[\"Actualidad e historia del movimiento obrero\",\"Entrevista\"],\"inLanguage\":\"es\",\"potentialAction\":[{\"@type\":\"CommentAction\",\"name\":\"Comment\",\"target\":[\"http:\\\/\\\/vamosporlaliberacion.org\\\/crpmlm\\\/incertidumbre-y-bronca\\\/#respond\"]}]},{\"@type\":\"WebPage\",\"@id\":\"http:\\\/\\\/vamosporlaliberacion.org\\\/crpmlm\\\/incertidumbre-y-bronca\\\/\",\"url\":\"http:\\\/\\\/vamosporlaliberacion.org\\\/crpmlm\\\/incertidumbre-y-bronca\\\/\",\"name\":\"\u201cIncertidumbre y bronca\u201d - Vamos por la Liberaci\u00f3n\",\"isPartOf\":{\"@id\":\"https:\\\/\\\/vamosporlaliberacion.org\\\/crpmlm\\\/#website\"},\"primaryImageOfPage\":{\"@id\":\"http:\\\/\\\/vamosporlaliberacion.org\\\/crpmlm\\\/incertidumbre-y-bronca\\\/#primaryimage\"},\"image\":{\"@id\":\"http:\\\/\\\/vamosporlaliberacion.org\\\/crpmlm\\\/incertidumbre-y-bronca\\\/#primaryimage\"},\"thumbnailUrl\":\"https:\\\/\\\/i0.wp.com\\\/vamosporlaliberacion.org\\\/crpmlm\\\/wp-content\\\/uploads\\\/2016\\\/06\\\/12049695_1657576791145036_2872112360992165062_n.jpg?fit=960%2C539&ssl=1\",\"datePublished\":\"2016-06-23T00:39:37+00:00\",\"dateModified\":\"2020-11-05T21:54:34+00:00\",\"author\":{\"@id\":\"\"},\"breadcrumb\":{\"@id\":\"http:\\\/\\\/vamosporlaliberacion.org\\\/crpmlm\\\/incertidumbre-y-bronca\\\/#breadcrumb\"},\"inLanguage\":\"es\",\"potentialAction\":[{\"@type\":\"ReadAction\",\"target\":[\"http:\\\/\\\/vamosporlaliberacion.org\\\/crpmlm\\\/incertidumbre-y-bronca\\\/\"]}]},{\"@type\":\"ImageObject\",\"inLanguage\":\"es\",\"@id\":\"http:\\\/\\\/vamosporlaliberacion.org\\\/crpmlm\\\/incertidumbre-y-bronca\\\/#primaryimage\",\"url\":\"https:\\\/\\\/i0.wp.com\\\/vamosporlaliberacion.org\\\/crpmlm\\\/wp-content\\\/uploads\\\/2016\\\/06\\\/12049695_1657576791145036_2872112360992165062_n.jpg?fit=960%2C539&ssl=1\",\"contentUrl\":\"https:\\\/\\\/i0.wp.com\\\/vamosporlaliberacion.org\\\/crpmlm\\\/wp-content\\\/uploads\\\/2016\\\/06\\\/12049695_1657576791145036_2872112360992165062_n.jpg?fit=960%2C539&ssl=1\",\"width\":960,\"height\":539},{\"@type\":\"BreadcrumbList\",\"@id\":\"http:\\\/\\\/vamosporlaliberacion.org\\\/crpmlm\\\/incertidumbre-y-bronca\\\/#breadcrumb\",\"itemListElement\":[{\"@type\":\"ListItem\",\"position\":1,\"name\":\"Portada\",\"item\":\"https:\\\/\\\/vamosporlaliberacion.org\\\/crpmlm\\\/\"},{\"@type\":\"ListItem\",\"position\":2,\"name\":\"\u201cIncertidumbre y bronca\u201d\"}]},{\"@type\":\"WebSite\",\"@id\":\"https:\\\/\\\/vamosporlaliberacion.org\\\/crpmlm\\\/#website\",\"url\":\"https:\\\/\\\/vamosporlaliberacion.org\\\/crpmlm\\\/\",\"name\":\"Vamos por la Liberaci\u00f3n\",\"description\":\"Prensa CR\",\"potentialAction\":[{\"@type\":\"SearchAction\",\"target\":{\"@type\":\"EntryPoint\",\"urlTemplate\":\"https:\\\/\\\/vamosporlaliberacion.org\\\/crpmlm\\\/?s={search_term_string}\"},\"query-input\":{\"@type\":\"PropertyValueSpecification\",\"valueRequired\":true,\"valueName\":\"search_term_string\"}}],\"inLanguage\":\"es\"},{\"@type\":\"Person\",\"@id\":\"\",\"url\":\"https:\\\/\\\/vamosporlaliberacion.org\\\/crpmlm\\\/author\\\/\"}]}<\/script>\n<!-- \/ Yoast SEO plugin. -->","yoast_head_json":{"title":"\u201cIncertidumbre y bronca\u201d - Vamos por la Liberaci\u00f3n","robots":{"index":"index","follow":"follow","max-snippet":"max-snippet:-1","max-image-preview":"max-image-preview:large","max-video-preview":"max-video-preview:-1"},"canonical":"http:\/\/vamosporlaliberacion.org\/crpmlm\/incertidumbre-y-bronca\/","twitter_misc":{"Escrito por":"","Tiempo de lectura":"4 minutos"},"schema":{"@context":"https:\/\/schema.org","@graph":[{"@type":"Article","@id":"http:\/\/vamosporlaliberacion.org\/crpmlm\/incertidumbre-y-bronca\/#article","isPartOf":{"@id":"http:\/\/vamosporlaliberacion.org\/crpmlm\/incertidumbre-y-bronca\/"},"author":{"name":"","@id":""},"headline":"\u201cIncertidumbre y bronca\u201d","datePublished":"2016-06-23T00:39:37+00:00","dateModified":"2020-11-05T21:54:34+00:00","mainEntityOfPage":{"@id":"http:\/\/vamosporlaliberacion.org\/crpmlm\/incertidumbre-y-bronca\/"},"wordCount":748,"commentCount":0,"image":{"@id":"http:\/\/vamosporlaliberacion.org\/crpmlm\/incertidumbre-y-bronca\/#primaryimage"},"thumbnailUrl":"https:\/\/i0.wp.com\/vamosporlaliberacion.org\/crpmlm\/wp-content\/uploads\/2016\/06\/12049695_1657576791145036_2872112360992165062_n.jpg?fit=960%2C539&ssl=1","keywords":["Buenos Aires","Cresta Roja","Mauricio Macri","vxl 77"],"articleSection":["Actualidad e historia del movimiento obrero","Entrevista"],"inLanguage":"es","potentialAction":[{"@type":"CommentAction","name":"Comment","target":["http:\/\/vamosporlaliberacion.org\/crpmlm\/incertidumbre-y-bronca\/#respond"]}]},{"@type":"WebPage","@id":"http:\/\/vamosporlaliberacion.org\/crpmlm\/incertidumbre-y-bronca\/","url":"http:\/\/vamosporlaliberacion.org\/crpmlm\/incertidumbre-y-bronca\/","name":"\u201cIncertidumbre y bronca\u201d - Vamos por la Liberaci\u00f3n","isPartOf":{"@id":"https:\/\/vamosporlaliberacion.org\/crpmlm\/#website"},"primaryImageOfPage":{"@id":"http:\/\/vamosporlaliberacion.org\/crpmlm\/incertidumbre-y-bronca\/#primaryimage"},"image":{"@id":"http:\/\/vamosporlaliberacion.org\/crpmlm\/incertidumbre-y-bronca\/#primaryimage"},"thumbnailUrl":"https:\/\/i0.wp.com\/vamosporlaliberacion.org\/crpmlm\/wp-content\/uploads\/2016\/06\/12049695_1657576791145036_2872112360992165062_n.jpg?fit=960%2C539&ssl=1","datePublished":"2016-06-23T00:39:37+00:00","dateModified":"2020-11-05T21:54:34+00:00","author":{"@id":""},"breadcrumb":{"@id":"http:\/\/vamosporlaliberacion.org\/crpmlm\/incertidumbre-y-bronca\/#breadcrumb"},"inLanguage":"es","potentialAction":[{"@type":"ReadAction","target":["http:\/\/vamosporlaliberacion.org\/crpmlm\/incertidumbre-y-bronca\/"]}]},{"@type":"ImageObject","inLanguage":"es","@id":"http:\/\/vamosporlaliberacion.org\/crpmlm\/incertidumbre-y-bronca\/#primaryimage","url":"https:\/\/i0.wp.com\/vamosporlaliberacion.org\/crpmlm\/wp-content\/uploads\/2016\/06\/12049695_1657576791145036_2872112360992165062_n.jpg?fit=960%2C539&ssl=1","contentUrl":"https:\/\/i0.wp.com\/vamosporlaliberacion.org\/crpmlm\/wp-content\/uploads\/2016\/06\/12049695_1657576791145036_2872112360992165062_n.jpg?fit=960%2C539&ssl=1","width":960,"height":539},{"@type":"BreadcrumbList","@id":"http:\/\/vamosporlaliberacion.org\/crpmlm\/incertidumbre-y-bronca\/#breadcrumb","itemListElement":[{"@type":"ListItem","position":1,"name":"Portada","item":"https:\/\/vamosporlaliberacion.org\/crpmlm\/"},{"@type":"ListItem","position":2,"name":"\u201cIncertidumbre y bronca\u201d"}]},{"@type":"WebSite","@id":"https:\/\/vamosporlaliberacion.org\/crpmlm\/#website","url":"https:\/\/vamosporlaliberacion.org\/crpmlm\/","name":"Vamos por la Liberaci\u00f3n","description":"Prensa CR","potentialAction":[{"@type":"SearchAction","target":{"@type":"EntryPoint","urlTemplate":"https:\/\/vamosporlaliberacion.org\/crpmlm\/?s={search_term_string}"},"query-input":{"@type":"PropertyValueSpecification","valueRequired":true,"valueName":"search_term_string"}}],"inLanguage":"es"},{"@type":"Person","@id":"","url":"https:\/\/vamosporlaliberacion.org\/crpmlm\/author\/"}]}},"jetpack_featured_media_url":"https:\/\/i0.wp.com\/vamosporlaliberacion.org\/crpmlm\/wp-content\/uploads\/2016\/06\/12049695_1657576791145036_2872112360992165062_n.jpg?fit=960%2C539&ssl=1","jetpack_sharing_enabled":true,"_links":{"self":[{"href":"https:\/\/vamosporlaliberacion.org\/crpmlm\/wp-json\/wp\/v2\/posts\/6310","targetHints":{"allow":["GET"]}}],"collection":[{"href":"https:\/\/vamosporlaliberacion.org\/crpmlm\/wp-json\/wp\/v2\/posts"}],"about":[{"href":"https:\/\/vamosporlaliberacion.org\/crpmlm\/wp-json\/wp\/v2\/types\/post"}],"author":[{"embeddable":true,"href":"https:\/\/vamosporlaliberacion.org\/crpmlm\/wp-json\/wp\/v2\/users\/5"}],"replies":[{"embeddable":true,"href":"https:\/\/vamosporlaliberacion.org\/crpmlm\/wp-json\/wp\/v2\/comments?post=6310"}],"version-history":[{"count":1,"href":"https:\/\/vamosporlaliberacion.org\/crpmlm\/wp-json\/wp\/v2\/posts\/6310\/revisions"}],"predecessor-version":[{"id":21653,"href":"https:\/\/vamosporlaliberacion.org\/crpmlm\/wp-json\/wp\/v2\/posts\/6310\/revisions\/21653"}],"wp:featuredmedia":[{"embeddable":true,"href":"https:\/\/vamosporlaliberacion.org\/crpmlm\/wp-json\/wp\/v2\/media\/6311"}],"wp:attachment":[{"href":"https:\/\/vamosporlaliberacion.org\/crpmlm\/wp-json\/wp\/v2\/media?parent=6310"}],"wp:term":[{"taxonomy":"category","embeddable":true,"href":"https:\/\/vamosporlaliberacion.org\/crpmlm\/wp-json\/wp\/v2\/categories?post=6310"},{"taxonomy":"post_tag","embeddable":true,"href":"https:\/\/vamosporlaliberacion.org\/crpmlm\/wp-json\/wp\/v2\/tags?post=6310"}],"curies":[{"name":"wp","href":"https:\/\/api.w.org\/{rel}","templated":true}]}}