{"id":6307,"date":"2016-06-22T21:34:52","date_gmt":"2016-06-23T00:34:52","guid":{"rendered":"http:\/\/vamosporlaliberacion.org\/crpmlm\/?p=6307"},"modified":"2020-11-05T18:54:14","modified_gmt":"2020-11-05T21:54:14","slug":"reunion-de-gremios-patagonicos-para-coordinar-la-lucha","status":"publish","type":"post","link":"https:\/\/vamosporlaliberacion.org\/crpmlm\/reunion-de-gremios-patagonicos-para-coordinar-la-lucha\/","title":{"rendered":"Reuni\u00f3n de gremios patag\u00f3nicos para coordinar la lucha"},"content":{"rendered":"<p class=\"Parrafo-inicial\"><span class=\"char-style-override-3\">E<\/span>n la ciudad de R\u00edo Gallegos en Santa Cruz se realiz\u00f3 una reuni\u00f3n entre la Uni\u00f3n de Gremios y Jubilados Estatales de Tierra del Fuego y la Mesa de Uni\u00f3n Sindical de Santa Cruz, el 10 y 11 de junio. Los sindicatos patag\u00f3nicos discutieron sobre la situaci\u00f3n la necesidad de tomar acciones conjuntas tanto para en la situaci\u00f3n actual como a largo plazo. Para eso proponen la conformaci\u00f3n de un bloque patag\u00f3nico intersindical.<\/p>\n<p class=\"Texto-base\">En el documento que elaboraron remarcan la necesidad de unirse \u201cfrente al creciente deterioro del poder adquisitivo de activos y pasivos, contra el aumento de la flexibilizaci\u00f3n laboral, contra los despidos y suspensiones y toda formas de relaci\u00f3n precaria en el empleo, contra la suba indiscriminada de tarifas, el autoritarismo gubernamental, la cooptaci\u00f3n de medios de comunicaci\u00f3n y todo avasallamiento antidemocr\u00e1tico, carente de sensibilidad social y perjudicial para los sectores de mayor vulnerabilidad\u201d.<\/p>\n<p class=\"Texto-base\">Adem\u00e1s manifiestan que \u201cresulta imperiosa la unidad de acci\u00f3n de toda la clase trabajadora para que no sigamos siendo nosotros quienes paguemos el costo de una crisis que no provocamos y de un saqueo gubernamental y organizado de las \u00faltimas d\u00e9cadas que hoy parece encontrar continuidad en una pol\u00edtica de mayor ajuste y con mayor orientaci\u00f3n patronal\u201d.<\/p>\n<p class=\"Texto-base\">Para terminar invitan a \u201cgremios hermanos reunidos en Chubut, Neuqu\u00e9n y R\u00edo Negro, a sumarse a esta iniciativa en el pr\u00f3ximo encuentro que se realizar\u00e1 pr\u00f3ximamente en la ciudad de Ushuaia donde se desarrollar\u00e1n los ejes de trabajo en base a los objetivos expuestos\u201d.<\/p>\n<div class=\"Marco-de-texto-b-sico\">\n<p class=\"T-tulo-Recuadro--3-3L- para-style-override-36\"><strong>Puntos del documento<\/strong><\/p>\n<\/div>\n<div class=\"Marco-de-texto-b-sico\">\n<p class=\"TXT-Recuadro para-style-override-37\">Salario de los trabajadores de acuerdo a la canasta familiar y costo de vida. \/ Defensa del R\u00e9gimen Previsional. \/ 82% de movilidad jubilatoria. \/ Defensa del Sistema de Salud P\u00fablico y Obras Sociales Provinciales. \/ Regulaci\u00f3n en tarifas de gas y combustible como Provincias productoras y de zonas desfavorables. \/ Urgente tratamiento de la derogaci\u00f3n del impuesto a las ganancias sobre los salarios. \/ Acciones conjuntas de transici\u00f3n tendientes a lograr la exenci\u00f3n del impuesto a las ganancias sobre el adicional por zona desfavorable. Considerando que dicho beneficio fue creado con el fin de compensar los mayores costos de vida originados por distintos factores determinados por la ubicaci\u00f3n geogr\u00e1fica, que inciden directamente en la canasta familiar. \/ Reclamo conjunto y discusi\u00f3n para lograr un nuevo r\u00e9gimen de Coparticipaci\u00f3n Nacional a nuestras Provincias Patag\u00f3nicas. \/ Debate y reestructuraci\u00f3n de los reg\u00edmenes de Coparticipaci\u00f3n Provincial para los municipios patag\u00f3nicos. \/ Defensa irrestricta de nuestra soberan\u00eda. \/ Defensa y recuperaci\u00f3n de nuestros recursos naturales (bienes comunes).<\/p>\n<\/div>\n<p class=\"Texto-base\">\n<!-- AddThis Advanced Settings generic via filter on the_content --><!-- AddThis Share Buttons generic via filter on the_content -->","protected":false},"excerpt":{"rendered":"<p>En la ciudad de R\u00edo Gallegos en Santa Cruz se realiz\u00f3 una reuni\u00f3n entre la Uni\u00f3n de Gremios y Jubilados Estatales de Tierra del Fuego y la Mesa de Uni\u00f3n Sindical de Santa Cruz, el 10 y 11 de junio. Los sindicatos patag\u00f3nicos discutieron sobre la situaci\u00f3n la necesidad de tomar acciones conjuntas tanto para [&hellip;]<!-- AddThis Advanced Settings generic via filter on get_the_excerpt --><!-- AddThis Share Buttons generic via filter on get_the_excerpt --><\/p>\n","protected":false},"author":5,"featured_media":6308,"comment_status":"open","ping_status":"open","sticky":false,"template":"","format":"standard","meta":{"_jetpack_memberships_contains_paid_content":false,"footnotes":""},"categories":[1877],"tags":[514,521,464,251,706],"class_list":{"0":"post-6307","1":"post","2":"type-post","3":"status-publish","4":"format-standard","5":"has-post-thumbnail","7":"category-gremiales","8":"tag-ajuste","9":"tag-destacado-1","10":"tag-santa-cruz","11":"tag-tierra-del-fuego","12":"tag-vxl-77"},"yoast_head":"<!-- This site is optimized with the Yoast SEO plugin v27.4 - https:\/\/yoast.com\/product\/yoast-seo-wordpress\/ -->\n<title>Reuni\u00f3n de gremios patag\u00f3nicos para coordinar la lucha - Vamos por la Liberaci\u00f3n<\/title>\n<meta name=\"robots\" content=\"index, follow, max-snippet:-1, max-image-preview:large, max-video-preview:-1\" \/>\n<link rel=\"canonical\" href=\"https:\/\/vamosporlaliberacion.org\/crpmlm\/reunion-de-gremios-patagonicos-para-coordinar-la-lucha\/\" \/>\n<meta name=\"twitter:label1\" content=\"Escrito por\" \/>\n\t<meta name=\"twitter:data1\" content=\"\" \/>\n\t<meta name=\"twitter:label2\" content=\"Tiempo de lectura\" \/>\n\t<meta name=\"twitter:data2\" content=\"2 minutos\" \/>\n<script type=\"application\/ld+json\" class=\"yoast-schema-graph\">{\"@context\":\"https:\\\/\\\/schema.org\",\"@graph\":[{\"@type\":\"Article\",\"@id\":\"https:\\\/\\\/vamosporlaliberacion.org\\\/crpmlm\\\/reunion-de-gremios-patagonicos-para-coordinar-la-lucha\\\/#article\",\"isPartOf\":{\"@id\":\"https:\\\/\\\/vamosporlaliberacion.org\\\/crpmlm\\\/reunion-de-gremios-patagonicos-para-coordinar-la-lucha\\\/\"},\"author\":{\"name\":\"\",\"@id\":\"\"},\"headline\":\"Reuni\u00f3n de gremios patag\u00f3nicos para coordinar la lucha\",\"datePublished\":\"2016-06-23T00:34:52+00:00\",\"dateModified\":\"2020-11-05T21:54:14+00:00\",\"mainEntityOfPage\":{\"@id\":\"https:\\\/\\\/vamosporlaliberacion.org\\\/crpmlm\\\/reunion-de-gremios-patagonicos-para-coordinar-la-lucha\\\/\"},\"wordCount\":453,\"commentCount\":0,\"image\":{\"@id\":\"https:\\\/\\\/vamosporlaliberacion.org\\\/crpmlm\\\/reunion-de-gremios-patagonicos-para-coordinar-la-lucha\\\/#primaryimage\"},\"thumbnailUrl\":\"https:\\\/\\\/i0.wp.com\\\/vamosporlaliberacion.org\\\/crpmlm\\\/wp-content\\\/uploads\\\/2016\\\/06\\\/13450926_247380458974639_3402279465612658057_n-1.jpg?fit=696%2C391&ssl=1\",\"keywords\":[\"ajuste\",\"destacado 1\",\"Santa Cruz\",\"Tierra del Fuego\",\"vxl 77\"],\"articleSection\":[\"Actualidad e historia del movimiento obrero\"],\"inLanguage\":\"es\",\"potentialAction\":[{\"@type\":\"CommentAction\",\"name\":\"Comment\",\"target\":[\"https:\\\/\\\/vamosporlaliberacion.org\\\/crpmlm\\\/reunion-de-gremios-patagonicos-para-coordinar-la-lucha\\\/#respond\"]}]},{\"@type\":\"WebPage\",\"@id\":\"https:\\\/\\\/vamosporlaliberacion.org\\\/crpmlm\\\/reunion-de-gremios-patagonicos-para-coordinar-la-lucha\\\/\",\"url\":\"https:\\\/\\\/vamosporlaliberacion.org\\\/crpmlm\\\/reunion-de-gremios-patagonicos-para-coordinar-la-lucha\\\/\",\"name\":\"Reuni\u00f3n de gremios patag\u00f3nicos para coordinar la lucha - Vamos por la Liberaci\u00f3n\",\"isPartOf\":{\"@id\":\"https:\\\/\\\/vamosporlaliberacion.org\\\/crpmlm\\\/#website\"},\"primaryImageOfPage\":{\"@id\":\"https:\\\/\\\/vamosporlaliberacion.org\\\/crpmlm\\\/reunion-de-gremios-patagonicos-para-coordinar-la-lucha\\\/#primaryimage\"},\"image\":{\"@id\":\"https:\\\/\\\/vamosporlaliberacion.org\\\/crpmlm\\\/reunion-de-gremios-patagonicos-para-coordinar-la-lucha\\\/#primaryimage\"},\"thumbnailUrl\":\"https:\\\/\\\/i0.wp.com\\\/vamosporlaliberacion.org\\\/crpmlm\\\/wp-content\\\/uploads\\\/2016\\\/06\\\/13450926_247380458974639_3402279465612658057_n-1.jpg?fit=696%2C391&ssl=1\",\"datePublished\":\"2016-06-23T00:34:52+00:00\",\"dateModified\":\"2020-11-05T21:54:14+00:00\",\"author\":{\"@id\":\"\"},\"breadcrumb\":{\"@id\":\"https:\\\/\\\/vamosporlaliberacion.org\\\/crpmlm\\\/reunion-de-gremios-patagonicos-para-coordinar-la-lucha\\\/#breadcrumb\"},\"inLanguage\":\"es\",\"potentialAction\":[{\"@type\":\"ReadAction\",\"target\":[\"https:\\\/\\\/vamosporlaliberacion.org\\\/crpmlm\\\/reunion-de-gremios-patagonicos-para-coordinar-la-lucha\\\/\"]}]},{\"@type\":\"ImageObject\",\"inLanguage\":\"es\",\"@id\":\"https:\\\/\\\/vamosporlaliberacion.org\\\/crpmlm\\\/reunion-de-gremios-patagonicos-para-coordinar-la-lucha\\\/#primaryimage\",\"url\":\"https:\\\/\\\/i0.wp.com\\\/vamosporlaliberacion.org\\\/crpmlm\\\/wp-content\\\/uploads\\\/2016\\\/06\\\/13450926_247380458974639_3402279465612658057_n-1.jpg?fit=696%2C391&ssl=1\",\"contentUrl\":\"https:\\\/\\\/i0.wp.com\\\/vamosporlaliberacion.org\\\/crpmlm\\\/wp-content\\\/uploads\\\/2016\\\/06\\\/13450926_247380458974639_3402279465612658057_n-1.jpg?fit=696%2C391&ssl=1\",\"width\":696,\"height\":391},{\"@type\":\"BreadcrumbList\",\"@id\":\"https:\\\/\\\/vamosporlaliberacion.org\\\/crpmlm\\\/reunion-de-gremios-patagonicos-para-coordinar-la-lucha\\\/#breadcrumb\",\"itemListElement\":[{\"@type\":\"ListItem\",\"position\":1,\"name\":\"Portada\",\"item\":\"https:\\\/\\\/vamosporlaliberacion.org\\\/crpmlm\\\/\"},{\"@type\":\"ListItem\",\"position\":2,\"name\":\"Reuni\u00f3n de gremios patag\u00f3nicos para coordinar la lucha\"}]},{\"@type\":\"WebSite\",\"@id\":\"https:\\\/\\\/vamosporlaliberacion.org\\\/crpmlm\\\/#website\",\"url\":\"https:\\\/\\\/vamosporlaliberacion.org\\\/crpmlm\\\/\",\"name\":\"Vamos por la Liberaci\u00f3n\",\"description\":\"Prensa CR\",\"potentialAction\":[{\"@type\":\"SearchAction\",\"target\":{\"@type\":\"EntryPoint\",\"urlTemplate\":\"https:\\\/\\\/vamosporlaliberacion.org\\\/crpmlm\\\/?s={search_term_string}\"},\"query-input\":{\"@type\":\"PropertyValueSpecification\",\"valueRequired\":true,\"valueName\":\"search_term_string\"}}],\"inLanguage\":\"es\"},{\"@type\":\"Person\",\"@id\":\"\",\"url\":\"https:\\\/\\\/vamosporlaliberacion.org\\\/crpmlm\\\/author\\\/\"}]}<\/script>\n<!-- \/ Yoast SEO plugin. -->","yoast_head_json":{"title":"Reuni\u00f3n de gremios patag\u00f3nicos para coordinar la lucha - Vamos por la Liberaci\u00f3n","robots":{"index":"index","follow":"follow","max-snippet":"max-snippet:-1","max-image-preview":"max-image-preview:large","max-video-preview":"max-video-preview:-1"},"canonical":"https:\/\/vamosporlaliberacion.org\/crpmlm\/reunion-de-gremios-patagonicos-para-coordinar-la-lucha\/","twitter_misc":{"Escrito por":"","Tiempo de lectura":"2 minutos"},"schema":{"@context":"https:\/\/schema.org","@graph":[{"@type":"Article","@id":"https:\/\/vamosporlaliberacion.org\/crpmlm\/reunion-de-gremios-patagonicos-para-coordinar-la-lucha\/#article","isPartOf":{"@id":"https:\/\/vamosporlaliberacion.org\/crpmlm\/reunion-de-gremios-patagonicos-para-coordinar-la-lucha\/"},"author":{"name":"","@id":""},"headline":"Reuni\u00f3n de gremios patag\u00f3nicos para coordinar la lucha","datePublished":"2016-06-23T00:34:52+00:00","dateModified":"2020-11-05T21:54:14+00:00","mainEntityOfPage":{"@id":"https:\/\/vamosporlaliberacion.org\/crpmlm\/reunion-de-gremios-patagonicos-para-coordinar-la-lucha\/"},"wordCount":453,"commentCount":0,"image":{"@id":"https:\/\/vamosporlaliberacion.org\/crpmlm\/reunion-de-gremios-patagonicos-para-coordinar-la-lucha\/#primaryimage"},"thumbnailUrl":"https:\/\/i0.wp.com\/vamosporlaliberacion.org\/crpmlm\/wp-content\/uploads\/2016\/06\/13450926_247380458974639_3402279465612658057_n-1.jpg?fit=696%2C391&ssl=1","keywords":["ajuste","destacado 1","Santa Cruz","Tierra del Fuego","vxl 77"],"articleSection":["Actualidad e historia del movimiento obrero"],"inLanguage":"es","potentialAction":[{"@type":"CommentAction","name":"Comment","target":["https:\/\/vamosporlaliberacion.org\/crpmlm\/reunion-de-gremios-patagonicos-para-coordinar-la-lucha\/#respond"]}]},{"@type":"WebPage","@id":"https:\/\/vamosporlaliberacion.org\/crpmlm\/reunion-de-gremios-patagonicos-para-coordinar-la-lucha\/","url":"https:\/\/vamosporlaliberacion.org\/crpmlm\/reunion-de-gremios-patagonicos-para-coordinar-la-lucha\/","name":"Reuni\u00f3n de gremios patag\u00f3nicos para coordinar la lucha - Vamos por la Liberaci\u00f3n","isPartOf":{"@id":"https:\/\/vamosporlaliberacion.org\/crpmlm\/#website"},"primaryImageOfPage":{"@id":"https:\/\/vamosporlaliberacion.org\/crpmlm\/reunion-de-gremios-patagonicos-para-coordinar-la-lucha\/#primaryimage"},"image":{"@id":"https:\/\/vamosporlaliberacion.org\/crpmlm\/reunion-de-gremios-patagonicos-para-coordinar-la-lucha\/#primaryimage"},"thumbnailUrl":"https:\/\/i0.wp.com\/vamosporlaliberacion.org\/crpmlm\/wp-content\/uploads\/2016\/06\/13450926_247380458974639_3402279465612658057_n-1.jpg?fit=696%2C391&ssl=1","datePublished":"2016-06-23T00:34:52+00:00","dateModified":"2020-11-05T21:54:14+00:00","author":{"@id":""},"breadcrumb":{"@id":"https:\/\/vamosporlaliberacion.org\/crpmlm\/reunion-de-gremios-patagonicos-para-coordinar-la-lucha\/#breadcrumb"},"inLanguage":"es","potentialAction":[{"@type":"ReadAction","target":["https:\/\/vamosporlaliberacion.org\/crpmlm\/reunion-de-gremios-patagonicos-para-coordinar-la-lucha\/"]}]},{"@type":"ImageObject","inLanguage":"es","@id":"https:\/\/vamosporlaliberacion.org\/crpmlm\/reunion-de-gremios-patagonicos-para-coordinar-la-lucha\/#primaryimage","url":"https:\/\/i0.wp.com\/vamosporlaliberacion.org\/crpmlm\/wp-content\/uploads\/2016\/06\/13450926_247380458974639_3402279465612658057_n-1.jpg?fit=696%2C391&ssl=1","contentUrl":"https:\/\/i0.wp.com\/vamosporlaliberacion.org\/crpmlm\/wp-content\/uploads\/2016\/06\/13450926_247380458974639_3402279465612658057_n-1.jpg?fit=696%2C391&ssl=1","width":696,"height":391},{"@type":"BreadcrumbList","@id":"https:\/\/vamosporlaliberacion.org\/crpmlm\/reunion-de-gremios-patagonicos-para-coordinar-la-lucha\/#breadcrumb","itemListElement":[{"@type":"ListItem","position":1,"name":"Portada","item":"https:\/\/vamosporlaliberacion.org\/crpmlm\/"},{"@type":"ListItem","position":2,"name":"Reuni\u00f3n de gremios patag\u00f3nicos para coordinar la lucha"}]},{"@type":"WebSite","@id":"https:\/\/vamosporlaliberacion.org\/crpmlm\/#website","url":"https:\/\/vamosporlaliberacion.org\/crpmlm\/","name":"Vamos por la Liberaci\u00f3n","description":"Prensa CR","potentialAction":[{"@type":"SearchAction","target":{"@type":"EntryPoint","urlTemplate":"https:\/\/vamosporlaliberacion.org\/crpmlm\/?s={search_term_string}"},"query-input":{"@type":"PropertyValueSpecification","valueRequired":true,"valueName":"search_term_string"}}],"inLanguage":"es"},{"@type":"Person","@id":"","url":"https:\/\/vamosporlaliberacion.org\/crpmlm\/author\/"}]}},"jetpack_featured_media_url":"https:\/\/i0.wp.com\/vamosporlaliberacion.org\/crpmlm\/wp-content\/uploads\/2016\/06\/13450926_247380458974639_3402279465612658057_n-1.jpg?fit=696%2C391&ssl=1","jetpack_sharing_enabled":true,"_links":{"self":[{"href":"https:\/\/vamosporlaliberacion.org\/crpmlm\/wp-json\/wp\/v2\/posts\/6307","targetHints":{"allow":["GET"]}}],"collection":[{"href":"https:\/\/vamosporlaliberacion.org\/crpmlm\/wp-json\/wp\/v2\/posts"}],"about":[{"href":"https:\/\/vamosporlaliberacion.org\/crpmlm\/wp-json\/wp\/v2\/types\/post"}],"author":[{"embeddable":true,"href":"https:\/\/vamosporlaliberacion.org\/crpmlm\/wp-json\/wp\/v2\/users\/5"}],"replies":[{"embeddable":true,"href":"https:\/\/vamosporlaliberacion.org\/crpmlm\/wp-json\/wp\/v2\/comments?post=6307"}],"version-history":[{"count":1,"href":"https:\/\/vamosporlaliberacion.org\/crpmlm\/wp-json\/wp\/v2\/posts\/6307\/revisions"}],"predecessor-version":[{"id":21652,"href":"https:\/\/vamosporlaliberacion.org\/crpmlm\/wp-json\/wp\/v2\/posts\/6307\/revisions\/21652"}],"wp:featuredmedia":[{"embeddable":true,"href":"https:\/\/vamosporlaliberacion.org\/crpmlm\/wp-json\/wp\/v2\/media\/6308"}],"wp:attachment":[{"href":"https:\/\/vamosporlaliberacion.org\/crpmlm\/wp-json\/wp\/v2\/media?parent=6307"}],"wp:term":[{"taxonomy":"category","embeddable":true,"href":"https:\/\/vamosporlaliberacion.org\/crpmlm\/wp-json\/wp\/v2\/categories?post=6307"},{"taxonomy":"post_tag","embeddable":true,"href":"https:\/\/vamosporlaliberacion.org\/crpmlm\/wp-json\/wp\/v2\/tags?post=6307"}],"curies":[{"name":"wp","href":"https:\/\/api.w.org\/{rel}","templated":true}]}}