{"id":6302,"date":"2016-06-22T21:22:49","date_gmt":"2016-06-23T00:22:49","guid":{"rendered":"http:\/\/vamosporlaliberacion.org\/crpmlm\/?p=6302"},"modified":"2020-11-05T18:54:54","modified_gmt":"2020-11-05T21:54:54","slug":"docentes-santacrucenos-acordaron-aumento-del-25-sin-cerrar-la-paritaria","status":"publish","type":"post","link":"https:\/\/vamosporlaliberacion.org\/crpmlm\/docentes-santacrucenos-acordaron-aumento-del-25-sin-cerrar-la-paritaria\/","title":{"rendered":"Docentes santacruce\u00f1os acordaron aumento del 25% sin cerrar la paritaria"},"content":{"rendered":"<p>La provincia de Santa Cruz, gobernada por Alicia Kirchner, sigue convulsionada por la impresionante lucha de lucha de estatales, docentes, viales, hospitalarios, de la construcci\u00f3n, y en las \u00faltimas semanas de petroleros. En este contexto se conform\u00f3 la Mesa de Unidad Sindical (MUS), que nuclea a los gremios ADOSAC (docentes), ATE (estatales), judiciales, APROSA (profesionales de la Salud), SOEM (municipales), viales, Sitraic (construcci\u00f3n) y ADIUNPA (docentes universitarios). Desde mediados de mayo protagonizan un acampe en la gobernaci\u00f3n provincial que sigue firme. Se han realizado numerosas movilizaciones tanto en R\u00edo Gallegos como en varias localidades. El pasado 16 de junio los municipales de Caleta Olivia fueron violentamente reprimidos por la Gendarmer\u00eda mientras reclamaban por el pago de sueldos atrasados.<\/p>\n<p><strong>ADOSAC<\/strong><\/p>\n<p>Los docentes llevan m\u00e1s de 50 d\u00edas de paro. El \u00faltimo fue de 120 horas y se realiz\u00f3 desde el lunes 6 al viernes 10 de junio con un gran acatamiento. Con esta lucha lograron reabrir las negociaciones paritarias y el gobierno tuvo que ceder. El pasado 16 de junio el Congreso de delegados de ADOSAC decidi\u00f3 aceptar la propuesta del gobierno que consta de un aumento escalonado del 25% \u201ca cuenta\u201d de la continuidad de las negociaciones. En el plenario los docentes acordaron \u201cexigirle a las autoridades definiciones concretas\u201d sobre algunos puntos para la pr\u00f3xima mesa de negociaci\u00f3n, que ser\u00e1 este martes 21 de julio al cierre de esta edici\u00f3n.<\/p>\n<p>Otros puntos acordados son la exigencia al gobierno que defina \u201cmodo, forma y tiempo en que har\u00e1n efectiva la devoluci\u00f3n de la Caja de Servicios Sociales, poni\u00e9ndole fin al intervencionismo estatal\u201d, concursos docentes, la devoluci\u00f3n \u201cinmediata de los d\u00edas ca\u00eddos\u201d y establecer una fecha concreta de la pr\u00f3xima paritaria salarial. El Congreso de Delegados tambi\u00e9n repudi\u00f3 la represi\u00f3n en Caleta Olivia. Adem\u00e1s el gobierno provincial acept\u00f3 el pedido de ratificaci\u00f3n y dejar sin efecto la posibilidad de realizar sumarios a directivos que se negaron a los aprietes del gobierno como entregar listas de los docentes que hac\u00edan paros.<\/p>\n<p>Si bien los docentes por ahora levantaron el paro, la situaci\u00f3n en Santa Cruz est\u00e1 lejos de ser resuelta.<\/p>\n<!-- AddThis Advanced Settings generic via filter on the_content --><!-- AddThis Share Buttons generic via filter on the_content -->","protected":false},"excerpt":{"rendered":"<p>La provincia de Santa Cruz, gobernada por Alicia Kirchner, sigue convulsionada por la impresionante lucha de lucha de estatales, docentes, viales, hospitalarios, de la construcci\u00f3n, y en las \u00faltimas semanas de petroleros. En este contexto se conform\u00f3 la Mesa de Unidad Sindical (MUS), que nuclea a los gremios ADOSAC (docentes), ATE (estatales), judiciales, APROSA (profesionales [&hellip;]<!-- AddThis Advanced Settings generic via filter on get_the_excerpt --><!-- AddThis Share Buttons generic via filter on get_the_excerpt --><\/p>\n","protected":false},"author":5,"featured_media":6301,"comment_status":"open","ping_status":"open","sticky":false,"template":"","format":"standard","meta":{"_jetpack_memberships_contains_paid_content":false,"footnotes":""},"categories":[1877],"tags":[712,88,542,464,706],"class_list":{"0":"post-6302","1":"post","2":"type-post","3":"status-publish","4":"format-standard","5":"has-post-thumbnail","7":"category-gremiales","8":"tag-adosac","9":"tag-docentes","10":"tag-paritarias","11":"tag-santa-cruz","12":"tag-vxl-77"},"yoast_head":"<!-- This site is optimized with the Yoast SEO plugin v27.4 - https:\/\/yoast.com\/product\/yoast-seo-wordpress\/ -->\n<title>Docentes santacruce\u00f1os acordaron aumento del 25% sin cerrar la paritaria - Vamos por la Liberaci\u00f3n<\/title>\n<meta name=\"robots\" content=\"index, follow, max-snippet:-1, max-image-preview:large, max-video-preview:-1\" \/>\n<link rel=\"canonical\" href=\"https:\/\/vamosporlaliberacion.org\/crpmlm\/docentes-santacrucenos-acordaron-aumento-del-25-sin-cerrar-la-paritaria\/\" \/>\n<meta name=\"twitter:label1\" content=\"Escrito por\" \/>\n\t<meta name=\"twitter:data1\" content=\"\" \/>\n\t<meta name=\"twitter:label2\" content=\"Tiempo de lectura\" \/>\n\t<meta name=\"twitter:data2\" content=\"2 minutos\" \/>\n<script type=\"application\/ld+json\" class=\"yoast-schema-graph\">{\"@context\":\"https:\\\/\\\/schema.org\",\"@graph\":[{\"@type\":\"Article\",\"@id\":\"https:\\\/\\\/vamosporlaliberacion.org\\\/crpmlm\\\/docentes-santacrucenos-acordaron-aumento-del-25-sin-cerrar-la-paritaria\\\/#article\",\"isPartOf\":{\"@id\":\"https:\\\/\\\/vamosporlaliberacion.org\\\/crpmlm\\\/docentes-santacrucenos-acordaron-aumento-del-25-sin-cerrar-la-paritaria\\\/\"},\"author\":{\"name\":\"\",\"@id\":\"\"},\"headline\":\"Docentes santacruce\u00f1os acordaron aumento del 25% sin cerrar la paritaria\",\"datePublished\":\"2016-06-23T00:22:49+00:00\",\"dateModified\":\"2020-11-05T21:54:54+00:00\",\"mainEntityOfPage\":{\"@id\":\"https:\\\/\\\/vamosporlaliberacion.org\\\/crpmlm\\\/docentes-santacrucenos-acordaron-aumento-del-25-sin-cerrar-la-paritaria\\\/\"},\"wordCount\":372,\"commentCount\":0,\"image\":{\"@id\":\"https:\\\/\\\/vamosporlaliberacion.org\\\/crpmlm\\\/docentes-santacrucenos-acordaron-aumento-del-25-sin-cerrar-la-paritaria\\\/#primaryimage\"},\"thumbnailUrl\":\"https:\\\/\\\/i0.wp.com\\\/vamosporlaliberacion.org\\\/crpmlm\\\/wp-content\\\/uploads\\\/2016\\\/06\\\/marcha-1.jpg?fit=1024%2C576&ssl=1\",\"keywords\":[\"ADOSAC\",\"docentes\",\"paritarias\",\"Santa Cruz\",\"vxl 77\"],\"articleSection\":[\"Actualidad e historia del movimiento obrero\"],\"inLanguage\":\"es\",\"potentialAction\":[{\"@type\":\"CommentAction\",\"name\":\"Comment\",\"target\":[\"https:\\\/\\\/vamosporlaliberacion.org\\\/crpmlm\\\/docentes-santacrucenos-acordaron-aumento-del-25-sin-cerrar-la-paritaria\\\/#respond\"]}]},{\"@type\":\"WebPage\",\"@id\":\"https:\\\/\\\/vamosporlaliberacion.org\\\/crpmlm\\\/docentes-santacrucenos-acordaron-aumento-del-25-sin-cerrar-la-paritaria\\\/\",\"url\":\"https:\\\/\\\/vamosporlaliberacion.org\\\/crpmlm\\\/docentes-santacrucenos-acordaron-aumento-del-25-sin-cerrar-la-paritaria\\\/\",\"name\":\"Docentes santacruce\u00f1os acordaron aumento del 25% sin cerrar la paritaria - Vamos por la Liberaci\u00f3n\",\"isPartOf\":{\"@id\":\"https:\\\/\\\/vamosporlaliberacion.org\\\/crpmlm\\\/#website\"},\"primaryImageOfPage\":{\"@id\":\"https:\\\/\\\/vamosporlaliberacion.org\\\/crpmlm\\\/docentes-santacrucenos-acordaron-aumento-del-25-sin-cerrar-la-paritaria\\\/#primaryimage\"},\"image\":{\"@id\":\"https:\\\/\\\/vamosporlaliberacion.org\\\/crpmlm\\\/docentes-santacrucenos-acordaron-aumento-del-25-sin-cerrar-la-paritaria\\\/#primaryimage\"},\"thumbnailUrl\":\"https:\\\/\\\/i0.wp.com\\\/vamosporlaliberacion.org\\\/crpmlm\\\/wp-content\\\/uploads\\\/2016\\\/06\\\/marcha-1.jpg?fit=1024%2C576&ssl=1\",\"datePublished\":\"2016-06-23T00:22:49+00:00\",\"dateModified\":\"2020-11-05T21:54:54+00:00\",\"author\":{\"@id\":\"\"},\"breadcrumb\":{\"@id\":\"https:\\\/\\\/vamosporlaliberacion.org\\\/crpmlm\\\/docentes-santacrucenos-acordaron-aumento-del-25-sin-cerrar-la-paritaria\\\/#breadcrumb\"},\"inLanguage\":\"es\",\"potentialAction\":[{\"@type\":\"ReadAction\",\"target\":[\"https:\\\/\\\/vamosporlaliberacion.org\\\/crpmlm\\\/docentes-santacrucenos-acordaron-aumento-del-25-sin-cerrar-la-paritaria\\\/\"]}]},{\"@type\":\"ImageObject\",\"inLanguage\":\"es\",\"@id\":\"https:\\\/\\\/vamosporlaliberacion.org\\\/crpmlm\\\/docentes-santacrucenos-acordaron-aumento-del-25-sin-cerrar-la-paritaria\\\/#primaryimage\",\"url\":\"https:\\\/\\\/i0.wp.com\\\/vamosporlaliberacion.org\\\/crpmlm\\\/wp-content\\\/uploads\\\/2016\\\/06\\\/marcha-1.jpg?fit=1024%2C576&ssl=1\",\"contentUrl\":\"https:\\\/\\\/i0.wp.com\\\/vamosporlaliberacion.org\\\/crpmlm\\\/wp-content\\\/uploads\\\/2016\\\/06\\\/marcha-1.jpg?fit=1024%2C576&ssl=1\",\"width\":1024,\"height\":576},{\"@type\":\"BreadcrumbList\",\"@id\":\"https:\\\/\\\/vamosporlaliberacion.org\\\/crpmlm\\\/docentes-santacrucenos-acordaron-aumento-del-25-sin-cerrar-la-paritaria\\\/#breadcrumb\",\"itemListElement\":[{\"@type\":\"ListItem\",\"position\":1,\"name\":\"Portada\",\"item\":\"https:\\\/\\\/vamosporlaliberacion.org\\\/crpmlm\\\/\"},{\"@type\":\"ListItem\",\"position\":2,\"name\":\"Docentes santacruce\u00f1os acordaron aumento del 25% sin cerrar la paritaria\"}]},{\"@type\":\"WebSite\",\"@id\":\"https:\\\/\\\/vamosporlaliberacion.org\\\/crpmlm\\\/#website\",\"url\":\"https:\\\/\\\/vamosporlaliberacion.org\\\/crpmlm\\\/\",\"name\":\"Vamos por la Liberaci\u00f3n\",\"description\":\"Prensa CR\",\"potentialAction\":[{\"@type\":\"SearchAction\",\"target\":{\"@type\":\"EntryPoint\",\"urlTemplate\":\"https:\\\/\\\/vamosporlaliberacion.org\\\/crpmlm\\\/?s={search_term_string}\"},\"query-input\":{\"@type\":\"PropertyValueSpecification\",\"valueRequired\":true,\"valueName\":\"search_term_string\"}}],\"inLanguage\":\"es\"},{\"@type\":\"Person\",\"@id\":\"\",\"url\":\"https:\\\/\\\/vamosporlaliberacion.org\\\/crpmlm\\\/author\\\/\"}]}<\/script>\n<!-- \/ Yoast SEO plugin. -->","yoast_head_json":{"title":"Docentes santacruce\u00f1os acordaron aumento del 25% sin cerrar la paritaria - Vamos por la Liberaci\u00f3n","robots":{"index":"index","follow":"follow","max-snippet":"max-snippet:-1","max-image-preview":"max-image-preview:large","max-video-preview":"max-video-preview:-1"},"canonical":"https:\/\/vamosporlaliberacion.org\/crpmlm\/docentes-santacrucenos-acordaron-aumento-del-25-sin-cerrar-la-paritaria\/","twitter_misc":{"Escrito por":"","Tiempo de lectura":"2 minutos"},"schema":{"@context":"https:\/\/schema.org","@graph":[{"@type":"Article","@id":"https:\/\/vamosporlaliberacion.org\/crpmlm\/docentes-santacrucenos-acordaron-aumento-del-25-sin-cerrar-la-paritaria\/#article","isPartOf":{"@id":"https:\/\/vamosporlaliberacion.org\/crpmlm\/docentes-santacrucenos-acordaron-aumento-del-25-sin-cerrar-la-paritaria\/"},"author":{"name":"","@id":""},"headline":"Docentes santacruce\u00f1os acordaron aumento del 25% sin cerrar la paritaria","datePublished":"2016-06-23T00:22:49+00:00","dateModified":"2020-11-05T21:54:54+00:00","mainEntityOfPage":{"@id":"https:\/\/vamosporlaliberacion.org\/crpmlm\/docentes-santacrucenos-acordaron-aumento-del-25-sin-cerrar-la-paritaria\/"},"wordCount":372,"commentCount":0,"image":{"@id":"https:\/\/vamosporlaliberacion.org\/crpmlm\/docentes-santacrucenos-acordaron-aumento-del-25-sin-cerrar-la-paritaria\/#primaryimage"},"thumbnailUrl":"https:\/\/i0.wp.com\/vamosporlaliberacion.org\/crpmlm\/wp-content\/uploads\/2016\/06\/marcha-1.jpg?fit=1024%2C576&ssl=1","keywords":["ADOSAC","docentes","paritarias","Santa Cruz","vxl 77"],"articleSection":["Actualidad e historia del movimiento obrero"],"inLanguage":"es","potentialAction":[{"@type":"CommentAction","name":"Comment","target":["https:\/\/vamosporlaliberacion.org\/crpmlm\/docentes-santacrucenos-acordaron-aumento-del-25-sin-cerrar-la-paritaria\/#respond"]}]},{"@type":"WebPage","@id":"https:\/\/vamosporlaliberacion.org\/crpmlm\/docentes-santacrucenos-acordaron-aumento-del-25-sin-cerrar-la-paritaria\/","url":"https:\/\/vamosporlaliberacion.org\/crpmlm\/docentes-santacrucenos-acordaron-aumento-del-25-sin-cerrar-la-paritaria\/","name":"Docentes santacruce\u00f1os acordaron aumento del 25% sin cerrar la paritaria - Vamos por la Liberaci\u00f3n","isPartOf":{"@id":"https:\/\/vamosporlaliberacion.org\/crpmlm\/#website"},"primaryImageOfPage":{"@id":"https:\/\/vamosporlaliberacion.org\/crpmlm\/docentes-santacrucenos-acordaron-aumento-del-25-sin-cerrar-la-paritaria\/#primaryimage"},"image":{"@id":"https:\/\/vamosporlaliberacion.org\/crpmlm\/docentes-santacrucenos-acordaron-aumento-del-25-sin-cerrar-la-paritaria\/#primaryimage"},"thumbnailUrl":"https:\/\/i0.wp.com\/vamosporlaliberacion.org\/crpmlm\/wp-content\/uploads\/2016\/06\/marcha-1.jpg?fit=1024%2C576&ssl=1","datePublished":"2016-06-23T00:22:49+00:00","dateModified":"2020-11-05T21:54:54+00:00","author":{"@id":""},"breadcrumb":{"@id":"https:\/\/vamosporlaliberacion.org\/crpmlm\/docentes-santacrucenos-acordaron-aumento-del-25-sin-cerrar-la-paritaria\/#breadcrumb"},"inLanguage":"es","potentialAction":[{"@type":"ReadAction","target":["https:\/\/vamosporlaliberacion.org\/crpmlm\/docentes-santacrucenos-acordaron-aumento-del-25-sin-cerrar-la-paritaria\/"]}]},{"@type":"ImageObject","inLanguage":"es","@id":"https:\/\/vamosporlaliberacion.org\/crpmlm\/docentes-santacrucenos-acordaron-aumento-del-25-sin-cerrar-la-paritaria\/#primaryimage","url":"https:\/\/i0.wp.com\/vamosporlaliberacion.org\/crpmlm\/wp-content\/uploads\/2016\/06\/marcha-1.jpg?fit=1024%2C576&ssl=1","contentUrl":"https:\/\/i0.wp.com\/vamosporlaliberacion.org\/crpmlm\/wp-content\/uploads\/2016\/06\/marcha-1.jpg?fit=1024%2C576&ssl=1","width":1024,"height":576},{"@type":"BreadcrumbList","@id":"https:\/\/vamosporlaliberacion.org\/crpmlm\/docentes-santacrucenos-acordaron-aumento-del-25-sin-cerrar-la-paritaria\/#breadcrumb","itemListElement":[{"@type":"ListItem","position":1,"name":"Portada","item":"https:\/\/vamosporlaliberacion.org\/crpmlm\/"},{"@type":"ListItem","position":2,"name":"Docentes santacruce\u00f1os acordaron aumento del 25% sin cerrar la paritaria"}]},{"@type":"WebSite","@id":"https:\/\/vamosporlaliberacion.org\/crpmlm\/#website","url":"https:\/\/vamosporlaliberacion.org\/crpmlm\/","name":"Vamos por la Liberaci\u00f3n","description":"Prensa CR","potentialAction":[{"@type":"SearchAction","target":{"@type":"EntryPoint","urlTemplate":"https:\/\/vamosporlaliberacion.org\/crpmlm\/?s={search_term_string}"},"query-input":{"@type":"PropertyValueSpecification","valueRequired":true,"valueName":"search_term_string"}}],"inLanguage":"es"},{"@type":"Person","@id":"","url":"https:\/\/vamosporlaliberacion.org\/crpmlm\/author\/"}]}},"jetpack_featured_media_url":"https:\/\/i0.wp.com\/vamosporlaliberacion.org\/crpmlm\/wp-content\/uploads\/2016\/06\/marcha-1.jpg?fit=1024%2C576&ssl=1","jetpack_sharing_enabled":true,"_links":{"self":[{"href":"https:\/\/vamosporlaliberacion.org\/crpmlm\/wp-json\/wp\/v2\/posts\/6302","targetHints":{"allow":["GET"]}}],"collection":[{"href":"https:\/\/vamosporlaliberacion.org\/crpmlm\/wp-json\/wp\/v2\/posts"}],"about":[{"href":"https:\/\/vamosporlaliberacion.org\/crpmlm\/wp-json\/wp\/v2\/types\/post"}],"author":[{"embeddable":true,"href":"https:\/\/vamosporlaliberacion.org\/crpmlm\/wp-json\/wp\/v2\/users\/5"}],"replies":[{"embeddable":true,"href":"https:\/\/vamosporlaliberacion.org\/crpmlm\/wp-json\/wp\/v2\/comments?post=6302"}],"version-history":[{"count":1,"href":"https:\/\/vamosporlaliberacion.org\/crpmlm\/wp-json\/wp\/v2\/posts\/6302\/revisions"}],"predecessor-version":[{"id":21654,"href":"https:\/\/vamosporlaliberacion.org\/crpmlm\/wp-json\/wp\/v2\/posts\/6302\/revisions\/21654"}],"wp:featuredmedia":[{"embeddable":true,"href":"https:\/\/vamosporlaliberacion.org\/crpmlm\/wp-json\/wp\/v2\/media\/6301"}],"wp:attachment":[{"href":"https:\/\/vamosporlaliberacion.org\/crpmlm\/wp-json\/wp\/v2\/media?parent=6302"}],"wp:term":[{"taxonomy":"category","embeddable":true,"href":"https:\/\/vamosporlaliberacion.org\/crpmlm\/wp-json\/wp\/v2\/categories?post=6302"},{"taxonomy":"post_tag","embeddable":true,"href":"https:\/\/vamosporlaliberacion.org\/crpmlm\/wp-json\/wp\/v2\/tags?post=6302"}],"curies":[{"name":"wp","href":"https:\/\/api.w.org\/{rel}","templated":true}]}}