{"id":5733,"date":"2016-05-01T15:40:45","date_gmt":"2016-05-01T18:40:45","guid":{"rendered":"http:\/\/vamosporlaliberacion.org\/crpmlm\/?p=5733"},"modified":"2020-10-24T18:56:59","modified_gmt":"2020-10-24T21:56:59","slug":"una-multitud-contra-los-despidos-y-el-ajuste","status":"publish","type":"post","link":"https:\/\/vamosporlaliberacion.org\/crpmlm\/una-multitud-contra-los-despidos-y-el-ajuste\/","title":{"rendered":"Una multitud contra los despidos y el ajuste"},"content":{"rendered":"<p>Algunos gremios decretaron paro. Otros simplemente se movilizaron. Muchos trabajadores pudieron concurrir reci\u00e9n una vez terminado su horario de trabajo y siguieron sumando al acto a\u00fan luego de iniciado a las 15hs frente al Monumento al Trabajo sobre la Av. Paseo Col\u00f3n de la Capital Federal. La enorme participaci\u00f3n de trabajadores mostr\u00f3 una voluntad de lucha que super\u00f3 ampliamente las dudas de los convocantes que evitaron definir un paro.<\/p>\n<p>La movilizaci\u00f3n contribuy\u00f3 a la denuncia del ajuste, los despidos y la inflaci\u00f3n. En el acto convocado por las CGT\u2019s y las CTA\u2019s confluimos no s\u00f3lo organizaciones sindicales sino tambi\u00e9n sociales y pol\u00edticas, expresando un arco inusitadamente heterog\u00e9neo. Desde la columna de la AGD-UBA, SUTEBA\u2019s combativos y otros gremios nos manifestamos adem\u00e1s por la inmediata convocatoria a un paro nacional.<\/p>\n<p>Hubo representaciones de todo el pa\u00eds. Desde Tierra del Fuego, Horacio Catena, secretario general del SUTEF y CTA Aut\u00f3noma de esa provincia, se hizo presente expresando el reclamo de la Uni\u00f3n de Gremios y Jubilados Estatales que hace 60 d\u00edas est\u00e1n de paro y acampando frente a la gobernaci\u00f3n contra el paquete de ajuste.<\/p>\n<figure id=\"attachment_5735\" aria-describedby=\"caption-attachment-5735\" style=\"width: 799px\" class=\"wp-caption alignnone\"><a href=\"https:\/\/i0.wp.com\/vamosporlaliberacion.org\/crpmlm\/wp-content\/uploads\/2016\/05\/DSC00306-copia.jpg\"><img data-recalc-dims=\"1\" loading=\"lazy\" decoding=\"async\" class=\"wp-image-5735 size-full\" src=\"https:\/\/i0.wp.com\/vamosporlaliberacion.org\/crpmlm\/wp-content\/uploads\/2016\/05\/DSC00306-copia.jpg?resize=696%2C482\" alt=\"DSC00306 - copia\" width=\"696\" height=\"482\" srcset=\"https:\/\/i0.wp.com\/vamosporlaliberacion.org\/crpmlm\/wp-content\/uploads\/2016\/05\/DSC00306-copia.jpg?w=799&amp;ssl=1 799w, https:\/\/i0.wp.com\/vamosporlaliberacion.org\/crpmlm\/wp-content\/uploads\/2016\/05\/DSC00306-copia.jpg?resize=300%2C208&amp;ssl=1 300w, https:\/\/i0.wp.com\/vamosporlaliberacion.org\/crpmlm\/wp-content\/uploads\/2016\/05\/DSC00306-copia.jpg?resize=768%2C532&amp;ssl=1 768w, https:\/\/i0.wp.com\/vamosporlaliberacion.org\/crpmlm\/wp-content\/uploads\/2016\/05\/DSC00306-copia.jpg?resize=100%2C70&amp;ssl=1 100w, https:\/\/i0.wp.com\/vamosporlaliberacion.org\/crpmlm\/wp-content\/uploads\/2016\/05\/DSC00306-copia.jpg?resize=218%2C150&amp;ssl=1 218w, https:\/\/i0.wp.com\/vamosporlaliberacion.org\/crpmlm\/wp-content\/uploads\/2016\/05\/DSC00306-copia.jpg?resize=696%2C482&amp;ssl=1 696w, https:\/\/i0.wp.com\/vamosporlaliberacion.org\/crpmlm\/wp-content\/uploads\/2016\/05\/DSC00306-copia.jpg?resize=607%2C420&amp;ssl=1 607w, https:\/\/i0.wp.com\/vamosporlaliberacion.org\/crpmlm\/wp-content\/uploads\/2016\/05\/DSC00306-copia.jpg?resize=500%2C346&amp;ssl=1 500w\" sizes=\"auto, (max-width: 696px) 100vw, 696px\" \/><\/a><figcaption id=\"caption-attachment-5735\" class=\"wp-caption-text\">Columna de gremios combativos.<\/figcaption><\/figure>\n<h2>El acto<\/h2>\n<p>El acto se inici\u00f3 entonando el himno nacional y la lectura de un documento unificado de las centrales. Desde su inicio marc\u00f3 la cr\u00edtica al gobierno macrista, cuya pol\u00edtica econ\u00f3mica \u201cs\u00f3lo representa \u2013afirma el documento\u2013 el regreso a hist\u00f3ricas recetas con tristes consecuencias. Es urgente adoptar medidas de naturaleza social y econ\u00f3mica, para que las soluciones no se dejen libradas al mercado o a las promesas del derrame de la riqueza\u201d.<\/p>\n<p>Los planteos puntuales acordados en el documento fueron principalmente el reclamo de \u201creiterar la emergencia ocupacional\u201d con la ley que tiene media sanci\u00f3n en el Senado. Tambi\u00e9n se cuestion\u00f3 \u201cel incumplimiento de las promesas de campa\u00f1a sobre el impuesto al trabajo\u201d (mejor conocido como impuesto al salario), se reclam\u00f3 por la universalizaci\u00f3n de las asignaciones familiares, la plena vigencia del 82% m\u00f3vil, se ratific\u00f3 la plena vigencia del derecho de huelga sin la limitaci\u00f3n de ning\u00fan protocolo de seguridad y se exigi\u00f3 \u201cla no intromisi\u00f3n de ning\u00fan \u00f3rgano externo en vida institucional de los sindicatos\u201d.<\/p>\n<p><a href=\"https:\/\/i0.wp.com\/vamosporlaliberacion.org\/crpmlm\/wp-content\/uploads\/2016\/05\/DSC00355-copia.jpg\"><img data-recalc-dims=\"1\" loading=\"lazy\" decoding=\"async\" class=\"alignnone wp-image-5737 size-full\" src=\"https:\/\/i0.wp.com\/vamosporlaliberacion.org\/crpmlm\/wp-content\/uploads\/2016\/05\/DSC00355-copia.jpg?resize=696%2C522\" alt=\"DSC00355 - copia\" width=\"696\" height=\"522\" srcset=\"https:\/\/i0.wp.com\/vamosporlaliberacion.org\/crpmlm\/wp-content\/uploads\/2016\/05\/DSC00355-copia.jpg?w=1024&amp;ssl=1 1024w, https:\/\/i0.wp.com\/vamosporlaliberacion.org\/crpmlm\/wp-content\/uploads\/2016\/05\/DSC00355-copia.jpg?resize=300%2C225&amp;ssl=1 300w, https:\/\/i0.wp.com\/vamosporlaliberacion.org\/crpmlm\/wp-content\/uploads\/2016\/05\/DSC00355-copia.jpg?resize=768%2C576&amp;ssl=1 768w, https:\/\/i0.wp.com\/vamosporlaliberacion.org\/crpmlm\/wp-content\/uploads\/2016\/05\/DSC00355-copia.jpg?resize=80%2C60&amp;ssl=1 80w, https:\/\/i0.wp.com\/vamosporlaliberacion.org\/crpmlm\/wp-content\/uploads\/2016\/05\/DSC00355-copia.jpg?resize=265%2C198&amp;ssl=1 265w, https:\/\/i0.wp.com\/vamosporlaliberacion.org\/crpmlm\/wp-content\/uploads\/2016\/05\/DSC00355-copia.jpg?resize=696%2C522&amp;ssl=1 696w, https:\/\/i0.wp.com\/vamosporlaliberacion.org\/crpmlm\/wp-content\/uploads\/2016\/05\/DSC00355-copia.jpg?resize=560%2C420&amp;ssl=1 560w, https:\/\/i0.wp.com\/vamosporlaliberacion.org\/crpmlm\/wp-content\/uploads\/2016\/05\/DSC00355-copia.jpg?resize=500%2C375&amp;ssl=1 500w\" sizes=\"auto, (max-width: 696px) 100vw, 696px\" \/><\/a>Los discursos mantuvieron en general la t\u00f3nica del documento, insistiendo una y otra vez que el acto no era \u201cen contra\u201d de nadie sino a favor de los trabajadores. Salvo Pablo Micheli de la CTA Aut\u00f3noma que cerr\u00f3 su breve intervenci\u00f3n de 3 minutos arengando a parar si Macri vetaba la ley que limita los despidos, los dem\u00e1s utilizaron otros eufemismos tales como \u201cprofundizar la lucha\u201d, que esta movilizaci\u00f3n ser\u00eda \u201cuna miniatura\u201d con respecto a la que ser\u00eda convocada, o que \u201cestamos preparados para pelear hasta las \u00faltimas consecuencias\u201d. En verdad, con los despidos y la inflaci\u00f3n galopante ya hay motivos de sobra para convocar un paro general.<\/p>\n<p>En sus tres precisos minutos, Hugo Yaski intent\u00f3 una tibia defensa del gobierno kirchnerista al afirmar que \u201cno queremos volver a ver en las escuelas a los pibes pidiendo un plato de comida\u201d y cerr\u00f3 denunciando el golpe en Brasil. A su turno, Antonio Cal\u00f3 utiliz\u00f3 sus 6 minutos para reiterar unas cuantas veces que la CGT se unificar\u00e1 a partir de junio y realizar\u00e1 su Congreso Nacional el 22 de agosto. Tambi\u00e9n insisti\u00f3 con el aumento de la pobreza y, corrigiendo sus propias palabras, afirm\u00f3 que \u201cs\u00ed que tenemos para festejar\u201d porque \u201cest\u00e1n todos <em>ustedes<\/em> reclamando por los puestos de trabajo que <em>ustedes<\/em> est\u00e1n perdiendo\u201d (evidentemente Cal\u00f3 no sufre los mismos problemas).<\/p>\n<p>Cerr\u00f3 Hugo Moyano que, tras ser presentado como quien la \u201cconciencia colectiva de los trabajadores\u201d quiere que siga siendo conducci\u00f3n, se explay\u00f3 sin apuro y puntualiz\u00f3 pedidos y cr\u00edticas. Quiz\u00e1s el pedido m\u00e1s inesperado fue el primero: a la gobernadora de Tierra del Fuego para que \u201cconvoque a los trabajadores para salir de esa crisis que ya lleva 60 d\u00edas sin clases y con un mont\u00f3n de situaciones que afecta a la sociedad en su conjunto\u201d. Y agreg\u00f3: \u201cQueremos decirle a los gobierno que los problemas se resuelven con los trabajadores. No se resuelve atacando o desconociendo a la representaci\u00f3n de los trabajadores\u201d, en una clara referencia al intento de esa gobernadora de desconocer a los dirigentes que acampan frente a la Casa de Gobierno fueguina.<\/p>\n<figure id=\"attachment_5736\" aria-describedby=\"caption-attachment-5736\" style=\"width: 936px\" class=\"wp-caption alignnone\"><a href=\"https:\/\/i0.wp.com\/vamosporlaliberacion.org\/crpmlm\/wp-content\/uploads\/2016\/05\/DSC00315-copia.jpg\"><img data-recalc-dims=\"1\" loading=\"lazy\" decoding=\"async\" class=\"wp-image-5736 size-full\" src=\"https:\/\/i0.wp.com\/vamosporlaliberacion.org\/crpmlm\/wp-content\/uploads\/2016\/05\/DSC00315-copia.jpg?resize=696%2C482\" alt=\"Horacio Catena, del SUTEF y CTA Aut\u00f3noma de Tierra del Fuego, en el palco.\" width=\"696\" height=\"482\" srcset=\"https:\/\/i0.wp.com\/vamosporlaliberacion.org\/crpmlm\/wp-content\/uploads\/2016\/05\/DSC00315-copia.jpg?w=936&amp;ssl=1 936w, https:\/\/i0.wp.com\/vamosporlaliberacion.org\/crpmlm\/wp-content\/uploads\/2016\/05\/DSC00315-copia.jpg?resize=300%2C208&amp;ssl=1 300w, https:\/\/i0.wp.com\/vamosporlaliberacion.org\/crpmlm\/wp-content\/uploads\/2016\/05\/DSC00315-copia.jpg?resize=768%2C532&amp;ssl=1 768w, https:\/\/i0.wp.com\/vamosporlaliberacion.org\/crpmlm\/wp-content\/uploads\/2016\/05\/DSC00315-copia.jpg?resize=100%2C70&amp;ssl=1 100w, https:\/\/i0.wp.com\/vamosporlaliberacion.org\/crpmlm\/wp-content\/uploads\/2016\/05\/DSC00315-copia.jpg?resize=218%2C150&amp;ssl=1 218w, https:\/\/i0.wp.com\/vamosporlaliberacion.org\/crpmlm\/wp-content\/uploads\/2016\/05\/DSC00315-copia.jpg?resize=696%2C482&amp;ssl=1 696w, https:\/\/i0.wp.com\/vamosporlaliberacion.org\/crpmlm\/wp-content\/uploads\/2016\/05\/DSC00315-copia.jpg?resize=607%2C420&amp;ssl=1 607w, https:\/\/i0.wp.com\/vamosporlaliberacion.org\/crpmlm\/wp-content\/uploads\/2016\/05\/DSC00315-copia.jpg?resize=500%2C346&amp;ssl=1 500w\" sizes=\"auto, (max-width: 696px) 100vw, 696px\" \/><\/a><figcaption id=\"caption-attachment-5736\" class=\"wp-caption-text\">Horacio Catena, del SUTEF y CTA Aut\u00f3noma de Tierra del Fuego, en el palco.<\/figcaption><\/figure>\n<p>Luego se refiri\u00f3 tambi\u00e9n al conflicto en Santa Cruz y con inundados, reclamando al gobierno nacional que no s\u00f3lo se ocupe de las empresas y productores agropecuarios sino tambi\u00e9n los trabajadores. Tambi\u00e9n se solidariz\u00f3 con los taxistas que enfrentan la implementaci\u00f3n de UBER.<\/p>\n<p>El dirigente Camionero se refiri\u00f3 particularmente a la inflaci\u00f3n y se pregunt\u00f3 \u201ccu\u00e1les son las medidas que el gobierno ha tomado para detener la inflaci\u00f3n, que en los cuatro meses est\u00e1 alrededor o m\u00e1s del 40%\u201d, para luego denunciar que los \u201caumentos que ha puesto en pr\u00e1ctica el gobierno son desbordantes\u201d.<\/p>\n<p>Luego cuestion\u00f3 al gobierno nacional porque \u201ctoma medidas para proteger a un sector de la sociedad en forma inmediata y tarda demasiado para proteger a los sectores laborales y de menores recursos\u201d. Y aclar\u00f3 que \u201cno queremos gobernar conjuntamente con el gobierno. Pero s\u00ed creemos que debe consultar con los representantes gremiales para tomar las medidas o demorar las medidas que toma el gobierno\u201d. Entonces expres\u00f3 que \u201cespero que [el gobierno] reflexione\u201d.<\/p>\n<h2>Corolario<\/h2>\n<p>Tras haber apoyado al Cambiemos, con el acto Hugo Moyano reafirm\u00f3 su distanciamiento del gobierno nacional. Aunque evidentemente su cautela y sus tiempos no est\u00e1n guiados por la realidad que sufren los trabajadores. El propio acto es consecuencia de la bronca que ya se ven\u00eda sintiendo no s\u00f3lo entre los estatales sino tambi\u00e9n en el \u00e1mbito privado. Desde cada provincia y en cada sector se siguen desarrollando las luchas por salario, contra los despidos y contra el ajuste del gobierno nacional y los gobiernos provinciales. M\u00e1s all\u00e1 de las intenciones de los oradores, esa decisi\u00f3n de lucha tom\u00f3 fuerza.<\/p>\n<!-- AddThis Advanced Settings generic via filter on the_content --><!-- AddThis Share Buttons generic via filter on the_content -->","protected":false},"excerpt":{"rendered":"<p>Algunos gremios decretaron paro. Otros simplemente se movilizaron. Muchos trabajadores pudieron concurrir reci\u00e9n una vez terminado su horario de trabajo y siguieron sumando al acto a\u00fan luego de iniciado a las 15hs frente al Monumento al Trabajo sobre la Av. Paseo Col\u00f3n de la Capital Federal. La enorme participaci\u00f3n de trabajadores mostr\u00f3 una voluntad de [&hellip;]<!-- AddThis Advanced Settings generic via filter on get_the_excerpt --><!-- AddThis Share Buttons generic via filter on get_the_excerpt --><\/p>\n","protected":false},"author":5,"featured_media":5734,"comment_status":"open","ping_status":"open","sticky":false,"template":"","format":"standard","meta":{"_jetpack_memberships_contains_paid_content":false,"footnotes":""},"categories":[1877],"tags":[465,316,632,81,520,650,651,542,242,666],"class_list":{"0":"post-5733","1":"post","2":"type-post","3":"status-publish","4":"format-standard","5":"has-post-thumbnail","7":"category-gremiales","8":"tag-cgt","9":"tag-cta","10":"tag-cta-autonoma","11":"tag-despidos","12":"tag-destacado-2","13":"tag-hugo-moyano","14":"tag-pablo-micheli","15":"tag-paritarias","16":"tag-sutef","17":"tag-vxl-74"},"yoast_head":"<!-- This site is optimized with the Yoast SEO plugin v27.4 - https:\/\/yoast.com\/product\/yoast-seo-wordpress\/ -->\n<title>Una multitud contra los despidos y el ajuste - Vamos por la Liberaci\u00f3n<\/title>\n<meta name=\"robots\" content=\"index, follow, max-snippet:-1, max-image-preview:large, max-video-preview:-1\" \/>\n<link rel=\"canonical\" href=\"https:\/\/vamosporlaliberacion.org\/crpmlm\/una-multitud-contra-los-despidos-y-el-ajuste\/\" \/>\n<meta name=\"twitter:label1\" content=\"Escrito por\" \/>\n\t<meta name=\"twitter:data1\" content=\"\" \/>\n\t<meta name=\"twitter:label2\" content=\"Tiempo de lectura\" \/>\n\t<meta name=\"twitter:data2\" content=\"5 minutos\" \/>\n<script type=\"application\/ld+json\" class=\"yoast-schema-graph\">{\"@context\":\"https:\\\/\\\/schema.org\",\"@graph\":[{\"@type\":\"Article\",\"@id\":\"https:\\\/\\\/vamosporlaliberacion.org\\\/crpmlm\\\/una-multitud-contra-los-despidos-y-el-ajuste\\\/#article\",\"isPartOf\":{\"@id\":\"https:\\\/\\\/vamosporlaliberacion.org\\\/crpmlm\\\/una-multitud-contra-los-despidos-y-el-ajuste\\\/\"},\"author\":{\"name\":\"\",\"@id\":\"\"},\"headline\":\"Una multitud contra los despidos y el ajuste\",\"datePublished\":\"2016-05-01T18:40:45+00:00\",\"dateModified\":\"2020-10-24T21:56:59+00:00\",\"mainEntityOfPage\":{\"@id\":\"https:\\\/\\\/vamosporlaliberacion.org\\\/crpmlm\\\/una-multitud-contra-los-despidos-y-el-ajuste\\\/\"},\"wordCount\":1067,\"commentCount\":0,\"image\":{\"@id\":\"https:\\\/\\\/vamosporlaliberacion.org\\\/crpmlm\\\/una-multitud-contra-los-despidos-y-el-ajuste\\\/#primaryimage\"},\"thumbnailUrl\":\"https:\\\/\\\/i0.wp.com\\\/vamosporlaliberacion.org\\\/crpmlm\\\/wp-content\\\/uploads\\\/2016\\\/05\\\/grande2.jpg?fit=720%2C405&ssl=1\",\"keywords\":[\"CGT\",\"CTA\",\"CTA Aut\u00f3noma\",\"Despidos\",\"destacado 2\",\"Hugo Moyano\",\"Pablo Micheli\",\"paritarias\",\"Sutef\",\"vxl 74\"],\"articleSection\":[\"Actualidad e historia del movimiento obrero\"],\"inLanguage\":\"es\",\"potentialAction\":[{\"@type\":\"CommentAction\",\"name\":\"Comment\",\"target\":[\"https:\\\/\\\/vamosporlaliberacion.org\\\/crpmlm\\\/una-multitud-contra-los-despidos-y-el-ajuste\\\/#respond\"]}]},{\"@type\":\"WebPage\",\"@id\":\"https:\\\/\\\/vamosporlaliberacion.org\\\/crpmlm\\\/una-multitud-contra-los-despidos-y-el-ajuste\\\/\",\"url\":\"https:\\\/\\\/vamosporlaliberacion.org\\\/crpmlm\\\/una-multitud-contra-los-despidos-y-el-ajuste\\\/\",\"name\":\"Una multitud contra los despidos y el ajuste - Vamos por la Liberaci\u00f3n\",\"isPartOf\":{\"@id\":\"https:\\\/\\\/vamosporlaliberacion.org\\\/crpmlm\\\/#website\"},\"primaryImageOfPage\":{\"@id\":\"https:\\\/\\\/vamosporlaliberacion.org\\\/crpmlm\\\/una-multitud-contra-los-despidos-y-el-ajuste\\\/#primaryimage\"},\"image\":{\"@id\":\"https:\\\/\\\/vamosporlaliberacion.org\\\/crpmlm\\\/una-multitud-contra-los-despidos-y-el-ajuste\\\/#primaryimage\"},\"thumbnailUrl\":\"https:\\\/\\\/i0.wp.com\\\/vamosporlaliberacion.org\\\/crpmlm\\\/wp-content\\\/uploads\\\/2016\\\/05\\\/grande2.jpg?fit=720%2C405&ssl=1\",\"datePublished\":\"2016-05-01T18:40:45+00:00\",\"dateModified\":\"2020-10-24T21:56:59+00:00\",\"author\":{\"@id\":\"\"},\"breadcrumb\":{\"@id\":\"https:\\\/\\\/vamosporlaliberacion.org\\\/crpmlm\\\/una-multitud-contra-los-despidos-y-el-ajuste\\\/#breadcrumb\"},\"inLanguage\":\"es\",\"potentialAction\":[{\"@type\":\"ReadAction\",\"target\":[\"https:\\\/\\\/vamosporlaliberacion.org\\\/crpmlm\\\/una-multitud-contra-los-despidos-y-el-ajuste\\\/\"]}]},{\"@type\":\"ImageObject\",\"inLanguage\":\"es\",\"@id\":\"https:\\\/\\\/vamosporlaliberacion.org\\\/crpmlm\\\/una-multitud-contra-los-despidos-y-el-ajuste\\\/#primaryimage\",\"url\":\"https:\\\/\\\/i0.wp.com\\\/vamosporlaliberacion.org\\\/crpmlm\\\/wp-content\\\/uploads\\\/2016\\\/05\\\/grande2.jpg?fit=720%2C405&ssl=1\",\"contentUrl\":\"https:\\\/\\\/i0.wp.com\\\/vamosporlaliberacion.org\\\/crpmlm\\\/wp-content\\\/uploads\\\/2016\\\/05\\\/grande2.jpg?fit=720%2C405&ssl=1\",\"width\":720,\"height\":405},{\"@type\":\"BreadcrumbList\",\"@id\":\"https:\\\/\\\/vamosporlaliberacion.org\\\/crpmlm\\\/una-multitud-contra-los-despidos-y-el-ajuste\\\/#breadcrumb\",\"itemListElement\":[{\"@type\":\"ListItem\",\"position\":1,\"name\":\"Portada\",\"item\":\"https:\\\/\\\/vamosporlaliberacion.org\\\/crpmlm\\\/\"},{\"@type\":\"ListItem\",\"position\":2,\"name\":\"Una multitud contra los despidos y el ajuste\"}]},{\"@type\":\"WebSite\",\"@id\":\"https:\\\/\\\/vamosporlaliberacion.org\\\/crpmlm\\\/#website\",\"url\":\"https:\\\/\\\/vamosporlaliberacion.org\\\/crpmlm\\\/\",\"name\":\"Vamos por la Liberaci\u00f3n\",\"description\":\"Prensa CR\",\"potentialAction\":[{\"@type\":\"SearchAction\",\"target\":{\"@type\":\"EntryPoint\",\"urlTemplate\":\"https:\\\/\\\/vamosporlaliberacion.org\\\/crpmlm\\\/?s={search_term_string}\"},\"query-input\":{\"@type\":\"PropertyValueSpecification\",\"valueRequired\":true,\"valueName\":\"search_term_string\"}}],\"inLanguage\":\"es\"},{\"@type\":\"Person\",\"@id\":\"\",\"url\":\"https:\\\/\\\/vamosporlaliberacion.org\\\/crpmlm\\\/author\\\/\"}]}<\/script>\n<!-- \/ Yoast SEO plugin. -->","yoast_head_json":{"title":"Una multitud contra los despidos y el ajuste - Vamos por la Liberaci\u00f3n","robots":{"index":"index","follow":"follow","max-snippet":"max-snippet:-1","max-image-preview":"max-image-preview:large","max-video-preview":"max-video-preview:-1"},"canonical":"https:\/\/vamosporlaliberacion.org\/crpmlm\/una-multitud-contra-los-despidos-y-el-ajuste\/","twitter_misc":{"Escrito por":"","Tiempo de lectura":"5 minutos"},"schema":{"@context":"https:\/\/schema.org","@graph":[{"@type":"Article","@id":"https:\/\/vamosporlaliberacion.org\/crpmlm\/una-multitud-contra-los-despidos-y-el-ajuste\/#article","isPartOf":{"@id":"https:\/\/vamosporlaliberacion.org\/crpmlm\/una-multitud-contra-los-despidos-y-el-ajuste\/"},"author":{"name":"","@id":""},"headline":"Una multitud contra los despidos y el ajuste","datePublished":"2016-05-01T18:40:45+00:00","dateModified":"2020-10-24T21:56:59+00:00","mainEntityOfPage":{"@id":"https:\/\/vamosporlaliberacion.org\/crpmlm\/una-multitud-contra-los-despidos-y-el-ajuste\/"},"wordCount":1067,"commentCount":0,"image":{"@id":"https:\/\/vamosporlaliberacion.org\/crpmlm\/una-multitud-contra-los-despidos-y-el-ajuste\/#primaryimage"},"thumbnailUrl":"https:\/\/i0.wp.com\/vamosporlaliberacion.org\/crpmlm\/wp-content\/uploads\/2016\/05\/grande2.jpg?fit=720%2C405&ssl=1","keywords":["CGT","CTA","CTA Aut\u00f3noma","Despidos","destacado 2","Hugo Moyano","Pablo Micheli","paritarias","Sutef","vxl 74"],"articleSection":["Actualidad e historia del movimiento obrero"],"inLanguage":"es","potentialAction":[{"@type":"CommentAction","name":"Comment","target":["https:\/\/vamosporlaliberacion.org\/crpmlm\/una-multitud-contra-los-despidos-y-el-ajuste\/#respond"]}]},{"@type":"WebPage","@id":"https:\/\/vamosporlaliberacion.org\/crpmlm\/una-multitud-contra-los-despidos-y-el-ajuste\/","url":"https:\/\/vamosporlaliberacion.org\/crpmlm\/una-multitud-contra-los-despidos-y-el-ajuste\/","name":"Una multitud contra los despidos y el ajuste - Vamos por la Liberaci\u00f3n","isPartOf":{"@id":"https:\/\/vamosporlaliberacion.org\/crpmlm\/#website"},"primaryImageOfPage":{"@id":"https:\/\/vamosporlaliberacion.org\/crpmlm\/una-multitud-contra-los-despidos-y-el-ajuste\/#primaryimage"},"image":{"@id":"https:\/\/vamosporlaliberacion.org\/crpmlm\/una-multitud-contra-los-despidos-y-el-ajuste\/#primaryimage"},"thumbnailUrl":"https:\/\/i0.wp.com\/vamosporlaliberacion.org\/crpmlm\/wp-content\/uploads\/2016\/05\/grande2.jpg?fit=720%2C405&ssl=1","datePublished":"2016-05-01T18:40:45+00:00","dateModified":"2020-10-24T21:56:59+00:00","author":{"@id":""},"breadcrumb":{"@id":"https:\/\/vamosporlaliberacion.org\/crpmlm\/una-multitud-contra-los-despidos-y-el-ajuste\/#breadcrumb"},"inLanguage":"es","potentialAction":[{"@type":"ReadAction","target":["https:\/\/vamosporlaliberacion.org\/crpmlm\/una-multitud-contra-los-despidos-y-el-ajuste\/"]}]},{"@type":"ImageObject","inLanguage":"es","@id":"https:\/\/vamosporlaliberacion.org\/crpmlm\/una-multitud-contra-los-despidos-y-el-ajuste\/#primaryimage","url":"https:\/\/i0.wp.com\/vamosporlaliberacion.org\/crpmlm\/wp-content\/uploads\/2016\/05\/grande2.jpg?fit=720%2C405&ssl=1","contentUrl":"https:\/\/i0.wp.com\/vamosporlaliberacion.org\/crpmlm\/wp-content\/uploads\/2016\/05\/grande2.jpg?fit=720%2C405&ssl=1","width":720,"height":405},{"@type":"BreadcrumbList","@id":"https:\/\/vamosporlaliberacion.org\/crpmlm\/una-multitud-contra-los-despidos-y-el-ajuste\/#breadcrumb","itemListElement":[{"@type":"ListItem","position":1,"name":"Portada","item":"https:\/\/vamosporlaliberacion.org\/crpmlm\/"},{"@type":"ListItem","position":2,"name":"Una multitud contra los despidos y el ajuste"}]},{"@type":"WebSite","@id":"https:\/\/vamosporlaliberacion.org\/crpmlm\/#website","url":"https:\/\/vamosporlaliberacion.org\/crpmlm\/","name":"Vamos por la Liberaci\u00f3n","description":"Prensa CR","potentialAction":[{"@type":"SearchAction","target":{"@type":"EntryPoint","urlTemplate":"https:\/\/vamosporlaliberacion.org\/crpmlm\/?s={search_term_string}"},"query-input":{"@type":"PropertyValueSpecification","valueRequired":true,"valueName":"search_term_string"}}],"inLanguage":"es"},{"@type":"Person","@id":"","url":"https:\/\/vamosporlaliberacion.org\/crpmlm\/author\/"}]}},"jetpack_featured_media_url":"https:\/\/i0.wp.com\/vamosporlaliberacion.org\/crpmlm\/wp-content\/uploads\/2016\/05\/grande2.jpg?fit=720%2C405&ssl=1","jetpack_sharing_enabled":true,"_links":{"self":[{"href":"https:\/\/vamosporlaliberacion.org\/crpmlm\/wp-json\/wp\/v2\/posts\/5733","targetHints":{"allow":["GET"]}}],"collection":[{"href":"https:\/\/vamosporlaliberacion.org\/crpmlm\/wp-json\/wp\/v2\/posts"}],"about":[{"href":"https:\/\/vamosporlaliberacion.org\/crpmlm\/wp-json\/wp\/v2\/types\/post"}],"author":[{"embeddable":true,"href":"https:\/\/vamosporlaliberacion.org\/crpmlm\/wp-json\/wp\/v2\/users\/5"}],"replies":[{"embeddable":true,"href":"https:\/\/vamosporlaliberacion.org\/crpmlm\/wp-json\/wp\/v2\/comments?post=5733"}],"version-history":[{"count":1,"href":"https:\/\/vamosporlaliberacion.org\/crpmlm\/wp-json\/wp\/v2\/posts\/5733\/revisions"}],"predecessor-version":[{"id":20470,"href":"https:\/\/vamosporlaliberacion.org\/crpmlm\/wp-json\/wp\/v2\/posts\/5733\/revisions\/20470"}],"wp:featuredmedia":[{"embeddable":true,"href":"https:\/\/vamosporlaliberacion.org\/crpmlm\/wp-json\/wp\/v2\/media\/5734"}],"wp:attachment":[{"href":"https:\/\/vamosporlaliberacion.org\/crpmlm\/wp-json\/wp\/v2\/media?parent=5733"}],"wp:term":[{"taxonomy":"category","embeddable":true,"href":"https:\/\/vamosporlaliberacion.org\/crpmlm\/wp-json\/wp\/v2\/categories?post=5733"},{"taxonomy":"post_tag","embeddable":true,"href":"https:\/\/vamosporlaliberacion.org\/crpmlm\/wp-json\/wp\/v2\/tags?post=5733"}],"curies":[{"name":"wp","href":"https:\/\/api.w.org\/{rel}","templated":true}]}}