{"id":5621,"date":"2016-04-26T14:01:15","date_gmt":"2016-04-26T14:01:15","guid":{"rendered":"http:\/\/vamosporlaliberacion.org\/crpmlm\/?p=5621"},"modified":"2016-04-27T17:04:07","modified_gmt":"2016-04-27T17:04:07","slug":"el-1-de-mayo-en-la-calle-por-el-paro-nacional","status":"publish","type":"post","link":"https:\/\/vamosporlaliberacion.org\/crpmlm\/el-1-de-mayo-en-la-calle-por-el-paro-nacional\/","title":{"rendered":"El 1\u00b0 de Mayo: En la calle por el paro nacional"},"content":{"rendered":"<h2>\u201cUn pa\u00eds serio\u201d<\/h2>\n<p>El pago a los buitres trajo la \u201cgrata\u201d noticia de que salimos del default del que hab\u00edamos entrado en el 2001. Gran \u201clogro\u201d de las clases dominantes por lo que ya recibieron ofertas para \u201cinvertir\u201d por valor que supera los 70 mil millones de d\u00f3lares. \u201cVolvimos a los mercados\u201d, \u201cahora somos un pa\u00eds serio\u201d y otras frases se pueden leer en los medios dominantes. El gran buitre Paul Singer dijo que Mauricio Macri es \u201cel campe\u00f3n de las reformas econ\u00f3micas\u201d\u2026 Nada m\u00e1s que agregar.<\/p>\n<p>Esta \u201cseriedad\u201d, como otras, nos costar\u00e1 generaciones endeudadas a costa de la rapi\u00f1a de nuestras riquezas y el hambre de nuestro pueblo. Nefasto camino ya transitado reiteradas veces desde la dictadura a esta parte.<\/p>\n<p>Es alevosamente ocultado, por ejemplo, que los bancos imperialista JP Morgan y Deustche Bank, dos que embolsaron 22,5 millones de d\u00f3lares en comisi\u00f3n por la deuda, tienen entre sus \u201cex\u201d empleados a Alfonso Prat Gay y Luis Caputo respectivamente.<\/p>\n<p>En este \u201cpa\u00eds serio\u201d ahora la Justicia \u201crecargada\u201d funciona a la medida de la lucha entre los sectores dominantes y con la celeridad de quien tiene el gobierno. Por eso pasean los corruptos del kirchnerismo por los tribunales. O la vara no es la misma a la hora de contar d\u00f3lares de la ruta del dinero K que tenerlos en cuentas offshore en Panam\u00e1 donde aparecen los Macri, Magneto y otros \u201cempresarios exitosos\u201d de nuestro pa\u00eds. Nos toman el pelo y eso tambi\u00e9n arta y llena de indignaci\u00f3n a los sectores populares, muchos que votaron al macrismo y que afirman con raz\u00f3n: \u00a1todos afanan!<\/p>\n<p>Esta Justicia \u2013como un poder del Estado olig\u00e1rquico imperialista que mantiene impunes cr\u00edmenes contra el pueblo, las innumerables denuncias por trata, narcotr\u00e1fico o en las relaciones laborales\u2013 es la misma que a la hora de condenar a los trabajadores no le tiembla pulso, como lo hizo con los docentes y camioneros de Tierra del Fuego o los petroleros de Las Heras.<\/p>\n<p>Es el \u201cpa\u00eds serio\u201d de la complicidad de la Justicia con el poder pol\u00edtico y las fuerzas de seguridad como la Prefectura, que manejan impunemente la comercializaci\u00f3n de drogas que se llevaron la vida de cinco j\u00f3venes en la fiesta electr\u00f3nica en Costa Salguero.<\/p>\n<p>Es el \u201cpa\u00eds serio\u201d que no abarca a ese \u201cotro pa\u00eds\u201d de los inundados del Litoral argentino, que perdieron todo que con el agua se fue su presente y su futuro, sus sue\u00f1os y esperanzas. Ese pa\u00eds, el de la Argentina profunda, no tiene lugar para este gobierno y los medios dominantes.<\/p>\n<h2>Se agudiza la disputa<\/h2>\n<p>El acto de CFK en Comodoro Py mostr\u00f3 que a\u00fan cuenta con convocatoria, particularmente frente a un gobierno como el de Cambiemos y sus medidas. Es la dirigente con mayor poder de convocatoria en la actualidad, aunque no cuenta con gobernadores, salvo Alicia Kirchner con una crisis econ\u00f3mica y pol\u00edtica muy seria. Junt\u00f3 a 50 intendentes del conurbano y 22 senadores nacionales. Pero dej\u00f3 de ser el \u201cvinagre de la ensalada\u201d a la hora de definir leyes. Ahora parece que busca abandonar \u201cla resistencia\u201d y pasar a la ofensiva. Para eso lanz\u00f3 el Frente Ciudadano con miras al 2017, dejando en claro que para el kirchnerismo la premisa es la denuncia del ajuste, pero no el protagonismo encabezando o desatando alguna lucha, all\u00ed org\u00e1nicamente no se los ve.<\/p>\n<p>La Justicia ha cobrado vigor, porque la corrupci\u00f3n es el escenario donde se dirime la disputa entre las clases dominantes, en el marco de la debacle de las pol\u00edticas llamada neo-desarrollistas de dependencia como las kirchnerista y la contraofensiva de los EEUU en Am\u00e9rica Latina.<\/p>\n<h2>Brasil: golpe institucional en marcha<\/h2>\n<p>Esa contraofensiva de los EEUU en Am\u00e9rica Latina, y el ocaso de esas pol\u00edticas neo-desarrollistas de dependencia que habl\u00e1bamos se manifiesta descarnadamente en Brasil, donde la disputa por el control del Estado, encabezada por el vicepresidente, expresi\u00f3n de sectores reaccionarios, buscan imponerse mediante un golpe institucional a los sectores de clases dominantes expresados en la pol\u00edtica de Dilma Rousseff. Nada bueno vendr\u00e1 para el pueblo, por eso damos todo nuestro apoyo a lucha de las fuerzas antiimperialistas brasileras cerrando filas a los golpistas y profundizando la lucha contra el ajuste de Dilma, forjando un camino independiente hacia la liberaci\u00f3n.<\/p>\n<p>La realidad de Brasil o Argentina tambi\u00e9n se busca imponer en Venezuela, Ecuador o Bolivia. Pero las ense\u00f1anzas parecen ser fundamentales a la hora de la crisis pol\u00edtica, ya que no se puede pretender ganar al pueblo bajo la premisa del \u201cmal menor cada vez mayor\u201d mientras se lo ajusta, precariza y se profundiza la dependencia \u201ca contrapelo\u201d del desarrollo propio de la industria, el agro y la ciencia a favor del pueblo.<\/p>\n<h2>Los despidos y tarifazos<\/h2>\n<p>En el plano nacional los tarifazos y despidos se han transformado en la cara del ajuste del gobierno de Cambiemos y el acuerdo con el conjunto de las clases dominantes, los n\u00fameros de despidos son alarmantes en estos cuatro meses: YPF 2.000; UOM 3.700; UOCRA 57.000; Estado 27.000; petroleros privados 8.300; precarizados en cooperativas alrededor de 3.500 puestos de trabajo en riesgo. Desde la CAME se habla de 122 mil puestos de trabajo menos.<\/p>\n<p>La inflaci\u00f3n no se detiene y ya se habla por medios oficiales de un 5% de inflaci\u00f3n para abril, lo que llevar\u00eda a un acumulado de entre un 18% o 20% en los cuatro meses. Los aumentos como al sector docente ya se los llev\u00f3 la inflaci\u00f3n y hace necesario acordar los salarios como los que arranc\u00f3 aceiteros (38%) y bancarios (33%) en un solo tramo pero volviendo a abrir una nueva negociaci\u00f3n en 6 meses.<\/p>\n<h2>El 1\u00b0 de Mayo en las calles<\/h2>\n<p>La lucha de los trabajadores estatales de Tierra del Fuego entr\u00f3 en su 57\u00ba d\u00eda de paro y acampe. Una lucha que, como dicen desde la Unidad de Gremios Estatales y Jubilados, cada d\u00eda que se aguanta es un d\u00eda que se avanza, ya que no han podido derrotar el programa por el que se arranc\u00f3 esta hist\u00f3rica lucha.<\/p>\n<p>Esta lucha, al igual que la heroica resistencia de los docentes santiague\u00f1os, no figura en los medios nacionales que con la corrupci\u00f3n K, que es mucha, tapan los principales medios de comunicaci\u00f3n. No figura el acampe de los docentes en Casa de Gobierno santiague\u00f1a que reciben la solidaridad y el apoyo del pueblo, como tampoco la de los docentes y estatales en Santa Cruz. Estas luchas han pasado a ser referencias para los sectores combativos y de izquierda a nivel nacional.<\/p>\n<p>Pero las centrales sindicales de las CGTs que trabajan para un acto el 29 de abril, no tienen en su agenda estos conflictos. Est\u00e1n transitando una \u201ctregua con cr\u00edticas\u201d donde se mostraran en un proceso de unificaci\u00f3n junto con las CTAs. Unificaci\u00f3n para una l\u00ednea que no palpita frente a la lucha de los estatales de Tierra del Fuego o Santiago del Estero o los 120 mil despidos, y no tienen como objetivo convocar a un paro nacional.<\/p>\n<p>Por esta raz\u00f3n no convocamos al acto del 29 de abril y concurriremos de manera independiente con los gremios que llaman a parar ese d\u00eda y vienen luchando, dando a conocer los conflictos y exigiendo un paro nacional.<\/p>\n<p>En Tierra del Fuego trabajaremos para que el acto de la Unidad de Gremios sea la verdadera expresi\u00f3n del d\u00eda del trabajador en la provincia, contra los traidores que trabajan de fuerza de choque del gobierno ajustador y los que no llaman a un paro provincial frente a los despidos en la electr\u00f3nica.<\/p>\n<p>Trabajaremos para el acto en Plaza Lorea de la corriente pol\u00edtico sindical \u201cRompiendo Cadenas\u201d y la Corriente Clasista Ren\u00e9 Salamanca, junto con expresiones de procesos y sectores que luchan, para luego concurrir al acto en Plaza de Mayo con el FIT y otros sectores combativos. As\u00ed estaremos en cada provincia garantizando los actos unitarios que expresen las luchas en curso contra los despidos, por aumento de salarios como los aceiteros y bancarios exigiendo un paro general contra el ajuste y los despidos.<br \/>\nEl 1\u00b0 de Mayo es un d\u00eda de lucha, donde la clase obrera mundial se manifiesta contra el ajuste, la entrega y la opresi\u00f3n, levantando las banderas de la emancipaci\u00f3n. Cita de honor para los comunistas revolucionarios.<\/p>\n<!-- AddThis Advanced Settings generic via filter on the_content --><!-- AddThis Share Buttons generic via filter on the_content -->","protected":false},"excerpt":{"rendered":"<p>\u201cUn pa\u00eds serio\u201d El pago a los buitres trajo la \u201cgrata\u201d noticia de que salimos del default del que hab\u00edamos entrado en el 2001. Gran \u201clogro\u201d de las clases dominantes por lo que ya recibieron ofertas para \u201cinvertir\u201d por valor que supera los 70 mil millones de d\u00f3lares. \u201cVolvimos a los mercados\u201d, \u201cahora somos un [&hellip;]<!-- AddThis Advanced Settings generic via filter on get_the_excerpt --><!-- AddThis Share Buttons generic via filter on get_the_excerpt --><\/p>\n","protected":false},"author":5,"featured_media":5622,"comment_status":"open","ping_status":"open","sticky":false,"template":"","format":"standard","meta":{"_jetpack_memberships_contains_paid_content":false,"footnotes":""},"categories":[1699],"tags":[519,86,638,251],"class_list":{"0":"post-5621","1":"post","2":"type-post","3":"status-publish","4":"format-standard","5":"has-post-thumbnail","7":"category-noticias","8":"tag-destacado","9":"tag-dia-del-trabajador","10":"tag-editorial-73","11":"tag-tierra-del-fuego"},"yoast_head":"<!-- This site is optimized with the Yoast SEO plugin v27.4 - https:\/\/yoast.com\/product\/yoast-seo-wordpress\/ -->\n<title>El 1\u00b0 de Mayo: En la calle por el paro nacional - Vamos por la Liberaci\u00f3n<\/title>\n<meta name=\"robots\" content=\"index, follow, max-snippet:-1, max-image-preview:large, max-video-preview:-1\" \/>\n<link rel=\"canonical\" href=\"https:\/\/vamosporlaliberacion.org\/crpmlm\/el-1-de-mayo-en-la-calle-por-el-paro-nacional\/\" \/>\n<meta name=\"twitter:label1\" content=\"Escrito por\" \/>\n\t<meta name=\"twitter:data1\" content=\"\" \/>\n\t<meta name=\"twitter:label2\" content=\"Tiempo de lectura\" \/>\n\t<meta name=\"twitter:data2\" content=\"7 minutos\" \/>\n<script type=\"application\/ld+json\" class=\"yoast-schema-graph\">{\"@context\":\"https:\\\/\\\/schema.org\",\"@graph\":[{\"@type\":\"Article\",\"@id\":\"https:\\\/\\\/vamosporlaliberacion.org\\\/crpmlm\\\/el-1-de-mayo-en-la-calle-por-el-paro-nacional\\\/#article\",\"isPartOf\":{\"@id\":\"https:\\\/\\\/vamosporlaliberacion.org\\\/crpmlm\\\/el-1-de-mayo-en-la-calle-por-el-paro-nacional\\\/\"},\"author\":{\"name\":\"\",\"@id\":\"\"},\"headline\":\"El 1\u00b0 de Mayo: En la calle por el paro nacional\",\"datePublished\":\"2016-04-26T14:01:15+00:00\",\"dateModified\":\"2016-04-27T17:04:07+00:00\",\"mainEntityOfPage\":{\"@id\":\"https:\\\/\\\/vamosporlaliberacion.org\\\/crpmlm\\\/el-1-de-mayo-en-la-calle-por-el-paro-nacional\\\/\"},\"wordCount\":1421,\"commentCount\":0,\"image\":{\"@id\":\"https:\\\/\\\/vamosporlaliberacion.org\\\/crpmlm\\\/el-1-de-mayo-en-la-calle-por-el-paro-nacional\\\/#primaryimage\"},\"thumbnailUrl\":\"https:\\\/\\\/i0.wp.com\\\/vamosporlaliberacion.org\\\/crpmlm\\\/wp-content\\\/uploads\\\/2016\\\/04\\\/373-acampe-de-gremios-estatales-frente-a-casa-de-gobierno.jpg?fit=1688%2C950&ssl=1\",\"keywords\":[\"destacado\",\"d\u00eda del trabajador\",\"editorial 73\",\"Tierra del Fuego\"],\"articleSection\":[\"Noticias\"],\"inLanguage\":\"es\",\"potentialAction\":[{\"@type\":\"CommentAction\",\"name\":\"Comment\",\"target\":[\"https:\\\/\\\/vamosporlaliberacion.org\\\/crpmlm\\\/el-1-de-mayo-en-la-calle-por-el-paro-nacional\\\/#respond\"]}]},{\"@type\":\"WebPage\",\"@id\":\"https:\\\/\\\/vamosporlaliberacion.org\\\/crpmlm\\\/el-1-de-mayo-en-la-calle-por-el-paro-nacional\\\/\",\"url\":\"https:\\\/\\\/vamosporlaliberacion.org\\\/crpmlm\\\/el-1-de-mayo-en-la-calle-por-el-paro-nacional\\\/\",\"name\":\"El 1\u00b0 de Mayo: En la calle por el paro nacional - Vamos por la Liberaci\u00f3n\",\"isPartOf\":{\"@id\":\"https:\\\/\\\/vamosporlaliberacion.org\\\/crpmlm\\\/#website\"},\"primaryImageOfPage\":{\"@id\":\"https:\\\/\\\/vamosporlaliberacion.org\\\/crpmlm\\\/el-1-de-mayo-en-la-calle-por-el-paro-nacional\\\/#primaryimage\"},\"image\":{\"@id\":\"https:\\\/\\\/vamosporlaliberacion.org\\\/crpmlm\\\/el-1-de-mayo-en-la-calle-por-el-paro-nacional\\\/#primaryimage\"},\"thumbnailUrl\":\"https:\\\/\\\/i0.wp.com\\\/vamosporlaliberacion.org\\\/crpmlm\\\/wp-content\\\/uploads\\\/2016\\\/04\\\/373-acampe-de-gremios-estatales-frente-a-casa-de-gobierno.jpg?fit=1688%2C950&ssl=1\",\"datePublished\":\"2016-04-26T14:01:15+00:00\",\"dateModified\":\"2016-04-27T17:04:07+00:00\",\"author\":{\"@id\":\"\"},\"breadcrumb\":{\"@id\":\"https:\\\/\\\/vamosporlaliberacion.org\\\/crpmlm\\\/el-1-de-mayo-en-la-calle-por-el-paro-nacional\\\/#breadcrumb\"},\"inLanguage\":\"es\",\"potentialAction\":[{\"@type\":\"ReadAction\",\"target\":[\"https:\\\/\\\/vamosporlaliberacion.org\\\/crpmlm\\\/el-1-de-mayo-en-la-calle-por-el-paro-nacional\\\/\"]}]},{\"@type\":\"ImageObject\",\"inLanguage\":\"es\",\"@id\":\"https:\\\/\\\/vamosporlaliberacion.org\\\/crpmlm\\\/el-1-de-mayo-en-la-calle-por-el-paro-nacional\\\/#primaryimage\",\"url\":\"https:\\\/\\\/i0.wp.com\\\/vamosporlaliberacion.org\\\/crpmlm\\\/wp-content\\\/uploads\\\/2016\\\/04\\\/373-acampe-de-gremios-estatales-frente-a-casa-de-gobierno.jpg?fit=1688%2C950&ssl=1\",\"contentUrl\":\"https:\\\/\\\/i0.wp.com\\\/vamosporlaliberacion.org\\\/crpmlm\\\/wp-content\\\/uploads\\\/2016\\\/04\\\/373-acampe-de-gremios-estatales-frente-a-casa-de-gobierno.jpg?fit=1688%2C950&ssl=1\",\"width\":1688,\"height\":950,\"caption\":\"Los estatales fueguinos llevan m\u00e1s de 50 d\u00edas de paro y acampe.\"},{\"@type\":\"BreadcrumbList\",\"@id\":\"https:\\\/\\\/vamosporlaliberacion.org\\\/crpmlm\\\/el-1-de-mayo-en-la-calle-por-el-paro-nacional\\\/#breadcrumb\",\"itemListElement\":[{\"@type\":\"ListItem\",\"position\":1,\"name\":\"Portada\",\"item\":\"https:\\\/\\\/vamosporlaliberacion.org\\\/crpmlm\\\/\"},{\"@type\":\"ListItem\",\"position\":2,\"name\":\"El 1\u00b0 de Mayo: En la calle por el paro nacional\"}]},{\"@type\":\"WebSite\",\"@id\":\"https:\\\/\\\/vamosporlaliberacion.org\\\/crpmlm\\\/#website\",\"url\":\"https:\\\/\\\/vamosporlaliberacion.org\\\/crpmlm\\\/\",\"name\":\"Vamos por la Liberaci\u00f3n\",\"description\":\"Prensa CR\",\"potentialAction\":[{\"@type\":\"SearchAction\",\"target\":{\"@type\":\"EntryPoint\",\"urlTemplate\":\"https:\\\/\\\/vamosporlaliberacion.org\\\/crpmlm\\\/?s={search_term_string}\"},\"query-input\":{\"@type\":\"PropertyValueSpecification\",\"valueRequired\":true,\"valueName\":\"search_term_string\"}}],\"inLanguage\":\"es\"},{\"@type\":\"Person\",\"@id\":\"\",\"url\":\"https:\\\/\\\/vamosporlaliberacion.org\\\/crpmlm\\\/author\\\/\"}]}<\/script>\n<!-- \/ Yoast SEO plugin. -->","yoast_head_json":{"title":"El 1\u00b0 de Mayo: En la calle por el paro nacional - Vamos por la Liberaci\u00f3n","robots":{"index":"index","follow":"follow","max-snippet":"max-snippet:-1","max-image-preview":"max-image-preview:large","max-video-preview":"max-video-preview:-1"},"canonical":"https:\/\/vamosporlaliberacion.org\/crpmlm\/el-1-de-mayo-en-la-calle-por-el-paro-nacional\/","twitter_misc":{"Escrito por":"","Tiempo de lectura":"7 minutos"},"schema":{"@context":"https:\/\/schema.org","@graph":[{"@type":"Article","@id":"https:\/\/vamosporlaliberacion.org\/crpmlm\/el-1-de-mayo-en-la-calle-por-el-paro-nacional\/#article","isPartOf":{"@id":"https:\/\/vamosporlaliberacion.org\/crpmlm\/el-1-de-mayo-en-la-calle-por-el-paro-nacional\/"},"author":{"name":"","@id":""},"headline":"El 1\u00b0 de Mayo: En la calle por el paro nacional","datePublished":"2016-04-26T14:01:15+00:00","dateModified":"2016-04-27T17:04:07+00:00","mainEntityOfPage":{"@id":"https:\/\/vamosporlaliberacion.org\/crpmlm\/el-1-de-mayo-en-la-calle-por-el-paro-nacional\/"},"wordCount":1421,"commentCount":0,"image":{"@id":"https:\/\/vamosporlaliberacion.org\/crpmlm\/el-1-de-mayo-en-la-calle-por-el-paro-nacional\/#primaryimage"},"thumbnailUrl":"https:\/\/i0.wp.com\/vamosporlaliberacion.org\/crpmlm\/wp-content\/uploads\/2016\/04\/373-acampe-de-gremios-estatales-frente-a-casa-de-gobierno.jpg?fit=1688%2C950&ssl=1","keywords":["destacado","d\u00eda del trabajador","editorial 73","Tierra del Fuego"],"articleSection":["Noticias"],"inLanguage":"es","potentialAction":[{"@type":"CommentAction","name":"Comment","target":["https:\/\/vamosporlaliberacion.org\/crpmlm\/el-1-de-mayo-en-la-calle-por-el-paro-nacional\/#respond"]}]},{"@type":"WebPage","@id":"https:\/\/vamosporlaliberacion.org\/crpmlm\/el-1-de-mayo-en-la-calle-por-el-paro-nacional\/","url":"https:\/\/vamosporlaliberacion.org\/crpmlm\/el-1-de-mayo-en-la-calle-por-el-paro-nacional\/","name":"El 1\u00b0 de Mayo: En la calle por el paro nacional - Vamos por la Liberaci\u00f3n","isPartOf":{"@id":"https:\/\/vamosporlaliberacion.org\/crpmlm\/#website"},"primaryImageOfPage":{"@id":"https:\/\/vamosporlaliberacion.org\/crpmlm\/el-1-de-mayo-en-la-calle-por-el-paro-nacional\/#primaryimage"},"image":{"@id":"https:\/\/vamosporlaliberacion.org\/crpmlm\/el-1-de-mayo-en-la-calle-por-el-paro-nacional\/#primaryimage"},"thumbnailUrl":"https:\/\/i0.wp.com\/vamosporlaliberacion.org\/crpmlm\/wp-content\/uploads\/2016\/04\/373-acampe-de-gremios-estatales-frente-a-casa-de-gobierno.jpg?fit=1688%2C950&ssl=1","datePublished":"2016-04-26T14:01:15+00:00","dateModified":"2016-04-27T17:04:07+00:00","author":{"@id":""},"breadcrumb":{"@id":"https:\/\/vamosporlaliberacion.org\/crpmlm\/el-1-de-mayo-en-la-calle-por-el-paro-nacional\/#breadcrumb"},"inLanguage":"es","potentialAction":[{"@type":"ReadAction","target":["https:\/\/vamosporlaliberacion.org\/crpmlm\/el-1-de-mayo-en-la-calle-por-el-paro-nacional\/"]}]},{"@type":"ImageObject","inLanguage":"es","@id":"https:\/\/vamosporlaliberacion.org\/crpmlm\/el-1-de-mayo-en-la-calle-por-el-paro-nacional\/#primaryimage","url":"https:\/\/i0.wp.com\/vamosporlaliberacion.org\/crpmlm\/wp-content\/uploads\/2016\/04\/373-acampe-de-gremios-estatales-frente-a-casa-de-gobierno.jpg?fit=1688%2C950&ssl=1","contentUrl":"https:\/\/i0.wp.com\/vamosporlaliberacion.org\/crpmlm\/wp-content\/uploads\/2016\/04\/373-acampe-de-gremios-estatales-frente-a-casa-de-gobierno.jpg?fit=1688%2C950&ssl=1","width":1688,"height":950,"caption":"Los estatales fueguinos llevan m\u00e1s de 50 d\u00edas de paro y acampe."},{"@type":"BreadcrumbList","@id":"https:\/\/vamosporlaliberacion.org\/crpmlm\/el-1-de-mayo-en-la-calle-por-el-paro-nacional\/#breadcrumb","itemListElement":[{"@type":"ListItem","position":1,"name":"Portada","item":"https:\/\/vamosporlaliberacion.org\/crpmlm\/"},{"@type":"ListItem","position":2,"name":"El 1\u00b0 de Mayo: En la calle por el paro nacional"}]},{"@type":"WebSite","@id":"https:\/\/vamosporlaliberacion.org\/crpmlm\/#website","url":"https:\/\/vamosporlaliberacion.org\/crpmlm\/","name":"Vamos por la Liberaci\u00f3n","description":"Prensa CR","potentialAction":[{"@type":"SearchAction","target":{"@type":"EntryPoint","urlTemplate":"https:\/\/vamosporlaliberacion.org\/crpmlm\/?s={search_term_string}"},"query-input":{"@type":"PropertyValueSpecification","valueRequired":true,"valueName":"search_term_string"}}],"inLanguage":"es"},{"@type":"Person","@id":"","url":"https:\/\/vamosporlaliberacion.org\/crpmlm\/author\/"}]}},"jetpack_featured_media_url":"https:\/\/i0.wp.com\/vamosporlaliberacion.org\/crpmlm\/wp-content\/uploads\/2016\/04\/373-acampe-de-gremios-estatales-frente-a-casa-de-gobierno.jpg?fit=1688%2C950&ssl=1","jetpack_sharing_enabled":true,"_links":{"self":[{"href":"https:\/\/vamosporlaliberacion.org\/crpmlm\/wp-json\/wp\/v2\/posts\/5621","targetHints":{"allow":["GET"]}}],"collection":[{"href":"https:\/\/vamosporlaliberacion.org\/crpmlm\/wp-json\/wp\/v2\/posts"}],"about":[{"href":"https:\/\/vamosporlaliberacion.org\/crpmlm\/wp-json\/wp\/v2\/types\/post"}],"author":[{"embeddable":true,"href":"https:\/\/vamosporlaliberacion.org\/crpmlm\/wp-json\/wp\/v2\/users\/5"}],"replies":[{"embeddable":true,"href":"https:\/\/vamosporlaliberacion.org\/crpmlm\/wp-json\/wp\/v2\/comments?post=5621"}],"version-history":[{"count":0,"href":"https:\/\/vamosporlaliberacion.org\/crpmlm\/wp-json\/wp\/v2\/posts\/5621\/revisions"}],"wp:featuredmedia":[{"embeddable":true,"href":"https:\/\/vamosporlaliberacion.org\/crpmlm\/wp-json\/wp\/v2\/media\/5622"}],"wp:attachment":[{"href":"https:\/\/vamosporlaliberacion.org\/crpmlm\/wp-json\/wp\/v2\/media?parent=5621"}],"wp:term":[{"taxonomy":"category","embeddable":true,"href":"https:\/\/vamosporlaliberacion.org\/crpmlm\/wp-json\/wp\/v2\/categories?post=5621"},{"taxonomy":"post_tag","embeddable":true,"href":"https:\/\/vamosporlaliberacion.org\/crpmlm\/wp-json\/wp\/v2\/tags?post=5621"}],"curies":[{"name":"wp","href":"https:\/\/api.w.org\/{rel}","templated":true}]}}