{"id":5385,"date":"2016-04-12T14:05:23","date_gmt":"2016-04-12T17:05:23","guid":{"rendered":"http:\/\/vamosporlaliberacion.org\/crpmlm\/?p=5385"},"modified":"2020-11-05T19:20:03","modified_gmt":"2020-11-05T22:20:03","slug":"ensenando-en-la-calle-y-en-la-ruta","status":"publish","type":"post","link":"https:\/\/vamosporlaliberacion.org\/crpmlm\/ensenando-en-la-calle-y-en-la-ruta\/","title":{"rendered":"Ense\u00f1ando en la calle y en la ruta"},"content":{"rendered":"<p>En el marco del paro nacional del 4 de abril, en un nuevo aniversario del asesinato de Carlos Fuentealba, los docentes santiague\u00f1os volvieron a llenar las calles con el reclamo que sostienen desde el (no) inicio de las clases: blanqueo del salario incorporando las sumas \u201cno remunerativas\u201d al b\u00e1sico, entre otros reclamos. M\u00e1s all\u00e1 de la sordera y aprietes del gobierno, ya es una lucha hist\u00f3rica que muestra el nuevo per\u00edodo pol\u00edtico que se ha entrado no s\u00f3lo en la provincia.<\/p>\n<h3>-Tras m\u00e1s de un mes de reclamo docente, \u00bfqu\u00e9 respuesta ha dado el gobierno?<\/h3>\n<p>-Oficialmente ha habido una comunicaci\u00f3n del gobierno provincial a lo que son las entidades gremiales de la Mesa de Coordinaci\u00f3n invit\u00e1ndolos a dialogar en el \u00e1mbito de lo que ser\u00eda la Mesa de Di\u00e1logo y de Trabajo, que por supuesto se la viene repudiando hace a\u00f1os porque no permite eso la apertura de paritarias. En esa invitaci\u00f3n al di\u00e1logo, tambi\u00e9n se hab\u00eda puesto la condici\u00f3n de que se levante todas las medidas de fuerza y de que no se discuta en relaci\u00f3n al tema salarial. Dentro de lo que es la Mesa de Coordinaci\u00f3n, de organizaciones que vienen llevando adelante las medidas, no aceptan el pedido del gobierno a sentarnos en esas condiciones y se mantiene lo que es el paro por tiempo indeterminado y las medidas de lucha.<\/p>\n<p>Uno de los gremios, el Sisadoc que hasta el 2011 hab\u00eda participado en la Mesa de Di\u00e1logo y que hoy estaba en lucha sin convocar al paro pero participando de las marchas y siendo parte de la coordinaci\u00f3n, acept\u00f3 ir a una audiencia con el gobierno el lunes de la semana pasada. Luego de esa audiencia, que dur\u00f3 pr\u00e1cticamente tres horas con la ministra de Educaci\u00f3n, el ministro de Trabajo y el jefe de Gabinete, este gremio dijo haber planteado cu\u00e1l era la situaci\u00f3n en la que estaba la docencia santiague\u00f1a. El jefe de Gabinete qued\u00f3 que iba a comunicar a la gobernadora esta situaci\u00f3n y este gremio le dio tiempo al gobierno hasta el viernes 8 de poder responder. Obviamente, la respuesta que ha recibido el viernes 8 es que no hay respuesta todav\u00eda sobre el problema salarial.<\/p>\n<h3>-\u00bfQui\u00e9nes est\u00e1n en la Mesa de Coordinaci\u00f3n?<\/h3>\n<p>-Despu\u00e9s de la salida de Sisadoc quedan Cisadems, que es un gremio docente, la CTA, ADEM de las maestras jardineras, nosotros como Autoconvocados, Tribuna Docente, Docentes en Marcha y Alternativa Docente.<\/p>\n<h3>-\u00bfQu\u00e9 debaten entre los docentes sobre c\u00f3mo seguir?<\/h3>\n<p>-La salida de Sisadoc de la Mesa de Coordinaci\u00f3n y el llamado al falso di\u00e1logo ha generado mucho debate entre la masa docente en pie de lucha. En todo un sector del interior de la provincia el di\u00e1logo del gobierno con Sisadoc, que no es el m\u00e1s representativo, gener\u00f3 cierta expectativa de poder resolver la situaci\u00f3n. Tengamos en cuenta que venimos de 40 d\u00edas de paro con descuentos. Entonces las espaldas de mucho docentes para aguantar los descuentos, los aprietes e incluso las amenazas de muerte generan una situaci\u00f3n de necesidad de respuesta.<\/p>\n<p>Creo que eso se sald\u00f3 el viernes porque volvi\u00f3 a responder que no tiene respuestas. Entonces este lunes hay una nueva marcha provincial en donde la mayor\u00eda de los docentes est\u00e1 convencido que hay una necesidad de forzar a este gobierno para poder generar una situaci\u00f3n de di\u00e1logo real. El di\u00e1logo es con una propuesta concreta a lo que nosotros estamos planteando. El aumento del b\u00e1sico que nosotros tenemos en la provincia debe ser realizado a trav\u00e9s de las siete cifras en negro.<\/p>\n<p>El otro debate es c\u00f3mo seguimos. Hay un debate sobre si esta es una lucha corta o larga y sobre cu\u00e1les son las estrategias de lucha y de organizaci\u00f3n de la docencia que debemos tener en esta lucha larga por ganar el blanqueo de nuestro sueldo.<\/p>\n<h3>-\u00bfQu\u00e9 rol viene cumpliendo Docentes Autoconvocados entre los docentes?<\/h3>\n<p>-Autoconvocados nace como una necesidad propia de los docentes de Santiago del Estero. La mayor\u00eda de los docentes de primaria no se encuentran agremiados. Por lo tanto hay una necesidad de salir a luchar y de referenciarse en alguna organizaci\u00f3n que permita discutir c\u00f3mo nos organizamos para poder luchar. En Autoconvocados hay docentes agremiados y no agremiados. Hay un sector que participa en las asambleas de Cisadems. El rol que tuvo fue creciendo al calor de la lucha docente porque la docencia en su conjunto se fue referenciando, porque es un sector que va a fondo, que no vacilaba y que siempre respondi\u00f3 a los intereses del conjunto de la docencia. Autoconvocados permiti\u00f3 organizarse en cada localidad y buscar modalidades propias de lucha que por ah\u00ed no eran contempladas dentro de lo que era el gremio.<\/p>\n<h3>-\u00bfC\u00f3mo analizas el grado de organizaci\u00f3n de los docentes?<\/h3>\n<p>-Esta es una lucha hist\u00f3rica. Los departamentos y las distintas localidades pudieron organizarse al margen de todas las estructuras actuales, con delegados por zona que le van permitiendo discutir cuales son las pr\u00f3ximas estrategias de lucha y c\u00f3mo ir coordinando con los otros departamentos. El conjunto fue tomando en sus manos las decisiones y en este camino vamos madurando que es un proceso que lo estamos iniciando. No se hubiera aguantado 40 d\u00edas de paro si no hubiera sido por el nivel de organizaci\u00f3n que se logr\u00f3 en cada lugar.<\/p>\n<!-- AddThis Advanced Settings generic via filter on the_content --><!-- AddThis Share Buttons generic via filter on the_content -->","protected":false},"excerpt":{"rendered":"<p>En el marco del paro nacional del 4 de abril, en un nuevo aniversario del asesinato de Carlos Fuentealba, los docentes santiague\u00f1os volvieron a llenar las calles con el reclamo que sostienen desde el (no) inicio de las clases: blanqueo del salario incorporando las sumas \u201cno remunerativas\u201d al b\u00e1sico, entre otros reclamos. M\u00e1s all\u00e1 de [&hellip;]<!-- AddThis Advanced Settings generic via filter on get_the_excerpt --><!-- AddThis Share Buttons generic via filter on get_the_excerpt --><\/p>\n","protected":false},"author":5,"featured_media":5386,"comment_status":"open","ping_status":"open","sticky":false,"template":"","format":"standard","meta":{"_jetpack_memberships_contains_paid_content":false,"footnotes":""},"categories":[1877],"tags":[514,519,542,228,609],"class_list":{"0":"post-5385","1":"post","2":"type-post","3":"status-publish","4":"format-standard","5":"has-post-thumbnail","7":"category-gremiales","8":"tag-ajuste","9":"tag-destacado","10":"tag-paritarias","11":"tag-santiago-del-estero","12":"tag-vxl-72"},"yoast_head":"<!-- This site is optimized with the Yoast SEO plugin v27.4 - https:\/\/yoast.com\/product\/yoast-seo-wordpress\/ -->\n<title>Ense\u00f1ando en la calle y en la ruta - Vamos por la Liberaci\u00f3n<\/title>\n<meta name=\"robots\" content=\"index, follow, max-snippet:-1, max-image-preview:large, max-video-preview:-1\" \/>\n<link rel=\"canonical\" href=\"https:\/\/vamosporlaliberacion.org\/crpmlm\/ensenando-en-la-calle-y-en-la-ruta\/\" \/>\n<meta name=\"twitter:label1\" content=\"Escrito por\" \/>\n\t<meta name=\"twitter:data1\" content=\"\" \/>\n\t<meta name=\"twitter:label2\" content=\"Tiempo de lectura\" \/>\n\t<meta name=\"twitter:data2\" content=\"5 minutos\" \/>\n<script type=\"application\/ld+json\" class=\"yoast-schema-graph\">{\"@context\":\"https:\\\/\\\/schema.org\",\"@graph\":[{\"@type\":\"Article\",\"@id\":\"https:\\\/\\\/vamosporlaliberacion.org\\\/crpmlm\\\/ensenando-en-la-calle-y-en-la-ruta\\\/#article\",\"isPartOf\":{\"@id\":\"https:\\\/\\\/vamosporlaliberacion.org\\\/crpmlm\\\/ensenando-en-la-calle-y-en-la-ruta\\\/\"},\"author\":{\"name\":\"\",\"@id\":\"\"},\"headline\":\"Ense\u00f1ando en la calle y en la ruta\",\"datePublished\":\"2016-04-12T17:05:23+00:00\",\"dateModified\":\"2020-11-05T22:20:03+00:00\",\"mainEntityOfPage\":{\"@id\":\"https:\\\/\\\/vamosporlaliberacion.org\\\/crpmlm\\\/ensenando-en-la-calle-y-en-la-ruta\\\/\"},\"wordCount\":944,\"commentCount\":0,\"image\":{\"@id\":\"https:\\\/\\\/vamosporlaliberacion.org\\\/crpmlm\\\/ensenando-en-la-calle-y-en-la-ruta\\\/#primaryimage\"},\"thumbnailUrl\":\"https:\\\/\\\/i0.wp.com\\\/vamosporlaliberacion.org\\\/crpmlm\\\/wp-content\\\/uploads\\\/2016\\\/04\\\/12909686_1061239077272100_634844802405551625_o-2-4-en-termas.jpg?fit=1368%2C912&ssl=1\",\"keywords\":[\"ajuste\",\"destacado\",\"paritarias\",\"Santiago del Estero\",\"vxl 72\"],\"articleSection\":[\"Actualidad e historia del movimiento obrero\"],\"inLanguage\":\"es\",\"potentialAction\":[{\"@type\":\"CommentAction\",\"name\":\"Comment\",\"target\":[\"https:\\\/\\\/vamosporlaliberacion.org\\\/crpmlm\\\/ensenando-en-la-calle-y-en-la-ruta\\\/#respond\"]}]},{\"@type\":\"WebPage\",\"@id\":\"https:\\\/\\\/vamosporlaliberacion.org\\\/crpmlm\\\/ensenando-en-la-calle-y-en-la-ruta\\\/\",\"url\":\"https:\\\/\\\/vamosporlaliberacion.org\\\/crpmlm\\\/ensenando-en-la-calle-y-en-la-ruta\\\/\",\"name\":\"Ense\u00f1ando en la calle y en la ruta - Vamos por la Liberaci\u00f3n\",\"isPartOf\":{\"@id\":\"https:\\\/\\\/vamosporlaliberacion.org\\\/crpmlm\\\/#website\"},\"primaryImageOfPage\":{\"@id\":\"https:\\\/\\\/vamosporlaliberacion.org\\\/crpmlm\\\/ensenando-en-la-calle-y-en-la-ruta\\\/#primaryimage\"},\"image\":{\"@id\":\"https:\\\/\\\/vamosporlaliberacion.org\\\/crpmlm\\\/ensenando-en-la-calle-y-en-la-ruta\\\/#primaryimage\"},\"thumbnailUrl\":\"https:\\\/\\\/i0.wp.com\\\/vamosporlaliberacion.org\\\/crpmlm\\\/wp-content\\\/uploads\\\/2016\\\/04\\\/12909686_1061239077272100_634844802405551625_o-2-4-en-termas.jpg?fit=1368%2C912&ssl=1\",\"datePublished\":\"2016-04-12T17:05:23+00:00\",\"dateModified\":\"2020-11-05T22:20:03+00:00\",\"author\":{\"@id\":\"\"},\"breadcrumb\":{\"@id\":\"https:\\\/\\\/vamosporlaliberacion.org\\\/crpmlm\\\/ensenando-en-la-calle-y-en-la-ruta\\\/#breadcrumb\"},\"inLanguage\":\"es\",\"potentialAction\":[{\"@type\":\"ReadAction\",\"target\":[\"https:\\\/\\\/vamosporlaliberacion.org\\\/crpmlm\\\/ensenando-en-la-calle-y-en-la-ruta\\\/\"]}]},{\"@type\":\"ImageObject\",\"inLanguage\":\"es\",\"@id\":\"https:\\\/\\\/vamosporlaliberacion.org\\\/crpmlm\\\/ensenando-en-la-calle-y-en-la-ruta\\\/#primaryimage\",\"url\":\"https:\\\/\\\/i0.wp.com\\\/vamosporlaliberacion.org\\\/crpmlm\\\/wp-content\\\/uploads\\\/2016\\\/04\\\/12909686_1061239077272100_634844802405551625_o-2-4-en-termas.jpg?fit=1368%2C912&ssl=1\",\"contentUrl\":\"https:\\\/\\\/i0.wp.com\\\/vamosporlaliberacion.org\\\/crpmlm\\\/wp-content\\\/uploads\\\/2016\\\/04\\\/12909686_1061239077272100_634844802405551625_o-2-4-en-termas.jpg?fit=1368%2C912&ssl=1\",\"width\":1368,\"height\":912,\"caption\":\"Masiva. As\u00ed fue la marcha en Termas de R\u00edo Hondo el 2 de abril mientras all\u00ed se llevaba a cabo el Moto GP.\"},{\"@type\":\"BreadcrumbList\",\"@id\":\"https:\\\/\\\/vamosporlaliberacion.org\\\/crpmlm\\\/ensenando-en-la-calle-y-en-la-ruta\\\/#breadcrumb\",\"itemListElement\":[{\"@type\":\"ListItem\",\"position\":1,\"name\":\"Portada\",\"item\":\"https:\\\/\\\/vamosporlaliberacion.org\\\/crpmlm\\\/\"},{\"@type\":\"ListItem\",\"position\":2,\"name\":\"Ense\u00f1ando en la calle y en la ruta\"}]},{\"@type\":\"WebSite\",\"@id\":\"https:\\\/\\\/vamosporlaliberacion.org\\\/crpmlm\\\/#website\",\"url\":\"https:\\\/\\\/vamosporlaliberacion.org\\\/crpmlm\\\/\",\"name\":\"Vamos por la Liberaci\u00f3n\",\"description\":\"Prensa CR\",\"potentialAction\":[{\"@type\":\"SearchAction\",\"target\":{\"@type\":\"EntryPoint\",\"urlTemplate\":\"https:\\\/\\\/vamosporlaliberacion.org\\\/crpmlm\\\/?s={search_term_string}\"},\"query-input\":{\"@type\":\"PropertyValueSpecification\",\"valueRequired\":true,\"valueName\":\"search_term_string\"}}],\"inLanguage\":\"es\"},{\"@type\":\"Person\",\"@id\":\"\",\"url\":\"https:\\\/\\\/vamosporlaliberacion.org\\\/crpmlm\\\/author\\\/\"}]}<\/script>\n<!-- \/ Yoast SEO plugin. -->","yoast_head_json":{"title":"Ense\u00f1ando en la calle y en la ruta - Vamos por la Liberaci\u00f3n","robots":{"index":"index","follow":"follow","max-snippet":"max-snippet:-1","max-image-preview":"max-image-preview:large","max-video-preview":"max-video-preview:-1"},"canonical":"https:\/\/vamosporlaliberacion.org\/crpmlm\/ensenando-en-la-calle-y-en-la-ruta\/","twitter_misc":{"Escrito por":"","Tiempo de lectura":"5 minutos"},"schema":{"@context":"https:\/\/schema.org","@graph":[{"@type":"Article","@id":"https:\/\/vamosporlaliberacion.org\/crpmlm\/ensenando-en-la-calle-y-en-la-ruta\/#article","isPartOf":{"@id":"https:\/\/vamosporlaliberacion.org\/crpmlm\/ensenando-en-la-calle-y-en-la-ruta\/"},"author":{"name":"","@id":""},"headline":"Ense\u00f1ando en la calle y en la ruta","datePublished":"2016-04-12T17:05:23+00:00","dateModified":"2020-11-05T22:20:03+00:00","mainEntityOfPage":{"@id":"https:\/\/vamosporlaliberacion.org\/crpmlm\/ensenando-en-la-calle-y-en-la-ruta\/"},"wordCount":944,"commentCount":0,"image":{"@id":"https:\/\/vamosporlaliberacion.org\/crpmlm\/ensenando-en-la-calle-y-en-la-ruta\/#primaryimage"},"thumbnailUrl":"https:\/\/i0.wp.com\/vamosporlaliberacion.org\/crpmlm\/wp-content\/uploads\/2016\/04\/12909686_1061239077272100_634844802405551625_o-2-4-en-termas.jpg?fit=1368%2C912&ssl=1","keywords":["ajuste","destacado","paritarias","Santiago del Estero","vxl 72"],"articleSection":["Actualidad e historia del movimiento obrero"],"inLanguage":"es","potentialAction":[{"@type":"CommentAction","name":"Comment","target":["https:\/\/vamosporlaliberacion.org\/crpmlm\/ensenando-en-la-calle-y-en-la-ruta\/#respond"]}]},{"@type":"WebPage","@id":"https:\/\/vamosporlaliberacion.org\/crpmlm\/ensenando-en-la-calle-y-en-la-ruta\/","url":"https:\/\/vamosporlaliberacion.org\/crpmlm\/ensenando-en-la-calle-y-en-la-ruta\/","name":"Ense\u00f1ando en la calle y en la ruta - Vamos por la Liberaci\u00f3n","isPartOf":{"@id":"https:\/\/vamosporlaliberacion.org\/crpmlm\/#website"},"primaryImageOfPage":{"@id":"https:\/\/vamosporlaliberacion.org\/crpmlm\/ensenando-en-la-calle-y-en-la-ruta\/#primaryimage"},"image":{"@id":"https:\/\/vamosporlaliberacion.org\/crpmlm\/ensenando-en-la-calle-y-en-la-ruta\/#primaryimage"},"thumbnailUrl":"https:\/\/i0.wp.com\/vamosporlaliberacion.org\/crpmlm\/wp-content\/uploads\/2016\/04\/12909686_1061239077272100_634844802405551625_o-2-4-en-termas.jpg?fit=1368%2C912&ssl=1","datePublished":"2016-04-12T17:05:23+00:00","dateModified":"2020-11-05T22:20:03+00:00","author":{"@id":""},"breadcrumb":{"@id":"https:\/\/vamosporlaliberacion.org\/crpmlm\/ensenando-en-la-calle-y-en-la-ruta\/#breadcrumb"},"inLanguage":"es","potentialAction":[{"@type":"ReadAction","target":["https:\/\/vamosporlaliberacion.org\/crpmlm\/ensenando-en-la-calle-y-en-la-ruta\/"]}]},{"@type":"ImageObject","inLanguage":"es","@id":"https:\/\/vamosporlaliberacion.org\/crpmlm\/ensenando-en-la-calle-y-en-la-ruta\/#primaryimage","url":"https:\/\/i0.wp.com\/vamosporlaliberacion.org\/crpmlm\/wp-content\/uploads\/2016\/04\/12909686_1061239077272100_634844802405551625_o-2-4-en-termas.jpg?fit=1368%2C912&ssl=1","contentUrl":"https:\/\/i0.wp.com\/vamosporlaliberacion.org\/crpmlm\/wp-content\/uploads\/2016\/04\/12909686_1061239077272100_634844802405551625_o-2-4-en-termas.jpg?fit=1368%2C912&ssl=1","width":1368,"height":912,"caption":"Masiva. As\u00ed fue la marcha en Termas de R\u00edo Hondo el 2 de abril mientras all\u00ed se llevaba a cabo el Moto GP."},{"@type":"BreadcrumbList","@id":"https:\/\/vamosporlaliberacion.org\/crpmlm\/ensenando-en-la-calle-y-en-la-ruta\/#breadcrumb","itemListElement":[{"@type":"ListItem","position":1,"name":"Portada","item":"https:\/\/vamosporlaliberacion.org\/crpmlm\/"},{"@type":"ListItem","position":2,"name":"Ense\u00f1ando en la calle y en la ruta"}]},{"@type":"WebSite","@id":"https:\/\/vamosporlaliberacion.org\/crpmlm\/#website","url":"https:\/\/vamosporlaliberacion.org\/crpmlm\/","name":"Vamos por la Liberaci\u00f3n","description":"Prensa CR","potentialAction":[{"@type":"SearchAction","target":{"@type":"EntryPoint","urlTemplate":"https:\/\/vamosporlaliberacion.org\/crpmlm\/?s={search_term_string}"},"query-input":{"@type":"PropertyValueSpecification","valueRequired":true,"valueName":"search_term_string"}}],"inLanguage":"es"},{"@type":"Person","@id":"","url":"https:\/\/vamosporlaliberacion.org\/crpmlm\/author\/"}]}},"jetpack_featured_media_url":"https:\/\/i0.wp.com\/vamosporlaliberacion.org\/crpmlm\/wp-content\/uploads\/2016\/04\/12909686_1061239077272100_634844802405551625_o-2-4-en-termas.jpg?fit=1368%2C912&ssl=1","jetpack_sharing_enabled":true,"_links":{"self":[{"href":"https:\/\/vamosporlaliberacion.org\/crpmlm\/wp-json\/wp\/v2\/posts\/5385","targetHints":{"allow":["GET"]}}],"collection":[{"href":"https:\/\/vamosporlaliberacion.org\/crpmlm\/wp-json\/wp\/v2\/posts"}],"about":[{"href":"https:\/\/vamosporlaliberacion.org\/crpmlm\/wp-json\/wp\/v2\/types\/post"}],"author":[{"embeddable":true,"href":"https:\/\/vamosporlaliberacion.org\/crpmlm\/wp-json\/wp\/v2\/users\/5"}],"replies":[{"embeddable":true,"href":"https:\/\/vamosporlaliberacion.org\/crpmlm\/wp-json\/wp\/v2\/comments?post=5385"}],"version-history":[{"count":1,"href":"https:\/\/vamosporlaliberacion.org\/crpmlm\/wp-json\/wp\/v2\/posts\/5385\/revisions"}],"predecessor-version":[{"id":21690,"href":"https:\/\/vamosporlaliberacion.org\/crpmlm\/wp-json\/wp\/v2\/posts\/5385\/revisions\/21690"}],"wp:featuredmedia":[{"embeddable":true,"href":"https:\/\/vamosporlaliberacion.org\/crpmlm\/wp-json\/wp\/v2\/media\/5386"}],"wp:attachment":[{"href":"https:\/\/vamosporlaliberacion.org\/crpmlm\/wp-json\/wp\/v2\/media?parent=5385"}],"wp:term":[{"taxonomy":"category","embeddable":true,"href":"https:\/\/vamosporlaliberacion.org\/crpmlm\/wp-json\/wp\/v2\/categories?post=5385"},{"taxonomy":"post_tag","embeddable":true,"href":"https:\/\/vamosporlaliberacion.org\/crpmlm\/wp-json\/wp\/v2\/tags?post=5385"}],"curies":[{"name":"wp","href":"https:\/\/api.w.org\/{rel}","templated":true}]}}