{"id":5070,"date":"2016-03-31T16:22:54","date_gmt":"2016-03-31T16:22:54","guid":{"rendered":"http:\/\/vamosporlaliberacion.org\/crpmlm\/?p=5070"},"modified":"2016-04-01T16:33:07","modified_gmt":"2016-04-01T16:33:07","slug":"vamos-por-la-liberacion-no-71","status":"publish","type":"post","link":"https:\/\/vamosporlaliberacion.org\/crpmlm\/vamos-por-la-liberacion-no-71\/","title":{"rendered":"Vamos por la Liberaci\u00f3n! N\u00ba 71"},"content":{"rendered":"<div id=\"tdi_1_c33\" class=\"tdc-row\"><div class=\"vc_row tdi_2_fd9  wpb_row td-pb-row\" >\n<style scoped>\n\n\/* custom css *\/\n.tdi_2_fd9,\n                .tdi_2_fd9 .tdc-columns{\n                    min-height: 0;\n                }.tdi_2_fd9,\n\t\t\t\t.tdi_2_fd9 .tdc-columns{\n\t\t\t\t    display: block;\n\t\t\t\t}.tdi_2_fd9 .tdc-columns{\n\t\t\t\t    width: 100%;\n\t\t\t\t}\n<\/style><div class=\"vc_column tdi_4_be7  wpb_column vc_column_container tdc-column td-pb-span4\">\n<style scoped>\n\n\/* custom css *\/\n.tdi_4_be7{\n                    vertical-align: baseline;\n                }.tdi_4_be7 > .wpb_wrapper,\n\t\t\t\t.tdi_4_be7 > .wpb_wrapper > .tdc-elements{\n\t\t\t\t    display: block;\n\t\t\t\t}.tdi_4_be7 > .wpb_wrapper > .tdc-elements{\n\t\t\t\t    width: 100%;\n\t\t\t\t}.tdi_4_be7 > .wpb_wrapper{\n\t\t\t\t    width: auto;\n\t\t\t\t    height: auto;\n\t\t\t\t}\n<\/style><div class=\"wpb_wrapper\"><div class=\"vc_row_inner tdi_6_ee7  vc_row vc_inner wpb_row td-pb-row\" >\n<style scoped>\n\n\/* custom css *\/\n.tdi_6_ee7{\n                    position: relative !important;\n                    top: 0;\n                    transform: none;\n                    -webkit-transform: none;\n                }.tdi_6_ee7,\n\t\t\t\t.tdi_6_ee7 .tdc-inner-columns{\n\t\t\t\t    display: block;\n\t\t\t\t}.tdi_6_ee7 .tdc-inner-columns{\n\t\t\t\t    width: 100%;\n\t\t\t\t}\n<\/style><div class=\"vc_column_inner vc_custom_1447190027175 tdi_8_9eb  wpb_column vc_column_container tdc-inner-column td-pb-span12\">\n<style scoped>\n\n\/* tdc_composer_block - inline css att *\/\n.vc_custom_1447190027175{background-color: #ebebeb !important;}\n\/* custom css *\/\n.tdi_8_9eb{\n                    vertical-align: baseline;\n                }.tdi_8_9eb .vc_column-inner > .wpb_wrapper,\n\t\t\t\t.tdi_8_9eb .vc_column-inner > .wpb_wrapper .tdc-elements{\n\t\t\t\t    display: block;\n\t\t\t\t}.tdi_8_9eb .vc_column-inner > .wpb_wrapper .tdc-elements{\n\t\t\t\t    width: 100%;\n\t\t\t\t}\n<\/style><div class=\"vc_column-inner\"><div class=\"wpb_wrapper\"><div class=\"wpb_wrapper td_block_empty_space td_block_wrap vc_empty_space tdi_10_74a \"  style=\"height: 20px\"><\/div><div class=\"wpb_wrapper td_block_single_image td_block_wrap  td-no-img-custom-url td_block_wrap vc_single_image tdi_11_bc9  td-single-image- td-pb-border-top td_block_template_1 \"  data-td-block-uid=\"tdi_11_bc9\"><a \n\t\t\tclass=\"td_single_image_bg\" \n\t\t\tstyle=\"background-image: url('https:\/\/vamosporlaliberacion.org\/crpmlm\/wp-content\/uploads\/2016\/03\/Vamos71_web.jpg'); background-size: cover; background-repeat: no-repeat; background-position: center center;\" \n\t\t\thref=\"#\"  \n\t\t\trel=\"bookmark\"><\/a>\n<style>\n\/* custom css *\/\n.tdi_11_bc9 .td_single_image_bg{\n\t\t\t\t\theight: 400px;\n\t\t\t\t\tpadding-bottom: 0;\n\t\t\t\t}.tdi_11_bc9:hover .td_single_image_bg:before{\n                    opacity: 0;\n                }\n<\/style><\/div><\/div><\/div><\/div><\/div><div class=\"vc_row_inner tdi_13_bb1  vc_row vc_inner wpb_row td-pb-row\" >\n<style scoped>\n\n\/* custom css *\/\n.tdi_13_bb1{\n                    position: relative !important;\n                    top: 0;\n                    transform: none;\n                    -webkit-transform: none;\n                }.tdi_13_bb1,\n\t\t\t\t.tdi_13_bb1 .tdc-inner-columns{\n\t\t\t\t    display: block;\n\t\t\t\t}.tdi_13_bb1 .tdc-inner-columns{\n\t\t\t\t    width: 100%;\n\t\t\t\t}\n<\/style><div class=\"vc_column_inner vc_custom_1447190038887 tdi_15_8bb  wpb_column vc_column_container tdc-inner-column td-pb-span12\">\n<style scoped>\n\n\/* tdc_composer_block - inline css att *\/\n.vc_custom_1447190038887{background-color: #ebebeb !important;}\n\/* custom css *\/\n.tdi_15_8bb{\n                    vertical-align: baseline;\n                }.tdi_15_8bb .vc_column-inner > .wpb_wrapper,\n\t\t\t\t.tdi_15_8bb .vc_column-inner > .wpb_wrapper .tdc-elements{\n\t\t\t\t    display: block;\n\t\t\t\t}.tdi_15_8bb .vc_column-inner > .wpb_wrapper .tdc-elements{\n\t\t\t\t    width: 100%;\n\t\t\t\t}\n<\/style><div class=\"vc_column-inner\"><div class=\"wpb_wrapper\">[vc_btn title=\u00bbDescargar PDF\u00bb style=\u00bbflat\u00bb shape=\u00bbsquare\u00bb size=\u00bblg\u00bb i_icon_fontawesome=\u00bbfa fa-newspaper-o\u00bb link=\u00bburl:https%3A%2F%2Fdrive.google.com%2Fopen%3Fid%3D0B5GeZanD48qsS0VzZHUyVzlfelU||target:%20_blank\u00bb add_icon=\u00bbtrue\u00bb][vc_btn title=\u00bbVer todos\u00bb style=\u00bbflat\u00bb shape=\u00bbsquare\u00bb size=\u00bblg\u00bb i_icon_fontawesome=\u00bbfa fa-list-ol\u00bb link=\u00bburl:http%3A%2F%2Fvamosporlaliberacion.org%2Fcrpmlm%2Fvamos-por-la-liberacion%2F||target:%20_blank\u00bb add_icon=\u00bbtrue\u00bb]<div class=\"wpb_wrapper td_block_empty_space td_block_wrap vc_empty_space tdi_17_796 \"  style=\"height: 20px\"><\/div><\/div><\/div><\/div><\/div><\/div><\/div><div class=\"vc_column tdi_19_0d9  wpb_column vc_column_container tdc-column td-pb-span8\">\n<style scoped>\n\n\/* custom css *\/\n.tdi_19_0d9{\n                    vertical-align: baseline;\n                }.tdi_19_0d9 > .wpb_wrapper,\n\t\t\t\t.tdi_19_0d9 > .wpb_wrapper > .tdc-elements{\n\t\t\t\t    display: block;\n\t\t\t\t}.tdi_19_0d9 > .wpb_wrapper > .tdc-elements{\n\t\t\t\t    width: 100%;\n\t\t\t\t}.tdi_19_0d9 > .wpb_wrapper{\n\t\t\t\t    width: auto;\n\t\t\t\t    height: auto;\n\t\t\t\t}\n<\/style><div class=\"wpb_wrapper\"><div class=\"td_block_wrap td_block_21 tdi_20_717 td-pb-border-top td_block_template_1 td-column-2\"  data-td-block-uid=\"tdi_20_717\" >\n<style>\n.td_block_template_2.widget > ul > li,\n            .td_block_template_6.widget > ul > li,\n            .td_block_template_8.widget > ul > li,\n            .td_block_template_9.widget > ul > li,\n            .td_block_template_10.widget > ul > li,\n            .td_block_template_11.widget > ul > li,\n            .td_block_template_12.widget > ul > li,\n            .td_block_template_13.widget > ul > li,\n            .td_block_template_14.widget > ul > li,\n            .td_block_template_15.widget > ul > li,\n            .td_block_template_16.widget > ul > li,\n            .td_block_template_17.widget > ul > li {\n                margin-left: 0 !important;\n            }\n            .global-block-template-12 .td-comments-title span,\n            .global-block-template-13 .td-comments-title span {\n                margin-left: 0 !important;\n                font-size: 20px;\n            }\n            @media (max-width: 767px) {\n                .global-block-template-12 .td-comments-title span,\n                .global-block-template-13 .td-comments-title span {\n                    font-size: 15px;\n                }\n            }\n            .td-block-title-wrap .td-wrapper-pulldown-filter {\n                font-family: 'Roboto', sans-serif;\n                position: absolute;\n                bottom: 0;\n                right: 0;\n                top: 0;\n                margin: auto 0;\n                z-index: 2;\n                background-color: #fff;\n                font-size: 13px;\n                line-height: 1;\n                color: #777;\n                text-align: right;\n            }\n            .td-block-title-wrap .td-wrapper-pulldown-filter .td-pulldown-filter-display-option {\n                cursor: pointer;\n                white-space: nowrap;\n                position: relative;\n                line-height: 29px;\n            }\n            .td-block-title-wrap .td-wrapper-pulldown-filter .td-pulldown-filter-display-option i {\n                font-size: 9px;\n                color: #777;\n                margin-left: 20px;\n                margin-right: 10px;\n            }\n            .td-block-title-wrap .td-wrapper-pulldown-filter .td-pulldown-filter-display-option i:before {\n                content: '\\e83d';\n            }\n            .td-block-title-wrap .td-wrapper-pulldown-filter .td-pulldown-filter-display-option span {\n                padding-left: 20px;\n                margin-right: -14px;\n            }\n            @media (max-width: 360px) {\n                .td-block-title-wrap .td-wrapper-pulldown-filter .td-pulldown-filter-display-option span {\n                    display: none;\n                }\n            }\n            .td-block-title-wrap .td-wrapper-pulldown-filter .td-pulldown-filter-display-option:hover {\n                color: #4db2ec;\n            }\n            .td-block-title-wrap .td-wrapper-pulldown-filter .td-pulldown-filter-display-option:hover i {\n                color: #4db2ec;\n            }\n            .td-block-title-wrap .td-wrapper-pulldown-filter .td-pulldown-filter-display-option:hover ul {\n                display: block;\n            }\n            .td-block-title-wrap .td-wrapper-pulldown-filter .td-pulldown-filter-list {\n                list-style: none;\n                position: absolute;\n                right: 0;\n                top: 100%;\n                padding: 18px 0;\n                background-color: rgb(255, 255, 255);\n                background-color: rgba(255, 255, 255, 0.95);\n                z-index: 999;\n                border-width: 1px;\n                border-color: #ededed;\n                border-style: solid;\n                display: none;\n                margin: 0;\n            }\n            .td-block-title-wrap .td-wrapper-pulldown-filter .td-pulldown-filter-item {\n                list-style: none;\n                margin: 0;\n            }\n            .td-block-title-wrap .td-wrapper-pulldown-filter .td-pulldown-filter-item .td-cur-simple-item {\n                color: #4db2ec;\n            }\n            .td-block-title-wrap .td-wrapper-pulldown-filter .td-pulldown-more {\n                padding-bottom: 10px;\n            }\n            .td-block-title-wrap .td-wrapper-pulldown-filter .td-pulldown-more:before {\n                content: '';\n                width: 70px;\n                height: 100%;\n                position: absolute;\n                margin-top: 2px;\n                top: 0;\n                right: 0;\n                z-index: 1;\n                opacity: 0;\n            }\n            .td-block-title-wrap .td-wrapper-pulldown-filter .td-pulldown-filter-link {\n                color: #777;\n                white-space: nowrap;\n                display: block;\n                line-height: 26px;\n                padding-left: 36px;\n                padding-right: 27px;\n            }\n            .td-block-title-wrap .td-wrapper-pulldown-filter .td-pulldown-filter-link:hover {\n                color: #4db2ec;\n            }\n            @media (min-width: 768px) and (max-width: 1018px) {\n                .td-pb-span4 .td-block-title-wrap .td-wrapper-pulldown-filter .td-pulldown-filter-display-option span {\n                    display: none;\n                }\n                .td-pb-span4 .td-block-title-wrap .td-wrapper-pulldown-filter .td-pulldown-filter-link {\n                    padding-left: 24px;\n                    padding-right: 20px !important;\n                }\n            }\n            @-moz-document url-prefix() {\n                .td-pulldown-syle-default .td-subcat-more,\n                .td-pulldown-syle-default .td-subcat-list {\n                    position: relative;\n                    top: -1px;\n                }\n            }\n            .td-pulldown-syle-2 {\n                top: 0;\n            }\n            .td-pulldown-syle-2 .td-subcat-dropdown ul {\n                padding: 20px 0;\n                margin-top: 0;\n            }\n            .td-pulldown-syle-2 .td-subcat-dropdown ul:after {\n                content: '';\n                position: absolute;\n                width: calc(100% + 2px);\n                height: 3px;\n                top: 0;\n                left: -1px;\n                background-color: #4db2ec;\n            }\n            .td-pulldown-syle-2 .td-subcat-dropdown a {\n                padding-left: 40px;\n                padding-right: 31px;\n            }\n            .td-pulldown-syle-2 .td-subcat-dropdown:hover .td-subcat-more {\n                background-color: transparent !important;\n            }\n            .td-pulldown-syle-2 .td-subcat-dropdown:hover .td-subcat-more span,\n            .td-pulldown-syle-2 .td-subcat-dropdown:hover .td-subcat-more i {\n                color: #4db2ec;\n            }\n            .td-pulldown-syle-2 .td-subcat-dropdown .td-subcat-more {\n                margin-left: 9px;\n                margin-bottom: 8px; \/\/ this align the dropdown list\n            }\n            .td-pulldown-syle-2 .td-subcat-list .td-subcat-item {\n                margin-left: 24px;\n            }\n            .td-pulldown-syle-3 {\n                top: 0;\n            }\n            .td-pulldown-syle-3 .td-subcat-dropdown ul {\n                padding: 15px 0;\n                margin-top: -1px;\n                border-width: 1px;\n            }\n            .td-pulldown-syle-3 .td-subcat-dropdown a {\n                padding-left: 40px;\n                padding-right: 31px;\n            }\n            .td-pulldown-syle-3 .td-subcat-dropdown &:hover .td-subcat-more {\n                background-color: transparent !important;\n            }\n            .td-pulldown-syle-3 .td-subcat-dropdown &:hover .td-subcat-more span,\n            .td-pulldown-syle-3 .td-subcat-dropdown &:hover .td-subcat-more i {\n                color: #4db2ec;\n            }\n            .td-pulldown-syle-3 .td-subcat-dropdown .td-subcat-more {\n                margin-left: 9px;\n                margin-bottom: 8px; \/\/ this align the dropdown list\n            }\n            .td-pulldown-syle-3 .td-subcat-list .td-subcat-item {\n                margin-left: 24px;\n            }\n            \n            \n\n            \n            .td-theme-wrap .tdi_20_717 .td-pulldown-filter-link:hover,\n            .td-theme-wrap .tdi_20_717 .td-subcat-item a:hover,\n            .td-theme-wrap .tdi_20_717 .td-subcat-item .td-cur-simple-item {\n                color: #dd3333;\n            }\n\n            .td-theme-wrap .tdi_20_717 .block-title > *,\n            .td-theme-wrap .tdi_20_717 .td-subcat-dropdown:hover .td-subcat-more {\n                background-color: #dd3333;\n            }\n            .td-theme-wrap .td-footer-wrapper .tdi_20_717 .block-title > * {\n                padding: 6px 7px 5px;\n                line-height: 1;\n            }\n\n            .td-theme-wrap .tdi_20_717 .block-title {\n                border-color: #dd3333;\n            }\n\n            \n            .td-theme-wrap .tdi_20_717 .td_module_wrap:hover .entry-title a,\n            .td-theme-wrap .tdi_20_717 .td_quote_on_blocks,\n            .td-theme-wrap .tdi_20_717 .td-opacity-cat .td-post-category:hover,\n            .td-theme-wrap .tdi_20_717 .td-opacity-read .td-read-more a:hover,\n            .td-theme-wrap .tdi_20_717 .td-opacity-author .td-post-author-name a:hover,\n            .td-theme-wrap .tdi_20_717 .td-instagram-user a {\n                color: #dd3333;\n            }\n\n            .td-theme-wrap .tdi_20_717 .td-next-prev-wrap a:hover,\n            .td-theme-wrap .tdi_20_717 .td-load-more-wrap a:hover {\n                background-color: #dd3333;\n                border-color: #dd3333;\n            }\n\n            .td-theme-wrap .tdi_20_717 .td-read-more a,\n            .td-theme-wrap .tdi_20_717 .td-weather-information:before,\n            .td-theme-wrap .tdi_20_717 .td-weather-week:before,\n            .td-theme-wrap .tdi_20_717 .td-exchange-header:before,\n            .td-theme-wrap .td-footer-wrapper .tdi_20_717 .td-post-category,\n            .td-theme-wrap .tdi_20_717 .td-post-category:hover {\n                background-color: #dd3333;\n            }\n<\/style><script>var block_tdi_20_717 = new tdBlock();\nblock_tdi_20_717.id = \"tdi_20_717\";\nblock_tdi_20_717.atts = '{\"custom_title\":\"Editorial\",\"custom_url\":\"Editorial\",\"header_color\":\"#dd3333\",\"category_id\":\"10\",\"tag_slug\":\"editorial 71\",\"limit\":\"1\",\"td_filter_default_txt\":\"Todo\",\"block_type\":\"td_block_21\",\"separator\":\"\",\"block_template_id\":\"\",\"m16_tl\":\"\",\"m16_el\":\"\",\"post_ids\":\"\",\"category_ids\":\"\",\"autors_id\":\"\",\"installed_post_types\":\"\",\"sort\":\"\",\"offset\":\"\",\"show_modified_date\":\"\",\"el_class\":\"\",\"td_ajax_filter_type\":\"\",\"td_ajax_filter_ids\":\"\",\"td_ajax_preloading\":\"\",\"f_header_font_header\":\"\",\"f_header_font_title\":\"Block header\",\"f_header_font_settings\":\"\",\"f_header_font_family\":\"\",\"f_header_font_size\":\"\",\"f_header_font_line_height\":\"\",\"f_header_font_style\":\"\",\"f_header_font_weight\":\"\",\"f_header_font_transform\":\"\",\"f_header_font_spacing\":\"\",\"f_header_\":\"\",\"f_ajax_font_title\":\"Ajax categories\",\"f_ajax_font_settings\":\"\",\"f_ajax_font_family\":\"\",\"f_ajax_font_size\":\"\",\"f_ajax_font_line_height\":\"\",\"f_ajax_font_style\":\"\",\"f_ajax_font_weight\":\"\",\"f_ajax_font_transform\":\"\",\"f_ajax_font_spacing\":\"\",\"f_ajax_\":\"\",\"f_more_font_title\":\"Load more button\",\"f_more_font_settings\":\"\",\"f_more_font_family\":\"\",\"f_more_font_size\":\"\",\"f_more_font_line_height\":\"\",\"f_more_font_style\":\"\",\"f_more_font_weight\":\"\",\"f_more_font_transform\":\"\",\"f_more_font_spacing\":\"\",\"f_more_\":\"\",\"m16f_title_font_header\":\"\",\"m16f_title_font_title\":\"Article title\",\"m16f_title_font_settings\":\"\",\"m16f_title_font_family\":\"\",\"m16f_title_font_size\":\"\",\"m16f_title_font_line_height\":\"\",\"m16f_title_font_style\":\"\",\"m16f_title_font_weight\":\"\",\"m16f_title_font_transform\":\"\",\"m16f_title_font_spacing\":\"\",\"m16f_title_\":\"\",\"m16f_cat_font_title\":\"Article category tag\",\"m16f_cat_font_settings\":\"\",\"m16f_cat_font_family\":\"\",\"m16f_cat_font_size\":\"\",\"m16f_cat_font_line_height\":\"\",\"m16f_cat_font_style\":\"\",\"m16f_cat_font_weight\":\"\",\"m16f_cat_font_transform\":\"\",\"m16f_cat_font_spacing\":\"\",\"m16f_cat_\":\"\",\"m16f_meta_font_title\":\"Article meta info\",\"m16f_meta_font_settings\":\"\",\"m16f_meta_font_family\":\"\",\"m16f_meta_font_size\":\"\",\"m16f_meta_font_line_height\":\"\",\"m16f_meta_font_style\":\"\",\"m16f_meta_font_weight\":\"\",\"m16f_meta_font_transform\":\"\",\"m16f_meta_font_spacing\":\"\",\"m16f_meta_\":\"\",\"m16f_ex_font_title\":\"Article excerpt\",\"m16f_ex_font_settings\":\"\",\"m16f_ex_font_family\":\"\",\"m16f_ex_font_size\":\"\",\"m16f_ex_font_line_height\":\"\",\"m16f_ex_font_style\":\"\",\"m16f_ex_font_weight\":\"\",\"m16f_ex_font_transform\":\"\",\"m16f_ex_font_spacing\":\"\",\"m16f_ex_\":\"\",\"ajax_pagination\":\"\",\"ajax_pagination_infinite_stop\":\"\",\"css\":\"\",\"tdc_css\":\"\",\"td_column_number\":2,\"color_preset\":\"\",\"border_top\":\"\",\"class\":\"tdi_20_717\",\"tdc_css_class\":\"tdi_20_717\",\"tdc_css_class_style\":\"tdi_20_717_rand_style\"}';\nblock_tdi_20_717.td_column_number = \"2\";\nblock_tdi_20_717.block_type = \"td_block_21\";\nblock_tdi_20_717.post_count = \"1\";\nblock_tdi_20_717.found_posts = \"1\";\nblock_tdi_20_717.header_color = \"#dd3333\";\nblock_tdi_20_717.ajax_pagination_infinite_stop = \"\";\nblock_tdi_20_717.max_num_pages = \"1\";\ntdBlocksArray.push(block_tdi_20_717);\n<\/script><div class=\"td-block-title-wrap\"><h4 class=\"block-title td-block-title\"><a href=\"http:\/\/Editorial\" class=\"td-pulldown-size\">Editorial<\/a><\/h4><\/div><div id=tdi_20_717 class=\"td_block_inner\">\n        <div class=\"td_module_16 td_module_wrap td-animation-stack\">\n            <div class=\"td-module-thumb\"><a href=\"https:\/\/vamosporlaliberacion.org\/crpmlm\/editorial-dos-argentinas-antagonicas\/\" rel=\"bookmark\" class=\"td-image-wrap \" title=\"Dos Argentinas antag\u00f3nicas\" ><img loading=\"lazy\" decoding=\"async\" class=\"entry-thumb\" src=\"\" alt=\"\" title=\"Dos Argentinas antag\u00f3nicas\" data-type=\"image_tag\" data-img-url=\"https:\/\/i0.wp.com\/vamosporlaliberacion.org\/crpmlm\/wp-content\/uploads\/2016\/03\/dos_argentinas.jpg?resize=150%2C150&ssl=1\"  width=\"150\" height=\"150\" \/><\/a><\/div>\n            <div class=\"item-details\">\n                <h3 class=\"entry-title td-module-title\"><a href=\"https:\/\/vamosporlaliberacion.org\/crpmlm\/editorial-dos-argentinas-antagonicas\/\" rel=\"bookmark\" title=\"Dos Argentinas antag\u00f3nicas\">Dos Argentinas antag\u00f3nicas<\/a><\/h3>\n                <div class=\"td-module-meta-info\">\n                                        <span class=\"td-post-author-name\"><a href=\"https:\/\/vamosporlaliberacion.org\/crpmlm\/author\/\"><\/a> <span>-<\/span> <\/span>                    <span class=\"td-post-date\"><time class=\"entry-date updated td-module-date\" datetime=\"2016-03-29T15:01:49-03:00\" >29 marzo, 2016<\/time><\/span>                    <span class=\"td-module-comments\"><a href=\"https:\/\/vamosporlaliberacion.org\/crpmlm\/editorial-dos-argentinas-antagonicas\/#respond\">0<\/a><\/span>                <\/div>\n\n                <div class=\"td-excerpt\">\n                    Macri recibi\u00f3 con honores a Obama y mostr\u00f3 gran entusiasmo por la visita. Pero el 24 tambi\u00e9n se expres\u00f3 con contundencia la voz del...                <\/div>\n            <\/div>\n\n        <\/div>\n\n        <\/div><\/div> <!-- .\/block --><div class=\"td_block_wrap td_block_21 tdi_21_cb6 td-pb-border-top td_block_template_1 td-column-2\"  data-td-block-uid=\"tdi_21_cb6\" >\n<style>\n.td_block_template_2.widget > ul > li,\n            .td_block_template_6.widget > ul > li,\n            .td_block_template_8.widget > ul > li,\n            .td_block_template_9.widget > ul > li,\n            .td_block_template_10.widget > ul > li,\n            .td_block_template_11.widget > ul > li,\n            .td_block_template_12.widget > ul > li,\n            .td_block_template_13.widget > ul > li,\n            .td_block_template_14.widget > ul > li,\n            .td_block_template_15.widget > ul > li,\n            .td_block_template_16.widget > ul > li,\n            .td_block_template_17.widget > ul > li {\n                margin-left: 0 !important;\n            }\n            .global-block-template-12 .td-comments-title span,\n            .global-block-template-13 .td-comments-title span {\n                margin-left: 0 !important;\n                font-size: 20px;\n            }\n            @media (max-width: 767px) {\n                .global-block-template-12 .td-comments-title span,\n                .global-block-template-13 .td-comments-title span {\n                    font-size: 15px;\n                }\n            }\n            .td-block-title-wrap .td-wrapper-pulldown-filter {\n                font-family: 'Roboto', sans-serif;\n                position: absolute;\n                bottom: 0;\n                right: 0;\n                top: 0;\n                margin: auto 0;\n                z-index: 2;\n                background-color: #fff;\n                font-size: 13px;\n                line-height: 1;\n                color: #777;\n                text-align: right;\n            }\n            .td-block-title-wrap .td-wrapper-pulldown-filter .td-pulldown-filter-display-option {\n                cursor: pointer;\n                white-space: nowrap;\n                position: relative;\n                line-height: 29px;\n            }\n            .td-block-title-wrap .td-wrapper-pulldown-filter .td-pulldown-filter-display-option i {\n                font-size: 9px;\n                color: #777;\n                margin-left: 20px;\n                margin-right: 10px;\n            }\n            .td-block-title-wrap .td-wrapper-pulldown-filter .td-pulldown-filter-display-option i:before {\n                content: '\\e83d';\n            }\n            .td-block-title-wrap .td-wrapper-pulldown-filter .td-pulldown-filter-display-option span {\n                padding-left: 20px;\n                margin-right: -14px;\n            }\n            @media (max-width: 360px) {\n                .td-block-title-wrap .td-wrapper-pulldown-filter .td-pulldown-filter-display-option span {\n                    display: none;\n                }\n            }\n            .td-block-title-wrap .td-wrapper-pulldown-filter .td-pulldown-filter-display-option:hover {\n                color: #4db2ec;\n            }\n            .td-block-title-wrap .td-wrapper-pulldown-filter .td-pulldown-filter-display-option:hover i {\n                color: #4db2ec;\n            }\n            .td-block-title-wrap .td-wrapper-pulldown-filter .td-pulldown-filter-display-option:hover ul {\n                display: block;\n            }\n            .td-block-title-wrap .td-wrapper-pulldown-filter .td-pulldown-filter-list {\n                list-style: none;\n                position: absolute;\n                right: 0;\n                top: 100%;\n                padding: 18px 0;\n                background-color: rgb(255, 255, 255);\n                background-color: rgba(255, 255, 255, 0.95);\n                z-index: 999;\n                border-width: 1px;\n                border-color: #ededed;\n                border-style: solid;\n                display: none;\n                margin: 0;\n            }\n            .td-block-title-wrap .td-wrapper-pulldown-filter .td-pulldown-filter-item {\n                list-style: none;\n                margin: 0;\n            }\n            .td-block-title-wrap .td-wrapper-pulldown-filter .td-pulldown-filter-item .td-cur-simple-item {\n                color: #4db2ec;\n            }\n            .td-block-title-wrap .td-wrapper-pulldown-filter .td-pulldown-more {\n                padding-bottom: 10px;\n            }\n            .td-block-title-wrap .td-wrapper-pulldown-filter .td-pulldown-more:before {\n                content: '';\n                width: 70px;\n                height: 100%;\n                position: absolute;\n                margin-top: 2px;\n                top: 0;\n                right: 0;\n                z-index: 1;\n                opacity: 0;\n            }\n            .td-block-title-wrap .td-wrapper-pulldown-filter .td-pulldown-filter-link {\n                color: #777;\n                white-space: nowrap;\n                display: block;\n                line-height: 26px;\n                padding-left: 36px;\n                padding-right: 27px;\n            }\n            .td-block-title-wrap .td-wrapper-pulldown-filter .td-pulldown-filter-link:hover {\n                color: #4db2ec;\n            }\n            @media (min-width: 768px) and (max-width: 1018px) {\n                .td-pb-span4 .td-block-title-wrap .td-wrapper-pulldown-filter .td-pulldown-filter-display-option span {\n                    display: none;\n                }\n                .td-pb-span4 .td-block-title-wrap .td-wrapper-pulldown-filter .td-pulldown-filter-link {\n                    padding-left: 24px;\n                    padding-right: 20px !important;\n                }\n            }\n            @-moz-document url-prefix() {\n                .td-pulldown-syle-default .td-subcat-more,\n                .td-pulldown-syle-default .td-subcat-list {\n                    position: relative;\n                    top: -1px;\n                }\n            }\n            .td-pulldown-syle-2 {\n                top: 0;\n            }\n            .td-pulldown-syle-2 .td-subcat-dropdown ul {\n                padding: 20px 0;\n                margin-top: 0;\n            }\n            .td-pulldown-syle-2 .td-subcat-dropdown ul:after {\n                content: '';\n                position: absolute;\n                width: calc(100% + 2px);\n                height: 3px;\n                top: 0;\n                left: -1px;\n                background-color: #4db2ec;\n            }\n            .td-pulldown-syle-2 .td-subcat-dropdown a {\n                padding-left: 40px;\n                padding-right: 31px;\n            }\n            .td-pulldown-syle-2 .td-subcat-dropdown:hover .td-subcat-more {\n                background-color: transparent !important;\n            }\n            .td-pulldown-syle-2 .td-subcat-dropdown:hover .td-subcat-more span,\n            .td-pulldown-syle-2 .td-subcat-dropdown:hover .td-subcat-more i {\n                color: #4db2ec;\n            }\n            .td-pulldown-syle-2 .td-subcat-dropdown .td-subcat-more {\n                margin-left: 9px;\n                margin-bottom: 8px; \/\/ this align the dropdown list\n            }\n            .td-pulldown-syle-2 .td-subcat-list .td-subcat-item {\n                margin-left: 24px;\n            }\n            .td-pulldown-syle-3 {\n                top: 0;\n            }\n            .td-pulldown-syle-3 .td-subcat-dropdown ul {\n                padding: 15px 0;\n                margin-top: -1px;\n                border-width: 1px;\n            }\n            .td-pulldown-syle-3 .td-subcat-dropdown a {\n                padding-left: 40px;\n                padding-right: 31px;\n            }\n            .td-pulldown-syle-3 .td-subcat-dropdown &:hover .td-subcat-more {\n                background-color: transparent !important;\n            }\n            .td-pulldown-syle-3 .td-subcat-dropdown &:hover .td-subcat-more span,\n            .td-pulldown-syle-3 .td-subcat-dropdown &:hover .td-subcat-more i {\n                color: #4db2ec;\n            }\n            .td-pulldown-syle-3 .td-subcat-dropdown .td-subcat-more {\n                margin-left: 9px;\n                margin-bottom: 8px; \/\/ this align the dropdown list\n            }\n            .td-pulldown-syle-3 .td-subcat-list .td-subcat-item {\n                margin-left: 24px;\n            }\n            \n            \n\n            \n            .td-theme-wrap .tdi_21_cb6 .td-pulldown-filter-link:hover,\n            .td-theme-wrap .tdi_21_cb6 .td-subcat-item a:hover,\n            .td-theme-wrap .tdi_21_cb6 .td-subcat-item .td-cur-simple-item {\n                color: #dd3333;\n            }\n\n            .td-theme-wrap .tdi_21_cb6 .block-title > *,\n            .td-theme-wrap .tdi_21_cb6 .td-subcat-dropdown:hover .td-subcat-more {\n                background-color: #dd3333;\n            }\n            .td-theme-wrap .td-footer-wrapper .tdi_21_cb6 .block-title > * {\n                padding: 6px 7px 5px;\n                line-height: 1;\n            }\n\n            .td-theme-wrap .tdi_21_cb6 .block-title {\n                border-color: #dd3333;\n            }\n\n            \n            .td-theme-wrap .tdi_21_cb6 .td_module_wrap:hover .entry-title a,\n            .td-theme-wrap .tdi_21_cb6 .td_quote_on_blocks,\n            .td-theme-wrap .tdi_21_cb6 .td-opacity-cat .td-post-category:hover,\n            .td-theme-wrap .tdi_21_cb6 .td-opacity-read .td-read-more a:hover,\n            .td-theme-wrap .tdi_21_cb6 .td-opacity-author .td-post-author-name a:hover,\n            .td-theme-wrap .tdi_21_cb6 .td-instagram-user a {\n                color: #dd3333;\n            }\n\n            .td-theme-wrap .tdi_21_cb6 .td-next-prev-wrap a:hover,\n            .td-theme-wrap .tdi_21_cb6 .td-load-more-wrap a:hover {\n                background-color: #dd3333;\n                border-color: #dd3333;\n            }\n\n            .td-theme-wrap .tdi_21_cb6 .td-read-more a,\n            .td-theme-wrap .tdi_21_cb6 .td-weather-information:before,\n            .td-theme-wrap .tdi_21_cb6 .td-weather-week:before,\n            .td-theme-wrap .tdi_21_cb6 .td-exchange-header:before,\n            .td-theme-wrap .td-footer-wrapper .tdi_21_cb6 .td-post-category,\n            .td-theme-wrap .tdi_21_cb6 .td-post-category:hover {\n                background-color: #dd3333;\n            }\n<\/style><script>var block_tdi_21_cb6 = new tdBlock();\nblock_tdi_21_cb6.id = \"tdi_21_cb6\";\nblock_tdi_21_cb6.atts = '{\"custom_title\":\"Pol\\u00edtica\",\"header_color\":\"#dd3333\",\"category_id\":\"10\",\"tag_slug\":\"vxl 71\",\"limit\":\"10\",\"td_filter_default_txt\":\"Todo\",\"block_type\":\"td_block_21\",\"separator\":\"\",\"custom_url\":\"\",\"block_template_id\":\"\",\"m16_tl\":\"\",\"m16_el\":\"\",\"post_ids\":\"\",\"category_ids\":\"\",\"autors_id\":\"\",\"installed_post_types\":\"\",\"sort\":\"\",\"offset\":\"\",\"show_modified_date\":\"\",\"el_class\":\"\",\"td_ajax_filter_type\":\"\",\"td_ajax_filter_ids\":\"\",\"td_ajax_preloading\":\"\",\"f_header_font_header\":\"\",\"f_header_font_title\":\"Block header\",\"f_header_font_settings\":\"\",\"f_header_font_family\":\"\",\"f_header_font_size\":\"\",\"f_header_font_line_height\":\"\",\"f_header_font_style\":\"\",\"f_header_font_weight\":\"\",\"f_header_font_transform\":\"\",\"f_header_font_spacing\":\"\",\"f_header_\":\"\",\"f_ajax_font_title\":\"Ajax categories\",\"f_ajax_font_settings\":\"\",\"f_ajax_font_family\":\"\",\"f_ajax_font_size\":\"\",\"f_ajax_font_line_height\":\"\",\"f_ajax_font_style\":\"\",\"f_ajax_font_weight\":\"\",\"f_ajax_font_transform\":\"\",\"f_ajax_font_spacing\":\"\",\"f_ajax_\":\"\",\"f_more_font_title\":\"Load more button\",\"f_more_font_settings\":\"\",\"f_more_font_family\":\"\",\"f_more_font_size\":\"\",\"f_more_font_line_height\":\"\",\"f_more_font_style\":\"\",\"f_more_font_weight\":\"\",\"f_more_font_transform\":\"\",\"f_more_font_spacing\":\"\",\"f_more_\":\"\",\"m16f_title_font_header\":\"\",\"m16f_title_font_title\":\"Article title\",\"m16f_title_font_settings\":\"\",\"m16f_title_font_family\":\"\",\"m16f_title_font_size\":\"\",\"m16f_title_font_line_height\":\"\",\"m16f_title_font_style\":\"\",\"m16f_title_font_weight\":\"\",\"m16f_title_font_transform\":\"\",\"m16f_title_font_spacing\":\"\",\"m16f_title_\":\"\",\"m16f_cat_font_title\":\"Article category tag\",\"m16f_cat_font_settings\":\"\",\"m16f_cat_font_family\":\"\",\"m16f_cat_font_size\":\"\",\"m16f_cat_font_line_height\":\"\",\"m16f_cat_font_style\":\"\",\"m16f_cat_font_weight\":\"\",\"m16f_cat_font_transform\":\"\",\"m16f_cat_font_spacing\":\"\",\"m16f_cat_\":\"\",\"m16f_meta_font_title\":\"Article meta info\",\"m16f_meta_font_settings\":\"\",\"m16f_meta_font_family\":\"\",\"m16f_meta_font_size\":\"\",\"m16f_meta_font_line_height\":\"\",\"m16f_meta_font_style\":\"\",\"m16f_meta_font_weight\":\"\",\"m16f_meta_font_transform\":\"\",\"m16f_meta_font_spacing\":\"\",\"m16f_meta_\":\"\",\"m16f_ex_font_title\":\"Article excerpt\",\"m16f_ex_font_settings\":\"\",\"m16f_ex_font_family\":\"\",\"m16f_ex_font_size\":\"\",\"m16f_ex_font_line_height\":\"\",\"m16f_ex_font_style\":\"\",\"m16f_ex_font_weight\":\"\",\"m16f_ex_font_transform\":\"\",\"m16f_ex_font_spacing\":\"\",\"m16f_ex_\":\"\",\"ajax_pagination\":\"\",\"ajax_pagination_infinite_stop\":\"\",\"css\":\"\",\"tdc_css\":\"\",\"td_column_number\":2,\"color_preset\":\"\",\"border_top\":\"\",\"class\":\"tdi_21_cb6\",\"tdc_css_class\":\"tdi_21_cb6\",\"tdc_css_class_style\":\"tdi_21_cb6_rand_style\"}';\nblock_tdi_21_cb6.td_column_number = \"2\";\nblock_tdi_21_cb6.block_type = \"td_block_21\";\nblock_tdi_21_cb6.post_count = \"10\";\nblock_tdi_21_cb6.found_posts = \"22\";\nblock_tdi_21_cb6.header_color = \"#dd3333\";\nblock_tdi_21_cb6.ajax_pagination_infinite_stop = \"\";\nblock_tdi_21_cb6.max_num_pages = \"3\";\ntdBlocksArray.push(block_tdi_21_cb6);\n<\/script><div class=\"td-block-title-wrap\"><h4 class=\"block-title td-block-title\"><span class=\"td-pulldown-size\">Pol\u00edtica<\/span><\/h4><\/div><div id=tdi_21_cb6 class=\"td_block_inner\">\n        <div class=\"td_module_16 td_module_wrap td-animation-stack\">\n            <div class=\"td-module-thumb\"><a href=\"https:\/\/vamosporlaliberacion.org\/crpmlm\/la-guerra-de-malvinas\/\" rel=\"bookmark\" class=\"td-image-wrap \" title=\"La Guerra de Malvinas\" ><img loading=\"lazy\" decoding=\"async\" class=\"entry-thumb\" src=\"\" alt=\"\" title=\"La Guerra de Malvinas\" data-type=\"image_tag\" data-img-url=\"https:\/\/i0.wp.com\/vamosporlaliberacion.org\/crpmlm\/wp-content\/uploads\/2016\/03\/malv.jpg?resize=150%2C150&ssl=1\"  width=\"150\" height=\"150\" \/><\/a><\/div>\n            <div class=\"item-details\">\n                <h3 class=\"entry-title td-module-title\"><a href=\"https:\/\/vamosporlaliberacion.org\/crpmlm\/la-guerra-de-malvinas\/\" rel=\"bookmark\" title=\"La Guerra de Malvinas\">La Guerra de Malvinas<\/a><\/h3>\n                <div class=\"td-module-meta-info\">\n                                        <span class=\"td-post-author-name\"><a href=\"https:\/\/vamosporlaliberacion.org\/crpmlm\/author\/\"><\/a> <span>-<\/span> <\/span>                    <span class=\"td-post-date\"><time class=\"entry-date updated td-module-date\" datetime=\"2016-03-31T02:02:41-03:00\" >31 marzo, 2016<\/time><\/span>                    <span class=\"td-module-comments\"><a href=\"https:\/\/vamosporlaliberacion.org\/crpmlm\/la-guerra-de-malvinas\/#respond\">0<\/a><\/span>                <\/div>\n\n                <div class=\"td-excerpt\">\n                    El 2 de abril de 1982 las Fuerzas Armadas argentinas desembarcaron en las Islas Malvinas y tras un enfrentamiento con el destacamento de las...                <\/div>\n            <\/div>\n\n        <\/div>\n\n        \n        <div class=\"td_module_16 td_module_wrap td-animation-stack\">\n            <div class=\"td-module-thumb\"><a href=\"https:\/\/vamosporlaliberacion.org\/crpmlm\/feminismo-sin-causas-de-michelle\/\" rel=\"bookmark\" class=\"td-image-wrap \" title=\"\u201cFeminismo\u201d sin causas de Michelle\" ><img loading=\"lazy\" decoding=\"async\" class=\"entry-thumb\" src=\"\" alt=\"\" title=\"\u201cFeminismo\u201d sin causas de Michelle\" data-type=\"image_tag\" data-img-url=\"https:\/\/i0.wp.com\/vamosporlaliberacion.org\/crpmlm\/wp-content\/uploads\/2016\/03\/obama-en-argentina.jpg?resize=150%2C150&ssl=1\"  width=\"150\" height=\"150\" \/><\/a><\/div>\n            <div class=\"item-details\">\n                <h3 class=\"entry-title td-module-title\"><a href=\"https:\/\/vamosporlaliberacion.org\/crpmlm\/feminismo-sin-causas-de-michelle\/\" rel=\"bookmark\" title=\"\u201cFeminismo\u201d sin causas de Michelle\">\u201cFeminismo\u201d sin causas de Michelle<\/a><\/h3>\n                <div class=\"td-module-meta-info\">\n                                        <span class=\"td-post-author-name\"><a href=\"https:\/\/vamosporlaliberacion.org\/crpmlm\/author\/\"><\/a> <span>-<\/span> <\/span>                    <span class=\"td-post-date\"><time class=\"entry-date updated td-module-date\" datetime=\"2016-03-31T01:56:00-03:00\" >31 marzo, 2016<\/time><\/span>                    <span class=\"td-module-comments\"><a href=\"https:\/\/vamosporlaliberacion.org\/crpmlm\/feminismo-sin-causas-de-michelle\/#respond\">0<\/a><\/span>                <\/div>\n\n                <div class=\"td-excerpt\">\n                    El discurso de Michelle LaVaughn Robinson, calificado de inspirador por los medios hegem\u00f3nicos, comenz\u00f3 con el relato de su historia personal y sobre c\u00f3mo,...                <\/div>\n            <\/div>\n\n        <\/div>\n\n        \n        <div class=\"td_module_16 td_module_wrap td-animation-stack\">\n            <div class=\"td-module-thumb\"><a href=\"https:\/\/vamosporlaliberacion.org\/crpmlm\/venimos-a-hablar-con-el-intendente\/\" rel=\"bookmark\" class=\"td-image-wrap \" title=\"\u201cVenimos a hablar con el intendente\u201d\" ><img loading=\"lazy\" decoding=\"async\" class=\"entry-thumb\" src=\"\" alt=\"\" title=\"\u201cVenimos a hablar con el intendente\u201d\" data-type=\"image_tag\" data-img-url=\"https:\/\/i0.wp.com\/vamosporlaliberacion.org\/crpmlm\/wp-content\/uploads\/2016\/03\/chas.jpg?resize=150%2C150&ssl=1\"  width=\"150\" height=\"150\" \/><\/a><\/div>\n            <div class=\"item-details\">\n                <h3 class=\"entry-title td-module-title\"><a href=\"https:\/\/vamosporlaliberacion.org\/crpmlm\/venimos-a-hablar-con-el-intendente\/\" rel=\"bookmark\" title=\"\u201cVenimos a hablar con el intendente\u201d\">\u201cVenimos a hablar con el intendente\u201d<\/a><\/h3>\n                <div class=\"td-module-meta-info\">\n                                        <span class=\"td-post-author-name\"><a href=\"https:\/\/vamosporlaliberacion.org\/crpmlm\/author\/\"><\/a> <span>-<\/span> <\/span>                    <span class=\"td-post-date\"><time class=\"entry-date updated td-module-date\" datetime=\"2016-03-30T22:47:59-03:00\" >31 marzo, 2016<\/time><\/span>                    <span class=\"td-module-comments\"><a href=\"https:\/\/vamosporlaliberacion.org\/crpmlm\/venimos-a-hablar-con-el-intendente\/#respond\">0<\/a><\/span>                <\/div>\n\n                <div class=\"td-excerpt\">\n                    Mucho ruido, mucho canto y emoci\u00f3n de los estudiantes que nos dimos cita en la puerta de la Municipalidad de Chascom\u00fas, reclamando nuestro derecho...                <\/div>\n            <\/div>\n\n        <\/div>\n\n        \n        <div class=\"td_module_16 td_module_wrap td-animation-stack\">\n            <div class=\"td-module-thumb\"><a href=\"https:\/\/vamosporlaliberacion.org\/crpmlm\/piquetazo-en-la-9-de-julio\/\" rel=\"bookmark\" class=\"td-image-wrap \" title=\"Piquetazo en la 9 de Julio\" ><img loading=\"lazy\" decoding=\"async\" class=\"entry-thumb\" src=\"\" alt=\"\" title=\"Piquetazo en la 9 de Julio\" data-type=\"image_tag\" data-img-url=\"https:\/\/i0.wp.com\/vamosporlaliberacion.org\/crpmlm\/wp-content\/uploads\/2016\/03\/piquetazo.jpg?resize=150%2C150&ssl=1\"  width=\"150\" height=\"150\" \/><\/a><\/div>\n            <div class=\"item-details\">\n                <h3 class=\"entry-title td-module-title\"><a href=\"https:\/\/vamosporlaliberacion.org\/crpmlm\/piquetazo-en-la-9-de-julio\/\" rel=\"bookmark\" title=\"Piquetazo en la 9 de Julio\">Piquetazo en la 9 de Julio<\/a><\/h3>\n                <div class=\"td-module-meta-info\">\n                                        <span class=\"td-post-author-name\"><a href=\"https:\/\/vamosporlaliberacion.org\/crpmlm\/author\/\"><\/a> <span>-<\/span> <\/span>                    <span class=\"td-post-date\"><time class=\"entry-date updated td-module-date\" datetime=\"2016-03-30T22:41:08-03:00\" >31 marzo, 2016<\/time><\/span>                    <span class=\"td-module-comments\"><a href=\"https:\/\/vamosporlaliberacion.org\/crpmlm\/piquetazo-en-la-9-de-julio\/#respond\">0<\/a><\/span>                <\/div>\n\n                <div class=\"td-excerpt\">\n                    Desafiando el protocolo antipiquete, m\u00e1s de 15 compa\u00f1eros protagonizaron una contundente jornada el pasado mi\u00e9rcoles 16. El corte se realiz\u00f3 sobre la Av. 9...                <\/div>\n            <\/div>\n\n        <\/div>\n\n        \n        <div class=\"td_module_16 td_module_wrap td-animation-stack\">\n            <div class=\"td-module-thumb\"><a href=\"https:\/\/vamosporlaliberacion.org\/crpmlm\/carlos-fuentealba-2\/\" rel=\"bookmark\" class=\"td-image-wrap \" title=\"Carlos Fuentealba\" ><img loading=\"lazy\" decoding=\"async\" class=\"entry-thumb\" src=\"\" alt=\"\" title=\"Carlos Fuentealba\" data-type=\"image_tag\" data-img-url=\"https:\/\/i0.wp.com\/vamosporlaliberacion.org\/crpmlm\/wp-content\/uploads\/2016\/03\/fuent.jpg?resize=150%2C150&ssl=1\"  width=\"150\" height=\"150\" \/><\/a><\/div>\n            <div class=\"item-details\">\n                <h3 class=\"entry-title td-module-title\"><a href=\"https:\/\/vamosporlaliberacion.org\/crpmlm\/carlos-fuentealba-2\/\" rel=\"bookmark\" title=\"Carlos Fuentealba\">Carlos Fuentealba<\/a><\/h3>\n                <div class=\"td-module-meta-info\">\n                                        <span class=\"td-post-author-name\"><a href=\"https:\/\/vamosporlaliberacion.org\/crpmlm\/author\/\"><\/a> <span>-<\/span> <\/span>                    <span class=\"td-post-date\"><time class=\"entry-date updated td-module-date\" datetime=\"2016-03-30T22:35:34-03:00\" >31 marzo, 2016<\/time><\/span>                    <span class=\"td-module-comments\"><a href=\"https:\/\/vamosporlaliberacion.org\/crpmlm\/carlos-fuentealba-2\/#respond\">0<\/a><\/span>                <\/div>\n\n                <div class=\"td-excerpt\">\n                    Se cumplen 9 a\u00f1os del asesinato del docente Carlos Fuentealba a manos de la polic\u00eda neuquina en el marco de la brutal represi\u00f3n del...                <\/div>\n            <\/div>\n\n        <\/div>\n\n        \n        <div class=\"td_module_16 td_module_wrap td-animation-stack\">\n            <div class=\"td-module-thumb\"><a href=\"https:\/\/vamosporlaliberacion.org\/crpmlm\/companeros-de-cnea-presentes\/\" rel=\"bookmark\" class=\"td-image-wrap \" title=\"Compa\u00f1eros de CNEA, presentes!\" ><img loading=\"lazy\" decoding=\"async\" class=\"entry-thumb\" src=\"\" alt=\"\" title=\"Compa\u00f1eros de CNEA, presentes!\" data-type=\"image_tag\" data-img-url=\"https:\/\/i0.wp.com\/vamosporlaliberacion.org\/crpmlm\/wp-content\/uploads\/2016\/03\/1-bandera-640x480.jpg?resize=150%2C150&ssl=1\"  width=\"150\" height=\"150\" \/><\/a><\/div>\n            <div class=\"item-details\">\n                <h3 class=\"entry-title td-module-title\"><a href=\"https:\/\/vamosporlaliberacion.org\/crpmlm\/companeros-de-cnea-presentes\/\" rel=\"bookmark\" title=\"Compa\u00f1eros de CNEA, presentes!\">Compa\u00f1eros de CNEA, presentes!<\/a><\/h3>\n                <div class=\"td-module-meta-info\">\n                                        <span class=\"td-post-author-name\"><a href=\"https:\/\/vamosporlaliberacion.org\/crpmlm\/author\/\"><\/a> <span>-<\/span> <\/span>                    <span class=\"td-post-date\"><time class=\"entry-date updated td-module-date\" datetime=\"2016-03-30T22:31:29-03:00\" >31 marzo, 2016<\/time><\/span>                    <span class=\"td-module-comments\"><a href=\"https:\/\/vamosporlaliberacion.org\/crpmlm\/companeros-de-cnea-presentes\/#respond\">0<\/a><\/span>                <\/div>\n\n                <div class=\"td-excerpt\">\n                    Este 24 de marzo en la movilizaci\u00f3n junto al Encuentro Memoria Verdad y Justicia los trabajadores y trabajadoras de CNEA de los centros at\u00f3micos...                <\/div>\n            <\/div>\n\n        <\/div>\n\n        \n        <div class=\"td_module_16 td_module_wrap td-animation-stack\">\n            <div class=\"td-module-thumb\"><a href=\"https:\/\/vamosporlaliberacion.org\/crpmlm\/homenaje-en-tigre-a-docentes-desaparecidos\/\" rel=\"bookmark\" class=\"td-image-wrap \" title=\"Homenaje en Tigre a docentes desaparecidos\" ><img loading=\"lazy\" decoding=\"async\" class=\"entry-thumb\" src=\"\" alt=\"\" title=\"Homenaje en Tigre a docentes desaparecidos\" data-type=\"image_tag\" data-img-url=\"https:\/\/i0.wp.com\/vamosporlaliberacion.org\/crpmlm\/wp-content\/uploads\/2016\/03\/tigre-homenaje-docentes.jpg?resize=150%2C150&ssl=1\"  width=\"150\" height=\"150\" \/><\/a><\/div>\n            <div class=\"item-details\">\n                <h3 class=\"entry-title td-module-title\"><a href=\"https:\/\/vamosporlaliberacion.org\/crpmlm\/homenaje-en-tigre-a-docentes-desaparecidos\/\" rel=\"bookmark\" title=\"Homenaje en Tigre a docentes desaparecidos\">Homenaje en Tigre a docentes desaparecidos<\/a><\/h3>\n                <div class=\"td-module-meta-info\">\n                                        <span class=\"td-post-author-name\"><a href=\"https:\/\/vamosporlaliberacion.org\/crpmlm\/author\/\"><\/a> <span>-<\/span> <\/span>                    <span class=\"td-post-date\"><time class=\"entry-date updated td-module-date\" datetime=\"2016-03-30T22:22:48-03:00\" >31 marzo, 2016<\/time><\/span>                    <span class=\"td-module-comments\"><a href=\"https:\/\/vamosporlaliberacion.org\/crpmlm\/homenaje-en-tigre-a-docentes-desaparecidos\/#respond\">0<\/a><\/span>                <\/div>\n\n                <div class=\"td-excerpt\">\n                    El pasado 22 se realiz\u00f3 un homenaje a las docentes Rosa Mar\u00eda Casariego y Alh\u00f3ndiga Juana Burga, detenidas-desaparecidas de la \u00faltima dictadura militar. El...                <\/div>\n            <\/div>\n\n        <\/div>\n\n        \n        <div class=\"td_module_16 td_module_wrap td-animation-stack\">\n            <div class=\"td-module-thumb\"><a href=\"https:\/\/vamosporlaliberacion.org\/crpmlm\/gracias-obama\/\" rel=\"bookmark\" class=\"td-image-wrap \" title=\"\u00bfGracias Obama?\" ><img loading=\"lazy\" decoding=\"async\" class=\"entry-thumb\" src=\"\" alt=\"\" title=\"\u00bfGracias Obama?\" data-type=\"image_tag\" data-img-url=\"https:\/\/i0.wp.com\/vamosporlaliberacion.org\/crpmlm\/wp-content\/uploads\/2016\/03\/obama-macri.jpg?resize=150%2C150&ssl=1\"  width=\"150\" height=\"150\" \/><\/a><\/div>\n            <div class=\"item-details\">\n                <h3 class=\"entry-title td-module-title\"><a href=\"https:\/\/vamosporlaliberacion.org\/crpmlm\/gracias-obama\/\" rel=\"bookmark\" title=\"\u00bfGracias Obama?\">\u00bfGracias Obama?<\/a><\/h3>\n                <div class=\"td-module-meta-info\">\n                                        <span class=\"td-post-author-name\"><a href=\"https:\/\/vamosporlaliberacion.org\/crpmlm\/author\/\"><\/a> <span>-<\/span> <\/span>                    <span class=\"td-post-date\"><time class=\"entry-date updated td-module-date\" datetime=\"2016-03-30T21:30:24-03:00\" >31 marzo, 2016<\/time><\/span>                    <span class=\"td-module-comments\"><a href=\"https:\/\/vamosporlaliberacion.org\/crpmlm\/gracias-obama\/#respond\">0<\/a><\/span>                <\/div>\n\n                <div class=\"td-excerpt\">\n                    Tras su resonante y significativo viaje a Cuba, el presidente norteamericano enfil\u00f3 para Argentina en una visita sorpresiva, publicitada hace solo un mes. Con...                <\/div>\n            <\/div>\n\n        <\/div>\n\n        \n        <div class=\"td_module_16 td_module_wrap td-animation-stack\">\n            <div class=\"td-module-thumb\"><a href=\"https:\/\/vamosporlaliberacion.org\/crpmlm\/entrega-nuclear\/\" rel=\"bookmark\" class=\"td-image-wrap \" title=\"Entrega nuclear\" ><img loading=\"lazy\" decoding=\"async\" class=\"entry-thumb\" src=\"\" alt=\"\" title=\"Entrega nuclear\" data-type=\"image_tag\" data-img-url=\"https:\/\/i0.wp.com\/vamosporlaliberacion.org\/crpmlm\/wp-content\/uploads\/2016\/03\/cnea-ate.jpg?resize=150%2C150&ssl=1\"  width=\"150\" height=\"150\" \/><\/a><\/div>\n            <div class=\"item-details\">\n                <h3 class=\"entry-title td-module-title\"><a href=\"https:\/\/vamosporlaliberacion.org\/crpmlm\/entrega-nuclear\/\" rel=\"bookmark\" title=\"Entrega nuclear\">Entrega nuclear<\/a><\/h3>\n                <div class=\"td-module-meta-info\">\n                                        <span class=\"td-post-author-name\"><a href=\"https:\/\/vamosporlaliberacion.org\/crpmlm\/author\/\"><\/a> <span>-<\/span> <\/span>                    <span class=\"td-post-date\"><time class=\"entry-date updated td-module-date\" datetime=\"2016-03-30T21:26:51-03:00\" >31 marzo, 2016<\/time><\/span>                    <span class=\"td-module-comments\"><a href=\"https:\/\/vamosporlaliberacion.org\/crpmlm\/entrega-nuclear\/#respond\">0<\/a><\/span>                <\/div>\n\n                <div class=\"td-excerpt\">\n                    Uno de los temas en el que habr\u00edan avanzado Obama y Macri es en el \u00e1rea de \u201ccooperaci\u00f3n\u201d nuclear. Pero no precisamente para impulsar...                <\/div>\n            <\/div>\n\n        <\/div>\n\n        \n        <div class=\"td_module_16 td_module_wrap td-animation-stack\">\n            <div class=\"td-module-thumb\"><a href=\"https:\/\/vamosporlaliberacion.org\/crpmlm\/repudio-a-la-visita-de-obama\/\" rel=\"bookmark\" class=\"td-image-wrap \" title=\"Repudio a la visita de Obama\" ><img loading=\"lazy\" decoding=\"async\" class=\"entry-thumb\" src=\"\" alt=\"\" title=\"Repudio a la visita de Obama\" data-type=\"image_tag\" data-img-url=\"https:\/\/i0.wp.com\/vamosporlaliberacion.org\/crpmlm\/wp-content\/uploads\/2016\/03\/cr-eeuu.jpg?resize=150%2C150&ssl=1\"  width=\"150\" height=\"150\" \/><\/a><\/div>\n            <div class=\"item-details\">\n                <h3 class=\"entry-title td-module-title\"><a href=\"https:\/\/vamosporlaliberacion.org\/crpmlm\/repudio-a-la-visita-de-obama\/\" rel=\"bookmark\" title=\"Repudio a la visita de Obama\">Repudio a la visita de Obama<\/a><\/h3>\n                <div class=\"td-module-meta-info\">\n                                        <span class=\"td-post-author-name\"><a href=\"https:\/\/vamosporlaliberacion.org\/crpmlm\/author\/\"><\/a> <span>-<\/span> <\/span>                    <span class=\"td-post-date\"><time class=\"entry-date updated td-module-date\" datetime=\"2016-03-30T21:25:26-03:00\" >31 marzo, 2016<\/time><\/span>                    <span class=\"td-module-comments\"><a href=\"https:\/\/vamosporlaliberacion.org\/crpmlm\/repudio-a-la-visita-de-obama\/#respond\">0<\/a><\/span>                <\/div>\n\n                <div class=\"td-excerpt\">\n                    Es mi\u00e9rcoles, son las 16:30hs en Buenos Aires, la ciudad est\u00e1 conmocionada por la llegada del primer mandatario estadounidense. Los subtes funcionan a medias,...                <\/div>\n            <\/div>\n\n        <\/div>\n\n        <\/div><\/div> <!-- .\/block --><div class=\"td_block_wrap td_block_21 tdi_22_6b5 td-pb-border-top td_block_template_1 td-column-2\"  data-td-block-uid=\"tdi_22_6b5\" >\n<style>\n.td_block_template_2.widget > ul > li,\n            .td_block_template_6.widget > ul > li,\n            .td_block_template_8.widget > ul > li,\n            .td_block_template_9.widget > ul > li,\n            .td_block_template_10.widget > ul > li,\n            .td_block_template_11.widget > ul > li,\n            .td_block_template_12.widget > ul > li,\n            .td_block_template_13.widget > ul > li,\n            .td_block_template_14.widget > ul > li,\n            .td_block_template_15.widget > ul > li,\n            .td_block_template_16.widget > ul > li,\n            .td_block_template_17.widget > ul > li {\n                margin-left: 0 !important;\n            }\n            .global-block-template-12 .td-comments-title span,\n            .global-block-template-13 .td-comments-title span {\n                margin-left: 0 !important;\n                font-size: 20px;\n            }\n            @media (max-width: 767px) {\n                .global-block-template-12 .td-comments-title span,\n                .global-block-template-13 .td-comments-title span {\n                    font-size: 15px;\n                }\n            }\n            .td-block-title-wrap .td-wrapper-pulldown-filter {\n                font-family: 'Roboto', sans-serif;\n                position: absolute;\n                bottom: 0;\n                right: 0;\n                top: 0;\n                margin: auto 0;\n                z-index: 2;\n                background-color: #fff;\n                font-size: 13px;\n                line-height: 1;\n                color: #777;\n                text-align: right;\n            }\n            .td-block-title-wrap .td-wrapper-pulldown-filter .td-pulldown-filter-display-option {\n                cursor: pointer;\n                white-space: nowrap;\n                position: relative;\n                line-height: 29px;\n            }\n            .td-block-title-wrap .td-wrapper-pulldown-filter .td-pulldown-filter-display-option i {\n                font-size: 9px;\n                color: #777;\n                margin-left: 20px;\n                margin-right: 10px;\n            }\n            .td-block-title-wrap .td-wrapper-pulldown-filter .td-pulldown-filter-display-option i:before {\n                content: '\\e83d';\n            }\n            .td-block-title-wrap .td-wrapper-pulldown-filter .td-pulldown-filter-display-option span {\n                padding-left: 20px;\n                margin-right: -14px;\n            }\n            @media (max-width: 360px) {\n                .td-block-title-wrap .td-wrapper-pulldown-filter .td-pulldown-filter-display-option span {\n                    display: none;\n                }\n            }\n            .td-block-title-wrap .td-wrapper-pulldown-filter .td-pulldown-filter-display-option:hover {\n                color: #4db2ec;\n            }\n            .td-block-title-wrap .td-wrapper-pulldown-filter .td-pulldown-filter-display-option:hover i {\n                color: #4db2ec;\n            }\n            .td-block-title-wrap .td-wrapper-pulldown-filter .td-pulldown-filter-display-option:hover ul {\n                display: block;\n            }\n            .td-block-title-wrap .td-wrapper-pulldown-filter .td-pulldown-filter-list {\n                list-style: none;\n                position: absolute;\n                right: 0;\n                top: 100%;\n                padding: 18px 0;\n                background-color: rgb(255, 255, 255);\n                background-color: rgba(255, 255, 255, 0.95);\n                z-index: 999;\n                border-width: 1px;\n                border-color: #ededed;\n                border-style: solid;\n                display: none;\n                margin: 0;\n            }\n            .td-block-title-wrap .td-wrapper-pulldown-filter .td-pulldown-filter-item {\n                list-style: none;\n                margin: 0;\n            }\n            .td-block-title-wrap .td-wrapper-pulldown-filter .td-pulldown-filter-item .td-cur-simple-item {\n                color: #4db2ec;\n            }\n            .td-block-title-wrap .td-wrapper-pulldown-filter .td-pulldown-more {\n                padding-bottom: 10px;\n            }\n            .td-block-title-wrap .td-wrapper-pulldown-filter .td-pulldown-more:before {\n                content: '';\n                width: 70px;\n                height: 100%;\n                position: absolute;\n                margin-top: 2px;\n                top: 0;\n                right: 0;\n                z-index: 1;\n                opacity: 0;\n            }\n            .td-block-title-wrap .td-wrapper-pulldown-filter .td-pulldown-filter-link {\n                color: #777;\n                white-space: nowrap;\n                display: block;\n                line-height: 26px;\n                padding-left: 36px;\n                padding-right: 27px;\n            }\n            .td-block-title-wrap .td-wrapper-pulldown-filter .td-pulldown-filter-link:hover {\n                color: #4db2ec;\n            }\n            @media (min-width: 768px) and (max-width: 1018px) {\n                .td-pb-span4 .td-block-title-wrap .td-wrapper-pulldown-filter .td-pulldown-filter-display-option span {\n                    display: none;\n                }\n                .td-pb-span4 .td-block-title-wrap .td-wrapper-pulldown-filter .td-pulldown-filter-link {\n                    padding-left: 24px;\n                    padding-right: 20px !important;\n                }\n            }\n            @-moz-document url-prefix() {\n                .td-pulldown-syle-default .td-subcat-more,\n                .td-pulldown-syle-default .td-subcat-list {\n                    position: relative;\n                    top: -1px;\n                }\n            }\n            .td-pulldown-syle-2 {\n                top: 0;\n            }\n            .td-pulldown-syle-2 .td-subcat-dropdown ul {\n                padding: 20px 0;\n                margin-top: 0;\n            }\n            .td-pulldown-syle-2 .td-subcat-dropdown ul:after {\n                content: '';\n                position: absolute;\n                width: calc(100% + 2px);\n                height: 3px;\n                top: 0;\n                left: -1px;\n                background-color: #4db2ec;\n            }\n            .td-pulldown-syle-2 .td-subcat-dropdown a {\n                padding-left: 40px;\n                padding-right: 31px;\n            }\n            .td-pulldown-syle-2 .td-subcat-dropdown:hover .td-subcat-more {\n                background-color: transparent !important;\n            }\n            .td-pulldown-syle-2 .td-subcat-dropdown:hover .td-subcat-more span,\n            .td-pulldown-syle-2 .td-subcat-dropdown:hover .td-subcat-more i {\n                color: #4db2ec;\n            }\n            .td-pulldown-syle-2 .td-subcat-dropdown .td-subcat-more {\n                margin-left: 9px;\n                margin-bottom: 8px; \/\/ this align the dropdown list\n            }\n            .td-pulldown-syle-2 .td-subcat-list .td-subcat-item {\n                margin-left: 24px;\n            }\n            .td-pulldown-syle-3 {\n                top: 0;\n            }\n            .td-pulldown-syle-3 .td-subcat-dropdown ul {\n                padding: 15px 0;\n                margin-top: -1px;\n                border-width: 1px;\n            }\n            .td-pulldown-syle-3 .td-subcat-dropdown a {\n                padding-left: 40px;\n                padding-right: 31px;\n            }\n            .td-pulldown-syle-3 .td-subcat-dropdown &:hover .td-subcat-more {\n                background-color: transparent !important;\n            }\n            .td-pulldown-syle-3 .td-subcat-dropdown &:hover .td-subcat-more span,\n            .td-pulldown-syle-3 .td-subcat-dropdown &:hover .td-subcat-more i {\n                color: #4db2ec;\n            }\n            .td-pulldown-syle-3 .td-subcat-dropdown .td-subcat-more {\n                margin-left: 9px;\n                margin-bottom: 8px; \/\/ this align the dropdown list\n            }\n            .td-pulldown-syle-3 .td-subcat-list .td-subcat-item {\n                margin-left: 24px;\n            }\n            \n            \n\n            \n            .td-theme-wrap .tdi_22_6b5 .td-pulldown-filter-link:hover,\n            .td-theme-wrap .tdi_22_6b5 .td-subcat-item a:hover,\n            .td-theme-wrap .tdi_22_6b5 .td-subcat-item .td-cur-simple-item {\n                color: #dd3333;\n            }\n\n            .td-theme-wrap .tdi_22_6b5 .block-title > *,\n            .td-theme-wrap .tdi_22_6b5 .td-subcat-dropdown:hover .td-subcat-more {\n                background-color: #dd3333;\n            }\n            .td-theme-wrap .td-footer-wrapper .tdi_22_6b5 .block-title > * {\n                padding: 6px 7px 5px;\n                line-height: 1;\n            }\n\n            .td-theme-wrap .tdi_22_6b5 .block-title {\n                border-color: #dd3333;\n            }\n\n            \n            .td-theme-wrap .tdi_22_6b5 .td_module_wrap:hover .entry-title a,\n            .td-theme-wrap .tdi_22_6b5 .td_quote_on_blocks,\n            .td-theme-wrap .tdi_22_6b5 .td-opacity-cat .td-post-category:hover,\n            .td-theme-wrap .tdi_22_6b5 .td-opacity-read .td-read-more a:hover,\n            .td-theme-wrap .tdi_22_6b5 .td-opacity-author .td-post-author-name a:hover,\n            .td-theme-wrap .tdi_22_6b5 .td-instagram-user a {\n                color: #dd3333;\n            }\n\n            .td-theme-wrap .tdi_22_6b5 .td-next-prev-wrap a:hover,\n            .td-theme-wrap .tdi_22_6b5 .td-load-more-wrap a:hover {\n                background-color: #dd3333;\n                border-color: #dd3333;\n            }\n\n            .td-theme-wrap .tdi_22_6b5 .td-read-more a,\n            .td-theme-wrap .tdi_22_6b5 .td-weather-information:before,\n            .td-theme-wrap .tdi_22_6b5 .td-weather-week:before,\n            .td-theme-wrap .tdi_22_6b5 .td-exchange-header:before,\n            .td-theme-wrap .td-footer-wrapper .tdi_22_6b5 .td-post-category,\n            .td-theme-wrap .tdi_22_6b5 .td-post-category:hover {\n                background-color: #dd3333;\n            }\n<\/style><script>var block_tdi_22_6b5 = new tdBlock();\nblock_tdi_22_6b5.id = \"tdi_22_6b5\";\nblock_tdi_22_6b5.atts = '{\"custom_title\":\"Sindical\",\"header_color\":\"#dd3333\",\"category_id\":\"12\",\"tag_slug\":\"vxl 71\",\"limit\":\"10\",\"td_filter_default_txt\":\"Todo\",\"block_type\":\"td_block_21\",\"separator\":\"\",\"custom_url\":\"\",\"block_template_id\":\"\",\"m16_tl\":\"\",\"m16_el\":\"\",\"post_ids\":\"\",\"category_ids\":\"\",\"autors_id\":\"\",\"installed_post_types\":\"\",\"sort\":\"\",\"offset\":\"\",\"show_modified_date\":\"\",\"el_class\":\"\",\"td_ajax_filter_type\":\"\",\"td_ajax_filter_ids\":\"\",\"td_ajax_preloading\":\"\",\"f_header_font_header\":\"\",\"f_header_font_title\":\"Block header\",\"f_header_font_settings\":\"\",\"f_header_font_family\":\"\",\"f_header_font_size\":\"\",\"f_header_font_line_height\":\"\",\"f_header_font_style\":\"\",\"f_header_font_weight\":\"\",\"f_header_font_transform\":\"\",\"f_header_font_spacing\":\"\",\"f_header_\":\"\",\"f_ajax_font_title\":\"Ajax categories\",\"f_ajax_font_settings\":\"\",\"f_ajax_font_family\":\"\",\"f_ajax_font_size\":\"\",\"f_ajax_font_line_height\":\"\",\"f_ajax_font_style\":\"\",\"f_ajax_font_weight\":\"\",\"f_ajax_font_transform\":\"\",\"f_ajax_font_spacing\":\"\",\"f_ajax_\":\"\",\"f_more_font_title\":\"Load more button\",\"f_more_font_settings\":\"\",\"f_more_font_family\":\"\",\"f_more_font_size\":\"\",\"f_more_font_line_height\":\"\",\"f_more_font_style\":\"\",\"f_more_font_weight\":\"\",\"f_more_font_transform\":\"\",\"f_more_font_spacing\":\"\",\"f_more_\":\"\",\"m16f_title_font_header\":\"\",\"m16f_title_font_title\":\"Article title\",\"m16f_title_font_settings\":\"\",\"m16f_title_font_family\":\"\",\"m16f_title_font_size\":\"\",\"m16f_title_font_line_height\":\"\",\"m16f_title_font_style\":\"\",\"m16f_title_font_weight\":\"\",\"m16f_title_font_transform\":\"\",\"m16f_title_font_spacing\":\"\",\"m16f_title_\":\"\",\"m16f_cat_font_title\":\"Article category tag\",\"m16f_cat_font_settings\":\"\",\"m16f_cat_font_family\":\"\",\"m16f_cat_font_size\":\"\",\"m16f_cat_font_line_height\":\"\",\"m16f_cat_font_style\":\"\",\"m16f_cat_font_weight\":\"\",\"m16f_cat_font_transform\":\"\",\"m16f_cat_font_spacing\":\"\",\"m16f_cat_\":\"\",\"m16f_meta_font_title\":\"Article meta info\",\"m16f_meta_font_settings\":\"\",\"m16f_meta_font_family\":\"\",\"m16f_meta_font_size\":\"\",\"m16f_meta_font_line_height\":\"\",\"m16f_meta_font_style\":\"\",\"m16f_meta_font_weight\":\"\",\"m16f_meta_font_transform\":\"\",\"m16f_meta_font_spacing\":\"\",\"m16f_meta_\":\"\",\"m16f_ex_font_title\":\"Article excerpt\",\"m16f_ex_font_settings\":\"\",\"m16f_ex_font_family\":\"\",\"m16f_ex_font_size\":\"\",\"m16f_ex_font_line_height\":\"\",\"m16f_ex_font_style\":\"\",\"m16f_ex_font_weight\":\"\",\"m16f_ex_font_transform\":\"\",\"m16f_ex_font_spacing\":\"\",\"m16f_ex_\":\"\",\"ajax_pagination\":\"\",\"ajax_pagination_infinite_stop\":\"\",\"css\":\"\",\"tdc_css\":\"\",\"td_column_number\":2,\"color_preset\":\"\",\"border_top\":\"\",\"class\":\"tdi_22_6b5\",\"tdc_css_class\":\"tdi_22_6b5\",\"tdc_css_class_style\":\"tdi_22_6b5_rand_style\"}';\nblock_tdi_22_6b5.td_column_number = \"2\";\nblock_tdi_22_6b5.block_type = \"td_block_21\";\nblock_tdi_22_6b5.post_count = \"10\";\nblock_tdi_22_6b5.found_posts = \"22\";\nblock_tdi_22_6b5.header_color = \"#dd3333\";\nblock_tdi_22_6b5.ajax_pagination_infinite_stop = \"\";\nblock_tdi_22_6b5.max_num_pages = \"3\";\ntdBlocksArray.push(block_tdi_22_6b5);\n<\/script><div class=\"td-block-title-wrap\"><h4 class=\"block-title td-block-title\"><span class=\"td-pulldown-size\">Sindical<\/span><\/h4><\/div><div id=tdi_22_6b5 class=\"td_block_inner\">\n        <div class=\"td_module_16 td_module_wrap td-animation-stack\">\n            <div class=\"td-module-thumb\"><a href=\"https:\/\/vamosporlaliberacion.org\/crpmlm\/la-guerra-de-malvinas\/\" rel=\"bookmark\" class=\"td-image-wrap \" title=\"La Guerra de Malvinas\" ><img loading=\"lazy\" decoding=\"async\" class=\"entry-thumb\" src=\"\" alt=\"\" title=\"La Guerra de Malvinas\" data-type=\"image_tag\" data-img-url=\"https:\/\/i0.wp.com\/vamosporlaliberacion.org\/crpmlm\/wp-content\/uploads\/2016\/03\/malv.jpg?resize=150%2C150&ssl=1\"  width=\"150\" height=\"150\" \/><\/a><\/div>\n            <div class=\"item-details\">\n                <h3 class=\"entry-title td-module-title\"><a href=\"https:\/\/vamosporlaliberacion.org\/crpmlm\/la-guerra-de-malvinas\/\" rel=\"bookmark\" title=\"La Guerra de Malvinas\">La Guerra de Malvinas<\/a><\/h3>\n                <div class=\"td-module-meta-info\">\n                                        <span class=\"td-post-author-name\"><a href=\"https:\/\/vamosporlaliberacion.org\/crpmlm\/author\/\"><\/a> <span>-<\/span> <\/span>                    <span class=\"td-post-date\"><time class=\"entry-date updated td-module-date\" datetime=\"2016-03-31T02:02:41-03:00\" >31 marzo, 2016<\/time><\/span>                    <span class=\"td-module-comments\"><a href=\"https:\/\/vamosporlaliberacion.org\/crpmlm\/la-guerra-de-malvinas\/#respond\">0<\/a><\/span>                <\/div>\n\n                <div class=\"td-excerpt\">\n                    El 2 de abril de 1982 las Fuerzas Armadas argentinas desembarcaron en las Islas Malvinas y tras un enfrentamiento con el destacamento de las...                <\/div>\n            <\/div>\n\n        <\/div>\n\n        \n        <div class=\"td_module_16 td_module_wrap td-animation-stack\">\n            <div class=\"td-module-thumb\"><a href=\"https:\/\/vamosporlaliberacion.org\/crpmlm\/feminismo-sin-causas-de-michelle\/\" rel=\"bookmark\" class=\"td-image-wrap \" title=\"\u201cFeminismo\u201d sin causas de Michelle\" ><img loading=\"lazy\" decoding=\"async\" class=\"entry-thumb\" src=\"\" alt=\"\" title=\"\u201cFeminismo\u201d sin causas de Michelle\" data-type=\"image_tag\" data-img-url=\"https:\/\/i0.wp.com\/vamosporlaliberacion.org\/crpmlm\/wp-content\/uploads\/2016\/03\/obama-en-argentina.jpg?resize=150%2C150&ssl=1\"  width=\"150\" height=\"150\" \/><\/a><\/div>\n            <div class=\"item-details\">\n                <h3 class=\"entry-title td-module-title\"><a href=\"https:\/\/vamosporlaliberacion.org\/crpmlm\/feminismo-sin-causas-de-michelle\/\" rel=\"bookmark\" title=\"\u201cFeminismo\u201d sin causas de Michelle\">\u201cFeminismo\u201d sin causas de Michelle<\/a><\/h3>\n                <div class=\"td-module-meta-info\">\n                                        <span class=\"td-post-author-name\"><a href=\"https:\/\/vamosporlaliberacion.org\/crpmlm\/author\/\"><\/a> <span>-<\/span> <\/span>                    <span class=\"td-post-date\"><time class=\"entry-date updated td-module-date\" datetime=\"2016-03-31T01:56:00-03:00\" >31 marzo, 2016<\/time><\/span>                    <span class=\"td-module-comments\"><a href=\"https:\/\/vamosporlaliberacion.org\/crpmlm\/feminismo-sin-causas-de-michelle\/#respond\">0<\/a><\/span>                <\/div>\n\n                <div class=\"td-excerpt\">\n                    El discurso de Michelle LaVaughn Robinson, calificado de inspirador por los medios hegem\u00f3nicos, comenz\u00f3 con el relato de su historia personal y sobre c\u00f3mo,...                <\/div>\n            <\/div>\n\n        <\/div>\n\n        \n        <div class=\"td_module_16 td_module_wrap td-animation-stack\">\n            <div class=\"td-module-thumb\"><a href=\"https:\/\/vamosporlaliberacion.org\/crpmlm\/venimos-a-hablar-con-el-intendente\/\" rel=\"bookmark\" class=\"td-image-wrap \" title=\"\u201cVenimos a hablar con el intendente\u201d\" ><img loading=\"lazy\" decoding=\"async\" class=\"entry-thumb\" src=\"\" alt=\"\" title=\"\u201cVenimos a hablar con el intendente\u201d\" data-type=\"image_tag\" data-img-url=\"https:\/\/i0.wp.com\/vamosporlaliberacion.org\/crpmlm\/wp-content\/uploads\/2016\/03\/chas.jpg?resize=150%2C150&ssl=1\"  width=\"150\" height=\"150\" \/><\/a><\/div>\n            <div class=\"item-details\">\n                <h3 class=\"entry-title td-module-title\"><a href=\"https:\/\/vamosporlaliberacion.org\/crpmlm\/venimos-a-hablar-con-el-intendente\/\" rel=\"bookmark\" title=\"\u201cVenimos a hablar con el intendente\u201d\">\u201cVenimos a hablar con el intendente\u201d<\/a><\/h3>\n                <div class=\"td-module-meta-info\">\n                                        <span class=\"td-post-author-name\"><a href=\"https:\/\/vamosporlaliberacion.org\/crpmlm\/author\/\"><\/a> <span>-<\/span> <\/span>                    <span class=\"td-post-date\"><time class=\"entry-date updated td-module-date\" datetime=\"2016-03-30T22:47:59-03:00\" >31 marzo, 2016<\/time><\/span>                    <span class=\"td-module-comments\"><a href=\"https:\/\/vamosporlaliberacion.org\/crpmlm\/venimos-a-hablar-con-el-intendente\/#respond\">0<\/a><\/span>                <\/div>\n\n                <div class=\"td-excerpt\">\n                    Mucho ruido, mucho canto y emoci\u00f3n de los estudiantes que nos dimos cita en la puerta de la Municipalidad de Chascom\u00fas, reclamando nuestro derecho...                <\/div>\n            <\/div>\n\n        <\/div>\n\n        \n        <div class=\"td_module_16 td_module_wrap td-animation-stack\">\n            <div class=\"td-module-thumb\"><a href=\"https:\/\/vamosporlaliberacion.org\/crpmlm\/piquetazo-en-la-9-de-julio\/\" rel=\"bookmark\" class=\"td-image-wrap \" title=\"Piquetazo en la 9 de Julio\" ><img loading=\"lazy\" decoding=\"async\" class=\"entry-thumb\" src=\"\" alt=\"\" title=\"Piquetazo en la 9 de Julio\" data-type=\"image_tag\" data-img-url=\"https:\/\/i0.wp.com\/vamosporlaliberacion.org\/crpmlm\/wp-content\/uploads\/2016\/03\/piquetazo.jpg?resize=150%2C150&ssl=1\"  width=\"150\" height=\"150\" \/><\/a><\/div>\n            <div class=\"item-details\">\n                <h3 class=\"entry-title td-module-title\"><a href=\"https:\/\/vamosporlaliberacion.org\/crpmlm\/piquetazo-en-la-9-de-julio\/\" rel=\"bookmark\" title=\"Piquetazo en la 9 de Julio\">Piquetazo en la 9 de Julio<\/a><\/h3>\n                <div class=\"td-module-meta-info\">\n                                        <span class=\"td-post-author-name\"><a href=\"https:\/\/vamosporlaliberacion.org\/crpmlm\/author\/\"><\/a> <span>-<\/span> <\/span>                    <span class=\"td-post-date\"><time class=\"entry-date updated td-module-date\" datetime=\"2016-03-30T22:41:08-03:00\" >31 marzo, 2016<\/time><\/span>                    <span class=\"td-module-comments\"><a href=\"https:\/\/vamosporlaliberacion.org\/crpmlm\/piquetazo-en-la-9-de-julio\/#respond\">0<\/a><\/span>                <\/div>\n\n                <div class=\"td-excerpt\">\n                    Desafiando el protocolo antipiquete, m\u00e1s de 15 compa\u00f1eros protagonizaron una contundente jornada el pasado mi\u00e9rcoles 16. El corte se realiz\u00f3 sobre la Av. 9...                <\/div>\n            <\/div>\n\n        <\/div>\n\n        \n        <div class=\"td_module_16 td_module_wrap td-animation-stack\">\n            <div class=\"td-module-thumb\"><a href=\"https:\/\/vamosporlaliberacion.org\/crpmlm\/carlos-fuentealba-2\/\" rel=\"bookmark\" class=\"td-image-wrap \" title=\"Carlos Fuentealba\" ><img loading=\"lazy\" decoding=\"async\" class=\"entry-thumb\" src=\"\" alt=\"\" title=\"Carlos Fuentealba\" data-type=\"image_tag\" data-img-url=\"https:\/\/i0.wp.com\/vamosporlaliberacion.org\/crpmlm\/wp-content\/uploads\/2016\/03\/fuent.jpg?resize=150%2C150&ssl=1\"  width=\"150\" height=\"150\" \/><\/a><\/div>\n            <div class=\"item-details\">\n                <h3 class=\"entry-title td-module-title\"><a href=\"https:\/\/vamosporlaliberacion.org\/crpmlm\/carlos-fuentealba-2\/\" rel=\"bookmark\" title=\"Carlos Fuentealba\">Carlos Fuentealba<\/a><\/h3>\n                <div class=\"td-module-meta-info\">\n                                        <span class=\"td-post-author-name\"><a href=\"https:\/\/vamosporlaliberacion.org\/crpmlm\/author\/\"><\/a> <span>-<\/span> <\/span>                    <span class=\"td-post-date\"><time class=\"entry-date updated td-module-date\" datetime=\"2016-03-30T22:35:34-03:00\" >31 marzo, 2016<\/time><\/span>                    <span class=\"td-module-comments\"><a href=\"https:\/\/vamosporlaliberacion.org\/crpmlm\/carlos-fuentealba-2\/#respond\">0<\/a><\/span>                <\/div>\n\n                <div class=\"td-excerpt\">\n                    Se cumplen 9 a\u00f1os del asesinato del docente Carlos Fuentealba a manos de la polic\u00eda neuquina en el marco de la brutal represi\u00f3n del...                <\/div>\n            <\/div>\n\n        <\/div>\n\n        \n        <div class=\"td_module_16 td_module_wrap td-animation-stack\">\n            <div class=\"td-module-thumb\"><a href=\"https:\/\/vamosporlaliberacion.org\/crpmlm\/companeros-de-cnea-presentes\/\" rel=\"bookmark\" class=\"td-image-wrap \" title=\"Compa\u00f1eros de CNEA, presentes!\" ><img loading=\"lazy\" decoding=\"async\" class=\"entry-thumb\" src=\"\" alt=\"\" title=\"Compa\u00f1eros de CNEA, presentes!\" data-type=\"image_tag\" data-img-url=\"https:\/\/i0.wp.com\/vamosporlaliberacion.org\/crpmlm\/wp-content\/uploads\/2016\/03\/1-bandera-640x480.jpg?resize=150%2C150&ssl=1\"  width=\"150\" height=\"150\" \/><\/a><\/div>\n            <div class=\"item-details\">\n                <h3 class=\"entry-title td-module-title\"><a href=\"https:\/\/vamosporlaliberacion.org\/crpmlm\/companeros-de-cnea-presentes\/\" rel=\"bookmark\" title=\"Compa\u00f1eros de CNEA, presentes!\">Compa\u00f1eros de CNEA, presentes!<\/a><\/h3>\n                <div class=\"td-module-meta-info\">\n                                        <span class=\"td-post-author-name\"><a href=\"https:\/\/vamosporlaliberacion.org\/crpmlm\/author\/\"><\/a> <span>-<\/span> <\/span>                    <span class=\"td-post-date\"><time class=\"entry-date updated td-module-date\" datetime=\"2016-03-30T22:31:29-03:00\" >31 marzo, 2016<\/time><\/span>                    <span class=\"td-module-comments\"><a href=\"https:\/\/vamosporlaliberacion.org\/crpmlm\/companeros-de-cnea-presentes\/#respond\">0<\/a><\/span>                <\/div>\n\n                <div class=\"td-excerpt\">\n                    Este 24 de marzo en la movilizaci\u00f3n junto al Encuentro Memoria Verdad y Justicia los trabajadores y trabajadoras de CNEA de los centros at\u00f3micos...                <\/div>\n            <\/div>\n\n        <\/div>\n\n        \n        <div class=\"td_module_16 td_module_wrap td-animation-stack\">\n            <div class=\"td-module-thumb\"><a href=\"https:\/\/vamosporlaliberacion.org\/crpmlm\/homenaje-en-tigre-a-docentes-desaparecidos\/\" rel=\"bookmark\" class=\"td-image-wrap \" title=\"Homenaje en Tigre a docentes desaparecidos\" ><img loading=\"lazy\" decoding=\"async\" class=\"entry-thumb\" src=\"\" alt=\"\" title=\"Homenaje en Tigre a docentes desaparecidos\" data-type=\"image_tag\" data-img-url=\"https:\/\/i0.wp.com\/vamosporlaliberacion.org\/crpmlm\/wp-content\/uploads\/2016\/03\/tigre-homenaje-docentes.jpg?resize=150%2C150&ssl=1\"  width=\"150\" height=\"150\" \/><\/a><\/div>\n            <div class=\"item-details\">\n                <h3 class=\"entry-title td-module-title\"><a href=\"https:\/\/vamosporlaliberacion.org\/crpmlm\/homenaje-en-tigre-a-docentes-desaparecidos\/\" rel=\"bookmark\" title=\"Homenaje en Tigre a docentes desaparecidos\">Homenaje en Tigre a docentes desaparecidos<\/a><\/h3>\n                <div class=\"td-module-meta-info\">\n                                        <span class=\"td-post-author-name\"><a href=\"https:\/\/vamosporlaliberacion.org\/crpmlm\/author\/\"><\/a> <span>-<\/span> <\/span>                    <span class=\"td-post-date\"><time class=\"entry-date updated td-module-date\" datetime=\"2016-03-30T22:22:48-03:00\" >31 marzo, 2016<\/time><\/span>                    <span class=\"td-module-comments\"><a href=\"https:\/\/vamosporlaliberacion.org\/crpmlm\/homenaje-en-tigre-a-docentes-desaparecidos\/#respond\">0<\/a><\/span>                <\/div>\n\n                <div class=\"td-excerpt\">\n                    El pasado 22 se realiz\u00f3 un homenaje a las docentes Rosa Mar\u00eda Casariego y Alh\u00f3ndiga Juana Burga, detenidas-desaparecidas de la \u00faltima dictadura militar. El...                <\/div>\n            <\/div>\n\n        <\/div>\n\n        \n        <div class=\"td_module_16 td_module_wrap td-animation-stack\">\n            <div class=\"td-module-thumb\"><a href=\"https:\/\/vamosporlaliberacion.org\/crpmlm\/gracias-obama\/\" rel=\"bookmark\" class=\"td-image-wrap \" title=\"\u00bfGracias Obama?\" ><img loading=\"lazy\" decoding=\"async\" class=\"entry-thumb\" src=\"\" alt=\"\" title=\"\u00bfGracias Obama?\" data-type=\"image_tag\" data-img-url=\"https:\/\/i0.wp.com\/vamosporlaliberacion.org\/crpmlm\/wp-content\/uploads\/2016\/03\/obama-macri.jpg?resize=150%2C150&ssl=1\"  width=\"150\" height=\"150\" \/><\/a><\/div>\n            <div class=\"item-details\">\n                <h3 class=\"entry-title td-module-title\"><a href=\"https:\/\/vamosporlaliberacion.org\/crpmlm\/gracias-obama\/\" rel=\"bookmark\" title=\"\u00bfGracias Obama?\">\u00bfGracias Obama?<\/a><\/h3>\n                <div class=\"td-module-meta-info\">\n                                        <span class=\"td-post-author-name\"><a href=\"https:\/\/vamosporlaliberacion.org\/crpmlm\/author\/\"><\/a> <span>-<\/span> <\/span>                    <span class=\"td-post-date\"><time class=\"entry-date updated td-module-date\" datetime=\"2016-03-30T21:30:24-03:00\" >31 marzo, 2016<\/time><\/span>                    <span class=\"td-module-comments\"><a href=\"https:\/\/vamosporlaliberacion.org\/crpmlm\/gracias-obama\/#respond\">0<\/a><\/span>                <\/div>\n\n                <div class=\"td-excerpt\">\n                    Tras su resonante y significativo viaje a Cuba, el presidente norteamericano enfil\u00f3 para Argentina en una visita sorpresiva, publicitada hace solo un mes. Con...                <\/div>\n            <\/div>\n\n        <\/div>\n\n        \n        <div class=\"td_module_16 td_module_wrap td-animation-stack\">\n            <div class=\"td-module-thumb\"><a href=\"https:\/\/vamosporlaliberacion.org\/crpmlm\/entrega-nuclear\/\" rel=\"bookmark\" class=\"td-image-wrap \" title=\"Entrega nuclear\" ><img loading=\"lazy\" decoding=\"async\" class=\"entry-thumb\" src=\"\" alt=\"\" title=\"Entrega nuclear\" data-type=\"image_tag\" data-img-url=\"https:\/\/i0.wp.com\/vamosporlaliberacion.org\/crpmlm\/wp-content\/uploads\/2016\/03\/cnea-ate.jpg?resize=150%2C150&ssl=1\"  width=\"150\" height=\"150\" \/><\/a><\/div>\n            <div class=\"item-details\">\n                <h3 class=\"entry-title td-module-title\"><a href=\"https:\/\/vamosporlaliberacion.org\/crpmlm\/entrega-nuclear\/\" rel=\"bookmark\" title=\"Entrega nuclear\">Entrega nuclear<\/a><\/h3>\n                <div class=\"td-module-meta-info\">\n                                        <span class=\"td-post-author-name\"><a href=\"https:\/\/vamosporlaliberacion.org\/crpmlm\/author\/\"><\/a> <span>-<\/span> <\/span>                    <span class=\"td-post-date\"><time class=\"entry-date updated td-module-date\" datetime=\"2016-03-30T21:26:51-03:00\" >31 marzo, 2016<\/time><\/span>                    <span class=\"td-module-comments\"><a href=\"https:\/\/vamosporlaliberacion.org\/crpmlm\/entrega-nuclear\/#respond\">0<\/a><\/span>                <\/div>\n\n                <div class=\"td-excerpt\">\n                    Uno de los temas en el que habr\u00edan avanzado Obama y Macri es en el \u00e1rea de \u201ccooperaci\u00f3n\u201d nuclear. Pero no precisamente para impulsar...                <\/div>\n            <\/div>\n\n        <\/div>\n\n        \n        <div class=\"td_module_16 td_module_wrap td-animation-stack\">\n            <div class=\"td-module-thumb\"><a href=\"https:\/\/vamosporlaliberacion.org\/crpmlm\/repudio-a-la-visita-de-obama\/\" rel=\"bookmark\" class=\"td-image-wrap \" title=\"Repudio a la visita de Obama\" ><img loading=\"lazy\" decoding=\"async\" class=\"entry-thumb\" src=\"\" alt=\"\" title=\"Repudio a la visita de Obama\" data-type=\"image_tag\" data-img-url=\"https:\/\/i0.wp.com\/vamosporlaliberacion.org\/crpmlm\/wp-content\/uploads\/2016\/03\/cr-eeuu.jpg?resize=150%2C150&ssl=1\"  width=\"150\" height=\"150\" \/><\/a><\/div>\n            <div class=\"item-details\">\n                <h3 class=\"entry-title td-module-title\"><a href=\"https:\/\/vamosporlaliberacion.org\/crpmlm\/repudio-a-la-visita-de-obama\/\" rel=\"bookmark\" title=\"Repudio a la visita de Obama\">Repudio a la visita de Obama<\/a><\/h3>\n                <div class=\"td-module-meta-info\">\n                                        <span class=\"td-post-author-name\"><a href=\"https:\/\/vamosporlaliberacion.org\/crpmlm\/author\/\"><\/a> <span>-<\/span> <\/span>                    <span class=\"td-post-date\"><time class=\"entry-date updated td-module-date\" datetime=\"2016-03-30T21:25:26-03:00\" >31 marzo, 2016<\/time><\/span>                    <span class=\"td-module-comments\"><a href=\"https:\/\/vamosporlaliberacion.org\/crpmlm\/repudio-a-la-visita-de-obama\/#respond\">0<\/a><\/span>                <\/div>\n\n                <div class=\"td-excerpt\">\n                    Es mi\u00e9rcoles, son las 16:30hs en Buenos Aires, la ciudad est\u00e1 conmocionada por la llegada del primer mandatario estadounidense. Los subtes funcionan a medias,...                <\/div>\n            <\/div>\n\n        <\/div>\n\n        <\/div><\/div> <!-- .\/block --><div class=\"td_block_wrap td_block_21 tdi_23_179 td-pb-border-top td_block_template_1 td-column-2\"  data-td-block-uid=\"tdi_23_179\" >\n<style>\n.td_block_template_2.widget > ul > li,\n            .td_block_template_6.widget > ul > li,\n            .td_block_template_8.widget > ul > li,\n            .td_block_template_9.widget > ul > li,\n            .td_block_template_10.widget > ul > li,\n            .td_block_template_11.widget > ul > li,\n            .td_block_template_12.widget > ul > li,\n            .td_block_template_13.widget > ul > li,\n            .td_block_template_14.widget > ul > li,\n            .td_block_template_15.widget > ul > li,\n            .td_block_template_16.widget > ul > li,\n            .td_block_template_17.widget > ul > li {\n                margin-left: 0 !important;\n            }\n            .global-block-template-12 .td-comments-title span,\n            .global-block-template-13 .td-comments-title span {\n                margin-left: 0 !important;\n                font-size: 20px;\n            }\n            @media (max-width: 767px) {\n                .global-block-template-12 .td-comments-title span,\n                .global-block-template-13 .td-comments-title span {\n                    font-size: 15px;\n                }\n            }\n            .td-block-title-wrap .td-wrapper-pulldown-filter {\n                font-family: 'Roboto', sans-serif;\n                position: absolute;\n                bottom: 0;\n                right: 0;\n                top: 0;\n                margin: auto 0;\n                z-index: 2;\n                background-color: #fff;\n                font-size: 13px;\n                line-height: 1;\n                color: #777;\n                text-align: right;\n            }\n            .td-block-title-wrap .td-wrapper-pulldown-filter .td-pulldown-filter-display-option {\n                cursor: pointer;\n                white-space: nowrap;\n                position: relative;\n                line-height: 29px;\n            }\n            .td-block-title-wrap .td-wrapper-pulldown-filter .td-pulldown-filter-display-option i {\n                font-size: 9px;\n                color: #777;\n                margin-left: 20px;\n                margin-right: 10px;\n            }\n            .td-block-title-wrap .td-wrapper-pulldown-filter .td-pulldown-filter-display-option i:before {\n                content: '\\e83d';\n            }\n            .td-block-title-wrap .td-wrapper-pulldown-filter .td-pulldown-filter-display-option span {\n                padding-left: 20px;\n                margin-right: -14px;\n            }\n            @media (max-width: 360px) {\n                .td-block-title-wrap .td-wrapper-pulldown-filter .td-pulldown-filter-display-option span {\n                    display: none;\n                }\n            }\n            .td-block-title-wrap .td-wrapper-pulldown-filter .td-pulldown-filter-display-option:hover {\n                color: #4db2ec;\n            }\n            .td-block-title-wrap .td-wrapper-pulldown-filter .td-pulldown-filter-display-option:hover i {\n                color: #4db2ec;\n            }\n            .td-block-title-wrap .td-wrapper-pulldown-filter .td-pulldown-filter-display-option:hover ul {\n                display: block;\n            }\n            .td-block-title-wrap .td-wrapper-pulldown-filter .td-pulldown-filter-list {\n                list-style: none;\n                position: absolute;\n                right: 0;\n                top: 100%;\n                padding: 18px 0;\n                background-color: rgb(255, 255, 255);\n                background-color: rgba(255, 255, 255, 0.95);\n                z-index: 999;\n                border-width: 1px;\n                border-color: #ededed;\n                border-style: solid;\n                display: none;\n                margin: 0;\n            }\n            .td-block-title-wrap .td-wrapper-pulldown-filter .td-pulldown-filter-item {\n                list-style: none;\n                margin: 0;\n            }\n            .td-block-title-wrap .td-wrapper-pulldown-filter .td-pulldown-filter-item .td-cur-simple-item {\n                color: #4db2ec;\n            }\n            .td-block-title-wrap .td-wrapper-pulldown-filter .td-pulldown-more {\n                padding-bottom: 10px;\n            }\n            .td-block-title-wrap .td-wrapper-pulldown-filter .td-pulldown-more:before {\n                content: '';\n                width: 70px;\n                height: 100%;\n                position: absolute;\n                margin-top: 2px;\n                top: 0;\n                right: 0;\n                z-index: 1;\n                opacity: 0;\n            }\n            .td-block-title-wrap .td-wrapper-pulldown-filter .td-pulldown-filter-link {\n                color: #777;\n                white-space: nowrap;\n                display: block;\n                line-height: 26px;\n                padding-left: 36px;\n                padding-right: 27px;\n            }\n            .td-block-title-wrap .td-wrapper-pulldown-filter .td-pulldown-filter-link:hover {\n                color: #4db2ec;\n            }\n            @media (min-width: 768px) and (max-width: 1018px) {\n                .td-pb-span4 .td-block-title-wrap .td-wrapper-pulldown-filter .td-pulldown-filter-display-option span {\n                    display: none;\n                }\n                .td-pb-span4 .td-block-title-wrap .td-wrapper-pulldown-filter .td-pulldown-filter-link {\n                    padding-left: 24px;\n                    padding-right: 20px !important;\n                }\n            }\n            @-moz-document url-prefix() {\n                .td-pulldown-syle-default .td-subcat-more,\n                .td-pulldown-syle-default .td-subcat-list {\n                    position: relative;\n                    top: -1px;\n                }\n            }\n            .td-pulldown-syle-2 {\n                top: 0;\n            }\n            .td-pulldown-syle-2 .td-subcat-dropdown ul {\n                padding: 20px 0;\n                margin-top: 0;\n            }\n            .td-pulldown-syle-2 .td-subcat-dropdown ul:after {\n                content: '';\n                position: absolute;\n                width: calc(100% + 2px);\n                height: 3px;\n                top: 0;\n                left: -1px;\n                background-color: #4db2ec;\n            }\n            .td-pulldown-syle-2 .td-subcat-dropdown a {\n                padding-left: 40px;\n                padding-right: 31px;\n            }\n            .td-pulldown-syle-2 .td-subcat-dropdown:hover .td-subcat-more {\n                background-color: transparent !important;\n            }\n            .td-pulldown-syle-2 .td-subcat-dropdown:hover .td-subcat-more span,\n            .td-pulldown-syle-2 .td-subcat-dropdown:hover .td-subcat-more i {\n                color: #4db2ec;\n            }\n            .td-pulldown-syle-2 .td-subcat-dropdown .td-subcat-more {\n                margin-left: 9px;\n                margin-bottom: 8px; \/\/ this align the dropdown list\n            }\n            .td-pulldown-syle-2 .td-subcat-list .td-subcat-item {\n                margin-left: 24px;\n            }\n            .td-pulldown-syle-3 {\n                top: 0;\n            }\n            .td-pulldown-syle-3 .td-subcat-dropdown ul {\n                padding: 15px 0;\n                margin-top: -1px;\n                border-width: 1px;\n            }\n            .td-pulldown-syle-3 .td-subcat-dropdown a {\n                padding-left: 40px;\n                padding-right: 31px;\n            }\n            .td-pulldown-syle-3 .td-subcat-dropdown &:hover .td-subcat-more {\n                background-color: transparent !important;\n            }\n            .td-pulldown-syle-3 .td-subcat-dropdown &:hover .td-subcat-more span,\n            .td-pulldown-syle-3 .td-subcat-dropdown &:hover .td-subcat-more i {\n                color: #4db2ec;\n            }\n            .td-pulldown-syle-3 .td-subcat-dropdown .td-subcat-more {\n                margin-left: 9px;\n                margin-bottom: 8px; \/\/ this align the dropdown list\n            }\n            .td-pulldown-syle-3 .td-subcat-list .td-subcat-item {\n                margin-left: 24px;\n            }\n            \n            \n\n            \n            .td-theme-wrap .tdi_23_179 .td-pulldown-filter-link:hover,\n            .td-theme-wrap .tdi_23_179 .td-subcat-item a:hover,\n            .td-theme-wrap .tdi_23_179 .td-subcat-item .td-cur-simple-item {\n                color: #dd3333;\n            }\n\n            .td-theme-wrap .tdi_23_179 .block-title > *,\n            .td-theme-wrap .tdi_23_179 .td-subcat-dropdown:hover .td-subcat-more {\n                background-color: #dd3333;\n            }\n            .td-theme-wrap .td-footer-wrapper .tdi_23_179 .block-title > * {\n                padding: 6px 7px 5px;\n                line-height: 1;\n            }\n\n            .td-theme-wrap .tdi_23_179 .block-title {\n                border-color: #dd3333;\n            }\n\n            \n            .td-theme-wrap .tdi_23_179 .td_module_wrap:hover .entry-title a,\n            .td-theme-wrap .tdi_23_179 .td_quote_on_blocks,\n            .td-theme-wrap .tdi_23_179 .td-opacity-cat .td-post-category:hover,\n            .td-theme-wrap .tdi_23_179 .td-opacity-read .td-read-more a:hover,\n            .td-theme-wrap .tdi_23_179 .td-opacity-author .td-post-author-name a:hover,\n            .td-theme-wrap .tdi_23_179 .td-instagram-user a {\n                color: #dd3333;\n            }\n\n            .td-theme-wrap .tdi_23_179 .td-next-prev-wrap a:hover,\n            .td-theme-wrap .tdi_23_179 .td-load-more-wrap a:hover {\n                background-color: #dd3333;\n                border-color: #dd3333;\n            }\n\n            .td-theme-wrap .tdi_23_179 .td-read-more a,\n            .td-theme-wrap .tdi_23_179 .td-weather-information:before,\n            .td-theme-wrap .tdi_23_179 .td-weather-week:before,\n            .td-theme-wrap .tdi_23_179 .td-exchange-header:before,\n            .td-theme-wrap .td-footer-wrapper .tdi_23_179 .td-post-category,\n            .td-theme-wrap .tdi_23_179 .td-post-category:hover {\n                background-color: #dd3333;\n            }\n<\/style><script>var block_tdi_23_179 = new tdBlock();\nblock_tdi_23_179.id = \"tdi_23_179\";\nblock_tdi_23_179.atts = '{\"custom_title\":\"Juventud\",\"header_color\":\"#dd3333\",\"category_id\":\"8\",\"tag_slug\":\"vxl 71\",\"limit\":\"10\",\"td_filter_default_txt\":\"Todo\",\"block_type\":\"td_block_21\",\"separator\":\"\",\"custom_url\":\"\",\"block_template_id\":\"\",\"m16_tl\":\"\",\"m16_el\":\"\",\"post_ids\":\"\",\"category_ids\":\"\",\"autors_id\":\"\",\"installed_post_types\":\"\",\"sort\":\"\",\"offset\":\"\",\"show_modified_date\":\"\",\"el_class\":\"\",\"td_ajax_filter_type\":\"\",\"td_ajax_filter_ids\":\"\",\"td_ajax_preloading\":\"\",\"f_header_font_header\":\"\",\"f_header_font_title\":\"Block header\",\"f_header_font_settings\":\"\",\"f_header_font_family\":\"\",\"f_header_font_size\":\"\",\"f_header_font_line_height\":\"\",\"f_header_font_style\":\"\",\"f_header_font_weight\":\"\",\"f_header_font_transform\":\"\",\"f_header_font_spacing\":\"\",\"f_header_\":\"\",\"f_ajax_font_title\":\"Ajax categories\",\"f_ajax_font_settings\":\"\",\"f_ajax_font_family\":\"\",\"f_ajax_font_size\":\"\",\"f_ajax_font_line_height\":\"\",\"f_ajax_font_style\":\"\",\"f_ajax_font_weight\":\"\",\"f_ajax_font_transform\":\"\",\"f_ajax_font_spacing\":\"\",\"f_ajax_\":\"\",\"f_more_font_title\":\"Load more button\",\"f_more_font_settings\":\"\",\"f_more_font_family\":\"\",\"f_more_font_size\":\"\",\"f_more_font_line_height\":\"\",\"f_more_font_style\":\"\",\"f_more_font_weight\":\"\",\"f_more_font_transform\":\"\",\"f_more_font_spacing\":\"\",\"f_more_\":\"\",\"m16f_title_font_header\":\"\",\"m16f_title_font_title\":\"Article title\",\"m16f_title_font_settings\":\"\",\"m16f_title_font_family\":\"\",\"m16f_title_font_size\":\"\",\"m16f_title_font_line_height\":\"\",\"m16f_title_font_style\":\"\",\"m16f_title_font_weight\":\"\",\"m16f_title_font_transform\":\"\",\"m16f_title_font_spacing\":\"\",\"m16f_title_\":\"\",\"m16f_cat_font_title\":\"Article category tag\",\"m16f_cat_font_settings\":\"\",\"m16f_cat_font_family\":\"\",\"m16f_cat_font_size\":\"\",\"m16f_cat_font_line_height\":\"\",\"m16f_cat_font_style\":\"\",\"m16f_cat_font_weight\":\"\",\"m16f_cat_font_transform\":\"\",\"m16f_cat_font_spacing\":\"\",\"m16f_cat_\":\"\",\"m16f_meta_font_title\":\"Article meta info\",\"m16f_meta_font_settings\":\"\",\"m16f_meta_font_family\":\"\",\"m16f_meta_font_size\":\"\",\"m16f_meta_font_line_height\":\"\",\"m16f_meta_font_style\":\"\",\"m16f_meta_font_weight\":\"\",\"m16f_meta_font_transform\":\"\",\"m16f_meta_font_spacing\":\"\",\"m16f_meta_\":\"\",\"m16f_ex_font_title\":\"Article excerpt\",\"m16f_ex_font_settings\":\"\",\"m16f_ex_font_family\":\"\",\"m16f_ex_font_size\":\"\",\"m16f_ex_font_line_height\":\"\",\"m16f_ex_font_style\":\"\",\"m16f_ex_font_weight\":\"\",\"m16f_ex_font_transform\":\"\",\"m16f_ex_font_spacing\":\"\",\"m16f_ex_\":\"\",\"ajax_pagination\":\"\",\"ajax_pagination_infinite_stop\":\"\",\"css\":\"\",\"tdc_css\":\"\",\"td_column_number\":2,\"color_preset\":\"\",\"border_top\":\"\",\"class\":\"tdi_23_179\",\"tdc_css_class\":\"tdi_23_179\",\"tdc_css_class_style\":\"tdi_23_179_rand_style\"}';\nblock_tdi_23_179.td_column_number = \"2\";\nblock_tdi_23_179.block_type = \"td_block_21\";\nblock_tdi_23_179.post_count = \"10\";\nblock_tdi_23_179.found_posts = \"22\";\nblock_tdi_23_179.header_color = \"#dd3333\";\nblock_tdi_23_179.ajax_pagination_infinite_stop = \"\";\nblock_tdi_23_179.max_num_pages = \"3\";\ntdBlocksArray.push(block_tdi_23_179);\n<\/script><div class=\"td-block-title-wrap\"><h4 class=\"block-title td-block-title\"><span class=\"td-pulldown-size\">Juventud<\/span><\/h4><\/div><div id=tdi_23_179 class=\"td_block_inner\">\n        <div class=\"td_module_16 td_module_wrap td-animation-stack\">\n            <div class=\"td-module-thumb\"><a href=\"https:\/\/vamosporlaliberacion.org\/crpmlm\/la-guerra-de-malvinas\/\" rel=\"bookmark\" class=\"td-image-wrap \" title=\"La Guerra de Malvinas\" ><img loading=\"lazy\" decoding=\"async\" class=\"entry-thumb\" src=\"\" alt=\"\" title=\"La Guerra de Malvinas\" data-type=\"image_tag\" data-img-url=\"https:\/\/i0.wp.com\/vamosporlaliberacion.org\/crpmlm\/wp-content\/uploads\/2016\/03\/malv.jpg?resize=150%2C150&ssl=1\"  width=\"150\" height=\"150\" \/><\/a><\/div>\n            <div class=\"item-details\">\n                <h3 class=\"entry-title td-module-title\"><a href=\"https:\/\/vamosporlaliberacion.org\/crpmlm\/la-guerra-de-malvinas\/\" rel=\"bookmark\" title=\"La Guerra de Malvinas\">La Guerra de Malvinas<\/a><\/h3>\n                <div class=\"td-module-meta-info\">\n                                        <span class=\"td-post-author-name\"><a href=\"https:\/\/vamosporlaliberacion.org\/crpmlm\/author\/\"><\/a> <span>-<\/span> <\/span>                    <span class=\"td-post-date\"><time class=\"entry-date updated td-module-date\" datetime=\"2016-03-31T02:02:41-03:00\" >31 marzo, 2016<\/time><\/span>                    <span class=\"td-module-comments\"><a href=\"https:\/\/vamosporlaliberacion.org\/crpmlm\/la-guerra-de-malvinas\/#respond\">0<\/a><\/span>                <\/div>\n\n                <div class=\"td-excerpt\">\n                    El 2 de abril de 1982 las Fuerzas Armadas argentinas desembarcaron en las Islas Malvinas y tras un enfrentamiento con el destacamento de las...                <\/div>\n            <\/div>\n\n        <\/div>\n\n        \n        <div class=\"td_module_16 td_module_wrap td-animation-stack\">\n            <div class=\"td-module-thumb\"><a href=\"https:\/\/vamosporlaliberacion.org\/crpmlm\/feminismo-sin-causas-de-michelle\/\" rel=\"bookmark\" class=\"td-image-wrap \" title=\"\u201cFeminismo\u201d sin causas de Michelle\" ><img loading=\"lazy\" decoding=\"async\" class=\"entry-thumb\" src=\"\" alt=\"\" title=\"\u201cFeminismo\u201d sin causas de Michelle\" data-type=\"image_tag\" data-img-url=\"https:\/\/i0.wp.com\/vamosporlaliberacion.org\/crpmlm\/wp-content\/uploads\/2016\/03\/obama-en-argentina.jpg?resize=150%2C150&ssl=1\"  width=\"150\" height=\"150\" \/><\/a><\/div>\n            <div class=\"item-details\">\n                <h3 class=\"entry-title td-module-title\"><a href=\"https:\/\/vamosporlaliberacion.org\/crpmlm\/feminismo-sin-causas-de-michelle\/\" rel=\"bookmark\" title=\"\u201cFeminismo\u201d sin causas de Michelle\">\u201cFeminismo\u201d sin causas de Michelle<\/a><\/h3>\n                <div class=\"td-module-meta-info\">\n                                        <span class=\"td-post-author-name\"><a href=\"https:\/\/vamosporlaliberacion.org\/crpmlm\/author\/\"><\/a> <span>-<\/span> <\/span>                    <span class=\"td-post-date\"><time class=\"entry-date updated td-module-date\" datetime=\"2016-03-31T01:56:00-03:00\" >31 marzo, 2016<\/time><\/span>                    <span class=\"td-module-comments\"><a href=\"https:\/\/vamosporlaliberacion.org\/crpmlm\/feminismo-sin-causas-de-michelle\/#respond\">0<\/a><\/span>                <\/div>\n\n                <div class=\"td-excerpt\">\n                    El discurso de Michelle LaVaughn Robinson, calificado de inspirador por los medios hegem\u00f3nicos, comenz\u00f3 con el relato de su historia personal y sobre c\u00f3mo,...                <\/div>\n            <\/div>\n\n        <\/div>\n\n        \n        <div class=\"td_module_16 td_module_wrap td-animation-stack\">\n            <div class=\"td-module-thumb\"><a href=\"https:\/\/vamosporlaliberacion.org\/crpmlm\/venimos-a-hablar-con-el-intendente\/\" rel=\"bookmark\" class=\"td-image-wrap \" title=\"\u201cVenimos a hablar con el intendente\u201d\" ><img loading=\"lazy\" decoding=\"async\" class=\"entry-thumb\" src=\"\" alt=\"\" title=\"\u201cVenimos a hablar con el intendente\u201d\" data-type=\"image_tag\" data-img-url=\"https:\/\/i0.wp.com\/vamosporlaliberacion.org\/crpmlm\/wp-content\/uploads\/2016\/03\/chas.jpg?resize=150%2C150&ssl=1\"  width=\"150\" height=\"150\" \/><\/a><\/div>\n            <div class=\"item-details\">\n                <h3 class=\"entry-title td-module-title\"><a href=\"https:\/\/vamosporlaliberacion.org\/crpmlm\/venimos-a-hablar-con-el-intendente\/\" rel=\"bookmark\" title=\"\u201cVenimos a hablar con el intendente\u201d\">\u201cVenimos a hablar con el intendente\u201d<\/a><\/h3>\n                <div class=\"td-module-meta-info\">\n                                        <span class=\"td-post-author-name\"><a href=\"https:\/\/vamosporlaliberacion.org\/crpmlm\/author\/\"><\/a> <span>-<\/span> <\/span>                    <span class=\"td-post-date\"><time class=\"entry-date updated td-module-date\" datetime=\"2016-03-30T22:47:59-03:00\" >31 marzo, 2016<\/time><\/span>                    <span class=\"td-module-comments\"><a href=\"https:\/\/vamosporlaliberacion.org\/crpmlm\/venimos-a-hablar-con-el-intendente\/#respond\">0<\/a><\/span>                <\/div>\n\n                <div class=\"td-excerpt\">\n                    Mucho ruido, mucho canto y emoci\u00f3n de los estudiantes que nos dimos cita en la puerta de la Municipalidad de Chascom\u00fas, reclamando nuestro derecho...                <\/div>\n            <\/div>\n\n        <\/div>\n\n        \n        <div class=\"td_module_16 td_module_wrap td-animation-stack\">\n            <div class=\"td-module-thumb\"><a href=\"https:\/\/vamosporlaliberacion.org\/crpmlm\/piquetazo-en-la-9-de-julio\/\" rel=\"bookmark\" class=\"td-image-wrap \" title=\"Piquetazo en la 9 de Julio\" ><img loading=\"lazy\" decoding=\"async\" class=\"entry-thumb\" src=\"\" alt=\"\" title=\"Piquetazo en la 9 de Julio\" data-type=\"image_tag\" data-img-url=\"https:\/\/i0.wp.com\/vamosporlaliberacion.org\/crpmlm\/wp-content\/uploads\/2016\/03\/piquetazo.jpg?resize=150%2C150&ssl=1\"  width=\"150\" height=\"150\" \/><\/a><\/div>\n            <div class=\"item-details\">\n                <h3 class=\"entry-title td-module-title\"><a href=\"https:\/\/vamosporlaliberacion.org\/crpmlm\/piquetazo-en-la-9-de-julio\/\" rel=\"bookmark\" title=\"Piquetazo en la 9 de Julio\">Piquetazo en la 9 de Julio<\/a><\/h3>\n                <div class=\"td-module-meta-info\">\n                                        <span class=\"td-post-author-name\"><a href=\"https:\/\/vamosporlaliberacion.org\/crpmlm\/author\/\"><\/a> <span>-<\/span> <\/span>                    <span class=\"td-post-date\"><time class=\"entry-date updated td-module-date\" datetime=\"2016-03-30T22:41:08-03:00\" >31 marzo, 2016<\/time><\/span>                    <span class=\"td-module-comments\"><a href=\"https:\/\/vamosporlaliberacion.org\/crpmlm\/piquetazo-en-la-9-de-julio\/#respond\">0<\/a><\/span>                <\/div>\n\n                <div class=\"td-excerpt\">\n                    Desafiando el protocolo antipiquete, m\u00e1s de 15 compa\u00f1eros protagonizaron una contundente jornada el pasado mi\u00e9rcoles 16. El corte se realiz\u00f3 sobre la Av. 9...                <\/div>\n            <\/div>\n\n        <\/div>\n\n        \n        <div class=\"td_module_16 td_module_wrap td-animation-stack\">\n            <div class=\"td-module-thumb\"><a href=\"https:\/\/vamosporlaliberacion.org\/crpmlm\/carlos-fuentealba-2\/\" rel=\"bookmark\" class=\"td-image-wrap \" title=\"Carlos Fuentealba\" ><img loading=\"lazy\" decoding=\"async\" class=\"entry-thumb\" src=\"\" alt=\"\" title=\"Carlos Fuentealba\" data-type=\"image_tag\" data-img-url=\"https:\/\/i0.wp.com\/vamosporlaliberacion.org\/crpmlm\/wp-content\/uploads\/2016\/03\/fuent.jpg?resize=150%2C150&ssl=1\"  width=\"150\" height=\"150\" \/><\/a><\/div>\n            <div class=\"item-details\">\n                <h3 class=\"entry-title td-module-title\"><a href=\"https:\/\/vamosporlaliberacion.org\/crpmlm\/carlos-fuentealba-2\/\" rel=\"bookmark\" title=\"Carlos Fuentealba\">Carlos Fuentealba<\/a><\/h3>\n                <div class=\"td-module-meta-info\">\n                                        <span class=\"td-post-author-name\"><a href=\"https:\/\/vamosporlaliberacion.org\/crpmlm\/author\/\"><\/a> <span>-<\/span> <\/span>                    <span class=\"td-post-date\"><time class=\"entry-date updated td-module-date\" datetime=\"2016-03-30T22:35:34-03:00\" >31 marzo, 2016<\/time><\/span>                    <span class=\"td-module-comments\"><a href=\"https:\/\/vamosporlaliberacion.org\/crpmlm\/carlos-fuentealba-2\/#respond\">0<\/a><\/span>                <\/div>\n\n                <div class=\"td-excerpt\">\n                    Se cumplen 9 a\u00f1os del asesinato del docente Carlos Fuentealba a manos de la polic\u00eda neuquina en el marco de la brutal represi\u00f3n del...                <\/div>\n            <\/div>\n\n        <\/div>\n\n        \n        <div class=\"td_module_16 td_module_wrap td-animation-stack\">\n            <div class=\"td-module-thumb\"><a href=\"https:\/\/vamosporlaliberacion.org\/crpmlm\/companeros-de-cnea-presentes\/\" rel=\"bookmark\" class=\"td-image-wrap \" title=\"Compa\u00f1eros de CNEA, presentes!\" ><img loading=\"lazy\" decoding=\"async\" class=\"entry-thumb\" src=\"\" alt=\"\" title=\"Compa\u00f1eros de CNEA, presentes!\" data-type=\"image_tag\" data-img-url=\"https:\/\/i0.wp.com\/vamosporlaliberacion.org\/crpmlm\/wp-content\/uploads\/2016\/03\/1-bandera-640x480.jpg?resize=150%2C150&ssl=1\"  width=\"150\" height=\"150\" \/><\/a><\/div>\n            <div class=\"item-details\">\n                <h3 class=\"entry-title td-module-title\"><a href=\"https:\/\/vamosporlaliberacion.org\/crpmlm\/companeros-de-cnea-presentes\/\" rel=\"bookmark\" title=\"Compa\u00f1eros de CNEA, presentes!\">Compa\u00f1eros de CNEA, presentes!<\/a><\/h3>\n                <div class=\"td-module-meta-info\">\n                                        <span class=\"td-post-author-name\"><a href=\"https:\/\/vamosporlaliberacion.org\/crpmlm\/author\/\"><\/a> <span>-<\/span> <\/span>                    <span class=\"td-post-date\"><time class=\"entry-date updated td-module-date\" datetime=\"2016-03-30T22:31:29-03:00\" >31 marzo, 2016<\/time><\/span>                    <span class=\"td-module-comments\"><a href=\"https:\/\/vamosporlaliberacion.org\/crpmlm\/companeros-de-cnea-presentes\/#respond\">0<\/a><\/span>                <\/div>\n\n                <div class=\"td-excerpt\">\n                    Este 24 de marzo en la movilizaci\u00f3n junto al Encuentro Memoria Verdad y Justicia los trabajadores y trabajadoras de CNEA de los centros at\u00f3micos...                <\/div>\n            <\/div>\n\n        <\/div>\n\n        \n        <div class=\"td_module_16 td_module_wrap td-animation-stack\">\n            <div class=\"td-module-thumb\"><a href=\"https:\/\/vamosporlaliberacion.org\/crpmlm\/homenaje-en-tigre-a-docentes-desaparecidos\/\" rel=\"bookmark\" class=\"td-image-wrap \" title=\"Homenaje en Tigre a docentes desaparecidos\" ><img loading=\"lazy\" decoding=\"async\" class=\"entry-thumb\" src=\"\" alt=\"\" title=\"Homenaje en Tigre a docentes desaparecidos\" data-type=\"image_tag\" data-img-url=\"https:\/\/i0.wp.com\/vamosporlaliberacion.org\/crpmlm\/wp-content\/uploads\/2016\/03\/tigre-homenaje-docentes.jpg?resize=150%2C150&ssl=1\"  width=\"150\" height=\"150\" \/><\/a><\/div>\n            <div class=\"item-details\">\n                <h3 class=\"entry-title td-module-title\"><a href=\"https:\/\/vamosporlaliberacion.org\/crpmlm\/homenaje-en-tigre-a-docentes-desaparecidos\/\" rel=\"bookmark\" title=\"Homenaje en Tigre a docentes desaparecidos\">Homenaje en Tigre a docentes desaparecidos<\/a><\/h3>\n                <div class=\"td-module-meta-info\">\n                                        <span class=\"td-post-author-name\"><a href=\"https:\/\/vamosporlaliberacion.org\/crpmlm\/author\/\"><\/a> <span>-<\/span> <\/span>                    <span class=\"td-post-date\"><time class=\"entry-date updated td-module-date\" datetime=\"2016-03-30T22:22:48-03:00\" >31 marzo, 2016<\/time><\/span>                    <span class=\"td-module-comments\"><a href=\"https:\/\/vamosporlaliberacion.org\/crpmlm\/homenaje-en-tigre-a-docentes-desaparecidos\/#respond\">0<\/a><\/span>                <\/div>\n\n                <div class=\"td-excerpt\">\n                    El pasado 22 se realiz\u00f3 un homenaje a las docentes Rosa Mar\u00eda Casariego y Alh\u00f3ndiga Juana Burga, detenidas-desaparecidas de la \u00faltima dictadura militar. El...                <\/div>\n            <\/div>\n\n        <\/div>\n\n        \n        <div class=\"td_module_16 td_module_wrap td-animation-stack\">\n            <div class=\"td-module-thumb\"><a href=\"https:\/\/vamosporlaliberacion.org\/crpmlm\/gracias-obama\/\" rel=\"bookmark\" class=\"td-image-wrap \" title=\"\u00bfGracias Obama?\" ><img loading=\"lazy\" decoding=\"async\" class=\"entry-thumb\" src=\"\" alt=\"\" title=\"\u00bfGracias Obama?\" data-type=\"image_tag\" data-img-url=\"https:\/\/i0.wp.com\/vamosporlaliberacion.org\/crpmlm\/wp-content\/uploads\/2016\/03\/obama-macri.jpg?resize=150%2C150&ssl=1\"  width=\"150\" height=\"150\" \/><\/a><\/div>\n            <div class=\"item-details\">\n                <h3 class=\"entry-title td-module-title\"><a href=\"https:\/\/vamosporlaliberacion.org\/crpmlm\/gracias-obama\/\" rel=\"bookmark\" title=\"\u00bfGracias Obama?\">\u00bfGracias Obama?<\/a><\/h3>\n                <div class=\"td-module-meta-info\">\n                                        <span class=\"td-post-author-name\"><a href=\"https:\/\/vamosporlaliberacion.org\/crpmlm\/author\/\"><\/a> <span>-<\/span> <\/span>                    <span class=\"td-post-date\"><time class=\"entry-date updated td-module-date\" datetime=\"2016-03-30T21:30:24-03:00\" >31 marzo, 2016<\/time><\/span>                    <span class=\"td-module-comments\"><a href=\"https:\/\/vamosporlaliberacion.org\/crpmlm\/gracias-obama\/#respond\">0<\/a><\/span>                <\/div>\n\n                <div class=\"td-excerpt\">\n                    Tras su resonante y significativo viaje a Cuba, el presidente norteamericano enfil\u00f3 para Argentina en una visita sorpresiva, publicitada hace solo un mes. Con...                <\/div>\n            <\/div>\n\n        <\/div>\n\n        \n        <div class=\"td_module_16 td_module_wrap td-animation-stack\">\n            <div class=\"td-module-thumb\"><a href=\"https:\/\/vamosporlaliberacion.org\/crpmlm\/entrega-nuclear\/\" rel=\"bookmark\" class=\"td-image-wrap \" title=\"Entrega nuclear\" ><img loading=\"lazy\" decoding=\"async\" class=\"entry-thumb\" src=\"\" alt=\"\" title=\"Entrega nuclear\" data-type=\"image_tag\" data-img-url=\"https:\/\/i0.wp.com\/vamosporlaliberacion.org\/crpmlm\/wp-content\/uploads\/2016\/03\/cnea-ate.jpg?resize=150%2C150&ssl=1\"  width=\"150\" height=\"150\" \/><\/a><\/div>\n            <div class=\"item-details\">\n                <h3 class=\"entry-title td-module-title\"><a href=\"https:\/\/vamosporlaliberacion.org\/crpmlm\/entrega-nuclear\/\" rel=\"bookmark\" title=\"Entrega nuclear\">Entrega nuclear<\/a><\/h3>\n                <div class=\"td-module-meta-info\">\n                                        <span class=\"td-post-author-name\"><a href=\"https:\/\/vamosporlaliberacion.org\/crpmlm\/author\/\"><\/a> <span>-<\/span> <\/span>                    <span class=\"td-post-date\"><time class=\"entry-date updated td-module-date\" datetime=\"2016-03-30T21:26:51-03:00\" >31 marzo, 2016<\/time><\/span>                    <span class=\"td-module-comments\"><a href=\"https:\/\/vamosporlaliberacion.org\/crpmlm\/entrega-nuclear\/#respond\">0<\/a><\/span>                <\/div>\n\n                <div class=\"td-excerpt\">\n                    Uno de los temas en el que habr\u00edan avanzado Obama y Macri es en el \u00e1rea de \u201ccooperaci\u00f3n\u201d nuclear. Pero no precisamente para impulsar...                <\/div>\n            <\/div>\n\n        <\/div>\n\n        \n        <div class=\"td_module_16 td_module_wrap td-animation-stack\">\n            <div class=\"td-module-thumb\"><a href=\"https:\/\/vamosporlaliberacion.org\/crpmlm\/repudio-a-la-visita-de-obama\/\" rel=\"bookmark\" class=\"td-image-wrap \" title=\"Repudio a la visita de Obama\" ><img loading=\"lazy\" decoding=\"async\" class=\"entry-thumb\" src=\"\" alt=\"\" title=\"Repudio a la visita de Obama\" data-type=\"image_tag\" data-img-url=\"https:\/\/i0.wp.com\/vamosporlaliberacion.org\/crpmlm\/wp-content\/uploads\/2016\/03\/cr-eeuu.jpg?resize=150%2C150&ssl=1\"  width=\"150\" height=\"150\" \/><\/a><\/div>\n            <div class=\"item-details\">\n                <h3 class=\"entry-title td-module-title\"><a href=\"https:\/\/vamosporlaliberacion.org\/crpmlm\/repudio-a-la-visita-de-obama\/\" rel=\"bookmark\" title=\"Repudio a la visita de Obama\">Repudio a la visita de Obama<\/a><\/h3>\n                <div class=\"td-module-meta-info\">\n                                        <span class=\"td-post-author-name\"><a href=\"https:\/\/vamosporlaliberacion.org\/crpmlm\/author\/\"><\/a> <span>-<\/span> <\/span>                    <span class=\"td-post-date\"><time class=\"entry-date updated td-module-date\" datetime=\"2016-03-30T21:25:26-03:00\" >31 marzo, 2016<\/time><\/span>                    <span class=\"td-module-comments\"><a href=\"https:\/\/vamosporlaliberacion.org\/crpmlm\/repudio-a-la-visita-de-obama\/#respond\">0<\/a><\/span>                <\/div>\n\n                <div class=\"td-excerpt\">\n                    Es mi\u00e9rcoles, son las 16:30hs en Buenos Aires, la ciudad est\u00e1 conmocionada por la llegada del primer mandatario estadounidense. Los subtes funcionan a medias,...                <\/div>\n            <\/div>\n\n        <\/div>\n\n        <\/div><\/div> <!-- .\/block --><div class=\"td_block_wrap td_block_21 tdi_24_d8e td-pb-border-top td_block_template_1 td-column-2\"  data-td-block-uid=\"tdi_24_d8e\" >\n<style>\n.td_block_template_2.widget > ul > li,\n            .td_block_template_6.widget > ul > li,\n            .td_block_template_8.widget > ul > li,\n            .td_block_template_9.widget > ul > li,\n            .td_block_template_10.widget > ul > li,\n            .td_block_template_11.widget > ul > li,\n            .td_block_template_12.widget > ul > li,\n            .td_block_template_13.widget > ul > li,\n            .td_block_template_14.widget > ul > li,\n            .td_block_template_15.widget > ul > li,\n            .td_block_template_16.widget > ul > li,\n            .td_block_template_17.widget > ul > li {\n                margin-left: 0 !important;\n            }\n            .global-block-template-12 .td-comments-title span,\n            .global-block-template-13 .td-comments-title span {\n                margin-left: 0 !important;\n                font-size: 20px;\n            }\n            @media (max-width: 767px) {\n                .global-block-template-12 .td-comments-title span,\n                .global-block-template-13 .td-comments-title span {\n                    font-size: 15px;\n                }\n            }\n            .td-block-title-wrap .td-wrapper-pulldown-filter {\n                font-family: 'Roboto', sans-serif;\n                position: absolute;\n                bottom: 0;\n                right: 0;\n                top: 0;\n                margin: auto 0;\n                z-index: 2;\n                background-color: #fff;\n                font-size: 13px;\n                line-height: 1;\n                color: #777;\n                text-align: right;\n            }\n            .td-block-title-wrap .td-wrapper-pulldown-filter .td-pulldown-filter-display-option {\n                cursor: pointer;\n                white-space: nowrap;\n                position: relative;\n                line-height: 29px;\n            }\n            .td-block-title-wrap .td-wrapper-pulldown-filter .td-pulldown-filter-display-option i {\n                font-size: 9px;\n                color: #777;\n                margin-left: 20px;\n                margin-right: 10px;\n            }\n            .td-block-title-wrap .td-wrapper-pulldown-filter .td-pulldown-filter-display-option i:before {\n                content: '\\e83d';\n            }\n            .td-block-title-wrap .td-wrapper-pulldown-filter .td-pulldown-filter-display-option span {\n                padding-left: 20px;\n                margin-right: -14px;\n            }\n            @media (max-width: 360px) {\n                .td-block-title-wrap .td-wrapper-pulldown-filter .td-pulldown-filter-display-option span {\n                    display: none;\n                }\n            }\n            .td-block-title-wrap .td-wrapper-pulldown-filter .td-pulldown-filter-display-option:hover {\n                color: #4db2ec;\n            }\n            .td-block-title-wrap .td-wrapper-pulldown-filter .td-pulldown-filter-display-option:hover i {\n                color: #4db2ec;\n            }\n            .td-block-title-wrap .td-wrapper-pulldown-filter .td-pulldown-filter-display-option:hover ul {\n                display: block;\n            }\n            .td-block-title-wrap .td-wrapper-pulldown-filter .td-pulldown-filter-list {\n                list-style: none;\n                position: absolute;\n                right: 0;\n                top: 100%;\n                padding: 18px 0;\n                background-color: rgb(255, 255, 255);\n                background-color: rgba(255, 255, 255, 0.95);\n                z-index: 999;\n                border-width: 1px;\n                border-color: #ededed;\n                border-style: solid;\n                display: none;\n                margin: 0;\n            }\n            .td-block-title-wrap .td-wrapper-pulldown-filter .td-pulldown-filter-item {\n                list-style: none;\n                margin: 0;\n            }\n            .td-block-title-wrap .td-wrapper-pulldown-filter .td-pulldown-filter-item .td-cur-simple-item {\n                color: #4db2ec;\n            }\n            .td-block-title-wrap .td-wrapper-pulldown-filter .td-pulldown-more {\n                padding-bottom: 10px;\n            }\n            .td-block-title-wrap .td-wrapper-pulldown-filter .td-pulldown-more:before {\n                content: '';\n                width: 70px;\n                height: 100%;\n                position: absolute;\n                margin-top: 2px;\n                top: 0;\n                right: 0;\n                z-index: 1;\n                opacity: 0;\n            }\n            .td-block-title-wrap .td-wrapper-pulldown-filter .td-pulldown-filter-link {\n                color: #777;\n                white-space: nowrap;\n                display: block;\n                line-height: 26px;\n                padding-left: 36px;\n                padding-right: 27px;\n            }\n            .td-block-title-wrap .td-wrapper-pulldown-filter .td-pulldown-filter-link:hover {\n                color: #4db2ec;\n            }\n            @media (min-width: 768px) and (max-width: 1018px) {\n                .td-pb-span4 .td-block-title-wrap .td-wrapper-pulldown-filter .td-pulldown-filter-display-option span {\n                    display: none;\n                }\n                .td-pb-span4 .td-block-title-wrap .td-wrapper-pulldown-filter .td-pulldown-filter-link {\n                    padding-left: 24px;\n                    padding-right: 20px !important;\n                }\n            }\n            @-moz-document url-prefix() {\n                .td-pulldown-syle-default .td-subcat-more,\n                .td-pulldown-syle-default .td-subcat-list {\n                    position: relative;\n                    top: -1px;\n                }\n            }\n            .td-pulldown-syle-2 {\n                top: 0;\n            }\n            .td-pulldown-syle-2 .td-subcat-dropdown ul {\n                padding: 20px 0;\n                margin-top: 0;\n            }\n            .td-pulldown-syle-2 .td-subcat-dropdown ul:after {\n                content: '';\n                position: absolute;\n                width: calc(100% + 2px);\n                height: 3px;\n                top: 0;\n                left: -1px;\n                background-color: #4db2ec;\n            }\n            .td-pulldown-syle-2 .td-subcat-dropdown a {\n                padding-left: 40px;\n                padding-right: 31px;\n            }\n            .td-pulldown-syle-2 .td-subcat-dropdown:hover .td-subcat-more {\n                background-color: transparent !important;\n            }\n            .td-pulldown-syle-2 .td-subcat-dropdown:hover .td-subcat-more span,\n            .td-pulldown-syle-2 .td-subcat-dropdown:hover .td-subcat-more i {\n                color: #4db2ec;\n            }\n            .td-pulldown-syle-2 .td-subcat-dropdown .td-subcat-more {\n                margin-left: 9px;\n                margin-bottom: 8px; \/\/ this align the dropdown list\n            }\n            .td-pulldown-syle-2 .td-subcat-list .td-subcat-item {\n                margin-left: 24px;\n            }\n            .td-pulldown-syle-3 {\n                top: 0;\n            }\n            .td-pulldown-syle-3 .td-subcat-dropdown ul {\n                padding: 15px 0;\n                margin-top: -1px;\n                border-width: 1px;\n            }\n            .td-pulldown-syle-3 .td-subcat-dropdown a {\n                padding-left: 40px;\n                padding-right: 31px;\n            }\n            .td-pulldown-syle-3 .td-subcat-dropdown &:hover .td-subcat-more {\n                background-color: transparent !important;\n            }\n            .td-pulldown-syle-3 .td-subcat-dropdown &:hover .td-subcat-more span,\n            .td-pulldown-syle-3 .td-subcat-dropdown &:hover .td-subcat-more i {\n                color: #4db2ec;\n            }\n            .td-pulldown-syle-3 .td-subcat-dropdown .td-subcat-more {\n                margin-left: 9px;\n                margin-bottom: 8px; \/\/ this align the dropdown list\n            }\n            .td-pulldown-syle-3 .td-subcat-list .td-subcat-item {\n                margin-left: 24px;\n            }\n            \n            \n\n            \n            .td-theme-wrap .tdi_24_d8e .td-pulldown-filter-link:hover,\n            .td-theme-wrap .tdi_24_d8e .td-subcat-item a:hover,\n            .td-theme-wrap .tdi_24_d8e .td-subcat-item .td-cur-simple-item {\n                color: #dd3333;\n            }\n\n            .td-theme-wrap .tdi_24_d8e .block-title > *,\n            .td-theme-wrap .tdi_24_d8e .td-subcat-dropdown:hover .td-subcat-more {\n                background-color: #dd3333;\n            }\n            .td-theme-wrap .td-footer-wrapper .tdi_24_d8e .block-title > * {\n                padding: 6px 7px 5px;\n                line-height: 1;\n            }\n\n            .td-theme-wrap .tdi_24_d8e .block-title {\n                border-color: #dd3333;\n            }\n\n            \n            .td-theme-wrap .tdi_24_d8e .td_module_wrap:hover .entry-title a,\n            .td-theme-wrap .tdi_24_d8e .td_quote_on_blocks,\n            .td-theme-wrap .tdi_24_d8e .td-opacity-cat .td-post-category:hover,\n            .td-theme-wrap .tdi_24_d8e .td-opacity-read .td-read-more a:hover,\n            .td-theme-wrap .tdi_24_d8e .td-opacity-author .td-post-author-name a:hover,\n            .td-theme-wrap .tdi_24_d8e .td-instagram-user a {\n                color: #dd3333;\n            }\n\n            .td-theme-wrap .tdi_24_d8e .td-next-prev-wrap a:hover,\n            .td-theme-wrap .tdi_24_d8e .td-load-more-wrap a:hover {\n                background-color: #dd3333;\n                border-color: #dd3333;\n            }\n\n            .td-theme-wrap .tdi_24_d8e .td-read-more a,\n            .td-theme-wrap .tdi_24_d8e .td-weather-information:before,\n            .td-theme-wrap .tdi_24_d8e .td-weather-week:before,\n            .td-theme-wrap .tdi_24_d8e .td-exchange-header:before,\n            .td-theme-wrap .td-footer-wrapper .tdi_24_d8e .td-post-category,\n            .td-theme-wrap .tdi_24_d8e .td-post-category:hover {\n                background-color: #dd3333;\n            }\n<\/style><script>var block_tdi_24_d8e = new tdBlock();\nblock_tdi_24_d8e.id = \"tdi_24_d8e\";\nblock_tdi_24_d8e.atts = '{\"custom_title\":\"Mujeres\",\"header_color\":\"#dd3333\",\"category_id\":\"9\",\"tag_slug\":\"vxl 71\",\"limit\":\"10\",\"td_filter_default_txt\":\"Todo\",\"block_type\":\"td_block_21\",\"separator\":\"\",\"custom_url\":\"\",\"block_template_id\":\"\",\"m16_tl\":\"\",\"m16_el\":\"\",\"post_ids\":\"\",\"category_ids\":\"\",\"autors_id\":\"\",\"installed_post_types\":\"\",\"sort\":\"\",\"offset\":\"\",\"show_modified_date\":\"\",\"el_class\":\"\",\"td_ajax_filter_type\":\"\",\"td_ajax_filter_ids\":\"\",\"td_ajax_preloading\":\"\",\"f_header_font_header\":\"\",\"f_header_font_title\":\"Block header\",\"f_header_font_settings\":\"\",\"f_header_font_family\":\"\",\"f_header_font_size\":\"\",\"f_header_font_line_height\":\"\",\"f_header_font_style\":\"\",\"f_header_font_weight\":\"\",\"f_header_font_transform\":\"\",\"f_header_font_spacing\":\"\",\"f_header_\":\"\",\"f_ajax_font_title\":\"Ajax categories\",\"f_ajax_font_settings\":\"\",\"f_ajax_font_family\":\"\",\"f_ajax_font_size\":\"\",\"f_ajax_font_line_height\":\"\",\"f_ajax_font_style\":\"\",\"f_ajax_font_weight\":\"\",\"f_ajax_font_transform\":\"\",\"f_ajax_font_spacing\":\"\",\"f_ajax_\":\"\",\"f_more_font_title\":\"Load more button\",\"f_more_font_settings\":\"\",\"f_more_font_family\":\"\",\"f_more_font_size\":\"\",\"f_more_font_line_height\":\"\",\"f_more_font_style\":\"\",\"f_more_font_weight\":\"\",\"f_more_font_transform\":\"\",\"f_more_font_spacing\":\"\",\"f_more_\":\"\",\"m16f_title_font_header\":\"\",\"m16f_title_font_title\":\"Article title\",\"m16f_title_font_settings\":\"\",\"m16f_title_font_family\":\"\",\"m16f_title_font_size\":\"\",\"m16f_title_font_line_height\":\"\",\"m16f_title_font_style\":\"\",\"m16f_title_font_weight\":\"\",\"m16f_title_font_transform\":\"\",\"m16f_title_font_spacing\":\"\",\"m16f_title_\":\"\",\"m16f_cat_font_title\":\"Article category tag\",\"m16f_cat_font_settings\":\"\",\"m16f_cat_font_family\":\"\",\"m16f_cat_font_size\":\"\",\"m16f_cat_font_line_height\":\"\",\"m16f_cat_font_style\":\"\",\"m16f_cat_font_weight\":\"\",\"m16f_cat_font_transform\":\"\",\"m16f_cat_font_spacing\":\"\",\"m16f_cat_\":\"\",\"m16f_meta_font_title\":\"Article meta info\",\"m16f_meta_font_settings\":\"\",\"m16f_meta_font_family\":\"\",\"m16f_meta_font_size\":\"\",\"m16f_meta_font_line_height\":\"\",\"m16f_meta_font_style\":\"\",\"m16f_meta_font_weight\":\"\",\"m16f_meta_font_transform\":\"\",\"m16f_meta_font_spacing\":\"\",\"m16f_meta_\":\"\",\"m16f_ex_font_title\":\"Article excerpt\",\"m16f_ex_font_settings\":\"\",\"m16f_ex_font_family\":\"\",\"m16f_ex_font_size\":\"\",\"m16f_ex_font_line_height\":\"\",\"m16f_ex_font_style\":\"\",\"m16f_ex_font_weight\":\"\",\"m16f_ex_font_transform\":\"\",\"m16f_ex_font_spacing\":\"\",\"m16f_ex_\":\"\",\"ajax_pagination\":\"\",\"ajax_pagination_infinite_stop\":\"\",\"css\":\"\",\"tdc_css\":\"\",\"td_column_number\":2,\"color_preset\":\"\",\"border_top\":\"\",\"class\":\"tdi_24_d8e\",\"tdc_css_class\":\"tdi_24_d8e\",\"tdc_css_class_style\":\"tdi_24_d8e_rand_style\"}';\nblock_tdi_24_d8e.td_column_number = \"2\";\nblock_tdi_24_d8e.block_type = \"td_block_21\";\nblock_tdi_24_d8e.post_count = \"10\";\nblock_tdi_24_d8e.found_posts = \"22\";\nblock_tdi_24_d8e.header_color = \"#dd3333\";\nblock_tdi_24_d8e.ajax_pagination_infinite_stop = \"\";\nblock_tdi_24_d8e.max_num_pages = \"3\";\ntdBlocksArray.push(block_tdi_24_d8e);\n<\/script><div class=\"td-block-title-wrap\"><h4 class=\"block-title td-block-title\"><span class=\"td-pulldown-size\">Mujeres<\/span><\/h4><\/div><div id=tdi_24_d8e class=\"td_block_inner\">\n        <div class=\"td_module_16 td_module_wrap td-animation-stack\">\n            <div class=\"td-module-thumb\"><a href=\"https:\/\/vamosporlaliberacion.org\/crpmlm\/la-guerra-de-malvinas\/\" rel=\"bookmark\" class=\"td-image-wrap \" title=\"La Guerra de Malvinas\" ><img loading=\"lazy\" decoding=\"async\" class=\"entry-thumb\" src=\"\" alt=\"\" title=\"La Guerra de Malvinas\" data-type=\"image_tag\" data-img-url=\"https:\/\/i0.wp.com\/vamosporlaliberacion.org\/crpmlm\/wp-content\/uploads\/2016\/03\/malv.jpg?resize=150%2C150&ssl=1\"  width=\"150\" height=\"150\" \/><\/a><\/div>\n            <div class=\"item-details\">\n                <h3 class=\"entry-title td-module-title\"><a href=\"https:\/\/vamosporlaliberacion.org\/crpmlm\/la-guerra-de-malvinas\/\" rel=\"bookmark\" title=\"La Guerra de Malvinas\">La Guerra de Malvinas<\/a><\/h3>\n                <div class=\"td-module-meta-info\">\n                                        <span class=\"td-post-author-name\"><a href=\"https:\/\/vamosporlaliberacion.org\/crpmlm\/author\/\"><\/a> <span>-<\/span> <\/span>                    <span class=\"td-post-date\"><time class=\"entry-date updated td-module-date\" datetime=\"2016-03-31T02:02:41-03:00\" >31 marzo, 2016<\/time><\/span>                    <span class=\"td-module-comments\"><a href=\"https:\/\/vamosporlaliberacion.org\/crpmlm\/la-guerra-de-malvinas\/#respond\">0<\/a><\/span>                <\/div>\n\n                <div class=\"td-excerpt\">\n                    El 2 de abril de 1982 las Fuerzas Armadas argentinas desembarcaron en las Islas Malvinas y tras un enfrentamiento con el destacamento de las...                <\/div>\n            <\/div>\n\n        <\/div>\n\n        \n        <div class=\"td_module_16 td_module_wrap td-animation-stack\">\n            <div class=\"td-module-thumb\"><a href=\"https:\/\/vamosporlaliberacion.org\/crpmlm\/feminismo-sin-causas-de-michelle\/\" rel=\"bookmark\" class=\"td-image-wrap \" title=\"\u201cFeminismo\u201d sin causas de Michelle\" ><img loading=\"lazy\" decoding=\"async\" class=\"entry-thumb\" src=\"\" alt=\"\" title=\"\u201cFeminismo\u201d sin causas de Michelle\" data-type=\"image_tag\" data-img-url=\"https:\/\/i0.wp.com\/vamosporlaliberacion.org\/crpmlm\/wp-content\/uploads\/2016\/03\/obama-en-argentina.jpg?resize=150%2C150&ssl=1\"  width=\"150\" height=\"150\" \/><\/a><\/div>\n            <div class=\"item-details\">\n                <h3 class=\"entry-title td-module-title\"><a href=\"https:\/\/vamosporlaliberacion.org\/crpmlm\/feminismo-sin-causas-de-michelle\/\" rel=\"bookmark\" title=\"\u201cFeminismo\u201d sin causas de Michelle\">\u201cFeminismo\u201d sin causas de Michelle<\/a><\/h3>\n                <div class=\"td-module-meta-info\">\n                                        <span class=\"td-post-author-name\"><a href=\"https:\/\/vamosporlaliberacion.org\/crpmlm\/author\/\"><\/a> <span>-<\/span> <\/span>                    <span class=\"td-post-date\"><time class=\"entry-date updated td-module-date\" datetime=\"2016-03-31T01:56:00-03:00\" >31 marzo, 2016<\/time><\/span>                    <span class=\"td-module-comments\"><a href=\"https:\/\/vamosporlaliberacion.org\/crpmlm\/feminismo-sin-causas-de-michelle\/#respond\">0<\/a><\/span>                <\/div>\n\n                <div class=\"td-excerpt\">\n                    El discurso de Michelle LaVaughn Robinson, calificado de inspirador por los medios hegem\u00f3nicos, comenz\u00f3 con el relato de su historia personal y sobre c\u00f3mo,...                <\/div>\n            <\/div>\n\n        <\/div>\n\n        \n        <div class=\"td_module_16 td_module_wrap td-animation-stack\">\n            <div class=\"td-module-thumb\"><a href=\"https:\/\/vamosporlaliberacion.org\/crpmlm\/venimos-a-hablar-con-el-intendente\/\" rel=\"bookmark\" class=\"td-image-wrap \" title=\"\u201cVenimos a hablar con el intendente\u201d\" ><img loading=\"lazy\" decoding=\"async\" class=\"entry-thumb\" src=\"\" alt=\"\" title=\"\u201cVenimos a hablar con el intendente\u201d\" data-type=\"image_tag\" data-img-url=\"https:\/\/i0.wp.com\/vamosporlaliberacion.org\/crpmlm\/wp-content\/uploads\/2016\/03\/chas.jpg?resize=150%2C150&ssl=1\"  width=\"150\" height=\"150\" \/><\/a><\/div>\n            <div class=\"item-details\">\n                <h3 class=\"entry-title td-module-title\"><a href=\"https:\/\/vamosporlaliberacion.org\/crpmlm\/venimos-a-hablar-con-el-intendente\/\" rel=\"bookmark\" title=\"\u201cVenimos a hablar con el intendente\u201d\">\u201cVenimos a hablar con el intendente\u201d<\/a><\/h3>\n                <div class=\"td-module-meta-info\">\n                                        <span class=\"td-post-author-name\"><a href=\"https:\/\/vamosporlaliberacion.org\/crpmlm\/author\/\"><\/a> <span>-<\/span> <\/span>                    <span class=\"td-post-date\"><time class=\"entry-date updated td-module-date\" datetime=\"2016-03-30T22:47:59-03:00\" >31 marzo, 2016<\/time><\/span>                    <span class=\"td-module-comments\"><a href=\"https:\/\/vamosporlaliberacion.org\/crpmlm\/venimos-a-hablar-con-el-intendente\/#respond\">0<\/a><\/span>                <\/div>\n\n                <div class=\"td-excerpt\">\n                    Mucho ruido, mucho canto y emoci\u00f3n de los estudiantes que nos dimos cita en la puerta de la Municipalidad de Chascom\u00fas, reclamando nuestro derecho...                <\/div>\n            <\/div>\n\n        <\/div>\n\n        \n        <div class=\"td_module_16 td_module_wrap td-animation-stack\">\n            <div class=\"td-module-thumb\"><a href=\"https:\/\/vamosporlaliberacion.org\/crpmlm\/piquetazo-en-la-9-de-julio\/\" rel=\"bookmark\" class=\"td-image-wrap \" title=\"Piquetazo en la 9 de Julio\" ><img loading=\"lazy\" decoding=\"async\" class=\"entry-thumb\" src=\"\" alt=\"\" title=\"Piquetazo en la 9 de Julio\" data-type=\"image_tag\" data-img-url=\"https:\/\/i0.wp.com\/vamosporlaliberacion.org\/crpmlm\/wp-content\/uploads\/2016\/03\/piquetazo.jpg?resize=150%2C150&ssl=1\"  width=\"150\" height=\"150\" \/><\/a><\/div>\n            <div class=\"item-details\">\n                <h3 class=\"entry-title td-module-title\"><a href=\"https:\/\/vamosporlaliberacion.org\/crpmlm\/piquetazo-en-la-9-de-julio\/\" rel=\"bookmark\" title=\"Piquetazo en la 9 de Julio\">Piquetazo en la 9 de Julio<\/a><\/h3>\n                <div class=\"td-module-meta-info\">\n                                        <span class=\"td-post-author-name\"><a href=\"https:\/\/vamosporlaliberacion.org\/crpmlm\/author\/\"><\/a> <span>-<\/span> <\/span>                    <span class=\"td-post-date\"><time class=\"entry-date updated td-module-date\" datetime=\"2016-03-30T22:41:08-03:00\" >31 marzo, 2016<\/time><\/span>                    <span class=\"td-module-comments\"><a href=\"https:\/\/vamosporlaliberacion.org\/crpmlm\/piquetazo-en-la-9-de-julio\/#respond\">0<\/a><\/span>                <\/div>\n\n                <div class=\"td-excerpt\">\n                    Desafiando el protocolo antipiquete, m\u00e1s de 15 compa\u00f1eros protagonizaron una contundente jornada el pasado mi\u00e9rcoles 16. El corte se realiz\u00f3 sobre la Av. 9...                <\/div>\n            <\/div>\n\n        <\/div>\n\n        \n        <div class=\"td_module_16 td_module_wrap td-animation-stack\">\n            <div class=\"td-module-thumb\"><a href=\"https:\/\/vamosporlaliberacion.org\/crpmlm\/carlos-fuentealba-2\/\" rel=\"bookmark\" class=\"td-image-wrap \" title=\"Carlos Fuentealba\" ><img loading=\"lazy\" decoding=\"async\" class=\"entry-thumb\" src=\"\" alt=\"\" title=\"Carlos Fuentealba\" data-type=\"image_tag\" data-img-url=\"https:\/\/i0.wp.com\/vamosporlaliberacion.org\/crpmlm\/wp-content\/uploads\/2016\/03\/fuent.jpg?resize=150%2C150&ssl=1\"  width=\"150\" height=\"150\" \/><\/a><\/div>\n            <div class=\"item-details\">\n                <h3 class=\"entry-title td-module-title\"><a href=\"https:\/\/vamosporlaliberacion.org\/crpmlm\/carlos-fuentealba-2\/\" rel=\"bookmark\" title=\"Carlos Fuentealba\">Carlos Fuentealba<\/a><\/h3>\n                <div class=\"td-module-meta-info\">\n                                        <span class=\"td-post-author-name\"><a href=\"https:\/\/vamosporlaliberacion.org\/crpmlm\/author\/\"><\/a> <span>-<\/span> <\/span>                    <span class=\"td-post-date\"><time class=\"entry-date updated td-module-date\" datetime=\"2016-03-30T22:35:34-03:00\" >31 marzo, 2016<\/time><\/span>                    <span class=\"td-module-comments\"><a href=\"https:\/\/vamosporlaliberacion.org\/crpmlm\/carlos-fuentealba-2\/#respond\">0<\/a><\/span>                <\/div>\n\n                <div class=\"td-excerpt\">\n                    Se cumplen 9 a\u00f1os del asesinato del docente Carlos Fuentealba a manos de la polic\u00eda neuquina en el marco de la brutal represi\u00f3n del...                <\/div>\n            <\/div>\n\n        <\/div>\n\n        \n        <div class=\"td_module_16 td_module_wrap td-animation-stack\">\n            <div class=\"td-module-thumb\"><a href=\"https:\/\/vamosporlaliberacion.org\/crpmlm\/companeros-de-cnea-presentes\/\" rel=\"bookmark\" class=\"td-image-wrap \" title=\"Compa\u00f1eros de CNEA, presentes!\" ><img loading=\"lazy\" decoding=\"async\" class=\"entry-thumb\" src=\"\" alt=\"\" title=\"Compa\u00f1eros de CNEA, presentes!\" data-type=\"image_tag\" data-img-url=\"https:\/\/i0.wp.com\/vamosporlaliberacion.org\/crpmlm\/wp-content\/uploads\/2016\/03\/1-bandera-640x480.jpg?resize=150%2C150&ssl=1\"  width=\"150\" height=\"150\" \/><\/a><\/div>\n            <div class=\"item-details\">\n                <h3 class=\"entry-title td-module-title\"><a href=\"https:\/\/vamosporlaliberacion.org\/crpmlm\/companeros-de-cnea-presentes\/\" rel=\"bookmark\" title=\"Compa\u00f1eros de CNEA, presentes!\">Compa\u00f1eros de CNEA, presentes!<\/a><\/h3>\n                <div class=\"td-module-meta-info\">\n                                        <span class=\"td-post-author-name\"><a href=\"https:\/\/vamosporlaliberacion.org\/crpmlm\/author\/\"><\/a> <span>-<\/span> <\/span>                    <span class=\"td-post-date\"><time class=\"entry-date updated td-module-date\" datetime=\"2016-03-30T22:31:29-03:00\" >31 marzo, 2016<\/time><\/span>                    <span class=\"td-module-comments\"><a href=\"https:\/\/vamosporlaliberacion.org\/crpmlm\/companeros-de-cnea-presentes\/#respond\">0<\/a><\/span>                <\/div>\n\n                <div class=\"td-excerpt\">\n                    Este 24 de marzo en la movilizaci\u00f3n junto al Encuentro Memoria Verdad y Justicia los trabajadores y trabajadoras de CNEA de los centros at\u00f3micos...                <\/div>\n            <\/div>\n\n        <\/div>\n\n        \n        <div class=\"td_module_16 td_module_wrap td-animation-stack\">\n            <div class=\"td-module-thumb\"><a href=\"https:\/\/vamosporlaliberacion.org\/crpmlm\/homenaje-en-tigre-a-docentes-desaparecidos\/\" rel=\"bookmark\" class=\"td-image-wrap \" title=\"Homenaje en Tigre a docentes desaparecidos\" ><img loading=\"lazy\" decoding=\"async\" class=\"entry-thumb\" src=\"\" alt=\"\" title=\"Homenaje en Tigre a docentes desaparecidos\" data-type=\"image_tag\" data-img-url=\"https:\/\/i0.wp.com\/vamosporlaliberacion.org\/crpmlm\/wp-content\/uploads\/2016\/03\/tigre-homenaje-docentes.jpg?resize=150%2C150&ssl=1\"  width=\"150\" height=\"150\" \/><\/a><\/div>\n            <div class=\"item-details\">\n                <h3 class=\"entry-title td-module-title\"><a href=\"https:\/\/vamosporlaliberacion.org\/crpmlm\/homenaje-en-tigre-a-docentes-desaparecidos\/\" rel=\"bookmark\" title=\"Homenaje en Tigre a docentes desaparecidos\">Homenaje en Tigre a docentes desaparecidos<\/a><\/h3>\n                <div class=\"td-module-meta-info\">\n                                        <span class=\"td-post-author-name\"><a href=\"https:\/\/vamosporlaliberacion.org\/crpmlm\/author\/\"><\/a> <span>-<\/span> <\/span>                    <span class=\"td-post-date\"><time class=\"entry-date updated td-module-date\" datetime=\"2016-03-30T22:22:48-03:00\" >31 marzo, 2016<\/time><\/span>                    <span class=\"td-module-comments\"><a href=\"https:\/\/vamosporlaliberacion.org\/crpmlm\/homenaje-en-tigre-a-docentes-desaparecidos\/#respond\">0<\/a><\/span>                <\/div>\n\n                <div class=\"td-excerpt\">\n                    El pasado 22 se realiz\u00f3 un homenaje a las docentes Rosa Mar\u00eda Casariego y Alh\u00f3ndiga Juana Burga, detenidas-desaparecidas de la \u00faltima dictadura militar. El...                <\/div>\n            <\/div>\n\n        <\/div>\n\n        \n        <div class=\"td_module_16 td_module_wrap td-animation-stack\">\n            <div class=\"td-module-thumb\"><a href=\"https:\/\/vamosporlaliberacion.org\/crpmlm\/gracias-obama\/\" rel=\"bookmark\" class=\"td-image-wrap \" title=\"\u00bfGracias Obama?\" ><img loading=\"lazy\" decoding=\"async\" class=\"entry-thumb\" src=\"\" alt=\"\" title=\"\u00bfGracias Obama?\" data-type=\"image_tag\" data-img-url=\"https:\/\/i0.wp.com\/vamosporlaliberacion.org\/crpmlm\/wp-content\/uploads\/2016\/03\/obama-macri.jpg?resize=150%2C150&ssl=1\"  width=\"150\" height=\"150\" \/><\/a><\/div>\n            <div class=\"item-details\">\n                <h3 class=\"entry-title td-module-title\"><a href=\"https:\/\/vamosporlaliberacion.org\/crpmlm\/gracias-obama\/\" rel=\"bookmark\" title=\"\u00bfGracias Obama?\">\u00bfGracias Obama?<\/a><\/h3>\n                <div class=\"td-module-meta-info\">\n                                        <span class=\"td-post-author-name\"><a href=\"https:\/\/vamosporlaliberacion.org\/crpmlm\/author\/\"><\/a> <span>-<\/span> <\/span>                    <span class=\"td-post-date\"><time class=\"entry-date updated td-module-date\" datetime=\"2016-03-30T21:30:24-03:00\" >31 marzo, 2016<\/time><\/span>                    <span class=\"td-module-comments\"><a href=\"https:\/\/vamosporlaliberacion.org\/crpmlm\/gracias-obama\/#respond\">0<\/a><\/span>                <\/div>\n\n                <div class=\"td-excerpt\">\n                    Tras su resonante y significativo viaje a Cuba, el presidente norteamericano enfil\u00f3 para Argentina en una visita sorpresiva, publicitada hace solo un mes. Con...                <\/div>\n            <\/div>\n\n        <\/div>\n\n        \n        <div class=\"td_module_16 td_module_wrap td-animation-stack\">\n            <div class=\"td-module-thumb\"><a href=\"https:\/\/vamosporlaliberacion.org\/crpmlm\/entrega-nuclear\/\" rel=\"bookmark\" class=\"td-image-wrap \" title=\"Entrega nuclear\" ><img loading=\"lazy\" decoding=\"async\" class=\"entry-thumb\" src=\"\" alt=\"\" title=\"Entrega nuclear\" data-type=\"image_tag\" data-img-url=\"https:\/\/i0.wp.com\/vamosporlaliberacion.org\/crpmlm\/wp-content\/uploads\/2016\/03\/cnea-ate.jpg?resize=150%2C150&ssl=1\"  width=\"150\" height=\"150\" \/><\/a><\/div>\n            <div class=\"item-details\">\n                <h3 class=\"entry-title td-module-title\"><a href=\"https:\/\/vamosporlaliberacion.org\/crpmlm\/entrega-nuclear\/\" rel=\"bookmark\" title=\"Entrega nuclear\">Entrega nuclear<\/a><\/h3>\n                <div class=\"td-module-meta-info\">\n                                        <span class=\"td-post-author-name\"><a href=\"https:\/\/vamosporlaliberacion.org\/crpmlm\/author\/\"><\/a> <span>-<\/span> <\/span>                    <span class=\"td-post-date\"><time class=\"entry-date updated td-module-date\" datetime=\"2016-03-30T21:26:51-03:00\" >31 marzo, 2016<\/time><\/span>                    <span class=\"td-module-comments\"><a href=\"https:\/\/vamosporlaliberacion.org\/crpmlm\/entrega-nuclear\/#respond\">0<\/a><\/span>                <\/div>\n\n                <div class=\"td-excerpt\">\n                    Uno de los temas en el que habr\u00edan avanzado Obama y Macri es en el \u00e1rea de \u201ccooperaci\u00f3n\u201d nuclear. Pero no precisamente para impulsar...                <\/div>\n            <\/div>\n\n        <\/div>\n\n        \n        <div class=\"td_module_16 td_module_wrap td-animation-stack\">\n            <div class=\"td-module-thumb\"><a href=\"https:\/\/vamosporlaliberacion.org\/crpmlm\/repudio-a-la-visita-de-obama\/\" rel=\"bookmark\" class=\"td-image-wrap \" title=\"Repudio a la visita de Obama\" ><img loading=\"lazy\" decoding=\"async\" class=\"entry-thumb\" src=\"\" alt=\"\" title=\"Repudio a la visita de Obama\" data-type=\"image_tag\" data-img-url=\"https:\/\/i0.wp.com\/vamosporlaliberacion.org\/crpmlm\/wp-content\/uploads\/2016\/03\/cr-eeuu.jpg?resize=150%2C150&ssl=1\"  width=\"150\" height=\"150\" \/><\/a><\/div>\n            <div class=\"item-details\">\n                <h3 class=\"entry-title td-module-title\"><a href=\"https:\/\/vamosporlaliberacion.org\/crpmlm\/repudio-a-la-visita-de-obama\/\" rel=\"bookmark\" title=\"Repudio a la visita de Obama\">Repudio a la visita de Obama<\/a><\/h3>\n                <div class=\"td-module-meta-info\">\n                                        <span class=\"td-post-author-name\"><a href=\"https:\/\/vamosporlaliberacion.org\/crpmlm\/author\/\"><\/a> <span>-<\/span> <\/span>                    <span class=\"td-post-date\"><time class=\"entry-date updated td-module-date\" datetime=\"2016-03-30T21:25:26-03:00\" >31 marzo, 2016<\/time><\/span>                    <span class=\"td-module-comments\"><a href=\"https:\/\/vamosporlaliberacion.org\/crpmlm\/repudio-a-la-visita-de-obama\/#respond\">0<\/a><\/span>                <\/div>\n\n                <div class=\"td-excerpt\">\n                    Es mi\u00e9rcoles, son las 16:30hs en Buenos Aires, la ciudad est\u00e1 conmocionada por la llegada del primer mandatario estadounidense. Los subtes funcionan a medias,...                <\/div>\n            <\/div>\n\n        <\/div>\n\n        <\/div><\/div> <!-- .\/block --><div class=\"td_block_wrap td_block_21 tdi_25_1b9 td-pb-border-top td_block_template_1 td-column-2\"  data-td-block-uid=\"tdi_25_1b9\" >\n<style>\n.td_block_template_2.widget > ul > li,\n            .td_block_template_6.widget > ul > li,\n            .td_block_template_8.widget > ul > li,\n            .td_block_template_9.widget > ul > li,\n            .td_block_template_10.widget > ul > li,\n            .td_block_template_11.widget > ul > li,\n            .td_block_template_12.widget > ul > li,\n            .td_block_template_13.widget > ul > li,\n            .td_block_template_14.widget > ul > li,\n            .td_block_template_15.widget > ul > li,\n            .td_block_template_16.widget > ul > li,\n            .td_block_template_17.widget > ul > li {\n                margin-left: 0 !important;\n            }\n            .global-block-template-12 .td-comments-title span,\n            .global-block-template-13 .td-comments-title span {\n                margin-left: 0 !important;\n                font-size: 20px;\n            }\n            @media (max-width: 767px) {\n                .global-block-template-12 .td-comments-title span,\n                .global-block-template-13 .td-comments-title span {\n                    font-size: 15px;\n                }\n            }\n            .td-block-title-wrap .td-wrapper-pulldown-filter {\n                font-family: 'Roboto', sans-serif;\n                position: absolute;\n                bottom: 0;\n                right: 0;\n                top: 0;\n                margin: auto 0;\n                z-index: 2;\n                background-color: #fff;\n                font-size: 13px;\n                line-height: 1;\n                color: #777;\n                text-align: right;\n            }\n            .td-block-title-wrap .td-wrapper-pulldown-filter .td-pulldown-filter-display-option {\n                cursor: pointer;\n                white-space: nowrap;\n                position: relative;\n                line-height: 29px;\n            }\n            .td-block-title-wrap .td-wrapper-pulldown-filter .td-pulldown-filter-display-option i {\n                font-size: 9px;\n                color: #777;\n                margin-left: 20px;\n                margin-right: 10px;\n            }\n            .td-block-title-wrap .td-wrapper-pulldown-filter .td-pulldown-filter-display-option i:before {\n                content: '\\e83d';\n            }\n            .td-block-title-wrap .td-wrapper-pulldown-filter .td-pulldown-filter-display-option span {\n                padding-left: 20px;\n                margin-right: -14px;\n            }\n            @media (max-width: 360px) {\n                .td-block-title-wrap .td-wrapper-pulldown-filter .td-pulldown-filter-display-option span {\n                    display: none;\n                }\n            }\n            .td-block-title-wrap .td-wrapper-pulldown-filter .td-pulldown-filter-display-option:hover {\n                color: #4db2ec;\n            }\n            .td-block-title-wrap .td-wrapper-pulldown-filter .td-pulldown-filter-display-option:hover i {\n                color: #4db2ec;\n            }\n            .td-block-title-wrap .td-wrapper-pulldown-filter .td-pulldown-filter-display-option:hover ul {\n                display: block;\n            }\n            .td-block-title-wrap .td-wrapper-pulldown-filter .td-pulldown-filter-list {\n                list-style: none;\n                position: absolute;\n                right: 0;\n                top: 100%;\n                padding: 18px 0;\n                background-color: rgb(255, 255, 255);\n                background-color: rgba(255, 255, 255, 0.95);\n                z-index: 999;\n                border-width: 1px;\n                border-color: #ededed;\n                border-style: solid;\n                display: none;\n                margin: 0;\n            }\n            .td-block-title-wrap .td-wrapper-pulldown-filter .td-pulldown-filter-item {\n                list-style: none;\n                margin: 0;\n            }\n            .td-block-title-wrap .td-wrapper-pulldown-filter .td-pulldown-filter-item .td-cur-simple-item {\n                color: #4db2ec;\n            }\n            .td-block-title-wrap .td-wrapper-pulldown-filter .td-pulldown-more {\n                padding-bottom: 10px;\n            }\n            .td-block-title-wrap .td-wrapper-pulldown-filter .td-pulldown-more:before {\n                content: '';\n                width: 70px;\n                height: 100%;\n                position: absolute;\n                margin-top: 2px;\n                top: 0;\n                right: 0;\n                z-index: 1;\n                opacity: 0;\n            }\n            .td-block-title-wrap .td-wrapper-pulldown-filter .td-pulldown-filter-link {\n                color: #777;\n                white-space: nowrap;\n                display: block;\n                line-height: 26px;\n                padding-left: 36px;\n                padding-right: 27px;\n            }\n            .td-block-title-wrap .td-wrapper-pulldown-filter .td-pulldown-filter-link:hover {\n                color: #4db2ec;\n            }\n            @media (min-width: 768px) and (max-width: 1018px) {\n                .td-pb-span4 .td-block-title-wrap .td-wrapper-pulldown-filter .td-pulldown-filter-display-option span {\n                    display: none;\n                }\n                .td-pb-span4 .td-block-title-wrap .td-wrapper-pulldown-filter .td-pulldown-filter-link {\n                    padding-left: 24px;\n                    padding-right: 20px !important;\n                }\n            }\n            @-moz-document url-prefix() {\n                .td-pulldown-syle-default .td-subcat-more,\n                .td-pulldown-syle-default .td-subcat-list {\n                    position: relative;\n                    top: -1px;\n                }\n            }\n            .td-pulldown-syle-2 {\n                top: 0;\n            }\n            .td-pulldown-syle-2 .td-subcat-dropdown ul {\n                padding: 20px 0;\n                margin-top: 0;\n            }\n            .td-pulldown-syle-2 .td-subcat-dropdown ul:after {\n                content: '';\n                position: absolute;\n                width: calc(100% + 2px);\n                height: 3px;\n                top: 0;\n                left: -1px;\n                background-color: #4db2ec;\n            }\n            .td-pulldown-syle-2 .td-subcat-dropdown a {\n                padding-left: 40px;\n                padding-right: 31px;\n            }\n            .td-pulldown-syle-2 .td-subcat-dropdown:hover .td-subcat-more {\n                background-color: transparent !important;\n            }\n            .td-pulldown-syle-2 .td-subcat-dropdown:hover .td-subcat-more span,\n            .td-pulldown-syle-2 .td-subcat-dropdown:hover .td-subcat-more i {\n                color: #4db2ec;\n            }\n            .td-pulldown-syle-2 .td-subcat-dropdown .td-subcat-more {\n                margin-left: 9px;\n                margin-bottom: 8px; \/\/ this align the dropdown list\n            }\n            .td-pulldown-syle-2 .td-subcat-list .td-subcat-item {\n                margin-left: 24px;\n            }\n            .td-pulldown-syle-3 {\n                top: 0;\n            }\n            .td-pulldown-syle-3 .td-subcat-dropdown ul {\n                padding: 15px 0;\n                margin-top: -1px;\n                border-width: 1px;\n            }\n            .td-pulldown-syle-3 .td-subcat-dropdown a {\n                padding-left: 40px;\n                padding-right: 31px;\n            }\n            .td-pulldown-syle-3 .td-subcat-dropdown &:hover .td-subcat-more {\n                background-color: transparent !important;\n            }\n            .td-pulldown-syle-3 .td-subcat-dropdown &:hover .td-subcat-more span,\n            .td-pulldown-syle-3 .td-subcat-dropdown &:hover .td-subcat-more i {\n                color: #4db2ec;\n            }\n            .td-pulldown-syle-3 .td-subcat-dropdown .td-subcat-more {\n                margin-left: 9px;\n                margin-bottom: 8px; \/\/ this align the dropdown list\n            }\n            .td-pulldown-syle-3 .td-subcat-list .td-subcat-item {\n                margin-left: 24px;\n            }\n            \n            \n\n            \n            .td-theme-wrap .tdi_25_1b9 .td-pulldown-filter-link:hover,\n            .td-theme-wrap .tdi_25_1b9 .td-subcat-item a:hover,\n            .td-theme-wrap .tdi_25_1b9 .td-subcat-item .td-cur-simple-item {\n                color: #dd3333;\n            }\n\n            .td-theme-wrap .tdi_25_1b9 .block-title > *,\n            .td-theme-wrap .tdi_25_1b9 .td-subcat-dropdown:hover .td-subcat-more {\n                background-color: #dd3333;\n            }\n            .td-theme-wrap .td-footer-wrapper .tdi_25_1b9 .block-title > * {\n                padding: 6px 7px 5px;\n                line-height: 1;\n            }\n\n            .td-theme-wrap .tdi_25_1b9 .block-title {\n                border-color: #dd3333;\n            }\n\n            \n            .td-theme-wrap .tdi_25_1b9 .td_module_wrap:hover .entry-title a,\n            .td-theme-wrap .tdi_25_1b9 .td_quote_on_blocks,\n            .td-theme-wrap .tdi_25_1b9 .td-opacity-cat .td-post-category:hover,\n            .td-theme-wrap .tdi_25_1b9 .td-opacity-read .td-read-more a:hover,\n            .td-theme-wrap .tdi_25_1b9 .td-opacity-author .td-post-author-name a:hover,\n            .td-theme-wrap .tdi_25_1b9 .td-instagram-user a {\n                color: #dd3333;\n            }\n\n            .td-theme-wrap .tdi_25_1b9 .td-next-prev-wrap a:hover,\n            .td-theme-wrap .tdi_25_1b9 .td-load-more-wrap a:hover {\n                background-color: #dd3333;\n                border-color: #dd3333;\n            }\n\n            .td-theme-wrap .tdi_25_1b9 .td-read-more a,\n            .td-theme-wrap .tdi_25_1b9 .td-weather-information:before,\n            .td-theme-wrap .tdi_25_1b9 .td-weather-week:before,\n            .td-theme-wrap .tdi_25_1b9 .td-exchange-header:before,\n            .td-theme-wrap .td-footer-wrapper .tdi_25_1b9 .td-post-category,\n            .td-theme-wrap .tdi_25_1b9 .td-post-category:hover {\n                background-color: #dd3333;\n            }\n<\/style><script>var block_tdi_25_1b9 = new tdBlock();\nblock_tdi_25_1b9.id = \"tdi_25_1b9\";\nblock_tdi_25_1b9.atts = '{\"custom_title\":\"Social\",\"header_color\":\"#dd3333\",\"category_id\":\"13\",\"tag_slug\":\"vxl 71\",\"limit\":\"10\",\"td_filter_default_txt\":\"Todo\",\"block_type\":\"td_block_21\",\"separator\":\"\",\"custom_url\":\"\",\"block_template_id\":\"\",\"m16_tl\":\"\",\"m16_el\":\"\",\"post_ids\":\"\",\"category_ids\":\"\",\"autors_id\":\"\",\"installed_post_types\":\"\",\"sort\":\"\",\"offset\":\"\",\"show_modified_date\":\"\",\"el_class\":\"\",\"td_ajax_filter_type\":\"\",\"td_ajax_filter_ids\":\"\",\"td_ajax_preloading\":\"\",\"f_header_font_header\":\"\",\"f_header_font_title\":\"Block header\",\"f_header_font_settings\":\"\",\"f_header_font_family\":\"\",\"f_header_font_size\":\"\",\"f_header_font_line_height\":\"\",\"f_header_font_style\":\"\",\"f_header_font_weight\":\"\",\"f_header_font_transform\":\"\",\"f_header_font_spacing\":\"\",\"f_header_\":\"\",\"f_ajax_font_title\":\"Ajax categories\",\"f_ajax_font_settings\":\"\",\"f_ajax_font_family\":\"\",\"f_ajax_font_size\":\"\",\"f_ajax_font_line_height\":\"\",\"f_ajax_font_style\":\"\",\"f_ajax_font_weight\":\"\",\"f_ajax_font_transform\":\"\",\"f_ajax_font_spacing\":\"\",\"f_ajax_\":\"\",\"f_more_font_title\":\"Load more button\",\"f_more_font_settings\":\"\",\"f_more_font_family\":\"\",\"f_more_font_size\":\"\",\"f_more_font_line_height\":\"\",\"f_more_font_style\":\"\",\"f_more_font_weight\":\"\",\"f_more_font_transform\":\"\",\"f_more_font_spacing\":\"\",\"f_more_\":\"\",\"m16f_title_font_header\":\"\",\"m16f_title_font_title\":\"Article title\",\"m16f_title_font_settings\":\"\",\"m16f_title_font_family\":\"\",\"m16f_title_font_size\":\"\",\"m16f_title_font_line_height\":\"\",\"m16f_title_font_style\":\"\",\"m16f_title_font_weight\":\"\",\"m16f_title_font_transform\":\"\",\"m16f_title_font_spacing\":\"\",\"m16f_title_\":\"\",\"m16f_cat_font_title\":\"Article category tag\",\"m16f_cat_font_settings\":\"\",\"m16f_cat_font_family\":\"\",\"m16f_cat_font_size\":\"\",\"m16f_cat_font_line_height\":\"\",\"m16f_cat_font_style\":\"\",\"m16f_cat_font_weight\":\"\",\"m16f_cat_font_transform\":\"\",\"m16f_cat_font_spacing\":\"\",\"m16f_cat_\":\"\",\"m16f_meta_font_title\":\"Article meta info\",\"m16f_meta_font_settings\":\"\",\"m16f_meta_font_family\":\"\",\"m16f_meta_font_size\":\"\",\"m16f_meta_font_line_height\":\"\",\"m16f_meta_font_style\":\"\",\"m16f_meta_font_weight\":\"\",\"m16f_meta_font_transform\":\"\",\"m16f_meta_font_spacing\":\"\",\"m16f_meta_\":\"\",\"m16f_ex_font_title\":\"Article excerpt\",\"m16f_ex_font_settings\":\"\",\"m16f_ex_font_family\":\"\",\"m16f_ex_font_size\":\"\",\"m16f_ex_font_line_height\":\"\",\"m16f_ex_font_style\":\"\",\"m16f_ex_font_weight\":\"\",\"m16f_ex_font_transform\":\"\",\"m16f_ex_font_spacing\":\"\",\"m16f_ex_\":\"\",\"ajax_pagination\":\"\",\"ajax_pagination_infinite_stop\":\"\",\"css\":\"\",\"tdc_css\":\"\",\"td_column_number\":2,\"color_preset\":\"\",\"border_top\":\"\",\"class\":\"tdi_25_1b9\",\"tdc_css_class\":\"tdi_25_1b9\",\"tdc_css_class_style\":\"tdi_25_1b9_rand_style\"}';\nblock_tdi_25_1b9.td_column_number = \"2\";\nblock_tdi_25_1b9.block_type = \"td_block_21\";\nblock_tdi_25_1b9.post_count = \"10\";\nblock_tdi_25_1b9.found_posts = \"22\";\nblock_tdi_25_1b9.header_color = \"#dd3333\";\nblock_tdi_25_1b9.ajax_pagination_infinite_stop = \"\";\nblock_tdi_25_1b9.max_num_pages = \"3\";\ntdBlocksArray.push(block_tdi_25_1b9);\n<\/script><div class=\"td-block-title-wrap\"><h4 class=\"block-title td-block-title\"><span class=\"td-pulldown-size\">Social<\/span><\/h4><\/div><div id=tdi_25_1b9 class=\"td_block_inner\">\n        <div class=\"td_module_16 td_module_wrap td-animation-stack\">\n            <div class=\"td-module-thumb\"><a href=\"https:\/\/vamosporlaliberacion.org\/crpmlm\/la-guerra-de-malvinas\/\" rel=\"bookmark\" class=\"td-image-wrap \" title=\"La Guerra de Malvinas\" ><img loading=\"lazy\" decoding=\"async\" class=\"entry-thumb\" src=\"\" alt=\"\" title=\"La Guerra de Malvinas\" data-type=\"image_tag\" data-img-url=\"https:\/\/i0.wp.com\/vamosporlaliberacion.org\/crpmlm\/wp-content\/uploads\/2016\/03\/malv.jpg?resize=150%2C150&ssl=1\"  width=\"150\" height=\"150\" \/><\/a><\/div>\n            <div class=\"item-details\">\n                <h3 class=\"entry-title td-module-title\"><a href=\"https:\/\/vamosporlaliberacion.org\/crpmlm\/la-guerra-de-malvinas\/\" rel=\"bookmark\" title=\"La Guerra de Malvinas\">La Guerra de Malvinas<\/a><\/h3>\n                <div class=\"td-module-meta-info\">\n                                        <span class=\"td-post-author-name\"><a href=\"https:\/\/vamosporlaliberacion.org\/crpmlm\/author\/\"><\/a> <span>-<\/span> <\/span>                    <span class=\"td-post-date\"><time class=\"entry-date updated td-module-date\" datetime=\"2016-03-31T02:02:41-03:00\" >31 marzo, 2016<\/time><\/span>                    <span class=\"td-module-comments\"><a href=\"https:\/\/vamosporlaliberacion.org\/crpmlm\/la-guerra-de-malvinas\/#respond\">0<\/a><\/span>                <\/div>\n\n                <div class=\"td-excerpt\">\n                    El 2 de abril de 1982 las Fuerzas Armadas argentinas desembarcaron en las Islas Malvinas y tras un enfrentamiento con el destacamento de las...                <\/div>\n            <\/div>\n\n        <\/div>\n\n        \n        <div class=\"td_module_16 td_module_wrap td-animation-stack\">\n            <div class=\"td-module-thumb\"><a href=\"https:\/\/vamosporlaliberacion.org\/crpmlm\/feminismo-sin-causas-de-michelle\/\" rel=\"bookmark\" class=\"td-image-wrap \" title=\"\u201cFeminismo\u201d sin causas de Michelle\" ><img loading=\"lazy\" decoding=\"async\" class=\"entry-thumb\" src=\"\" alt=\"\" title=\"\u201cFeminismo\u201d sin causas de Michelle\" data-type=\"image_tag\" data-img-url=\"https:\/\/i0.wp.com\/vamosporlaliberacion.org\/crpmlm\/wp-content\/uploads\/2016\/03\/obama-en-argentina.jpg?resize=150%2C150&ssl=1\"  width=\"150\" height=\"150\" \/><\/a><\/div>\n            <div class=\"item-details\">\n                <h3 class=\"entry-title td-module-title\"><a href=\"https:\/\/vamosporlaliberacion.org\/crpmlm\/feminismo-sin-causas-de-michelle\/\" rel=\"bookmark\" title=\"\u201cFeminismo\u201d sin causas de Michelle\">\u201cFeminismo\u201d sin causas de Michelle<\/a><\/h3>\n                <div class=\"td-module-meta-info\">\n                                        <span class=\"td-post-author-name\"><a href=\"https:\/\/vamosporlaliberacion.org\/crpmlm\/author\/\"><\/a> <span>-<\/span> <\/span>                    <span class=\"td-post-date\"><time class=\"entry-date updated td-module-date\" datetime=\"2016-03-31T01:56:00-03:00\" >31 marzo, 2016<\/time><\/span>                    <span class=\"td-module-comments\"><a href=\"https:\/\/vamosporlaliberacion.org\/crpmlm\/feminismo-sin-causas-de-michelle\/#respond\">0<\/a><\/span>                <\/div>\n\n                <div class=\"td-excerpt\">\n                    El discurso de Michelle LaVaughn Robinson, calificado de inspirador por los medios hegem\u00f3nicos, comenz\u00f3 con el relato de su historia personal y sobre c\u00f3mo,...                <\/div>\n            <\/div>\n\n        <\/div>\n\n        \n        <div class=\"td_module_16 td_module_wrap td-animation-stack\">\n            <div class=\"td-module-thumb\"><a href=\"https:\/\/vamosporlaliberacion.org\/crpmlm\/venimos-a-hablar-con-el-intendente\/\" rel=\"bookmark\" class=\"td-image-wrap \" title=\"\u201cVenimos a hablar con el intendente\u201d\" ><img loading=\"lazy\" decoding=\"async\" class=\"entry-thumb\" src=\"\" alt=\"\" title=\"\u201cVenimos a hablar con el intendente\u201d\" data-type=\"image_tag\" data-img-url=\"https:\/\/i0.wp.com\/vamosporlaliberacion.org\/crpmlm\/wp-content\/uploads\/2016\/03\/chas.jpg?resize=150%2C150&ssl=1\"  width=\"150\" height=\"150\" \/><\/a><\/div>\n            <div class=\"item-details\">\n                <h3 class=\"entry-title td-module-title\"><a href=\"https:\/\/vamosporlaliberacion.org\/crpmlm\/venimos-a-hablar-con-el-intendente\/\" rel=\"bookmark\" title=\"\u201cVenimos a hablar con el intendente\u201d\">\u201cVenimos a hablar con el intendente\u201d<\/a><\/h3>\n                <div class=\"td-module-meta-info\">\n                                        <span class=\"td-post-author-name\"><a href=\"https:\/\/vamosporlaliberacion.org\/crpmlm\/author\/\"><\/a> <span>-<\/span> <\/span>                    <span class=\"td-post-date\"><time class=\"entry-date updated td-module-date\" datetime=\"2016-03-30T22:47:59-03:00\" >31 marzo, 2016<\/time><\/span>                    <span class=\"td-module-comments\"><a href=\"https:\/\/vamosporlaliberacion.org\/crpmlm\/venimos-a-hablar-con-el-intendente\/#respond\">0<\/a><\/span>                <\/div>\n\n                <div class=\"td-excerpt\">\n                    Mucho ruido, mucho canto y emoci\u00f3n de los estudiantes que nos dimos cita en la puerta de la Municipalidad de Chascom\u00fas, reclamando nuestro derecho...                <\/div>\n            <\/div>\n\n        <\/div>\n\n        \n        <div class=\"td_module_16 td_module_wrap td-animation-stack\">\n            <div class=\"td-module-thumb\"><a href=\"https:\/\/vamosporlaliberacion.org\/crpmlm\/piquetazo-en-la-9-de-julio\/\" rel=\"bookmark\" class=\"td-image-wrap \" title=\"Piquetazo en la 9 de Julio\" ><img loading=\"lazy\" decoding=\"async\" class=\"entry-thumb\" src=\"\" alt=\"\" title=\"Piquetazo en la 9 de Julio\" data-type=\"image_tag\" data-img-url=\"https:\/\/i0.wp.com\/vamosporlaliberacion.org\/crpmlm\/wp-content\/uploads\/2016\/03\/piquetazo.jpg?resize=150%2C150&ssl=1\"  width=\"150\" height=\"150\" \/><\/a><\/div>\n            <div class=\"item-details\">\n                <h3 class=\"entry-title td-module-title\"><a href=\"https:\/\/vamosporlaliberacion.org\/crpmlm\/piquetazo-en-la-9-de-julio\/\" rel=\"bookmark\" title=\"Piquetazo en la 9 de Julio\">Piquetazo en la 9 de Julio<\/a><\/h3>\n                <div class=\"td-module-meta-info\">\n                                        <span class=\"td-post-author-name\"><a href=\"https:\/\/vamosporlaliberacion.org\/crpmlm\/author\/\"><\/a> <span>-<\/span> <\/span>                    <span class=\"td-post-date\"><time class=\"entry-date updated td-module-date\" datetime=\"2016-03-30T22:41:08-03:00\" >31 marzo, 2016<\/time><\/span>                    <span class=\"td-module-comments\"><a href=\"https:\/\/vamosporlaliberacion.org\/crpmlm\/piquetazo-en-la-9-de-julio\/#respond\">0<\/a><\/span>                <\/div>\n\n                <div class=\"td-excerpt\">\n                    Desafiando el protocolo antipiquete, m\u00e1s de 15 compa\u00f1eros protagonizaron una contundente jornada el pasado mi\u00e9rcoles 16. El corte se realiz\u00f3 sobre la Av. 9...                <\/div>\n            <\/div>\n\n        <\/div>\n\n        \n        <div class=\"td_module_16 td_module_wrap td-animation-stack\">\n            <div class=\"td-module-thumb\"><a href=\"https:\/\/vamosporlaliberacion.org\/crpmlm\/carlos-fuentealba-2\/\" rel=\"bookmark\" class=\"td-image-wrap \" title=\"Carlos Fuentealba\" ><img loading=\"lazy\" decoding=\"async\" class=\"entry-thumb\" src=\"\" alt=\"\" title=\"Carlos Fuentealba\" data-type=\"image_tag\" data-img-url=\"https:\/\/i0.wp.com\/vamosporlaliberacion.org\/crpmlm\/wp-content\/uploads\/2016\/03\/fuent.jpg?resize=150%2C150&ssl=1\"  width=\"150\" height=\"150\" \/><\/a><\/div>\n            <div class=\"item-details\">\n                <h3 class=\"entry-title td-module-title\"><a href=\"https:\/\/vamosporlaliberacion.org\/crpmlm\/carlos-fuentealba-2\/\" rel=\"bookmark\" title=\"Carlos Fuentealba\">Carlos Fuentealba<\/a><\/h3>\n                <div class=\"td-module-meta-info\">\n                                        <span class=\"td-post-author-name\"><a href=\"https:\/\/vamosporlaliberacion.org\/crpmlm\/author\/\"><\/a> <span>-<\/span> <\/span>                    <span class=\"td-post-date\"><time class=\"entry-date updated td-module-date\" datetime=\"2016-03-30T22:35:34-03:00\" >31 marzo, 2016<\/time><\/span>                    <span class=\"td-module-comments\"><a href=\"https:\/\/vamosporlaliberacion.org\/crpmlm\/carlos-fuentealba-2\/#respond\">0<\/a><\/span>                <\/div>\n\n                <div class=\"td-excerpt\">\n                    Se cumplen 9 a\u00f1os del asesinato del docente Carlos Fuentealba a manos de la polic\u00eda neuquina en el marco de la brutal represi\u00f3n del...                <\/div>\n            <\/div>\n\n        <\/div>\n\n        \n        <div class=\"td_module_16 td_module_wrap td-animation-stack\">\n            <div class=\"td-module-thumb\"><a href=\"https:\/\/vamosporlaliberacion.org\/crpmlm\/companeros-de-cnea-presentes\/\" rel=\"bookmark\" class=\"td-image-wrap \" title=\"Compa\u00f1eros de CNEA, presentes!\" ><img loading=\"lazy\" decoding=\"async\" class=\"entry-thumb\" src=\"\" alt=\"\" title=\"Compa\u00f1eros de CNEA, presentes!\" data-type=\"image_tag\" data-img-url=\"https:\/\/i0.wp.com\/vamosporlaliberacion.org\/crpmlm\/wp-content\/uploads\/2016\/03\/1-bandera-640x480.jpg?resize=150%2C150&ssl=1\"  width=\"150\" height=\"150\" \/><\/a><\/div>\n            <div class=\"item-details\">\n                <h3 class=\"entry-title td-module-title\"><a href=\"https:\/\/vamosporlaliberacion.org\/crpmlm\/companeros-de-cnea-presentes\/\" rel=\"bookmark\" title=\"Compa\u00f1eros de CNEA, presentes!\">Compa\u00f1eros de CNEA, presentes!<\/a><\/h3>\n                <div class=\"td-module-meta-info\">\n                                        <span class=\"td-post-author-name\"><a href=\"https:\/\/vamosporlaliberacion.org\/crpmlm\/author\/\"><\/a> <span>-<\/span> <\/span>                    <span class=\"td-post-date\"><time class=\"entry-date updated td-module-date\" datetime=\"2016-03-30T22:31:29-03:00\" >31 marzo, 2016<\/time><\/span>                    <span class=\"td-module-comments\"><a href=\"https:\/\/vamosporlaliberacion.org\/crpmlm\/companeros-de-cnea-presentes\/#respond\">0<\/a><\/span>                <\/div>\n\n                <div class=\"td-excerpt\">\n                    Este 24 de marzo en la movilizaci\u00f3n junto al Encuentro Memoria Verdad y Justicia los trabajadores y trabajadoras de CNEA de los centros at\u00f3micos...                <\/div>\n            <\/div>\n\n        <\/div>\n\n        \n        <div class=\"td_module_16 td_module_wrap td-animation-stack\">\n            <div class=\"td-module-thumb\"><a href=\"https:\/\/vamosporlaliberacion.org\/crpmlm\/homenaje-en-tigre-a-docentes-desaparecidos\/\" rel=\"bookmark\" class=\"td-image-wrap \" title=\"Homenaje en Tigre a docentes desaparecidos\" ><img loading=\"lazy\" decoding=\"async\" class=\"entry-thumb\" src=\"\" alt=\"\" title=\"Homenaje en Tigre a docentes desaparecidos\" data-type=\"image_tag\" data-img-url=\"https:\/\/i0.wp.com\/vamosporlaliberacion.org\/crpmlm\/wp-content\/uploads\/2016\/03\/tigre-homenaje-docentes.jpg?resize=150%2C150&ssl=1\"  width=\"150\" height=\"150\" \/><\/a><\/div>\n            <div class=\"item-details\">\n                <h3 class=\"entry-title td-module-title\"><a href=\"https:\/\/vamosporlaliberacion.org\/crpmlm\/homenaje-en-tigre-a-docentes-desaparecidos\/\" rel=\"bookmark\" title=\"Homenaje en Tigre a docentes desaparecidos\">Homenaje en Tigre a docentes desaparecidos<\/a><\/h3>\n                <div class=\"td-module-meta-info\">\n                                        <span class=\"td-post-author-name\"><a href=\"https:\/\/vamosporlaliberacion.org\/crpmlm\/author\/\"><\/a> <span>-<\/span> <\/span>                    <span class=\"td-post-date\"><time class=\"entry-date updated td-module-date\" datetime=\"2016-03-30T22:22:48-03:00\" >31 marzo, 2016<\/time><\/span>                    <span class=\"td-module-comments\"><a href=\"https:\/\/vamosporlaliberacion.org\/crpmlm\/homenaje-en-tigre-a-docentes-desaparecidos\/#respond\">0<\/a><\/span>                <\/div>\n\n                <div class=\"td-excerpt\">\n                    El pasado 22 se realiz\u00f3 un homenaje a las docentes Rosa Mar\u00eda Casariego y Alh\u00f3ndiga Juana Burga, detenidas-desaparecidas de la \u00faltima dictadura militar. El...                <\/div>\n            <\/div>\n\n        <\/div>\n\n        \n        <div class=\"td_module_16 td_module_wrap td-animation-stack\">\n            <div class=\"td-module-thumb\"><a href=\"https:\/\/vamosporlaliberacion.org\/crpmlm\/gracias-obama\/\" rel=\"bookmark\" class=\"td-image-wrap \" title=\"\u00bfGracias Obama?\" ><img loading=\"lazy\" decoding=\"async\" class=\"entry-thumb\" src=\"\" alt=\"\" title=\"\u00bfGracias Obama?\" data-type=\"image_tag\" data-img-url=\"https:\/\/i0.wp.com\/vamosporlaliberacion.org\/crpmlm\/wp-content\/uploads\/2016\/03\/obama-macri.jpg?resize=150%2C150&ssl=1\"  width=\"150\" height=\"150\" \/><\/a><\/div>\n            <div class=\"item-details\">\n                <h3 class=\"entry-title td-module-title\"><a href=\"https:\/\/vamosporlaliberacion.org\/crpmlm\/gracias-obama\/\" rel=\"bookmark\" title=\"\u00bfGracias Obama?\">\u00bfGracias Obama?<\/a><\/h3>\n                <div class=\"td-module-meta-info\">\n                                        <span class=\"td-post-author-name\"><a href=\"https:\/\/vamosporlaliberacion.org\/crpmlm\/author\/\"><\/a> <span>-<\/span> <\/span>                    <span class=\"td-post-date\"><time class=\"entry-date updated td-module-date\" datetime=\"2016-03-30T21:30:24-03:00\" >31 marzo, 2016<\/time><\/span>                    <span class=\"td-module-comments\"><a href=\"https:\/\/vamosporlaliberacion.org\/crpmlm\/gracias-obama\/#respond\">0<\/a><\/span>                <\/div>\n\n                <div class=\"td-excerpt\">\n                    Tras su resonante y significativo viaje a Cuba, el presidente norteamericano enfil\u00f3 para Argentina en una visita sorpresiva, publicitada hace solo un mes. Con...                <\/div>\n            <\/div>\n\n        <\/div>\n\n        \n        <div class=\"td_module_16 td_module_wrap td-animation-stack\">\n            <div class=\"td-module-thumb\"><a href=\"https:\/\/vamosporlaliberacion.org\/crpmlm\/entrega-nuclear\/\" rel=\"bookmark\" class=\"td-image-wrap \" title=\"Entrega nuclear\" ><img loading=\"lazy\" decoding=\"async\" class=\"entry-thumb\" src=\"\" alt=\"\" title=\"Entrega nuclear\" data-type=\"image_tag\" data-img-url=\"https:\/\/i0.wp.com\/vamosporlaliberacion.org\/crpmlm\/wp-content\/uploads\/2016\/03\/cnea-ate.jpg?resize=150%2C150&ssl=1\"  width=\"150\" height=\"150\" \/><\/a><\/div>\n            <div class=\"item-details\">\n                <h3 class=\"entry-title td-module-title\"><a href=\"https:\/\/vamosporlaliberacion.org\/crpmlm\/entrega-nuclear\/\" rel=\"bookmark\" title=\"Entrega nuclear\">Entrega nuclear<\/a><\/h3>\n                <div class=\"td-module-meta-info\">\n                                        <span class=\"td-post-author-name\"><a href=\"https:\/\/vamosporlaliberacion.org\/crpmlm\/author\/\"><\/a> <span>-<\/span> <\/span>                    <span class=\"td-post-date\"><time class=\"entry-date updated td-module-date\" datetime=\"2016-03-30T21:26:51-03:00\" >31 marzo, 2016<\/time><\/span>                    <span class=\"td-module-comments\"><a href=\"https:\/\/vamosporlaliberacion.org\/crpmlm\/entrega-nuclear\/#respond\">0<\/a><\/span>                <\/div>\n\n                <div class=\"td-excerpt\">\n                    Uno de los temas en el que habr\u00edan avanzado Obama y Macri es en el \u00e1rea de \u201ccooperaci\u00f3n\u201d nuclear. Pero no precisamente para impulsar...                <\/div>\n            <\/div>\n\n        <\/div>\n\n        \n        <div class=\"td_module_16 td_module_wrap td-animation-stack\">\n            <div class=\"td-module-thumb\"><a href=\"https:\/\/vamosporlaliberacion.org\/crpmlm\/repudio-a-la-visita-de-obama\/\" rel=\"bookmark\" class=\"td-image-wrap \" title=\"Repudio a la visita de Obama\" ><img loading=\"lazy\" decoding=\"async\" class=\"entry-thumb\" src=\"\" alt=\"\" title=\"Repudio a la visita de Obama\" data-type=\"image_tag\" data-img-url=\"https:\/\/i0.wp.com\/vamosporlaliberacion.org\/crpmlm\/wp-content\/uploads\/2016\/03\/cr-eeuu.jpg?resize=150%2C150&ssl=1\"  width=\"150\" height=\"150\" \/><\/a><\/div>\n            <div class=\"item-details\">\n                <h3 class=\"entry-title td-module-title\"><a href=\"https:\/\/vamosporlaliberacion.org\/crpmlm\/repudio-a-la-visita-de-obama\/\" rel=\"bookmark\" title=\"Repudio a la visita de Obama\">Repudio a la visita de Obama<\/a><\/h3>\n                <div class=\"td-module-meta-info\">\n                                        <span class=\"td-post-author-name\"><a href=\"https:\/\/vamosporlaliberacion.org\/crpmlm\/author\/\"><\/a> <span>-<\/span> <\/span>                    <span class=\"td-post-date\"><time class=\"entry-date updated td-module-date\" datetime=\"2016-03-30T21:25:26-03:00\" >31 marzo, 2016<\/time><\/span>                    <span class=\"td-module-comments\"><a href=\"https:\/\/vamosporlaliberacion.org\/crpmlm\/repudio-a-la-visita-de-obama\/#respond\">0<\/a><\/span>                <\/div>\n\n                <div class=\"td-excerpt\">\n                    Es mi\u00e9rcoles, son las 16:30hs en Buenos Aires, la ciudad est\u00e1 conmocionada por la llegada del primer mandatario estadounidense. Los subtes funcionan a medias,...                <\/div>\n            <\/div>\n\n        <\/div>\n\n        <\/div><\/div> <!-- .\/block --><div class=\"td_block_wrap td_block_21 tdi_26_1d9 td-pb-border-top td_block_template_1 td-column-2\"  data-td-block-uid=\"tdi_26_1d9\" >\n<style>\n.td_block_template_2.widget > ul > li,\n            .td_block_template_6.widget > ul > li,\n            .td_block_template_8.widget > ul > li,\n            .td_block_template_9.widget > ul > li,\n            .td_block_template_10.widget > ul > li,\n            .td_block_template_11.widget > ul > li,\n            .td_block_template_12.widget > ul > li,\n            .td_block_template_13.widget > ul > li,\n            .td_block_template_14.widget > ul > li,\n            .td_block_template_15.widget > ul > li,\n            .td_block_template_16.widget > ul > li,\n            .td_block_template_17.widget > ul > li {\n                margin-left: 0 !important;\n            }\n            .global-block-template-12 .td-comments-title span,\n            .global-block-template-13 .td-comments-title span {\n                margin-left: 0 !important;\n                font-size: 20px;\n            }\n            @media (max-width: 767px) {\n                .global-block-template-12 .td-comments-title span,\n                .global-block-template-13 .td-comments-title span {\n                    font-size: 15px;\n                }\n            }\n            .td-block-title-wrap .td-wrapper-pulldown-filter {\n                font-family: 'Roboto', sans-serif;\n                position: absolute;\n                bottom: 0;\n                right: 0;\n                top: 0;\n                margin: auto 0;\n                z-index: 2;\n                background-color: #fff;\n                font-size: 13px;\n                line-height: 1;\n                color: #777;\n                text-align: right;\n            }\n            .td-block-title-wrap .td-wrapper-pulldown-filter .td-pulldown-filter-display-option {\n                cursor: pointer;\n                white-space: nowrap;\n                position: relative;\n                line-height: 29px;\n            }\n            .td-block-title-wrap .td-wrapper-pulldown-filter .td-pulldown-filter-display-option i {\n                font-size: 9px;\n                color: #777;\n                margin-left: 20px;\n                margin-right: 10px;\n            }\n            .td-block-title-wrap .td-wrapper-pulldown-filter .td-pulldown-filter-display-option i:before {\n                content: '\\e83d';\n            }\n            .td-block-title-wrap .td-wrapper-pulldown-filter .td-pulldown-filter-display-option span {\n                padding-left: 20px;\n                margin-right: -14px;\n            }\n            @media (max-width: 360px) {\n                .td-block-title-wrap .td-wrapper-pulldown-filter .td-pulldown-filter-display-option span {\n                    display: none;\n                }\n            }\n            .td-block-title-wrap .td-wrapper-pulldown-filter .td-pulldown-filter-display-option:hover {\n                color: #4db2ec;\n            }\n            .td-block-title-wrap .td-wrapper-pulldown-filter .td-pulldown-filter-display-option:hover i {\n                color: #4db2ec;\n            }\n            .td-block-title-wrap .td-wrapper-pulldown-filter .td-pulldown-filter-display-option:hover ul {\n                display: block;\n            }\n            .td-block-title-wrap .td-wrapper-pulldown-filter .td-pulldown-filter-list {\n                list-style: none;\n                position: absolute;\n                right: 0;\n                top: 100%;\n                padding: 18px 0;\n                background-color: rgb(255, 255, 255);\n                background-color: rgba(255, 255, 255, 0.95);\n                z-index: 999;\n                border-width: 1px;\n                border-color: #ededed;\n                border-style: solid;\n                display: none;\n                margin: 0;\n            }\n            .td-block-title-wrap .td-wrapper-pulldown-filter .td-pulldown-filter-item {\n                list-style: none;\n                margin: 0;\n            }\n            .td-block-title-wrap .td-wrapper-pulldown-filter .td-pulldown-filter-item .td-cur-simple-item {\n                color: #4db2ec;\n            }\n            .td-block-title-wrap .td-wrapper-pulldown-filter .td-pulldown-more {\n                padding-bottom: 10px;\n            }\n            .td-block-title-wrap .td-wrapper-pulldown-filter .td-pulldown-more:before {\n                content: '';\n                width: 70px;\n                height: 100%;\n                position: absolute;\n                margin-top: 2px;\n                top: 0;\n                right: 0;\n                z-index: 1;\n                opacity: 0;\n            }\n            .td-block-title-wrap .td-wrapper-pulldown-filter .td-pulldown-filter-link {\n                color: #777;\n                white-space: nowrap;\n                display: block;\n                line-height: 26px;\n                padding-left: 36px;\n                padding-right: 27px;\n            }\n            .td-block-title-wrap .td-wrapper-pulldown-filter .td-pulldown-filter-link:hover {\n                color: #4db2ec;\n            }\n            @media (min-width: 768px) and (max-width: 1018px) {\n                .td-pb-span4 .td-block-title-wrap .td-wrapper-pulldown-filter .td-pulldown-filter-display-option span {\n                    display: none;\n                }\n                .td-pb-span4 .td-block-title-wrap .td-wrapper-pulldown-filter .td-pulldown-filter-link {\n                    padding-left: 24px;\n                    padding-right: 20px !important;\n                }\n            }\n            @-moz-document url-prefix() {\n                .td-pulldown-syle-default .td-subcat-more,\n                .td-pulldown-syle-default .td-subcat-list {\n                    position: relative;\n                    top: -1px;\n                }\n            }\n            .td-pulldown-syle-2 {\n                top: 0;\n            }\n            .td-pulldown-syle-2 .td-subcat-dropdown ul {\n                padding: 20px 0;\n                margin-top: 0;\n            }\n            .td-pulldown-syle-2 .td-subcat-dropdown ul:after {\n                content: '';\n                position: absolute;\n                width: calc(100% + 2px);\n                height: 3px;\n                top: 0;\n                left: -1px;\n                background-color: #4db2ec;\n            }\n            .td-pulldown-syle-2 .td-subcat-dropdown a {\n                padding-left: 40px;\n                padding-right: 31px;\n            }\n            .td-pulldown-syle-2 .td-subcat-dropdown:hover .td-subcat-more {\n                background-color: transparent !important;\n            }\n            .td-pulldown-syle-2 .td-subcat-dropdown:hover .td-subcat-more span,\n            .td-pulldown-syle-2 .td-subcat-dropdown:hover .td-subcat-more i {\n                color: #4db2ec;\n            }\n            .td-pulldown-syle-2 .td-subcat-dropdown .td-subcat-more {\n                margin-left: 9px;\n                margin-bottom: 8px; \/\/ this align the dropdown list\n            }\n            .td-pulldown-syle-2 .td-subcat-list .td-subcat-item {\n                margin-left: 24px;\n            }\n            .td-pulldown-syle-3 {\n                top: 0;\n            }\n            .td-pulldown-syle-3 .td-subcat-dropdown ul {\n                padding: 15px 0;\n                margin-top: -1px;\n                border-width: 1px;\n            }\n            .td-pulldown-syle-3 .td-subcat-dropdown a {\n                padding-left: 40px;\n                padding-right: 31px;\n            }\n            .td-pulldown-syle-3 .td-subcat-dropdown &:hover .td-subcat-more {\n                background-color: transparent !important;\n            }\n            .td-pulldown-syle-3 .td-subcat-dropdown &:hover .td-subcat-more span,\n            .td-pulldown-syle-3 .td-subcat-dropdown &:hover .td-subcat-more i {\n                color: #4db2ec;\n            }\n            .td-pulldown-syle-3 .td-subcat-dropdown .td-subcat-more {\n                margin-left: 9px;\n                margin-bottom: 8px; \/\/ this align the dropdown list\n            }\n            .td-pulldown-syle-3 .td-subcat-list .td-subcat-item {\n                margin-left: 24px;\n            }\n            \n            \n\n            \n            .td-theme-wrap .tdi_26_1d9 .td-pulldown-filter-link:hover,\n            .td-theme-wrap .tdi_26_1d9 .td-subcat-item a:hover,\n            .td-theme-wrap .tdi_26_1d9 .td-subcat-item .td-cur-simple-item {\n                color: #dd3333;\n            }\n\n            .td-theme-wrap .tdi_26_1d9 .block-title > *,\n            .td-theme-wrap .tdi_26_1d9 .td-subcat-dropdown:hover .td-subcat-more {\n                background-color: #dd3333;\n            }\n            .td-theme-wrap .td-footer-wrapper .tdi_26_1d9 .block-title > * {\n                padding: 6px 7px 5px;\n                line-height: 1;\n            }\n\n            .td-theme-wrap .tdi_26_1d9 .block-title {\n                border-color: #dd3333;\n            }\n\n            \n            .td-theme-wrap .tdi_26_1d9 .td_module_wrap:hover .entry-title a,\n            .td-theme-wrap .tdi_26_1d9 .td_quote_on_blocks,\n            .td-theme-wrap .tdi_26_1d9 .td-opacity-cat .td-post-category:hover,\n            .td-theme-wrap .tdi_26_1d9 .td-opacity-read .td-read-more a:hover,\n            .td-theme-wrap .tdi_26_1d9 .td-opacity-author .td-post-author-name a:hover,\n            .td-theme-wrap .tdi_26_1d9 .td-instagram-user a {\n                color: #dd3333;\n            }\n\n            .td-theme-wrap .tdi_26_1d9 .td-next-prev-wrap a:hover,\n            .td-theme-wrap .tdi_26_1d9 .td-load-more-wrap a:hover {\n                background-color: #dd3333;\n                border-color: #dd3333;\n            }\n\n            .td-theme-wrap .tdi_26_1d9 .td-read-more a,\n            .td-theme-wrap .tdi_26_1d9 .td-weather-information:before,\n            .td-theme-wrap .tdi_26_1d9 .td-weather-week:before,\n            .td-theme-wrap .tdi_26_1d9 .td-exchange-header:before,\n            .td-theme-wrap .td-footer-wrapper .tdi_26_1d9 .td-post-category,\n            .td-theme-wrap .tdi_26_1d9 .td-post-category:hover {\n                background-color: #dd3333;\n            }\n<\/style><script>var block_tdi_26_1d9 = new tdBlock();\nblock_tdi_26_1d9.id = \"tdi_26_1d9\";\nblock_tdi_26_1d9.atts = '{\"custom_title\":\"Cultura\",\"header_color\":\"#dd3333\",\"category_id\":\"3\",\"tag_slug\":\"vxl 71\",\"limit\":\"10\",\"td_filter_default_txt\":\"Todo\",\"block_type\":\"td_block_21\",\"separator\":\"\",\"custom_url\":\"\",\"block_template_id\":\"\",\"m16_tl\":\"\",\"m16_el\":\"\",\"post_ids\":\"\",\"category_ids\":\"\",\"autors_id\":\"\",\"installed_post_types\":\"\",\"sort\":\"\",\"offset\":\"\",\"show_modified_date\":\"\",\"el_class\":\"\",\"td_ajax_filter_type\":\"\",\"td_ajax_filter_ids\":\"\",\"td_ajax_preloading\":\"\",\"f_header_font_header\":\"\",\"f_header_font_title\":\"Block header\",\"f_header_font_settings\":\"\",\"f_header_font_family\":\"\",\"f_header_font_size\":\"\",\"f_header_font_line_height\":\"\",\"f_header_font_style\":\"\",\"f_header_font_weight\":\"\",\"f_header_font_transform\":\"\",\"f_header_font_spacing\":\"\",\"f_header_\":\"\",\"f_ajax_font_title\":\"Ajax categories\",\"f_ajax_font_settings\":\"\",\"f_ajax_font_family\":\"\",\"f_ajax_font_size\":\"\",\"f_ajax_font_line_height\":\"\",\"f_ajax_font_style\":\"\",\"f_ajax_font_weight\":\"\",\"f_ajax_font_transform\":\"\",\"f_ajax_font_spacing\":\"\",\"f_ajax_\":\"\",\"f_more_font_title\":\"Load more button\",\"f_more_font_settings\":\"\",\"f_more_font_family\":\"\",\"f_more_font_size\":\"\",\"f_more_font_line_height\":\"\",\"f_more_font_style\":\"\",\"f_more_font_weight\":\"\",\"f_more_font_transform\":\"\",\"f_more_font_spacing\":\"\",\"f_more_\":\"\",\"m16f_title_font_header\":\"\",\"m16f_title_font_title\":\"Article title\",\"m16f_title_font_settings\":\"\",\"m16f_title_font_family\":\"\",\"m16f_title_font_size\":\"\",\"m16f_title_font_line_height\":\"\",\"m16f_title_font_style\":\"\",\"m16f_title_font_weight\":\"\",\"m16f_title_font_transform\":\"\",\"m16f_title_font_spacing\":\"\",\"m16f_title_\":\"\",\"m16f_cat_font_title\":\"Article category tag\",\"m16f_cat_font_settings\":\"\",\"m16f_cat_font_family\":\"\",\"m16f_cat_font_size\":\"\",\"m16f_cat_font_line_height\":\"\",\"m16f_cat_font_style\":\"\",\"m16f_cat_font_weight\":\"\",\"m16f_cat_font_transform\":\"\",\"m16f_cat_font_spacing\":\"\",\"m16f_cat_\":\"\",\"m16f_meta_font_title\":\"Article meta info\",\"m16f_meta_font_settings\":\"\",\"m16f_meta_font_family\":\"\",\"m16f_meta_font_size\":\"\",\"m16f_meta_font_line_height\":\"\",\"m16f_meta_font_style\":\"\",\"m16f_meta_font_weight\":\"\",\"m16f_meta_font_transform\":\"\",\"m16f_meta_font_spacing\":\"\",\"m16f_meta_\":\"\",\"m16f_ex_font_title\":\"Article excerpt\",\"m16f_ex_font_settings\":\"\",\"m16f_ex_font_family\":\"\",\"m16f_ex_font_size\":\"\",\"m16f_ex_font_line_height\":\"\",\"m16f_ex_font_style\":\"\",\"m16f_ex_font_weight\":\"\",\"m16f_ex_font_transform\":\"\",\"m16f_ex_font_spacing\":\"\",\"m16f_ex_\":\"\",\"ajax_pagination\":\"\",\"ajax_pagination_infinite_stop\":\"\",\"css\":\"\",\"tdc_css\":\"\",\"td_column_number\":2,\"color_preset\":\"\",\"border_top\":\"\",\"class\":\"tdi_26_1d9\",\"tdc_css_class\":\"tdi_26_1d9\",\"tdc_css_class_style\":\"tdi_26_1d9_rand_style\"}';\nblock_tdi_26_1d9.td_column_number = \"2\";\nblock_tdi_26_1d9.block_type = \"td_block_21\";\nblock_tdi_26_1d9.post_count = \"10\";\nblock_tdi_26_1d9.found_posts = \"22\";\nblock_tdi_26_1d9.header_color = \"#dd3333\";\nblock_tdi_26_1d9.ajax_pagination_infinite_stop = \"\";\nblock_tdi_26_1d9.max_num_pages = \"3\";\ntdBlocksArray.push(block_tdi_26_1d9);\n<\/script><div class=\"td-block-title-wrap\"><h4 class=\"block-title td-block-title\"><span class=\"td-pulldown-size\">Cultura<\/span><\/h4><\/div><div id=tdi_26_1d9 class=\"td_block_inner\">\n        <div class=\"td_module_16 td_module_wrap td-animation-stack\">\n            <div class=\"td-module-thumb\"><a href=\"https:\/\/vamosporlaliberacion.org\/crpmlm\/la-guerra-de-malvinas\/\" rel=\"bookmark\" class=\"td-image-wrap \" title=\"La Guerra de Malvinas\" ><img loading=\"lazy\" decoding=\"async\" class=\"entry-thumb\" src=\"\" alt=\"\" title=\"La Guerra de Malvinas\" data-type=\"image_tag\" data-img-url=\"https:\/\/i0.wp.com\/vamosporlaliberacion.org\/crpmlm\/wp-content\/uploads\/2016\/03\/malv.jpg?resize=150%2C150&ssl=1\"  width=\"150\" height=\"150\" \/><\/a><\/div>\n            <div class=\"item-details\">\n                <h3 class=\"entry-title td-module-title\"><a href=\"https:\/\/vamosporlaliberacion.org\/crpmlm\/la-guerra-de-malvinas\/\" rel=\"bookmark\" title=\"La Guerra de Malvinas\">La Guerra de Malvinas<\/a><\/h3>\n                <div class=\"td-module-meta-info\">\n                                        <span class=\"td-post-author-name\"><a href=\"https:\/\/vamosporlaliberacion.org\/crpmlm\/author\/\"><\/a> <span>-<\/span> <\/span>                    <span class=\"td-post-date\"><time class=\"entry-date updated td-module-date\" datetime=\"2016-03-31T02:02:41-03:00\" >31 marzo, 2016<\/time><\/span>                    <span class=\"td-module-comments\"><a href=\"https:\/\/vamosporlaliberacion.org\/crpmlm\/la-guerra-de-malvinas\/#respond\">0<\/a><\/span>                <\/div>\n\n                <div class=\"td-excerpt\">\n                    El 2 de abril de 1982 las Fuerzas Armadas argentinas desembarcaron en las Islas Malvinas y tras un enfrentamiento con el destacamento de las...                <\/div>\n            <\/div>\n\n        <\/div>\n\n        \n        <div class=\"td_module_16 td_module_wrap td-animation-stack\">\n            <div class=\"td-module-thumb\"><a href=\"https:\/\/vamosporlaliberacion.org\/crpmlm\/feminismo-sin-causas-de-michelle\/\" rel=\"bookmark\" class=\"td-image-wrap \" title=\"\u201cFeminismo\u201d sin causas de Michelle\" ><img loading=\"lazy\" decoding=\"async\" class=\"entry-thumb\" src=\"\" alt=\"\" title=\"\u201cFeminismo\u201d sin causas de Michelle\" data-type=\"image_tag\" data-img-url=\"https:\/\/i0.wp.com\/vamosporlaliberacion.org\/crpmlm\/wp-content\/uploads\/2016\/03\/obama-en-argentina.jpg?resize=150%2C150&ssl=1\"  width=\"150\" height=\"150\" \/><\/a><\/div>\n            <div class=\"item-details\">\n                <h3 class=\"entry-title td-module-title\"><a href=\"https:\/\/vamosporlaliberacion.org\/crpmlm\/feminismo-sin-causas-de-michelle\/\" rel=\"bookmark\" title=\"\u201cFeminismo\u201d sin causas de Michelle\">\u201cFeminismo\u201d sin causas de Michelle<\/a><\/h3>\n                <div class=\"td-module-meta-info\">\n                                        <span class=\"td-post-author-name\"><a href=\"https:\/\/vamosporlaliberacion.org\/crpmlm\/author\/\"><\/a> <span>-<\/span> <\/span>                    <span class=\"td-post-date\"><time class=\"entry-date updated td-module-date\" datetime=\"2016-03-31T01:56:00-03:00\" >31 marzo, 2016<\/time><\/span>                    <span class=\"td-module-comments\"><a href=\"https:\/\/vamosporlaliberacion.org\/crpmlm\/feminismo-sin-causas-de-michelle\/#respond\">0<\/a><\/span>                <\/div>\n\n                <div class=\"td-excerpt\">\n                    El discurso de Michelle LaVaughn Robinson, calificado de inspirador por los medios hegem\u00f3nicos, comenz\u00f3 con el relato de su historia personal y sobre c\u00f3mo,...                <\/div>\n            <\/div>\n\n        <\/div>\n\n        \n        <div class=\"td_module_16 td_module_wrap td-animation-stack\">\n            <div class=\"td-module-thumb\"><a href=\"https:\/\/vamosporlaliberacion.org\/crpmlm\/venimos-a-hablar-con-el-intendente\/\" rel=\"bookmark\" class=\"td-image-wrap \" title=\"\u201cVenimos a hablar con el intendente\u201d\" ><img loading=\"lazy\" decoding=\"async\" class=\"entry-thumb\" src=\"\" alt=\"\" title=\"\u201cVenimos a hablar con el intendente\u201d\" data-type=\"image_tag\" data-img-url=\"https:\/\/i0.wp.com\/vamosporlaliberacion.org\/crpmlm\/wp-content\/uploads\/2016\/03\/chas.jpg?resize=150%2C150&ssl=1\"  width=\"150\" height=\"150\" \/><\/a><\/div>\n            <div class=\"item-details\">\n                <h3 class=\"entry-title td-module-title\"><a href=\"https:\/\/vamosporlaliberacion.org\/crpmlm\/venimos-a-hablar-con-el-intendente\/\" rel=\"bookmark\" title=\"\u201cVenimos a hablar con el intendente\u201d\">\u201cVenimos a hablar con el intendente\u201d<\/a><\/h3>\n                <div class=\"td-module-meta-info\">\n                                        <span class=\"td-post-author-name\"><a href=\"https:\/\/vamosporlaliberacion.org\/crpmlm\/author\/\"><\/a> <span>-<\/span> <\/span>                    <span class=\"td-post-date\"><time class=\"entry-date updated td-module-date\" datetime=\"2016-03-30T22:47:59-03:00\" >31 marzo, 2016<\/time><\/span>                    <span class=\"td-module-comments\"><a href=\"https:\/\/vamosporlaliberacion.org\/crpmlm\/venimos-a-hablar-con-el-intendente\/#respond\">0<\/a><\/span>                <\/div>\n\n                <div class=\"td-excerpt\">\n                    Mucho ruido, mucho canto y emoci\u00f3n de los estudiantes que nos dimos cita en la puerta de la Municipalidad de Chascom\u00fas, reclamando nuestro derecho...                <\/div>\n            <\/div>\n\n        <\/div>\n\n        \n        <div class=\"td_module_16 td_module_wrap td-animation-stack\">\n            <div class=\"td-module-thumb\"><a href=\"https:\/\/vamosporlaliberacion.org\/crpmlm\/piquetazo-en-la-9-de-julio\/\" rel=\"bookmark\" class=\"td-image-wrap \" title=\"Piquetazo en la 9 de Julio\" ><img loading=\"lazy\" decoding=\"async\" class=\"entry-thumb\" src=\"\" alt=\"\" title=\"Piquetazo en la 9 de Julio\" data-type=\"image_tag\" data-img-url=\"https:\/\/i0.wp.com\/vamosporlaliberacion.org\/crpmlm\/wp-content\/uploads\/2016\/03\/piquetazo.jpg?resize=150%2C150&ssl=1\"  width=\"150\" height=\"150\" \/><\/a><\/div>\n            <div class=\"item-details\">\n                <h3 class=\"entry-title td-module-title\"><a href=\"https:\/\/vamosporlaliberacion.org\/crpmlm\/piquetazo-en-la-9-de-julio\/\" rel=\"bookmark\" title=\"Piquetazo en la 9 de Julio\">Piquetazo en la 9 de Julio<\/a><\/h3>\n                <div class=\"td-module-meta-info\">\n                                        <span class=\"td-post-author-name\"><a href=\"https:\/\/vamosporlaliberacion.org\/crpmlm\/author\/\"><\/a> <span>-<\/span> <\/span>                    <span class=\"td-post-date\"><time class=\"entry-date updated td-module-date\" datetime=\"2016-03-30T22:41:08-03:00\" >31 marzo, 2016<\/time><\/span>                    <span class=\"td-module-comments\"><a href=\"https:\/\/vamosporlaliberacion.org\/crpmlm\/piquetazo-en-la-9-de-julio\/#respond\">0<\/a><\/span>                <\/div>\n\n                <div class=\"td-excerpt\">\n                    Desafiando el protocolo antipiquete, m\u00e1s de 15 compa\u00f1eros protagonizaron una contundente jornada el pasado mi\u00e9rcoles 16. El corte se realiz\u00f3 sobre la Av. 9...                <\/div>\n            <\/div>\n\n        <\/div>\n\n        \n        <div class=\"td_module_16 td_module_wrap td-animation-stack\">\n            <div class=\"td-module-thumb\"><a href=\"https:\/\/vamosporlaliberacion.org\/crpmlm\/carlos-fuentealba-2\/\" rel=\"bookmark\" class=\"td-image-wrap \" title=\"Carlos Fuentealba\" ><img loading=\"lazy\" decoding=\"async\" class=\"entry-thumb\" src=\"\" alt=\"\" title=\"Carlos Fuentealba\" data-type=\"image_tag\" data-img-url=\"https:\/\/i0.wp.com\/vamosporlaliberacion.org\/crpmlm\/wp-content\/uploads\/2016\/03\/fuent.jpg?resize=150%2C150&ssl=1\"  width=\"150\" height=\"150\" \/><\/a><\/div>\n            <div class=\"item-details\">\n                <h3 class=\"entry-title td-module-title\"><a href=\"https:\/\/vamosporlaliberacion.org\/crpmlm\/carlos-fuentealba-2\/\" rel=\"bookmark\" title=\"Carlos Fuentealba\">Carlos Fuentealba<\/a><\/h3>\n                <div class=\"td-module-meta-info\">\n                                        <span class=\"td-post-author-name\"><a href=\"https:\/\/vamosporlaliberacion.org\/crpmlm\/author\/\"><\/a> <span>-<\/span> <\/span>                    <span class=\"td-post-date\"><time class=\"entry-date updated td-module-date\" datetime=\"2016-03-30T22:35:34-03:00\" >31 marzo, 2016<\/time><\/span>                    <span class=\"td-module-comments\"><a href=\"https:\/\/vamosporlaliberacion.org\/crpmlm\/carlos-fuentealba-2\/#respond\">0<\/a><\/span>                <\/div>\n\n                <div class=\"td-excerpt\">\n                    Se cumplen 9 a\u00f1os del asesinato del docente Carlos Fuentealba a manos de la polic\u00eda neuquina en el marco de la brutal represi\u00f3n del...                <\/div>\n            <\/div>\n\n        <\/div>\n\n        \n        <div class=\"td_module_16 td_module_wrap td-animation-stack\">\n            <div class=\"td-module-thumb\"><a href=\"https:\/\/vamosporlaliberacion.org\/crpmlm\/companeros-de-cnea-presentes\/\" rel=\"bookmark\" class=\"td-image-wrap \" title=\"Compa\u00f1eros de CNEA, presentes!\" ><img loading=\"lazy\" decoding=\"async\" class=\"entry-thumb\" src=\"\" alt=\"\" title=\"Compa\u00f1eros de CNEA, presentes!\" data-type=\"image_tag\" data-img-url=\"https:\/\/i0.wp.com\/vamosporlaliberacion.org\/crpmlm\/wp-content\/uploads\/2016\/03\/1-bandera-640x480.jpg?resize=150%2C150&ssl=1\"  width=\"150\" height=\"150\" \/><\/a><\/div>\n            <div class=\"item-details\">\n                <h3 class=\"entry-title td-module-title\"><a href=\"https:\/\/vamosporlaliberacion.org\/crpmlm\/companeros-de-cnea-presentes\/\" rel=\"bookmark\" title=\"Compa\u00f1eros de CNEA, presentes!\">Compa\u00f1eros de CNEA, presentes!<\/a><\/h3>\n                <div class=\"td-module-meta-info\">\n                                        <span class=\"td-post-author-name\"><a href=\"https:\/\/vamosporlaliberacion.org\/crpmlm\/author\/\"><\/a> <span>-<\/span> <\/span>                    <span class=\"td-post-date\"><time class=\"entry-date updated td-module-date\" datetime=\"2016-03-30T22:31:29-03:00\" >31 marzo, 2016<\/time><\/span>                    <span class=\"td-module-comments\"><a href=\"https:\/\/vamosporlaliberacion.org\/crpmlm\/companeros-de-cnea-presentes\/#respond\">0<\/a><\/span>                <\/div>\n\n                <div class=\"td-excerpt\">\n                    Este 24 de marzo en la movilizaci\u00f3n junto al Encuentro Memoria Verdad y Justicia los trabajadores y trabajadoras de CNEA de los centros at\u00f3micos...                <\/div>\n            <\/div>\n\n        <\/div>\n\n        \n        <div class=\"td_module_16 td_module_wrap td-animation-stack\">\n            <div class=\"td-module-thumb\"><a href=\"https:\/\/vamosporlaliberacion.org\/crpmlm\/homenaje-en-tigre-a-docentes-desaparecidos\/\" rel=\"bookmark\" class=\"td-image-wrap \" title=\"Homenaje en Tigre a docentes desaparecidos\" ><img loading=\"lazy\" decoding=\"async\" class=\"entry-thumb\" src=\"\" alt=\"\" title=\"Homenaje en Tigre a docentes desaparecidos\" data-type=\"image_tag\" data-img-url=\"https:\/\/i0.wp.com\/vamosporlaliberacion.org\/crpmlm\/wp-content\/uploads\/2016\/03\/tigre-homenaje-docentes.jpg?resize=150%2C150&ssl=1\"  width=\"150\" height=\"150\" \/><\/a><\/div>\n            <div class=\"item-details\">\n                <h3 class=\"entry-title td-module-title\"><a href=\"https:\/\/vamosporlaliberacion.org\/crpmlm\/homenaje-en-tigre-a-docentes-desaparecidos\/\" rel=\"bookmark\" title=\"Homenaje en Tigre a docentes desaparecidos\">Homenaje en Tigre a docentes desaparecidos<\/a><\/h3>\n                <div class=\"td-module-meta-info\">\n                                        <span class=\"td-post-author-name\"><a href=\"https:\/\/vamosporlaliberacion.org\/crpmlm\/author\/\"><\/a> <span>-<\/span> <\/span>                    <span class=\"td-post-date\"><time class=\"entry-date updated td-module-date\" datetime=\"2016-03-30T22:22:48-03:00\" >31 marzo, 2016<\/time><\/span>                    <span class=\"td-module-comments\"><a href=\"https:\/\/vamosporlaliberacion.org\/crpmlm\/homenaje-en-tigre-a-docentes-desaparecidos\/#respond\">0<\/a><\/span>                <\/div>\n\n                <div class=\"td-excerpt\">\n                    El pasado 22 se realiz\u00f3 un homenaje a las docentes Rosa Mar\u00eda Casariego y Alh\u00f3ndiga Juana Burga, detenidas-desaparecidas de la \u00faltima dictadura militar. El...                <\/div>\n            <\/div>\n\n        <\/div>\n\n        \n        <div class=\"td_module_16 td_module_wrap td-animation-stack\">\n            <div class=\"td-module-thumb\"><a href=\"https:\/\/vamosporlaliberacion.org\/crpmlm\/gracias-obama\/\" rel=\"bookmark\" class=\"td-image-wrap \" title=\"\u00bfGracias Obama?\" ><img loading=\"lazy\" decoding=\"async\" class=\"entry-thumb\" src=\"\" alt=\"\" title=\"\u00bfGracias Obama?\" data-type=\"image_tag\" data-img-url=\"https:\/\/i0.wp.com\/vamosporlaliberacion.org\/crpmlm\/wp-content\/uploads\/2016\/03\/obama-macri.jpg?resize=150%2C150&ssl=1\"  width=\"150\" height=\"150\" \/><\/a><\/div>\n            <div class=\"item-details\">\n                <h3 class=\"entry-title td-module-title\"><a href=\"https:\/\/vamosporlaliberacion.org\/crpmlm\/gracias-obama\/\" rel=\"bookmark\" title=\"\u00bfGracias Obama?\">\u00bfGracias Obama?<\/a><\/h3>\n                <div class=\"td-module-meta-info\">\n                                        <span class=\"td-post-author-name\"><a href=\"https:\/\/vamosporlaliberacion.org\/crpmlm\/author\/\"><\/a> <span>-<\/span> <\/span>                    <span class=\"td-post-date\"><time class=\"entry-date updated td-module-date\" datetime=\"2016-03-30T21:30:24-03:00\" >31 marzo, 2016<\/time><\/span>                    <span class=\"td-module-comments\"><a href=\"https:\/\/vamosporlaliberacion.org\/crpmlm\/gracias-obama\/#respond\">0<\/a><\/span>                <\/div>\n\n                <div class=\"td-excerpt\">\n                    Tras su resonante y significativo viaje a Cuba, el presidente norteamericano enfil\u00f3 para Argentina en una visita sorpresiva, publicitada hace solo un mes. Con...                <\/div>\n            <\/div>\n\n        <\/div>\n\n        \n        <div class=\"td_module_16 td_module_wrap td-animation-stack\">\n            <div class=\"td-module-thumb\"><a href=\"https:\/\/vamosporlaliberacion.org\/crpmlm\/entrega-nuclear\/\" rel=\"bookmark\" class=\"td-image-wrap \" title=\"Entrega nuclear\" ><img loading=\"lazy\" decoding=\"async\" class=\"entry-thumb\" src=\"\" alt=\"\" title=\"Entrega nuclear\" data-type=\"image_tag\" data-img-url=\"https:\/\/i0.wp.com\/vamosporlaliberacion.org\/crpmlm\/wp-content\/uploads\/2016\/03\/cnea-ate.jpg?resize=150%2C150&ssl=1\"  width=\"150\" height=\"150\" \/><\/a><\/div>\n            <div class=\"item-details\">\n                <h3 class=\"entry-title td-module-title\"><a href=\"https:\/\/vamosporlaliberacion.org\/crpmlm\/entrega-nuclear\/\" rel=\"bookmark\" title=\"Entrega nuclear\">Entrega nuclear<\/a><\/h3>\n                <div class=\"td-module-meta-info\">\n                                        <span class=\"td-post-author-name\"><a href=\"https:\/\/vamosporlaliberacion.org\/crpmlm\/author\/\"><\/a> <span>-<\/span> <\/span>                    <span class=\"td-post-date\"><time class=\"entry-date updated td-module-date\" datetime=\"2016-03-30T21:26:51-03:00\" >31 marzo, 2016<\/time><\/span>                    <span class=\"td-module-comments\"><a href=\"https:\/\/vamosporlaliberacion.org\/crpmlm\/entrega-nuclear\/#respond\">0<\/a><\/span>                <\/div>\n\n                <div class=\"td-excerpt\">\n                    Uno de los temas en el que habr\u00edan avanzado Obama y Macri es en el \u00e1rea de \u201ccooperaci\u00f3n\u201d nuclear. Pero no precisamente para impulsar...                <\/div>\n            <\/div>\n\n        <\/div>\n\n        \n        <div class=\"td_module_16 td_module_wrap td-animation-stack\">\n            <div class=\"td-module-thumb\"><a href=\"https:\/\/vamosporlaliberacion.org\/crpmlm\/repudio-a-la-visita-de-obama\/\" rel=\"bookmark\" class=\"td-image-wrap \" title=\"Repudio a la visita de Obama\" ><img loading=\"lazy\" decoding=\"async\" class=\"entry-thumb\" src=\"\" alt=\"\" title=\"Repudio a la visita de Obama\" data-type=\"image_tag\" data-img-url=\"https:\/\/i0.wp.com\/vamosporlaliberacion.org\/crpmlm\/wp-content\/uploads\/2016\/03\/cr-eeuu.jpg?resize=150%2C150&ssl=1\"  width=\"150\" height=\"150\" \/><\/a><\/div>\n            <div class=\"item-details\">\n                <h3 class=\"entry-title td-module-title\"><a href=\"https:\/\/vamosporlaliberacion.org\/crpmlm\/repudio-a-la-visita-de-obama\/\" rel=\"bookmark\" title=\"Repudio a la visita de Obama\">Repudio a la visita de Obama<\/a><\/h3>\n                <div class=\"td-module-meta-info\">\n                                        <span class=\"td-post-author-name\"><a href=\"https:\/\/vamosporlaliberacion.org\/crpmlm\/author\/\"><\/a> <span>-<\/span> <\/span>                    <span class=\"td-post-date\"><time class=\"entry-date updated td-module-date\" datetime=\"2016-03-30T21:25:26-03:00\" >31 marzo, 2016<\/time><\/span>                    <span class=\"td-module-comments\"><a href=\"https:\/\/vamosporlaliberacion.org\/crpmlm\/repudio-a-la-visita-de-obama\/#respond\">0<\/a><\/span>                <\/div>\n\n                <div class=\"td-excerpt\">\n                    Es mi\u00e9rcoles, son las 16:30hs en Buenos Aires, la ciudad est\u00e1 conmocionada por la llegada del primer mandatario estadounidense. Los subtes funcionan a medias,...                <\/div>\n            <\/div>\n\n        <\/div>\n\n        <\/div><\/div> <!-- .\/block --><div class=\"td_block_wrap td_block_21 tdi_27_814 td-pb-border-top td_block_template_1 td-column-2\"  data-td-block-uid=\"tdi_27_814\" >\n<style>\n.td_block_template_2.widget > ul > li,\n            .td_block_template_6.widget > ul > li,\n            .td_block_template_8.widget > ul > li,\n            .td_block_template_9.widget > ul > li,\n            .td_block_template_10.widget > ul > li,\n            .td_block_template_11.widget > ul > li,\n            .td_block_template_12.widget > ul > li,\n            .td_block_template_13.widget > ul > li,\n            .td_block_template_14.widget > ul > li,\n            .td_block_template_15.widget > ul > li,\n            .td_block_template_16.widget > ul > li,\n            .td_block_template_17.widget > ul > li {\n                margin-left: 0 !important;\n            }\n            .global-block-template-12 .td-comments-title span,\n            .global-block-template-13 .td-comments-title span {\n                margin-left: 0 !important;\n                font-size: 20px;\n            }\n            @media (max-width: 767px) {\n                .global-block-template-12 .td-comments-title span,\n                .global-block-template-13 .td-comments-title span {\n                    font-size: 15px;\n                }\n            }\n            .td-block-title-wrap .td-wrapper-pulldown-filter {\n                font-family: 'Roboto', sans-serif;\n                position: absolute;\n                bottom: 0;\n                right: 0;\n                top: 0;\n                margin: auto 0;\n                z-index: 2;\n                background-color: #fff;\n                font-size: 13px;\n                line-height: 1;\n                color: #777;\n                text-align: right;\n            }\n            .td-block-title-wrap .td-wrapper-pulldown-filter .td-pulldown-filter-display-option {\n                cursor: pointer;\n                white-space: nowrap;\n                position: relative;\n                line-height: 29px;\n            }\n            .td-block-title-wrap .td-wrapper-pulldown-filter .td-pulldown-filter-display-option i {\n                font-size: 9px;\n                color: #777;\n                margin-left: 20px;\n                margin-right: 10px;\n            }\n            .td-block-title-wrap .td-wrapper-pulldown-filter .td-pulldown-filter-display-option i:before {\n                content: '\\e83d';\n            }\n            .td-block-title-wrap .td-wrapper-pulldown-filter .td-pulldown-filter-display-option span {\n                padding-left: 20px;\n                margin-right: -14px;\n            }\n            @media (max-width: 360px) {\n                .td-block-title-wrap .td-wrapper-pulldown-filter .td-pulldown-filter-display-option span {\n                    display: none;\n                }\n            }\n            .td-block-title-wrap .td-wrapper-pulldown-filter .td-pulldown-filter-display-option:hover {\n                color: #4db2ec;\n            }\n            .td-block-title-wrap .td-wrapper-pulldown-filter .td-pulldown-filter-display-option:hover i {\n                color: #4db2ec;\n            }\n            .td-block-title-wrap .td-wrapper-pulldown-filter .td-pulldown-filter-display-option:hover ul {\n                display: block;\n            }\n            .td-block-title-wrap .td-wrapper-pulldown-filter .td-pulldown-filter-list {\n                list-style: none;\n                position: absolute;\n                right: 0;\n                top: 100%;\n                padding: 18px 0;\n                background-color: rgb(255, 255, 255);\n                background-color: rgba(255, 255, 255, 0.95);\n                z-index: 999;\n                border-width: 1px;\n                border-color: #ededed;\n                border-style: solid;\n                display: none;\n                margin: 0;\n            }\n            .td-block-title-wrap .td-wrapper-pulldown-filter .td-pulldown-filter-item {\n                list-style: none;\n                margin: 0;\n            }\n            .td-block-title-wrap .td-wrapper-pulldown-filter .td-pulldown-filter-item .td-cur-simple-item {\n                color: #4db2ec;\n            }\n            .td-block-title-wrap .td-wrapper-pulldown-filter .td-pulldown-more {\n                padding-bottom: 10px;\n            }\n            .td-block-title-wrap .td-wrapper-pulldown-filter .td-pulldown-more:before {\n                content: '';\n                width: 70px;\n                height: 100%;\n                position: absolute;\n                margin-top: 2px;\n                top: 0;\n                right: 0;\n                z-index: 1;\n                opacity: 0;\n            }\n            .td-block-title-wrap .td-wrapper-pulldown-filter .td-pulldown-filter-link {\n                color: #777;\n                white-space: nowrap;\n                display: block;\n                line-height: 26px;\n                padding-left: 36px;\n                padding-right: 27px;\n            }\n            .td-block-title-wrap .td-wrapper-pulldown-filter .td-pulldown-filter-link:hover {\n                color: #4db2ec;\n            }\n            @media (min-width: 768px) and (max-width: 1018px) {\n                .td-pb-span4 .td-block-title-wrap .td-wrapper-pulldown-filter .td-pulldown-filter-display-option span {\n                    display: none;\n                }\n                .td-pb-span4 .td-block-title-wrap .td-wrapper-pulldown-filter .td-pulldown-filter-link {\n                    padding-left: 24px;\n                    padding-right: 20px !important;\n                }\n            }\n            @-moz-document url-prefix() {\n                .td-pulldown-syle-default .td-subcat-more,\n                .td-pulldown-syle-default .td-subcat-list {\n                    position: relative;\n                    top: -1px;\n                }\n            }\n            .td-pulldown-syle-2 {\n                top: 0;\n            }\n            .td-pulldown-syle-2 .td-subcat-dropdown ul {\n                padding: 20px 0;\n                margin-top: 0;\n            }\n            .td-pulldown-syle-2 .td-subcat-dropdown ul:after {\n                content: '';\n                position: absolute;\n                width: calc(100% + 2px);\n                height: 3px;\n                top: 0;\n                left: -1px;\n                background-color: #4db2ec;\n            }\n            .td-pulldown-syle-2 .td-subcat-dropdown a {\n                padding-left: 40px;\n                padding-right: 31px;\n            }\n            .td-pulldown-syle-2 .td-subcat-dropdown:hover .td-subcat-more {\n                background-color: transparent !important;\n            }\n            .td-pulldown-syle-2 .td-subcat-dropdown:hover .td-subcat-more span,\n            .td-pulldown-syle-2 .td-subcat-dropdown:hover .td-subcat-more i {\n                color: #4db2ec;\n            }\n            .td-pulldown-syle-2 .td-subcat-dropdown .td-subcat-more {\n                margin-left: 9px;\n                margin-bottom: 8px; \/\/ this align the dropdown list\n            }\n            .td-pulldown-syle-2 .td-subcat-list .td-subcat-item {\n                margin-left: 24px;\n            }\n            .td-pulldown-syle-3 {\n                top: 0;\n            }\n            .td-pulldown-syle-3 .td-subcat-dropdown ul {\n                padding: 15px 0;\n                margin-top: -1px;\n                border-width: 1px;\n            }\n            .td-pulldown-syle-3 .td-subcat-dropdown a {\n                padding-left: 40px;\n                padding-right: 31px;\n            }\n            .td-pulldown-syle-3 .td-subcat-dropdown &:hover .td-subcat-more {\n                background-color: transparent !important;\n            }\n            .td-pulldown-syle-3 .td-subcat-dropdown &:hover .td-subcat-more span,\n            .td-pulldown-syle-3 .td-subcat-dropdown &:hover .td-subcat-more i {\n                color: #4db2ec;\n            }\n            .td-pulldown-syle-3 .td-subcat-dropdown .td-subcat-more {\n                margin-left: 9px;\n                margin-bottom: 8px; \/\/ this align the dropdown list\n            }\n            .td-pulldown-syle-3 .td-subcat-list .td-subcat-item {\n                margin-left: 24px;\n            }\n            \n            \n\n            \n            .td-theme-wrap .tdi_27_814 .td-pulldown-filter-link:hover,\n            .td-theme-wrap .tdi_27_814 .td-subcat-item a:hover,\n            .td-theme-wrap .tdi_27_814 .td-subcat-item .td-cur-simple-item {\n                color: #dd3333;\n            }\n\n            .td-theme-wrap .tdi_27_814 .block-title > *,\n            .td-theme-wrap .tdi_27_814 .td-subcat-dropdown:hover .td-subcat-more {\n                background-color: #dd3333;\n            }\n            .td-theme-wrap .td-footer-wrapper .tdi_27_814 .block-title > * {\n                padding: 6px 7px 5px;\n                line-height: 1;\n            }\n\n            .td-theme-wrap .tdi_27_814 .block-title {\n                border-color: #dd3333;\n            }\n\n            \n            .td-theme-wrap .tdi_27_814 .td_module_wrap:hover .entry-title a,\n            .td-theme-wrap .tdi_27_814 .td_quote_on_blocks,\n            .td-theme-wrap .tdi_27_814 .td-opacity-cat .td-post-category:hover,\n            .td-theme-wrap .tdi_27_814 .td-opacity-read .td-read-more a:hover,\n            .td-theme-wrap .tdi_27_814 .td-opacity-author .td-post-author-name a:hover,\n            .td-theme-wrap .tdi_27_814 .td-instagram-user a {\n                color: #dd3333;\n            }\n\n            .td-theme-wrap .tdi_27_814 .td-next-prev-wrap a:hover,\n            .td-theme-wrap .tdi_27_814 .td-load-more-wrap a:hover {\n                background-color: #dd3333;\n                border-color: #dd3333;\n            }\n\n            .td-theme-wrap .tdi_27_814 .td-read-more a,\n            .td-theme-wrap .tdi_27_814 .td-weather-information:before,\n            .td-theme-wrap .tdi_27_814 .td-weather-week:before,\n            .td-theme-wrap .tdi_27_814 .td-exchange-header:before,\n            .td-theme-wrap .td-footer-wrapper .tdi_27_814 .td-post-category,\n            .td-theme-wrap .tdi_27_814 .td-post-category:hover {\n                background-color: #dd3333;\n            }\n<\/style><script>var block_tdi_27_814 = new tdBlock();\nblock_tdi_27_814.id = \"tdi_27_814\";\nblock_tdi_27_814.atts = '{\"custom_title\":\"Internacional\",\"header_color\":\"#dd3333\",\"category_id\":\"7\",\"tag_slug\":\"vxl 71\",\"limit\":\"10\",\"td_filter_default_txt\":\"Todo\",\"block_type\":\"td_block_21\",\"separator\":\"\",\"custom_url\":\"\",\"block_template_id\":\"\",\"m16_tl\":\"\",\"m16_el\":\"\",\"post_ids\":\"\",\"category_ids\":\"\",\"autors_id\":\"\",\"installed_post_types\":\"\",\"sort\":\"\",\"offset\":\"\",\"show_modified_date\":\"\",\"el_class\":\"\",\"td_ajax_filter_type\":\"\",\"td_ajax_filter_ids\":\"\",\"td_ajax_preloading\":\"\",\"f_header_font_header\":\"\",\"f_header_font_title\":\"Block header\",\"f_header_font_settings\":\"\",\"f_header_font_family\":\"\",\"f_header_font_size\":\"\",\"f_header_font_line_height\":\"\",\"f_header_font_style\":\"\",\"f_header_font_weight\":\"\",\"f_header_font_transform\":\"\",\"f_header_font_spacing\":\"\",\"f_header_\":\"\",\"f_ajax_font_title\":\"Ajax categories\",\"f_ajax_font_settings\":\"\",\"f_ajax_font_family\":\"\",\"f_ajax_font_size\":\"\",\"f_ajax_font_line_height\":\"\",\"f_ajax_font_style\":\"\",\"f_ajax_font_weight\":\"\",\"f_ajax_font_transform\":\"\",\"f_ajax_font_spacing\":\"\",\"f_ajax_\":\"\",\"f_more_font_title\":\"Load more button\",\"f_more_font_settings\":\"\",\"f_more_font_family\":\"\",\"f_more_font_size\":\"\",\"f_more_font_line_height\":\"\",\"f_more_font_style\":\"\",\"f_more_font_weight\":\"\",\"f_more_font_transform\":\"\",\"f_more_font_spacing\":\"\",\"f_more_\":\"\",\"m16f_title_font_header\":\"\",\"m16f_title_font_title\":\"Article title\",\"m16f_title_font_settings\":\"\",\"m16f_title_font_family\":\"\",\"m16f_title_font_size\":\"\",\"m16f_title_font_line_height\":\"\",\"m16f_title_font_style\":\"\",\"m16f_title_font_weight\":\"\",\"m16f_title_font_transform\":\"\",\"m16f_title_font_spacing\":\"\",\"m16f_title_\":\"\",\"m16f_cat_font_title\":\"Article category tag\",\"m16f_cat_font_settings\":\"\",\"m16f_cat_font_family\":\"\",\"m16f_cat_font_size\":\"\",\"m16f_cat_font_line_height\":\"\",\"m16f_cat_font_style\":\"\",\"m16f_cat_font_weight\":\"\",\"m16f_cat_font_transform\":\"\",\"m16f_cat_font_spacing\":\"\",\"m16f_cat_\":\"\",\"m16f_meta_font_title\":\"Article meta info\",\"m16f_meta_font_settings\":\"\",\"m16f_meta_font_family\":\"\",\"m16f_meta_font_size\":\"\",\"m16f_meta_font_line_height\":\"\",\"m16f_meta_font_style\":\"\",\"m16f_meta_font_weight\":\"\",\"m16f_meta_font_transform\":\"\",\"m16f_meta_font_spacing\":\"\",\"m16f_meta_\":\"\",\"m16f_ex_font_title\":\"Article excerpt\",\"m16f_ex_font_settings\":\"\",\"m16f_ex_font_family\":\"\",\"m16f_ex_font_size\":\"\",\"m16f_ex_font_line_height\":\"\",\"m16f_ex_font_style\":\"\",\"m16f_ex_font_weight\":\"\",\"m16f_ex_font_transform\":\"\",\"m16f_ex_font_spacing\":\"\",\"m16f_ex_\":\"\",\"ajax_pagination\":\"\",\"ajax_pagination_infinite_stop\":\"\",\"css\":\"\",\"tdc_css\":\"\",\"td_column_number\":2,\"color_preset\":\"\",\"border_top\":\"\",\"class\":\"tdi_27_814\",\"tdc_css_class\":\"tdi_27_814\",\"tdc_css_class_style\":\"tdi_27_814_rand_style\"}';\nblock_tdi_27_814.td_column_number = \"2\";\nblock_tdi_27_814.block_type = \"td_block_21\";\nblock_tdi_27_814.post_count = \"10\";\nblock_tdi_27_814.found_posts = \"22\";\nblock_tdi_27_814.header_color = \"#dd3333\";\nblock_tdi_27_814.ajax_pagination_infinite_stop = \"\";\nblock_tdi_27_814.max_num_pages = \"3\";\ntdBlocksArray.push(block_tdi_27_814);\n<\/script><div class=\"td-block-title-wrap\"><h4 class=\"block-title td-block-title\"><span class=\"td-pulldown-size\">Internacional<\/span><\/h4><\/div><div id=tdi_27_814 class=\"td_block_inner\">\n        <div class=\"td_module_16 td_module_wrap td-animation-stack\">\n            <div class=\"td-module-thumb\"><a href=\"https:\/\/vamosporlaliberacion.org\/crpmlm\/la-guerra-de-malvinas\/\" rel=\"bookmark\" class=\"td-image-wrap \" title=\"La Guerra de Malvinas\" ><img loading=\"lazy\" decoding=\"async\" class=\"entry-thumb\" src=\"\" alt=\"\" title=\"La Guerra de Malvinas\" data-type=\"image_tag\" data-img-url=\"https:\/\/i0.wp.com\/vamosporlaliberacion.org\/crpmlm\/wp-content\/uploads\/2016\/03\/malv.jpg?resize=150%2C150&ssl=1\"  width=\"150\" height=\"150\" \/><\/a><\/div>\n            <div class=\"item-details\">\n                <h3 class=\"entry-title td-module-title\"><a href=\"https:\/\/vamosporlaliberacion.org\/crpmlm\/la-guerra-de-malvinas\/\" rel=\"bookmark\" title=\"La Guerra de Malvinas\">La Guerra de Malvinas<\/a><\/h3>\n                <div class=\"td-module-meta-info\">\n                                        <span class=\"td-post-author-name\"><a href=\"https:\/\/vamosporlaliberacion.org\/crpmlm\/author\/\"><\/a> <span>-<\/span> <\/span>                    <span class=\"td-post-date\"><time class=\"entry-date updated td-module-date\" datetime=\"2016-03-31T02:02:41-03:00\" >31 marzo, 2016<\/time><\/span>                    <span class=\"td-module-comments\"><a href=\"https:\/\/vamosporlaliberacion.org\/crpmlm\/la-guerra-de-malvinas\/#respond\">0<\/a><\/span>                <\/div>\n\n                <div class=\"td-excerpt\">\n                    El 2 de abril de 1982 las Fuerzas Armadas argentinas desembarcaron en las Islas Malvinas y tras un enfrentamiento con el destacamento de las...                <\/div>\n            <\/div>\n\n        <\/div>\n\n        \n        <div class=\"td_module_16 td_module_wrap td-animation-stack\">\n            <div class=\"td-module-thumb\"><a href=\"https:\/\/vamosporlaliberacion.org\/crpmlm\/feminismo-sin-causas-de-michelle\/\" rel=\"bookmark\" class=\"td-image-wrap \" title=\"\u201cFeminismo\u201d sin causas de Michelle\" ><img loading=\"lazy\" decoding=\"async\" class=\"entry-thumb\" src=\"\" alt=\"\" title=\"\u201cFeminismo\u201d sin causas de Michelle\" data-type=\"image_tag\" data-img-url=\"https:\/\/i0.wp.com\/vamosporlaliberacion.org\/crpmlm\/wp-content\/uploads\/2016\/03\/obama-en-argentina.jpg?resize=150%2C150&ssl=1\"  width=\"150\" height=\"150\" \/><\/a><\/div>\n            <div class=\"item-details\">\n                <h3 class=\"entry-title td-module-title\"><a href=\"https:\/\/vamosporlaliberacion.org\/crpmlm\/feminismo-sin-causas-de-michelle\/\" rel=\"bookmark\" title=\"\u201cFeminismo\u201d sin causas de Michelle\">\u201cFeminismo\u201d sin causas de Michelle<\/a><\/h3>\n                <div class=\"td-module-meta-info\">\n                                        <span class=\"td-post-author-name\"><a href=\"https:\/\/vamosporlaliberacion.org\/crpmlm\/author\/\"><\/a> <span>-<\/span> <\/span>                    <span class=\"td-post-date\"><time class=\"entry-date updated td-module-date\" datetime=\"2016-03-31T01:56:00-03:00\" >31 marzo, 2016<\/time><\/span>                    <span class=\"td-module-comments\"><a href=\"https:\/\/vamosporlaliberacion.org\/crpmlm\/feminismo-sin-causas-de-michelle\/#respond\">0<\/a><\/span>                <\/div>\n\n                <div class=\"td-excerpt\">\n                    El discurso de Michelle LaVaughn Robinson, calificado de inspirador por los medios hegem\u00f3nicos, comenz\u00f3 con el relato de su historia personal y sobre c\u00f3mo,...                <\/div>\n            <\/div>\n\n        <\/div>\n\n        \n        <div class=\"td_module_16 td_module_wrap td-animation-stack\">\n            <div class=\"td-module-thumb\"><a href=\"https:\/\/vamosporlaliberacion.org\/crpmlm\/venimos-a-hablar-con-el-intendente\/\" rel=\"bookmark\" class=\"td-image-wrap \" title=\"\u201cVenimos a hablar con el intendente\u201d\" ><img loading=\"lazy\" decoding=\"async\" class=\"entry-thumb\" src=\"\" alt=\"\" title=\"\u201cVenimos a hablar con el intendente\u201d\" data-type=\"image_tag\" data-img-url=\"https:\/\/i0.wp.com\/vamosporlaliberacion.org\/crpmlm\/wp-content\/uploads\/2016\/03\/chas.jpg?resize=150%2C150&ssl=1\"  width=\"150\" height=\"150\" \/><\/a><\/div>\n            <div class=\"item-details\">\n                <h3 class=\"entry-title td-module-title\"><a href=\"https:\/\/vamosporlaliberacion.org\/crpmlm\/venimos-a-hablar-con-el-intendente\/\" rel=\"bookmark\" title=\"\u201cVenimos a hablar con el intendente\u201d\">\u201cVenimos a hablar con el intendente\u201d<\/a><\/h3>\n                <div class=\"td-module-meta-info\">\n                                        <span class=\"td-post-author-name\"><a href=\"https:\/\/vamosporlaliberacion.org\/crpmlm\/author\/\"><\/a> <span>-<\/span> <\/span>                    <span class=\"td-post-date\"><time class=\"entry-date updated td-module-date\" datetime=\"2016-03-30T22:47:59-03:00\" >31 marzo, 2016<\/time><\/span>                    <span class=\"td-module-comments\"><a href=\"https:\/\/vamosporlaliberacion.org\/crpmlm\/venimos-a-hablar-con-el-intendente\/#respond\">0<\/a><\/span>                <\/div>\n\n                <div class=\"td-excerpt\">\n                    Mucho ruido, mucho canto y emoci\u00f3n de los estudiantes que nos dimos cita en la puerta de la Municipalidad de Chascom\u00fas, reclamando nuestro derecho...                <\/div>\n            <\/div>\n\n        <\/div>\n\n        \n        <div class=\"td_module_16 td_module_wrap td-animation-stack\">\n            <div class=\"td-module-thumb\"><a href=\"https:\/\/vamosporlaliberacion.org\/crpmlm\/piquetazo-en-la-9-de-julio\/\" rel=\"bookmark\" class=\"td-image-wrap \" title=\"Piquetazo en la 9 de Julio\" ><img loading=\"lazy\" decoding=\"async\" class=\"entry-thumb\" src=\"\" alt=\"\" title=\"Piquetazo en la 9 de Julio\" data-type=\"image_tag\" data-img-url=\"https:\/\/i0.wp.com\/vamosporlaliberacion.org\/crpmlm\/wp-content\/uploads\/2016\/03\/piquetazo.jpg?resize=150%2C150&ssl=1\"  width=\"150\" height=\"150\" \/><\/a><\/div>\n            <div class=\"item-details\">\n                <h3 class=\"entry-title td-module-title\"><a href=\"https:\/\/vamosporlaliberacion.org\/crpmlm\/piquetazo-en-la-9-de-julio\/\" rel=\"bookmark\" title=\"Piquetazo en la 9 de Julio\">Piquetazo en la 9 de Julio<\/a><\/h3>\n                <div class=\"td-module-meta-info\">\n                                        <span class=\"td-post-author-name\"><a href=\"https:\/\/vamosporlaliberacion.org\/crpmlm\/author\/\"><\/a> <span>-<\/span> <\/span>                    <span class=\"td-post-date\"><time class=\"entry-date updated td-module-date\" datetime=\"2016-03-30T22:41:08-03:00\" >31 marzo, 2016<\/time><\/span>                    <span class=\"td-module-comments\"><a href=\"https:\/\/vamosporlaliberacion.org\/crpmlm\/piquetazo-en-la-9-de-julio\/#respond\">0<\/a><\/span>                <\/div>\n\n                <div class=\"td-excerpt\">\n                    Desafiando el protocolo antipiquete, m\u00e1s de 15 compa\u00f1eros protagonizaron una contundente jornada el pasado mi\u00e9rcoles 16. El corte se realiz\u00f3 sobre la Av. 9...                <\/div>\n            <\/div>\n\n        <\/div>\n\n        \n        <div class=\"td_module_16 td_module_wrap td-animation-stack\">\n            <div class=\"td-module-thumb\"><a href=\"https:\/\/vamosporlaliberacion.org\/crpmlm\/carlos-fuentealba-2\/\" rel=\"bookmark\" class=\"td-image-wrap \" title=\"Carlos Fuentealba\" ><img loading=\"lazy\" decoding=\"async\" class=\"entry-thumb\" src=\"\" alt=\"\" title=\"Carlos Fuentealba\" data-type=\"image_tag\" data-img-url=\"https:\/\/i0.wp.com\/vamosporlaliberacion.org\/crpmlm\/wp-content\/uploads\/2016\/03\/fuent.jpg?resize=150%2C150&ssl=1\"  width=\"150\" height=\"150\" \/><\/a><\/div>\n            <div class=\"item-details\">\n                <h3 class=\"entry-title td-module-title\"><a href=\"https:\/\/vamosporlaliberacion.org\/crpmlm\/carlos-fuentealba-2\/\" rel=\"bookmark\" title=\"Carlos Fuentealba\">Carlos Fuentealba<\/a><\/h3>\n                <div class=\"td-module-meta-info\">\n                                        <span class=\"td-post-author-name\"><a href=\"https:\/\/vamosporlaliberacion.org\/crpmlm\/author\/\"><\/a> <span>-<\/span> <\/span>                    <span class=\"td-post-date\"><time class=\"entry-date updated td-module-date\" datetime=\"2016-03-30T22:35:34-03:00\" >31 marzo, 2016<\/time><\/span>                    <span class=\"td-module-comments\"><a href=\"https:\/\/vamosporlaliberacion.org\/crpmlm\/carlos-fuentealba-2\/#respond\">0<\/a><\/span>                <\/div>\n\n                <div class=\"td-excerpt\">\n                    Se cumplen 9 a\u00f1os del asesinato del docente Carlos Fuentealba a manos de la polic\u00eda neuquina en el marco de la brutal represi\u00f3n del...                <\/div>\n            <\/div>\n\n        <\/div>\n\n        \n        <div class=\"td_module_16 td_module_wrap td-animation-stack\">\n            <div class=\"td-module-thumb\"><a href=\"https:\/\/vamosporlaliberacion.org\/crpmlm\/companeros-de-cnea-presentes\/\" rel=\"bookmark\" class=\"td-image-wrap \" title=\"Compa\u00f1eros de CNEA, presentes!\" ><img loading=\"lazy\" decoding=\"async\" class=\"entry-thumb\" src=\"\" alt=\"\" title=\"Compa\u00f1eros de CNEA, presentes!\" data-type=\"image_tag\" data-img-url=\"https:\/\/i0.wp.com\/vamosporlaliberacion.org\/crpmlm\/wp-content\/uploads\/2016\/03\/1-bandera-640x480.jpg?resize=150%2C150&ssl=1\"  width=\"150\" height=\"150\" \/><\/a><\/div>\n            <div class=\"item-details\">\n                <h3 class=\"entry-title td-module-title\"><a href=\"https:\/\/vamosporlaliberacion.org\/crpmlm\/companeros-de-cnea-presentes\/\" rel=\"bookmark\" title=\"Compa\u00f1eros de CNEA, presentes!\">Compa\u00f1eros de CNEA, presentes!<\/a><\/h3>\n                <div class=\"td-module-meta-info\">\n                                        <span class=\"td-post-author-name\"><a href=\"https:\/\/vamosporlaliberacion.org\/crpmlm\/author\/\"><\/a> <span>-<\/span> <\/span>                    <span class=\"td-post-date\"><time class=\"entry-date updated td-module-date\" datetime=\"2016-03-30T22:31:29-03:00\" >31 marzo, 2016<\/time><\/span>                    <span class=\"td-module-comments\"><a href=\"https:\/\/vamosporlaliberacion.org\/crpmlm\/companeros-de-cnea-presentes\/#respond\">0<\/a><\/span>                <\/div>\n\n                <div class=\"td-excerpt\">\n                    Este 24 de marzo en la movilizaci\u00f3n junto al Encuentro Memoria Verdad y Justicia los trabajadores y trabajadoras de CNEA de los centros at\u00f3micos...                <\/div>\n            <\/div>\n\n        <\/div>\n\n        \n        <div class=\"td_module_16 td_module_wrap td-animation-stack\">\n            <div class=\"td-module-thumb\"><a href=\"https:\/\/vamosporlaliberacion.org\/crpmlm\/homenaje-en-tigre-a-docentes-desaparecidos\/\" rel=\"bookmark\" class=\"td-image-wrap \" title=\"Homenaje en Tigre a docentes desaparecidos\" ><img loading=\"lazy\" decoding=\"async\" class=\"entry-thumb\" src=\"\" alt=\"\" title=\"Homenaje en Tigre a docentes desaparecidos\" data-type=\"image_tag\" data-img-url=\"https:\/\/i0.wp.com\/vamosporlaliberacion.org\/crpmlm\/wp-content\/uploads\/2016\/03\/tigre-homenaje-docentes.jpg?resize=150%2C150&ssl=1\"  width=\"150\" height=\"150\" \/><\/a><\/div>\n            <div class=\"item-details\">\n                <h3 class=\"entry-title td-module-title\"><a href=\"https:\/\/vamosporlaliberacion.org\/crpmlm\/homenaje-en-tigre-a-docentes-desaparecidos\/\" rel=\"bookmark\" title=\"Homenaje en Tigre a docentes desaparecidos\">Homenaje en Tigre a docentes desaparecidos<\/a><\/h3>\n                <div class=\"td-module-meta-info\">\n                                        <span class=\"td-post-author-name\"><a href=\"https:\/\/vamosporlaliberacion.org\/crpmlm\/author\/\"><\/a> <span>-<\/span> <\/span>                    <span class=\"td-post-date\"><time class=\"entry-date updated td-module-date\" datetime=\"2016-03-30T22:22:48-03:00\" >31 marzo, 2016<\/time><\/span>                    <span class=\"td-module-comments\"><a href=\"https:\/\/vamosporlaliberacion.org\/crpmlm\/homenaje-en-tigre-a-docentes-desaparecidos\/#respond\">0<\/a><\/span>                <\/div>\n\n                <div class=\"td-excerpt\">\n                    El pasado 22 se realiz\u00f3 un homenaje a las docentes Rosa Mar\u00eda Casariego y Alh\u00f3ndiga Juana Burga, detenidas-desaparecidas de la \u00faltima dictadura militar. El...                <\/div>\n            <\/div>\n\n        <\/div>\n\n        \n        <div class=\"td_module_16 td_module_wrap td-animation-stack\">\n            <div class=\"td-module-thumb\"><a href=\"https:\/\/vamosporlaliberacion.org\/crpmlm\/gracias-obama\/\" rel=\"bookmark\" class=\"td-image-wrap \" title=\"\u00bfGracias Obama?\" ><img loading=\"lazy\" decoding=\"async\" class=\"entry-thumb\" src=\"\" alt=\"\" title=\"\u00bfGracias Obama?\" data-type=\"image_tag\" data-img-url=\"https:\/\/i0.wp.com\/vamosporlaliberacion.org\/crpmlm\/wp-content\/uploads\/2016\/03\/obama-macri.jpg?resize=150%2C150&ssl=1\"  width=\"150\" height=\"150\" \/><\/a><\/div>\n            <div class=\"item-details\">\n                <h3 class=\"entry-title td-module-title\"><a href=\"https:\/\/vamosporlaliberacion.org\/crpmlm\/gracias-obama\/\" rel=\"bookmark\" title=\"\u00bfGracias Obama?\">\u00bfGracias Obama?<\/a><\/h3>\n                <div class=\"td-module-meta-info\">\n                                        <span class=\"td-post-author-name\"><a href=\"https:\/\/vamosporlaliberacion.org\/crpmlm\/author\/\"><\/a> <span>-<\/span> <\/span>                    <span class=\"td-post-date\"><time class=\"entry-date updated td-module-date\" datetime=\"2016-03-30T21:30:24-03:00\" >31 marzo, 2016<\/time><\/span>                    <span class=\"td-module-comments\"><a href=\"https:\/\/vamosporlaliberacion.org\/crpmlm\/gracias-obama\/#respond\">0<\/a><\/span>                <\/div>\n\n                <div class=\"td-excerpt\">\n                    Tras su resonante y significativo viaje a Cuba, el presidente norteamericano enfil\u00f3 para Argentina en una visita sorpresiva, publicitada hace solo un mes. Con...                <\/div>\n            <\/div>\n\n        <\/div>\n\n        \n        <div class=\"td_module_16 td_module_wrap td-animation-stack\">\n            <div class=\"td-module-thumb\"><a href=\"https:\/\/vamosporlaliberacion.org\/crpmlm\/entrega-nuclear\/\" rel=\"bookmark\" class=\"td-image-wrap \" title=\"Entrega nuclear\" ><img loading=\"lazy\" decoding=\"async\" class=\"entry-thumb\" src=\"\" alt=\"\" title=\"Entrega nuclear\" data-type=\"image_tag\" data-img-url=\"https:\/\/i0.wp.com\/vamosporlaliberacion.org\/crpmlm\/wp-content\/uploads\/2016\/03\/cnea-ate.jpg?resize=150%2C150&ssl=1\"  width=\"150\" height=\"150\" \/><\/a><\/div>\n            <div class=\"item-details\">\n                <h3 class=\"entry-title td-module-title\"><a href=\"https:\/\/vamosporlaliberacion.org\/crpmlm\/entrega-nuclear\/\" rel=\"bookmark\" title=\"Entrega nuclear\">Entrega nuclear<\/a><\/h3>\n                <div class=\"td-module-meta-info\">\n                                        <span class=\"td-post-author-name\"><a href=\"https:\/\/vamosporlaliberacion.org\/crpmlm\/author\/\"><\/a> <span>-<\/span> <\/span>                    <span class=\"td-post-date\"><time class=\"entry-date updated td-module-date\" datetime=\"2016-03-30T21:26:51-03:00\" >31 marzo, 2016<\/time><\/span>                    <span class=\"td-module-comments\"><a href=\"https:\/\/vamosporlaliberacion.org\/crpmlm\/entrega-nuclear\/#respond\">0<\/a><\/span>                <\/div>\n\n                <div class=\"td-excerpt\">\n                    Uno de los temas en el que habr\u00edan avanzado Obama y Macri es en el \u00e1rea de \u201ccooperaci\u00f3n\u201d nuclear. Pero no precisamente para impulsar...                <\/div>\n            <\/div>\n\n        <\/div>\n\n        \n        <div class=\"td_module_16 td_module_wrap td-animation-stack\">\n            <div class=\"td-module-thumb\"><a href=\"https:\/\/vamosporlaliberacion.org\/crpmlm\/repudio-a-la-visita-de-obama\/\" rel=\"bookmark\" class=\"td-image-wrap \" title=\"Repudio a la visita de Obama\" ><img loading=\"lazy\" decoding=\"async\" class=\"entry-thumb\" src=\"\" alt=\"\" title=\"Repudio a la visita de Obama\" data-type=\"image_tag\" data-img-url=\"https:\/\/i0.wp.com\/vamosporlaliberacion.org\/crpmlm\/wp-content\/uploads\/2016\/03\/cr-eeuu.jpg?resize=150%2C150&ssl=1\"  width=\"150\" height=\"150\" \/><\/a><\/div>\n            <div class=\"item-details\">\n                <h3 class=\"entry-title td-module-title\"><a href=\"https:\/\/vamosporlaliberacion.org\/crpmlm\/repudio-a-la-visita-de-obama\/\" rel=\"bookmark\" title=\"Repudio a la visita de Obama\">Repudio a la visita de Obama<\/a><\/h3>\n                <div class=\"td-module-meta-info\">\n                                        <span class=\"td-post-author-name\"><a href=\"https:\/\/vamosporlaliberacion.org\/crpmlm\/author\/\"><\/a> <span>-<\/span> <\/span>                    <span class=\"td-post-date\"><time class=\"entry-date updated td-module-date\" datetime=\"2016-03-30T21:25:26-03:00\" >31 marzo, 2016<\/time><\/span>                    <span class=\"td-module-comments\"><a href=\"https:\/\/vamosporlaliberacion.org\/crpmlm\/repudio-a-la-visita-de-obama\/#respond\">0<\/a><\/span>                <\/div>\n\n                <div class=\"td-excerpt\">\n                    Es mi\u00e9rcoles, son las 16:30hs en Buenos Aires, la ciudad est\u00e1 conmocionada por la llegada del primer mandatario estadounidense. Los subtes funcionan a medias,...                <\/div>\n            <\/div>\n\n        <\/div>\n\n        <\/div><\/div> <!-- .\/block --><\/div><\/div><\/div><\/div>\n<!-- AddThis Advanced Settings generic via filter on the_content --><!-- AddThis Share Buttons generic via filter on the_content -->","protected":false},"excerpt":{"rendered":"<p><!-- AddThis Advanced Settings generic via filter on get_the_excerpt --><!-- AddThis Share Buttons generic via filter on get_the_excerpt --><\/p>\n","protected":false},"author":5,"featured_media":5081,"comment_status":"open","ping_status":"open","sticky":false,"template":"","format":"standard","meta":{"_jetpack_memberships_contains_paid_content":false,"footnotes":""},"categories":[22],"tags":[],"class_list":{"0":"post-5070","1":"post","2":"type-post","3":"status-publish","4":"format-standard","5":"has-post-thumbnail","7":"category-vamos"},"yoast_head":"<!-- This site is optimized with the Yoast SEO plugin v27.4 - https:\/\/yoast.com\/product\/yoast-seo-wordpress\/ -->\n<title>Vamos por la Liberaci\u00f3n! N\u00ba 71 - Vamos por la Liberaci\u00f3n<\/title>\n<meta name=\"robots\" content=\"index, follow, max-snippet:-1, max-image-preview:large, max-video-preview:-1\" \/>\n<link rel=\"canonical\" href=\"http:\/\/vamosporlaliberacion.org\/crpmlm\/vamos-por-la-liberacion-no-71\/\" \/>\n<meta name=\"twitter:label1\" content=\"Escrito por\" \/>\n\t<meta name=\"twitter:data1\" content=\"\" \/>\n\t<meta name=\"twitter:label2\" content=\"Tiempo de lectura\" \/>\n\t<meta name=\"twitter:data2\" content=\"1 minuto\" \/>\n<script type=\"application\/ld+json\" class=\"yoast-schema-graph\">{\"@context\":\"https:\\\/\\\/schema.org\",\"@graph\":[{\"@type\":\"Article\",\"@id\":\"http:\\\/\\\/vamosporlaliberacion.org\\\/crpmlm\\\/vamos-por-la-liberacion-no-71\\\/#article\",\"isPartOf\":{\"@id\":\"http:\\\/\\\/vamosporlaliberacion.org\\\/crpmlm\\\/vamos-por-la-liberacion-no-71\\\/\"},\"author\":{\"name\":\"\",\"@id\":\"\"},\"headline\":\"Vamos por la Liberaci\u00f3n! N\u00ba 71\",\"datePublished\":\"2016-03-31T16:22:54+00:00\",\"dateModified\":\"2016-04-01T16:33:07+00:00\",\"mainEntityOfPage\":{\"@id\":\"http:\\\/\\\/vamosporlaliberacion.org\\\/crpmlm\\\/vamos-por-la-liberacion-no-71\\\/\"},\"wordCount\":298,\"commentCount\":0,\"image\":{\"@id\":\"http:\\\/\\\/vamosporlaliberacion.org\\\/crpmlm\\\/vamos-por-la-liberacion-no-71\\\/#primaryimage\"},\"thumbnailUrl\":\"https:\\\/\\\/i0.wp.com\\\/vamosporlaliberacion.org\\\/crpmlm\\\/wp-content\\\/uploads\\\/2016\\\/03\\\/thumbail-vamos71.jpg?fit=324%2C235&ssl=1\",\"articleSection\":[\"Vamos!\"],\"inLanguage\":\"es\",\"potentialAction\":[{\"@type\":\"CommentAction\",\"name\":\"Comment\",\"target\":[\"http:\\\/\\\/vamosporlaliberacion.org\\\/crpmlm\\\/vamos-por-la-liberacion-no-71\\\/#respond\"]}]},{\"@type\":\"WebPage\",\"@id\":\"http:\\\/\\\/vamosporlaliberacion.org\\\/crpmlm\\\/vamos-por-la-liberacion-no-71\\\/\",\"url\":\"http:\\\/\\\/vamosporlaliberacion.org\\\/crpmlm\\\/vamos-por-la-liberacion-no-71\\\/\",\"name\":\"Vamos por la Liberaci\u00f3n! N\u00ba 71 - Vamos por la Liberaci\u00f3n\",\"isPartOf\":{\"@id\":\"https:\\\/\\\/vamosporlaliberacion.org\\\/crpmlm\\\/#website\"},\"primaryImageOfPage\":{\"@id\":\"http:\\\/\\\/vamosporlaliberacion.org\\\/crpmlm\\\/vamos-por-la-liberacion-no-71\\\/#primaryimage\"},\"image\":{\"@id\":\"http:\\\/\\\/vamosporlaliberacion.org\\\/crpmlm\\\/vamos-por-la-liberacion-no-71\\\/#primaryimage\"},\"thumbnailUrl\":\"https:\\\/\\\/i0.wp.com\\\/vamosporlaliberacion.org\\\/crpmlm\\\/wp-content\\\/uploads\\\/2016\\\/03\\\/thumbail-vamos71.jpg?fit=324%2C235&ssl=1\",\"datePublished\":\"2016-03-31T16:22:54+00:00\",\"dateModified\":\"2016-04-01T16:33:07+00:00\",\"author\":{\"@id\":\"\"},\"breadcrumb\":{\"@id\":\"http:\\\/\\\/vamosporlaliberacion.org\\\/crpmlm\\\/vamos-por-la-liberacion-no-71\\\/#breadcrumb\"},\"inLanguage\":\"es\",\"potentialAction\":[{\"@type\":\"ReadAction\",\"target\":[\"http:\\\/\\\/vamosporlaliberacion.org\\\/crpmlm\\\/vamos-por-la-liberacion-no-71\\\/\"]}]},{\"@type\":\"ImageObject\",\"inLanguage\":\"es\",\"@id\":\"http:\\\/\\\/vamosporlaliberacion.org\\\/crpmlm\\\/vamos-por-la-liberacion-no-71\\\/#primaryimage\",\"url\":\"https:\\\/\\\/i0.wp.com\\\/vamosporlaliberacion.org\\\/crpmlm\\\/wp-content\\\/uploads\\\/2016\\\/03\\\/thumbail-vamos71.jpg?fit=324%2C235&ssl=1\",\"contentUrl\":\"https:\\\/\\\/i0.wp.com\\\/vamosporlaliberacion.org\\\/crpmlm\\\/wp-content\\\/uploads\\\/2016\\\/03\\\/thumbail-vamos71.jpg?fit=324%2C235&ssl=1\",\"width\":324,\"height\":235},{\"@type\":\"BreadcrumbList\",\"@id\":\"http:\\\/\\\/vamosporlaliberacion.org\\\/crpmlm\\\/vamos-por-la-liberacion-no-71\\\/#breadcrumb\",\"itemListElement\":[{\"@type\":\"ListItem\",\"position\":1,\"name\":\"Portada\",\"item\":\"https:\\\/\\\/vamosporlaliberacion.org\\\/crpmlm\\\/\"},{\"@type\":\"ListItem\",\"position\":2,\"name\":\"Vamos por la Liberaci\u00f3n! N\u00ba 71\"}]},{\"@type\":\"WebSite\",\"@id\":\"https:\\\/\\\/vamosporlaliberacion.org\\\/crpmlm\\\/#website\",\"url\":\"https:\\\/\\\/vamosporlaliberacion.org\\\/crpmlm\\\/\",\"name\":\"Vamos por la Liberaci\u00f3n\",\"description\":\"Prensa CR\",\"potentialAction\":[{\"@type\":\"SearchAction\",\"target\":{\"@type\":\"EntryPoint\",\"urlTemplate\":\"https:\\\/\\\/vamosporlaliberacion.org\\\/crpmlm\\\/?s={search_term_string}\"},\"query-input\":{\"@type\":\"PropertyValueSpecification\",\"valueRequired\":true,\"valueName\":\"search_term_string\"}}],\"inLanguage\":\"es\"},{\"@type\":\"Person\",\"@id\":\"\",\"url\":\"https:\\\/\\\/vamosporlaliberacion.org\\\/crpmlm\\\/author\\\/\"}]}<\/script>\n<!-- \/ Yoast SEO plugin. -->","yoast_head_json":{"title":"Vamos por la Liberaci\u00f3n! N\u00ba 71 - Vamos por la Liberaci\u00f3n","robots":{"index":"index","follow":"follow","max-snippet":"max-snippet:-1","max-image-preview":"max-image-preview:large","max-video-preview":"max-video-preview:-1"},"canonical":"http:\/\/vamosporlaliberacion.org\/crpmlm\/vamos-por-la-liberacion-no-71\/","twitter_misc":{"Escrito por":"","Tiempo de lectura":"1 minuto"},"schema":{"@context":"https:\/\/schema.org","@graph":[{"@type":"Article","@id":"http:\/\/vamosporlaliberacion.org\/crpmlm\/vamos-por-la-liberacion-no-71\/#article","isPartOf":{"@id":"http:\/\/vamosporlaliberacion.org\/crpmlm\/vamos-por-la-liberacion-no-71\/"},"author":{"name":"","@id":""},"headline":"Vamos por la Liberaci\u00f3n! N\u00ba 71","datePublished":"2016-03-31T16:22:54+00:00","dateModified":"2016-04-01T16:33:07+00:00","mainEntityOfPage":{"@id":"http:\/\/vamosporlaliberacion.org\/crpmlm\/vamos-por-la-liberacion-no-71\/"},"wordCount":298,"commentCount":0,"image":{"@id":"http:\/\/vamosporlaliberacion.org\/crpmlm\/vamos-por-la-liberacion-no-71\/#primaryimage"},"thumbnailUrl":"https:\/\/i0.wp.com\/vamosporlaliberacion.org\/crpmlm\/wp-content\/uploads\/2016\/03\/thumbail-vamos71.jpg?fit=324%2C235&ssl=1","articleSection":["Vamos!"],"inLanguage":"es","potentialAction":[{"@type":"CommentAction","name":"Comment","target":["http:\/\/vamosporlaliberacion.org\/crpmlm\/vamos-por-la-liberacion-no-71\/#respond"]}]},{"@type":"WebPage","@id":"http:\/\/vamosporlaliberacion.org\/crpmlm\/vamos-por-la-liberacion-no-71\/","url":"http:\/\/vamosporlaliberacion.org\/crpmlm\/vamos-por-la-liberacion-no-71\/","name":"Vamos por la Liberaci\u00f3n! N\u00ba 71 - Vamos por la Liberaci\u00f3n","isPartOf":{"@id":"https:\/\/vamosporlaliberacion.org\/crpmlm\/#website"},"primaryImageOfPage":{"@id":"http:\/\/vamosporlaliberacion.org\/crpmlm\/vamos-por-la-liberacion-no-71\/#primaryimage"},"image":{"@id":"http:\/\/vamosporlaliberacion.org\/crpmlm\/vamos-por-la-liberacion-no-71\/#primaryimage"},"thumbnailUrl":"https:\/\/i0.wp.com\/vamosporlaliberacion.org\/crpmlm\/wp-content\/uploads\/2016\/03\/thumbail-vamos71.jpg?fit=324%2C235&ssl=1","datePublished":"2016-03-31T16:22:54+00:00","dateModified":"2016-04-01T16:33:07+00:00","author":{"@id":""},"breadcrumb":{"@id":"http:\/\/vamosporlaliberacion.org\/crpmlm\/vamos-por-la-liberacion-no-71\/#breadcrumb"},"inLanguage":"es","potentialAction":[{"@type":"ReadAction","target":["http:\/\/vamosporlaliberacion.org\/crpmlm\/vamos-por-la-liberacion-no-71\/"]}]},{"@type":"ImageObject","inLanguage":"es","@id":"http:\/\/vamosporlaliberacion.org\/crpmlm\/vamos-por-la-liberacion-no-71\/#primaryimage","url":"https:\/\/i0.wp.com\/vamosporlaliberacion.org\/crpmlm\/wp-content\/uploads\/2016\/03\/thumbail-vamos71.jpg?fit=324%2C235&ssl=1","contentUrl":"https:\/\/i0.wp.com\/vamosporlaliberacion.org\/crpmlm\/wp-content\/uploads\/2016\/03\/thumbail-vamos71.jpg?fit=324%2C235&ssl=1","width":324,"height":235},{"@type":"BreadcrumbList","@id":"http:\/\/vamosporlaliberacion.org\/crpmlm\/vamos-por-la-liberacion-no-71\/#breadcrumb","itemListElement":[{"@type":"ListItem","position":1,"name":"Portada","item":"https:\/\/vamosporlaliberacion.org\/crpmlm\/"},{"@type":"ListItem","position":2,"name":"Vamos por la Liberaci\u00f3n! N\u00ba 71"}]},{"@type":"WebSite","@id":"https:\/\/vamosporlaliberacion.org\/crpmlm\/#website","url":"https:\/\/vamosporlaliberacion.org\/crpmlm\/","name":"Vamos por la Liberaci\u00f3n","description":"Prensa CR","potentialAction":[{"@type":"SearchAction","target":{"@type":"EntryPoint","urlTemplate":"https:\/\/vamosporlaliberacion.org\/crpmlm\/?s={search_term_string}"},"query-input":{"@type":"PropertyValueSpecification","valueRequired":true,"valueName":"search_term_string"}}],"inLanguage":"es"},{"@type":"Person","@id":"","url":"https:\/\/vamosporlaliberacion.org\/crpmlm\/author\/"}]}},"jetpack_featured_media_url":"https:\/\/i0.wp.com\/vamosporlaliberacion.org\/crpmlm\/wp-content\/uploads\/2016\/03\/thumbail-vamos71.jpg?fit=324%2C235&ssl=1","jetpack_sharing_enabled":true,"_links":{"self":[{"href":"https:\/\/vamosporlaliberacion.org\/crpmlm\/wp-json\/wp\/v2\/posts\/5070","targetHints":{"allow":["GET"]}}],"collection":[{"href":"https:\/\/vamosporlaliberacion.org\/crpmlm\/wp-json\/wp\/v2\/posts"}],"about":[{"href":"https:\/\/vamosporlaliberacion.org\/crpmlm\/wp-json\/wp\/v2\/types\/post"}],"author":[{"embeddable":true,"href":"https:\/\/vamosporlaliberacion.org\/crpmlm\/wp-json\/wp\/v2\/users\/5"}],"replies":[{"embeddable":true,"href":"https:\/\/vamosporlaliberacion.org\/crpmlm\/wp-json\/wp\/v2\/comments?post=5070"}],"version-history":[{"count":0,"href":"https:\/\/vamosporlaliberacion.org\/crpmlm\/wp-json\/wp\/v2\/posts\/5070\/revisions"}],"wp:featuredmedia":[{"embeddable":true,"href":"https:\/\/vamosporlaliberacion.org\/crpmlm\/wp-json\/wp\/v2\/media\/5081"}],"wp:attachment":[{"href":"https:\/\/vamosporlaliberacion.org\/crpmlm\/wp-json\/wp\/v2\/media?parent=5070"}],"wp:term":[{"taxonomy":"category","embeddable":true,"href":"https:\/\/vamosporlaliberacion.org\/crpmlm\/wp-json\/wp\/v2\/categories?post=5070"},{"taxonomy":"post_tag","embeddable":true,"href":"https:\/\/vamosporlaliberacion.org\/crpmlm\/wp-json\/wp\/v2\/tags?post=5070"}],"curies":[{"name":"wp","href":"https:\/\/api.w.org\/{rel}","templated":true}]}}