{"id":5044,"date":"2016-03-31T02:02:41","date_gmt":"2016-03-31T05:02:41","guid":{"rendered":"http:\/\/vamosporlaliberacion.org\/crpmlm\/?p=5044"},"modified":"2020-10-28T12:31:23","modified_gmt":"2020-10-28T15:31:23","slug":"la-guerra-de-malvinas","status":"publish","type":"post","link":"https:\/\/vamosporlaliberacion.org\/crpmlm\/la-guerra-de-malvinas\/","title":{"rendered":"La Guerra de Malvinas"},"content":{"rendered":"<p>El 2 de abril de 1982 las Fuerzas Armadas argentinas desembarcaron en las Islas Malvinas y tras un enfrentamiento con el destacamento de las Fuerzas Armadas inglesas, en el que muere el Capit\u00e1n Giachino, tomaron control de esas islas y de las Sandwich y Georgias del Sud. El 3 de abril el Consejo de Seguridad de la ONU emit\u00eda la Resoluci\u00f3n 502 que condenaba a la Argentina como pa\u00eds agresor, d\u00e1ndole luz verde al plan militar de Inglaterra.<\/p>\n<p>Un conjunto de hechos tienden a hacer pensar que Galtieri y el sector de la dictadura que impuls\u00f3 el desembarco consideraron que el nuevo alineamiento internacional, m\u00e1s cercano a EE.UU. y distante de los acuerdos y pol\u00edticas comerciales con la URSS adoptados por sus antecesores, pod\u00eda ser la base de un apoyo de EE.UU. a alg\u00fan tipo de salida acordada con Inglaterra, con respecto al control y soberan\u00eda sobre Malvinas.<\/p>\n<p>Es necesario recordar que Inglaterra atravesaba una muy fuerte crisis econ\u00f3mica y social que ven\u00eda debilitando aceleradamente al gobierno conservador de Margaret Thatcher. Lo concreto fue que EE.UU. envi\u00f3 a su Secretario de Estado Alexander Higth, con la propuesta de una soberan\u00eda compartida por los tres pa\u00edses, lo que le daba el control en definitiva a ellos, acompa\u00f1ados de manera subordinada por Inglaterra, su principal aliado en la OTAN. Pero Thatcher rechaz\u00f3 de plano que Inglaterra fuera disminuida en su control de Malvinas y orden\u00f3 zarpar a su flota con rumbo a Malvinas, distante a 13.000 km. Adem\u00e1s utiliz\u00f3 la guerra para imponerse tambi\u00e9n en su lucha dom\u00e9stica, quebrando las huelgas mineras que la acosaban.<\/p>\n<p>El 5 de abril Inglaterra lanz\u00f3 su flota a recolonizar las islas, y en ese contexto el 10 de abril se produjo la multitudinaria concentraci\u00f3n popular en Plaza de Mayo contra el colonialismo ingl\u00e9s, que desbord\u00f3 de hecho cualquier tipo de salida que EE.UU. estuviera dispuesto a bendecir. Bajo una gigantesca rechifla, se retir\u00f3 de la Casa Rosada el helic\u00f3ptero del Secretario de Estado norteamericano. En esa situaci\u00f3n, Galtieri opt\u00f3 por salir al balc\u00f3n y mantenerse en una postura de confrontaci\u00f3n con Inglaterra.<\/p>\n<p>Inglaterra cont\u00f3 con el apo\u00acyo de EE.UU. y sus sat\u00e9lites y agentes durante el conflicto. Los enfrentamientos comenza\u00acron el 30 de abril y durar\u00edan un mes y medio, hasta la rendici\u00f3n de Puerto Argentino.<\/p>\n<p>No es que una naci\u00f3n peque\u00f1a no pueda derrotar a un imperialismo. De hecho Vietnam derrot\u00f3 a EE.UU. y Afganist\u00e1n a la URSS en aquella \u00e9poca. Pero esto exig\u00eda, para empezar, no limitar el conflicto al plano militar y diplom\u00e1tico, sino expropiar todas las empresas y campos de Inglaterra en Argentina, desde donde incluso operaron sus fuerzas. Pero la dictadura no iba a llevar adelante este tipo de medidas. Peor a\u00fan, los sectores m\u00e1s asociados a EE.UU. e Inglaterra dentro de las Fuerzas Armadas de la dictadura se dedicaron al sabotaje, la desorganizaci\u00f3n y la desmoralizaci\u00f3n. Mientras los sectores videlistas ve\u00edan en el fracaso de Galtieri la posibilidad de volver a controlar la Presidencia.<\/p>\n<p>El enfrentamiento con Inglaterra fractur\u00f3 a la dictadura y a las Fuerzas Armadas. Hab\u00edan sido preparadas para la represi\u00f3n al pueblo, contra la insurgencia y luego para enfrentarse a Chile, y con esta guerra terminaban enfrentadas al imperialismo ingl\u00e9s apoyado por EEUU, las dos principales potencias de Occidente.<\/p>\n<p>El hero\u00edsmo de muchos soldados, suboficiales, de una parte de la oficialidad en tierra, y de los pilotos desde el aire, disponiendo en algunos planos de tecnolog\u00eda avanzada, llegaron a asestarle duros golpes a la flota Inglesa, derribando 47 aeronaves y hundiendo 6 barcos, alcanzando a averiar al portaviones \u201cInvencible\u201d. Se present\u00f3 un duro comba\u00acte contra el desembarco y el avance de las tropas inglesas, que en definitiva consumaron su nuevo acto abierto de colonialismo que incluy\u00f3 el hundimiento del Crucero General Belgrano fuera de la zona de exclusi\u00f3n y violando el tratado de Ginebra.<\/p>\n<p>La movilizaci\u00f3n de masas contra los ingleses, a su vez, permiti\u00f3 una organizaci\u00f3n popular, en los barrios, los clubes, los colegios y las f\u00e1bricas, que la dictadura no pudo impedir y ser\u00eda un factor fundamental de su posterior retirada.<\/p>\n<!-- AddThis Advanced Settings generic via filter on the_content --><!-- AddThis Share Buttons generic via filter on the_content -->","protected":false},"excerpt":{"rendered":"<p>El 2 de abril de 1982 las Fuerzas Armadas argentinas desembarcaron en las Islas Malvinas y tras un enfrentamiento con el destacamento de las Fuerzas Armadas inglesas, en el que muere el Capit\u00e1n Giachino, tomaron control de esas islas y de las Sandwich y Georgias del Sud. El 3 de abril el Consejo de Seguridad [&hellip;]<!-- AddThis Advanced Settings generic via filter on get_the_excerpt --><!-- AddThis Share Buttons generic via filter on get_the_excerpt --><\/p>\n","protected":false},"author":5,"featured_media":5045,"comment_status":"open","ping_status":"open","sticky":false,"template":"","format":"standard","meta":{"_jetpack_memberships_contains_paid_content":false,"footnotes":""},"categories":[1853],"tags":[520,131,817,587],"class_list":{"0":"post-5044","1":"post","2":"type-post","3":"status-publish","4":"format-standard","5":"has-post-thumbnail","7":"category-historia","8":"tag-destacado-2","9":"tag-historia","10":"tag-malvinas-argentinas","11":"tag-vxl-71"},"yoast_head":"<!-- This site is optimized with the Yoast SEO plugin v27.4 - https:\/\/yoast.com\/product\/yoast-seo-wordpress\/ -->\n<title>La Guerra de Malvinas - Vamos por la Liberaci\u00f3n<\/title>\n<meta name=\"robots\" content=\"index, follow, max-snippet:-1, max-image-preview:large, max-video-preview:-1\" \/>\n<link rel=\"canonical\" href=\"https:\/\/vamosporlaliberacion.org\/crpmlm\/la-guerra-de-malvinas\/\" \/>\n<meta name=\"twitter:label1\" content=\"Escrito por\" \/>\n\t<meta name=\"twitter:data1\" content=\"\" \/>\n\t<meta name=\"twitter:label2\" content=\"Tiempo de lectura\" \/>\n\t<meta name=\"twitter:data2\" content=\"4 minutos\" \/>\n<script type=\"application\/ld+json\" class=\"yoast-schema-graph\">{\"@context\":\"https:\\\/\\\/schema.org\",\"@graph\":[{\"@type\":\"Article\",\"@id\":\"https:\\\/\\\/vamosporlaliberacion.org\\\/crpmlm\\\/la-guerra-de-malvinas\\\/#article\",\"isPartOf\":{\"@id\":\"https:\\\/\\\/vamosporlaliberacion.org\\\/crpmlm\\\/la-guerra-de-malvinas\\\/\"},\"author\":{\"name\":\"\",\"@id\":\"\"},\"headline\":\"La Guerra de Malvinas\",\"datePublished\":\"2016-03-31T05:02:41+00:00\",\"dateModified\":\"2020-10-28T15:31:23+00:00\",\"mainEntityOfPage\":{\"@id\":\"https:\\\/\\\/vamosporlaliberacion.org\\\/crpmlm\\\/la-guerra-de-malvinas\\\/\"},\"wordCount\":727,\"commentCount\":0,\"image\":{\"@id\":\"https:\\\/\\\/vamosporlaliberacion.org\\\/crpmlm\\\/la-guerra-de-malvinas\\\/#primaryimage\"},\"thumbnailUrl\":\"https:\\\/\\\/i0.wp.com\\\/vamosporlaliberacion.org\\\/crpmlm\\\/wp-content\\\/uploads\\\/2016\\\/03\\\/malv.jpg?fit=696%2C469&ssl=1\",\"keywords\":[\"destacado 2\",\"historia\",\"Malvinas Argentinas\",\"vxl 71\"],\"articleSection\":[\"Historia \\\/ Teor\u00eda\"],\"inLanguage\":\"es\",\"potentialAction\":[{\"@type\":\"CommentAction\",\"name\":\"Comment\",\"target\":[\"https:\\\/\\\/vamosporlaliberacion.org\\\/crpmlm\\\/la-guerra-de-malvinas\\\/#respond\"]}]},{\"@type\":\"WebPage\",\"@id\":\"https:\\\/\\\/vamosporlaliberacion.org\\\/crpmlm\\\/la-guerra-de-malvinas\\\/\",\"url\":\"https:\\\/\\\/vamosporlaliberacion.org\\\/crpmlm\\\/la-guerra-de-malvinas\\\/\",\"name\":\"La Guerra de Malvinas - Vamos por la Liberaci\u00f3n\",\"isPartOf\":{\"@id\":\"https:\\\/\\\/vamosporlaliberacion.org\\\/crpmlm\\\/#website\"},\"primaryImageOfPage\":{\"@id\":\"https:\\\/\\\/vamosporlaliberacion.org\\\/crpmlm\\\/la-guerra-de-malvinas\\\/#primaryimage\"},\"image\":{\"@id\":\"https:\\\/\\\/vamosporlaliberacion.org\\\/crpmlm\\\/la-guerra-de-malvinas\\\/#primaryimage\"},\"thumbnailUrl\":\"https:\\\/\\\/i0.wp.com\\\/vamosporlaliberacion.org\\\/crpmlm\\\/wp-content\\\/uploads\\\/2016\\\/03\\\/malv.jpg?fit=696%2C469&ssl=1\",\"datePublished\":\"2016-03-31T05:02:41+00:00\",\"dateModified\":\"2020-10-28T15:31:23+00:00\",\"author\":{\"@id\":\"\"},\"breadcrumb\":{\"@id\":\"https:\\\/\\\/vamosporlaliberacion.org\\\/crpmlm\\\/la-guerra-de-malvinas\\\/#breadcrumb\"},\"inLanguage\":\"es\",\"potentialAction\":[{\"@type\":\"ReadAction\",\"target\":[\"https:\\\/\\\/vamosporlaliberacion.org\\\/crpmlm\\\/la-guerra-de-malvinas\\\/\"]}]},{\"@type\":\"ImageObject\",\"inLanguage\":\"es\",\"@id\":\"https:\\\/\\\/vamosporlaliberacion.org\\\/crpmlm\\\/la-guerra-de-malvinas\\\/#primaryimage\",\"url\":\"https:\\\/\\\/i0.wp.com\\\/vamosporlaliberacion.org\\\/crpmlm\\\/wp-content\\\/uploads\\\/2016\\\/03\\\/malv.jpg?fit=696%2C469&ssl=1\",\"contentUrl\":\"https:\\\/\\\/i0.wp.com\\\/vamosporlaliberacion.org\\\/crpmlm\\\/wp-content\\\/uploads\\\/2016\\\/03\\\/malv.jpg?fit=696%2C469&ssl=1\",\"width\":696,\"height\":469},{\"@type\":\"BreadcrumbList\",\"@id\":\"https:\\\/\\\/vamosporlaliberacion.org\\\/crpmlm\\\/la-guerra-de-malvinas\\\/#breadcrumb\",\"itemListElement\":[{\"@type\":\"ListItem\",\"position\":1,\"name\":\"Portada\",\"item\":\"https:\\\/\\\/vamosporlaliberacion.org\\\/crpmlm\\\/\"},{\"@type\":\"ListItem\",\"position\":2,\"name\":\"La Guerra de Malvinas\"}]},{\"@type\":\"WebSite\",\"@id\":\"https:\\\/\\\/vamosporlaliberacion.org\\\/crpmlm\\\/#website\",\"url\":\"https:\\\/\\\/vamosporlaliberacion.org\\\/crpmlm\\\/\",\"name\":\"Vamos por la Liberaci\u00f3n\",\"description\":\"Prensa CR\",\"potentialAction\":[{\"@type\":\"SearchAction\",\"target\":{\"@type\":\"EntryPoint\",\"urlTemplate\":\"https:\\\/\\\/vamosporlaliberacion.org\\\/crpmlm\\\/?s={search_term_string}\"},\"query-input\":{\"@type\":\"PropertyValueSpecification\",\"valueRequired\":true,\"valueName\":\"search_term_string\"}}],\"inLanguage\":\"es\"},{\"@type\":\"Person\",\"@id\":\"\",\"url\":\"https:\\\/\\\/vamosporlaliberacion.org\\\/crpmlm\\\/author\\\/\"}]}<\/script>\n<!-- \/ Yoast SEO plugin. -->","yoast_head_json":{"title":"La Guerra de Malvinas - Vamos por la Liberaci\u00f3n","robots":{"index":"index","follow":"follow","max-snippet":"max-snippet:-1","max-image-preview":"max-image-preview:large","max-video-preview":"max-video-preview:-1"},"canonical":"https:\/\/vamosporlaliberacion.org\/crpmlm\/la-guerra-de-malvinas\/","twitter_misc":{"Escrito por":"","Tiempo de lectura":"4 minutos"},"schema":{"@context":"https:\/\/schema.org","@graph":[{"@type":"Article","@id":"https:\/\/vamosporlaliberacion.org\/crpmlm\/la-guerra-de-malvinas\/#article","isPartOf":{"@id":"https:\/\/vamosporlaliberacion.org\/crpmlm\/la-guerra-de-malvinas\/"},"author":{"name":"","@id":""},"headline":"La Guerra de Malvinas","datePublished":"2016-03-31T05:02:41+00:00","dateModified":"2020-10-28T15:31:23+00:00","mainEntityOfPage":{"@id":"https:\/\/vamosporlaliberacion.org\/crpmlm\/la-guerra-de-malvinas\/"},"wordCount":727,"commentCount":0,"image":{"@id":"https:\/\/vamosporlaliberacion.org\/crpmlm\/la-guerra-de-malvinas\/#primaryimage"},"thumbnailUrl":"https:\/\/i0.wp.com\/vamosporlaliberacion.org\/crpmlm\/wp-content\/uploads\/2016\/03\/malv.jpg?fit=696%2C469&ssl=1","keywords":["destacado 2","historia","Malvinas Argentinas","vxl 71"],"articleSection":["Historia \/ Teor\u00eda"],"inLanguage":"es","potentialAction":[{"@type":"CommentAction","name":"Comment","target":["https:\/\/vamosporlaliberacion.org\/crpmlm\/la-guerra-de-malvinas\/#respond"]}]},{"@type":"WebPage","@id":"https:\/\/vamosporlaliberacion.org\/crpmlm\/la-guerra-de-malvinas\/","url":"https:\/\/vamosporlaliberacion.org\/crpmlm\/la-guerra-de-malvinas\/","name":"La Guerra de Malvinas - Vamos por la Liberaci\u00f3n","isPartOf":{"@id":"https:\/\/vamosporlaliberacion.org\/crpmlm\/#website"},"primaryImageOfPage":{"@id":"https:\/\/vamosporlaliberacion.org\/crpmlm\/la-guerra-de-malvinas\/#primaryimage"},"image":{"@id":"https:\/\/vamosporlaliberacion.org\/crpmlm\/la-guerra-de-malvinas\/#primaryimage"},"thumbnailUrl":"https:\/\/i0.wp.com\/vamosporlaliberacion.org\/crpmlm\/wp-content\/uploads\/2016\/03\/malv.jpg?fit=696%2C469&ssl=1","datePublished":"2016-03-31T05:02:41+00:00","dateModified":"2020-10-28T15:31:23+00:00","author":{"@id":""},"breadcrumb":{"@id":"https:\/\/vamosporlaliberacion.org\/crpmlm\/la-guerra-de-malvinas\/#breadcrumb"},"inLanguage":"es","potentialAction":[{"@type":"ReadAction","target":["https:\/\/vamosporlaliberacion.org\/crpmlm\/la-guerra-de-malvinas\/"]}]},{"@type":"ImageObject","inLanguage":"es","@id":"https:\/\/vamosporlaliberacion.org\/crpmlm\/la-guerra-de-malvinas\/#primaryimage","url":"https:\/\/i0.wp.com\/vamosporlaliberacion.org\/crpmlm\/wp-content\/uploads\/2016\/03\/malv.jpg?fit=696%2C469&ssl=1","contentUrl":"https:\/\/i0.wp.com\/vamosporlaliberacion.org\/crpmlm\/wp-content\/uploads\/2016\/03\/malv.jpg?fit=696%2C469&ssl=1","width":696,"height":469},{"@type":"BreadcrumbList","@id":"https:\/\/vamosporlaliberacion.org\/crpmlm\/la-guerra-de-malvinas\/#breadcrumb","itemListElement":[{"@type":"ListItem","position":1,"name":"Portada","item":"https:\/\/vamosporlaliberacion.org\/crpmlm\/"},{"@type":"ListItem","position":2,"name":"La Guerra de Malvinas"}]},{"@type":"WebSite","@id":"https:\/\/vamosporlaliberacion.org\/crpmlm\/#website","url":"https:\/\/vamosporlaliberacion.org\/crpmlm\/","name":"Vamos por la Liberaci\u00f3n","description":"Prensa CR","potentialAction":[{"@type":"SearchAction","target":{"@type":"EntryPoint","urlTemplate":"https:\/\/vamosporlaliberacion.org\/crpmlm\/?s={search_term_string}"},"query-input":{"@type":"PropertyValueSpecification","valueRequired":true,"valueName":"search_term_string"}}],"inLanguage":"es"},{"@type":"Person","@id":"","url":"https:\/\/vamosporlaliberacion.org\/crpmlm\/author\/"}]}},"jetpack_featured_media_url":"https:\/\/i0.wp.com\/vamosporlaliberacion.org\/crpmlm\/wp-content\/uploads\/2016\/03\/malv.jpg?fit=696%2C469&ssl=1","jetpack_sharing_enabled":true,"_links":{"self":[{"href":"https:\/\/vamosporlaliberacion.org\/crpmlm\/wp-json\/wp\/v2\/posts\/5044","targetHints":{"allow":["GET"]}}],"collection":[{"href":"https:\/\/vamosporlaliberacion.org\/crpmlm\/wp-json\/wp\/v2\/posts"}],"about":[{"href":"https:\/\/vamosporlaliberacion.org\/crpmlm\/wp-json\/wp\/v2\/types\/post"}],"author":[{"embeddable":true,"href":"https:\/\/vamosporlaliberacion.org\/crpmlm\/wp-json\/wp\/v2\/users\/5"}],"replies":[{"embeddable":true,"href":"https:\/\/vamosporlaliberacion.org\/crpmlm\/wp-json\/wp\/v2\/comments?post=5044"}],"version-history":[{"count":1,"href":"https:\/\/vamosporlaliberacion.org\/crpmlm\/wp-json\/wp\/v2\/posts\/5044\/revisions"}],"predecessor-version":[{"id":21129,"href":"https:\/\/vamosporlaliberacion.org\/crpmlm\/wp-json\/wp\/v2\/posts\/5044\/revisions\/21129"}],"wp:featuredmedia":[{"embeddable":true,"href":"https:\/\/vamosporlaliberacion.org\/crpmlm\/wp-json\/wp\/v2\/media\/5045"}],"wp:attachment":[{"href":"https:\/\/vamosporlaliberacion.org\/crpmlm\/wp-json\/wp\/v2\/media?parent=5044"}],"wp:term":[{"taxonomy":"category","embeddable":true,"href":"https:\/\/vamosporlaliberacion.org\/crpmlm\/wp-json\/wp\/v2\/categories?post=5044"},{"taxonomy":"post_tag","embeddable":true,"href":"https:\/\/vamosporlaliberacion.org\/crpmlm\/wp-json\/wp\/v2\/tags?post=5044"}],"curies":[{"name":"wp","href":"https:\/\/api.w.org\/{rel}","templated":true}]}}