{"id":5038,"date":"2016-03-31T01:47:59","date_gmt":"2016-03-31T01:47:59","guid":{"rendered":"http:\/\/vamosporlaliberacion.org\/crpmlm\/?p=5038"},"modified":"2016-03-31T12:20:55","modified_gmt":"2016-03-31T12:20:55","slug":"venimos-a-hablar-con-el-intendente","status":"publish","type":"post","link":"https:\/\/vamosporlaliberacion.org\/crpmlm\/venimos-a-hablar-con-el-intendente\/","title":{"rendered":"\u201cVenimos a hablar con el intendente\u201d"},"content":{"rendered":"<p>Mucho ruido, mucho canto y emoci\u00f3n de los estudiantes que nos dimos cita en la puerta de la Municipalidad de Chascom\u00fas, reclamando nuestro derecho a estudiar, reclamando un espacio f\u00edsico real y no tener que estudiar amontonados, como vacas en un cami\u00f3n de hacienda.<\/p>\n<p>Ese d\u00eda de la maravillosa movilizaci\u00f3n, la \u201cpaz\u201d de Chascom\u00fas se vio alterada. Los se\u00f1ores que digitan el futuro de Chascom\u00fas primero estaban confundidos; y cuando se dieron cuenta que los reclamos y la lucha iban en serio, se molestaron y mucho. Algunos llamaron a la polic\u00eda y despu\u00e9s la frenaron. Concejales del mismo partido que el intendente Javier Gast\u00f3n \u2013del Frente Renovador\u2013 trataban de persuadirnos. Secretarias y secretarios promet\u00edan soluciones sin sustento.<\/p>\n<p>No pas\u00f3 mucho rato que cay\u00f3 la prensa, radios, diarios, noticiero de cable local, a los que explicamos que en el edificio ubicado en la calle Bah\u00eda Blanca y Chile van a estudiar los chicos de primaria y hasta ah\u00ed todo bien, porque las dimensiones de la escuela esta apta para ello. El problema es que en la misma escuela estudiamos tambi\u00e9n los secundarios: o sea 200 chicos m\u00e1s que su capacidad, que tenemos asignado un edificio de la vieja escuela n\u00famero 9, pero que todav\u00eda est\u00e1 en reparaciones. Y que el poder pol\u00edtico de Chascom\u00fas nos tiene a todos amontonados en una escuela, donde el m\u00e1s peque\u00f1o de los ni\u00f1os tiene 6 a\u00f1os y comparte la super poblaci\u00f3n de la escuela donde el m\u00e1s grande tiene 18 a\u00f1os, que los ba\u00f1os no alcanzan y que en esas condiciones se nos hace muy dif\u00edcil estudiar.<\/p>\n<p>Al preguntarnos qu\u00e9 pretend\u00edamos al venir a la puerta de la Municipalidad, respondimos: \u201cvenimos para hablar con el intendente y que se comprometa a ayudarnos\u201d. Lo que buscamos es que nuestro problema tuviera prensa para que los que duermen el proyecto de nuestra escuela secundaria se pongan a trabajar.<\/p>\n<p>Nos mandaron provocadores y los estudiantes y un pap\u00e1 que nos acompa\u00f1\u00f3 nos encargamos de sacarlos o de contestar la violencia verbal. Dos horas de ruido, canto, flamear la bandera argentina y mucho cuidarnos entre nosotros nos dio la cita con el intendente. Entramos cuatro estudiantes, un papa como adulto responsable y un integrante del Consejo Directivo de ATE, que para esa altura se uni\u00f3 a la lucha con nosotros.<\/p>\n<p>Los estudiantes fuimos y planteamos las cosas como cre\u00edamos que eran, directo al grano y sin ning\u00fan rodeo: \u201cTenemos derechos y ustedes se cagan en ellos. Usted se\u00f1or Gast\u00f3n ay\u00fadenos.\u201d El intendente se comprometi\u00f3 en hacer todo lo que estuviera a su alcance. Concluimos la reuni\u00f3n dici\u00e9ndole que hasta que no estemos sentados estudiando como corresponde en nuestro propio espacio, no dejaremos de hacer cosa para que todos sepan en las condiciones que estudiamos. Alteramos la \u201cpaz\u201d de Chascom\u00fas. Perd\u00f3n. Somos estudiantes con necesidad de estudiar y hasta hoy, no podemos hacerlo en condiciones dignas. Seguiremos luchando.<\/p>\n<p>Corresponsal<\/p>\n<!-- AddThis Advanced Settings generic via filter on the_content --><!-- AddThis Share Buttons generic via filter on the_content -->","protected":false},"excerpt":{"rendered":"<p>Mucho ruido, mucho canto y emoci\u00f3n de los estudiantes que nos dimos cita en la puerta de la Municipalidad de Chascom\u00fas, reclamando nuestro derecho a estudiar, reclamando un espacio f\u00edsico real y no tener que estudiar amontonados, como vacas en un cami\u00f3n de hacienda. Ese d\u00eda de la maravillosa movilizaci\u00f3n, la \u201cpaz\u201d de Chascom\u00fas se [&hellip;]<!-- AddThis Advanced Settings generic via filter on get_the_excerpt --><!-- AddThis Share Buttons generic via filter on get_the_excerpt --><\/p>\n","protected":false},"author":5,"featured_media":5040,"comment_status":"open","ping_status":"open","sticky":false,"template":"","format":"standard","meta":{"_jetpack_memberships_contains_paid_content":false,"footnotes":""},"categories":[1699],"tags":[395,53,232,587],"class_list":{"0":"post-5038","1":"post","2":"type-post","3":"status-publish","4":"format-standard","5":"has-post-thumbnail","7":"category-noticias","8":"tag-buenos-aires","9":"tag-chascomus","10":"tag-secundarios","11":"tag-vxl-71"},"yoast_head":"<!-- This site is optimized with the Yoast SEO plugin v27.4 - https:\/\/yoast.com\/product\/yoast-seo-wordpress\/ -->\n<title>\u201cVenimos a hablar con el intendente\u201d - Vamos por la Liberaci\u00f3n<\/title>\n<meta name=\"robots\" content=\"index, follow, max-snippet:-1, max-image-preview:large, max-video-preview:-1\" \/>\n<link rel=\"canonical\" href=\"http:\/\/vamosporlaliberacion.org\/crpmlm\/venimos-a-hablar-con-el-intendente\/\" \/>\n<meta name=\"twitter:label1\" content=\"Escrito por\" \/>\n\t<meta name=\"twitter:data1\" content=\"\" \/>\n\t<meta name=\"twitter:label2\" content=\"Tiempo de lectura\" \/>\n\t<meta name=\"twitter:data2\" content=\"3 minutos\" \/>\n<script type=\"application\/ld+json\" class=\"yoast-schema-graph\">{\"@context\":\"https:\\\/\\\/schema.org\",\"@graph\":[{\"@type\":\"Article\",\"@id\":\"http:\\\/\\\/vamosporlaliberacion.org\\\/crpmlm\\\/venimos-a-hablar-con-el-intendente\\\/#article\",\"isPartOf\":{\"@id\":\"http:\\\/\\\/vamosporlaliberacion.org\\\/crpmlm\\\/venimos-a-hablar-con-el-intendente\\\/\"},\"author\":{\"name\":\"\",\"@id\":\"\"},\"headline\":\"\u201cVenimos a hablar con el intendente\u201d\",\"datePublished\":\"2016-03-31T01:47:59+00:00\",\"dateModified\":\"2016-03-31T12:20:55+00:00\",\"mainEntityOfPage\":{\"@id\":\"http:\\\/\\\/vamosporlaliberacion.org\\\/crpmlm\\\/venimos-a-hablar-con-el-intendente\\\/\"},\"wordCount\":520,\"commentCount\":0,\"image\":{\"@id\":\"http:\\\/\\\/vamosporlaliberacion.org\\\/crpmlm\\\/venimos-a-hablar-con-el-intendente\\\/#primaryimage\"},\"thumbnailUrl\":\"https:\\\/\\\/i0.wp.com\\\/vamosporlaliberacion.org\\\/crpmlm\\\/wp-content\\\/uploads\\\/2016\\\/03\\\/chas.jpg?fit=696%2C469&ssl=1\",\"keywords\":[\"Buenos Aires\",\"Chascomus\",\"Secundarios\",\"vxl 71\"],\"articleSection\":[\"Noticias\"],\"inLanguage\":\"es\",\"potentialAction\":[{\"@type\":\"CommentAction\",\"name\":\"Comment\",\"target\":[\"http:\\\/\\\/vamosporlaliberacion.org\\\/crpmlm\\\/venimos-a-hablar-con-el-intendente\\\/#respond\"]}]},{\"@type\":\"WebPage\",\"@id\":\"http:\\\/\\\/vamosporlaliberacion.org\\\/crpmlm\\\/venimos-a-hablar-con-el-intendente\\\/\",\"url\":\"http:\\\/\\\/vamosporlaliberacion.org\\\/crpmlm\\\/venimos-a-hablar-con-el-intendente\\\/\",\"name\":\"\u201cVenimos a hablar con el intendente\u201d - Vamos por la Liberaci\u00f3n\",\"isPartOf\":{\"@id\":\"https:\\\/\\\/vamosporlaliberacion.org\\\/crpmlm\\\/#website\"},\"primaryImageOfPage\":{\"@id\":\"http:\\\/\\\/vamosporlaliberacion.org\\\/crpmlm\\\/venimos-a-hablar-con-el-intendente\\\/#primaryimage\"},\"image\":{\"@id\":\"http:\\\/\\\/vamosporlaliberacion.org\\\/crpmlm\\\/venimos-a-hablar-con-el-intendente\\\/#primaryimage\"},\"thumbnailUrl\":\"https:\\\/\\\/i0.wp.com\\\/vamosporlaliberacion.org\\\/crpmlm\\\/wp-content\\\/uploads\\\/2016\\\/03\\\/chas.jpg?fit=696%2C469&ssl=1\",\"datePublished\":\"2016-03-31T01:47:59+00:00\",\"dateModified\":\"2016-03-31T12:20:55+00:00\",\"author\":{\"@id\":\"\"},\"breadcrumb\":{\"@id\":\"http:\\\/\\\/vamosporlaliberacion.org\\\/crpmlm\\\/venimos-a-hablar-con-el-intendente\\\/#breadcrumb\"},\"inLanguage\":\"es\",\"potentialAction\":[{\"@type\":\"ReadAction\",\"target\":[\"http:\\\/\\\/vamosporlaliberacion.org\\\/crpmlm\\\/venimos-a-hablar-con-el-intendente\\\/\"]}]},{\"@type\":\"ImageObject\",\"inLanguage\":\"es\",\"@id\":\"http:\\\/\\\/vamosporlaliberacion.org\\\/crpmlm\\\/venimos-a-hablar-con-el-intendente\\\/#primaryimage\",\"url\":\"https:\\\/\\\/i0.wp.com\\\/vamosporlaliberacion.org\\\/crpmlm\\\/wp-content\\\/uploads\\\/2016\\\/03\\\/chas.jpg?fit=696%2C469&ssl=1\",\"contentUrl\":\"https:\\\/\\\/i0.wp.com\\\/vamosporlaliberacion.org\\\/crpmlm\\\/wp-content\\\/uploads\\\/2016\\\/03\\\/chas.jpg?fit=696%2C469&ssl=1\",\"width\":696,\"height\":469},{\"@type\":\"BreadcrumbList\",\"@id\":\"http:\\\/\\\/vamosporlaliberacion.org\\\/crpmlm\\\/venimos-a-hablar-con-el-intendente\\\/#breadcrumb\",\"itemListElement\":[{\"@type\":\"ListItem\",\"position\":1,\"name\":\"Portada\",\"item\":\"https:\\\/\\\/vamosporlaliberacion.org\\\/crpmlm\\\/\"},{\"@type\":\"ListItem\",\"position\":2,\"name\":\"\u201cVenimos a hablar con el intendente\u201d\"}]},{\"@type\":\"WebSite\",\"@id\":\"https:\\\/\\\/vamosporlaliberacion.org\\\/crpmlm\\\/#website\",\"url\":\"https:\\\/\\\/vamosporlaliberacion.org\\\/crpmlm\\\/\",\"name\":\"Vamos por la Liberaci\u00f3n\",\"description\":\"Prensa CR\",\"potentialAction\":[{\"@type\":\"SearchAction\",\"target\":{\"@type\":\"EntryPoint\",\"urlTemplate\":\"https:\\\/\\\/vamosporlaliberacion.org\\\/crpmlm\\\/?s={search_term_string}\"},\"query-input\":{\"@type\":\"PropertyValueSpecification\",\"valueRequired\":true,\"valueName\":\"search_term_string\"}}],\"inLanguage\":\"es\"},{\"@type\":\"Person\",\"@id\":\"\",\"url\":\"https:\\\/\\\/vamosporlaliberacion.org\\\/crpmlm\\\/author\\\/\"}]}<\/script>\n<!-- \/ Yoast SEO plugin. -->","yoast_head_json":{"title":"\u201cVenimos a hablar con el intendente\u201d - Vamos por la Liberaci\u00f3n","robots":{"index":"index","follow":"follow","max-snippet":"max-snippet:-1","max-image-preview":"max-image-preview:large","max-video-preview":"max-video-preview:-1"},"canonical":"http:\/\/vamosporlaliberacion.org\/crpmlm\/venimos-a-hablar-con-el-intendente\/","twitter_misc":{"Escrito por":"","Tiempo de lectura":"3 minutos"},"schema":{"@context":"https:\/\/schema.org","@graph":[{"@type":"Article","@id":"http:\/\/vamosporlaliberacion.org\/crpmlm\/venimos-a-hablar-con-el-intendente\/#article","isPartOf":{"@id":"http:\/\/vamosporlaliberacion.org\/crpmlm\/venimos-a-hablar-con-el-intendente\/"},"author":{"name":"","@id":""},"headline":"\u201cVenimos a hablar con el intendente\u201d","datePublished":"2016-03-31T01:47:59+00:00","dateModified":"2016-03-31T12:20:55+00:00","mainEntityOfPage":{"@id":"http:\/\/vamosporlaliberacion.org\/crpmlm\/venimos-a-hablar-con-el-intendente\/"},"wordCount":520,"commentCount":0,"image":{"@id":"http:\/\/vamosporlaliberacion.org\/crpmlm\/venimos-a-hablar-con-el-intendente\/#primaryimage"},"thumbnailUrl":"https:\/\/i0.wp.com\/vamosporlaliberacion.org\/crpmlm\/wp-content\/uploads\/2016\/03\/chas.jpg?fit=696%2C469&ssl=1","keywords":["Buenos Aires","Chascomus","Secundarios","vxl 71"],"articleSection":["Noticias"],"inLanguage":"es","potentialAction":[{"@type":"CommentAction","name":"Comment","target":["http:\/\/vamosporlaliberacion.org\/crpmlm\/venimos-a-hablar-con-el-intendente\/#respond"]}]},{"@type":"WebPage","@id":"http:\/\/vamosporlaliberacion.org\/crpmlm\/venimos-a-hablar-con-el-intendente\/","url":"http:\/\/vamosporlaliberacion.org\/crpmlm\/venimos-a-hablar-con-el-intendente\/","name":"\u201cVenimos a hablar con el intendente\u201d - Vamos por la Liberaci\u00f3n","isPartOf":{"@id":"https:\/\/vamosporlaliberacion.org\/crpmlm\/#website"},"primaryImageOfPage":{"@id":"http:\/\/vamosporlaliberacion.org\/crpmlm\/venimos-a-hablar-con-el-intendente\/#primaryimage"},"image":{"@id":"http:\/\/vamosporlaliberacion.org\/crpmlm\/venimos-a-hablar-con-el-intendente\/#primaryimage"},"thumbnailUrl":"https:\/\/i0.wp.com\/vamosporlaliberacion.org\/crpmlm\/wp-content\/uploads\/2016\/03\/chas.jpg?fit=696%2C469&ssl=1","datePublished":"2016-03-31T01:47:59+00:00","dateModified":"2016-03-31T12:20:55+00:00","author":{"@id":""},"breadcrumb":{"@id":"http:\/\/vamosporlaliberacion.org\/crpmlm\/venimos-a-hablar-con-el-intendente\/#breadcrumb"},"inLanguage":"es","potentialAction":[{"@type":"ReadAction","target":["http:\/\/vamosporlaliberacion.org\/crpmlm\/venimos-a-hablar-con-el-intendente\/"]}]},{"@type":"ImageObject","inLanguage":"es","@id":"http:\/\/vamosporlaliberacion.org\/crpmlm\/venimos-a-hablar-con-el-intendente\/#primaryimage","url":"https:\/\/i0.wp.com\/vamosporlaliberacion.org\/crpmlm\/wp-content\/uploads\/2016\/03\/chas.jpg?fit=696%2C469&ssl=1","contentUrl":"https:\/\/i0.wp.com\/vamosporlaliberacion.org\/crpmlm\/wp-content\/uploads\/2016\/03\/chas.jpg?fit=696%2C469&ssl=1","width":696,"height":469},{"@type":"BreadcrumbList","@id":"http:\/\/vamosporlaliberacion.org\/crpmlm\/venimos-a-hablar-con-el-intendente\/#breadcrumb","itemListElement":[{"@type":"ListItem","position":1,"name":"Portada","item":"https:\/\/vamosporlaliberacion.org\/crpmlm\/"},{"@type":"ListItem","position":2,"name":"\u201cVenimos a hablar con el intendente\u201d"}]},{"@type":"WebSite","@id":"https:\/\/vamosporlaliberacion.org\/crpmlm\/#website","url":"https:\/\/vamosporlaliberacion.org\/crpmlm\/","name":"Vamos por la Liberaci\u00f3n","description":"Prensa CR","potentialAction":[{"@type":"SearchAction","target":{"@type":"EntryPoint","urlTemplate":"https:\/\/vamosporlaliberacion.org\/crpmlm\/?s={search_term_string}"},"query-input":{"@type":"PropertyValueSpecification","valueRequired":true,"valueName":"search_term_string"}}],"inLanguage":"es"},{"@type":"Person","@id":"","url":"https:\/\/vamosporlaliberacion.org\/crpmlm\/author\/"}]}},"jetpack_featured_media_url":"https:\/\/i0.wp.com\/vamosporlaliberacion.org\/crpmlm\/wp-content\/uploads\/2016\/03\/chas.jpg?fit=696%2C469&ssl=1","jetpack_sharing_enabled":true,"_links":{"self":[{"href":"https:\/\/vamosporlaliberacion.org\/crpmlm\/wp-json\/wp\/v2\/posts\/5038","targetHints":{"allow":["GET"]}}],"collection":[{"href":"https:\/\/vamosporlaliberacion.org\/crpmlm\/wp-json\/wp\/v2\/posts"}],"about":[{"href":"https:\/\/vamosporlaliberacion.org\/crpmlm\/wp-json\/wp\/v2\/types\/post"}],"author":[{"embeddable":true,"href":"https:\/\/vamosporlaliberacion.org\/crpmlm\/wp-json\/wp\/v2\/users\/5"}],"replies":[{"embeddable":true,"href":"https:\/\/vamosporlaliberacion.org\/crpmlm\/wp-json\/wp\/v2\/comments?post=5038"}],"version-history":[{"count":0,"href":"https:\/\/vamosporlaliberacion.org\/crpmlm\/wp-json\/wp\/v2\/posts\/5038\/revisions"}],"wp:featuredmedia":[{"embeddable":true,"href":"https:\/\/vamosporlaliberacion.org\/crpmlm\/wp-json\/wp\/v2\/media\/5040"}],"wp:attachment":[{"href":"https:\/\/vamosporlaliberacion.org\/crpmlm\/wp-json\/wp\/v2\/media?parent=5038"}],"wp:term":[{"taxonomy":"category","embeddable":true,"href":"https:\/\/vamosporlaliberacion.org\/crpmlm\/wp-json\/wp\/v2\/categories?post=5038"},{"taxonomy":"post_tag","embeddable":true,"href":"https:\/\/vamosporlaliberacion.org\/crpmlm\/wp-json\/wp\/v2\/tags?post=5038"}],"curies":[{"name":"wp","href":"https:\/\/api.w.org\/{rel}","templated":true}]}}