{"id":4413,"date":"2016-02-15T20:59:00","date_gmt":"2016-02-15T20:59:00","guid":{"rendered":"http:\/\/vamosporlaliberacion.org\/crpmlm\/?p=4413"},"modified":"2016-03-01T21:15:14","modified_gmt":"2016-03-01T21:15:14","slug":"un-puntero-del-pro-baleo-a-un-militante-popular-en-la-matanza","status":"publish","type":"post","link":"https:\/\/vamosporlaliberacion.org\/crpmlm\/un-puntero-del-pro-baleo-a-un-militante-popular-en-la-matanza\/","title":{"rendered":"Un puntero del PRO bale\u00f3 a un militante popular en La Matanza"},"content":{"rendered":"<p>Los compa\u00f1eros de la Confluencia Movimiento Popular La Dignidad-Tupaj Katari-OPSA denunciaron el 12 de febrero en un comunicado que uno de sus integrantes, Dar\u00edo Juli\u00e1n Euguenio, fue v\u00edctima de un intento de homicidio durante una asamblea en Villa Celina, La Matanza. Un puntero del PRO ligado al Instituto de la Vivienda de la Ciudad (IVC) y que responde a los funcionarios Ivan Kerr y Emilio Basabilvaso, interrumpi\u00f3 la asamblea con gritos y amenazas exigiendo \u201cque se dejen de joder con las tierras del barrio Vicente L\u00f3pez y Planes\u201d y le dispar\u00f3 un tiro en el pecho a Dar\u00edo, que se encuentra en grave estado.<\/p>\n<p>Los vecinos del barrio hab\u00edan logrado frenar un negociado millonario de especulaci\u00f3n inmobiliaria sobre unos terrenos que hab\u00edan sido ilegalmente cedidos por el IVC a una sociedad de fomento. La red mafiosa y criminal compuesta por funcionarios y efectivos de la comisaria N\u00b011 de Villa Celina ya los ven\u00eda amenazando, dici\u00e9ndoles que \u201ccuando cambie el gobierno se las vamos a dar\u201d.<\/p>\n<p>Como denuncian los compa\u00f1eros, este no es un hecho aislado sino que se enmarca en un contexto m\u00e1s general de avanzada represiva, persecuci\u00f3n y criminalizaci\u00f3n de la protesta, y el accionar de estas bandas mafiosas es una amenaza para todo el campo popular. Exigimos justicia y castigo a todos los responsables.<\/p>\n<!-- AddThis Advanced Settings generic via filter on the_content --><!-- AddThis Share Buttons generic via filter on the_content -->","protected":false},"excerpt":{"rendered":"<p>Los compa\u00f1eros de la Confluencia Movimiento Popular La Dignidad-Tupaj Katari-OPSA denunciaron el 12 de febrero en un comunicado que uno de sus integrantes, Dar\u00edo Juli\u00e1n Euguenio, fue v\u00edctima de un intento de homicidio durante una asamblea en Villa Celina, La Matanza. Un puntero del PRO ligado al Instituto de la Vivienda de la Ciudad (IVC) [&hellip;]<!-- AddThis Advanced Settings generic via filter on get_the_excerpt --><!-- AddThis Share Buttons generic via filter on get_the_excerpt --><\/p>\n","protected":false},"author":6,"featured_media":0,"comment_status":"open","ping_status":"open","sticky":false,"template":"","format":"standard","meta":{"_jetpack_memberships_contains_paid_content":false,"footnotes":""},"categories":[1699],"tags":[525,497,518],"class_list":{"0":"post-4413","1":"post","2":"type-post","3":"status-publish","4":"format-standard","6":"category-noticias","7":"tag-la-matanza","8":"tag-pro","9":"tag-vxl-68"},"yoast_head":"<!-- This site is optimized with the Yoast SEO plugin v27.4 - https:\/\/yoast.com\/product\/yoast-seo-wordpress\/ -->\n<title>Un puntero del PRO bale\u00f3 a un militante popular en La Matanza - Vamos por la Liberaci\u00f3n<\/title>\n<meta name=\"robots\" content=\"index, follow, max-snippet:-1, max-image-preview:large, max-video-preview:-1\" \/>\n<link rel=\"canonical\" href=\"http:\/\/vamosporlaliberacion.org\/crpmlm\/un-puntero-del-pro-baleo-a-un-militante-popular-en-la-matanza\/\" \/>\n<meta name=\"twitter:label1\" content=\"Escrito por\" \/>\n\t<meta name=\"twitter:data1\" content=\"vamos!\" \/>\n\t<meta name=\"twitter:label2\" content=\"Tiempo de lectura\" \/>\n\t<meta name=\"twitter:data2\" content=\"1 minuto\" \/>\n<script type=\"application\/ld+json\" class=\"yoast-schema-graph\">{\"@context\":\"https:\\\/\\\/schema.org\",\"@graph\":[{\"@type\":\"Article\",\"@id\":\"http:\\\/\\\/vamosporlaliberacion.org\\\/crpmlm\\\/un-puntero-del-pro-baleo-a-un-militante-popular-en-la-matanza\\\/#article\",\"isPartOf\":{\"@id\":\"http:\\\/\\\/vamosporlaliberacion.org\\\/crpmlm\\\/un-puntero-del-pro-baleo-a-un-militante-popular-en-la-matanza\\\/\"},\"author\":{\"name\":\"vamos!\",\"@id\":\"https:\\\/\\\/vamosporlaliberacion.org\\\/crpmlm\\\/#\\\/schema\\\/person\\\/d6eac7758df3770dae9cd9eb104d615c\"},\"headline\":\"Un puntero del PRO bale\u00f3 a un militante popular en La Matanza\",\"datePublished\":\"2016-02-15T20:59:00+00:00\",\"dateModified\":\"2016-03-01T21:15:14+00:00\",\"mainEntityOfPage\":{\"@id\":\"http:\\\/\\\/vamosporlaliberacion.org\\\/crpmlm\\\/un-puntero-del-pro-baleo-a-un-militante-popular-en-la-matanza\\\/\"},\"wordCount\":242,\"commentCount\":0,\"keywords\":[\"La Matanza\",\"PRO\",\"vxl 68\"],\"articleSection\":[\"Noticias\"],\"inLanguage\":\"es\",\"potentialAction\":[{\"@type\":\"CommentAction\",\"name\":\"Comment\",\"target\":[\"http:\\\/\\\/vamosporlaliberacion.org\\\/crpmlm\\\/un-puntero-del-pro-baleo-a-un-militante-popular-en-la-matanza\\\/#respond\"]}]},{\"@type\":\"WebPage\",\"@id\":\"http:\\\/\\\/vamosporlaliberacion.org\\\/crpmlm\\\/un-puntero-del-pro-baleo-a-un-militante-popular-en-la-matanza\\\/\",\"url\":\"http:\\\/\\\/vamosporlaliberacion.org\\\/crpmlm\\\/un-puntero-del-pro-baleo-a-un-militante-popular-en-la-matanza\\\/\",\"name\":\"Un puntero del PRO bale\u00f3 a un militante popular en La Matanza - Vamos por la Liberaci\u00f3n\",\"isPartOf\":{\"@id\":\"https:\\\/\\\/vamosporlaliberacion.org\\\/crpmlm\\\/#website\"},\"datePublished\":\"2016-02-15T20:59:00+00:00\",\"dateModified\":\"2016-03-01T21:15:14+00:00\",\"author\":{\"@id\":\"https:\\\/\\\/vamosporlaliberacion.org\\\/crpmlm\\\/#\\\/schema\\\/person\\\/d6eac7758df3770dae9cd9eb104d615c\"},\"breadcrumb\":{\"@id\":\"http:\\\/\\\/vamosporlaliberacion.org\\\/crpmlm\\\/un-puntero-del-pro-baleo-a-un-militante-popular-en-la-matanza\\\/#breadcrumb\"},\"inLanguage\":\"es\",\"potentialAction\":[{\"@type\":\"ReadAction\",\"target\":[\"http:\\\/\\\/vamosporlaliberacion.org\\\/crpmlm\\\/un-puntero-del-pro-baleo-a-un-militante-popular-en-la-matanza\\\/\"]}]},{\"@type\":\"BreadcrumbList\",\"@id\":\"http:\\\/\\\/vamosporlaliberacion.org\\\/crpmlm\\\/un-puntero-del-pro-baleo-a-un-militante-popular-en-la-matanza\\\/#breadcrumb\",\"itemListElement\":[{\"@type\":\"ListItem\",\"position\":1,\"name\":\"Portada\",\"item\":\"https:\\\/\\\/vamosporlaliberacion.org\\\/crpmlm\\\/\"},{\"@type\":\"ListItem\",\"position\":2,\"name\":\"Un puntero del PRO bale\u00f3 a un militante popular en La Matanza\"}]},{\"@type\":\"WebSite\",\"@id\":\"https:\\\/\\\/vamosporlaliberacion.org\\\/crpmlm\\\/#website\",\"url\":\"https:\\\/\\\/vamosporlaliberacion.org\\\/crpmlm\\\/\",\"name\":\"Vamos por la Liberaci\u00f3n\",\"description\":\"Prensa CR\",\"potentialAction\":[{\"@type\":\"SearchAction\",\"target\":{\"@type\":\"EntryPoint\",\"urlTemplate\":\"https:\\\/\\\/vamosporlaliberacion.org\\\/crpmlm\\\/?s={search_term_string}\"},\"query-input\":{\"@type\":\"PropertyValueSpecification\",\"valueRequired\":true,\"valueName\":\"search_term_string\"}}],\"inLanguage\":\"es\"},{\"@type\":\"Person\",\"@id\":\"https:\\\/\\\/vamosporlaliberacion.org\\\/crpmlm\\\/#\\\/schema\\\/person\\\/d6eac7758df3770dae9cd9eb104d615c\",\"name\":\"vamos!\",\"url\":\"https:\\\/\\\/vamosporlaliberacion.org\\\/crpmlm\\\/author\\\/adminvxl\\\/\"}]}<\/script>\n<!-- \/ Yoast SEO plugin. -->","yoast_head_json":{"title":"Un puntero del PRO bale\u00f3 a un militante popular en La Matanza - Vamos por la Liberaci\u00f3n","robots":{"index":"index","follow":"follow","max-snippet":"max-snippet:-1","max-image-preview":"max-image-preview:large","max-video-preview":"max-video-preview:-1"},"canonical":"http:\/\/vamosporlaliberacion.org\/crpmlm\/un-puntero-del-pro-baleo-a-un-militante-popular-en-la-matanza\/","twitter_misc":{"Escrito por":"vamos!","Tiempo de lectura":"1 minuto"},"schema":{"@context":"https:\/\/schema.org","@graph":[{"@type":"Article","@id":"http:\/\/vamosporlaliberacion.org\/crpmlm\/un-puntero-del-pro-baleo-a-un-militante-popular-en-la-matanza\/#article","isPartOf":{"@id":"http:\/\/vamosporlaliberacion.org\/crpmlm\/un-puntero-del-pro-baleo-a-un-militante-popular-en-la-matanza\/"},"author":{"name":"vamos!","@id":"https:\/\/vamosporlaliberacion.org\/crpmlm\/#\/schema\/person\/d6eac7758df3770dae9cd9eb104d615c"},"headline":"Un puntero del PRO bale\u00f3 a un militante popular en La Matanza","datePublished":"2016-02-15T20:59:00+00:00","dateModified":"2016-03-01T21:15:14+00:00","mainEntityOfPage":{"@id":"http:\/\/vamosporlaliberacion.org\/crpmlm\/un-puntero-del-pro-baleo-a-un-militante-popular-en-la-matanza\/"},"wordCount":242,"commentCount":0,"keywords":["La Matanza","PRO","vxl 68"],"articleSection":["Noticias"],"inLanguage":"es","potentialAction":[{"@type":"CommentAction","name":"Comment","target":["http:\/\/vamosporlaliberacion.org\/crpmlm\/un-puntero-del-pro-baleo-a-un-militante-popular-en-la-matanza\/#respond"]}]},{"@type":"WebPage","@id":"http:\/\/vamosporlaliberacion.org\/crpmlm\/un-puntero-del-pro-baleo-a-un-militante-popular-en-la-matanza\/","url":"http:\/\/vamosporlaliberacion.org\/crpmlm\/un-puntero-del-pro-baleo-a-un-militante-popular-en-la-matanza\/","name":"Un puntero del PRO bale\u00f3 a un militante popular en La Matanza - Vamos por la Liberaci\u00f3n","isPartOf":{"@id":"https:\/\/vamosporlaliberacion.org\/crpmlm\/#website"},"datePublished":"2016-02-15T20:59:00+00:00","dateModified":"2016-03-01T21:15:14+00:00","author":{"@id":"https:\/\/vamosporlaliberacion.org\/crpmlm\/#\/schema\/person\/d6eac7758df3770dae9cd9eb104d615c"},"breadcrumb":{"@id":"http:\/\/vamosporlaliberacion.org\/crpmlm\/un-puntero-del-pro-baleo-a-un-militante-popular-en-la-matanza\/#breadcrumb"},"inLanguage":"es","potentialAction":[{"@type":"ReadAction","target":["http:\/\/vamosporlaliberacion.org\/crpmlm\/un-puntero-del-pro-baleo-a-un-militante-popular-en-la-matanza\/"]}]},{"@type":"BreadcrumbList","@id":"http:\/\/vamosporlaliberacion.org\/crpmlm\/un-puntero-del-pro-baleo-a-un-militante-popular-en-la-matanza\/#breadcrumb","itemListElement":[{"@type":"ListItem","position":1,"name":"Portada","item":"https:\/\/vamosporlaliberacion.org\/crpmlm\/"},{"@type":"ListItem","position":2,"name":"Un puntero del PRO bale\u00f3 a un militante popular en La Matanza"}]},{"@type":"WebSite","@id":"https:\/\/vamosporlaliberacion.org\/crpmlm\/#website","url":"https:\/\/vamosporlaliberacion.org\/crpmlm\/","name":"Vamos por la Liberaci\u00f3n","description":"Prensa CR","potentialAction":[{"@type":"SearchAction","target":{"@type":"EntryPoint","urlTemplate":"https:\/\/vamosporlaliberacion.org\/crpmlm\/?s={search_term_string}"},"query-input":{"@type":"PropertyValueSpecification","valueRequired":true,"valueName":"search_term_string"}}],"inLanguage":"es"},{"@type":"Person","@id":"https:\/\/vamosporlaliberacion.org\/crpmlm\/#\/schema\/person\/d6eac7758df3770dae9cd9eb104d615c","name":"vamos!","url":"https:\/\/vamosporlaliberacion.org\/crpmlm\/author\/adminvxl\/"}]}},"jetpack_featured_media_url":"","jetpack_sharing_enabled":true,"_links":{"self":[{"href":"https:\/\/vamosporlaliberacion.org\/crpmlm\/wp-json\/wp\/v2\/posts\/4413","targetHints":{"allow":["GET"]}}],"collection":[{"href":"https:\/\/vamosporlaliberacion.org\/crpmlm\/wp-json\/wp\/v2\/posts"}],"about":[{"href":"https:\/\/vamosporlaliberacion.org\/crpmlm\/wp-json\/wp\/v2\/types\/post"}],"author":[{"embeddable":true,"href":"https:\/\/vamosporlaliberacion.org\/crpmlm\/wp-json\/wp\/v2\/users\/6"}],"replies":[{"embeddable":true,"href":"https:\/\/vamosporlaliberacion.org\/crpmlm\/wp-json\/wp\/v2\/comments?post=4413"}],"version-history":[{"count":0,"href":"https:\/\/vamosporlaliberacion.org\/crpmlm\/wp-json\/wp\/v2\/posts\/4413\/revisions"}],"wp:attachment":[{"href":"https:\/\/vamosporlaliberacion.org\/crpmlm\/wp-json\/wp\/v2\/media?parent=4413"}],"wp:term":[{"taxonomy":"category","embeddable":true,"href":"https:\/\/vamosporlaliberacion.org\/crpmlm\/wp-json\/wp\/v2\/categories?post=4413"},{"taxonomy":"post_tag","embeddable":true,"href":"https:\/\/vamosporlaliberacion.org\/crpmlm\/wp-json\/wp\/v2\/tags?post=4413"}],"curies":[{"name":"wp","href":"https:\/\/api.w.org\/{rel}","templated":true}]}}