{"id":4360,"date":"2016-02-25T22:04:00","date_gmt":"2016-02-25T22:04:00","guid":{"rendered":"http:\/\/vamosporlaliberacion.org\/crpmlm\/?p=4360"},"modified":"2016-02-25T22:22:21","modified_gmt":"2016-02-25T22:22:21","slug":"ni-despidos-ni-tope-salarial","status":"publish","type":"post","link":"https:\/\/vamosporlaliberacion.org\/crpmlm\/ni-despidos-ni-tope-salarial\/","title":{"rendered":"Ni despidos ni tope salarial"},"content":{"rendered":"<p>Promediando la primera etapa del ajuste con miles de despidos en el Estado, la inflaci\u00f3n se evidencia en los precios de los productos de la canasta familiar, medicamentos y alquileres que suben sin parar. Empiezan a llegar las boletas de luz con los tarifazos, no solo en el conurbano sino tambi\u00e9n en el interior. En este marco el gobierno pretende ponerle un techo de 25% a los salarios. El 24 de febrero hay que salir a la calle junto con los estatales para frenar los despidos y exigir la reincorporaci\u00f3n y paritarias sin techo. El 5 de marzo vamos al Encuentro del sindicalismo combativo y democr\u00e1tico para enfrentar el ajuste.<\/p>\n<p><strong>La inflaci\u00f3n avanza<\/strong><br \/>\nEl director del INDEC, Jorge Todesca, admiti\u00f3 que \u201ces un dato importante\u201d la suba de la inflaci\u00f3n de enero, que super\u00f3 el 4% seg\u00fan una medici\u00f3n realizada por el Gobierno de la Ciudad de Buenos Aires, y confirm\u00f3 que \u201cel Gobierno est\u00e1 preocupado\u201d por esta tendencia de la econom\u00eda. Si a esto se le suma noviembre y diciembre, la inflaci\u00f3n de los \u00faltimos tres meses supera el 10%. \u00bfDe d\u00f3nde saca el gobierno un techo del 21% para el a\u00f1o como pretende imponerle a los docentes bonaerenses en la paritaria? Mientras, el salario b\u00e1sico de un docente en Santiago del Estero promedia los 2.700 pesos.<\/p>\n<p>Millones con los dientes apretados en el \u00e1rea metropolitana y el interior se aprestan a recibir el castigo de los aumentos en la luz mostrando el verso de que solo se aumenta a los que se subsidia. As\u00ed, con estos tarifazos, el macrismo le garantiza la tasa de ganancia a los monopolios de la energ\u00eda, mismos beneficios que garantizaba el kirchnerismo subsidiando a los mismos monopolios. Es justo exigir, entonces, la reducci\u00f3n de tarifas sobre la base de gravar a los monopolios para que reduzcan su tasa de ganancia multimillonaria, junto con auditorias e inversiones que no se hacen, en el camino de la estatizaci\u00f3n con control popular de esta \u00e1rea estrat\u00e9gica.<\/p>\n<p>\u201cAument\u00f3 todo\u201d es el com\u00fan denominador en la calle y los lugares de trabajo. El kilo de carne se dispar\u00f3 por arriba de los 100 pesos de promedio. Los alquileres aumentaron m\u00e1s de un 30%. Todos los alimentos de primera necesidad aumentaron entre un 20% y un 40%. Los trabajadores de ATE-INDEC siguen con el reclamo de estad\u00edsticas confiables y estiman una canasta b\u00e1sica muy lejos de la del INDEC: sin datos.<\/p>\n<p>As\u00ed, de manera brutal, se descarga una pol\u00edtica abiertamente pro monopolista y pro terrateniente contra el pueblo. A la eliminaci\u00f3n de las retenciones a la mayor\u00eda de los cereales en beneficio de los pooles de siembra y exportadores, ahora se suma la eliminaci\u00f3n de retenciones a las mineras. As\u00ed de un plumazo, mientras se le exige a los trabajadores \u201cesfuerzo y tiempo\u201d para que acepten los salarios a la baja.<\/p>\n<p><strong>M\u00e1s dependencia<\/strong><br \/>\nEl gobierno de Cambiemos (como el kirchnerismo) otorga 85.000 millones de pesos a los monopolios petroleros por la baja del petr\u00f3leo y, con la devaluaci\u00f3n y las tasas a 40%, garantiza ganancias fabulosas en corto per\u00edodo a los bancos.<\/p>\n<p>El megacanje por 16 mil millones de d\u00f3lares, el acuerdo del imperialismo chino en pasar los yuanes prestados a d\u00f3lares, el apoyo del FMI, el viaje a Davos junto con Massa y el acuerdo de una parte de los gobernadores peronistas con la propuesta del gobierno a los fondos buitre de 6.500 millones de d\u00f3lares (reconociendo el 100% del capital y el 60% de los intereses) muestra el consenso de lo principal de las clases dominantes y los estados imperialistas en el rumbo de la pol\u00edtica del gobierno.Dentro de este consenso disputan por la hegemon\u00eda.<\/p>\n<p>Ese consenso se da en el marco de una situaci\u00f3n internacional de fuerte recesi\u00f3n con ca\u00eddas de crecimiento en China y Europa \u2013que repercute en Latinoam\u00e9rica\u2013, con terremotos en los principales bancos y derrumbe de las bolsas europeas, asi\u00e1ticas y de EEUU, quienes se encargaron de afirmar que la crisis sigue vigente.<\/p>\n<p>En este marco, el macrismo ve una \u201coportunidad para atraer inversiones\u201d desplegando una bater\u00eda de medidas que profundizan el saqueo y la dependencia, desde la composici\u00f3n de su gabinete \u2013con representantes de CEO\u2019s de los monopolios y bancos imperialistas en nuestro pa\u00eds\u2013 y las pol\u00edticas econ\u00f3micas y sociales que les garantiza tasas de ganancias.<\/p>\n<p><strong>Acuerdos para el ajuste<\/strong><br \/>\nEn la reuni\u00f3n de Macri con las CGT\u2019s, el gastron\u00f3mico Luis Barrionuevo sostuvo que hay 200 mil \u00f1oquis y que hay que \u00a1echarlos a todos! No deber\u00eda sorprendernos la brutalidad de este gusano de las clases dominantes, pero dice lo que el gobierno piensa: elevar la tasa de desocupaci\u00f3n a varios millones m\u00e1s para someter al movimiento obrero, como lo vivimos con el menemismo y la alianza. El kirchnerismo lo practic\u00f3 en los \u00faltimos a\u00f1os cambiando despidos por salarios.<\/p>\n<p>En esa reuni\u00f3n con los principales jerarcas del movimiento obrero, se acord\u00f3 en los hechos la franja en la que forcejear\u00e1n, que no pasar\u00e1 del 28% o 29% de aumento salarial en su gran mayor\u00eda en la paritaria.<\/p>\n<p>En el terreno pol\u00edtico, la divisi\u00f3n del FpV le garantiz\u00f3 al gobierno el qu\u00f3rum y la primea minor\u00eda con los que llam\u00f3 a las sesiones extraordinarias para cubrir los cargos en la Corte Suprema (tambi\u00e9n negocia con el justicialismo la ampliaci\u00f3n) y el acuerdo con los fondos buitres.<\/p>\n<p>Esta fractura deja expuesto y lleva a un sinceramiento del FpV en el PJ, donde figuras como Florencio Randazzo se muestran con Macri y otros gobernadores saltan de vereda mientras se negocia los fondos por la Coparticipaci\u00f3n Federal. En la mayor\u00eda de las provincias los gobernadores llevan adelante el ajuste y los despidos. Mientras, el gobierno nacional aprob\u00f3 el endeudamiento de las provincias \u2013como ya lo hizo la Provincia de BuenosAires\u2013, abriendo una canal nefasto para el pa\u00eds ya que m\u00e1s temprano que tarde llevar\u00e1 a multiplicar el ajuste y la entrega a los acreedores.<\/p>\n<p><strong>La unidad para la lucha <\/strong><br \/>\nEl pr\u00f3ximo 24 de febrero ATE Nacional llevar\u00e1 adelante un paro general contra los despidos, aumento salarial y contra la represi\u00f3n. Este paro se arranc\u00f3 desde abajo con decenas de conflictos que siguieron por su cuenta luego de la jornada nacional del 29 de diciembre de 2015.<\/p>\n<p>Ser\u00e1 el anticipo a lo que vendr\u00e1 con los docentes. Es casi seguro el no inicio de las clases en el \u00e1mbito nacional y la mayor\u00eda de las provincias, ya que es inaceptable el 21% o 22% en tres o cuatro veces que ofrecen los gobiernos. Tambi\u00e9n estimular\u00e1 la lucha del movimiento obrero contra los despidos y hacia las futuras paritarias.<br \/>\nEn este marco concurriremos al Encuentro del sindicalismo combativo y democr\u00e1tico para debatir y fortalecer un polo que enfrente el ajuste. En ese camino y con el pueblo en las calles, transitaremos otro 8 de Marzo, D\u00eda Internacional de la Mujer Trabajadora, reclamando igual trabajo por igual salario y Ni una menos en el camino de terminar con la violencia contra la mujer.<\/p>\n<p>Pero sin dudas ser\u00e1 el 24 de Marzo, a 40 a\u00f1os del golpe de Estado fascista, en el que no solo denunciaremos la impunidad de ayer y de hoy, exigiendo memoria verdad y justicia, sino que denunciaremos una vez m\u00e1s la \u201cteor\u00eda de los dos demonios\u201d que nuevamente se agita desde el gobierno y medios de comunicaci\u00f3n. Estas teor\u00edas, nada nuevas, buscan profundizar la divisi\u00f3n de un pueblo entre variantes de las clases dominantes y sabemos por nuestra historia que cuando existieron estas divisiones entre los trabajadores y el pueblo pasaron hechos y momentos muy perjudiciales. As\u00ed se pudieron imponer los golpes de Estado y pol\u00edticas anti-populares.<\/p>\n<p>En la historia siempre hubo ejemplos de hero\u00edsmo en el pueblo, y en este a\u00f1o aniversario de los 200 a\u00f1os de nuestra Independencia y 40 a\u00f1os del golpe de Estado fascista, trabajaremos para la unidad del pueblo en la lucha por la verdadera historia enfrentando la dependencia al imperialismo y la impunidad de ayer y de hoy.<\/p>\n<p>Este 24 de Marzo estar\u00e1 te\u00f1ido por la escalada represiva del gobierno de Cambiemos con presos pol\u00edticos, condenados y encausados por luchar, pero tambi\u00e9n ser\u00e1 una jornada de lucha popular junto a los m\u00e1rtires del pueblo, nuestros 30 mil detenidos-desaparecidos que nos marcan como una estrella el rumbo hacia la liberaci\u00f3n nacional y social por la que dieron su vida.<\/p>\n<!-- AddThis Advanced Settings generic via filter on the_content --><!-- AddThis Share Buttons generic via filter on the_content -->","protected":false},"excerpt":{"rendered":"<p>Promediando la primera etapa del ajuste con miles de despidos en el Estado, la inflaci\u00f3n se evidencia en los precios de los productos de la canasta familiar, medicamentos y alquileres que suben sin parar. Empiezan a llegar las boletas de luz con los tarifazos, no solo en el conurbano sino tambi\u00e9n en el interior. En [&hellip;]<!-- AddThis Advanced Settings generic via filter on get_the_excerpt --><!-- AddThis Share Buttons generic via filter on get_the_excerpt --><\/p>\n","protected":false},"author":5,"featured_media":4361,"comment_status":"open","ping_status":"open","sticky":false,"template":"","format":"standard","meta":{"_jetpack_memberships_contains_paid_content":false,"footnotes":""},"categories":[1699],"tags":[519,517],"class_list":{"0":"post-4360","1":"post","2":"type-post","3":"status-publish","4":"format-standard","5":"has-post-thumbnail","7":"category-noticias","8":"tag-destacado","9":"tag-editorial-68"},"yoast_head":"<!-- This site is optimized with the Yoast SEO plugin v27.4 - https:\/\/yoast.com\/product\/yoast-seo-wordpress\/ -->\n<title>Ni despidos ni tope salarial - Vamos por la Liberaci\u00f3n<\/title>\n<meta name=\"robots\" content=\"index, follow, max-snippet:-1, max-image-preview:large, max-video-preview:-1\" \/>\n<link rel=\"canonical\" href=\"http:\/\/vamosporlaliberacion.org\/crpmlm\/ni-despidos-ni-tope-salarial\/\" \/>\n<meta name=\"twitter:label1\" content=\"Escrito por\" \/>\n\t<meta name=\"twitter:data1\" content=\"\" \/>\n\t<meta name=\"twitter:label2\" content=\"Tiempo de lectura\" \/>\n\t<meta name=\"twitter:data2\" content=\"7 minutos\" \/>\n<script type=\"application\/ld+json\" class=\"yoast-schema-graph\">{\"@context\":\"https:\\\/\\\/schema.org\",\"@graph\":[{\"@type\":\"Article\",\"@id\":\"http:\\\/\\\/vamosporlaliberacion.org\\\/crpmlm\\\/ni-despidos-ni-tope-salarial\\\/#article\",\"isPartOf\":{\"@id\":\"http:\\\/\\\/vamosporlaliberacion.org\\\/crpmlm\\\/ni-despidos-ni-tope-salarial\\\/\"},\"author\":{\"name\":\"\",\"@id\":\"\"},\"headline\":\"Ni despidos ni tope salarial\",\"datePublished\":\"2016-02-25T22:04:00+00:00\",\"dateModified\":\"2016-02-25T22:22:21+00:00\",\"mainEntityOfPage\":{\"@id\":\"http:\\\/\\\/vamosporlaliberacion.org\\\/crpmlm\\\/ni-despidos-ni-tope-salarial\\\/\"},\"wordCount\":1439,\"commentCount\":0,\"image\":{\"@id\":\"http:\\\/\\\/vamosporlaliberacion.org\\\/crpmlm\\\/ni-despidos-ni-tope-salarial\\\/#primaryimage\"},\"thumbnailUrl\":\"https:\\\/\\\/i0.wp.com\\\/vamosporlaliberacion.org\\\/crpmlm\\\/wp-content\\\/uploads\\\/2016\\\/02\\\/editorial.jpg?fit=696%2C469&ssl=1\",\"keywords\":[\"destacado\",\"editorial 68\"],\"articleSection\":[\"Noticias\"],\"inLanguage\":\"es\",\"potentialAction\":[{\"@type\":\"CommentAction\",\"name\":\"Comment\",\"target\":[\"http:\\\/\\\/vamosporlaliberacion.org\\\/crpmlm\\\/ni-despidos-ni-tope-salarial\\\/#respond\"]}]},{\"@type\":\"WebPage\",\"@id\":\"http:\\\/\\\/vamosporlaliberacion.org\\\/crpmlm\\\/ni-despidos-ni-tope-salarial\\\/\",\"url\":\"http:\\\/\\\/vamosporlaliberacion.org\\\/crpmlm\\\/ni-despidos-ni-tope-salarial\\\/\",\"name\":\"Ni despidos ni tope salarial - Vamos por la Liberaci\u00f3n\",\"isPartOf\":{\"@id\":\"https:\\\/\\\/vamosporlaliberacion.org\\\/crpmlm\\\/#website\"},\"primaryImageOfPage\":{\"@id\":\"http:\\\/\\\/vamosporlaliberacion.org\\\/crpmlm\\\/ni-despidos-ni-tope-salarial\\\/#primaryimage\"},\"image\":{\"@id\":\"http:\\\/\\\/vamosporlaliberacion.org\\\/crpmlm\\\/ni-despidos-ni-tope-salarial\\\/#primaryimage\"},\"thumbnailUrl\":\"https:\\\/\\\/i0.wp.com\\\/vamosporlaliberacion.org\\\/crpmlm\\\/wp-content\\\/uploads\\\/2016\\\/02\\\/editorial.jpg?fit=696%2C469&ssl=1\",\"datePublished\":\"2016-02-25T22:04:00+00:00\",\"dateModified\":\"2016-02-25T22:22:21+00:00\",\"author\":{\"@id\":\"\"},\"breadcrumb\":{\"@id\":\"http:\\\/\\\/vamosporlaliberacion.org\\\/crpmlm\\\/ni-despidos-ni-tope-salarial\\\/#breadcrumb\"},\"inLanguage\":\"es\",\"potentialAction\":[{\"@type\":\"ReadAction\",\"target\":[\"http:\\\/\\\/vamosporlaliberacion.org\\\/crpmlm\\\/ni-despidos-ni-tope-salarial\\\/\"]}]},{\"@type\":\"ImageObject\",\"inLanguage\":\"es\",\"@id\":\"http:\\\/\\\/vamosporlaliberacion.org\\\/crpmlm\\\/ni-despidos-ni-tope-salarial\\\/#primaryimage\",\"url\":\"https:\\\/\\\/i0.wp.com\\\/vamosporlaliberacion.org\\\/crpmlm\\\/wp-content\\\/uploads\\\/2016\\\/02\\\/editorial.jpg?fit=696%2C469&ssl=1\",\"contentUrl\":\"https:\\\/\\\/i0.wp.com\\\/vamosporlaliberacion.org\\\/crpmlm\\\/wp-content\\\/uploads\\\/2016\\\/02\\\/editorial.jpg?fit=696%2C469&ssl=1\",\"width\":696,\"height\":469,\"caption\":\"Movilizaci\u00f3n educativa contra el ajuste y la persecusi\u00f3n a los docentes y camioneros fueguinos (3\\\/12\\\/2015).\"},{\"@type\":\"BreadcrumbList\",\"@id\":\"http:\\\/\\\/vamosporlaliberacion.org\\\/crpmlm\\\/ni-despidos-ni-tope-salarial\\\/#breadcrumb\",\"itemListElement\":[{\"@type\":\"ListItem\",\"position\":1,\"name\":\"Portada\",\"item\":\"https:\\\/\\\/vamosporlaliberacion.org\\\/crpmlm\\\/\"},{\"@type\":\"ListItem\",\"position\":2,\"name\":\"Ni despidos ni tope salarial\"}]},{\"@type\":\"WebSite\",\"@id\":\"https:\\\/\\\/vamosporlaliberacion.org\\\/crpmlm\\\/#website\",\"url\":\"https:\\\/\\\/vamosporlaliberacion.org\\\/crpmlm\\\/\",\"name\":\"Vamos por la Liberaci\u00f3n\",\"description\":\"Prensa CR\",\"potentialAction\":[{\"@type\":\"SearchAction\",\"target\":{\"@type\":\"EntryPoint\",\"urlTemplate\":\"https:\\\/\\\/vamosporlaliberacion.org\\\/crpmlm\\\/?s={search_term_string}\"},\"query-input\":{\"@type\":\"PropertyValueSpecification\",\"valueRequired\":true,\"valueName\":\"search_term_string\"}}],\"inLanguage\":\"es\"},{\"@type\":\"Person\",\"@id\":\"\",\"url\":\"https:\\\/\\\/vamosporlaliberacion.org\\\/crpmlm\\\/author\\\/\"}]}<\/script>\n<!-- \/ Yoast SEO plugin. -->","yoast_head_json":{"title":"Ni despidos ni tope salarial - Vamos por la Liberaci\u00f3n","robots":{"index":"index","follow":"follow","max-snippet":"max-snippet:-1","max-image-preview":"max-image-preview:large","max-video-preview":"max-video-preview:-1"},"canonical":"http:\/\/vamosporlaliberacion.org\/crpmlm\/ni-despidos-ni-tope-salarial\/","twitter_misc":{"Escrito por":"","Tiempo de lectura":"7 minutos"},"schema":{"@context":"https:\/\/schema.org","@graph":[{"@type":"Article","@id":"http:\/\/vamosporlaliberacion.org\/crpmlm\/ni-despidos-ni-tope-salarial\/#article","isPartOf":{"@id":"http:\/\/vamosporlaliberacion.org\/crpmlm\/ni-despidos-ni-tope-salarial\/"},"author":{"name":"","@id":""},"headline":"Ni despidos ni tope salarial","datePublished":"2016-02-25T22:04:00+00:00","dateModified":"2016-02-25T22:22:21+00:00","mainEntityOfPage":{"@id":"http:\/\/vamosporlaliberacion.org\/crpmlm\/ni-despidos-ni-tope-salarial\/"},"wordCount":1439,"commentCount":0,"image":{"@id":"http:\/\/vamosporlaliberacion.org\/crpmlm\/ni-despidos-ni-tope-salarial\/#primaryimage"},"thumbnailUrl":"https:\/\/i0.wp.com\/vamosporlaliberacion.org\/crpmlm\/wp-content\/uploads\/2016\/02\/editorial.jpg?fit=696%2C469&ssl=1","keywords":["destacado","editorial 68"],"articleSection":["Noticias"],"inLanguage":"es","potentialAction":[{"@type":"CommentAction","name":"Comment","target":["http:\/\/vamosporlaliberacion.org\/crpmlm\/ni-despidos-ni-tope-salarial\/#respond"]}]},{"@type":"WebPage","@id":"http:\/\/vamosporlaliberacion.org\/crpmlm\/ni-despidos-ni-tope-salarial\/","url":"http:\/\/vamosporlaliberacion.org\/crpmlm\/ni-despidos-ni-tope-salarial\/","name":"Ni despidos ni tope salarial - Vamos por la Liberaci\u00f3n","isPartOf":{"@id":"https:\/\/vamosporlaliberacion.org\/crpmlm\/#website"},"primaryImageOfPage":{"@id":"http:\/\/vamosporlaliberacion.org\/crpmlm\/ni-despidos-ni-tope-salarial\/#primaryimage"},"image":{"@id":"http:\/\/vamosporlaliberacion.org\/crpmlm\/ni-despidos-ni-tope-salarial\/#primaryimage"},"thumbnailUrl":"https:\/\/i0.wp.com\/vamosporlaliberacion.org\/crpmlm\/wp-content\/uploads\/2016\/02\/editorial.jpg?fit=696%2C469&ssl=1","datePublished":"2016-02-25T22:04:00+00:00","dateModified":"2016-02-25T22:22:21+00:00","author":{"@id":""},"breadcrumb":{"@id":"http:\/\/vamosporlaliberacion.org\/crpmlm\/ni-despidos-ni-tope-salarial\/#breadcrumb"},"inLanguage":"es","potentialAction":[{"@type":"ReadAction","target":["http:\/\/vamosporlaliberacion.org\/crpmlm\/ni-despidos-ni-tope-salarial\/"]}]},{"@type":"ImageObject","inLanguage":"es","@id":"http:\/\/vamosporlaliberacion.org\/crpmlm\/ni-despidos-ni-tope-salarial\/#primaryimage","url":"https:\/\/i0.wp.com\/vamosporlaliberacion.org\/crpmlm\/wp-content\/uploads\/2016\/02\/editorial.jpg?fit=696%2C469&ssl=1","contentUrl":"https:\/\/i0.wp.com\/vamosporlaliberacion.org\/crpmlm\/wp-content\/uploads\/2016\/02\/editorial.jpg?fit=696%2C469&ssl=1","width":696,"height":469,"caption":"Movilizaci\u00f3n educativa contra el ajuste y la persecusi\u00f3n a los docentes y camioneros fueguinos (3\/12\/2015)."},{"@type":"BreadcrumbList","@id":"http:\/\/vamosporlaliberacion.org\/crpmlm\/ni-despidos-ni-tope-salarial\/#breadcrumb","itemListElement":[{"@type":"ListItem","position":1,"name":"Portada","item":"https:\/\/vamosporlaliberacion.org\/crpmlm\/"},{"@type":"ListItem","position":2,"name":"Ni despidos ni tope salarial"}]},{"@type":"WebSite","@id":"https:\/\/vamosporlaliberacion.org\/crpmlm\/#website","url":"https:\/\/vamosporlaliberacion.org\/crpmlm\/","name":"Vamos por la Liberaci\u00f3n","description":"Prensa CR","potentialAction":[{"@type":"SearchAction","target":{"@type":"EntryPoint","urlTemplate":"https:\/\/vamosporlaliberacion.org\/crpmlm\/?s={search_term_string}"},"query-input":{"@type":"PropertyValueSpecification","valueRequired":true,"valueName":"search_term_string"}}],"inLanguage":"es"},{"@type":"Person","@id":"","url":"https:\/\/vamosporlaliberacion.org\/crpmlm\/author\/"}]}},"jetpack_featured_media_url":"https:\/\/i0.wp.com\/vamosporlaliberacion.org\/crpmlm\/wp-content\/uploads\/2016\/02\/editorial.jpg?fit=696%2C469&ssl=1","jetpack_sharing_enabled":true,"_links":{"self":[{"href":"https:\/\/vamosporlaliberacion.org\/crpmlm\/wp-json\/wp\/v2\/posts\/4360","targetHints":{"allow":["GET"]}}],"collection":[{"href":"https:\/\/vamosporlaliberacion.org\/crpmlm\/wp-json\/wp\/v2\/posts"}],"about":[{"href":"https:\/\/vamosporlaliberacion.org\/crpmlm\/wp-json\/wp\/v2\/types\/post"}],"author":[{"embeddable":true,"href":"https:\/\/vamosporlaliberacion.org\/crpmlm\/wp-json\/wp\/v2\/users\/5"}],"replies":[{"embeddable":true,"href":"https:\/\/vamosporlaliberacion.org\/crpmlm\/wp-json\/wp\/v2\/comments?post=4360"}],"version-history":[{"count":0,"href":"https:\/\/vamosporlaliberacion.org\/crpmlm\/wp-json\/wp\/v2\/posts\/4360\/revisions"}],"wp:featuredmedia":[{"embeddable":true,"href":"https:\/\/vamosporlaliberacion.org\/crpmlm\/wp-json\/wp\/v2\/media\/4361"}],"wp:attachment":[{"href":"https:\/\/vamosporlaliberacion.org\/crpmlm\/wp-json\/wp\/v2\/media?parent=4360"}],"wp:term":[{"taxonomy":"category","embeddable":true,"href":"https:\/\/vamosporlaliberacion.org\/crpmlm\/wp-json\/wp\/v2\/categories?post=4360"},{"taxonomy":"post_tag","embeddable":true,"href":"https:\/\/vamosporlaliberacion.org\/crpmlm\/wp-json\/wp\/v2\/tags?post=4360"}],"curies":[{"name":"wp","href":"https:\/\/api.w.org\/{rel}","templated":true}]}}