{"id":4181,"date":"2015-12-16T15:27:46","date_gmt":"2015-12-16T15:27:46","guid":{"rendered":"http:\/\/vamosporlaliberacion.org\/crpmlm\/?p=4181"},"modified":"2016-02-18T15:37:40","modified_gmt":"2016-02-18T15:37:40","slug":"cambiemos-s-a","status":"publish","type":"post","link":"https:\/\/vamosporlaliberacion.org\/crpmlm\/cambiemos-s-a\/","title":{"rendered":"Cambiemos S.A."},"content":{"rendered":"<p>Sin dudas una de las flamantes funcionarios que se destaca en el nuevo gobierno es la ministra de Seguridad, Patricia Bullrich, que vuelve a cumplir funciones en un Ejecutivo nacional tras haber sido parte de la debacle de la Alianza. Sin embargo, lo m\u00e1s novedoso es la desfatach\u00e9s con que Macri admite defender los intereses de monopolios, bancos y terratenientes, poniendo a experimentados directivos en ministerios y secretar\u00edas. Parece que le pareci\u00f3 poco tener un directivo de un monopolio como Schlumberger en YPF. Para el postre: un defensor del \u201cFino\u201d Palacios en Derechos Humanos. \u00bfAlguien podr\u00e1 creerle a su discurso de \u201cunidad\u201d ante el reclamo de los trabajadores en paritarias u otros conflictos sociales?<\/p>\n<p>\u2022 Marcos Pe\u00f1a en Jefatura de Gabinete: De estrecha confianza de Macri, contar\u00e1 con la ayuda de Mario Quintana y Gustavo Lopetegui. Quintana renunci\u00f3 a la presidencia de Farmacity y al directorio de Pegasus para asumir en la Jefatura, holding que posee adem\u00e1s las firmas Freddo, Musimundo, las cafeter\u00edas Aroma, el Shopping Tortugas Open Mall y Core Security Technologies (esta \u00faltima tiene su casa matriz en Nueva York). Lopetegui, que debi\u00f3 renunciar como CEO de LAN, es licenciado en administraci\u00f3n de empresas y tiene un m\u00e1ster vinculado a los negocios en Espa\u00f1a.<br \/>\n\u2022 Susana Malcorra en Canciller\u00eda: Ex CEO de Telecom y ex directiva de IBM, actual jefa de Gabinete del secretario general de la OUN, Ban Ki-moon. Pas\u00f3 a la historia por haber despedidos 400 trabajadores en Telecom en los \u201890, pero que la lucha de Foetra logr\u00f3 reincorporarlos. \u201cObviamente el ALCA es una alternativa\u201d, puntualiz\u00f3.<br \/>\n\u2022 Alfonso Prat Gay en Hacienda: Fue presidente del Banco Central entre 2002 y 2004. Ex directivo de JP-Morgan y asesor econ\u00f3mico de Loma Negra. Tambi\u00e9n tiene en el gabinete tiene al ex Deutsche Bank Luis Caputo en la Secretar\u00eda de Finanzas y a Pedro Lacoste, tambi\u00e9n ex JP Morgan.<br \/>\n\u2022 Federico Sturzenegger en el Banco Central: Part\u00edcipe del Megacanje de deuda externa llevado adelante por la Alianza.<br \/>\n\u2022 Carlos Melconian en el Banco Naci\u00f3n: En 1986 ocup\u00f3 el cargo de Jefe del Departamento de Deuda Externa del Banco Central, desde donde firm\u00f3 el informe 480\/161 que ped\u00eda anular la investigaci\u00f3n de la deuda privada contra\u00edda en el exterior a principios de los ochenta. Entre las compa\u00f1\u00edas beneficiadas por esta medida se encontraban IBM, Esso, Renault, P\u00e9rez Companc, Bridas, y Sideco Americana S.A (de la familia Macri). Lleg\u00f3 a ser parte del equipo econ\u00f3mico de Menem.<br \/>\n\u2022 Juan Jos\u00e9 Aranguren en Energ\u00eda: Ex presidente de Shell, no deja dudas qu\u00e9 elije entre los intereses de la Naci\u00f3n o los monopolios petroleros. Mantendr\u00eda a Galuccio en YPF: ex directivo de Schlumberger, principal monopolio de servicios petroleros yanqui en el mundo asociado a Chevron. Una \u201cunidad\u201d de petroleras para saquear nuestros recursos hidrocarbur\u00edferos.<br \/>\n\u2022 Francisco Cabrera en Producci\u00f3n: Del Grupo SOCMA (Macri). Tambi\u00e9n trabaj\u00f3 en el \u00e1rea de marketing de Hewlett Packard e hizo carrera en el Grupo HSBC. Entre 2002 y 2007 fue director ejecutivo de diario La Naci\u00f3n y trabaj\u00f3 en diarios del interior como Los Andes y la Voz del Interior.<br \/>\n\u2022 Ricardo Buryaile en Agricultura: Ex vicepresidente de la CRA y uno de los cinco radicales en el gabinete.<br \/>\n\u2022 Guillermo Dietrich en Transporte: Licenciado en Econom\u00eda de la UCA. Dej\u00f3 el liderazgo de la empresa Dietrich, una de las principales minoristas automotrices de Argentina de comercializaci\u00f3n de autos y camionetas VW y Ford.<br \/>\n\u2022 Jorge Triaca en Trabajo: Hijo del ministro menemista Jorge Triaca.<br \/>\n\u2022 Lino Bara\u00f1ao en Ciencia y Tecnolog\u00eda: La continuidad (al menos inicial) de este ministro K muestra que a los monopolios y terratenientes no les viene tan mal las l\u00edneas y \u201cnichos\u201d de investigaci\u00f3n que se vienen impulsando desde este Ministerio y otros organismos de CyT.<br \/>\n\u2022 Jorge Lemus en Salud: Durante su \u201cgesti\u00f3n\u201d como Ministro de Salud de la CABA se opuso a los abortos no punibles. Un profesional en vaciar y privatizar la salud p\u00fablica.<br \/>\n\u2022 Isela Santamarina Aerol\u00ednea Argentinas: CEO de General Motors para Argentina, Uruguay y Paraguay y presidente de la c\u00e1mara empresaria de las automotrices (ADEFA).<br \/>\n\u2022 Carolina Stanley en Desarrollo Social: Hija del ex ejecutivo del Citibank en la d\u00e9cada del \u201890 Guillermo Stanley.<br \/>\n\u2022 Patricia Bullrich en Seguridad: Funcionaria multitarea de la Alianza durante los dos a\u00f1os de gobierno, quedando a cargo de los ministerios de Trabajo y luego de Seguridad Social. Recordada por el decreto que estableci\u00f3 la reducci\u00f3n del 13% a los estatales y jubilados.<br \/>\n\u2022 Claudio Avruj en Derechos Humanos: Un licenciado en direcci\u00f3n y organizaci\u00f3n institucional, fue durante toda una d\u00e9cada (1997-2007) director ejecutivo de Delegaci\u00f3n de Asociaciones Israelitas Argentinas (DAIA), hombre de confianza de Rub\u00e9n Beraja. Familiares de las v\u00edctimas de la AMIA acusaron a Avruj de ejercer una cerrada defensa del ex comisario Jorge \u201cEl Fino\u201d Palacios.<\/p>\n<!-- AddThis Advanced Settings generic via filter on the_content --><!-- AddThis Share Buttons generic via filter on the_content -->","protected":false},"excerpt":{"rendered":"<p>Sin dudas una de las flamantes funcionarios que se destaca en el nuevo gobierno es la ministra de Seguridad, Patricia Bullrich, que vuelve a cumplir funciones en un Ejecutivo nacional tras haber sido parte de la debacle de la Alianza. Sin embargo, lo m\u00e1s novedoso es la desfatach\u00e9s con que Macri admite defender los intereses [&hellip;]<!-- AddThis Advanced Settings generic via filter on get_the_excerpt --><!-- AddThis Share Buttons generic via filter on get_the_excerpt --><\/p>\n","protected":false},"author":6,"featured_media":0,"comment_status":"open","ping_status":"open","sticky":false,"template":"","format":"standard","meta":{"_jetpack_memberships_contains_paid_content":false,"footnotes":""},"categories":[1699],"tags":[496,497,492],"class_list":{"0":"post-4181","1":"post","2":"type-post","3":"status-publish","4":"format-standard","6":"category-noticias","7":"tag-gabinete","8":"tag-pro","9":"tag-vxl-66"},"yoast_head":"<!-- This site is optimized with the Yoast SEO plugin v27.4 - https:\/\/yoast.com\/product\/yoast-seo-wordpress\/ -->\n<title>Cambiemos S.A. - Vamos por la Liberaci\u00f3n<\/title>\n<meta name=\"robots\" content=\"index, follow, max-snippet:-1, max-image-preview:large, max-video-preview:-1\" \/>\n<link rel=\"canonical\" href=\"http:\/\/vamosporlaliberacion.org\/crpmlm\/cambiemos-s-a\/\" \/>\n<meta name=\"twitter:label1\" content=\"Escrito por\" \/>\n\t<meta name=\"twitter:data1\" content=\"vamos!\" \/>\n\t<meta name=\"twitter:label2\" content=\"Tiempo de lectura\" \/>\n\t<meta name=\"twitter:data2\" content=\"4 minutos\" \/>\n<script type=\"application\/ld+json\" class=\"yoast-schema-graph\">{\"@context\":\"https:\\\/\\\/schema.org\",\"@graph\":[{\"@type\":\"Article\",\"@id\":\"http:\\\/\\\/vamosporlaliberacion.org\\\/crpmlm\\\/cambiemos-s-a\\\/#article\",\"isPartOf\":{\"@id\":\"http:\\\/\\\/vamosporlaliberacion.org\\\/crpmlm\\\/cambiemos-s-a\\\/\"},\"author\":{\"name\":\"vamos!\",\"@id\":\"https:\\\/\\\/vamosporlaliberacion.org\\\/crpmlm\\\/#\\\/schema\\\/person\\\/d6eac7758df3770dae9cd9eb104d615c\"},\"headline\":\"Cambiemos S.A.\",\"datePublished\":\"2015-12-16T15:27:46+00:00\",\"dateModified\":\"2016-02-18T15:37:40+00:00\",\"mainEntityOfPage\":{\"@id\":\"http:\\\/\\\/vamosporlaliberacion.org\\\/crpmlm\\\/cambiemos-s-a\\\/\"},\"wordCount\":824,\"commentCount\":0,\"keywords\":[\"gabinete\",\"PRO\",\"vxl 66\"],\"articleSection\":[\"Noticias\"],\"inLanguage\":\"es\",\"potentialAction\":[{\"@type\":\"CommentAction\",\"name\":\"Comment\",\"target\":[\"http:\\\/\\\/vamosporlaliberacion.org\\\/crpmlm\\\/cambiemos-s-a\\\/#respond\"]}]},{\"@type\":\"WebPage\",\"@id\":\"http:\\\/\\\/vamosporlaliberacion.org\\\/crpmlm\\\/cambiemos-s-a\\\/\",\"url\":\"http:\\\/\\\/vamosporlaliberacion.org\\\/crpmlm\\\/cambiemos-s-a\\\/\",\"name\":\"Cambiemos S.A. - Vamos por la Liberaci\u00f3n\",\"isPartOf\":{\"@id\":\"https:\\\/\\\/vamosporlaliberacion.org\\\/crpmlm\\\/#website\"},\"datePublished\":\"2015-12-16T15:27:46+00:00\",\"dateModified\":\"2016-02-18T15:37:40+00:00\",\"author\":{\"@id\":\"https:\\\/\\\/vamosporlaliberacion.org\\\/crpmlm\\\/#\\\/schema\\\/person\\\/d6eac7758df3770dae9cd9eb104d615c\"},\"breadcrumb\":{\"@id\":\"http:\\\/\\\/vamosporlaliberacion.org\\\/crpmlm\\\/cambiemos-s-a\\\/#breadcrumb\"},\"inLanguage\":\"es\",\"potentialAction\":[{\"@type\":\"ReadAction\",\"target\":[\"http:\\\/\\\/vamosporlaliberacion.org\\\/crpmlm\\\/cambiemos-s-a\\\/\"]}]},{\"@type\":\"BreadcrumbList\",\"@id\":\"http:\\\/\\\/vamosporlaliberacion.org\\\/crpmlm\\\/cambiemos-s-a\\\/#breadcrumb\",\"itemListElement\":[{\"@type\":\"ListItem\",\"position\":1,\"name\":\"Portada\",\"item\":\"https:\\\/\\\/vamosporlaliberacion.org\\\/crpmlm\\\/\"},{\"@type\":\"ListItem\",\"position\":2,\"name\":\"Cambiemos S.A.\"}]},{\"@type\":\"WebSite\",\"@id\":\"https:\\\/\\\/vamosporlaliberacion.org\\\/crpmlm\\\/#website\",\"url\":\"https:\\\/\\\/vamosporlaliberacion.org\\\/crpmlm\\\/\",\"name\":\"Vamos por la Liberaci\u00f3n\",\"description\":\"Prensa CR\",\"potentialAction\":[{\"@type\":\"SearchAction\",\"target\":{\"@type\":\"EntryPoint\",\"urlTemplate\":\"https:\\\/\\\/vamosporlaliberacion.org\\\/crpmlm\\\/?s={search_term_string}\"},\"query-input\":{\"@type\":\"PropertyValueSpecification\",\"valueRequired\":true,\"valueName\":\"search_term_string\"}}],\"inLanguage\":\"es\"},{\"@type\":\"Person\",\"@id\":\"https:\\\/\\\/vamosporlaliberacion.org\\\/crpmlm\\\/#\\\/schema\\\/person\\\/d6eac7758df3770dae9cd9eb104d615c\",\"name\":\"vamos!\",\"url\":\"https:\\\/\\\/vamosporlaliberacion.org\\\/crpmlm\\\/author\\\/adminvxl\\\/\"}]}<\/script>\n<!-- \/ Yoast SEO plugin. -->","yoast_head_json":{"title":"Cambiemos S.A. - Vamos por la Liberaci\u00f3n","robots":{"index":"index","follow":"follow","max-snippet":"max-snippet:-1","max-image-preview":"max-image-preview:large","max-video-preview":"max-video-preview:-1"},"canonical":"http:\/\/vamosporlaliberacion.org\/crpmlm\/cambiemos-s-a\/","twitter_misc":{"Escrito por":"vamos!","Tiempo de lectura":"4 minutos"},"schema":{"@context":"https:\/\/schema.org","@graph":[{"@type":"Article","@id":"http:\/\/vamosporlaliberacion.org\/crpmlm\/cambiemos-s-a\/#article","isPartOf":{"@id":"http:\/\/vamosporlaliberacion.org\/crpmlm\/cambiemos-s-a\/"},"author":{"name":"vamos!","@id":"https:\/\/vamosporlaliberacion.org\/crpmlm\/#\/schema\/person\/d6eac7758df3770dae9cd9eb104d615c"},"headline":"Cambiemos S.A.","datePublished":"2015-12-16T15:27:46+00:00","dateModified":"2016-02-18T15:37:40+00:00","mainEntityOfPage":{"@id":"http:\/\/vamosporlaliberacion.org\/crpmlm\/cambiemos-s-a\/"},"wordCount":824,"commentCount":0,"keywords":["gabinete","PRO","vxl 66"],"articleSection":["Noticias"],"inLanguage":"es","potentialAction":[{"@type":"CommentAction","name":"Comment","target":["http:\/\/vamosporlaliberacion.org\/crpmlm\/cambiemos-s-a\/#respond"]}]},{"@type":"WebPage","@id":"http:\/\/vamosporlaliberacion.org\/crpmlm\/cambiemos-s-a\/","url":"http:\/\/vamosporlaliberacion.org\/crpmlm\/cambiemos-s-a\/","name":"Cambiemos S.A. - Vamos por la Liberaci\u00f3n","isPartOf":{"@id":"https:\/\/vamosporlaliberacion.org\/crpmlm\/#website"},"datePublished":"2015-12-16T15:27:46+00:00","dateModified":"2016-02-18T15:37:40+00:00","author":{"@id":"https:\/\/vamosporlaliberacion.org\/crpmlm\/#\/schema\/person\/d6eac7758df3770dae9cd9eb104d615c"},"breadcrumb":{"@id":"http:\/\/vamosporlaliberacion.org\/crpmlm\/cambiemos-s-a\/#breadcrumb"},"inLanguage":"es","potentialAction":[{"@type":"ReadAction","target":["http:\/\/vamosporlaliberacion.org\/crpmlm\/cambiemos-s-a\/"]}]},{"@type":"BreadcrumbList","@id":"http:\/\/vamosporlaliberacion.org\/crpmlm\/cambiemos-s-a\/#breadcrumb","itemListElement":[{"@type":"ListItem","position":1,"name":"Portada","item":"https:\/\/vamosporlaliberacion.org\/crpmlm\/"},{"@type":"ListItem","position":2,"name":"Cambiemos S.A."}]},{"@type":"WebSite","@id":"https:\/\/vamosporlaliberacion.org\/crpmlm\/#website","url":"https:\/\/vamosporlaliberacion.org\/crpmlm\/","name":"Vamos por la Liberaci\u00f3n","description":"Prensa CR","potentialAction":[{"@type":"SearchAction","target":{"@type":"EntryPoint","urlTemplate":"https:\/\/vamosporlaliberacion.org\/crpmlm\/?s={search_term_string}"},"query-input":{"@type":"PropertyValueSpecification","valueRequired":true,"valueName":"search_term_string"}}],"inLanguage":"es"},{"@type":"Person","@id":"https:\/\/vamosporlaliberacion.org\/crpmlm\/#\/schema\/person\/d6eac7758df3770dae9cd9eb104d615c","name":"vamos!","url":"https:\/\/vamosporlaliberacion.org\/crpmlm\/author\/adminvxl\/"}]}},"jetpack_featured_media_url":"","jetpack_sharing_enabled":true,"_links":{"self":[{"href":"https:\/\/vamosporlaliberacion.org\/crpmlm\/wp-json\/wp\/v2\/posts\/4181","targetHints":{"allow":["GET"]}}],"collection":[{"href":"https:\/\/vamosporlaliberacion.org\/crpmlm\/wp-json\/wp\/v2\/posts"}],"about":[{"href":"https:\/\/vamosporlaliberacion.org\/crpmlm\/wp-json\/wp\/v2\/types\/post"}],"author":[{"embeddable":true,"href":"https:\/\/vamosporlaliberacion.org\/crpmlm\/wp-json\/wp\/v2\/users\/6"}],"replies":[{"embeddable":true,"href":"https:\/\/vamosporlaliberacion.org\/crpmlm\/wp-json\/wp\/v2\/comments?post=4181"}],"version-history":[{"count":0,"href":"https:\/\/vamosporlaliberacion.org\/crpmlm\/wp-json\/wp\/v2\/posts\/4181\/revisions"}],"wp:attachment":[{"href":"https:\/\/vamosporlaliberacion.org\/crpmlm\/wp-json\/wp\/v2\/media?parent=4181"}],"wp:term":[{"taxonomy":"category","embeddable":true,"href":"https:\/\/vamosporlaliberacion.org\/crpmlm\/wp-json\/wp\/v2\/categories?post=4181"},{"taxonomy":"post_tag","embeddable":true,"href":"https:\/\/vamosporlaliberacion.org\/crpmlm\/wp-json\/wp\/v2\/tags?post=4181"}],"curies":[{"name":"wp","href":"https:\/\/api.w.org\/{rel}","templated":true}]}}