{"id":3950,"date":"2015-11-11T15:25:35","date_gmt":"2015-11-11T15:25:35","guid":{"rendered":"http:\/\/vamosporlaliberacion.org\/crpmlm\/?p=3950"},"modified":"2016-02-03T15:59:07","modified_gmt":"2016-02-03T15:59:07","slug":"vamos-por-la-liberacion-n-64","status":"publish","type":"post","link":"https:\/\/vamosporlaliberacion.org\/crpmlm\/vamos-por-la-liberacion-n-64\/","title":{"rendered":"Vamos por la Liberaci\u00f3n! N\u00b0 64"},"content":{"rendered":"<div id=\"tdi_1_f81\" class=\"tdc-row\"><div class=\"vc_row tdi_2_1d9  wpb_row td-pb-row\" >\n<style scoped>\n\n\/* custom css *\/\n.tdi_2_1d9,\n                .tdi_2_1d9 .tdc-columns{\n                    min-height: 0;\n                }.tdi_2_1d9,\n\t\t\t\t.tdi_2_1d9 .tdc-columns{\n\t\t\t\t    display: block;\n\t\t\t\t}.tdi_2_1d9 .tdc-columns{\n\t\t\t\t    width: 100%;\n\t\t\t\t}\n<\/style><div class=\"vc_column tdi_4_f61  wpb_column vc_column_container tdc-column td-pb-span4\">\n<style scoped>\n\n\/* custom css *\/\n.tdi_4_f61{\n                    vertical-align: baseline;\n                }.tdi_4_f61 > .wpb_wrapper,\n\t\t\t\t.tdi_4_f61 > .wpb_wrapper > .tdc-elements{\n\t\t\t\t    display: block;\n\t\t\t\t}.tdi_4_f61 > .wpb_wrapper > .tdc-elements{\n\t\t\t\t    width: 100%;\n\t\t\t\t}.tdi_4_f61 > .wpb_wrapper{\n\t\t\t\t    width: auto;\n\t\t\t\t    height: auto;\n\t\t\t\t}\n<\/style><div class=\"wpb_wrapper\"><div class=\"vc_row_inner tdi_6_ba6  vc_row vc_inner wpb_row td-pb-row\" >\n<style scoped>\n\n\/* custom css *\/\n.tdi_6_ba6{\n                    position: relative !important;\n                    top: 0;\n                    transform: none;\n                    -webkit-transform: none;\n                }.tdi_6_ba6,\n\t\t\t\t.tdi_6_ba6 .tdc-inner-columns{\n\t\t\t\t    display: block;\n\t\t\t\t}.tdi_6_ba6 .tdc-inner-columns{\n\t\t\t\t    width: 100%;\n\t\t\t\t}\n<\/style><div class=\"vc_column_inner vc_custom_1447190027175 tdi_8_9ba  wpb_column vc_column_container tdc-inner-column td-pb-span12\">\n<style scoped>\n\n\/* tdc_composer_block - inline css att *\/\n.vc_custom_1447190027175{background-color: #ebebeb !important;}\n\/* custom css *\/\n.tdi_8_9ba{\n                    vertical-align: baseline;\n                }.tdi_8_9ba .vc_column-inner > .wpb_wrapper,\n\t\t\t\t.tdi_8_9ba .vc_column-inner > .wpb_wrapper .tdc-elements{\n\t\t\t\t    display: block;\n\t\t\t\t}.tdi_8_9ba .vc_column-inner > .wpb_wrapper .tdc-elements{\n\t\t\t\t    width: 100%;\n\t\t\t\t}\n<\/style><div class=\"vc_column-inner\"><div class=\"wpb_wrapper\"><div class=\"wpb_wrapper td_block_empty_space td_block_wrap vc_empty_space tdi_10_f3a \"  style=\"height: 20px\"><\/div><div class=\"wpb_wrapper td_block_single_image td_block_wrap  td-no-img-custom-url td_block_wrap vc_single_image tdi_11_4e9  td-single-image- td-pb-border-top td_block_template_1 \"  data-td-block-uid=\"tdi_11_4e9\"><a \n\t\t\tclass=\"td_single_image_bg\" \n\t\t\tstyle=\"background-image: url('https:\/\/vamosporlaliberacion.org\/crpmlm\/wp-content\/uploads\/2015\/11\/vxl64.jpg'); background-size: cover; background-repeat: no-repeat; background-position: center center;\" \n\t\t\thref=\"#\"  \n\t\t\trel=\"bookmark\"><\/a>\n<style>\n\/* custom css *\/\n.tdi_11_4e9 .td_single_image_bg{\n\t\t\t\t\theight: 400px;\n\t\t\t\t\tpadding-bottom: 0;\n\t\t\t\t}.tdi_11_4e9:hover .td_single_image_bg:before{\n                    opacity: 0;\n                }\n<\/style><\/div><\/div><\/div><\/div><\/div><div class=\"vc_row_inner tdi_13_699  vc_row vc_inner wpb_row td-pb-row\" >\n<style scoped>\n\n\/* custom css *\/\n.tdi_13_699{\n                    position: relative !important;\n                    top: 0;\n                    transform: none;\n                    -webkit-transform: none;\n                }.tdi_13_699,\n\t\t\t\t.tdi_13_699 .tdc-inner-columns{\n\t\t\t\t    display: block;\n\t\t\t\t}.tdi_13_699 .tdc-inner-columns{\n\t\t\t\t    width: 100%;\n\t\t\t\t}\n<\/style><div class=\"vc_column_inner vc_custom_1447190038887 tdi_15_9a9  wpb_column vc_column_container tdc-inner-column td-pb-span12\">\n<style scoped>\n\n\/* tdc_composer_block - inline css att *\/\n.vc_custom_1447190038887{background-color: #ebebeb !important;}\n\/* custom css *\/\n.tdi_15_9a9{\n                    vertical-align: baseline;\n                }.tdi_15_9a9 .vc_column-inner > .wpb_wrapper,\n\t\t\t\t.tdi_15_9a9 .vc_column-inner > .wpb_wrapper .tdc-elements{\n\t\t\t\t    display: block;\n\t\t\t\t}.tdi_15_9a9 .vc_column-inner > .wpb_wrapper .tdc-elements{\n\t\t\t\t    width: 100%;\n\t\t\t\t}\n<\/style><div class=\"vc_column-inner\"><div class=\"wpb_wrapper\">[vc_btn title=\u00bbDescargar PDF\u00bb style=\u00bbflat\u00bb shape=\u00bbsquare\u00bb size=\u00bblg\u00bb i_icon_fontawesome=\u00bbfa fa-newspaper-o\u00bb link=\u00bburl:https%3A%2F%2Fdocs.google.com%2Fuc%3Fauthuser%3D0%26id%3D0Byzvsqf026OdRDNhelJMMlp6U00%26export%3Ddownload||target:%20_blank\u00bb add_icon=\u00bbtrue\u00bb][vc_btn title=\u00bbVer todos\u00bb style=\u00bbflat\u00bb shape=\u00bbsquare\u00bb size=\u00bblg\u00bb i_icon_fontawesome=\u00bbfa fa-list-ol\u00bb link=\u00bburl:http%3A%2F%2Fvamosporlaliberacion.org%2Fcrpmlm%2Fvamos-por-la-liberacion%2F||target:%20_blank\u00bb add_icon=\u00bbtrue\u00bb]<div class=\"wpb_wrapper td_block_empty_space td_block_wrap vc_empty_space tdi_17_e99 \"  style=\"height: 20px\"><\/div><\/div><\/div><\/div><\/div><\/div><\/div><div class=\"vc_column tdi_19_995  wpb_column vc_column_container tdc-column td-pb-span8\">\n<style scoped>\n\n\/* custom css *\/\n.tdi_19_995{\n                    vertical-align: baseline;\n                }.tdi_19_995 > .wpb_wrapper,\n\t\t\t\t.tdi_19_995 > .wpb_wrapper > .tdc-elements{\n\t\t\t\t    display: block;\n\t\t\t\t}.tdi_19_995 > .wpb_wrapper > .tdc-elements{\n\t\t\t\t    width: 100%;\n\t\t\t\t}.tdi_19_995 > .wpb_wrapper{\n\t\t\t\t    width: auto;\n\t\t\t\t    height: auto;\n\t\t\t\t}\n<\/style><div class=\"wpb_wrapper\"><div class=\"td_block_wrap td_block_21 tdi_20_eda td-pb-border-top td_block_template_1 td-column-2\"  data-td-block-uid=\"tdi_20_eda\" >\n<style>\n.td_block_template_2.widget > ul > li,\n            .td_block_template_6.widget > ul > li,\n            .td_block_template_8.widget > ul > li,\n            .td_block_template_9.widget > ul > li,\n            .td_block_template_10.widget > ul > li,\n            .td_block_template_11.widget > ul > li,\n            .td_block_template_12.widget > ul > li,\n            .td_block_template_13.widget > ul > li,\n            .td_block_template_14.widget > ul > li,\n            .td_block_template_15.widget > ul > li,\n            .td_block_template_16.widget > ul > li,\n            .td_block_template_17.widget > ul > li {\n                margin-left: 0 !important;\n            }\n            .global-block-template-12 .td-comments-title span,\n            .global-block-template-13 .td-comments-title span {\n                margin-left: 0 !important;\n                font-size: 20px;\n            }\n            @media (max-width: 767px) {\n                .global-block-template-12 .td-comments-title span,\n                .global-block-template-13 .td-comments-title span {\n                    font-size: 15px;\n                }\n            }\n            .td-block-title-wrap .td-wrapper-pulldown-filter {\n                font-family: 'Roboto', sans-serif;\n                position: absolute;\n                bottom: 0;\n                right: 0;\n                top: 0;\n                margin: auto 0;\n                z-index: 2;\n                background-color: #fff;\n                font-size: 13px;\n                line-height: 1;\n                color: #777;\n                text-align: right;\n            }\n            .td-block-title-wrap .td-wrapper-pulldown-filter .td-pulldown-filter-display-option {\n                cursor: pointer;\n                white-space: nowrap;\n                position: relative;\n                line-height: 29px;\n            }\n            .td-block-title-wrap .td-wrapper-pulldown-filter .td-pulldown-filter-display-option i {\n                font-size: 9px;\n                color: #777;\n                margin-left: 20px;\n                margin-right: 10px;\n            }\n            .td-block-title-wrap .td-wrapper-pulldown-filter .td-pulldown-filter-display-option i:before {\n                content: '\\e83d';\n            }\n            .td-block-title-wrap .td-wrapper-pulldown-filter .td-pulldown-filter-display-option span {\n                padding-left: 20px;\n                margin-right: -14px;\n            }\n            @media (max-width: 360px) {\n                .td-block-title-wrap .td-wrapper-pulldown-filter .td-pulldown-filter-display-option span {\n                    display: none;\n                }\n            }\n            .td-block-title-wrap .td-wrapper-pulldown-filter .td-pulldown-filter-display-option:hover {\n                color: #4db2ec;\n            }\n            .td-block-title-wrap .td-wrapper-pulldown-filter .td-pulldown-filter-display-option:hover i {\n                color: #4db2ec;\n            }\n            .td-block-title-wrap .td-wrapper-pulldown-filter .td-pulldown-filter-display-option:hover ul {\n                display: block;\n            }\n            .td-block-title-wrap .td-wrapper-pulldown-filter .td-pulldown-filter-list {\n                list-style: none;\n                position: absolute;\n                right: 0;\n                top: 100%;\n                padding: 18px 0;\n                background-color: rgb(255, 255, 255);\n                background-color: rgba(255, 255, 255, 0.95);\n                z-index: 999;\n                border-width: 1px;\n                border-color: #ededed;\n                border-style: solid;\n                display: none;\n                margin: 0;\n            }\n            .td-block-title-wrap .td-wrapper-pulldown-filter .td-pulldown-filter-item {\n                list-style: none;\n                margin: 0;\n            }\n            .td-block-title-wrap .td-wrapper-pulldown-filter .td-pulldown-filter-item .td-cur-simple-item {\n                color: #4db2ec;\n            }\n            .td-block-title-wrap .td-wrapper-pulldown-filter .td-pulldown-more {\n                padding-bottom: 10px;\n            }\n            .td-block-title-wrap .td-wrapper-pulldown-filter .td-pulldown-more:before {\n                content: '';\n                width: 70px;\n                height: 100%;\n                position: absolute;\n                margin-top: 2px;\n                top: 0;\n                right: 0;\n                z-index: 1;\n                opacity: 0;\n            }\n            .td-block-title-wrap .td-wrapper-pulldown-filter .td-pulldown-filter-link {\n                color: #777;\n                white-space: nowrap;\n                display: block;\n                line-height: 26px;\n                padding-left: 36px;\n                padding-right: 27px;\n            }\n            .td-block-title-wrap .td-wrapper-pulldown-filter .td-pulldown-filter-link:hover {\n                color: #4db2ec;\n            }\n            @media (min-width: 768px) and (max-width: 1018px) {\n                .td-pb-span4 .td-block-title-wrap .td-wrapper-pulldown-filter .td-pulldown-filter-display-option span {\n                    display: none;\n                }\n                .td-pb-span4 .td-block-title-wrap .td-wrapper-pulldown-filter .td-pulldown-filter-link {\n                    padding-left: 24px;\n                    padding-right: 20px !important;\n                }\n            }\n            @-moz-document url-prefix() {\n                .td-pulldown-syle-default .td-subcat-more,\n                .td-pulldown-syle-default .td-subcat-list {\n                    position: relative;\n                    top: -1px;\n                }\n            }\n            .td-pulldown-syle-2 {\n                top: 0;\n            }\n            .td-pulldown-syle-2 .td-subcat-dropdown ul {\n                padding: 20px 0;\n                margin-top: 0;\n            }\n            .td-pulldown-syle-2 .td-subcat-dropdown ul:after {\n                content: '';\n                position: absolute;\n                width: calc(100% + 2px);\n                height: 3px;\n                top: 0;\n                left: -1px;\n                background-color: #4db2ec;\n            }\n            .td-pulldown-syle-2 .td-subcat-dropdown a {\n                padding-left: 40px;\n                padding-right: 31px;\n            }\n            .td-pulldown-syle-2 .td-subcat-dropdown:hover .td-subcat-more {\n                background-color: transparent !important;\n            }\n            .td-pulldown-syle-2 .td-subcat-dropdown:hover .td-subcat-more span,\n            .td-pulldown-syle-2 .td-subcat-dropdown:hover .td-subcat-more i {\n                color: #4db2ec;\n            }\n            .td-pulldown-syle-2 .td-subcat-dropdown .td-subcat-more {\n                margin-left: 9px;\n                margin-bottom: 8px; \/\/ this align the dropdown list\n            }\n            .td-pulldown-syle-2 .td-subcat-list .td-subcat-item {\n                margin-left: 24px;\n            }\n            .td-pulldown-syle-3 {\n                top: 0;\n            }\n            .td-pulldown-syle-3 .td-subcat-dropdown ul {\n                padding: 15px 0;\n                margin-top: -1px;\n                border-width: 1px;\n            }\n            .td-pulldown-syle-3 .td-subcat-dropdown a {\n                padding-left: 40px;\n                padding-right: 31px;\n            }\n            .td-pulldown-syle-3 .td-subcat-dropdown &:hover .td-subcat-more {\n                background-color: transparent !important;\n            }\n            .td-pulldown-syle-3 .td-subcat-dropdown &:hover .td-subcat-more span,\n            .td-pulldown-syle-3 .td-subcat-dropdown &:hover .td-subcat-more i {\n                color: #4db2ec;\n            }\n            .td-pulldown-syle-3 .td-subcat-dropdown .td-subcat-more {\n                margin-left: 9px;\n                margin-bottom: 8px; \/\/ this align the dropdown list\n            }\n            .td-pulldown-syle-3 .td-subcat-list .td-subcat-item {\n                margin-left: 24px;\n            }\n            \n            \n\n            \n            .td-theme-wrap .tdi_20_eda .td-pulldown-filter-link:hover,\n            .td-theme-wrap .tdi_20_eda .td-subcat-item a:hover,\n            .td-theme-wrap .tdi_20_eda .td-subcat-item .td-cur-simple-item {\n                color: #dd3333;\n            }\n\n            .td-theme-wrap .tdi_20_eda .block-title > *,\n            .td-theme-wrap .tdi_20_eda .td-subcat-dropdown:hover .td-subcat-more {\n                background-color: #dd3333;\n            }\n            .td-theme-wrap .td-footer-wrapper .tdi_20_eda .block-title > * {\n                padding: 6px 7px 5px;\n                line-height: 1;\n            }\n\n            .td-theme-wrap .tdi_20_eda .block-title {\n                border-color: #dd3333;\n            }\n\n            \n            .td-theme-wrap .tdi_20_eda .td_module_wrap:hover .entry-title a,\n            .td-theme-wrap .tdi_20_eda .td_quote_on_blocks,\n            .td-theme-wrap .tdi_20_eda .td-opacity-cat .td-post-category:hover,\n            .td-theme-wrap .tdi_20_eda .td-opacity-read .td-read-more a:hover,\n            .td-theme-wrap .tdi_20_eda .td-opacity-author .td-post-author-name a:hover,\n            .td-theme-wrap .tdi_20_eda .td-instagram-user a {\n                color: #dd3333;\n            }\n\n            .td-theme-wrap .tdi_20_eda .td-next-prev-wrap a:hover,\n            .td-theme-wrap .tdi_20_eda .td-load-more-wrap a:hover {\n                background-color: #dd3333;\n                border-color: #dd3333;\n            }\n\n            .td-theme-wrap .tdi_20_eda .td-read-more a,\n            .td-theme-wrap .tdi_20_eda .td-weather-information:before,\n            .td-theme-wrap .tdi_20_eda .td-weather-week:before,\n            .td-theme-wrap .tdi_20_eda .td-exchange-header:before,\n            .td-theme-wrap .td-footer-wrapper .tdi_20_eda .td-post-category,\n            .td-theme-wrap .tdi_20_eda .td-post-category:hover {\n                background-color: #dd3333;\n            }\n<\/style><script>var block_tdi_20_eda = new tdBlock();\nblock_tdi_20_eda.id = \"tdi_20_eda\";\nblock_tdi_20_eda.atts = '{\"custom_title\":\"Editorial\",\"custom_url\":\"Editorial\",\"header_color\":\"#dd3333\",\"category_id\":\"10\",\"tag_slug\":\"editorial 64\",\"limit\":\"1\",\"td_filter_default_txt\":\"Todo\",\"block_type\":\"td_block_21\",\"separator\":\"\",\"block_template_id\":\"\",\"m16_tl\":\"\",\"m16_el\":\"\",\"post_ids\":\"\",\"category_ids\":\"\",\"autors_id\":\"\",\"installed_post_types\":\"\",\"sort\":\"\",\"offset\":\"\",\"show_modified_date\":\"\",\"el_class\":\"\",\"td_ajax_filter_type\":\"\",\"td_ajax_filter_ids\":\"\",\"td_ajax_preloading\":\"\",\"f_header_font_header\":\"\",\"f_header_font_title\":\"Block header\",\"f_header_font_settings\":\"\",\"f_header_font_family\":\"\",\"f_header_font_size\":\"\",\"f_header_font_line_height\":\"\",\"f_header_font_style\":\"\",\"f_header_font_weight\":\"\",\"f_header_font_transform\":\"\",\"f_header_font_spacing\":\"\",\"f_header_\":\"\",\"f_ajax_font_title\":\"Ajax categories\",\"f_ajax_font_settings\":\"\",\"f_ajax_font_family\":\"\",\"f_ajax_font_size\":\"\",\"f_ajax_font_line_height\":\"\",\"f_ajax_font_style\":\"\",\"f_ajax_font_weight\":\"\",\"f_ajax_font_transform\":\"\",\"f_ajax_font_spacing\":\"\",\"f_ajax_\":\"\",\"f_more_font_title\":\"Load more button\",\"f_more_font_settings\":\"\",\"f_more_font_family\":\"\",\"f_more_font_size\":\"\",\"f_more_font_line_height\":\"\",\"f_more_font_style\":\"\",\"f_more_font_weight\":\"\",\"f_more_font_transform\":\"\",\"f_more_font_spacing\":\"\",\"f_more_\":\"\",\"m16f_title_font_header\":\"\",\"m16f_title_font_title\":\"Article title\",\"m16f_title_font_settings\":\"\",\"m16f_title_font_family\":\"\",\"m16f_title_font_size\":\"\",\"m16f_title_font_line_height\":\"\",\"m16f_title_font_style\":\"\",\"m16f_title_font_weight\":\"\",\"m16f_title_font_transform\":\"\",\"m16f_title_font_spacing\":\"\",\"m16f_title_\":\"\",\"m16f_cat_font_title\":\"Article category tag\",\"m16f_cat_font_settings\":\"\",\"m16f_cat_font_family\":\"\",\"m16f_cat_font_size\":\"\",\"m16f_cat_font_line_height\":\"\",\"m16f_cat_font_style\":\"\",\"m16f_cat_font_weight\":\"\",\"m16f_cat_font_transform\":\"\",\"m16f_cat_font_spacing\":\"\",\"m16f_cat_\":\"\",\"m16f_meta_font_title\":\"Article meta info\",\"m16f_meta_font_settings\":\"\",\"m16f_meta_font_family\":\"\",\"m16f_meta_font_size\":\"\",\"m16f_meta_font_line_height\":\"\",\"m16f_meta_font_style\":\"\",\"m16f_meta_font_weight\":\"\",\"m16f_meta_font_transform\":\"\",\"m16f_meta_font_spacing\":\"\",\"m16f_meta_\":\"\",\"m16f_ex_font_title\":\"Article excerpt\",\"m16f_ex_font_settings\":\"\",\"m16f_ex_font_family\":\"\",\"m16f_ex_font_size\":\"\",\"m16f_ex_font_line_height\":\"\",\"m16f_ex_font_style\":\"\",\"m16f_ex_font_weight\":\"\",\"m16f_ex_font_transform\":\"\",\"m16f_ex_font_spacing\":\"\",\"m16f_ex_\":\"\",\"ajax_pagination\":\"\",\"ajax_pagination_infinite_stop\":\"\",\"css\":\"\",\"tdc_css\":\"\",\"td_column_number\":2,\"color_preset\":\"\",\"border_top\":\"\",\"class\":\"tdi_20_eda\",\"tdc_css_class\":\"tdi_20_eda\",\"tdc_css_class_style\":\"tdi_20_eda_rand_style\"}';\nblock_tdi_20_eda.td_column_number = \"2\";\nblock_tdi_20_eda.block_type = \"td_block_21\";\nblock_tdi_20_eda.post_count = \"1\";\nblock_tdi_20_eda.found_posts = \"1\";\nblock_tdi_20_eda.header_color = \"#dd3333\";\nblock_tdi_20_eda.ajax_pagination_infinite_stop = \"\";\nblock_tdi_20_eda.max_num_pages = \"1\";\ntdBlocksArray.push(block_tdi_20_eda);\n<\/script><div class=\"td-block-title-wrap\"><h4 class=\"block-title td-block-title\"><a href=\"http:\/\/Editorial\" class=\"td-pulldown-size\">Editorial<\/a><\/h4><\/div><div id=tdi_20_eda class=\"td_block_inner\">\n        <div class=\"td_module_16 td_module_wrap td-animation-stack\">\n            <div class=\"td-module-thumb\"><a href=\"https:\/\/vamosporlaliberacion.org\/crpmlm\/no-votes-ajuste-entrega-y-represion\/\" rel=\"bookmark\" class=\"td-image-wrap \" title=\"No votes ajuste, entrega y represi\u00f3n\" ><img loading=\"lazy\" decoding=\"async\" class=\"entry-thumb\" src=\"\" alt=\"\" title=\"No votes ajuste, entrega y represi\u00f3n\" data-type=\"image_tag\" data-img-url=\"https:\/\/i0.wp.com\/vamosporlaliberacion.org\/crpmlm\/wp-content\/uploads\/2016\/02\/vxl64-21.jpg?resize=150%2C150&ssl=1\"  width=\"150\" height=\"150\" \/><\/a><\/div>\n            <div class=\"item-details\">\n                <h3 class=\"entry-title td-module-title\"><a href=\"https:\/\/vamosporlaliberacion.org\/crpmlm\/no-votes-ajuste-entrega-y-represion\/\" rel=\"bookmark\" title=\"No votes ajuste, entrega y represi\u00f3n\">No votes ajuste, entrega y represi\u00f3n<\/a><\/h3>\n                <div class=\"td-module-meta-info\">\n                                        <span class=\"td-post-author-name\"><a href=\"https:\/\/vamosporlaliberacion.org\/crpmlm\/author\/adminvxl\/\">vamos!<\/a> <span>-<\/span> <\/span>                    <span class=\"td-post-date\"><time class=\"entry-date updated td-module-date\" datetime=\"2015-11-11T12:18:41-03:00\" >11 noviembre, 2015<\/time><\/span>                    <span class=\"td-module-comments\"><a href=\"https:\/\/vamosporlaliberacion.org\/crpmlm\/no-votes-ajuste-entrega-y-represion\/#respond\">0<\/a><\/span>                <\/div>\n\n                <div class=\"td-excerpt\">\n                    Declaraci\u00f3n ante el balotaje del 22 de noviembre.\r\nEl gobierno nacional sufri\u00f3 un duro golpe en las elecciones del 25 de octubre, con epicentro en...                <\/div>\n            <\/div>\n\n        <\/div>\n\n        <\/div><\/div> <!-- .\/block --><div class=\"td_block_wrap td_block_21 tdi_21_a26 td-pb-border-top td_block_template_1 td-column-2\"  data-td-block-uid=\"tdi_21_a26\" >\n<style>\n.td_block_template_2.widget > ul > li,\n            .td_block_template_6.widget > ul > li,\n            .td_block_template_8.widget > ul > li,\n            .td_block_template_9.widget > ul > li,\n            .td_block_template_10.widget > ul > li,\n            .td_block_template_11.widget > ul > li,\n            .td_block_template_12.widget > ul > li,\n            .td_block_template_13.widget > ul > li,\n            .td_block_template_14.widget > ul > li,\n            .td_block_template_15.widget > ul > li,\n            .td_block_template_16.widget > ul > li,\n            .td_block_template_17.widget > ul > li {\n                margin-left: 0 !important;\n            }\n            .global-block-template-12 .td-comments-title span,\n            .global-block-template-13 .td-comments-title span {\n                margin-left: 0 !important;\n                font-size: 20px;\n            }\n            @media (max-width: 767px) {\n                .global-block-template-12 .td-comments-title span,\n                .global-block-template-13 .td-comments-title span {\n                    font-size: 15px;\n                }\n            }\n            .td-block-title-wrap .td-wrapper-pulldown-filter {\n                font-family: 'Roboto', sans-serif;\n                position: absolute;\n                bottom: 0;\n                right: 0;\n                top: 0;\n                margin: auto 0;\n                z-index: 2;\n                background-color: #fff;\n                font-size: 13px;\n                line-height: 1;\n                color: #777;\n                text-align: right;\n            }\n            .td-block-title-wrap .td-wrapper-pulldown-filter .td-pulldown-filter-display-option {\n                cursor: pointer;\n                white-space: nowrap;\n                position: relative;\n                line-height: 29px;\n            }\n            .td-block-title-wrap .td-wrapper-pulldown-filter .td-pulldown-filter-display-option i {\n                font-size: 9px;\n                color: #777;\n                margin-left: 20px;\n                margin-right: 10px;\n            }\n            .td-block-title-wrap .td-wrapper-pulldown-filter .td-pulldown-filter-display-option i:before {\n                content: '\\e83d';\n            }\n            .td-block-title-wrap .td-wrapper-pulldown-filter .td-pulldown-filter-display-option span {\n                padding-left: 20px;\n                margin-right: -14px;\n            }\n            @media (max-width: 360px) {\n                .td-block-title-wrap .td-wrapper-pulldown-filter .td-pulldown-filter-display-option span {\n                    display: none;\n                }\n            }\n            .td-block-title-wrap .td-wrapper-pulldown-filter .td-pulldown-filter-display-option:hover {\n                color: #4db2ec;\n            }\n            .td-block-title-wrap .td-wrapper-pulldown-filter .td-pulldown-filter-display-option:hover i {\n                color: #4db2ec;\n            }\n            .td-block-title-wrap .td-wrapper-pulldown-filter .td-pulldown-filter-display-option:hover ul {\n                display: block;\n            }\n            .td-block-title-wrap .td-wrapper-pulldown-filter .td-pulldown-filter-list {\n                list-style: none;\n                position: absolute;\n                right: 0;\n                top: 100%;\n                padding: 18px 0;\n                background-color: rgb(255, 255, 255);\n                background-color: rgba(255, 255, 255, 0.95);\n                z-index: 999;\n                border-width: 1px;\n                border-color: #ededed;\n                border-style: solid;\n                display: none;\n                margin: 0;\n            }\n            .td-block-title-wrap .td-wrapper-pulldown-filter .td-pulldown-filter-item {\n                list-style: none;\n                margin: 0;\n            }\n            .td-block-title-wrap .td-wrapper-pulldown-filter .td-pulldown-filter-item .td-cur-simple-item {\n                color: #4db2ec;\n            }\n            .td-block-title-wrap .td-wrapper-pulldown-filter .td-pulldown-more {\n                padding-bottom: 10px;\n            }\n            .td-block-title-wrap .td-wrapper-pulldown-filter .td-pulldown-more:before {\n                content: '';\n                width: 70px;\n                height: 100%;\n                position: absolute;\n                margin-top: 2px;\n                top: 0;\n                right: 0;\n                z-index: 1;\n                opacity: 0;\n            }\n            .td-block-title-wrap .td-wrapper-pulldown-filter .td-pulldown-filter-link {\n                color: #777;\n                white-space: nowrap;\n                display: block;\n                line-height: 26px;\n                padding-left: 36px;\n                padding-right: 27px;\n            }\n            .td-block-title-wrap .td-wrapper-pulldown-filter .td-pulldown-filter-link:hover {\n                color: #4db2ec;\n            }\n            @media (min-width: 768px) and (max-width: 1018px) {\n                .td-pb-span4 .td-block-title-wrap .td-wrapper-pulldown-filter .td-pulldown-filter-display-option span {\n                    display: none;\n                }\n                .td-pb-span4 .td-block-title-wrap .td-wrapper-pulldown-filter .td-pulldown-filter-link {\n                    padding-left: 24px;\n                    padding-right: 20px !important;\n                }\n            }\n            @-moz-document url-prefix() {\n                .td-pulldown-syle-default .td-subcat-more,\n                .td-pulldown-syle-default .td-subcat-list {\n                    position: relative;\n                    top: -1px;\n                }\n            }\n            .td-pulldown-syle-2 {\n                top: 0;\n            }\n            .td-pulldown-syle-2 .td-subcat-dropdown ul {\n                padding: 20px 0;\n                margin-top: 0;\n            }\n            .td-pulldown-syle-2 .td-subcat-dropdown ul:after {\n                content: '';\n                position: absolute;\n                width: calc(100% + 2px);\n                height: 3px;\n                top: 0;\n                left: -1px;\n                background-color: #4db2ec;\n            }\n            .td-pulldown-syle-2 .td-subcat-dropdown a {\n                padding-left: 40px;\n                padding-right: 31px;\n            }\n            .td-pulldown-syle-2 .td-subcat-dropdown:hover .td-subcat-more {\n                background-color: transparent !important;\n            }\n            .td-pulldown-syle-2 .td-subcat-dropdown:hover .td-subcat-more span,\n            .td-pulldown-syle-2 .td-subcat-dropdown:hover .td-subcat-more i {\n                color: #4db2ec;\n            }\n            .td-pulldown-syle-2 .td-subcat-dropdown .td-subcat-more {\n                margin-left: 9px;\n                margin-bottom: 8px; \/\/ this align the dropdown list\n            }\n            .td-pulldown-syle-2 .td-subcat-list .td-subcat-item {\n                margin-left: 24px;\n            }\n            .td-pulldown-syle-3 {\n                top: 0;\n            }\n            .td-pulldown-syle-3 .td-subcat-dropdown ul {\n                padding: 15px 0;\n                margin-top: -1px;\n                border-width: 1px;\n            }\n            .td-pulldown-syle-3 .td-subcat-dropdown a {\n                padding-left: 40px;\n                padding-right: 31px;\n            }\n            .td-pulldown-syle-3 .td-subcat-dropdown &:hover .td-subcat-more {\n                background-color: transparent !important;\n            }\n            .td-pulldown-syle-3 .td-subcat-dropdown &:hover .td-subcat-more span,\n            .td-pulldown-syle-3 .td-subcat-dropdown &:hover .td-subcat-more i {\n                color: #4db2ec;\n            }\n            .td-pulldown-syle-3 .td-subcat-dropdown .td-subcat-more {\n                margin-left: 9px;\n                margin-bottom: 8px; \/\/ this align the dropdown list\n            }\n            .td-pulldown-syle-3 .td-subcat-list .td-subcat-item {\n                margin-left: 24px;\n            }\n            \n            \n\n            \n            .td-theme-wrap .tdi_21_a26 .td-pulldown-filter-link:hover,\n            .td-theme-wrap .tdi_21_a26 .td-subcat-item a:hover,\n            .td-theme-wrap .tdi_21_a26 .td-subcat-item .td-cur-simple-item {\n                color: #dd3333;\n            }\n\n            .td-theme-wrap .tdi_21_a26 .block-title > *,\n            .td-theme-wrap .tdi_21_a26 .td-subcat-dropdown:hover .td-subcat-more {\n                background-color: #dd3333;\n            }\n            .td-theme-wrap .td-footer-wrapper .tdi_21_a26 .block-title > * {\n                padding: 6px 7px 5px;\n                line-height: 1;\n            }\n\n            .td-theme-wrap .tdi_21_a26 .block-title {\n                border-color: #dd3333;\n            }\n\n            \n            .td-theme-wrap .tdi_21_a26 .td_module_wrap:hover .entry-title a,\n            .td-theme-wrap .tdi_21_a26 .td_quote_on_blocks,\n            .td-theme-wrap .tdi_21_a26 .td-opacity-cat .td-post-category:hover,\n            .td-theme-wrap .tdi_21_a26 .td-opacity-read .td-read-more a:hover,\n            .td-theme-wrap .tdi_21_a26 .td-opacity-author .td-post-author-name a:hover,\n            .td-theme-wrap .tdi_21_a26 .td-instagram-user a {\n                color: #dd3333;\n            }\n\n            .td-theme-wrap .tdi_21_a26 .td-next-prev-wrap a:hover,\n            .td-theme-wrap .tdi_21_a26 .td-load-more-wrap a:hover {\n                background-color: #dd3333;\n                border-color: #dd3333;\n            }\n\n            .td-theme-wrap .tdi_21_a26 .td-read-more a,\n            .td-theme-wrap .tdi_21_a26 .td-weather-information:before,\n            .td-theme-wrap .tdi_21_a26 .td-weather-week:before,\n            .td-theme-wrap .tdi_21_a26 .td-exchange-header:before,\n            .td-theme-wrap .td-footer-wrapper .tdi_21_a26 .td-post-category,\n            .td-theme-wrap .tdi_21_a26 .td-post-category:hover {\n                background-color: #dd3333;\n            }\n<\/style><script>var block_tdi_21_a26 = new tdBlock();\nblock_tdi_21_a26.id = \"tdi_21_a26\";\nblock_tdi_21_a26.atts = '{\"custom_title\":\"Partido\",\"header_color\":\"#dd3333\",\"category_id\":\"11\",\"tag_slug\":\"vxl 64\",\"limit\":\"10\",\"td_filter_default_txt\":\"Todo\",\"block_type\":\"td_block_21\",\"separator\":\"\",\"custom_url\":\"\",\"block_template_id\":\"\",\"m16_tl\":\"\",\"m16_el\":\"\",\"post_ids\":\"\",\"category_ids\":\"\",\"autors_id\":\"\",\"installed_post_types\":\"\",\"sort\":\"\",\"offset\":\"\",\"show_modified_date\":\"\",\"el_class\":\"\",\"td_ajax_filter_type\":\"\",\"td_ajax_filter_ids\":\"\",\"td_ajax_preloading\":\"\",\"f_header_font_header\":\"\",\"f_header_font_title\":\"Block header\",\"f_header_font_settings\":\"\",\"f_header_font_family\":\"\",\"f_header_font_size\":\"\",\"f_header_font_line_height\":\"\",\"f_header_font_style\":\"\",\"f_header_font_weight\":\"\",\"f_header_font_transform\":\"\",\"f_header_font_spacing\":\"\",\"f_header_\":\"\",\"f_ajax_font_title\":\"Ajax categories\",\"f_ajax_font_settings\":\"\",\"f_ajax_font_family\":\"\",\"f_ajax_font_size\":\"\",\"f_ajax_font_line_height\":\"\",\"f_ajax_font_style\":\"\",\"f_ajax_font_weight\":\"\",\"f_ajax_font_transform\":\"\",\"f_ajax_font_spacing\":\"\",\"f_ajax_\":\"\",\"f_more_font_title\":\"Load more button\",\"f_more_font_settings\":\"\",\"f_more_font_family\":\"\",\"f_more_font_size\":\"\",\"f_more_font_line_height\":\"\",\"f_more_font_style\":\"\",\"f_more_font_weight\":\"\",\"f_more_font_transform\":\"\",\"f_more_font_spacing\":\"\",\"f_more_\":\"\",\"m16f_title_font_header\":\"\",\"m16f_title_font_title\":\"Article title\",\"m16f_title_font_settings\":\"\",\"m16f_title_font_family\":\"\",\"m16f_title_font_size\":\"\",\"m16f_title_font_line_height\":\"\",\"m16f_title_font_style\":\"\",\"m16f_title_font_weight\":\"\",\"m16f_title_font_transform\":\"\",\"m16f_title_font_spacing\":\"\",\"m16f_title_\":\"\",\"m16f_cat_font_title\":\"Article category tag\",\"m16f_cat_font_settings\":\"\",\"m16f_cat_font_family\":\"\",\"m16f_cat_font_size\":\"\",\"m16f_cat_font_line_height\":\"\",\"m16f_cat_font_style\":\"\",\"m16f_cat_font_weight\":\"\",\"m16f_cat_font_transform\":\"\",\"m16f_cat_font_spacing\":\"\",\"m16f_cat_\":\"\",\"m16f_meta_font_title\":\"Article meta info\",\"m16f_meta_font_settings\":\"\",\"m16f_meta_font_family\":\"\",\"m16f_meta_font_size\":\"\",\"m16f_meta_font_line_height\":\"\",\"m16f_meta_font_style\":\"\",\"m16f_meta_font_weight\":\"\",\"m16f_meta_font_transform\":\"\",\"m16f_meta_font_spacing\":\"\",\"m16f_meta_\":\"\",\"m16f_ex_font_title\":\"Article excerpt\",\"m16f_ex_font_settings\":\"\",\"m16f_ex_font_family\":\"\",\"m16f_ex_font_size\":\"\",\"m16f_ex_font_line_height\":\"\",\"m16f_ex_font_style\":\"\",\"m16f_ex_font_weight\":\"\",\"m16f_ex_font_transform\":\"\",\"m16f_ex_font_spacing\":\"\",\"m16f_ex_\":\"\",\"ajax_pagination\":\"\",\"ajax_pagination_infinite_stop\":\"\",\"css\":\"\",\"tdc_css\":\"\",\"td_column_number\":2,\"color_preset\":\"\",\"border_top\":\"\",\"class\":\"tdi_21_a26\",\"tdc_css_class\":\"tdi_21_a26\",\"tdc_css_class_style\":\"tdi_21_a26_rand_style\"}';\nblock_tdi_21_a26.td_column_number = \"2\";\nblock_tdi_21_a26.block_type = \"td_block_21\";\nblock_tdi_21_a26.post_count = \"10\";\nblock_tdi_21_a26.found_posts = \"25\";\nblock_tdi_21_a26.header_color = \"#dd3333\";\nblock_tdi_21_a26.ajax_pagination_infinite_stop = \"\";\nblock_tdi_21_a26.max_num_pages = \"3\";\ntdBlocksArray.push(block_tdi_21_a26);\n<\/script><div class=\"td-block-title-wrap\"><h4 class=\"block-title td-block-title\"><span class=\"td-pulldown-size\">Partido<\/span><\/h4><\/div><div id=tdi_21_a26 class=\"td_block_inner\">\n        <div class=\"td_module_16 td_module_wrap td-animation-stack\">\n            <div class=\"td-module-thumb\"><a href=\"https:\/\/vamosporlaliberacion.org\/crpmlm\/eugenio-cabib-y-juan-telmo-ortiz-presentes\/\" rel=\"bookmark\" class=\"td-image-wrap \" title=\"Eugenio Cabib y Juan Telmo Ortiz, presentes!\" ><img loading=\"lazy\" decoding=\"async\" class=\"entry-thumb\" src=\"\" alt=\"\" title=\"Eugenio Cabib y Juan Telmo Ortiz, presentes!\" data-type=\"image_tag\" data-img-url=\"https:\/\/i0.wp.com\/vamosporlaliberacion.org\/crpmlm\/wp-content\/uploads\/2016\/02\/vxl64-20.jpg?resize=150%2C150&ssl=1\"  width=\"150\" height=\"150\" \/><\/a><\/div>\n            <div class=\"item-details\">\n                <h3 class=\"entry-title td-module-title\"><a href=\"https:\/\/vamosporlaliberacion.org\/crpmlm\/eugenio-cabib-y-juan-telmo-ortiz-presentes\/\" rel=\"bookmark\" title=\"Eugenio Cabib y Juan Telmo Ortiz, presentes!\">Eugenio Cabib y Juan Telmo Ortiz, presentes!<\/a><\/h3>\n                <div class=\"td-module-meta-info\">\n                                        <span class=\"td-post-author-name\"><a href=\"https:\/\/vamosporlaliberacion.org\/crpmlm\/author\/adminvxl\/\">vamos!<\/a> <span>-<\/span> <\/span>                    <span class=\"td-post-date\"><time class=\"entry-date updated td-module-date\" datetime=\"2015-11-11T15:18:39-03:00\" >11 noviembre, 2015<\/time><\/span>                    <span class=\"td-module-comments\"><a href=\"https:\/\/vamosporlaliberacion.org\/crpmlm\/eugenio-cabib-y-juan-telmo-ortiz-presentes\/#respond\">0<\/a><\/span>                <\/div>\n\n                <div class=\"td-excerpt\">\n                    Eugenio Cabib\r\nTen\u00eda 32 a\u00f1os cuando fue secuestrado. Un 11 de noviembre de 1976 irrumpi\u00f3 en su casa de Monserrat, en Capital Federal, un grupo...                <\/div>\n            <\/div>\n\n        <\/div>\n\n        \n        <div class=\"td_module_16 td_module_wrap td-animation-stack\">\n            <div class=\"td-module-thumb\"><a href=\"https:\/\/vamosporlaliberacion.org\/crpmlm\/datos-del-escrutinio\/\" rel=\"bookmark\" class=\"td-image-wrap \" title=\"Datos del escrutinio\" ><img decoding=\"async\" class=\"entry-thumb\" src=\"\"alt=\"\" data-type=\"image_tag\" data-img-url=\"https:\/\/vamosporlaliberacion.org\/crpmlm\/wp-content\/plugins\/td-composer\/legacy\/Newspaper\/assets\/images\/no-thumb\/thumbnail.png\"  width=\"\" height=\"\" \/><\/a><\/div>\n            <div class=\"item-details\">\n                <h3 class=\"entry-title td-module-title\"><a href=\"https:\/\/vamosporlaliberacion.org\/crpmlm\/datos-del-escrutinio\/\" rel=\"bookmark\" title=\"Datos del escrutinio\">Datos del escrutinio<\/a><\/h3>\n                <div class=\"td-module-meta-info\">\n                                        <span class=\"td-post-author-name\"><a href=\"https:\/\/vamosporlaliberacion.org\/crpmlm\/author\/adminvxl\/\">vamos!<\/a> <span>-<\/span> <\/span>                    <span class=\"td-post-date\"><time class=\"entry-date updated td-module-date\" datetime=\"2015-11-11T12:18:37-03:00\" >11 noviembre, 2015<\/time><\/span>                    <span class=\"td-module-comments\"><a href=\"https:\/\/vamosporlaliberacion.org\/crpmlm\/datos-del-escrutinio\/#respond\">0<\/a><\/span>                <\/div>\n\n                <div class=\"td-excerpt\">\n                    De acuerdo a los datos del escrutinio definitivo, el 25 de octubre votaron 26.048.320 personas (80% del padr\u00f3n), lo que arroja unos 2 millones...                <\/div>\n            <\/div>\n\n        <\/div>\n\n        \n        <div class=\"td_module_16 td_module_wrap td-animation-stack\">\n            <div class=\"td-module-thumb\"><a href=\"https:\/\/vamosporlaliberacion.org\/crpmlm\/un-ciclo-de-crecimiento-dependiente-agotado\/\" rel=\"bookmark\" class=\"td-image-wrap \" title=\"Un ciclo de crecimiento dependiente agotado\" ><img loading=\"lazy\" decoding=\"async\" class=\"entry-thumb\" src=\"\" alt=\"\" title=\"Un ciclo de crecimiento dependiente agotado\" data-type=\"image_tag\" data-img-url=\"https:\/\/i0.wp.com\/vamosporlaliberacion.org\/crpmlm\/wp-content\/uploads\/2016\/02\/vxl64-19.jpg?resize=150%2C150&ssl=1\"  width=\"150\" height=\"150\" \/><\/a><\/div>\n            <div class=\"item-details\">\n                <h3 class=\"entry-title td-module-title\"><a href=\"https:\/\/vamosporlaliberacion.org\/crpmlm\/un-ciclo-de-crecimiento-dependiente-agotado\/\" rel=\"bookmark\" title=\"Un ciclo de crecimiento dependiente agotado\">Un ciclo de crecimiento dependiente agotado<\/a><\/h3>\n                <div class=\"td-module-meta-info\">\n                                        <span class=\"td-post-author-name\"><a href=\"https:\/\/vamosporlaliberacion.org\/crpmlm\/author\/adminvxl\/\">vamos!<\/a> <span>-<\/span> <\/span>                    <span class=\"td-post-date\"><time class=\"entry-date updated td-module-date\" datetime=\"2015-11-11T12:18:36-03:00\" >11 noviembre, 2015<\/time><\/span>                    <span class=\"td-module-comments\"><a href=\"https:\/\/vamosporlaliberacion.org\/crpmlm\/un-ciclo-de-crecimiento-dependiente-agotado\/#respond\">0<\/a><\/span>                <\/div>\n\n                <div class=\"td-excerpt\">\n                    El PBI, el \u00edndice de ocupaci\u00f3n de obreros en la industria, el salario real, el saldo de la balanza comercial\u2026 numerosos indicadores econ\u00f3micos manifiestan...                <\/div>\n            <\/div>\n\n        <\/div>\n\n        \n        <div class=\"td_module_16 td_module_wrap td-animation-stack\">\n            <div class=\"td-module-thumb\"><a href=\"https:\/\/vamosporlaliberacion.org\/crpmlm\/un-convenio-fraudulento-para-aplicar-el-ajuste\/\" rel=\"bookmark\" class=\"td-image-wrap \" title=\"Un convenio fraudulento para aplicar el ajuste\" ><img loading=\"lazy\" decoding=\"async\" class=\"entry-thumb\" src=\"\" alt=\"\" title=\"Un convenio fraudulento para aplicar el ajuste\" data-type=\"image_tag\" data-img-url=\"https:\/\/i0.wp.com\/vamosporlaliberacion.org\/crpmlm\/wp-content\/uploads\/2016\/02\/vxl64-18.jpg?resize=150%2C150&ssl=1\"  width=\"150\" height=\"150\" \/><\/a><\/div>\n            <div class=\"item-details\">\n                <h3 class=\"entry-title td-module-title\"><a href=\"https:\/\/vamosporlaliberacion.org\/crpmlm\/un-convenio-fraudulento-para-aplicar-el-ajuste\/\" rel=\"bookmark\" title=\"Un convenio fraudulento para aplicar el ajuste\">Un convenio fraudulento para aplicar el ajuste<\/a><\/h3>\n                <div class=\"td-module-meta-info\">\n                                        <span class=\"td-post-author-name\"><a href=\"https:\/\/vamosporlaliberacion.org\/crpmlm\/author\/adminvxl\/\">vamos!<\/a> <span>-<\/span> <\/span>                    <span class=\"td-post-date\"><time class=\"entry-date updated td-module-date\" datetime=\"2015-11-11T12:03:18-03:00\" >11 noviembre, 2015<\/time><\/span>                    <span class=\"td-module-comments\"><a href=\"https:\/\/vamosporlaliberacion.org\/crpmlm\/un-convenio-fraudulento-para-aplicar-el-ajuste\/#respond\">0<\/a><\/span>                <\/div>\n\n                <div class=\"td-excerpt\">\n                    El pasado 4 de noviembre se realiz\u00f3 una masiva asamblea de m\u00e1s de mil trabajadores del Sarmiento para analizar los pasos a seguir ante...                <\/div>\n            <\/div>\n\n        <\/div>\n\n        \n        <div class=\"td_module_16 td_module_wrap td-animation-stack\">\n            <div class=\"td-module-thumb\"><a href=\"https:\/\/vamosporlaliberacion.org\/crpmlm\/los-trabajadores-del-banco-central-decidieron-salir-a-luchar-y-ganaron\/\" rel=\"bookmark\" class=\"td-image-wrap \" title=\"Los trabajadores del Banco Central decidieron salir a luchar y ganaron\" ><img loading=\"lazy\" decoding=\"async\" class=\"entry-thumb\" src=\"\" alt=\"\" title=\"Los trabajadores del Banco Central decidieron salir a luchar y ganaron\" data-type=\"image_tag\" data-img-url=\"https:\/\/i0.wp.com\/vamosporlaliberacion.org\/crpmlm\/wp-content\/uploads\/2016\/02\/vxl64-17.jpg?resize=150%2C150&ssl=1\"  width=\"150\" height=\"150\" \/><\/a><\/div>\n            <div class=\"item-details\">\n                <h3 class=\"entry-title td-module-title\"><a href=\"https:\/\/vamosporlaliberacion.org\/crpmlm\/los-trabajadores-del-banco-central-decidieron-salir-a-luchar-y-ganaron\/\" rel=\"bookmark\" title=\"Los trabajadores del Banco Central decidieron salir a luchar y ganaron\">Los trabajadores del Banco Central decidieron salir a luchar y ganaron<\/a><\/h3>\n                <div class=\"td-module-meta-info\">\n                                        <span class=\"td-post-author-name\"><a href=\"https:\/\/vamosporlaliberacion.org\/crpmlm\/author\/adminvxl\/\">vamos!<\/a> <span>-<\/span> <\/span>                    <span class=\"td-post-date\"><time class=\"entry-date updated td-module-date\" datetime=\"2015-11-11T12:03:17-03:00\" >11 noviembre, 2015<\/time><\/span>                    <span class=\"td-module-comments\"><a href=\"https:\/\/vamosporlaliberacion.org\/crpmlm\/los-trabajadores-del-banco-central-decidieron-salir-a-luchar-y-ganaron\/#respond\">0<\/a><\/span>                <\/div>\n\n                <div class=\"td-excerpt\">\n                    En medio de un escenario pol\u00edtico complejo, te\u00f1ido por la disputa por el recambio de gobierno, los trabajadores del Banco Central se dispusieron a...                <\/div>\n            <\/div>\n\n        <\/div>\n\n        \n        <div class=\"td_module_16 td_module_wrap td-animation-stack\">\n            <div class=\"td-module-thumb\"><a href=\"https:\/\/vamosporlaliberacion.org\/crpmlm\/precarizados-de-loteria-en-lucha\/\" rel=\"bookmark\" class=\"td-image-wrap \" title=\"Precarizados de Loter\u00eda en lucha\" ><img loading=\"lazy\" decoding=\"async\" class=\"entry-thumb\" src=\"\" alt=\"\" title=\"Precarizados de Loter\u00eda en lucha\" data-type=\"image_tag\" data-img-url=\"https:\/\/i0.wp.com\/vamosporlaliberacion.org\/crpmlm\/wp-content\/uploads\/2016\/02\/vxl64-16.jpg?resize=150%2C150&ssl=1\"  width=\"150\" height=\"150\" \/><\/a><\/div>\n            <div class=\"item-details\">\n                <h3 class=\"entry-title td-module-title\"><a href=\"https:\/\/vamosporlaliberacion.org\/crpmlm\/precarizados-de-loteria-en-lucha\/\" rel=\"bookmark\" title=\"Precarizados de Loter\u00eda en lucha\">Precarizados de Loter\u00eda en lucha<\/a><\/h3>\n                <div class=\"td-module-meta-info\">\n                                        <span class=\"td-post-author-name\"><a href=\"https:\/\/vamosporlaliberacion.org\/crpmlm\/author\/adminvxl\/\">vamos!<\/a> <span>-<\/span> <\/span>                    <span class=\"td-post-date\"><time class=\"entry-date updated td-module-date\" datetime=\"2015-11-11T11:55:41-03:00\" >11 noviembre, 2015<\/time><\/span>                    <span class=\"td-module-comments\"><a href=\"https:\/\/vamosporlaliberacion.org\/crpmlm\/precarizados-de-loteria-en-lucha\/#respond\">0<\/a><\/span>                <\/div>\n\n                <div class=\"td-excerpt\">\n                    Los trabajadores precarizados del Instituto Provincial de Loter\u00eda y Casinos salimos a la calle reclam\u00e1ndole al gobernador Scioli que firme nuestro pase a planta....                <\/div>\n            <\/div>\n\n        <\/div>\n\n        \n        <div class=\"td_module_16 td_module_wrap td-animation-stack\">\n            <div class=\"td-module-thumb\"><a href=\"https:\/\/vamosporlaliberacion.org\/crpmlm\/si-tocan-a-uno-tocan-a-todos\/\" rel=\"bookmark\" class=\"td-image-wrap \" title=\"Si tocan a uno, tocan a todos\" ><img loading=\"lazy\" decoding=\"async\" class=\"entry-thumb\" src=\"\" alt=\"\" title=\"Si tocan a uno, tocan a todos\" data-type=\"image_tag\" data-img-url=\"https:\/\/i0.wp.com\/vamosporlaliberacion.org\/crpmlm\/wp-content\/uploads\/2016\/02\/vxl64-14.jpg?resize=150%2C150&ssl=1\"  width=\"150\" height=\"150\" \/><\/a><\/div>\n            <div class=\"item-details\">\n                <h3 class=\"entry-title td-module-title\"><a href=\"https:\/\/vamosporlaliberacion.org\/crpmlm\/si-tocan-a-uno-tocan-a-todos\/\" rel=\"bookmark\" title=\"Si tocan a uno, tocan a todos\">Si tocan a uno, tocan a todos<\/a><\/h3>\n                <div class=\"td-module-meta-info\">\n                                        <span class=\"td-post-author-name\"><a href=\"https:\/\/vamosporlaliberacion.org\/crpmlm\/author\/adminvxl\/\">vamos!<\/a> <span>-<\/span> <\/span>                    <span class=\"td-post-date\"><time class=\"entry-date updated td-module-date\" datetime=\"2015-11-11T11:55:38-03:00\" >11 noviembre, 2015<\/time><\/span>                    <span class=\"td-module-comments\"><a href=\"https:\/\/vamosporlaliberacion.org\/crpmlm\/si-tocan-a-uno-tocan-a-todos\/#respond\">0<\/a><\/span>                <\/div>\n\n                <div class=\"td-excerpt\">\n                    El juicio oral a 33 trabajadores docentes y camioneros, que tiene el claro objetivo de amedrentamiento hacia los trabajadores que vienen enfrentando el ajuste...                <\/div>\n            <\/div>\n\n        <\/div>\n\n        \n        <div class=\"td_module_16 td_module_wrap td-animation-stack\">\n            <div class=\"td-module-thumb\"><a href=\"https:\/\/vamosporlaliberacion.org\/crpmlm\/pretenden-que-bajemos-la-cabeza\/\" rel=\"bookmark\" class=\"td-image-wrap \" title=\"\u201cPretenden que bajemos la cabeza\u201d\" ><img loading=\"lazy\" decoding=\"async\" class=\"entry-thumb\" src=\"\" alt=\"\" title=\"\u201cPretenden que bajemos la cabeza\u201d\" data-type=\"image_tag\" data-img-url=\"https:\/\/i0.wp.com\/vamosporlaliberacion.org\/crpmlm\/wp-content\/uploads\/2016\/02\/vxl64-13.jpg?resize=150%2C150&ssl=1\"  width=\"150\" height=\"150\" \/><\/a><\/div>\n            <div class=\"item-details\">\n                <h3 class=\"entry-title td-module-title\"><a href=\"https:\/\/vamosporlaliberacion.org\/crpmlm\/pretenden-que-bajemos-la-cabeza\/\" rel=\"bookmark\" title=\"\u201cPretenden que bajemos la cabeza\u201d\">\u201cPretenden que bajemos la cabeza\u201d<\/a><\/h3>\n                <div class=\"td-module-meta-info\">\n                                        <span class=\"td-post-author-name\"><a href=\"https:\/\/vamosporlaliberacion.org\/crpmlm\/author\/adminvxl\/\">vamos!<\/a> <span>-<\/span> <\/span>                    <span class=\"td-post-date\"><time class=\"entry-date updated td-module-date\" datetime=\"2015-11-11T11:55:36-03:00\" >11 noviembre, 2015<\/time><\/span>                    <span class=\"td-module-comments\"><a href=\"https:\/\/vamosporlaliberacion.org\/crpmlm\/pretenden-que-bajemos-la-cabeza\/#respond\">0<\/a><\/span>                <\/div>\n\n                <div class=\"td-excerpt\">\n                    \u201cDeclaro mi inocencia y la inocencia de todos los compa\u00f1eros que est\u00e1n siendo injustamente llevados a proceso. Pero el solo hecho de pasar por...                <\/div>\n            <\/div>\n\n        <\/div>\n\n        \n        <div class=\"td_module_16 td_module_wrap td-animation-stack\">\n            <div class=\"td-module-thumb\"><a href=\"https:\/\/vamosporlaliberacion.org\/crpmlm\/desde-el-obelisco-a-la-casa-de-tierra-del-fuego\/\" rel=\"bookmark\" class=\"td-image-wrap \" title=\"Desde el Obelisco a la Casa de Tierra del Fuego\" ><img loading=\"lazy\" decoding=\"async\" class=\"entry-thumb\" src=\"\" alt=\"\" title=\"Desde el Obelisco a la Casa de Tierra del Fuego\" data-type=\"image_tag\" data-img-url=\"https:\/\/i0.wp.com\/vamosporlaliberacion.org\/crpmlm\/wp-content\/uploads\/2016\/02\/vxl64-12.jpg?resize=150%2C150&ssl=1\"  width=\"150\" height=\"150\" \/><\/a><\/div>\n            <div class=\"item-details\">\n                <h3 class=\"entry-title td-module-title\"><a href=\"https:\/\/vamosporlaliberacion.org\/crpmlm\/desde-el-obelisco-a-la-casa-de-tierra-del-fuego\/\" rel=\"bookmark\" title=\"Desde el Obelisco a la Casa de Tierra del Fuego\">Desde el Obelisco a la Casa de Tierra del Fuego<\/a><\/h3>\n                <div class=\"td-module-meta-info\">\n                                        <span class=\"td-post-author-name\"><a href=\"https:\/\/vamosporlaliberacion.org\/crpmlm\/author\/adminvxl\/\">vamos!<\/a> <span>-<\/span> <\/span>                    <span class=\"td-post-date\"><time class=\"entry-date updated td-module-date\" datetime=\"2015-11-11T11:45:07-03:00\" >11 noviembre, 2015<\/time><\/span>                    <span class=\"td-module-comments\"><a href=\"https:\/\/vamosporlaliberacion.org\/crpmlm\/desde-el-obelisco-a-la-casa-de-tierra-del-fuego\/#respond\">0<\/a><\/span>                <\/div>\n\n                <div class=\"td-excerpt\">\n                    Mientras en la provincia fueguina el paro fue total en repudio al juicio farsa contra 33 trabajadores docentes y camioneros, por la ma\u00f1ana del...                <\/div>\n            <\/div>\n\n        <\/div>\n\n        \n        <div class=\"td_module_16 td_module_wrap td-animation-stack\">\n            <div class=\"td-module-thumb\"><a href=\"https:\/\/vamosporlaliberacion.org\/crpmlm\/nieto-recuperado-no118\/\" rel=\"bookmark\" class=\"td-image-wrap \" title=\"Nieto recuperado N\u00ba118\" ><img loading=\"lazy\" decoding=\"async\" class=\"entry-thumb\" src=\"\" alt=\"\" title=\"Nieto recuperado N\u00ba118\" data-type=\"image_tag\" data-img-url=\"https:\/\/i0.wp.com\/vamosporlaliberacion.org\/crpmlm\/wp-content\/uploads\/2016\/02\/vxl64-10.jpg?resize=150%2C150&ssl=1\"  width=\"150\" height=\"150\" \/><\/a><\/div>\n            <div class=\"item-details\">\n                <h3 class=\"entry-title td-module-title\"><a href=\"https:\/\/vamosporlaliberacion.org\/crpmlm\/nieto-recuperado-no118\/\" rel=\"bookmark\" title=\"Nieto recuperado N\u00ba118\">Nieto recuperado N\u00ba118<\/a><\/h3>\n                <div class=\"td-module-meta-info\">\n                                        <span class=\"td-post-author-name\"><a href=\"https:\/\/vamosporlaliberacion.org\/crpmlm\/author\/adminvxl\/\">vamos!<\/a> <span>-<\/span> <\/span>                    <span class=\"td-post-date\"><time class=\"entry-date updated td-module-date\" datetime=\"2015-11-11T11:45:04-03:00\" >11 noviembre, 2015<\/time><\/span>                    <span class=\"td-module-comments\"><a href=\"https:\/\/vamosporlaliberacion.org\/crpmlm\/nieto-recuperado-no118\/#respond\">0<\/a><\/span>                <\/div>\n\n                <div class=\"td-excerpt\">\n                    &quot;\u00bfPor qu\u00e9 no? Sos mi abuela&quot;, respondi\u00f3 cuando Delia Giovanola le pregunt\u00f3 si estaba seguro que quer\u00eda hablar de nuevo. Delia, una de las...                <\/div>\n            <\/div>\n\n        <\/div>\n\n        <\/div><\/div> <!-- .\/block --><div class=\"td_block_wrap td_block_21 tdi_22_ac2 td-pb-border-top td_block_template_1 td-column-2\"  data-td-block-uid=\"tdi_22_ac2\" >\n<style>\n.td_block_template_2.widget > ul > li,\n            .td_block_template_6.widget > ul > li,\n            .td_block_template_8.widget > ul > li,\n            .td_block_template_9.widget > ul > li,\n            .td_block_template_10.widget > ul > li,\n            .td_block_template_11.widget > ul > li,\n            .td_block_template_12.widget > ul > li,\n            .td_block_template_13.widget > ul > li,\n            .td_block_template_14.widget > ul > li,\n            .td_block_template_15.widget > ul > li,\n            .td_block_template_16.widget > ul > li,\n            .td_block_template_17.widget > ul > li {\n                margin-left: 0 !important;\n            }\n            .global-block-template-12 .td-comments-title span,\n            .global-block-template-13 .td-comments-title span {\n                margin-left: 0 !important;\n                font-size: 20px;\n            }\n            @media (max-width: 767px) {\n                .global-block-template-12 .td-comments-title span,\n                .global-block-template-13 .td-comments-title span {\n                    font-size: 15px;\n                }\n            }\n            .td-block-title-wrap .td-wrapper-pulldown-filter {\n                font-family: 'Roboto', sans-serif;\n                position: absolute;\n                bottom: 0;\n                right: 0;\n                top: 0;\n                margin: auto 0;\n                z-index: 2;\n                background-color: #fff;\n                font-size: 13px;\n                line-height: 1;\n                color: #777;\n                text-align: right;\n            }\n            .td-block-title-wrap .td-wrapper-pulldown-filter .td-pulldown-filter-display-option {\n                cursor: pointer;\n                white-space: nowrap;\n                position: relative;\n                line-height: 29px;\n            }\n            .td-block-title-wrap .td-wrapper-pulldown-filter .td-pulldown-filter-display-option i {\n                font-size: 9px;\n                color: #777;\n                margin-left: 20px;\n                margin-right: 10px;\n            }\n            .td-block-title-wrap .td-wrapper-pulldown-filter .td-pulldown-filter-display-option i:before {\n                content: '\\e83d';\n            }\n            .td-block-title-wrap .td-wrapper-pulldown-filter .td-pulldown-filter-display-option span {\n                padding-left: 20px;\n                margin-right: -14px;\n            }\n            @media (max-width: 360px) {\n                .td-block-title-wrap .td-wrapper-pulldown-filter .td-pulldown-filter-display-option span {\n                    display: none;\n                }\n            }\n            .td-block-title-wrap .td-wrapper-pulldown-filter .td-pulldown-filter-display-option:hover {\n                color: #4db2ec;\n            }\n            .td-block-title-wrap .td-wrapper-pulldown-filter .td-pulldown-filter-display-option:hover i {\n                color: #4db2ec;\n            }\n            .td-block-title-wrap .td-wrapper-pulldown-filter .td-pulldown-filter-display-option:hover ul {\n                display: block;\n            }\n            .td-block-title-wrap .td-wrapper-pulldown-filter .td-pulldown-filter-list {\n                list-style: none;\n                position: absolute;\n                right: 0;\n                top: 100%;\n                padding: 18px 0;\n                background-color: rgb(255, 255, 255);\n                background-color: rgba(255, 255, 255, 0.95);\n                z-index: 999;\n                border-width: 1px;\n                border-color: #ededed;\n                border-style: solid;\n                display: none;\n                margin: 0;\n            }\n            .td-block-title-wrap .td-wrapper-pulldown-filter .td-pulldown-filter-item {\n                list-style: none;\n                margin: 0;\n            }\n            .td-block-title-wrap .td-wrapper-pulldown-filter .td-pulldown-filter-item .td-cur-simple-item {\n                color: #4db2ec;\n            }\n            .td-block-title-wrap .td-wrapper-pulldown-filter .td-pulldown-more {\n                padding-bottom: 10px;\n            }\n            .td-block-title-wrap .td-wrapper-pulldown-filter .td-pulldown-more:before {\n                content: '';\n                width: 70px;\n                height: 100%;\n                position: absolute;\n                margin-top: 2px;\n                top: 0;\n                right: 0;\n                z-index: 1;\n                opacity: 0;\n            }\n            .td-block-title-wrap .td-wrapper-pulldown-filter .td-pulldown-filter-link {\n                color: #777;\n                white-space: nowrap;\n                display: block;\n                line-height: 26px;\n                padding-left: 36px;\n                padding-right: 27px;\n            }\n            .td-block-title-wrap .td-wrapper-pulldown-filter .td-pulldown-filter-link:hover {\n                color: #4db2ec;\n            }\n            @media (min-width: 768px) and (max-width: 1018px) {\n                .td-pb-span4 .td-block-title-wrap .td-wrapper-pulldown-filter .td-pulldown-filter-display-option span {\n                    display: none;\n                }\n                .td-pb-span4 .td-block-title-wrap .td-wrapper-pulldown-filter .td-pulldown-filter-link {\n                    padding-left: 24px;\n                    padding-right: 20px !important;\n                }\n            }\n            @-moz-document url-prefix() {\n                .td-pulldown-syle-default .td-subcat-more,\n                .td-pulldown-syle-default .td-subcat-list {\n                    position: relative;\n                    top: -1px;\n                }\n            }\n            .td-pulldown-syle-2 {\n                top: 0;\n            }\n            .td-pulldown-syle-2 .td-subcat-dropdown ul {\n                padding: 20px 0;\n                margin-top: 0;\n            }\n            .td-pulldown-syle-2 .td-subcat-dropdown ul:after {\n                content: '';\n                position: absolute;\n                width: calc(100% + 2px);\n                height: 3px;\n                top: 0;\n                left: -1px;\n                background-color: #4db2ec;\n            }\n            .td-pulldown-syle-2 .td-subcat-dropdown a {\n                padding-left: 40px;\n                padding-right: 31px;\n            }\n            .td-pulldown-syle-2 .td-subcat-dropdown:hover .td-subcat-more {\n                background-color: transparent !important;\n            }\n            .td-pulldown-syle-2 .td-subcat-dropdown:hover .td-subcat-more span,\n            .td-pulldown-syle-2 .td-subcat-dropdown:hover .td-subcat-more i {\n                color: #4db2ec;\n            }\n            .td-pulldown-syle-2 .td-subcat-dropdown .td-subcat-more {\n                margin-left: 9px;\n                margin-bottom: 8px; \/\/ this align the dropdown list\n            }\n            .td-pulldown-syle-2 .td-subcat-list .td-subcat-item {\n                margin-left: 24px;\n            }\n            .td-pulldown-syle-3 {\n                top: 0;\n            }\n            .td-pulldown-syle-3 .td-subcat-dropdown ul {\n                padding: 15px 0;\n                margin-top: -1px;\n                border-width: 1px;\n            }\n            .td-pulldown-syle-3 .td-subcat-dropdown a {\n                padding-left: 40px;\n                padding-right: 31px;\n            }\n            .td-pulldown-syle-3 .td-subcat-dropdown &:hover .td-subcat-more {\n                background-color: transparent !important;\n            }\n            .td-pulldown-syle-3 .td-subcat-dropdown &:hover .td-subcat-more span,\n            .td-pulldown-syle-3 .td-subcat-dropdown &:hover .td-subcat-more i {\n                color: #4db2ec;\n            }\n            .td-pulldown-syle-3 .td-subcat-dropdown .td-subcat-more {\n                margin-left: 9px;\n                margin-bottom: 8px; \/\/ this align the dropdown list\n            }\n            .td-pulldown-syle-3 .td-subcat-list .td-subcat-item {\n                margin-left: 24px;\n            }\n            \n            \n\n            \n            .td-theme-wrap .tdi_22_ac2 .td-pulldown-filter-link:hover,\n            .td-theme-wrap .tdi_22_ac2 .td-subcat-item a:hover,\n            .td-theme-wrap .tdi_22_ac2 .td-subcat-item .td-cur-simple-item {\n                color: #dd3333;\n            }\n\n            .td-theme-wrap .tdi_22_ac2 .block-title > *,\n            .td-theme-wrap .tdi_22_ac2 .td-subcat-dropdown:hover .td-subcat-more {\n                background-color: #dd3333;\n            }\n            .td-theme-wrap .td-footer-wrapper .tdi_22_ac2 .block-title > * {\n                padding: 6px 7px 5px;\n                line-height: 1;\n            }\n\n            .td-theme-wrap .tdi_22_ac2 .block-title {\n                border-color: #dd3333;\n            }\n\n            \n            .td-theme-wrap .tdi_22_ac2 .td_module_wrap:hover .entry-title a,\n            .td-theme-wrap .tdi_22_ac2 .td_quote_on_blocks,\n            .td-theme-wrap .tdi_22_ac2 .td-opacity-cat .td-post-category:hover,\n            .td-theme-wrap .tdi_22_ac2 .td-opacity-read .td-read-more a:hover,\n            .td-theme-wrap .tdi_22_ac2 .td-opacity-author .td-post-author-name a:hover,\n            .td-theme-wrap .tdi_22_ac2 .td-instagram-user a {\n                color: #dd3333;\n            }\n\n            .td-theme-wrap .tdi_22_ac2 .td-next-prev-wrap a:hover,\n            .td-theme-wrap .tdi_22_ac2 .td-load-more-wrap a:hover {\n                background-color: #dd3333;\n                border-color: #dd3333;\n            }\n\n            .td-theme-wrap .tdi_22_ac2 .td-read-more a,\n            .td-theme-wrap .tdi_22_ac2 .td-weather-information:before,\n            .td-theme-wrap .tdi_22_ac2 .td-weather-week:before,\n            .td-theme-wrap .tdi_22_ac2 .td-exchange-header:before,\n            .td-theme-wrap .td-footer-wrapper .tdi_22_ac2 .td-post-category,\n            .td-theme-wrap .tdi_22_ac2 .td-post-category:hover {\n                background-color: #dd3333;\n            }\n<\/style><script>var block_tdi_22_ac2 = new tdBlock();\nblock_tdi_22_ac2.id = \"tdi_22_ac2\";\nblock_tdi_22_ac2.atts = '{\"custom_title\":\"Pol\\u00edtica\",\"header_color\":\"#dd3333\",\"category_id\":\"10\",\"tag_slug\":\"vxl 64\",\"limit\":\"10\",\"td_filter_default_txt\":\"Todo\",\"block_type\":\"td_block_21\",\"separator\":\"\",\"custom_url\":\"\",\"block_template_id\":\"\",\"m16_tl\":\"\",\"m16_el\":\"\",\"post_ids\":\"\",\"category_ids\":\"\",\"autors_id\":\"\",\"installed_post_types\":\"\",\"sort\":\"\",\"offset\":\"\",\"show_modified_date\":\"\",\"el_class\":\"\",\"td_ajax_filter_type\":\"\",\"td_ajax_filter_ids\":\"\",\"td_ajax_preloading\":\"\",\"f_header_font_header\":\"\",\"f_header_font_title\":\"Block header\",\"f_header_font_settings\":\"\",\"f_header_font_family\":\"\",\"f_header_font_size\":\"\",\"f_header_font_line_height\":\"\",\"f_header_font_style\":\"\",\"f_header_font_weight\":\"\",\"f_header_font_transform\":\"\",\"f_header_font_spacing\":\"\",\"f_header_\":\"\",\"f_ajax_font_title\":\"Ajax categories\",\"f_ajax_font_settings\":\"\",\"f_ajax_font_family\":\"\",\"f_ajax_font_size\":\"\",\"f_ajax_font_line_height\":\"\",\"f_ajax_font_style\":\"\",\"f_ajax_font_weight\":\"\",\"f_ajax_font_transform\":\"\",\"f_ajax_font_spacing\":\"\",\"f_ajax_\":\"\",\"f_more_font_title\":\"Load more button\",\"f_more_font_settings\":\"\",\"f_more_font_family\":\"\",\"f_more_font_size\":\"\",\"f_more_font_line_height\":\"\",\"f_more_font_style\":\"\",\"f_more_font_weight\":\"\",\"f_more_font_transform\":\"\",\"f_more_font_spacing\":\"\",\"f_more_\":\"\",\"m16f_title_font_header\":\"\",\"m16f_title_font_title\":\"Article title\",\"m16f_title_font_settings\":\"\",\"m16f_title_font_family\":\"\",\"m16f_title_font_size\":\"\",\"m16f_title_font_line_height\":\"\",\"m16f_title_font_style\":\"\",\"m16f_title_font_weight\":\"\",\"m16f_title_font_transform\":\"\",\"m16f_title_font_spacing\":\"\",\"m16f_title_\":\"\",\"m16f_cat_font_title\":\"Article category tag\",\"m16f_cat_font_settings\":\"\",\"m16f_cat_font_family\":\"\",\"m16f_cat_font_size\":\"\",\"m16f_cat_font_line_height\":\"\",\"m16f_cat_font_style\":\"\",\"m16f_cat_font_weight\":\"\",\"m16f_cat_font_transform\":\"\",\"m16f_cat_font_spacing\":\"\",\"m16f_cat_\":\"\",\"m16f_meta_font_title\":\"Article meta info\",\"m16f_meta_font_settings\":\"\",\"m16f_meta_font_family\":\"\",\"m16f_meta_font_size\":\"\",\"m16f_meta_font_line_height\":\"\",\"m16f_meta_font_style\":\"\",\"m16f_meta_font_weight\":\"\",\"m16f_meta_font_transform\":\"\",\"m16f_meta_font_spacing\":\"\",\"m16f_meta_\":\"\",\"m16f_ex_font_title\":\"Article excerpt\",\"m16f_ex_font_settings\":\"\",\"m16f_ex_font_family\":\"\",\"m16f_ex_font_size\":\"\",\"m16f_ex_font_line_height\":\"\",\"m16f_ex_font_style\":\"\",\"m16f_ex_font_weight\":\"\",\"m16f_ex_font_transform\":\"\",\"m16f_ex_font_spacing\":\"\",\"m16f_ex_\":\"\",\"ajax_pagination\":\"\",\"ajax_pagination_infinite_stop\":\"\",\"css\":\"\",\"tdc_css\":\"\",\"td_column_number\":2,\"color_preset\":\"\",\"border_top\":\"\",\"class\":\"tdi_22_ac2\",\"tdc_css_class\":\"tdi_22_ac2\",\"tdc_css_class_style\":\"tdi_22_ac2_rand_style\"}';\nblock_tdi_22_ac2.td_column_number = \"2\";\nblock_tdi_22_ac2.block_type = \"td_block_21\";\nblock_tdi_22_ac2.post_count = \"10\";\nblock_tdi_22_ac2.found_posts = \"25\";\nblock_tdi_22_ac2.header_color = \"#dd3333\";\nblock_tdi_22_ac2.ajax_pagination_infinite_stop = \"\";\nblock_tdi_22_ac2.max_num_pages = \"3\";\ntdBlocksArray.push(block_tdi_22_ac2);\n<\/script><div class=\"td-block-title-wrap\"><h4 class=\"block-title td-block-title\"><span class=\"td-pulldown-size\">Pol\u00edtica<\/span><\/h4><\/div><div id=tdi_22_ac2 class=\"td_block_inner\">\n        <div class=\"td_module_16 td_module_wrap td-animation-stack\">\n            <div class=\"td-module-thumb\"><a href=\"https:\/\/vamosporlaliberacion.org\/crpmlm\/eugenio-cabib-y-juan-telmo-ortiz-presentes\/\" rel=\"bookmark\" class=\"td-image-wrap \" title=\"Eugenio Cabib y Juan Telmo Ortiz, presentes!\" ><img loading=\"lazy\" decoding=\"async\" class=\"entry-thumb\" src=\"\" alt=\"\" title=\"Eugenio Cabib y Juan Telmo Ortiz, presentes!\" data-type=\"image_tag\" data-img-url=\"https:\/\/i0.wp.com\/vamosporlaliberacion.org\/crpmlm\/wp-content\/uploads\/2016\/02\/vxl64-20.jpg?resize=150%2C150&ssl=1\"  width=\"150\" height=\"150\" \/><\/a><\/div>\n            <div class=\"item-details\">\n                <h3 class=\"entry-title td-module-title\"><a href=\"https:\/\/vamosporlaliberacion.org\/crpmlm\/eugenio-cabib-y-juan-telmo-ortiz-presentes\/\" rel=\"bookmark\" title=\"Eugenio Cabib y Juan Telmo Ortiz, presentes!\">Eugenio Cabib y Juan Telmo Ortiz, presentes!<\/a><\/h3>\n                <div class=\"td-module-meta-info\">\n                                        <span class=\"td-post-author-name\"><a href=\"https:\/\/vamosporlaliberacion.org\/crpmlm\/author\/adminvxl\/\">vamos!<\/a> <span>-<\/span> <\/span>                    <span class=\"td-post-date\"><time class=\"entry-date updated td-module-date\" datetime=\"2015-11-11T15:18:39-03:00\" >11 noviembre, 2015<\/time><\/span>                    <span class=\"td-module-comments\"><a href=\"https:\/\/vamosporlaliberacion.org\/crpmlm\/eugenio-cabib-y-juan-telmo-ortiz-presentes\/#respond\">0<\/a><\/span>                <\/div>\n\n                <div class=\"td-excerpt\">\n                    Eugenio Cabib\r\nTen\u00eda 32 a\u00f1os cuando fue secuestrado. Un 11 de noviembre de 1976 irrumpi\u00f3 en su casa de Monserrat, en Capital Federal, un grupo...                <\/div>\n            <\/div>\n\n        <\/div>\n\n        \n        <div class=\"td_module_16 td_module_wrap td-animation-stack\">\n            <div class=\"td-module-thumb\"><a href=\"https:\/\/vamosporlaliberacion.org\/crpmlm\/datos-del-escrutinio\/\" rel=\"bookmark\" class=\"td-image-wrap \" title=\"Datos del escrutinio\" ><img decoding=\"async\" class=\"entry-thumb\" src=\"\"alt=\"\" data-type=\"image_tag\" data-img-url=\"https:\/\/vamosporlaliberacion.org\/crpmlm\/wp-content\/plugins\/td-composer\/legacy\/Newspaper\/assets\/images\/no-thumb\/thumbnail.png\"  width=\"\" height=\"\" \/><\/a><\/div>\n            <div class=\"item-details\">\n                <h3 class=\"entry-title td-module-title\"><a href=\"https:\/\/vamosporlaliberacion.org\/crpmlm\/datos-del-escrutinio\/\" rel=\"bookmark\" title=\"Datos del escrutinio\">Datos del escrutinio<\/a><\/h3>\n                <div class=\"td-module-meta-info\">\n                                        <span class=\"td-post-author-name\"><a href=\"https:\/\/vamosporlaliberacion.org\/crpmlm\/author\/adminvxl\/\">vamos!<\/a> <span>-<\/span> <\/span>                    <span class=\"td-post-date\"><time class=\"entry-date updated td-module-date\" datetime=\"2015-11-11T12:18:37-03:00\" >11 noviembre, 2015<\/time><\/span>                    <span class=\"td-module-comments\"><a href=\"https:\/\/vamosporlaliberacion.org\/crpmlm\/datos-del-escrutinio\/#respond\">0<\/a><\/span>                <\/div>\n\n                <div class=\"td-excerpt\">\n                    De acuerdo a los datos del escrutinio definitivo, el 25 de octubre votaron 26.048.320 personas (80% del padr\u00f3n), lo que arroja unos 2 millones...                <\/div>\n            <\/div>\n\n        <\/div>\n\n        \n        <div class=\"td_module_16 td_module_wrap td-animation-stack\">\n            <div class=\"td-module-thumb\"><a href=\"https:\/\/vamosporlaliberacion.org\/crpmlm\/un-ciclo-de-crecimiento-dependiente-agotado\/\" rel=\"bookmark\" class=\"td-image-wrap \" title=\"Un ciclo de crecimiento dependiente agotado\" ><img loading=\"lazy\" decoding=\"async\" class=\"entry-thumb\" src=\"\" alt=\"\" title=\"Un ciclo de crecimiento dependiente agotado\" data-type=\"image_tag\" data-img-url=\"https:\/\/i0.wp.com\/vamosporlaliberacion.org\/crpmlm\/wp-content\/uploads\/2016\/02\/vxl64-19.jpg?resize=150%2C150&ssl=1\"  width=\"150\" height=\"150\" \/><\/a><\/div>\n            <div class=\"item-details\">\n                <h3 class=\"entry-title td-module-title\"><a href=\"https:\/\/vamosporlaliberacion.org\/crpmlm\/un-ciclo-de-crecimiento-dependiente-agotado\/\" rel=\"bookmark\" title=\"Un ciclo de crecimiento dependiente agotado\">Un ciclo de crecimiento dependiente agotado<\/a><\/h3>\n                <div class=\"td-module-meta-info\">\n                                        <span class=\"td-post-author-name\"><a href=\"https:\/\/vamosporlaliberacion.org\/crpmlm\/author\/adminvxl\/\">vamos!<\/a> <span>-<\/span> <\/span>                    <span class=\"td-post-date\"><time class=\"entry-date updated td-module-date\" datetime=\"2015-11-11T12:18:36-03:00\" >11 noviembre, 2015<\/time><\/span>                    <span class=\"td-module-comments\"><a href=\"https:\/\/vamosporlaliberacion.org\/crpmlm\/un-ciclo-de-crecimiento-dependiente-agotado\/#respond\">0<\/a><\/span>                <\/div>\n\n                <div class=\"td-excerpt\">\n                    El PBI, el \u00edndice de ocupaci\u00f3n de obreros en la industria, el salario real, el saldo de la balanza comercial\u2026 numerosos indicadores econ\u00f3micos manifiestan...                <\/div>\n            <\/div>\n\n        <\/div>\n\n        \n        <div class=\"td_module_16 td_module_wrap td-animation-stack\">\n            <div class=\"td-module-thumb\"><a href=\"https:\/\/vamosporlaliberacion.org\/crpmlm\/un-convenio-fraudulento-para-aplicar-el-ajuste\/\" rel=\"bookmark\" class=\"td-image-wrap \" title=\"Un convenio fraudulento para aplicar el ajuste\" ><img loading=\"lazy\" decoding=\"async\" class=\"entry-thumb\" src=\"\" alt=\"\" title=\"Un convenio fraudulento para aplicar el ajuste\" data-type=\"image_tag\" data-img-url=\"https:\/\/i0.wp.com\/vamosporlaliberacion.org\/crpmlm\/wp-content\/uploads\/2016\/02\/vxl64-18.jpg?resize=150%2C150&ssl=1\"  width=\"150\" height=\"150\" \/><\/a><\/div>\n            <div class=\"item-details\">\n                <h3 class=\"entry-title td-module-title\"><a href=\"https:\/\/vamosporlaliberacion.org\/crpmlm\/un-convenio-fraudulento-para-aplicar-el-ajuste\/\" rel=\"bookmark\" title=\"Un convenio fraudulento para aplicar el ajuste\">Un convenio fraudulento para aplicar el ajuste<\/a><\/h3>\n                <div class=\"td-module-meta-info\">\n                                        <span class=\"td-post-author-name\"><a href=\"https:\/\/vamosporlaliberacion.org\/crpmlm\/author\/adminvxl\/\">vamos!<\/a> <span>-<\/span> <\/span>                    <span class=\"td-post-date\"><time class=\"entry-date updated td-module-date\" datetime=\"2015-11-11T12:03:18-03:00\" >11 noviembre, 2015<\/time><\/span>                    <span class=\"td-module-comments\"><a href=\"https:\/\/vamosporlaliberacion.org\/crpmlm\/un-convenio-fraudulento-para-aplicar-el-ajuste\/#respond\">0<\/a><\/span>                <\/div>\n\n                <div class=\"td-excerpt\">\n                    El pasado 4 de noviembre se realiz\u00f3 una masiva asamblea de m\u00e1s de mil trabajadores del Sarmiento para analizar los pasos a seguir ante...                <\/div>\n            <\/div>\n\n        <\/div>\n\n        \n        <div class=\"td_module_16 td_module_wrap td-animation-stack\">\n            <div class=\"td-module-thumb\"><a href=\"https:\/\/vamosporlaliberacion.org\/crpmlm\/los-trabajadores-del-banco-central-decidieron-salir-a-luchar-y-ganaron\/\" rel=\"bookmark\" class=\"td-image-wrap \" title=\"Los trabajadores del Banco Central decidieron salir a luchar y ganaron\" ><img loading=\"lazy\" decoding=\"async\" class=\"entry-thumb\" src=\"\" alt=\"\" title=\"Los trabajadores del Banco Central decidieron salir a luchar y ganaron\" data-type=\"image_tag\" data-img-url=\"https:\/\/i0.wp.com\/vamosporlaliberacion.org\/crpmlm\/wp-content\/uploads\/2016\/02\/vxl64-17.jpg?resize=150%2C150&ssl=1\"  width=\"150\" height=\"150\" \/><\/a><\/div>\n            <div class=\"item-details\">\n                <h3 class=\"entry-title td-module-title\"><a href=\"https:\/\/vamosporlaliberacion.org\/crpmlm\/los-trabajadores-del-banco-central-decidieron-salir-a-luchar-y-ganaron\/\" rel=\"bookmark\" title=\"Los trabajadores del Banco Central decidieron salir a luchar y ganaron\">Los trabajadores del Banco Central decidieron salir a luchar y ganaron<\/a><\/h3>\n                <div class=\"td-module-meta-info\">\n                                        <span class=\"td-post-author-name\"><a href=\"https:\/\/vamosporlaliberacion.org\/crpmlm\/author\/adminvxl\/\">vamos!<\/a> <span>-<\/span> <\/span>                    <span class=\"td-post-date\"><time class=\"entry-date updated td-module-date\" datetime=\"2015-11-11T12:03:17-03:00\" >11 noviembre, 2015<\/time><\/span>                    <span class=\"td-module-comments\"><a href=\"https:\/\/vamosporlaliberacion.org\/crpmlm\/los-trabajadores-del-banco-central-decidieron-salir-a-luchar-y-ganaron\/#respond\">0<\/a><\/span>                <\/div>\n\n                <div class=\"td-excerpt\">\n                    En medio de un escenario pol\u00edtico complejo, te\u00f1ido por la disputa por el recambio de gobierno, los trabajadores del Banco Central se dispusieron a...                <\/div>\n            <\/div>\n\n        <\/div>\n\n        \n        <div class=\"td_module_16 td_module_wrap td-animation-stack\">\n            <div class=\"td-module-thumb\"><a href=\"https:\/\/vamosporlaliberacion.org\/crpmlm\/precarizados-de-loteria-en-lucha\/\" rel=\"bookmark\" class=\"td-image-wrap \" title=\"Precarizados de Loter\u00eda en lucha\" ><img loading=\"lazy\" decoding=\"async\" class=\"entry-thumb\" src=\"\" alt=\"\" title=\"Precarizados de Loter\u00eda en lucha\" data-type=\"image_tag\" data-img-url=\"https:\/\/i0.wp.com\/vamosporlaliberacion.org\/crpmlm\/wp-content\/uploads\/2016\/02\/vxl64-16.jpg?resize=150%2C150&ssl=1\"  width=\"150\" height=\"150\" \/><\/a><\/div>\n            <div class=\"item-details\">\n                <h3 class=\"entry-title td-module-title\"><a href=\"https:\/\/vamosporlaliberacion.org\/crpmlm\/precarizados-de-loteria-en-lucha\/\" rel=\"bookmark\" title=\"Precarizados de Loter\u00eda en lucha\">Precarizados de Loter\u00eda en lucha<\/a><\/h3>\n                <div class=\"td-module-meta-info\">\n                                        <span class=\"td-post-author-name\"><a href=\"https:\/\/vamosporlaliberacion.org\/crpmlm\/author\/adminvxl\/\">vamos!<\/a> <span>-<\/span> <\/span>                    <span class=\"td-post-date\"><time class=\"entry-date updated td-module-date\" datetime=\"2015-11-11T11:55:41-03:00\" >11 noviembre, 2015<\/time><\/span>                    <span class=\"td-module-comments\"><a href=\"https:\/\/vamosporlaliberacion.org\/crpmlm\/precarizados-de-loteria-en-lucha\/#respond\">0<\/a><\/span>                <\/div>\n\n                <div class=\"td-excerpt\">\n                    Los trabajadores precarizados del Instituto Provincial de Loter\u00eda y Casinos salimos a la calle reclam\u00e1ndole al gobernador Scioli que firme nuestro pase a planta....                <\/div>\n            <\/div>\n\n        <\/div>\n\n        \n        <div class=\"td_module_16 td_module_wrap td-animation-stack\">\n            <div class=\"td-module-thumb\"><a href=\"https:\/\/vamosporlaliberacion.org\/crpmlm\/si-tocan-a-uno-tocan-a-todos\/\" rel=\"bookmark\" class=\"td-image-wrap \" title=\"Si tocan a uno, tocan a todos\" ><img loading=\"lazy\" decoding=\"async\" class=\"entry-thumb\" src=\"\" alt=\"\" title=\"Si tocan a uno, tocan a todos\" data-type=\"image_tag\" data-img-url=\"https:\/\/i0.wp.com\/vamosporlaliberacion.org\/crpmlm\/wp-content\/uploads\/2016\/02\/vxl64-14.jpg?resize=150%2C150&ssl=1\"  width=\"150\" height=\"150\" \/><\/a><\/div>\n            <div class=\"item-details\">\n                <h3 class=\"entry-title td-module-title\"><a href=\"https:\/\/vamosporlaliberacion.org\/crpmlm\/si-tocan-a-uno-tocan-a-todos\/\" rel=\"bookmark\" title=\"Si tocan a uno, tocan a todos\">Si tocan a uno, tocan a todos<\/a><\/h3>\n                <div class=\"td-module-meta-info\">\n                                        <span class=\"td-post-author-name\"><a href=\"https:\/\/vamosporlaliberacion.org\/crpmlm\/author\/adminvxl\/\">vamos!<\/a> <span>-<\/span> <\/span>                    <span class=\"td-post-date\"><time class=\"entry-date updated td-module-date\" datetime=\"2015-11-11T11:55:38-03:00\" >11 noviembre, 2015<\/time><\/span>                    <span class=\"td-module-comments\"><a href=\"https:\/\/vamosporlaliberacion.org\/crpmlm\/si-tocan-a-uno-tocan-a-todos\/#respond\">0<\/a><\/span>                <\/div>\n\n                <div class=\"td-excerpt\">\n                    El juicio oral a 33 trabajadores docentes y camioneros, que tiene el claro objetivo de amedrentamiento hacia los trabajadores que vienen enfrentando el ajuste...                <\/div>\n            <\/div>\n\n        <\/div>\n\n        \n        <div class=\"td_module_16 td_module_wrap td-animation-stack\">\n            <div class=\"td-module-thumb\"><a href=\"https:\/\/vamosporlaliberacion.org\/crpmlm\/pretenden-que-bajemos-la-cabeza\/\" rel=\"bookmark\" class=\"td-image-wrap \" title=\"\u201cPretenden que bajemos la cabeza\u201d\" ><img loading=\"lazy\" decoding=\"async\" class=\"entry-thumb\" src=\"\" alt=\"\" title=\"\u201cPretenden que bajemos la cabeza\u201d\" data-type=\"image_tag\" data-img-url=\"https:\/\/i0.wp.com\/vamosporlaliberacion.org\/crpmlm\/wp-content\/uploads\/2016\/02\/vxl64-13.jpg?resize=150%2C150&ssl=1\"  width=\"150\" height=\"150\" \/><\/a><\/div>\n            <div class=\"item-details\">\n                <h3 class=\"entry-title td-module-title\"><a href=\"https:\/\/vamosporlaliberacion.org\/crpmlm\/pretenden-que-bajemos-la-cabeza\/\" rel=\"bookmark\" title=\"\u201cPretenden que bajemos la cabeza\u201d\">\u201cPretenden que bajemos la cabeza\u201d<\/a><\/h3>\n                <div class=\"td-module-meta-info\">\n                                        <span class=\"td-post-author-name\"><a href=\"https:\/\/vamosporlaliberacion.org\/crpmlm\/author\/adminvxl\/\">vamos!<\/a> <span>-<\/span> <\/span>                    <span class=\"td-post-date\"><time class=\"entry-date updated td-module-date\" datetime=\"2015-11-11T11:55:36-03:00\" >11 noviembre, 2015<\/time><\/span>                    <span class=\"td-module-comments\"><a href=\"https:\/\/vamosporlaliberacion.org\/crpmlm\/pretenden-que-bajemos-la-cabeza\/#respond\">0<\/a><\/span>                <\/div>\n\n                <div class=\"td-excerpt\">\n                    \u201cDeclaro mi inocencia y la inocencia de todos los compa\u00f1eros que est\u00e1n siendo injustamente llevados a proceso. Pero el solo hecho de pasar por...                <\/div>\n            <\/div>\n\n        <\/div>\n\n        \n        <div class=\"td_module_16 td_module_wrap td-animation-stack\">\n            <div class=\"td-module-thumb\"><a href=\"https:\/\/vamosporlaliberacion.org\/crpmlm\/desde-el-obelisco-a-la-casa-de-tierra-del-fuego\/\" rel=\"bookmark\" class=\"td-image-wrap \" title=\"Desde el Obelisco a la Casa de Tierra del Fuego\" ><img loading=\"lazy\" decoding=\"async\" class=\"entry-thumb\" src=\"\" alt=\"\" title=\"Desde el Obelisco a la Casa de Tierra del Fuego\" data-type=\"image_tag\" data-img-url=\"https:\/\/i0.wp.com\/vamosporlaliberacion.org\/crpmlm\/wp-content\/uploads\/2016\/02\/vxl64-12.jpg?resize=150%2C150&ssl=1\"  width=\"150\" height=\"150\" \/><\/a><\/div>\n            <div class=\"item-details\">\n                <h3 class=\"entry-title td-module-title\"><a href=\"https:\/\/vamosporlaliberacion.org\/crpmlm\/desde-el-obelisco-a-la-casa-de-tierra-del-fuego\/\" rel=\"bookmark\" title=\"Desde el Obelisco a la Casa de Tierra del Fuego\">Desde el Obelisco a la Casa de Tierra del Fuego<\/a><\/h3>\n                <div class=\"td-module-meta-info\">\n                                        <span class=\"td-post-author-name\"><a href=\"https:\/\/vamosporlaliberacion.org\/crpmlm\/author\/adminvxl\/\">vamos!<\/a> <span>-<\/span> <\/span>                    <span class=\"td-post-date\"><time class=\"entry-date updated td-module-date\" datetime=\"2015-11-11T11:45:07-03:00\" >11 noviembre, 2015<\/time><\/span>                    <span class=\"td-module-comments\"><a href=\"https:\/\/vamosporlaliberacion.org\/crpmlm\/desde-el-obelisco-a-la-casa-de-tierra-del-fuego\/#respond\">0<\/a><\/span>                <\/div>\n\n                <div class=\"td-excerpt\">\n                    Mientras en la provincia fueguina el paro fue total en repudio al juicio farsa contra 33 trabajadores docentes y camioneros, por la ma\u00f1ana del...                <\/div>\n            <\/div>\n\n        <\/div>\n\n        \n        <div class=\"td_module_16 td_module_wrap td-animation-stack\">\n            <div class=\"td-module-thumb\"><a href=\"https:\/\/vamosporlaliberacion.org\/crpmlm\/nieto-recuperado-no118\/\" rel=\"bookmark\" class=\"td-image-wrap \" title=\"Nieto recuperado N\u00ba118\" ><img loading=\"lazy\" decoding=\"async\" class=\"entry-thumb\" src=\"\" alt=\"\" title=\"Nieto recuperado N\u00ba118\" data-type=\"image_tag\" data-img-url=\"https:\/\/i0.wp.com\/vamosporlaliberacion.org\/crpmlm\/wp-content\/uploads\/2016\/02\/vxl64-10.jpg?resize=150%2C150&ssl=1\"  width=\"150\" height=\"150\" \/><\/a><\/div>\n            <div class=\"item-details\">\n                <h3 class=\"entry-title td-module-title\"><a href=\"https:\/\/vamosporlaliberacion.org\/crpmlm\/nieto-recuperado-no118\/\" rel=\"bookmark\" title=\"Nieto recuperado N\u00ba118\">Nieto recuperado N\u00ba118<\/a><\/h3>\n                <div class=\"td-module-meta-info\">\n                                        <span class=\"td-post-author-name\"><a href=\"https:\/\/vamosporlaliberacion.org\/crpmlm\/author\/adminvxl\/\">vamos!<\/a> <span>-<\/span> <\/span>                    <span class=\"td-post-date\"><time class=\"entry-date updated td-module-date\" datetime=\"2015-11-11T11:45:04-03:00\" >11 noviembre, 2015<\/time><\/span>                    <span class=\"td-module-comments\"><a href=\"https:\/\/vamosporlaliberacion.org\/crpmlm\/nieto-recuperado-no118\/#respond\">0<\/a><\/span>                <\/div>\n\n                <div class=\"td-excerpt\">\n                    &quot;\u00bfPor qu\u00e9 no? Sos mi abuela&quot;, respondi\u00f3 cuando Delia Giovanola le pregunt\u00f3 si estaba seguro que quer\u00eda hablar de nuevo. Delia, una de las...                <\/div>\n            <\/div>\n\n        <\/div>\n\n        <\/div><\/div> <!-- .\/block --><div class=\"td_block_wrap td_block_21 tdi_23_6e3 td-pb-border-top td_block_template_1 td-column-2\"  data-td-block-uid=\"tdi_23_6e3\" >\n<style>\n.td_block_template_2.widget > ul > li,\n            .td_block_template_6.widget > ul > li,\n            .td_block_template_8.widget > ul > li,\n            .td_block_template_9.widget > ul > li,\n            .td_block_template_10.widget > ul > li,\n            .td_block_template_11.widget > ul > li,\n            .td_block_template_12.widget > ul > li,\n            .td_block_template_13.widget > ul > li,\n            .td_block_template_14.widget > ul > li,\n            .td_block_template_15.widget > ul > li,\n            .td_block_template_16.widget > ul > li,\n            .td_block_template_17.widget > ul > li {\n                margin-left: 0 !important;\n            }\n            .global-block-template-12 .td-comments-title span,\n            .global-block-template-13 .td-comments-title span {\n                margin-left: 0 !important;\n                font-size: 20px;\n            }\n            @media (max-width: 767px) {\n                .global-block-template-12 .td-comments-title span,\n                .global-block-template-13 .td-comments-title span {\n                    font-size: 15px;\n                }\n            }\n            .td-block-title-wrap .td-wrapper-pulldown-filter {\n                font-family: 'Roboto', sans-serif;\n                position: absolute;\n                bottom: 0;\n                right: 0;\n                top: 0;\n                margin: auto 0;\n                z-index: 2;\n                background-color: #fff;\n                font-size: 13px;\n                line-height: 1;\n                color: #777;\n                text-align: right;\n            }\n            .td-block-title-wrap .td-wrapper-pulldown-filter .td-pulldown-filter-display-option {\n                cursor: pointer;\n                white-space: nowrap;\n                position: relative;\n                line-height: 29px;\n            }\n            .td-block-title-wrap .td-wrapper-pulldown-filter .td-pulldown-filter-display-option i {\n                font-size: 9px;\n                color: #777;\n                margin-left: 20px;\n                margin-right: 10px;\n            }\n            .td-block-title-wrap .td-wrapper-pulldown-filter .td-pulldown-filter-display-option i:before {\n                content: '\\e83d';\n            }\n            .td-block-title-wrap .td-wrapper-pulldown-filter .td-pulldown-filter-display-option span {\n                padding-left: 20px;\n                margin-right: -14px;\n            }\n            @media (max-width: 360px) {\n                .td-block-title-wrap .td-wrapper-pulldown-filter .td-pulldown-filter-display-option span {\n                    display: none;\n                }\n            }\n            .td-block-title-wrap .td-wrapper-pulldown-filter .td-pulldown-filter-display-option:hover {\n                color: #4db2ec;\n            }\n            .td-block-title-wrap .td-wrapper-pulldown-filter .td-pulldown-filter-display-option:hover i {\n                color: #4db2ec;\n            }\n            .td-block-title-wrap .td-wrapper-pulldown-filter .td-pulldown-filter-display-option:hover ul {\n                display: block;\n            }\n            .td-block-title-wrap .td-wrapper-pulldown-filter .td-pulldown-filter-list {\n                list-style: none;\n                position: absolute;\n                right: 0;\n                top: 100%;\n                padding: 18px 0;\n                background-color: rgb(255, 255, 255);\n                background-color: rgba(255, 255, 255, 0.95);\n                z-index: 999;\n                border-width: 1px;\n                border-color: #ededed;\n                border-style: solid;\n                display: none;\n                margin: 0;\n            }\n            .td-block-title-wrap .td-wrapper-pulldown-filter .td-pulldown-filter-item {\n                list-style: none;\n                margin: 0;\n            }\n            .td-block-title-wrap .td-wrapper-pulldown-filter .td-pulldown-filter-item .td-cur-simple-item {\n                color: #4db2ec;\n            }\n            .td-block-title-wrap .td-wrapper-pulldown-filter .td-pulldown-more {\n                padding-bottom: 10px;\n            }\n            .td-block-title-wrap .td-wrapper-pulldown-filter .td-pulldown-more:before {\n                content: '';\n                width: 70px;\n                height: 100%;\n                position: absolute;\n                margin-top: 2px;\n                top: 0;\n                right: 0;\n                z-index: 1;\n                opacity: 0;\n            }\n            .td-block-title-wrap .td-wrapper-pulldown-filter .td-pulldown-filter-link {\n                color: #777;\n                white-space: nowrap;\n                display: block;\n                line-height: 26px;\n                padding-left: 36px;\n                padding-right: 27px;\n            }\n            .td-block-title-wrap .td-wrapper-pulldown-filter .td-pulldown-filter-link:hover {\n                color: #4db2ec;\n            }\n            @media (min-width: 768px) and (max-width: 1018px) {\n                .td-pb-span4 .td-block-title-wrap .td-wrapper-pulldown-filter .td-pulldown-filter-display-option span {\n                    display: none;\n                }\n                .td-pb-span4 .td-block-title-wrap .td-wrapper-pulldown-filter .td-pulldown-filter-link {\n                    padding-left: 24px;\n                    padding-right: 20px !important;\n                }\n            }\n            @-moz-document url-prefix() {\n                .td-pulldown-syle-default .td-subcat-more,\n                .td-pulldown-syle-default .td-subcat-list {\n                    position: relative;\n                    top: -1px;\n                }\n            }\n            .td-pulldown-syle-2 {\n                top: 0;\n            }\n            .td-pulldown-syle-2 .td-subcat-dropdown ul {\n                padding: 20px 0;\n                margin-top: 0;\n            }\n            .td-pulldown-syle-2 .td-subcat-dropdown ul:after {\n                content: '';\n                position: absolute;\n                width: calc(100% + 2px);\n                height: 3px;\n                top: 0;\n                left: -1px;\n                background-color: #4db2ec;\n            }\n            .td-pulldown-syle-2 .td-subcat-dropdown a {\n                padding-left: 40px;\n                padding-right: 31px;\n            }\n            .td-pulldown-syle-2 .td-subcat-dropdown:hover .td-subcat-more {\n                background-color: transparent !important;\n            }\n            .td-pulldown-syle-2 .td-subcat-dropdown:hover .td-subcat-more span,\n            .td-pulldown-syle-2 .td-subcat-dropdown:hover .td-subcat-more i {\n                color: #4db2ec;\n            }\n            .td-pulldown-syle-2 .td-subcat-dropdown .td-subcat-more {\n                margin-left: 9px;\n                margin-bottom: 8px; \/\/ this align the dropdown list\n            }\n            .td-pulldown-syle-2 .td-subcat-list .td-subcat-item {\n                margin-left: 24px;\n            }\n            .td-pulldown-syle-3 {\n                top: 0;\n            }\n            .td-pulldown-syle-3 .td-subcat-dropdown ul {\n                padding: 15px 0;\n                margin-top: -1px;\n                border-width: 1px;\n            }\n            .td-pulldown-syle-3 .td-subcat-dropdown a {\n                padding-left: 40px;\n                padding-right: 31px;\n            }\n            .td-pulldown-syle-3 .td-subcat-dropdown &:hover .td-subcat-more {\n                background-color: transparent !important;\n            }\n            .td-pulldown-syle-3 .td-subcat-dropdown &:hover .td-subcat-more span,\n            .td-pulldown-syle-3 .td-subcat-dropdown &:hover .td-subcat-more i {\n                color: #4db2ec;\n            }\n            .td-pulldown-syle-3 .td-subcat-dropdown .td-subcat-more {\n                margin-left: 9px;\n                margin-bottom: 8px; \/\/ this align the dropdown list\n            }\n            .td-pulldown-syle-3 .td-subcat-list .td-subcat-item {\n                margin-left: 24px;\n            }\n            \n            \n\n            \n            .td-theme-wrap .tdi_23_6e3 .td-pulldown-filter-link:hover,\n            .td-theme-wrap .tdi_23_6e3 .td-subcat-item a:hover,\n            .td-theme-wrap .tdi_23_6e3 .td-subcat-item .td-cur-simple-item {\n                color: #dd3333;\n            }\n\n            .td-theme-wrap .tdi_23_6e3 .block-title > *,\n            .td-theme-wrap .tdi_23_6e3 .td-subcat-dropdown:hover .td-subcat-more {\n                background-color: #dd3333;\n            }\n            .td-theme-wrap .td-footer-wrapper .tdi_23_6e3 .block-title > * {\n                padding: 6px 7px 5px;\n                line-height: 1;\n            }\n\n            .td-theme-wrap .tdi_23_6e3 .block-title {\n                border-color: #dd3333;\n            }\n\n            \n            .td-theme-wrap .tdi_23_6e3 .td_module_wrap:hover .entry-title a,\n            .td-theme-wrap .tdi_23_6e3 .td_quote_on_blocks,\n            .td-theme-wrap .tdi_23_6e3 .td-opacity-cat .td-post-category:hover,\n            .td-theme-wrap .tdi_23_6e3 .td-opacity-read .td-read-more a:hover,\n            .td-theme-wrap .tdi_23_6e3 .td-opacity-author .td-post-author-name a:hover,\n            .td-theme-wrap .tdi_23_6e3 .td-instagram-user a {\n                color: #dd3333;\n            }\n\n            .td-theme-wrap .tdi_23_6e3 .td-next-prev-wrap a:hover,\n            .td-theme-wrap .tdi_23_6e3 .td-load-more-wrap a:hover {\n                background-color: #dd3333;\n                border-color: #dd3333;\n            }\n\n            .td-theme-wrap .tdi_23_6e3 .td-read-more a,\n            .td-theme-wrap .tdi_23_6e3 .td-weather-information:before,\n            .td-theme-wrap .tdi_23_6e3 .td-weather-week:before,\n            .td-theme-wrap .tdi_23_6e3 .td-exchange-header:before,\n            .td-theme-wrap .td-footer-wrapper .tdi_23_6e3 .td-post-category,\n            .td-theme-wrap .tdi_23_6e3 .td-post-category:hover {\n                background-color: #dd3333;\n            }\n<\/style><script>var block_tdi_23_6e3 = new tdBlock();\nblock_tdi_23_6e3.id = \"tdi_23_6e3\";\nblock_tdi_23_6e3.atts = '{\"custom_title\":\"Econom\\u00eda\",\"header_color\":\"#dd3333\",\"category_id\":\"5\",\"tag_slug\":\"vxl 64\",\"limit\":\"10\",\"td_filter_default_txt\":\"Todo\",\"block_type\":\"td_block_21\",\"separator\":\"\",\"custom_url\":\"\",\"block_template_id\":\"\",\"m16_tl\":\"\",\"m16_el\":\"\",\"post_ids\":\"\",\"category_ids\":\"\",\"autors_id\":\"\",\"installed_post_types\":\"\",\"sort\":\"\",\"offset\":\"\",\"show_modified_date\":\"\",\"el_class\":\"\",\"td_ajax_filter_type\":\"\",\"td_ajax_filter_ids\":\"\",\"td_ajax_preloading\":\"\",\"f_header_font_header\":\"\",\"f_header_font_title\":\"Block header\",\"f_header_font_settings\":\"\",\"f_header_font_family\":\"\",\"f_header_font_size\":\"\",\"f_header_font_line_height\":\"\",\"f_header_font_style\":\"\",\"f_header_font_weight\":\"\",\"f_header_font_transform\":\"\",\"f_header_font_spacing\":\"\",\"f_header_\":\"\",\"f_ajax_font_title\":\"Ajax categories\",\"f_ajax_font_settings\":\"\",\"f_ajax_font_family\":\"\",\"f_ajax_font_size\":\"\",\"f_ajax_font_line_height\":\"\",\"f_ajax_font_style\":\"\",\"f_ajax_font_weight\":\"\",\"f_ajax_font_transform\":\"\",\"f_ajax_font_spacing\":\"\",\"f_ajax_\":\"\",\"f_more_font_title\":\"Load more button\",\"f_more_font_settings\":\"\",\"f_more_font_family\":\"\",\"f_more_font_size\":\"\",\"f_more_font_line_height\":\"\",\"f_more_font_style\":\"\",\"f_more_font_weight\":\"\",\"f_more_font_transform\":\"\",\"f_more_font_spacing\":\"\",\"f_more_\":\"\",\"m16f_title_font_header\":\"\",\"m16f_title_font_title\":\"Article title\",\"m16f_title_font_settings\":\"\",\"m16f_title_font_family\":\"\",\"m16f_title_font_size\":\"\",\"m16f_title_font_line_height\":\"\",\"m16f_title_font_style\":\"\",\"m16f_title_font_weight\":\"\",\"m16f_title_font_transform\":\"\",\"m16f_title_font_spacing\":\"\",\"m16f_title_\":\"\",\"m16f_cat_font_title\":\"Article category tag\",\"m16f_cat_font_settings\":\"\",\"m16f_cat_font_family\":\"\",\"m16f_cat_font_size\":\"\",\"m16f_cat_font_line_height\":\"\",\"m16f_cat_font_style\":\"\",\"m16f_cat_font_weight\":\"\",\"m16f_cat_font_transform\":\"\",\"m16f_cat_font_spacing\":\"\",\"m16f_cat_\":\"\",\"m16f_meta_font_title\":\"Article meta info\",\"m16f_meta_font_settings\":\"\",\"m16f_meta_font_family\":\"\",\"m16f_meta_font_size\":\"\",\"m16f_meta_font_line_height\":\"\",\"m16f_meta_font_style\":\"\",\"m16f_meta_font_weight\":\"\",\"m16f_meta_font_transform\":\"\",\"m16f_meta_font_spacing\":\"\",\"m16f_meta_\":\"\",\"m16f_ex_font_title\":\"Article excerpt\",\"m16f_ex_font_settings\":\"\",\"m16f_ex_font_family\":\"\",\"m16f_ex_font_size\":\"\",\"m16f_ex_font_line_height\":\"\",\"m16f_ex_font_style\":\"\",\"m16f_ex_font_weight\":\"\",\"m16f_ex_font_transform\":\"\",\"m16f_ex_font_spacing\":\"\",\"m16f_ex_\":\"\",\"ajax_pagination\":\"\",\"ajax_pagination_infinite_stop\":\"\",\"css\":\"\",\"tdc_css\":\"\",\"td_column_number\":2,\"color_preset\":\"\",\"border_top\":\"\",\"class\":\"tdi_23_6e3\",\"tdc_css_class\":\"tdi_23_6e3\",\"tdc_css_class_style\":\"tdi_23_6e3_rand_style\"}';\nblock_tdi_23_6e3.td_column_number = \"2\";\nblock_tdi_23_6e3.block_type = \"td_block_21\";\nblock_tdi_23_6e3.post_count = \"10\";\nblock_tdi_23_6e3.found_posts = \"25\";\nblock_tdi_23_6e3.header_color = \"#dd3333\";\nblock_tdi_23_6e3.ajax_pagination_infinite_stop = \"\";\nblock_tdi_23_6e3.max_num_pages = \"3\";\ntdBlocksArray.push(block_tdi_23_6e3);\n<\/script><div class=\"td-block-title-wrap\"><h4 class=\"block-title td-block-title\"><span class=\"td-pulldown-size\">Econom\u00eda<\/span><\/h4><\/div><div id=tdi_23_6e3 class=\"td_block_inner\">\n        <div class=\"td_module_16 td_module_wrap td-animation-stack\">\n            <div class=\"td-module-thumb\"><a href=\"https:\/\/vamosporlaliberacion.org\/crpmlm\/eugenio-cabib-y-juan-telmo-ortiz-presentes\/\" rel=\"bookmark\" class=\"td-image-wrap \" title=\"Eugenio Cabib y Juan Telmo Ortiz, presentes!\" ><img loading=\"lazy\" decoding=\"async\" class=\"entry-thumb\" src=\"\" alt=\"\" title=\"Eugenio Cabib y Juan Telmo Ortiz, presentes!\" data-type=\"image_tag\" data-img-url=\"https:\/\/i0.wp.com\/vamosporlaliberacion.org\/crpmlm\/wp-content\/uploads\/2016\/02\/vxl64-20.jpg?resize=150%2C150&ssl=1\"  width=\"150\" height=\"150\" \/><\/a><\/div>\n            <div class=\"item-details\">\n                <h3 class=\"entry-title td-module-title\"><a href=\"https:\/\/vamosporlaliberacion.org\/crpmlm\/eugenio-cabib-y-juan-telmo-ortiz-presentes\/\" rel=\"bookmark\" title=\"Eugenio Cabib y Juan Telmo Ortiz, presentes!\">Eugenio Cabib y Juan Telmo Ortiz, presentes!<\/a><\/h3>\n                <div class=\"td-module-meta-info\">\n                                        <span class=\"td-post-author-name\"><a href=\"https:\/\/vamosporlaliberacion.org\/crpmlm\/author\/adminvxl\/\">vamos!<\/a> <span>-<\/span> <\/span>                    <span class=\"td-post-date\"><time class=\"entry-date updated td-module-date\" datetime=\"2015-11-11T15:18:39-03:00\" >11 noviembre, 2015<\/time><\/span>                    <span class=\"td-module-comments\"><a href=\"https:\/\/vamosporlaliberacion.org\/crpmlm\/eugenio-cabib-y-juan-telmo-ortiz-presentes\/#respond\">0<\/a><\/span>                <\/div>\n\n                <div class=\"td-excerpt\">\n                    Eugenio Cabib\r\nTen\u00eda 32 a\u00f1os cuando fue secuestrado. Un 11 de noviembre de 1976 irrumpi\u00f3 en su casa de Monserrat, en Capital Federal, un grupo...                <\/div>\n            <\/div>\n\n        <\/div>\n\n        \n        <div class=\"td_module_16 td_module_wrap td-animation-stack\">\n            <div class=\"td-module-thumb\"><a href=\"https:\/\/vamosporlaliberacion.org\/crpmlm\/datos-del-escrutinio\/\" rel=\"bookmark\" class=\"td-image-wrap \" title=\"Datos del escrutinio\" ><img decoding=\"async\" class=\"entry-thumb\" src=\"\"alt=\"\" data-type=\"image_tag\" data-img-url=\"https:\/\/vamosporlaliberacion.org\/crpmlm\/wp-content\/plugins\/td-composer\/legacy\/Newspaper\/assets\/images\/no-thumb\/thumbnail.png\"  width=\"\" height=\"\" \/><\/a><\/div>\n            <div class=\"item-details\">\n                <h3 class=\"entry-title td-module-title\"><a href=\"https:\/\/vamosporlaliberacion.org\/crpmlm\/datos-del-escrutinio\/\" rel=\"bookmark\" title=\"Datos del escrutinio\">Datos del escrutinio<\/a><\/h3>\n                <div class=\"td-module-meta-info\">\n                                        <span class=\"td-post-author-name\"><a href=\"https:\/\/vamosporlaliberacion.org\/crpmlm\/author\/adminvxl\/\">vamos!<\/a> <span>-<\/span> <\/span>                    <span class=\"td-post-date\"><time class=\"entry-date updated td-module-date\" datetime=\"2015-11-11T12:18:37-03:00\" >11 noviembre, 2015<\/time><\/span>                    <span class=\"td-module-comments\"><a href=\"https:\/\/vamosporlaliberacion.org\/crpmlm\/datos-del-escrutinio\/#respond\">0<\/a><\/span>                <\/div>\n\n                <div class=\"td-excerpt\">\n                    De acuerdo a los datos del escrutinio definitivo, el 25 de octubre votaron 26.048.320 personas (80% del padr\u00f3n), lo que arroja unos 2 millones...                <\/div>\n            <\/div>\n\n        <\/div>\n\n        \n        <div class=\"td_module_16 td_module_wrap td-animation-stack\">\n            <div class=\"td-module-thumb\"><a href=\"https:\/\/vamosporlaliberacion.org\/crpmlm\/un-ciclo-de-crecimiento-dependiente-agotado\/\" rel=\"bookmark\" class=\"td-image-wrap \" title=\"Un ciclo de crecimiento dependiente agotado\" ><img loading=\"lazy\" decoding=\"async\" class=\"entry-thumb\" src=\"\" alt=\"\" title=\"Un ciclo de crecimiento dependiente agotado\" data-type=\"image_tag\" data-img-url=\"https:\/\/i0.wp.com\/vamosporlaliberacion.org\/crpmlm\/wp-content\/uploads\/2016\/02\/vxl64-19.jpg?resize=150%2C150&ssl=1\"  width=\"150\" height=\"150\" \/><\/a><\/div>\n            <div class=\"item-details\">\n                <h3 class=\"entry-title td-module-title\"><a href=\"https:\/\/vamosporlaliberacion.org\/crpmlm\/un-ciclo-de-crecimiento-dependiente-agotado\/\" rel=\"bookmark\" title=\"Un ciclo de crecimiento dependiente agotado\">Un ciclo de crecimiento dependiente agotado<\/a><\/h3>\n                <div class=\"td-module-meta-info\">\n                                        <span class=\"td-post-author-name\"><a href=\"https:\/\/vamosporlaliberacion.org\/crpmlm\/author\/adminvxl\/\">vamos!<\/a> <span>-<\/span> <\/span>                    <span class=\"td-post-date\"><time class=\"entry-date updated td-module-date\" datetime=\"2015-11-11T12:18:36-03:00\" >11 noviembre, 2015<\/time><\/span>                    <span class=\"td-module-comments\"><a href=\"https:\/\/vamosporlaliberacion.org\/crpmlm\/un-ciclo-de-crecimiento-dependiente-agotado\/#respond\">0<\/a><\/span>                <\/div>\n\n                <div class=\"td-excerpt\">\n                    El PBI, el \u00edndice de ocupaci\u00f3n de obreros en la industria, el salario real, el saldo de la balanza comercial\u2026 numerosos indicadores econ\u00f3micos manifiestan...                <\/div>\n            <\/div>\n\n        <\/div>\n\n        \n        <div class=\"td_module_16 td_module_wrap td-animation-stack\">\n            <div class=\"td-module-thumb\"><a href=\"https:\/\/vamosporlaliberacion.org\/crpmlm\/un-convenio-fraudulento-para-aplicar-el-ajuste\/\" rel=\"bookmark\" class=\"td-image-wrap \" title=\"Un convenio fraudulento para aplicar el ajuste\" ><img loading=\"lazy\" decoding=\"async\" class=\"entry-thumb\" src=\"\" alt=\"\" title=\"Un convenio fraudulento para aplicar el ajuste\" data-type=\"image_tag\" data-img-url=\"https:\/\/i0.wp.com\/vamosporlaliberacion.org\/crpmlm\/wp-content\/uploads\/2016\/02\/vxl64-18.jpg?resize=150%2C150&ssl=1\"  width=\"150\" height=\"150\" \/><\/a><\/div>\n            <div class=\"item-details\">\n                <h3 class=\"entry-title td-module-title\"><a href=\"https:\/\/vamosporlaliberacion.org\/crpmlm\/un-convenio-fraudulento-para-aplicar-el-ajuste\/\" rel=\"bookmark\" title=\"Un convenio fraudulento para aplicar el ajuste\">Un convenio fraudulento para aplicar el ajuste<\/a><\/h3>\n                <div class=\"td-module-meta-info\">\n                                        <span class=\"td-post-author-name\"><a href=\"https:\/\/vamosporlaliberacion.org\/crpmlm\/author\/adminvxl\/\">vamos!<\/a> <span>-<\/span> <\/span>                    <span class=\"td-post-date\"><time class=\"entry-date updated td-module-date\" datetime=\"2015-11-11T12:03:18-03:00\" >11 noviembre, 2015<\/time><\/span>                    <span class=\"td-module-comments\"><a href=\"https:\/\/vamosporlaliberacion.org\/crpmlm\/un-convenio-fraudulento-para-aplicar-el-ajuste\/#respond\">0<\/a><\/span>                <\/div>\n\n                <div class=\"td-excerpt\">\n                    El pasado 4 de noviembre se realiz\u00f3 una masiva asamblea de m\u00e1s de mil trabajadores del Sarmiento para analizar los pasos a seguir ante...                <\/div>\n            <\/div>\n\n        <\/div>\n\n        \n        <div class=\"td_module_16 td_module_wrap td-animation-stack\">\n            <div class=\"td-module-thumb\"><a href=\"https:\/\/vamosporlaliberacion.org\/crpmlm\/los-trabajadores-del-banco-central-decidieron-salir-a-luchar-y-ganaron\/\" rel=\"bookmark\" class=\"td-image-wrap \" title=\"Los trabajadores del Banco Central decidieron salir a luchar y ganaron\" ><img loading=\"lazy\" decoding=\"async\" class=\"entry-thumb\" src=\"\" alt=\"\" title=\"Los trabajadores del Banco Central decidieron salir a luchar y ganaron\" data-type=\"image_tag\" data-img-url=\"https:\/\/i0.wp.com\/vamosporlaliberacion.org\/crpmlm\/wp-content\/uploads\/2016\/02\/vxl64-17.jpg?resize=150%2C150&ssl=1\"  width=\"150\" height=\"150\" \/><\/a><\/div>\n            <div class=\"item-details\">\n                <h3 class=\"entry-title td-module-title\"><a href=\"https:\/\/vamosporlaliberacion.org\/crpmlm\/los-trabajadores-del-banco-central-decidieron-salir-a-luchar-y-ganaron\/\" rel=\"bookmark\" title=\"Los trabajadores del Banco Central decidieron salir a luchar y ganaron\">Los trabajadores del Banco Central decidieron salir a luchar y ganaron<\/a><\/h3>\n                <div class=\"td-module-meta-info\">\n                                        <span class=\"td-post-author-name\"><a href=\"https:\/\/vamosporlaliberacion.org\/crpmlm\/author\/adminvxl\/\">vamos!<\/a> <span>-<\/span> <\/span>                    <span class=\"td-post-date\"><time class=\"entry-date updated td-module-date\" datetime=\"2015-11-11T12:03:17-03:00\" >11 noviembre, 2015<\/time><\/span>                    <span class=\"td-module-comments\"><a href=\"https:\/\/vamosporlaliberacion.org\/crpmlm\/los-trabajadores-del-banco-central-decidieron-salir-a-luchar-y-ganaron\/#respond\">0<\/a><\/span>                <\/div>\n\n                <div class=\"td-excerpt\">\n                    En medio de un escenario pol\u00edtico complejo, te\u00f1ido por la disputa por el recambio de gobierno, los trabajadores del Banco Central se dispusieron a...                <\/div>\n            <\/div>\n\n        <\/div>\n\n        \n        <div class=\"td_module_16 td_module_wrap td-animation-stack\">\n            <div class=\"td-module-thumb\"><a href=\"https:\/\/vamosporlaliberacion.org\/crpmlm\/precarizados-de-loteria-en-lucha\/\" rel=\"bookmark\" class=\"td-image-wrap \" title=\"Precarizados de Loter\u00eda en lucha\" ><img loading=\"lazy\" decoding=\"async\" class=\"entry-thumb\" src=\"\" alt=\"\" title=\"Precarizados de Loter\u00eda en lucha\" data-type=\"image_tag\" data-img-url=\"https:\/\/i0.wp.com\/vamosporlaliberacion.org\/crpmlm\/wp-content\/uploads\/2016\/02\/vxl64-16.jpg?resize=150%2C150&ssl=1\"  width=\"150\" height=\"150\" \/><\/a><\/div>\n            <div class=\"item-details\">\n                <h3 class=\"entry-title td-module-title\"><a href=\"https:\/\/vamosporlaliberacion.org\/crpmlm\/precarizados-de-loteria-en-lucha\/\" rel=\"bookmark\" title=\"Precarizados de Loter\u00eda en lucha\">Precarizados de Loter\u00eda en lucha<\/a><\/h3>\n                <div class=\"td-module-meta-info\">\n                                        <span class=\"td-post-author-name\"><a href=\"https:\/\/vamosporlaliberacion.org\/crpmlm\/author\/adminvxl\/\">vamos!<\/a> <span>-<\/span> <\/span>                    <span class=\"td-post-date\"><time class=\"entry-date updated td-module-date\" datetime=\"2015-11-11T11:55:41-03:00\" >11 noviembre, 2015<\/time><\/span>                    <span class=\"td-module-comments\"><a href=\"https:\/\/vamosporlaliberacion.org\/crpmlm\/precarizados-de-loteria-en-lucha\/#respond\">0<\/a><\/span>                <\/div>\n\n                <div class=\"td-excerpt\">\n                    Los trabajadores precarizados del Instituto Provincial de Loter\u00eda y Casinos salimos a la calle reclam\u00e1ndole al gobernador Scioli que firme nuestro pase a planta....                <\/div>\n            <\/div>\n\n        <\/div>\n\n        \n        <div class=\"td_module_16 td_module_wrap td-animation-stack\">\n            <div class=\"td-module-thumb\"><a href=\"https:\/\/vamosporlaliberacion.org\/crpmlm\/si-tocan-a-uno-tocan-a-todos\/\" rel=\"bookmark\" class=\"td-image-wrap \" title=\"Si tocan a uno, tocan a todos\" ><img loading=\"lazy\" decoding=\"async\" class=\"entry-thumb\" src=\"\" alt=\"\" title=\"Si tocan a uno, tocan a todos\" data-type=\"image_tag\" data-img-url=\"https:\/\/i0.wp.com\/vamosporlaliberacion.org\/crpmlm\/wp-content\/uploads\/2016\/02\/vxl64-14.jpg?resize=150%2C150&ssl=1\"  width=\"150\" height=\"150\" \/><\/a><\/div>\n            <div class=\"item-details\">\n                <h3 class=\"entry-title td-module-title\"><a href=\"https:\/\/vamosporlaliberacion.org\/crpmlm\/si-tocan-a-uno-tocan-a-todos\/\" rel=\"bookmark\" title=\"Si tocan a uno, tocan a todos\">Si tocan a uno, tocan a todos<\/a><\/h3>\n                <div class=\"td-module-meta-info\">\n                                        <span class=\"td-post-author-name\"><a href=\"https:\/\/vamosporlaliberacion.org\/crpmlm\/author\/adminvxl\/\">vamos!<\/a> <span>-<\/span> <\/span>                    <span class=\"td-post-date\"><time class=\"entry-date updated td-module-date\" datetime=\"2015-11-11T11:55:38-03:00\" >11 noviembre, 2015<\/time><\/span>                    <span class=\"td-module-comments\"><a href=\"https:\/\/vamosporlaliberacion.org\/crpmlm\/si-tocan-a-uno-tocan-a-todos\/#respond\">0<\/a><\/span>                <\/div>\n\n                <div class=\"td-excerpt\">\n                    El juicio oral a 33 trabajadores docentes y camioneros, que tiene el claro objetivo de amedrentamiento hacia los trabajadores que vienen enfrentando el ajuste...                <\/div>\n            <\/div>\n\n        <\/div>\n\n        \n        <div class=\"td_module_16 td_module_wrap td-animation-stack\">\n            <div class=\"td-module-thumb\"><a href=\"https:\/\/vamosporlaliberacion.org\/crpmlm\/pretenden-que-bajemos-la-cabeza\/\" rel=\"bookmark\" class=\"td-image-wrap \" title=\"\u201cPretenden que bajemos la cabeza\u201d\" ><img loading=\"lazy\" decoding=\"async\" class=\"entry-thumb\" src=\"\" alt=\"\" title=\"\u201cPretenden que bajemos la cabeza\u201d\" data-type=\"image_tag\" data-img-url=\"https:\/\/i0.wp.com\/vamosporlaliberacion.org\/crpmlm\/wp-content\/uploads\/2016\/02\/vxl64-13.jpg?resize=150%2C150&ssl=1\"  width=\"150\" height=\"150\" \/><\/a><\/div>\n            <div class=\"item-details\">\n                <h3 class=\"entry-title td-module-title\"><a href=\"https:\/\/vamosporlaliberacion.org\/crpmlm\/pretenden-que-bajemos-la-cabeza\/\" rel=\"bookmark\" title=\"\u201cPretenden que bajemos la cabeza\u201d\">\u201cPretenden que bajemos la cabeza\u201d<\/a><\/h3>\n                <div class=\"td-module-meta-info\">\n                                        <span class=\"td-post-author-name\"><a href=\"https:\/\/vamosporlaliberacion.org\/crpmlm\/author\/adminvxl\/\">vamos!<\/a> <span>-<\/span> <\/span>                    <span class=\"td-post-date\"><time class=\"entry-date updated td-module-date\" datetime=\"2015-11-11T11:55:36-03:00\" >11 noviembre, 2015<\/time><\/span>                    <span class=\"td-module-comments\"><a href=\"https:\/\/vamosporlaliberacion.org\/crpmlm\/pretenden-que-bajemos-la-cabeza\/#respond\">0<\/a><\/span>                <\/div>\n\n                <div class=\"td-excerpt\">\n                    \u201cDeclaro mi inocencia y la inocencia de todos los compa\u00f1eros que est\u00e1n siendo injustamente llevados a proceso. Pero el solo hecho de pasar por...                <\/div>\n            <\/div>\n\n        <\/div>\n\n        \n        <div class=\"td_module_16 td_module_wrap td-animation-stack\">\n            <div class=\"td-module-thumb\"><a href=\"https:\/\/vamosporlaliberacion.org\/crpmlm\/desde-el-obelisco-a-la-casa-de-tierra-del-fuego\/\" rel=\"bookmark\" class=\"td-image-wrap \" title=\"Desde el Obelisco a la Casa de Tierra del Fuego\" ><img loading=\"lazy\" decoding=\"async\" class=\"entry-thumb\" src=\"\" alt=\"\" title=\"Desde el Obelisco a la Casa de Tierra del Fuego\" data-type=\"image_tag\" data-img-url=\"https:\/\/i0.wp.com\/vamosporlaliberacion.org\/crpmlm\/wp-content\/uploads\/2016\/02\/vxl64-12.jpg?resize=150%2C150&ssl=1\"  width=\"150\" height=\"150\" \/><\/a><\/div>\n            <div class=\"item-details\">\n                <h3 class=\"entry-title td-module-title\"><a href=\"https:\/\/vamosporlaliberacion.org\/crpmlm\/desde-el-obelisco-a-la-casa-de-tierra-del-fuego\/\" rel=\"bookmark\" title=\"Desde el Obelisco a la Casa de Tierra del Fuego\">Desde el Obelisco a la Casa de Tierra del Fuego<\/a><\/h3>\n                <div class=\"td-module-meta-info\">\n                                        <span class=\"td-post-author-name\"><a href=\"https:\/\/vamosporlaliberacion.org\/crpmlm\/author\/adminvxl\/\">vamos!<\/a> <span>-<\/span> <\/span>                    <span class=\"td-post-date\"><time class=\"entry-date updated td-module-date\" datetime=\"2015-11-11T11:45:07-03:00\" >11 noviembre, 2015<\/time><\/span>                    <span class=\"td-module-comments\"><a href=\"https:\/\/vamosporlaliberacion.org\/crpmlm\/desde-el-obelisco-a-la-casa-de-tierra-del-fuego\/#respond\">0<\/a><\/span>                <\/div>\n\n                <div class=\"td-excerpt\">\n                    Mientras en la provincia fueguina el paro fue total en repudio al juicio farsa contra 33 trabajadores docentes y camioneros, por la ma\u00f1ana del...                <\/div>\n            <\/div>\n\n        <\/div>\n\n        \n        <div class=\"td_module_16 td_module_wrap td-animation-stack\">\n            <div class=\"td-module-thumb\"><a href=\"https:\/\/vamosporlaliberacion.org\/crpmlm\/nieto-recuperado-no118\/\" rel=\"bookmark\" class=\"td-image-wrap \" title=\"Nieto recuperado N\u00ba118\" ><img loading=\"lazy\" decoding=\"async\" class=\"entry-thumb\" src=\"\" alt=\"\" title=\"Nieto recuperado N\u00ba118\" data-type=\"image_tag\" data-img-url=\"https:\/\/i0.wp.com\/vamosporlaliberacion.org\/crpmlm\/wp-content\/uploads\/2016\/02\/vxl64-10.jpg?resize=150%2C150&ssl=1\"  width=\"150\" height=\"150\" \/><\/a><\/div>\n            <div class=\"item-details\">\n                <h3 class=\"entry-title td-module-title\"><a href=\"https:\/\/vamosporlaliberacion.org\/crpmlm\/nieto-recuperado-no118\/\" rel=\"bookmark\" title=\"Nieto recuperado N\u00ba118\">Nieto recuperado N\u00ba118<\/a><\/h3>\n                <div class=\"td-module-meta-info\">\n                                        <span class=\"td-post-author-name\"><a href=\"https:\/\/vamosporlaliberacion.org\/crpmlm\/author\/adminvxl\/\">vamos!<\/a> <span>-<\/span> <\/span>                    <span class=\"td-post-date\"><time class=\"entry-date updated td-module-date\" datetime=\"2015-11-11T11:45:04-03:00\" >11 noviembre, 2015<\/time><\/span>                    <span class=\"td-module-comments\"><a href=\"https:\/\/vamosporlaliberacion.org\/crpmlm\/nieto-recuperado-no118\/#respond\">0<\/a><\/span>                <\/div>\n\n                <div class=\"td-excerpt\">\n                    &quot;\u00bfPor qu\u00e9 no? Sos mi abuela&quot;, respondi\u00f3 cuando Delia Giovanola le pregunt\u00f3 si estaba seguro que quer\u00eda hablar de nuevo. Delia, una de las...                <\/div>\n            <\/div>\n\n        <\/div>\n\n        <\/div><\/div> <!-- .\/block --><div class=\"td_block_wrap td_block_21 tdi_24_c9a td-pb-border-top td_block_template_1 td-column-2\"  data-td-block-uid=\"tdi_24_c9a\" >\n<style>\n.td_block_template_2.widget > ul > li,\n            .td_block_template_6.widget > ul > li,\n            .td_block_template_8.widget > ul > li,\n            .td_block_template_9.widget > ul > li,\n            .td_block_template_10.widget > ul > li,\n            .td_block_template_11.widget > ul > li,\n            .td_block_template_12.widget > ul > li,\n            .td_block_template_13.widget > ul > li,\n            .td_block_template_14.widget > ul > li,\n            .td_block_template_15.widget > ul > li,\n            .td_block_template_16.widget > ul > li,\n            .td_block_template_17.widget > ul > li {\n                margin-left: 0 !important;\n            }\n            .global-block-template-12 .td-comments-title span,\n            .global-block-template-13 .td-comments-title span {\n                margin-left: 0 !important;\n                font-size: 20px;\n            }\n            @media (max-width: 767px) {\n                .global-block-template-12 .td-comments-title span,\n                .global-block-template-13 .td-comments-title span {\n                    font-size: 15px;\n                }\n            }\n            .td-block-title-wrap .td-wrapper-pulldown-filter {\n                font-family: 'Roboto', sans-serif;\n                position: absolute;\n                bottom: 0;\n                right: 0;\n                top: 0;\n                margin: auto 0;\n                z-index: 2;\n                background-color: #fff;\n                font-size: 13px;\n                line-height: 1;\n                color: #777;\n                text-align: right;\n            }\n            .td-block-title-wrap .td-wrapper-pulldown-filter .td-pulldown-filter-display-option {\n                cursor: pointer;\n                white-space: nowrap;\n                position: relative;\n                line-height: 29px;\n            }\n            .td-block-title-wrap .td-wrapper-pulldown-filter .td-pulldown-filter-display-option i {\n                font-size: 9px;\n                color: #777;\n                margin-left: 20px;\n                margin-right: 10px;\n            }\n            .td-block-title-wrap .td-wrapper-pulldown-filter .td-pulldown-filter-display-option i:before {\n                content: '\\e83d';\n            }\n            .td-block-title-wrap .td-wrapper-pulldown-filter .td-pulldown-filter-display-option span {\n                padding-left: 20px;\n                margin-right: -14px;\n            }\n            @media (max-width: 360px) {\n                .td-block-title-wrap .td-wrapper-pulldown-filter .td-pulldown-filter-display-option span {\n                    display: none;\n                }\n            }\n            .td-block-title-wrap .td-wrapper-pulldown-filter .td-pulldown-filter-display-option:hover {\n                color: #4db2ec;\n            }\n            .td-block-title-wrap .td-wrapper-pulldown-filter .td-pulldown-filter-display-option:hover i {\n                color: #4db2ec;\n            }\n            .td-block-title-wrap .td-wrapper-pulldown-filter .td-pulldown-filter-display-option:hover ul {\n                display: block;\n            }\n            .td-block-title-wrap .td-wrapper-pulldown-filter .td-pulldown-filter-list {\n                list-style: none;\n                position: absolute;\n                right: 0;\n                top: 100%;\n                padding: 18px 0;\n                background-color: rgb(255, 255, 255);\n                background-color: rgba(255, 255, 255, 0.95);\n                z-index: 999;\n                border-width: 1px;\n                border-color: #ededed;\n                border-style: solid;\n                display: none;\n                margin: 0;\n            }\n            .td-block-title-wrap .td-wrapper-pulldown-filter .td-pulldown-filter-item {\n                list-style: none;\n                margin: 0;\n            }\n            .td-block-title-wrap .td-wrapper-pulldown-filter .td-pulldown-filter-item .td-cur-simple-item {\n                color: #4db2ec;\n            }\n            .td-block-title-wrap .td-wrapper-pulldown-filter .td-pulldown-more {\n                padding-bottom: 10px;\n            }\n            .td-block-title-wrap .td-wrapper-pulldown-filter .td-pulldown-more:before {\n                content: '';\n                width: 70px;\n                height: 100%;\n                position: absolute;\n                margin-top: 2px;\n                top: 0;\n                right: 0;\n                z-index: 1;\n                opacity: 0;\n            }\n            .td-block-title-wrap .td-wrapper-pulldown-filter .td-pulldown-filter-link {\n                color: #777;\n                white-space: nowrap;\n                display: block;\n                line-height: 26px;\n                padding-left: 36px;\n                padding-right: 27px;\n            }\n            .td-block-title-wrap .td-wrapper-pulldown-filter .td-pulldown-filter-link:hover {\n                color: #4db2ec;\n            }\n            @media (min-width: 768px) and (max-width: 1018px) {\n                .td-pb-span4 .td-block-title-wrap .td-wrapper-pulldown-filter .td-pulldown-filter-display-option span {\n                    display: none;\n                }\n                .td-pb-span4 .td-block-title-wrap .td-wrapper-pulldown-filter .td-pulldown-filter-link {\n                    padding-left: 24px;\n                    padding-right: 20px !important;\n                }\n            }\n            @-moz-document url-prefix() {\n                .td-pulldown-syle-default .td-subcat-more,\n                .td-pulldown-syle-default .td-subcat-list {\n                    position: relative;\n                    top: -1px;\n                }\n            }\n            .td-pulldown-syle-2 {\n                top: 0;\n            }\n            .td-pulldown-syle-2 .td-subcat-dropdown ul {\n                padding: 20px 0;\n                margin-top: 0;\n            }\n            .td-pulldown-syle-2 .td-subcat-dropdown ul:after {\n                content: '';\n                position: absolute;\n                width: calc(100% + 2px);\n                height: 3px;\n                top: 0;\n                left: -1px;\n                background-color: #4db2ec;\n            }\n            .td-pulldown-syle-2 .td-subcat-dropdown a {\n                padding-left: 40px;\n                padding-right: 31px;\n            }\n            .td-pulldown-syle-2 .td-subcat-dropdown:hover .td-subcat-more {\n                background-color: transparent !important;\n            }\n            .td-pulldown-syle-2 .td-subcat-dropdown:hover .td-subcat-more span,\n            .td-pulldown-syle-2 .td-subcat-dropdown:hover .td-subcat-more i {\n                color: #4db2ec;\n            }\n            .td-pulldown-syle-2 .td-subcat-dropdown .td-subcat-more {\n                margin-left: 9px;\n                margin-bottom: 8px; \/\/ this align the dropdown list\n            }\n            .td-pulldown-syle-2 .td-subcat-list .td-subcat-item {\n                margin-left: 24px;\n            }\n            .td-pulldown-syle-3 {\n                top: 0;\n            }\n            .td-pulldown-syle-3 .td-subcat-dropdown ul {\n                padding: 15px 0;\n                margin-top: -1px;\n                border-width: 1px;\n            }\n            .td-pulldown-syle-3 .td-subcat-dropdown a {\n                padding-left: 40px;\n                padding-right: 31px;\n            }\n            .td-pulldown-syle-3 .td-subcat-dropdown &:hover .td-subcat-more {\n                background-color: transparent !important;\n            }\n            .td-pulldown-syle-3 .td-subcat-dropdown &:hover .td-subcat-more span,\n            .td-pulldown-syle-3 .td-subcat-dropdown &:hover .td-subcat-more i {\n                color: #4db2ec;\n            }\n            .td-pulldown-syle-3 .td-subcat-dropdown .td-subcat-more {\n                margin-left: 9px;\n                margin-bottom: 8px; \/\/ this align the dropdown list\n            }\n            .td-pulldown-syle-3 .td-subcat-list .td-subcat-item {\n                margin-left: 24px;\n            }\n            \n            \n\n            \n            .td-theme-wrap .tdi_24_c9a .td-pulldown-filter-link:hover,\n            .td-theme-wrap .tdi_24_c9a .td-subcat-item a:hover,\n            .td-theme-wrap .tdi_24_c9a .td-subcat-item .td-cur-simple-item {\n                color: #dd3333;\n            }\n\n            .td-theme-wrap .tdi_24_c9a .block-title > *,\n            .td-theme-wrap .tdi_24_c9a .td-subcat-dropdown:hover .td-subcat-more {\n                background-color: #dd3333;\n            }\n            .td-theme-wrap .td-footer-wrapper .tdi_24_c9a .block-title > * {\n                padding: 6px 7px 5px;\n                line-height: 1;\n            }\n\n            .td-theme-wrap .tdi_24_c9a .block-title {\n                border-color: #dd3333;\n            }\n\n            \n            .td-theme-wrap .tdi_24_c9a .td_module_wrap:hover .entry-title a,\n            .td-theme-wrap .tdi_24_c9a .td_quote_on_blocks,\n            .td-theme-wrap .tdi_24_c9a .td-opacity-cat .td-post-category:hover,\n            .td-theme-wrap .tdi_24_c9a .td-opacity-read .td-read-more a:hover,\n            .td-theme-wrap .tdi_24_c9a .td-opacity-author .td-post-author-name a:hover,\n            .td-theme-wrap .tdi_24_c9a .td-instagram-user a {\n                color: #dd3333;\n            }\n\n            .td-theme-wrap .tdi_24_c9a .td-next-prev-wrap a:hover,\n            .td-theme-wrap .tdi_24_c9a .td-load-more-wrap a:hover {\n                background-color: #dd3333;\n                border-color: #dd3333;\n            }\n\n            .td-theme-wrap .tdi_24_c9a .td-read-more a,\n            .td-theme-wrap .tdi_24_c9a .td-weather-information:before,\n            .td-theme-wrap .tdi_24_c9a .td-weather-week:before,\n            .td-theme-wrap .tdi_24_c9a .td-exchange-header:before,\n            .td-theme-wrap .td-footer-wrapper .tdi_24_c9a .td-post-category,\n            .td-theme-wrap .tdi_24_c9a .td-post-category:hover {\n                background-color: #dd3333;\n            }\n<\/style><script>var block_tdi_24_c9a = new tdBlock();\nblock_tdi_24_c9a.id = \"tdi_24_c9a\";\nblock_tdi_24_c9a.atts = '{\"custom_title\":\"Sindical\",\"header_color\":\"#dd3333\",\"category_id\":\"12\",\"tag_slug\":\"vxl 64\",\"limit\":\"10\",\"td_filter_default_txt\":\"Todo\",\"block_type\":\"td_block_21\",\"separator\":\"\",\"custom_url\":\"\",\"block_template_id\":\"\",\"m16_tl\":\"\",\"m16_el\":\"\",\"post_ids\":\"\",\"category_ids\":\"\",\"autors_id\":\"\",\"installed_post_types\":\"\",\"sort\":\"\",\"offset\":\"\",\"show_modified_date\":\"\",\"el_class\":\"\",\"td_ajax_filter_type\":\"\",\"td_ajax_filter_ids\":\"\",\"td_ajax_preloading\":\"\",\"f_header_font_header\":\"\",\"f_header_font_title\":\"Block header\",\"f_header_font_settings\":\"\",\"f_header_font_family\":\"\",\"f_header_font_size\":\"\",\"f_header_font_line_height\":\"\",\"f_header_font_style\":\"\",\"f_header_font_weight\":\"\",\"f_header_font_transform\":\"\",\"f_header_font_spacing\":\"\",\"f_header_\":\"\",\"f_ajax_font_title\":\"Ajax categories\",\"f_ajax_font_settings\":\"\",\"f_ajax_font_family\":\"\",\"f_ajax_font_size\":\"\",\"f_ajax_font_line_height\":\"\",\"f_ajax_font_style\":\"\",\"f_ajax_font_weight\":\"\",\"f_ajax_font_transform\":\"\",\"f_ajax_font_spacing\":\"\",\"f_ajax_\":\"\",\"f_more_font_title\":\"Load more button\",\"f_more_font_settings\":\"\",\"f_more_font_family\":\"\",\"f_more_font_size\":\"\",\"f_more_font_line_height\":\"\",\"f_more_font_style\":\"\",\"f_more_font_weight\":\"\",\"f_more_font_transform\":\"\",\"f_more_font_spacing\":\"\",\"f_more_\":\"\",\"m16f_title_font_header\":\"\",\"m16f_title_font_title\":\"Article title\",\"m16f_title_font_settings\":\"\",\"m16f_title_font_family\":\"\",\"m16f_title_font_size\":\"\",\"m16f_title_font_line_height\":\"\",\"m16f_title_font_style\":\"\",\"m16f_title_font_weight\":\"\",\"m16f_title_font_transform\":\"\",\"m16f_title_font_spacing\":\"\",\"m16f_title_\":\"\",\"m16f_cat_font_title\":\"Article category tag\",\"m16f_cat_font_settings\":\"\",\"m16f_cat_font_family\":\"\",\"m16f_cat_font_size\":\"\",\"m16f_cat_font_line_height\":\"\",\"m16f_cat_font_style\":\"\",\"m16f_cat_font_weight\":\"\",\"m16f_cat_font_transform\":\"\",\"m16f_cat_font_spacing\":\"\",\"m16f_cat_\":\"\",\"m16f_meta_font_title\":\"Article meta info\",\"m16f_meta_font_settings\":\"\",\"m16f_meta_font_family\":\"\",\"m16f_meta_font_size\":\"\",\"m16f_meta_font_line_height\":\"\",\"m16f_meta_font_style\":\"\",\"m16f_meta_font_weight\":\"\",\"m16f_meta_font_transform\":\"\",\"m16f_meta_font_spacing\":\"\",\"m16f_meta_\":\"\",\"m16f_ex_font_title\":\"Article excerpt\",\"m16f_ex_font_settings\":\"\",\"m16f_ex_font_family\":\"\",\"m16f_ex_font_size\":\"\",\"m16f_ex_font_line_height\":\"\",\"m16f_ex_font_style\":\"\",\"m16f_ex_font_weight\":\"\",\"m16f_ex_font_transform\":\"\",\"m16f_ex_font_spacing\":\"\",\"m16f_ex_\":\"\",\"ajax_pagination\":\"\",\"ajax_pagination_infinite_stop\":\"\",\"css\":\"\",\"tdc_css\":\"\",\"td_column_number\":2,\"color_preset\":\"\",\"border_top\":\"\",\"class\":\"tdi_24_c9a\",\"tdc_css_class\":\"tdi_24_c9a\",\"tdc_css_class_style\":\"tdi_24_c9a_rand_style\"}';\nblock_tdi_24_c9a.td_column_number = \"2\";\nblock_tdi_24_c9a.block_type = \"td_block_21\";\nblock_tdi_24_c9a.post_count = \"10\";\nblock_tdi_24_c9a.found_posts = \"25\";\nblock_tdi_24_c9a.header_color = \"#dd3333\";\nblock_tdi_24_c9a.ajax_pagination_infinite_stop = \"\";\nblock_tdi_24_c9a.max_num_pages = \"3\";\ntdBlocksArray.push(block_tdi_24_c9a);\n<\/script><div class=\"td-block-title-wrap\"><h4 class=\"block-title td-block-title\"><span class=\"td-pulldown-size\">Sindical<\/span><\/h4><\/div><div id=tdi_24_c9a class=\"td_block_inner\">\n        <div class=\"td_module_16 td_module_wrap td-animation-stack\">\n            <div class=\"td-module-thumb\"><a href=\"https:\/\/vamosporlaliberacion.org\/crpmlm\/eugenio-cabib-y-juan-telmo-ortiz-presentes\/\" rel=\"bookmark\" class=\"td-image-wrap \" title=\"Eugenio Cabib y Juan Telmo Ortiz, presentes!\" ><img loading=\"lazy\" decoding=\"async\" class=\"entry-thumb\" src=\"\" alt=\"\" title=\"Eugenio Cabib y Juan Telmo Ortiz, presentes!\" data-type=\"image_tag\" data-img-url=\"https:\/\/i0.wp.com\/vamosporlaliberacion.org\/crpmlm\/wp-content\/uploads\/2016\/02\/vxl64-20.jpg?resize=150%2C150&ssl=1\"  width=\"150\" height=\"150\" \/><\/a><\/div>\n            <div class=\"item-details\">\n                <h3 class=\"entry-title td-module-title\"><a href=\"https:\/\/vamosporlaliberacion.org\/crpmlm\/eugenio-cabib-y-juan-telmo-ortiz-presentes\/\" rel=\"bookmark\" title=\"Eugenio Cabib y Juan Telmo Ortiz, presentes!\">Eugenio Cabib y Juan Telmo Ortiz, presentes!<\/a><\/h3>\n                <div class=\"td-module-meta-info\">\n                                        <span class=\"td-post-author-name\"><a href=\"https:\/\/vamosporlaliberacion.org\/crpmlm\/author\/adminvxl\/\">vamos!<\/a> <span>-<\/span> <\/span>                    <span class=\"td-post-date\"><time class=\"entry-date updated td-module-date\" datetime=\"2015-11-11T15:18:39-03:00\" >11 noviembre, 2015<\/time><\/span>                    <span class=\"td-module-comments\"><a href=\"https:\/\/vamosporlaliberacion.org\/crpmlm\/eugenio-cabib-y-juan-telmo-ortiz-presentes\/#respond\">0<\/a><\/span>                <\/div>\n\n                <div class=\"td-excerpt\">\n                    Eugenio Cabib\r\nTen\u00eda 32 a\u00f1os cuando fue secuestrado. Un 11 de noviembre de 1976 irrumpi\u00f3 en su casa de Monserrat, en Capital Federal, un grupo...                <\/div>\n            <\/div>\n\n        <\/div>\n\n        \n        <div class=\"td_module_16 td_module_wrap td-animation-stack\">\n            <div class=\"td-module-thumb\"><a href=\"https:\/\/vamosporlaliberacion.org\/crpmlm\/datos-del-escrutinio\/\" rel=\"bookmark\" class=\"td-image-wrap \" title=\"Datos del escrutinio\" ><img decoding=\"async\" class=\"entry-thumb\" src=\"\"alt=\"\" data-type=\"image_tag\" data-img-url=\"https:\/\/vamosporlaliberacion.org\/crpmlm\/wp-content\/plugins\/td-composer\/legacy\/Newspaper\/assets\/images\/no-thumb\/thumbnail.png\"  width=\"\" height=\"\" \/><\/a><\/div>\n            <div class=\"item-details\">\n                <h3 class=\"entry-title td-module-title\"><a href=\"https:\/\/vamosporlaliberacion.org\/crpmlm\/datos-del-escrutinio\/\" rel=\"bookmark\" title=\"Datos del escrutinio\">Datos del escrutinio<\/a><\/h3>\n                <div class=\"td-module-meta-info\">\n                                        <span class=\"td-post-author-name\"><a href=\"https:\/\/vamosporlaliberacion.org\/crpmlm\/author\/adminvxl\/\">vamos!<\/a> <span>-<\/span> <\/span>                    <span class=\"td-post-date\"><time class=\"entry-date updated td-module-date\" datetime=\"2015-11-11T12:18:37-03:00\" >11 noviembre, 2015<\/time><\/span>                    <span class=\"td-module-comments\"><a href=\"https:\/\/vamosporlaliberacion.org\/crpmlm\/datos-del-escrutinio\/#respond\">0<\/a><\/span>                <\/div>\n\n                <div class=\"td-excerpt\">\n                    De acuerdo a los datos del escrutinio definitivo, el 25 de octubre votaron 26.048.320 personas (80% del padr\u00f3n), lo que arroja unos 2 millones...                <\/div>\n            <\/div>\n\n        <\/div>\n\n        \n        <div class=\"td_module_16 td_module_wrap td-animation-stack\">\n            <div class=\"td-module-thumb\"><a href=\"https:\/\/vamosporlaliberacion.org\/crpmlm\/un-ciclo-de-crecimiento-dependiente-agotado\/\" rel=\"bookmark\" class=\"td-image-wrap \" title=\"Un ciclo de crecimiento dependiente agotado\" ><img loading=\"lazy\" decoding=\"async\" class=\"entry-thumb\" src=\"\" alt=\"\" title=\"Un ciclo de crecimiento dependiente agotado\" data-type=\"image_tag\" data-img-url=\"https:\/\/i0.wp.com\/vamosporlaliberacion.org\/crpmlm\/wp-content\/uploads\/2016\/02\/vxl64-19.jpg?resize=150%2C150&ssl=1\"  width=\"150\" height=\"150\" \/><\/a><\/div>\n            <div class=\"item-details\">\n                <h3 class=\"entry-title td-module-title\"><a href=\"https:\/\/vamosporlaliberacion.org\/crpmlm\/un-ciclo-de-crecimiento-dependiente-agotado\/\" rel=\"bookmark\" title=\"Un ciclo de crecimiento dependiente agotado\">Un ciclo de crecimiento dependiente agotado<\/a><\/h3>\n                <div class=\"td-module-meta-info\">\n                                        <span class=\"td-post-author-name\"><a href=\"https:\/\/vamosporlaliberacion.org\/crpmlm\/author\/adminvxl\/\">vamos!<\/a> <span>-<\/span> <\/span>                    <span class=\"td-post-date\"><time class=\"entry-date updated td-module-date\" datetime=\"2015-11-11T12:18:36-03:00\" >11 noviembre, 2015<\/time><\/span>                    <span class=\"td-module-comments\"><a href=\"https:\/\/vamosporlaliberacion.org\/crpmlm\/un-ciclo-de-crecimiento-dependiente-agotado\/#respond\">0<\/a><\/span>                <\/div>\n\n                <div class=\"td-excerpt\">\n                    El PBI, el \u00edndice de ocupaci\u00f3n de obreros en la industria, el salario real, el saldo de la balanza comercial\u2026 numerosos indicadores econ\u00f3micos manifiestan...                <\/div>\n            <\/div>\n\n        <\/div>\n\n        \n        <div class=\"td_module_16 td_module_wrap td-animation-stack\">\n            <div class=\"td-module-thumb\"><a href=\"https:\/\/vamosporlaliberacion.org\/crpmlm\/un-convenio-fraudulento-para-aplicar-el-ajuste\/\" rel=\"bookmark\" class=\"td-image-wrap \" title=\"Un convenio fraudulento para aplicar el ajuste\" ><img loading=\"lazy\" decoding=\"async\" class=\"entry-thumb\" src=\"\" alt=\"\" title=\"Un convenio fraudulento para aplicar el ajuste\" data-type=\"image_tag\" data-img-url=\"https:\/\/i0.wp.com\/vamosporlaliberacion.org\/crpmlm\/wp-content\/uploads\/2016\/02\/vxl64-18.jpg?resize=150%2C150&ssl=1\"  width=\"150\" height=\"150\" \/><\/a><\/div>\n            <div class=\"item-details\">\n                <h3 class=\"entry-title td-module-title\"><a href=\"https:\/\/vamosporlaliberacion.org\/crpmlm\/un-convenio-fraudulento-para-aplicar-el-ajuste\/\" rel=\"bookmark\" title=\"Un convenio fraudulento para aplicar el ajuste\">Un convenio fraudulento para aplicar el ajuste<\/a><\/h3>\n                <div class=\"td-module-meta-info\">\n                                        <span class=\"td-post-author-name\"><a href=\"https:\/\/vamosporlaliberacion.org\/crpmlm\/author\/adminvxl\/\">vamos!<\/a> <span>-<\/span> <\/span>                    <span class=\"td-post-date\"><time class=\"entry-date updated td-module-date\" datetime=\"2015-11-11T12:03:18-03:00\" >11 noviembre, 2015<\/time><\/span>                    <span class=\"td-module-comments\"><a href=\"https:\/\/vamosporlaliberacion.org\/crpmlm\/un-convenio-fraudulento-para-aplicar-el-ajuste\/#respond\">0<\/a><\/span>                <\/div>\n\n                <div class=\"td-excerpt\">\n                    El pasado 4 de noviembre se realiz\u00f3 una masiva asamblea de m\u00e1s de mil trabajadores del Sarmiento para analizar los pasos a seguir ante...                <\/div>\n            <\/div>\n\n        <\/div>\n\n        \n        <div class=\"td_module_16 td_module_wrap td-animation-stack\">\n            <div class=\"td-module-thumb\"><a href=\"https:\/\/vamosporlaliberacion.org\/crpmlm\/los-trabajadores-del-banco-central-decidieron-salir-a-luchar-y-ganaron\/\" rel=\"bookmark\" class=\"td-image-wrap \" title=\"Los trabajadores del Banco Central decidieron salir a luchar y ganaron\" ><img loading=\"lazy\" decoding=\"async\" class=\"entry-thumb\" src=\"\" alt=\"\" title=\"Los trabajadores del Banco Central decidieron salir a luchar y ganaron\" data-type=\"image_tag\" data-img-url=\"https:\/\/i0.wp.com\/vamosporlaliberacion.org\/crpmlm\/wp-content\/uploads\/2016\/02\/vxl64-17.jpg?resize=150%2C150&ssl=1\"  width=\"150\" height=\"150\" \/><\/a><\/div>\n            <div class=\"item-details\">\n                <h3 class=\"entry-title td-module-title\"><a href=\"https:\/\/vamosporlaliberacion.org\/crpmlm\/los-trabajadores-del-banco-central-decidieron-salir-a-luchar-y-ganaron\/\" rel=\"bookmark\" title=\"Los trabajadores del Banco Central decidieron salir a luchar y ganaron\">Los trabajadores del Banco Central decidieron salir a luchar y ganaron<\/a><\/h3>\n                <div class=\"td-module-meta-info\">\n                                        <span class=\"td-post-author-name\"><a href=\"https:\/\/vamosporlaliberacion.org\/crpmlm\/author\/adminvxl\/\">vamos!<\/a> <span>-<\/span> <\/span>                    <span class=\"td-post-date\"><time class=\"entry-date updated td-module-date\" datetime=\"2015-11-11T12:03:17-03:00\" >11 noviembre, 2015<\/time><\/span>                    <span class=\"td-module-comments\"><a href=\"https:\/\/vamosporlaliberacion.org\/crpmlm\/los-trabajadores-del-banco-central-decidieron-salir-a-luchar-y-ganaron\/#respond\">0<\/a><\/span>                <\/div>\n\n                <div class=\"td-excerpt\">\n                    En medio de un escenario pol\u00edtico complejo, te\u00f1ido por la disputa por el recambio de gobierno, los trabajadores del Banco Central se dispusieron a...                <\/div>\n            <\/div>\n\n        <\/div>\n\n        \n        <div class=\"td_module_16 td_module_wrap td-animation-stack\">\n            <div class=\"td-module-thumb\"><a href=\"https:\/\/vamosporlaliberacion.org\/crpmlm\/precarizados-de-loteria-en-lucha\/\" rel=\"bookmark\" class=\"td-image-wrap \" title=\"Precarizados de Loter\u00eda en lucha\" ><img loading=\"lazy\" decoding=\"async\" class=\"entry-thumb\" src=\"\" alt=\"\" title=\"Precarizados de Loter\u00eda en lucha\" data-type=\"image_tag\" data-img-url=\"https:\/\/i0.wp.com\/vamosporlaliberacion.org\/crpmlm\/wp-content\/uploads\/2016\/02\/vxl64-16.jpg?resize=150%2C150&ssl=1\"  width=\"150\" height=\"150\" \/><\/a><\/div>\n            <div class=\"item-details\">\n                <h3 class=\"entry-title td-module-title\"><a href=\"https:\/\/vamosporlaliberacion.org\/crpmlm\/precarizados-de-loteria-en-lucha\/\" rel=\"bookmark\" title=\"Precarizados de Loter\u00eda en lucha\">Precarizados de Loter\u00eda en lucha<\/a><\/h3>\n                <div class=\"td-module-meta-info\">\n                                        <span class=\"td-post-author-name\"><a href=\"https:\/\/vamosporlaliberacion.org\/crpmlm\/author\/adminvxl\/\">vamos!<\/a> <span>-<\/span> <\/span>                    <span class=\"td-post-date\"><time class=\"entry-date updated td-module-date\" datetime=\"2015-11-11T11:55:41-03:00\" >11 noviembre, 2015<\/time><\/span>                    <span class=\"td-module-comments\"><a href=\"https:\/\/vamosporlaliberacion.org\/crpmlm\/precarizados-de-loteria-en-lucha\/#respond\">0<\/a><\/span>                <\/div>\n\n                <div class=\"td-excerpt\">\n                    Los trabajadores precarizados del Instituto Provincial de Loter\u00eda y Casinos salimos a la calle reclam\u00e1ndole al gobernador Scioli que firme nuestro pase a planta....                <\/div>\n            <\/div>\n\n        <\/div>\n\n        \n        <div class=\"td_module_16 td_module_wrap td-animation-stack\">\n            <div class=\"td-module-thumb\"><a href=\"https:\/\/vamosporlaliberacion.org\/crpmlm\/si-tocan-a-uno-tocan-a-todos\/\" rel=\"bookmark\" class=\"td-image-wrap \" title=\"Si tocan a uno, tocan a todos\" ><img loading=\"lazy\" decoding=\"async\" class=\"entry-thumb\" src=\"\" alt=\"\" title=\"Si tocan a uno, tocan a todos\" data-type=\"image_tag\" data-img-url=\"https:\/\/i0.wp.com\/vamosporlaliberacion.org\/crpmlm\/wp-content\/uploads\/2016\/02\/vxl64-14.jpg?resize=150%2C150&ssl=1\"  width=\"150\" height=\"150\" \/><\/a><\/div>\n            <div class=\"item-details\">\n                <h3 class=\"entry-title td-module-title\"><a href=\"https:\/\/vamosporlaliberacion.org\/crpmlm\/si-tocan-a-uno-tocan-a-todos\/\" rel=\"bookmark\" title=\"Si tocan a uno, tocan a todos\">Si tocan a uno, tocan a todos<\/a><\/h3>\n                <div class=\"td-module-meta-info\">\n                                        <span class=\"td-post-author-name\"><a href=\"https:\/\/vamosporlaliberacion.org\/crpmlm\/author\/adminvxl\/\">vamos!<\/a> <span>-<\/span> <\/span>                    <span class=\"td-post-date\"><time class=\"entry-date updated td-module-date\" datetime=\"2015-11-11T11:55:38-03:00\" >11 noviembre, 2015<\/time><\/span>                    <span class=\"td-module-comments\"><a href=\"https:\/\/vamosporlaliberacion.org\/crpmlm\/si-tocan-a-uno-tocan-a-todos\/#respond\">0<\/a><\/span>                <\/div>\n\n                <div class=\"td-excerpt\">\n                    El juicio oral a 33 trabajadores docentes y camioneros, que tiene el claro objetivo de amedrentamiento hacia los trabajadores que vienen enfrentando el ajuste...                <\/div>\n            <\/div>\n\n        <\/div>\n\n        \n        <div class=\"td_module_16 td_module_wrap td-animation-stack\">\n            <div class=\"td-module-thumb\"><a href=\"https:\/\/vamosporlaliberacion.org\/crpmlm\/pretenden-que-bajemos-la-cabeza\/\" rel=\"bookmark\" class=\"td-image-wrap \" title=\"\u201cPretenden que bajemos la cabeza\u201d\" ><img loading=\"lazy\" decoding=\"async\" class=\"entry-thumb\" src=\"\" alt=\"\" title=\"\u201cPretenden que bajemos la cabeza\u201d\" data-type=\"image_tag\" data-img-url=\"https:\/\/i0.wp.com\/vamosporlaliberacion.org\/crpmlm\/wp-content\/uploads\/2016\/02\/vxl64-13.jpg?resize=150%2C150&ssl=1\"  width=\"150\" height=\"150\" \/><\/a><\/div>\n            <div class=\"item-details\">\n                <h3 class=\"entry-title td-module-title\"><a href=\"https:\/\/vamosporlaliberacion.org\/crpmlm\/pretenden-que-bajemos-la-cabeza\/\" rel=\"bookmark\" title=\"\u201cPretenden que bajemos la cabeza\u201d\">\u201cPretenden que bajemos la cabeza\u201d<\/a><\/h3>\n                <div class=\"td-module-meta-info\">\n                                        <span class=\"td-post-author-name\"><a href=\"https:\/\/vamosporlaliberacion.org\/crpmlm\/author\/adminvxl\/\">vamos!<\/a> <span>-<\/span> <\/span>                    <span class=\"td-post-date\"><time class=\"entry-date updated td-module-date\" datetime=\"2015-11-11T11:55:36-03:00\" >11 noviembre, 2015<\/time><\/span>                    <span class=\"td-module-comments\"><a href=\"https:\/\/vamosporlaliberacion.org\/crpmlm\/pretenden-que-bajemos-la-cabeza\/#respond\">0<\/a><\/span>                <\/div>\n\n                <div class=\"td-excerpt\">\n                    \u201cDeclaro mi inocencia y la inocencia de todos los compa\u00f1eros que est\u00e1n siendo injustamente llevados a proceso. Pero el solo hecho de pasar por...                <\/div>\n            <\/div>\n\n        <\/div>\n\n        \n        <div class=\"td_module_16 td_module_wrap td-animation-stack\">\n            <div class=\"td-module-thumb\"><a href=\"https:\/\/vamosporlaliberacion.org\/crpmlm\/desde-el-obelisco-a-la-casa-de-tierra-del-fuego\/\" rel=\"bookmark\" class=\"td-image-wrap \" title=\"Desde el Obelisco a la Casa de Tierra del Fuego\" ><img loading=\"lazy\" decoding=\"async\" class=\"entry-thumb\" src=\"\" alt=\"\" title=\"Desde el Obelisco a la Casa de Tierra del Fuego\" data-type=\"image_tag\" data-img-url=\"https:\/\/i0.wp.com\/vamosporlaliberacion.org\/crpmlm\/wp-content\/uploads\/2016\/02\/vxl64-12.jpg?resize=150%2C150&ssl=1\"  width=\"150\" height=\"150\" \/><\/a><\/div>\n            <div class=\"item-details\">\n                <h3 class=\"entry-title td-module-title\"><a href=\"https:\/\/vamosporlaliberacion.org\/crpmlm\/desde-el-obelisco-a-la-casa-de-tierra-del-fuego\/\" rel=\"bookmark\" title=\"Desde el Obelisco a la Casa de Tierra del Fuego\">Desde el Obelisco a la Casa de Tierra del Fuego<\/a><\/h3>\n                <div class=\"td-module-meta-info\">\n                                        <span class=\"td-post-author-name\"><a href=\"https:\/\/vamosporlaliberacion.org\/crpmlm\/author\/adminvxl\/\">vamos!<\/a> <span>-<\/span> <\/span>                    <span class=\"td-post-date\"><time class=\"entry-date updated td-module-date\" datetime=\"2015-11-11T11:45:07-03:00\" >11 noviembre, 2015<\/time><\/span>                    <span class=\"td-module-comments\"><a href=\"https:\/\/vamosporlaliberacion.org\/crpmlm\/desde-el-obelisco-a-la-casa-de-tierra-del-fuego\/#respond\">0<\/a><\/span>                <\/div>\n\n                <div class=\"td-excerpt\">\n                    Mientras en la provincia fueguina el paro fue total en repudio al juicio farsa contra 33 trabajadores docentes y camioneros, por la ma\u00f1ana del...                <\/div>\n            <\/div>\n\n        <\/div>\n\n        \n        <div class=\"td_module_16 td_module_wrap td-animation-stack\">\n            <div class=\"td-module-thumb\"><a href=\"https:\/\/vamosporlaliberacion.org\/crpmlm\/nieto-recuperado-no118\/\" rel=\"bookmark\" class=\"td-image-wrap \" title=\"Nieto recuperado N\u00ba118\" ><img loading=\"lazy\" decoding=\"async\" class=\"entry-thumb\" src=\"\" alt=\"\" title=\"Nieto recuperado N\u00ba118\" data-type=\"image_tag\" data-img-url=\"https:\/\/i0.wp.com\/vamosporlaliberacion.org\/crpmlm\/wp-content\/uploads\/2016\/02\/vxl64-10.jpg?resize=150%2C150&ssl=1\"  width=\"150\" height=\"150\" \/><\/a><\/div>\n            <div class=\"item-details\">\n                <h3 class=\"entry-title td-module-title\"><a href=\"https:\/\/vamosporlaliberacion.org\/crpmlm\/nieto-recuperado-no118\/\" rel=\"bookmark\" title=\"Nieto recuperado N\u00ba118\">Nieto recuperado N\u00ba118<\/a><\/h3>\n                <div class=\"td-module-meta-info\">\n                                        <span class=\"td-post-author-name\"><a href=\"https:\/\/vamosporlaliberacion.org\/crpmlm\/author\/adminvxl\/\">vamos!<\/a> <span>-<\/span> <\/span>                    <span class=\"td-post-date\"><time class=\"entry-date updated td-module-date\" datetime=\"2015-11-11T11:45:04-03:00\" >11 noviembre, 2015<\/time><\/span>                    <span class=\"td-module-comments\"><a href=\"https:\/\/vamosporlaliberacion.org\/crpmlm\/nieto-recuperado-no118\/#respond\">0<\/a><\/span>                <\/div>\n\n                <div class=\"td-excerpt\">\n                    &quot;\u00bfPor qu\u00e9 no? Sos mi abuela&quot;, respondi\u00f3 cuando Delia Giovanola le pregunt\u00f3 si estaba seguro que quer\u00eda hablar de nuevo. Delia, una de las...                <\/div>\n            <\/div>\n\n        <\/div>\n\n        <\/div><\/div> <!-- .\/block --><div class=\"td_block_wrap td_block_21 tdi_25_d12 td-pb-border-top td_block_template_1 td-column-2\"  data-td-block-uid=\"tdi_25_d12\" >\n<style>\n.td_block_template_2.widget > ul > li,\n            .td_block_template_6.widget > ul > li,\n            .td_block_template_8.widget > ul > li,\n            .td_block_template_9.widget > ul > li,\n            .td_block_template_10.widget > ul > li,\n            .td_block_template_11.widget > ul > li,\n            .td_block_template_12.widget > ul > li,\n            .td_block_template_13.widget > ul > li,\n            .td_block_template_14.widget > ul > li,\n            .td_block_template_15.widget > ul > li,\n            .td_block_template_16.widget > ul > li,\n            .td_block_template_17.widget > ul > li {\n                margin-left: 0 !important;\n            }\n            .global-block-template-12 .td-comments-title span,\n            .global-block-template-13 .td-comments-title span {\n                margin-left: 0 !important;\n                font-size: 20px;\n            }\n            @media (max-width: 767px) {\n                .global-block-template-12 .td-comments-title span,\n                .global-block-template-13 .td-comments-title span {\n                    font-size: 15px;\n                }\n            }\n            .td-block-title-wrap .td-wrapper-pulldown-filter {\n                font-family: 'Roboto', sans-serif;\n                position: absolute;\n                bottom: 0;\n                right: 0;\n                top: 0;\n                margin: auto 0;\n                z-index: 2;\n                background-color: #fff;\n                font-size: 13px;\n                line-height: 1;\n                color: #777;\n                text-align: right;\n            }\n            .td-block-title-wrap .td-wrapper-pulldown-filter .td-pulldown-filter-display-option {\n                cursor: pointer;\n                white-space: nowrap;\n                position: relative;\n                line-height: 29px;\n            }\n            .td-block-title-wrap .td-wrapper-pulldown-filter .td-pulldown-filter-display-option i {\n                font-size: 9px;\n                color: #777;\n                margin-left: 20px;\n                margin-right: 10px;\n            }\n            .td-block-title-wrap .td-wrapper-pulldown-filter .td-pulldown-filter-display-option i:before {\n                content: '\\e83d';\n            }\n            .td-block-title-wrap .td-wrapper-pulldown-filter .td-pulldown-filter-display-option span {\n                padding-left: 20px;\n                margin-right: -14px;\n            }\n            @media (max-width: 360px) {\n                .td-block-title-wrap .td-wrapper-pulldown-filter .td-pulldown-filter-display-option span {\n                    display: none;\n                }\n            }\n            .td-block-title-wrap .td-wrapper-pulldown-filter .td-pulldown-filter-display-option:hover {\n                color: #4db2ec;\n            }\n            .td-block-title-wrap .td-wrapper-pulldown-filter .td-pulldown-filter-display-option:hover i {\n                color: #4db2ec;\n            }\n            .td-block-title-wrap .td-wrapper-pulldown-filter .td-pulldown-filter-display-option:hover ul {\n                display: block;\n            }\n            .td-block-title-wrap .td-wrapper-pulldown-filter .td-pulldown-filter-list {\n                list-style: none;\n                position: absolute;\n                right: 0;\n                top: 100%;\n                padding: 18px 0;\n                background-color: rgb(255, 255, 255);\n                background-color: rgba(255, 255, 255, 0.95);\n                z-index: 999;\n                border-width: 1px;\n                border-color: #ededed;\n                border-style: solid;\n                display: none;\n                margin: 0;\n            }\n            .td-block-title-wrap .td-wrapper-pulldown-filter .td-pulldown-filter-item {\n                list-style: none;\n                margin: 0;\n            }\n            .td-block-title-wrap .td-wrapper-pulldown-filter .td-pulldown-filter-item .td-cur-simple-item {\n                color: #4db2ec;\n            }\n            .td-block-title-wrap .td-wrapper-pulldown-filter .td-pulldown-more {\n                padding-bottom: 10px;\n            }\n            .td-block-title-wrap .td-wrapper-pulldown-filter .td-pulldown-more:before {\n                content: '';\n                width: 70px;\n                height: 100%;\n                position: absolute;\n                margin-top: 2px;\n                top: 0;\n                right: 0;\n                z-index: 1;\n                opacity: 0;\n            }\n            .td-block-title-wrap .td-wrapper-pulldown-filter .td-pulldown-filter-link {\n                color: #777;\n                white-space: nowrap;\n                display: block;\n                line-height: 26px;\n                padding-left: 36px;\n                padding-right: 27px;\n            }\n            .td-block-title-wrap .td-wrapper-pulldown-filter .td-pulldown-filter-link:hover {\n                color: #4db2ec;\n            }\n            @media (min-width: 768px) and (max-width: 1018px) {\n                .td-pb-span4 .td-block-title-wrap .td-wrapper-pulldown-filter .td-pulldown-filter-display-option span {\n                    display: none;\n                }\n                .td-pb-span4 .td-block-title-wrap .td-wrapper-pulldown-filter .td-pulldown-filter-link {\n                    padding-left: 24px;\n                    padding-right: 20px !important;\n                }\n            }\n            @-moz-document url-prefix() {\n                .td-pulldown-syle-default .td-subcat-more,\n                .td-pulldown-syle-default .td-subcat-list {\n                    position: relative;\n                    top: -1px;\n                }\n            }\n            .td-pulldown-syle-2 {\n                top: 0;\n            }\n            .td-pulldown-syle-2 .td-subcat-dropdown ul {\n                padding: 20px 0;\n                margin-top: 0;\n            }\n            .td-pulldown-syle-2 .td-subcat-dropdown ul:after {\n                content: '';\n                position: absolute;\n                width: calc(100% + 2px);\n                height: 3px;\n                top: 0;\n                left: -1px;\n                background-color: #4db2ec;\n            }\n            .td-pulldown-syle-2 .td-subcat-dropdown a {\n                padding-left: 40px;\n                padding-right: 31px;\n            }\n            .td-pulldown-syle-2 .td-subcat-dropdown:hover .td-subcat-more {\n                background-color: transparent !important;\n            }\n            .td-pulldown-syle-2 .td-subcat-dropdown:hover .td-subcat-more span,\n            .td-pulldown-syle-2 .td-subcat-dropdown:hover .td-subcat-more i {\n                color: #4db2ec;\n            }\n            .td-pulldown-syle-2 .td-subcat-dropdown .td-subcat-more {\n                margin-left: 9px;\n                margin-bottom: 8px; \/\/ this align the dropdown list\n            }\n            .td-pulldown-syle-2 .td-subcat-list .td-subcat-item {\n                margin-left: 24px;\n            }\n            .td-pulldown-syle-3 {\n                top: 0;\n            }\n            .td-pulldown-syle-3 .td-subcat-dropdown ul {\n                padding: 15px 0;\n                margin-top: -1px;\n                border-width: 1px;\n            }\n            .td-pulldown-syle-3 .td-subcat-dropdown a {\n                padding-left: 40px;\n                padding-right: 31px;\n            }\n            .td-pulldown-syle-3 .td-subcat-dropdown &:hover .td-subcat-more {\n                background-color: transparent !important;\n            }\n            .td-pulldown-syle-3 .td-subcat-dropdown &:hover .td-subcat-more span,\n            .td-pulldown-syle-3 .td-subcat-dropdown &:hover .td-subcat-more i {\n                color: #4db2ec;\n            }\n            .td-pulldown-syle-3 .td-subcat-dropdown .td-subcat-more {\n                margin-left: 9px;\n                margin-bottom: 8px; \/\/ this align the dropdown list\n            }\n            .td-pulldown-syle-3 .td-subcat-list .td-subcat-item {\n                margin-left: 24px;\n            }\n            \n            \n\n            \n            .td-theme-wrap .tdi_25_d12 .td-pulldown-filter-link:hover,\n            .td-theme-wrap .tdi_25_d12 .td-subcat-item a:hover,\n            .td-theme-wrap .tdi_25_d12 .td-subcat-item .td-cur-simple-item {\n                color: #dd3333;\n            }\n\n            .td-theme-wrap .tdi_25_d12 .block-title > *,\n            .td-theme-wrap .tdi_25_d12 .td-subcat-dropdown:hover .td-subcat-more {\n                background-color: #dd3333;\n            }\n            .td-theme-wrap .td-footer-wrapper .tdi_25_d12 .block-title > * {\n                padding: 6px 7px 5px;\n                line-height: 1;\n            }\n\n            .td-theme-wrap .tdi_25_d12 .block-title {\n                border-color: #dd3333;\n            }\n\n            \n            .td-theme-wrap .tdi_25_d12 .td_module_wrap:hover .entry-title a,\n            .td-theme-wrap .tdi_25_d12 .td_quote_on_blocks,\n            .td-theme-wrap .tdi_25_d12 .td-opacity-cat .td-post-category:hover,\n            .td-theme-wrap .tdi_25_d12 .td-opacity-read .td-read-more a:hover,\n            .td-theme-wrap .tdi_25_d12 .td-opacity-author .td-post-author-name a:hover,\n            .td-theme-wrap .tdi_25_d12 .td-instagram-user a {\n                color: #dd3333;\n            }\n\n            .td-theme-wrap .tdi_25_d12 .td-next-prev-wrap a:hover,\n            .td-theme-wrap .tdi_25_d12 .td-load-more-wrap a:hover {\n                background-color: #dd3333;\n                border-color: #dd3333;\n            }\n\n            .td-theme-wrap .tdi_25_d12 .td-read-more a,\n            .td-theme-wrap .tdi_25_d12 .td-weather-information:before,\n            .td-theme-wrap .tdi_25_d12 .td-weather-week:before,\n            .td-theme-wrap .tdi_25_d12 .td-exchange-header:before,\n            .td-theme-wrap .td-footer-wrapper .tdi_25_d12 .td-post-category,\n            .td-theme-wrap .tdi_25_d12 .td-post-category:hover {\n                background-color: #dd3333;\n            }\n<\/style><script>var block_tdi_25_d12 = new tdBlock();\nblock_tdi_25_d12.id = \"tdi_25_d12\";\nblock_tdi_25_d12.atts = '{\"custom_title\":\"Tierra y h\\u00e1bitat\",\"header_color\":\"#dd3333\",\"category_id\":\"21\",\"tag_slug\":\"vxl 64\",\"limit\":\"10\",\"td_filter_default_txt\":\"Todo\",\"block_type\":\"td_block_21\",\"separator\":\"\",\"custom_url\":\"\",\"block_template_id\":\"\",\"m16_tl\":\"\",\"m16_el\":\"\",\"post_ids\":\"\",\"category_ids\":\"\",\"autors_id\":\"\",\"installed_post_types\":\"\",\"sort\":\"\",\"offset\":\"\",\"show_modified_date\":\"\",\"el_class\":\"\",\"td_ajax_filter_type\":\"\",\"td_ajax_filter_ids\":\"\",\"td_ajax_preloading\":\"\",\"f_header_font_header\":\"\",\"f_header_font_title\":\"Block header\",\"f_header_font_settings\":\"\",\"f_header_font_family\":\"\",\"f_header_font_size\":\"\",\"f_header_font_line_height\":\"\",\"f_header_font_style\":\"\",\"f_header_font_weight\":\"\",\"f_header_font_transform\":\"\",\"f_header_font_spacing\":\"\",\"f_header_\":\"\",\"f_ajax_font_title\":\"Ajax categories\",\"f_ajax_font_settings\":\"\",\"f_ajax_font_family\":\"\",\"f_ajax_font_size\":\"\",\"f_ajax_font_line_height\":\"\",\"f_ajax_font_style\":\"\",\"f_ajax_font_weight\":\"\",\"f_ajax_font_transform\":\"\",\"f_ajax_font_spacing\":\"\",\"f_ajax_\":\"\",\"f_more_font_title\":\"Load more button\",\"f_more_font_settings\":\"\",\"f_more_font_family\":\"\",\"f_more_font_size\":\"\",\"f_more_font_line_height\":\"\",\"f_more_font_style\":\"\",\"f_more_font_weight\":\"\",\"f_more_font_transform\":\"\",\"f_more_font_spacing\":\"\",\"f_more_\":\"\",\"m16f_title_font_header\":\"\",\"m16f_title_font_title\":\"Article title\",\"m16f_title_font_settings\":\"\",\"m16f_title_font_family\":\"\",\"m16f_title_font_size\":\"\",\"m16f_title_font_line_height\":\"\",\"m16f_title_font_style\":\"\",\"m16f_title_font_weight\":\"\",\"m16f_title_font_transform\":\"\",\"m16f_title_font_spacing\":\"\",\"m16f_title_\":\"\",\"m16f_cat_font_title\":\"Article category tag\",\"m16f_cat_font_settings\":\"\",\"m16f_cat_font_family\":\"\",\"m16f_cat_font_size\":\"\",\"m16f_cat_font_line_height\":\"\",\"m16f_cat_font_style\":\"\",\"m16f_cat_font_weight\":\"\",\"m16f_cat_font_transform\":\"\",\"m16f_cat_font_spacing\":\"\",\"m16f_cat_\":\"\",\"m16f_meta_font_title\":\"Article meta info\",\"m16f_meta_font_settings\":\"\",\"m16f_meta_font_family\":\"\",\"m16f_meta_font_size\":\"\",\"m16f_meta_font_line_height\":\"\",\"m16f_meta_font_style\":\"\",\"m16f_meta_font_weight\":\"\",\"m16f_meta_font_transform\":\"\",\"m16f_meta_font_spacing\":\"\",\"m16f_meta_\":\"\",\"m16f_ex_font_title\":\"Article excerpt\",\"m16f_ex_font_settings\":\"\",\"m16f_ex_font_family\":\"\",\"m16f_ex_font_size\":\"\",\"m16f_ex_font_line_height\":\"\",\"m16f_ex_font_style\":\"\",\"m16f_ex_font_weight\":\"\",\"m16f_ex_font_transform\":\"\",\"m16f_ex_font_spacing\":\"\",\"m16f_ex_\":\"\",\"ajax_pagination\":\"\",\"ajax_pagination_infinite_stop\":\"\",\"css\":\"\",\"tdc_css\":\"\",\"td_column_number\":2,\"color_preset\":\"\",\"border_top\":\"\",\"class\":\"tdi_25_d12\",\"tdc_css_class\":\"tdi_25_d12\",\"tdc_css_class_style\":\"tdi_25_d12_rand_style\"}';\nblock_tdi_25_d12.td_column_number = \"2\";\nblock_tdi_25_d12.block_type = \"td_block_21\";\nblock_tdi_25_d12.post_count = \"10\";\nblock_tdi_25_d12.found_posts = \"25\";\nblock_tdi_25_d12.header_color = \"#dd3333\";\nblock_tdi_25_d12.ajax_pagination_infinite_stop = \"\";\nblock_tdi_25_d12.max_num_pages = \"3\";\ntdBlocksArray.push(block_tdi_25_d12);\n<\/script><div class=\"td-block-title-wrap\"><h4 class=\"block-title td-block-title\"><span class=\"td-pulldown-size\">Tierra y h\u00e1bitat<\/span><\/h4><\/div><div id=tdi_25_d12 class=\"td_block_inner\">\n        <div class=\"td_module_16 td_module_wrap td-animation-stack\">\n            <div class=\"td-module-thumb\"><a href=\"https:\/\/vamosporlaliberacion.org\/crpmlm\/eugenio-cabib-y-juan-telmo-ortiz-presentes\/\" rel=\"bookmark\" class=\"td-image-wrap \" title=\"Eugenio Cabib y Juan Telmo Ortiz, presentes!\" ><img loading=\"lazy\" decoding=\"async\" class=\"entry-thumb\" src=\"\" alt=\"\" title=\"Eugenio Cabib y Juan Telmo Ortiz, presentes!\" data-type=\"image_tag\" data-img-url=\"https:\/\/i0.wp.com\/vamosporlaliberacion.org\/crpmlm\/wp-content\/uploads\/2016\/02\/vxl64-20.jpg?resize=150%2C150&ssl=1\"  width=\"150\" height=\"150\" \/><\/a><\/div>\n            <div class=\"item-details\">\n                <h3 class=\"entry-title td-module-title\"><a href=\"https:\/\/vamosporlaliberacion.org\/crpmlm\/eugenio-cabib-y-juan-telmo-ortiz-presentes\/\" rel=\"bookmark\" title=\"Eugenio Cabib y Juan Telmo Ortiz, presentes!\">Eugenio Cabib y Juan Telmo Ortiz, presentes!<\/a><\/h3>\n                <div class=\"td-module-meta-info\">\n                                        <span class=\"td-post-author-name\"><a href=\"https:\/\/vamosporlaliberacion.org\/crpmlm\/author\/adminvxl\/\">vamos!<\/a> <span>-<\/span> <\/span>                    <span class=\"td-post-date\"><time class=\"entry-date updated td-module-date\" datetime=\"2015-11-11T15:18:39-03:00\" >11 noviembre, 2015<\/time><\/span>                    <span class=\"td-module-comments\"><a href=\"https:\/\/vamosporlaliberacion.org\/crpmlm\/eugenio-cabib-y-juan-telmo-ortiz-presentes\/#respond\">0<\/a><\/span>                <\/div>\n\n                <div class=\"td-excerpt\">\n                    Eugenio Cabib\r\nTen\u00eda 32 a\u00f1os cuando fue secuestrado. Un 11 de noviembre de 1976 irrumpi\u00f3 en su casa de Monserrat, en Capital Federal, un grupo...                <\/div>\n            <\/div>\n\n        <\/div>\n\n        \n        <div class=\"td_module_16 td_module_wrap td-animation-stack\">\n            <div class=\"td-module-thumb\"><a href=\"https:\/\/vamosporlaliberacion.org\/crpmlm\/datos-del-escrutinio\/\" rel=\"bookmark\" class=\"td-image-wrap \" title=\"Datos del escrutinio\" ><img decoding=\"async\" class=\"entry-thumb\" src=\"\"alt=\"\" data-type=\"image_tag\" data-img-url=\"https:\/\/vamosporlaliberacion.org\/crpmlm\/wp-content\/plugins\/td-composer\/legacy\/Newspaper\/assets\/images\/no-thumb\/thumbnail.png\"  width=\"\" height=\"\" \/><\/a><\/div>\n            <div class=\"item-details\">\n                <h3 class=\"entry-title td-module-title\"><a href=\"https:\/\/vamosporlaliberacion.org\/crpmlm\/datos-del-escrutinio\/\" rel=\"bookmark\" title=\"Datos del escrutinio\">Datos del escrutinio<\/a><\/h3>\n                <div class=\"td-module-meta-info\">\n                                        <span class=\"td-post-author-name\"><a href=\"https:\/\/vamosporlaliberacion.org\/crpmlm\/author\/adminvxl\/\">vamos!<\/a> <span>-<\/span> <\/span>                    <span class=\"td-post-date\"><time class=\"entry-date updated td-module-date\" datetime=\"2015-11-11T12:18:37-03:00\" >11 noviembre, 2015<\/time><\/span>                    <span class=\"td-module-comments\"><a href=\"https:\/\/vamosporlaliberacion.org\/crpmlm\/datos-del-escrutinio\/#respond\">0<\/a><\/span>                <\/div>\n\n                <div class=\"td-excerpt\">\n                    De acuerdo a los datos del escrutinio definitivo, el 25 de octubre votaron 26.048.320 personas (80% del padr\u00f3n), lo que arroja unos 2 millones...                <\/div>\n            <\/div>\n\n        <\/div>\n\n        \n        <div class=\"td_module_16 td_module_wrap td-animation-stack\">\n            <div class=\"td-module-thumb\"><a href=\"https:\/\/vamosporlaliberacion.org\/crpmlm\/un-ciclo-de-crecimiento-dependiente-agotado\/\" rel=\"bookmark\" class=\"td-image-wrap \" title=\"Un ciclo de crecimiento dependiente agotado\" ><img loading=\"lazy\" decoding=\"async\" class=\"entry-thumb\" src=\"\" alt=\"\" title=\"Un ciclo de crecimiento dependiente agotado\" data-type=\"image_tag\" data-img-url=\"https:\/\/i0.wp.com\/vamosporlaliberacion.org\/crpmlm\/wp-content\/uploads\/2016\/02\/vxl64-19.jpg?resize=150%2C150&ssl=1\"  width=\"150\" height=\"150\" \/><\/a><\/div>\n            <div class=\"item-details\">\n                <h3 class=\"entry-title td-module-title\"><a href=\"https:\/\/vamosporlaliberacion.org\/crpmlm\/un-ciclo-de-crecimiento-dependiente-agotado\/\" rel=\"bookmark\" title=\"Un ciclo de crecimiento dependiente agotado\">Un ciclo de crecimiento dependiente agotado<\/a><\/h3>\n                <div class=\"td-module-meta-info\">\n                                        <span class=\"td-post-author-name\"><a href=\"https:\/\/vamosporlaliberacion.org\/crpmlm\/author\/adminvxl\/\">vamos!<\/a> <span>-<\/span> <\/span>                    <span class=\"td-post-date\"><time class=\"entry-date updated td-module-date\" datetime=\"2015-11-11T12:18:36-03:00\" >11 noviembre, 2015<\/time><\/span>                    <span class=\"td-module-comments\"><a href=\"https:\/\/vamosporlaliberacion.org\/crpmlm\/un-ciclo-de-crecimiento-dependiente-agotado\/#respond\">0<\/a><\/span>                <\/div>\n\n                <div class=\"td-excerpt\">\n                    El PBI, el \u00edndice de ocupaci\u00f3n de obreros en la industria, el salario real, el saldo de la balanza comercial\u2026 numerosos indicadores econ\u00f3micos manifiestan...                <\/div>\n            <\/div>\n\n        <\/div>\n\n        \n        <div class=\"td_module_16 td_module_wrap td-animation-stack\">\n            <div class=\"td-module-thumb\"><a href=\"https:\/\/vamosporlaliberacion.org\/crpmlm\/un-convenio-fraudulento-para-aplicar-el-ajuste\/\" rel=\"bookmark\" class=\"td-image-wrap \" title=\"Un convenio fraudulento para aplicar el ajuste\" ><img loading=\"lazy\" decoding=\"async\" class=\"entry-thumb\" src=\"\" alt=\"\" title=\"Un convenio fraudulento para aplicar el ajuste\" data-type=\"image_tag\" data-img-url=\"https:\/\/i0.wp.com\/vamosporlaliberacion.org\/crpmlm\/wp-content\/uploads\/2016\/02\/vxl64-18.jpg?resize=150%2C150&ssl=1\"  width=\"150\" height=\"150\" \/><\/a><\/div>\n            <div class=\"item-details\">\n                <h3 class=\"entry-title td-module-title\"><a href=\"https:\/\/vamosporlaliberacion.org\/crpmlm\/un-convenio-fraudulento-para-aplicar-el-ajuste\/\" rel=\"bookmark\" title=\"Un convenio fraudulento para aplicar el ajuste\">Un convenio fraudulento para aplicar el ajuste<\/a><\/h3>\n                <div class=\"td-module-meta-info\">\n                                        <span class=\"td-post-author-name\"><a href=\"https:\/\/vamosporlaliberacion.org\/crpmlm\/author\/adminvxl\/\">vamos!<\/a> <span>-<\/span> <\/span>                    <span class=\"td-post-date\"><time class=\"entry-date updated td-module-date\" datetime=\"2015-11-11T12:03:18-03:00\" >11 noviembre, 2015<\/time><\/span>                    <span class=\"td-module-comments\"><a href=\"https:\/\/vamosporlaliberacion.org\/crpmlm\/un-convenio-fraudulento-para-aplicar-el-ajuste\/#respond\">0<\/a><\/span>                <\/div>\n\n                <div class=\"td-excerpt\">\n                    El pasado 4 de noviembre se realiz\u00f3 una masiva asamblea de m\u00e1s de mil trabajadores del Sarmiento para analizar los pasos a seguir ante...                <\/div>\n            <\/div>\n\n        <\/div>\n\n        \n        <div class=\"td_module_16 td_module_wrap td-animation-stack\">\n            <div class=\"td-module-thumb\"><a href=\"https:\/\/vamosporlaliberacion.org\/crpmlm\/los-trabajadores-del-banco-central-decidieron-salir-a-luchar-y-ganaron\/\" rel=\"bookmark\" class=\"td-image-wrap \" title=\"Los trabajadores del Banco Central decidieron salir a luchar y ganaron\" ><img loading=\"lazy\" decoding=\"async\" class=\"entry-thumb\" src=\"\" alt=\"\" title=\"Los trabajadores del Banco Central decidieron salir a luchar y ganaron\" data-type=\"image_tag\" data-img-url=\"https:\/\/i0.wp.com\/vamosporlaliberacion.org\/crpmlm\/wp-content\/uploads\/2016\/02\/vxl64-17.jpg?resize=150%2C150&ssl=1\"  width=\"150\" height=\"150\" \/><\/a><\/div>\n            <div class=\"item-details\">\n                <h3 class=\"entry-title td-module-title\"><a href=\"https:\/\/vamosporlaliberacion.org\/crpmlm\/los-trabajadores-del-banco-central-decidieron-salir-a-luchar-y-ganaron\/\" rel=\"bookmark\" title=\"Los trabajadores del Banco Central decidieron salir a luchar y ganaron\">Los trabajadores del Banco Central decidieron salir a luchar y ganaron<\/a><\/h3>\n                <div class=\"td-module-meta-info\">\n                                        <span class=\"td-post-author-name\"><a href=\"https:\/\/vamosporlaliberacion.org\/crpmlm\/author\/adminvxl\/\">vamos!<\/a> <span>-<\/span> <\/span>                    <span class=\"td-post-date\"><time class=\"entry-date updated td-module-date\" datetime=\"2015-11-11T12:03:17-03:00\" >11 noviembre, 2015<\/time><\/span>                    <span class=\"td-module-comments\"><a href=\"https:\/\/vamosporlaliberacion.org\/crpmlm\/los-trabajadores-del-banco-central-decidieron-salir-a-luchar-y-ganaron\/#respond\">0<\/a><\/span>                <\/div>\n\n                <div class=\"td-excerpt\">\n                    En medio de un escenario pol\u00edtico complejo, te\u00f1ido por la disputa por el recambio de gobierno, los trabajadores del Banco Central se dispusieron a...                <\/div>\n            <\/div>\n\n        <\/div>\n\n        \n        <div class=\"td_module_16 td_module_wrap td-animation-stack\">\n            <div class=\"td-module-thumb\"><a href=\"https:\/\/vamosporlaliberacion.org\/crpmlm\/precarizados-de-loteria-en-lucha\/\" rel=\"bookmark\" class=\"td-image-wrap \" title=\"Precarizados de Loter\u00eda en lucha\" ><img loading=\"lazy\" decoding=\"async\" class=\"entry-thumb\" src=\"\" alt=\"\" title=\"Precarizados de Loter\u00eda en lucha\" data-type=\"image_tag\" data-img-url=\"https:\/\/i0.wp.com\/vamosporlaliberacion.org\/crpmlm\/wp-content\/uploads\/2016\/02\/vxl64-16.jpg?resize=150%2C150&ssl=1\"  width=\"150\" height=\"150\" \/><\/a><\/div>\n            <div class=\"item-details\">\n                <h3 class=\"entry-title td-module-title\"><a href=\"https:\/\/vamosporlaliberacion.org\/crpmlm\/precarizados-de-loteria-en-lucha\/\" rel=\"bookmark\" title=\"Precarizados de Loter\u00eda en lucha\">Precarizados de Loter\u00eda en lucha<\/a><\/h3>\n                <div class=\"td-module-meta-info\">\n                                        <span class=\"td-post-author-name\"><a href=\"https:\/\/vamosporlaliberacion.org\/crpmlm\/author\/adminvxl\/\">vamos!<\/a> <span>-<\/span> <\/span>                    <span class=\"td-post-date\"><time class=\"entry-date updated td-module-date\" datetime=\"2015-11-11T11:55:41-03:00\" >11 noviembre, 2015<\/time><\/span>                    <span class=\"td-module-comments\"><a href=\"https:\/\/vamosporlaliberacion.org\/crpmlm\/precarizados-de-loteria-en-lucha\/#respond\">0<\/a><\/span>                <\/div>\n\n                <div class=\"td-excerpt\">\n                    Los trabajadores precarizados del Instituto Provincial de Loter\u00eda y Casinos salimos a la calle reclam\u00e1ndole al gobernador Scioli que firme nuestro pase a planta....                <\/div>\n            <\/div>\n\n        <\/div>\n\n        \n        <div class=\"td_module_16 td_module_wrap td-animation-stack\">\n            <div class=\"td-module-thumb\"><a href=\"https:\/\/vamosporlaliberacion.org\/crpmlm\/si-tocan-a-uno-tocan-a-todos\/\" rel=\"bookmark\" class=\"td-image-wrap \" title=\"Si tocan a uno, tocan a todos\" ><img loading=\"lazy\" decoding=\"async\" class=\"entry-thumb\" src=\"\" alt=\"\" title=\"Si tocan a uno, tocan a todos\" data-type=\"image_tag\" data-img-url=\"https:\/\/i0.wp.com\/vamosporlaliberacion.org\/crpmlm\/wp-content\/uploads\/2016\/02\/vxl64-14.jpg?resize=150%2C150&ssl=1\"  width=\"150\" height=\"150\" \/><\/a><\/div>\n            <div class=\"item-details\">\n                <h3 class=\"entry-title td-module-title\"><a href=\"https:\/\/vamosporlaliberacion.org\/crpmlm\/si-tocan-a-uno-tocan-a-todos\/\" rel=\"bookmark\" title=\"Si tocan a uno, tocan a todos\">Si tocan a uno, tocan a todos<\/a><\/h3>\n                <div class=\"td-module-meta-info\">\n                                        <span class=\"td-post-author-name\"><a href=\"https:\/\/vamosporlaliberacion.org\/crpmlm\/author\/adminvxl\/\">vamos!<\/a> <span>-<\/span> <\/span>                    <span class=\"td-post-date\"><time class=\"entry-date updated td-module-date\" datetime=\"2015-11-11T11:55:38-03:00\" >11 noviembre, 2015<\/time><\/span>                    <span class=\"td-module-comments\"><a href=\"https:\/\/vamosporlaliberacion.org\/crpmlm\/si-tocan-a-uno-tocan-a-todos\/#respond\">0<\/a><\/span>                <\/div>\n\n                <div class=\"td-excerpt\">\n                    El juicio oral a 33 trabajadores docentes y camioneros, que tiene el claro objetivo de amedrentamiento hacia los trabajadores que vienen enfrentando el ajuste...                <\/div>\n            <\/div>\n\n        <\/div>\n\n        \n        <div class=\"td_module_16 td_module_wrap td-animation-stack\">\n            <div class=\"td-module-thumb\"><a href=\"https:\/\/vamosporlaliberacion.org\/crpmlm\/pretenden-que-bajemos-la-cabeza\/\" rel=\"bookmark\" class=\"td-image-wrap \" title=\"\u201cPretenden que bajemos la cabeza\u201d\" ><img loading=\"lazy\" decoding=\"async\" class=\"entry-thumb\" src=\"\" alt=\"\" title=\"\u201cPretenden que bajemos la cabeza\u201d\" data-type=\"image_tag\" data-img-url=\"https:\/\/i0.wp.com\/vamosporlaliberacion.org\/crpmlm\/wp-content\/uploads\/2016\/02\/vxl64-13.jpg?resize=150%2C150&ssl=1\"  width=\"150\" height=\"150\" \/><\/a><\/div>\n            <div class=\"item-details\">\n                <h3 class=\"entry-title td-module-title\"><a href=\"https:\/\/vamosporlaliberacion.org\/crpmlm\/pretenden-que-bajemos-la-cabeza\/\" rel=\"bookmark\" title=\"\u201cPretenden que bajemos la cabeza\u201d\">\u201cPretenden que bajemos la cabeza\u201d<\/a><\/h3>\n                <div class=\"td-module-meta-info\">\n                                        <span class=\"td-post-author-name\"><a href=\"https:\/\/vamosporlaliberacion.org\/crpmlm\/author\/adminvxl\/\">vamos!<\/a> <span>-<\/span> <\/span>                    <span class=\"td-post-date\"><time class=\"entry-date updated td-module-date\" datetime=\"2015-11-11T11:55:36-03:00\" >11 noviembre, 2015<\/time><\/span>                    <span class=\"td-module-comments\"><a href=\"https:\/\/vamosporlaliberacion.org\/crpmlm\/pretenden-que-bajemos-la-cabeza\/#respond\">0<\/a><\/span>                <\/div>\n\n                <div class=\"td-excerpt\">\n                    \u201cDeclaro mi inocencia y la inocencia de todos los compa\u00f1eros que est\u00e1n siendo injustamente llevados a proceso. Pero el solo hecho de pasar por...                <\/div>\n            <\/div>\n\n        <\/div>\n\n        \n        <div class=\"td_module_16 td_module_wrap td-animation-stack\">\n            <div class=\"td-module-thumb\"><a href=\"https:\/\/vamosporlaliberacion.org\/crpmlm\/desde-el-obelisco-a-la-casa-de-tierra-del-fuego\/\" rel=\"bookmark\" class=\"td-image-wrap \" title=\"Desde el Obelisco a la Casa de Tierra del Fuego\" ><img loading=\"lazy\" decoding=\"async\" class=\"entry-thumb\" src=\"\" alt=\"\" title=\"Desde el Obelisco a la Casa de Tierra del Fuego\" data-type=\"image_tag\" data-img-url=\"https:\/\/i0.wp.com\/vamosporlaliberacion.org\/crpmlm\/wp-content\/uploads\/2016\/02\/vxl64-12.jpg?resize=150%2C150&ssl=1\"  width=\"150\" height=\"150\" \/><\/a><\/div>\n            <div class=\"item-details\">\n                <h3 class=\"entry-title td-module-title\"><a href=\"https:\/\/vamosporlaliberacion.org\/crpmlm\/desde-el-obelisco-a-la-casa-de-tierra-del-fuego\/\" rel=\"bookmark\" title=\"Desde el Obelisco a la Casa de Tierra del Fuego\">Desde el Obelisco a la Casa de Tierra del Fuego<\/a><\/h3>\n                <div class=\"td-module-meta-info\">\n                                        <span class=\"td-post-author-name\"><a href=\"https:\/\/vamosporlaliberacion.org\/crpmlm\/author\/adminvxl\/\">vamos!<\/a> <span>-<\/span> <\/span>                    <span class=\"td-post-date\"><time class=\"entry-date updated td-module-date\" datetime=\"2015-11-11T11:45:07-03:00\" >11 noviembre, 2015<\/time><\/span>                    <span class=\"td-module-comments\"><a href=\"https:\/\/vamosporlaliberacion.org\/crpmlm\/desde-el-obelisco-a-la-casa-de-tierra-del-fuego\/#respond\">0<\/a><\/span>                <\/div>\n\n                <div class=\"td-excerpt\">\n                    Mientras en la provincia fueguina el paro fue total en repudio al juicio farsa contra 33 trabajadores docentes y camioneros, por la ma\u00f1ana del...                <\/div>\n            <\/div>\n\n        <\/div>\n\n        \n        <div class=\"td_module_16 td_module_wrap td-animation-stack\">\n            <div class=\"td-module-thumb\"><a href=\"https:\/\/vamosporlaliberacion.org\/crpmlm\/nieto-recuperado-no118\/\" rel=\"bookmark\" class=\"td-image-wrap \" title=\"Nieto recuperado N\u00ba118\" ><img loading=\"lazy\" decoding=\"async\" class=\"entry-thumb\" src=\"\" alt=\"\" title=\"Nieto recuperado N\u00ba118\" data-type=\"image_tag\" data-img-url=\"https:\/\/i0.wp.com\/vamosporlaliberacion.org\/crpmlm\/wp-content\/uploads\/2016\/02\/vxl64-10.jpg?resize=150%2C150&ssl=1\"  width=\"150\" height=\"150\" \/><\/a><\/div>\n            <div class=\"item-details\">\n                <h3 class=\"entry-title td-module-title\"><a href=\"https:\/\/vamosporlaliberacion.org\/crpmlm\/nieto-recuperado-no118\/\" rel=\"bookmark\" title=\"Nieto recuperado N\u00ba118\">Nieto recuperado N\u00ba118<\/a><\/h3>\n                <div class=\"td-module-meta-info\">\n                                        <span class=\"td-post-author-name\"><a href=\"https:\/\/vamosporlaliberacion.org\/crpmlm\/author\/adminvxl\/\">vamos!<\/a> <span>-<\/span> <\/span>                    <span class=\"td-post-date\"><time class=\"entry-date updated td-module-date\" datetime=\"2015-11-11T11:45:04-03:00\" >11 noviembre, 2015<\/time><\/span>                    <span class=\"td-module-comments\"><a href=\"https:\/\/vamosporlaliberacion.org\/crpmlm\/nieto-recuperado-no118\/#respond\">0<\/a><\/span>                <\/div>\n\n                <div class=\"td-excerpt\">\n                    &quot;\u00bfPor qu\u00e9 no? Sos mi abuela&quot;, respondi\u00f3 cuando Delia Giovanola le pregunt\u00f3 si estaba seguro que quer\u00eda hablar de nuevo. Delia, una de las...                <\/div>\n            <\/div>\n\n        <\/div>\n\n        <\/div><\/div> <!-- .\/block --><div class=\"td_block_wrap td_block_21 tdi_26_f16 td-pb-border-top td_block_template_1 td-column-2\"  data-td-block-uid=\"tdi_26_f16\" >\n<style>\n.td_block_template_2.widget > ul > li,\n            .td_block_template_6.widget > ul > li,\n            .td_block_template_8.widget > ul > li,\n            .td_block_template_9.widget > ul > li,\n            .td_block_template_10.widget > ul > li,\n            .td_block_template_11.widget > ul > li,\n            .td_block_template_12.widget > ul > li,\n            .td_block_template_13.widget > ul > li,\n            .td_block_template_14.widget > ul > li,\n            .td_block_template_15.widget > ul > li,\n            .td_block_template_16.widget > ul > li,\n            .td_block_template_17.widget > ul > li {\n                margin-left: 0 !important;\n            }\n            .global-block-template-12 .td-comments-title span,\n            .global-block-template-13 .td-comments-title span {\n                margin-left: 0 !important;\n                font-size: 20px;\n            }\n            @media (max-width: 767px) {\n                .global-block-template-12 .td-comments-title span,\n                .global-block-template-13 .td-comments-title span {\n                    font-size: 15px;\n                }\n            }\n            .td-block-title-wrap .td-wrapper-pulldown-filter {\n                font-family: 'Roboto', sans-serif;\n                position: absolute;\n                bottom: 0;\n                right: 0;\n                top: 0;\n                margin: auto 0;\n                z-index: 2;\n                background-color: #fff;\n                font-size: 13px;\n                line-height: 1;\n                color: #777;\n                text-align: right;\n            }\n            .td-block-title-wrap .td-wrapper-pulldown-filter .td-pulldown-filter-display-option {\n                cursor: pointer;\n                white-space: nowrap;\n                position: relative;\n                line-height: 29px;\n            }\n            .td-block-title-wrap .td-wrapper-pulldown-filter .td-pulldown-filter-display-option i {\n                font-size: 9px;\n                color: #777;\n                margin-left: 20px;\n                margin-right: 10px;\n            }\n            .td-block-title-wrap .td-wrapper-pulldown-filter .td-pulldown-filter-display-option i:before {\n                content: '\\e83d';\n            }\n            .td-block-title-wrap .td-wrapper-pulldown-filter .td-pulldown-filter-display-option span {\n                padding-left: 20px;\n                margin-right: -14px;\n            }\n            @media (max-width: 360px) {\n                .td-block-title-wrap .td-wrapper-pulldown-filter .td-pulldown-filter-display-option span {\n                    display: none;\n                }\n            }\n            .td-block-title-wrap .td-wrapper-pulldown-filter .td-pulldown-filter-display-option:hover {\n                color: #4db2ec;\n            }\n            .td-block-title-wrap .td-wrapper-pulldown-filter .td-pulldown-filter-display-option:hover i {\n                color: #4db2ec;\n            }\n            .td-block-title-wrap .td-wrapper-pulldown-filter .td-pulldown-filter-display-option:hover ul {\n                display: block;\n            }\n            .td-block-title-wrap .td-wrapper-pulldown-filter .td-pulldown-filter-list {\n                list-style: none;\n                position: absolute;\n                right: 0;\n                top: 100%;\n                padding: 18px 0;\n                background-color: rgb(255, 255, 255);\n                background-color: rgba(255, 255, 255, 0.95);\n                z-index: 999;\n                border-width: 1px;\n                border-color: #ededed;\n                border-style: solid;\n                display: none;\n                margin: 0;\n            }\n            .td-block-title-wrap .td-wrapper-pulldown-filter .td-pulldown-filter-item {\n                list-style: none;\n                margin: 0;\n            }\n            .td-block-title-wrap .td-wrapper-pulldown-filter .td-pulldown-filter-item .td-cur-simple-item {\n                color: #4db2ec;\n            }\n            .td-block-title-wrap .td-wrapper-pulldown-filter .td-pulldown-more {\n                padding-bottom: 10px;\n            }\n            .td-block-title-wrap .td-wrapper-pulldown-filter .td-pulldown-more:before {\n                content: '';\n                width: 70px;\n                height: 100%;\n                position: absolute;\n                margin-top: 2px;\n                top: 0;\n                right: 0;\n                z-index: 1;\n                opacity: 0;\n            }\n            .td-block-title-wrap .td-wrapper-pulldown-filter .td-pulldown-filter-link {\n                color: #777;\n                white-space: nowrap;\n                display: block;\n                line-height: 26px;\n                padding-left: 36px;\n                padding-right: 27px;\n            }\n            .td-block-title-wrap .td-wrapper-pulldown-filter .td-pulldown-filter-link:hover {\n                color: #4db2ec;\n            }\n            @media (min-width: 768px) and (max-width: 1018px) {\n                .td-pb-span4 .td-block-title-wrap .td-wrapper-pulldown-filter .td-pulldown-filter-display-option span {\n                    display: none;\n                }\n                .td-pb-span4 .td-block-title-wrap .td-wrapper-pulldown-filter .td-pulldown-filter-link {\n                    padding-left: 24px;\n                    padding-right: 20px !important;\n                }\n            }\n            @-moz-document url-prefix() {\n                .td-pulldown-syle-default .td-subcat-more,\n                .td-pulldown-syle-default .td-subcat-list {\n                    position: relative;\n                    top: -1px;\n                }\n            }\n            .td-pulldown-syle-2 {\n                top: 0;\n            }\n            .td-pulldown-syle-2 .td-subcat-dropdown ul {\n                padding: 20px 0;\n                margin-top: 0;\n            }\n            .td-pulldown-syle-2 .td-subcat-dropdown ul:after {\n                content: '';\n                position: absolute;\n                width: calc(100% + 2px);\n                height: 3px;\n                top: 0;\n                left: -1px;\n                background-color: #4db2ec;\n            }\n            .td-pulldown-syle-2 .td-subcat-dropdown a {\n                padding-left: 40px;\n                padding-right: 31px;\n            }\n            .td-pulldown-syle-2 .td-subcat-dropdown:hover .td-subcat-more {\n                background-color: transparent !important;\n            }\n            .td-pulldown-syle-2 .td-subcat-dropdown:hover .td-subcat-more span,\n            .td-pulldown-syle-2 .td-subcat-dropdown:hover .td-subcat-more i {\n                color: #4db2ec;\n            }\n            .td-pulldown-syle-2 .td-subcat-dropdown .td-subcat-more {\n                margin-left: 9px;\n                margin-bottom: 8px; \/\/ this align the dropdown list\n            }\n            .td-pulldown-syle-2 .td-subcat-list .td-subcat-item {\n                margin-left: 24px;\n            }\n            .td-pulldown-syle-3 {\n                top: 0;\n            }\n            .td-pulldown-syle-3 .td-subcat-dropdown ul {\n                padding: 15px 0;\n                margin-top: -1px;\n                border-width: 1px;\n            }\n            .td-pulldown-syle-3 .td-subcat-dropdown a {\n                padding-left: 40px;\n                padding-right: 31px;\n            }\n            .td-pulldown-syle-3 .td-subcat-dropdown &:hover .td-subcat-more {\n                background-color: transparent !important;\n            }\n            .td-pulldown-syle-3 .td-subcat-dropdown &:hover .td-subcat-more span,\n            .td-pulldown-syle-3 .td-subcat-dropdown &:hover .td-subcat-more i {\n                color: #4db2ec;\n            }\n            .td-pulldown-syle-3 .td-subcat-dropdown .td-subcat-more {\n                margin-left: 9px;\n                margin-bottom: 8px; \/\/ this align the dropdown list\n            }\n            .td-pulldown-syle-3 .td-subcat-list .td-subcat-item {\n                margin-left: 24px;\n            }\n            \n            \n\n            \n            .td-theme-wrap .tdi_26_f16 .td-pulldown-filter-link:hover,\n            .td-theme-wrap .tdi_26_f16 .td-subcat-item a:hover,\n            .td-theme-wrap .tdi_26_f16 .td-subcat-item .td-cur-simple-item {\n                color: #dd3333;\n            }\n\n            .td-theme-wrap .tdi_26_f16 .block-title > *,\n            .td-theme-wrap .tdi_26_f16 .td-subcat-dropdown:hover .td-subcat-more {\n                background-color: #dd3333;\n            }\n            .td-theme-wrap .td-footer-wrapper .tdi_26_f16 .block-title > * {\n                padding: 6px 7px 5px;\n                line-height: 1;\n            }\n\n            .td-theme-wrap .tdi_26_f16 .block-title {\n                border-color: #dd3333;\n            }\n\n            \n            .td-theme-wrap .tdi_26_f16 .td_module_wrap:hover .entry-title a,\n            .td-theme-wrap .tdi_26_f16 .td_quote_on_blocks,\n            .td-theme-wrap .tdi_26_f16 .td-opacity-cat .td-post-category:hover,\n            .td-theme-wrap .tdi_26_f16 .td-opacity-read .td-read-more a:hover,\n            .td-theme-wrap .tdi_26_f16 .td-opacity-author .td-post-author-name a:hover,\n            .td-theme-wrap .tdi_26_f16 .td-instagram-user a {\n                color: #dd3333;\n            }\n\n            .td-theme-wrap .tdi_26_f16 .td-next-prev-wrap a:hover,\n            .td-theme-wrap .tdi_26_f16 .td-load-more-wrap a:hover {\n                background-color: #dd3333;\n                border-color: #dd3333;\n            }\n\n            .td-theme-wrap .tdi_26_f16 .td-read-more a,\n            .td-theme-wrap .tdi_26_f16 .td-weather-information:before,\n            .td-theme-wrap .tdi_26_f16 .td-weather-week:before,\n            .td-theme-wrap .tdi_26_f16 .td-exchange-header:before,\n            .td-theme-wrap .td-footer-wrapper .tdi_26_f16 .td-post-category,\n            .td-theme-wrap .tdi_26_f16 .td-post-category:hover {\n                background-color: #dd3333;\n            }\n<\/style><script>var block_tdi_26_f16 = new tdBlock();\nblock_tdi_26_f16.id = \"tdi_26_f16\";\nblock_tdi_26_f16.atts = '{\"custom_title\":\"Juventud\",\"header_color\":\"#dd3333\",\"category_id\":\"8\",\"tag_slug\":\"vxl 64\",\"limit\":\"10\",\"td_filter_default_txt\":\"Todo\",\"block_type\":\"td_block_21\",\"separator\":\"\",\"custom_url\":\"\",\"block_template_id\":\"\",\"m16_tl\":\"\",\"m16_el\":\"\",\"post_ids\":\"\",\"category_ids\":\"\",\"autors_id\":\"\",\"installed_post_types\":\"\",\"sort\":\"\",\"offset\":\"\",\"show_modified_date\":\"\",\"el_class\":\"\",\"td_ajax_filter_type\":\"\",\"td_ajax_filter_ids\":\"\",\"td_ajax_preloading\":\"\",\"f_header_font_header\":\"\",\"f_header_font_title\":\"Block header\",\"f_header_font_settings\":\"\",\"f_header_font_family\":\"\",\"f_header_font_size\":\"\",\"f_header_font_line_height\":\"\",\"f_header_font_style\":\"\",\"f_header_font_weight\":\"\",\"f_header_font_transform\":\"\",\"f_header_font_spacing\":\"\",\"f_header_\":\"\",\"f_ajax_font_title\":\"Ajax categories\",\"f_ajax_font_settings\":\"\",\"f_ajax_font_family\":\"\",\"f_ajax_font_size\":\"\",\"f_ajax_font_line_height\":\"\",\"f_ajax_font_style\":\"\",\"f_ajax_font_weight\":\"\",\"f_ajax_font_transform\":\"\",\"f_ajax_font_spacing\":\"\",\"f_ajax_\":\"\",\"f_more_font_title\":\"Load more button\",\"f_more_font_settings\":\"\",\"f_more_font_family\":\"\",\"f_more_font_size\":\"\",\"f_more_font_line_height\":\"\",\"f_more_font_style\":\"\",\"f_more_font_weight\":\"\",\"f_more_font_transform\":\"\",\"f_more_font_spacing\":\"\",\"f_more_\":\"\",\"m16f_title_font_header\":\"\",\"m16f_title_font_title\":\"Article title\",\"m16f_title_font_settings\":\"\",\"m16f_title_font_family\":\"\",\"m16f_title_font_size\":\"\",\"m16f_title_font_line_height\":\"\",\"m16f_title_font_style\":\"\",\"m16f_title_font_weight\":\"\",\"m16f_title_font_transform\":\"\",\"m16f_title_font_spacing\":\"\",\"m16f_title_\":\"\",\"m16f_cat_font_title\":\"Article category tag\",\"m16f_cat_font_settings\":\"\",\"m16f_cat_font_family\":\"\",\"m16f_cat_font_size\":\"\",\"m16f_cat_font_line_height\":\"\",\"m16f_cat_font_style\":\"\",\"m16f_cat_font_weight\":\"\",\"m16f_cat_font_transform\":\"\",\"m16f_cat_font_spacing\":\"\",\"m16f_cat_\":\"\",\"m16f_meta_font_title\":\"Article meta info\",\"m16f_meta_font_settings\":\"\",\"m16f_meta_font_family\":\"\",\"m16f_meta_font_size\":\"\",\"m16f_meta_font_line_height\":\"\",\"m16f_meta_font_style\":\"\",\"m16f_meta_font_weight\":\"\",\"m16f_meta_font_transform\":\"\",\"m16f_meta_font_spacing\":\"\",\"m16f_meta_\":\"\",\"m16f_ex_font_title\":\"Article excerpt\",\"m16f_ex_font_settings\":\"\",\"m16f_ex_font_family\":\"\",\"m16f_ex_font_size\":\"\",\"m16f_ex_font_line_height\":\"\",\"m16f_ex_font_style\":\"\",\"m16f_ex_font_weight\":\"\",\"m16f_ex_font_transform\":\"\",\"m16f_ex_font_spacing\":\"\",\"m16f_ex_\":\"\",\"ajax_pagination\":\"\",\"ajax_pagination_infinite_stop\":\"\",\"css\":\"\",\"tdc_css\":\"\",\"td_column_number\":2,\"color_preset\":\"\",\"border_top\":\"\",\"class\":\"tdi_26_f16\",\"tdc_css_class\":\"tdi_26_f16\",\"tdc_css_class_style\":\"tdi_26_f16_rand_style\"}';\nblock_tdi_26_f16.td_column_number = \"2\";\nblock_tdi_26_f16.block_type = \"td_block_21\";\nblock_tdi_26_f16.post_count = \"10\";\nblock_tdi_26_f16.found_posts = \"25\";\nblock_tdi_26_f16.header_color = \"#dd3333\";\nblock_tdi_26_f16.ajax_pagination_infinite_stop = \"\";\nblock_tdi_26_f16.max_num_pages = \"3\";\ntdBlocksArray.push(block_tdi_26_f16);\n<\/script><div class=\"td-block-title-wrap\"><h4 class=\"block-title td-block-title\"><span class=\"td-pulldown-size\">Juventud<\/span><\/h4><\/div><div id=tdi_26_f16 class=\"td_block_inner\">\n        <div class=\"td_module_16 td_module_wrap td-animation-stack\">\n            <div class=\"td-module-thumb\"><a href=\"https:\/\/vamosporlaliberacion.org\/crpmlm\/eugenio-cabib-y-juan-telmo-ortiz-presentes\/\" rel=\"bookmark\" class=\"td-image-wrap \" title=\"Eugenio Cabib y Juan Telmo Ortiz, presentes!\" ><img loading=\"lazy\" decoding=\"async\" class=\"entry-thumb\" src=\"\" alt=\"\" title=\"Eugenio Cabib y Juan Telmo Ortiz, presentes!\" data-type=\"image_tag\" data-img-url=\"https:\/\/i0.wp.com\/vamosporlaliberacion.org\/crpmlm\/wp-content\/uploads\/2016\/02\/vxl64-20.jpg?resize=150%2C150&ssl=1\"  width=\"150\" height=\"150\" \/><\/a><\/div>\n            <div class=\"item-details\">\n                <h3 class=\"entry-title td-module-title\"><a href=\"https:\/\/vamosporlaliberacion.org\/crpmlm\/eugenio-cabib-y-juan-telmo-ortiz-presentes\/\" rel=\"bookmark\" title=\"Eugenio Cabib y Juan Telmo Ortiz, presentes!\">Eugenio Cabib y Juan Telmo Ortiz, presentes!<\/a><\/h3>\n                <div class=\"td-module-meta-info\">\n                                        <span class=\"td-post-author-name\"><a href=\"https:\/\/vamosporlaliberacion.org\/crpmlm\/author\/adminvxl\/\">vamos!<\/a> <span>-<\/span> <\/span>                    <span class=\"td-post-date\"><time class=\"entry-date updated td-module-date\" datetime=\"2015-11-11T15:18:39-03:00\" >11 noviembre, 2015<\/time><\/span>                    <span class=\"td-module-comments\"><a href=\"https:\/\/vamosporlaliberacion.org\/crpmlm\/eugenio-cabib-y-juan-telmo-ortiz-presentes\/#respond\">0<\/a><\/span>                <\/div>\n\n                <div class=\"td-excerpt\">\n                    Eugenio Cabib\r\nTen\u00eda 32 a\u00f1os cuando fue secuestrado. Un 11 de noviembre de 1976 irrumpi\u00f3 en su casa de Monserrat, en Capital Federal, un grupo...                <\/div>\n            <\/div>\n\n        <\/div>\n\n        \n        <div class=\"td_module_16 td_module_wrap td-animation-stack\">\n            <div class=\"td-module-thumb\"><a href=\"https:\/\/vamosporlaliberacion.org\/crpmlm\/datos-del-escrutinio\/\" rel=\"bookmark\" class=\"td-image-wrap \" title=\"Datos del escrutinio\" ><img decoding=\"async\" class=\"entry-thumb\" src=\"\"alt=\"\" data-type=\"image_tag\" data-img-url=\"https:\/\/vamosporlaliberacion.org\/crpmlm\/wp-content\/plugins\/td-composer\/legacy\/Newspaper\/assets\/images\/no-thumb\/thumbnail.png\"  width=\"\" height=\"\" \/><\/a><\/div>\n            <div class=\"item-details\">\n                <h3 class=\"entry-title td-module-title\"><a href=\"https:\/\/vamosporlaliberacion.org\/crpmlm\/datos-del-escrutinio\/\" rel=\"bookmark\" title=\"Datos del escrutinio\">Datos del escrutinio<\/a><\/h3>\n                <div class=\"td-module-meta-info\">\n                                        <span class=\"td-post-author-name\"><a href=\"https:\/\/vamosporlaliberacion.org\/crpmlm\/author\/adminvxl\/\">vamos!<\/a> <span>-<\/span> <\/span>                    <span class=\"td-post-date\"><time class=\"entry-date updated td-module-date\" datetime=\"2015-11-11T12:18:37-03:00\" >11 noviembre, 2015<\/time><\/span>                    <span class=\"td-module-comments\"><a href=\"https:\/\/vamosporlaliberacion.org\/crpmlm\/datos-del-escrutinio\/#respond\">0<\/a><\/span>                <\/div>\n\n                <div class=\"td-excerpt\">\n                    De acuerdo a los datos del escrutinio definitivo, el 25 de octubre votaron 26.048.320 personas (80% del padr\u00f3n), lo que arroja unos 2 millones...                <\/div>\n            <\/div>\n\n        <\/div>\n\n        \n        <div class=\"td_module_16 td_module_wrap td-animation-stack\">\n            <div class=\"td-module-thumb\"><a href=\"https:\/\/vamosporlaliberacion.org\/crpmlm\/un-ciclo-de-crecimiento-dependiente-agotado\/\" rel=\"bookmark\" class=\"td-image-wrap \" title=\"Un ciclo de crecimiento dependiente agotado\" ><img loading=\"lazy\" decoding=\"async\" class=\"entry-thumb\" src=\"\" alt=\"\" title=\"Un ciclo de crecimiento dependiente agotado\" data-type=\"image_tag\" data-img-url=\"https:\/\/i0.wp.com\/vamosporlaliberacion.org\/crpmlm\/wp-content\/uploads\/2016\/02\/vxl64-19.jpg?resize=150%2C150&ssl=1\"  width=\"150\" height=\"150\" \/><\/a><\/div>\n            <div class=\"item-details\">\n                <h3 class=\"entry-title td-module-title\"><a href=\"https:\/\/vamosporlaliberacion.org\/crpmlm\/un-ciclo-de-crecimiento-dependiente-agotado\/\" rel=\"bookmark\" title=\"Un ciclo de crecimiento dependiente agotado\">Un ciclo de crecimiento dependiente agotado<\/a><\/h3>\n                <div class=\"td-module-meta-info\">\n                                        <span class=\"td-post-author-name\"><a href=\"https:\/\/vamosporlaliberacion.org\/crpmlm\/author\/adminvxl\/\">vamos!<\/a> <span>-<\/span> <\/span>                    <span class=\"td-post-date\"><time class=\"entry-date updated td-module-date\" datetime=\"2015-11-11T12:18:36-03:00\" >11 noviembre, 2015<\/time><\/span>                    <span class=\"td-module-comments\"><a href=\"https:\/\/vamosporlaliberacion.org\/crpmlm\/un-ciclo-de-crecimiento-dependiente-agotado\/#respond\">0<\/a><\/span>                <\/div>\n\n                <div class=\"td-excerpt\">\n                    El PBI, el \u00edndice de ocupaci\u00f3n de obreros en la industria, el salario real, el saldo de la balanza comercial\u2026 numerosos indicadores econ\u00f3micos manifiestan...                <\/div>\n            <\/div>\n\n        <\/div>\n\n        \n        <div class=\"td_module_16 td_module_wrap td-animation-stack\">\n            <div class=\"td-module-thumb\"><a href=\"https:\/\/vamosporlaliberacion.org\/crpmlm\/un-convenio-fraudulento-para-aplicar-el-ajuste\/\" rel=\"bookmark\" class=\"td-image-wrap \" title=\"Un convenio fraudulento para aplicar el ajuste\" ><img loading=\"lazy\" decoding=\"async\" class=\"entry-thumb\" src=\"\" alt=\"\" title=\"Un convenio fraudulento para aplicar el ajuste\" data-type=\"image_tag\" data-img-url=\"https:\/\/i0.wp.com\/vamosporlaliberacion.org\/crpmlm\/wp-content\/uploads\/2016\/02\/vxl64-18.jpg?resize=150%2C150&ssl=1\"  width=\"150\" height=\"150\" \/><\/a><\/div>\n            <div class=\"item-details\">\n                <h3 class=\"entry-title td-module-title\"><a href=\"https:\/\/vamosporlaliberacion.org\/crpmlm\/un-convenio-fraudulento-para-aplicar-el-ajuste\/\" rel=\"bookmark\" title=\"Un convenio fraudulento para aplicar el ajuste\">Un convenio fraudulento para aplicar el ajuste<\/a><\/h3>\n                <div class=\"td-module-meta-info\">\n                                        <span class=\"td-post-author-name\"><a href=\"https:\/\/vamosporlaliberacion.org\/crpmlm\/author\/adminvxl\/\">vamos!<\/a> <span>-<\/span> <\/span>                    <span class=\"td-post-date\"><time class=\"entry-date updated td-module-date\" datetime=\"2015-11-11T12:03:18-03:00\" >11 noviembre, 2015<\/time><\/span>                    <span class=\"td-module-comments\"><a href=\"https:\/\/vamosporlaliberacion.org\/crpmlm\/un-convenio-fraudulento-para-aplicar-el-ajuste\/#respond\">0<\/a><\/span>                <\/div>\n\n                <div class=\"td-excerpt\">\n                    El pasado 4 de noviembre se realiz\u00f3 una masiva asamblea de m\u00e1s de mil trabajadores del Sarmiento para analizar los pasos a seguir ante...                <\/div>\n            <\/div>\n\n        <\/div>\n\n        \n        <div class=\"td_module_16 td_module_wrap td-animation-stack\">\n            <div class=\"td-module-thumb\"><a href=\"https:\/\/vamosporlaliberacion.org\/crpmlm\/los-trabajadores-del-banco-central-decidieron-salir-a-luchar-y-ganaron\/\" rel=\"bookmark\" class=\"td-image-wrap \" title=\"Los trabajadores del Banco Central decidieron salir a luchar y ganaron\" ><img loading=\"lazy\" decoding=\"async\" class=\"entry-thumb\" src=\"\" alt=\"\" title=\"Los trabajadores del Banco Central decidieron salir a luchar y ganaron\" data-type=\"image_tag\" data-img-url=\"https:\/\/i0.wp.com\/vamosporlaliberacion.org\/crpmlm\/wp-content\/uploads\/2016\/02\/vxl64-17.jpg?resize=150%2C150&ssl=1\"  width=\"150\" height=\"150\" \/><\/a><\/div>\n            <div class=\"item-details\">\n                <h3 class=\"entry-title td-module-title\"><a href=\"https:\/\/vamosporlaliberacion.org\/crpmlm\/los-trabajadores-del-banco-central-decidieron-salir-a-luchar-y-ganaron\/\" rel=\"bookmark\" title=\"Los trabajadores del Banco Central decidieron salir a luchar y ganaron\">Los trabajadores del Banco Central decidieron salir a luchar y ganaron<\/a><\/h3>\n                <div class=\"td-module-meta-info\">\n                                        <span class=\"td-post-author-name\"><a href=\"https:\/\/vamosporlaliberacion.org\/crpmlm\/author\/adminvxl\/\">vamos!<\/a> <span>-<\/span> <\/span>                    <span class=\"td-post-date\"><time class=\"entry-date updated td-module-date\" datetime=\"2015-11-11T12:03:17-03:00\" >11 noviembre, 2015<\/time><\/span>                    <span class=\"td-module-comments\"><a href=\"https:\/\/vamosporlaliberacion.org\/crpmlm\/los-trabajadores-del-banco-central-decidieron-salir-a-luchar-y-ganaron\/#respond\">0<\/a><\/span>                <\/div>\n\n                <div class=\"td-excerpt\">\n                    En medio de un escenario pol\u00edtico complejo, te\u00f1ido por la disputa por el recambio de gobierno, los trabajadores del Banco Central se dispusieron a...                <\/div>\n            <\/div>\n\n        <\/div>\n\n        \n        <div class=\"td_module_16 td_module_wrap td-animation-stack\">\n            <div class=\"td-module-thumb\"><a href=\"https:\/\/vamosporlaliberacion.org\/crpmlm\/precarizados-de-loteria-en-lucha\/\" rel=\"bookmark\" class=\"td-image-wrap \" title=\"Precarizados de Loter\u00eda en lucha\" ><img loading=\"lazy\" decoding=\"async\" class=\"entry-thumb\" src=\"\" alt=\"\" title=\"Precarizados de Loter\u00eda en lucha\" data-type=\"image_tag\" data-img-url=\"https:\/\/i0.wp.com\/vamosporlaliberacion.org\/crpmlm\/wp-content\/uploads\/2016\/02\/vxl64-16.jpg?resize=150%2C150&ssl=1\"  width=\"150\" height=\"150\" \/><\/a><\/div>\n            <div class=\"item-details\">\n                <h3 class=\"entry-title td-module-title\"><a href=\"https:\/\/vamosporlaliberacion.org\/crpmlm\/precarizados-de-loteria-en-lucha\/\" rel=\"bookmark\" title=\"Precarizados de Loter\u00eda en lucha\">Precarizados de Loter\u00eda en lucha<\/a><\/h3>\n                <div class=\"td-module-meta-info\">\n                                        <span class=\"td-post-author-name\"><a href=\"https:\/\/vamosporlaliberacion.org\/crpmlm\/author\/adminvxl\/\">vamos!<\/a> <span>-<\/span> <\/span>                    <span class=\"td-post-date\"><time class=\"entry-date updated td-module-date\" datetime=\"2015-11-11T11:55:41-03:00\" >11 noviembre, 2015<\/time><\/span>                    <span class=\"td-module-comments\"><a href=\"https:\/\/vamosporlaliberacion.org\/crpmlm\/precarizados-de-loteria-en-lucha\/#respond\">0<\/a><\/span>                <\/div>\n\n                <div class=\"td-excerpt\">\n                    Los trabajadores precarizados del Instituto Provincial de Loter\u00eda y Casinos salimos a la calle reclam\u00e1ndole al gobernador Scioli que firme nuestro pase a planta....                <\/div>\n            <\/div>\n\n        <\/div>\n\n        \n        <div class=\"td_module_16 td_module_wrap td-animation-stack\">\n            <div class=\"td-module-thumb\"><a href=\"https:\/\/vamosporlaliberacion.org\/crpmlm\/si-tocan-a-uno-tocan-a-todos\/\" rel=\"bookmark\" class=\"td-image-wrap \" title=\"Si tocan a uno, tocan a todos\" ><img loading=\"lazy\" decoding=\"async\" class=\"entry-thumb\" src=\"\" alt=\"\" title=\"Si tocan a uno, tocan a todos\" data-type=\"image_tag\" data-img-url=\"https:\/\/i0.wp.com\/vamosporlaliberacion.org\/crpmlm\/wp-content\/uploads\/2016\/02\/vxl64-14.jpg?resize=150%2C150&ssl=1\"  width=\"150\" height=\"150\" \/><\/a><\/div>\n            <div class=\"item-details\">\n                <h3 class=\"entry-title td-module-title\"><a href=\"https:\/\/vamosporlaliberacion.org\/crpmlm\/si-tocan-a-uno-tocan-a-todos\/\" rel=\"bookmark\" title=\"Si tocan a uno, tocan a todos\">Si tocan a uno, tocan a todos<\/a><\/h3>\n                <div class=\"td-module-meta-info\">\n                                        <span class=\"td-post-author-name\"><a href=\"https:\/\/vamosporlaliberacion.org\/crpmlm\/author\/adminvxl\/\">vamos!<\/a> <span>-<\/span> <\/span>                    <span class=\"td-post-date\"><time class=\"entry-date updated td-module-date\" datetime=\"2015-11-11T11:55:38-03:00\" >11 noviembre, 2015<\/time><\/span>                    <span class=\"td-module-comments\"><a href=\"https:\/\/vamosporlaliberacion.org\/crpmlm\/si-tocan-a-uno-tocan-a-todos\/#respond\">0<\/a><\/span>                <\/div>\n\n                <div class=\"td-excerpt\">\n                    El juicio oral a 33 trabajadores docentes y camioneros, que tiene el claro objetivo de amedrentamiento hacia los trabajadores que vienen enfrentando el ajuste...                <\/div>\n            <\/div>\n\n        <\/div>\n\n        \n        <div class=\"td_module_16 td_module_wrap td-animation-stack\">\n            <div class=\"td-module-thumb\"><a href=\"https:\/\/vamosporlaliberacion.org\/crpmlm\/pretenden-que-bajemos-la-cabeza\/\" rel=\"bookmark\" class=\"td-image-wrap \" title=\"\u201cPretenden que bajemos la cabeza\u201d\" ><img loading=\"lazy\" decoding=\"async\" class=\"entry-thumb\" src=\"\" alt=\"\" title=\"\u201cPretenden que bajemos la cabeza\u201d\" data-type=\"image_tag\" data-img-url=\"https:\/\/i0.wp.com\/vamosporlaliberacion.org\/crpmlm\/wp-content\/uploads\/2016\/02\/vxl64-13.jpg?resize=150%2C150&ssl=1\"  width=\"150\" height=\"150\" \/><\/a><\/div>\n            <div class=\"item-details\">\n                <h3 class=\"entry-title td-module-title\"><a href=\"https:\/\/vamosporlaliberacion.org\/crpmlm\/pretenden-que-bajemos-la-cabeza\/\" rel=\"bookmark\" title=\"\u201cPretenden que bajemos la cabeza\u201d\">\u201cPretenden que bajemos la cabeza\u201d<\/a><\/h3>\n                <div class=\"td-module-meta-info\">\n                                        <span class=\"td-post-author-name\"><a href=\"https:\/\/vamosporlaliberacion.org\/crpmlm\/author\/adminvxl\/\">vamos!<\/a> <span>-<\/span> <\/span>                    <span class=\"td-post-date\"><time class=\"entry-date updated td-module-date\" datetime=\"2015-11-11T11:55:36-03:00\" >11 noviembre, 2015<\/time><\/span>                    <span class=\"td-module-comments\"><a href=\"https:\/\/vamosporlaliberacion.org\/crpmlm\/pretenden-que-bajemos-la-cabeza\/#respond\">0<\/a><\/span>                <\/div>\n\n                <div class=\"td-excerpt\">\n                    \u201cDeclaro mi inocencia y la inocencia de todos los compa\u00f1eros que est\u00e1n siendo injustamente llevados a proceso. Pero el solo hecho de pasar por...                <\/div>\n            <\/div>\n\n        <\/div>\n\n        \n        <div class=\"td_module_16 td_module_wrap td-animation-stack\">\n            <div class=\"td-module-thumb\"><a href=\"https:\/\/vamosporlaliberacion.org\/crpmlm\/desde-el-obelisco-a-la-casa-de-tierra-del-fuego\/\" rel=\"bookmark\" class=\"td-image-wrap \" title=\"Desde el Obelisco a la Casa de Tierra del Fuego\" ><img loading=\"lazy\" decoding=\"async\" class=\"entry-thumb\" src=\"\" alt=\"\" title=\"Desde el Obelisco a la Casa de Tierra del Fuego\" data-type=\"image_tag\" data-img-url=\"https:\/\/i0.wp.com\/vamosporlaliberacion.org\/crpmlm\/wp-content\/uploads\/2016\/02\/vxl64-12.jpg?resize=150%2C150&ssl=1\"  width=\"150\" height=\"150\" \/><\/a><\/div>\n            <div class=\"item-details\">\n                <h3 class=\"entry-title td-module-title\"><a href=\"https:\/\/vamosporlaliberacion.org\/crpmlm\/desde-el-obelisco-a-la-casa-de-tierra-del-fuego\/\" rel=\"bookmark\" title=\"Desde el Obelisco a la Casa de Tierra del Fuego\">Desde el Obelisco a la Casa de Tierra del Fuego<\/a><\/h3>\n                <div class=\"td-module-meta-info\">\n                                        <span class=\"td-post-author-name\"><a href=\"https:\/\/vamosporlaliberacion.org\/crpmlm\/author\/adminvxl\/\">vamos!<\/a> <span>-<\/span> <\/span>                    <span class=\"td-post-date\"><time class=\"entry-date updated td-module-date\" datetime=\"2015-11-11T11:45:07-03:00\" >11 noviembre, 2015<\/time><\/span>                    <span class=\"td-module-comments\"><a href=\"https:\/\/vamosporlaliberacion.org\/crpmlm\/desde-el-obelisco-a-la-casa-de-tierra-del-fuego\/#respond\">0<\/a><\/span>                <\/div>\n\n                <div class=\"td-excerpt\">\n                    Mientras en la provincia fueguina el paro fue total en repudio al juicio farsa contra 33 trabajadores docentes y camioneros, por la ma\u00f1ana del...                <\/div>\n            <\/div>\n\n        <\/div>\n\n        \n        <div class=\"td_module_16 td_module_wrap td-animation-stack\">\n            <div class=\"td-module-thumb\"><a href=\"https:\/\/vamosporlaliberacion.org\/crpmlm\/nieto-recuperado-no118\/\" rel=\"bookmark\" class=\"td-image-wrap \" title=\"Nieto recuperado N\u00ba118\" ><img loading=\"lazy\" decoding=\"async\" class=\"entry-thumb\" src=\"\" alt=\"\" title=\"Nieto recuperado N\u00ba118\" data-type=\"image_tag\" data-img-url=\"https:\/\/i0.wp.com\/vamosporlaliberacion.org\/crpmlm\/wp-content\/uploads\/2016\/02\/vxl64-10.jpg?resize=150%2C150&ssl=1\"  width=\"150\" height=\"150\" \/><\/a><\/div>\n            <div class=\"item-details\">\n                <h3 class=\"entry-title td-module-title\"><a href=\"https:\/\/vamosporlaliberacion.org\/crpmlm\/nieto-recuperado-no118\/\" rel=\"bookmark\" title=\"Nieto recuperado N\u00ba118\">Nieto recuperado N\u00ba118<\/a><\/h3>\n                <div class=\"td-module-meta-info\">\n                                        <span class=\"td-post-author-name\"><a href=\"https:\/\/vamosporlaliberacion.org\/crpmlm\/author\/adminvxl\/\">vamos!<\/a> <span>-<\/span> <\/span>                    <span class=\"td-post-date\"><time class=\"entry-date updated td-module-date\" datetime=\"2015-11-11T11:45:04-03:00\" >11 noviembre, 2015<\/time><\/span>                    <span class=\"td-module-comments\"><a href=\"https:\/\/vamosporlaliberacion.org\/crpmlm\/nieto-recuperado-no118\/#respond\">0<\/a><\/span>                <\/div>\n\n                <div class=\"td-excerpt\">\n                    &quot;\u00bfPor qu\u00e9 no? Sos mi abuela&quot;, respondi\u00f3 cuando Delia Giovanola le pregunt\u00f3 si estaba seguro que quer\u00eda hablar de nuevo. Delia, una de las...                <\/div>\n            <\/div>\n\n        <\/div>\n\n        <\/div><\/div> <!-- .\/block --><div class=\"td_block_wrap td_block_21 tdi_27_26a td-pb-border-top td_block_template_1 td-column-2\"  data-td-block-uid=\"tdi_27_26a\" >\n<style>\n.td_block_template_2.widget > ul > li,\n            .td_block_template_6.widget > ul > li,\n            .td_block_template_8.widget > ul > li,\n            .td_block_template_9.widget > ul > li,\n            .td_block_template_10.widget > ul > li,\n            .td_block_template_11.widget > ul > li,\n            .td_block_template_12.widget > ul > li,\n            .td_block_template_13.widget > ul > li,\n            .td_block_template_14.widget > ul > li,\n            .td_block_template_15.widget > ul > li,\n            .td_block_template_16.widget > ul > li,\n            .td_block_template_17.widget > ul > li {\n                margin-left: 0 !important;\n            }\n            .global-block-template-12 .td-comments-title span,\n            .global-block-template-13 .td-comments-title span {\n                margin-left: 0 !important;\n                font-size: 20px;\n            }\n            @media (max-width: 767px) {\n                .global-block-template-12 .td-comments-title span,\n                .global-block-template-13 .td-comments-title span {\n                    font-size: 15px;\n                }\n            }\n            .td-block-title-wrap .td-wrapper-pulldown-filter {\n                font-family: 'Roboto', sans-serif;\n                position: absolute;\n                bottom: 0;\n                right: 0;\n                top: 0;\n                margin: auto 0;\n                z-index: 2;\n                background-color: #fff;\n                font-size: 13px;\n                line-height: 1;\n                color: #777;\n                text-align: right;\n            }\n            .td-block-title-wrap .td-wrapper-pulldown-filter .td-pulldown-filter-display-option {\n                cursor: pointer;\n                white-space: nowrap;\n                position: relative;\n                line-height: 29px;\n            }\n            .td-block-title-wrap .td-wrapper-pulldown-filter .td-pulldown-filter-display-option i {\n                font-size: 9px;\n                color: #777;\n                margin-left: 20px;\n                margin-right: 10px;\n            }\n            .td-block-title-wrap .td-wrapper-pulldown-filter .td-pulldown-filter-display-option i:before {\n                content: '\\e83d';\n            }\n            .td-block-title-wrap .td-wrapper-pulldown-filter .td-pulldown-filter-display-option span {\n                padding-left: 20px;\n                margin-right: -14px;\n            }\n            @media (max-width: 360px) {\n                .td-block-title-wrap .td-wrapper-pulldown-filter .td-pulldown-filter-display-option span {\n                    display: none;\n                }\n            }\n            .td-block-title-wrap .td-wrapper-pulldown-filter .td-pulldown-filter-display-option:hover {\n                color: #4db2ec;\n            }\n            .td-block-title-wrap .td-wrapper-pulldown-filter .td-pulldown-filter-display-option:hover i {\n                color: #4db2ec;\n            }\n            .td-block-title-wrap .td-wrapper-pulldown-filter .td-pulldown-filter-display-option:hover ul {\n                display: block;\n            }\n            .td-block-title-wrap .td-wrapper-pulldown-filter .td-pulldown-filter-list {\n                list-style: none;\n                position: absolute;\n                right: 0;\n                top: 100%;\n                padding: 18px 0;\n                background-color: rgb(255, 255, 255);\n                background-color: rgba(255, 255, 255, 0.95);\n                z-index: 999;\n                border-width: 1px;\n                border-color: #ededed;\n                border-style: solid;\n                display: none;\n                margin: 0;\n            }\n            .td-block-title-wrap .td-wrapper-pulldown-filter .td-pulldown-filter-item {\n                list-style: none;\n                margin: 0;\n            }\n            .td-block-title-wrap .td-wrapper-pulldown-filter .td-pulldown-filter-item .td-cur-simple-item {\n                color: #4db2ec;\n            }\n            .td-block-title-wrap .td-wrapper-pulldown-filter .td-pulldown-more {\n                padding-bottom: 10px;\n            }\n            .td-block-title-wrap .td-wrapper-pulldown-filter .td-pulldown-more:before {\n                content: '';\n                width: 70px;\n                height: 100%;\n                position: absolute;\n                margin-top: 2px;\n                top: 0;\n                right: 0;\n                z-index: 1;\n                opacity: 0;\n            }\n            .td-block-title-wrap .td-wrapper-pulldown-filter .td-pulldown-filter-link {\n                color: #777;\n                white-space: nowrap;\n                display: block;\n                line-height: 26px;\n                padding-left: 36px;\n                padding-right: 27px;\n            }\n            .td-block-title-wrap .td-wrapper-pulldown-filter .td-pulldown-filter-link:hover {\n                color: #4db2ec;\n            }\n            @media (min-width: 768px) and (max-width: 1018px) {\n                .td-pb-span4 .td-block-title-wrap .td-wrapper-pulldown-filter .td-pulldown-filter-display-option span {\n                    display: none;\n                }\n                .td-pb-span4 .td-block-title-wrap .td-wrapper-pulldown-filter .td-pulldown-filter-link {\n                    padding-left: 24px;\n                    padding-right: 20px !important;\n                }\n            }\n            @-moz-document url-prefix() {\n                .td-pulldown-syle-default .td-subcat-more,\n                .td-pulldown-syle-default .td-subcat-list {\n                    position: relative;\n                    top: -1px;\n                }\n            }\n            .td-pulldown-syle-2 {\n                top: 0;\n            }\n            .td-pulldown-syle-2 .td-subcat-dropdown ul {\n                padding: 20px 0;\n                margin-top: 0;\n            }\n            .td-pulldown-syle-2 .td-subcat-dropdown ul:after {\n                content: '';\n                position: absolute;\n                width: calc(100% + 2px);\n                height: 3px;\n                top: 0;\n                left: -1px;\n                background-color: #4db2ec;\n            }\n            .td-pulldown-syle-2 .td-subcat-dropdown a {\n                padding-left: 40px;\n                padding-right: 31px;\n            }\n            .td-pulldown-syle-2 .td-subcat-dropdown:hover .td-subcat-more {\n                background-color: transparent !important;\n            }\n            .td-pulldown-syle-2 .td-subcat-dropdown:hover .td-subcat-more span,\n            .td-pulldown-syle-2 .td-subcat-dropdown:hover .td-subcat-more i {\n                color: #4db2ec;\n            }\n            .td-pulldown-syle-2 .td-subcat-dropdown .td-subcat-more {\n                margin-left: 9px;\n                margin-bottom: 8px; \/\/ this align the dropdown list\n            }\n            .td-pulldown-syle-2 .td-subcat-list .td-subcat-item {\n                margin-left: 24px;\n            }\n            .td-pulldown-syle-3 {\n                top: 0;\n            }\n            .td-pulldown-syle-3 .td-subcat-dropdown ul {\n                padding: 15px 0;\n                margin-top: -1px;\n                border-width: 1px;\n            }\n            .td-pulldown-syle-3 .td-subcat-dropdown a {\n                padding-left: 40px;\n                padding-right: 31px;\n            }\n            .td-pulldown-syle-3 .td-subcat-dropdown &:hover .td-subcat-more {\n                background-color: transparent !important;\n            }\n            .td-pulldown-syle-3 .td-subcat-dropdown &:hover .td-subcat-more span,\n            .td-pulldown-syle-3 .td-subcat-dropdown &:hover .td-subcat-more i {\n                color: #4db2ec;\n            }\n            .td-pulldown-syle-3 .td-subcat-dropdown .td-subcat-more {\n                margin-left: 9px;\n                margin-bottom: 8px; \/\/ this align the dropdown list\n            }\n            .td-pulldown-syle-3 .td-subcat-list .td-subcat-item {\n                margin-left: 24px;\n            }\n            \n            \n\n            \n            .td-theme-wrap .tdi_27_26a .td-pulldown-filter-link:hover,\n            .td-theme-wrap .tdi_27_26a .td-subcat-item a:hover,\n            .td-theme-wrap .tdi_27_26a .td-subcat-item .td-cur-simple-item {\n                color: #dd3333;\n            }\n\n            .td-theme-wrap .tdi_27_26a .block-title > *,\n            .td-theme-wrap .tdi_27_26a .td-subcat-dropdown:hover .td-subcat-more {\n                background-color: #dd3333;\n            }\n            .td-theme-wrap .td-footer-wrapper .tdi_27_26a .block-title > * {\n                padding: 6px 7px 5px;\n                line-height: 1;\n            }\n\n            .td-theme-wrap .tdi_27_26a .block-title {\n                border-color: #dd3333;\n            }\n\n            \n            .td-theme-wrap .tdi_27_26a .td_module_wrap:hover .entry-title a,\n            .td-theme-wrap .tdi_27_26a .td_quote_on_blocks,\n            .td-theme-wrap .tdi_27_26a .td-opacity-cat .td-post-category:hover,\n            .td-theme-wrap .tdi_27_26a .td-opacity-read .td-read-more a:hover,\n            .td-theme-wrap .tdi_27_26a .td-opacity-author .td-post-author-name a:hover,\n            .td-theme-wrap .tdi_27_26a .td-instagram-user a {\n                color: #dd3333;\n            }\n\n            .td-theme-wrap .tdi_27_26a .td-next-prev-wrap a:hover,\n            .td-theme-wrap .tdi_27_26a .td-load-more-wrap a:hover {\n                background-color: #dd3333;\n                border-color: #dd3333;\n            }\n\n            .td-theme-wrap .tdi_27_26a .td-read-more a,\n            .td-theme-wrap .tdi_27_26a .td-weather-information:before,\n            .td-theme-wrap .tdi_27_26a .td-weather-week:before,\n            .td-theme-wrap .tdi_27_26a .td-exchange-header:before,\n            .td-theme-wrap .td-footer-wrapper .tdi_27_26a .td-post-category,\n            .td-theme-wrap .tdi_27_26a .td-post-category:hover {\n                background-color: #dd3333;\n            }\n<\/style><script>var block_tdi_27_26a = new tdBlock();\nblock_tdi_27_26a.id = \"tdi_27_26a\";\nblock_tdi_27_26a.atts = '{\"custom_title\":\"Mujeres\",\"header_color\":\"#dd3333\",\"category_id\":\"9\",\"tag_slug\":\"vxl 64\",\"limit\":\"10\",\"td_filter_default_txt\":\"Todo\",\"block_type\":\"td_block_21\",\"separator\":\"\",\"custom_url\":\"\",\"block_template_id\":\"\",\"m16_tl\":\"\",\"m16_el\":\"\",\"post_ids\":\"\",\"category_ids\":\"\",\"autors_id\":\"\",\"installed_post_types\":\"\",\"sort\":\"\",\"offset\":\"\",\"show_modified_date\":\"\",\"el_class\":\"\",\"td_ajax_filter_type\":\"\",\"td_ajax_filter_ids\":\"\",\"td_ajax_preloading\":\"\",\"f_header_font_header\":\"\",\"f_header_font_title\":\"Block header\",\"f_header_font_settings\":\"\",\"f_header_font_family\":\"\",\"f_header_font_size\":\"\",\"f_header_font_line_height\":\"\",\"f_header_font_style\":\"\",\"f_header_font_weight\":\"\",\"f_header_font_transform\":\"\",\"f_header_font_spacing\":\"\",\"f_header_\":\"\",\"f_ajax_font_title\":\"Ajax categories\",\"f_ajax_font_settings\":\"\",\"f_ajax_font_family\":\"\",\"f_ajax_font_size\":\"\",\"f_ajax_font_line_height\":\"\",\"f_ajax_font_style\":\"\",\"f_ajax_font_weight\":\"\",\"f_ajax_font_transform\":\"\",\"f_ajax_font_spacing\":\"\",\"f_ajax_\":\"\",\"f_more_font_title\":\"Load more button\",\"f_more_font_settings\":\"\",\"f_more_font_family\":\"\",\"f_more_font_size\":\"\",\"f_more_font_line_height\":\"\",\"f_more_font_style\":\"\",\"f_more_font_weight\":\"\",\"f_more_font_transform\":\"\",\"f_more_font_spacing\":\"\",\"f_more_\":\"\",\"m16f_title_font_header\":\"\",\"m16f_title_font_title\":\"Article title\",\"m16f_title_font_settings\":\"\",\"m16f_title_font_family\":\"\",\"m16f_title_font_size\":\"\",\"m16f_title_font_line_height\":\"\",\"m16f_title_font_style\":\"\",\"m16f_title_font_weight\":\"\",\"m16f_title_font_transform\":\"\",\"m16f_title_font_spacing\":\"\",\"m16f_title_\":\"\",\"m16f_cat_font_title\":\"Article category tag\",\"m16f_cat_font_settings\":\"\",\"m16f_cat_font_family\":\"\",\"m16f_cat_font_size\":\"\",\"m16f_cat_font_line_height\":\"\",\"m16f_cat_font_style\":\"\",\"m16f_cat_font_weight\":\"\",\"m16f_cat_font_transform\":\"\",\"m16f_cat_font_spacing\":\"\",\"m16f_cat_\":\"\",\"m16f_meta_font_title\":\"Article meta info\",\"m16f_meta_font_settings\":\"\",\"m16f_meta_font_family\":\"\",\"m16f_meta_font_size\":\"\",\"m16f_meta_font_line_height\":\"\",\"m16f_meta_font_style\":\"\",\"m16f_meta_font_weight\":\"\",\"m16f_meta_font_transform\":\"\",\"m16f_meta_font_spacing\":\"\",\"m16f_meta_\":\"\",\"m16f_ex_font_title\":\"Article excerpt\",\"m16f_ex_font_settings\":\"\",\"m16f_ex_font_family\":\"\",\"m16f_ex_font_size\":\"\",\"m16f_ex_font_line_height\":\"\",\"m16f_ex_font_style\":\"\",\"m16f_ex_font_weight\":\"\",\"m16f_ex_font_transform\":\"\",\"m16f_ex_font_spacing\":\"\",\"m16f_ex_\":\"\",\"ajax_pagination\":\"\",\"ajax_pagination_infinite_stop\":\"\",\"css\":\"\",\"tdc_css\":\"\",\"td_column_number\":2,\"color_preset\":\"\",\"border_top\":\"\",\"class\":\"tdi_27_26a\",\"tdc_css_class\":\"tdi_27_26a\",\"tdc_css_class_style\":\"tdi_27_26a_rand_style\"}';\nblock_tdi_27_26a.td_column_number = \"2\";\nblock_tdi_27_26a.block_type = \"td_block_21\";\nblock_tdi_27_26a.post_count = \"10\";\nblock_tdi_27_26a.found_posts = \"25\";\nblock_tdi_27_26a.header_color = \"#dd3333\";\nblock_tdi_27_26a.ajax_pagination_infinite_stop = \"\";\nblock_tdi_27_26a.max_num_pages = \"3\";\ntdBlocksArray.push(block_tdi_27_26a);\n<\/script><div class=\"td-block-title-wrap\"><h4 class=\"block-title td-block-title\"><span class=\"td-pulldown-size\">Mujeres<\/span><\/h4><\/div><div id=tdi_27_26a class=\"td_block_inner\">\n        <div class=\"td_module_16 td_module_wrap td-animation-stack\">\n            <div class=\"td-module-thumb\"><a href=\"https:\/\/vamosporlaliberacion.org\/crpmlm\/eugenio-cabib-y-juan-telmo-ortiz-presentes\/\" rel=\"bookmark\" class=\"td-image-wrap \" title=\"Eugenio Cabib y Juan Telmo Ortiz, presentes!\" ><img loading=\"lazy\" decoding=\"async\" class=\"entry-thumb\" src=\"\" alt=\"\" title=\"Eugenio Cabib y Juan Telmo Ortiz, presentes!\" data-type=\"image_tag\" data-img-url=\"https:\/\/i0.wp.com\/vamosporlaliberacion.org\/crpmlm\/wp-content\/uploads\/2016\/02\/vxl64-20.jpg?resize=150%2C150&ssl=1\"  width=\"150\" height=\"150\" \/><\/a><\/div>\n            <div class=\"item-details\">\n                <h3 class=\"entry-title td-module-title\"><a href=\"https:\/\/vamosporlaliberacion.org\/crpmlm\/eugenio-cabib-y-juan-telmo-ortiz-presentes\/\" rel=\"bookmark\" title=\"Eugenio Cabib y Juan Telmo Ortiz, presentes!\">Eugenio Cabib y Juan Telmo Ortiz, presentes!<\/a><\/h3>\n                <div class=\"td-module-meta-info\">\n                                        <span class=\"td-post-author-name\"><a href=\"https:\/\/vamosporlaliberacion.org\/crpmlm\/author\/adminvxl\/\">vamos!<\/a> <span>-<\/span> <\/span>                    <span class=\"td-post-date\"><time class=\"entry-date updated td-module-date\" datetime=\"2015-11-11T15:18:39-03:00\" >11 noviembre, 2015<\/time><\/span>                    <span class=\"td-module-comments\"><a href=\"https:\/\/vamosporlaliberacion.org\/crpmlm\/eugenio-cabib-y-juan-telmo-ortiz-presentes\/#respond\">0<\/a><\/span>                <\/div>\n\n                <div class=\"td-excerpt\">\n                    Eugenio Cabib\r\nTen\u00eda 32 a\u00f1os cuando fue secuestrado. Un 11 de noviembre de 1976 irrumpi\u00f3 en su casa de Monserrat, en Capital Federal, un grupo...                <\/div>\n            <\/div>\n\n        <\/div>\n\n        \n        <div class=\"td_module_16 td_module_wrap td-animation-stack\">\n            <div class=\"td-module-thumb\"><a href=\"https:\/\/vamosporlaliberacion.org\/crpmlm\/datos-del-escrutinio\/\" rel=\"bookmark\" class=\"td-image-wrap \" title=\"Datos del escrutinio\" ><img decoding=\"async\" class=\"entry-thumb\" src=\"\"alt=\"\" data-type=\"image_tag\" data-img-url=\"https:\/\/vamosporlaliberacion.org\/crpmlm\/wp-content\/plugins\/td-composer\/legacy\/Newspaper\/assets\/images\/no-thumb\/thumbnail.png\"  width=\"\" height=\"\" \/><\/a><\/div>\n            <div class=\"item-details\">\n                <h3 class=\"entry-title td-module-title\"><a href=\"https:\/\/vamosporlaliberacion.org\/crpmlm\/datos-del-escrutinio\/\" rel=\"bookmark\" title=\"Datos del escrutinio\">Datos del escrutinio<\/a><\/h3>\n                <div class=\"td-module-meta-info\">\n                                        <span class=\"td-post-author-name\"><a href=\"https:\/\/vamosporlaliberacion.org\/crpmlm\/author\/adminvxl\/\">vamos!<\/a> <span>-<\/span> <\/span>                    <span class=\"td-post-date\"><time class=\"entry-date updated td-module-date\" datetime=\"2015-11-11T12:18:37-03:00\" >11 noviembre, 2015<\/time><\/span>                    <span class=\"td-module-comments\"><a href=\"https:\/\/vamosporlaliberacion.org\/crpmlm\/datos-del-escrutinio\/#respond\">0<\/a><\/span>                <\/div>\n\n                <div class=\"td-excerpt\">\n                    De acuerdo a los datos del escrutinio definitivo, el 25 de octubre votaron 26.048.320 personas (80% del padr\u00f3n), lo que arroja unos 2 millones...                <\/div>\n            <\/div>\n\n        <\/div>\n\n        \n        <div class=\"td_module_16 td_module_wrap td-animation-stack\">\n            <div class=\"td-module-thumb\"><a href=\"https:\/\/vamosporlaliberacion.org\/crpmlm\/un-ciclo-de-crecimiento-dependiente-agotado\/\" rel=\"bookmark\" class=\"td-image-wrap \" title=\"Un ciclo de crecimiento dependiente agotado\" ><img loading=\"lazy\" decoding=\"async\" class=\"entry-thumb\" src=\"\" alt=\"\" title=\"Un ciclo de crecimiento dependiente agotado\" data-type=\"image_tag\" data-img-url=\"https:\/\/i0.wp.com\/vamosporlaliberacion.org\/crpmlm\/wp-content\/uploads\/2016\/02\/vxl64-19.jpg?resize=150%2C150&ssl=1\"  width=\"150\" height=\"150\" \/><\/a><\/div>\n            <div class=\"item-details\">\n                <h3 class=\"entry-title td-module-title\"><a href=\"https:\/\/vamosporlaliberacion.org\/crpmlm\/un-ciclo-de-crecimiento-dependiente-agotado\/\" rel=\"bookmark\" title=\"Un ciclo de crecimiento dependiente agotado\">Un ciclo de crecimiento dependiente agotado<\/a><\/h3>\n                <div class=\"td-module-meta-info\">\n                                        <span class=\"td-post-author-name\"><a href=\"https:\/\/vamosporlaliberacion.org\/crpmlm\/author\/adminvxl\/\">vamos!<\/a> <span>-<\/span> <\/span>                    <span class=\"td-post-date\"><time class=\"entry-date updated td-module-date\" datetime=\"2015-11-11T12:18:36-03:00\" >11 noviembre, 2015<\/time><\/span>                    <span class=\"td-module-comments\"><a href=\"https:\/\/vamosporlaliberacion.org\/crpmlm\/un-ciclo-de-crecimiento-dependiente-agotado\/#respond\">0<\/a><\/span>                <\/div>\n\n                <div class=\"td-excerpt\">\n                    El PBI, el \u00edndice de ocupaci\u00f3n de obreros en la industria, el salario real, el saldo de la balanza comercial\u2026 numerosos indicadores econ\u00f3micos manifiestan...                <\/div>\n            <\/div>\n\n        <\/div>\n\n        \n        <div class=\"td_module_16 td_module_wrap td-animation-stack\">\n            <div class=\"td-module-thumb\"><a href=\"https:\/\/vamosporlaliberacion.org\/crpmlm\/un-convenio-fraudulento-para-aplicar-el-ajuste\/\" rel=\"bookmark\" class=\"td-image-wrap \" title=\"Un convenio fraudulento para aplicar el ajuste\" ><img loading=\"lazy\" decoding=\"async\" class=\"entry-thumb\" src=\"\" alt=\"\" title=\"Un convenio fraudulento para aplicar el ajuste\" data-type=\"image_tag\" data-img-url=\"https:\/\/i0.wp.com\/vamosporlaliberacion.org\/crpmlm\/wp-content\/uploads\/2016\/02\/vxl64-18.jpg?resize=150%2C150&ssl=1\"  width=\"150\" height=\"150\" \/><\/a><\/div>\n            <div class=\"item-details\">\n                <h3 class=\"entry-title td-module-title\"><a href=\"https:\/\/vamosporlaliberacion.org\/crpmlm\/un-convenio-fraudulento-para-aplicar-el-ajuste\/\" rel=\"bookmark\" title=\"Un convenio fraudulento para aplicar el ajuste\">Un convenio fraudulento para aplicar el ajuste<\/a><\/h3>\n                <div class=\"td-module-meta-info\">\n                                        <span class=\"td-post-author-name\"><a href=\"https:\/\/vamosporlaliberacion.org\/crpmlm\/author\/adminvxl\/\">vamos!<\/a> <span>-<\/span> <\/span>                    <span class=\"td-post-date\"><time class=\"entry-date updated td-module-date\" datetime=\"2015-11-11T12:03:18-03:00\" >11 noviembre, 2015<\/time><\/span>                    <span class=\"td-module-comments\"><a href=\"https:\/\/vamosporlaliberacion.org\/crpmlm\/un-convenio-fraudulento-para-aplicar-el-ajuste\/#respond\">0<\/a><\/span>                <\/div>\n\n                <div class=\"td-excerpt\">\n                    El pasado 4 de noviembre se realiz\u00f3 una masiva asamblea de m\u00e1s de mil trabajadores del Sarmiento para analizar los pasos a seguir ante...                <\/div>\n            <\/div>\n\n        <\/div>\n\n        \n        <div class=\"td_module_16 td_module_wrap td-animation-stack\">\n            <div class=\"td-module-thumb\"><a href=\"https:\/\/vamosporlaliberacion.org\/crpmlm\/los-trabajadores-del-banco-central-decidieron-salir-a-luchar-y-ganaron\/\" rel=\"bookmark\" class=\"td-image-wrap \" title=\"Los trabajadores del Banco Central decidieron salir a luchar y ganaron\" ><img loading=\"lazy\" decoding=\"async\" class=\"entry-thumb\" src=\"\" alt=\"\" title=\"Los trabajadores del Banco Central decidieron salir a luchar y ganaron\" data-type=\"image_tag\" data-img-url=\"https:\/\/i0.wp.com\/vamosporlaliberacion.org\/crpmlm\/wp-content\/uploads\/2016\/02\/vxl64-17.jpg?resize=150%2C150&ssl=1\"  width=\"150\" height=\"150\" \/><\/a><\/div>\n            <div class=\"item-details\">\n                <h3 class=\"entry-title td-module-title\"><a href=\"https:\/\/vamosporlaliberacion.org\/crpmlm\/los-trabajadores-del-banco-central-decidieron-salir-a-luchar-y-ganaron\/\" rel=\"bookmark\" title=\"Los trabajadores del Banco Central decidieron salir a luchar y ganaron\">Los trabajadores del Banco Central decidieron salir a luchar y ganaron<\/a><\/h3>\n                <div class=\"td-module-meta-info\">\n                                        <span class=\"td-post-author-name\"><a href=\"https:\/\/vamosporlaliberacion.org\/crpmlm\/author\/adminvxl\/\">vamos!<\/a> <span>-<\/span> <\/span>                    <span class=\"td-post-date\"><time class=\"entry-date updated td-module-date\" datetime=\"2015-11-11T12:03:17-03:00\" >11 noviembre, 2015<\/time><\/span>                    <span class=\"td-module-comments\"><a href=\"https:\/\/vamosporlaliberacion.org\/crpmlm\/los-trabajadores-del-banco-central-decidieron-salir-a-luchar-y-ganaron\/#respond\">0<\/a><\/span>                <\/div>\n\n                <div class=\"td-excerpt\">\n                    En medio de un escenario pol\u00edtico complejo, te\u00f1ido por la disputa por el recambio de gobierno, los trabajadores del Banco Central se dispusieron a...                <\/div>\n            <\/div>\n\n        <\/div>\n\n        \n        <div class=\"td_module_16 td_module_wrap td-animation-stack\">\n            <div class=\"td-module-thumb\"><a href=\"https:\/\/vamosporlaliberacion.org\/crpmlm\/precarizados-de-loteria-en-lucha\/\" rel=\"bookmark\" class=\"td-image-wrap \" title=\"Precarizados de Loter\u00eda en lucha\" ><img loading=\"lazy\" decoding=\"async\" class=\"entry-thumb\" src=\"\" alt=\"\" title=\"Precarizados de Loter\u00eda en lucha\" data-type=\"image_tag\" data-img-url=\"https:\/\/i0.wp.com\/vamosporlaliberacion.org\/crpmlm\/wp-content\/uploads\/2016\/02\/vxl64-16.jpg?resize=150%2C150&ssl=1\"  width=\"150\" height=\"150\" \/><\/a><\/div>\n            <div class=\"item-details\">\n                <h3 class=\"entry-title td-module-title\"><a href=\"https:\/\/vamosporlaliberacion.org\/crpmlm\/precarizados-de-loteria-en-lucha\/\" rel=\"bookmark\" title=\"Precarizados de Loter\u00eda en lucha\">Precarizados de Loter\u00eda en lucha<\/a><\/h3>\n                <div class=\"td-module-meta-info\">\n                                        <span class=\"td-post-author-name\"><a href=\"https:\/\/vamosporlaliberacion.org\/crpmlm\/author\/adminvxl\/\">vamos!<\/a> <span>-<\/span> <\/span>                    <span class=\"td-post-date\"><time class=\"entry-date updated td-module-date\" datetime=\"2015-11-11T11:55:41-03:00\" >11 noviembre, 2015<\/time><\/span>                    <span class=\"td-module-comments\"><a href=\"https:\/\/vamosporlaliberacion.org\/crpmlm\/precarizados-de-loteria-en-lucha\/#respond\">0<\/a><\/span>                <\/div>\n\n                <div class=\"td-excerpt\">\n                    Los trabajadores precarizados del Instituto Provincial de Loter\u00eda y Casinos salimos a la calle reclam\u00e1ndole al gobernador Scioli que firme nuestro pase a planta....                <\/div>\n            <\/div>\n\n        <\/div>\n\n        \n        <div class=\"td_module_16 td_module_wrap td-animation-stack\">\n            <div class=\"td-module-thumb\"><a href=\"https:\/\/vamosporlaliberacion.org\/crpmlm\/si-tocan-a-uno-tocan-a-todos\/\" rel=\"bookmark\" class=\"td-image-wrap \" title=\"Si tocan a uno, tocan a todos\" ><img loading=\"lazy\" decoding=\"async\" class=\"entry-thumb\" src=\"\" alt=\"\" title=\"Si tocan a uno, tocan a todos\" data-type=\"image_tag\" data-img-url=\"https:\/\/i0.wp.com\/vamosporlaliberacion.org\/crpmlm\/wp-content\/uploads\/2016\/02\/vxl64-14.jpg?resize=150%2C150&ssl=1\"  width=\"150\" height=\"150\" \/><\/a><\/div>\n            <div class=\"item-details\">\n                <h3 class=\"entry-title td-module-title\"><a href=\"https:\/\/vamosporlaliberacion.org\/crpmlm\/si-tocan-a-uno-tocan-a-todos\/\" rel=\"bookmark\" title=\"Si tocan a uno, tocan a todos\">Si tocan a uno, tocan a todos<\/a><\/h3>\n                <div class=\"td-module-meta-info\">\n                                        <span class=\"td-post-author-name\"><a href=\"https:\/\/vamosporlaliberacion.org\/crpmlm\/author\/adminvxl\/\">vamos!<\/a> <span>-<\/span> <\/span>                    <span class=\"td-post-date\"><time class=\"entry-date updated td-module-date\" datetime=\"2015-11-11T11:55:38-03:00\" >11 noviembre, 2015<\/time><\/span>                    <span class=\"td-module-comments\"><a href=\"https:\/\/vamosporlaliberacion.org\/crpmlm\/si-tocan-a-uno-tocan-a-todos\/#respond\">0<\/a><\/span>                <\/div>\n\n                <div class=\"td-excerpt\">\n                    El juicio oral a 33 trabajadores docentes y camioneros, que tiene el claro objetivo de amedrentamiento hacia los trabajadores que vienen enfrentando el ajuste...                <\/div>\n            <\/div>\n\n        <\/div>\n\n        \n        <div class=\"td_module_16 td_module_wrap td-animation-stack\">\n            <div class=\"td-module-thumb\"><a href=\"https:\/\/vamosporlaliberacion.org\/crpmlm\/pretenden-que-bajemos-la-cabeza\/\" rel=\"bookmark\" class=\"td-image-wrap \" title=\"\u201cPretenden que bajemos la cabeza\u201d\" ><img loading=\"lazy\" decoding=\"async\" class=\"entry-thumb\" src=\"\" alt=\"\" title=\"\u201cPretenden que bajemos la cabeza\u201d\" data-type=\"image_tag\" data-img-url=\"https:\/\/i0.wp.com\/vamosporlaliberacion.org\/crpmlm\/wp-content\/uploads\/2016\/02\/vxl64-13.jpg?resize=150%2C150&ssl=1\"  width=\"150\" height=\"150\" \/><\/a><\/div>\n            <div class=\"item-details\">\n                <h3 class=\"entry-title td-module-title\"><a href=\"https:\/\/vamosporlaliberacion.org\/crpmlm\/pretenden-que-bajemos-la-cabeza\/\" rel=\"bookmark\" title=\"\u201cPretenden que bajemos la cabeza\u201d\">\u201cPretenden que bajemos la cabeza\u201d<\/a><\/h3>\n                <div class=\"td-module-meta-info\">\n                                        <span class=\"td-post-author-name\"><a href=\"https:\/\/vamosporlaliberacion.org\/crpmlm\/author\/adminvxl\/\">vamos!<\/a> <span>-<\/span> <\/span>                    <span class=\"td-post-date\"><time class=\"entry-date updated td-module-date\" datetime=\"2015-11-11T11:55:36-03:00\" >11 noviembre, 2015<\/time><\/span>                    <span class=\"td-module-comments\"><a href=\"https:\/\/vamosporlaliberacion.org\/crpmlm\/pretenden-que-bajemos-la-cabeza\/#respond\">0<\/a><\/span>                <\/div>\n\n                <div class=\"td-excerpt\">\n                    \u201cDeclaro mi inocencia y la inocencia de todos los compa\u00f1eros que est\u00e1n siendo injustamente llevados a proceso. Pero el solo hecho de pasar por...                <\/div>\n            <\/div>\n\n        <\/div>\n\n        \n        <div class=\"td_module_16 td_module_wrap td-animation-stack\">\n            <div class=\"td-module-thumb\"><a href=\"https:\/\/vamosporlaliberacion.org\/crpmlm\/desde-el-obelisco-a-la-casa-de-tierra-del-fuego\/\" rel=\"bookmark\" class=\"td-image-wrap \" title=\"Desde el Obelisco a la Casa de Tierra del Fuego\" ><img loading=\"lazy\" decoding=\"async\" class=\"entry-thumb\" src=\"\" alt=\"\" title=\"Desde el Obelisco a la Casa de Tierra del Fuego\" data-type=\"image_tag\" data-img-url=\"https:\/\/i0.wp.com\/vamosporlaliberacion.org\/crpmlm\/wp-content\/uploads\/2016\/02\/vxl64-12.jpg?resize=150%2C150&ssl=1\"  width=\"150\" height=\"150\" \/><\/a><\/div>\n            <div class=\"item-details\">\n                <h3 class=\"entry-title td-module-title\"><a href=\"https:\/\/vamosporlaliberacion.org\/crpmlm\/desde-el-obelisco-a-la-casa-de-tierra-del-fuego\/\" rel=\"bookmark\" title=\"Desde el Obelisco a la Casa de Tierra del Fuego\">Desde el Obelisco a la Casa de Tierra del Fuego<\/a><\/h3>\n                <div class=\"td-module-meta-info\">\n                                        <span class=\"td-post-author-name\"><a href=\"https:\/\/vamosporlaliberacion.org\/crpmlm\/author\/adminvxl\/\">vamos!<\/a> <span>-<\/span> <\/span>                    <span class=\"td-post-date\"><time class=\"entry-date updated td-module-date\" datetime=\"2015-11-11T11:45:07-03:00\" >11 noviembre, 2015<\/time><\/span>                    <span class=\"td-module-comments\"><a href=\"https:\/\/vamosporlaliberacion.org\/crpmlm\/desde-el-obelisco-a-la-casa-de-tierra-del-fuego\/#respond\">0<\/a><\/span>                <\/div>\n\n                <div class=\"td-excerpt\">\n                    Mientras en la provincia fueguina el paro fue total en repudio al juicio farsa contra 33 trabajadores docentes y camioneros, por la ma\u00f1ana del...                <\/div>\n            <\/div>\n\n        <\/div>\n\n        \n        <div class=\"td_module_16 td_module_wrap td-animation-stack\">\n            <div class=\"td-module-thumb\"><a href=\"https:\/\/vamosporlaliberacion.org\/crpmlm\/nieto-recuperado-no118\/\" rel=\"bookmark\" class=\"td-image-wrap \" title=\"Nieto recuperado N\u00ba118\" ><img loading=\"lazy\" decoding=\"async\" class=\"entry-thumb\" src=\"\" alt=\"\" title=\"Nieto recuperado N\u00ba118\" data-type=\"image_tag\" data-img-url=\"https:\/\/i0.wp.com\/vamosporlaliberacion.org\/crpmlm\/wp-content\/uploads\/2016\/02\/vxl64-10.jpg?resize=150%2C150&ssl=1\"  width=\"150\" height=\"150\" \/><\/a><\/div>\n            <div class=\"item-details\">\n                <h3 class=\"entry-title td-module-title\"><a href=\"https:\/\/vamosporlaliberacion.org\/crpmlm\/nieto-recuperado-no118\/\" rel=\"bookmark\" title=\"Nieto recuperado N\u00ba118\">Nieto recuperado N\u00ba118<\/a><\/h3>\n                <div class=\"td-module-meta-info\">\n                                        <span class=\"td-post-author-name\"><a href=\"https:\/\/vamosporlaliberacion.org\/crpmlm\/author\/adminvxl\/\">vamos!<\/a> <span>-<\/span> <\/span>                    <span class=\"td-post-date\"><time class=\"entry-date updated td-module-date\" datetime=\"2015-11-11T11:45:04-03:00\" >11 noviembre, 2015<\/time><\/span>                    <span class=\"td-module-comments\"><a href=\"https:\/\/vamosporlaliberacion.org\/crpmlm\/nieto-recuperado-no118\/#respond\">0<\/a><\/span>                <\/div>\n\n                <div class=\"td-excerpt\">\n                    &quot;\u00bfPor qu\u00e9 no? Sos mi abuela&quot;, respondi\u00f3 cuando Delia Giovanola le pregunt\u00f3 si estaba seguro que quer\u00eda hablar de nuevo. Delia, una de las...                <\/div>\n            <\/div>\n\n        <\/div>\n\n        <\/div><\/div> <!-- .\/block --><div class=\"td_block_wrap td_block_21 tdi_28_d6a td-pb-border-top td_block_template_1 td-column-2\"  data-td-block-uid=\"tdi_28_d6a\" >\n<style>\n.td_block_template_2.widget > ul > li,\n            .td_block_template_6.widget > ul > li,\n            .td_block_template_8.widget > ul > li,\n            .td_block_template_9.widget > ul > li,\n            .td_block_template_10.widget > ul > li,\n            .td_block_template_11.widget > ul > li,\n            .td_block_template_12.widget > ul > li,\n            .td_block_template_13.widget > ul > li,\n            .td_block_template_14.widget > ul > li,\n            .td_block_template_15.widget > ul > li,\n            .td_block_template_16.widget > ul > li,\n            .td_block_template_17.widget > ul > li {\n                margin-left: 0 !important;\n            }\n            .global-block-template-12 .td-comments-title span,\n            .global-block-template-13 .td-comments-title span {\n                margin-left: 0 !important;\n                font-size: 20px;\n            }\n            @media (max-width: 767px) {\n                .global-block-template-12 .td-comments-title span,\n                .global-block-template-13 .td-comments-title span {\n                    font-size: 15px;\n                }\n            }\n            .td-block-title-wrap .td-wrapper-pulldown-filter {\n                font-family: 'Roboto', sans-serif;\n                position: absolute;\n                bottom: 0;\n                right: 0;\n                top: 0;\n                margin: auto 0;\n                z-index: 2;\n                background-color: #fff;\n                font-size: 13px;\n                line-height: 1;\n                color: #777;\n                text-align: right;\n            }\n            .td-block-title-wrap .td-wrapper-pulldown-filter .td-pulldown-filter-display-option {\n                cursor: pointer;\n                white-space: nowrap;\n                position: relative;\n                line-height: 29px;\n            }\n            .td-block-title-wrap .td-wrapper-pulldown-filter .td-pulldown-filter-display-option i {\n                font-size: 9px;\n                color: #777;\n                margin-left: 20px;\n                margin-right: 10px;\n            }\n            .td-block-title-wrap .td-wrapper-pulldown-filter .td-pulldown-filter-display-option i:before {\n                content: '\\e83d';\n            }\n            .td-block-title-wrap .td-wrapper-pulldown-filter .td-pulldown-filter-display-option span {\n                padding-left: 20px;\n                margin-right: -14px;\n            }\n            @media (max-width: 360px) {\n                .td-block-title-wrap .td-wrapper-pulldown-filter .td-pulldown-filter-display-option span {\n                    display: none;\n                }\n            }\n            .td-block-title-wrap .td-wrapper-pulldown-filter .td-pulldown-filter-display-option:hover {\n                color: #4db2ec;\n            }\n            .td-block-title-wrap .td-wrapper-pulldown-filter .td-pulldown-filter-display-option:hover i {\n                color: #4db2ec;\n            }\n            .td-block-title-wrap .td-wrapper-pulldown-filter .td-pulldown-filter-display-option:hover ul {\n                display: block;\n            }\n            .td-block-title-wrap .td-wrapper-pulldown-filter .td-pulldown-filter-list {\n                list-style: none;\n                position: absolute;\n                right: 0;\n                top: 100%;\n                padding: 18px 0;\n                background-color: rgb(255, 255, 255);\n                background-color: rgba(255, 255, 255, 0.95);\n                z-index: 999;\n                border-width: 1px;\n                border-color: #ededed;\n                border-style: solid;\n                display: none;\n                margin: 0;\n            }\n            .td-block-title-wrap .td-wrapper-pulldown-filter .td-pulldown-filter-item {\n                list-style: none;\n                margin: 0;\n            }\n            .td-block-title-wrap .td-wrapper-pulldown-filter .td-pulldown-filter-item .td-cur-simple-item {\n                color: #4db2ec;\n            }\n            .td-block-title-wrap .td-wrapper-pulldown-filter .td-pulldown-more {\n                padding-bottom: 10px;\n            }\n            .td-block-title-wrap .td-wrapper-pulldown-filter .td-pulldown-more:before {\n                content: '';\n                width: 70px;\n                height: 100%;\n                position: absolute;\n                margin-top: 2px;\n                top: 0;\n                right: 0;\n                z-index: 1;\n                opacity: 0;\n            }\n            .td-block-title-wrap .td-wrapper-pulldown-filter .td-pulldown-filter-link {\n                color: #777;\n                white-space: nowrap;\n                display: block;\n                line-height: 26px;\n                padding-left: 36px;\n                padding-right: 27px;\n            }\n            .td-block-title-wrap .td-wrapper-pulldown-filter .td-pulldown-filter-link:hover {\n                color: #4db2ec;\n            }\n            @media (min-width: 768px) and (max-width: 1018px) {\n                .td-pb-span4 .td-block-title-wrap .td-wrapper-pulldown-filter .td-pulldown-filter-display-option span {\n                    display: none;\n                }\n                .td-pb-span4 .td-block-title-wrap .td-wrapper-pulldown-filter .td-pulldown-filter-link {\n                    padding-left: 24px;\n                    padding-right: 20px !important;\n                }\n            }\n            @-moz-document url-prefix() {\n                .td-pulldown-syle-default .td-subcat-more,\n                .td-pulldown-syle-default .td-subcat-list {\n                    position: relative;\n                    top: -1px;\n                }\n            }\n            .td-pulldown-syle-2 {\n                top: 0;\n            }\n            .td-pulldown-syle-2 .td-subcat-dropdown ul {\n                padding: 20px 0;\n                margin-top: 0;\n            }\n            .td-pulldown-syle-2 .td-subcat-dropdown ul:after {\n                content: '';\n                position: absolute;\n                width: calc(100% + 2px);\n                height: 3px;\n                top: 0;\n                left: -1px;\n                background-color: #4db2ec;\n            }\n            .td-pulldown-syle-2 .td-subcat-dropdown a {\n                padding-left: 40px;\n                padding-right: 31px;\n            }\n            .td-pulldown-syle-2 .td-subcat-dropdown:hover .td-subcat-more {\n                background-color: transparent !important;\n            }\n            .td-pulldown-syle-2 .td-subcat-dropdown:hover .td-subcat-more span,\n            .td-pulldown-syle-2 .td-subcat-dropdown:hover .td-subcat-more i {\n                color: #4db2ec;\n            }\n            .td-pulldown-syle-2 .td-subcat-dropdown .td-subcat-more {\n                margin-left: 9px;\n                margin-bottom: 8px; \/\/ this align the dropdown list\n            }\n            .td-pulldown-syle-2 .td-subcat-list .td-subcat-item {\n                margin-left: 24px;\n            }\n            .td-pulldown-syle-3 {\n                top: 0;\n            }\n            .td-pulldown-syle-3 .td-subcat-dropdown ul {\n                padding: 15px 0;\n                margin-top: -1px;\n                border-width: 1px;\n            }\n            .td-pulldown-syle-3 .td-subcat-dropdown a {\n                padding-left: 40px;\n                padding-right: 31px;\n            }\n            .td-pulldown-syle-3 .td-subcat-dropdown &:hover .td-subcat-more {\n                background-color: transparent !important;\n            }\n            .td-pulldown-syle-3 .td-subcat-dropdown &:hover .td-subcat-more span,\n            .td-pulldown-syle-3 .td-subcat-dropdown &:hover .td-subcat-more i {\n                color: #4db2ec;\n            }\n            .td-pulldown-syle-3 .td-subcat-dropdown .td-subcat-more {\n                margin-left: 9px;\n                margin-bottom: 8px; \/\/ this align the dropdown list\n            }\n            .td-pulldown-syle-3 .td-subcat-list .td-subcat-item {\n                margin-left: 24px;\n            }\n            \n            \n\n            \n            .td-theme-wrap .tdi_28_d6a .td-pulldown-filter-link:hover,\n            .td-theme-wrap .tdi_28_d6a .td-subcat-item a:hover,\n            .td-theme-wrap .tdi_28_d6a .td-subcat-item .td-cur-simple-item {\n                color: #dd3333;\n            }\n\n            .td-theme-wrap .tdi_28_d6a .block-title > *,\n            .td-theme-wrap .tdi_28_d6a .td-subcat-dropdown:hover .td-subcat-more {\n                background-color: #dd3333;\n            }\n            .td-theme-wrap .td-footer-wrapper .tdi_28_d6a .block-title > * {\n                padding: 6px 7px 5px;\n                line-height: 1;\n            }\n\n            .td-theme-wrap .tdi_28_d6a .block-title {\n                border-color: #dd3333;\n            }\n\n            \n            .td-theme-wrap .tdi_28_d6a .td_module_wrap:hover .entry-title a,\n            .td-theme-wrap .tdi_28_d6a .td_quote_on_blocks,\n            .td-theme-wrap .tdi_28_d6a .td-opacity-cat .td-post-category:hover,\n            .td-theme-wrap .tdi_28_d6a .td-opacity-read .td-read-more a:hover,\n            .td-theme-wrap .tdi_28_d6a .td-opacity-author .td-post-author-name a:hover,\n            .td-theme-wrap .tdi_28_d6a .td-instagram-user a {\n                color: #dd3333;\n            }\n\n            .td-theme-wrap .tdi_28_d6a .td-next-prev-wrap a:hover,\n            .td-theme-wrap .tdi_28_d6a .td-load-more-wrap a:hover {\n                background-color: #dd3333;\n                border-color: #dd3333;\n            }\n\n            .td-theme-wrap .tdi_28_d6a .td-read-more a,\n            .td-theme-wrap .tdi_28_d6a .td-weather-information:before,\n            .td-theme-wrap .tdi_28_d6a .td-weather-week:before,\n            .td-theme-wrap .tdi_28_d6a .td-exchange-header:before,\n            .td-theme-wrap .td-footer-wrapper .tdi_28_d6a .td-post-category,\n            .td-theme-wrap .tdi_28_d6a .td-post-category:hover {\n                background-color: #dd3333;\n            }\n<\/style><script>var block_tdi_28_d6a = new tdBlock();\nblock_tdi_28_d6a.id = \"tdi_28_d6a\";\nblock_tdi_28_d6a.atts = '{\"custom_title\":\"Social\",\"header_color\":\"#dd3333\",\"category_id\":\"13\",\"tag_slug\":\"vxl 64\",\"limit\":\"10\",\"td_filter_default_txt\":\"Todo\",\"block_type\":\"td_block_21\",\"separator\":\"\",\"custom_url\":\"\",\"block_template_id\":\"\",\"m16_tl\":\"\",\"m16_el\":\"\",\"post_ids\":\"\",\"category_ids\":\"\",\"autors_id\":\"\",\"installed_post_types\":\"\",\"sort\":\"\",\"offset\":\"\",\"show_modified_date\":\"\",\"el_class\":\"\",\"td_ajax_filter_type\":\"\",\"td_ajax_filter_ids\":\"\",\"td_ajax_preloading\":\"\",\"f_header_font_header\":\"\",\"f_header_font_title\":\"Block header\",\"f_header_font_settings\":\"\",\"f_header_font_family\":\"\",\"f_header_font_size\":\"\",\"f_header_font_line_height\":\"\",\"f_header_font_style\":\"\",\"f_header_font_weight\":\"\",\"f_header_font_transform\":\"\",\"f_header_font_spacing\":\"\",\"f_header_\":\"\",\"f_ajax_font_title\":\"Ajax categories\",\"f_ajax_font_settings\":\"\",\"f_ajax_font_family\":\"\",\"f_ajax_font_size\":\"\",\"f_ajax_font_line_height\":\"\",\"f_ajax_font_style\":\"\",\"f_ajax_font_weight\":\"\",\"f_ajax_font_transform\":\"\",\"f_ajax_font_spacing\":\"\",\"f_ajax_\":\"\",\"f_more_font_title\":\"Load more button\",\"f_more_font_settings\":\"\",\"f_more_font_family\":\"\",\"f_more_font_size\":\"\",\"f_more_font_line_height\":\"\",\"f_more_font_style\":\"\",\"f_more_font_weight\":\"\",\"f_more_font_transform\":\"\",\"f_more_font_spacing\":\"\",\"f_more_\":\"\",\"m16f_title_font_header\":\"\",\"m16f_title_font_title\":\"Article title\",\"m16f_title_font_settings\":\"\",\"m16f_title_font_family\":\"\",\"m16f_title_font_size\":\"\",\"m16f_title_font_line_height\":\"\",\"m16f_title_font_style\":\"\",\"m16f_title_font_weight\":\"\",\"m16f_title_font_transform\":\"\",\"m16f_title_font_spacing\":\"\",\"m16f_title_\":\"\",\"m16f_cat_font_title\":\"Article category tag\",\"m16f_cat_font_settings\":\"\",\"m16f_cat_font_family\":\"\",\"m16f_cat_font_size\":\"\",\"m16f_cat_font_line_height\":\"\",\"m16f_cat_font_style\":\"\",\"m16f_cat_font_weight\":\"\",\"m16f_cat_font_transform\":\"\",\"m16f_cat_font_spacing\":\"\",\"m16f_cat_\":\"\",\"m16f_meta_font_title\":\"Article meta info\",\"m16f_meta_font_settings\":\"\",\"m16f_meta_font_family\":\"\",\"m16f_meta_font_size\":\"\",\"m16f_meta_font_line_height\":\"\",\"m16f_meta_font_style\":\"\",\"m16f_meta_font_weight\":\"\",\"m16f_meta_font_transform\":\"\",\"m16f_meta_font_spacing\":\"\",\"m16f_meta_\":\"\",\"m16f_ex_font_title\":\"Article excerpt\",\"m16f_ex_font_settings\":\"\",\"m16f_ex_font_family\":\"\",\"m16f_ex_font_size\":\"\",\"m16f_ex_font_line_height\":\"\",\"m16f_ex_font_style\":\"\",\"m16f_ex_font_weight\":\"\",\"m16f_ex_font_transform\":\"\",\"m16f_ex_font_spacing\":\"\",\"m16f_ex_\":\"\",\"ajax_pagination\":\"\",\"ajax_pagination_infinite_stop\":\"\",\"css\":\"\",\"tdc_css\":\"\",\"td_column_number\":2,\"color_preset\":\"\",\"border_top\":\"\",\"class\":\"tdi_28_d6a\",\"tdc_css_class\":\"tdi_28_d6a\",\"tdc_css_class_style\":\"tdi_28_d6a_rand_style\"}';\nblock_tdi_28_d6a.td_column_number = \"2\";\nblock_tdi_28_d6a.block_type = \"td_block_21\";\nblock_tdi_28_d6a.post_count = \"10\";\nblock_tdi_28_d6a.found_posts = \"25\";\nblock_tdi_28_d6a.header_color = \"#dd3333\";\nblock_tdi_28_d6a.ajax_pagination_infinite_stop = \"\";\nblock_tdi_28_d6a.max_num_pages = \"3\";\ntdBlocksArray.push(block_tdi_28_d6a);\n<\/script><div class=\"td-block-title-wrap\"><h4 class=\"block-title td-block-title\"><span class=\"td-pulldown-size\">Social<\/span><\/h4><\/div><div id=tdi_28_d6a class=\"td_block_inner\">\n        <div class=\"td_module_16 td_module_wrap td-animation-stack\">\n            <div class=\"td-module-thumb\"><a href=\"https:\/\/vamosporlaliberacion.org\/crpmlm\/eugenio-cabib-y-juan-telmo-ortiz-presentes\/\" rel=\"bookmark\" class=\"td-image-wrap \" title=\"Eugenio Cabib y Juan Telmo Ortiz, presentes!\" ><img loading=\"lazy\" decoding=\"async\" class=\"entry-thumb\" src=\"\" alt=\"\" title=\"Eugenio Cabib y Juan Telmo Ortiz, presentes!\" data-type=\"image_tag\" data-img-url=\"https:\/\/i0.wp.com\/vamosporlaliberacion.org\/crpmlm\/wp-content\/uploads\/2016\/02\/vxl64-20.jpg?resize=150%2C150&ssl=1\"  width=\"150\" height=\"150\" \/><\/a><\/div>\n            <div class=\"item-details\">\n                <h3 class=\"entry-title td-module-title\"><a href=\"https:\/\/vamosporlaliberacion.org\/crpmlm\/eugenio-cabib-y-juan-telmo-ortiz-presentes\/\" rel=\"bookmark\" title=\"Eugenio Cabib y Juan Telmo Ortiz, presentes!\">Eugenio Cabib y Juan Telmo Ortiz, presentes!<\/a><\/h3>\n                <div class=\"td-module-meta-info\">\n                                        <span class=\"td-post-author-name\"><a href=\"https:\/\/vamosporlaliberacion.org\/crpmlm\/author\/adminvxl\/\">vamos!<\/a> <span>-<\/span> <\/span>                    <span class=\"td-post-date\"><time class=\"entry-date updated td-module-date\" datetime=\"2015-11-11T15:18:39-03:00\" >11 noviembre, 2015<\/time><\/span>                    <span class=\"td-module-comments\"><a href=\"https:\/\/vamosporlaliberacion.org\/crpmlm\/eugenio-cabib-y-juan-telmo-ortiz-presentes\/#respond\">0<\/a><\/span>                <\/div>\n\n                <div class=\"td-excerpt\">\n                    Eugenio Cabib\r\nTen\u00eda 32 a\u00f1os cuando fue secuestrado. Un 11 de noviembre de 1976 irrumpi\u00f3 en su casa de Monserrat, en Capital Federal, un grupo...                <\/div>\n            <\/div>\n\n        <\/div>\n\n        \n        <div class=\"td_module_16 td_module_wrap td-animation-stack\">\n            <div class=\"td-module-thumb\"><a href=\"https:\/\/vamosporlaliberacion.org\/crpmlm\/datos-del-escrutinio\/\" rel=\"bookmark\" class=\"td-image-wrap \" title=\"Datos del escrutinio\" ><img decoding=\"async\" class=\"entry-thumb\" src=\"\"alt=\"\" data-type=\"image_tag\" data-img-url=\"https:\/\/vamosporlaliberacion.org\/crpmlm\/wp-content\/plugins\/td-composer\/legacy\/Newspaper\/assets\/images\/no-thumb\/thumbnail.png\"  width=\"\" height=\"\" \/><\/a><\/div>\n            <div class=\"item-details\">\n                <h3 class=\"entry-title td-module-title\"><a href=\"https:\/\/vamosporlaliberacion.org\/crpmlm\/datos-del-escrutinio\/\" rel=\"bookmark\" title=\"Datos del escrutinio\">Datos del escrutinio<\/a><\/h3>\n                <div class=\"td-module-meta-info\">\n                                        <span class=\"td-post-author-name\"><a href=\"https:\/\/vamosporlaliberacion.org\/crpmlm\/author\/adminvxl\/\">vamos!<\/a> <span>-<\/span> <\/span>                    <span class=\"td-post-date\"><time class=\"entry-date updated td-module-date\" datetime=\"2015-11-11T12:18:37-03:00\" >11 noviembre, 2015<\/time><\/span>                    <span class=\"td-module-comments\"><a href=\"https:\/\/vamosporlaliberacion.org\/crpmlm\/datos-del-escrutinio\/#respond\">0<\/a><\/span>                <\/div>\n\n                <div class=\"td-excerpt\">\n                    De acuerdo a los datos del escrutinio definitivo, el 25 de octubre votaron 26.048.320 personas (80% del padr\u00f3n), lo que arroja unos 2 millones...                <\/div>\n            <\/div>\n\n        <\/div>\n\n        \n        <div class=\"td_module_16 td_module_wrap td-animation-stack\">\n            <div class=\"td-module-thumb\"><a href=\"https:\/\/vamosporlaliberacion.org\/crpmlm\/un-ciclo-de-crecimiento-dependiente-agotado\/\" rel=\"bookmark\" class=\"td-image-wrap \" title=\"Un ciclo de crecimiento dependiente agotado\" ><img loading=\"lazy\" decoding=\"async\" class=\"entry-thumb\" src=\"\" alt=\"\" title=\"Un ciclo de crecimiento dependiente agotado\" data-type=\"image_tag\" data-img-url=\"https:\/\/i0.wp.com\/vamosporlaliberacion.org\/crpmlm\/wp-content\/uploads\/2016\/02\/vxl64-19.jpg?resize=150%2C150&ssl=1\"  width=\"150\" height=\"150\" \/><\/a><\/div>\n            <div class=\"item-details\">\n                <h3 class=\"entry-title td-module-title\"><a href=\"https:\/\/vamosporlaliberacion.org\/crpmlm\/un-ciclo-de-crecimiento-dependiente-agotado\/\" rel=\"bookmark\" title=\"Un ciclo de crecimiento dependiente agotado\">Un ciclo de crecimiento dependiente agotado<\/a><\/h3>\n                <div class=\"td-module-meta-info\">\n                                        <span class=\"td-post-author-name\"><a href=\"https:\/\/vamosporlaliberacion.org\/crpmlm\/author\/adminvxl\/\">vamos!<\/a> <span>-<\/span> <\/span>                    <span class=\"td-post-date\"><time class=\"entry-date updated td-module-date\" datetime=\"2015-11-11T12:18:36-03:00\" >11 noviembre, 2015<\/time><\/span>                    <span class=\"td-module-comments\"><a href=\"https:\/\/vamosporlaliberacion.org\/crpmlm\/un-ciclo-de-crecimiento-dependiente-agotado\/#respond\">0<\/a><\/span>                <\/div>\n\n                <div class=\"td-excerpt\">\n                    El PBI, el \u00edndice de ocupaci\u00f3n de obreros en la industria, el salario real, el saldo de la balanza comercial\u2026 numerosos indicadores econ\u00f3micos manifiestan...                <\/div>\n            <\/div>\n\n        <\/div>\n\n        \n        <div class=\"td_module_16 td_module_wrap td-animation-stack\">\n            <div class=\"td-module-thumb\"><a href=\"https:\/\/vamosporlaliberacion.org\/crpmlm\/un-convenio-fraudulento-para-aplicar-el-ajuste\/\" rel=\"bookmark\" class=\"td-image-wrap \" title=\"Un convenio fraudulento para aplicar el ajuste\" ><img loading=\"lazy\" decoding=\"async\" class=\"entry-thumb\" src=\"\" alt=\"\" title=\"Un convenio fraudulento para aplicar el ajuste\" data-type=\"image_tag\" data-img-url=\"https:\/\/i0.wp.com\/vamosporlaliberacion.org\/crpmlm\/wp-content\/uploads\/2016\/02\/vxl64-18.jpg?resize=150%2C150&ssl=1\"  width=\"150\" height=\"150\" \/><\/a><\/div>\n            <div class=\"item-details\">\n                <h3 class=\"entry-title td-module-title\"><a href=\"https:\/\/vamosporlaliberacion.org\/crpmlm\/un-convenio-fraudulento-para-aplicar-el-ajuste\/\" rel=\"bookmark\" title=\"Un convenio fraudulento para aplicar el ajuste\">Un convenio fraudulento para aplicar el ajuste<\/a><\/h3>\n                <div class=\"td-module-meta-info\">\n                                        <span class=\"td-post-author-name\"><a href=\"https:\/\/vamosporlaliberacion.org\/crpmlm\/author\/adminvxl\/\">vamos!<\/a> <span>-<\/span> <\/span>                    <span class=\"td-post-date\"><time class=\"entry-date updated td-module-date\" datetime=\"2015-11-11T12:03:18-03:00\" >11 noviembre, 2015<\/time><\/span>                    <span class=\"td-module-comments\"><a href=\"https:\/\/vamosporlaliberacion.org\/crpmlm\/un-convenio-fraudulento-para-aplicar-el-ajuste\/#respond\">0<\/a><\/span>                <\/div>\n\n                <div class=\"td-excerpt\">\n                    El pasado 4 de noviembre se realiz\u00f3 una masiva asamblea de m\u00e1s de mil trabajadores del Sarmiento para analizar los pasos a seguir ante...                <\/div>\n            <\/div>\n\n        <\/div>\n\n        \n        <div class=\"td_module_16 td_module_wrap td-animation-stack\">\n            <div class=\"td-module-thumb\"><a href=\"https:\/\/vamosporlaliberacion.org\/crpmlm\/los-trabajadores-del-banco-central-decidieron-salir-a-luchar-y-ganaron\/\" rel=\"bookmark\" class=\"td-image-wrap \" title=\"Los trabajadores del Banco Central decidieron salir a luchar y ganaron\" ><img loading=\"lazy\" decoding=\"async\" class=\"entry-thumb\" src=\"\" alt=\"\" title=\"Los trabajadores del Banco Central decidieron salir a luchar y ganaron\" data-type=\"image_tag\" data-img-url=\"https:\/\/i0.wp.com\/vamosporlaliberacion.org\/crpmlm\/wp-content\/uploads\/2016\/02\/vxl64-17.jpg?resize=150%2C150&ssl=1\"  width=\"150\" height=\"150\" \/><\/a><\/div>\n            <div class=\"item-details\">\n                <h3 class=\"entry-title td-module-title\"><a href=\"https:\/\/vamosporlaliberacion.org\/crpmlm\/los-trabajadores-del-banco-central-decidieron-salir-a-luchar-y-ganaron\/\" rel=\"bookmark\" title=\"Los trabajadores del Banco Central decidieron salir a luchar y ganaron\">Los trabajadores del Banco Central decidieron salir a luchar y ganaron<\/a><\/h3>\n                <div class=\"td-module-meta-info\">\n                                        <span class=\"td-post-author-name\"><a href=\"https:\/\/vamosporlaliberacion.org\/crpmlm\/author\/adminvxl\/\">vamos!<\/a> <span>-<\/span> <\/span>                    <span class=\"td-post-date\"><time class=\"entry-date updated td-module-date\" datetime=\"2015-11-11T12:03:17-03:00\" >11 noviembre, 2015<\/time><\/span>                    <span class=\"td-module-comments\"><a href=\"https:\/\/vamosporlaliberacion.org\/crpmlm\/los-trabajadores-del-banco-central-decidieron-salir-a-luchar-y-ganaron\/#respond\">0<\/a><\/span>                <\/div>\n\n                <div class=\"td-excerpt\">\n                    En medio de un escenario pol\u00edtico complejo, te\u00f1ido por la disputa por el recambio de gobierno, los trabajadores del Banco Central se dispusieron a...                <\/div>\n            <\/div>\n\n        <\/div>\n\n        \n        <div class=\"td_module_16 td_module_wrap td-animation-stack\">\n            <div class=\"td-module-thumb\"><a href=\"https:\/\/vamosporlaliberacion.org\/crpmlm\/precarizados-de-loteria-en-lucha\/\" rel=\"bookmark\" class=\"td-image-wrap \" title=\"Precarizados de Loter\u00eda en lucha\" ><img loading=\"lazy\" decoding=\"async\" class=\"entry-thumb\" src=\"\" alt=\"\" title=\"Precarizados de Loter\u00eda en lucha\" data-type=\"image_tag\" data-img-url=\"https:\/\/i0.wp.com\/vamosporlaliberacion.org\/crpmlm\/wp-content\/uploads\/2016\/02\/vxl64-16.jpg?resize=150%2C150&ssl=1\"  width=\"150\" height=\"150\" \/><\/a><\/div>\n            <div class=\"item-details\">\n                <h3 class=\"entry-title td-module-title\"><a href=\"https:\/\/vamosporlaliberacion.org\/crpmlm\/precarizados-de-loteria-en-lucha\/\" rel=\"bookmark\" title=\"Precarizados de Loter\u00eda en lucha\">Precarizados de Loter\u00eda en lucha<\/a><\/h3>\n                <div class=\"td-module-meta-info\">\n                                        <span class=\"td-post-author-name\"><a href=\"https:\/\/vamosporlaliberacion.org\/crpmlm\/author\/adminvxl\/\">vamos!<\/a> <span>-<\/span> <\/span>                    <span class=\"td-post-date\"><time class=\"entry-date updated td-module-date\" datetime=\"2015-11-11T11:55:41-03:00\" >11 noviembre, 2015<\/time><\/span>                    <span class=\"td-module-comments\"><a href=\"https:\/\/vamosporlaliberacion.org\/crpmlm\/precarizados-de-loteria-en-lucha\/#respond\">0<\/a><\/span>                <\/div>\n\n                <div class=\"td-excerpt\">\n                    Los trabajadores precarizados del Instituto Provincial de Loter\u00eda y Casinos salimos a la calle reclam\u00e1ndole al gobernador Scioli que firme nuestro pase a planta....                <\/div>\n            <\/div>\n\n        <\/div>\n\n        \n        <div class=\"td_module_16 td_module_wrap td-animation-stack\">\n            <div class=\"td-module-thumb\"><a href=\"https:\/\/vamosporlaliberacion.org\/crpmlm\/si-tocan-a-uno-tocan-a-todos\/\" rel=\"bookmark\" class=\"td-image-wrap \" title=\"Si tocan a uno, tocan a todos\" ><img loading=\"lazy\" decoding=\"async\" class=\"entry-thumb\" src=\"\" alt=\"\" title=\"Si tocan a uno, tocan a todos\" data-type=\"image_tag\" data-img-url=\"https:\/\/i0.wp.com\/vamosporlaliberacion.org\/crpmlm\/wp-content\/uploads\/2016\/02\/vxl64-14.jpg?resize=150%2C150&ssl=1\"  width=\"150\" height=\"150\" \/><\/a><\/div>\n            <div class=\"item-details\">\n                <h3 class=\"entry-title td-module-title\"><a href=\"https:\/\/vamosporlaliberacion.org\/crpmlm\/si-tocan-a-uno-tocan-a-todos\/\" rel=\"bookmark\" title=\"Si tocan a uno, tocan a todos\">Si tocan a uno, tocan a todos<\/a><\/h3>\n                <div class=\"td-module-meta-info\">\n                                        <span class=\"td-post-author-name\"><a href=\"https:\/\/vamosporlaliberacion.org\/crpmlm\/author\/adminvxl\/\">vamos!<\/a> <span>-<\/span> <\/span>                    <span class=\"td-post-date\"><time class=\"entry-date updated td-module-date\" datetime=\"2015-11-11T11:55:38-03:00\" >11 noviembre, 2015<\/time><\/span>                    <span class=\"td-module-comments\"><a href=\"https:\/\/vamosporlaliberacion.org\/crpmlm\/si-tocan-a-uno-tocan-a-todos\/#respond\">0<\/a><\/span>                <\/div>\n\n                <div class=\"td-excerpt\">\n                    El juicio oral a 33 trabajadores docentes y camioneros, que tiene el claro objetivo de amedrentamiento hacia los trabajadores que vienen enfrentando el ajuste...                <\/div>\n            <\/div>\n\n        <\/div>\n\n        \n        <div class=\"td_module_16 td_module_wrap td-animation-stack\">\n            <div class=\"td-module-thumb\"><a href=\"https:\/\/vamosporlaliberacion.org\/crpmlm\/pretenden-que-bajemos-la-cabeza\/\" rel=\"bookmark\" class=\"td-image-wrap \" title=\"\u201cPretenden que bajemos la cabeza\u201d\" ><img loading=\"lazy\" decoding=\"async\" class=\"entry-thumb\" src=\"\" alt=\"\" title=\"\u201cPretenden que bajemos la cabeza\u201d\" data-type=\"image_tag\" data-img-url=\"https:\/\/i0.wp.com\/vamosporlaliberacion.org\/crpmlm\/wp-content\/uploads\/2016\/02\/vxl64-13.jpg?resize=150%2C150&ssl=1\"  width=\"150\" height=\"150\" \/><\/a><\/div>\n            <div class=\"item-details\">\n                <h3 class=\"entry-title td-module-title\"><a href=\"https:\/\/vamosporlaliberacion.org\/crpmlm\/pretenden-que-bajemos-la-cabeza\/\" rel=\"bookmark\" title=\"\u201cPretenden que bajemos la cabeza\u201d\">\u201cPretenden que bajemos la cabeza\u201d<\/a><\/h3>\n                <div class=\"td-module-meta-info\">\n                                        <span class=\"td-post-author-name\"><a href=\"https:\/\/vamosporlaliberacion.org\/crpmlm\/author\/adminvxl\/\">vamos!<\/a> <span>-<\/span> <\/span>                    <span class=\"td-post-date\"><time class=\"entry-date updated td-module-date\" datetime=\"2015-11-11T11:55:36-03:00\" >11 noviembre, 2015<\/time><\/span>                    <span class=\"td-module-comments\"><a href=\"https:\/\/vamosporlaliberacion.org\/crpmlm\/pretenden-que-bajemos-la-cabeza\/#respond\">0<\/a><\/span>                <\/div>\n\n                <div class=\"td-excerpt\">\n                    \u201cDeclaro mi inocencia y la inocencia de todos los compa\u00f1eros que est\u00e1n siendo injustamente llevados a proceso. Pero el solo hecho de pasar por...                <\/div>\n            <\/div>\n\n        <\/div>\n\n        \n        <div class=\"td_module_16 td_module_wrap td-animation-stack\">\n            <div class=\"td-module-thumb\"><a href=\"https:\/\/vamosporlaliberacion.org\/crpmlm\/desde-el-obelisco-a-la-casa-de-tierra-del-fuego\/\" rel=\"bookmark\" class=\"td-image-wrap \" title=\"Desde el Obelisco a la Casa de Tierra del Fuego\" ><img loading=\"lazy\" decoding=\"async\" class=\"entry-thumb\" src=\"\" alt=\"\" title=\"Desde el Obelisco a la Casa de Tierra del Fuego\" data-type=\"image_tag\" data-img-url=\"https:\/\/i0.wp.com\/vamosporlaliberacion.org\/crpmlm\/wp-content\/uploads\/2016\/02\/vxl64-12.jpg?resize=150%2C150&ssl=1\"  width=\"150\" height=\"150\" \/><\/a><\/div>\n            <div class=\"item-details\">\n                <h3 class=\"entry-title td-module-title\"><a href=\"https:\/\/vamosporlaliberacion.org\/crpmlm\/desde-el-obelisco-a-la-casa-de-tierra-del-fuego\/\" rel=\"bookmark\" title=\"Desde el Obelisco a la Casa de Tierra del Fuego\">Desde el Obelisco a la Casa de Tierra del Fuego<\/a><\/h3>\n                <div class=\"td-module-meta-info\">\n                                        <span class=\"td-post-author-name\"><a href=\"https:\/\/vamosporlaliberacion.org\/crpmlm\/author\/adminvxl\/\">vamos!<\/a> <span>-<\/span> <\/span>                    <span class=\"td-post-date\"><time class=\"entry-date updated td-module-date\" datetime=\"2015-11-11T11:45:07-03:00\" >11 noviembre, 2015<\/time><\/span>                    <span class=\"td-module-comments\"><a href=\"https:\/\/vamosporlaliberacion.org\/crpmlm\/desde-el-obelisco-a-la-casa-de-tierra-del-fuego\/#respond\">0<\/a><\/span>                <\/div>\n\n                <div class=\"td-excerpt\">\n                    Mientras en la provincia fueguina el paro fue total en repudio al juicio farsa contra 33 trabajadores docentes y camioneros, por la ma\u00f1ana del...                <\/div>\n            <\/div>\n\n        <\/div>\n\n        \n        <div class=\"td_module_16 td_module_wrap td-animation-stack\">\n            <div class=\"td-module-thumb\"><a href=\"https:\/\/vamosporlaliberacion.org\/crpmlm\/nieto-recuperado-no118\/\" rel=\"bookmark\" class=\"td-image-wrap \" title=\"Nieto recuperado N\u00ba118\" ><img loading=\"lazy\" decoding=\"async\" class=\"entry-thumb\" src=\"\" alt=\"\" title=\"Nieto recuperado N\u00ba118\" data-type=\"image_tag\" data-img-url=\"https:\/\/i0.wp.com\/vamosporlaliberacion.org\/crpmlm\/wp-content\/uploads\/2016\/02\/vxl64-10.jpg?resize=150%2C150&ssl=1\"  width=\"150\" height=\"150\" \/><\/a><\/div>\n            <div class=\"item-details\">\n                <h3 class=\"entry-title td-module-title\"><a href=\"https:\/\/vamosporlaliberacion.org\/crpmlm\/nieto-recuperado-no118\/\" rel=\"bookmark\" title=\"Nieto recuperado N\u00ba118\">Nieto recuperado N\u00ba118<\/a><\/h3>\n                <div class=\"td-module-meta-info\">\n                                        <span class=\"td-post-author-name\"><a href=\"https:\/\/vamosporlaliberacion.org\/crpmlm\/author\/adminvxl\/\">vamos!<\/a> <span>-<\/span> <\/span>                    <span class=\"td-post-date\"><time class=\"entry-date updated td-module-date\" datetime=\"2015-11-11T11:45:04-03:00\" >11 noviembre, 2015<\/time><\/span>                    <span class=\"td-module-comments\"><a href=\"https:\/\/vamosporlaliberacion.org\/crpmlm\/nieto-recuperado-no118\/#respond\">0<\/a><\/span>                <\/div>\n\n                <div class=\"td-excerpt\">\n                    &quot;\u00bfPor qu\u00e9 no? Sos mi abuela&quot;, respondi\u00f3 cuando Delia Giovanola le pregunt\u00f3 si estaba seguro que quer\u00eda hablar de nuevo. Delia, una de las...                <\/div>\n            <\/div>\n\n        <\/div>\n\n        <\/div><\/div> <!-- .\/block --><div class=\"td_block_wrap td_block_21 tdi_29_a96 td-pb-border-top td_block_template_1 td-column-2\"  data-td-block-uid=\"tdi_29_a96\" >\n<style>\n.td_block_template_2.widget > ul > li,\n            .td_block_template_6.widget > ul > li,\n            .td_block_template_8.widget > ul > li,\n            .td_block_template_9.widget > ul > li,\n            .td_block_template_10.widget > ul > li,\n            .td_block_template_11.widget > ul > li,\n            .td_block_template_12.widget > ul > li,\n            .td_block_template_13.widget > ul > li,\n            .td_block_template_14.widget > ul > li,\n            .td_block_template_15.widget > ul > li,\n            .td_block_template_16.widget > ul > li,\n            .td_block_template_17.widget > ul > li {\n                margin-left: 0 !important;\n            }\n            .global-block-template-12 .td-comments-title span,\n            .global-block-template-13 .td-comments-title span {\n                margin-left: 0 !important;\n                font-size: 20px;\n            }\n            @media (max-width: 767px) {\n                .global-block-template-12 .td-comments-title span,\n                .global-block-template-13 .td-comments-title span {\n                    font-size: 15px;\n                }\n            }\n            .td-block-title-wrap .td-wrapper-pulldown-filter {\n                font-family: 'Roboto', sans-serif;\n                position: absolute;\n                bottom: 0;\n                right: 0;\n                top: 0;\n                margin: auto 0;\n                z-index: 2;\n                background-color: #fff;\n                font-size: 13px;\n                line-height: 1;\n                color: #777;\n                text-align: right;\n            }\n            .td-block-title-wrap .td-wrapper-pulldown-filter .td-pulldown-filter-display-option {\n                cursor: pointer;\n                white-space: nowrap;\n                position: relative;\n                line-height: 29px;\n            }\n            .td-block-title-wrap .td-wrapper-pulldown-filter .td-pulldown-filter-display-option i {\n                font-size: 9px;\n                color: #777;\n                margin-left: 20px;\n                margin-right: 10px;\n            }\n            .td-block-title-wrap .td-wrapper-pulldown-filter .td-pulldown-filter-display-option i:before {\n                content: '\\e83d';\n            }\n            .td-block-title-wrap .td-wrapper-pulldown-filter .td-pulldown-filter-display-option span {\n                padding-left: 20px;\n                margin-right: -14px;\n            }\n            @media (max-width: 360px) {\n                .td-block-title-wrap .td-wrapper-pulldown-filter .td-pulldown-filter-display-option span {\n                    display: none;\n                }\n            }\n            .td-block-title-wrap .td-wrapper-pulldown-filter .td-pulldown-filter-display-option:hover {\n                color: #4db2ec;\n            }\n            .td-block-title-wrap .td-wrapper-pulldown-filter .td-pulldown-filter-display-option:hover i {\n                color: #4db2ec;\n            }\n            .td-block-title-wrap .td-wrapper-pulldown-filter .td-pulldown-filter-display-option:hover ul {\n                display: block;\n            }\n            .td-block-title-wrap .td-wrapper-pulldown-filter .td-pulldown-filter-list {\n                list-style: none;\n                position: absolute;\n                right: 0;\n                top: 100%;\n                padding: 18px 0;\n                background-color: rgb(255, 255, 255);\n                background-color: rgba(255, 255, 255, 0.95);\n                z-index: 999;\n                border-width: 1px;\n                border-color: #ededed;\n                border-style: solid;\n                display: none;\n                margin: 0;\n            }\n            .td-block-title-wrap .td-wrapper-pulldown-filter .td-pulldown-filter-item {\n                list-style: none;\n                margin: 0;\n            }\n            .td-block-title-wrap .td-wrapper-pulldown-filter .td-pulldown-filter-item .td-cur-simple-item {\n                color: #4db2ec;\n            }\n            .td-block-title-wrap .td-wrapper-pulldown-filter .td-pulldown-more {\n                padding-bottom: 10px;\n            }\n            .td-block-title-wrap .td-wrapper-pulldown-filter .td-pulldown-more:before {\n                content: '';\n                width: 70px;\n                height: 100%;\n                position: absolute;\n                margin-top: 2px;\n                top: 0;\n                right: 0;\n                z-index: 1;\n                opacity: 0;\n            }\n            .td-block-title-wrap .td-wrapper-pulldown-filter .td-pulldown-filter-link {\n                color: #777;\n                white-space: nowrap;\n                display: block;\n                line-height: 26px;\n                padding-left: 36px;\n                padding-right: 27px;\n            }\n            .td-block-title-wrap .td-wrapper-pulldown-filter .td-pulldown-filter-link:hover {\n                color: #4db2ec;\n            }\n            @media (min-width: 768px) and (max-width: 1018px) {\n                .td-pb-span4 .td-block-title-wrap .td-wrapper-pulldown-filter .td-pulldown-filter-display-option span {\n                    display: none;\n                }\n                .td-pb-span4 .td-block-title-wrap .td-wrapper-pulldown-filter .td-pulldown-filter-link {\n                    padding-left: 24px;\n                    padding-right: 20px !important;\n                }\n            }\n            @-moz-document url-prefix() {\n                .td-pulldown-syle-default .td-subcat-more,\n                .td-pulldown-syle-default .td-subcat-list {\n                    position: relative;\n                    top: -1px;\n                }\n            }\n            .td-pulldown-syle-2 {\n                top: 0;\n            }\n            .td-pulldown-syle-2 .td-subcat-dropdown ul {\n                padding: 20px 0;\n                margin-top: 0;\n            }\n            .td-pulldown-syle-2 .td-subcat-dropdown ul:after {\n                content: '';\n                position: absolute;\n                width: calc(100% + 2px);\n                height: 3px;\n                top: 0;\n                left: -1px;\n                background-color: #4db2ec;\n            }\n            .td-pulldown-syle-2 .td-subcat-dropdown a {\n                padding-left: 40px;\n                padding-right: 31px;\n            }\n            .td-pulldown-syle-2 .td-subcat-dropdown:hover .td-subcat-more {\n                background-color: transparent !important;\n            }\n            .td-pulldown-syle-2 .td-subcat-dropdown:hover .td-subcat-more span,\n            .td-pulldown-syle-2 .td-subcat-dropdown:hover .td-subcat-more i {\n                color: #4db2ec;\n            }\n            .td-pulldown-syle-2 .td-subcat-dropdown .td-subcat-more {\n                margin-left: 9px;\n                margin-bottom: 8px; \/\/ this align the dropdown list\n            }\n            .td-pulldown-syle-2 .td-subcat-list .td-subcat-item {\n                margin-left: 24px;\n            }\n            .td-pulldown-syle-3 {\n                top: 0;\n            }\n            .td-pulldown-syle-3 .td-subcat-dropdown ul {\n                padding: 15px 0;\n                margin-top: -1px;\n                border-width: 1px;\n            }\n            .td-pulldown-syle-3 .td-subcat-dropdown a {\n                padding-left: 40px;\n                padding-right: 31px;\n            }\n            .td-pulldown-syle-3 .td-subcat-dropdown &:hover .td-subcat-more {\n                background-color: transparent !important;\n            }\n            .td-pulldown-syle-3 .td-subcat-dropdown &:hover .td-subcat-more span,\n            .td-pulldown-syle-3 .td-subcat-dropdown &:hover .td-subcat-more i {\n                color: #4db2ec;\n            }\n            .td-pulldown-syle-3 .td-subcat-dropdown .td-subcat-more {\n                margin-left: 9px;\n                margin-bottom: 8px; \/\/ this align the dropdown list\n            }\n            .td-pulldown-syle-3 .td-subcat-list .td-subcat-item {\n                margin-left: 24px;\n            }\n            \n            \n\n            \n            .td-theme-wrap .tdi_29_a96 .td-pulldown-filter-link:hover,\n            .td-theme-wrap .tdi_29_a96 .td-subcat-item a:hover,\n            .td-theme-wrap .tdi_29_a96 .td-subcat-item .td-cur-simple-item {\n                color: #dd3333;\n            }\n\n            .td-theme-wrap .tdi_29_a96 .block-title > *,\n            .td-theme-wrap .tdi_29_a96 .td-subcat-dropdown:hover .td-subcat-more {\n                background-color: #dd3333;\n            }\n            .td-theme-wrap .td-footer-wrapper .tdi_29_a96 .block-title > * {\n                padding: 6px 7px 5px;\n                line-height: 1;\n            }\n\n            .td-theme-wrap .tdi_29_a96 .block-title {\n                border-color: #dd3333;\n            }\n\n            \n            .td-theme-wrap .tdi_29_a96 .td_module_wrap:hover .entry-title a,\n            .td-theme-wrap .tdi_29_a96 .td_quote_on_blocks,\n            .td-theme-wrap .tdi_29_a96 .td-opacity-cat .td-post-category:hover,\n            .td-theme-wrap .tdi_29_a96 .td-opacity-read .td-read-more a:hover,\n            .td-theme-wrap .tdi_29_a96 .td-opacity-author .td-post-author-name a:hover,\n            .td-theme-wrap .tdi_29_a96 .td-instagram-user a {\n                color: #dd3333;\n            }\n\n            .td-theme-wrap .tdi_29_a96 .td-next-prev-wrap a:hover,\n            .td-theme-wrap .tdi_29_a96 .td-load-more-wrap a:hover {\n                background-color: #dd3333;\n                border-color: #dd3333;\n            }\n\n            .td-theme-wrap .tdi_29_a96 .td-read-more a,\n            .td-theme-wrap .tdi_29_a96 .td-weather-information:before,\n            .td-theme-wrap .tdi_29_a96 .td-weather-week:before,\n            .td-theme-wrap .tdi_29_a96 .td-exchange-header:before,\n            .td-theme-wrap .td-footer-wrapper .tdi_29_a96 .td-post-category,\n            .td-theme-wrap .tdi_29_a96 .td-post-category:hover {\n                background-color: #dd3333;\n            }\n<\/style><script>var block_tdi_29_a96 = new tdBlock();\nblock_tdi_29_a96.id = \"tdi_29_a96\";\nblock_tdi_29_a96.atts = '{\"custom_title\":\"Cultura\",\"header_color\":\"#dd3333\",\"category_id\":\"3\",\"tag_slug\":\"vxl 64\",\"limit\":\"10\",\"td_filter_default_txt\":\"Todo\",\"block_type\":\"td_block_21\",\"separator\":\"\",\"custom_url\":\"\",\"block_template_id\":\"\",\"m16_tl\":\"\",\"m16_el\":\"\",\"post_ids\":\"\",\"category_ids\":\"\",\"autors_id\":\"\",\"installed_post_types\":\"\",\"sort\":\"\",\"offset\":\"\",\"show_modified_date\":\"\",\"el_class\":\"\",\"td_ajax_filter_type\":\"\",\"td_ajax_filter_ids\":\"\",\"td_ajax_preloading\":\"\",\"f_header_font_header\":\"\",\"f_header_font_title\":\"Block header\",\"f_header_font_settings\":\"\",\"f_header_font_family\":\"\",\"f_header_font_size\":\"\",\"f_header_font_line_height\":\"\",\"f_header_font_style\":\"\",\"f_header_font_weight\":\"\",\"f_header_font_transform\":\"\",\"f_header_font_spacing\":\"\",\"f_header_\":\"\",\"f_ajax_font_title\":\"Ajax categories\",\"f_ajax_font_settings\":\"\",\"f_ajax_font_family\":\"\",\"f_ajax_font_size\":\"\",\"f_ajax_font_line_height\":\"\",\"f_ajax_font_style\":\"\",\"f_ajax_font_weight\":\"\",\"f_ajax_font_transform\":\"\",\"f_ajax_font_spacing\":\"\",\"f_ajax_\":\"\",\"f_more_font_title\":\"Load more button\",\"f_more_font_settings\":\"\",\"f_more_font_family\":\"\",\"f_more_font_size\":\"\",\"f_more_font_line_height\":\"\",\"f_more_font_style\":\"\",\"f_more_font_weight\":\"\",\"f_more_font_transform\":\"\",\"f_more_font_spacing\":\"\",\"f_more_\":\"\",\"m16f_title_font_header\":\"\",\"m16f_title_font_title\":\"Article title\",\"m16f_title_font_settings\":\"\",\"m16f_title_font_family\":\"\",\"m16f_title_font_size\":\"\",\"m16f_title_font_line_height\":\"\",\"m16f_title_font_style\":\"\",\"m16f_title_font_weight\":\"\",\"m16f_title_font_transform\":\"\",\"m16f_title_font_spacing\":\"\",\"m16f_title_\":\"\",\"m16f_cat_font_title\":\"Article category tag\",\"m16f_cat_font_settings\":\"\",\"m16f_cat_font_family\":\"\",\"m16f_cat_font_size\":\"\",\"m16f_cat_font_line_height\":\"\",\"m16f_cat_font_style\":\"\",\"m16f_cat_font_weight\":\"\",\"m16f_cat_font_transform\":\"\",\"m16f_cat_font_spacing\":\"\",\"m16f_cat_\":\"\",\"m16f_meta_font_title\":\"Article meta info\",\"m16f_meta_font_settings\":\"\",\"m16f_meta_font_family\":\"\",\"m16f_meta_font_size\":\"\",\"m16f_meta_font_line_height\":\"\",\"m16f_meta_font_style\":\"\",\"m16f_meta_font_weight\":\"\",\"m16f_meta_font_transform\":\"\",\"m16f_meta_font_spacing\":\"\",\"m16f_meta_\":\"\",\"m16f_ex_font_title\":\"Article excerpt\",\"m16f_ex_font_settings\":\"\",\"m16f_ex_font_family\":\"\",\"m16f_ex_font_size\":\"\",\"m16f_ex_font_line_height\":\"\",\"m16f_ex_font_style\":\"\",\"m16f_ex_font_weight\":\"\",\"m16f_ex_font_transform\":\"\",\"m16f_ex_font_spacing\":\"\",\"m16f_ex_\":\"\",\"ajax_pagination\":\"\",\"ajax_pagination_infinite_stop\":\"\",\"css\":\"\",\"tdc_css\":\"\",\"td_column_number\":2,\"color_preset\":\"\",\"border_top\":\"\",\"class\":\"tdi_29_a96\",\"tdc_css_class\":\"tdi_29_a96\",\"tdc_css_class_style\":\"tdi_29_a96_rand_style\"}';\nblock_tdi_29_a96.td_column_number = \"2\";\nblock_tdi_29_a96.block_type = \"td_block_21\";\nblock_tdi_29_a96.post_count = \"10\";\nblock_tdi_29_a96.found_posts = \"25\";\nblock_tdi_29_a96.header_color = \"#dd3333\";\nblock_tdi_29_a96.ajax_pagination_infinite_stop = \"\";\nblock_tdi_29_a96.max_num_pages = \"3\";\ntdBlocksArray.push(block_tdi_29_a96);\n<\/script><div class=\"td-block-title-wrap\"><h4 class=\"block-title td-block-title\"><span class=\"td-pulldown-size\">Cultura<\/span><\/h4><\/div><div id=tdi_29_a96 class=\"td_block_inner\">\n        <div class=\"td_module_16 td_module_wrap td-animation-stack\">\n            <div class=\"td-module-thumb\"><a href=\"https:\/\/vamosporlaliberacion.org\/crpmlm\/eugenio-cabib-y-juan-telmo-ortiz-presentes\/\" rel=\"bookmark\" class=\"td-image-wrap \" title=\"Eugenio Cabib y Juan Telmo Ortiz, presentes!\" ><img loading=\"lazy\" decoding=\"async\" class=\"entry-thumb\" src=\"\" alt=\"\" title=\"Eugenio Cabib y Juan Telmo Ortiz, presentes!\" data-type=\"image_tag\" data-img-url=\"https:\/\/i0.wp.com\/vamosporlaliberacion.org\/crpmlm\/wp-content\/uploads\/2016\/02\/vxl64-20.jpg?resize=150%2C150&ssl=1\"  width=\"150\" height=\"150\" \/><\/a><\/div>\n            <div class=\"item-details\">\n                <h3 class=\"entry-title td-module-title\"><a href=\"https:\/\/vamosporlaliberacion.org\/crpmlm\/eugenio-cabib-y-juan-telmo-ortiz-presentes\/\" rel=\"bookmark\" title=\"Eugenio Cabib y Juan Telmo Ortiz, presentes!\">Eugenio Cabib y Juan Telmo Ortiz, presentes!<\/a><\/h3>\n                <div class=\"td-module-meta-info\">\n                                        <span class=\"td-post-author-name\"><a href=\"https:\/\/vamosporlaliberacion.org\/crpmlm\/author\/adminvxl\/\">vamos!<\/a> <span>-<\/span> <\/span>                    <span class=\"td-post-date\"><time class=\"entry-date updated td-module-date\" datetime=\"2015-11-11T15:18:39-03:00\" >11 noviembre, 2015<\/time><\/span>                    <span class=\"td-module-comments\"><a href=\"https:\/\/vamosporlaliberacion.org\/crpmlm\/eugenio-cabib-y-juan-telmo-ortiz-presentes\/#respond\">0<\/a><\/span>                <\/div>\n\n                <div class=\"td-excerpt\">\n                    Eugenio Cabib\r\nTen\u00eda 32 a\u00f1os cuando fue secuestrado. Un 11 de noviembre de 1976 irrumpi\u00f3 en su casa de Monserrat, en Capital Federal, un grupo...                <\/div>\n            <\/div>\n\n        <\/div>\n\n        \n        <div class=\"td_module_16 td_module_wrap td-animation-stack\">\n            <div class=\"td-module-thumb\"><a href=\"https:\/\/vamosporlaliberacion.org\/crpmlm\/datos-del-escrutinio\/\" rel=\"bookmark\" class=\"td-image-wrap \" title=\"Datos del escrutinio\" ><img decoding=\"async\" class=\"entry-thumb\" src=\"\"alt=\"\" data-type=\"image_tag\" data-img-url=\"https:\/\/vamosporlaliberacion.org\/crpmlm\/wp-content\/plugins\/td-composer\/legacy\/Newspaper\/assets\/images\/no-thumb\/thumbnail.png\"  width=\"\" height=\"\" \/><\/a><\/div>\n            <div class=\"item-details\">\n                <h3 class=\"entry-title td-module-title\"><a href=\"https:\/\/vamosporlaliberacion.org\/crpmlm\/datos-del-escrutinio\/\" rel=\"bookmark\" title=\"Datos del escrutinio\">Datos del escrutinio<\/a><\/h3>\n                <div class=\"td-module-meta-info\">\n                                        <span class=\"td-post-author-name\"><a href=\"https:\/\/vamosporlaliberacion.org\/crpmlm\/author\/adminvxl\/\">vamos!<\/a> <span>-<\/span> <\/span>                    <span class=\"td-post-date\"><time class=\"entry-date updated td-module-date\" datetime=\"2015-11-11T12:18:37-03:00\" >11 noviembre, 2015<\/time><\/span>                    <span class=\"td-module-comments\"><a href=\"https:\/\/vamosporlaliberacion.org\/crpmlm\/datos-del-escrutinio\/#respond\">0<\/a><\/span>                <\/div>\n\n                <div class=\"td-excerpt\">\n                    De acuerdo a los datos del escrutinio definitivo, el 25 de octubre votaron 26.048.320 personas (80% del padr\u00f3n), lo que arroja unos 2 millones...                <\/div>\n            <\/div>\n\n        <\/div>\n\n        \n        <div class=\"td_module_16 td_module_wrap td-animation-stack\">\n            <div class=\"td-module-thumb\"><a href=\"https:\/\/vamosporlaliberacion.org\/crpmlm\/un-ciclo-de-crecimiento-dependiente-agotado\/\" rel=\"bookmark\" class=\"td-image-wrap \" title=\"Un ciclo de crecimiento dependiente agotado\" ><img loading=\"lazy\" decoding=\"async\" class=\"entry-thumb\" src=\"\" alt=\"\" title=\"Un ciclo de crecimiento dependiente agotado\" data-type=\"image_tag\" data-img-url=\"https:\/\/i0.wp.com\/vamosporlaliberacion.org\/crpmlm\/wp-content\/uploads\/2016\/02\/vxl64-19.jpg?resize=150%2C150&ssl=1\"  width=\"150\" height=\"150\" \/><\/a><\/div>\n            <div class=\"item-details\">\n                <h3 class=\"entry-title td-module-title\"><a href=\"https:\/\/vamosporlaliberacion.org\/crpmlm\/un-ciclo-de-crecimiento-dependiente-agotado\/\" rel=\"bookmark\" title=\"Un ciclo de crecimiento dependiente agotado\">Un ciclo de crecimiento dependiente agotado<\/a><\/h3>\n                <div class=\"td-module-meta-info\">\n                                        <span class=\"td-post-author-name\"><a href=\"https:\/\/vamosporlaliberacion.org\/crpmlm\/author\/adminvxl\/\">vamos!<\/a> <span>-<\/span> <\/span>                    <span class=\"td-post-date\"><time class=\"entry-date updated td-module-date\" datetime=\"2015-11-11T12:18:36-03:00\" >11 noviembre, 2015<\/time><\/span>                    <span class=\"td-module-comments\"><a href=\"https:\/\/vamosporlaliberacion.org\/crpmlm\/un-ciclo-de-crecimiento-dependiente-agotado\/#respond\">0<\/a><\/span>                <\/div>\n\n                <div class=\"td-excerpt\">\n                    El PBI, el \u00edndice de ocupaci\u00f3n de obreros en la industria, el salario real, el saldo de la balanza comercial\u2026 numerosos indicadores econ\u00f3micos manifiestan...                <\/div>\n            <\/div>\n\n        <\/div>\n\n        \n        <div class=\"td_module_16 td_module_wrap td-animation-stack\">\n            <div class=\"td-module-thumb\"><a href=\"https:\/\/vamosporlaliberacion.org\/crpmlm\/un-convenio-fraudulento-para-aplicar-el-ajuste\/\" rel=\"bookmark\" class=\"td-image-wrap \" title=\"Un convenio fraudulento para aplicar el ajuste\" ><img loading=\"lazy\" decoding=\"async\" class=\"entry-thumb\" src=\"\" alt=\"\" title=\"Un convenio fraudulento para aplicar el ajuste\" data-type=\"image_tag\" data-img-url=\"https:\/\/i0.wp.com\/vamosporlaliberacion.org\/crpmlm\/wp-content\/uploads\/2016\/02\/vxl64-18.jpg?resize=150%2C150&ssl=1\"  width=\"150\" height=\"150\" \/><\/a><\/div>\n            <div class=\"item-details\">\n                <h3 class=\"entry-title td-module-title\"><a href=\"https:\/\/vamosporlaliberacion.org\/crpmlm\/un-convenio-fraudulento-para-aplicar-el-ajuste\/\" rel=\"bookmark\" title=\"Un convenio fraudulento para aplicar el ajuste\">Un convenio fraudulento para aplicar el ajuste<\/a><\/h3>\n                <div class=\"td-module-meta-info\">\n                                        <span class=\"td-post-author-name\"><a href=\"https:\/\/vamosporlaliberacion.org\/crpmlm\/author\/adminvxl\/\">vamos!<\/a> <span>-<\/span> <\/span>                    <span class=\"td-post-date\"><time class=\"entry-date updated td-module-date\" datetime=\"2015-11-11T12:03:18-03:00\" >11 noviembre, 2015<\/time><\/span>                    <span class=\"td-module-comments\"><a href=\"https:\/\/vamosporlaliberacion.org\/crpmlm\/un-convenio-fraudulento-para-aplicar-el-ajuste\/#respond\">0<\/a><\/span>                <\/div>\n\n                <div class=\"td-excerpt\">\n                    El pasado 4 de noviembre se realiz\u00f3 una masiva asamblea de m\u00e1s de mil trabajadores del Sarmiento para analizar los pasos a seguir ante...                <\/div>\n            <\/div>\n\n        <\/div>\n\n        \n        <div class=\"td_module_16 td_module_wrap td-animation-stack\">\n            <div class=\"td-module-thumb\"><a href=\"https:\/\/vamosporlaliberacion.org\/crpmlm\/los-trabajadores-del-banco-central-decidieron-salir-a-luchar-y-ganaron\/\" rel=\"bookmark\" class=\"td-image-wrap \" title=\"Los trabajadores del Banco Central decidieron salir a luchar y ganaron\" ><img loading=\"lazy\" decoding=\"async\" class=\"entry-thumb\" src=\"\" alt=\"\" title=\"Los trabajadores del Banco Central decidieron salir a luchar y ganaron\" data-type=\"image_tag\" data-img-url=\"https:\/\/i0.wp.com\/vamosporlaliberacion.org\/crpmlm\/wp-content\/uploads\/2016\/02\/vxl64-17.jpg?resize=150%2C150&ssl=1\"  width=\"150\" height=\"150\" \/><\/a><\/div>\n            <div class=\"item-details\">\n                <h3 class=\"entry-title td-module-title\"><a href=\"https:\/\/vamosporlaliberacion.org\/crpmlm\/los-trabajadores-del-banco-central-decidieron-salir-a-luchar-y-ganaron\/\" rel=\"bookmark\" title=\"Los trabajadores del Banco Central decidieron salir a luchar y ganaron\">Los trabajadores del Banco Central decidieron salir a luchar y ganaron<\/a><\/h3>\n                <div class=\"td-module-meta-info\">\n                                        <span class=\"td-post-author-name\"><a href=\"https:\/\/vamosporlaliberacion.org\/crpmlm\/author\/adminvxl\/\">vamos!<\/a> <span>-<\/span> <\/span>                    <span class=\"td-post-date\"><time class=\"entry-date updated td-module-date\" datetime=\"2015-11-11T12:03:17-03:00\" >11 noviembre, 2015<\/time><\/span>                    <span class=\"td-module-comments\"><a href=\"https:\/\/vamosporlaliberacion.org\/crpmlm\/los-trabajadores-del-banco-central-decidieron-salir-a-luchar-y-ganaron\/#respond\">0<\/a><\/span>                <\/div>\n\n                <div class=\"td-excerpt\">\n                    En medio de un escenario pol\u00edtico complejo, te\u00f1ido por la disputa por el recambio de gobierno, los trabajadores del Banco Central se dispusieron a...                <\/div>\n            <\/div>\n\n        <\/div>\n\n        \n        <div class=\"td_module_16 td_module_wrap td-animation-stack\">\n            <div class=\"td-module-thumb\"><a href=\"https:\/\/vamosporlaliberacion.org\/crpmlm\/precarizados-de-loteria-en-lucha\/\" rel=\"bookmark\" class=\"td-image-wrap \" title=\"Precarizados de Loter\u00eda en lucha\" ><img loading=\"lazy\" decoding=\"async\" class=\"entry-thumb\" src=\"\" alt=\"\" title=\"Precarizados de Loter\u00eda en lucha\" data-type=\"image_tag\" data-img-url=\"https:\/\/i0.wp.com\/vamosporlaliberacion.org\/crpmlm\/wp-content\/uploads\/2016\/02\/vxl64-16.jpg?resize=150%2C150&ssl=1\"  width=\"150\" height=\"150\" \/><\/a><\/div>\n            <div class=\"item-details\">\n                <h3 class=\"entry-title td-module-title\"><a href=\"https:\/\/vamosporlaliberacion.org\/crpmlm\/precarizados-de-loteria-en-lucha\/\" rel=\"bookmark\" title=\"Precarizados de Loter\u00eda en lucha\">Precarizados de Loter\u00eda en lucha<\/a><\/h3>\n                <div class=\"td-module-meta-info\">\n                                        <span class=\"td-post-author-name\"><a href=\"https:\/\/vamosporlaliberacion.org\/crpmlm\/author\/adminvxl\/\">vamos!<\/a> <span>-<\/span> <\/span>                    <span class=\"td-post-date\"><time class=\"entry-date updated td-module-date\" datetime=\"2015-11-11T11:55:41-03:00\" >11 noviembre, 2015<\/time><\/span>                    <span class=\"td-module-comments\"><a href=\"https:\/\/vamosporlaliberacion.org\/crpmlm\/precarizados-de-loteria-en-lucha\/#respond\">0<\/a><\/span>                <\/div>\n\n                <div class=\"td-excerpt\">\n                    Los trabajadores precarizados del Instituto Provincial de Loter\u00eda y Casinos salimos a la calle reclam\u00e1ndole al gobernador Scioli que firme nuestro pase a planta....                <\/div>\n            <\/div>\n\n        <\/div>\n\n        \n        <div class=\"td_module_16 td_module_wrap td-animation-stack\">\n            <div class=\"td-module-thumb\"><a href=\"https:\/\/vamosporlaliberacion.org\/crpmlm\/si-tocan-a-uno-tocan-a-todos\/\" rel=\"bookmark\" class=\"td-image-wrap \" title=\"Si tocan a uno, tocan a todos\" ><img loading=\"lazy\" decoding=\"async\" class=\"entry-thumb\" src=\"\" alt=\"\" title=\"Si tocan a uno, tocan a todos\" data-type=\"image_tag\" data-img-url=\"https:\/\/i0.wp.com\/vamosporlaliberacion.org\/crpmlm\/wp-content\/uploads\/2016\/02\/vxl64-14.jpg?resize=150%2C150&ssl=1\"  width=\"150\" height=\"150\" \/><\/a><\/div>\n            <div class=\"item-details\">\n                <h3 class=\"entry-title td-module-title\"><a href=\"https:\/\/vamosporlaliberacion.org\/crpmlm\/si-tocan-a-uno-tocan-a-todos\/\" rel=\"bookmark\" title=\"Si tocan a uno, tocan a todos\">Si tocan a uno, tocan a todos<\/a><\/h3>\n                <div class=\"td-module-meta-info\">\n                                        <span class=\"td-post-author-name\"><a href=\"https:\/\/vamosporlaliberacion.org\/crpmlm\/author\/adminvxl\/\">vamos!<\/a> <span>-<\/span> <\/span>                    <span class=\"td-post-date\"><time class=\"entry-date updated td-module-date\" datetime=\"2015-11-11T11:55:38-03:00\" >11 noviembre, 2015<\/time><\/span>                    <span class=\"td-module-comments\"><a href=\"https:\/\/vamosporlaliberacion.org\/crpmlm\/si-tocan-a-uno-tocan-a-todos\/#respond\">0<\/a><\/span>                <\/div>\n\n                <div class=\"td-excerpt\">\n                    El juicio oral a 33 trabajadores docentes y camioneros, que tiene el claro objetivo de amedrentamiento hacia los trabajadores que vienen enfrentando el ajuste...                <\/div>\n            <\/div>\n\n        <\/div>\n\n        \n        <div class=\"td_module_16 td_module_wrap td-animation-stack\">\n            <div class=\"td-module-thumb\"><a href=\"https:\/\/vamosporlaliberacion.org\/crpmlm\/pretenden-que-bajemos-la-cabeza\/\" rel=\"bookmark\" class=\"td-image-wrap \" title=\"\u201cPretenden que bajemos la cabeza\u201d\" ><img loading=\"lazy\" decoding=\"async\" class=\"entry-thumb\" src=\"\" alt=\"\" title=\"\u201cPretenden que bajemos la cabeza\u201d\" data-type=\"image_tag\" data-img-url=\"https:\/\/i0.wp.com\/vamosporlaliberacion.org\/crpmlm\/wp-content\/uploads\/2016\/02\/vxl64-13.jpg?resize=150%2C150&ssl=1\"  width=\"150\" height=\"150\" \/><\/a><\/div>\n            <div class=\"item-details\">\n                <h3 class=\"entry-title td-module-title\"><a href=\"https:\/\/vamosporlaliberacion.org\/crpmlm\/pretenden-que-bajemos-la-cabeza\/\" rel=\"bookmark\" title=\"\u201cPretenden que bajemos la cabeza\u201d\">\u201cPretenden que bajemos la cabeza\u201d<\/a><\/h3>\n                <div class=\"td-module-meta-info\">\n                                        <span class=\"td-post-author-name\"><a href=\"https:\/\/vamosporlaliberacion.org\/crpmlm\/author\/adminvxl\/\">vamos!<\/a> <span>-<\/span> <\/span>                    <span class=\"td-post-date\"><time class=\"entry-date updated td-module-date\" datetime=\"2015-11-11T11:55:36-03:00\" >11 noviembre, 2015<\/time><\/span>                    <span class=\"td-module-comments\"><a href=\"https:\/\/vamosporlaliberacion.org\/crpmlm\/pretenden-que-bajemos-la-cabeza\/#respond\">0<\/a><\/span>                <\/div>\n\n                <div class=\"td-excerpt\">\n                    \u201cDeclaro mi inocencia y la inocencia de todos los compa\u00f1eros que est\u00e1n siendo injustamente llevados a proceso. Pero el solo hecho de pasar por...                <\/div>\n            <\/div>\n\n        <\/div>\n\n        \n        <div class=\"td_module_16 td_module_wrap td-animation-stack\">\n            <div class=\"td-module-thumb\"><a href=\"https:\/\/vamosporlaliberacion.org\/crpmlm\/desde-el-obelisco-a-la-casa-de-tierra-del-fuego\/\" rel=\"bookmark\" class=\"td-image-wrap \" title=\"Desde el Obelisco a la Casa de Tierra del Fuego\" ><img loading=\"lazy\" decoding=\"async\" class=\"entry-thumb\" src=\"\" alt=\"\" title=\"Desde el Obelisco a la Casa de Tierra del Fuego\" data-type=\"image_tag\" data-img-url=\"https:\/\/i0.wp.com\/vamosporlaliberacion.org\/crpmlm\/wp-content\/uploads\/2016\/02\/vxl64-12.jpg?resize=150%2C150&ssl=1\"  width=\"150\" height=\"150\" \/><\/a><\/div>\n            <div class=\"item-details\">\n                <h3 class=\"entry-title td-module-title\"><a href=\"https:\/\/vamosporlaliberacion.org\/crpmlm\/desde-el-obelisco-a-la-casa-de-tierra-del-fuego\/\" rel=\"bookmark\" title=\"Desde el Obelisco a la Casa de Tierra del Fuego\">Desde el Obelisco a la Casa de Tierra del Fuego<\/a><\/h3>\n                <div class=\"td-module-meta-info\">\n                                        <span class=\"td-post-author-name\"><a href=\"https:\/\/vamosporlaliberacion.org\/crpmlm\/author\/adminvxl\/\">vamos!<\/a> <span>-<\/span> <\/span>                    <span class=\"td-post-date\"><time class=\"entry-date updated td-module-date\" datetime=\"2015-11-11T11:45:07-03:00\" >11 noviembre, 2015<\/time><\/span>                    <span class=\"td-module-comments\"><a href=\"https:\/\/vamosporlaliberacion.org\/crpmlm\/desde-el-obelisco-a-la-casa-de-tierra-del-fuego\/#respond\">0<\/a><\/span>                <\/div>\n\n                <div class=\"td-excerpt\">\n                    Mientras en la provincia fueguina el paro fue total en repudio al juicio farsa contra 33 trabajadores docentes y camioneros, por la ma\u00f1ana del...                <\/div>\n            <\/div>\n\n        <\/div>\n\n        \n        <div class=\"td_module_16 td_module_wrap td-animation-stack\">\n            <div class=\"td-module-thumb\"><a href=\"https:\/\/vamosporlaliberacion.org\/crpmlm\/nieto-recuperado-no118\/\" rel=\"bookmark\" class=\"td-image-wrap \" title=\"Nieto recuperado N\u00ba118\" ><img loading=\"lazy\" decoding=\"async\" class=\"entry-thumb\" src=\"\" alt=\"\" title=\"Nieto recuperado N\u00ba118\" data-type=\"image_tag\" data-img-url=\"https:\/\/i0.wp.com\/vamosporlaliberacion.org\/crpmlm\/wp-content\/uploads\/2016\/02\/vxl64-10.jpg?resize=150%2C150&ssl=1\"  width=\"150\" height=\"150\" \/><\/a><\/div>\n            <div class=\"item-details\">\n                <h3 class=\"entry-title td-module-title\"><a href=\"https:\/\/vamosporlaliberacion.org\/crpmlm\/nieto-recuperado-no118\/\" rel=\"bookmark\" title=\"Nieto recuperado N\u00ba118\">Nieto recuperado N\u00ba118<\/a><\/h3>\n                <div class=\"td-module-meta-info\">\n                                        <span class=\"td-post-author-name\"><a href=\"https:\/\/vamosporlaliberacion.org\/crpmlm\/author\/adminvxl\/\">vamos!<\/a> <span>-<\/span> <\/span>                    <span class=\"td-post-date\"><time class=\"entry-date updated td-module-date\" datetime=\"2015-11-11T11:45:04-03:00\" >11 noviembre, 2015<\/time><\/span>                    <span class=\"td-module-comments\"><a href=\"https:\/\/vamosporlaliberacion.org\/crpmlm\/nieto-recuperado-no118\/#respond\">0<\/a><\/span>                <\/div>\n\n                <div class=\"td-excerpt\">\n                    &quot;\u00bfPor qu\u00e9 no? Sos mi abuela&quot;, respondi\u00f3 cuando Delia Giovanola le pregunt\u00f3 si estaba seguro que quer\u00eda hablar de nuevo. Delia, una de las...                <\/div>\n            <\/div>\n\n        <\/div>\n\n        <\/div><\/div> <!-- .\/block --><div class=\"td_block_wrap td_block_21 tdi_30_222 td-pb-border-top td_block_template_1 td-column-2\"  data-td-block-uid=\"tdi_30_222\" >\n<style>\n.td_block_template_2.widget > ul > li,\n            .td_block_template_6.widget > ul > li,\n            .td_block_template_8.widget > ul > li,\n            .td_block_template_9.widget > ul > li,\n            .td_block_template_10.widget > ul > li,\n            .td_block_template_11.widget > ul > li,\n            .td_block_template_12.widget > ul > li,\n            .td_block_template_13.widget > ul > li,\n            .td_block_template_14.widget > ul > li,\n            .td_block_template_15.widget > ul > li,\n            .td_block_template_16.widget > ul > li,\n            .td_block_template_17.widget > ul > li {\n                margin-left: 0 !important;\n            }\n            .global-block-template-12 .td-comments-title span,\n            .global-block-template-13 .td-comments-title span {\n                margin-left: 0 !important;\n                font-size: 20px;\n            }\n            @media (max-width: 767px) {\n                .global-block-template-12 .td-comments-title span,\n                .global-block-template-13 .td-comments-title span {\n                    font-size: 15px;\n                }\n            }\n            .td-block-title-wrap .td-wrapper-pulldown-filter {\n                font-family: 'Roboto', sans-serif;\n                position: absolute;\n                bottom: 0;\n                right: 0;\n                top: 0;\n                margin: auto 0;\n                z-index: 2;\n                background-color: #fff;\n                font-size: 13px;\n                line-height: 1;\n                color: #777;\n                text-align: right;\n            }\n            .td-block-title-wrap .td-wrapper-pulldown-filter .td-pulldown-filter-display-option {\n                cursor: pointer;\n                white-space: nowrap;\n                position: relative;\n                line-height: 29px;\n            }\n            .td-block-title-wrap .td-wrapper-pulldown-filter .td-pulldown-filter-display-option i {\n                font-size: 9px;\n                color: #777;\n                margin-left: 20px;\n                margin-right: 10px;\n            }\n            .td-block-title-wrap .td-wrapper-pulldown-filter .td-pulldown-filter-display-option i:before {\n                content: '\\e83d';\n            }\n            .td-block-title-wrap .td-wrapper-pulldown-filter .td-pulldown-filter-display-option span {\n                padding-left: 20px;\n                margin-right: -14px;\n            }\n            @media (max-width: 360px) {\n                .td-block-title-wrap .td-wrapper-pulldown-filter .td-pulldown-filter-display-option span {\n                    display: none;\n                }\n            }\n            .td-block-title-wrap .td-wrapper-pulldown-filter .td-pulldown-filter-display-option:hover {\n                color: #4db2ec;\n            }\n            .td-block-title-wrap .td-wrapper-pulldown-filter .td-pulldown-filter-display-option:hover i {\n                color: #4db2ec;\n            }\n            .td-block-title-wrap .td-wrapper-pulldown-filter .td-pulldown-filter-display-option:hover ul {\n                display: block;\n            }\n            .td-block-title-wrap .td-wrapper-pulldown-filter .td-pulldown-filter-list {\n                list-style: none;\n                position: absolute;\n                right: 0;\n                top: 100%;\n                padding: 18px 0;\n                background-color: rgb(255, 255, 255);\n                background-color: rgba(255, 255, 255, 0.95);\n                z-index: 999;\n                border-width: 1px;\n                border-color: #ededed;\n                border-style: solid;\n                display: none;\n                margin: 0;\n            }\n            .td-block-title-wrap .td-wrapper-pulldown-filter .td-pulldown-filter-item {\n                list-style: none;\n                margin: 0;\n            }\n            .td-block-title-wrap .td-wrapper-pulldown-filter .td-pulldown-filter-item .td-cur-simple-item {\n                color: #4db2ec;\n            }\n            .td-block-title-wrap .td-wrapper-pulldown-filter .td-pulldown-more {\n                padding-bottom: 10px;\n            }\n            .td-block-title-wrap .td-wrapper-pulldown-filter .td-pulldown-more:before {\n                content: '';\n                width: 70px;\n                height: 100%;\n                position: absolute;\n                margin-top: 2px;\n                top: 0;\n                right: 0;\n                z-index: 1;\n                opacity: 0;\n            }\n            .td-block-title-wrap .td-wrapper-pulldown-filter .td-pulldown-filter-link {\n                color: #777;\n                white-space: nowrap;\n                display: block;\n                line-height: 26px;\n                padding-left: 36px;\n                padding-right: 27px;\n            }\n            .td-block-title-wrap .td-wrapper-pulldown-filter .td-pulldown-filter-link:hover {\n                color: #4db2ec;\n            }\n            @media (min-width: 768px) and (max-width: 1018px) {\n                .td-pb-span4 .td-block-title-wrap .td-wrapper-pulldown-filter .td-pulldown-filter-display-option span {\n                    display: none;\n                }\n                .td-pb-span4 .td-block-title-wrap .td-wrapper-pulldown-filter .td-pulldown-filter-link {\n                    padding-left: 24px;\n                    padding-right: 20px !important;\n                }\n            }\n            @-moz-document url-prefix() {\n                .td-pulldown-syle-default .td-subcat-more,\n                .td-pulldown-syle-default .td-subcat-list {\n                    position: relative;\n                    top: -1px;\n                }\n            }\n            .td-pulldown-syle-2 {\n                top: 0;\n            }\n            .td-pulldown-syle-2 .td-subcat-dropdown ul {\n                padding: 20px 0;\n                margin-top: 0;\n            }\n            .td-pulldown-syle-2 .td-subcat-dropdown ul:after {\n                content: '';\n                position: absolute;\n                width: calc(100% + 2px);\n                height: 3px;\n                top: 0;\n                left: -1px;\n                background-color: #4db2ec;\n            }\n            .td-pulldown-syle-2 .td-subcat-dropdown a {\n                padding-left: 40px;\n                padding-right: 31px;\n            }\n            .td-pulldown-syle-2 .td-subcat-dropdown:hover .td-subcat-more {\n                background-color: transparent !important;\n            }\n            .td-pulldown-syle-2 .td-subcat-dropdown:hover .td-subcat-more span,\n            .td-pulldown-syle-2 .td-subcat-dropdown:hover .td-subcat-more i {\n                color: #4db2ec;\n            }\n            .td-pulldown-syle-2 .td-subcat-dropdown .td-subcat-more {\n                margin-left: 9px;\n                margin-bottom: 8px; \/\/ this align the dropdown list\n            }\n            .td-pulldown-syle-2 .td-subcat-list .td-subcat-item {\n                margin-left: 24px;\n            }\n            .td-pulldown-syle-3 {\n                top: 0;\n            }\n            .td-pulldown-syle-3 .td-subcat-dropdown ul {\n                padding: 15px 0;\n                margin-top: -1px;\n                border-width: 1px;\n            }\n            .td-pulldown-syle-3 .td-subcat-dropdown a {\n                padding-left: 40px;\n                padding-right: 31px;\n            }\n            .td-pulldown-syle-3 .td-subcat-dropdown &:hover .td-subcat-more {\n                background-color: transparent !important;\n            }\n            .td-pulldown-syle-3 .td-subcat-dropdown &:hover .td-subcat-more span,\n            .td-pulldown-syle-3 .td-subcat-dropdown &:hover .td-subcat-more i {\n                color: #4db2ec;\n            }\n            .td-pulldown-syle-3 .td-subcat-dropdown .td-subcat-more {\n                margin-left: 9px;\n                margin-bottom: 8px; \/\/ this align the dropdown list\n            }\n            .td-pulldown-syle-3 .td-subcat-list .td-subcat-item {\n                margin-left: 24px;\n            }\n            \n            \n\n            \n            .td-theme-wrap .tdi_30_222 .td-pulldown-filter-link:hover,\n            .td-theme-wrap .tdi_30_222 .td-subcat-item a:hover,\n            .td-theme-wrap .tdi_30_222 .td-subcat-item .td-cur-simple-item {\n                color: #dd3333;\n            }\n\n            .td-theme-wrap .tdi_30_222 .block-title > *,\n            .td-theme-wrap .tdi_30_222 .td-subcat-dropdown:hover .td-subcat-more {\n                background-color: #dd3333;\n            }\n            .td-theme-wrap .td-footer-wrapper .tdi_30_222 .block-title > * {\n                padding: 6px 7px 5px;\n                line-height: 1;\n            }\n\n            .td-theme-wrap .tdi_30_222 .block-title {\n                border-color: #dd3333;\n            }\n\n            \n            .td-theme-wrap .tdi_30_222 .td_module_wrap:hover .entry-title a,\n            .td-theme-wrap .tdi_30_222 .td_quote_on_blocks,\n            .td-theme-wrap .tdi_30_222 .td-opacity-cat .td-post-category:hover,\n            .td-theme-wrap .tdi_30_222 .td-opacity-read .td-read-more a:hover,\n            .td-theme-wrap .tdi_30_222 .td-opacity-author .td-post-author-name a:hover,\n            .td-theme-wrap .tdi_30_222 .td-instagram-user a {\n                color: #dd3333;\n            }\n\n            .td-theme-wrap .tdi_30_222 .td-next-prev-wrap a:hover,\n            .td-theme-wrap .tdi_30_222 .td-load-more-wrap a:hover {\n                background-color: #dd3333;\n                border-color: #dd3333;\n            }\n\n            .td-theme-wrap .tdi_30_222 .td-read-more a,\n            .td-theme-wrap .tdi_30_222 .td-weather-information:before,\n            .td-theme-wrap .tdi_30_222 .td-weather-week:before,\n            .td-theme-wrap .tdi_30_222 .td-exchange-header:before,\n            .td-theme-wrap .td-footer-wrapper .tdi_30_222 .td-post-category,\n            .td-theme-wrap .tdi_30_222 .td-post-category:hover {\n                background-color: #dd3333;\n            }\n<\/style><script>var block_tdi_30_222 = new tdBlock();\nblock_tdi_30_222.id = \"tdi_30_222\";\nblock_tdi_30_222.atts = '{\"custom_title\":\"Internacional\",\"header_color\":\"#dd3333\",\"category_id\":\"7\",\"tag_slug\":\"vxl 64\",\"limit\":\"10\",\"td_filter_default_txt\":\"Todo\",\"block_type\":\"td_block_21\",\"separator\":\"\",\"custom_url\":\"\",\"block_template_id\":\"\",\"m16_tl\":\"\",\"m16_el\":\"\",\"post_ids\":\"\",\"category_ids\":\"\",\"autors_id\":\"\",\"installed_post_types\":\"\",\"sort\":\"\",\"offset\":\"\",\"show_modified_date\":\"\",\"el_class\":\"\",\"td_ajax_filter_type\":\"\",\"td_ajax_filter_ids\":\"\",\"td_ajax_preloading\":\"\",\"f_header_font_header\":\"\",\"f_header_font_title\":\"Block header\",\"f_header_font_settings\":\"\",\"f_header_font_family\":\"\",\"f_header_font_size\":\"\",\"f_header_font_line_height\":\"\",\"f_header_font_style\":\"\",\"f_header_font_weight\":\"\",\"f_header_font_transform\":\"\",\"f_header_font_spacing\":\"\",\"f_header_\":\"\",\"f_ajax_font_title\":\"Ajax categories\",\"f_ajax_font_settings\":\"\",\"f_ajax_font_family\":\"\",\"f_ajax_font_size\":\"\",\"f_ajax_font_line_height\":\"\",\"f_ajax_font_style\":\"\",\"f_ajax_font_weight\":\"\",\"f_ajax_font_transform\":\"\",\"f_ajax_font_spacing\":\"\",\"f_ajax_\":\"\",\"f_more_font_title\":\"Load more button\",\"f_more_font_settings\":\"\",\"f_more_font_family\":\"\",\"f_more_font_size\":\"\",\"f_more_font_line_height\":\"\",\"f_more_font_style\":\"\",\"f_more_font_weight\":\"\",\"f_more_font_transform\":\"\",\"f_more_font_spacing\":\"\",\"f_more_\":\"\",\"m16f_title_font_header\":\"\",\"m16f_title_font_title\":\"Article title\",\"m16f_title_font_settings\":\"\",\"m16f_title_font_family\":\"\",\"m16f_title_font_size\":\"\",\"m16f_title_font_line_height\":\"\",\"m16f_title_font_style\":\"\",\"m16f_title_font_weight\":\"\",\"m16f_title_font_transform\":\"\",\"m16f_title_font_spacing\":\"\",\"m16f_title_\":\"\",\"m16f_cat_font_title\":\"Article category tag\",\"m16f_cat_font_settings\":\"\",\"m16f_cat_font_family\":\"\",\"m16f_cat_font_size\":\"\",\"m16f_cat_font_line_height\":\"\",\"m16f_cat_font_style\":\"\",\"m16f_cat_font_weight\":\"\",\"m16f_cat_font_transform\":\"\",\"m16f_cat_font_spacing\":\"\",\"m16f_cat_\":\"\",\"m16f_meta_font_title\":\"Article meta info\",\"m16f_meta_font_settings\":\"\",\"m16f_meta_font_family\":\"\",\"m16f_meta_font_size\":\"\",\"m16f_meta_font_line_height\":\"\",\"m16f_meta_font_style\":\"\",\"m16f_meta_font_weight\":\"\",\"m16f_meta_font_transform\":\"\",\"m16f_meta_font_spacing\":\"\",\"m16f_meta_\":\"\",\"m16f_ex_font_title\":\"Article excerpt\",\"m16f_ex_font_settings\":\"\",\"m16f_ex_font_family\":\"\",\"m16f_ex_font_size\":\"\",\"m16f_ex_font_line_height\":\"\",\"m16f_ex_font_style\":\"\",\"m16f_ex_font_weight\":\"\",\"m16f_ex_font_transform\":\"\",\"m16f_ex_font_spacing\":\"\",\"m16f_ex_\":\"\",\"ajax_pagination\":\"\",\"ajax_pagination_infinite_stop\":\"\",\"css\":\"\",\"tdc_css\":\"\",\"td_column_number\":2,\"color_preset\":\"\",\"border_top\":\"\",\"class\":\"tdi_30_222\",\"tdc_css_class\":\"tdi_30_222\",\"tdc_css_class_style\":\"tdi_30_222_rand_style\"}';\nblock_tdi_30_222.td_column_number = \"2\";\nblock_tdi_30_222.block_type = \"td_block_21\";\nblock_tdi_30_222.post_count = \"10\";\nblock_tdi_30_222.found_posts = \"25\";\nblock_tdi_30_222.header_color = \"#dd3333\";\nblock_tdi_30_222.ajax_pagination_infinite_stop = \"\";\nblock_tdi_30_222.max_num_pages = \"3\";\ntdBlocksArray.push(block_tdi_30_222);\n<\/script><div class=\"td-block-title-wrap\"><h4 class=\"block-title td-block-title\"><span class=\"td-pulldown-size\">Internacional<\/span><\/h4><\/div><div id=tdi_30_222 class=\"td_block_inner\">\n        <div class=\"td_module_16 td_module_wrap td-animation-stack\">\n            <div class=\"td-module-thumb\"><a href=\"https:\/\/vamosporlaliberacion.org\/crpmlm\/eugenio-cabib-y-juan-telmo-ortiz-presentes\/\" rel=\"bookmark\" class=\"td-image-wrap \" title=\"Eugenio Cabib y Juan Telmo Ortiz, presentes!\" ><img loading=\"lazy\" decoding=\"async\" class=\"entry-thumb\" src=\"\" alt=\"\" title=\"Eugenio Cabib y Juan Telmo Ortiz, presentes!\" data-type=\"image_tag\" data-img-url=\"https:\/\/i0.wp.com\/vamosporlaliberacion.org\/crpmlm\/wp-content\/uploads\/2016\/02\/vxl64-20.jpg?resize=150%2C150&ssl=1\"  width=\"150\" height=\"150\" \/><\/a><\/div>\n            <div class=\"item-details\">\n                <h3 class=\"entry-title td-module-title\"><a href=\"https:\/\/vamosporlaliberacion.org\/crpmlm\/eugenio-cabib-y-juan-telmo-ortiz-presentes\/\" rel=\"bookmark\" title=\"Eugenio Cabib y Juan Telmo Ortiz, presentes!\">Eugenio Cabib y Juan Telmo Ortiz, presentes!<\/a><\/h3>\n                <div class=\"td-module-meta-info\">\n                                        <span class=\"td-post-author-name\"><a href=\"https:\/\/vamosporlaliberacion.org\/crpmlm\/author\/adminvxl\/\">vamos!<\/a> <span>-<\/span> <\/span>                    <span class=\"td-post-date\"><time class=\"entry-date updated td-module-date\" datetime=\"2015-11-11T15:18:39-03:00\" >11 noviembre, 2015<\/time><\/span>                    <span class=\"td-module-comments\"><a href=\"https:\/\/vamosporlaliberacion.org\/crpmlm\/eugenio-cabib-y-juan-telmo-ortiz-presentes\/#respond\">0<\/a><\/span>                <\/div>\n\n                <div class=\"td-excerpt\">\n                    Eugenio Cabib\r\nTen\u00eda 32 a\u00f1os cuando fue secuestrado. Un 11 de noviembre de 1976 irrumpi\u00f3 en su casa de Monserrat, en Capital Federal, un grupo...                <\/div>\n            <\/div>\n\n        <\/div>\n\n        \n        <div class=\"td_module_16 td_module_wrap td-animation-stack\">\n            <div class=\"td-module-thumb\"><a href=\"https:\/\/vamosporlaliberacion.org\/crpmlm\/datos-del-escrutinio\/\" rel=\"bookmark\" class=\"td-image-wrap \" title=\"Datos del escrutinio\" ><img decoding=\"async\" class=\"entry-thumb\" src=\"\"alt=\"\" data-type=\"image_tag\" data-img-url=\"https:\/\/vamosporlaliberacion.org\/crpmlm\/wp-content\/plugins\/td-composer\/legacy\/Newspaper\/assets\/images\/no-thumb\/thumbnail.png\"  width=\"\" height=\"\" \/><\/a><\/div>\n            <div class=\"item-details\">\n                <h3 class=\"entry-title td-module-title\"><a href=\"https:\/\/vamosporlaliberacion.org\/crpmlm\/datos-del-escrutinio\/\" rel=\"bookmark\" title=\"Datos del escrutinio\">Datos del escrutinio<\/a><\/h3>\n                <div class=\"td-module-meta-info\">\n                                        <span class=\"td-post-author-name\"><a href=\"https:\/\/vamosporlaliberacion.org\/crpmlm\/author\/adminvxl\/\">vamos!<\/a> <span>-<\/span> <\/span>                    <span class=\"td-post-date\"><time class=\"entry-date updated td-module-date\" datetime=\"2015-11-11T12:18:37-03:00\" >11 noviembre, 2015<\/time><\/span>                    <span class=\"td-module-comments\"><a href=\"https:\/\/vamosporlaliberacion.org\/crpmlm\/datos-del-escrutinio\/#respond\">0<\/a><\/span>                <\/div>\n\n                <div class=\"td-excerpt\">\n                    De acuerdo a los datos del escrutinio definitivo, el 25 de octubre votaron 26.048.320 personas (80% del padr\u00f3n), lo que arroja unos 2 millones...                <\/div>\n            <\/div>\n\n        <\/div>\n\n        \n        <div class=\"td_module_16 td_module_wrap td-animation-stack\">\n            <div class=\"td-module-thumb\"><a href=\"https:\/\/vamosporlaliberacion.org\/crpmlm\/un-ciclo-de-crecimiento-dependiente-agotado\/\" rel=\"bookmark\" class=\"td-image-wrap \" title=\"Un ciclo de crecimiento dependiente agotado\" ><img loading=\"lazy\" decoding=\"async\" class=\"entry-thumb\" src=\"\" alt=\"\" title=\"Un ciclo de crecimiento dependiente agotado\" data-type=\"image_tag\" data-img-url=\"https:\/\/i0.wp.com\/vamosporlaliberacion.org\/crpmlm\/wp-content\/uploads\/2016\/02\/vxl64-19.jpg?resize=150%2C150&ssl=1\"  width=\"150\" height=\"150\" \/><\/a><\/div>\n            <div class=\"item-details\">\n                <h3 class=\"entry-title td-module-title\"><a href=\"https:\/\/vamosporlaliberacion.org\/crpmlm\/un-ciclo-de-crecimiento-dependiente-agotado\/\" rel=\"bookmark\" title=\"Un ciclo de crecimiento dependiente agotado\">Un ciclo de crecimiento dependiente agotado<\/a><\/h3>\n                <div class=\"td-module-meta-info\">\n                                        <span class=\"td-post-author-name\"><a href=\"https:\/\/vamosporlaliberacion.org\/crpmlm\/author\/adminvxl\/\">vamos!<\/a> <span>-<\/span> <\/span>                    <span class=\"td-post-date\"><time class=\"entry-date updated td-module-date\" datetime=\"2015-11-11T12:18:36-03:00\" >11 noviembre, 2015<\/time><\/span>                    <span class=\"td-module-comments\"><a href=\"https:\/\/vamosporlaliberacion.org\/crpmlm\/un-ciclo-de-crecimiento-dependiente-agotado\/#respond\">0<\/a><\/span>                <\/div>\n\n                <div class=\"td-excerpt\">\n                    El PBI, el \u00edndice de ocupaci\u00f3n de obreros en la industria, el salario real, el saldo de la balanza comercial\u2026 numerosos indicadores econ\u00f3micos manifiestan...                <\/div>\n            <\/div>\n\n        <\/div>\n\n        \n        <div class=\"td_module_16 td_module_wrap td-animation-stack\">\n            <div class=\"td-module-thumb\"><a href=\"https:\/\/vamosporlaliberacion.org\/crpmlm\/un-convenio-fraudulento-para-aplicar-el-ajuste\/\" rel=\"bookmark\" class=\"td-image-wrap \" title=\"Un convenio fraudulento para aplicar el ajuste\" ><img loading=\"lazy\" decoding=\"async\" class=\"entry-thumb\" src=\"\" alt=\"\" title=\"Un convenio fraudulento para aplicar el ajuste\" data-type=\"image_tag\" data-img-url=\"https:\/\/i0.wp.com\/vamosporlaliberacion.org\/crpmlm\/wp-content\/uploads\/2016\/02\/vxl64-18.jpg?resize=150%2C150&ssl=1\"  width=\"150\" height=\"150\" \/><\/a><\/div>\n            <div class=\"item-details\">\n                <h3 class=\"entry-title td-module-title\"><a href=\"https:\/\/vamosporlaliberacion.org\/crpmlm\/un-convenio-fraudulento-para-aplicar-el-ajuste\/\" rel=\"bookmark\" title=\"Un convenio fraudulento para aplicar el ajuste\">Un convenio fraudulento para aplicar el ajuste<\/a><\/h3>\n                <div class=\"td-module-meta-info\">\n                                        <span class=\"td-post-author-name\"><a href=\"https:\/\/vamosporlaliberacion.org\/crpmlm\/author\/adminvxl\/\">vamos!<\/a> <span>-<\/span> <\/span>                    <span class=\"td-post-date\"><time class=\"entry-date updated td-module-date\" datetime=\"2015-11-11T12:03:18-03:00\" >11 noviembre, 2015<\/time><\/span>                    <span class=\"td-module-comments\"><a href=\"https:\/\/vamosporlaliberacion.org\/crpmlm\/un-convenio-fraudulento-para-aplicar-el-ajuste\/#respond\">0<\/a><\/span>                <\/div>\n\n                <div class=\"td-excerpt\">\n                    El pasado 4 de noviembre se realiz\u00f3 una masiva asamblea de m\u00e1s de mil trabajadores del Sarmiento para analizar los pasos a seguir ante...                <\/div>\n            <\/div>\n\n        <\/div>\n\n        \n        <div class=\"td_module_16 td_module_wrap td-animation-stack\">\n            <div class=\"td-module-thumb\"><a href=\"https:\/\/vamosporlaliberacion.org\/crpmlm\/los-trabajadores-del-banco-central-decidieron-salir-a-luchar-y-ganaron\/\" rel=\"bookmark\" class=\"td-image-wrap \" title=\"Los trabajadores del Banco Central decidieron salir a luchar y ganaron\" ><img loading=\"lazy\" decoding=\"async\" class=\"entry-thumb\" src=\"\" alt=\"\" title=\"Los trabajadores del Banco Central decidieron salir a luchar y ganaron\" data-type=\"image_tag\" data-img-url=\"https:\/\/i0.wp.com\/vamosporlaliberacion.org\/crpmlm\/wp-content\/uploads\/2016\/02\/vxl64-17.jpg?resize=150%2C150&ssl=1\"  width=\"150\" height=\"150\" \/><\/a><\/div>\n            <div class=\"item-details\">\n                <h3 class=\"entry-title td-module-title\"><a href=\"https:\/\/vamosporlaliberacion.org\/crpmlm\/los-trabajadores-del-banco-central-decidieron-salir-a-luchar-y-ganaron\/\" rel=\"bookmark\" title=\"Los trabajadores del Banco Central decidieron salir a luchar y ganaron\">Los trabajadores del Banco Central decidieron salir a luchar y ganaron<\/a><\/h3>\n                <div class=\"td-module-meta-info\">\n                                        <span class=\"td-post-author-name\"><a href=\"https:\/\/vamosporlaliberacion.org\/crpmlm\/author\/adminvxl\/\">vamos!<\/a> <span>-<\/span> <\/span>                    <span class=\"td-post-date\"><time class=\"entry-date updated td-module-date\" datetime=\"2015-11-11T12:03:17-03:00\" >11 noviembre, 2015<\/time><\/span>                    <span class=\"td-module-comments\"><a href=\"https:\/\/vamosporlaliberacion.org\/crpmlm\/los-trabajadores-del-banco-central-decidieron-salir-a-luchar-y-ganaron\/#respond\">0<\/a><\/span>                <\/div>\n\n                <div class=\"td-excerpt\">\n                    En medio de un escenario pol\u00edtico complejo, te\u00f1ido por la disputa por el recambio de gobierno, los trabajadores del Banco Central se dispusieron a...                <\/div>\n            <\/div>\n\n        <\/div>\n\n        \n        <div class=\"td_module_16 td_module_wrap td-animation-stack\">\n            <div class=\"td-module-thumb\"><a href=\"https:\/\/vamosporlaliberacion.org\/crpmlm\/precarizados-de-loteria-en-lucha\/\" rel=\"bookmark\" class=\"td-image-wrap \" title=\"Precarizados de Loter\u00eda en lucha\" ><img loading=\"lazy\" decoding=\"async\" class=\"entry-thumb\" src=\"\" alt=\"\" title=\"Precarizados de Loter\u00eda en lucha\" data-type=\"image_tag\" data-img-url=\"https:\/\/i0.wp.com\/vamosporlaliberacion.org\/crpmlm\/wp-content\/uploads\/2016\/02\/vxl64-16.jpg?resize=150%2C150&ssl=1\"  width=\"150\" height=\"150\" \/><\/a><\/div>\n            <div class=\"item-details\">\n                <h3 class=\"entry-title td-module-title\"><a href=\"https:\/\/vamosporlaliberacion.org\/crpmlm\/precarizados-de-loteria-en-lucha\/\" rel=\"bookmark\" title=\"Precarizados de Loter\u00eda en lucha\">Precarizados de Loter\u00eda en lucha<\/a><\/h3>\n                <div class=\"td-module-meta-info\">\n                                        <span class=\"td-post-author-name\"><a href=\"https:\/\/vamosporlaliberacion.org\/crpmlm\/author\/adminvxl\/\">vamos!<\/a> <span>-<\/span> <\/span>                    <span class=\"td-post-date\"><time class=\"entry-date updated td-module-date\" datetime=\"2015-11-11T11:55:41-03:00\" >11 noviembre, 2015<\/time><\/span>                    <span class=\"td-module-comments\"><a href=\"https:\/\/vamosporlaliberacion.org\/crpmlm\/precarizados-de-loteria-en-lucha\/#respond\">0<\/a><\/span>                <\/div>\n\n                <div class=\"td-excerpt\">\n                    Los trabajadores precarizados del Instituto Provincial de Loter\u00eda y Casinos salimos a la calle reclam\u00e1ndole al gobernador Scioli que firme nuestro pase a planta....                <\/div>\n            <\/div>\n\n        <\/div>\n\n        \n        <div class=\"td_module_16 td_module_wrap td-animation-stack\">\n            <div class=\"td-module-thumb\"><a href=\"https:\/\/vamosporlaliberacion.org\/crpmlm\/si-tocan-a-uno-tocan-a-todos\/\" rel=\"bookmark\" class=\"td-image-wrap \" title=\"Si tocan a uno, tocan a todos\" ><img loading=\"lazy\" decoding=\"async\" class=\"entry-thumb\" src=\"\" alt=\"\" title=\"Si tocan a uno, tocan a todos\" data-type=\"image_tag\" data-img-url=\"https:\/\/i0.wp.com\/vamosporlaliberacion.org\/crpmlm\/wp-content\/uploads\/2016\/02\/vxl64-14.jpg?resize=150%2C150&ssl=1\"  width=\"150\" height=\"150\" \/><\/a><\/div>\n            <div class=\"item-details\">\n                <h3 class=\"entry-title td-module-title\"><a href=\"https:\/\/vamosporlaliberacion.org\/crpmlm\/si-tocan-a-uno-tocan-a-todos\/\" rel=\"bookmark\" title=\"Si tocan a uno, tocan a todos\">Si tocan a uno, tocan a todos<\/a><\/h3>\n                <div class=\"td-module-meta-info\">\n                                        <span class=\"td-post-author-name\"><a href=\"https:\/\/vamosporlaliberacion.org\/crpmlm\/author\/adminvxl\/\">vamos!<\/a> <span>-<\/span> <\/span>                    <span class=\"td-post-date\"><time class=\"entry-date updated td-module-date\" datetime=\"2015-11-11T11:55:38-03:00\" >11 noviembre, 2015<\/time><\/span>                    <span class=\"td-module-comments\"><a href=\"https:\/\/vamosporlaliberacion.org\/crpmlm\/si-tocan-a-uno-tocan-a-todos\/#respond\">0<\/a><\/span>                <\/div>\n\n                <div class=\"td-excerpt\">\n                    El juicio oral a 33 trabajadores docentes y camioneros, que tiene el claro objetivo de amedrentamiento hacia los trabajadores que vienen enfrentando el ajuste...                <\/div>\n            <\/div>\n\n        <\/div>\n\n        \n        <div class=\"td_module_16 td_module_wrap td-animation-stack\">\n            <div class=\"td-module-thumb\"><a href=\"https:\/\/vamosporlaliberacion.org\/crpmlm\/pretenden-que-bajemos-la-cabeza\/\" rel=\"bookmark\" class=\"td-image-wrap \" title=\"\u201cPretenden que bajemos la cabeza\u201d\" ><img loading=\"lazy\" decoding=\"async\" class=\"entry-thumb\" src=\"\" alt=\"\" title=\"\u201cPretenden que bajemos la cabeza\u201d\" data-type=\"image_tag\" data-img-url=\"https:\/\/i0.wp.com\/vamosporlaliberacion.org\/crpmlm\/wp-content\/uploads\/2016\/02\/vxl64-13.jpg?resize=150%2C150&ssl=1\"  width=\"150\" height=\"150\" \/><\/a><\/div>\n            <div class=\"item-details\">\n                <h3 class=\"entry-title td-module-title\"><a href=\"https:\/\/vamosporlaliberacion.org\/crpmlm\/pretenden-que-bajemos-la-cabeza\/\" rel=\"bookmark\" title=\"\u201cPretenden que bajemos la cabeza\u201d\">\u201cPretenden que bajemos la cabeza\u201d<\/a><\/h3>\n                <div class=\"td-module-meta-info\">\n                                        <span class=\"td-post-author-name\"><a href=\"https:\/\/vamosporlaliberacion.org\/crpmlm\/author\/adminvxl\/\">vamos!<\/a> <span>-<\/span> <\/span>                    <span class=\"td-post-date\"><time class=\"entry-date updated td-module-date\" datetime=\"2015-11-11T11:55:36-03:00\" >11 noviembre, 2015<\/time><\/span>                    <span class=\"td-module-comments\"><a href=\"https:\/\/vamosporlaliberacion.org\/crpmlm\/pretenden-que-bajemos-la-cabeza\/#respond\">0<\/a><\/span>                <\/div>\n\n                <div class=\"td-excerpt\">\n                    \u201cDeclaro mi inocencia y la inocencia de todos los compa\u00f1eros que est\u00e1n siendo injustamente llevados a proceso. Pero el solo hecho de pasar por...                <\/div>\n            <\/div>\n\n        <\/div>\n\n        \n        <div class=\"td_module_16 td_module_wrap td-animation-stack\">\n            <div class=\"td-module-thumb\"><a href=\"https:\/\/vamosporlaliberacion.org\/crpmlm\/desde-el-obelisco-a-la-casa-de-tierra-del-fuego\/\" rel=\"bookmark\" class=\"td-image-wrap \" title=\"Desde el Obelisco a la Casa de Tierra del Fuego\" ><img loading=\"lazy\" decoding=\"async\" class=\"entry-thumb\" src=\"\" alt=\"\" title=\"Desde el Obelisco a la Casa de Tierra del Fuego\" data-type=\"image_tag\" data-img-url=\"https:\/\/i0.wp.com\/vamosporlaliberacion.org\/crpmlm\/wp-content\/uploads\/2016\/02\/vxl64-12.jpg?resize=150%2C150&ssl=1\"  width=\"150\" height=\"150\" \/><\/a><\/div>\n            <div class=\"item-details\">\n                <h3 class=\"entry-title td-module-title\"><a href=\"https:\/\/vamosporlaliberacion.org\/crpmlm\/desde-el-obelisco-a-la-casa-de-tierra-del-fuego\/\" rel=\"bookmark\" title=\"Desde el Obelisco a la Casa de Tierra del Fuego\">Desde el Obelisco a la Casa de Tierra del Fuego<\/a><\/h3>\n                <div class=\"td-module-meta-info\">\n                                        <span class=\"td-post-author-name\"><a href=\"https:\/\/vamosporlaliberacion.org\/crpmlm\/author\/adminvxl\/\">vamos!<\/a> <span>-<\/span> <\/span>                    <span class=\"td-post-date\"><time class=\"entry-date updated td-module-date\" datetime=\"2015-11-11T11:45:07-03:00\" >11 noviembre, 2015<\/time><\/span>                    <span class=\"td-module-comments\"><a href=\"https:\/\/vamosporlaliberacion.org\/crpmlm\/desde-el-obelisco-a-la-casa-de-tierra-del-fuego\/#respond\">0<\/a><\/span>                <\/div>\n\n                <div class=\"td-excerpt\">\n                    Mientras en la provincia fueguina el paro fue total en repudio al juicio farsa contra 33 trabajadores docentes y camioneros, por la ma\u00f1ana del...                <\/div>\n            <\/div>\n\n        <\/div>\n\n        \n        <div class=\"td_module_16 td_module_wrap td-animation-stack\">\n            <div class=\"td-module-thumb\"><a href=\"https:\/\/vamosporlaliberacion.org\/crpmlm\/nieto-recuperado-no118\/\" rel=\"bookmark\" class=\"td-image-wrap \" title=\"Nieto recuperado N\u00ba118\" ><img loading=\"lazy\" decoding=\"async\" class=\"entry-thumb\" src=\"\" alt=\"\" title=\"Nieto recuperado N\u00ba118\" data-type=\"image_tag\" data-img-url=\"https:\/\/i0.wp.com\/vamosporlaliberacion.org\/crpmlm\/wp-content\/uploads\/2016\/02\/vxl64-10.jpg?resize=150%2C150&ssl=1\"  width=\"150\" height=\"150\" \/><\/a><\/div>\n            <div class=\"item-details\">\n                <h3 class=\"entry-title td-module-title\"><a href=\"https:\/\/vamosporlaliberacion.org\/crpmlm\/nieto-recuperado-no118\/\" rel=\"bookmark\" title=\"Nieto recuperado N\u00ba118\">Nieto recuperado N\u00ba118<\/a><\/h3>\n                <div class=\"td-module-meta-info\">\n                                        <span class=\"td-post-author-name\"><a href=\"https:\/\/vamosporlaliberacion.org\/crpmlm\/author\/adminvxl\/\">vamos!<\/a> <span>-<\/span> <\/span>                    <span class=\"td-post-date\"><time class=\"entry-date updated td-module-date\" datetime=\"2015-11-11T11:45:04-03:00\" >11 noviembre, 2015<\/time><\/span>                    <span class=\"td-module-comments\"><a href=\"https:\/\/vamosporlaliberacion.org\/crpmlm\/nieto-recuperado-no118\/#respond\">0<\/a><\/span>                <\/div>\n\n                <div class=\"td-excerpt\">\n                    &quot;\u00bfPor qu\u00e9 no? Sos mi abuela&quot;, respondi\u00f3 cuando Delia Giovanola le pregunt\u00f3 si estaba seguro que quer\u00eda hablar de nuevo. Delia, una de las...                <\/div>\n            <\/div>\n\n        <\/div>\n\n        <\/div><\/div> <!-- .\/block --><\/div><\/div><\/div><\/div>\n<!-- AddThis Advanced Settings generic via filter on the_content --><!-- AddThis Share Buttons generic via filter on the_content -->","protected":false},"excerpt":{"rendered":"<p><!-- AddThis Advanced Settings generic via filter on get_the_excerpt --><!-- AddThis Share Buttons generic via filter on get_the_excerpt --><\/p>\n","protected":false},"author":6,"featured_media":3954,"comment_status":"open","ping_status":"open","sticky":false,"template":"","format":"standard","meta":{"_jetpack_memberships_contains_paid_content":false,"footnotes":""},"categories":[22],"tags":[],"class_list":{"0":"post-3950","1":"post","2":"type-post","3":"status-publish","4":"format-standard","5":"has-post-thumbnail","7":"category-vamos"},"yoast_head":"<!-- This site is optimized with the Yoast SEO plugin v27.4 - https:\/\/yoast.com\/product\/yoast-seo-wordpress\/ -->\n<title>Vamos por la Liberaci\u00f3n! N\u00b0 64 - Vamos por la Liberaci\u00f3n<\/title>\n<meta name=\"robots\" content=\"index, follow, max-snippet:-1, max-image-preview:large, max-video-preview:-1\" \/>\n<link rel=\"canonical\" href=\"http:\/\/vamosporlaliberacion.org\/crpmlm\/vamos-por-la-liberacion-n-64\/\" \/>\n<meta name=\"twitter:label1\" content=\"Escrito por\" \/>\n\t<meta name=\"twitter:data1\" content=\"vamos!\" \/>\n\t<meta name=\"twitter:label2\" content=\"Tiempo de lectura\" \/>\n\t<meta name=\"twitter:data2\" content=\"2 minutos\" \/>\n<script type=\"application\/ld+json\" class=\"yoast-schema-graph\">{\"@context\":\"https:\\\/\\\/schema.org\",\"@graph\":[{\"@type\":\"Article\",\"@id\":\"http:\\\/\\\/vamosporlaliberacion.org\\\/crpmlm\\\/vamos-por-la-liberacion-n-64\\\/#article\",\"isPartOf\":{\"@id\":\"http:\\\/\\\/vamosporlaliberacion.org\\\/crpmlm\\\/vamos-por-la-liberacion-n-64\\\/\"},\"author\":{\"name\":\"vamos!\",\"@id\":\"https:\\\/\\\/vamosporlaliberacion.org\\\/crpmlm\\\/#\\\/schema\\\/person\\\/d6eac7758df3770dae9cd9eb104d615c\"},\"headline\":\"Vamos por la Liberaci\u00f3n! N\u00b0 64\",\"datePublished\":\"2015-11-11T15:25:35+00:00\",\"dateModified\":\"2016-02-03T15:59:07+00:00\",\"mainEntityOfPage\":{\"@id\":\"http:\\\/\\\/vamosporlaliberacion.org\\\/crpmlm\\\/vamos-por-la-liberacion-n-64\\\/\"},\"wordCount\":362,\"commentCount\":0,\"image\":{\"@id\":\"http:\\\/\\\/vamosporlaliberacion.org\\\/crpmlm\\\/vamos-por-la-liberacion-n-64\\\/#primaryimage\"},\"thumbnailUrl\":\"https:\\\/\\\/i0.wp.com\\\/vamosporlaliberacion.org\\\/crpmlm\\\/wp-content\\\/uploads\\\/2015\\\/11\\\/thumbail-vxl64.jpg?fit=324%2C235&ssl=1\",\"articleSection\":[\"Vamos!\"],\"inLanguage\":\"es\",\"potentialAction\":[{\"@type\":\"CommentAction\",\"name\":\"Comment\",\"target\":[\"http:\\\/\\\/vamosporlaliberacion.org\\\/crpmlm\\\/vamos-por-la-liberacion-n-64\\\/#respond\"]}]},{\"@type\":\"WebPage\",\"@id\":\"http:\\\/\\\/vamosporlaliberacion.org\\\/crpmlm\\\/vamos-por-la-liberacion-n-64\\\/\",\"url\":\"http:\\\/\\\/vamosporlaliberacion.org\\\/crpmlm\\\/vamos-por-la-liberacion-n-64\\\/\",\"name\":\"Vamos por la Liberaci\u00f3n! N\u00b0 64 - Vamos por la Liberaci\u00f3n\",\"isPartOf\":{\"@id\":\"https:\\\/\\\/vamosporlaliberacion.org\\\/crpmlm\\\/#website\"},\"primaryImageOfPage\":{\"@id\":\"http:\\\/\\\/vamosporlaliberacion.org\\\/crpmlm\\\/vamos-por-la-liberacion-n-64\\\/#primaryimage\"},\"image\":{\"@id\":\"http:\\\/\\\/vamosporlaliberacion.org\\\/crpmlm\\\/vamos-por-la-liberacion-n-64\\\/#primaryimage\"},\"thumbnailUrl\":\"https:\\\/\\\/i0.wp.com\\\/vamosporlaliberacion.org\\\/crpmlm\\\/wp-content\\\/uploads\\\/2015\\\/11\\\/thumbail-vxl64.jpg?fit=324%2C235&ssl=1\",\"datePublished\":\"2015-11-11T15:25:35+00:00\",\"dateModified\":\"2016-02-03T15:59:07+00:00\",\"author\":{\"@id\":\"https:\\\/\\\/vamosporlaliberacion.org\\\/crpmlm\\\/#\\\/schema\\\/person\\\/d6eac7758df3770dae9cd9eb104d615c\"},\"breadcrumb\":{\"@id\":\"http:\\\/\\\/vamosporlaliberacion.org\\\/crpmlm\\\/vamos-por-la-liberacion-n-64\\\/#breadcrumb\"},\"inLanguage\":\"es\",\"potentialAction\":[{\"@type\":\"ReadAction\",\"target\":[\"http:\\\/\\\/vamosporlaliberacion.org\\\/crpmlm\\\/vamos-por-la-liberacion-n-64\\\/\"]}]},{\"@type\":\"ImageObject\",\"inLanguage\":\"es\",\"@id\":\"http:\\\/\\\/vamosporlaliberacion.org\\\/crpmlm\\\/vamos-por-la-liberacion-n-64\\\/#primaryimage\",\"url\":\"https:\\\/\\\/i0.wp.com\\\/vamosporlaliberacion.org\\\/crpmlm\\\/wp-content\\\/uploads\\\/2015\\\/11\\\/thumbail-vxl64.jpg?fit=324%2C235&ssl=1\",\"contentUrl\":\"https:\\\/\\\/i0.wp.com\\\/vamosporlaliberacion.org\\\/crpmlm\\\/wp-content\\\/uploads\\\/2015\\\/11\\\/thumbail-vxl64.jpg?fit=324%2C235&ssl=1\",\"width\":324,\"height\":235},{\"@type\":\"BreadcrumbList\",\"@id\":\"http:\\\/\\\/vamosporlaliberacion.org\\\/crpmlm\\\/vamos-por-la-liberacion-n-64\\\/#breadcrumb\",\"itemListElement\":[{\"@type\":\"ListItem\",\"position\":1,\"name\":\"Portada\",\"item\":\"https:\\\/\\\/vamosporlaliberacion.org\\\/crpmlm\\\/\"},{\"@type\":\"ListItem\",\"position\":2,\"name\":\"Vamos por la Liberaci\u00f3n! N\u00b0 64\"}]},{\"@type\":\"WebSite\",\"@id\":\"https:\\\/\\\/vamosporlaliberacion.org\\\/crpmlm\\\/#website\",\"url\":\"https:\\\/\\\/vamosporlaliberacion.org\\\/crpmlm\\\/\",\"name\":\"Vamos por la Liberaci\u00f3n\",\"description\":\"Prensa CR\",\"potentialAction\":[{\"@type\":\"SearchAction\",\"target\":{\"@type\":\"EntryPoint\",\"urlTemplate\":\"https:\\\/\\\/vamosporlaliberacion.org\\\/crpmlm\\\/?s={search_term_string}\"},\"query-input\":{\"@type\":\"PropertyValueSpecification\",\"valueRequired\":true,\"valueName\":\"search_term_string\"}}],\"inLanguage\":\"es\"},{\"@type\":\"Person\",\"@id\":\"https:\\\/\\\/vamosporlaliberacion.org\\\/crpmlm\\\/#\\\/schema\\\/person\\\/d6eac7758df3770dae9cd9eb104d615c\",\"name\":\"vamos!\",\"url\":\"https:\\\/\\\/vamosporlaliberacion.org\\\/crpmlm\\\/author\\\/adminvxl\\\/\"}]}<\/script>\n<!-- \/ Yoast SEO plugin. -->","yoast_head_json":{"title":"Vamos por la Liberaci\u00f3n! N\u00b0 64 - Vamos por la Liberaci\u00f3n","robots":{"index":"index","follow":"follow","max-snippet":"max-snippet:-1","max-image-preview":"max-image-preview:large","max-video-preview":"max-video-preview:-1"},"canonical":"http:\/\/vamosporlaliberacion.org\/crpmlm\/vamos-por-la-liberacion-n-64\/","twitter_misc":{"Escrito por":"vamos!","Tiempo de lectura":"2 minutos"},"schema":{"@context":"https:\/\/schema.org","@graph":[{"@type":"Article","@id":"http:\/\/vamosporlaliberacion.org\/crpmlm\/vamos-por-la-liberacion-n-64\/#article","isPartOf":{"@id":"http:\/\/vamosporlaliberacion.org\/crpmlm\/vamos-por-la-liberacion-n-64\/"},"author":{"name":"vamos!","@id":"https:\/\/vamosporlaliberacion.org\/crpmlm\/#\/schema\/person\/d6eac7758df3770dae9cd9eb104d615c"},"headline":"Vamos por la Liberaci\u00f3n! N\u00b0 64","datePublished":"2015-11-11T15:25:35+00:00","dateModified":"2016-02-03T15:59:07+00:00","mainEntityOfPage":{"@id":"http:\/\/vamosporlaliberacion.org\/crpmlm\/vamos-por-la-liberacion-n-64\/"},"wordCount":362,"commentCount":0,"image":{"@id":"http:\/\/vamosporlaliberacion.org\/crpmlm\/vamos-por-la-liberacion-n-64\/#primaryimage"},"thumbnailUrl":"https:\/\/i0.wp.com\/vamosporlaliberacion.org\/crpmlm\/wp-content\/uploads\/2015\/11\/thumbail-vxl64.jpg?fit=324%2C235&ssl=1","articleSection":["Vamos!"],"inLanguage":"es","potentialAction":[{"@type":"CommentAction","name":"Comment","target":["http:\/\/vamosporlaliberacion.org\/crpmlm\/vamos-por-la-liberacion-n-64\/#respond"]}]},{"@type":"WebPage","@id":"http:\/\/vamosporlaliberacion.org\/crpmlm\/vamos-por-la-liberacion-n-64\/","url":"http:\/\/vamosporlaliberacion.org\/crpmlm\/vamos-por-la-liberacion-n-64\/","name":"Vamos por la Liberaci\u00f3n! N\u00b0 64 - Vamos por la Liberaci\u00f3n","isPartOf":{"@id":"https:\/\/vamosporlaliberacion.org\/crpmlm\/#website"},"primaryImageOfPage":{"@id":"http:\/\/vamosporlaliberacion.org\/crpmlm\/vamos-por-la-liberacion-n-64\/#primaryimage"},"image":{"@id":"http:\/\/vamosporlaliberacion.org\/crpmlm\/vamos-por-la-liberacion-n-64\/#primaryimage"},"thumbnailUrl":"https:\/\/i0.wp.com\/vamosporlaliberacion.org\/crpmlm\/wp-content\/uploads\/2015\/11\/thumbail-vxl64.jpg?fit=324%2C235&ssl=1","datePublished":"2015-11-11T15:25:35+00:00","dateModified":"2016-02-03T15:59:07+00:00","author":{"@id":"https:\/\/vamosporlaliberacion.org\/crpmlm\/#\/schema\/person\/d6eac7758df3770dae9cd9eb104d615c"},"breadcrumb":{"@id":"http:\/\/vamosporlaliberacion.org\/crpmlm\/vamos-por-la-liberacion-n-64\/#breadcrumb"},"inLanguage":"es","potentialAction":[{"@type":"ReadAction","target":["http:\/\/vamosporlaliberacion.org\/crpmlm\/vamos-por-la-liberacion-n-64\/"]}]},{"@type":"ImageObject","inLanguage":"es","@id":"http:\/\/vamosporlaliberacion.org\/crpmlm\/vamos-por-la-liberacion-n-64\/#primaryimage","url":"https:\/\/i0.wp.com\/vamosporlaliberacion.org\/crpmlm\/wp-content\/uploads\/2015\/11\/thumbail-vxl64.jpg?fit=324%2C235&ssl=1","contentUrl":"https:\/\/i0.wp.com\/vamosporlaliberacion.org\/crpmlm\/wp-content\/uploads\/2015\/11\/thumbail-vxl64.jpg?fit=324%2C235&ssl=1","width":324,"height":235},{"@type":"BreadcrumbList","@id":"http:\/\/vamosporlaliberacion.org\/crpmlm\/vamos-por-la-liberacion-n-64\/#breadcrumb","itemListElement":[{"@type":"ListItem","position":1,"name":"Portada","item":"https:\/\/vamosporlaliberacion.org\/crpmlm\/"},{"@type":"ListItem","position":2,"name":"Vamos por la Liberaci\u00f3n! N\u00b0 64"}]},{"@type":"WebSite","@id":"https:\/\/vamosporlaliberacion.org\/crpmlm\/#website","url":"https:\/\/vamosporlaliberacion.org\/crpmlm\/","name":"Vamos por la Liberaci\u00f3n","description":"Prensa CR","potentialAction":[{"@type":"SearchAction","target":{"@type":"EntryPoint","urlTemplate":"https:\/\/vamosporlaliberacion.org\/crpmlm\/?s={search_term_string}"},"query-input":{"@type":"PropertyValueSpecification","valueRequired":true,"valueName":"search_term_string"}}],"inLanguage":"es"},{"@type":"Person","@id":"https:\/\/vamosporlaliberacion.org\/crpmlm\/#\/schema\/person\/d6eac7758df3770dae9cd9eb104d615c","name":"vamos!","url":"https:\/\/vamosporlaliberacion.org\/crpmlm\/author\/adminvxl\/"}]}},"jetpack_featured_media_url":"https:\/\/i0.wp.com\/vamosporlaliberacion.org\/crpmlm\/wp-content\/uploads\/2015\/11\/thumbail-vxl64.jpg?fit=324%2C235&ssl=1","jetpack_sharing_enabled":true,"_links":{"self":[{"href":"https:\/\/vamosporlaliberacion.org\/crpmlm\/wp-json\/wp\/v2\/posts\/3950","targetHints":{"allow":["GET"]}}],"collection":[{"href":"https:\/\/vamosporlaliberacion.org\/crpmlm\/wp-json\/wp\/v2\/posts"}],"about":[{"href":"https:\/\/vamosporlaliberacion.org\/crpmlm\/wp-json\/wp\/v2\/types\/post"}],"author":[{"embeddable":true,"href":"https:\/\/vamosporlaliberacion.org\/crpmlm\/wp-json\/wp\/v2\/users\/6"}],"replies":[{"embeddable":true,"href":"https:\/\/vamosporlaliberacion.org\/crpmlm\/wp-json\/wp\/v2\/comments?post=3950"}],"version-history":[{"count":0,"href":"https:\/\/vamosporlaliberacion.org\/crpmlm\/wp-json\/wp\/v2\/posts\/3950\/revisions"}],"wp:featuredmedia":[{"embeddable":true,"href":"https:\/\/vamosporlaliberacion.org\/crpmlm\/wp-json\/wp\/v2\/media\/3954"}],"wp:attachment":[{"href":"https:\/\/vamosporlaliberacion.org\/crpmlm\/wp-json\/wp\/v2\/media?parent=3950"}],"wp:term":[{"taxonomy":"category","embeddable":true,"href":"https:\/\/vamosporlaliberacion.org\/crpmlm\/wp-json\/wp\/v2\/categories?post=3950"},{"taxonomy":"post_tag","embeddable":true,"href":"https:\/\/vamosporlaliberacion.org\/crpmlm\/wp-json\/wp\/v2\/tags?post=3950"}],"curies":[{"name":"wp","href":"https:\/\/api.w.org\/{rel}","templated":true}]}}