{"id":3914,"date":"2015-11-11T14:55:38","date_gmt":"2015-11-11T14:55:38","guid":{"rendered":"http:\/\/vamosporlaliberacion.org\/crpmlm\/?p=3914"},"modified":"2016-02-03T15:01:43","modified_gmt":"2016-02-03T15:01:43","slug":"si-tocan-a-uno-tocan-a-todos","status":"publish","type":"post","link":"https:\/\/vamosporlaliberacion.org\/crpmlm\/si-tocan-a-uno-tocan-a-todos\/","title":{"rendered":"Si tocan a uno, tocan a todos"},"content":{"rendered":"<p>El juicio oral a 33 trabajadores docentes y camioneros, que tiene el claro objetivo de amedrentamiento hacia los trabajadores que vienen enfrentando el ajuste y las p\u00e9simas condiciones laborales llevado adelante por el gobierno de Fabiana R\u00edos, tambi\u00e9n muestra el grado de acuerdo con el gobierno electo del FpV, que en silencio espera la condena a los dirigentes sindicales.<\/p>\n<p>La movilizaci\u00f3n y el contundente paro que acompa\u00f1a el juicio-farsa, as\u00ed como las innumerables muestras de solidaridad, muestran la clara voluntad popular de no dejar pasar este pretendido escarnio. \u00c9sta es la mejor herramienta frente a la profundizaci\u00f3n del ajuste y la dependencia que se profundizar\u00e1, ya sea con Scioli o con Macri.<\/p>\n<p>Este juicio ya se transform\u00f3 en la primera se\u00f1al por parte de los trabajadores en la nueva etapa que se abre en nuestro pa\u00eds: o se est\u00e1 con la profundizaci\u00f3n del ajuste y la dependencia o se lo enfrenta.<\/p>\n<p>El mi\u00e9rcoles 4\/11 comenzaron las indagatorias a los 33 docentes y camioneros en Ushuaia, acompa\u00f1ados de un contundente paro provincial. Una gran ovaci\u00f3n se produjo cuando docentes y camioneros ingresaron a Tribunales. La manifestaci\u00f3n se qued\u00f3 afuera, bajo la lluvia y el viento haciendo llegar su presencia en el interior de la sala de juicio con los bombos y los c\u00e1nticos. Desde todo el pa\u00eds llegaron las adhesiones y dirigentes sindicales y pol\u00edticos viajaron a la isla para el inicio del juicio.<br \/>\nEl recinto alberga a los 33 imputados, jueces, fiscales, querellantes y defensa. El p\u00fablico se limit\u00f3 a 24 asientos y 18 asientos destinados a la prensa. Adem\u00e1s del descomunal operativo policial en las afueras del tribunal y una cantidad exagerada de uniformados armados dentro del recinto, seis polic\u00edas de civil ocupaban lugares destinados al p\u00fablico.<br \/>\nDe inicio, tanto el defensor de camioneros como el de docentes pidieron la nulidad del juicio argumentando, largamente y con jurisprudencia, que la actuaci\u00f3n de la fiscal\u00eda no era clara, sino difusa y general al presentar los cargos y las conductas en que incurrieron supuestamente los procesados. Esto no respeta el derecho a defensa en juicio ya que es imposible preparar una defensa si no se conoce con exactitud y con precisi\u00f3n de qu\u00e9 se acusa al defendido. El pedido fue negado en tr\u00e1mite expr\u00e9s por el tribunal.<br \/>\nPero a lo largo de las tres jornadas que siguieron, lo que se fue demostrando fue no s\u00f3lo la inconsistencia de las acusaciones, sino tambi\u00e9n la falta absoluta de imparcialidad por parte del juez.<\/p>\n<p>Docente:\u2014Cuando se me imputa que utilic\u00e9 matafuegos&#8230; yo quer\u00eda saber, \u00bfde qu\u00e9 forma utilic\u00e9 el matafuegos?<br \/>\nJuez:\u2014No lo dice concretamente ac\u00e1 [en la imputaci\u00f3n del fiscal]. Supongo que&#8230; No puedo decirle c\u00f3mo la us\u00f3. No lo s\u00e9 pero supongo yo que habr\u00e1 sido abri\u00e9ndolo y desparramando el&#8230; no s\u00e9&#8230; Dr. \u00bfusted se acuerda? [dirigi\u00e9ndose al fiscal]<br \/>\nFiscal: \u2014Yo no recuerdo&#8230;<\/p>\n<p>Juez: \u2014Tampoco lo recuerda&#8230; B\u00e1sicamente es el uso del matafuegos entonces&#8230;<br \/>\nEl fiscal \u00abno recuerda\u00bb las acusaciones que hace. La \u00abJusticia\u00bb despliega un descomunal dispositivo policial para escucharlo. Con s\u00f3lo una pregunta el imputado se transform\u00f3 en denunciante; y el fiscal en acusado.<\/p>\n<p>A los camioneros se les neg\u00f3 que pudieran mantener su abogado, ya que no pudo estar presente porque deb\u00eda ser operado. Normalmente, la fecha de audiencia se consens\u00faa y se busca que los acusados puedan ser adecuadamente defendidos. Pero el apuro muestra los intereses detr\u00e1s de esta \u00abJusticia\u00bb. Por este motivo los camioneros se negaron a declarar. Fuentes judiciales afirman que para principios de diciembre ya estar\u00eda la sentencia, antes de que asuma la gobernadora electa Rosana Bertone (FpV).<\/p>\n<p>SUTEF afirma que \u201chasta los periodistas con mayores diferencias pol\u00edticas con el sindicato docente admiten que la Justicia est\u00e1 cediendo ante la presi\u00f3n del poder pol\u00edtico al adelantar la fecha del juicio\u201d, y concluye que \u201cse utiliza pol\u00edticamente este juicio para amedrentar a toda la clase trabajadora e intentar desmovilizarla para poder ajustar en salarios y condiciones laborales\u201d.<br \/>\nEl mismo d\u00eda que se inici\u00f3 el juicio se conoci\u00f3 que Fabiana R\u00edos firm\u00f3 el decreto de pase a planta permanente en el Poder Judicial de la hija de este juez. Tambi\u00e9n se conocieron otros ingresos a planta permanente ligados al tribunal. Por otro lado, Fabiana R\u00edos hizo p\u00fablico su apoyo a la candidatura de Daniel Scioli en el balotaje, referente de la gobernadora electa. Demasiadas \u00abcasualidades\u00bb.<\/p>\n<p>El \u00faltimo en declarar en la primera semana fue Horacio Catena, el secretario general de SUTEF y de la CTA Aut\u00f3noma. \u201cDeclaro mi inocencia y la de todos los compa\u00f1eros\u201d, sostuvo. Al cierre de esta edici\u00f3n se preparaban m\u00e1s medidas para denunciar la criminalizaci\u00f3n de la protesta social y reclamar por la absoluci\u00f3n.<\/p>\n<!-- AddThis Advanced Settings generic via filter on the_content --><!-- AddThis Share Buttons generic via filter on the_content -->","protected":false},"excerpt":{"rendered":"<p>El juicio oral a 33 trabajadores docentes y camioneros, que tiene el claro objetivo de amedrentamiento hacia los trabajadores que vienen enfrentando el ajuste y las p\u00e9simas condiciones laborales llevado adelante por el gobierno de Fabiana R\u00edos, tambi\u00e9n muestra el grado de acuerdo con el gobierno electo del FpV, que en silencio espera la condena [&hellip;]<!-- AddThis Advanced Settings generic via filter on get_the_excerpt --><!-- AddThis Share Buttons generic via filter on get_the_excerpt --><\/p>\n","protected":false},"author":6,"featured_media":3923,"comment_status":"open","ping_status":"open","sticky":false,"template":"","format":"standard","meta":{"_jetpack_memberships_contains_paid_content":false,"footnotes":""},"categories":[1699],"tags":[474,242,251,469],"class_list":{"0":"post-3914","1":"post","2":"type-post","3":"status-publish","4":"format-standard","5":"has-post-thumbnail","7":"category-noticias","8":"tag-criminalizacion-de-la-protesta-social","9":"tag-sutef","10":"tag-tierra-del-fuego","11":"tag-vxl-64"},"yoast_head":"<!-- This site is optimized with the Yoast SEO plugin v27.4 - https:\/\/yoast.com\/product\/yoast-seo-wordpress\/ -->\n<title>Si tocan a uno, tocan a todos - Vamos por la Liberaci\u00f3n<\/title>\n<meta name=\"robots\" content=\"index, follow, max-snippet:-1, max-image-preview:large, max-video-preview:-1\" \/>\n<link rel=\"canonical\" href=\"http:\/\/vamosporlaliberacion.org\/crpmlm\/si-tocan-a-uno-tocan-a-todos\/\" \/>\n<meta name=\"twitter:label1\" content=\"Escrito por\" \/>\n\t<meta name=\"twitter:data1\" content=\"vamos!\" \/>\n\t<meta name=\"twitter:label2\" content=\"Tiempo de lectura\" \/>\n\t<meta name=\"twitter:data2\" content=\"4 minutos\" \/>\n<script type=\"application\/ld+json\" class=\"yoast-schema-graph\">{\"@context\":\"https:\\\/\\\/schema.org\",\"@graph\":[{\"@type\":\"Article\",\"@id\":\"http:\\\/\\\/vamosporlaliberacion.org\\\/crpmlm\\\/si-tocan-a-uno-tocan-a-todos\\\/#article\",\"isPartOf\":{\"@id\":\"http:\\\/\\\/vamosporlaliberacion.org\\\/crpmlm\\\/si-tocan-a-uno-tocan-a-todos\\\/\"},\"author\":{\"name\":\"vamos!\",\"@id\":\"https:\\\/\\\/vamosporlaliberacion.org\\\/crpmlm\\\/#\\\/schema\\\/person\\\/d6eac7758df3770dae9cd9eb104d615c\"},\"headline\":\"Si tocan a uno, tocan a todos\",\"datePublished\":\"2015-11-11T14:55:38+00:00\",\"dateModified\":\"2016-02-03T15:01:43+00:00\",\"mainEntityOfPage\":{\"@id\":\"http:\\\/\\\/vamosporlaliberacion.org\\\/crpmlm\\\/si-tocan-a-uno-tocan-a-todos\\\/\"},\"wordCount\":826,\"commentCount\":0,\"image\":{\"@id\":\"http:\\\/\\\/vamosporlaliberacion.org\\\/crpmlm\\\/si-tocan-a-uno-tocan-a-todos\\\/#primaryimage\"},\"thumbnailUrl\":\"https:\\\/\\\/i0.wp.com\\\/vamosporlaliberacion.org\\\/crpmlm\\\/wp-content\\\/uploads\\\/2016\\\/02\\\/vxl64-14.jpg?fit=696%2C469&ssl=1\",\"keywords\":[\"criminalizaci\u00f3n de la protesta social\",\"Sutef\",\"Tierra del Fuego\",\"vxl 64\"],\"articleSection\":[\"Noticias\"],\"inLanguage\":\"es\",\"potentialAction\":[{\"@type\":\"CommentAction\",\"name\":\"Comment\",\"target\":[\"http:\\\/\\\/vamosporlaliberacion.org\\\/crpmlm\\\/si-tocan-a-uno-tocan-a-todos\\\/#respond\"]}]},{\"@type\":\"WebPage\",\"@id\":\"http:\\\/\\\/vamosporlaliberacion.org\\\/crpmlm\\\/si-tocan-a-uno-tocan-a-todos\\\/\",\"url\":\"http:\\\/\\\/vamosporlaliberacion.org\\\/crpmlm\\\/si-tocan-a-uno-tocan-a-todos\\\/\",\"name\":\"Si tocan a uno, tocan a todos - Vamos por la Liberaci\u00f3n\",\"isPartOf\":{\"@id\":\"https:\\\/\\\/vamosporlaliberacion.org\\\/crpmlm\\\/#website\"},\"primaryImageOfPage\":{\"@id\":\"http:\\\/\\\/vamosporlaliberacion.org\\\/crpmlm\\\/si-tocan-a-uno-tocan-a-todos\\\/#primaryimage\"},\"image\":{\"@id\":\"http:\\\/\\\/vamosporlaliberacion.org\\\/crpmlm\\\/si-tocan-a-uno-tocan-a-todos\\\/#primaryimage\"},\"thumbnailUrl\":\"https:\\\/\\\/i0.wp.com\\\/vamosporlaliberacion.org\\\/crpmlm\\\/wp-content\\\/uploads\\\/2016\\\/02\\\/vxl64-14.jpg?fit=696%2C469&ssl=1\",\"datePublished\":\"2015-11-11T14:55:38+00:00\",\"dateModified\":\"2016-02-03T15:01:43+00:00\",\"author\":{\"@id\":\"https:\\\/\\\/vamosporlaliberacion.org\\\/crpmlm\\\/#\\\/schema\\\/person\\\/d6eac7758df3770dae9cd9eb104d615c\"},\"breadcrumb\":{\"@id\":\"http:\\\/\\\/vamosporlaliberacion.org\\\/crpmlm\\\/si-tocan-a-uno-tocan-a-todos\\\/#breadcrumb\"},\"inLanguage\":\"es\",\"potentialAction\":[{\"@type\":\"ReadAction\",\"target\":[\"http:\\\/\\\/vamosporlaliberacion.org\\\/crpmlm\\\/si-tocan-a-uno-tocan-a-todos\\\/\"]}]},{\"@type\":\"ImageObject\",\"inLanguage\":\"es\",\"@id\":\"http:\\\/\\\/vamosporlaliberacion.org\\\/crpmlm\\\/si-tocan-a-uno-tocan-a-todos\\\/#primaryimage\",\"url\":\"https:\\\/\\\/i0.wp.com\\\/vamosporlaliberacion.org\\\/crpmlm\\\/wp-content\\\/uploads\\\/2016\\\/02\\\/vxl64-14.jpg?fit=696%2C469&ssl=1\",\"contentUrl\":\"https:\\\/\\\/i0.wp.com\\\/vamosporlaliberacion.org\\\/crpmlm\\\/wp-content\\\/uploads\\\/2016\\\/02\\\/vxl64-14.jpg?fit=696%2C469&ssl=1\",\"width\":696,\"height\":469},{\"@type\":\"BreadcrumbList\",\"@id\":\"http:\\\/\\\/vamosporlaliberacion.org\\\/crpmlm\\\/si-tocan-a-uno-tocan-a-todos\\\/#breadcrumb\",\"itemListElement\":[{\"@type\":\"ListItem\",\"position\":1,\"name\":\"Portada\",\"item\":\"https:\\\/\\\/vamosporlaliberacion.org\\\/crpmlm\\\/\"},{\"@type\":\"ListItem\",\"position\":2,\"name\":\"Si tocan a uno, tocan a todos\"}]},{\"@type\":\"WebSite\",\"@id\":\"https:\\\/\\\/vamosporlaliberacion.org\\\/crpmlm\\\/#website\",\"url\":\"https:\\\/\\\/vamosporlaliberacion.org\\\/crpmlm\\\/\",\"name\":\"Vamos por la Liberaci\u00f3n\",\"description\":\"Prensa CR\",\"potentialAction\":[{\"@type\":\"SearchAction\",\"target\":{\"@type\":\"EntryPoint\",\"urlTemplate\":\"https:\\\/\\\/vamosporlaliberacion.org\\\/crpmlm\\\/?s={search_term_string}\"},\"query-input\":{\"@type\":\"PropertyValueSpecification\",\"valueRequired\":true,\"valueName\":\"search_term_string\"}}],\"inLanguage\":\"es\"},{\"@type\":\"Person\",\"@id\":\"https:\\\/\\\/vamosporlaliberacion.org\\\/crpmlm\\\/#\\\/schema\\\/person\\\/d6eac7758df3770dae9cd9eb104d615c\",\"name\":\"vamos!\",\"url\":\"https:\\\/\\\/vamosporlaliberacion.org\\\/crpmlm\\\/author\\\/adminvxl\\\/\"}]}<\/script>\n<!-- \/ Yoast SEO plugin. -->","yoast_head_json":{"title":"Si tocan a uno, tocan a todos - Vamos por la Liberaci\u00f3n","robots":{"index":"index","follow":"follow","max-snippet":"max-snippet:-1","max-image-preview":"max-image-preview:large","max-video-preview":"max-video-preview:-1"},"canonical":"http:\/\/vamosporlaliberacion.org\/crpmlm\/si-tocan-a-uno-tocan-a-todos\/","twitter_misc":{"Escrito por":"vamos!","Tiempo de lectura":"4 minutos"},"schema":{"@context":"https:\/\/schema.org","@graph":[{"@type":"Article","@id":"http:\/\/vamosporlaliberacion.org\/crpmlm\/si-tocan-a-uno-tocan-a-todos\/#article","isPartOf":{"@id":"http:\/\/vamosporlaliberacion.org\/crpmlm\/si-tocan-a-uno-tocan-a-todos\/"},"author":{"name":"vamos!","@id":"https:\/\/vamosporlaliberacion.org\/crpmlm\/#\/schema\/person\/d6eac7758df3770dae9cd9eb104d615c"},"headline":"Si tocan a uno, tocan a todos","datePublished":"2015-11-11T14:55:38+00:00","dateModified":"2016-02-03T15:01:43+00:00","mainEntityOfPage":{"@id":"http:\/\/vamosporlaliberacion.org\/crpmlm\/si-tocan-a-uno-tocan-a-todos\/"},"wordCount":826,"commentCount":0,"image":{"@id":"http:\/\/vamosporlaliberacion.org\/crpmlm\/si-tocan-a-uno-tocan-a-todos\/#primaryimage"},"thumbnailUrl":"https:\/\/i0.wp.com\/vamosporlaliberacion.org\/crpmlm\/wp-content\/uploads\/2016\/02\/vxl64-14.jpg?fit=696%2C469&ssl=1","keywords":["criminalizaci\u00f3n de la protesta social","Sutef","Tierra del Fuego","vxl 64"],"articleSection":["Noticias"],"inLanguage":"es","potentialAction":[{"@type":"CommentAction","name":"Comment","target":["http:\/\/vamosporlaliberacion.org\/crpmlm\/si-tocan-a-uno-tocan-a-todos\/#respond"]}]},{"@type":"WebPage","@id":"http:\/\/vamosporlaliberacion.org\/crpmlm\/si-tocan-a-uno-tocan-a-todos\/","url":"http:\/\/vamosporlaliberacion.org\/crpmlm\/si-tocan-a-uno-tocan-a-todos\/","name":"Si tocan a uno, tocan a todos - Vamos por la Liberaci\u00f3n","isPartOf":{"@id":"https:\/\/vamosporlaliberacion.org\/crpmlm\/#website"},"primaryImageOfPage":{"@id":"http:\/\/vamosporlaliberacion.org\/crpmlm\/si-tocan-a-uno-tocan-a-todos\/#primaryimage"},"image":{"@id":"http:\/\/vamosporlaliberacion.org\/crpmlm\/si-tocan-a-uno-tocan-a-todos\/#primaryimage"},"thumbnailUrl":"https:\/\/i0.wp.com\/vamosporlaliberacion.org\/crpmlm\/wp-content\/uploads\/2016\/02\/vxl64-14.jpg?fit=696%2C469&ssl=1","datePublished":"2015-11-11T14:55:38+00:00","dateModified":"2016-02-03T15:01:43+00:00","author":{"@id":"https:\/\/vamosporlaliberacion.org\/crpmlm\/#\/schema\/person\/d6eac7758df3770dae9cd9eb104d615c"},"breadcrumb":{"@id":"http:\/\/vamosporlaliberacion.org\/crpmlm\/si-tocan-a-uno-tocan-a-todos\/#breadcrumb"},"inLanguage":"es","potentialAction":[{"@type":"ReadAction","target":["http:\/\/vamosporlaliberacion.org\/crpmlm\/si-tocan-a-uno-tocan-a-todos\/"]}]},{"@type":"ImageObject","inLanguage":"es","@id":"http:\/\/vamosporlaliberacion.org\/crpmlm\/si-tocan-a-uno-tocan-a-todos\/#primaryimage","url":"https:\/\/i0.wp.com\/vamosporlaliberacion.org\/crpmlm\/wp-content\/uploads\/2016\/02\/vxl64-14.jpg?fit=696%2C469&ssl=1","contentUrl":"https:\/\/i0.wp.com\/vamosporlaliberacion.org\/crpmlm\/wp-content\/uploads\/2016\/02\/vxl64-14.jpg?fit=696%2C469&ssl=1","width":696,"height":469},{"@type":"BreadcrumbList","@id":"http:\/\/vamosporlaliberacion.org\/crpmlm\/si-tocan-a-uno-tocan-a-todos\/#breadcrumb","itemListElement":[{"@type":"ListItem","position":1,"name":"Portada","item":"https:\/\/vamosporlaliberacion.org\/crpmlm\/"},{"@type":"ListItem","position":2,"name":"Si tocan a uno, tocan a todos"}]},{"@type":"WebSite","@id":"https:\/\/vamosporlaliberacion.org\/crpmlm\/#website","url":"https:\/\/vamosporlaliberacion.org\/crpmlm\/","name":"Vamos por la Liberaci\u00f3n","description":"Prensa CR","potentialAction":[{"@type":"SearchAction","target":{"@type":"EntryPoint","urlTemplate":"https:\/\/vamosporlaliberacion.org\/crpmlm\/?s={search_term_string}"},"query-input":{"@type":"PropertyValueSpecification","valueRequired":true,"valueName":"search_term_string"}}],"inLanguage":"es"},{"@type":"Person","@id":"https:\/\/vamosporlaliberacion.org\/crpmlm\/#\/schema\/person\/d6eac7758df3770dae9cd9eb104d615c","name":"vamos!","url":"https:\/\/vamosporlaliberacion.org\/crpmlm\/author\/adminvxl\/"}]}},"jetpack_featured_media_url":"https:\/\/i0.wp.com\/vamosporlaliberacion.org\/crpmlm\/wp-content\/uploads\/2016\/02\/vxl64-14.jpg?fit=696%2C469&ssl=1","jetpack_sharing_enabled":true,"_links":{"self":[{"href":"https:\/\/vamosporlaliberacion.org\/crpmlm\/wp-json\/wp\/v2\/posts\/3914","targetHints":{"allow":["GET"]}}],"collection":[{"href":"https:\/\/vamosporlaliberacion.org\/crpmlm\/wp-json\/wp\/v2\/posts"}],"about":[{"href":"https:\/\/vamosporlaliberacion.org\/crpmlm\/wp-json\/wp\/v2\/types\/post"}],"author":[{"embeddable":true,"href":"https:\/\/vamosporlaliberacion.org\/crpmlm\/wp-json\/wp\/v2\/users\/6"}],"replies":[{"embeddable":true,"href":"https:\/\/vamosporlaliberacion.org\/crpmlm\/wp-json\/wp\/v2\/comments?post=3914"}],"version-history":[{"count":0,"href":"https:\/\/vamosporlaliberacion.org\/crpmlm\/wp-json\/wp\/v2\/posts\/3914\/revisions"}],"wp:featuredmedia":[{"embeddable":true,"href":"https:\/\/vamosporlaliberacion.org\/crpmlm\/wp-json\/wp\/v2\/media\/3923"}],"wp:attachment":[{"href":"https:\/\/vamosporlaliberacion.org\/crpmlm\/wp-json\/wp\/v2\/media?parent=3914"}],"wp:term":[{"taxonomy":"category","embeddable":true,"href":"https:\/\/vamosporlaliberacion.org\/crpmlm\/wp-json\/wp\/v2\/categories?post=3914"},{"taxonomy":"post_tag","embeddable":true,"href":"https:\/\/vamosporlaliberacion.org\/crpmlm\/wp-json\/wp\/v2\/tags?post=3914"}],"curies":[{"name":"wp","href":"https:\/\/api.w.org\/{rel}","templated":true}]}}