{"id":3261,"date":"2014-03-09T20:12:17","date_gmt":"2014-03-09T23:12:17","guid":{"rendered":"http:\/\/vamosporlaliberacion.org\/crpmlm\/?p=3261"},"modified":"2020-10-26T17:09:13","modified_gmt":"2020-10-26T20:09:13","slug":"en-la-calle-por-la-defensa-del-salario","status":"publish","type":"post","link":"https:\/\/vamosporlaliberacion.org\/crpmlm\/en-la-calle-por-la-defensa-del-salario\/","title":{"rendered":"En la calle por la defensa del salario"},"content":{"rendered":"<p>El 11 de febrero se realiz\u00f3 nuevamente una asamblea del sector no docente de la Facultad de Ciencias Sociales de la UBA, convocada por su Comisi\u00f3n Interna. En la misma se debati\u00f3 largamente la problem\u00e1tica del ajuste al salario producto de la pol\u00edtica econ\u00f3mica inflacionaria y devaluacionista del gobierno de CFK. Adem\u00e1s se discuti\u00f3 el apoyo a la absoluci\u00f3n de los petroleros de Las Heras, vot\u00e1ndose a favor por abrumadora mayor\u00eda.<\/p>\n<p>La asamblea aprob\u00f3 en este sentido varios puntos de lucha para enfrentar el ajuste: reapertura de paritarias; suma fija de emergencia $3.000 a la UBA y $2.500 a la Facultad; aumento paritario del 40% y salario igual a la canasta familiar de $10.000 para la categor\u00eda m\u00e1s baja del escalaf\u00f3n. Adem\u00e1s, como siempre en las asambleas de Sociales, se insisti\u00f3 con el 82% m\u00f3vil a los jubilados.<\/p>\n<p>Como resoluci\u00f3n de la asamblea, el 19 de febrero se realiz\u00f3 una movilizaci\u00f3n alrededor de la plaza Houssay y por las facultades y dependencias de la Universidad: Sociales, Medicina, Hospital de Cl\u00ednicas, Econ\u00f3micas, Farmacia y Bioqu\u00edmica, y la sede de la obra social DOSUBA. Estas dependencias centralizan casi 7.000 trabajadores no docentes.<br \/>\n Durante la movilizaci\u00f3n se hicieron peque\u00f1os actos en cada entidad, con un cierre en las escalinatas de la Facultad de Medicina. Se reivindicaron los reclamos realizados por la Asamblea de Sociales. Se denunci\u00f3 la desaparici\u00f3n continua de prestaciones y prestadores en la obra social DOSUBA, en la que el secretario general actual de APUBA tiene un sill\u00f3n y en la que todos los empleados y docentes de la UBA estamos cautivos. Tambi\u00e9n se apunt\u00f3 contra una Comisi\u00f3n Directiva del sindicato totalmente alejada de las necesidades de los no-docentes y ausente de cualquier discusi\u00f3n sobre la trituraci\u00f3n del salario producto de la pol\u00edtica inflacionaria.<br \/>\nA la movilizaci\u00f3n, adem\u00e1s de los compa\u00f1eros de Sociales, particip\u00f3 personal de las facultades de Medicina, Rectorado, Filosof\u00eda y Letras, Cl\u00ednicas, Farmacia y Bioqu\u00edmica.<br \/>\nCorresponsal<\/p>\n<h3><strong>Elecciones de APUBA<\/strong><\/h3>\n<p>En las pr\u00f3ximas elecciones de APUBA del 11 de marzo, los compa\u00f1eros que conformamos la agrupaci\u00f3n no-docente Ren\u00e9 Salamanca llamamos a votar a la Lista N\u00b09 &#8211; FRENTE DE RECUPERACI\u00d3N GREMIAL, que conformamos junto a la Agrupaci\u00f3n Bord\u00f3 y No-Docentes de Base.<\/p>\n<p>La Lista 9 es una necesidad de todos los compa\u00f1eros y las compa\u00f1eras para enfrentar el ajuste K y tener participaci\u00f3n en nuestra paritaria, hoy tercerizada en la ultra oficialista UPCN que siempre consigue menos de lo que el gobierno ofrece. Recuperemos APUBA para los trabajadores.<\/p>\n<!-- AddThis Advanced Settings generic via filter on the_content --><!-- AddThis Share Buttons generic via filter on the_content -->","protected":false},"excerpt":{"rendered":"<p>El 11 de febrero se realiz\u00f3 nuevamente una asamblea del sector no docente de la Facultad de Ciencias Sociales de la UBA, convocada por su Comisi\u00f3n Interna. En la misma se debati\u00f3 largamente la problem\u00e1tica del ajuste al salario producto de la pol\u00edtica econ\u00f3mica inflacionaria y devaluacionista del gobierno de CFK. Adem\u00e1s se discuti\u00f3 el [&hellip;]<!-- AddThis Advanced Settings generic via filter on get_the_excerpt --><!-- AddThis Share Buttons generic via filter on get_the_excerpt --><\/p>\n","protected":false},"author":6,"featured_media":0,"comment_status":"open","ping_status":"open","sticky":false,"template":"","format":"standard","meta":{"_jetpack_memberships_contains_paid_content":false,"footnotes":""},"categories":[1877],"tags":[185,256,419],"class_list":{"0":"post-3261","1":"post","2":"type-post","3":"status-publish","4":"format-standard","6":"category-gremiales","7":"tag-no-docentes","8":"tag-uba","9":"tag-vxl-23"},"yoast_head":"<!-- This site is optimized with the Yoast SEO plugin v27.4 - https:\/\/yoast.com\/product\/yoast-seo-wordpress\/ -->\n<title>En la calle por la defensa del salario - Vamos por la Liberaci\u00f3n<\/title>\n<meta name=\"robots\" content=\"index, follow, max-snippet:-1, max-image-preview:large, max-video-preview:-1\" \/>\n<link rel=\"canonical\" href=\"https:\/\/vamosporlaliberacion.org\/crpmlm\/en-la-calle-por-la-defensa-del-salario\/\" \/>\n<meta name=\"twitter:label1\" content=\"Escrito por\" \/>\n\t<meta name=\"twitter:data1\" content=\"vamos!\" \/>\n\t<meta name=\"twitter:label2\" content=\"Tiempo de lectura\" \/>\n\t<meta name=\"twitter:data2\" content=\"2 minutos\" \/>\n<script type=\"application\/ld+json\" class=\"yoast-schema-graph\">{\"@context\":\"https:\\\/\\\/schema.org\",\"@graph\":[{\"@type\":\"Article\",\"@id\":\"https:\\\/\\\/vamosporlaliberacion.org\\\/crpmlm\\\/en-la-calle-por-la-defensa-del-salario\\\/#article\",\"isPartOf\":{\"@id\":\"https:\\\/\\\/vamosporlaliberacion.org\\\/crpmlm\\\/en-la-calle-por-la-defensa-del-salario\\\/\"},\"author\":{\"name\":\"vamos!\",\"@id\":\"https:\\\/\\\/vamosporlaliberacion.org\\\/crpmlm\\\/#\\\/schema\\\/person\\\/d6eac7758df3770dae9cd9eb104d615c\"},\"headline\":\"En la calle por la defensa del salario\",\"datePublished\":\"2014-03-09T23:12:17+00:00\",\"dateModified\":\"2020-10-26T20:09:13+00:00\",\"mainEntityOfPage\":{\"@id\":\"https:\\\/\\\/vamosporlaliberacion.org\\\/crpmlm\\\/en-la-calle-por-la-defensa-del-salario\\\/\"},\"wordCount\":448,\"commentCount\":0,\"keywords\":[\"No docentes\",\"UBA\",\"vxl 23\"],\"articleSection\":[\"Actualidad e historia del movimiento obrero\"],\"inLanguage\":\"es\",\"potentialAction\":[{\"@type\":\"CommentAction\",\"name\":\"Comment\",\"target\":[\"https:\\\/\\\/vamosporlaliberacion.org\\\/crpmlm\\\/en-la-calle-por-la-defensa-del-salario\\\/#respond\"]}]},{\"@type\":\"WebPage\",\"@id\":\"https:\\\/\\\/vamosporlaliberacion.org\\\/crpmlm\\\/en-la-calle-por-la-defensa-del-salario\\\/\",\"url\":\"https:\\\/\\\/vamosporlaliberacion.org\\\/crpmlm\\\/en-la-calle-por-la-defensa-del-salario\\\/\",\"name\":\"En la calle por la defensa del salario - Vamos por la Liberaci\u00f3n\",\"isPartOf\":{\"@id\":\"https:\\\/\\\/vamosporlaliberacion.org\\\/crpmlm\\\/#website\"},\"datePublished\":\"2014-03-09T23:12:17+00:00\",\"dateModified\":\"2020-10-26T20:09:13+00:00\",\"author\":{\"@id\":\"https:\\\/\\\/vamosporlaliberacion.org\\\/crpmlm\\\/#\\\/schema\\\/person\\\/d6eac7758df3770dae9cd9eb104d615c\"},\"breadcrumb\":{\"@id\":\"https:\\\/\\\/vamosporlaliberacion.org\\\/crpmlm\\\/en-la-calle-por-la-defensa-del-salario\\\/#breadcrumb\"},\"inLanguage\":\"es\",\"potentialAction\":[{\"@type\":\"ReadAction\",\"target\":[\"https:\\\/\\\/vamosporlaliberacion.org\\\/crpmlm\\\/en-la-calle-por-la-defensa-del-salario\\\/\"]}]},{\"@type\":\"BreadcrumbList\",\"@id\":\"https:\\\/\\\/vamosporlaliberacion.org\\\/crpmlm\\\/en-la-calle-por-la-defensa-del-salario\\\/#breadcrumb\",\"itemListElement\":[{\"@type\":\"ListItem\",\"position\":1,\"name\":\"Portada\",\"item\":\"https:\\\/\\\/vamosporlaliberacion.org\\\/crpmlm\\\/\"},{\"@type\":\"ListItem\",\"position\":2,\"name\":\"En la calle por la defensa del salario\"}]},{\"@type\":\"WebSite\",\"@id\":\"https:\\\/\\\/vamosporlaliberacion.org\\\/crpmlm\\\/#website\",\"url\":\"https:\\\/\\\/vamosporlaliberacion.org\\\/crpmlm\\\/\",\"name\":\"Vamos por la Liberaci\u00f3n\",\"description\":\"Prensa CR\",\"potentialAction\":[{\"@type\":\"SearchAction\",\"target\":{\"@type\":\"EntryPoint\",\"urlTemplate\":\"https:\\\/\\\/vamosporlaliberacion.org\\\/crpmlm\\\/?s={search_term_string}\"},\"query-input\":{\"@type\":\"PropertyValueSpecification\",\"valueRequired\":true,\"valueName\":\"search_term_string\"}}],\"inLanguage\":\"es\"},{\"@type\":\"Person\",\"@id\":\"https:\\\/\\\/vamosporlaliberacion.org\\\/crpmlm\\\/#\\\/schema\\\/person\\\/d6eac7758df3770dae9cd9eb104d615c\",\"name\":\"vamos!\",\"url\":\"https:\\\/\\\/vamosporlaliberacion.org\\\/crpmlm\\\/author\\\/adminvxl\\\/\"}]}<\/script>\n<!-- \/ Yoast SEO plugin. -->","yoast_head_json":{"title":"En la calle por la defensa del salario - Vamos por la Liberaci\u00f3n","robots":{"index":"index","follow":"follow","max-snippet":"max-snippet:-1","max-image-preview":"max-image-preview:large","max-video-preview":"max-video-preview:-1"},"canonical":"https:\/\/vamosporlaliberacion.org\/crpmlm\/en-la-calle-por-la-defensa-del-salario\/","twitter_misc":{"Escrito por":"vamos!","Tiempo de lectura":"2 minutos"},"schema":{"@context":"https:\/\/schema.org","@graph":[{"@type":"Article","@id":"https:\/\/vamosporlaliberacion.org\/crpmlm\/en-la-calle-por-la-defensa-del-salario\/#article","isPartOf":{"@id":"https:\/\/vamosporlaliberacion.org\/crpmlm\/en-la-calle-por-la-defensa-del-salario\/"},"author":{"name":"vamos!","@id":"https:\/\/vamosporlaliberacion.org\/crpmlm\/#\/schema\/person\/d6eac7758df3770dae9cd9eb104d615c"},"headline":"En la calle por la defensa del salario","datePublished":"2014-03-09T23:12:17+00:00","dateModified":"2020-10-26T20:09:13+00:00","mainEntityOfPage":{"@id":"https:\/\/vamosporlaliberacion.org\/crpmlm\/en-la-calle-por-la-defensa-del-salario\/"},"wordCount":448,"commentCount":0,"keywords":["No docentes","UBA","vxl 23"],"articleSection":["Actualidad e historia del movimiento obrero"],"inLanguage":"es","potentialAction":[{"@type":"CommentAction","name":"Comment","target":["https:\/\/vamosporlaliberacion.org\/crpmlm\/en-la-calle-por-la-defensa-del-salario\/#respond"]}]},{"@type":"WebPage","@id":"https:\/\/vamosporlaliberacion.org\/crpmlm\/en-la-calle-por-la-defensa-del-salario\/","url":"https:\/\/vamosporlaliberacion.org\/crpmlm\/en-la-calle-por-la-defensa-del-salario\/","name":"En la calle por la defensa del salario - Vamos por la Liberaci\u00f3n","isPartOf":{"@id":"https:\/\/vamosporlaliberacion.org\/crpmlm\/#website"},"datePublished":"2014-03-09T23:12:17+00:00","dateModified":"2020-10-26T20:09:13+00:00","author":{"@id":"https:\/\/vamosporlaliberacion.org\/crpmlm\/#\/schema\/person\/d6eac7758df3770dae9cd9eb104d615c"},"breadcrumb":{"@id":"https:\/\/vamosporlaliberacion.org\/crpmlm\/en-la-calle-por-la-defensa-del-salario\/#breadcrumb"},"inLanguage":"es","potentialAction":[{"@type":"ReadAction","target":["https:\/\/vamosporlaliberacion.org\/crpmlm\/en-la-calle-por-la-defensa-del-salario\/"]}]},{"@type":"BreadcrumbList","@id":"https:\/\/vamosporlaliberacion.org\/crpmlm\/en-la-calle-por-la-defensa-del-salario\/#breadcrumb","itemListElement":[{"@type":"ListItem","position":1,"name":"Portada","item":"https:\/\/vamosporlaliberacion.org\/crpmlm\/"},{"@type":"ListItem","position":2,"name":"En la calle por la defensa del salario"}]},{"@type":"WebSite","@id":"https:\/\/vamosporlaliberacion.org\/crpmlm\/#website","url":"https:\/\/vamosporlaliberacion.org\/crpmlm\/","name":"Vamos por la Liberaci\u00f3n","description":"Prensa CR","potentialAction":[{"@type":"SearchAction","target":{"@type":"EntryPoint","urlTemplate":"https:\/\/vamosporlaliberacion.org\/crpmlm\/?s={search_term_string}"},"query-input":{"@type":"PropertyValueSpecification","valueRequired":true,"valueName":"search_term_string"}}],"inLanguage":"es"},{"@type":"Person","@id":"https:\/\/vamosporlaliberacion.org\/crpmlm\/#\/schema\/person\/d6eac7758df3770dae9cd9eb104d615c","name":"vamos!","url":"https:\/\/vamosporlaliberacion.org\/crpmlm\/author\/adminvxl\/"}]}},"jetpack_featured_media_url":"","jetpack_sharing_enabled":true,"_links":{"self":[{"href":"https:\/\/vamosporlaliberacion.org\/crpmlm\/wp-json\/wp\/v2\/posts\/3261","targetHints":{"allow":["GET"]}}],"collection":[{"href":"https:\/\/vamosporlaliberacion.org\/crpmlm\/wp-json\/wp\/v2\/posts"}],"about":[{"href":"https:\/\/vamosporlaliberacion.org\/crpmlm\/wp-json\/wp\/v2\/types\/post"}],"author":[{"embeddable":true,"href":"https:\/\/vamosporlaliberacion.org\/crpmlm\/wp-json\/wp\/v2\/users\/6"}],"replies":[{"embeddable":true,"href":"https:\/\/vamosporlaliberacion.org\/crpmlm\/wp-json\/wp\/v2\/comments?post=3261"}],"version-history":[{"count":1,"href":"https:\/\/vamosporlaliberacion.org\/crpmlm\/wp-json\/wp\/v2\/posts\/3261\/revisions"}],"predecessor-version":[{"id":20873,"href":"https:\/\/vamosporlaliberacion.org\/crpmlm\/wp-json\/wp\/v2\/posts\/3261\/revisions\/20873"}],"wp:attachment":[{"href":"https:\/\/vamosporlaliberacion.org\/crpmlm\/wp-json\/wp\/v2\/media?parent=3261"}],"wp:term":[{"taxonomy":"category","embeddable":true,"href":"https:\/\/vamosporlaliberacion.org\/crpmlm\/wp-json\/wp\/v2\/categories?post=3261"},{"taxonomy":"post_tag","embeddable":true,"href":"https:\/\/vamosporlaliberacion.org\/crpmlm\/wp-json\/wp\/v2\/tags?post=3261"}],"curies":[{"name":"wp","href":"https:\/\/api.w.org\/{rel}","templated":true}]}}