{"id":28831,"date":"2026-03-11T14:40:12","date_gmt":"2026-03-11T17:40:12","guid":{"rendered":"https:\/\/vamosporlaliberacion.org\/crpmlm\/?p=28831"},"modified":"2026-03-11T16:28:13","modified_gmt":"2026-03-11T19:28:13","slug":"algo-empezo-a-cambiar","status":"publish","type":"post","link":"https:\/\/vamosporlaliberacion.org\/crpmlm\/algo-empezo-a-cambiar\/","title":{"rendered":"Algo empez\u00f3 a cambiar"},"content":{"rendered":"\n<h3 class=\"wp-block-heading\">Documento para el debate<\/h3>\n\n\n\n<p>Mientras la alianza de la ultraderecha y la derecha tradicional, que suma a algunos gobernadores y conversos se unen para hacer pasar el paquete de leyes regresivas, endeudar m\u00e1s al pa\u00eds y entregar las riquezas estrat\u00e9gicas comunes, <strong>por abajo la clase obrera y otros sectores populares que padecen el castigo infinito de la destrucci\u00f3n de la industria, el comercio y las econom\u00edas regionales, empiezan a hartarse de esta pol\u00edtica que les saquea los bolsillos y las esperanzas, destruye la familia y el medioambiente.<\/strong><\/p>\n\n\n\n<p>El circo medi\u00e1tico de Milei en el Congreso estuvo marcado por la impronta de una mescla de impotencia y descontrol. Por un lado, agredir para cambiar el eje del debate cuando la econom\u00eda va en ca\u00edda y sin medidas para anunciar, ni siquiera mencionar la baja de la inflaci\u00f3n, caballito de batalla hasta que intervinieron y modificaron los datos del INDEC.<\/p>\n\n\n\n<p><strong>Un discurso agresivo, polarizador, proporcional a la ca\u00edda de la base de apoyo<\/strong>. Un mensaje plagado de mentiras, mesclado con descalificaciones actuadas y guionada propias de un buf\u00f3n que busca el aplauso de los aplaudidores. Pero lo m\u00e1s siniestro, quiz\u00e1s, sea una actitud patol\u00f3gica, de crueldad, energ\u00fameno (persona que se comporta de manera airada, furiosa, violenta o descontrolada, caracterizada por expresar sus sentimientos con vehemencia y gritos) y blasfema sin parar.<\/p>\n\n\n\n<p>La verdad se muestra tal cual es, y cuando pens\u00e1bamos que iban a transformar al Congreso en una \u201cfiesta c\u00edvica\u201d, luego de haber aprobado leyes como la de \u201cesclavitud laboral\u201d, de glaciares y baja de la punibilidad a los ni\u00f1os, nos encontramos con un circo bizarro del que hablaron todos los medios. <strong>Esta actitud, en la m\u00e1s \u00edntimo del ejecutivo, tiene l\u00f3gica ya que saben que esas leyes retrogradas pasaron con conversos y billeteras,<\/strong> <strong>pero tendr\u00e1n un alto costo porque en las elecciones de medio termino ganaron solo con el 25,7% y una oposici\u00f3n muy atomizada,<\/strong> <strong>pero saben tambi\u00e9n que la \u201ctormenta perfecta\u201d se puede dar entre estas leyes, el ajuste en una econom\u00eda que se derrumba y el fen\u00f3meno de la estanflaci\u00f3n de la que hablan hasta los economistas que influyen e informan a los due\u00f1os del poder.<\/strong><\/p>\n\n\n<div class=\"wp-block-image\">\n<figure class=\"aligncenter size-large\"><img data-recalc-dims=\"1\" loading=\"lazy\" decoding=\"async\" width=\"696\" height=\"464\" src=\"https:\/\/i0.wp.com\/vamosporlaliberacion.org\/crpmlm\/wp-content\/uploads\/2026\/03\/Apertura-de-ordinarias-2026.jpg?resize=696%2C464&#038;ssl=1\" alt=\"\" class=\"wp-image-28833\" srcset=\"https:\/\/i0.wp.com\/vamosporlaliberacion.org\/crpmlm\/wp-content\/uploads\/2026\/03\/Apertura-de-ordinarias-2026.jpg?resize=700%2C467&amp;ssl=1 700w, https:\/\/i0.wp.com\/vamosporlaliberacion.org\/crpmlm\/wp-content\/uploads\/2026\/03\/Apertura-de-ordinarias-2026.jpg?resize=300%2C200&amp;ssl=1 300w, https:\/\/i0.wp.com\/vamosporlaliberacion.org\/crpmlm\/wp-content\/uploads\/2026\/03\/Apertura-de-ordinarias-2026.jpg?resize=150%2C100&amp;ssl=1 150w, https:\/\/i0.wp.com\/vamosporlaliberacion.org\/crpmlm\/wp-content\/uploads\/2026\/03\/Apertura-de-ordinarias-2026.jpg?resize=696%2C464&amp;ssl=1 696w, https:\/\/i0.wp.com\/vamosporlaliberacion.org\/crpmlm\/wp-content\/uploads\/2026\/03\/Apertura-de-ordinarias-2026.jpg?resize=630%2C420&amp;ssl=1 630w, https:\/\/i0.wp.com\/vamosporlaliberacion.org\/crpmlm\/wp-content\/uploads\/2026\/03\/Apertura-de-ordinarias-2026.jpg?w=760&amp;ssl=1 760w\" sizes=\"auto, (max-width: 696px) 100vw, 696px\" \/><\/figure>\n<\/div>\n\n\n<p>El informe de los principales bancos del mundo, <strong>Citi, Morgan Stanley, JP Morgan, Barclays, Wells Fargo y Bank of America (BofA)<\/strong>, as\u00ed lo grafica advirtiendo por los efectos de la guerra en Medio Oriente, en las econom\u00edas m\u00e1s vulnerables citando a la Argentina entre otros pocos pa\u00edses, frente a un shock financiero global.<\/p>\n\n\n\n<p>No se puede salir inmune si se pretende un pa\u00eds sin industrias que, mas all\u00e1 del dominio de los monopolios en el sistema actual, desarma la soberan\u00eda de cualquier pa\u00eds, ya que no contar con la capacidad para sostener los recursos propios lleva la dependencia a un nivel extremo, dejando al desnudo que su modelo es el endeudamiento externo, las puertas abiertas para las capitales golondrinas vinculados al narcotr\u00e1fico y lavado de dinero, especulativos y todo el andamiaje financiero que lucra con las altas tasas y comisiones en el sistema bancario. <strong>No se puede salir inmune de la aplicaci\u00f3n de un modelo de ajuste, desindustrializaci\u00f3n, desnacionalizaci\u00f3n y endeudamiento.<\/strong><\/p>\n\n\n\n<p><strong>El gobierno habla del periodo de transici\u00f3n hacia este modelo que traer\u00e1 prosperidad, y para alivianar la sangr\u00eda industrial, les ofrece a las grandes patronales la bicicleta financiera y<\/strong><\/p>\n\n\n\n<p><strong>la \u201cLey de Modernizaci\u00f3n Laboral\u201d, donde podr\u00e1n exprimir mas a los trabajadores y as\u00ed equilibrar las bajas en ganancias por la ca\u00edda del consumo y la ola importadora.<\/strong><\/p>\n\n\n\n<h3 class=\"wp-block-heading\">Los n\u00fameros del ajuste<\/h3>\n\n\n\n<p>Los datos presentados desde este punto, son producidos por la fuente que publicamos m\u00e1s abajo.<\/p>\n\n\n\n<p>Al mes de enero de 2026, la ejecuci\u00f3n presupuestaria de la Administraci\u00f3n P\u00fablica Nacional (APN) muestra una ca\u00edda real del gasto total del 22% en comparaci\u00f3n con igual per\u00edodo de 2023. Si bien se trata de un per\u00edodo inicial del ejercicio presupuestario, estos datos permiten identificar las primeras se\u00f1ales de la orientaci\u00f3n fiscal del a\u00f1o, caracterizada por un marcado sesgo contractivo.<\/p>\n\n\n\n<p>En este contexto, se observa un incremento real del 69% en la ejecuci\u00f3n de la Secretar\u00eda de Inteligencia del Estado, dependiente de Presidencia de la Naci\u00f3n, mientras que los Servicios de la Deuda P\u00fablica mantienen un peso significativo, representando el 8% del gasto total ejecutado en el per\u00edodo.<\/p>\n\n\n\n<p>El an\u00e1lisis por organismos muestra recortes profundos en salud, seguridad social, ciencia, educaci\u00f3n, desarrollo productivo, transporte y obra p\u00fablica. Entre los impactos m\u00e1s relevantes se destacan:<\/p>\n\n\n\n<ul class=\"wp-block-list\">\n<li><strong>Salud<\/strong>: La Superintendencia de Servicios de Salud registra una ca\u00edda moderada (-1,4%), mientras que los hospitales nacionales presentan informaci\u00f3n incompleta, en l\u00ednea con el inicio del ejercicio presupuestario. Dentro de los organismos del sector, se destacan descensos relevantes en la Administraci\u00f3n Nacional de Laboratorios e Institutos de Salud Dr. Carlos G. Malbr\u00e1n (-34,2%) y en la ANMAT (-56,1%). En cuanto a los programas, se registran ca\u00eddas muy pronunciadas en partidas cr\u00edticas como Acceso a Medicamentos e Insumos (-82,8%), Prevenci\u00f3n y Control de Enfermedades End\u00e9micas (-54,5%) y Enfermedades Transmisibles e Inmunoprevenibles (-99,2%).<\/li>\n\n\n\n<li><strong>Ciencia y Tecnolog\u00eda<\/strong>: El Programa de Promoci\u00f3n de la Investigaci\u00f3n e Innovaci\u00f3n muestra una fuerte ca\u00edda (-76,4%), mientras que la CONAE (-24,0%) y el CONICET (-21,1%) tambi\u00e9n registran descensos significativos. El Servicio Geol\u00f3gico Minero Argentino se mantiene pr\u00e1cticamente estable (+0,3%). En cambio, el Servicio Meteorol\u00f3gico Nacional (-41,2%), la Fundaci\u00f3n Miguel Lillo (-27,9%) y la CONEAU (-2,9%) presentan reducciones adicionales.<\/li>\n\n\n\n<li><strong>Seguridad Social y Desarrollo Social<\/strong>: ANSES (-10%), Secretar\u00eda Nacional de Ni\u00f1ez, Adolescencia y Familia (-72%), INAES (-34%), El Plan Nacional de Protecci\u00f3n Social, la Econom\u00eda Social y el Apoyo al Plan Nacional de Primera Infancia registran una ca\u00edda total (-100%). Los Comedores Comunitarios y Merenderos tambi\u00e9n muestran ejecuci\u00f3n nula, mientras que la Prestaci\u00f3n Alimentar presenta una ca\u00edda m\u00e1s moderada (-35,9%).<\/li>\n\n\n\n<li><strong>Educaci\u00f3n<\/strong>: Conectar Igualdad y Fondo Nacional de Incentivo Docente (-100%). La Gesti\u00f3n y Asignaci\u00f3n de Becas a Estudiantes muestra una reducci\u00f3n significativa (-62,8%), mientras que las Acciones de Formaci\u00f3n Docente (-44,3%) y el Desarrollo de la Educaci\u00f3n Superior (-12,9%) presentan bajas m\u00e1s moderadas. La partida de Infraestructura y Equipamiento evidencia un recorte casi absoluto (-99,7%).<\/li>\n\n\n\n<li><strong>Desarrollo Productivo y Energ\u00eda<\/strong>: La Comisi\u00f3n Nacional de Energ\u00eda At\u00f3mica registra una ca\u00edda significativa (-35,4%), acompa\u00f1ada por descensos en la Autoridad Regulatoria Nuclear (-19,3%) y el Organismo Regulador de Seguridad de Presas (-31,0%).<\/li>\n\n\n\n<li><strong>Fuerzas Federales y Fuerzas Armadas<\/strong>: Polic\u00eda Federal (-38%), Gendarmer\u00eda (-29%), Prefectura Naval (-32%), Ej\u00e9rcito (-18%), Armada (-15%), Fuerza A\u00e9rea (-18%).<\/li>\n\n\n\n<li><strong>Transporte y Obra P\u00fablica<\/strong>: Ejecuci\u00f3n extremadamente baja con ca\u00eddas del 75% al 100% en programas de infraestructura, pavimentaci\u00f3n, cuencas, t\u00faneles y puentes.<\/li>\n\n\n\n<li><strong>Transferencias a provincias y municipios<\/strong>: Se observan ajustes muy significativos en la cooperaci\u00f3n y asistencia t\u00e9cnica a municipios (-96,6%) y un recorte total en el Fondo de Fortalecimiento Fiscal de la Provincia de Buenos Aires (-100%). En contraste, la Asistencia Financiera a Provincias y Municipios muestra un incremento (+29,7%).<\/li>\n<\/ul>\n\n\n\n<p class=\"has-text-align-right\"><em>FUENTE: CEPA (Centro de Econom\u00eda Pol\u00edtica Argentina)\u00a0<\/em> <\/p>\n\n\n\n<p>277.600 empleos en blanco perdidos; 22.400 empleos de servicio dom\u00e9stico destruidos; 394 perdida de empleo por d\u00eda; 22.050 empresas pymes cerradas (30 empresas cerradas por d\u00eda).<\/p>\n\n\n\n<p>La propia UIA sac\u00f3 un documento donde se\u00f1ala la situaci\u00f3n de la industria y advierte con la frase de Carlos Pellegrini \u201csin industria no hay naci\u00f3n\u201d. <strong>As\u00ed, los monopolios y grandes industrias muestran sus contradicciones con el ejecutivo, mientras acompa\u00f1an el rumbo y la \u201ctransici\u00f3n\u201d del plan de gobierno y ahora quieren garantizar y apurar el anuncio de Milei en la Asamblea Legislativa de la \u201creforma impositiva\u201d<\/strong> como el \u00faltimo gran logro del per\u00edodo por parte de las patronales, mientras van preparando el nuevo escenario pol\u00edtico con recambio por derecha o centro derecha en el horizonte, o renovar el mismo barco que conduce, si la econom\u00eda lo permite, pero que no les quite las conquistas adquiridas.<\/p>\n\n\n\n<p>Seg\u00fan la consultora Audemus en base a datos de Naciones Unidas, Argentina tuvo el segundo peor&nbsp;<a href=\"https:\/\/www.ambito.com\/politica\/para-los-industriales-hay-sectores-que-estan-un-momento-critico-n6251985\" target=\"_blank\" rel=\"noreferrer noopener\"><strong>desempe\u00f1o industrial<\/strong><\/a>&nbsp;del mundo en los \u00faltimos dos a\u00f1os, solo superado por Hungr\u00eda gobernado por el fascista Viktor Orb\u00e1n, aliado de Milei.&nbsp;El desplome del 8%&nbsp;vino acompa\u00f1ado de un incesante cierre de empresas y&nbsp;despidos masivos. El ranking internacional consolida \u00edndices para&nbsp;m\u00e1s de 80 pa\u00edses&nbsp;y, a diferencia de lo que ocurri\u00f3 en otras regiones, <strong>la consultora asegura que&nbsp;\u201cno es una complicaci\u00f3n importada: es una crisis fabricada en casa\u201d.<\/strong> En el mismo per\u00edodo,&nbsp;Brasil tuvo&nbsp;una expansi\u00f3n del 3,5% promedio en el sector, Chile creci\u00f3 5,2%, Per\u00fa 6,5% y Uruguay 3,7%. Colombia y M\u00e9xico se mantuvieron.<\/p>\n\n\n\n<p><strong>Javier Milei<\/strong>&nbsp;dedic\u00f3 gran parte de su discurso en la apertura de sesiones ordinarias a&nbsp;<strong>justificar el cierre de empresas en el sector<\/strong>. Pero saben que, por m\u00e1s justificaciones y blindaje medi\u00e1tico, <strong>el factor empleo&nbsp;le<\/strong> <strong>pega en la l\u00ednea de flotaci\u00f3n del plan econ\u00f3mico, junto con el endeudamiento de las familias y la inflaci\u00f3n que no decrece: estos componentes construyen o socavan el acompa\u00f1amiento social<\/strong>.<\/p>\n\n\n\n<figure class=\"wp-block-gallery has-nested-images columns-default is-cropped is-style-rectangular wp-block-gallery-1 is-layout-flex wp-block-gallery-is-layout-flex\">\n<figure class=\"wp-block-image size-large\"><img data-recalc-dims=\"1\" loading=\"lazy\" decoding=\"async\" width=\"696\" height=\"398\" data-id=\"28835\" src=\"https:\/\/i0.wp.com\/vamosporlaliberacion.org\/crpmlm\/wp-content\/uploads\/2026\/03\/Fate.jpg?resize=696%2C398&#038;ssl=1\" alt=\"\" class=\"wp-image-28835\" srcset=\"https:\/\/i0.wp.com\/vamosporlaliberacion.org\/crpmlm\/wp-content\/uploads\/2026\/03\/Fate.jpg?resize=700%2C400&amp;ssl=1 700w, https:\/\/i0.wp.com\/vamosporlaliberacion.org\/crpmlm\/wp-content\/uploads\/2026\/03\/Fate.jpg?resize=300%2C171&amp;ssl=1 300w, https:\/\/i0.wp.com\/vamosporlaliberacion.org\/crpmlm\/wp-content\/uploads\/2026\/03\/Fate.jpg?resize=768%2C439&amp;ssl=1 768w, https:\/\/i0.wp.com\/vamosporlaliberacion.org\/crpmlm\/wp-content\/uploads\/2026\/03\/Fate.jpg?resize=150%2C86&amp;ssl=1 150w, https:\/\/i0.wp.com\/vamosporlaliberacion.org\/crpmlm\/wp-content\/uploads\/2026\/03\/Fate.jpg?resize=696%2C397&amp;ssl=1 696w, https:\/\/i0.wp.com\/vamosporlaliberacion.org\/crpmlm\/wp-content\/uploads\/2026\/03\/Fate.jpg?resize=735%2C420&amp;ssl=1 735w, https:\/\/i0.wp.com\/vamosporlaliberacion.org\/crpmlm\/wp-content\/uploads\/2026\/03\/Fate.jpg?w=900&amp;ssl=1 900w\" sizes=\"auto, (max-width: 696px) 100vw, 696px\" \/><\/figure>\n\n\n\n<figure class=\"wp-block-image size-large\"><img data-recalc-dims=\"1\" loading=\"lazy\" decoding=\"async\" width=\"696\" height=\"392\" data-id=\"28799\" src=\"https:\/\/i0.wp.com\/vamosporlaliberacion.org\/crpmlm\/wp-content\/uploads\/2026\/02\/lustramax-cabecera.jpg?resize=696%2C392&#038;ssl=1\" alt=\"\" class=\"wp-image-28799\" srcset=\"https:\/\/i0.wp.com\/vamosporlaliberacion.org\/crpmlm\/wp-content\/uploads\/2026\/02\/lustramax-cabecera.jpg?resize=700%2C394&amp;ssl=1 700w, https:\/\/i0.wp.com\/vamosporlaliberacion.org\/crpmlm\/wp-content\/uploads\/2026\/02\/lustramax-cabecera.jpg?resize=300%2C169&amp;ssl=1 300w, https:\/\/i0.wp.com\/vamosporlaliberacion.org\/crpmlm\/wp-content\/uploads\/2026\/02\/lustramax-cabecera.jpg?resize=768%2C432&amp;ssl=1 768w, https:\/\/i0.wp.com\/vamosporlaliberacion.org\/crpmlm\/wp-content\/uploads\/2026\/02\/lustramax-cabecera.jpg?resize=150%2C84&amp;ssl=1 150w, https:\/\/i0.wp.com\/vamosporlaliberacion.org\/crpmlm\/wp-content\/uploads\/2026\/02\/lustramax-cabecera.jpg?resize=696%2C391&amp;ssl=1 696w, https:\/\/i0.wp.com\/vamosporlaliberacion.org\/crpmlm\/wp-content\/uploads\/2026\/02\/lustramax-cabecera.jpg?resize=747%2C420&amp;ssl=1 747w, https:\/\/i0.wp.com\/vamosporlaliberacion.org\/crpmlm\/wp-content\/uploads\/2026\/02\/lustramax-cabecera.jpg?w=1035&amp;ssl=1 1035w\" sizes=\"auto, (max-width: 696px) 100vw, 696px\" \/><\/figure>\n\n\n\n<figure class=\"wp-block-image size-large\"><img data-recalc-dims=\"1\" loading=\"lazy\" decoding=\"async\" width=\"696\" height=\"393\" data-id=\"28834\" src=\"https:\/\/i0.wp.com\/vamosporlaliberacion.org\/crpmlm\/wp-content\/uploads\/2026\/03\/aires-del-sur.jpg?resize=696%2C393&#038;ssl=1\" alt=\"\" class=\"wp-image-28834\" srcset=\"https:\/\/i0.wp.com\/vamosporlaliberacion.org\/crpmlm\/wp-content\/uploads\/2026\/03\/aires-del-sur.jpg?resize=700%2C395&amp;ssl=1 700w, https:\/\/i0.wp.com\/vamosporlaliberacion.org\/crpmlm\/wp-content\/uploads\/2026\/03\/aires-del-sur.jpg?resize=300%2C169&amp;ssl=1 300w, https:\/\/i0.wp.com\/vamosporlaliberacion.org\/crpmlm\/wp-content\/uploads\/2026\/03\/aires-del-sur.jpg?resize=150%2C85&amp;ssl=1 150w, https:\/\/i0.wp.com\/vamosporlaliberacion.org\/crpmlm\/wp-content\/uploads\/2026\/03\/aires-del-sur.jpg?resize=696%2C392&amp;ssl=1 696w, https:\/\/i0.wp.com\/vamosporlaliberacion.org\/crpmlm\/wp-content\/uploads\/2026\/03\/aires-del-sur.jpg?w=720&amp;ssl=1 720w\" sizes=\"auto, (max-width: 696px) 100vw, 696px\" \/><\/figure>\n<\/figure>\n\n\n\n<p><strong>\u201c<em>los puestos que se pierden se generan en otras actividades econ\u00f3micas\u201d<\/em><\/strong><strong> <\/strong><strong>dijo Milei, frase que dicha desde j\u00fapiter o marte se justificar\u00eda por lejan\u00eda de la realidad<\/strong><strong>, p<\/strong><strong>ero viniendo del presidente es cinismo y desprecio por el pueblo trabajador.<\/strong><strong><\/strong><\/p>\n\n\n\n<p><strong>Esa realidad ficticia ni si quiera se condice con la realidad de los ganadores del modelo, como la miner\u00eda, energ\u00eda o el sistema financiero<\/strong>, ya que est\u00e1n&nbsp;<strong>destruyendo empleo en t\u00e9rminos netos<\/strong>. Mientras se extiende la <strong>recesi\u00f3n y la industria acumula un cuatrimestre entero de ca\u00edda<\/strong>.<\/p>\n\n\n\n<p><strong>Desde noviembre de 2023 la industria perdi\u00f3 160 empleos por d\u00eda<\/strong>, seg\u00fan un informe del Centro de Estudios de Historia Econ\u00f3mica Argentina y Latinoamericana (<strong>CEHEAL<\/strong>)<\/p>\n\n\n\n<p><strong>La producci\u00f3n est\u00e1 en niveles del a\u00f1o 1985 cuando el pa\u00eds ten\u00eda 30 millones de habitantes.<\/strong>Los datos son alarmantes:&nbsp;<strong>el empleo sectorial cay\u00f3 en 16 de los \u00faltimos 24 meses<\/strong>,&nbsp;<strong>se perdieron 73.000 puestos de trabajo<\/strong>&nbsp;y&nbsp;<strong>unas 2.400 empresas -equivalentes al 5% del total- dejaron de operar en los \u00faltimos dos a\u00f1os<\/strong>. Seg\u00fan Audemus,&nbsp;<strong>\u201cla crisis actual est\u00e1 generando un da\u00f1o sobre el entramado empresarial industrial comparable, o incluso superior, al de los episodios m\u00e1s disruptivos de las \u00faltimas d\u00e9cadas\u201d<\/strong>.<\/p>\n\n\n\n<p>El fen\u00f3meno&nbsp;<strong>no es transitorio ni resultado de un shock puntual<\/strong>. Hay rubros que encabezan la lista de deterioro, como&nbsp;<strong>el textil e indumentaria y el metal\u00fargico<\/strong>, pero lo m\u00e1s llamativo es que&nbsp;<strong>todas las ramas de la industria, sin excepci\u00f3n, presentan ca\u00eddas en los \u00faltimos dos a\u00f1os<\/strong>.<\/p>\n\n\n\n<h3 class=\"wp-block-heading\">Balcanizaci\u00f3n en marcha<\/h3>\n\n\n\n<p>Milei profundiza la desgracia nacional que signific\u00f3 la reforma constitucional de 1994 en cuanto a otorgar la reelecci\u00f3n del menemismo para terminar de entregar el pa\u00eds, otorgando la feudalizaci\u00f3n del pa\u00eds, provincializando los recursos naturales, otorgando un poder a los gobernadores por sobre la Naci\u00f3n parados sobre la soja, el petr\u00f3leo, el litio y el control de los acu\u00edferos.<\/p>\n\n\n\n<p>Milei convierte las provincias en feudos acaudillados por pol\u00edticos que le deber\u00e1n rendir pleites\u00edas, por haber destruido el federalismo recortando recursos coparticipables logrando una dependencia donde algunos gobernadores act\u00faan como vasallos donde aceptan -por las buenas o por las malas- lo que suceda con Argentina. Esto es notoriamente una realidad que demuestra la pol\u00edtica institucional que impone Milei, <strong>obligando a los gobernadores a ocuparse exclusivamente de sus problemas de gesti\u00f3n y que junto a sus pueblos no tengan tiempo de ocuparse del pa\u00eds que integran -cuando deber\u00edan compartir como argentinos- los recursos, riquezas y el destino de un Estado independiente, justo y soberano.<\/strong><\/p>\n\n\n\n<p>La integridad territorial de nuestro pa\u00eds est\u00e1 siendo vulnerada mediante diversos medios, arrancando por el DNU 70\/23 donde se sientan las bases del desguace de \u00e1reas estrat\u00e9gicas, cambiando de hecho la propia Ley de Tierras, dejando sin l\u00edmites para la adquisici\u00f3n por parte de extranjeros el territorio nacional. Se desarrolla<strong> una pol\u00edtica sistem\u00e1tica que endeuda al pa\u00eds para luego, canjear deuda por bienes naturales<\/strong>.<\/p>\n\n\n\n<p>Es recordado el plan expuesto p\u00fablicamente por el nuevo embajador de EEUU en Argentina, Peter Lamelas, cuando resalt\u00f3 antes de asumir que existen <strong>\u201c23 provincias y cada una de ellas tiene su propio gobierno independiente\u201d, <\/strong>pero \u201ccada gobierno independiente podr\u00eda negociar con fuerzas externas, con los chinos u otros, para que vengan y realicen proyectos en esa provincia en particular, lo que tambi\u00e9n podr\u00eda dar lugar a corrupci\u00f3n, a corrupci\u00f3n por parte de los chinos\u201d. \u201cUna de mis funciones como embajador ser\u00eda viajar a todas las provincias y dialogar y&nbsp;<strong>establecer una verdadera colaboraci\u00f3n con esos gobernadores<\/strong>\u201d.<\/p>\n\n\n<div class=\"wp-block-image\">\n<figure class=\"aligncenter size-large is-resized\"><img data-recalc-dims=\"1\" loading=\"lazy\" decoding=\"async\" width=\"696\" height=\"392\" src=\"https:\/\/i0.wp.com\/vamosporlaliberacion.org\/crpmlm\/wp-content\/uploads\/2025\/10\/1000192666-700x394.jpg?resize=696%2C392\" alt=\"\" class=\"wp-image-28692\" style=\"width:643px;height:auto\" srcset=\"https:\/\/i0.wp.com\/vamosporlaliberacion.org\/crpmlm\/wp-content\/uploads\/2025\/10\/1000192666.jpg?resize=700%2C394&amp;ssl=1 700w, https:\/\/i0.wp.com\/vamosporlaliberacion.org\/crpmlm\/wp-content\/uploads\/2025\/10\/1000192666.jpg?resize=300%2C169&amp;ssl=1 300w, https:\/\/i0.wp.com\/vamosporlaliberacion.org\/crpmlm\/wp-content\/uploads\/2025\/10\/1000192666.jpg?resize=768%2C432&amp;ssl=1 768w, https:\/\/i0.wp.com\/vamosporlaliberacion.org\/crpmlm\/wp-content\/uploads\/2025\/10\/1000192666.jpg?resize=1536%2C864&amp;ssl=1 1536w, https:\/\/i0.wp.com\/vamosporlaliberacion.org\/crpmlm\/wp-content\/uploads\/2025\/10\/1000192666.jpg?resize=150%2C84&amp;ssl=1 150w, https:\/\/i0.wp.com\/vamosporlaliberacion.org\/crpmlm\/wp-content\/uploads\/2025\/10\/1000192666.jpg?resize=696%2C392&amp;ssl=1 696w, https:\/\/i0.wp.com\/vamosporlaliberacion.org\/crpmlm\/wp-content\/uploads\/2025\/10\/1000192666.jpg?resize=1068%2C601&amp;ssl=1 1068w, https:\/\/i0.wp.com\/vamosporlaliberacion.org\/crpmlm\/wp-content\/uploads\/2025\/10\/1000192666.jpg?resize=747%2C420&amp;ssl=1 747w, https:\/\/i0.wp.com\/vamosporlaliberacion.org\/crpmlm\/wp-content\/uploads\/2025\/10\/1000192666.jpg?w=1600&amp;ssl=1 1600w, https:\/\/i0.wp.com\/vamosporlaliberacion.org\/crpmlm\/wp-content\/uploads\/2025\/10\/1000192666.jpg?w=1392&amp;ssl=1 1392w\" sizes=\"auto, (max-width: 696px) 100vw, 696px\" \/><\/figure>\n<\/div>\n\n\n<p>El objetivo que persigue el proyecto aprobado en una de las c\u00e1maras sobre la modificaci\u00f3n de la Ley de glaciares, est\u00e1 basado en los acuerdos firmados por Milei con Estados Unidos en el marco de la Alianza para la Seguridad de los Minerales Cr\u00edticos.<\/p>\n\n\n\n<p>El fuerte del lobby de las mineras se basa en sostener precisamente el art\u00edculo 124 de la Constituci\u00f3n Nacional, que establece el dominio originario de los recursos naturales en las provincias (quiz\u00e1s este sea el principal problema que amerite en un futuro una revisi\u00f3n constitucional) y el art\u00edculo 41 sobre el cuidado del ambiente y los presupuestos m\u00ednimos van de la mano. A las mineras siempre les interes\u00f3 que todo el poder de decisi\u00f3n recayera sobre las provincias, sobre las que pueden ejercer, a priori, un lobby m\u00e1s efectivo.<\/p>\n\n\n\n<p>Se estima que 13 millones de hect\u00e1reas de suelo argentino que est\u00e1n bajo control de personas f\u00edsicas o jur\u00eddicas extranjeras, equivalente a la Provincia de Santa Fe (13.300.000) hect\u00e1reas.<\/p>\n\n\n\n<p>No se trata de tierras productivas comunes; las adquisiciones se concentran en: <strong>Zonas de Frontera<\/strong>, violando la seguridad nacional al permitir que s\u00fabditos o empresas de potencias en conflicto (como el Reino Unido) posean tierras en \u00e1reas lim\u00edtrofes. <strong>Recursos H\u00eddricos: <\/strong>El acceso a acu\u00edferos y lagos naturales, garantizando el control del agua dulce para el futuro. <strong>Miner\u00eda y Litio: <\/strong>En el norte, el control de las tierras permite a empresas de EE.UU. e Israel asegurar el acceso al litio (US$ 21.500\/ton) y al oro, cuyo precio r\u00e9cord supera los <strong>US$ 5.038 por onza <\/strong>en febrero de 2026.<\/p>\n\n\n\n<p><strong>En nuestro pa\u00eds,<\/strong> <strong>no es solo de ocupaci\u00f3n territorial, sino de control de flujos de informaci\u00f3n, energ\u00eda y recursos alimentarios, subordinando la soberan\u00eda nacional a los intereses globales de la OTAN y sus aliados estrat\u00e9gicos.<\/strong><\/p>\n\n\n\n<p>La presencia de los Estados Unidos en Tierra del Fuego responde a la necesidad del Pent\u00e1gono de asegurar el control del <strong>Paso Bioce\u00e1nico <\/strong>y la proyecci\u00f3n hacia la Ant\u00e1rtida bajo la doctrina de seguridad hemisf\u00e9rica.<\/p>\n\n\n\n<p><strong>La Sucesi\u00f3n de Mandos: Una Estrategia de Continuidad <\/strong>La atenci\u00f3n de Washington sobre Ushuaia ha sido ininterrumpida, manifest\u00e1ndose a trav\u00e9s de la llegada de tres jefes sucesivos del Comando Sur:<\/p>\n\n\n\n<p>En abril de 2026, se ejecutar\u00e1 el ejercicio militar de mayor despliegue en la regi\u00f3n del Estrecho de Drake: <strong>Operativo \u00abDaga Atl\u00e1ntica\u00bb (Atlantic Dagger 2026)<\/strong><\/p>\n\n\n\n<p><strong>(Fuente: Soberan\u00eda Bajo Asedio: \u201cLa Injerencia Extranjera en la Argentina y en el Atl\u00e1ntico Sur\u201d)<\/strong><\/p>\n\n\n\n<p><strong>La alianza estrat\u00e9gica del gobierno nacional con EEUU e Israel fue nuevamente puesta en escena en el \u00faltimo viaje de Milei a EEUU donde se coloca directamente en ese eje geopol\u00edtico en el marco de la guerra a Ir\u00e1n, afirmando que \u201clos vamos derrotar\u201d y ofreciendo \u201ccascos blancos\u201d para Palestina. Argentina es el \u00fanico pa\u00eds de Am\u00e9rica Latina que hizo p\u00fablico y se involucr\u00f3 en la agresi\u00f3n a Ir\u00e1n.<\/strong><\/p>\n\n\n<div class=\"wp-block-image\">\n<figure class=\"aligncenter size-large is-resized\"><img data-recalc-dims=\"1\" loading=\"lazy\" decoding=\"async\" width=\"696\" height=\"392\" src=\"https:\/\/i0.wp.com\/vamosporlaliberacion.org\/crpmlm\/wp-content\/uploads\/2026\/03\/ataque-sraeli-a-Teheran-Iran.jpg?resize=696%2C392&#038;ssl=1\" alt=\"\" class=\"wp-image-28837\" style=\"aspect-ratio:1.7761517074364535;width:853px;height:auto\" srcset=\"https:\/\/i0.wp.com\/vamosporlaliberacion.org\/crpmlm\/wp-content\/uploads\/2026\/03\/ataque-sraeli-a-Teheran-Iran.jpg?resize=700%2C394&amp;ssl=1 700w, https:\/\/i0.wp.com\/vamosporlaliberacion.org\/crpmlm\/wp-content\/uploads\/2026\/03\/ataque-sraeli-a-Teheran-Iran.jpg?resize=300%2C169&amp;ssl=1 300w, https:\/\/i0.wp.com\/vamosporlaliberacion.org\/crpmlm\/wp-content\/uploads\/2026\/03\/ataque-sraeli-a-Teheran-Iran.jpg?resize=768%2C432&amp;ssl=1 768w, https:\/\/i0.wp.com\/vamosporlaliberacion.org\/crpmlm\/wp-content\/uploads\/2026\/03\/ataque-sraeli-a-Teheran-Iran.jpg?resize=1536%2C865&amp;ssl=1 1536w, https:\/\/i0.wp.com\/vamosporlaliberacion.org\/crpmlm\/wp-content\/uploads\/2026\/03\/ataque-sraeli-a-Teheran-Iran.jpg?resize=150%2C84&amp;ssl=1 150w, https:\/\/i0.wp.com\/vamosporlaliberacion.org\/crpmlm\/wp-content\/uploads\/2026\/03\/ataque-sraeli-a-Teheran-Iran.jpg?resize=696%2C392&amp;ssl=1 696w, https:\/\/i0.wp.com\/vamosporlaliberacion.org\/crpmlm\/wp-content\/uploads\/2026\/03\/ataque-sraeli-a-Teheran-Iran.jpg?resize=1068%2C601&amp;ssl=1 1068w, https:\/\/i0.wp.com\/vamosporlaliberacion.org\/crpmlm\/wp-content\/uploads\/2026\/03\/ataque-sraeli-a-Teheran-Iran.jpg?resize=746%2C420&amp;ssl=1 746w, https:\/\/i0.wp.com\/vamosporlaliberacion.org\/crpmlm\/wp-content\/uploads\/2026\/03\/ataque-sraeli-a-Teheran-Iran.jpg?w=1920&amp;ssl=1 1920w, https:\/\/i0.wp.com\/vamosporlaliberacion.org\/crpmlm\/wp-content\/uploads\/2026\/03\/ataque-sraeli-a-Teheran-Iran.jpg?w=1392&amp;ssl=1 1392w\" sizes=\"auto, (max-width: 696px) 100vw, 696px\" \/><figcaption class=\"wp-element-caption\">Ataque de Israel con misiles en Teheran &#8211; Ir\u00e1n.<\/figcaption><\/figure>\n<\/div>\n\n\n<p>Esta alianza estrat\u00e9gica se ubica en el marco de la<strong> \u201cnueva doctrina de seguridad nacional de EEUU\u201d<\/strong> que marca una ruptura brutal por su car\u00e1cter abiertamente militarista, autoritario e ideol\u00f3gicamente reaccionario.<\/p>\n\n\n\n<h3 class=\"wp-block-heading\">2026, a\u00f1o bisagra<\/h3>\n\n\n\n<p>El Congreso se transform\u00f3 en una escriban\u00eda del ejecutivo con mayor\u00eda transitoria en ambas c\u00e1maras. Esa realidad ha puesto sobre la mesa que para aquellos sectores que cre\u00edan que hacer pasar toda la lucha pol\u00edtica por los \u00e1mbitos institucionales era el camino, las ultimas elecciones y la billetera terminaron de sepultar esas ideas.<\/p>\n\n\n\n<p>La carrera hacia el 2027 ya se larg\u00f3 y Milei va por la reelecci\u00f3n buscando liderar la alianza de derecha, plagada de internas y divisiones con el PRO dividido al igual que la UCR. El propio Macri sale a despegarse del ejecutivo y prepara su propia estrategia electoral, aunque todo esto puede cambiar en minutos, ya que no hay principios que los contenga.<\/p>\n\n\n\n<p>El peronismo busca unirse desde posiciones de centro y centro derecha con el lema <strong>\u201ctodos adentro\u201d<\/strong> en una especie de \u201cfrente patri\u00f3tico\u201d<strong>.<\/strong> Miguel Pichetto (este que fue candidato a vicepresidente en la formula con Macri en el 2019 y el que le garantiz\u00f3 con su voto la entrada de Rosatti y Rosenkrantz a la Corte Suprema), tom\u00f3 la posta y visit\u00f3 d\u00edas pasados a Cristina Kirchner en San Jos\u00e9 1111 coincidiendo en la premisa de la unidad del peronismo para enfrentar a Milei. Luego el diputado peronista comparti\u00f3 un acto con Guillermo Moreno y el \u201cgringo\u201d Castro (Ex Mov. Evita) en la misma direcci\u00f3n, haciendo un llamado a todos los sectores del peronismo. \u201cHay lugar para todos, dicen desde ese v\u00e9rtice. Mensaje para Kicillof, Grabois, Schiaretti\u2026todos adentro\u201d.<\/p>\n\n\n\n<p>Estos movimientos en el terreno de la pol\u00edtica y sindical, no son ajenos al fracaso del plan econ\u00f3mico y en particular a los cambios, enfrentamientos y movimientos que transita el ejecutivo con ceos de monopolios como Paolo Rocca (Grupo Techint), Javier Madanes Quintanilla (Aluar\/Fate), Jorge Brito (Banco Macro) y Roberto M\u00e9ndez (Neumen), entre otros\u2026<\/p>\n\n\n\n<p>Sin dudas que la polaridad se va ir agudizando a medida que se acerque el a\u00f1o electoral, pero la mayor\u00eda de los sectores de clases dominantes, se ubican en occidente en el plano internacional, algunos apoyando y otros callando sobre las aberraciones de EEUU en el continente, en particular sobre Venezuela y Cuba y en la guerra en medio oriente.<\/p>\n\n\n\n<p>En la oposici\u00f3n, Moreno o Pichetto se ubican en el andarivel de occidente. El propio Moreno sostiene que Trump \u201chace peronismo\u201d en la cuesti\u00f3n arancelaria y que en definitiva la \u201cdoctrina Monroe nos incluye\u201d. Llamativamente Kicillof, si bien no le pone el t\u00edtulo de \u201cperonismo\u201d, utiliza el \u201cproteccionismo\u201d de Trump contra el aperturismo de Milei.<\/p>\n\n\n\n<p><strong>Reconocen, al igual que el propio gobierno venezolano, que EEUU manda en la regi\u00f3n, pero la actitud pol\u00edtica no los lleva al independentismo, sino a buscar \u201cun lugar bajo el sol\u201d de un nuevo ciclo internacional.<\/strong> Si bien algunos sectores como el kirchnerismo tienen mas llegada con China, estos sectores acompa\u00f1an la estrategia de aquella potencia que es la de poner por delante su desarrollo econ\u00f3mico mundial para transformarse en diez a\u00f1os como la primera econom\u00eda del mundo con un escudo militar acorde a ese desarrollo. En el terreno de la geopol\u00edtica, aplica la premisa de esperar el momento oportuno, mientras <em>\u201cmiran desde la monta\u00f1a a los tigres pelearse\u201d<\/em> como dir\u00eda Den Xiaoping.<\/p>\n\n\n\n<p><strong>En el plano local, estos sectores opositores, no van a estimular la lucha social como factor para golpear la pol\u00edtica del gobierno y \u201cmover\u201d la estanter\u00eda de los sectores dominantes empujando un cambio en la situaci\u00f3n pol\u00edtica.<\/strong><\/p>\n\n\n\n<p>Pero la realidad se va imponiendo a los armados por arriba, y es la clase obrera, duramente golpeada la que se va calzando al hombro la lucha. Son decenas de f\u00e1bricas las que son ocupadas y resisten la sangr\u00eda del \u201cindustricidio\u201d de un modelo que no los necesita y les dice que se \u201creconviertan\u201d como con las privatizaciones del menemismo en los \u00b490 donde hab\u00eda cinco verduler\u00edas por cuadra en los barrios que rodeaban las f\u00e1bricas cerradas.<\/p>\n\n\n\n<p><strong>El surgimiento de espacios sindicales como el FreSU (Frente de Sindicatos Unidos) centralizado por el gremio de aceiteros, la UOM y ATE pero que re\u00fane a m\u00e1s de 100 gremios provinciales y nacionales, lleg\u00f3 para quedarse y mostr\u00f3 con la resistencia en las calles a la Ley de \u201cmodernizaci\u00f3n laboral\u201d que hay un lugar para aquellos sectores que resisten frente al abandono de la CGT que una vez m\u00e1s mostr\u00f3 que los jerarcas sindicales son parte del entramado de los due\u00f1os del poder para mantener el statu quo de la dependencia y la superexplotaci\u00f3n.<\/strong><\/p>\n\n\n<div class=\"wp-block-image\">\n<figure class=\"aligncenter size-large is-resized\"><img data-recalc-dims=\"1\" loading=\"lazy\" decoding=\"async\" width=\"696\" height=\"464\" src=\"https:\/\/i0.wp.com\/vamosporlaliberacion.org\/crpmlm\/wp-content\/uploads\/2026\/03\/FRESU-700x467.jpg?resize=696%2C464\" alt=\"\" class=\"wp-image-28836\" style=\"width:859px;height:auto\" srcset=\"https:\/\/i0.wp.com\/vamosporlaliberacion.org\/crpmlm\/wp-content\/uploads\/2026\/03\/FRESU.jpg?resize=700%2C467&amp;ssl=1 700w, https:\/\/i0.wp.com\/vamosporlaliberacion.org\/crpmlm\/wp-content\/uploads\/2026\/03\/FRESU.jpg?resize=300%2C200&amp;ssl=1 300w, https:\/\/i0.wp.com\/vamosporlaliberacion.org\/crpmlm\/wp-content\/uploads\/2026\/03\/FRESU.jpg?resize=768%2C512&amp;ssl=1 768w, https:\/\/i0.wp.com\/vamosporlaliberacion.org\/crpmlm\/wp-content\/uploads\/2026\/03\/FRESU.jpg?resize=150%2C100&amp;ssl=1 150w, https:\/\/i0.wp.com\/vamosporlaliberacion.org\/crpmlm\/wp-content\/uploads\/2026\/03\/FRESU.jpg?resize=696%2C464&amp;ssl=1 696w, https:\/\/i0.wp.com\/vamosporlaliberacion.org\/crpmlm\/wp-content\/uploads\/2026\/03\/FRESU.jpg?resize=1068%2C712&amp;ssl=1 1068w, https:\/\/i0.wp.com\/vamosporlaliberacion.org\/crpmlm\/wp-content\/uploads\/2026\/03\/FRESU.jpg?resize=630%2C420&amp;ssl=1 630w, https:\/\/i0.wp.com\/vamosporlaliberacion.org\/crpmlm\/wp-content\/uploads\/2026\/03\/FRESU.jpg?w=1200&amp;ssl=1 1200w\" sizes=\"auto, (max-width: 696px) 100vw, 696px\" \/><figcaption class=\"wp-element-caption\">FRESU- Marcha contra la reforma laboral esclavista de Milei.<\/figcaption><\/figure>\n<\/div>\n\n\n<p>El cierre de FATE muestra como los empresarios que se llenaron los bolsillos con las pol\u00edticas del llamado progresismo, la derecha y la ultraderecha, est\u00e1n dispuestos a reconvertirse dejando miles de familias en las calles, mientras vuelcan sus ganancias a la especulaci\u00f3n o nuevos mercados. Ahora, ya promulgada la Ley laboral, las patronales buscaran imponerla rebajando indemnizaciones o directamente quit\u00e1ndolas, junto con los otros derechos laborales constitucionales eliminados con la nueva ley.<\/p>\n\n\n\n<p>La ocupaci\u00f3n de la planta por parte de los trabajadores oblig\u00f3 a la justicia a reconocer que est\u00e1n defendiendo la fuente de trabajo amparados en el Art 14 bis de la CN, rechazando el desalojo solicitado por la fiscal\u00eda.<\/p>\n\n\n\n<p>Rodear la lucha de los trabajadores de FATE es marcar una l\u00ednea de resistencia al modelo econ\u00f3mico, pero tambi\u00e9n poner en debate nuevamente el camino de la recuperaci\u00f3n de las f\u00e1bricas que cierran, donde los Estados deber\u00e1n jugar un rol fundamental en la defensa de la fuente de trabajo, pero tambi\u00e9n en mostrar que se puede producir para los intereses nacionales.<\/p>\n\n\n\n<p>De igual manera, rodear la lucha de lxs trabajadorxs judiciales es sostener un instrumento legal en beneficio de los trabajadores frente a la eliminaci\u00f3n del Fuero Federal Laboral. <em>\u201cComprender que formamos parte de una ofensiva general contra toda la masa de laburantes y que nuestro fuero tiene un rol fundamental en ese sentido y que desde hace 30 a\u00f1os que se busca traspasarlo a la Ciudad y destruirlo. La ofensiva la compone, por un lado, la destrucci\u00f3n del aparato productivo nacional, los cierres y despidos de f\u00e1bricas y el afianzamiento del modelo extractivista\/financiero\u201d<\/em> (https:\/\/vamosporlaliberacion.org\/crpmlm\/no-a-la-liquidacion-del-fuero-nacional-del-trabajo\/).<\/p>\n\n\n\n<p>Nuevos dirigentes van surgiendo en estas luchas, frente a la complicidad o quietud de las dirigencias sindicales y la CGT, de espaldas a lxs trabajadorxs.<\/p>\n\n\n\n<p><strong>Las calles deben mandar en este periodo, y desde all\u00ed debe nacer la coordinaci\u00f3n y programa pol\u00edtico necesario y amplio. Debemos pugnar porque la lucha econ\u00f3mica vaya abriendo paso a la lucha pol\u00edtica. <\/strong>As\u00ed fueron las experiencias de los centros coordinadores de lucha en los \u00b490 o iniciado el siglo XXI. Marchas Federales, ocupaciones, paros y cortes de rutas. \u00bfPor qu\u00e9 tiene que ser distinto en este per\u00edodo? <strong>La diferencia en este periodo es la de pugnar para que esos procesos no terminen en la \u201cv\u00eda muerta\u201d de alg\u00fan sector o sectores de las clases dominantes.<\/strong><\/p>\n\n\n\n<p><strong>Por ello, tambi\u00e9n trabajamos con independencia en el plano pol\u00edtico y gremial.<\/strong> Fuimos protagonistas en las jornadas de lucha contra la reforma laboral en TDF, Bah\u00eda Blanca, C\u00f3rdoba y Capital.<\/p>\n\n\n\n<p>La docencia se hizo notar en el no inicio de clases en varias provincias. En Tierra del Fuego el SUTEF mantiene un plan de lucha que incluy\u00f3 paro de 48hs, movilizaciones y marcha de antorchas.<\/p>\n\n\n\n<p>La marcha del 8 de marzo fue masiva en todo el pa\u00eds. En Capital Federal decenas de miles llenaron las calles y la Plaza de Mayo.<\/p>\n\n\n\n<p>Sigue la lucha de lxs judiciales contra la eliminaci\u00f3n del Fuero Federal Laboral.<\/p>\n\n\n\n<p>La docencia universitaria se prepara para el no inicio y AGD aprob\u00f3 un paro por tiempo indeterminado.<\/p>\n\n\n\n<p><strong>Decenas de luchas van surgiendo a lo largo y ancho del pa\u00eds. La situaci\u00f3n no se aguanta mas en las familias argentinas endeudadas por salarios de pobreza y golpeadas por la falta de trabajo y perspectivas.<\/strong><\/p>\n\n\n\n<h2 class=\"wp-block-heading\"><strong>\u00a1HAY DISPOSICI\u00d3N DE LUCHA!<\/strong><\/h2>\n\n\n\n<p class=\"has-text-align-right\"><strong><em>CR (Comunismo Revolucionario)<\/em><\/strong><\/p>\n\n\n\n<p><\/p>\n<!-- AddThis Advanced Settings generic via filter on the_content --><!-- AddThis Share Buttons generic via filter on the_content -->","protected":false},"excerpt":{"rendered":"<p>Documento para el debate Mientras la alianza de la ultraderecha y la derecha tradicional, que suma a algunos gobernadores y conversos se unen para hacer pasar el paquete de leyes regresivas, endeudar m\u00e1s al pa\u00eds y entregar las riquezas estrat\u00e9gicas comunes, por abajo la clase obrera y otros sectores populares que padecen el castigo infinito [&hellip;]<!-- AddThis Advanced Settings generic via filter on get_the_excerpt --><!-- AddThis Share Buttons generic via filter on get_the_excerpt --><\/p>\n","protected":false},"author":9,"featured_media":28832,"comment_status":"closed","ping_status":"closed","sticky":false,"template":"","format":"standard","meta":{"_jetpack_memberships_contains_paid_content":false,"footnotes":""},"categories":[1881,1699],"tags":[],"class_list":{"0":"post-28831","1":"post","2":"type-post","3":"status-publish","4":"format-standard","5":"has-post-thumbnail","7":"category-editoriales","8":"category-noticias"},"yoast_head":"<!-- This site is optimized with the Yoast SEO plugin v27.4 - https:\/\/yoast.com\/product\/yoast-seo-wordpress\/ -->\n<title>Algo empez\u00f3 a cambiar - Vamos por la Liberaci\u00f3n<\/title>\n<meta name=\"robots\" content=\"index, follow, max-snippet:-1, max-image-preview:large, max-video-preview:-1\" \/>\n<link rel=\"canonical\" href=\"https:\/\/vamosporlaliberacion.org\/crpmlm\/algo-empezo-a-cambiar\/\" \/>\n<meta name=\"twitter:label1\" content=\"Escrito por\" \/>\n\t<meta name=\"twitter:data1\" content=\"Prensa Vamos\" \/>\n\t<meta name=\"twitter:label2\" content=\"Tiempo de lectura\" \/>\n\t<meta name=\"twitter:data2\" content=\"20 minutos\" \/>\n<script type=\"application\/ld+json\" class=\"yoast-schema-graph\">{\"@context\":\"https:\\\/\\\/schema.org\",\"@graph\":[{\"@type\":\"Article\",\"@id\":\"https:\\\/\\\/vamosporlaliberacion.org\\\/crpmlm\\\/algo-empezo-a-cambiar\\\/#article\",\"isPartOf\":{\"@id\":\"https:\\\/\\\/vamosporlaliberacion.org\\\/crpmlm\\\/algo-empezo-a-cambiar\\\/\"},\"author\":{\"name\":\"Prensa Vamos\",\"@id\":\"https:\\\/\\\/vamosporlaliberacion.org\\\/crpmlm\\\/#\\\/schema\\\/person\\\/ebdbd4bf0e9418b9f0c0a93395366b2f\"},\"headline\":\"Algo empez\u00f3 a cambiar\",\"datePublished\":\"2026-03-11T17:40:12+00:00\",\"dateModified\":\"2026-03-11T19:28:13+00:00\",\"mainEntityOfPage\":{\"@id\":\"https:\\\/\\\/vamosporlaliberacion.org\\\/crpmlm\\\/algo-empezo-a-cambiar\\\/\"},\"wordCount\":4142,\"image\":{\"@id\":\"https:\\\/\\\/vamosporlaliberacion.org\\\/crpmlm\\\/algo-empezo-a-cambiar\\\/#primaryimage\"},\"thumbnailUrl\":\"https:\\\/\\\/i0.wp.com\\\/vamosporlaliberacion.org\\\/crpmlm\\\/wp-content\\\/uploads\\\/2026\\\/03\\\/Caputo-Milei.jpg?fit=992%2C558&ssl=1\",\"articleSection\":[\"Editoriales\",\"Noticias\"],\"inLanguage\":\"es\"},{\"@type\":\"WebPage\",\"@id\":\"https:\\\/\\\/vamosporlaliberacion.org\\\/crpmlm\\\/algo-empezo-a-cambiar\\\/\",\"url\":\"https:\\\/\\\/vamosporlaliberacion.org\\\/crpmlm\\\/algo-empezo-a-cambiar\\\/\",\"name\":\"Algo empez\u00f3 a cambiar - Vamos por la Liberaci\u00f3n\",\"isPartOf\":{\"@id\":\"https:\\\/\\\/vamosporlaliberacion.org\\\/crpmlm\\\/#website\"},\"primaryImageOfPage\":{\"@id\":\"https:\\\/\\\/vamosporlaliberacion.org\\\/crpmlm\\\/algo-empezo-a-cambiar\\\/#primaryimage\"},\"image\":{\"@id\":\"https:\\\/\\\/vamosporlaliberacion.org\\\/crpmlm\\\/algo-empezo-a-cambiar\\\/#primaryimage\"},\"thumbnailUrl\":\"https:\\\/\\\/i0.wp.com\\\/vamosporlaliberacion.org\\\/crpmlm\\\/wp-content\\\/uploads\\\/2026\\\/03\\\/Caputo-Milei.jpg?fit=992%2C558&ssl=1\",\"datePublished\":\"2026-03-11T17:40:12+00:00\",\"dateModified\":\"2026-03-11T19:28:13+00:00\",\"author\":{\"@id\":\"https:\\\/\\\/vamosporlaliberacion.org\\\/crpmlm\\\/#\\\/schema\\\/person\\\/ebdbd4bf0e9418b9f0c0a93395366b2f\"},\"breadcrumb\":{\"@id\":\"https:\\\/\\\/vamosporlaliberacion.org\\\/crpmlm\\\/algo-empezo-a-cambiar\\\/#breadcrumb\"},\"inLanguage\":\"es\",\"potentialAction\":[{\"@type\":\"ReadAction\",\"target\":[\"https:\\\/\\\/vamosporlaliberacion.org\\\/crpmlm\\\/algo-empezo-a-cambiar\\\/\"]}]},{\"@type\":\"ImageObject\",\"inLanguage\":\"es\",\"@id\":\"https:\\\/\\\/vamosporlaliberacion.org\\\/crpmlm\\\/algo-empezo-a-cambiar\\\/#primaryimage\",\"url\":\"https:\\\/\\\/i0.wp.com\\\/vamosporlaliberacion.org\\\/crpmlm\\\/wp-content\\\/uploads\\\/2026\\\/03\\\/Caputo-Milei.jpg?fit=992%2C558&ssl=1\",\"contentUrl\":\"https:\\\/\\\/i0.wp.com\\\/vamosporlaliberacion.org\\\/crpmlm\\\/wp-content\\\/uploads\\\/2026\\\/03\\\/Caputo-Milei.jpg?fit=992%2C558&ssl=1\",\"width\":992,\"height\":558},{\"@type\":\"BreadcrumbList\",\"@id\":\"https:\\\/\\\/vamosporlaliberacion.org\\\/crpmlm\\\/algo-empezo-a-cambiar\\\/#breadcrumb\",\"itemListElement\":[{\"@type\":\"ListItem\",\"position\":1,\"name\":\"Portada\",\"item\":\"https:\\\/\\\/vamosporlaliberacion.org\\\/crpmlm\\\/\"},{\"@type\":\"ListItem\",\"position\":2,\"name\":\"Algo empez\u00f3 a cambiar\"}]},{\"@type\":\"WebSite\",\"@id\":\"https:\\\/\\\/vamosporlaliberacion.org\\\/crpmlm\\\/#website\",\"url\":\"https:\\\/\\\/vamosporlaliberacion.org\\\/crpmlm\\\/\",\"name\":\"Vamos por la Liberaci\u00f3n\",\"description\":\"Prensa CR\",\"potentialAction\":[{\"@type\":\"SearchAction\",\"target\":{\"@type\":\"EntryPoint\",\"urlTemplate\":\"https:\\\/\\\/vamosporlaliberacion.org\\\/crpmlm\\\/?s={search_term_string}\"},\"query-input\":{\"@type\":\"PropertyValueSpecification\",\"valueRequired\":true,\"valueName\":\"search_term_string\"}}],\"inLanguage\":\"es\"},{\"@type\":\"Person\",\"@id\":\"https:\\\/\\\/vamosporlaliberacion.org\\\/crpmlm\\\/#\\\/schema\\\/person\\\/ebdbd4bf0e9418b9f0c0a93395366b2f\",\"name\":\"Prensa Vamos\",\"sameAs\":[\"http:\\\/\\\/vamposporlaliberacion.org\"],\"url\":\"https:\\\/\\\/vamosporlaliberacion.org\\\/crpmlm\\\/author\\\/editor\\\/\"}]}<\/script>\n<!-- \/ Yoast SEO plugin. -->","yoast_head_json":{"title":"Algo empez\u00f3 a cambiar - Vamos por la Liberaci\u00f3n","robots":{"index":"index","follow":"follow","max-snippet":"max-snippet:-1","max-image-preview":"max-image-preview:large","max-video-preview":"max-video-preview:-1"},"canonical":"https:\/\/vamosporlaliberacion.org\/crpmlm\/algo-empezo-a-cambiar\/","twitter_misc":{"Escrito por":"Prensa Vamos","Tiempo de lectura":"20 minutos"},"schema":{"@context":"https:\/\/schema.org","@graph":[{"@type":"Article","@id":"https:\/\/vamosporlaliberacion.org\/crpmlm\/algo-empezo-a-cambiar\/#article","isPartOf":{"@id":"https:\/\/vamosporlaliberacion.org\/crpmlm\/algo-empezo-a-cambiar\/"},"author":{"name":"Prensa Vamos","@id":"https:\/\/vamosporlaliberacion.org\/crpmlm\/#\/schema\/person\/ebdbd4bf0e9418b9f0c0a93395366b2f"},"headline":"Algo empez\u00f3 a cambiar","datePublished":"2026-03-11T17:40:12+00:00","dateModified":"2026-03-11T19:28:13+00:00","mainEntityOfPage":{"@id":"https:\/\/vamosporlaliberacion.org\/crpmlm\/algo-empezo-a-cambiar\/"},"wordCount":4142,"image":{"@id":"https:\/\/vamosporlaliberacion.org\/crpmlm\/algo-empezo-a-cambiar\/#primaryimage"},"thumbnailUrl":"https:\/\/i0.wp.com\/vamosporlaliberacion.org\/crpmlm\/wp-content\/uploads\/2026\/03\/Caputo-Milei.jpg?fit=992%2C558&ssl=1","articleSection":["Editoriales","Noticias"],"inLanguage":"es"},{"@type":"WebPage","@id":"https:\/\/vamosporlaliberacion.org\/crpmlm\/algo-empezo-a-cambiar\/","url":"https:\/\/vamosporlaliberacion.org\/crpmlm\/algo-empezo-a-cambiar\/","name":"Algo empez\u00f3 a cambiar - Vamos por la Liberaci\u00f3n","isPartOf":{"@id":"https:\/\/vamosporlaliberacion.org\/crpmlm\/#website"},"primaryImageOfPage":{"@id":"https:\/\/vamosporlaliberacion.org\/crpmlm\/algo-empezo-a-cambiar\/#primaryimage"},"image":{"@id":"https:\/\/vamosporlaliberacion.org\/crpmlm\/algo-empezo-a-cambiar\/#primaryimage"},"thumbnailUrl":"https:\/\/i0.wp.com\/vamosporlaliberacion.org\/crpmlm\/wp-content\/uploads\/2026\/03\/Caputo-Milei.jpg?fit=992%2C558&ssl=1","datePublished":"2026-03-11T17:40:12+00:00","dateModified":"2026-03-11T19:28:13+00:00","author":{"@id":"https:\/\/vamosporlaliberacion.org\/crpmlm\/#\/schema\/person\/ebdbd4bf0e9418b9f0c0a93395366b2f"},"breadcrumb":{"@id":"https:\/\/vamosporlaliberacion.org\/crpmlm\/algo-empezo-a-cambiar\/#breadcrumb"},"inLanguage":"es","potentialAction":[{"@type":"ReadAction","target":["https:\/\/vamosporlaliberacion.org\/crpmlm\/algo-empezo-a-cambiar\/"]}]},{"@type":"ImageObject","inLanguage":"es","@id":"https:\/\/vamosporlaliberacion.org\/crpmlm\/algo-empezo-a-cambiar\/#primaryimage","url":"https:\/\/i0.wp.com\/vamosporlaliberacion.org\/crpmlm\/wp-content\/uploads\/2026\/03\/Caputo-Milei.jpg?fit=992%2C558&ssl=1","contentUrl":"https:\/\/i0.wp.com\/vamosporlaliberacion.org\/crpmlm\/wp-content\/uploads\/2026\/03\/Caputo-Milei.jpg?fit=992%2C558&ssl=1","width":992,"height":558},{"@type":"BreadcrumbList","@id":"https:\/\/vamosporlaliberacion.org\/crpmlm\/algo-empezo-a-cambiar\/#breadcrumb","itemListElement":[{"@type":"ListItem","position":1,"name":"Portada","item":"https:\/\/vamosporlaliberacion.org\/crpmlm\/"},{"@type":"ListItem","position":2,"name":"Algo empez\u00f3 a cambiar"}]},{"@type":"WebSite","@id":"https:\/\/vamosporlaliberacion.org\/crpmlm\/#website","url":"https:\/\/vamosporlaliberacion.org\/crpmlm\/","name":"Vamos por la Liberaci\u00f3n","description":"Prensa CR","potentialAction":[{"@type":"SearchAction","target":{"@type":"EntryPoint","urlTemplate":"https:\/\/vamosporlaliberacion.org\/crpmlm\/?s={search_term_string}"},"query-input":{"@type":"PropertyValueSpecification","valueRequired":true,"valueName":"search_term_string"}}],"inLanguage":"es"},{"@type":"Person","@id":"https:\/\/vamosporlaliberacion.org\/crpmlm\/#\/schema\/person\/ebdbd4bf0e9418b9f0c0a93395366b2f","name":"Prensa Vamos","sameAs":["http:\/\/vamposporlaliberacion.org"],"url":"https:\/\/vamosporlaliberacion.org\/crpmlm\/author\/editor\/"}]}},"jetpack_featured_media_url":"https:\/\/i0.wp.com\/vamosporlaliberacion.org\/crpmlm\/wp-content\/uploads\/2026\/03\/Caputo-Milei.jpg?fit=992%2C558&ssl=1","jetpack_sharing_enabled":true,"_links":{"self":[{"href":"https:\/\/vamosporlaliberacion.org\/crpmlm\/wp-json\/wp\/v2\/posts\/28831","targetHints":{"allow":["GET"]}}],"collection":[{"href":"https:\/\/vamosporlaliberacion.org\/crpmlm\/wp-json\/wp\/v2\/posts"}],"about":[{"href":"https:\/\/vamosporlaliberacion.org\/crpmlm\/wp-json\/wp\/v2\/types\/post"}],"author":[{"embeddable":true,"href":"https:\/\/vamosporlaliberacion.org\/crpmlm\/wp-json\/wp\/v2\/users\/9"}],"replies":[{"embeddable":true,"href":"https:\/\/vamosporlaliberacion.org\/crpmlm\/wp-json\/wp\/v2\/comments?post=28831"}],"version-history":[{"count":4,"href":"https:\/\/vamosporlaliberacion.org\/crpmlm\/wp-json\/wp\/v2\/posts\/28831\/revisions"}],"predecessor-version":[{"id":28841,"href":"https:\/\/vamosporlaliberacion.org\/crpmlm\/wp-json\/wp\/v2\/posts\/28831\/revisions\/28841"}],"wp:featuredmedia":[{"embeddable":true,"href":"https:\/\/vamosporlaliberacion.org\/crpmlm\/wp-json\/wp\/v2\/media\/28832"}],"wp:attachment":[{"href":"https:\/\/vamosporlaliberacion.org\/crpmlm\/wp-json\/wp\/v2\/media?parent=28831"}],"wp:term":[{"taxonomy":"category","embeddable":true,"href":"https:\/\/vamosporlaliberacion.org\/crpmlm\/wp-json\/wp\/v2\/categories?post=28831"},{"taxonomy":"post_tag","embeddable":true,"href":"https:\/\/vamosporlaliberacion.org\/crpmlm\/wp-json\/wp\/v2\/tags?post=28831"}],"curies":[{"name":"wp","href":"https:\/\/api.w.org\/{rel}","templated":true}]}}