{"id":28803,"date":"2026-02-13T07:52:30","date_gmt":"2026-02-13T10:52:30","guid":{"rendered":"https:\/\/vamosporlaliberacion.org\/crpmlm\/?p=28803"},"modified":"2026-02-13T13:25:40","modified_gmt":"2026-02-13T16:25:40","slug":"despedimos-a-vicente-torreiro-nuestro-querido-camarada-y-capitan","status":"publish","type":"post","link":"https:\/\/vamosporlaliberacion.org\/crpmlm\/despedimos-a-vicente-torreiro-nuestro-querido-camarada-y-capitan\/","title":{"rendered":"Despedimos a Vicente Torreiro, nuestro querido camarada y Capit\u00e1n Vanzo."},"content":{"rendered":"\n<p><strong>El Martes 3 de febrero falleci\u00f3 luego de una enfermedad traum\u00e1tica que lo llev\u00f3 aceleradamente a su final.<\/strong><\/p>\n\n\n\n<p><strong>Los familiares, esposa, hijos, amigos, camaradas y compa\u00f1eros de ruta como capit\u00e1n y marinero de pesqueros de altura, en un sentido homenaje y despedida dimos cuenta de su pasi\u00f3n y compa\u00f1erismo junto a la lucha de los pueblos contra la explotaci\u00f3n y su denodada pasi\u00f3n por la liberaci\u00f3n del pueblo y de la patria. Su despedida termin\u00f3 con todos los presentes con la alegr\u00eda de una emotiva despedidida cantando \u00abQue la tortilla se vuelva\u00bb&#8230; Trascribimos aqu\u00ed algunas palabras de Tato Corte.<\/strong><\/p>\n\n\n\n<p>Vanzo es testimonio, un testigo de un siglo de luchas. Es un ni\u00f1o sacado de las fauces de las bestias. Naci\u00f3 en Londres en el a\u00f1o 43 bajo los bombardeos, hijo de republicanos espa\u00f1oles exiliados.<\/p>\n\n\n\n<p>Su padre, Juan Torreiro era un combatiente del ej\u00e9rcito de la Rep\u00fablica. Despu\u00e9s del pacto de Munich, Inglaterra y Francia acordaron con Hitler. Solo L\u00e1zaro C\u00e1rdenas, Presidente de M\u00e9jico mand\u00f3 armas y mantuvo su ayuda. Ca\u00edda Catalu\u00f1a el ej\u00e9rcito y el pueblo cruzaron los Pirineos, en uno se los \u00e9xodos m\u00e1s grandes del mundo. Tuvieron que entregar las armas y veh\u00edculos. El gobierno socialista franc\u00e9s los intern\u00f3 en Argel\u00e9s-sur-Mer, la playa de Perpignan. Sin carpas, con los capotes armaron tiendas improvisadas. Ah\u00ed estuvo seis meses. Los ba\u00f1os eran en la arena, muchos murieron infectados. Una t\u00eda desde Inglaterra lo pidi\u00f3 y sali\u00f3.<\/p>\n\n\n\n<p>Lleg\u00f3 a Londres septiembre del 39, cuando Hitler invadi\u00f3 Polonia. All\u00ed se conocieron con Genoveva C\u00e1ceres, otra exiliada. De ese amor naci\u00f3 Vicente.<\/p>\n\n\n<div class=\"wp-block-image\">\n<figure class=\"aligncenter size-large is-resized\"><img data-recalc-dims=\"1\" loading=\"lazy\" decoding=\"async\" width=\"696\" height=\"321\" src=\"https:\/\/i0.wp.com\/vamosporlaliberacion.org\/crpmlm\/wp-content\/uploads\/2026\/02\/Vanzo--700x323.jpg?resize=696%2C321\" alt=\"\" class=\"wp-image-28806\" style=\"width:570px;height:auto\" srcset=\"https:\/\/i0.wp.com\/vamosporlaliberacion.org\/crpmlm\/wp-content\/uploads\/2026\/02\/Vanzo-.jpg?resize=700%2C323&amp;ssl=1 700w, https:\/\/i0.wp.com\/vamosporlaliberacion.org\/crpmlm\/wp-content\/uploads\/2026\/02\/Vanzo-.jpg?resize=300%2C138&amp;ssl=1 300w, https:\/\/i0.wp.com\/vamosporlaliberacion.org\/crpmlm\/wp-content\/uploads\/2026\/02\/Vanzo-.jpg?resize=768%2C354&amp;ssl=1 768w, https:\/\/i0.wp.com\/vamosporlaliberacion.org\/crpmlm\/wp-content\/uploads\/2026\/02\/Vanzo-.jpg?resize=150%2C69&amp;ssl=1 150w, https:\/\/i0.wp.com\/vamosporlaliberacion.org\/crpmlm\/wp-content\/uploads\/2026\/02\/Vanzo-.jpg?resize=696%2C321&amp;ssl=1 696w, https:\/\/i0.wp.com\/vamosporlaliberacion.org\/crpmlm\/wp-content\/uploads\/2026\/02\/Vanzo-.jpg?w=800&amp;ssl=1 800w\" sizes=\"auto, (max-width: 696px) 100vw, 696px\" \/><\/figure>\n<\/div>\n\n\n<p>Criado en una casa de republicanos, que frecuentaban militantes, gente de la diplomacia, artistas, intelectuales.<\/p>\n\n\n\n<p>Vicente fue a la escuela brit\u00e1nica, hablaba castellano e ingl\u00e9s. Fue un ni\u00f1o extranjero.<\/p>\n\n\n\n<p>En el a\u00f1o 50 llega a la Argentina. El padre y su t\u00edo, vienen antes en un buque que amarra en Ingeniero White.<\/p>\n\n\n\n<p>Vicente dec\u00eda, \u201cBah\u00eda Blanca estaba en mi destino\u201d. Bueno, le he estado tomando apuntes en estos \u00faltimos dos a\u00f1os a Vanzo, le he preguntado\u2026 decime \u00bfvos cu\u00e1ndo te sentiste argentino? Y no me respond\u00eda\u2026 Siempre le segu\u00ed preguntando. Contestaba otras cosas, no mucho. Hablaba corto, yo preguntaba m\u00e1s. Est\u00e1bamos en Miravalles, el bar en que nos reun\u00edamos.<br>Meses despu\u00e9s, ya en el hospital, sin avisar nada me dijo \u201cen enero de 1955, todo el grado, sexto grado, tomamos el tren en Mar del Plata. Con la maestra. Y ah\u00ed fuimos a Buenos Aires. Y de Buenos Aires fuimos a C\u00f3rdoba. Y de C\u00f3rdoba fuimos a R\u00edo Tercero. All\u00ed a los hoteles que son iguales a los de Chapadmalal. Maravillosos, que hoy est\u00e1n destruidos. En R\u00edo Tercero el pueblo que explot\u00f3, Menem. Y ah\u00ed hac\u00edamos deportes, nos ense\u00f1aban normas, c\u00f3mo comer, aprendimos a bailar chacarera, camin\u00e1bamos por las sierras\u201d<\/p>\n\n\n\n<p>Bueno, nada menos que ese primer peronismo, que hizo todas estas cosas, que \u00e9l apreci\u00f3. Y estamos hablando solamente de turismo, solamente Chapadmalal\u2026. Y ELMA, FFCC argentinos, JNG, YPF. Industria nacional, desarrollo nuclear\u2026 me estaba contestando la pregunta \u00bfcu\u00e1ndo te sentiste argentino?<\/p>\n\n\n\n<p>En los 60 Vanzo fue parte de esa enorme tormenta en el mundo. Que fue la rebeli\u00f3n juvenil, estudiantil. De la cual muchos de los que estamos ac\u00e1 participamos. Esa rebeli\u00f3n juvenil que cuestion\u00f3 la burocratizaci\u00f3n que se estaba dando en los pa\u00edses socialistas. Las invasiones a Checoslovaquia, Hungr\u00eda, el rol de la superpotencia Rusia.<\/p>\n\n\n\n<p>Cuando le cont\u00f3 a su padre que se hab\u00eda afiliado a un partido comunista y el viejo le contest\u00f3 \u201ces la peor cosa que podr\u00edas haber hecho, para lastimarme\u201d<\/p>\n\n\n\n<p>Porque su padre anarquista, fue detenido por fuerzas del Partido Comunista mientras defend\u00eda con el ej\u00e9rcito republicanos la telef\u00f3nica de Barcelona.<\/p>\n\n\n\n<p>\u00bfPero qu\u00e9 pas\u00f3? \u00c9l eligi\u00f3 un comunismo, un comunismo cr\u00edtico. Un comunismo que pod\u00eda explicar las derrotas. Que pod\u00eda criticar lo que fue Stalin, sus cr\u00edmenes.<\/p>\n\n\n\n<p>Que pod\u00eda explicar el porqu\u00e9 de las restauraciones, las invasiones a pa\u00edses hermanos, d\u00f3nde los obreros y los pueblos ya no dirig\u00edan el estado. El comunismo que \u00e9l eligi\u00f3, segu\u00eda luchando por otro mundo, distinto al capitalismo. Y tambi\u00e9n se estaba haciendo cargo de las heridas del padre.<\/p>\n\n\n\n<p>Fue en la Universidad Nacional del Sur, donde Vicente particip\u00f3 activamente en el movimiento estudiantil. Fue muy conocida el accionar de la llamada \u201cArmada Branca Leone\u201d en la toma del rectorado Col\u00f3n 80, en 1970. La lucha era por exclusi\u00f3n de alumnos y pedidos contra profesores abusivos. Tomaron el edificio con alumnos y docentes adentro. Se encerraron y resist\u00edan\u2026 desde la terraza tiraban petardos a la polic\u00eda que rodeaba el edificio. La toma dura un d\u00eda, finalmente se acuerda salir sin represi\u00f3n. Los manifestantes se retiran marchando hasta el \u201ccomedor universitario\u201d, por la Avenida Alem, acompa\u00f1ados por el Secretario del Rector.<\/p>\n\n\n\n<p>A\u00f1os m\u00e1s tarde, se dedic\u00f3 a la pesca, retomando la tradici\u00f3n familiar gallega. Primero fue marinero y luego capit\u00e1n de pesqueros . Tuvo diferentes enfrentamientos con las patronales extranjeras, a causa del mal uso y abuso de la pesca ilegal. En una oportunidad, un capit\u00e1n chino le orden\u00f3 que tirara la merluza que ten\u00edan en bodega, para pescar calamares, que val\u00edan m\u00e1s. Vicente se neg\u00f3. El capit\u00e1n argentino tiene prioridad en el mar territorial, pero luego en tierra la empresa lo enfrenta\u2026tuvo varios litigios de ese tipo.<\/p>\n\n\n\n<figure class=\"wp-block-gallery has-nested-images columns-default is-cropped is-style-rectangular wp-block-gallery-1 is-layout-flex wp-block-gallery-is-layout-flex\">\n<figure class=\"wp-block-image size-large\"><img data-recalc-dims=\"1\" loading=\"lazy\" decoding=\"async\" width=\"696\" height=\"376\" data-id=\"28807\" src=\"https:\/\/i0.wp.com\/vamosporlaliberacion.org\/crpmlm\/wp-content\/uploads\/2026\/02\/Vanzo4.jpg?resize=696%2C376&#038;ssl=1\" alt=\"\" class=\"wp-image-28807\" srcset=\"https:\/\/i0.wp.com\/vamosporlaliberacion.org\/crpmlm\/wp-content\/uploads\/2026\/02\/Vanzo4.jpg?resize=700%2C378&amp;ssl=1 700w, https:\/\/i0.wp.com\/vamosporlaliberacion.org\/crpmlm\/wp-content\/uploads\/2026\/02\/Vanzo4.jpg?resize=300%2C162&amp;ssl=1 300w, https:\/\/i0.wp.com\/vamosporlaliberacion.org\/crpmlm\/wp-content\/uploads\/2026\/02\/Vanzo4.jpg?resize=768%2C414&amp;ssl=1 768w, https:\/\/i0.wp.com\/vamosporlaliberacion.org\/crpmlm\/wp-content\/uploads\/2026\/02\/Vanzo4.jpg?resize=150%2C81&amp;ssl=1 150w, https:\/\/i0.wp.com\/vamosporlaliberacion.org\/crpmlm\/wp-content\/uploads\/2026\/02\/Vanzo4.jpg?resize=696%2C375&amp;ssl=1 696w, https:\/\/i0.wp.com\/vamosporlaliberacion.org\/crpmlm\/wp-content\/uploads\/2026\/02\/Vanzo4.jpg?resize=779%2C420&amp;ssl=1 779w, https:\/\/i0.wp.com\/vamosporlaliberacion.org\/crpmlm\/wp-content\/uploads\/2026\/02\/Vanzo4.jpg?w=990&amp;ssl=1 990w\" sizes=\"auto, (max-width: 696px) 100vw, 696px\" \/><\/figure>\n\n\n\n<figure class=\"wp-block-image size-large\"><img data-recalc-dims=\"1\" loading=\"lazy\" decoding=\"async\" width=\"696\" height=\"618\" data-id=\"28808\" src=\"https:\/\/i0.wp.com\/vamosporlaliberacion.org\/crpmlm\/wp-content\/uploads\/2026\/02\/Vanzo2.jpg?resize=696%2C618&#038;ssl=1\" alt=\"\" class=\"wp-image-28808\" srcset=\"https:\/\/i0.wp.com\/vamosporlaliberacion.org\/crpmlm\/wp-content\/uploads\/2026\/02\/Vanzo2.jpg?resize=700%2C622&amp;ssl=1 700w, https:\/\/i0.wp.com\/vamosporlaliberacion.org\/crpmlm\/wp-content\/uploads\/2026\/02\/Vanzo2.jpg?resize=300%2C267&amp;ssl=1 300w, https:\/\/i0.wp.com\/vamosporlaliberacion.org\/crpmlm\/wp-content\/uploads\/2026\/02\/Vanzo2.jpg?resize=768%2C683&amp;ssl=1 768w, https:\/\/i0.wp.com\/vamosporlaliberacion.org\/crpmlm\/wp-content\/uploads\/2026\/02\/Vanzo2.jpg?resize=150%2C133&amp;ssl=1 150w, https:\/\/i0.wp.com\/vamosporlaliberacion.org\/crpmlm\/wp-content\/uploads\/2026\/02\/Vanzo2.jpg?resize=696%2C619&amp;ssl=1 696w, https:\/\/i0.wp.com\/vamosporlaliberacion.org\/crpmlm\/wp-content\/uploads\/2026\/02\/Vanzo2.jpg?resize=473%2C420&amp;ssl=1 473w, https:\/\/i0.wp.com\/vamosporlaliberacion.org\/crpmlm\/wp-content\/uploads\/2026\/02\/Vanzo2.jpg?w=900&amp;ssl=1 900w\" sizes=\"auto, (max-width: 696px) 100vw, 696px\" \/><\/figure>\n\n\n\n<figure class=\"wp-block-image size-large\"><img data-recalc-dims=\"1\" loading=\"lazy\" decoding=\"async\" width=\"696\" height=\"447\" data-id=\"28811\" src=\"https:\/\/i0.wp.com\/vamosporlaliberacion.org\/crpmlm\/wp-content\/uploads\/2026\/02\/Vanzo5.jpg?resize=696%2C447&#038;ssl=1\" alt=\"\" class=\"wp-image-28811\" srcset=\"https:\/\/i0.wp.com\/vamosporlaliberacion.org\/crpmlm\/wp-content\/uploads\/2026\/02\/Vanzo5.jpg?resize=700%2C450&amp;ssl=1 700w, https:\/\/i0.wp.com\/vamosporlaliberacion.org\/crpmlm\/wp-content\/uploads\/2026\/02\/Vanzo5.jpg?resize=300%2C193&amp;ssl=1 300w, https:\/\/i0.wp.com\/vamosporlaliberacion.org\/crpmlm\/wp-content\/uploads\/2026\/02\/Vanzo5.jpg?resize=768%2C493&amp;ssl=1 768w, https:\/\/i0.wp.com\/vamosporlaliberacion.org\/crpmlm\/wp-content\/uploads\/2026\/02\/Vanzo5.jpg?resize=150%2C96&amp;ssl=1 150w, https:\/\/i0.wp.com\/vamosporlaliberacion.org\/crpmlm\/wp-content\/uploads\/2026\/02\/Vanzo5.jpg?resize=696%2C447&amp;ssl=1 696w, https:\/\/i0.wp.com\/vamosporlaliberacion.org\/crpmlm\/wp-content\/uploads\/2026\/02\/Vanzo5.jpg?resize=654%2C420&amp;ssl=1 654w, https:\/\/i0.wp.com\/vamosporlaliberacion.org\/crpmlm\/wp-content\/uploads\/2026\/02\/Vanzo5.jpg?w=900&amp;ssl=1 900w\" sizes=\"auto, (max-width: 696px) 100vw, 696px\" \/><\/figure>\n<\/figure>\n\n\n\n<p>Y por cierto, fue permanente su lucha por la recuperaci\u00f3n de nuestras Malvinas. Durante a\u00f1os por radio, en las escuelas y los 2 de abril, Vanzo nos permiti\u00f3 conocer, entender y confraternizar con los ex combatientes.<\/p>\n\n\n\n<p>El otro d\u00eda, la \u00faltima vez que lo vi, le dije a Vanzo \u201cLos jueves vamos a estar en Miravalles nuevamente. Todos los jueves vas a estar vos.\u201d La historia del Capit\u00e1n Vanzo ilumina la lucha de distintos pueblos: espa\u00f1oles , catalanes, argentinos, mapuches, originarios de la Abya Yala, por un mundo igualitario, justo y solidario\u2026 un buen vivir .<\/p>\n\n\n\n<h2 class=\"wp-block-heading\">Gracias hasta la Victoria Capit\u00e1n !!!!!!!!!!<\/h2>\n\n\n\n<p class=\"has-text-align-right\"><em>Palabras de Tato Corte en la despedida del Capit\u00e1n Vanzo<\/em><\/p>\n\n\n\n<p><\/p>\n<!-- AddThis Advanced Settings generic via filter on the_content --><!-- AddThis Share Buttons generic via filter on the_content -->","protected":false},"excerpt":{"rendered":"<p>El Martes 3 de febrero falleci\u00f3 luego de una enfermedad traum\u00e1tica que lo llev\u00f3 aceleradamente a su final. Los familiares, esposa, hijos, amigos, camaradas y compa\u00f1eros de ruta como capit\u00e1n y marinero de pesqueros de altura, en un sentido homenaje y despedida dimos cuenta de su pasi\u00f3n y compa\u00f1erismo junto a la lucha de los [&hellip;]<!-- AddThis Advanced Settings generic via filter on get_the_excerpt --><!-- AddThis Share Buttons generic via filter on get_the_excerpt --><\/p>\n","protected":false},"author":9,"featured_media":28805,"comment_status":"closed","ping_status":"closed","sticky":false,"template":"","format":"standard","meta":{"_jetpack_memberships_contains_paid_content":false,"footnotes":""},"categories":[1699],"tags":[],"class_list":{"0":"post-28803","1":"post","2":"type-post","3":"status-publish","4":"format-standard","5":"has-post-thumbnail","7":"category-noticias"},"yoast_head":"<!-- This site is optimized with the Yoast SEO plugin v27.4 - https:\/\/yoast.com\/product\/yoast-seo-wordpress\/ -->\n<title>Despedimos a Vicente Torreiro, nuestro querido camarada y Capit\u00e1n Vanzo. - Vamos por la Liberaci\u00f3n<\/title>\n<meta name=\"robots\" content=\"index, follow, max-snippet:-1, max-image-preview:large, max-video-preview:-1\" \/>\n<link rel=\"canonical\" href=\"https:\/\/vamosporlaliberacion.org\/crpmlm\/despedimos-a-vicente-torreiro-nuestro-querido-camarada-y-capitan\/\" \/>\n<meta name=\"twitter:label1\" content=\"Escrito por\" \/>\n\t<meta name=\"twitter:data1\" content=\"Prensa Vamos\" \/>\n\t<meta name=\"twitter:label2\" content=\"Tiempo de lectura\" \/>\n\t<meta name=\"twitter:data2\" content=\"6 minutos\" \/>\n<script type=\"application\/ld+json\" class=\"yoast-schema-graph\">{\"@context\":\"https:\\\/\\\/schema.org\",\"@graph\":[{\"@type\":\"Article\",\"@id\":\"https:\\\/\\\/vamosporlaliberacion.org\\\/crpmlm\\\/despedimos-a-vicente-torreiro-nuestro-querido-camarada-y-capitan\\\/#article\",\"isPartOf\":{\"@id\":\"https:\\\/\\\/vamosporlaliberacion.org\\\/crpmlm\\\/despedimos-a-vicente-torreiro-nuestro-querido-camarada-y-capitan\\\/\"},\"author\":{\"name\":\"Prensa Vamos\",\"@id\":\"https:\\\/\\\/vamosporlaliberacion.org\\\/crpmlm\\\/#\\\/schema\\\/person\\\/ebdbd4bf0e9418b9f0c0a93395366b2f\"},\"headline\":\"Despedimos a Vicente Torreiro, nuestro querido camarada y Capit\u00e1n Vanzo.\",\"datePublished\":\"2026-02-13T10:52:30+00:00\",\"dateModified\":\"2026-02-13T16:25:40+00:00\",\"mainEntityOfPage\":{\"@id\":\"https:\\\/\\\/vamosporlaliberacion.org\\\/crpmlm\\\/despedimos-a-vicente-torreiro-nuestro-querido-camarada-y-capitan\\\/\"},\"wordCount\":1074,\"image\":{\"@id\":\"https:\\\/\\\/vamosporlaliberacion.org\\\/crpmlm\\\/despedimos-a-vicente-torreiro-nuestro-querido-camarada-y-capitan\\\/#primaryimage\"},\"thumbnailUrl\":\"https:\\\/\\\/i0.wp.com\\\/vamosporlaliberacion.org\\\/crpmlm\\\/wp-content\\\/uploads\\\/2026\\\/02\\\/Vanzo3.jpg?fit=900%2C416&ssl=1\",\"articleSection\":[\"Noticias\"],\"inLanguage\":\"es\"},{\"@type\":\"WebPage\",\"@id\":\"https:\\\/\\\/vamosporlaliberacion.org\\\/crpmlm\\\/despedimos-a-vicente-torreiro-nuestro-querido-camarada-y-capitan\\\/\",\"url\":\"https:\\\/\\\/vamosporlaliberacion.org\\\/crpmlm\\\/despedimos-a-vicente-torreiro-nuestro-querido-camarada-y-capitan\\\/\",\"name\":\"Despedimos a Vicente Torreiro, nuestro querido camarada y Capit\u00e1n Vanzo. - Vamos por la Liberaci\u00f3n\",\"isPartOf\":{\"@id\":\"https:\\\/\\\/vamosporlaliberacion.org\\\/crpmlm\\\/#website\"},\"primaryImageOfPage\":{\"@id\":\"https:\\\/\\\/vamosporlaliberacion.org\\\/crpmlm\\\/despedimos-a-vicente-torreiro-nuestro-querido-camarada-y-capitan\\\/#primaryimage\"},\"image\":{\"@id\":\"https:\\\/\\\/vamosporlaliberacion.org\\\/crpmlm\\\/despedimos-a-vicente-torreiro-nuestro-querido-camarada-y-capitan\\\/#primaryimage\"},\"thumbnailUrl\":\"https:\\\/\\\/i0.wp.com\\\/vamosporlaliberacion.org\\\/crpmlm\\\/wp-content\\\/uploads\\\/2026\\\/02\\\/Vanzo3.jpg?fit=900%2C416&ssl=1\",\"datePublished\":\"2026-02-13T10:52:30+00:00\",\"dateModified\":\"2026-02-13T16:25:40+00:00\",\"author\":{\"@id\":\"https:\\\/\\\/vamosporlaliberacion.org\\\/crpmlm\\\/#\\\/schema\\\/person\\\/ebdbd4bf0e9418b9f0c0a93395366b2f\"},\"breadcrumb\":{\"@id\":\"https:\\\/\\\/vamosporlaliberacion.org\\\/crpmlm\\\/despedimos-a-vicente-torreiro-nuestro-querido-camarada-y-capitan\\\/#breadcrumb\"},\"inLanguage\":\"es\",\"potentialAction\":[{\"@type\":\"ReadAction\",\"target\":[\"https:\\\/\\\/vamosporlaliberacion.org\\\/crpmlm\\\/despedimos-a-vicente-torreiro-nuestro-querido-camarada-y-capitan\\\/\"]}]},{\"@type\":\"ImageObject\",\"inLanguage\":\"es\",\"@id\":\"https:\\\/\\\/vamosporlaliberacion.org\\\/crpmlm\\\/despedimos-a-vicente-torreiro-nuestro-querido-camarada-y-capitan\\\/#primaryimage\",\"url\":\"https:\\\/\\\/i0.wp.com\\\/vamosporlaliberacion.org\\\/crpmlm\\\/wp-content\\\/uploads\\\/2026\\\/02\\\/Vanzo3.jpg?fit=900%2C416&ssl=1\",\"contentUrl\":\"https:\\\/\\\/i0.wp.com\\\/vamosporlaliberacion.org\\\/crpmlm\\\/wp-content\\\/uploads\\\/2026\\\/02\\\/Vanzo3.jpg?fit=900%2C416&ssl=1\",\"width\":900,\"height\":416},{\"@type\":\"BreadcrumbList\",\"@id\":\"https:\\\/\\\/vamosporlaliberacion.org\\\/crpmlm\\\/despedimos-a-vicente-torreiro-nuestro-querido-camarada-y-capitan\\\/#breadcrumb\",\"itemListElement\":[{\"@type\":\"ListItem\",\"position\":1,\"name\":\"Portada\",\"item\":\"https:\\\/\\\/vamosporlaliberacion.org\\\/crpmlm\\\/\"},{\"@type\":\"ListItem\",\"position\":2,\"name\":\"Despedimos a Vicente Torreiro, nuestro querido camarada y Capit\u00e1n Vanzo.\"}]},{\"@type\":\"WebSite\",\"@id\":\"https:\\\/\\\/vamosporlaliberacion.org\\\/crpmlm\\\/#website\",\"url\":\"https:\\\/\\\/vamosporlaliberacion.org\\\/crpmlm\\\/\",\"name\":\"Vamos por la Liberaci\u00f3n\",\"description\":\"Prensa CR\",\"potentialAction\":[{\"@type\":\"SearchAction\",\"target\":{\"@type\":\"EntryPoint\",\"urlTemplate\":\"https:\\\/\\\/vamosporlaliberacion.org\\\/crpmlm\\\/?s={search_term_string}\"},\"query-input\":{\"@type\":\"PropertyValueSpecification\",\"valueRequired\":true,\"valueName\":\"search_term_string\"}}],\"inLanguage\":\"es\"},{\"@type\":\"Person\",\"@id\":\"https:\\\/\\\/vamosporlaliberacion.org\\\/crpmlm\\\/#\\\/schema\\\/person\\\/ebdbd4bf0e9418b9f0c0a93395366b2f\",\"name\":\"Prensa Vamos\",\"sameAs\":[\"http:\\\/\\\/vamposporlaliberacion.org\"],\"url\":\"https:\\\/\\\/vamosporlaliberacion.org\\\/crpmlm\\\/author\\\/editor\\\/\"}]}<\/script>\n<!-- \/ Yoast SEO plugin. -->","yoast_head_json":{"title":"Despedimos a Vicente Torreiro, nuestro querido camarada y Capit\u00e1n Vanzo. - Vamos por la Liberaci\u00f3n","robots":{"index":"index","follow":"follow","max-snippet":"max-snippet:-1","max-image-preview":"max-image-preview:large","max-video-preview":"max-video-preview:-1"},"canonical":"https:\/\/vamosporlaliberacion.org\/crpmlm\/despedimos-a-vicente-torreiro-nuestro-querido-camarada-y-capitan\/","twitter_misc":{"Escrito por":"Prensa Vamos","Tiempo de lectura":"6 minutos"},"schema":{"@context":"https:\/\/schema.org","@graph":[{"@type":"Article","@id":"https:\/\/vamosporlaliberacion.org\/crpmlm\/despedimos-a-vicente-torreiro-nuestro-querido-camarada-y-capitan\/#article","isPartOf":{"@id":"https:\/\/vamosporlaliberacion.org\/crpmlm\/despedimos-a-vicente-torreiro-nuestro-querido-camarada-y-capitan\/"},"author":{"name":"Prensa Vamos","@id":"https:\/\/vamosporlaliberacion.org\/crpmlm\/#\/schema\/person\/ebdbd4bf0e9418b9f0c0a93395366b2f"},"headline":"Despedimos a Vicente Torreiro, nuestro querido camarada y Capit\u00e1n Vanzo.","datePublished":"2026-02-13T10:52:30+00:00","dateModified":"2026-02-13T16:25:40+00:00","mainEntityOfPage":{"@id":"https:\/\/vamosporlaliberacion.org\/crpmlm\/despedimos-a-vicente-torreiro-nuestro-querido-camarada-y-capitan\/"},"wordCount":1074,"image":{"@id":"https:\/\/vamosporlaliberacion.org\/crpmlm\/despedimos-a-vicente-torreiro-nuestro-querido-camarada-y-capitan\/#primaryimage"},"thumbnailUrl":"https:\/\/i0.wp.com\/vamosporlaliberacion.org\/crpmlm\/wp-content\/uploads\/2026\/02\/Vanzo3.jpg?fit=900%2C416&ssl=1","articleSection":["Noticias"],"inLanguage":"es"},{"@type":"WebPage","@id":"https:\/\/vamosporlaliberacion.org\/crpmlm\/despedimos-a-vicente-torreiro-nuestro-querido-camarada-y-capitan\/","url":"https:\/\/vamosporlaliberacion.org\/crpmlm\/despedimos-a-vicente-torreiro-nuestro-querido-camarada-y-capitan\/","name":"Despedimos a Vicente Torreiro, nuestro querido camarada y Capit\u00e1n Vanzo. - Vamos por la Liberaci\u00f3n","isPartOf":{"@id":"https:\/\/vamosporlaliberacion.org\/crpmlm\/#website"},"primaryImageOfPage":{"@id":"https:\/\/vamosporlaliberacion.org\/crpmlm\/despedimos-a-vicente-torreiro-nuestro-querido-camarada-y-capitan\/#primaryimage"},"image":{"@id":"https:\/\/vamosporlaliberacion.org\/crpmlm\/despedimos-a-vicente-torreiro-nuestro-querido-camarada-y-capitan\/#primaryimage"},"thumbnailUrl":"https:\/\/i0.wp.com\/vamosporlaliberacion.org\/crpmlm\/wp-content\/uploads\/2026\/02\/Vanzo3.jpg?fit=900%2C416&ssl=1","datePublished":"2026-02-13T10:52:30+00:00","dateModified":"2026-02-13T16:25:40+00:00","author":{"@id":"https:\/\/vamosporlaliberacion.org\/crpmlm\/#\/schema\/person\/ebdbd4bf0e9418b9f0c0a93395366b2f"},"breadcrumb":{"@id":"https:\/\/vamosporlaliberacion.org\/crpmlm\/despedimos-a-vicente-torreiro-nuestro-querido-camarada-y-capitan\/#breadcrumb"},"inLanguage":"es","potentialAction":[{"@type":"ReadAction","target":["https:\/\/vamosporlaliberacion.org\/crpmlm\/despedimos-a-vicente-torreiro-nuestro-querido-camarada-y-capitan\/"]}]},{"@type":"ImageObject","inLanguage":"es","@id":"https:\/\/vamosporlaliberacion.org\/crpmlm\/despedimos-a-vicente-torreiro-nuestro-querido-camarada-y-capitan\/#primaryimage","url":"https:\/\/i0.wp.com\/vamosporlaliberacion.org\/crpmlm\/wp-content\/uploads\/2026\/02\/Vanzo3.jpg?fit=900%2C416&ssl=1","contentUrl":"https:\/\/i0.wp.com\/vamosporlaliberacion.org\/crpmlm\/wp-content\/uploads\/2026\/02\/Vanzo3.jpg?fit=900%2C416&ssl=1","width":900,"height":416},{"@type":"BreadcrumbList","@id":"https:\/\/vamosporlaliberacion.org\/crpmlm\/despedimos-a-vicente-torreiro-nuestro-querido-camarada-y-capitan\/#breadcrumb","itemListElement":[{"@type":"ListItem","position":1,"name":"Portada","item":"https:\/\/vamosporlaliberacion.org\/crpmlm\/"},{"@type":"ListItem","position":2,"name":"Despedimos a Vicente Torreiro, nuestro querido camarada y Capit\u00e1n Vanzo."}]},{"@type":"WebSite","@id":"https:\/\/vamosporlaliberacion.org\/crpmlm\/#website","url":"https:\/\/vamosporlaliberacion.org\/crpmlm\/","name":"Vamos por la Liberaci\u00f3n","description":"Prensa CR","potentialAction":[{"@type":"SearchAction","target":{"@type":"EntryPoint","urlTemplate":"https:\/\/vamosporlaliberacion.org\/crpmlm\/?s={search_term_string}"},"query-input":{"@type":"PropertyValueSpecification","valueRequired":true,"valueName":"search_term_string"}}],"inLanguage":"es"},{"@type":"Person","@id":"https:\/\/vamosporlaliberacion.org\/crpmlm\/#\/schema\/person\/ebdbd4bf0e9418b9f0c0a93395366b2f","name":"Prensa Vamos","sameAs":["http:\/\/vamposporlaliberacion.org"],"url":"https:\/\/vamosporlaliberacion.org\/crpmlm\/author\/editor\/"}]}},"jetpack_featured_media_url":"https:\/\/i0.wp.com\/vamosporlaliberacion.org\/crpmlm\/wp-content\/uploads\/2026\/02\/Vanzo3.jpg?fit=900%2C416&ssl=1","jetpack_sharing_enabled":true,"_links":{"self":[{"href":"https:\/\/vamosporlaliberacion.org\/crpmlm\/wp-json\/wp\/v2\/posts\/28803","targetHints":{"allow":["GET"]}}],"collection":[{"href":"https:\/\/vamosporlaliberacion.org\/crpmlm\/wp-json\/wp\/v2\/posts"}],"about":[{"href":"https:\/\/vamosporlaliberacion.org\/crpmlm\/wp-json\/wp\/v2\/types\/post"}],"author":[{"embeddable":true,"href":"https:\/\/vamosporlaliberacion.org\/crpmlm\/wp-json\/wp\/v2\/users\/9"}],"replies":[{"embeddable":true,"href":"https:\/\/vamosporlaliberacion.org\/crpmlm\/wp-json\/wp\/v2\/comments?post=28803"}],"version-history":[{"count":5,"href":"https:\/\/vamosporlaliberacion.org\/crpmlm\/wp-json\/wp\/v2\/posts\/28803\/revisions"}],"predecessor-version":[{"id":28817,"href":"https:\/\/vamosporlaliberacion.org\/crpmlm\/wp-json\/wp\/v2\/posts\/28803\/revisions\/28817"}],"wp:featuredmedia":[{"embeddable":true,"href":"https:\/\/vamosporlaliberacion.org\/crpmlm\/wp-json\/wp\/v2\/media\/28805"}],"wp:attachment":[{"href":"https:\/\/vamosporlaliberacion.org\/crpmlm\/wp-json\/wp\/v2\/media?parent=28803"}],"wp:term":[{"taxonomy":"category","embeddable":true,"href":"https:\/\/vamosporlaliberacion.org\/crpmlm\/wp-json\/wp\/v2\/categories?post=28803"},{"taxonomy":"post_tag","embeddable":true,"href":"https:\/\/vamosporlaliberacion.org\/crpmlm\/wp-json\/wp\/v2\/tags?post=28803"}],"curies":[{"name":"wp","href":"https:\/\/api.w.org\/{rel}","templated":true}]}}