{"id":28796,"date":"2026-02-02T20:33:10","date_gmt":"2026-02-02T23:33:10","guid":{"rendered":"https:\/\/vamosporlaliberacion.org\/crpmlm\/?p=28796"},"modified":"2026-02-02T20:34:51","modified_gmt":"2026-02-02T23:34:51","slug":"en-unidad-y-en-las-calles","status":"publish","type":"post","link":"https:\/\/vamosporlaliberacion.org\/crpmlm\/en-unidad-y-en-las-calles\/","title":{"rendered":"En unidad y en las calles"},"content":{"rendered":"\n<h2 class=\"wp-block-heading\"><strong>Frenemos la esclavizaci\u00f3n laboral, la entrega de la soberan\u00eda y el avasallamiento de la democracia\u2026<\/strong><\/h2>\n\n\n\n<h3 class=\"wp-block-heading\"><strong>T<\/strong><strong>u \u201cmodernidad\u201d &#8230;mi esclavitud<\/strong><\/h3>\n\n\n\n<p>El largo verano del 26 pasar\u00e1 a la historia por mostrar descarnadamente la pulseada encabezada por los due\u00f1os del poder en tratar de aprobar una llamada \u201cmodernizaci\u00f3n laboral\u201d que nos arrastra al siglo XIX, una vuelta mas para garantizar la esclavizaci\u00f3n de la mano de obra y las ganancias del selecto grupo del 1% que detenta el poder real en el pa\u00eds y al que representa sin tapujos Milei y su gobierno. Tal es el proyecto de avasallamiento de los derechos laborales, que nos lleva a un r\u00e9gimen semi colonial o de alg\u00fan sistema autoritario de gobierno en el mundo.<\/p>\n\n\n\n<p>Ampliaci\u00f3n de la jornada laboral a 12hs, vacaciones fraccionadas, fin del derecho a huelga consagrado en la Constituci\u00f3n Nacional, fin del derecho de reuni\u00f3n y\/o asambleas, quita de impuestos a las patronales, mantenimiento de la precarizaci\u00f3n laboral vigente, creaci\u00f3n de una \u201cAFJP\u201d administrada por las empresas con aportes del ANSES para pago de indemnizaciones por despidos, entre otros puntos que avasallan derechos hist\u00f3ricos conquistados por la larga lucha de la clase obrera.<\/p>\n\n\n\n<p><strong>Lo que para las clases dominantes es \u201cmoderno\u201d para los trabajadores y sus familias es atraso y sometimiento.<\/strong><\/p>\n\n\n\n<p>As\u00ed de simple es la ecuaci\u00f3n, as\u00ed de simple es saber de que lado se est\u00e1 parado, en particular para aquellxs legisladorxs y gobernadores que cambian votos por dinero y proyecto pol\u00edticos, cambiando de calidad en la sociedad. Pasando del campo popular al campo enemigo. \u00a1As\u00ed de sencillo!<\/p>\n\n\n\n<p>La pulseada est\u00e1 en marcha y nada, ni nadie canta ganador cuando se ponen en juego las cuestiones de fondo, que no abarcan solamente las mega ganancias de ese 1%, <strong>sino y principalmente maniatar y cercenar los derechos de lxs trabajadorxs, haciendo mas precaria la democracia como la conocemos, ya que para el proyecto anti industrial, de libre importaci\u00f3n, privatizaci\u00f3n extractivista, sostenido por endeudamientos y especulaci\u00f3n financiera, que deja a cientos de miles de trabajadorxs en las calles, donde cierran m\u00e1s de 40 f\u00e1bricas por d\u00eda, se necesita menos democracia, menos derechos y mas autogobierno represivo. Este es el presente y futuro que pretenden.<\/strong><\/p>\n\n\n\n<p>El gobierno y el c\u00edrculo rojo saben que en la historia reciente e incluso las modificaciones al DNU 70\/23, <strong>ningunos de los proyectos como el actual engendro, crearan fuente de trabajo o bajar\u00e1 la precariedad, al contrario<\/strong>. As\u00ed fue desde la dictadura con sus decretos, pasando por la \u201cLey Mucci\u201d de Alfons\u00edn, los proyectos del menemismo o de la Alianza de De la R\u00faa con la llamada \u201cLey Banelco\u201d con Patricia Bullrich como ministra de Trabajo que le redujo el 13% a los jubilados, pasando por el macrismo en el gobierno hasta los recientes decretos y leyes de Milei. <strong>Solo buscan poner un chaleco de fuerza al movimiento obrero, ese que dicen que no existe como la f\u00e1bula de las brujas\u2026<\/strong><\/p>\n\n\n\n<p><strong>La \u00fanica verdad es la realidad: ahora, los mismos sectores dominantes que introdujeron con una dictadura sangrienta la quita derechos y sometimiento al movimiento obrero, tratan de volver e ir por m\u00e1s en tiempos democr\u00e1ticos.<\/strong><\/p>\n\n\n\n<h3 class=\"wp-block-heading\"><strong>El movimiento obrero va a dar batalla<\/strong><\/h3>\n\n\n\n<p>Esta ofensiva puede unificar a sectores de la derecha con la ultraderecha, pero tambi\u00e9n divide a los sectores que tienen responsabilidad de gesti\u00f3n en el plano pol\u00edtico y sindical. De hecho, la CGT no se mantuvo en unidad, esa que le garantiz\u00f3 a este gobierno el avance del ajuste, los despidos y la pobreza, por mas que se la maquille y dibujen los n\u00fameros. Una dirigencia que maneja la rosca en silencio y acepta que sean los gobernadores -con billeteras flacas- los que representen a los trabajadores y negocien con el ejecutivo nacional la votaci\u00f3n en el Congreso.<\/p>\n\n\n\n<p>Pero, as\u00ed como hay traidores y conciliadores en el movimiento obrero, tambi\u00e9n hay vientos renovados de dirigentes que se plantan y luchan junto a los que siempre han mantenido la independencia de las patronales y el Estado. <strong>Muchos de ellos de la CGT y las dos CTAs que ya plasmaron una coordinaci\u00f3n permanente de m\u00e1s de 55 gremios y anunciaron paros y movilizaciones en el interior y rodear el Congreso el d\u00eda que se trate el proyecto esclavista.<\/strong><\/p>\n\n\n<div class=\"wp-block-image\">\n<figure class=\"aligncenter size-large\"><img data-recalc-dims=\"1\" loading=\"lazy\" decoding=\"async\" width=\"696\" height=\"464\" src=\"https:\/\/i0.wp.com\/vamosporlaliberacion.org\/crpmlm\/wp-content\/uploads\/2026\/02\/no-a-la-reforma-laboral.jpeg?resize=696%2C464&#038;ssl=1\" alt=\"\" class=\"wp-image-28797\" srcset=\"https:\/\/i0.wp.com\/vamosporlaliberacion.org\/crpmlm\/wp-content\/uploads\/2026\/02\/no-a-la-reforma-laboral.jpeg?resize=700%2C467&amp;ssl=1 700w, https:\/\/i0.wp.com\/vamosporlaliberacion.org\/crpmlm\/wp-content\/uploads\/2026\/02\/no-a-la-reforma-laboral.jpeg?resize=300%2C200&amp;ssl=1 300w, https:\/\/i0.wp.com\/vamosporlaliberacion.org\/crpmlm\/wp-content\/uploads\/2026\/02\/no-a-la-reforma-laboral.jpeg?resize=768%2C512&amp;ssl=1 768w, https:\/\/i0.wp.com\/vamosporlaliberacion.org\/crpmlm\/wp-content\/uploads\/2026\/02\/no-a-la-reforma-laboral.jpeg?resize=150%2C100&amp;ssl=1 150w, https:\/\/i0.wp.com\/vamosporlaliberacion.org\/crpmlm\/wp-content\/uploads\/2026\/02\/no-a-la-reforma-laboral.jpeg?resize=696%2C464&amp;ssl=1 696w, https:\/\/i0.wp.com\/vamosporlaliberacion.org\/crpmlm\/wp-content\/uploads\/2026\/02\/no-a-la-reforma-laboral.jpeg?resize=1068%2C712&amp;ssl=1 1068w, https:\/\/i0.wp.com\/vamosporlaliberacion.org\/crpmlm\/wp-content\/uploads\/2026\/02\/no-a-la-reforma-laboral.jpeg?resize=630%2C420&amp;ssl=1 630w, https:\/\/i0.wp.com\/vamosporlaliberacion.org\/crpmlm\/wp-content\/uploads\/2026\/02\/no-a-la-reforma-laboral.jpeg?w=1536&amp;ssl=1 1536w, https:\/\/i0.wp.com\/vamosporlaliberacion.org\/crpmlm\/wp-content\/uploads\/2026\/02\/no-a-la-reforma-laboral.jpeg?w=1392&amp;ssl=1 1392w\" sizes=\"auto, (max-width: 696px) 100vw, 696px\" \/><\/figure>\n<\/div>\n\n\n<p>Esta dirigencia recoge el \u201cmagma\u201d que recorre los parques industriales de conurbano bonaerense, del gran Rosario y el gran C\u00f3rdoba, pero donde tambi\u00e9n gravitan en todos los puntos industriales del pa\u00eds donde la clase resiste los despidos y la pol\u00edtica anti industrial de Milei acompa\u00f1ada por los gobernadores. la clase obrera est\u00e1 luchando, silenciada por los medios de comunicaci\u00f3n del r\u00e9gimen y ninguneada por la propia CGT que ahora se ve obligada a convocar al paro para el 10 de febrero.<\/p>\n\n\n\n<h3 class=\"wp-block-heading\"><strong>Con la doctrina Trump, van por la soberan\u00eda y la democracia<\/strong><\/h3>\n\n\n\n<p>El sometimiento al FMI y al Departamento de Estado de EEUU en materia de la econom\u00eda local es permanente (Caputo volvi\u00f3 a recurrir al secretario del tesoro Scott Bessent para un nuevo auxilio de 800 millones de d\u00f3lares, para pagar vencimientos de deuda previsto para el 11\/02), mientras venden la \u201crobustes\u201d de acumular reservas en el Banco Central, endeudan cada vez m\u00e1s al pa\u00eds.<\/p>\n\n\n\n<p>Ese sometimiento econ\u00f3mico y pol\u00edtico, dio un nuevo salto al mostrar Donald Trump su pol\u00edtica hacia el hemisferio con la invasi\u00f3n militar a Venezuela (ver comunicado y nota) y el manejo del petr\u00f3leo de ese pa\u00eds, vital para la econom\u00eda estadunidense limitada en reservas de petr\u00f3leo de uso industrial.<\/p>\n\n\n<div class=\"wp-block-image\">\n<figure class=\"aligncenter size-large\"><img data-recalc-dims=\"1\" loading=\"lazy\" decoding=\"async\" width=\"696\" height=\"464\" src=\"https:\/\/i0.wp.com\/vamosporlaliberacion.org\/crpmlm\/wp-content\/uploads\/2026\/02\/venezuela.jpeg?resize=696%2C464&#038;ssl=1\" alt=\"\" class=\"wp-image-28798\" srcset=\"https:\/\/i0.wp.com\/vamosporlaliberacion.org\/crpmlm\/wp-content\/uploads\/2026\/02\/venezuela.jpeg?resize=700%2C467&amp;ssl=1 700w, https:\/\/i0.wp.com\/vamosporlaliberacion.org\/crpmlm\/wp-content\/uploads\/2026\/02\/venezuela.jpeg?resize=300%2C200&amp;ssl=1 300w, https:\/\/i0.wp.com\/vamosporlaliberacion.org\/crpmlm\/wp-content\/uploads\/2026\/02\/venezuela.jpeg?resize=768%2C512&amp;ssl=1 768w, https:\/\/i0.wp.com\/vamosporlaliberacion.org\/crpmlm\/wp-content\/uploads\/2026\/02\/venezuela.jpeg?resize=150%2C100&amp;ssl=1 150w, https:\/\/i0.wp.com\/vamosporlaliberacion.org\/crpmlm\/wp-content\/uploads\/2026\/02\/venezuela.jpeg?resize=696%2C464&amp;ssl=1 696w, https:\/\/i0.wp.com\/vamosporlaliberacion.org\/crpmlm\/wp-content\/uploads\/2026\/02\/venezuela.jpeg?resize=630%2C420&amp;ssl=1 630w, https:\/\/i0.wp.com\/vamosporlaliberacion.org\/crpmlm\/wp-content\/uploads\/2026\/02\/venezuela.jpeg?w=1024&amp;ssl=1 1024w\" sizes=\"auto, (max-width: 696px) 100vw, 696px\" \/><\/figure>\n<\/div>\n\n\n<p>El pretendido avasallamiento de esta potencia imperialista sobre los pa\u00edses dependientes <strong>como el nuestro, lo pueden hacer por la fuerza o por la subordinaci\u00f3n<\/strong> mediante gobiernos como el de Javier Milei, aliado y felpudo de la actual administraci\u00f3n estadounidense.<\/p>\n\n\n\n<p><strong>La intervenci\u00f3n del gobierno nacional al puerto de Ushuaia y el desembarco de legisladores estadounidense en un avi\u00f3n de la fuerza a\u00e9rea de EEUU en aquella provincia es un aclaro ejemplo de esto que hablamos.<\/strong> Es lisa y llana una exigencia del Departamento de Estado y el Comando Sur de aquella potencia que pretende controlar el atl\u00e1ntico sur y la entrada a la Ant\u00e1rtida mediante una base militar. Recordemos que a poco asumir el propio Javier Milei viaj\u00f3 especialmente, al margen del gobierno de aquella provincia, para reunirse con Laura Richardson jefa por aquel entonces del Comando Sur. Luego viaj\u00f3 el flamante jefe ya en la administraci\u00f3n Trump.<\/p>\n\n\n\n<p><strong>Para hacer estas maniobras, el gobierno nacional saca a relucir la doctrina de Donald Trump, avasallando la Constituci\u00f3n y las instituciones democr\u00e1ticas ya que pasa por encima del gobierno y la legislatura provincial, pero tambi\u00e9n del Congreso de la Naci\u00f3n. <\/strong>Esto reviste una gravedad supina para nuestra soberan\u00eda y la integridad democr\u00e1tica del pa\u00eds, pasible de un juicio pol\u00edtico al presidente.<\/p>\n\n\n<div class=\"wp-block-image\">\n<figure class=\"aligncenter size-large\"><img data-recalc-dims=\"1\" loading=\"lazy\" decoding=\"async\" width=\"696\" height=\"464\" src=\"https:\/\/i0.wp.com\/vamosporlaliberacion.org\/crpmlm\/wp-content\/uploads\/2026\/02\/29-01-2025-Reunion-sindicatos-3.jpg?resize=696%2C464&#038;ssl=1\" alt=\"\" class=\"wp-image-28800\" srcset=\"https:\/\/i0.wp.com\/vamosporlaliberacion.org\/crpmlm\/wp-content\/uploads\/2026\/02\/29-01-2025-Reunion-sindicatos-3.jpg?resize=700%2C467&amp;ssl=1 700w, https:\/\/i0.wp.com\/vamosporlaliberacion.org\/crpmlm\/wp-content\/uploads\/2026\/02\/29-01-2025-Reunion-sindicatos-3.jpg?resize=300%2C200&amp;ssl=1 300w, https:\/\/i0.wp.com\/vamosporlaliberacion.org\/crpmlm\/wp-content\/uploads\/2026\/02\/29-01-2025-Reunion-sindicatos-3.jpg?resize=768%2C512&amp;ssl=1 768w, https:\/\/i0.wp.com\/vamosporlaliberacion.org\/crpmlm\/wp-content\/uploads\/2026\/02\/29-01-2025-Reunion-sindicatos-3.jpg?resize=150%2C100&amp;ssl=1 150w, https:\/\/i0.wp.com\/vamosporlaliberacion.org\/crpmlm\/wp-content\/uploads\/2026\/02\/29-01-2025-Reunion-sindicatos-3.jpg?resize=696%2C464&amp;ssl=1 696w, https:\/\/i0.wp.com\/vamosporlaliberacion.org\/crpmlm\/wp-content\/uploads\/2026\/02\/29-01-2025-Reunion-sindicatos-3.jpg?resize=1068%2C713&amp;ssl=1 1068w, https:\/\/i0.wp.com\/vamosporlaliberacion.org\/crpmlm\/wp-content\/uploads\/2026\/02\/29-01-2025-Reunion-sindicatos-3.jpg?resize=629%2C420&amp;ssl=1 629w, https:\/\/i0.wp.com\/vamosporlaliberacion.org\/crpmlm\/wp-content\/uploads\/2026\/02\/29-01-2025-Reunion-sindicatos-3.jpg?w=1202&amp;ssl=1 1202w\" sizes=\"auto, (max-width: 696px) 100vw, 696px\" \/><figcaption class=\"wp-element-caption\">Reuni\u00f3n de m\u00e1s de 50 gremios contra la intervenci\u00f3n del puerto de Ushuaia y por la soberan\u00eda. Foto gentileza del SUTEF<\/figcaption><\/figure>\n<\/div>\n\n\n<p>El rechazo fue inmediato por parte de la gobernaci\u00f3n, y aquellas organizaciones sindicales como el SUTEF y Soberanxs en el terreno pol\u00edtico que trabajaron desde el principio para una amplia y clara unidad en defensa de la soberan\u00eda (<a href=\"https:\/\/www.instagram.com\/reel\/DUCJsCWkhBb\/?igsh=dXVmNnA0eXFwY3U=\" target=\"_blank\" rel=\"noreferrer noopener\">link audio Horacio Catena<\/a>), <strong>donde se logr\u00f3 la unidad y coordinaci\u00f3n de la gran mayor\u00eda de los gremios de dentro y fuera de la CGT.<\/strong> Se hizo publico un documento y se acord\u00f3 una gran concentraci\u00f3n en el puerto de Ushuaia para el martes 3\/02. La situaci\u00f3n es grave y est\u00e1 abierta a cambios en el actual per\u00edodo. <strong>El hecho de que haya organizaciones sindicales, sociales y pol\u00edticas que se expresan y juegan es un hecho positivo para terciar con independencia frente al avasallamiento de la soberan\u00eda nacional y la autonom\u00eda provincial.<\/strong><\/p>\n\n\n\n<h3 class=\"wp-block-heading\"><strong>L<\/strong><strong>ejos de la libertad, cerca del fascismo<\/strong><\/h3>\n\n\n\n<p>A todo esto, hay que sumarle el DNU 941\/2025 que modifica la ley de inteligencia que, entre otras cuestiones, extiende las actividades encubiertas de la SIDE<strong>, en clara contradicci\u00f3n con la narrativa oficial de &#8216;libertad&#8217;, ya que<\/strong>&nbsp;<strong>reafirma el control estatal sobre las garant\u00edas individuales\u00bb<\/strong>. El DNU obliga a m\u00e1s de 15 organismos p\u00fablicos a compartir datos personales de la poblaci\u00f3n con la SIDE, sin establecer procedimientos concretos ni mecanismos de control.&nbsp;<\/p>\n\n\n\n<p>El decreto no prev\u00e9 ning\u00fan tipo de control ciudadano sobre el accionar de la SIDE y concentra todav\u00eda m\u00e1s poder en esta agencia. <strong>Puede pedir informaci\u00f3n a provincias y municipios, aprobar presupuestos secretos, compartir tus datos con agencias de otros pa\u00edses sin autorizaci\u00f3n judicial. Y todo bajo absoluto secreto.&nbsp;<\/strong><\/p>\n\n\n\n<p>Por primera vez en democracia, los agentes de inteligencia tienen poder para detener personas. La SIDE puede proceder a la \u201caprehensi\u00f3n\u201d de personas sin que quede claro bajo qu\u00e9 criterios ni con qu\u00e9 garant\u00edas, y sin autorizaci\u00f3n judicial.<\/p>\n\n\n\n<p><strong>Ponen en marcha una \u201cGestapo\u201d al mejor estilo nazi<\/strong>, para perseguir con presupuesto millonario a los opositores, a los cuales les encajar\u00e1n caratulas criminales.<\/p>\n\n\n\n<p><strong>Los periodistas y medios de comunicaci\u00f3n ac\u00f3litos, sumado al ejercito de trolles bancados con el mismo presupuesto de la SIDE, con quienes se re\u00fane en Casa Rosada Milei, son la plataforma para sostener el r\u00e9gimen de la autocracia.<\/strong><\/p>\n\n\n\n<p><strong>En el mismo marco represivo, se lleva el proyecto de reforma penal donde, entre otras medidas represivas, se pretende bajar la edad de imputabilidad a 13 a\u00f1os.<\/strong><\/p>\n\n\n\n<h3 class=\"wp-block-heading\"><strong>Nuevos tiempos &#8230;nuevos vientos<\/strong><\/h3>\n\n\n\n<p>El contexto internacional de agudizaci\u00f3n de la disputa inter-imperialista, <strong>acelerado por la crisis de EEUU en el plano local en su econom\u00eda y deterioro de la tan mentada \u201cdemocracia republicana\u201d de ese pa\u00eds<\/strong>, con medidas anti inmigratorias y grupos como el ICE, verdadera fuerza para policial que persigue y asesina a inmigrantes y aquellos locales que los enfrentan, muestra que la cara que vemos de Trump en el plano internacional de guerra e injerencia, que no puede ser distinta en el plano interno de aquel pa\u00eds.<\/p>\n\n\n\n<p>El tiempo y terreno perdido por EEUU en el plano internacional con el desarrollo vertiginoso de China en el plano econ\u00f3mico mundial, ha llevado a un pico la llamada \u201cguerra comercial\u201d donde el propio Trump se vio obligado a elevar los aranceles de los productos que ingresan en aquel pa\u00eds, <strong>evidencia de la vulnerabilidad de su econom\u00eda frente al despliegue de la \u201cfabrica del mundo\u201d.<\/strong><\/p>\n\n\n\n<p>Estamos en un periodo de repliegue de EEUU, que apunta a resguardar su \u00e1rea m\u00e1s cercana de influencia y recursos estrat\u00e9gicos como es el hemisferio occidental, <strong>con preferencia sobre Am\u00e9rica Latina desde el R\u00edo Bravo hasta la Ant\u00e1rtida, como lo asegura la <\/strong><strong>\u201cE<\/strong><strong>estrategia Nacional de Defensa 2026\u201d<\/strong>, <strong>del propio gobierno de Donald Trump, destacando entre otras cuestiones, que \u201c<\/strong><strong>ha reconstruido el poder militar estadounidense para convertirlo en el mejor del mundo\u201d<\/strong><strong>. Se preparan para la guerra.<\/strong><\/p>\n\n\n\n<p>El mundo se encuentra en una disyuntiva <strong>del sistema capitalista imperialista, que ha entrado a un punto de \u201cno retorno\u201d de su fase m\u00e1s putrefacta y ultima, donde necesita depredar aun mas los ecosistemas, arrasar con las leyes y sistemas democr\u00e1ticos, as\u00ed como esclavizar aun mas la mano de obra para poder mantenerse y subsistir.<\/strong><\/p>\n\n\n\n<p>Los incendios intencionales en nuestro territorio, muestran la cara inhumana de quienes sostienen un sistema que busca por todos los medios la m\u00e1xima ganancia, en los negocios inmobiliarios y destrucci\u00f3n de nuestra tierra, r\u00edos, mares y pueblos enteros. De la misma manera que la administraci\u00f3n Trump anuncia el \u201cplan de reconstrucci\u00f3n de la Franja de Gaza\u201d con mega proyectos inmobiliarios construidos sobre el genocidio del pueblo palestino liderado por el asesino Netanyahu.<\/p>\n\n\n\n<p>Estas ecuaciones llevaran m\u00e1s temprano que tarde a la guerra donde buscaran volver a establecer un nuevo statu quo de dominaci\u00f3n. <strong>Nadie quedar\u00e1 al margen y cada estado tomar\u00e1 partido como muestra el propio Milei con EEUU <\/strong>yladisputa en el plano interno de nuestro pa\u00eds, graficado hoy en la disputa de Milei con Techint y el multimedio Clar\u00edn.<\/p>\n\n\n\n<p>Nuevos polos y reagrupamientos emergen y desaf\u00edan a los viejos imperialismos como EEUU y sus aliados como Israel condenados a ser superados por otras potencias m\u00e1s j\u00f3venes como China conduciendo los BRICS. Este multilateralismo, que ha superado al unilateralismo liderado por EEUU como la \u00fanica superpotencia sobre la tierra, fortalecido luego de la segunda guerra mundial y la debacle de los procesos de construcci\u00f3n del socialismo en Rusia y China, est\u00e1 en una espiral de su epilogo, <strong>donde hasta sus aliados europeos y la propia Canad\u00e1 son agredidos econ\u00f3mica y pol\u00edticamente pero donde estos buscan otros horizontes para sostener su econom\u00eda acudiendo a China para contrarrestar el castigo arancelario de EEUU sobre sus productos.<\/strong><\/p>\n\n\n\n<p>Estos estados se debaten hoy en la disyuntiva de sostener la guerra en Ucrania a cambio de restringir la llegada del gas ruso y caer en el chantaje de EEUU, o acelerar una salida negociada con Putin para garantizarse el suministro de gas mientras se acerca el invierno.<\/p>\n\n\n\n<p>En este contexto de desidia y disputa, nada o muy poco se habla de la oportunidad que tienen los pueblos. Oportunidad para emprender un camino soberano que muestre que hay una necesidad y posibilidad para vivir dignamente y reconstruir la matriz econ\u00f3mica y cultural que ponga en pie el desarrollo soberano de la industria, el comercio, defendiendo todos los recursos estrat\u00e9gicos comunes para vivir en armon\u00eda con la naturaleza.<\/p>\n\n\n\n<p>La posibilidad y la necesidad de las transformaciones revolucionarias est\u00e1n dadas. Porque la crisis es tan profunda que no valen caminos intermedios que nos llevaran a situaciones como las que vivimos en el presente.<\/p>\n\n\n\n<p>La derrota de estos proyectos pol\u00edticos como el de esclavizaci\u00f3n laboral, as\u00ed como destruir los DNU que cercenan derechos laborales y democr\u00e1ticos, que asfixia a la familia trabajadora que no llega a fin de mes y se endeuda hasta terminar con este gobierno, contribuir\u00e1n a avanzar en un camino donde ser\u00e1 las fuerzas subjetivas democr\u00e1ticas, antiimperialistas y revolucionarias las que tendr\u00e1n que mostrase unidas para poder conducir al conjunto del variopinto \u201ccampo popular\u201d que comparte el mismo enemigo principal.<\/p>\n\n\n\n<p>Garantizar la masividad del paro y movilizaci\u00f3n de la CGT y las dem\u00e1s centrales y sindicatos para el 11 de febrero, marcar\u00e1n el inicio de un a\u00f1o convulsionado donde lxs trabajadorxs y el pueblo deber\u00e1n ser protagonistas.<\/p>\n<!-- AddThis Advanced Settings generic via filter on the_content --><!-- AddThis Share Buttons generic via filter on the_content -->","protected":false},"excerpt":{"rendered":"<p>Frenemos la esclavizaci\u00f3n laboral, la entrega de la soberan\u00eda y el avasallamiento de la democracia\u2026 Tu \u201cmodernidad\u201d &#8230;mi esclavitud El largo verano del 26 pasar\u00e1 a la historia por mostrar descarnadamente la pulseada encabezada por los due\u00f1os del poder en tratar de aprobar una llamada \u201cmodernizaci\u00f3n laboral\u201d que nos arrastra al siglo XIX, una vuelta [&hellip;]<!-- AddThis Advanced Settings generic via filter on get_the_excerpt --><!-- AddThis Share Buttons generic via filter on get_the_excerpt --><\/p>\n","protected":false},"author":9,"featured_media":28799,"comment_status":"closed","ping_status":"closed","sticky":false,"template":"","format":"standard","meta":{"_jetpack_memberships_contains_paid_content":false,"footnotes":""},"categories":[1881,1699],"tags":[],"class_list":{"0":"post-28796","1":"post","2":"type-post","3":"status-publish","4":"format-standard","5":"has-post-thumbnail","7":"category-editoriales","8":"category-noticias"},"yoast_head":"<!-- This site is optimized with the Yoast SEO plugin v27.4 - https:\/\/yoast.com\/product\/yoast-seo-wordpress\/ -->\n<title>En unidad y en las calles - Vamos por la Liberaci\u00f3n<\/title>\n<meta name=\"description\" content=\"Tu \u201cmodernidad\u201d \u2026mi esclavitudEl largo verano del 26 pasar\u00e1 a la historia por mostrar descarnadamente la pulseada encabezada por los due\u00f1os del poder en tratar de aprobar una llamada \u201cmodernizaci\u00f3n laboral\u201d que nos arrastra al siglo XIX, una vuelta mas para garantizar la esclavizaci\u00f3n de la mano de obra y las ganancias del selecto grupo del 1% que detenta el poder real en el pa\u00eds y al que representa sin tapujos Milei y su gobierno. Tal es el proyecto de avasallamiento de los derechos laborales, que nos lleva a un r\u00e9gimen semi colonial o de alg\u00fan sistema autoritario de gobierno en el mundo.\" \/>\n<meta name=\"robots\" content=\"index, follow, max-snippet:-1, max-image-preview:large, max-video-preview:-1\" \/>\n<link rel=\"canonical\" href=\"https:\/\/vamosporlaliberacion.org\/crpmlm\/en-unidad-y-en-las-calles\/\" \/>\n<meta name=\"twitter:label1\" content=\"Escrito por\" \/>\n\t<meta name=\"twitter:data1\" content=\"Prensa Vamos\" \/>\n\t<meta name=\"twitter:label2\" content=\"Tiempo de lectura\" \/>\n\t<meta name=\"twitter:data2\" content=\"12 minutos\" \/>\n<script type=\"application\/ld+json\" class=\"yoast-schema-graph\">{\"@context\":\"https:\\\/\\\/schema.org\",\"@graph\":[{\"@type\":\"Article\",\"@id\":\"https:\\\/\\\/vamosporlaliberacion.org\\\/crpmlm\\\/en-unidad-y-en-las-calles\\\/#article\",\"isPartOf\":{\"@id\":\"https:\\\/\\\/vamosporlaliberacion.org\\\/crpmlm\\\/en-unidad-y-en-las-calles\\\/\"},\"author\":{\"name\":\"Prensa Vamos\",\"@id\":\"https:\\\/\\\/vamosporlaliberacion.org\\\/crpmlm\\\/#\\\/schema\\\/person\\\/ebdbd4bf0e9418b9f0c0a93395366b2f\"},\"headline\":\"En unidad y en las calles\",\"datePublished\":\"2026-02-02T23:33:10+00:00\",\"dateModified\":\"2026-02-02T23:34:51+00:00\",\"mainEntityOfPage\":{\"@id\":\"https:\\\/\\\/vamosporlaliberacion.org\\\/crpmlm\\\/en-unidad-y-en-las-calles\\\/\"},\"wordCount\":2466,\"image\":{\"@id\":\"https:\\\/\\\/vamosporlaliberacion.org\\\/crpmlm\\\/en-unidad-y-en-las-calles\\\/#primaryimage\"},\"thumbnailUrl\":\"https:\\\/\\\/i0.wp.com\\\/vamosporlaliberacion.org\\\/crpmlm\\\/wp-content\\\/uploads\\\/2026\\\/02\\\/lustramax-cabecera.jpg?fit=1035%2C582&ssl=1\",\"articleSection\":[\"Editoriales\",\"Noticias\"],\"inLanguage\":\"es\"},{\"@type\":\"WebPage\",\"@id\":\"https:\\\/\\\/vamosporlaliberacion.org\\\/crpmlm\\\/en-unidad-y-en-las-calles\\\/\",\"url\":\"https:\\\/\\\/vamosporlaliberacion.org\\\/crpmlm\\\/en-unidad-y-en-las-calles\\\/\",\"name\":\"En unidad y en las calles - Vamos por la Liberaci\u00f3n\",\"isPartOf\":{\"@id\":\"https:\\\/\\\/vamosporlaliberacion.org\\\/crpmlm\\\/#website\"},\"primaryImageOfPage\":{\"@id\":\"https:\\\/\\\/vamosporlaliberacion.org\\\/crpmlm\\\/en-unidad-y-en-las-calles\\\/#primaryimage\"},\"image\":{\"@id\":\"https:\\\/\\\/vamosporlaliberacion.org\\\/crpmlm\\\/en-unidad-y-en-las-calles\\\/#primaryimage\"},\"thumbnailUrl\":\"https:\\\/\\\/i0.wp.com\\\/vamosporlaliberacion.org\\\/crpmlm\\\/wp-content\\\/uploads\\\/2026\\\/02\\\/lustramax-cabecera.jpg?fit=1035%2C582&ssl=1\",\"datePublished\":\"2026-02-02T23:33:10+00:00\",\"dateModified\":\"2026-02-02T23:34:51+00:00\",\"author\":{\"@id\":\"https:\\\/\\\/vamosporlaliberacion.org\\\/crpmlm\\\/#\\\/schema\\\/person\\\/ebdbd4bf0e9418b9f0c0a93395366b2f\"},\"description\":\"Tu \u201cmodernidad\u201d \u2026mi esclavitudEl largo verano del 26 pasar\u00e1 a la historia por mostrar descarnadamente la pulseada encabezada por los due\u00f1os del poder en tratar de aprobar una llamada \u201cmodernizaci\u00f3n laboral\u201d que nos arrastra al siglo XIX, una vuelta mas para garantizar la esclavizaci\u00f3n de la mano de obra y las ganancias del selecto grupo del 1% que detenta el poder real en el pa\u00eds y al que representa sin tapujos Milei y su gobierno. Tal es el proyecto de avasallamiento de los derechos laborales, que nos lleva a un r\u00e9gimen semi colonial o de alg\u00fan sistema autoritario de gobierno en el mundo.\",\"breadcrumb\":{\"@id\":\"https:\\\/\\\/vamosporlaliberacion.org\\\/crpmlm\\\/en-unidad-y-en-las-calles\\\/#breadcrumb\"},\"inLanguage\":\"es\",\"potentialAction\":[{\"@type\":\"ReadAction\",\"target\":[\"https:\\\/\\\/vamosporlaliberacion.org\\\/crpmlm\\\/en-unidad-y-en-las-calles\\\/\"]}]},{\"@type\":\"ImageObject\",\"inLanguage\":\"es\",\"@id\":\"https:\\\/\\\/vamosporlaliberacion.org\\\/crpmlm\\\/en-unidad-y-en-las-calles\\\/#primaryimage\",\"url\":\"https:\\\/\\\/i0.wp.com\\\/vamosporlaliberacion.org\\\/crpmlm\\\/wp-content\\\/uploads\\\/2026\\\/02\\\/lustramax-cabecera.jpg?fit=1035%2C582&ssl=1\",\"contentUrl\":\"https:\\\/\\\/i0.wp.com\\\/vamosporlaliberacion.org\\\/crpmlm\\\/wp-content\\\/uploads\\\/2026\\\/02\\\/lustramax-cabecera.jpg?fit=1035%2C582&ssl=1\",\"width\":1035,\"height\":582},{\"@type\":\"BreadcrumbList\",\"@id\":\"https:\\\/\\\/vamosporlaliberacion.org\\\/crpmlm\\\/en-unidad-y-en-las-calles\\\/#breadcrumb\",\"itemListElement\":[{\"@type\":\"ListItem\",\"position\":1,\"name\":\"Portada\",\"item\":\"https:\\\/\\\/vamosporlaliberacion.org\\\/crpmlm\\\/\"},{\"@type\":\"ListItem\",\"position\":2,\"name\":\"En unidad y en las calles\"}]},{\"@type\":\"WebSite\",\"@id\":\"https:\\\/\\\/vamosporlaliberacion.org\\\/crpmlm\\\/#website\",\"url\":\"https:\\\/\\\/vamosporlaliberacion.org\\\/crpmlm\\\/\",\"name\":\"Vamos por la Liberaci\u00f3n\",\"description\":\"Prensa CR\",\"potentialAction\":[{\"@type\":\"SearchAction\",\"target\":{\"@type\":\"EntryPoint\",\"urlTemplate\":\"https:\\\/\\\/vamosporlaliberacion.org\\\/crpmlm\\\/?s={search_term_string}\"},\"query-input\":{\"@type\":\"PropertyValueSpecification\",\"valueRequired\":true,\"valueName\":\"search_term_string\"}}],\"inLanguage\":\"es\"},{\"@type\":\"Person\",\"@id\":\"https:\\\/\\\/vamosporlaliberacion.org\\\/crpmlm\\\/#\\\/schema\\\/person\\\/ebdbd4bf0e9418b9f0c0a93395366b2f\",\"name\":\"Prensa Vamos\",\"sameAs\":[\"http:\\\/\\\/vamposporlaliberacion.org\"],\"url\":\"https:\\\/\\\/vamosporlaliberacion.org\\\/crpmlm\\\/author\\\/editor\\\/\"}]}<\/script>\n<!-- \/ Yoast SEO plugin. -->","yoast_head_json":{"title":"En unidad y en las calles - Vamos por la Liberaci\u00f3n","description":"Tu \u201cmodernidad\u201d \u2026mi esclavitudEl largo verano del 26 pasar\u00e1 a la historia por mostrar descarnadamente la pulseada encabezada por los due\u00f1os del poder en tratar de aprobar una llamada \u201cmodernizaci\u00f3n laboral\u201d que nos arrastra al siglo XIX, una vuelta mas para garantizar la esclavizaci\u00f3n de la mano de obra y las ganancias del selecto grupo del 1% que detenta el poder real en el pa\u00eds y al que representa sin tapujos Milei y su gobierno. Tal es el proyecto de avasallamiento de los derechos laborales, que nos lleva a un r\u00e9gimen semi colonial o de alg\u00fan sistema autoritario de gobierno en el mundo.","robots":{"index":"index","follow":"follow","max-snippet":"max-snippet:-1","max-image-preview":"max-image-preview:large","max-video-preview":"max-video-preview:-1"},"canonical":"https:\/\/vamosporlaliberacion.org\/crpmlm\/en-unidad-y-en-las-calles\/","twitter_misc":{"Escrito por":"Prensa Vamos","Tiempo de lectura":"12 minutos"},"schema":{"@context":"https:\/\/schema.org","@graph":[{"@type":"Article","@id":"https:\/\/vamosporlaliberacion.org\/crpmlm\/en-unidad-y-en-las-calles\/#article","isPartOf":{"@id":"https:\/\/vamosporlaliberacion.org\/crpmlm\/en-unidad-y-en-las-calles\/"},"author":{"name":"Prensa Vamos","@id":"https:\/\/vamosporlaliberacion.org\/crpmlm\/#\/schema\/person\/ebdbd4bf0e9418b9f0c0a93395366b2f"},"headline":"En unidad y en las calles","datePublished":"2026-02-02T23:33:10+00:00","dateModified":"2026-02-02T23:34:51+00:00","mainEntityOfPage":{"@id":"https:\/\/vamosporlaliberacion.org\/crpmlm\/en-unidad-y-en-las-calles\/"},"wordCount":2466,"image":{"@id":"https:\/\/vamosporlaliberacion.org\/crpmlm\/en-unidad-y-en-las-calles\/#primaryimage"},"thumbnailUrl":"https:\/\/i0.wp.com\/vamosporlaliberacion.org\/crpmlm\/wp-content\/uploads\/2026\/02\/lustramax-cabecera.jpg?fit=1035%2C582&ssl=1","articleSection":["Editoriales","Noticias"],"inLanguage":"es"},{"@type":"WebPage","@id":"https:\/\/vamosporlaliberacion.org\/crpmlm\/en-unidad-y-en-las-calles\/","url":"https:\/\/vamosporlaliberacion.org\/crpmlm\/en-unidad-y-en-las-calles\/","name":"En unidad y en las calles - Vamos por la Liberaci\u00f3n","isPartOf":{"@id":"https:\/\/vamosporlaliberacion.org\/crpmlm\/#website"},"primaryImageOfPage":{"@id":"https:\/\/vamosporlaliberacion.org\/crpmlm\/en-unidad-y-en-las-calles\/#primaryimage"},"image":{"@id":"https:\/\/vamosporlaliberacion.org\/crpmlm\/en-unidad-y-en-las-calles\/#primaryimage"},"thumbnailUrl":"https:\/\/i0.wp.com\/vamosporlaliberacion.org\/crpmlm\/wp-content\/uploads\/2026\/02\/lustramax-cabecera.jpg?fit=1035%2C582&ssl=1","datePublished":"2026-02-02T23:33:10+00:00","dateModified":"2026-02-02T23:34:51+00:00","author":{"@id":"https:\/\/vamosporlaliberacion.org\/crpmlm\/#\/schema\/person\/ebdbd4bf0e9418b9f0c0a93395366b2f"},"description":"Tu \u201cmodernidad\u201d \u2026mi esclavitudEl largo verano del 26 pasar\u00e1 a la historia por mostrar descarnadamente la pulseada encabezada por los due\u00f1os del poder en tratar de aprobar una llamada \u201cmodernizaci\u00f3n laboral\u201d que nos arrastra al siglo XIX, una vuelta mas para garantizar la esclavizaci\u00f3n de la mano de obra y las ganancias del selecto grupo del 1% que detenta el poder real en el pa\u00eds y al que representa sin tapujos Milei y su gobierno. Tal es el proyecto de avasallamiento de los derechos laborales, que nos lleva a un r\u00e9gimen semi colonial o de alg\u00fan sistema autoritario de gobierno en el mundo.","breadcrumb":{"@id":"https:\/\/vamosporlaliberacion.org\/crpmlm\/en-unidad-y-en-las-calles\/#breadcrumb"},"inLanguage":"es","potentialAction":[{"@type":"ReadAction","target":["https:\/\/vamosporlaliberacion.org\/crpmlm\/en-unidad-y-en-las-calles\/"]}]},{"@type":"ImageObject","inLanguage":"es","@id":"https:\/\/vamosporlaliberacion.org\/crpmlm\/en-unidad-y-en-las-calles\/#primaryimage","url":"https:\/\/i0.wp.com\/vamosporlaliberacion.org\/crpmlm\/wp-content\/uploads\/2026\/02\/lustramax-cabecera.jpg?fit=1035%2C582&ssl=1","contentUrl":"https:\/\/i0.wp.com\/vamosporlaliberacion.org\/crpmlm\/wp-content\/uploads\/2026\/02\/lustramax-cabecera.jpg?fit=1035%2C582&ssl=1","width":1035,"height":582},{"@type":"BreadcrumbList","@id":"https:\/\/vamosporlaliberacion.org\/crpmlm\/en-unidad-y-en-las-calles\/#breadcrumb","itemListElement":[{"@type":"ListItem","position":1,"name":"Portada","item":"https:\/\/vamosporlaliberacion.org\/crpmlm\/"},{"@type":"ListItem","position":2,"name":"En unidad y en las calles"}]},{"@type":"WebSite","@id":"https:\/\/vamosporlaliberacion.org\/crpmlm\/#website","url":"https:\/\/vamosporlaliberacion.org\/crpmlm\/","name":"Vamos por la Liberaci\u00f3n","description":"Prensa CR","potentialAction":[{"@type":"SearchAction","target":{"@type":"EntryPoint","urlTemplate":"https:\/\/vamosporlaliberacion.org\/crpmlm\/?s={search_term_string}"},"query-input":{"@type":"PropertyValueSpecification","valueRequired":true,"valueName":"search_term_string"}}],"inLanguage":"es"},{"@type":"Person","@id":"https:\/\/vamosporlaliberacion.org\/crpmlm\/#\/schema\/person\/ebdbd4bf0e9418b9f0c0a93395366b2f","name":"Prensa Vamos","sameAs":["http:\/\/vamposporlaliberacion.org"],"url":"https:\/\/vamosporlaliberacion.org\/crpmlm\/author\/editor\/"}]}},"jetpack_featured_media_url":"https:\/\/i0.wp.com\/vamosporlaliberacion.org\/crpmlm\/wp-content\/uploads\/2026\/02\/lustramax-cabecera.jpg?fit=1035%2C582&ssl=1","jetpack_sharing_enabled":true,"_links":{"self":[{"href":"https:\/\/vamosporlaliberacion.org\/crpmlm\/wp-json\/wp\/v2\/posts\/28796","targetHints":{"allow":["GET"]}}],"collection":[{"href":"https:\/\/vamosporlaliberacion.org\/crpmlm\/wp-json\/wp\/v2\/posts"}],"about":[{"href":"https:\/\/vamosporlaliberacion.org\/crpmlm\/wp-json\/wp\/v2\/types\/post"}],"author":[{"embeddable":true,"href":"https:\/\/vamosporlaliberacion.org\/crpmlm\/wp-json\/wp\/v2\/users\/9"}],"replies":[{"embeddable":true,"href":"https:\/\/vamosporlaliberacion.org\/crpmlm\/wp-json\/wp\/v2\/comments?post=28796"}],"version-history":[{"count":1,"href":"https:\/\/vamosporlaliberacion.org\/crpmlm\/wp-json\/wp\/v2\/posts\/28796\/revisions"}],"predecessor-version":[{"id":28801,"href":"https:\/\/vamosporlaliberacion.org\/crpmlm\/wp-json\/wp\/v2\/posts\/28796\/revisions\/28801"}],"wp:featuredmedia":[{"embeddable":true,"href":"https:\/\/vamosporlaliberacion.org\/crpmlm\/wp-json\/wp\/v2\/media\/28799"}],"wp:attachment":[{"href":"https:\/\/vamosporlaliberacion.org\/crpmlm\/wp-json\/wp\/v2\/media?parent=28796"}],"wp:term":[{"taxonomy":"category","embeddable":true,"href":"https:\/\/vamosporlaliberacion.org\/crpmlm\/wp-json\/wp\/v2\/categories?post=28796"},{"taxonomy":"post_tag","embeddable":true,"href":"https:\/\/vamosporlaliberacion.org\/crpmlm\/wp-json\/wp\/v2\/tags?post=28796"}],"curies":[{"name":"wp","href":"https:\/\/api.w.org\/{rel}","templated":true}]}}