{"id":28781,"date":"2025-12-31T14:51:58","date_gmt":"2025-12-31T17:51:58","guid":{"rendered":"https:\/\/vamosporlaliberacion.org\/crpmlm\/?p=28781"},"modified":"2025-12-31T14:52:00","modified_gmt":"2025-12-31T17:52:00","slug":"2026-que-no-haya-paz-en-los-palacios","status":"publish","type":"post","link":"https:\/\/vamosporlaliberacion.org\/crpmlm\/2026-que-no-haya-paz-en-los-palacios\/","title":{"rendered":"2026 \u00a1Que no haya paz en los palacios!"},"content":{"rendered":"\n<p>Se va el 2025, un a\u00f1o nefasto donde los chacales celebran sus fechor\u00edas. No viene al caso enumerar la cantidad de derechos perdidos, los tenemos marcados como cicatrices en el cuerpo y la conciencia.\u00a0<\/p>\n\n\n\n<p>Debemos mirar el a\u00f1o que comienza. As\u00ed debe ser. Poner \u00e9nfasis en lo que va a venir y lo que podemos hacer, y no el acento en lo que dejamos atr\u00e1s, y si lo hacemos que sea para ver el tama\u00f1o de quienes nos agreden y lo que debemos corregir, porque las cosas buenas las asumimos m\u00e1s f\u00e1cilmente y es la que nos da la dicha, confianza y reconforta nuestros corazones. Pareciera que no las hay, pero tenemos los millones de personas que todav\u00eda est\u00e1n de pie, la mayor\u00eda a\u00fan desunidas, pero de pie.<\/p>\n\n\n<div class=\"wp-block-image\">\n<figure class=\"aligncenter size-large\"><img data-recalc-dims=\"1\" loading=\"lazy\" decoding=\"async\" width=\"696\" height=\"350\" src=\"https:\/\/i0.wp.com\/vamosporlaliberacion.org\/crpmlm\/wp-content\/uploads\/2025\/12\/Marcha-contra-RefLab18D-700x352.jpg?resize=696%2C350\" alt=\"\" class=\"wp-image-28767\" srcset=\"https:\/\/i0.wp.com\/vamosporlaliberacion.org\/crpmlm\/wp-content\/uploads\/2025\/12\/Marcha-contra-RefLab18D.jpg?resize=700%2C352&amp;ssl=1 700w, https:\/\/i0.wp.com\/vamosporlaliberacion.org\/crpmlm\/wp-content\/uploads\/2025\/12\/Marcha-contra-RefLab18D.jpg?resize=300%2C151&amp;ssl=1 300w, https:\/\/i0.wp.com\/vamosporlaliberacion.org\/crpmlm\/wp-content\/uploads\/2025\/12\/Marcha-contra-RefLab18D.jpg?resize=768%2C387&amp;ssl=1 768w, https:\/\/i0.wp.com\/vamosporlaliberacion.org\/crpmlm\/wp-content\/uploads\/2025\/12\/Marcha-contra-RefLab18D.jpg?resize=150%2C76&amp;ssl=1 150w, https:\/\/i0.wp.com\/vamosporlaliberacion.org\/crpmlm\/wp-content\/uploads\/2025\/12\/Marcha-contra-RefLab18D.jpg?resize=696%2C350&amp;ssl=1 696w, https:\/\/i0.wp.com\/vamosporlaliberacion.org\/crpmlm\/wp-content\/uploads\/2025\/12\/Marcha-contra-RefLab18D.jpg?resize=834%2C420&amp;ssl=1 834w, https:\/\/i0.wp.com\/vamosporlaliberacion.org\/crpmlm\/wp-content\/uploads\/2025\/12\/Marcha-contra-RefLab18D.jpg?w=900&amp;ssl=1 900w\" sizes=\"auto, (max-width: 696px) 100vw, 696px\" \/><figcaption class=\"wp-element-caption\">Movilizacion CGT 18D contra la reforma laboral esclavista de Milei<\/figcaption><\/figure>\n<\/div>\n\n\n<p>Estamos probando lo peor que se conoce en tiempos democr\u00e1ticos. Ellos, el 1% que detenta el poder, deja solo destrucci\u00f3n y exterminio a su paso, mientras confunden a desprevenidos y ganan a quebrados y conversos. Ellos ganan cuando el resto mayoritario est\u00e1 dividido en una elecci\u00f3n y cierta oposici\u00f3n tiene tanto temor o complicidad que no une a esa mayor\u00eda en las calles, y les da la ventaja necesaria para la faena sangrienta a esa minor\u00eda que detenta el poder.<\/p>\n\n\n\n<p>Pero estos chacales, desde un punto de vista, tambi\u00e9n simplifican la tarea de este lado, porque se sostienen sobre ruinas y van arrasando con todo a su paso. Bestias que no ven m\u00e1s all\u00e1 de sus ganancias y viven para eso y solo eso, destruyendo todo y cada vez m\u00e1s y m\u00e1s sofisticado, m\u00e1s brutal y descarado, <strong>pero dejan expuesta la disyuntiva del tama\u00f1o de epopeyas que debemos transitar para derrotarlos y somos m\u00e1s, \u00a1muchas y muchos m\u00e1s!<\/strong><\/p>\n\n\n\n<p>Est\u00e1n apurados para esclavizar la mano de obra, entregar todas nuestras riquezas comunes, destruir la educaci\u00f3n, la ciencia y aniquilar a los m\u00e1s d\u00e9biles\u2026 \u00a1quieren controlarlo todo parados sobre las ruinas de algo que de seguir as\u00ed se va parecer a un pa\u00eds solo en su geograf\u00eda sobre papel!<\/p>\n\n\n<div class=\"wp-block-image\">\n<figure class=\"aligncenter size-large\"><img data-recalc-dims=\"1\" loading=\"lazy\" decoding=\"async\" width=\"696\" height=\"385\" src=\"https:\/\/i0.wp.com\/vamosporlaliberacion.org\/crpmlm\/wp-content\/uploads\/2024\/02\/SutefLucha.jpg?resize=696%2C385&#038;ssl=1\" alt=\"\" class=\"wp-image-27601\" srcset=\"https:\/\/i0.wp.com\/vamosporlaliberacion.org\/crpmlm\/wp-content\/uploads\/2024\/02\/SutefLucha.jpg?w=696&amp;ssl=1 696w, https:\/\/i0.wp.com\/vamosporlaliberacion.org\/crpmlm\/wp-content\/uploads\/2024\/02\/SutefLucha.jpg?resize=300%2C166&amp;ssl=1 300w, https:\/\/i0.wp.com\/vamosporlaliberacion.org\/crpmlm\/wp-content\/uploads\/2024\/02\/SutefLucha.jpg?resize=150%2C83&amp;ssl=1 150w\" sizes=\"auto, (max-width: 696px) 100vw, 696px\" \/><figcaption class=\"wp-element-caption\">El Sindicato Unico de Trabajadores de la Educaci\u00f3n Fueguina (SUTEF), movilizado en defensa de los maestros fueguinos, fue un protagonista central de la lucha gremial y pol\u00edtica en la isla<\/figcaption><\/figure>\n<\/div>\n\n\n<p>Nos queda el 2026 para sacar fuerzas de la l\u00f3gica de los pueblos que no se suicidan, se pueden equivocar y ser derrotados por sus verdugos, pero siempre vuelven. \u00bfAcaso podemos dudar que Palestina vencer\u00e1 sobre los genocidas? \u00bfo que el pueblo venezolano no triunfar\u00e1 mas temprano que tarde sobre la garra sangrienta de Donald Trump? \u00a1\u00bfno est\u00e1n luchando y bloqueando la Paz los obreros en Bolivia a solo 20 d\u00edas del nuevo gobierno de derecha?!, si los 30.000 detenidxs desapatrecidxs hubieran pensado que no val\u00eda la pena dar la vida por su pueblo y sus ideales, hoy tendr\u00edamos muertos en vida caminando por las calles. Estos que hoy gobiernan pensaron que con bombardeos a Palza de Mayo y golpes genocidas se quedar\u00edan para siempre, pero el pueblo puede tardar, pero siempre vuelve, y lo saben, pero su condici\u00f3n de clase les impide parar, no pueden parar.&nbsp;<\/p>\n\n\n\n<p>Y entonces es cuando nos empujan a algunxs a secarnos las l\u00e1grimas, sanar heridas y desechar esperanzas in\u00fatiles re\u00f1idas con la realidad y la historia de que esto se puede arreglar por las buenas.&nbsp;<\/p>\n\n\n\n<p>Cuando esto ocurre, como en estos tiempos, es cuando nos cabe la obligaci\u00f3n de prepararnos para confrontaciones brutales porque <strong>tenemos la obligaci\u00f3n de mirar para delante y prepararnos para ser protagonistas, que es lo m\u00e1s hermoso en la vida de las personas en sus pr\u00e1cticas colectivas. \u00a1es inadmisible proponerse pasar desapercibido, nada m\u00e1s cobarde!<\/strong><\/p>\n\n\n\n<p>Dec\u00eda el poeta, <em>\u201cmaldigo la poes\u00eda concebida como un lujo<\/em><\/p>\n\n\n\n<p><em>cultural por los neutrales que, lav\u00e1ndose las manos, se desentienden y evaden.&nbsp;<\/em><\/p>\n\n\n\n<p><em>Maldigo la poes\u00eda de quien no toma partido\u2026partido hasta mancharse.\u201d<\/em> (Gabriel Celaya)<\/p>\n\n\n\n<p>El 2026 puede ser un a\u00f1o de quiebre, no podemos esperar los tiempos institucionales donde ellos mandan para destruir la propia Constituci\u00f3n Nacional y la vida democr\u00e1tica, aun devaluada. \u00a1No podemos aceptarlo!<\/p>\n\n\n\n<p><strong>Si llegamos a la conclusi\u00f3n que la \u00fanica forma que los sectores concentrados tienen para avanzar es cuando de este lado se retrocede, entonces la tarea de la hora ser\u00e1 trabar los engranajes y hacerlos girar para el lado contrario. Esa hora ha llegado, pero hay que trabajarla con convicciones y audacia\u2026mucha audacia.&nbsp;<\/strong><\/p>\n\n\n\n<p>Nuestra lucha es por la liberaci\u00f3n y el socialismo, ese sistema que deploran estos enemigos, pero que tambi\u00e9n despiertan el inter\u00e9s de aquellos castigados que nunca escucharon hablar de \u00e9l, porque estos chacales lo hacen desde la difusi\u00f3n de valores medievales, negacionistas de la naturaleza misma, y buscan remedios harto conocidos de \u201csalvaci\u00f3n eterna\u201d de este sistema tan agonizante como peligroso que est\u00e1 muriendo, pero que engendra en sus entra\u00f1as otro m\u00e1s avanzado que todav\u00eda no nace.<\/p>\n\n\n\n<p>Este modo de producci\u00f3n que nos atraviesa y mata los ecosistemas, esclaviza a\u00fan m\u00e1s la mano que produce y embrutece a nuevas generaciones, hace rato que no tiene cura y se vuelve en su contrario y traba el desarrollo de las fuerzas productivas. \u00a1Todo est\u00e1 a la vista!<\/p>\n\n\n\n<p><strong>Los Comunistas revolucionarios tenemos la obligaci\u00f3n y responsabilidad de estar a la cabeza de la necesaria unidad y difundir la verdad para que miles salgan del oscurantismo y sean protagonistas de los cambios estructurales, de fondo, revolucionarios.<\/strong><\/p>\n\n\n<div class=\"wp-block-image\">\n<figure class=\"aligncenter size-large\"><img data-recalc-dims=\"1\" loading=\"lazy\" decoding=\"async\" width=\"696\" height=\"392\" src=\"https:\/\/i0.wp.com\/vamosporlaliberacion.org\/crpmlm\/wp-content\/uploads\/2023\/10\/PalestinaCR-MPL-Portada-700x394.jpg?resize=696%2C392\" alt=\"\" class=\"wp-image-27244\" srcset=\"https:\/\/i0.wp.com\/vamosporlaliberacion.org\/crpmlm\/wp-content\/uploads\/2023\/10\/PalestinaCR-MPL-Portada.jpg?resize=700%2C394&amp;ssl=1 700w, https:\/\/i0.wp.com\/vamosporlaliberacion.org\/crpmlm\/wp-content\/uploads\/2023\/10\/PalestinaCR-MPL-Portada.jpg?resize=300%2C169&amp;ssl=1 300w, https:\/\/i0.wp.com\/vamosporlaliberacion.org\/crpmlm\/wp-content\/uploads\/2023\/10\/PalestinaCR-MPL-Portada.jpg?resize=768%2C433&amp;ssl=1 768w, https:\/\/i0.wp.com\/vamosporlaliberacion.org\/crpmlm\/wp-content\/uploads\/2023\/10\/PalestinaCR-MPL-Portada.jpg?resize=150%2C84&amp;ssl=1 150w, https:\/\/i0.wp.com\/vamosporlaliberacion.org\/crpmlm\/wp-content\/uploads\/2023\/10\/PalestinaCR-MPL-Portada.jpg?resize=696%2C392&amp;ssl=1 696w, https:\/\/i0.wp.com\/vamosporlaliberacion.org\/crpmlm\/wp-content\/uploads\/2023\/10\/PalestinaCR-MPL-Portada.jpg?resize=1068%2C601&amp;ssl=1 1068w, https:\/\/i0.wp.com\/vamosporlaliberacion.org\/crpmlm\/wp-content\/uploads\/2023\/10\/PalestinaCR-MPL-Portada.jpg?resize=746%2C420&amp;ssl=1 746w, https:\/\/i0.wp.com\/vamosporlaliberacion.org\/crpmlm\/wp-content\/uploads\/2023\/10\/PalestinaCR-MPL-Portada.jpg?w=1440&amp;ssl=1 1440w\" sizes=\"auto, (max-width: 696px) 100vw, 696px\" \/><\/figure>\n<\/div>\n\n\n<p>Hay miles de <strong>\u201cmiles de bombitas contenidas\u201d en cada rinc\u00f3n del pa\u00eds. Que no haya paz en los palacios de los poderosos<\/strong>, porque as\u00ed, y solo as\u00ed, avanzar\u00e1 la inmensa mayor\u00eda del pueblo con la frente de cara al sol en busca de la felicidad.<\/p>\n\n\n\n<h2 class=\"wp-block-heading\"><strong>\u00a1Por un 2026 de luchas y esperanzas!<\/strong><\/h2>\n\n\n\n<p class=\"has-text-align-right\"><em>Gustavo Funes<\/em><\/p>\n\n\n\n<p><\/p>\n<!-- AddThis Advanced Settings generic via filter on the_content --><!-- AddThis Share Buttons generic via filter on the_content -->","protected":false},"excerpt":{"rendered":"<p>Se va el 2025, un a\u00f1o nefasto donde los chacales celebran sus fechor\u00edas. No viene al caso enumerar la cantidad de derechos perdidos, los tenemos marcados como cicatrices en el cuerpo y la conciencia.\u00a0 Debemos mirar el a\u00f1o que comienza. As\u00ed debe ser. Poner \u00e9nfasis en lo que va a venir y lo que podemos [&hellip;]<!-- AddThis Advanced Settings generic via filter on get_the_excerpt --><!-- AddThis Share Buttons generic via filter on get_the_excerpt --><\/p>\n","protected":false},"author":9,"featured_media":28717,"comment_status":"closed","ping_status":"closed","sticky":false,"template":"","format":"standard","meta":{"_jetpack_memberships_contains_paid_content":false,"footnotes":""},"categories":[1881,1699],"tags":[],"class_list":{"0":"post-28781","1":"post","2":"type-post","3":"status-publish","4":"format-standard","5":"has-post-thumbnail","7":"category-editoriales","8":"category-noticias"},"yoast_head":"<!-- This site is optimized with the Yoast SEO plugin v27.4 - https:\/\/yoast.com\/product\/yoast-seo-wordpress\/ -->\n<title>2026 \u00a1Que no haya paz en los palacios! - Vamos por la Liberaci\u00f3n<\/title>\n<meta name=\"robots\" content=\"index, follow, max-snippet:-1, max-image-preview:large, max-video-preview:-1\" \/>\n<link rel=\"canonical\" href=\"https:\/\/vamosporlaliberacion.org\/crpmlm\/2026-que-no-haya-paz-en-los-palacios\/\" \/>\n<meta name=\"twitter:label1\" content=\"Escrito por\" \/>\n\t<meta name=\"twitter:data1\" content=\"Prensa Vamos\" \/>\n\t<meta name=\"twitter:label2\" content=\"Tiempo de lectura\" \/>\n\t<meta name=\"twitter:data2\" content=\"6 minutos\" \/>\n<script type=\"application\/ld+json\" class=\"yoast-schema-graph\">{\"@context\":\"https:\\\/\\\/schema.org\",\"@graph\":[{\"@type\":\"Article\",\"@id\":\"https:\\\/\\\/vamosporlaliberacion.org\\\/crpmlm\\\/2026-que-no-haya-paz-en-los-palacios\\\/#article\",\"isPartOf\":{\"@id\":\"https:\\\/\\\/vamosporlaliberacion.org\\\/crpmlm\\\/2026-que-no-haya-paz-en-los-palacios\\\/\"},\"author\":{\"name\":\"Prensa Vamos\",\"@id\":\"https:\\\/\\\/vamosporlaliberacion.org\\\/crpmlm\\\/#\\\/schema\\\/person\\\/ebdbd4bf0e9418b9f0c0a93395366b2f\"},\"headline\":\"2026 \u00a1Que no haya paz en los palacios!\",\"datePublished\":\"2025-12-31T17:51:58+00:00\",\"dateModified\":\"2025-12-31T17:52:00+00:00\",\"mainEntityOfPage\":{\"@id\":\"https:\\\/\\\/vamosporlaliberacion.org\\\/crpmlm\\\/2026-que-no-haya-paz-en-los-palacios\\\/\"},\"wordCount\":1022,\"image\":{\"@id\":\"https:\\\/\\\/vamosporlaliberacion.org\\\/crpmlm\\\/2026-que-no-haya-paz-en-los-palacios\\\/#primaryimage\"},\"thumbnailUrl\":\"https:\\\/\\\/i0.wp.com\\\/vamosporlaliberacion.org\\\/crpmlm\\\/wp-content\\\/uploads\\\/2025\\\/11\\\/GarrahanTriunfo4.jpg?fit=1181%2C787&ssl=1\",\"articleSection\":[\"Editoriales\",\"Noticias\"],\"inLanguage\":\"es\"},{\"@type\":\"WebPage\",\"@id\":\"https:\\\/\\\/vamosporlaliberacion.org\\\/crpmlm\\\/2026-que-no-haya-paz-en-los-palacios\\\/\",\"url\":\"https:\\\/\\\/vamosporlaliberacion.org\\\/crpmlm\\\/2026-que-no-haya-paz-en-los-palacios\\\/\",\"name\":\"2026 \u00a1Que no haya paz en los palacios! - Vamos por la Liberaci\u00f3n\",\"isPartOf\":{\"@id\":\"https:\\\/\\\/vamosporlaliberacion.org\\\/crpmlm\\\/#website\"},\"primaryImageOfPage\":{\"@id\":\"https:\\\/\\\/vamosporlaliberacion.org\\\/crpmlm\\\/2026-que-no-haya-paz-en-los-palacios\\\/#primaryimage\"},\"image\":{\"@id\":\"https:\\\/\\\/vamosporlaliberacion.org\\\/crpmlm\\\/2026-que-no-haya-paz-en-los-palacios\\\/#primaryimage\"},\"thumbnailUrl\":\"https:\\\/\\\/i0.wp.com\\\/vamosporlaliberacion.org\\\/crpmlm\\\/wp-content\\\/uploads\\\/2025\\\/11\\\/GarrahanTriunfo4.jpg?fit=1181%2C787&ssl=1\",\"datePublished\":\"2025-12-31T17:51:58+00:00\",\"dateModified\":\"2025-12-31T17:52:00+00:00\",\"author\":{\"@id\":\"https:\\\/\\\/vamosporlaliberacion.org\\\/crpmlm\\\/#\\\/schema\\\/person\\\/ebdbd4bf0e9418b9f0c0a93395366b2f\"},\"breadcrumb\":{\"@id\":\"https:\\\/\\\/vamosporlaliberacion.org\\\/crpmlm\\\/2026-que-no-haya-paz-en-los-palacios\\\/#breadcrumb\"},\"inLanguage\":\"es\",\"potentialAction\":[{\"@type\":\"ReadAction\",\"target\":[\"https:\\\/\\\/vamosporlaliberacion.org\\\/crpmlm\\\/2026-que-no-haya-paz-en-los-palacios\\\/\"]}]},{\"@type\":\"ImageObject\",\"inLanguage\":\"es\",\"@id\":\"https:\\\/\\\/vamosporlaliberacion.org\\\/crpmlm\\\/2026-que-no-haya-paz-en-los-palacios\\\/#primaryimage\",\"url\":\"https:\\\/\\\/i0.wp.com\\\/vamosporlaliberacion.org\\\/crpmlm\\\/wp-content\\\/uploads\\\/2025\\\/11\\\/GarrahanTriunfo4.jpg?fit=1181%2C787&ssl=1\",\"contentUrl\":\"https:\\\/\\\/i0.wp.com\\\/vamosporlaliberacion.org\\\/crpmlm\\\/wp-content\\\/uploads\\\/2025\\\/11\\\/GarrahanTriunfo4.jpg?fit=1181%2C787&ssl=1\",\"width\":1181,\"height\":787},{\"@type\":\"BreadcrumbList\",\"@id\":\"https:\\\/\\\/vamosporlaliberacion.org\\\/crpmlm\\\/2026-que-no-haya-paz-en-los-palacios\\\/#breadcrumb\",\"itemListElement\":[{\"@type\":\"ListItem\",\"position\":1,\"name\":\"Portada\",\"item\":\"https:\\\/\\\/vamosporlaliberacion.org\\\/crpmlm\\\/\"},{\"@type\":\"ListItem\",\"position\":2,\"name\":\"2026 \u00a1Que no haya paz en los palacios!\"}]},{\"@type\":\"WebSite\",\"@id\":\"https:\\\/\\\/vamosporlaliberacion.org\\\/crpmlm\\\/#website\",\"url\":\"https:\\\/\\\/vamosporlaliberacion.org\\\/crpmlm\\\/\",\"name\":\"Vamos por la Liberaci\u00f3n\",\"description\":\"Prensa CR\",\"potentialAction\":[{\"@type\":\"SearchAction\",\"target\":{\"@type\":\"EntryPoint\",\"urlTemplate\":\"https:\\\/\\\/vamosporlaliberacion.org\\\/crpmlm\\\/?s={search_term_string}\"},\"query-input\":{\"@type\":\"PropertyValueSpecification\",\"valueRequired\":true,\"valueName\":\"search_term_string\"}}],\"inLanguage\":\"es\"},{\"@type\":\"Person\",\"@id\":\"https:\\\/\\\/vamosporlaliberacion.org\\\/crpmlm\\\/#\\\/schema\\\/person\\\/ebdbd4bf0e9418b9f0c0a93395366b2f\",\"name\":\"Prensa Vamos\",\"sameAs\":[\"http:\\\/\\\/vamposporlaliberacion.org\"],\"url\":\"https:\\\/\\\/vamosporlaliberacion.org\\\/crpmlm\\\/author\\\/editor\\\/\"}]}<\/script>\n<!-- \/ Yoast SEO plugin. -->","yoast_head_json":{"title":"2026 \u00a1Que no haya paz en los palacios! - Vamos por la Liberaci\u00f3n","robots":{"index":"index","follow":"follow","max-snippet":"max-snippet:-1","max-image-preview":"max-image-preview:large","max-video-preview":"max-video-preview:-1"},"canonical":"https:\/\/vamosporlaliberacion.org\/crpmlm\/2026-que-no-haya-paz-en-los-palacios\/","twitter_misc":{"Escrito por":"Prensa Vamos","Tiempo de lectura":"6 minutos"},"schema":{"@context":"https:\/\/schema.org","@graph":[{"@type":"Article","@id":"https:\/\/vamosporlaliberacion.org\/crpmlm\/2026-que-no-haya-paz-en-los-palacios\/#article","isPartOf":{"@id":"https:\/\/vamosporlaliberacion.org\/crpmlm\/2026-que-no-haya-paz-en-los-palacios\/"},"author":{"name":"Prensa Vamos","@id":"https:\/\/vamosporlaliberacion.org\/crpmlm\/#\/schema\/person\/ebdbd4bf0e9418b9f0c0a93395366b2f"},"headline":"2026 \u00a1Que no haya paz en los palacios!","datePublished":"2025-12-31T17:51:58+00:00","dateModified":"2025-12-31T17:52:00+00:00","mainEntityOfPage":{"@id":"https:\/\/vamosporlaliberacion.org\/crpmlm\/2026-que-no-haya-paz-en-los-palacios\/"},"wordCount":1022,"image":{"@id":"https:\/\/vamosporlaliberacion.org\/crpmlm\/2026-que-no-haya-paz-en-los-palacios\/#primaryimage"},"thumbnailUrl":"https:\/\/i0.wp.com\/vamosporlaliberacion.org\/crpmlm\/wp-content\/uploads\/2025\/11\/GarrahanTriunfo4.jpg?fit=1181%2C787&ssl=1","articleSection":["Editoriales","Noticias"],"inLanguage":"es"},{"@type":"WebPage","@id":"https:\/\/vamosporlaliberacion.org\/crpmlm\/2026-que-no-haya-paz-en-los-palacios\/","url":"https:\/\/vamosporlaliberacion.org\/crpmlm\/2026-que-no-haya-paz-en-los-palacios\/","name":"2026 \u00a1Que no haya paz en los palacios! - Vamos por la Liberaci\u00f3n","isPartOf":{"@id":"https:\/\/vamosporlaliberacion.org\/crpmlm\/#website"},"primaryImageOfPage":{"@id":"https:\/\/vamosporlaliberacion.org\/crpmlm\/2026-que-no-haya-paz-en-los-palacios\/#primaryimage"},"image":{"@id":"https:\/\/vamosporlaliberacion.org\/crpmlm\/2026-que-no-haya-paz-en-los-palacios\/#primaryimage"},"thumbnailUrl":"https:\/\/i0.wp.com\/vamosporlaliberacion.org\/crpmlm\/wp-content\/uploads\/2025\/11\/GarrahanTriunfo4.jpg?fit=1181%2C787&ssl=1","datePublished":"2025-12-31T17:51:58+00:00","dateModified":"2025-12-31T17:52:00+00:00","author":{"@id":"https:\/\/vamosporlaliberacion.org\/crpmlm\/#\/schema\/person\/ebdbd4bf0e9418b9f0c0a93395366b2f"},"breadcrumb":{"@id":"https:\/\/vamosporlaliberacion.org\/crpmlm\/2026-que-no-haya-paz-en-los-palacios\/#breadcrumb"},"inLanguage":"es","potentialAction":[{"@type":"ReadAction","target":["https:\/\/vamosporlaliberacion.org\/crpmlm\/2026-que-no-haya-paz-en-los-palacios\/"]}]},{"@type":"ImageObject","inLanguage":"es","@id":"https:\/\/vamosporlaliberacion.org\/crpmlm\/2026-que-no-haya-paz-en-los-palacios\/#primaryimage","url":"https:\/\/i0.wp.com\/vamosporlaliberacion.org\/crpmlm\/wp-content\/uploads\/2025\/11\/GarrahanTriunfo4.jpg?fit=1181%2C787&ssl=1","contentUrl":"https:\/\/i0.wp.com\/vamosporlaliberacion.org\/crpmlm\/wp-content\/uploads\/2025\/11\/GarrahanTriunfo4.jpg?fit=1181%2C787&ssl=1","width":1181,"height":787},{"@type":"BreadcrumbList","@id":"https:\/\/vamosporlaliberacion.org\/crpmlm\/2026-que-no-haya-paz-en-los-palacios\/#breadcrumb","itemListElement":[{"@type":"ListItem","position":1,"name":"Portada","item":"https:\/\/vamosporlaliberacion.org\/crpmlm\/"},{"@type":"ListItem","position":2,"name":"2026 \u00a1Que no haya paz en los palacios!"}]},{"@type":"WebSite","@id":"https:\/\/vamosporlaliberacion.org\/crpmlm\/#website","url":"https:\/\/vamosporlaliberacion.org\/crpmlm\/","name":"Vamos por la Liberaci\u00f3n","description":"Prensa CR","potentialAction":[{"@type":"SearchAction","target":{"@type":"EntryPoint","urlTemplate":"https:\/\/vamosporlaliberacion.org\/crpmlm\/?s={search_term_string}"},"query-input":{"@type":"PropertyValueSpecification","valueRequired":true,"valueName":"search_term_string"}}],"inLanguage":"es"},{"@type":"Person","@id":"https:\/\/vamosporlaliberacion.org\/crpmlm\/#\/schema\/person\/ebdbd4bf0e9418b9f0c0a93395366b2f","name":"Prensa Vamos","sameAs":["http:\/\/vamposporlaliberacion.org"],"url":"https:\/\/vamosporlaliberacion.org\/crpmlm\/author\/editor\/"}]}},"jetpack_featured_media_url":"https:\/\/i0.wp.com\/vamosporlaliberacion.org\/crpmlm\/wp-content\/uploads\/2025\/11\/GarrahanTriunfo4.jpg?fit=1181%2C787&ssl=1","jetpack_sharing_enabled":true,"_links":{"self":[{"href":"https:\/\/vamosporlaliberacion.org\/crpmlm\/wp-json\/wp\/v2\/posts\/28781","targetHints":{"allow":["GET"]}}],"collection":[{"href":"https:\/\/vamosporlaliberacion.org\/crpmlm\/wp-json\/wp\/v2\/posts"}],"about":[{"href":"https:\/\/vamosporlaliberacion.org\/crpmlm\/wp-json\/wp\/v2\/types\/post"}],"author":[{"embeddable":true,"href":"https:\/\/vamosporlaliberacion.org\/crpmlm\/wp-json\/wp\/v2\/users\/9"}],"replies":[{"embeddable":true,"href":"https:\/\/vamosporlaliberacion.org\/crpmlm\/wp-json\/wp\/v2\/comments?post=28781"}],"version-history":[{"count":1,"href":"https:\/\/vamosporlaliberacion.org\/crpmlm\/wp-json\/wp\/v2\/posts\/28781\/revisions"}],"predecessor-version":[{"id":28782,"href":"https:\/\/vamosporlaliberacion.org\/crpmlm\/wp-json\/wp\/v2\/posts\/28781\/revisions\/28782"}],"wp:featuredmedia":[{"embeddable":true,"href":"https:\/\/vamosporlaliberacion.org\/crpmlm\/wp-json\/wp\/v2\/media\/28717"}],"wp:attachment":[{"href":"https:\/\/vamosporlaliberacion.org\/crpmlm\/wp-json\/wp\/v2\/media?parent=28781"}],"wp:term":[{"taxonomy":"category","embeddable":true,"href":"https:\/\/vamosporlaliberacion.org\/crpmlm\/wp-json\/wp\/v2\/categories?post=28781"},{"taxonomy":"post_tag","embeddable":true,"href":"https:\/\/vamosporlaliberacion.org\/crpmlm\/wp-json\/wp\/v2\/tags?post=28781"}],"curies":[{"name":"wp","href":"https:\/\/api.w.org\/{rel}","templated":true}]}}