{"id":28723,"date":"2025-11-19T07:41:25","date_gmt":"2025-11-19T10:41:25","guid":{"rendered":"https:\/\/vamosporlaliberacion.org\/crpmlm\/?p=28723"},"modified":"2025-11-19T07:41:26","modified_gmt":"2025-11-19T10:41:26","slug":"ibrahim-traore-el-azote-al-imperialismo-que-incomoda-al-eje-anglo-sionista","status":"publish","type":"post","link":"https:\/\/vamosporlaliberacion.org\/crpmlm\/ibrahim-traore-el-azote-al-imperialismo-que-incomoda-al-eje-anglo-sionista\/","title":{"rendered":"Ibrahim Traor\u00e9, el azote al imperialismo que incomoda al eje anglo-sionista."},"content":{"rendered":"\n<h3 class=\"wp-block-heading\"><strong>La Resurrecci\u00f3n del Panafricanismo: El l\u00edder africano lidera un movimiento sincronizado con un orden multipolar sostenido por la organizaci\u00f3n AES (Alianza de los Estados del Sahel).<\/strong><\/h3>\n\n\n\n<p>En 1960, en el Congo Patrice Lumumba fue designado primer ministro en elecciones libres. Pero al poco tiempo de asumir el gobierno, el pa\u00eds se sumerge en el caos, producto de una desestabilizaci\u00f3n apoyada por los belgas que no quer\u00edan perder el control de la riqueza minera del pa\u00eds. Lumumba, aislado, pide apoyo a los sovi\u00e9ticos, esto provoca su destituci\u00f3n y el posterior fusilamiento con la intervenci\u00f3n directa de agentes del gobierno belga y de la Agencia Central de Inteligencia norteamericana (CIA).<\/p>\n\n\n\n<p>Luego de su famoso discurso ante la Asamblea General de las Naciones Unidas en Nueva York el 11 de diciembre de 1964, el Che parte a una larga gira oficial por el continente africano.<\/p>\n\n\n\n<p>Durante tres meses se entrevista con los principales l\u00edderes progresistas, se re\u00fane con diferentes grupos de liberaci\u00f3n, habla con estudiantes y periodistas y mantiene conversaciones con los presidentes de los pa\u00edses claves del movimiento anticolonial.<\/p>\n\n\n\n<p>El 20 de noviembre de 1965, despu\u00e9s de siete meses en el Congo, el Che cruza el lago Tanganica para regresar a Tanzania. Sin liderazgo, sin poder superar el enfrentamiento cultural entre congole\u00f1os y cubanos, sin soldados preparados pol\u00edtica e ideol\u00f3gicamente, sin entender profundamente la idiosincrasia africana, la \u00fanica opci\u00f3n es la retirada.<\/p>\n\n\n\n<p>Entonces, El Che se refugia en la embajada de Cuba en Dar Es Salaam, capital de Tanzania en esa \u00e9poca.<\/p>\n\n\n\n<p>Se entera de las noticias que llegan del Congo, donde el militar Mobutu, arquetipo de dictador africano, impon\u00eda su cruel autocracia que durar\u00eda treinta y tres a\u00f1os.<\/p>\n\n\n\n<p>Es decir, el Che anticip\u00f3 lo que suceder\u00eda si \u00c1frica no despertaba, con su enorme voluntad de revolucionario trat\u00f3 por todos los medios llevar la revoluci\u00f3n al Congo, no pudo, pero dej\u00f3 plantada la semilla.<\/p>\n\n\n\n<h3 class=\"wp-block-heading\"><strong>El ex Congo como germen, Burkina Faso como ejemplo<\/strong><\/h3>\n\n\n\n<p>El Sahel africano, hist\u00f3ricamente definido por la explotaci\u00f3n colonial y la posterior dependencia neocolonial, es hoy el epicentro de una transformaci\u00f3n revolucionaria que resuena globalmente, desde el Caribe hasta Mosc\u00fa. En Burkina Faso, la emergencia del capit\u00e1n Ibrahim Traor\u00e9, de 37 a\u00f1os, ha catalizado un movimiento de descolonizaci\u00f3n real que va m\u00e1s all\u00e1 de la \u00abindependencia de bandera\u00bb. Sin embargo, la promesa de la soberan\u00eda total se libra en un campo minado de sabotaje imperialista, la lucha en el Sahel busca limitar la acumulaci\u00f3n de capital por potencias extranjeras, promoviendo en su lugar la propiedad y la gesti\u00f3n social de los recursos, un imperativo del momento. <em>(Peoples Dispatch, 06\/06\/2025)<\/em><\/p>\n\n\n\n<p><strong>Ibrahim Traor\u00e9, presidente de Burkina Faso, se ha convertido en uno de los rostros m\u00e1s populares del continente africano. Su liderazgo encarna un patriotismo inquebrantable y una clara visi\u00f3n para el futuro. Traor\u00e9 inspira a la juventud de toda \u00c1frica a luchar contra el neocolonialismo occidental.<\/strong> <em>(Resumen Latinoamericano, 17\/08\/25).<\/em><\/p>\n\n\n\n<h3 class=\"wp-block-heading\"><strong>La Estrategia Antiimperialista: Terrorismo como Estrategia de Saqueo<\/strong><\/h3>\n\n\n\n<p>Traor\u00e9, quien se form\u00f3 en Geolog\u00eda en la Universidad de Uagadug\u00fa y fue delegado en la Asociaci\u00f3n Nacional de Estudiantes Burkina Faso (ANEB), una organizaci\u00f3n marxista, posee una comprensi\u00f3n profunda de la riqueza del subsuelo burkin\u00e9s. Su diagn\u00f3stico sobre la violencia que azota el Sahel es inequ\u00edvoco, afirmando que <em><strong>\u00abLo que hay en \u00c1frica no es terrorismo, es imperialismo\u00bb<\/strong><\/em>. <em>(teleSUR, 9 de noviembre de 2025)<\/em>.<\/p>\n\n\n\n<p>El l\u00edder burkin\u00e9s sostiene que el terrorismo es un instrumento de dominaci\u00f3n al servicio de los intereses hegem\u00f3nicos, dise\u00f1ado para mantener a la regi\u00f3n en un estado de guerra permanente e imposibilitar su desarrollo, permitiendo as\u00ed el saqueo continuo de sus riquezas. <strong>Traor\u00e9 ha denunciado que son los instructores de las potencias extranjeras quienes ense\u00f1an a los terroristas a manejar drones.<\/strong> <em>(Peoples Dispatch, 06\/06\/25).<\/em><\/p>\n\n\n\n<p>Esta tesis se sustenta en que la violencia yihadista, ligada a grupos como Al Qaeda e ISIS, se propag\u00f3 tras la invasi\u00f3n de Libia por parte de la OTAN en 2011, que elimin\u00f3 a Muamar Gadafi (quien perturbaba la geopol\u00edtica occidental). Analistas burkineses han destacado el patr\u00f3n de que la violencia terrorista se concentra precisamente en las \u00e1reas ricas en recursos subterr\u00e1neos, como petr\u00f3leo, diamantes y uranio. La OTAN us\u00f3 el pretexto de la democracia y los derechos humanos para saquear el petr\u00f3leo libio y exportar terrorismo a los pa\u00edses del Sahel. <em>(Resumen Latinoamericano, 17\/08\/25)<\/em>.<\/p>\n\n\n\n<p>El fracaso de la presencia militar occidental, incluyendo las Operaciones Barkhane y Serval francesas, s\u00f3lo confirm\u00f3 para la poblaci\u00f3n local que el ej\u00e9rcito franc\u00e9s no contendr\u00eda la violencia, sino que su presencia era parte de una estrategia para la recolonizaci\u00f3n militar de los pa\u00edses del Sahel. <strong>Traor\u00e9 fue una de las primeras voces en desafiar la acci\u00f3n militar francesa en \u00c1frica Occidental, se\u00f1alando que el terrorismo es<\/strong> <em><strong>\u00abhijo del imperialismo de ayer\u00bb<\/strong><\/em>. <em>(Revista Acci\u00f3n, 04\/10\/25).<\/em><\/p>\n\n\n\n<h3 class=\"wp-block-heading\"><strong>La inspiraci\u00f3n de Traor\u00e9: Sankara<\/strong><\/h3>\n\n\n\n<p>Inspirado abiertamente en el panafricanismo y las reformas radicales del l\u00edder marxista Thomas Sankara, a quien se conoci\u00f3 como \u00abEl Che africano\u00bb, el gobierno de Traor\u00e9 ha implementado un programa de desarrollo que busca la autosuficiencia y la independencia econ\u00f3mica. <em>(Resumen Latinoamericano, 1708\/25)<\/em>.<\/p>\n\n\n\n<p>Una de las primeras acciones audaces de Traor\u00e9, tras llegar al poder en septiembre de 2022, fue la expulsi\u00f3n de las fuerzas militares francesas en 2023. Esta ruptura militar se acompa\u00f1\u00f3 de una serie de reformas econ\u00f3micas materiales destinados a recuperar el control nacional sobre la riqueza.<em> (El Chasque, 4\/07\/2025)<\/em>.<\/p>\n\n\n\n<p>El gobierno recompr\u00f3 minas de oro como Boungou y Wahgnion, que estaban en manos de una empresa cotizada en la bolsa de Londres, por 80 millones de d\u00f3lares. Se inaugur\u00f3 la primera refiner\u00eda de oro del pa\u00eds, con capacidad para procesar hasta 400 kg diarios, lo que permitir\u00e1 a Burkina Faso vender hasta 150 toneladas de oro refinado al a\u00f1o, agregando valor a la materia prima en lugar de exportarla a bajo precio. <em>(Peoples Dispatch, June 06\/06\/25)<\/em>.<\/p>\n\n\n\n<p>Adem\u00e1s, se cre\u00f3 una empresa minera estatal, que exige a las empresas extranjeras una participaci\u00f3n del 15% en sus operaciones. Esto aplica incluso a las empresas mineras rusas, como Nordgold, una postura que el artista burkin\u00e9s Oce\u00e1n considera una relaci\u00f3n de beneficio mutuo y no de sumisi\u00f3n.<em> (Resumen Latinoamericano, 17\/08\/25)<\/em>.<\/p>\n\n\n\n<p>Bajo el principio de que<em><strong> \u00abUn pa\u00eds que no se alimenta por s\u00ed mismo nunca ser\u00e1 libre\u00bb<\/strong><\/em>, el Estado ha distribuido m\u00e1s de 400 tractores modernos y otros equipos agr\u00edcolas para apoyar la revoluci\u00f3n agr\u00edcola. Esta ofensiva ha resultado en un aumento notable de la producci\u00f3n: el tomate (+14%), el mijo (+21%) y el arroz (+16%) entre 2022 y 2024. Tambi\u00e9n se han inaugurado infraestructuras productivas clave, como una planta farmac\u00e9utica nacional (Propharm) para producir medicamentos gen\u00e9ricos, una nueva unidad cementera con China, la primera planta de procesamiento de tomates financiada localmente, y la reactivaci\u00f3n de la ic\u00f3nica f\u00e1brica textil FASO FANI (renombrada SOFITEX). <em>(El Chasque, 4\/07\/2025).<\/em><\/p>\n\n\n\n<p>Estos avances han permitido que el PIB de Burkina Faso haya crecido aproximadamente un 17% (de 18.800 millones a 22.100 millones de d\u00f3lares) desde la asunci\u00f3n de Traor\u00e9, con tasas de crecimiento anual de entre el 4% y el 6%. Se estima que m\u00e1s de 700,000 personas han escapado de la pobreza extrema solo en los \u00faltimos 12 meses. En el plano interno, se redujeron los salarios de ministros y diputados en un 30% y se incrementaron los de los funcionarios p\u00fablicos en un 50%, y la deuda interna del Estado se sald\u00f3 \u00edntegramente. <em>(Tekt\u00f3nikos, septiembre 28, 2025).<\/em><\/p>\n\n\n\n<h3 class=\"wp-block-heading\"><strong>La Ruptura con la Francia colonial<\/strong><\/h3>\n\n\n\n<p>Las medidas de Traor\u00e9 buscan desmantelar el sistema \u00abFran\u00e7afrique\u00bb, un \u00abPacto Colonial\u00bb que camufl\u00f3 acuerdos militares y econ\u00f3micos que perpetuaron la dependencia de Francia y permitieron el acceso a minerales estrat\u00e9gicos despu\u00e9s de la independencia formal de 1960. <em>(Resumen Latinoamericano, 17\/08\/25)<\/em>.<\/p>\n\n\n\n<p>Este sistema impuso condiciones a las antiguas colonias, incluyendo el reconocimiento del \u00abbeneficio de la colonizaci\u00f3n\u00bb y la obligaci\u00f3n de reembolsar todo lo invertido por Francia, favorecer a las empresas francesas, usar el franc\u00e9s como idioma oficial, y depositar todos los activos y la moneda en una cuenta del Tesoro franc\u00e9s. <em>(The Premium Times, Nigeria, 09\/05\/25).<\/em><\/p>\n\n\n\n<p>La moneda colonial, el franco CFA, sigue siendo uno de los legados m\u00e1s pesados, ya que est\u00e1 vinculado al euro y sus reservas son controladas por el Banco de Francia. El uso de esta moneda impide el desarrollo, la industrializaci\u00f3n y el procesamiento de materias primas en los pa\u00edses africanos. <em>(Tekt\u00f3nikos, 28\/09\/25)<\/em>.<\/p>\n\n\n\n<p>En su esfuerzo por recuperar la dignidad nacional y la herencia africana, el gobierno de Traor\u00e9 ha implementado medidas simb\u00f3licas pero poderosas: se aboli\u00f3 el estatus del franc\u00e9s como lengua oficial y se prohibieron los medios de comunicaci\u00f3n franceses. Se prohibieron los atuendos judiciales europeos, favoreciendo el vestuario tradicional burkin\u00e9s faso dan fani. Adem\u00e1s, el Boulevard G\u00e9n\u00e9ral Charles De Gaulle en Uagadug\u00fa fue renombrado Boulevard Thomas Sankara. <em>(El Chasque, 4\/07\/25)<\/em>.<\/p>\n\n\n\n<h3 class=\"wp-block-heading\"><strong>La Alianza del Sahel y la Multipolaridad<\/strong><\/h3>\n\n\n\n<p>Traor\u00e9, junto con Assimi Go\u00efta (Mal\u00ed) y Abdourahamane Tchiani (N\u00edger), encabeza la Alianza de Estados del Sahel (AES), una confederaci\u00f3n anticolonial y un gran avance panafricanista. La AES busca sustituir organizaciones dependientes como la CEDEAO (Comunidad Econ\u00f3mica de Estados de \u00c1frica Occidental), que sigue subordinada a potencias imperialistas, reafirmando que <em><strong>\u00abSolo las soluciones africanas resolver\u00e1n los problemas africanos\u00bb<\/strong><\/em>. <em>(Resumen Latinoamericano, 17\/08\/25)<\/em>.<\/p>\n\n\n\n<p>La ruptura con Occidente ha significado una reorientaci\u00f3n estrat\u00e9gica. Traor\u00e9 ha enfatizado la necesidad de buscar \u00abotras alianzas que beneficien a todos\u00bb, llevando a una colaboraci\u00f3n creciente con los pa\u00edses BRICS, Rusia, China y Turqu\u00eda, en un mundo multipolar. Esto incluye la reapertura de la embajada rusa, la firma de hojas de ruta para el uso pac\u00edfico de la energ\u00eda nuclear con Rosatom, y la adquisici\u00f3n de drones de Turqu\u00eda. Traor\u00e9 ha rechazado firmemente la ayuda de prestamistas multinacionales como el FMI y el Banco Mundial, declarando que <em><strong>\u00ab\u00c1frica no necesita al Banco Mundial, al FMI, a Europa ni a Am\u00e9rica\u00bb<\/strong><\/em>. <em>(El Chasque, 4\/07\/2025)<\/em>.<\/p>\n\n\n\n<h3 class=\"wp-block-heading\"><strong>La Solidaridad Panafricanista<\/strong><\/h3>\n\n\n\n<p>La revoluci\u00f3n de Traor\u00e9 sigue siendo fr\u00e1gil; es joven y confronta inmensos retos econ\u00f3micos, de seguridad y, sobre todo, de sabotaje imperialista. <em>(Peoples Dispatch, June 06, 2025).<\/em><\/p>\n\n\n\n<p><strong>Los imperialistas estadounidenses y franceses le han puesto un \u00abblanco en la espalda a Traor\u00e9\u00bb, facilitando m\u00faltiples intentos de golpe de Estado y asesinatos.<\/strong> Recientemente, se descubri\u00f3 un complot originado en Costa de Marfil cuyo objetivo era sembrar el caos total para poner al pa\u00eds bajo la supervisi\u00f3n de una organizaci\u00f3n internacional. <em>(Resumen Latinoamericano, 705\/25)<\/em><\/p>\n\n\n\n<p>La fragilidad de estas revoluciones, que se enfrentan a inmensos retos, subraya la necesidad crucial de la solidaridad de las fuerzas progresistas de todo el mundo. La di\u00e1spora africana y millones de personas en todo el mundo, desde el Caribe hasta Nueva York, se han movilizado para defender a Traor\u00e9 y la AES. La Organizaci\u00f3n Panafricanista Mundial (OPAM) ha declarado que \u00abno permitiremos otro Sankara asesinado, otro Lumumba torturado\u00bb. <em>(Peoples Dispatch, 06\/06\/25)<\/em>.<\/p>\n\n\n\n<p>El proceso burkin\u00e9s, la \u00abPatria de los Hombres \u00cdntegros\u00bb con Ibrahim Traor\u00e9 a la cabeza, ha demostrado que incluso un pa\u00eds peque\u00f1o y empobrecido puede levantarse con dignidad y voz propia. <strong>Traor\u00e9 se ha convertido en una referencia ineludible para el resurgimiento del movimiento panafricanista. El proceso de liberaci\u00f3n es tanto una batalla por el control material de los recursos (oro, algod\u00f3n, tomate) como por la soberan\u00eda ideol\u00f3gica y cultural.<\/strong> El liderazgo decisivo y valiente de Traor\u00e9 y sus camaradas en la AES sigue siendo un faro de esperanza que apunta hacia la liberaci\u00f3n total.<\/p>\n\n\n\n<p>Despu\u00e9s de todo, el Che ten\u00eda raz\u00f3n en aquello de: <em><strong>\u201cpodr\u00e1n cortar todas las flores, pero jam\u00e1s podr\u00e1n detener la primavera\u201d<\/strong><\/em>.<\/p>\n\n\n\n<p>La primavera africana est\u00e1 llegando y el mundo progresista debe hacerla propia.<\/p>\n\n\n\n<p class=\"has-text-align-right\"><em>Nicolas Weichafe 18\/11\/2025<\/em><\/p>\n\n\n\n<p><\/p>\n<!-- AddThis Advanced Settings generic via filter on the_content --><!-- AddThis Share Buttons generic via filter on the_content -->","protected":false},"excerpt":{"rendered":"<p>La Resurrecci\u00f3n del Panafricanismo: El l\u00edder africano lidera un movimiento sincronizado con un orden multipolar sostenido por la organizaci\u00f3n AES (Alianza de los Estados del Sahel). En 1960, en el Congo Patrice Lumumba fue designado primer ministro en elecciones libres. Pero al poco tiempo de asumir el gobierno, el pa\u00eds se sumerge en el caos, [&hellip;]<!-- AddThis Advanced Settings generic via filter on get_the_excerpt --><!-- AddThis Share Buttons generic via filter on get_the_excerpt --><\/p>\n","protected":false},"author":9,"featured_media":28724,"comment_status":"closed","ping_status":"closed","sticky":false,"template":"","format":"standard","meta":{"_jetpack_memberships_contains_paid_content":false,"footnotes":""},"categories":[1878,1699],"tags":[],"class_list":{"0":"post-28723","1":"post","2":"type-post","3":"status-publish","4":"format-standard","5":"has-post-thumbnail","7":"category-internacional","8":"category-noticias"},"yoast_head":"<!-- This site is optimized with the Yoast SEO plugin v27.4 - https:\/\/yoast.com\/product\/yoast-seo-wordpress\/ -->\n<title>Ibrahim Traor\u00e9, el azote al imperialismo que incomoda al eje anglo-sionista. - Vamos por la Liberaci\u00f3n<\/title>\n<meta name=\"robots\" content=\"index, follow, max-snippet:-1, max-image-preview:large, max-video-preview:-1\" \/>\n<link rel=\"canonical\" href=\"https:\/\/vamosporlaliberacion.org\/crpmlm\/ibrahim-traore-el-azote-al-imperialismo-que-incomoda-al-eje-anglo-sionista\/\" \/>\n<meta name=\"twitter:label1\" content=\"Escrito por\" \/>\n\t<meta name=\"twitter:data1\" content=\"Prensa Vamos\" \/>\n\t<meta name=\"twitter:label2\" content=\"Tiempo de lectura\" \/>\n\t<meta name=\"twitter:data2\" content=\"9 minutos\" \/>\n<script type=\"application\/ld+json\" class=\"yoast-schema-graph\">{\"@context\":\"https:\\\/\\\/schema.org\",\"@graph\":[{\"@type\":\"Article\",\"@id\":\"https:\\\/\\\/vamosporlaliberacion.org\\\/crpmlm\\\/ibrahim-traore-el-azote-al-imperialismo-que-incomoda-al-eje-anglo-sionista\\\/#article\",\"isPartOf\":{\"@id\":\"https:\\\/\\\/vamosporlaliberacion.org\\\/crpmlm\\\/ibrahim-traore-el-azote-al-imperialismo-que-incomoda-al-eje-anglo-sionista\\\/\"},\"author\":{\"name\":\"Prensa Vamos\",\"@id\":\"https:\\\/\\\/vamosporlaliberacion.org\\\/crpmlm\\\/#\\\/schema\\\/person\\\/ebdbd4bf0e9418b9f0c0a93395366b2f\"},\"headline\":\"Ibrahim Traor\u00e9, el azote al imperialismo que incomoda al eje anglo-sionista.\",\"datePublished\":\"2025-11-19T10:41:25+00:00\",\"dateModified\":\"2025-11-19T10:41:26+00:00\",\"mainEntityOfPage\":{\"@id\":\"https:\\\/\\\/vamosporlaliberacion.org\\\/crpmlm\\\/ibrahim-traore-el-azote-al-imperialismo-que-incomoda-al-eje-anglo-sionista\\\/\"},\"wordCount\":2014,\"image\":{\"@id\":\"https:\\\/\\\/vamosporlaliberacion.org\\\/crpmlm\\\/ibrahim-traore-el-azote-al-imperialismo-que-incomoda-al-eje-anglo-sionista\\\/#primaryimage\"},\"thumbnailUrl\":\"https:\\\/\\\/i0.wp.com\\\/vamosporlaliberacion.org\\\/crpmlm\\\/wp-content\\\/uploads\\\/2025\\\/11\\\/Ibrahim_Traore-portada.jpg?fit=700%2C393&ssl=1\",\"articleSection\":[\"Internacional\",\"Noticias\"],\"inLanguage\":\"es\"},{\"@type\":\"WebPage\",\"@id\":\"https:\\\/\\\/vamosporlaliberacion.org\\\/crpmlm\\\/ibrahim-traore-el-azote-al-imperialismo-que-incomoda-al-eje-anglo-sionista\\\/\",\"url\":\"https:\\\/\\\/vamosporlaliberacion.org\\\/crpmlm\\\/ibrahim-traore-el-azote-al-imperialismo-que-incomoda-al-eje-anglo-sionista\\\/\",\"name\":\"Ibrahim Traor\u00e9, el azote al imperialismo que incomoda al eje anglo-sionista. - Vamos por la Liberaci\u00f3n\",\"isPartOf\":{\"@id\":\"https:\\\/\\\/vamosporlaliberacion.org\\\/crpmlm\\\/#website\"},\"primaryImageOfPage\":{\"@id\":\"https:\\\/\\\/vamosporlaliberacion.org\\\/crpmlm\\\/ibrahim-traore-el-azote-al-imperialismo-que-incomoda-al-eje-anglo-sionista\\\/#primaryimage\"},\"image\":{\"@id\":\"https:\\\/\\\/vamosporlaliberacion.org\\\/crpmlm\\\/ibrahim-traore-el-azote-al-imperialismo-que-incomoda-al-eje-anglo-sionista\\\/#primaryimage\"},\"thumbnailUrl\":\"https:\\\/\\\/i0.wp.com\\\/vamosporlaliberacion.org\\\/crpmlm\\\/wp-content\\\/uploads\\\/2025\\\/11\\\/Ibrahim_Traore-portada.jpg?fit=700%2C393&ssl=1\",\"datePublished\":\"2025-11-19T10:41:25+00:00\",\"dateModified\":\"2025-11-19T10:41:26+00:00\",\"author\":{\"@id\":\"https:\\\/\\\/vamosporlaliberacion.org\\\/crpmlm\\\/#\\\/schema\\\/person\\\/ebdbd4bf0e9418b9f0c0a93395366b2f\"},\"breadcrumb\":{\"@id\":\"https:\\\/\\\/vamosporlaliberacion.org\\\/crpmlm\\\/ibrahim-traore-el-azote-al-imperialismo-que-incomoda-al-eje-anglo-sionista\\\/#breadcrumb\"},\"inLanguage\":\"es\",\"potentialAction\":[{\"@type\":\"ReadAction\",\"target\":[\"https:\\\/\\\/vamosporlaliberacion.org\\\/crpmlm\\\/ibrahim-traore-el-azote-al-imperialismo-que-incomoda-al-eje-anglo-sionista\\\/\"]}]},{\"@type\":\"ImageObject\",\"inLanguage\":\"es\",\"@id\":\"https:\\\/\\\/vamosporlaliberacion.org\\\/crpmlm\\\/ibrahim-traore-el-azote-al-imperialismo-que-incomoda-al-eje-anglo-sionista\\\/#primaryimage\",\"url\":\"https:\\\/\\\/i0.wp.com\\\/vamosporlaliberacion.org\\\/crpmlm\\\/wp-content\\\/uploads\\\/2025\\\/11\\\/Ibrahim_Traore-portada.jpg?fit=700%2C393&ssl=1\",\"contentUrl\":\"https:\\\/\\\/i0.wp.com\\\/vamosporlaliberacion.org\\\/crpmlm\\\/wp-content\\\/uploads\\\/2025\\\/11\\\/Ibrahim_Traore-portada.jpg?fit=700%2C393&ssl=1\",\"width\":700,\"height\":393},{\"@type\":\"BreadcrumbList\",\"@id\":\"https:\\\/\\\/vamosporlaliberacion.org\\\/crpmlm\\\/ibrahim-traore-el-azote-al-imperialismo-que-incomoda-al-eje-anglo-sionista\\\/#breadcrumb\",\"itemListElement\":[{\"@type\":\"ListItem\",\"position\":1,\"name\":\"Portada\",\"item\":\"https:\\\/\\\/vamosporlaliberacion.org\\\/crpmlm\\\/\"},{\"@type\":\"ListItem\",\"position\":2,\"name\":\"Ibrahim Traor\u00e9, el azote al imperialismo que incomoda al eje anglo-sionista.\"}]},{\"@type\":\"WebSite\",\"@id\":\"https:\\\/\\\/vamosporlaliberacion.org\\\/crpmlm\\\/#website\",\"url\":\"https:\\\/\\\/vamosporlaliberacion.org\\\/crpmlm\\\/\",\"name\":\"Vamos por la Liberaci\u00f3n\",\"description\":\"Prensa CR\",\"potentialAction\":[{\"@type\":\"SearchAction\",\"target\":{\"@type\":\"EntryPoint\",\"urlTemplate\":\"https:\\\/\\\/vamosporlaliberacion.org\\\/crpmlm\\\/?s={search_term_string}\"},\"query-input\":{\"@type\":\"PropertyValueSpecification\",\"valueRequired\":true,\"valueName\":\"search_term_string\"}}],\"inLanguage\":\"es\"},{\"@type\":\"Person\",\"@id\":\"https:\\\/\\\/vamosporlaliberacion.org\\\/crpmlm\\\/#\\\/schema\\\/person\\\/ebdbd4bf0e9418b9f0c0a93395366b2f\",\"name\":\"Prensa Vamos\",\"sameAs\":[\"http:\\\/\\\/vamposporlaliberacion.org\"],\"url\":\"https:\\\/\\\/vamosporlaliberacion.org\\\/crpmlm\\\/author\\\/editor\\\/\"}]}<\/script>\n<!-- \/ Yoast SEO plugin. -->","yoast_head_json":{"title":"Ibrahim Traor\u00e9, el azote al imperialismo que incomoda al eje anglo-sionista. - Vamos por la Liberaci\u00f3n","robots":{"index":"index","follow":"follow","max-snippet":"max-snippet:-1","max-image-preview":"max-image-preview:large","max-video-preview":"max-video-preview:-1"},"canonical":"https:\/\/vamosporlaliberacion.org\/crpmlm\/ibrahim-traore-el-azote-al-imperialismo-que-incomoda-al-eje-anglo-sionista\/","twitter_misc":{"Escrito por":"Prensa Vamos","Tiempo de lectura":"9 minutos"},"schema":{"@context":"https:\/\/schema.org","@graph":[{"@type":"Article","@id":"https:\/\/vamosporlaliberacion.org\/crpmlm\/ibrahim-traore-el-azote-al-imperialismo-que-incomoda-al-eje-anglo-sionista\/#article","isPartOf":{"@id":"https:\/\/vamosporlaliberacion.org\/crpmlm\/ibrahim-traore-el-azote-al-imperialismo-que-incomoda-al-eje-anglo-sionista\/"},"author":{"name":"Prensa Vamos","@id":"https:\/\/vamosporlaliberacion.org\/crpmlm\/#\/schema\/person\/ebdbd4bf0e9418b9f0c0a93395366b2f"},"headline":"Ibrahim Traor\u00e9, el azote al imperialismo que incomoda al eje anglo-sionista.","datePublished":"2025-11-19T10:41:25+00:00","dateModified":"2025-11-19T10:41:26+00:00","mainEntityOfPage":{"@id":"https:\/\/vamosporlaliberacion.org\/crpmlm\/ibrahim-traore-el-azote-al-imperialismo-que-incomoda-al-eje-anglo-sionista\/"},"wordCount":2014,"image":{"@id":"https:\/\/vamosporlaliberacion.org\/crpmlm\/ibrahim-traore-el-azote-al-imperialismo-que-incomoda-al-eje-anglo-sionista\/#primaryimage"},"thumbnailUrl":"https:\/\/i0.wp.com\/vamosporlaliberacion.org\/crpmlm\/wp-content\/uploads\/2025\/11\/Ibrahim_Traore-portada.jpg?fit=700%2C393&ssl=1","articleSection":["Internacional","Noticias"],"inLanguage":"es"},{"@type":"WebPage","@id":"https:\/\/vamosporlaliberacion.org\/crpmlm\/ibrahim-traore-el-azote-al-imperialismo-que-incomoda-al-eje-anglo-sionista\/","url":"https:\/\/vamosporlaliberacion.org\/crpmlm\/ibrahim-traore-el-azote-al-imperialismo-que-incomoda-al-eje-anglo-sionista\/","name":"Ibrahim Traor\u00e9, el azote al imperialismo que incomoda al eje anglo-sionista. - Vamos por la Liberaci\u00f3n","isPartOf":{"@id":"https:\/\/vamosporlaliberacion.org\/crpmlm\/#website"},"primaryImageOfPage":{"@id":"https:\/\/vamosporlaliberacion.org\/crpmlm\/ibrahim-traore-el-azote-al-imperialismo-que-incomoda-al-eje-anglo-sionista\/#primaryimage"},"image":{"@id":"https:\/\/vamosporlaliberacion.org\/crpmlm\/ibrahim-traore-el-azote-al-imperialismo-que-incomoda-al-eje-anglo-sionista\/#primaryimage"},"thumbnailUrl":"https:\/\/i0.wp.com\/vamosporlaliberacion.org\/crpmlm\/wp-content\/uploads\/2025\/11\/Ibrahim_Traore-portada.jpg?fit=700%2C393&ssl=1","datePublished":"2025-11-19T10:41:25+00:00","dateModified":"2025-11-19T10:41:26+00:00","author":{"@id":"https:\/\/vamosporlaliberacion.org\/crpmlm\/#\/schema\/person\/ebdbd4bf0e9418b9f0c0a93395366b2f"},"breadcrumb":{"@id":"https:\/\/vamosporlaliberacion.org\/crpmlm\/ibrahim-traore-el-azote-al-imperialismo-que-incomoda-al-eje-anglo-sionista\/#breadcrumb"},"inLanguage":"es","potentialAction":[{"@type":"ReadAction","target":["https:\/\/vamosporlaliberacion.org\/crpmlm\/ibrahim-traore-el-azote-al-imperialismo-que-incomoda-al-eje-anglo-sionista\/"]}]},{"@type":"ImageObject","inLanguage":"es","@id":"https:\/\/vamosporlaliberacion.org\/crpmlm\/ibrahim-traore-el-azote-al-imperialismo-que-incomoda-al-eje-anglo-sionista\/#primaryimage","url":"https:\/\/i0.wp.com\/vamosporlaliberacion.org\/crpmlm\/wp-content\/uploads\/2025\/11\/Ibrahim_Traore-portada.jpg?fit=700%2C393&ssl=1","contentUrl":"https:\/\/i0.wp.com\/vamosporlaliberacion.org\/crpmlm\/wp-content\/uploads\/2025\/11\/Ibrahim_Traore-portada.jpg?fit=700%2C393&ssl=1","width":700,"height":393},{"@type":"BreadcrumbList","@id":"https:\/\/vamosporlaliberacion.org\/crpmlm\/ibrahim-traore-el-azote-al-imperialismo-que-incomoda-al-eje-anglo-sionista\/#breadcrumb","itemListElement":[{"@type":"ListItem","position":1,"name":"Portada","item":"https:\/\/vamosporlaliberacion.org\/crpmlm\/"},{"@type":"ListItem","position":2,"name":"Ibrahim Traor\u00e9, el azote al imperialismo que incomoda al eje anglo-sionista."}]},{"@type":"WebSite","@id":"https:\/\/vamosporlaliberacion.org\/crpmlm\/#website","url":"https:\/\/vamosporlaliberacion.org\/crpmlm\/","name":"Vamos por la Liberaci\u00f3n","description":"Prensa CR","potentialAction":[{"@type":"SearchAction","target":{"@type":"EntryPoint","urlTemplate":"https:\/\/vamosporlaliberacion.org\/crpmlm\/?s={search_term_string}"},"query-input":{"@type":"PropertyValueSpecification","valueRequired":true,"valueName":"search_term_string"}}],"inLanguage":"es"},{"@type":"Person","@id":"https:\/\/vamosporlaliberacion.org\/crpmlm\/#\/schema\/person\/ebdbd4bf0e9418b9f0c0a93395366b2f","name":"Prensa Vamos","sameAs":["http:\/\/vamposporlaliberacion.org"],"url":"https:\/\/vamosporlaliberacion.org\/crpmlm\/author\/editor\/"}]}},"jetpack_featured_media_url":"https:\/\/i0.wp.com\/vamosporlaliberacion.org\/crpmlm\/wp-content\/uploads\/2025\/11\/Ibrahim_Traore-portada.jpg?fit=700%2C393&ssl=1","jetpack_sharing_enabled":true,"_links":{"self":[{"href":"https:\/\/vamosporlaliberacion.org\/crpmlm\/wp-json\/wp\/v2\/posts\/28723","targetHints":{"allow":["GET"]}}],"collection":[{"href":"https:\/\/vamosporlaliberacion.org\/crpmlm\/wp-json\/wp\/v2\/posts"}],"about":[{"href":"https:\/\/vamosporlaliberacion.org\/crpmlm\/wp-json\/wp\/v2\/types\/post"}],"author":[{"embeddable":true,"href":"https:\/\/vamosporlaliberacion.org\/crpmlm\/wp-json\/wp\/v2\/users\/9"}],"replies":[{"embeddable":true,"href":"https:\/\/vamosporlaliberacion.org\/crpmlm\/wp-json\/wp\/v2\/comments?post=28723"}],"version-history":[{"count":1,"href":"https:\/\/vamosporlaliberacion.org\/crpmlm\/wp-json\/wp\/v2\/posts\/28723\/revisions"}],"predecessor-version":[{"id":28725,"href":"https:\/\/vamosporlaliberacion.org\/crpmlm\/wp-json\/wp\/v2\/posts\/28723\/revisions\/28725"}],"wp:featuredmedia":[{"embeddable":true,"href":"https:\/\/vamosporlaliberacion.org\/crpmlm\/wp-json\/wp\/v2\/media\/28724"}],"wp:attachment":[{"href":"https:\/\/vamosporlaliberacion.org\/crpmlm\/wp-json\/wp\/v2\/media?parent=28723"}],"wp:term":[{"taxonomy":"category","embeddable":true,"href":"https:\/\/vamosporlaliberacion.org\/crpmlm\/wp-json\/wp\/v2\/categories?post=28723"},{"taxonomy":"post_tag","embeddable":true,"href":"https:\/\/vamosporlaliberacion.org\/crpmlm\/wp-json\/wp\/v2\/tags?post=28723"}],"curies":[{"name":"wp","href":"https:\/\/api.w.org\/{rel}","templated":true}]}}